{"id":6034,"date":"2025-10-20T12:03:57","date_gmt":"2025-10-20T11:03:57","guid":{"rendered":"https:\/\/madeiralovers.com\/praia-ponta-sol-plage-madere\/"},"modified":"2026-03-26T16:24:05","modified_gmt":"2026-03-26T15:24:05","slug":"praia-ponta-sol-strand-madeira","status":"publish","type":"post","link":"https:\/\/madeiralovers.com\/sv\/praia-ponta-sol-strand-madeira\/","title":{"rendered":"Praia da Ponta do Sol (Madeira): tips + foton"},"content":{"rendered":"\n<p>Letar du efter en \u00e4kta <strong>klapperstensstrand<\/strong> p\u00e5 <strong>Madeiras<\/strong> sydkust? <strong>Praia da Ponta do Sol<\/strong> erbjuder en spektakul\u00e4r bakgrund av <strong>branta klippor<\/strong> och <strong>turkost vatten<\/strong>. Vi blev \u00f6vertygade av denna anlagda strand, som kombinerar naturlig charm med praktiska faciliteter f\u00f6r badande.<\/p>\n\n<p>I den h\u00e4r artikeln hittar du <strong>v\u00e5ra bilder och r\u00e5d <\/strong>om hur du f\u00e5r ut det mesta av din semester vid vattnet.<\/p>\n\n<figure class=\"wp-block-image size-full\"><img decoding=\"async\" src=\"https:\/\/madeiralovers.com\/wp-content\/uploads\/2025\/10\/praia-ponta-sol-strand-madeira-da-nl-de-se-3.jpg\" alt=\"praia ponta sol strand madera\" class=\"wp-image-6024\"\/><\/figure>\n\n<p>Detta \u00e4r en helt <strong>oberoende<\/strong> \u00e5sikt, baserad p\u00e5 v\u00e5r egen erfarenhet. Vi gjorde v\u00e5ra egna val, bes\u00f6kte regionen anonymt och betalade v\u00e5ra r\u00e4kningar till fullo.<\/p>\n\n<h2 class=\"wp-block-heading\">\u00c4r Praia da Ponta do Sol v\u00e4rt besv\u00e4ret?<\/h2>\n\n<p>Ja, det \u00e4r en vacker strand som \u00e4r v\u00e4l v\u00e4rd ett bes\u00f6k. Denna klapperstensstrand \u00f6vertygade oss med sin imponerande natur, inramad av branta klippor som skapar en sl\u00e5ende bakgrund. Vi gillade s\u00e4rskilt v\u00e5gbrytaren som bryter v\u00e5gorna och g\u00f6r det s\u00e4krare att simma i det genomskinliga vattnet. Praktiska anordningar som tr\u00e4plattformar och en plankg\u00e5ng g\u00f6r den h\u00e4r Madeirastranden unik och l\u00e4ttillg\u00e4nglig.<\/p>\n\n<figure class=\"wp-block-image size-large\"><img decoding=\"async\" src=\"https:\/\/photos.smugmug.com\/Madeira-Lovers\/Ponta-do-Sol\/Beach\/i-KJnQDWs\/0\/MZvBxkGvxLZm2btSs3WGLBXRH6JKFXKzbGF8rnRjn\/L\/panoramic%20view%20Praia%20Ponta%20Sol%20madeira-L.jpg\" alt=\"Praia da Ponta do Sol - &#xE4;r det v&#xE4;rt det?\"\/><\/figure>\n\n<div style=\"background-color:#f4fae2;margin-top:8%;margin-bottom:8%\" class=\"wp-block-genesis-blocks-gb-container box gb-block-container\"><div class=\"gb-container-inside\"><div class=\"gb-container-content\" style=\"max-width:700px\">\n<div class=\"wp-block-genesis-blocks-gb-container box_titre gb-block-container\"><div class=\"gb-container-inside\"><div class=\"gb-container-content\">\n<h5 class=\"titre_box\" style=\"padding-top:10px;\">VART DU KAN BO P\u00c5 <span class=\"titre_box_manuscrit\">Madeira<\/span><\/h5>\n<\/div><\/div><\/div>\n\n\n\n<div class=\"wp-block-columns box_sans_border is-layout-flex wp-container-core-columns-is-layout-9d6595d7 wp-block-columns-is-layout-flex\">\n<div class=\"wp-block-column texte_planif is-layout-flow wp-block-column-is-layout-flow\" style=\"font-size:14px;flex-basis:60%\">\n<p class=\"option_titre2\">V\u00e5ra oberoende urval hj\u00e4lper dig att hitta ditt <strong>dr\u00f6mboende<\/strong>:<\/p>\n\n\n\n<ul class=\"wp-block-list\">\n<li><a href=\"https:\/\/madeiralovers.com\/sv\/var-ska-bo-madeira-basta-omradena\/\" target=\"_blank\" rel=\"noreferrer noopener\">Var man kan bo p\u00e5 Madeira<\/a><\/li>\n<\/ul>\n\n\n\n<ul class=\"wp-block-list\">\n<li><a href=\"https:\/\/madeiralovers.com\/sv\/basta-5-stjarniga-hotellen-funchal-madeira-lyx-recensioner\/\" target=\"_blank\" rel=\"noreferrer noopener\">B\u00e4sta 5-stj\u00e4rniga hotellen<\/a><\/li>\n\n\n\n<li><a href=\"https:\/\/madeiralovers.com\/sv\/basta-boutique-hotels-funchal-madeira-charm\/\">B\u00e4sta boutiquehotellen<\/a><\/li>\n\n\n\n<li><a href=\"https:\/\/madeiralovers.com\/sv\/basta-hotellen-gamla-stad-funchal-recensioner\/\" target=\"_blank\" rel=\"noreferrer noopener\">B\u00e4sta hotellen i Funchals gamla stadsk\u00e4rna<\/a><\/li>\n\n\n\n<li><a href=\"https:\/\/madeiralovers.com\/sv\/basta-hotell-endast-vuxna-funchal-madeira\/\" target=\"_blank\" rel=\"noreferrer noopener\">B\u00e4sta hotell endast f\u00f6r vuxna<\/a><\/li>\n\n\n\n<li><a href=\"https:\/\/madeiralovers.com\/sv\/basta-familjehotellen-madeira-barnen-recensioner\/\" target=\"_blank\" rel=\"noreferrer noopener\">B\u00e4sta hotellen f\u00f6r familjer<\/a><\/li>\n\n\n\n<li><a href=\"https:\/\/madeiralovers.com\/sv\/basta-all-inclusive-hotell-madeira\/\" target=\"_blank\" rel=\"noreferrer noopener\">B\u00e4sta all inclusive-hotell<\/a><\/li>\n\n\n\n<li><a href=\"https:\/\/madeiralovers.com\/sv\/basta-romantiska-hotellen-funchal-madeira-alskande\/\" target=\"_blank\" rel=\"noreferrer noopener\">B\u00e4sta romantiska hotellen<\/a><\/li>\n<\/ul>\n<\/div>\n\n\n\n<div class=\"wp-block-column is-vertically-aligned-top planif-radius is-layout-flow wp-block-column-is-layout-flow\" style=\"flex-basis:40%\">\n<figure class=\"wp-block-image size-large img-portrait\"><img decoding=\"async\" src=\"https:\/\/photos.smugmug.com\/Travel\/Madeira\/Accommodation\/i-TtZHSRZ\/1\/7f80cf7d\/L\/Arco_da_Calheta_hotel_Madeira-8896-L.jpg\" alt=\"Hotell Engenho Velho\" title=\"\"\/><\/figure>\n<\/div>\n<\/div>\n<\/div><\/div><\/div>\n\n<h2 class=\"wp-block-heading\">Typ av strand<\/h2>\n\n<h3 class=\"wp-block-heading\">Sand eller ingen sand?<\/h3>\n\n<p>Strandens golv best\u00e5r av sm\u00e5sten. Du kommer inte att hitta n\u00e5gon fin sand. F\u00f6r att g\u00f6ra det l\u00e4ttare f\u00f6r dig att ta dig runt korsar en tr\u00e4v\u00e4g stranden. Det finns ocks\u00e5 tr\u00e4plattformar d\u00e4r du kan l\u00e4gga ut dina handdukar och g\u00f6ra det bekv\u00e4mt f\u00f6r dig. Vi rekommenderar att du tar med vattenskor f\u00f6r att g\u00e5 p\u00e5 stenarna och komma ner i vattnet.<\/p>\n\n<figure class=\"wp-block-image size-large\"><img decoding=\"async\" src=\"https:\/\/photos.smugmug.com\/Madeira-Lovers\/Ponta-do-Sol\/Beach\/i-ffdQDRL\/0\/MjHX7kdPZCPhF2LnMZfjBvcvpWRPwfDZ78Vg8V2MZ\/L\/rocks%20Praia%20Ponta%20Sol%20madeira-L.jpg\" alt=\"Praia da Ponta do Sol - sand eller ingen sand\"\/><\/figure>\n\n<h3 class=\"wp-block-heading\">Simf\u00f6rh\u00e5llanden och tillsyn<\/h3>\n\n<p>F\u00f6rekomsten av en v\u00e5gbrytare som bryter v\u00e5gorna g\u00f6r att badplatsen \u00e4r lugnare. Lutningen \u00e4r gradvis n\u00e4r man kommer ut i vattnet, men vi uppt\u00e4ckte att djupet \u00f6kar snabbt. Det klara turkosa vattnet \u00e4r perfekt f\u00f6r simning. Vi r\u00e5der dig att h\u00e5lla ett \u00f6ga p\u00e5 det \u00f6kande djupet. Stranden \u00e4r tydligen \u00f6vervakad under h\u00f6gs\u00e4song.<\/p>\n\n<figure class=\"wp-block-image size-large\"><img decoding=\"async\" src=\"https:\/\/photos.smugmug.com\/Madeira-Lovers\/Ponta-do-Sol\/Beach\/i-RQNG5Qp\/0\/Mwps8WMfKKWchbrtj9HPw9jvh65H3jMst2GS5rkv8\/L\/clear%20water%20Praia%20Ponta%20Sol%20madeira-L.jpg\" alt=\"Praia da Ponta do Sol - badf&#xF6;rh&#xE5;llanden och &#xF6;vervakning\"\/><\/figure>\n\n<h3 class=\"wp-block-heading\">Faciliteter<\/h3>\n\n<p>Vi hittade offentliga toaletter vid stranden. P\u00e5 stranden finns ocks\u00e5 ett caf\u00e9 och en snackbar. \u00c5tervinningsk\u00e4rl installeras f\u00f6r att h\u00e5lla platsen ren. Ett antal parasoller finns tillg\u00e4ngliga, liksom tr\u00e4plattformar f\u00f6r att kompensera f\u00f6r bristen p\u00e5 sand och g\u00f6ra installationen enklare. En volleybollplan kompletterar fritidsanl\u00e4ggningarna. Observera att denna strand inte \u00e4r idealisk f\u00f6r solbad p\u00e5 grund av sin steniga sammans\u00e4ttning.<\/p>\n\n<figure class=\"wp-block-image size-large\"><img decoding=\"async\" src=\"https:\/\/photos.smugmug.com\/Madeira-Lovers\/Ponta-do-Sol\/Beach\/i-DgpdBPS\/0\/LLzXhwtp2HMQmwS8KqjtFgjXx43BMqLncJNJBbHH5\/L\/sunbeds%20Praia%20Ponta%20Sol%20madeira-L.jpg\" alt=\"Praia da Ponta do Sol - anl&#xE4;ggningar\"\/><\/figure>\n\n<h2 class=\"wp-block-heading\">Praia da Ponta do Sol p\u00e5 Madeira: tilltr\u00e4de<\/h2>\n\n<h3 class=\"wp-block-heading\">Var ligger stranden?<\/h3>\n\n<ul class=\"wp-block-list\">\n<li>P\u00e5 \u00f6n Madeira<\/li>\n\n\n\n<li>P\u00e5 \u00f6ns sydkust<\/li>\n\n\n\n<li>I kommunen <a href=\"https:\/\/madeiralovers.com\/sv\/sevardheter-ponta-do-sol-att-gora\/\" target=\"_blank\" rel=\"noreferrer noopener\">Ponta do Sol<\/a><\/li>\n<\/ul>\n\n<figure class=\"wp-block-image size-large\"><img decoding=\"async\" src=\"https:\/\/madeiralovers.com\/wp-content\/uploads\/2024\/04\/karta-Ponta-do-Sol-Madeira-1024x683.png\" alt=\"Ponta do Sol Madeira karta\" class=\"wp-image-1344\"\/><figcaption class=\"wp-element-caption\">Madeira-karta som visar Ponta do Sol<\/figcaption><\/figure>\n\n<div style=\"margin-top:8%;margin-bottom:8%\" class=\"wp-block-genesis-blocks-gb-container box gb-block-container\"><div class=\"gb-container-inside\"><div class=\"gb-container-content\">\n<div class=\"wp-block-columns inverse is-layout-flex wp-container-core-columns-is-layout-9d6595d7 wp-block-columns-is-layout-flex\">\n<div class=\"wp-block-column texte_planif is-layout-flow wp-block-column-is-layout-flow\" style=\"flex-basis:58%\">\n<h5 class=\"titre_box\">V\u00c5R FAVORITAKTIVITET p\u00e5 <span class=\"titre_box_manuscrit\">Madeira<\/span><\/h5>\n\n\n\n<p style=\"font-size:14px\">Katamarantur f\u00f6r att se delfiner och Madeiras j\u00e4tteklippor.<\/p>\n\n\n\n<p style=\"font-size:14px\"><a href=\"https:\/\/www.getyourguide.se\/s?q=Funchal+dauphins+catamaran&amp;searchSource=8&amp;partner_id=R3GYW4V&amp;cmp=madeira\" target=\"_blank\" rel=\"noreferrer noopener sponsored nofollow\">Se program och tillg\u00e4nglighet &#8211; och boka!<\/a><\/p>\n<\/div>\n\n\n\n<div class=\"wp-block-column ville-radius is-layout-flow wp-block-column-is-layout-flow\" style=\"flex-basis:42%\">\n<figure class=\"wp-block-image size-large is-resized img-portrait\"><img decoding=\"async\" src=\"https:\/\/photos.smugmug.com\/Travel\/Madeira\/9c-Dolphins\/i-whpFzdc\/1\/2fa5ccf1\/L\/dolphin_cruise_boat_Tour_Madeira-7204502-L.jpg\" alt=\"\" style=\"width:319px;height:303px\" title=\"\"\/><\/figure>\n<\/div>\n<\/div>\n<\/div><\/div><\/div>\n\n<h3 class=\"wp-block-heading\">Tillfart med bil och parkering<\/h3>\n\n<p>F\u00f6r att komma till stranden med bil f\u00f6ljer du kustv\u00e4gen till Ponta do Sol. Stranden ligger i hj\u00e4rtat av byn l\u00e4ngs v\u00e4g ER101. Det finns parkering direkt vid stranden, men den \u00e4r begr\u00e4nsad. V\u00e4lj i st\u00e4llet parkeringen Ponta do Sol vid infarten till byn. Det \u00e4r 5 minuters promenad fr\u00e5n parkeringen till stranden.<\/p>\n\n<figure class=\"wp-block-image size-large\"><img decoding=\"async\" src=\"https:\/\/photos.smugmug.com\/Madeira-Lovers\/Ponta-do-Sol\/Beach\/i-TNW8BxM\/0\/LthHxswkGk9RqCj7fkWwhx8csh4WMpGVTkfwvqGvb\/L\/parking%20Praia%20Ponta%20Sol%20madeira-L.jpg\" alt=\"Praia da Ponta do Sol - tillfart med bil och parkering\"\/><\/figure>\n\n<h3 class=\"wp-block-heading\">Tillg\u00e4nglighet med kollektivtrafik<\/h3>\n\n<p>Ponta do Sol trafikeras av lokalbussar som f\u00f6rbinder de olika kommunerna p\u00e5 Madeira. Du kan ta dig till byn med kollektivtrafik fr\u00e5n Funchal och andra st\u00e4der p\u00e5 \u00f6n, men tidtabellerna \u00e4r ganska restriktiva. L\u00e4s mer om m\u00f6jliga rutter <a href=\"https:\/\/www.rodoeste.com.pt\/carreiras\" target=\"_blank\" rel=\"noreferrer noopener nofollow\">h\u00e4r.<\/a><\/p>\n\n<div style=\"background-color:#fefefe;margin-top:6%;margin-bottom:6%\" class=\"wp-block-genesis-blocks-gb-container box gb-block-container\"><div class=\"gb-container-inside\"><div class=\"gb-container-content\" style=\"max-width:700px\">\n<div class=\"wp-block-columns inverse is-layout-flex wp-container-core-columns-is-layout-9d6595d7 wp-block-columns-is-layout-flex\">\n<div class=\"wp-block-column texte_planif is-layout-flow wp-block-column-is-layout-flow\" style=\"flex-basis:58%\">\n<h5 class=\"titre_box\">V\u00c5R GUIDE TILL ATT PLANERA EN <span class=\"titre_box_manuscrit\">Dr\u00f6mresa<\/span><\/h5>\n\n\n\n<ul class=\"wp-block-list\">\n<li>7 kartor som underl\u00e4ttar planeringen<\/li>\n\n\n\n<li>+ 120 utvalda m\u00f6tesplatser  <\/li>\n\n\n\n<li>Praktiska r\u00e5d  <\/li>\n\n\n\n<li>+ 260 foton som hj\u00e4lper dig att v\u00e4lja<\/li>\n<\/ul>\n\n\n\n<div class=\"wp-block-buttons is-layout-flex wp-block-buttons-is-layout-flex\">\n<div class=\"wp-block-button\"><a class=\"wp-block-button__link has-theme-primary-background-color has-background wp-element-button\" href=\"https:\/\/madeiralovers.com\/sv\/ebook-reseguide-madeira\/\">Ta reda p\u00e5 mer &gt;&gt;<\/a><\/div>\n<\/div>\n<\/div>\n\n\n\n<div class=\"wp-block-column is-layout-flow wp-block-column-is-layout-flow\" style=\"flex-basis:42%\">\n<div class=\"wp-block-genesis-blocks-gb-container ebook-radius-waitlist gb-block-container\"><div class=\"gb-container-inside\"><div class=\"gb-container-content\"><div class=\"wp-block-image ebook-image\">\n<figure class=\"aligncenter size-full\"><img decoding=\"async\" src=\"https:\/\/madeiralovers.com\/wp-content\/uploads\/2024\/06\/Med-Madeira-Travel-Guide-ebook-cover-6.jpg\" alt=\"guide-resa-Madere-bok-omslag-medium\" class=\"wp-image-2412\"\/><\/figure>\n<\/div><\/div><\/div><\/div>\n<\/div>\n<\/div>\n<\/div><\/div><\/div>\n\n<h2 class=\"wp-block-heading\">Specialfunktioner<\/h2>\n\n<h3 class=\"wp-block-heading\">Hund<\/h3>\n\n<p>Vi har sett att hundar inte \u00e4r till\u00e5tna p\u00e5 stranden.<\/p>\n\n<h3 class=\"wp-block-heading\">Begr\u00e4nsad r\u00f6rlighet<\/h3>\n\n<p>Tr\u00e4sp\u00e5ngen g\u00f6r det enkelt att ta sig runt p\u00e5 stranden. Det \u00e4r dock inte tillr\u00e4ckligt f\u00f6r att ge rullstolsburna tillg\u00e5ng till bass\u00e4ngen. Dessutom \u00e4r det h\u00e4r en stenstrand, vilket g\u00f6r den sv\u00e5rtillg\u00e4nglig.<\/p>\n\n<figure class=\"wp-block-image size-large\"><img decoding=\"async\" src=\"https:\/\/photos.smugmug.com\/Madeira-Lovers\/Ponta-do-Sol\/Beach\/i-XZVmjDH\/0\/MvBr6zRhtczmNKM8PKSBVHQGQJ6jRnsQ4kVpDt6Vs\/L\/wood%20path%20Praia%20Ponta%20Sol%20madeira-L.jpg\" alt=\"Praia da Ponta do Sol - tillg&#xE5;ng f&#xF6;r funktionshindrade\"\/><\/figure>\n\n<h3 class=\"wp-block-heading\">Med barn<\/h3>\n\n<p>Stranden \u00e4r idealisk f\u00f6r familjer, s\u00e4rskilt tack vare strandmuren som g\u00f6r badplatsen s\u00e4ker. Vi vill dock g\u00f6ra er uppm\u00e4rksamma p\u00e5 att djupet \u00f6kar snabbt n\u00e4r man s\u00e5 sm\u00e5ningom kommer ut i vattnet. Volleybollplanen kan vara en rolig aktivitet f\u00f6r \u00e4ldre barn. Sm\u00e5stenarna g\u00f6r stranden mindre bekv\u00e4m f\u00f6r sm\u00e5barn, men tr\u00e4plattformarna kompenserar f\u00f6r detta.<\/p>\n\n<figure class=\"wp-block-image size-large\"><img decoding=\"async\" src=\"https:\/\/photos.smugmug.com\/Madeira-Lovers\/Ponta-do-Sol\/Beach\/i-vCh5XbG\/0\/L4xCs5rM7sQQ8R3VrScjdq6H8ZRfkRhpQ2xV95Gdh\/L\/volleyball%20Praia%20Ponta%20Sol%20madeira-L.jpg\" alt=\"Praia da Ponta do Sol - med barn\"\/><\/figure>\n\n<h3 class=\"wp-block-heading\">Naturism<\/h3>\n\n<p>Det \u00e4r inte m\u00f6jligt att ut\u00f6va naturism p\u00e5 denna strand.<\/p>\n\n<h3 class=\"wp-block-heading\">\u00c4ta ute<\/h3>\n\n<p>Det finns en snackbar direkt p\u00e5 stranden, s\u00e5 du kan ta en bit mat utan att l\u00e4mna omr\u00e5det. Dessutom ligger restauranger l\u00e4ngs v\u00e4gen med utsikt \u00f6ver stranden och erbjuder hisnande utsikt \u00f6ver havet. Det upph\u00f6jda l\u00e4get g\u00f6r att du kan njuta av panoramautsikten samtidigt som du smakar p\u00e5 det lokala k\u00f6ket.<\/p>\n\n<figure class=\"wp-block-image size-large\"><img decoding=\"async\" src=\"https:\/\/photos.smugmug.com\/Madeira-Lovers\/Ponta-do-Sol\/Beach\/i-KxS3QMg\/0\/LkL4LzDL7mBRtBkDkZzBJxD8qxM6GzCzM6VPb2rq9\/L\/panoramic%20restaurant%20Praia%20Ponta%20Sol%20madeira-L.jpg\" alt=\"Praia da Ponta do Sol - &#xE4;ta ute\"\/><\/figure>\n\n<h3 class=\"wp-block-heading\">Hotell<\/h3>\n\n<p>Trots att byn \u00e4r ganska liten finns det 3 exceptionella hotell h\u00e4r:<\/p>\n\n<ul class=\"wp-block-list\">\n<li><strong>Hotell 1905 Zino&#8217;s Palace<\/strong>: Detta charmiga hotell ligger p\u00e5 h\u00f6jderna i Punta do Sol och har utsikt \u00f6ver kustlinjen. <strong><a href=\"https:\/\/www.booking.com\/hotel\/pt\/1905-zino-39-s-palace.html?aid=2410700\" target=\"_blank\" rel=\"noreferrer noopener sponsored nofollow\">&#8211; se bilder, priser, tillg\u00e4nglighet.<\/a><\/strong><\/li>\n\n\n\n<li><strong>Hotel Estalagem de Ponta do Sol<\/strong>: denna renoverade gamla quinta, som ligger inb\u00e4ddad i lummiga tr\u00e4dg\u00e5rdar, kombinerar perfekt traditionell charm med ren modern design.<strong> <a href=\"https:\/\/www.booking.com\/hotel\/pt\/estalagem-da-ponta-do-sol.html?aid=2410700\" target=\"_blank\" rel=\"noreferrer noopener sponsored nofollow\">&#8211; se bilder, priser, tillg\u00e4nglighet.<\/a><\/strong><\/li>\n\n\n\n<li><strong>Hotel Enotel Sunset Bay<\/strong>: med sin r\u00f6da och gula fasad \u00e4r det idealiskt bel\u00e4get vid strandpromenaden direkt mittemot stranden. <strong><a href=\"https:\/\/www.booking.com\/hotel\/pt\/enotel-baia-do-sol.html?aid=2410700\" target=\"_blank\" rel=\"noreferrer noopener sponsored nofollow\"> se bilder, priser, tillg\u00e4nglighet.<\/a><\/strong><\/li>\n<\/ul>\n\n<p>L\u00e4s <a href=\"https:\/\/madeiralovers.com\/sv\/var-kan-bo-ponta-do-sol-madeira-basta-hotellen\/\" target=\"_blank\" rel=\"noreferrer noopener\">v\u00e5r fullst\u00e4ndiga recension av de b\u00e4sta hotellen i Ponta do Sol h\u00e4r!<\/a><\/p>\n\n<figure class=\"wp-block-image size-large\"><img decoding=\"async\" src=\"https:\/\/photos.smugmug.com\/Madeira-Lovers\/Ponta-do-Sol\/Hotel-Zino-Palace\/i-vwvW8Wg\/0\/L2tPLrDc9gGh7ppFjMn4VfzXWDgdgR9ZrR6zWsrpN\/L\/Hotel-zino-palace-L.jpg\" alt=\"Praia da Ponta do Sol - hotell\"\/><figcaption class=\"wp-element-caption\"><strong>Hotell 1905 Zino&#8217;s Palace<\/strong><\/figcaption><\/figure>\n\n<div style=\"margin-top:8%;margin-bottom:8%\" class=\"wp-block-genesis-blocks-gb-container box gb-block-container\"><div class=\"gb-container-inside\"><div class=\"gb-container-content\" style=\"max-width:700px\">\n<div class=\"wp-block-genesis-blocks-gb-container box_titre gb-block-container\"><div class=\"gb-container-inside\"><div class=\"gb-container-content\">\n<h5 class=\"titre_box\">PLANERA DIN VISTELSE P\u00c5 <span class=\"titre_box_manuscrit\">Madeira<\/span><\/h5>\n<\/div><\/div><\/div>\n\n\n\n<hr class=\"wp-block-separator has-text-color has-alpha-channel-opacity has-background is-style-wide hr-box-planif\" style=\"background-color:#ccd3dd;color:#ccd3dd\"\/>\n\n\n\n<div class=\"wp-block-columns box_sans_border is-layout-flex wp-container-core-columns-is-layout-9d6595d7 wp-block-columns-is-layout-flex\">\n<div class=\"wp-block-column texte_planif is-layout-flow wp-block-column-is-layout-flow\" style=\"font-size:14px;flex-basis:60%\">\n<p class=\"option_titre2\"><strong>B\u00e4st av<\/strong><\/p>\n\n\n\n<p style=\"font-size:16px\"><a href=\"https:\/\/madeiralovers.com\/sv\/sevardheter-madeira-att-gora\/\">Sev\u00e4rdheter p\u00e5 Madeira<\/a><br\/><a href=\"https:\/\/madeiralovers.com\/sv\/vackraste-utsiktsplatse-madeira-miradouros\/\" target=\"_blank\" rel=\"noreferrer noopener\">De vackraste utsiktsplatserna<\/a><br\/><a href=\"https:\/\/madeiralovers.com\/sv\/basta-stranderna-madeira\/\" target=\"_blank\" rel=\"noreferrer noopener\">Madeiras vackraste str\u00e4nder<\/a><br\/><a href=\"https:\/\/madeiralovers.com\/sv\/basta-tradgardar-madeira\/\" target=\"_blank\" rel=\"noreferrer noopener\">De vackraste tr\u00e4dg\u00e5rdarna<\/a><br\/><a href=\"https:\/\/madeiralovers.com\/sv\/naturliga-pooler-madeira\/\" target=\"_blank\" rel=\"noreferrer noopener\">Naturliga bass\u00e4nger<\/a><br\/><a href=\"https:\/\/madeiralovers.com\/sv\/basta-vandringarna-madeira\/\" target=\"_blank\" rel=\"noreferrer noopener\">De b\u00e4sta promenaderna<\/a><br\/><a href=\"https:\/\/madeiralovers.com\/sv\/vackraste-vagarna-madeira\/\" target=\"_blank\" rel=\"noreferrer noopener\">De vackraste v\u00e4garna<\/a><br\/><a href=\"https:\/\/madeiralovers.com\/sv\/madeira-gomda-parlor-hemliga-platser\/\" target=\"_blank\" rel=\"noreferrer noopener\">Hemliga platser<\/a><\/p>\n<\/div>\n\n\n\n<div class=\"wp-block-column is-vertically-aligned-top planif-radius is-layout-flow wp-block-column-is-layout-flow\" style=\"flex-basis:40%\">\n<figure class=\"wp-block-image size-large img-portrait\"><img decoding=\"async\" src=\"https:\/\/photos.smugmug.com\/Travel\/Madeira\/13d-Rocha-do-Navio\/i-T3f6J48\/2\/d3DHMbHtwPMz7Tj9qDPmRxGpbxx5RBRCr4LrPp2c\/S\/Roacha_do_Navio_cable_car_Madeira-7241164-S.jpg\" alt=\"Navia Rock\" title=\"\"\/><\/figure>\n<\/div>\n<\/div>\n\n\n\n<hr class=\"wp-block-separator has-text-color has-alpha-channel-opacity has-background is-style-wide hr-box-planif\" style=\"background-color:#ccd3dd;color:#ccd3dd\"\/>\n\n\n\n<div class=\"wp-block-columns box_sans_border is-layout-flex wp-container-core-columns-is-layout-9d6595d7 wp-block-columns-is-layout-flex\">\n<div class=\"wp-block-column texte_planif is-layout-flow wp-block-column-is-layout-flow\" style=\"font-size:14px;flex-basis:60%\">\n<p class=\"option_titre\"><strong>Praktiska r\u00e5d<\/strong><\/p>\n\n\n\n<p style=\"font-size:16px\"><a href=\"https:\/\/madeiralovers.com\/sv\/ta-sig-runt-madeira-transport\/\" target=\"_blank\" rel=\"noreferrer noopener\">Resa runt p\u00e5 Madeira<\/a><br\/><a href=\"https:\/\/madeiralovers.com\/sv\/hur-hyr-bil-madeira-tips-erfarenhet\/\" target=\"_blank\" rel=\"noreferrer noopener\">Hyr en bil p\u00e5 Madeira<\/a><br\/><a href=\"https:\/\/madeiralovers.com\/sv\/korning-madeira-tips\/\" target=\"_blank\" rel=\"noreferrer noopener\">K\u00f6rning p\u00e5 Madeira<\/a><\/p>\n\n\n\n<p style=\"font-size:16px\"><a href=\"https:\/\/madeiralovers.com\/sv\/var-ska-bo-madeira-basta-omradena\/\" target=\"_blank\" rel=\"noreferrer noopener\">Var man kan bo p\u00e5 Madeira<\/a><\/p>\n\n\n\n<p style=\"font-size:16px\">Resplaner: 3 dagar &#8211; 4 <a href=\"https:\/\/madeiralovers.com\/sv\/besok-madeira-5-dagar-resvagar\/\" target=\"_blank\" rel=\"noreferrer noopener\">dagar<\/a> &#8211; <a href=\"https:\/\/madeiralovers.com\/sv\/besok-madeira-5-dagar-resvagar\/\" target=\"_blank\" rel=\"noreferrer noopener\">5 dagar<\/a> &#8211; <a href=\"https:\/\/madeiralovers.com\/sv\/besok-madeira-6-dagar-resvagar\/\" target=\"_blank\" rel=\"noreferrer noopener\">6 dagar<\/a> &#8211; <a href=\"https:\/\/madeiralovers.com\/sv\/besok-madeira-en-vecka-resvagar\/\" target=\"_blank\" rel=\"noreferrer noopener\">7 dagar<\/a> &#8211; <a href=\"https:\/\/madeiralovers.com\/sv\/besok-madeira-10-dagar-resvagar\/\" target=\"_blank\" rel=\"noreferrer noopener\">10<\/a> <a href=\"https:\/\/madeiralovers.com\/sv\/besok-madeira-en-vecka-resvagar\/\" target=\"_blank\" rel=\"noreferrer noopener\">dagar<\/a> <\/p>\n<\/div>\n\n\n\n<div class=\"wp-block-column is-vertically-aligned-top planif-radius is-layout-flow wp-block-column-is-layout-flow\" style=\"flex-basis:40%\">\n<figure class=\"wp-block-image size-large img-portrait\"><img decoding=\"async\" src=\"https:\/\/photos.smugmug.com\/Travel\/Madeira\/Driving\/i-xNmkb72\/2\/DF578h2B7Q6RbR84FZXN5v8D7vg6nLZ9dzBdrJ2rZ\/S\/driving_Madeira-7241434-S.jpg\" alt=\"K&#xF6;rning p&#xE5; Madeira\" title=\"\"\/><\/figure>\n<\/div>\n<\/div>\n\n\n\n<hr class=\"wp-block-separator has-text-color has-alpha-channel-opacity has-background is-style-wide hr-box-planif\" style=\"background-color:#ccd3dd;color:#ccd3dd\"\/>\n\n\n\n<div class=\"wp-block-columns box_sans_border is-layout-flex wp-container-core-columns-is-layout-9d6595d7 wp-block-columns-is-layout-flex\">\n<div class=\"wp-block-column texte_planif is-layout-flow wp-block-column-is-layout-flow\" style=\"font-size:14px;flex-basis:60%\">\n<p class=\"option_titre\"><strong>Platser du inte f\u00e5r missa<\/strong><\/p>\n\n\n\n<p style=\"font-size:16px\"><a href=\"https:\/\/madeiralovers.com\/sv\/delfinspotting-madeira-baleiner-utflykter\/\" target=\"_blank\" rel=\"noreferrer noopener\">Delfinsk\u00e5dning<\/a><br\/><a href=\"https:\/\/madeiralovers.com\/sv\/sevardheter-funchal-att-gora\/\" target=\"_blank\" rel=\"noreferrer noopener\">Sev\u00e4rdheter i Funchal<\/a><br\/><a href=\"https:\/\/madeiralovers.com\/sv\/sevardheter-camara-de-lobos-madeira-att-gora\/\" target=\"_blank\" rel=\"noreferrer noopener\">Camara de Lobos<\/a><br\/><a href=\"https:\/\/madeiralovers.com\/sv\/sevardheter-ponta-do-sol-att-gora\/\" target=\"_blank\" rel=\"noreferrer noopener\">Ponta do Sol<\/a><br\/><a href=\"https:\/\/madeiralovers.com\/sv\/sevardheter-santana-madeira-att-gora\/\">Santana<\/a><br\/><a href=\"https:\/\/madeiralovers.com\/sv\/sevardheter-pico-do-arieiro-madeira\/\" target=\"_blank\" rel=\"noreferrer noopener\">Pico do Arieiro<\/a><br\/><a href=\"https:\/\/madeiralovers.com\/sv\/sevardheter-porto-santo-att-gora\/\" target=\"_blank\" rel=\"noreferrer noopener\">Sev\u00e4rdheter i Porto Santo<\/a><\/p>\n<\/div>\n\n\n\n<div class=\"wp-block-column is-vertically-aligned-top planif-radius is-layout-flow wp-block-column-is-layout-flow\" style=\"flex-basis:40%\">\n<figure class=\"wp-block-image size-large img-portrait\"><img decoding=\"async\" src=\"https:\/\/photos.smugmug.com\/Travel\/Madeira\/6c-Camara-dos-Lobos\/i-zH7D8Tv\/2\/DpttrQSghWXj2DKMm3VHbFkhFMLsTFhS37sRFTxNz\/S\/camara_dos_Lobos_Madeira-7173015-S.jpg\" alt=\"Camara de Lobos\" title=\"\"\/><\/figure>\n<\/div>\n<\/div>\n<\/div><\/div><\/div>\n\n<div class=\"wp-block-genesis-blocks-gb-container box_auteur_voyage gb-block-container\"><div class=\"gb-container-inside\"><div class=\"gb-container-content\">\n<figure class=\"wp-block-image size-large img_auteur_voyage img_provisoire\"><a href=\"https:\/\/madeiralovers.com\/sv\/a-propos-delisa-grosset\/\" target=\"_blank\" rel=\"noreferrer noopener\"><img decoding=\"async\" src=\"https:\/\/photos.smugmug.com\/Region-Lovers\/Equipe\/i-QnrB7DM\/0\/CtpLjLrrwWXx6CCL4hJmRTCvZDXmHZ2Q4F5hGBmsq\/L\/Elisa-L.jpg\" alt=\"\"\/><\/a><\/figure>\n\n\n\n<h5 class=\"titre_auteur_voyage\"><span>HON GJORDE RESAN \n <\/span><span class=\"titre_box_manuscrit\">Elisa<\/span><\/h5>\n<\/div><\/div><\/div>\n","protected":false},"excerpt":{"rendered":"<p>Letar du efter en \u00e4kta klapperstensstrand p\u00e5 Madeiras sydkust? Praia da Ponta do Sol erbjuder en spektakul\u00e4r bakgrund av branta klippor och turkost vatten. Vi blev \u00f6vertygade av denna anlagda strand, som kombinerar naturlig charm med praktiska faciliteter f\u00f6r badande. I den h\u00e4r artikeln hittar du v\u00e5ra bilder och r\u00e5d om hur du f\u00e5r ut [&hellip;]<\/p>\n","protected":false},"author":8,"featured_media":6032,"comment_status":"closed","ping_status":"closed","sticky":false,"template":"","format":"standard","meta":{"_genesis_hide_title":false,"_genesis_hide_breadcrumbs":false,"_genesis_hide_singular_image":false,"_genesis_hide_footer_widgets":false,"_genesis_custom_body_class":"","_genesis_custom_post_class":"","_genesis_layout":"","footnotes":""},"categories":[119],"tags":[],"class_list":{"0":"post-6034","1":"post","2":"type-post","3":"status-publish","4":"format-standard","5":"has-post-thumbnail","7":"category-sydkusten","8":"entry"},"yoast_head":"<!-- This site is optimized with the Yoast SEO plugin v27.2 - https:\/\/yoast.com\/product\/yoast-seo-wordpress\/ -->\n<title>Praia da Ponta do Sol (Madeira): tips + foton<\/title>\n<meta name=\"description\" content=\"V\u00e5ra tips och bilder f\u00f6r att bes\u00f6ka Praia da Ponta do Sol p\u00e5 Madeira: tillg\u00e5ng, parkering, faciliteter, landskap...\" \/>\n<meta name=\"robots\" content=\"index, follow, max-snippet:-1, max-image-preview:large, max-video-preview:-1\" \/>\n<link rel=\"canonical\" href=\"https:\/\/madeiralovers.com\/sv\/praia-ponta-sol-strand-madeira\/\" \/>\n<meta property=\"og:locale\" content=\"sv_SE\" \/>\n<meta property=\"og:type\" content=\"article\" \/>\n<meta property=\"og:title\" content=\"Praia da Ponta do Sol (Madeira): tips + foton\" \/>\n<meta property=\"og:description\" content=\"V\u00e5ra tips och bilder f\u00f6r att bes\u00f6ka Praia da Ponta do Sol p\u00e5 Madeira: tillg\u00e5ng, parkering, faciliteter, landskap...\" \/>\n<meta property=\"og:url\" content=\"https:\/\/madeiralovers.com\/sv\/praia-ponta-sol-strand-madeira\/\" \/>\n<meta property=\"og:site_name\" content=\"Madeira Lovers\" \/>\n<meta property=\"article:published_time\" content=\"2025-10-20T11:03:57+00:00\" \/>\n<meta property=\"article:modified_time\" content=\"2026-03-26T15:24:05+00:00\" \/>\n<meta property=\"og:image\" content=\"https:\/\/madeiralovers.com\/wp-content\/uploads\/2025\/10\/praia-ponta-sol-strand-madeira-da-nl-de-se-3.jpg\" \/>\n\t<meta property=\"og:image:width\" content=\"800\" \/>\n\t<meta property=\"og:image:height\" content=\"600\" \/>\n\t<meta property=\"og:image:type\" content=\"image\/jpeg\" \/>\n<meta name=\"author\" content=\"Elisa\" \/>\n<meta name=\"twitter:card\" content=\"summary_large_image\" \/>\n<meta name=\"twitter:label1\" content=\"Skriven av\" \/>\n\t<meta name=\"twitter:data1\" content=\"Elisa\" \/>\n\t<meta name=\"twitter:label2\" content=\"Ber\u00e4knad l\u00e4stid\" \/>\n\t<meta name=\"twitter:data2\" content=\"4 minuter\" \/>\n<script type=\"application\/ld+json\" class=\"yoast-schema-graph\">{\"@context\":\"https:\/\/schema.org\",\"@graph\":[{\"@type\":\"Article\",\"@id\":\"https:\/\/madeiralovers.com\/sv\/praia-ponta-sol-strand-madeira\/#article\",\"isPartOf\":{\"@id\":\"https:\/\/madeiralovers.com\/sv\/praia-ponta-sol-strand-madeira\/\"},\"author\":{\"name\":\"Elisa\",\"@id\":\"https:\/\/madeiralovers.com\/sv\/#\/schema\/person\/d625cd95d3b219fb95267c26155d749b\"},\"headline\":\"Praia da Ponta do Sol (Madeira): tips + foton\",\"datePublished\":\"2025-10-20T11:03:57+00:00\",\"dateModified\":\"2026-03-26T15:24:05+00:00\",\"mainEntityOfPage\":{\"@id\":\"https:\/\/madeiralovers.com\/sv\/praia-ponta-sol-strand-madeira\/\"},\"wordCount\":856,\"publisher\":{\"@id\":\"https:\/\/madeiralovers.com\/sv\/#organization\"},\"image\":{\"@id\":\"https:\/\/madeiralovers.com\/sv\/praia-ponta-sol-strand-madeira\/#primaryimage\"},\"thumbnailUrl\":\"https:\/\/madeiralovers.com\/wp-content\/uploads\/2025\/10\/praia-ponta-sol-strand-madeira-da-nl-de-se-3.jpg\",\"articleSection\":[\"Sydkusten\"],\"inLanguage\":\"sv-SE\"},{\"@type\":\"WebPage\",\"@id\":\"https:\/\/madeiralovers.com\/sv\/praia-ponta-sol-strand-madeira\/\",\"url\":\"https:\/\/madeiralovers.com\/sv\/praia-ponta-sol-strand-madeira\/\",\"name\":\"Praia da Ponta do Sol (Madeira): tips + foton\",\"isPartOf\":{\"@id\":\"https:\/\/madeiralovers.com\/sv\/#website\"},\"primaryImageOfPage\":{\"@id\":\"https:\/\/madeiralovers.com\/sv\/praia-ponta-sol-strand-madeira\/#primaryimage\"},\"image\":{\"@id\":\"https:\/\/madeiralovers.com\/sv\/praia-ponta-sol-strand-madeira\/#primaryimage\"},\"thumbnailUrl\":\"https:\/\/madeiralovers.com\/wp-content\/uploads\/2025\/10\/praia-ponta-sol-strand-madeira-da-nl-de-se-3.jpg\",\"datePublished\":\"2025-10-20T11:03:57+00:00\",\"dateModified\":\"2026-03-26T15:24:05+00:00\",\"description\":\"V\u00e5ra tips och bilder f\u00f6r att bes\u00f6ka Praia da Ponta do Sol p\u00e5 Madeira: tillg\u00e5ng, parkering, faciliteter, landskap...\",\"breadcrumb\":{\"@id\":\"https:\/\/madeiralovers.com\/sv\/praia-ponta-sol-strand-madeira\/#breadcrumb\"},\"inLanguage\":\"sv-SE\",\"potentialAction\":[{\"@type\":\"ReadAction\",\"target\":[\"https:\/\/madeiralovers.com\/sv\/praia-ponta-sol-strand-madeira\/\"]}]},{\"@type\":\"ImageObject\",\"inLanguage\":\"sv-SE\",\"@id\":\"https:\/\/madeiralovers.com\/sv\/praia-ponta-sol-strand-madeira\/#primaryimage\",\"url\":\"https:\/\/madeiralovers.com\/wp-content\/uploads\/2025\/10\/praia-ponta-sol-strand-madeira-da-nl-de-se-3.jpg\",\"contentUrl\":\"https:\/\/madeiralovers.com\/wp-content\/uploads\/2025\/10\/praia-ponta-sol-strand-madeira-da-nl-de-se-3.jpg\",\"width\":800,\"height\":600,\"caption\":\"praia ponta sol strand madeira\"},{\"@type\":\"BreadcrumbList\",\"@id\":\"https:\/\/madeiralovers.com\/sv\/praia-ponta-sol-strand-madeira\/#breadcrumb\",\"itemListElement\":[{\"@type\":\"ListItem\",\"position\":1,\"name\":\"Accueil\",\"item\":\"https:\/\/madeiralovers.com\/sv\/\"},{\"@type\":\"ListItem\",\"position\":2,\"name\":\"Sydkusten\",\"item\":\"https:\/\/madeiralovers.com\/sv\/sydkusten\/\"},{\"@type\":\"ListItem\",\"position\":3,\"name\":\"Praia da Ponta do Sol (Madeira): tips + foton\"}]},{\"@type\":\"WebSite\",\"@id\":\"https:\/\/madeiralovers.com\/sv\/#website\",\"url\":\"https:\/\/madeiralovers.com\/sv\/\",\"name\":\"Madeira Lovers\",\"description\":\"Pour r\u00e9veiller vos sens \u00e0 Mad\u00e8re\",\"publisher\":{\"@id\":\"https:\/\/madeiralovers.com\/sv\/#organization\"},\"potentialAction\":[{\"@type\":\"SearchAction\",\"target\":{\"@type\":\"EntryPoint\",\"urlTemplate\":\"https:\/\/madeiralovers.com\/sv\/?s={search_term_string}\"},\"query-input\":{\"@type\":\"PropertyValueSpecification\",\"valueRequired\":true,\"valueName\":\"search_term_string\"}}],\"inLanguage\":\"sv-SE\"},{\"@type\":\"Organization\",\"@id\":\"https:\/\/madeiralovers.com\/sv\/#organization\",\"name\":\"Madeira Lovers\",\"url\":\"https:\/\/madeiralovers.com\/sv\/\",\"logo\":{\"@type\":\"ImageObject\",\"inLanguage\":\"sv-SE\",\"@id\":\"https:\/\/madeiralovers.com\/sv\/#\/schema\/logo\/image\/\",\"url\":\"https:\/\/madeiralovers.com\/wp-content\/uploads\/2024\/05\/cropped-Madeira-Lovers-Logos.png\",\"contentUrl\":\"https:\/\/madeiralovers.com\/wp-content\/uploads\/2024\/05\/cropped-Madeira-Lovers-Logos.png\",\"width\":2500,\"height\":554,\"caption\":\"Madeira Lovers\"},\"image\":{\"@id\":\"https:\/\/madeiralovers.com\/sv\/#\/schema\/logo\/image\/\"}},{\"@type\":\"Person\",\"@id\":\"https:\/\/madeiralovers.com\/sv\/#\/schema\/person\/d625cd95d3b219fb95267c26155d749b\",\"name\":\"Elisa\",\"image\":{\"@type\":\"ImageObject\",\"inLanguage\":\"sv-SE\",\"@id\":\"https:\/\/secure.gravatar.com\/avatar\/58989acaa759ff1170519ec054359cd64759fd26df84b894bd3239c233fd396c?s=96&d=mm&r=g\",\"url\":\"https:\/\/secure.gravatar.com\/avatar\/58989acaa759ff1170519ec054359cd64759fd26df84b894bd3239c233fd396c?s=96&d=mm&r=g\",\"contentUrl\":\"https:\/\/secure.gravatar.com\/avatar\/58989acaa759ff1170519ec054359cd64759fd26df84b894bd3239c233fd396c?s=96&d=mm&r=g\",\"caption\":\"Elisa\"},\"sameAs\":[\"https:\/\/madeiralovers.com\/a-propos-delisa-grosset\/\"],\"url\":\"https:\/\/madeiralovers.com\/sv\/author\/elisa\/\"}]}<\/script>\n<!-- \/ Yoast SEO plugin. -->","yoast_head_json":{"title":"Praia da Ponta do Sol (Madeira): tips + foton","description":"V\u00e5ra tips och bilder f\u00f6r att bes\u00f6ka Praia da Ponta do Sol p\u00e5 Madeira: tillg\u00e5ng, parkering, faciliteter, landskap...","robots":{"index":"index","follow":"follow","max-snippet":"max-snippet:-1","max-image-preview":"max-image-preview:large","max-video-preview":"max-video-preview:-1"},"canonical":"https:\/\/madeiralovers.com\/sv\/praia-ponta-sol-strand-madeira\/","og_locale":"sv_SE","og_type":"article","og_title":"Praia da Ponta do Sol (Madeira): tips + foton","og_description":"V\u00e5ra tips och bilder f\u00f6r att bes\u00f6ka Praia da Ponta do Sol p\u00e5 Madeira: tillg\u00e5ng, parkering, faciliteter, landskap...","og_url":"https:\/\/madeiralovers.com\/sv\/praia-ponta-sol-strand-madeira\/","og_site_name":"Madeira Lovers","article_published_time":"2025-10-20T11:03:57+00:00","article_modified_time":"2026-03-26T15:24:05+00:00","og_image":[{"width":800,"height":600,"url":"https:\/\/madeiralovers.com\/wp-content\/uploads\/2025\/10\/praia-ponta-sol-strand-madeira-da-nl-de-se-3.jpg","type":"image\/jpeg"}],"author":"Elisa","twitter_card":"summary_large_image","twitter_misc":{"Skriven av":"Elisa","Ber\u00e4knad l\u00e4stid":"4 minuter"},"schema":{"@context":"https:\/\/schema.org","@graph":[{"@type":"Article","@id":"https:\/\/madeiralovers.com\/sv\/praia-ponta-sol-strand-madeira\/#article","isPartOf":{"@id":"https:\/\/madeiralovers.com\/sv\/praia-ponta-sol-strand-madeira\/"},"author":{"name":"Elisa","@id":"https:\/\/madeiralovers.com\/sv\/#\/schema\/person\/d625cd95d3b219fb95267c26155d749b"},"headline":"Praia da Ponta do Sol (Madeira): tips + foton","datePublished":"2025-10-20T11:03:57+00:00","dateModified":"2026-03-26T15:24:05+00:00","mainEntityOfPage":{"@id":"https:\/\/madeiralovers.com\/sv\/praia-ponta-sol-strand-madeira\/"},"wordCount":856,"publisher":{"@id":"https:\/\/madeiralovers.com\/sv\/#organization"},"image":{"@id":"https:\/\/madeiralovers.com\/sv\/praia-ponta-sol-strand-madeira\/#primaryimage"},"thumbnailUrl":"https:\/\/madeiralovers.com\/wp-content\/uploads\/2025\/10\/praia-ponta-sol-strand-madeira-da-nl-de-se-3.jpg","articleSection":["Sydkusten"],"inLanguage":"sv-SE"},{"@type":"WebPage","@id":"https:\/\/madeiralovers.com\/sv\/praia-ponta-sol-strand-madeira\/","url":"https:\/\/madeiralovers.com\/sv\/praia-ponta-sol-strand-madeira\/","name":"Praia da Ponta do Sol (Madeira): tips + foton","isPartOf":{"@id":"https:\/\/madeiralovers.com\/sv\/#website"},"primaryImageOfPage":{"@id":"https:\/\/madeiralovers.com\/sv\/praia-ponta-sol-strand-madeira\/#primaryimage"},"image":{"@id":"https:\/\/madeiralovers.com\/sv\/praia-ponta-sol-strand-madeira\/#primaryimage"},"thumbnailUrl":"https:\/\/madeiralovers.com\/wp-content\/uploads\/2025\/10\/praia-ponta-sol-strand-madeira-da-nl-de-se-3.jpg","datePublished":"2025-10-20T11:03:57+00:00","dateModified":"2026-03-26T15:24:05+00:00","description":"V\u00e5ra tips och bilder f\u00f6r att bes\u00f6ka Praia da Ponta do Sol p\u00e5 Madeira: tillg\u00e5ng, parkering, faciliteter, landskap...","breadcrumb":{"@id":"https:\/\/madeiralovers.com\/sv\/praia-ponta-sol-strand-madeira\/#breadcrumb"},"inLanguage":"sv-SE","potentialAction":[{"@type":"ReadAction","target":["https:\/\/madeiralovers.com\/sv\/praia-ponta-sol-strand-madeira\/"]}]},{"@type":"ImageObject","inLanguage":"sv-SE","@id":"https:\/\/madeiralovers.com\/sv\/praia-ponta-sol-strand-madeira\/#primaryimage","url":"https:\/\/madeiralovers.com\/wp-content\/uploads\/2025\/10\/praia-ponta-sol-strand-madeira-da-nl-de-se-3.jpg","contentUrl":"https:\/\/madeiralovers.com\/wp-content\/uploads\/2025\/10\/praia-ponta-sol-strand-madeira-da-nl-de-se-3.jpg","width":800,"height":600,"caption":"praia ponta sol strand madeira"},{"@type":"BreadcrumbList","@id":"https:\/\/madeiralovers.com\/sv\/praia-ponta-sol-strand-madeira\/#breadcrumb","itemListElement":[{"@type":"ListItem","position":1,"name":"Accueil","item":"https:\/\/madeiralovers.com\/sv\/"},{"@type":"ListItem","position":2,"name":"Sydkusten","item":"https:\/\/madeiralovers.com\/sv\/sydkusten\/"},{"@type":"ListItem","position":3,"name":"Praia da Ponta do Sol (Madeira): tips + foton"}]},{"@type":"WebSite","@id":"https:\/\/madeiralovers.com\/sv\/#website","url":"https:\/\/madeiralovers.com\/sv\/","name":"Madeira Lovers","description":"Pour r\u00e9veiller vos sens \u00e0 Mad\u00e8re","publisher":{"@id":"https:\/\/madeiralovers.com\/sv\/#organization"},"potentialAction":[{"@type":"SearchAction","target":{"@type":"EntryPoint","urlTemplate":"https:\/\/madeiralovers.com\/sv\/?s={search_term_string}"},"query-input":{"@type":"PropertyValueSpecification","valueRequired":true,"valueName":"search_term_string"}}],"inLanguage":"sv-SE"},{"@type":"Organization","@id":"https:\/\/madeiralovers.com\/sv\/#organization","name":"Madeira Lovers","url":"https:\/\/madeiralovers.com\/sv\/","logo":{"@type":"ImageObject","inLanguage":"sv-SE","@id":"https:\/\/madeiralovers.com\/sv\/#\/schema\/logo\/image\/","url":"https:\/\/madeiralovers.com\/wp-content\/uploads\/2024\/05\/cropped-Madeira-Lovers-Logos.png","contentUrl":"https:\/\/madeiralovers.com\/wp-content\/uploads\/2024\/05\/cropped-Madeira-Lovers-Logos.png","width":2500,"height":554,"caption":"Madeira Lovers"},"image":{"@id":"https:\/\/madeiralovers.com\/sv\/#\/schema\/logo\/image\/"}},{"@type":"Person","@id":"https:\/\/madeiralovers.com\/sv\/#\/schema\/person\/d625cd95d3b219fb95267c26155d749b","name":"Elisa","image":{"@type":"ImageObject","inLanguage":"sv-SE","@id":"https:\/\/secure.gravatar.com\/avatar\/58989acaa759ff1170519ec054359cd64759fd26df84b894bd3239c233fd396c?s=96&d=mm&r=g","url":"https:\/\/secure.gravatar.com\/avatar\/58989acaa759ff1170519ec054359cd64759fd26df84b894bd3239c233fd396c?s=96&d=mm&r=g","contentUrl":"https:\/\/secure.gravatar.com\/avatar\/58989acaa759ff1170519ec054359cd64759fd26df84b894bd3239c233fd396c?s=96&d=mm&r=g","caption":"Elisa"},"sameAs":["https:\/\/madeiralovers.com\/a-propos-delisa-grosset\/"],"url":"https:\/\/madeiralovers.com\/sv\/author\/elisa\/"}]}},"featured_image_src":"https:\/\/madeiralovers.com\/wp-content\/uploads\/2025\/10\/praia-ponta-sol-strand-madeira-da-nl-de-se-3-600x400.jpg","featured_image_src_square":"https:\/\/madeiralovers.com\/wp-content\/uploads\/2025\/10\/praia-ponta-sol-strand-madeira-da-nl-de-se-3-600x600.jpg","author_info":{"display_name":"Elisa","author_link":"https:\/\/madeiralovers.com\/sv\/author\/elisa\/"},"_links":{"self":[{"href":"https:\/\/madeiralovers.com\/sv\/wp-json\/wp\/v2\/posts\/6034","targetHints":{"allow":["GET"]}}],"collection":[{"href":"https:\/\/madeiralovers.com\/sv\/wp-json\/wp\/v2\/posts"}],"about":[{"href":"https:\/\/madeiralovers.com\/sv\/wp-json\/wp\/v2\/types\/post"}],"author":[{"embeddable":true,"href":"https:\/\/madeiralovers.com\/sv\/wp-json\/wp\/v2\/users\/8"}],"replies":[{"embeddable":true,"href":"https:\/\/madeiralovers.com\/sv\/wp-json\/wp\/v2\/comments?post=6034"}],"version-history":[{"count":0,"href":"https:\/\/madeiralovers.com\/sv\/wp-json\/wp\/v2\/posts\/6034\/revisions"}],"wp:featuredmedia":[{"embeddable":true,"href":"https:\/\/madeiralovers.com\/sv\/wp-json\/wp\/v2\/media\/6032"}],"wp:attachment":[{"href":"https:\/\/madeiralovers.com\/sv\/wp-json\/wp\/v2\/media?parent=6034"}],"wp:term":[{"taxonomy":"category","embeddable":true,"href":"https:\/\/madeiralovers.com\/sv\/wp-json\/wp\/v2\/categories?post=6034"},{"taxonomy":"post_tag","embeddable":true,"href":"https:\/\/madeiralovers.com\/sv\/wp-json\/wp\/v2\/tags?post=6034"}],"curies":[{"name":"wp","href":"https:\/\/api.w.org\/{rel}","templated":true}]}}