{"id":3254,"date":"2024-06-27T18:16:52","date_gmt":"2024-06-27T17:16:52","guid":{"rendered":"https:\/\/madeiralovers.com\/bast-gjorda-akturer\/"},"modified":"2026-03-19T13:55:16","modified_gmt":"2026-03-19T12:55:16","slug":"basta-vandringarna-madeira","status":"publish","type":"post","link":"https:\/\/madeiralovers.com\/sv\/basta-vandringarna-madeira\/","title":{"rendered":"12 b\u00e4sta vandringarna p\u00e5 Madeira (foton + tips)"},"content":{"rendered":"\n<p>Madeira \u00e4r ett paradis f\u00f6r vandrare! Vi uppt\u00e4ckte n\u00e5gra hisnande landskap. Denna portugisiska \u00f6 erbjuder en m\u00e5ngfald av exceptionella stigar, fr\u00e5n pittoreska levador till hisnande toppar, vilda kustlinjer och frodiga skogar. F\u00f6r att inte tala om de fascinerande vulkaniska landskapen. Oavsett om du \u00e4r en erfaren vandrare eller bara promenerar ibland, s\u00e5 har vi funnit att Madeira har resv\u00e4gar som passar alla niv\u00e5er.<\/p>\n\n<p>H\u00e4r \u00e4r v\u00e5rt urval av Madeiras b\u00e4sta vandringar, med anv\u00e4ndbara tips i bilder!<\/p>\n\n<figure class=\"wp-block-image size-large\"><img decoding=\"async\" src=\"https:\/\/madeiralovers.com\/wp-content\/uploads\/2024\/06\/baste-vandringar-madeira-SE-1024x768.jpg\" alt=\"basta-vandringarna-madeira\" class=\"wp-image-3127\"\/><\/figure>\n\n<p>Detta \u00e4r en helt <strong>oberoende<\/strong> \u00e5sikt, baserad p\u00e5 v\u00e5r egen erfarenhet. Vi gjorde v\u00e5ra egna val, bes\u00f6kte regionen anonymt och betalade v\u00e5ra r\u00e4kningar till fullo.<\/p>\n\n<h2 class=\"wp-block-heading\">De b\u00e4sta vandringarna i Madeira: Karta<\/h2>\n\n<p>P\u00e5 Madeira \u00e4lskade vi att vandra l\u00e4ngs stigarna genom den frodiga vegetationen och beundra det hisnande landskapet, den bergiga terr\u00e4ngen och de <a href=\"https:\/\/madeiralovers.com\/sv\/basta-levadas-madeira\/\" target=\"_blank\" rel=\"noreferrer noopener\">ber\u00f6mda levadorna<\/a>! Oavsett om du \u00e4r en erfaren vandrare eller nyb\u00f6rjare erbjuder \u00f6n en m\u00e4ngd olika leder f\u00f6r alla niv\u00e5er. Under v\u00e5r vistelse utforskade vi <a href=\"https:\/\/madeiralovers.com\/sv\/sevardheter-madeira-att-gora\/\" target=\"_blank\" rel=\"noreferrer noopener\">Madeira och dess m\u00e5nga sev\u00e4rdheter<\/a>. Men vi gl\u00f6mde inte att dra nytta av de m\u00e5nga promenaderna f\u00f6r att uppt\u00e4cka \u00f6ns extraordin\u00e4ra naturliga sk\u00f6nhet.<\/p>\n\n<p>H\u00e4r \u00e4r en karta som hj\u00e4lper dig att hitta r\u00e4tt:<\/p>\n\n<figure class=\"wp-block-image size-large is-resized\"><img decoding=\"async\" src=\"https:\/\/madeiralovers.com\/wp-content\/uploads\/2024\/06\/karta-baste-vandringar-madeira-SE-1024x602.png\" alt=\"carte-meilleures-randonnees-madere\" class=\"wp-image-3118\" style=\"width:702px;height:auto\"\/><figcaption class=\"wp-element-caption\">Karta som visar l\u00e4get f\u00f6r de 10 b\u00e4sta promenaderna p\u00e5 Madeira<\/figcaption><\/figure>\n\n<p>Om du bara beh\u00f6ver g\u00f6ra 3, rekommenderar vi att du g\u00f6r det:<\/p>\n\n<ul class=\"wp-block-list\">\n<li>Vandring fr\u00e5n <a href=\"https:\/\/madeiralovers.com\/sv\/vandring-pico-arieiro-madere\/\" type=\"post\" id=\"2654\" target=\"_blank\" rel=\"noreferrer noopener\">Pico do Arieiro<\/a> till Pico Ruivo, f\u00f6r att utforska Madeiras toppar<\/li>\n\n\n\n<li>En promenad l\u00e4ngs <a href=\"https:\/\/madeiralovers.com\/sv\/vandra-levada-25-fontes-madeira\/\" type=\"post\" id=\"3305\" target=\"_blank\" rel=\"noreferrer noopener\">Levada das 25 Fontes<\/a>, f\u00f6r att uppt\u00e4cka \u00f6ns legendariska bevattningskanaler<\/li>\n\n\n\n<li>Den vackra vandringen <a href=\"https:\/\/madeiralovers.com\/sv\/vandring-ponta-sao-lourenco-pr8-madeira\/\" type=\"post\" id=\"5081\" target=\"_blank\" rel=\"noreferrer noopener\">Ponta de Sao Louran\u00e7o<\/a> till Madeiras vulkaniska halv\u00f6<\/li>\n<\/ul>\n\n<p>Sedan 2026 :<\/p>\n\n<ul class=\"wp-block-list\">\n<li>Fr\u00e5n och med nu m\u00e5ste du <strong>boka din vandringstid online<\/strong> och <strong>betala f\u00f6r tillg\u00e5ng<\/strong> till lederna i f\u00f6rv\u00e4g via <a href=\"https:\/\/simplifica.madeira.gov.pt\/services\/78-82-259\" target=\"_blank\" rel=\"noreferrer noopener nofollow\">SIMplifica-plattformen<\/a>.  <\/li>\n\n\n\n<li>Vi rekommenderar att du bokar dina platser s\u00e5 snart dina datum \u00e4r fastst\u00e4llda, eftersom vissa sp\u00e5r fylls snabbt under h\u00f6gs\u00e4song. Prioritera dina vandringar och organisera sedan resten av din vistelse runt dem.  <\/li>\n\n\n\n<li>P\u00e5 dagen ska du se till att du <strong>kommer inom den 30-minuterstid<\/strong> som tilldelats dig och spara bokningsbekr\u00e4ftelsen i din telefon.<\/li>\n<\/ul>\n\n<h2 class=\"wp-block-heading\">1. Fr\u00e5n Pico do Arieiro till Pico Ruivo &#8211; PR1 (ovanf\u00f6r molnen)<\/h2>\n\n<figure class=\"wp-block-image size-large\"><img decoding=\"async\" src=\"https:\/\/photos.smugmug.com\/Madeira-Lovers\/Pico-do-Arieiro\/Pico-Areiro-hike-return\/i-vx2PX6m\/1\/C5rbLKHLKnVwjV4d3Sq9pZHgS2wDTv59W3VpvtZ9b\/L\/Pico_areiro_hike_Madeira-7225013-L.jpg\" alt=\"Fr&#xE5;n Pico do Arieiro till Pico Ruivo - PR1\"\/><\/figure>\n\n<h3 class=\"wp-block-heading\">Varf\u00f6r \u00e5ka dit? V\u00e5r uppfattning<\/h3>\n\n<p>Detta \u00e4r en av Madeiras promenader som man bara m\u00e5ste g\u00f6ra! Du kommer att uppt\u00e4cka \u00f6ns 3 h\u00f6gsta toppar, som b\u00f6rjar med Pico do Arieiro p\u00e5 1818 meter. Vi \u00e4lskade den f\u00f6r allt vi s\u00e5g l\u00e4ngs v\u00e4gen: den gr\u00f6nskande dalen och havet, de spetsiga topparna som var h\u00f6ljda i dimma. \u00c4ven djurliv och soluppg\u00e5ng \u00f6ver molnhavet. Vi lovar dig att det inte finns n\u00e5got monotont med denna utflykt!<\/p>\n\n<hr class=\"wp-block-separator has-text-color has-alpha-channel-opacity has-background is-style-wide\" style=\"background-color:#000000;color:#000000\"\/>\n\n<p class=\"has-text-align-center\"><strong>Utforska Madeiras toppar i soluppg\u00e5ngen med en transfer tur och retur fr\u00e5n ditt hotell.  <a href=\"https:\/\/www.getyourguide.se\/madere-l67\/depuis-funchal-randonnee-du-pico-do-areeiro-a-achada-do-teixeira-t413782\/?partner_id=R3GYW4V&amp;cmp=madeira\" target=\"_blank\" rel=\"noreferrer noopener sponsored nofollow\">Se priser och boka<\/a><\/strong><\/p>\n\n<hr class=\"wp-block-separator has-text-color has-alpha-channel-opacity has-background is-style-wide\" style=\"background-color:#000000;color:#000000\"\/>\n\n<figure class=\"wp-block-image size-large\"><img decoding=\"async\" src=\"https:\/\/photos.smugmug.com\/Madeira-Lovers\/Pico-do-Arieiro\/Pico-Areiro-sunrise\/i-mqZRKP9\/1\/XSZwnJ8n458Gdj39VRp6ctHMGZ3t9w7w2jjsFKLX\/L\/Pico_areiro_Pico_ruivo_hike_Madeira-7224781-L.jpg\" alt=\"Fr&#xE5;n Pico do Arieiro till Pico Ruivo - PR1\"\/><\/figure>\n\n<h3 class=\"wp-block-heading\">Anv\u00e4ndbara tips<\/h3>\n\n<ul class=\"wp-block-list\">\n<li><strong>Plats<\/strong>: i centrala \u00f6stra delen av \u00f6n.<br\/>Fr\u00e5n <a href=\"https:\/\/madeiralovers.com\/sv\/sevardheter-funchal-att-gora\/\" target=\"_blank\" rel=\"noreferrer noopener\">Funchal<\/a>, <a href=\"https:\/\/madeiralovers.com\/sv\/sevardheter-porto-da-cruz-madeira-att-gora\/\" type=\"post\" id=\"2765\" target=\"_blank\" rel=\"noreferrer noopener\">Porto da Cruz<\/a> eller <a href=\"https:\/\/madeiralovers.com\/sv\/sevardheter-machico-madeira-att-gora\/\" target=\"_blank\" rel=\"noreferrer noopener\">Machico<\/a> tar det cirka 40 minuter att k\u00f6ra till Pico do Arieiro. Det \u00e4r inte m\u00f6jligt att ta sig dit med kollektivtrafik.<\/li>\n\n\n\n<li><strong>Framkomlighet<\/strong>: v\u00e4gen till vandringens b\u00f6rjan \u00e4r l\u00e4tt att ta sig fram p\u00e5. Det finns en stor parkeringsplats vid foten av stigen.<\/li>\n\n\n\n<li><strong>\u00d6ppning av leden:<\/strong> kontrollera <strong>ledens<\/strong> tillg\u00e4nglighet innan du kommer <a href=\"https:\/\/visitmadeira.com\/en\/what-to-do\/nature-seekers\/activities\/hiking\/pr-1-vereda-do-areeiro\/\" target=\"_blank\" rel=\"noreferrer noopener nofollow\">hit<\/a>.<\/li>\n\n\n\n<li>Entr\u00e9avgift<strong>:<\/strong> kom ih\u00e5g att betala entr\u00e9avgiften f\u00f6r att f\u00e5 tillg\u00e5ng till leden <a href=\"https:\/\/simplifica.madeira.gov.pt\/services\/78-82-259\" target=\"_blank\" rel=\"noreferrer noopener nofollow\">h\u00e4r.<\/a><\/li>\n\n\n\n<li><strong>Typ<\/strong> av f\u00e4rdv\u00e4g: tur och retur<\/li>\n\n\n\n<li><strong>Varaktighet<\/strong>: 12 km tur och retur mellan Pico do Arieiro och Pico Ruivo. Planera mellan kl. 07.00 och 09.00<\/li>\n\n\n\n<li><strong>Sv\u00e5righetsgrad: sv\u00e5r<\/strong><\/li>\n\n\n\n<li><strong>B\u00e4sta tiden<\/strong>: denna led \u00e4r tillg\u00e4nglig \u00e5ret runt. Vi rekommenderar att du b\u00f6rjar vandra tidigt p\u00e5 morgonen, eftersom rutten inte \u00e4r skuggig.<\/li>\n\n\n\n<li><strong>Faciliteter<\/strong>: P\u00e5 parkeringen finns en byggnad med en snackbar, toaletter (mot avgift), ett informationscenter och en souvenirbutik.<\/li>\n<\/ul>\n\n<p>L\u00e4s <a href=\"https:\/\/madeiralovers.com\/sv\/vandring-pico-arieiro-madere\/\" target=\"_blank\" rel=\"noreferrer noopener\">v\u00e5r artikel om denna otroliga vandring<\/a> om du vill veta mer!<\/p>\n\n<div style=\"background-color:#f4fae2;margin-top:8%;margin-bottom:8%\" class=\"wp-block-genesis-blocks-gb-container box gb-block-container\"><div class=\"gb-container-inside\"><div class=\"gb-container-content\" style=\"max-width:700px\">\n<div class=\"wp-block-genesis-blocks-gb-container box_titre gb-block-container\"><div class=\"gb-container-inside\"><div class=\"gb-container-content\">\n<h5 class=\"titre_box\" style=\"padding-top:10px;\">VART DU KAN BO P\u00c5 <span class=\"titre_box_manuscrit\">Madeira<\/span><\/h5>\n<\/div><\/div><\/div>\n\n\n\n<div class=\"wp-block-columns box_sans_border is-layout-flex wp-container-core-columns-is-layout-9d6595d7 wp-block-columns-is-layout-flex\">\n<div class=\"wp-block-column texte_planif is-layout-flow wp-block-column-is-layout-flow\" style=\"font-size:14px;flex-basis:60%\">\n<p class=\"option_titre2\">V\u00e5ra oberoende urval hj\u00e4lper dig att hitta ditt <strong>dr\u00f6mboende<\/strong>:<\/p>\n\n\n\n<ul class=\"wp-block-list\">\n<li><a href=\"https:\/\/madeiralovers.com\/sv\/var-ska-bo-madeira-basta-omradena\/\" target=\"_blank\" rel=\"noreferrer noopener\">Var man kan bo p\u00e5 Madeira<\/a><\/li>\n<\/ul>\n\n\n\n<ul class=\"wp-block-list\">\n<li><a href=\"https:\/\/madeiralovers.com\/sv\/basta-5-stjarniga-hotellen-funchal-madeira-lyx-recensioner\/\" target=\"_blank\" rel=\"noreferrer noopener\">B\u00e4sta 5-stj\u00e4rniga hotellen<\/a><\/li>\n\n\n\n<li><a href=\"https:\/\/madeiralovers.com\/sv\/basta-boutique-hotels-funchal-madeira-charm\/\">B\u00e4sta boutiquehotellen<\/a><\/li>\n\n\n\n<li><a href=\"https:\/\/madeiralovers.com\/sv\/basta-hotellen-gamla-stad-funchal-recensioner\/\" target=\"_blank\" rel=\"noreferrer noopener\">B\u00e4sta hotellen i Funchals gamla stadsk\u00e4rna<\/a><\/li>\n\n\n\n<li><a href=\"https:\/\/madeiralovers.com\/sv\/basta-hotell-endast-vuxna-funchal-madeira\/\" target=\"_blank\" rel=\"noreferrer noopener\">B\u00e4sta hotell endast f\u00f6r vuxna<\/a><\/li>\n\n\n\n<li><a href=\"https:\/\/madeiralovers.com\/sv\/basta-familjehotellen-madeira-barnen-recensioner\/\" target=\"_blank\" rel=\"noreferrer noopener\">B\u00e4sta hotellen f\u00f6r familjer<\/a><\/li>\n\n\n\n<li><a href=\"https:\/\/madeiralovers.com\/sv\/basta-all-inclusive-hotell-madeira\/\" target=\"_blank\" rel=\"noreferrer noopener\">B\u00e4sta all inclusive-hotell<\/a><\/li>\n\n\n\n<li><a href=\"https:\/\/madeiralovers.com\/sv\/basta-romantiska-hotellen-funchal-madeira-alskande\/\" target=\"_blank\" rel=\"noreferrer noopener\">B\u00e4sta romantiska hotellen<\/a><\/li>\n<\/ul>\n<\/div>\n\n\n\n<div class=\"wp-block-column is-vertically-aligned-top planif-radius is-layout-flow wp-block-column-is-layout-flow\" style=\"flex-basis:40%\">\n<figure class=\"wp-block-image size-large img-portrait\"><img decoding=\"async\" src=\"https:\/\/photos.smugmug.com\/Travel\/Madeira\/Accommodation\/i-TtZHSRZ\/1\/7f80cf7d\/L\/Arco_da_Calheta_hotel_Madeira-8896-L.jpg\" alt=\"Hotell Engenho Velho\" title=\"\"\/><\/figure>\n<\/div>\n<\/div>\n<\/div><\/div><\/div>\n\n<h2 class=\"wp-block-heading\">2. Ponta de Sao Louran\u00e7o &#8211; PR8 (vulkanisk klippa och havsutsikt)<\/h2>\n\n<figure class=\"wp-block-image size-large\"><img decoding=\"async\" src=\"https:\/\/photos.smugmug.com\/Madeira-Lovers\/Ponta-Sao-Louranco\/Hike\/i-dQTR8F6\/0\/DrnJnMN3GZtjDWxhNQ5W3NxzGqZrDmwsZwGvxnW8L\/L\/Ponta_de_Sao_Louranco_Madeira-7130340-L.jpg\" alt=\"Ponta de Sao Louran&#xE7;o - PR8\"\/><\/figure>\n\n<h3 class=\"wp-block-heading\">Varf\u00f6r bes\u00f6ka oss? V\u00e5r uppfattning<\/h3>\n\n<p>Vi \u00e4lskade promenaden Ponta de S\u00e3o Louren\u00e7o! Denna utflykt som man inte f\u00e5r missa till Madeiras vulkaniska spets, den ber\u00f6mda &#8221;drakens svans&#8221;, tar dig med p\u00e5 en rundtur p\u00e5 \u00f6ns vulkaniska halv\u00f6. Vi nj\u00f6t av att vandra genom detta halv\u00f6kenlandskap som formats av vinden och havet.<a href=\"https:\/\/www.lesdecouvertesdemagalie.com\/post\/ponta-de-sao-louren%C3%A7o-%C3%A0-mad%C3%A8re\" target=\"_blank\" rel=\"noreferrer noopener\"><\/a><a href=\"https:\/\/www.madere-leguide.com\/pointe-sao-lourenco\" target=\"_blank\" rel=\"noreferrer noopener\"><\/a>. Denna stig, som gr\u00e4nsar till Atlanten, bjuder p\u00e5 spektakul\u00e4ra panoramavyer som st\u00e5r i skarp kontrast till Madeiras gr\u00f6na delar.<a href=\"https:\/\/www.lesdecouvertesdemagalie.com\/post\/ponta-de-sao-louren%C3%A7o-%C3%A0-mad%C3%A8re\" target=\"_blank\" rel=\"noreferrer noopener\"><\/a><a href=\"https:\/\/www.madere-leguide.com\/pointe-sao-lourenco\" target=\"_blank\" rel=\"noreferrer noopener\"><\/a>.<br\/>En annan anledning att uppt\u00e4cka den h\u00e4r delen av \u00f6n \u00e4r naturreservatet Ponta de S\u00e3o Louren\u00e7o. H\u00e4r finns en unik flora och fauna. H\u00e4r kan du se s\u00e4llsynta och endemiska v\u00e4xter, liksom m\u00e5nga \u00f6dlor och sj\u00f6f\u00e5glar.<a href=\"https:\/\/www.madere-leguide.com\/pointe-sao-lourenco\" target=\"_blank\" rel=\"noreferrer noopener\"><\/a><a href=\"https:\/\/visitmadeira.com\/fr\/que-faire\/explorateurs-de-la-nature\/activites\/randonnees\/pr-8-vereda-da-ponta-de-sao-lourenco\/\" target=\"_blank\" rel=\"noreferrer noopener\"><\/a>. Om du har tur kan du till och med f\u00e5 syn p\u00e5 en medelhavsmunks\u00e4l!<\/p>\n\n<hr class=\"wp-block-separator has-text-color has-alpha-channel-opacity has-background is-style-wide\" style=\"background-color:#000000;color:#000000\"\/>\n\n<p class=\"has-text-align-center\"><strong>Utforska Ponta de Sao Louran\u00e7o p\u00e5 en guidad utflykt med upph\u00e4mtning fr\u00e5n Funchal, Cani\u00e7o eller Machico &#8211; l\u00e4s <a href=\"https:\/\/www.getyourguide.se\/madere-l67\/journee-complete-dans-la-reserve-naturelle-de-ponta-de-sao-lourenco-t70025\/?partner_id=R3GYW4V&amp;cmp=madeira\" target=\"_blank\" rel=\"noreferrer noopener sponsored nofollow\">mer och boka<\/a><\/strong><\/p>\n\n<hr class=\"wp-block-separator has-text-color has-alpha-channel-opacity has-background is-style-wide\" style=\"background-color:#000000;color:#000000\"\/>\n\n<figure class=\"wp-block-image size-large\"><img decoding=\"async\" src=\"https:\/\/photos.smugmug.com\/Madeira-Lovers\/Ponta-Sao-Louranco\/Hike\/i-MtV5RCw\/0\/C2kXGsDF7q7WhdXbdJ3dPVhNZrvWrRx4cgWk8xbR7\/L\/Ponta_de_Sao_Louranco_Madeira-7130325-L.jpghttps:\/\/photos.smugmug.com\/Madeira-Lovers\/Ponta-Sao-Louranco\/Hike\/i-Mg3b7p6\/0\/DbLCH59qSJ5hRRnm5BhgwkKMp5TR2RVr4G5xHCdjN\/L\/Ponta_de_Sao_Louranco_Madeira-7130303-L.jpg\" alt=\"Ponta de Sao Louran&#xE7;o - PR8\"\/><\/figure>\n\n<h3 class=\"wp-block-heading\">Anv\u00e4ndbara tips<\/h3>\n\n<ul class=\"wp-block-list\">\n<li><strong>Plats<\/strong>: p\u00e5 \u00f6ns \u00f6stra sida, n\u00e4ra <a href=\"https:\/\/madeiralovers.com\/sv\/sevardheter-byn-canical-besok\/\" target=\"_blank\" rel=\"noreferrer noopener\">Cani\u00e7al<\/a>.<br\/>Fr\u00e5n Funchal: 40 minuters bilresa  <br\/>Fr\u00e5n Porto da Cruz: 25min<\/li>\n\n\n\n<li><strong>Tilltr\u00e4de<\/strong>: Det \u00e4r l\u00e4tt att komma till b\u00f6rjan av leden via en asfalterad v\u00e4g.<\/li>\n\n\n\n<li><strong>\u00d6ppning av leden:<\/strong> kontrollera <strong>ledens<\/strong> tillg\u00e4nglighet innan du kommer <a href=\"https:\/\/visitmadeira.com\/en\/what-to-do\/nature-seekers\/activities\/hiking\/pr-8-vereda-da-ponta-de-sao-lourenco\/\" target=\"_blank\" rel=\"noreferrer noopener nofollow\">hit<\/a>.<\/li>\n\n\n\n<li>Entr\u00e9avgift<strong>:<\/strong> kom ih\u00e5g att betala entr\u00e9avgiften f\u00f6r att f\u00e5 tillg\u00e5ng till leden <a href=\"https:\/\/simplifica.madeira.gov.pt\/services\/78-82-259\" target=\"_blank\" rel=\"noreferrer noopener nofollow\">h\u00e4r.<\/a><\/li>\n\n\n\n<li><strong>Typ<\/strong> av f\u00e4rdv\u00e4g: tur och retur<\/li>\n\n\n\n<li><strong>L\u00e4ngd<\/strong>: 6 km tur och retur, mellan 3 och 4 timmars promenad<\/li>\n\n\n\n<li><strong>Sv\u00e5righetsgrad<\/strong>: m\u00e5ttlig. Stigen \u00e4r v\u00e4lskyltad och s\u00e4ker. Det finns ett antal trappsteg att kl\u00e4ttra upp och ner l\u00e4ngs v\u00e4gen, som kan vara bl\u00e5sig och d\u00e4r det inte finns n\u00e5gon skugga.<\/li>\n\n\n\n<li><strong>B\u00e4sta tiden<\/strong>: Vi rekommenderar att du ger dig av tidigt p\u00e5 morgonen f\u00f6r att dra nytta av det vackra morgonljuset och undvika v\u00e4rmen.<\/li>\n\n\n\n<li><strong>Infrastruktur<\/strong>: Det finns en stor parkeringsplats i slutet av v\u00e4gen som leder till vandringen. Under vissa tider p\u00e5 \u00e5ret st\u00e4ller en food truck upp sig d\u00e4r och tillhandah\u00e5ller toaletter (mot avgift). I slutet av halv\u00f6n finns en restaurang: Sardinha.<\/li>\n<\/ul>\n\n<h2 class=\"wp-block-heading\">3. Levada das 25 Fontes &#8211; PR6 (f\u00e5r inte missas)<\/h2>\n\n<figure class=\"wp-block-image size-large\"><img decoding=\"async\" src=\"https:\/\/photos.smugmug.com\/Madeira-Lovers\/Levada-25-Fontes\/PR6-Levada-25-fontes-levada-hike\/i-PvGjbQW\/1\/tGB8fNSVkXs6KS3SccBZ6WGD5HwptXwPDGzBMBGt\/L\/Rabacal_25_Fontes_walk_waterfall_Madeira-7162341-L.jpg\" alt=\"Levada das 25 Fontes - PR6\"\/><\/figure>\n\n<h3 class=\"wp-block-heading\">Varf\u00f6r \u00e5ka dit? V\u00e5r uppfattning<\/h3>\n\n<p>PR6-leden, \u00e4ven k\u00e4nd som Levada das 25 Fontes, \u00e4r en av Madeiras mest sev\u00e4rda vandringar! Vi tyckte att den h\u00e4r vandringen var helt hisnande. Faktum \u00e4r att det \u00e4r en av de vackraste promenaderna p\u00e5 \u00f6n! H\u00e4r \u00e4r vad du kan f\u00f6rv\u00e4nta dig:<\/p>\n\n<ul class=\"wp-block-list\">\n<li>Du kommer att komma in i en frodig dal<\/li>\n\n\n\n<li>Du reser l\u00e4ngs en Levada, de ber\u00f6mda traditionella bevattningskanalerna.<\/li>\n\n\n\n<li>Du kommer att f\u00f6rundras \u00f6ver de fantastiska tr\u00e4den och den frodiga gr\u00f6nskan.<\/li>\n\n\n\n<li>Vi rekommenderar att du tar en paus framf\u00f6r vattenfallet 25 Fontes, d\u00e4r vattnet forsar fram ur klipporna.<\/li>\n\n\n\n<li>De mer \u00e4ventyrslystna kan forts\u00e4tta till det majest\u00e4tiska vattenfallet Risco.<\/li>\n<\/ul>\n\n<p>Vi \u00e4lskade den h\u00e4r vandringen, som ger en total inblick i \u00f6ns naturliga sk\u00f6nhet. Om du vill veta mer kan du l\u00e4sa v\u00e5r artikel om <a href=\"https:\/\/madeiralovers.com\/sv\/vandra-levada-25-fontes-madeira\/\" target=\"_blank\" rel=\"noreferrer noopener\">vandringen Levada das 25 Fontes<\/a>.<\/p>\n\n<figure class=\"wp-block-image size-large\"><img decoding=\"async\" src=\"https:\/\/photos.smugmug.com\/Madeira-Lovers\/Levada-25-Fontes\/PR6-Levada-25-fontes-levada-hike\/i-dShjgVz\/1\/FFf5vbgkDR95dfRmN77JdxV5xMZptFVFR757nGwv5\/L\/Rabacal_25_Fontes_walk_waterfall_Madeira-7162266-L.jpg\" alt=\"Levada das 25 Fontes - PR6\"\/><\/figure>\n\n<h3 class=\"wp-block-heading\">Anv\u00e4ndbara tips<\/h3>\n\n<ul class=\"wp-block-list\">\n<li><strong>Plats<\/strong>: p\u00e5 v\u00e4stra sidan av \u00f6n, p\u00e5 Paul da Serra-plat\u00e5n.<br\/>Fr\u00e5n Funchal: 50 minuters bilresa.  <br\/>Fr\u00e5n Calheta Beach: 20min bilresa  <br\/>Fr\u00e5n Ribeira Brava: 40min<\/li>\n\n\n\n<li><strong>Tilltr\u00e4de<\/strong>: Den officiella starten \u00e4r vid <strong>Maison Raba\u00e7al<\/strong>, l\u00e4ngst ner i dalen. Du m\u00e5ste parkera p\u00e5 <strong>Raba\u00e7al-parkeringen<\/strong>. En skyttelbuss (mot en extra kostnad) k\u00f6r de 2 km fr\u00e5n parkeringen till starten. Det \u00e4r inte m\u00f6jligt att ta sig dit med kollektivtrafik.<\/li>\n\n\n\n<li><strong>\u00d6ppning av leden:<\/strong> kontrollera <strong>ledens<\/strong> tillg\u00e4nglighet innan du kommer <a href=\"https:\/\/visitmadeira.com\/en\/what-to-do\/nature-seekers\/activities\/hiking\/pr-6-levada-das-25-fontes\/\" target=\"_blank\" rel=\"noreferrer noopener nofollow\">hit<\/a>.<\/li>\n\n\n\n<li>Entr\u00e9avgift<strong>:<\/strong> kom ih\u00e5g att betala entr\u00e9avgiften f\u00f6r att f\u00e5 tillg\u00e5ng till leden <a href=\"https:\/\/simplifica.madeira.gov.pt\/services\/78-82-259\" target=\"_blank\" rel=\"noreferrer noopener nofollow\">h\u00e4r.<\/a><\/li>\n\n\n\n<li><strong>Typ av rutt<\/strong>: tur och retur.<\/li>\n\n\n\n<li><strong>L\u00e4ngd<\/strong>: Mellan 5 och 11 km och mellan 3 och 5 timmar beroende p\u00e5 startpunkt (parkeringsplats eller officiell start). + 1,5 km tur och retur om du forts\u00e4tter till <a href=\"https:\/\/madeiralovers.com\/sv\/vandra-levada-risco-madeira\/\" type=\"post\" id=\"6492\" target=\"_blank\" rel=\"noreferrer noopener\">Cascade de Risco<\/a>.<\/li>\n\n\n\n<li><strong>Sv\u00e5righetsgrad<\/strong>: Den h\u00e4r rutten \u00e4r av <strong>m\u00e5ttlig<\/strong> sv\u00e5righetsgrad. Det finns inga s\u00e4rskilda hinder l\u00e4ngs v\u00e4gen, bortsett fr\u00e5n ett antal trappsteg.<\/li>\n\n\n\n<li><strong>B\u00e4sta tiden<\/strong>: Eftersom denna promenad \u00e4r mycket popul\u00e4r p\u00e5 \u00f6n rekommenderar vi att du g\u00e5r tidigt p\u00e5 morgonen eller sent p\u00e5 eftermiddagen f\u00f6r soluppg\u00e5ng eller solnedg\u00e5ng.<\/li>\n\n\n\n<li><strong>Infrastruktur<\/strong>: Det finns en snackbar och toaletter vid startpunkten, men inget annat l\u00e4ngs v\u00e4gen.<\/li>\n<\/ul>\n\n<hr class=\"wp-block-separator has-text-color has-alpha-channel-opacity has-background is-style-wide\" style=\"background-color:#000000;color:#000000\"\/>\n\n<p class=\"has-text-align-center\"><strong>L\u00e5t dig v\u00e4gledas l\u00e4ngs Levada Das 25 Fontes-leden p\u00e5 en utflykt i liten grupp &#8211; L\u00e4s <a href=\"https:\/\/www.getyourguide.se\/madere-l67\/rabacal-25-fontes-randonnee-en-petit-groupe-t200377\/?partner_id=R3GYW4V&amp;cmp=madeira\" target=\"_blank\" rel=\"noreferrer noopener\">mer och boka<\/a><\/strong><\/p>\n\n<hr class=\"wp-block-separator has-text-color has-alpha-channel-opacity has-background is-style-wide\" style=\"background-color:#000000;color:#000000\"\/>\n\n<div style=\"margin-top:8%;margin-bottom:8%\" class=\"wp-block-genesis-blocks-gb-container box gb-block-container\"><div class=\"gb-container-inside\"><div class=\"gb-container-content\">\n<div class=\"wp-block-columns inverse box_planif is-layout-flex wp-container-core-columns-is-layout-9d6595d7 wp-block-columns-is-layout-flex\">\n<div class=\"wp-block-column texte_planif is-layout-flow wp-block-column-is-layout-flow\" style=\"flex-basis:58%\">\n<h5 class=\"titre_box\">V\u00c5RT R\u00c5D F\u00d6R ATT HYRA DIN BIL P\u00c5 <span class=\"titre_box_manuscrit\">\nMadeira<\/span><\/h5>\n\n\n\n<ul style=\"font-size:14px\" class=\"liste_voiture wp-block-list\">\n<li>J\u00e4mf\u00f6r priser p\u00e5 v\u00e5r f\u00f6redragna plattform: <a href=\"https:\/\/www.discovercars.com\/se\/portugal\/madeira?a_aid=zigzag&amp;chan=madeira\" target=\"_blank\" rel=\"noreferrer noopener sponsored nofollow\">DiscoverCars<\/a> &#8211; en av de b\u00e4st rankade webbplatserna.<\/li>\n\n\n\n<li>Ta en bil med en bra motor f\u00f6r sluttande v\u00e4gar, men inte f\u00f6r stor f\u00f6r att kunna man\u00f6vreras.<\/li>\n\n\n\n<li>Det \u00e4r stor efterfr\u00e5gan och f\u00e5 bilar, s\u00e5 <strong>boka tidigt<\/strong>.<\/li>\n<\/ul>\n<\/div>\n\n\n\n<div class=\"wp-block-column planif-radius-3 is-layout-flow wp-block-column-is-layout-flow\" style=\"flex-basis:42%\">\n<figure class=\"wp-block-image size-large is-resized\"><img decoding=\"async\" src=\"https:\/\/photos.smugmug.com\/Travel\/Madeira\/2i-Miadouro\/i-j86nfB5\/2\/DRCCwrZmGLt2TxcQqRkkLrm3JR55K3NLchGxDNsx6\/S\/driving_Madeira-7130748-S.jpg\" alt=\"Biluthyrning p&#xE5; Madeira\" title=\"\"\/><\/figure>\n<\/div>\n<\/div>\n\n\n\n<div class=\"wp-block-columns planif_bouton is-layout-flex wp-container-core-columns-is-layout-9d6595d7 wp-block-columns-is-layout-flex\">\n<div class=\"wp-block-column is-layout-flow wp-block-column-is-layout-flow\" style=\"flex-basis:50%\">\n<div class=\"wp-block-buttons is-content-justification-center is-layout-flex wp-container-core-buttons-is-layout-16018d1d wp-block-buttons-is-layout-flex\">\n<div class=\"wp-block-button has-custom-font-size\" style=\"font-size:14px\"><a class=\"wp-block-button__link has-white-color has-text-color wp-element-button\" href=\"https:\/\/www.discovercars.com\/se\/portugal\/madeira?a_aid=zigzag&amp;amp;chan=madeira\" style=\"border-radius:4px\" target=\"_blank\" rel=\"noreferrer noopener\">Se bilarna &gt;&gt;<\/a><\/div>\n<\/div>\n<\/div>\n\n\n\n<div class=\"wp-block-column is-vertically-aligned-center is-layout-flow wp-block-column-is-layout-flow\" style=\"flex-basis:50%\">\n<p class=\"has-text-align-center\" style=\"font-size:14px\"><strong><a href=\"https:\/\/madeiralovers.com\/sv\/hur-hyr-bil-madeira-tips-erfarenhet\/\" target=\"_blank\" rel=\"noreferrer noopener\">Se v\u00e5ra r\u00e5d<\/a><\/strong><\/p>\n<\/div>\n<\/div>\n<\/div><\/div><\/div>\n\n<h2 class=\"wp-block-heading\">4. Verada dos Balcoes &#8211; PR11 (kort, l\u00e4tt och gr\u00f6n)<\/h2>\n\n<figure class=\"wp-block-image size-large\"><img decoding=\"async\" src=\"https:\/\/photos.smugmug.com\/Madeira-Lovers\/Ribeiro-Frio\/Verada-dos-Balcoes\/i-krTpqWb\/1\/FWh5SJ3TBjjv4pMMhtnRCfMXp4fJsFWwPnTwstKhW\/L\/Verada_dos_Balcoes_Madeira-9563-L.jpg\" alt=\"Verada dos Balcoes - PR11\"\/><\/figure>\n\n<h3 class=\"wp-block-heading\">Varf\u00f6r \u00e5ka dit? V\u00e5r uppfattning<\/h3>\n\n<p>Denna promenad, till skillnad fr\u00e5n de andra som n\u00e4mns i artikeln, \u00e4r bara delvis l\u00e4ngs en Levada. Den har inget att avundas dem och \u00e4r till och med en av v\u00e5ra favoritvandringar p\u00e5 Madeira! Vi rekommenderar varmt denna lugna promenad, s\u00e4rskilt i b\u00f6rjan av din vistelse! Vi tyckte verkligen att det var en perfekt introduktion till Madeira och dess skatter. Du kommer att uppt\u00e4cka<\/p>\n\n<ul class=\"wp-block-list\">\n<li>Madeiras frodiga flora och fauna<\/li>\n\n\n\n<li>hisnande utsikt \u00f6ver den lummiga gr\u00f6na dalen, havet och bergstopparna<\/li>\n\n\n\n<li>en Levada, \u00f6ns typiska bevattningskanal, byggd p\u00e5 1500-talet<\/li>\n<\/ul>\n\n<p>Om du vill veta mer kan du l\u00e4sa <a href=\"https:\/\/madeiralovers.com\/sv\/vandring-pr11-verada-balcoes-madeira\/\" type=\"post\" id=\"5929\" target=\"_blank\" rel=\"noreferrer noopener\">v\u00e5r artikel om vandringen Verada dos Balcoes<\/a>.<\/p>\n\n<figure class=\"wp-block-image size-large\"><img decoding=\"async\" src=\"https:\/\/photos.smugmug.com\/Madeira-Lovers\/Ribeiro-Frio\/Verada-dos-Balcoes\/i-bfRdPNv\/1\/CqKftdZZrL7Fk8r8zHp3FMKW4TPTnVnt5xrKh2j5H\/L\/Verada_dos_Balcoes_Madeira-7225224-L.jpg\" alt=\"Verada dos Balcoes - PR11\"\/><\/figure>\n\n<h3 class=\"wp-block-heading\">Anv\u00e4ndbara tips<\/h3>\n\n<ul class=\"wp-block-list\">\n<li><strong>Plats<\/strong>: Centrala \u00f6stra delen av \u00f6n, n\u00e4ra Ribeiro Frio.<br\/>Fr\u00e5n Funchal: 40 minuters bilresa  <br\/>Fr\u00e5n Porto da Cruz: 25min<\/li>\n\n\n\n<li><strong>Tilltr\u00e4de<\/strong>: Startpunkten ligger l\u00e4ngs bergsv\u00e4gen ER103. Det finns ingen s\u00e4rskild parkeringsplats. Ribeiro Frio kan n\u00e5s med kollektivtrafik.<\/li>\n\n\n\n<li><strong>\u00d6ppning av leden:<\/strong> kontrollera <strong>ledens<\/strong> tillg\u00e4nglighet innan du kommer <a href=\"https:\/\/visitmadeira.com\/en\/what-to-do\/nature-seekers\/activities\/hiking\/pr-11-vereda-dos-balcoes\/\" target=\"_blank\" rel=\"noreferrer noopener nofollow\">hit<\/a>.<\/li>\n\n\n\n<li>Entr\u00e9avgift<strong>:<\/strong> kom ih\u00e5g att betala entr\u00e9avgiften f\u00f6r att f\u00e5 tillg\u00e5ng till leden <a href=\"https:\/\/simplifica.madeira.gov.pt\/services\/78-82-259\" target=\"_blank\" rel=\"noreferrer noopener nofollow\">h\u00e4r.<\/a><\/li>\n\n\n\n<li><strong>Typ av rutt<\/strong>: tur och retur.<\/li>\n\n\n\n<li><strong>L\u00e4ngd<\/strong>: 3 km och cirka 1 timme tur och retur.<\/li>\n\n\n\n<li><strong>Sv\u00e5righetsgrad<\/strong>: Den h\u00e4r rutten \u00e4r <strong>l\u00e4tt<\/strong>. Det \u00e4r bara platt.<\/li>\n\n\n\n<li><strong>B\u00e4sta \u00f6gonblicket<\/strong>: Det spelar ingen roll. Men eftersom det inte finns n\u00e5gon s\u00e4rskild parkeringsplats och d\u00e4rf\u00f6r f\u00e5 parkeringsplatser, kan det underl\u00e4tta f\u00f6r dig att komma tidigt eller i slutet av dagen.<\/li>\n\n\n\n<li><strong>Infrastruktur<\/strong>: Det finns restauranger och andra butiker i Ribeiro Frio och ett caf\u00e9 med toaletter och en vacker utsiktsplats halvv\u00e4gs l\u00e4ngs rutten.<\/li>\n<\/ul>\n\n<h2 class=\"wp-block-heading\">5. Levada do Caldeirao Verde &#8211; PR9 (magnifik och uppfriskande)<\/h2>\n\n<figure class=\"wp-block-image size-large\"><img decoding=\"async\" src=\"https:\/\/photos.smugmug.com\/Madeira-Lovers\/Levada-Caldeira-Verde\/PR9-hike-Levada-Caldeirao-Verde-waterfall\/i-KpPT6Xs\/1\/D3ZFZVTStV8wgrN3zNtDqPVj5TWdxWqhF9V2gz5GJ\/L\/Levada_Caldeirao_verde_hike_Madeira-7240637-L.jpg\" alt=\"Levada do Caldeirao Verde - PR9\"\/><\/figure>\n\n<h3 class=\"wp-block-heading\">Varf\u00f6r bes\u00f6ka oss? V\u00e5r uppfattning<\/h3>\n\n<p>Levada do Caldeirao Verde (PR9) \u00e4r en annan av Madeiras finaste vandringsleder. Vi \u00e4lskade den gr\u00f6nskande milj\u00f6n, d\u00e4r du kan observera den frodiga endemiska floran l\u00e4ngs v\u00e4gen. Stigen leder till vattenfallet Caldeirao Verde. Den h\u00e4r vandringen \u00e4r l\u00e5ngt ifr\u00e5n tr\u00e5kig; rutten avbryts av 5 tunnlar som \u00e4r g\u00f6mda bland de fuktiga klippv\u00e4ggarna och vegetationen. Om du vill kan du till och med slutf\u00f6ra denna utforskning med en slinga till det vackra vattenfallet Caldeirao do Inferno. L\u00e4s v\u00e5r artikel om Levada do Caldeirao Verde om du vill veta mer.<br\/><br\/>Kort sagt, vi rekommenderar denna vandring som tar dig till en annan v\u00e4rld under n\u00e5gra timmar. <strong>Om du inte har bil eller vill vandra i grupp kan du v\u00e4lja en <a href=\"https:\/\/www.getyourguide.se\/madere-l67\/caldeirao-verde-promenade-levada-t31699\/?partner_id=R3GYW4V&amp;cmp=madeira\" target=\"_blank\" rel=\"noreferrer noopener sponsored nofollow\">halvdags guidad tur<\/a>!<\/strong><\/p>\n\n<figure class=\"wp-block-image size-large\"><img decoding=\"async\" src=\"https:\/\/photos.smugmug.com\/Madeira-Lovers\/Levada-Caldeira-Verde\/PR9-hike-Levada-Caldeirao-Verde-waterfall\/i-t8TRSct\/1\/FVzMzHJz6PpCbMnxTPRT6TDZB3VhczwtQBjrPjq9f\/L\/Levada_Caldeirao_verde_hike_Madeira-7240734-L.jpg\" alt=\"Levada do Caldeirao Verde - PR9\"\/><\/figure>\n\n<h3 class=\"wp-block-heading\">Anv\u00e4ndbara tips<\/h3>\n\n<ul class=\"wp-block-list\">\n<li><strong>Plats<\/strong>: Norra delen av \u00f6n, n\u00e4ra Santana, i Parque Florestal de Quiemadas.<br\/>Fr\u00e5n Funchal eller Sao Vincente, cirka 40 minuters bilresa.  <br\/>Fr\u00e5n Porto da Cruz: 20min<\/li>\n\n\n\n<li><strong>Tilltr\u00e4de<\/strong>: Rutten b\u00f6rjar fr\u00e5n parkeringen. Det \u00e4r inte m\u00f6jligt att ta sig dit med kollektivtrafik.<\/li>\n\n\n\n<li><strong>\u00d6ppning av leden:<\/strong> kontrollera <strong>ledens<\/strong> tillg\u00e4nglighet innan du kommer <a href=\"https:\/\/visitmadeira.com\/en\/what-to-do\/nature-seekers\/activities\/hiking\/pr-9-levada-do-caldeirao-verde\/\" target=\"_blank\" rel=\"noreferrer noopener nofollow\">hit<\/a>.<\/li>\n\n\n\n<li>Entr\u00e9avgift<strong>:<\/strong> kom ih\u00e5g att betala entr\u00e9avgiften f\u00f6r att f\u00e5 tillg\u00e5ng till leden <a href=\"https:\/\/simplifica.madeira.gov.pt\/services\/78-82-259\" target=\"_blank\" rel=\"noreferrer noopener nofollow\">h\u00e4r.<\/a><\/li>\n\n\n\n<li><strong>Typ av rutt<\/strong>: tur och retur.<\/li>\n\n\n\n<li><strong>L\u00e4ngd<\/strong>: 13 km och cirka 5h30 tur och retur. L\u00e4gg till ytterligare 4,5 km och cirka 2 timmars resa tur och retur om du vill forts\u00e4tta till vattenfallet Caldeirao do Inferno.<\/li>\n\n\n\n<li><strong>Sv\u00e5righetsgrad<\/strong>: Den h\u00e4r rutten \u00e4r <strong>l\u00e4tt<\/strong>. Rutten \u00e4r platt och ibland smal, med n\u00e5gra steg och trappor, och tunnlarna kan vara m\u00f6rka.<\/li>\n\n\n\n<li><strong>B\u00e4sta tiden<\/strong>: Den h\u00e4r promenaden \u00e4r mycket popul\u00e4r p\u00e5 \u00f6n, s\u00e5 vi rekommenderar att du g\u00e5r tidigt p\u00e5 morgonen eller sent p\u00e5 eftermiddagen.<\/li>\n\n\n\n<li><strong>Utrustning &amp; hj\u00e4lp<\/strong>medel: Ta med en mackintosh och ficklampa. Det finns ett caf\u00e9 och toaletter vid startpunkten, men efter det hittar du ingenting l\u00e4ngs v\u00e4gen.<\/li>\n<\/ul>\n\n<p>L\u00e4s mer om detta i <a href=\"https:\/\/madeiralovers.com\/sv\/vandra-levada-caldeirao-verde-madeira\/\" target=\"_blank\" rel=\"noreferrer noopener\">v\u00e5r s\u00e4rskilda artikel<\/a>!<\/p>\n\n<div style=\"background-color:#fefefe;margin-top:6%;margin-bottom:6%\" class=\"wp-block-genesis-blocks-gb-container box gb-block-container\"><div class=\"gb-container-inside\"><div class=\"gb-container-content\" style=\"max-width:700px\">\n<div class=\"wp-block-columns inverse is-layout-flex wp-container-core-columns-is-layout-9d6595d7 wp-block-columns-is-layout-flex\">\n<div class=\"wp-block-column texte_planif is-layout-flow wp-block-column-is-layout-flow\" style=\"flex-basis:58%\">\n<h5 class=\"titre_box\">V\u00c5R GUIDE TILL ATT PLANERA EN <span class=\"titre_box_manuscrit\">Dr\u00f6mresa<\/span><\/h5>\n\n\n\n<ul class=\"wp-block-list\">\n<li>7 kartor som underl\u00e4ttar planeringen<\/li>\n\n\n\n<li>+ 120 utvalda m\u00f6tesplatser  <\/li>\n\n\n\n<li>Praktiska r\u00e5d  <\/li>\n\n\n\n<li>+ 260 foton som hj\u00e4lper dig att v\u00e4lja<\/li>\n<\/ul>\n\n\n\n<div class=\"wp-block-buttons is-layout-flex wp-block-buttons-is-layout-flex\">\n<div class=\"wp-block-button\"><a class=\"wp-block-button__link has-theme-primary-background-color has-background wp-element-button\" href=\"https:\/\/madeiralovers.com\/sv\/ebook-reseguide-madeira\/\">Ta reda p\u00e5 mer &gt;&gt;<\/a><\/div>\n<\/div>\n<\/div>\n\n\n\n<div class=\"wp-block-column is-layout-flow wp-block-column-is-layout-flow\" style=\"flex-basis:42%\">\n<div class=\"wp-block-genesis-blocks-gb-container ebook-radius-waitlist gb-block-container\"><div class=\"gb-container-inside\"><div class=\"gb-container-content\"><div class=\"wp-block-image ebook-image\">\n<figure class=\"aligncenter size-full\"><img decoding=\"async\" src=\"https:\/\/madeiralovers.com\/wp-content\/uploads\/2024\/06\/Med-Madeira-Travel-Guide-ebook-cover-6.jpg\" alt=\"guide-resa-Madere-bok-omslag-medium\" class=\"wp-image-2412\"\/><\/figure>\n<\/div><\/div><\/div><\/div>\n<\/div>\n<\/div>\n<\/div><\/div><\/div>\n\n<h2 class=\"wp-block-heading\">6. Verada do Pico Ruivo &#8211; PR1.2 (hisnande utsikt)<\/h2>\n\n<figure class=\"wp-block-image size-large\"><img decoding=\"async\" src=\"https:\/\/photos.smugmug.com\/Madeira-Lovers\/Pico-Ruivo\/Pico-Ruivo-views\/i-DjRpRFD\/1\/CTtNTwXcQgTJfwLfBz2R9bXVfvsgJmFXjfwPmvthQ\/L\/Pico_Ruivo_viewpoint_Madeira-7235842-L.jpg\" alt=\"Verada do Pico Ruivo - PR1.2\"\/><\/figure>\n\n<h3 class=\"wp-block-heading\">Varf\u00f6r \u00e5ka dit? V\u00e5r uppfattning<\/h3>\n\n<p>Vandringen Vereda do Pico Ruivo (PR1.2) \u00e4r en av Madeiras mest symboliska vandringsleder! Den leder till en av \u00f6ns h\u00f6gsta punkter: Pico Ruivo, som n\u00e5r 1862 meter \u00f6ver havet. Vi rekommenderar varmt denna promenad, som kommer att fylla dina \u00f6gon med f\u00f6rundran. Vi blev f\u00f6rv\u00e5nade \u00f6ver den hisnande utsikten \u00f6ver bergen och dalarna. Beroende p\u00e5 v\u00e4dret kan du beundra molnen som slickar bergstopparna och str\u00e4cker sig s\u00e5 l\u00e5ngt \u00f6gat kan se. En extraordin\u00e4r show som verkligen p\u00e5verkade v\u00e5r resa.<\/p>\n\n<p class=\"has-text-align-center\"><strong>Varf\u00f6r inte v\u00e4lja en guidad soluppg\u00e5ngsvandring p\u00e5 Pico Ruivo,<\/strong> <strong>med upph\u00e4mtning p\u00e5 hotellet? <a href=\"https:\/\/www.getyourguide.se\/madere-l67\/madere-randonnee-guidee-au-lever-du-soleil-au-pico-ruivo-avec-ramassage-a-l-hotel-t434059\/?partner_id=R3GYW4V&amp;cmp=madeira\" target=\"_blank\" rel=\"noreferrer noopener sponsored nofollow\">F\u00f6r att f\u00e5 reda p\u00e5 mer<\/a><\/strong><\/p>\n\n<figure class=\"wp-block-image size-large\"><img decoding=\"async\" src=\"https:\/\/photos.smugmug.com\/Madeira-Lovers\/Pico-Ruivo\/Pico-Ruivo-views\/i-bv4Hg6X\/1\/D3HQPCHKpKWV5XBK6S5ZBFWWnDNDZP22GtP3fLSZj\/L\/Pico_Ruivo_viewpoint_Madeira-7235821-L.jpg\" alt=\"Verada do Pico Ruivo - PR1.2\"\/><\/figure>\n\n<h3 class=\"wp-block-heading\">Anv\u00e4ndbara tips<\/h3>\n\n<ul class=\"wp-block-list\">\n<li><strong>Plats<\/strong>: p\u00e5 nord\u00f6stra delen av \u00f6n, n\u00e4ra Santana.<br\/>Fr\u00e5n <a href=\"https:\/\/madeiralovers.com\/sv\/sevardheter-funchal-att-gora\/\" target=\"_blank\" rel=\"noreferrer noopener\">Funchal<\/a> eller <a href=\"https:\/\/madeiralovers.com\/sv\/sevardheter-porto-moniz-att-gora\/\" type=\"post\" id=\"1574\" target=\"_blank\" rel=\"noreferrer noopener\">Porto Moniz<\/a>: 1 timmes bilresa<\/li>\n\n\n\n<li><strong>Tilltr\u00e4de<\/strong>: Starten \u00e4r l\u00e4tt att n\u00e5. Rutten g\u00e5r <em>via<\/em> en asfalterad v\u00e4g fr\u00e5n Santana, som \u00e4r l\u00e4tt att k\u00f6ra. Vid slutet av v\u00e4gen ligger den stora parkeringen Achada do Teixeira.<\/li>\n\n\n\n<li><strong>\u00d6ppning av leden:<\/strong> kontrollera <strong>ledens<\/strong> tillg\u00e4nglighet innan du kommer <a href=\"https:\/\/visitmadeira.com\/en\/what-to-do\/nature-seekers\/activities\/hiking\/pr-12-vereda-do-pico-ruivo\/\" target=\"_blank\" rel=\"noreferrer noopener nofollow\">hit<\/a>.<\/li>\n\n\n\n<li>Entr\u00e9avgift<strong>:<\/strong> kom ih\u00e5g att betala entr\u00e9avgiften f\u00f6r att f\u00e5 tillg\u00e5ng till leden <a href=\"https:\/\/simplifica.madeira.gov.pt\/services\/78-82-259\" target=\"_blank\" rel=\"noreferrer noopener nofollow\">h\u00e4r.<\/a><\/li>\n\n\n\n<li><strong>Typ<\/strong> av f\u00e4rdv\u00e4g: tur och retur<\/li>\n\n\n\n<li><strong>L\u00e4ngd<\/strong>: 6 km tur och retur, cirka 3 timmars vandring.<\/li>\n\n\n\n<li><strong>Sv\u00e5righetsgrad<\/strong>: Vi tyckte att hela leden var l\u00e4tt, men beroende p\u00e5 din kondition kan den sista kl\u00e4ttringen till toppen vara mindre l\u00e4tt. Vi rekommenderar helt enkelt att du tar dig tid att utforska den. Observera att det inte finns n\u00e5gon skugga p\u00e5 stigen.<\/li>\n\n\n\n<li><strong>B\u00e4sta tiden<\/strong>: vi tycker att den b\u00e4sta tiden \u00e4r i gryningen. S\u00e5 du kan beundra soluppg\u00e5ngen och de klippiga topparna ovanf\u00f6r molnen.<\/li>\n\n\n\n<li><strong>Faciliteter<\/strong>: Du hittar en restaurang p\u00e5 den avgiftsbelagda toalettparkeringen vid foten av Pico Ruivo, f\u00f6re den sista stigningen.<\/li>\n<\/ul>\n\n<h2 class=\"wp-block-heading\">7. Verada do Fanal &#8211; PR13 (ovanlig)<\/h2>\n\n<figure class=\"wp-block-image size-large\"><img decoding=\"async\" src=\"https:\/\/photos.smugmug.com\/Madeira-Lovers\/Bica-da-Cana-Fanal\/Fanal-Forest\/i-wz7fS5V\/1\/C6rHQWr9bX3trM3rbxgnFrB7HSqZ9MbZwhN6tV9wG\/L\/Fanal_Forest_Madeira-7151832-L.jpg\" alt=\"Verada do Fanal - PR13\"\/><\/figure>\n\n<h3 class=\"wp-block-heading\">Varf\u00f6r bes\u00f6ka oss? V\u00e5r uppfattning<\/h3>\n\n<p>Den h\u00e4r vandringen genom hj\u00e4rtat av Madeiras Laurissilva-skog (som \u00e4ven omfattar Fanal-skogen), som finns med p\u00e5 UNESCO:s v\u00e4rldsarvslista, \u00e4r verkligen f\u00f6rtrollande! P\u00e5 en h\u00f6jd av 1437 meter hittar du hundra\u00e5riga tr\u00e4d med vridna former. F\u00f6r en g\u00e5ngs skull, om du kan, rekommenderar vi att du bes\u00f6ker den h\u00e4r webbplatsen en dimmig dag. Upplevelsen kommer att bli desto mer mystisk! Vi fick veta att denna inhemska skog en g\u00e5ng i tiden var mycket vanlig i s\u00f6dra Europa och p\u00e5 en stor del av \u00f6n. Idag \u00e4r ett av de st\u00f6rsta kvarvarande omr\u00e5dena Plateau Paul da Serra p\u00e5 Madeira.<\/p>\n\n<p class=\"has-text-align-center\"><strong>Om du inte har en bil, v\u00e4lj en tur-och-retur-transfer f\u00f6r att utforska For\u00eat de Fanal med stil!  <a href=\"https:\/\/www.getyourguide.se\/madere-l67\/funchal-transfert-aller-retour-dans-la-foret-de-fanal-t557573\/?partner_id=R3GYW4V&amp;cmp=madeira\" target=\"_blank\" rel=\"noreferrer noopener sponsored nofollow\">Se priser och boka<\/a><\/strong><\/p>\n\n<figure class=\"wp-block-image size-large\"><img decoding=\"async\" src=\"https:\/\/photos.smugmug.com\/Madeira-Lovers\/Bica-da-Cana-Fanal\/Fanal-Forest\/i-pmRQ9sq\/1\/9dhKgfZ2R6g6V85ScxkFCpvwG4W3rNd9WmmLkkPK\/L\/Fanal_Forest_Madeira-8788-L.jpg\" alt=\"Verada do Fanal - PR13\"\/><\/figure>\n\n<h3 class=\"wp-block-heading\">Anv\u00e4ndbara tips<\/h3>\n\n<ul class=\"wp-block-list\">\n<li><strong>L\u00e4ge<\/strong>: i mitten av \u00f6n, n\u00e4ra Arco da Calheta.<br\/>Fr\u00e5n Funchal: 1 timmes bilresa  <br\/>Fr\u00e5n <a href=\"https:\/\/madeiralovers.com\/sv\/sevardheter-porto-moniz-att-gora\/\" target=\"_blank\" rel=\"noreferrer noopener\">Porto Moniz<\/a>: 30min<\/li>\n\n\n\n<li><strong>Tillfart<\/strong>: F\u00f6r att komma till Foret de Fanal, ta v\u00e4g 209, i slutet av vilken det finns en stor parkeringsplats och b\u00f6rjan p\u00e5 leden.<\/li>\n\n\n\n<li><strong>\u00d6ppning av leden:<\/strong> kontrollera <strong>ledens<\/strong> tillg\u00e4nglighet innan du kommer <a href=\"https:\/\/visitmadeira.com\/en\/what-to-do\/nature-seekers\/activities\/hiking\/pr-13-vereda-do-fanal\/\" target=\"_blank\" rel=\"noreferrer noopener nofollow\">hit<\/a>.<\/li>\n\n\n\n<li>Entr\u00e9avgift<strong>:<\/strong> kom ih\u00e5g att betala entr\u00e9avgiften f\u00f6r att f\u00e5 tillg\u00e5ng till leden <a href=\"https:\/\/simplifica.madeira.gov.pt\/services\/78-82-259\" target=\"_blank\" rel=\"noreferrer noopener nofollow\">h\u00e4r.<\/a><\/li>\n\n\n\n<li><strong>Typ av rutt<\/strong>: tur och retur. Om du vill kan du dock ta en taxi endast f\u00f6r utresan.<\/li>\n\n\n\n<li><strong>Varaktighet<\/strong>: 20 km och 5 timmar tur och retur mellan Plateau Paul da Serra och Fanal.<\/li>\n\n\n\n<li><strong>Sv\u00e5righeter<\/strong>: inget att rapportera f\u00f6rutom n\u00e5gra steg. Det h\u00e4r \u00e4r en l\u00e4tt till m\u00e5ttlig promenad.<\/li>\n\n\n\n<li><strong>B\u00e4sta \u00f6gonblicket<\/strong>: Det \u00e4r upp till dig! Om v\u00e4dret \u00e4r bra kan du njuta av den vackra utsikten \u00f6ver plat\u00e5n. Om atmosf\u00e4ren \u00e4r dimmig blir upplevelsen mystisk.<\/li>\n\n\n\n<li><strong>Utrustning och faciliteter<\/strong>: Om du vandrar i dimma, se till att du f\u00f6ljer leden med hj\u00e4lp av GPS:en i din telefon, till exempel med appen AllTrails. Med minskad sikt \u00e4r risken f\u00f6r att g\u00e5 vilse st\u00f6rre. Vi s\u00e5g n\u00e5gra toaletter p\u00e5 parkeringen vid For\u00eat de Fanal.<\/li>\n<\/ul>\n\n<div style=\"margin-top:8%;margin-bottom:8%\" class=\"wp-block-genesis-blocks-gb-container box gb-block-container\"><div class=\"gb-container-inside\"><div class=\"gb-container-content\">\n<div class=\"wp-block-columns inverse is-layout-flex wp-container-core-columns-is-layout-9d6595d7 wp-block-columns-is-layout-flex\">\n<div class=\"wp-block-column texte_planif is-layout-flow wp-block-column-is-layout-flow\" style=\"flex-basis:58%\">\n<h5 class=\"titre_box\">V\u00c5R FAVORITAKTIVITET p\u00e5 <span class=\"titre_box_manuscrit\">Madeira<\/span><\/h5>\n\n\n\n<p style=\"font-size:14px\">Katamarantur f\u00f6r att se delfiner och Madeiras j\u00e4tteklippor.<\/p>\n\n\n\n<p style=\"font-size:14px\"><a href=\"https:\/\/www.getyourguide.se\/s?q=Funchal+dauphins+catamaran&amp;searchSource=8&amp;partner_id=R3GYW4V&amp;cmp=madeira\" target=\"_blank\" rel=\"noreferrer noopener sponsored nofollow\">Se program och tillg\u00e4nglighet &#8211; och boka!<\/a><\/p>\n<\/div>\n\n\n\n<div class=\"wp-block-column ville-radius is-layout-flow wp-block-column-is-layout-flow\" style=\"flex-basis:42%\">\n<figure class=\"wp-block-image size-large is-resized img-portrait\"><img decoding=\"async\" src=\"https:\/\/photos.smugmug.com\/Travel\/Madeira\/9c-Dolphins\/i-whpFzdc\/1\/2fa5ccf1\/L\/dolphin_cruise_boat_Tour_Madeira-7204502-L.jpg\" alt=\"\" style=\"width:319px;height:303px\" title=\"\"\/><\/figure>\n<\/div>\n<\/div>\n<\/div><\/div><\/div>\n\n<h2 class=\"wp-block-heading\">8. Vereda da Ladeira &#8211; RB1 (Rota da Banana)<\/h2>\n\n<figure class=\"wp-block-image size-large\"><img decoding=\"async\" src=\"https:\/\/photos.smugmug.com\/Madeira-Lovers\/Madalena-do-Mar\/i-3dRGfHB\/1\/Dqnwnv4R99tmTKBr5JGtbjrkx6SqgFrq5bGLS7sx\/L\/Madalena_do_Mar_Madeira-9026-L.jpg\" alt=\"Rota da Banana - RB1\"\/><\/figure>\n\n<h3 class=\"wp-block-heading\">Varf\u00f6r \u00e5ka dit? V\u00e5r uppfattning<\/h3>\n\n<p>Den h\u00e4r roliga lilla promenaden ger dig m\u00f6jlighet att tillbringa lite tid under banantr\u00e4den. Du kommer att uppt\u00e4cka hur den ber\u00f6mda Levada, vid foten av bergen, faktiskt anv\u00e4nds. Vi \u00e4lskade den tid vi tillbringade p\u00e5 plantagerna med Madeiras ber\u00f6mda s\u00f6ta sm\u00e5 bananer.<\/p>\n\n<figure class=\"wp-block-image size-large\"><img decoding=\"async\" src=\"https:\/\/photos.smugmug.com\/Madeira-Lovers\/Madalena-do-Mar\/i-X8ZbXSw\/1\/FHj7DgbPFQDKKMc3FLQ3NcM7f54pVVwMF2hmTLgVN\/L\/Madalena_do_Mar_Madeira-7162772-L.jpg\" alt=\"Rota da Banana - RB1\"\/><\/figure>\n\n<h3 class=\"wp-block-heading\">Anv\u00e4ndbara tips<\/h3>\n\n<ul class=\"wp-block-list\">\n<li><strong>Plats<\/strong>: Madalena do Mar, i sydv\u00e4stra delen av \u00f6n.<br\/>Fr\u00e5n <a href=\"https:\/\/madeiralovers.com\/sv\/sevardheter-ponta-do-sol-att-gora\/\" target=\"_blank\" rel=\"noreferrer noopener\">Ponta do Sol<\/a>: mindre \u00e4n 10 minuters bilresa<br\/>Fr\u00e5n Funchal = 30 minuters bilresa<\/li>\n\n\n\n<li><strong>Tilltr\u00e4de<\/strong>: Startpunkten ligger l\u00e4ngs <em>Rua do IV Centenario<\/em>. Det finns ingen s\u00e4rskild parkeringsplats, men du kan parkera i byn. Byn kan n\u00e5s med allm\u00e4nna kommunikationer.<\/li>\n\n\n\n<li><strong>\u00d6ppettider och kostnader:<\/strong> de flesta vandringar \u00e4r nu avgiftsbelagda, kontrollera villkoren med turistbyr\u00e5n <a href=\"https:\/\/visitmadeira.com\/en\/what-to-do\/nature-seekers\/activities\/hiking\/\" target=\"_blank\" rel=\"noreferrer noopener nofollow\">h\u00e4r.<\/a><\/li>\n\n\n\n<li><strong>Typ av rutt<\/strong>: slinga.<\/li>\n\n\n\n<li><strong>L\u00e4ngd<\/strong>: 1,9 km och mellan 10 och 30 minuter beroende p\u00e5 dina \u00f6nskem\u00e5l.<\/li>\n\n\n\n<li><strong>Sv\u00e5righetsgrad<\/strong>: Den h\u00e4r rutten \u00e4r <strong>mycket<\/strong> <strong>l\u00e4tt<\/strong>. Allt \u00e4r platt och stigen \u00e4r v\u00e4l skyltad.<\/li>\n\n\n\n<li><strong>B\u00e4sta \u00f6gonblicket<\/strong>: Det spelar ingen roll.<\/li>\n\n\n\n<li><strong>Infrastruktur<\/strong>: det finns kaf\u00e9er och restauranger i Madalena do Mar<\/li>\n<\/ul>\n\n<h2 class=\"wp-block-heading\">9. Verada do Larano (klippa, fantastisk utsikt)<\/h2>\n\n<figure class=\"wp-block-image size-large is-resized\"><img decoding=\"async\" src=\"https:\/\/photos.smugmug.com\/Madeira-Lovers\/Miradouros\/Miradouro-da-Portela\/i-qdtG2b7\/1\/FKshtrT8ftJStgZhf2MJHd8MkHxS5PNfSZfshhCKK\/L\/Miradouro_da_Portela_Madeira-7225501-L.jpg\" alt=\"Verado do Larano  \" style=\"width:701px;height:auto\"\/><figcaption class=\"wp-element-caption\">Utsikt \u00f6ver Penha de \u00c1guia Porto da Cruz fr\u00e5n Miradouro da Portela<\/figcaption><\/figure>\n\n<h3 class=\"wp-block-heading\">Varf\u00f6r \u00e5ka dit? V\u00e5r uppfattning<\/h3>\n\n<p>Vereda do Larano \u00e4r en spektakul\u00e4r promenad p\u00e5 Madeiras \u00f6stkust. Vi \u00e4lskade den h\u00e4r imponerande stigen l\u00e4ngs de branta klipporna. H\u00e4r erbjuds en hisnande panoramautsikt \u00f6ver Atlanten och \u00f6ns kustlandskap. S\u00e4rskilt p\u00e5 den ber\u00f6mda Penha de Aguia. Dessutom b\u00f6rjar vandringen l\u00e4ngs en av <a href=\"https:\/\/madeiralovers.com\/sv\/basta-levadas-madeira\/\" target=\"_blank\" rel=\"noreferrer noopener\">Madeiras ber\u00f6mda Levadas<\/a>! En m\u00f6jlighet att uppt\u00e4cka \u00f6ns gamla vattenv\u00e4gar.<\/p>\n\n<figure class=\"wp-block-image size-large\"><img decoding=\"async\" src=\"https:\/\/photos.smugmug.com\/Madeira-Lovers\/Miradouros\/Miradouro-da-Portela\/i-ggcwS2G\/1\/CPgFnJLjjN9FJM2PLpSXM74Jtzm4DM63JjCXWRxfn\/L\/Miradouro_da_Portela_Madeira-7225523-L.jpg\" alt=\"Verado do Larano  \"\/><figcaption class=\"wp-element-caption\">Utsikt \u00f6ver Penha de \u00c1guia Porto da Cruz fr\u00e5n Miradouro da Portela<\/figcaption><\/figure>\n\n<h3 class=\"wp-block-heading\">Anv\u00e4ndbara tips<\/h3>\n\n<ul class=\"wp-block-list\">\n<li><strong>Plats<\/strong>: p\u00e5 nord\u00f6stra delen av \u00f6n, n\u00e4ra Porto da Cruz.<br\/>Fr\u00e5n Funchal: 50 minuters bilresa och fr\u00e5n <a href=\"https:\/\/madeiralovers.com\/sv\/sevardheter-sao-vicente-madeira-besok\/\" target=\"_blank\" rel=\"noreferrer noopener\">Sao Vincente<\/a>: 1 timme<\/li>\n\n\n\n<li><strong>Tilltr\u00e4de<\/strong>: leden b\u00f6rjar n\u00e4ra Machico, bredvid den gamla tunneln som f\u00f6rbinder Machico med Cani\u00e7al.<a href=\"https:\/\/www.visitmachico.com\/pt\/sentir\/natureza-terra\/veredas-e-levadas\/veredas-da-boca-do-risco-e-do-larano\" target=\"_blank\" rel=\"noreferrer noopener\"><\/a><a href=\"https:\/\/walkmeguide.com\/fr\/madeira\/trail\/45\/vereda-do-larano\/\" target=\"_blank\" rel=\"noreferrer noopener\"><\/a>. Detta \u00e4r den vanligaste utg\u00e5ngspunkten. <a href=\"https:\/\/www.journeyera.com\/vereda-do-larano-hike\/\" target=\"_blank\" rel=\"noreferrer noopener\"><\/a>Du kan ocks\u00e5 b\u00f6rja vandringen fr\u00e5n Porto da Cruz och avsluta den i Machico.<\/li>\n\n\n\n<li><strong>\u00d6ppettider och kostnader:<\/strong> de flesta vandringar \u00e4r nu avgiftsbelagda, kontrollera villkoren med turistbyr\u00e5n <a href=\"https:\/\/visitmadeira.com\/en\/what-to-do\/nature-seekers\/activities\/hiking\/\" target=\"_blank\" rel=\"noreferrer noopener nofollow\">h\u00e4r.<\/a><\/li>\n\n\n\n<li><strong>Typ av linje<\/strong>: enkelriktad fr\u00e5n Porto da Cruz till Machico.<\/li>\n\n\n\n<li><strong>L\u00e4ngd<\/strong>: 13 km och cirka 4 timmar.<\/li>\n\n\n\n<li><strong>Sv\u00e5righetsgrad<\/strong>: detta \u00e4r en promenad p\u00e5 medelniv\u00e5. Inga s\u00e4rskilda sv\u00e5righeter f\u00f6rutom n\u00e5gra branta upp- och nedf\u00f6rsbackar p\u00e5 en stig p\u00e5 en klippa.<\/li>\n\n\n\n<li><strong>B\u00e4sta tiden<\/strong>: Vi rekommenderar att du g\u00e5r i b\u00f6rjan eller slutet av dagen f\u00f6r att undvika v\u00e4rmen.<\/li>\n<\/ul>\n\n<div style=\"background-color:#fefefe;margin-top:6%;margin-bottom:6%\" class=\"wp-block-genesis-blocks-gb-container box gb-block-container\"><div class=\"gb-container-inside\"><div class=\"gb-container-content\" style=\"max-width:700px\">\n<div class=\"wp-block-columns inverse is-layout-flex wp-container-core-columns-is-layout-9d6595d7 wp-block-columns-is-layout-flex\">\n<div class=\"wp-block-column texte_planif is-layout-flow wp-block-column-is-layout-flow\" style=\"flex-basis:58%\">\n<h5 class=\"titre_box\">Ta emot v\u00e5rt <span class=\"titre_box_manuscrit\">nyhetsbrev<\/span><\/h5>\n\n\n\n<ul class=\"wp-block-list\">\n<li>En frisk fl\u00e4kt i ditt dagliga liv p\u00e5 de vackra destinationerna i Region Lovers!<\/li>\n\n\n\n<li>En g\u00e5ng i m\u00e5naden<\/li>\n\n\n\n<li>Reklamfri<\/li>\n<\/ul>\n\n\n<script>\nvar gform;gform||(document.addEventListener(\"gform_main_scripts_loaded\",function(){gform.scriptsLoaded=!0}),document.addEventListener(\"gform\/theme\/scripts_loaded\",function(){gform.themeScriptsLoaded=!0}),window.addEventListener(\"DOMContentLoaded\",function(){gform.domLoaded=!0}),gform={domLoaded:!1,scriptsLoaded:!1,themeScriptsLoaded:!1,isFormEditor:()=>\"function\"==typeof InitializeEditor,callIfLoaded:function(o){return!(!gform.domLoaded||!gform.scriptsLoaded||!gform.themeScriptsLoaded&&!gform.isFormEditor()||(gform.isFormEditor()&&console.warn(\"The use of gform.initializeOnLoaded() is deprecated in the form editor context and will be removed in Gravity Forms 3.1.\"),o(),0))},initializeOnLoaded:function(o){gform.callIfLoaded(o)||(document.addEventListener(\"gform_main_scripts_loaded\",()=>{gform.scriptsLoaded=!0,gform.callIfLoaded(o)}),document.addEventListener(\"gform\/theme\/scripts_loaded\",()=>{gform.themeScriptsLoaded=!0,gform.callIfLoaded(o)}),window.addEventListener(\"DOMContentLoaded\",()=>{gform.domLoaded=!0,gform.callIfLoaded(o)}))},hooks:{action:{},filter:{}},addAction:function(o,r,e,t){gform.addHook(\"action\",o,r,e,t)},addFilter:function(o,r,e,t){gform.addHook(\"filter\",o,r,e,t)},doAction:function(o){gform.doHook(\"action\",o,arguments)},applyFilters:function(o){return gform.doHook(\"filter\",o,arguments)},removeAction:function(o,r){gform.removeHook(\"action\",o,r)},removeFilter:function(o,r,e){gform.removeHook(\"filter\",o,r,e)},addHook:function(o,r,e,t,n){null==gform.hooks[o][r]&&(gform.hooks[o][r]=[]);var d=gform.hooks[o][r];null==n&&(n=r+\"_\"+d.length),gform.hooks[o][r].push({tag:n,callable:e,priority:t=null==t?10:t})},doHook:function(r,o,e){var t;if(e=Array.prototype.slice.call(e,1),null!=gform.hooks[r][o]&&((o=gform.hooks[r][o]).sort(function(o,r){return o.priority-r.priority}),o.forEach(function(o){\"function\"!=typeof(t=o.callable)&&(t=window[t]),\"action\"==r?t.apply(null,e):e[0]=t.apply(null,e)})),\"filter\"==r)return e[0]},removeHook:function(o,r,t,n){var e;null!=gform.hooks[o][r]&&(e=(e=gform.hooks[o][r]).filter(function(o,r,e){return!!(null!=n&&n!=o.tag||null!=t&&t!=o.priority)}),gform.hooks[o][r]=e)}});\n<\/script>\n\n                <div class='gf_browser_gecko gform_wrapper gravity-theme gform-theme--no-framework waitlist_wrapper' data-form-theme='gravity-theme' data-form-index='0' id='gform_wrapper_2' >\n                        <div class='gform_heading'>\n                            <p class='gform_description'><\/p>\n                        <\/div><form method='post' enctype='multipart\/form-data'  id='gform_2' class='waitlist' action='\/sv\/wp-json\/wp\/v2\/posts\/3254' data-formid='2' novalidate> \r\n <input type='hidden' class='gforms-pum' value='{\"closepopup\":false,\"closedelay\":0,\"openpopup\":false,\"openpopup_id\":0}' \/>\n                        <div class='gform-body gform_body'><div id='gform_fields_2' class='gform_fields top_label form_sublabel_below description_below validation_below'><div id=\"field_2_5\" class=\"gfield gfield--type-honeypot gform_validation_container field_sublabel_below gfield--has-description field_description_below field_validation_below gfield_visibility_visible\"  ><label class='gfield_label gform-field-label' for='input_2_5'>LinkedIn<\/label><div class='ginput_container'><input name='input_5' id='input_2_5' type='text' value='' autocomplete='new-password'\/><\/div><div class='gfield_description' id='gfield_description_2_5'>Detta f\u00e4lt anv\u00e4nds f\u00f6r validerings\u00e4ndam\u00e5l och ska l\u00e4mnas of\u00f6r\u00e4ndrat.<\/div><\/div><div id=\"field_2_1\" class=\"gfield gfield--type-email gfield--input-type-email gfield_contains_required field_sublabel_below gfield--no-description field_description_below hidden_label field_validation_below gfield_visibility_visible\"  ><label class='gfield_label gform-field-label' for='input_2_1'>E-post<span class=\"gfield_required\"><span class=\"gfield_required gfield_required_text\">(Obligatoriskt)<\/span><\/span><\/label><div class='ginput_container ginput_container_email'>\n                            <input name='input_1' id='input_2_1' type='email' value='' class='large'    aria-required=\"true\" aria-invalid=\"false\"  \/>\n                        <\/div><\/div><fieldset id=\"field_2_3\" class=\"gfield gfield--type-consent gfield--type-choice gfield--input-type-consent gfield_contains_required field_sublabel_below gfield--no-description field_description_below hidden_label field_validation_below gfield_visibility_visible\"  ><legend class='gfield_label gform-field-label gfield_label_before_complex' >RGPD<span class=\"gfield_required\"><span class=\"gfield_required gfield_required_text\">(Obligatoriskt)<\/span><\/span><\/legend><div class='ginput_container ginput_container_consent'><input name='input_3.1' id='input_2_3_1' type='checkbox' value='1'   aria-required=\"true\" aria-invalid=\"false\"   \/> <label class=\"gform-field-label gform-field-label--type-inline gfield_consent_label\" for='input_2_3_1' >Ja, jag vill prenumerera p\u00e5 det m\u00e5natliga nyhetsbrevet<span class=\"gfield_required gfield_required_text\">(Obligatoriskt)<\/span><\/label><input type='hidden' name='input_3.2' value='Ja, jag vill prenumerera p\u00e5 det m\u00e5natliga nyhetsbrevet' class='gform_hidden' \/><input type='hidden' name='input_3.3' value='1' class='gform_hidden' \/><\/div><\/fieldset><div id=\"field_2_4\" class=\"gfield gfield--type-website gfield--input-type-website field_sublabel_below gfield--no-description field_description_below field_validation_below gfield_visibility_hidden\"  ><div class=\"admin-hidden-markup\"><i class=\"gform-icon gform-icon--hidden\" aria-hidden=\"true\" title=\"Detta f\u00e4lt \u00e4r dolt n\u00e4r formul\u00e4ret visas\"><\/i><span>Detta f\u00e4lt \u00e4r dolt n\u00e4r formul\u00e4ret visas<\/span><\/div><label class='gfield_label gform-field-label' for='input_2_4'>Webbplats<\/label><div class='ginput_container ginput_container_website'>\n                    <input name='input_4' id='input_2_4' type='url' value='https:\/\/madeiralovers.com\/sv\/wp-json\/wp\/v2\/posts\/3254' class='large'    placeholder='https:\/\/'  aria-invalid=\"false\" \/>\n                <\/div><\/div><\/div><\/div>\n        <div class='gform-footer gform_footer top_label'> <input type='submit' id='gform_submit_button_2' class='gform_button button' onclick='gform.submission.handleButtonClick(this);' data-submission-type='submit' value='Registrera dig'  \/> \n            <input type='hidden' class='gform_hidden' name='gform_submission_method' data-js='gform_submission_method_2' value='postback' \/>\n            <input type='hidden' class='gform_hidden' name='gform_theme' data-js='gform_theme_2' id='gform_theme_2' value='gravity-theme' \/>\n            <input type='hidden' class='gform_hidden' name='gform_style_settings' data-js='gform_style_settings_2' id='gform_style_settings_2' value='{&quot;theme&quot;:&quot;gravity-theme&quot;,&quot;inputPrimaryColor&quot;:&quot;#72bb20&quot;,&quot;buttonPrimaryBackgroundColor&quot;:&quot;#72bb20&quot;}' \/>\n            <input type='hidden' class='gform_hidden' name='is_submit_2' value='1' \/>\n            <input type='hidden' class='gform_hidden' name='gform_submit' value='2' \/>\n            \n            <input type='hidden' class='gform_hidden' name='gform_currency' data-currency='EUR' value='nMnfGragvg3qbEbEo6SAmKarog9kzm5qB8UYMau95J7AfXEx9eiWT2Stlw8MBCMdMv2US\/n0CDuRdb5TztIASEA7mpu8wEoGrQ5HyG3cPazBfQM=' \/>\n            <input type='hidden' class='gform_hidden' name='gform_unique_id' value='' \/>\n            <input type='hidden' class='gform_hidden' name='state_2' value='WyJ7XCIzLjFcIjpcImMzMjZlZjU3NGQwMWFmNjhhYTg1YTk2ODk5ZTAyYmU1XCIsXCIzLjJcIjpcImRiZjgwNzk4NzJkMDIxMWZhZDRkNGQ0YThjZWFiNDMzXCIsXCIzLjNcIjpcImMzMjZlZjU3NGQwMWFmNjhhYTg1YTk2ODk5ZTAyYmU1XCJ9IiwiZmU2YmJkZjRkODMwZDk1MDhjNDgwYmMwMzI2MGUwZjciXQ==' \/>\n            <input type='hidden' autocomplete='off' class='gform_hidden' name='gform_target_page_number_2' id='gform_target_page_number_2' value='0' \/>\n            <input type='hidden' autocomplete='off' class='gform_hidden' name='gform_source_page_number_2' id='gform_source_page_number_2' value='1' \/>\n            <input type='hidden' name='gform_field_values' value='' \/>\n            \n        <\/div>\n                        <\/form>\n                        <\/div><script>\ngform.initializeOnLoaded( function() {gformInitSpinner( 2, 'https:\/\/madeiralovers.com\/wp-content\/plugins\/gravityforms\/images\/spinner.svg', true );jQuery('#gform_ajax_frame_2').on('load',function(){var contents = jQuery(this).contents().find('*').html();var is_postback = contents.indexOf('GF_AJAX_POSTBACK') >= 0;if(!is_postback){return;}var form_content = jQuery(this).contents().find('#gform_wrapper_2');var is_confirmation = jQuery(this).contents().find('#gform_confirmation_wrapper_2').length > 0;var is_redirect = contents.indexOf('gformRedirect(){') >= 0;var is_form = form_content.length > 0 && ! is_redirect && ! is_confirmation;var mt = parseInt(jQuery('html').css('margin-top'), 10) + parseInt(jQuery('body').css('margin-top'), 10) + 100;if(is_form){jQuery('#gform_wrapper_2').html(form_content.html());if(form_content.hasClass('gform_validation_error')){jQuery('#gform_wrapper_2').addClass('gform_validation_error');} else {jQuery('#gform_wrapper_2').removeClass('gform_validation_error');}setTimeout( function() { \/* delay the scroll by 50 milliseconds to fix a bug in chrome *\/  }, 50 );if(window['gformInitDatepicker']) {gformInitDatepicker();}if(window['gformInitPriceFields']) {gformInitPriceFields();}var current_page = jQuery('#gform_source_page_number_2').val();gformInitSpinner( 2, 'https:\/\/madeiralovers.com\/wp-content\/plugins\/gravityforms\/images\/spinner.svg', true );jQuery(document).trigger('gform_page_loaded', [2, current_page]);window['gf_submitting_2'] = false;}else if(!is_redirect){var confirmation_content = jQuery(this).contents().find('.GF_AJAX_POSTBACK').html();if(!confirmation_content){confirmation_content = contents;}jQuery('#gform_wrapper_2').replaceWith(confirmation_content);jQuery(document).trigger('gform_confirmation_loaded', [2]);window['gf_submitting_2'] = false;wp.a11y.speak(jQuery('#gform_confirmation_message_2').text());}else{jQuery('#gform_2').append(contents);if(window['gformRedirect']) {gformRedirect();}}jQuery(document).trigger(\"gform_pre_post_render\", [{ formId: \"2\", currentPage: \"current_page\", abort: function() { this.preventDefault(); } }]);        if (event && event.defaultPrevented) {                return;        }        const gformWrapperDiv = document.getElementById( \"gform_wrapper_2\" );        if ( gformWrapperDiv ) {            const visibilitySpan = document.createElement( \"span\" );            visibilitySpan.id = \"gform_visibility_test_2\";            gformWrapperDiv.insertAdjacentElement( \"afterend\", visibilitySpan );        }        const visibilityTestDiv = document.getElementById( \"gform_visibility_test_2\" );        let postRenderFired = false;        function triggerPostRender() {            if ( postRenderFired ) {                return;            }            postRenderFired = true;            gform.core.triggerPostRenderEvents( 2, current_page );            if ( visibilityTestDiv ) {                visibilityTestDiv.parentNode.removeChild( visibilityTestDiv );            }        }        function debounce( func, wait, immediate ) {            var timeout;            return function() {                var context = this, args = arguments;                var later = function() {                    timeout = null;                    if ( !immediate ) func.apply( context, args );                };                var callNow = immediate && !timeout;                clearTimeout( timeout );                timeout = setTimeout( later, wait );                if ( callNow ) func.apply( context, args );            };        }        const debouncedTriggerPostRender = debounce( function() {            triggerPostRender();        }, 200 );        if ( visibilityTestDiv && visibilityTestDiv.offsetParent === null ) {            const observer = new MutationObserver( ( mutations ) => {                mutations.forEach( ( mutation ) => {                    if ( mutation.type === 'attributes' && visibilityTestDiv.offsetParent !== null ) {                        debouncedTriggerPostRender();                        observer.disconnect();                    }                });            });            observer.observe( document.body, {                attributes: true,                childList: false,                subtree: true,                attributeFilter: [ 'style', 'class' ],            });        } else {            triggerPostRender();        }    } );} );\n<\/script>\n<\/div>\n\n\n\n<div class=\"wp-block-column is-layout-flow wp-block-column-is-layout-flow\" style=\"flex-basis:42%\">\n<div class=\"wp-block-genesis-blocks-gb-container aligncenter newsletter-radius gb-block-container\"><div class=\"gb-container-inside\"><div class=\"gb-container-content\"><div class=\"wp-block-image newsletter-image\">\n<figure class=\"aligncenter size-full\"><img loading=\"lazy\" decoding=\"async\" width=\"729\" height=\"792\" src=\"https:\/\/madeiralovers.com\/wp-content\/uploads\/2024\/01\/newsletter_FR_2.webp\" alt=\"\" class=\"wp-image-222\" srcset=\"https:\/\/madeiralovers.com\/wp-content\/uploads\/2024\/01\/newsletter_FR_2.webp 729w, https:\/\/madeiralovers.com\/wp-content\/uploads\/2024\/01\/newsletter_FR_2-276x300.webp 276w\" sizes=\"auto, (max-width: 729px) 100vw, 729px\" \/><\/figure>\n<\/div><\/div><\/div><\/div>\n<\/div>\n<\/div>\n<\/div><\/div><\/div>\n\n<h2 class=\"wp-block-heading\">10. Pico Grande &#8211; PR12 (sv\u00e5rt, 360\u00b0 vy)<\/h2>\n\n<figure class=\"wp-block-image size-large\"><img decoding=\"async\" src=\"https:\/\/photos.smugmug.com\/Madeira-Lovers\/Miradouros\/Miradouro-da-Encumeada\/i-rNFRPMG\/1\/J9Fqr5Tv6F63zwCwRtrTN2TQzdc2Q8wq7Hsrw74m\/L\/miradouro_da_Encumeada_Madeira-7130818-L.jpg\" alt=\"Miradouro da Encumeada\"\/><figcaption class=\"wp-element-caption\">Encumeada utsiktsplats<\/figcaption><\/figure>\n\n<h3 class=\"wp-block-heading\">Varf\u00f6r bes\u00f6ka? V\u00e5r uppfattning<\/h3>\n\n<p>Vi rekommenderar den h\u00e4r rutten f\u00f6r att uppt\u00e4cka \u00f6ns centrum, varefter du kan bestiga Pico Grande! Fr\u00e5n toppen kan man njuta av en 360-graders utsikt \u00f6ver Madeiras landskap.<\/p>\n\n<figure class=\"wp-block-image size-large\"><img decoding=\"async\" src=\"https:\/\/photos.smugmug.com\/Madeira-Lovers\/Miradouros\/Miradouro-da-Encumeada\/i-hbGW6sD\/1\/Dk54NjPBd58gfwW7dzFbJ5F4V32kG5xX2pKgVGs4Z\/L\/miradouro_da_Encumeada_Madeira-7130810-L.jpg\" alt=\"Miradouro da Encumeada\"\/><figcaption class=\"wp-element-caption\">Miradouro da Encumeada<\/figcaption><\/figure>\n\n<h3 class=\"wp-block-heading\">Anv\u00e4ndbara tips<\/h3>\n\n<ul class=\"wp-block-list\">\n<li><strong>Plats<\/strong>: i mitten av \u00f6n, n\u00e4ra Vargem.<br\/>Fr\u00e5n <a href=\"https:\/\/madeiralovers.com\/sv\/sevardheter-funchal-att-gora\/\" target=\"_blank\" rel=\"noreferrer noopener\">Funchal<\/a> eller <a href=\"https:\/\/madeiralovers.com\/sv\/sevardheter-porto-moniz-att-gora\/\" target=\"_blank\" rel=\"noreferrer noopener\">Porto Moniz<\/a>: ca 35 minuters bilresa<\/li>\n\n\n\n<li><strong>Tilltr\u00e4de<\/strong>: starten sker p\u00e5 v\u00e4gen Pico Ruivo, vid Miradouro da Encumeada. V\u00e4gen till b\u00f6rjan av vandringen \u00e4r l\u00e4tt att ta sig fram p\u00e5. Det finns en liten parkeringsplats p\u00e5 plats.<\/li>\n\n\n\n<li><strong>\u00d6ppettider och kostnader:<\/strong> de flesta vandringar \u00e4r nu avgiftsbelagda, kontrollera villkoren med turistbyr\u00e5n <a href=\"https:\/\/visitmadeira.com\/en\/what-to-do\/nature-seekers\/activities\/hiking\/\" target=\"_blank\" rel=\"noreferrer noopener nofollow\">h\u00e4r.<\/a><\/li>\n\n\n\n<li><strong>Typ<\/strong> av f\u00e4rdv\u00e4g: tur och retur<\/li>\n\n\n\n<li><strong>L\u00e4ngd<\/strong>: 15 km och cirka 7 timmar<\/li>\n\n\n\n<li><strong>Sv\u00e5righetsgrad<\/strong>: Denna rutt \u00e4r ganska brant, med en stigning p\u00e5 cirka 1500 meter.<\/li>\n\n\n\n<li><strong>B\u00e4sta tiden<\/strong>: Med tanke p\u00e5 hur l\u00e5ng den h\u00e4r vandringen \u00e4r rekommenderar vi att du ger dig av tidigt p\u00e5 morgonen.<\/li>\n\n\n\n<li><strong>Infrastruktur<\/strong>: det finns ett caf\u00e9\/bar i n\u00e4rheten av Miradouro da Encumeada.<\/li>\n<\/ul>\n\n<h2 class=\"wp-block-heading\">11- Levada do Moinho &#8211; PR7 (frodig)<\/h2>\n\n<p>Enligt v\u00e5r mening \u00e4r den h\u00e4r bergsvandringen ett m\u00e5ste p\u00e5 varje resa till Madeira:<\/p>\n\n<ul class=\"wp-block-list\">\n<li>Du kommer in i hj\u00e4rtat av Laurissilva Primary Forest, ett unikt ekosystem som finns med p\u00e5 UNESCO:s v\u00e4rldsarvslista.<\/li>\n\n\n\n<li>Du kommer att st\u00f6ta p\u00e5 ruinerna av historiska vattenkvarnar som \u00e4r kopplade till Levadas geniala gamla bevattningssystem.<\/li>\n\n\n\n<li>Naturligtvis blev vi f\u00f6rv\u00e5nade \u00f6ver det vackra landskapet och nj\u00f6t av att titta p\u00e5 terrassodlingarna.<\/li>\n\n\n\n<li>Vi nj\u00f6t ocks\u00e5 av det h\u00e4ftiga med att korsa en tunnel.<\/li>\n\n\n\n<li>Slutligen \u00e4r Levada do Moinho inget undantag, d\u00e4r du kommer att st\u00f6ta p\u00e5 Nova-vattenfallet.<\/li>\n<\/ul>\n\n<p>Om du vill veta mer om levador kan du l\u00e4sa <a href=\"https:\/\/madeiralovers.com\/sv\/basta-levadas-madeira\/\" target=\"_blank\" rel=\"noreferrer noopener\">v\u00e5r artikel om de b\u00e4sta levadorna p\u00e5 Madeira<\/a>!<\/p>\n\n<figure class=\"wp-block-image size-large\"><img decoding=\"async\" src=\"https:\/\/photos.smugmug.com\/Madeira-Lovers\/Extra\/i-6Znw8RP\/0\/FJ3RdgqR5Wg4ZBts2GfWT9VP6sr82VcFSTdb8Csvd\/L\/Levada%20do%20Moinho%20canva-L.jpg\" alt=\"Levada do Moinho - PR7\"\/><\/figure>\n\n<ul class=\"wp-block-list\">\n<li><strong>Plats<\/strong>: p\u00e5 s\u00f6dra delen av \u00f6n, n\u00e4ra <a href=\"https:\/\/madeiralovers.com\/sv\/sevardheter-ponta-do-sol-att-gora\/\" target=\"_blank\" rel=\"noreferrer noopener\">Ponta do Sol<\/a>.<br\/>Fr\u00e5n Funchal: 34min bilresa och fr\u00e5n Porto Moniz: 50min.<\/li>\n\n\n\n<li><strong>Tilltr\u00e4de<\/strong>: Startpunkten ligger vid Lombada da Ponta do Sol, bredvid kyrkan. Det \u00e4r inte m\u00f6jligt att ta sig dit med kollektivtrafik.<\/li>\n\n\n\n<li><strong>\u00d6ppning av leden:<\/strong> kontrollera <strong>ledens<\/strong> tillg\u00e4nglighet innan du kommer <a href=\"https:\/\/visitmadeira.com\/en\/what-to-do\/nature-seekers\/activities\/hiking\/pr-7-levada-do-moinho\/\" target=\"_blank\" rel=\"noreferrer noopener nofollow\">hit<\/a>.<\/li>\n\n\n\n<li>Entr\u00e9avgift<strong>:<\/strong> kom ih\u00e5g att betala entr\u00e9avgiften f\u00f6r att f\u00e5 tillg\u00e5ng till leden <a href=\"https:\/\/simplifica.madeira.gov.pt\/services\/78-82-259\" target=\"_blank\" rel=\"noreferrer noopener nofollow\">h\u00e4r.<\/a><\/li>\n\n\n\n<li><strong>Typ av rutt<\/strong>: tur och retur.<\/li>\n\n\n\n<li><strong>L\u00e4ngd<\/strong>: 8 till 10 km och cirka 4h30 tur och retur.<\/li>\n\n\n\n<li><strong>Sv\u00e5righetsgrad<\/strong>: Den h\u00e4r rutten \u00e4r av <strong>m\u00e5ttlig<\/strong> sv\u00e5righetsgrad.<br\/>Det finns inga s\u00e4rskilda hinder f\u00f6rutom n\u00e5gra f\u00e5 steg p\u00e5 v\u00e4gen.<\/li>\n\n\n\n<li><strong>B\u00e4sta tiden<\/strong>: Den h\u00e4r promenaden \u00e4r mycket popul\u00e4r p\u00e5 \u00f6n, s\u00e4rskilt bland traill\u00f6pare. Vi rekommenderar att du kommer dit tidigt p\u00e5 morgonen eller sent p\u00e5 eftermiddagen f\u00f6r att f\u00e5 mer lugn och ro.<\/li>\n\n\n\n<li><strong>Infrastruktur<\/strong>: det finns n\u00e5gra caf\u00e9er\/restauranger i startbyn, men inget l\u00e4ngs rutten.<\/li>\n<\/ul>\n\n<hr class=\"wp-block-separator has-text-color has-alpha-channel-opacity has-background is-style-wide\" style=\"background-color:#000000;color:#000000\"\/>\n\n<p class=\"has-text-align-center\"><strong>Njut av sinnesfrid med en returtransfer till Levada do Moinho fr\u00e5n Funchal, Ribeira Brava eller C\u00e2mara De Lobos.  <\/strong><a href=\"https:\/\/www.getyourguide.se\/madere-l67\/moinhos-levada-transfert-aller-retour-et-randonnee-t652041\/?partner_id=R3GYW4V&amp;cmp=madeira\" target=\"_blank\" rel=\"noreferrer noopener sponsored nofollow\">Ta reda p\u00e5 mer<\/a><\/p>\n\n<hr class=\"wp-block-separator has-text-color has-alpha-channel-opacity has-background is-style-wide\" style=\"background-color:#000000;color:#000000\"\/>\n\n<h2 class=\"wp-block-heading\">12 &#8211; Levada do Rei &#8211; PR18 (i hj\u00e4rtat av en UNESCO-listad skog)<\/h2>\n\n<p>Vi rekommenderar denna promenad f\u00f6r en f\u00f6rtrollande resa l\u00e4ngs Levada do Rei! H\u00e4r kan du uppt\u00e4cka en lagerskog som finns med p\u00e5 UNESCO:s v\u00e4rldsarvslista, gr\u00f6nskande berg och ett vackert vattenfall d\u00e4r du kan svalka dig. Du kan ocks\u00e5 se \u00f6ns endemiska flora och fauna, t.ex. trocazduvan, som \u00e4r en s\u00e4llsynt och skyddad art. De ber\u00f6mda Levadas-tunnlarna, \u00f6vervuxna med frodig vegetation, kommer ocks\u00e5 att punktera din rutt. Alla dessa element g\u00f6r det till en av de vackraste promenaderna p\u00e5 \u00f6n!<\/p>\n\n<figure class=\"wp-block-image size-large\"><img decoding=\"async\" src=\"https:\/\/photos.smugmug.com\/Madeira-Lovers\/Extra\/i-knfj4kW\/0\/CF9ppRdgmRxtVgsBJkXvNm6W6rzJ2p8Q6kMBxQqGt\/L\/Levada%20do%20Rei-L.jpg\" alt=\"Levada do Rei - PR18\"\/><\/figure>\n\n<ul class=\"wp-block-list\">\n<li><strong>Plats<\/strong>: p\u00e5 norra delen av \u00f6n, i Sao Jorge.<br\/>Fr\u00e5n Funchal: 55min bilresa och fr\u00e5n <a href=\"https:\/\/madeiralovers.com\/sv\/sevardheter-porto-moniz-att-gora\/\" target=\"_blank\" rel=\"noreferrer noopener\">Porto da Cruz<\/a>: 25min.<\/li>\n\n\n\n<li><strong>Tilltr\u00e4de<\/strong>: startpunkten ligger n\u00e4ra Quebradas vattenreningsverk i Sao Jorge. Du kan ta dig dit med kollektivtrafik.<\/li>\n\n\n\n<li><strong>\u00d6ppning av leden:<\/strong> kontrollera <strong>ledens<\/strong> tillg\u00e4nglighet innan du kommer <a href=\"https:\/\/visitmadeira.com\/en\/what-to-do\/nature-seekers\/activities\/hiking\/pr-18-levada-do-rei\/\" target=\"_blank\" rel=\"noreferrer noopener nofollow\">hit<\/a>.<\/li>\n\n\n\n<li>Entr\u00e9avgift<strong>:<\/strong> kom ih\u00e5g att betala entr\u00e9avgiften f\u00f6r att f\u00e5 tillg\u00e5ng till leden <a href=\"https:\/\/simplifica.madeira.gov.pt\/services\/78-82-259\" target=\"_blank\" rel=\"noreferrer noopener nofollow\">h\u00e4r.<\/a><\/li>\n\n\n\n<li><strong>Typ av rutt<\/strong>: tur och retur.<\/li>\n\n\n\n<li><strong>L\u00e4ngd<\/strong>: 10 km och cirka 4 timmar tur och retur.<\/li>\n\n\n\n<li><strong>Sv\u00e5righetsgrad<\/strong>: Den h\u00e4r rutten \u00e4r av <strong>m\u00e5ttlig<\/strong> sv\u00e5righetsgrad.<\/li>\n\n\n\n<li><strong>B\u00e4sta tiden<\/strong>: Den h\u00e4r promenaden \u00e4r mycket popul\u00e4r p\u00e5 \u00f6n, s\u00e5 vi rekommenderar att du g\u00e5r tidigt p\u00e5 morgonen eller sent p\u00e5 eftermiddagen.<\/li>\n\n\n\n<li><strong>Infrastruktur<\/strong>: det finns n\u00e5gra caf\u00e9er\/restauranger i startbyn, men inget l\u00e4ngs rutten.<\/li>\n<\/ul>\n\n<hr class=\"wp-block-separator has-text-color has-alpha-channel-opacity has-background is-style-wide\" style=\"background-color:#010101;color:#010101\"\/>\n\n<p class=\"has-text-align-center\"><strong>Ta en halvdags guidad utflykt f\u00f6r att uppt\u00e4cka Levada do Rei!<\/strong><br\/><strong><a href=\"https:\/\/www.getyourguide.se\/madere-l67\/madere-aventure-a-levada-do-rei-t30682\/?partner_id=R3GYW4V&amp;cmp=madeira\" target=\"_blank\" rel=\"noreferrer noopener sponsored nofollow\">Se program och tillg\u00e4nglighet.<\/a><\/strong><\/p>\n\n<hr class=\"wp-block-separator has-text-color has-alpha-channel-opacity has-background is-style-wide\" style=\"background-color:#010101;color:#010101\"\/>\n\n<div style=\"background-color:#ffffff;margin-top:8%;margin-bottom:8%\" class=\"wp-block-genesis-blocks-gb-container box gb-block-container\"><div class=\"gb-container-inside\"><div class=\"gb-container-content\" style=\"max-width:700px\">\n<div class=\"wp-block-columns is-not-stacked-on-mobile texte_planif has-background is-layout-flex wp-container-core-columns-is-layout-9d6595d7 wp-block-columns-is-layout-flex\" style=\"background-color:#72ba2038\">\n<div class=\"wp-block-column img_icone is-layout-flow wp-block-column-is-layout-flow\" style=\"flex-basis:25%\"><div class=\"wp-block-image image_icone\">\n<figure class=\"aligncenter size-full is-resized\"><img loading=\"lazy\" decoding=\"async\" width=\"400\" height=\"400\" src=\"https:\/\/madeiralovers.com\/wp-content\/uploads\/2026\/01\/madeira-plane.png\" alt=\"madeira plan\" class=\"wp-image-6342\" style=\"object-fit:cover;width:100px;height:100px\" srcset=\"https:\/\/madeiralovers.com\/wp-content\/uploads\/2026\/01\/madeira-plane.png 400w, https:\/\/madeiralovers.com\/wp-content\/uploads\/2026\/01\/madeira-plane-300x300.png 300w, https:\/\/madeiralovers.com\/wp-content\/uploads\/2026\/01\/madeira-plane-150x150.png 150w, https:\/\/madeiralovers.com\/wp-content\/uploads\/2026\/01\/madeira-plane-75x75.png 75w\" sizes=\"auto, (max-width: 400px) 100vw, 400px\" \/><\/figure>\n<\/div><\/div>\n\n\n\n<div class=\"wp-block-column is-vertically-aligned-center paragraphe_une is-layout-flow wp-block-column-is-layout-flow\" style=\"flex-basis:90%\">\n<p style=\"font-size:16px\">Det \u00e4r dags att boka!<br\/><a href=\"https:\/\/skyscanner.pxf.io\/dONaXy\" target=\"_blank\" rel=\"noreferrer noopener sponsored nofollow\"><strong>J\u00e4mf\u00f6r allt:<\/strong> bolag, priser, tidtabeller och tillg\u00e4nglighet.<\/a><\/p>\n<\/div>\n<\/div>\n<\/div><\/div><\/div>\n\n<h2 class=\"wp-block-heading\">Vandring p\u00e5 Madeira: v\u00e5ra tips<\/h2>\n\n<h3 class=\"wp-block-heading\">B\u00e4sta tiden f\u00f6r vandring p\u00e5 Madeira<\/h3>\n\n<p>Enligt v\u00e5r mening \u00e4r Madeira det perfekta resm\u00e5let f\u00f6r alla \u00e5rstider! Klimatet \u00e4r milt och stabilt \u00e5ret runt. P\u00e5 vintern sjunker temperaturen n\u00e5got och nederb\u00f6rden \u00f6kar, men \u00e4r fortfarande m\u00e5ttlig. Juni \u00e4r den torraste m\u00e5naden och perioden fr\u00e5n mars till september r\u00e4knas som torrperiod. De b\u00e4sta m\u00e5naderna f\u00f6r vandring \u00e4r mars till juni och september. Vintern \u00e4r idealisk f\u00f6r att beundra vattenfallen, som \u00e4r mer rikliga p\u00e5 vatten. Juli och augusti \u00e4r ocks\u00e5 trevliga, \u00e4ven om dagarna \u00e4r varmare och sp\u00e5ren \u00e4r livligare.<\/p>\n\n<figure class=\"wp-block-image size-large\"><img decoding=\"async\" src=\"https:\/\/photos.smugmug.com\/Madeira-Lovers\/Pico-Ruivo\/PR12-Pico-Ruivo-hike\/i-ZTHLFms\/1\/vSgqT7CLzDgcsp4JT7sp5s3CMJRfdMP2nnxw55rF\/L\/P7235551-L.jpg\" alt=\"Sol bland molnen p&#xE5; Madeira\"\/><figcaption class=\"wp-element-caption\">Sol bland molnen p\u00e5 Madeira<\/figcaption><\/figure>\n\n<h3 class=\"wp-block-heading\">Checklista innan du ger dig ut p\u00e5 stigarna<\/h3>\n\n<p>H\u00e4r \u00e4r v\u00e5ra r\u00e5d innan du ger dig av p\u00e5 din Madeira-resa:<\/p>\n\n<ul class=\"wp-block-list\">\n<li>Kontrollera v\u00e4derprognosen f\u00f6r din destination. P\u00e5 h\u00f6g h\u00f6jd kan f\u00f6rh\u00e5llandena skilja sig fr\u00e5n dem i dalen och kan f\u00f6r\u00e4ndras snabbt.<\/li>\n\n\n\n<li>Kontrollera statusen p\u00e5 vandringslederna. Vi har m\u00e4rkt att vissa rutter ibland \u00e4r st\u00e4ngda p\u00e5 grund av jordskred, brandrisker eller andra faror. <a href=\"https:\/\/ifcn.madeira.gov.pt\/atividades-de-natureza\/percursos-pedestres-recomendados\/percursos-pedestres-recomendados.html\" target=\"_blank\" rel=\"noreferrer noopener nofollow\">Klicka h\u00e4r<\/a> f\u00f6r att ta reda p\u00e5 mer om sp\u00e5rf\u00f6rh\u00e5llandena.<\/li>\n\n\n\n<li>F\u00f6rvara numret till en taxi som kan ta dig tillbaka till bilen f\u00f6r enkelresor.<\/li>\n<\/ul>\n\n<figure class=\"wp-block-image size-large\"><img decoding=\"async\" src=\"https:\/\/photos.smugmug.com\/Madeira-Lovers\/Pico-Ruivo\/PR12-Pico-Ruivo-hike\/i-hVhBnsQ\/1\/C8pcbk6Nr3X4jkp6FpV6hmLhjmfvv6fTQmjCXFKq2\/L\/P7235580-L.jpg\" alt=\"Vandringsleden Pico Ruivo - PR1\"\/><figcaption class=\"wp-element-caption\">Vandringsleden Pico Ruivo &#8211; PR1<\/figcaption><\/figure>\n\n<h3 class=\"wp-block-heading\">Vilken utrustning beh\u00f6ver man f\u00f6r att vandra p\u00e5 Madeira?<\/h3>\n\n<p>H\u00e4r \u00e4r vad vi rekommenderar att du packar om du planerar att vandra under din vistelse p\u00e5 Madeira:<\/p>\n\n<ul class=\"wp-block-list\">\n<li>Bekv\u00e4ma vandringsk\u00e4ngor som \u00e4r anpassade till terr\u00e4ngen<a href=\"https:\/\/voyagista.fr\/tout-savoir-pour-randonner-a-madere\/\" target=\"_blank\" rel=\"noreferrer noopener\"><\/a><a href=\"https:\/\/walkmeguide.com\/fr\/recommended-equipment\/\" target=\"_blank\" rel=\"noreferrer noopener\"><\/a><a href=\"https:\/\/www.madere-portugal.com\/preparer-sa-valise-pour-madere\/\" target=\"_blank\" rel=\"noreferrer noopener\"><\/a>. Marken kan vara hal p\u00e5 sina st\u00e4llen, s\u00e5 det \u00e4r viktigt att ha ett bra grepp.<\/li>\n\n\n\n<li>L\u00e4mplig kl\u00e4dsel, inklusive varma lager, solskydd och en mackintosh<a href=\"https:\/\/voyagista.fr\/tout-savoir-pour-randonner-a-madere\/\" target=\"_blank\" rel=\"noreferrer noopener\"><\/a><a href=\"https:\/\/walkmeguide.com\/fr\/recommended-equipment\/\" target=\"_blank\" rel=\"noreferrer noopener\"><\/a><a href=\"https:\/\/www.madere-portugal.com\/preparer-sa-valise-pour-madere\/\" target=\"_blank\" rel=\"noreferrer noopener\"><\/a>. V\u00e4dret p\u00e5 Madeira kan v\u00e4xla snabbt, s\u00e5 det \u00e4r b\u00e4st att vara beredd p\u00e5 olika v\u00e4derf\u00f6rh\u00e5llanden.<\/li>\n\n\n\n<li>En pannlampa eller ficklampa f\u00f6r Levada-tunnlarna.<\/li>\n\n\n\n<li>Myggspray kan ocks\u00e5 vara anv\u00e4ndbart l\u00e4ngs levadorna.<\/li>\n\n\n\n<li>En vandringsapp av typen AllTrails f\u00f6r att h\u00e5lla koll p\u00e5 lederna och undvika att g\u00e5 vilse. \u00c4ven om du kan vara s\u00e4ker p\u00e5 att alla stigar som n\u00e4mns i den h\u00e4r artikeln \u00e4r v\u00e4l skyltade!<\/li>\n\n\n\n<li>En \u00f6verlevnadsfilt som du kan stoppa ner i v\u00e4skan. Det \u00e4r ett litet f\u00f6rem\u00e5l som kan vara till stor nytta vid till exempel en skada.<\/li>\n<\/ul>\n\n<figure class=\"wp-block-image size-large\"><img decoding=\"async\" src=\"https:\/\/photos.smugmug.com\/Madeira-Lovers\/Levada-Caldeira-Verde\/Caldeirao-do-Inferno\/i-fB3z92Q\/1\/CZbHjn28XbDrGLNQCPwJ4ZbSxnQWZw3Gv7pTKT4rg\/L\/Caldeirao_do_Inferno_Madeira-7240956-L.jpg\" alt=\"Vattenfall p&#xE5; vandringsleden Levada do Caldeirao Verde - PR9\"\/><figcaption class=\"wp-element-caption\">Vattenfall p\u00e5 vandringsleden <strong>Levada do Caldeirao Verde<\/strong> &#8211; <strong>PR9<\/strong><\/figcaption><\/figure>\n\n<div style=\"margin-top:8%;margin-bottom:8%\" class=\"wp-block-genesis-blocks-gb-container box gb-block-container\"><div class=\"gb-container-inside\"><div class=\"gb-container-content\" style=\"max-width:700px\">\n<div class=\"wp-block-genesis-blocks-gb-container box_titre gb-block-container\"><div class=\"gb-container-inside\"><div class=\"gb-container-content\">\n<h5 class=\"titre_box\">PLANERA DIN VISTELSE P\u00c5 <span class=\"titre_box_manuscrit\">Madeira<\/span><\/h5>\n<\/div><\/div><\/div>\n\n\n\n<hr class=\"wp-block-separator has-text-color has-alpha-channel-opacity has-background is-style-wide hr-box-planif\" style=\"background-color:#ccd3dd;color:#ccd3dd\"\/>\n\n\n\n<div class=\"wp-block-columns box_sans_border is-layout-flex wp-container-core-columns-is-layout-9d6595d7 wp-block-columns-is-layout-flex\">\n<div class=\"wp-block-column texte_planif is-layout-flow wp-block-column-is-layout-flow\" style=\"font-size:14px;flex-basis:60%\">\n<p class=\"option_titre2\"><strong>B\u00e4st av<\/strong><\/p>\n\n\n\n<p style=\"font-size:16px\"><a href=\"https:\/\/madeiralovers.com\/sv\/sevardheter-madeira-att-gora\/\">Sev\u00e4rdheter p\u00e5 Madeira<\/a><br\/><a href=\"https:\/\/madeiralovers.com\/sv\/vackraste-utsiktsplatse-madeira-miradouros\/\" target=\"_blank\" rel=\"noreferrer noopener\">De vackraste utsiktsplatserna<\/a><br\/><a href=\"https:\/\/madeiralovers.com\/sv\/basta-stranderna-madeira\/\" target=\"_blank\" rel=\"noreferrer noopener\">Madeiras vackraste str\u00e4nder<\/a><br\/><a href=\"https:\/\/madeiralovers.com\/sv\/basta-tradgardar-madeira\/\" target=\"_blank\" rel=\"noreferrer noopener\">De vackraste tr\u00e4dg\u00e5rdarna<\/a><br\/><a href=\"https:\/\/madeiralovers.com\/sv\/naturliga-pooler-madeira\/\" target=\"_blank\" rel=\"noreferrer noopener\">Naturliga bass\u00e4nger<\/a><br\/><a href=\"https:\/\/madeiralovers.com\/sv\/basta-vandringarna-madeira\/\" target=\"_blank\" rel=\"noreferrer noopener\">De b\u00e4sta promenaderna<\/a><br\/><a href=\"https:\/\/madeiralovers.com\/sv\/vackraste-vagarna-madeira\/\" target=\"_blank\" rel=\"noreferrer noopener\">De vackraste v\u00e4garna<\/a><br\/><a href=\"https:\/\/madeiralovers.com\/sv\/madeira-gomda-parlor-hemliga-platser\/\" target=\"_blank\" rel=\"noreferrer noopener\">Hemliga platser<\/a><\/p>\n<\/div>\n\n\n\n<div class=\"wp-block-column is-vertically-aligned-top planif-radius is-layout-flow wp-block-column-is-layout-flow\" style=\"flex-basis:40%\">\n<figure class=\"wp-block-image size-large img-portrait\"><img decoding=\"async\" src=\"https:\/\/photos.smugmug.com\/Travel\/Madeira\/13d-Rocha-do-Navio\/i-T3f6J48\/2\/d3DHMbHtwPMz7Tj9qDPmRxGpbxx5RBRCr4LrPp2c\/S\/Roacha_do_Navio_cable_car_Madeira-7241164-S.jpg\" alt=\"Navia Rock\" title=\"\"\/><\/figure>\n<\/div>\n<\/div>\n\n\n\n<hr class=\"wp-block-separator has-text-color has-alpha-channel-opacity has-background is-style-wide hr-box-planif\" style=\"background-color:#ccd3dd;color:#ccd3dd\"\/>\n\n\n\n<div class=\"wp-block-columns box_sans_border is-layout-flex wp-container-core-columns-is-layout-9d6595d7 wp-block-columns-is-layout-flex\">\n<div class=\"wp-block-column texte_planif is-layout-flow wp-block-column-is-layout-flow\" style=\"font-size:14px;flex-basis:60%\">\n<p class=\"option_titre\"><strong>Praktiska r\u00e5d<\/strong><\/p>\n\n\n\n<p style=\"font-size:16px\"><a href=\"https:\/\/madeiralovers.com\/sv\/ta-sig-runt-madeira-transport\/\" target=\"_blank\" rel=\"noreferrer noopener\">Resa runt p\u00e5 Madeira<\/a><br\/><a href=\"https:\/\/madeiralovers.com\/sv\/hur-hyr-bil-madeira-tips-erfarenhet\/\" target=\"_blank\" rel=\"noreferrer noopener\">Hyr en bil p\u00e5 Madeira<\/a><br\/><a href=\"https:\/\/madeiralovers.com\/sv\/korning-madeira-tips\/\" target=\"_blank\" rel=\"noreferrer noopener\">K\u00f6rning p\u00e5 Madeira<\/a><\/p>\n\n\n\n<p style=\"font-size:16px\"><a href=\"https:\/\/madeiralovers.com\/sv\/var-ska-bo-madeira-basta-omradena\/\" target=\"_blank\" rel=\"noreferrer noopener\">Var man kan bo p\u00e5 Madeira<\/a><\/p>\n\n\n\n<p style=\"font-size:16px\">Resplaner: 3 dagar &#8211; 4 <a href=\"https:\/\/madeiralovers.com\/sv\/besok-madeira-5-dagar-resvagar\/\" target=\"_blank\" rel=\"noreferrer noopener\">dagar<\/a> &#8211; <a href=\"https:\/\/madeiralovers.com\/sv\/besok-madeira-5-dagar-resvagar\/\" target=\"_blank\" rel=\"noreferrer noopener\">5 dagar<\/a> &#8211; <a href=\"https:\/\/madeiralovers.com\/sv\/besok-madeira-6-dagar-resvagar\/\" target=\"_blank\" rel=\"noreferrer noopener\">6 dagar<\/a> &#8211; <a href=\"https:\/\/madeiralovers.com\/sv\/besok-madeira-en-vecka-resvagar\/\" target=\"_blank\" rel=\"noreferrer noopener\">7 dagar<\/a> &#8211; <a href=\"https:\/\/madeiralovers.com\/sv\/besok-madeira-10-dagar-resvagar\/\" target=\"_blank\" rel=\"noreferrer noopener\">10<\/a> <a href=\"https:\/\/madeiralovers.com\/sv\/besok-madeira-en-vecka-resvagar\/\" target=\"_blank\" rel=\"noreferrer noopener\">dagar<\/a> <\/p>\n<\/div>\n\n\n\n<div class=\"wp-block-column is-vertically-aligned-top planif-radius is-layout-flow wp-block-column-is-layout-flow\" style=\"flex-basis:40%\">\n<figure class=\"wp-block-image size-large img-portrait\"><img decoding=\"async\" src=\"https:\/\/photos.smugmug.com\/Travel\/Madeira\/Driving\/i-xNmkb72\/2\/DF578h2B7Q6RbR84FZXN5v8D7vg6nLZ9dzBdrJ2rZ\/S\/driving_Madeira-7241434-S.jpg\" alt=\"K&#xF6;rning p&#xE5; Madeira\" title=\"\"\/><\/figure>\n<\/div>\n<\/div>\n\n\n\n<hr class=\"wp-block-separator has-text-color has-alpha-channel-opacity has-background is-style-wide hr-box-planif\" style=\"background-color:#ccd3dd;color:#ccd3dd\"\/>\n\n\n\n<div class=\"wp-block-columns box_sans_border is-layout-flex wp-container-core-columns-is-layout-9d6595d7 wp-block-columns-is-layout-flex\">\n<div class=\"wp-block-column texte_planif is-layout-flow wp-block-column-is-layout-flow\" style=\"font-size:14px;flex-basis:60%\">\n<p class=\"option_titre\"><strong>Platser du inte f\u00e5r missa<\/strong><\/p>\n\n\n\n<p style=\"font-size:16px\"><a href=\"https:\/\/madeiralovers.com\/sv\/delfinspotting-madeira-baleiner-utflykter\/\" target=\"_blank\" rel=\"noreferrer noopener\">Delfinsk\u00e5dning<\/a><br\/><a href=\"https:\/\/madeiralovers.com\/sv\/sevardheter-funchal-att-gora\/\" target=\"_blank\" rel=\"noreferrer noopener\">Sev\u00e4rdheter i Funchal<\/a><br\/><a href=\"https:\/\/madeiralovers.com\/sv\/sevardheter-camara-de-lobos-madeira-att-gora\/\" target=\"_blank\" rel=\"noreferrer noopener\">Camara de Lobos<\/a><br\/><a href=\"https:\/\/madeiralovers.com\/sv\/sevardheter-ponta-do-sol-att-gora\/\" target=\"_blank\" rel=\"noreferrer noopener\">Ponta do Sol<\/a><br\/><a href=\"https:\/\/madeiralovers.com\/sv\/sevardheter-santana-madeira-att-gora\/\">Santana<\/a><br\/><a href=\"https:\/\/madeiralovers.com\/sv\/sevardheter-pico-do-arieiro-madeira\/\" target=\"_blank\" rel=\"noreferrer noopener\">Pico do Arieiro<\/a><br\/><a href=\"https:\/\/madeiralovers.com\/sv\/sevardheter-porto-santo-att-gora\/\" target=\"_blank\" rel=\"noreferrer noopener\">Sev\u00e4rdheter i Porto Santo<\/a><\/p>\n<\/div>\n\n\n\n<div class=\"wp-block-column is-vertically-aligned-top planif-radius is-layout-flow wp-block-column-is-layout-flow\" style=\"flex-basis:40%\">\n<figure class=\"wp-block-image size-large img-portrait\"><img decoding=\"async\" src=\"https:\/\/photos.smugmug.com\/Travel\/Madeira\/6c-Camara-dos-Lobos\/i-zH7D8Tv\/2\/DpttrQSghWXj2DKMm3VHbFkhFMLsTFhS37sRFTxNz\/S\/camara_dos_Lobos_Madeira-7173015-S.jpg\" alt=\"Camara de Lobos\" title=\"\"\/><\/figure>\n<\/div>\n<\/div>\n<\/div><\/div><\/div>\n\n<div class=\"wp-block-genesis-blocks-gb-container box_auteur_voyage gb-block-container\"><div class=\"gb-container-inside\"><div class=\"gb-container-content\">\n<figure class=\"wp-block-image size-large img_auteur_voyage\"><a href=\"https:\/\/madeiralovers.com\/sv\/claire-robinson\/\" target=\"_blank\" rel=\"noreferrer noopener\"><img decoding=\"async\" src=\"https:\/\/photos.smugmug.com\/Madeira-Lovers\/Portraits-equipe\/i-kDdMx9Z\/0\/1da5136c\/L\/regionlovers-2-bis-L.png\" alt=\"\"\/><\/a><\/figure>\n\n\n\n<h5 class=\"titre_auteur_voyage\"><span>HON GJORDE RESAN \n <\/span><span class=\"titre_box_manuscrit\">Claire<\/span><\/h5>\n<\/div><\/div><\/div>\n\n<div class=\"wp-block-genesis-blocks-gb-container box_auteur_voyage gb-block-container\"><div class=\"gb-container-inside\"><div class=\"gb-container-content\">\n<figure class=\"wp-block-image size-large img_auteur_voyage img_provisoire\"><a href=\"https:\/\/madeiralovers.com\/sv\/a-propos-de-morgane-mazelier\/\" target=\"_blank\" rel=\"noreferrer noopener\"><img decoding=\"async\" src=\"https:\/\/photos.smugmug.com\/Region-Lovers\/Equipe\/i-kx84ZJX\/0\/FgG3Lb9Xx2HBStC6R3PNXZZNj2Vvkx9vZBxQFL7NJ\/L\/morgane-L.jpg\" alt=\"\"\/><\/a><\/figure>\n\n\n\n<h5 class=\"titre_auteur_voyage\"><span>HON SKREV ARTIKELN \n <\/span><span class=\"titre_box_manuscrit\">Morgane<\/span><\/h5>\n<\/div><\/div><\/div>\n","protected":false},"excerpt":{"rendered":"<p>Madeira \u00e4r ett paradis f\u00f6r vandrare! Vi uppt\u00e4ckte n\u00e5gra hisnande landskap. Denna portugisiska \u00f6 erbjuder en m\u00e5ngfald av exceptionella stigar, fr\u00e5n pittoreska levador till hisnande toppar, vilda kustlinjer och frodiga skogar. F\u00f6r att inte tala om de fascinerande vulkaniska landskapen. Oavsett om du \u00e4r en erfaren vandrare eller bara promenerar ibland, s\u00e5 har vi funnit [&hellip;]<\/p>\n","protected":false},"author":10,"featured_media":3135,"comment_status":"closed","ping_status":"closed","sticky":false,"template":"","format":"standard","meta":{"_genesis_hide_title":false,"_genesis_hide_breadcrumbs":false,"_genesis_hide_singular_image":false,"_genesis_hide_footer_widgets":false,"_genesis_custom_body_class":"","_genesis_custom_post_class":"","_genesis_layout":"","footnotes":""},"categories":[55],"tags":[],"class_list":{"0":"post-3254","1":"post","2":"type-post","3":"status-publish","4":"format-standard","5":"has-post-thumbnail","7":"category-madeiras-vackraste-platser","8":"entry"},"yoast_head":"<!-- This site is optimized with the Yoast SEO plugin v27.2 - https:\/\/yoast.com\/product\/yoast-seo-wordpress\/ -->\n<title>12 b\u00e4sta vandringarna p\u00e5 Madeira (foton + tips)<\/title>\n<meta name=\"description\" content=\"Uppt\u00e4ck v\u00e5rt urval av de b\u00e4sta vandringarna p\u00e5 Madeira (med foton och r\u00e5d): Levada 25 Fontes, Pico do Arieiro...\" \/>\n<meta name=\"robots\" content=\"index, follow, max-snippet:-1, max-image-preview:large, max-video-preview:-1\" \/>\n<link rel=\"canonical\" href=\"https:\/\/madeiralovers.com\/sv\/basta-vandringarna-madeira\/\" \/>\n<meta property=\"og:locale\" content=\"sv_SE\" \/>\n<meta property=\"og:type\" content=\"article\" \/>\n<meta property=\"og:title\" content=\"12 b\u00e4sta vandringarna p\u00e5 Madeira (foton + tips)\" \/>\n<meta property=\"og:description\" content=\"Uppt\u00e4ck v\u00e5rt urval av de b\u00e4sta vandringarna p\u00e5 Madeira (med foton och r\u00e5d): Levada 25 Fontes, Pico do Arieiro...\" \/>\n<meta property=\"og:url\" content=\"https:\/\/madeiralovers.com\/sv\/basta-vandringarna-madeira\/\" \/>\n<meta property=\"og:site_name\" content=\"Madeira Lovers\" \/>\n<meta property=\"article:published_time\" content=\"2024-06-27T17:16:52+00:00\" \/>\n<meta property=\"article:modified_time\" content=\"2026-03-19T12:55:16+00:00\" \/>\n<meta property=\"og:image\" content=\"https:\/\/madeiralovers.com\/wp-content\/uploads\/2024\/06\/baste-vandringar-madeira-SE.jpg\" \/>\n\t<meta property=\"og:image:width\" content=\"1067\" \/>\n\t<meta property=\"og:image:height\" content=\"800\" \/>\n\t<meta property=\"og:image:type\" content=\"image\/jpeg\" \/>\n<meta name=\"author\" content=\"Morgane\" \/>\n<meta name=\"twitter:card\" content=\"summary_large_image\" \/>\n<meta name=\"twitter:label1\" content=\"Skriven av\" \/>\n\t<meta name=\"twitter:data1\" content=\"Morgane\" \/>\n\t<meta name=\"twitter:label2\" content=\"Ber\u00e4knad l\u00e4stid\" \/>\n\t<meta name=\"twitter:data2\" content=\"22 minuter\" \/>\n<script type=\"application\/ld+json\" class=\"yoast-schema-graph\">{\"@context\":\"https:\/\/schema.org\",\"@graph\":[{\"@type\":\"Article\",\"@id\":\"https:\/\/madeiralovers.com\/sv\/basta-vandringarna-madeira\/#article\",\"isPartOf\":{\"@id\":\"https:\/\/madeiralovers.com\/sv\/basta-vandringarna-madeira\/\"},\"author\":{\"name\":\"Morgane\",\"@id\":\"https:\/\/madeiralovers.com\/sv\/#\/schema\/person\/edb87870e054656013e63fc377ad387c\"},\"headline\":\"12 b\u00e4sta vandringarna p\u00e5 Madeira (foton + tips)\",\"datePublished\":\"2024-06-27T17:16:52+00:00\",\"dateModified\":\"2026-03-19T12:55:16+00:00\",\"mainEntityOfPage\":{\"@id\":\"https:\/\/madeiralovers.com\/sv\/basta-vandringarna-madeira\/\"},\"wordCount\":4422,\"publisher\":{\"@id\":\"https:\/\/madeiralovers.com\/sv\/#organization\"},\"image\":{\"@id\":\"https:\/\/madeiralovers.com\/sv\/basta-vandringarna-madeira\/#primaryimage\"},\"thumbnailUrl\":\"https:\/\/madeiralovers.com\/wp-content\/uploads\/2024\/06\/baste-vandringar-madeira-SE.jpg\",\"articleSection\":[\"Madeiras vackraste platser\"],\"inLanguage\":\"sv-SE\"},{\"@type\":\"WebPage\",\"@id\":\"https:\/\/madeiralovers.com\/sv\/basta-vandringarna-madeira\/\",\"url\":\"https:\/\/madeiralovers.com\/sv\/basta-vandringarna-madeira\/\",\"name\":\"12 b\u00e4sta vandringarna p\u00e5 Madeira (foton + tips)\",\"isPartOf\":{\"@id\":\"https:\/\/madeiralovers.com\/sv\/#website\"},\"primaryImageOfPage\":{\"@id\":\"https:\/\/madeiralovers.com\/sv\/basta-vandringarna-madeira\/#primaryimage\"},\"image\":{\"@id\":\"https:\/\/madeiralovers.com\/sv\/basta-vandringarna-madeira\/#primaryimage\"},\"thumbnailUrl\":\"https:\/\/madeiralovers.com\/wp-content\/uploads\/2024\/06\/baste-vandringar-madeira-SE.jpg\",\"datePublished\":\"2024-06-27T17:16:52+00:00\",\"dateModified\":\"2026-03-19T12:55:16+00:00\",\"description\":\"Uppt\u00e4ck v\u00e5rt urval av de b\u00e4sta vandringarna p\u00e5 Madeira (med foton och r\u00e5d): Levada 25 Fontes, Pico do Arieiro...\",\"breadcrumb\":{\"@id\":\"https:\/\/madeiralovers.com\/sv\/basta-vandringarna-madeira\/#breadcrumb\"},\"inLanguage\":\"sv-SE\",\"potentialAction\":[{\"@type\":\"ReadAction\",\"target\":[\"https:\/\/madeiralovers.com\/sv\/basta-vandringarna-madeira\/\"]}]},{\"@type\":\"ImageObject\",\"inLanguage\":\"sv-SE\",\"@id\":\"https:\/\/madeiralovers.com\/sv\/basta-vandringarna-madeira\/#primaryimage\",\"url\":\"https:\/\/madeiralovers.com\/wp-content\/uploads\/2024\/06\/baste-vandringar-madeira-SE.jpg\",\"contentUrl\":\"https:\/\/madeiralovers.com\/wp-content\/uploads\/2024\/06\/baste-vandringar-madeira-SE.jpg\",\"width\":1067,\"height\":800,\"caption\":\"baste-vandringar-madeira\"},{\"@type\":\"BreadcrumbList\",\"@id\":\"https:\/\/madeiralovers.com\/sv\/basta-vandringarna-madeira\/#breadcrumb\",\"itemListElement\":[{\"@type\":\"ListItem\",\"position\":1,\"name\":\"Accueil\",\"item\":\"https:\/\/madeiralovers.com\/sv\/\"},{\"@type\":\"ListItem\",\"position\":2,\"name\":\"Madeiras vackraste platser\",\"item\":\"https:\/\/madeiralovers.com\/sv\/madeiras-vackraste-platser\/\"},{\"@type\":\"ListItem\",\"position\":3,\"name\":\"12 b\u00e4sta vandringarna p\u00e5 Madeira (foton + tips)\"}]},{\"@type\":\"WebSite\",\"@id\":\"https:\/\/madeiralovers.com\/sv\/#website\",\"url\":\"https:\/\/madeiralovers.com\/sv\/\",\"name\":\"Madeira Lovers\",\"description\":\"Pour r\u00e9veiller vos sens \u00e0 Mad\u00e8re\",\"publisher\":{\"@id\":\"https:\/\/madeiralovers.com\/sv\/#organization\"},\"potentialAction\":[{\"@type\":\"SearchAction\",\"target\":{\"@type\":\"EntryPoint\",\"urlTemplate\":\"https:\/\/madeiralovers.com\/sv\/?s={search_term_string}\"},\"query-input\":{\"@type\":\"PropertyValueSpecification\",\"valueRequired\":true,\"valueName\":\"search_term_string\"}}],\"inLanguage\":\"sv-SE\"},{\"@type\":\"Organization\",\"@id\":\"https:\/\/madeiralovers.com\/sv\/#organization\",\"name\":\"Madeira Lovers\",\"url\":\"https:\/\/madeiralovers.com\/sv\/\",\"logo\":{\"@type\":\"ImageObject\",\"inLanguage\":\"sv-SE\",\"@id\":\"https:\/\/madeiralovers.com\/sv\/#\/schema\/logo\/image\/\",\"url\":\"https:\/\/madeiralovers.com\/wp-content\/uploads\/2024\/05\/cropped-Madeira-Lovers-Logos.png\",\"contentUrl\":\"https:\/\/madeiralovers.com\/wp-content\/uploads\/2024\/05\/cropped-Madeira-Lovers-Logos.png\",\"width\":2500,\"height\":554,\"caption\":\"Madeira Lovers\"},\"image\":{\"@id\":\"https:\/\/madeiralovers.com\/sv\/#\/schema\/logo\/image\/\"}},{\"@type\":\"Person\",\"@id\":\"https:\/\/madeiralovers.com\/sv\/#\/schema\/person\/edb87870e054656013e63fc377ad387c\",\"name\":\"Morgane\",\"image\":{\"@type\":\"ImageObject\",\"inLanguage\":\"sv-SE\",\"@id\":\"https:\/\/secure.gravatar.com\/avatar\/afa26912805402e3ea29288b7478a6a37b47e98385c004daed7d76f04733a512?s=96&d=mm&r=g\",\"url\":\"https:\/\/secure.gravatar.com\/avatar\/afa26912805402e3ea29288b7478a6a37b47e98385c004daed7d76f04733a512?s=96&d=mm&r=g\",\"contentUrl\":\"https:\/\/secure.gravatar.com\/avatar\/afa26912805402e3ea29288b7478a6a37b47e98385c004daed7d76f04733a512?s=96&d=mm&r=g\",\"caption\":\"Morgane\"},\"sameAs\":[\"https:\/\/madeiralovers.com\/a-propos-de-morgane-mazelier\/\"],\"url\":\"https:\/\/madeiralovers.com\/sv\/author\/morgane\/\"}]}<\/script>\n<!-- \/ Yoast SEO plugin. -->","yoast_head_json":{"title":"12 b\u00e4sta vandringarna p\u00e5 Madeira (foton + tips)","description":"Uppt\u00e4ck v\u00e5rt urval av de b\u00e4sta vandringarna p\u00e5 Madeira (med foton och r\u00e5d): Levada 25 Fontes, Pico do Arieiro...","robots":{"index":"index","follow":"follow","max-snippet":"max-snippet:-1","max-image-preview":"max-image-preview:large","max-video-preview":"max-video-preview:-1"},"canonical":"https:\/\/madeiralovers.com\/sv\/basta-vandringarna-madeira\/","og_locale":"sv_SE","og_type":"article","og_title":"12 b\u00e4sta vandringarna p\u00e5 Madeira (foton + tips)","og_description":"Uppt\u00e4ck v\u00e5rt urval av de b\u00e4sta vandringarna p\u00e5 Madeira (med foton och r\u00e5d): Levada 25 Fontes, Pico do Arieiro...","og_url":"https:\/\/madeiralovers.com\/sv\/basta-vandringarna-madeira\/","og_site_name":"Madeira Lovers","article_published_time":"2024-06-27T17:16:52+00:00","article_modified_time":"2026-03-19T12:55:16+00:00","og_image":[{"width":1067,"height":800,"url":"https:\/\/madeiralovers.com\/wp-content\/uploads\/2024\/06\/baste-vandringar-madeira-SE.jpg","type":"image\/jpeg"}],"author":"Morgane","twitter_card":"summary_large_image","twitter_misc":{"Skriven av":"Morgane","Ber\u00e4knad l\u00e4stid":"22 minuter"},"schema":{"@context":"https:\/\/schema.org","@graph":[{"@type":"Article","@id":"https:\/\/madeiralovers.com\/sv\/basta-vandringarna-madeira\/#article","isPartOf":{"@id":"https:\/\/madeiralovers.com\/sv\/basta-vandringarna-madeira\/"},"author":{"name":"Morgane","@id":"https:\/\/madeiralovers.com\/sv\/#\/schema\/person\/edb87870e054656013e63fc377ad387c"},"headline":"12 b\u00e4sta vandringarna p\u00e5 Madeira (foton + tips)","datePublished":"2024-06-27T17:16:52+00:00","dateModified":"2026-03-19T12:55:16+00:00","mainEntityOfPage":{"@id":"https:\/\/madeiralovers.com\/sv\/basta-vandringarna-madeira\/"},"wordCount":4422,"publisher":{"@id":"https:\/\/madeiralovers.com\/sv\/#organization"},"image":{"@id":"https:\/\/madeiralovers.com\/sv\/basta-vandringarna-madeira\/#primaryimage"},"thumbnailUrl":"https:\/\/madeiralovers.com\/wp-content\/uploads\/2024\/06\/baste-vandringar-madeira-SE.jpg","articleSection":["Madeiras vackraste platser"],"inLanguage":"sv-SE"},{"@type":"WebPage","@id":"https:\/\/madeiralovers.com\/sv\/basta-vandringarna-madeira\/","url":"https:\/\/madeiralovers.com\/sv\/basta-vandringarna-madeira\/","name":"12 b\u00e4sta vandringarna p\u00e5 Madeira (foton + tips)","isPartOf":{"@id":"https:\/\/madeiralovers.com\/sv\/#website"},"primaryImageOfPage":{"@id":"https:\/\/madeiralovers.com\/sv\/basta-vandringarna-madeira\/#primaryimage"},"image":{"@id":"https:\/\/madeiralovers.com\/sv\/basta-vandringarna-madeira\/#primaryimage"},"thumbnailUrl":"https:\/\/madeiralovers.com\/wp-content\/uploads\/2024\/06\/baste-vandringar-madeira-SE.jpg","datePublished":"2024-06-27T17:16:52+00:00","dateModified":"2026-03-19T12:55:16+00:00","description":"Uppt\u00e4ck v\u00e5rt urval av de b\u00e4sta vandringarna p\u00e5 Madeira (med foton och r\u00e5d): Levada 25 Fontes, Pico do Arieiro...","breadcrumb":{"@id":"https:\/\/madeiralovers.com\/sv\/basta-vandringarna-madeira\/#breadcrumb"},"inLanguage":"sv-SE","potentialAction":[{"@type":"ReadAction","target":["https:\/\/madeiralovers.com\/sv\/basta-vandringarna-madeira\/"]}]},{"@type":"ImageObject","inLanguage":"sv-SE","@id":"https:\/\/madeiralovers.com\/sv\/basta-vandringarna-madeira\/#primaryimage","url":"https:\/\/madeiralovers.com\/wp-content\/uploads\/2024\/06\/baste-vandringar-madeira-SE.jpg","contentUrl":"https:\/\/madeiralovers.com\/wp-content\/uploads\/2024\/06\/baste-vandringar-madeira-SE.jpg","width":1067,"height":800,"caption":"baste-vandringar-madeira"},{"@type":"BreadcrumbList","@id":"https:\/\/madeiralovers.com\/sv\/basta-vandringarna-madeira\/#breadcrumb","itemListElement":[{"@type":"ListItem","position":1,"name":"Accueil","item":"https:\/\/madeiralovers.com\/sv\/"},{"@type":"ListItem","position":2,"name":"Madeiras vackraste platser","item":"https:\/\/madeiralovers.com\/sv\/madeiras-vackraste-platser\/"},{"@type":"ListItem","position":3,"name":"12 b\u00e4sta vandringarna p\u00e5 Madeira (foton + tips)"}]},{"@type":"WebSite","@id":"https:\/\/madeiralovers.com\/sv\/#website","url":"https:\/\/madeiralovers.com\/sv\/","name":"Madeira Lovers","description":"Pour r\u00e9veiller vos sens \u00e0 Mad\u00e8re","publisher":{"@id":"https:\/\/madeiralovers.com\/sv\/#organization"},"potentialAction":[{"@type":"SearchAction","target":{"@type":"EntryPoint","urlTemplate":"https:\/\/madeiralovers.com\/sv\/?s={search_term_string}"},"query-input":{"@type":"PropertyValueSpecification","valueRequired":true,"valueName":"search_term_string"}}],"inLanguage":"sv-SE"},{"@type":"Organization","@id":"https:\/\/madeiralovers.com\/sv\/#organization","name":"Madeira Lovers","url":"https:\/\/madeiralovers.com\/sv\/","logo":{"@type":"ImageObject","inLanguage":"sv-SE","@id":"https:\/\/madeiralovers.com\/sv\/#\/schema\/logo\/image\/","url":"https:\/\/madeiralovers.com\/wp-content\/uploads\/2024\/05\/cropped-Madeira-Lovers-Logos.png","contentUrl":"https:\/\/madeiralovers.com\/wp-content\/uploads\/2024\/05\/cropped-Madeira-Lovers-Logos.png","width":2500,"height":554,"caption":"Madeira Lovers"},"image":{"@id":"https:\/\/madeiralovers.com\/sv\/#\/schema\/logo\/image\/"}},{"@type":"Person","@id":"https:\/\/madeiralovers.com\/sv\/#\/schema\/person\/edb87870e054656013e63fc377ad387c","name":"Morgane","image":{"@type":"ImageObject","inLanguage":"sv-SE","@id":"https:\/\/secure.gravatar.com\/avatar\/afa26912805402e3ea29288b7478a6a37b47e98385c004daed7d76f04733a512?s=96&d=mm&r=g","url":"https:\/\/secure.gravatar.com\/avatar\/afa26912805402e3ea29288b7478a6a37b47e98385c004daed7d76f04733a512?s=96&d=mm&r=g","contentUrl":"https:\/\/secure.gravatar.com\/avatar\/afa26912805402e3ea29288b7478a6a37b47e98385c004daed7d76f04733a512?s=96&d=mm&r=g","caption":"Morgane"},"sameAs":["https:\/\/madeiralovers.com\/a-propos-de-morgane-mazelier\/"],"url":"https:\/\/madeiralovers.com\/sv\/author\/morgane\/"}]}},"featured_image_src":"https:\/\/madeiralovers.com\/wp-content\/uploads\/2024\/06\/baste-vandringar-madeira-SE-600x400.jpg","featured_image_src_square":"https:\/\/madeiralovers.com\/wp-content\/uploads\/2024\/06\/baste-vandringar-madeira-SE-600x600.jpg","author_info":{"display_name":"Morgane","author_link":"https:\/\/madeiralovers.com\/sv\/author\/morgane\/"},"_links":{"self":[{"href":"https:\/\/madeiralovers.com\/sv\/wp-json\/wp\/v2\/posts\/3254","targetHints":{"allow":["GET"]}}],"collection":[{"href":"https:\/\/madeiralovers.com\/sv\/wp-json\/wp\/v2\/posts"}],"about":[{"href":"https:\/\/madeiralovers.com\/sv\/wp-json\/wp\/v2\/types\/post"}],"author":[{"embeddable":true,"href":"https:\/\/madeiralovers.com\/sv\/wp-json\/wp\/v2\/users\/10"}],"replies":[{"embeddable":true,"href":"https:\/\/madeiralovers.com\/sv\/wp-json\/wp\/v2\/comments?post=3254"}],"version-history":[{"count":0,"href":"https:\/\/madeiralovers.com\/sv\/wp-json\/wp\/v2\/posts\/3254\/revisions"}],"wp:featuredmedia":[{"embeddable":true,"href":"https:\/\/madeiralovers.com\/sv\/wp-json\/wp\/v2\/media\/3135"}],"wp:attachment":[{"href":"https:\/\/madeiralovers.com\/sv\/wp-json\/wp\/v2\/media?parent=3254"}],"wp:term":[{"taxonomy":"category","embeddable":true,"href":"https:\/\/madeiralovers.com\/sv\/wp-json\/wp\/v2\/categories?post=3254"},{"taxonomy":"post_tag","embeddable":true,"href":"https:\/\/madeiralovers.com\/sv\/wp-json\/wp\/v2\/tags?post=3254"}],"curies":[{"name":"wp","href":"https:\/\/api.w.org\/{rel}","templated":true}]}}