{"id":3014,"date":"2024-06-19T16:40:06","date_gmt":"2024-06-19T15:40:06","guid":{"rendered":"https:\/\/madeiralovers.com\/besok-museum-christophe-colomb-porto-santo\/"},"modified":"2026-02-20T14:00:05","modified_gmt":"2026-02-20T13:00:05","slug":"besok-museum-christopher-colombus-porto-santo","status":"publish","type":"post","link":"https:\/\/madeiralovers.com\/sv\/besok-museum-christopher-colombus-porto-santo\/","title":{"rendered":"Museum Christopher Columbus (Porto Santo): bes\u00f6k + foton"},"content":{"rendered":"\n<p><span style=\"color: rgb(19, 52, 59); font-family: __fkGroteskNeue_598ab8, __fkGroteskNeue_Fallback_598ab8, ui-sans-serif, system-ui, -apple-system, \" system-ui=\"\" ui=\"\" roboto=\"\" neue=\"\" arial=\"\" sans=\"\" sans-serif=\"\" color=\"\" emoji=\"\" symbol=\"\" font-size:=\"\" white-space-collapse:=\"\" collapse=\"\" background-color:=\"\" rgb=\"\">Under din vistelse p\u00e5 \u00f6n <strong>Porto Santo<\/strong> ska du se till att f\u00f6rdjupa dig i \u00f6ns historia<\/span>! Vi rekommenderar ett <strong>bes\u00f6k p\u00e5 Christopher Columbus Museum,<\/strong> som ligger i den ber\u00f6mda navigat\u00f6rens f\u00f6rmodade hem i <strong>Vila Baleira<\/strong>. Detta lilla museum ber\u00e4ttar om Portugals maritima expansion och \u00f6ns historia.<\/p>\n\n<p>I den h\u00e4r artikeln kan du l\u00e4sa om v\u00e5ra <strong>anv\u00e4ndbara tips i bilder<\/strong> som hj\u00e4lper dig att f\u00f6rbereda dig inf\u00f6r ditt bes\u00f6k och f\u00e5 en fantastisk tid.<\/p>\n\n<figure class=\"wp-block-image size-full\"><img decoding=\"async\" src=\"https:\/\/madeiralovers.com\/wp-content\/uploads\/2024\/06\/besok-museum-christoffer-columbus-porto-santo-se.jpg\" alt=\"bes&#xF6;k christophe colomb-museet i porto santo\" class=\"wp-image-2940\"\/><\/figure>\n\n<p>Detta \u00e4r en helt <strong>oberoende<\/strong> \u00e5sikt, baserad p\u00e5 v\u00e5r egen erfarenhet. Vi gjorde v\u00e5ra egna val, bes\u00f6kte regionen anonymt och betalade v\u00e5ra r\u00e4kningar till fullo.<\/p>\n\n<h2 class=\"wp-block-heading\">Varf\u00f6r bes\u00f6ka Christopher Columbus House i Porto Santo?<\/h2>\n\n<h3 class=\"wp-block-heading\">\u00c4r museet v\u00e4rt det? V\u00e5r \u00e5sikt:<\/h3>\n\n<p>Enligt v\u00e5r mening \u00e4r museet v\u00e4l v\u00e4rt ett bes\u00f6k. H\u00e4r kan du uppt\u00e4cka kopplingarna mellan Porto Santo och Christopher Columbus. En del av utst\u00e4llningen \u00e4gnas \u00e5t epiken om de stora portugisiska sj\u00f6uppt\u00e4ckterna, d\u00e4r den ber\u00f6mde navigat\u00f6ren var en nyckelspelare.<a href=\"https:\/\/www.monnuage.fr\/point-d-interet\/musee-maison-christophe-colomb--a798871\" target=\"_blank\" rel=\"noreferrer noopener\"><\/a><a href=\"https:\/\/madeiraislandinformation.com\/fr\/listings\/christopher-columbus-house-porto-santo-museum\/\" target=\"_blank\" rel=\"noreferrer noopener\"><\/a><a href=\"https:\/\/visitmadeira.com\/fr\/que-faire\/passionnes-de-culture\/patrimoine\/musees\/musee-casa-colombo-de-porto-santo\/\" target=\"_blank\" rel=\"noreferrer noopener\"><\/a>. Samlingen v\u00e4ckte v\u00e5r nyfikenhet.<\/p>\n\n<p>F\u00f6rutom sitt historiska intresse \u00e4r museet en av de <a href=\"https:\/\/madeiralovers.com\/sv\/sevardheter-porto-santo-att-gora\/\" target=\"_blank\" rel=\"noreferrer noopener\">aktiviteter som m\u00e5ste g\u00f6ras under en vistelse i Porto Santo<\/a> f\u00f6r att f\u00f6rdjupa dig i \u00f6ns rika f\u00f6rflutna!<a href=\"https:\/\/google.com\/maps\/?ll=33.075975%2C-16.334606&amp;q=Porto+Santo+Island&amp;z=15\" target=\"_blank\" rel=\"noreferrer noopener\"><\/a><\/p>\n\n<figure class=\"wp-block-image size-large\"><img decoding=\"async\" src=\"https:\/\/photos.smugmug.com\/Madeira-Lovers\/Porto-Santo\/Vila-Baleira\/Columbus-Museum\/i-zQBH9Pv\/0\/rnRpHJhvGQJmbB9tnr9X8gqJXJQFTmQ465zFpCws\/L\/entrance%20columbus%20house%20museum%20porto%20santo-L.jpg\" alt=\"framsidan av museet\"\/><\/figure>\n\n<h3 class=\"wp-block-heading\">Varf\u00f6r \u00e4r Columbus House Museum ber\u00f6mt?<\/h3>\n\n<p>Enligt popul\u00e4ra ber\u00e4ttelser som g\u00e5tt i arv fr\u00e5n generation till generation ska Christofer Columbus ha bott i detta tidigare hem, som nu \u00e4r ett museum. Efter sitt gifterm\u00e5l med Filipa de Moniz gjorde han korta vistelser i Porto Santo under sina maritima uppt\u00e4cktsf\u00e4rder. Hon \u00e4r dotter till Bartolomeu Perestrelo, kapten och guvern\u00f6r p\u00e5 \u00f6n<a href=\"https:\/\/google.com\/maps\/?ll=33.050000%2C-16.350000&amp;q=Porto+Santo&amp;z=15\" target=\"_blank\" rel=\"noreferrer noopener\"><\/a><a href=\"https:\/\/korblog.fr\/2018\/10\/porto-anto.html\" target=\"_blank\" rel=\"noreferrer noopener\"><\/a><a href=\"https:\/\/visitmadeira.com\/fr\/que-faire\/passionnes-de-culture\/patrimoine\/musees\/musee-casa-colombo-de-porto-santo\/\" target=\"_blank\" rel=\"noreferrer noopener\"><\/a><a href=\"https:\/\/visitmadeira.com\/fr\/que-faire\/passionnes-de-culture\/patrimoine\/monuments-et-architecture\/statue-de-christophe-colomb\/\" target=\"_blank\" rel=\"noreferrer noopener\"><\/a>. Br\u00f6llopet s\u00e4gs ha \u00e4gt rum i Lissabon \u00e5r 1479 eller 1480.<\/p>\n\n<figure class=\"wp-block-image size-large\"><img decoding=\"async\" src=\"https:\/\/photos.smugmug.com\/Madeira-Lovers\/Porto-Santo\/Vila-Baleira\/Columbus-Museum\/i-jj6wSWX\/0\/bnkRcscPHm24ckss29hFd85Kbg4RkfTMbKt8xhJf\/L\/drawing%20colombus%20house%20porto%20santo-L.jpg\" alt=\"Portr&#xE4;tt av Christofer Columbus\"\/><figcaption class=\"wp-element-caption\">Portr\u00e4tt av Christofer Columbus<\/figcaption><\/figure>\n\n<h3 class=\"wp-block-heading\">V\u00e5ra favorit\u00f6gonblick<\/h3>\n\n<p>Under v\u00e5rt bes\u00f6k slogs vi s\u00e4rskilt av tre \u00f6gonblick:<\/p>\n\n<ul class=\"wp-block-list\">\n<li>verk fr\u00e5n Kina och Japan,<\/li>\n\n\n\n<li>Navigationskartor,<\/li>\n\n\n\n<li>Utst\u00e4llningen om Porto Santos historia.<\/li>\n<\/ul>\n\n<figure class=\"wp-block-image size-large is-resized\"><img decoding=\"async\" src=\"https:\/\/photos.smugmug.com\/Madeira-Lovers\/Porto-Santo\/Vila-Baleira\/Columbus-Museum\/i-LvZR7p7\/0\/DgW9PsXhNbBbTDP4Z8Nv3bpBxnjgrzthVrpQmMVPG\/L\/map%20columbus%20house%20museum%20porto%20santo-L.jpg\" alt=\"Karta &#xF6;ver Afrikas v&#xE4;stkust\" style=\"width:702px;height:auto\"\/><figcaption class=\"wp-element-caption\">Karta \u00f6ver Afrikas v\u00e4stkust<\/figcaption><\/figure>\n\n<div style=\"margin-top:8%;margin-bottom:8%\" class=\"wp-block-genesis-blocks-gb-container box gb-block-container\"><div class=\"gb-container-inside\"><div class=\"gb-container-content\" style=\"max-width:700px\">\n<div class=\"wp-block-genesis-blocks-gb-container box_titre gb-block-container\"><div class=\"gb-container-inside\"><div class=\"gb-container-content\">\n<h5 class=\"titre_box\" style=\"padding-top:10px;\">VAR MAN KAN BO I <span class=\"titre_box_manuscrit\">Porto Santo<\/span><\/h5>\n<\/div><\/div><\/div>\n\n\n\n<hr class=\"wp-block-separator has-text-color has-alpha-channel-opacity has-background is-style-wide hr-box-planif\" style=\"background-color:#ccd3dd;color:#ccd3dd\"\/>\n\n\n\n<div class=\"wp-block-columns box_sans_border is-layout-flex wp-container-core-columns-is-layout-9d6595d7 wp-block-columns-is-layout-flex\">\n<div class=\"wp-block-column texte_planif is-layout-flow wp-block-column-is-layout-flow\" style=\"font-size:14px;flex-basis:60%\">\n<p class=\"option_titre2\"><strong>Alternativ 1 <\/strong>: Vila Baleira (norra stranden)<\/p>\n\n\n\n<p style=\"font-size:14px\">F\u00f6r tillg\u00e5ng till en liten stad och stranden<\/p>\n\n\n\n<ul class=\"ul_box wp-block-list\">\n<li style=\"font-size:14px\"><strong>Hotel Torre Praia<\/strong> &#8211; <a href=\"https:\/\/www.booking.com\/hotel\/pt\/torre-praia.html?aid=2410700\" target=\"_blank\" rel=\"noreferrer noopener sponsored nofollow\">se priser, bilder och tillg\u00e4nglighet<\/a><\/li>\n\n\n\n<li style=\"font-size:14px\">Flat Vista Dourada: <a href=\"https:\/\/www.booking.com\/hotel\/pt\/golden-view.html?aid=2410700\" target=\"_blank\" rel=\"noreferrer noopener sponsored nofollow\">se priser, bilder och tillg\u00e4nglighet<\/a><\/li>\n<\/ul>\n<\/div>\n\n\n\n<div class=\"wp-block-column is-vertically-aligned-top planif-radius is-layout-flow wp-block-column-is-layout-flow\" style=\"flex-basis:40%\">\n<figure class=\"wp-block-image size-large img-portrait\"><img decoding=\"async\" src=\"https:\/\/photos.smugmug.com\/Madeira-Lovers\/Porto-Santo\/7d-South-Porto-Santo\/i-4KFPNZj\/2\/29c5727f\/S\/town_Porto_Santo-7183860-S.jpg\" alt=\"Vila Baleira.\" title=\"\"\/><\/figure>\n<\/div>\n<\/div>\n\n\n\n<hr class=\"wp-block-separator has-text-color has-alpha-channel-opacity has-background is-style-wide hr-box-planif\" style=\"background-color:#ccd3dd;color:#ccd3dd\"\/>\n\n\n\n<div class=\"wp-block-columns box_sans_border is-layout-flex wp-container-core-columns-is-layout-9d6595d7 wp-block-columns-is-layout-flex\">\n<div class=\"wp-block-column texte_planif is-layout-flow wp-block-column-is-layout-flow\" style=\"font-size:14px;flex-basis:60%\">\n<p class=\"option_titre\"><strong>Alternativ 2: <\/strong>Centrala eller s\u00f6dra stranden<\/p>\n\n\n\n<p style=\"font-size:14px\">Turistomr\u00e5den n\u00e4ra stranden<\/p>\n\n\n\n<ul class=\"ul_box wp-block-list\">\n<li style=\"font-size:14px\">Pestana Porto Santo, 5 stj\u00e4rnor &#8211; <a href=\"https:\/\/www.booking.com\/hotel\/pt\/pestana-porto-santo.html?aid=2410700\" target=\"_blank\" rel=\"noreferrer noopener sponsored nofollow\">se priser, bilder och tillg\u00e4nglighet<\/a><\/li>\n\n\n\n<li style=\"font-size:14px\">Hotel Porto Santo &amp; Spa, 4 stj\u00e4rnor &#8211; <a href=\"https:\/\/www.booking.com\/hotel\/pt\/hotelportosanto.html?aid=2410700\" target=\"_blank\" rel=\"noreferrer noopener sponsored nofollow\">se priser, bilder och tillg\u00e4nglighet<\/a><\/li>\n<\/ul>\n<\/div>\n\n\n\n<div class=\"wp-block-column is-vertically-aligned-top planif-radius is-layout-flow wp-block-column-is-layout-flow\" style=\"flex-basis:40%\">\n<figure class=\"wp-block-image size-large img-portrait\"><img decoding=\"async\" src=\"https:\/\/photos.smugmug.com\/Madeira-Lovers\/Porto-Santo\/7f-Porto-Santo-Beach\/i-mhvg7f4\/2\/f024bb53\/S\/beach_Praia_Porto_Santo-7183893-S.jpg\" alt=\"Porto Santo strand\" title=\"\"\/><\/figure>\n<\/div>\n<\/div>\n\n\n\n<hr class=\"wp-block-separator has-text-color has-alpha-channel-opacity has-background is-style-wide hr-box-planif\" style=\"background-color:#ccd3dd;color:#ccd3dd\"\/>\n\n\n\n<p class=\"has-text-align-center\" style=\"font-size:17px\"><\/p>\n\n\n\n<div class=\"wp-block-buttons planif_bouton is-content-justification-center is-layout-flex wp-container-core-buttons-is-layout-16018d1d wp-block-buttons-is-layout-flex\">\n<div class=\"wp-block-button has-custom-font-size\" style=\"font-size:14px\"><a class=\"wp-block-button__link has-white-color has-text-color wp-element-button\" href=\"https:\/\/madeiralovers.com\/sv\/var-kan-bo-porto-santo-basta-hotellen-stadsdelarna\/\" style=\"border-radius:4px\" target=\"_blank\" rel=\"noreferrer noopener\">Se v\u00e5ra recensioner av de b\u00e4sta hotellen i Porto Santo  <img decoding=\"async\" class=\"wp-image-2851\" style=\"width: 16px;\" src=\"https:\/\/provencelovers.fr\/wp-content\/uploads\/2023\/08\/ArrowRight.webp\" alt=\"\"\/><\/a><\/div>\n<\/div>\n<\/div><\/div><\/div>\n\n<h3 class=\"wp-block-heading\">Historia i korthet<\/h3>\n\n<p>Museet \u00e4r inrymt i flera sm\u00e5 byggnader som f\u00f6renades under renoveringar p\u00e5 1700- och 1800-talen. Vi g\u00e5r \u00f6ver en g\u00e5ngbro, markerad med datum som f\u00f6rknippas med stora navigat\u00f6rer, f\u00f6r att komma till den andra delen av turen.<\/p>\n\n<p>Vissa l\u00e4mningar g\u00e5r tillbaka till b\u00f6rjan av 1500-talet, t.ex. huvudbyggnadens norra v\u00e4gg som har 2 f\u00f6nster i gotisk stil.<a href=\"https:\/\/www.petitfute.com\/v39811-vila-baleira\/c1173-visites-points-d-interet\/c958-musee\/63795-casa-colombo-museu-do-porto-santo.html\" target=\"_blank\" rel=\"noreferrer noopener\"><\/a><a href=\"https:\/\/visitmadeira.com\/fr\/que-faire\/passionnes-de-culture\/patrimoine\/musees\/musee-casa-colombo-de-porto-santo\/\" target=\"_blank\" rel=\"noreferrer noopener\"><\/a><a href=\"https:\/\/madeiraislandinformation.com\/fr\/listings\/christopher-columbus-house-porto-santo-museum\/\" target=\"_blank\" rel=\"noreferrer noopener\"><\/a>. Museet invigdes 1989 och har sedan dess genomg\u00e5tt flera ombyggnadskampanjer, varav den senaste 2004 helt omdefinierade dess program.<a href=\"https:\/\/www.petitfute.com\/v39811-vila-baleira\/c1173-visites-points-d-interet\/c958-musee\/63795-casa-colombo-museu-do-porto-santo.html\" target=\"_blank\" rel=\"noreferrer noopener\"><\/a><a href=\"https:\/\/visitmadeira.com\/fr\/que-faire\/passionnes-de-culture\/patrimoine\/musees\/musee-casa-colombo-de-porto-santo\/\" target=\"_blank\" rel=\"noreferrer noopener\"><\/a>.<\/p>\n\n<figure class=\"wp-block-image size-large\"><img decoding=\"async\" src=\"https:\/\/photos.smugmug.com\/Madeira-Lovers\/Porto-Santo\/Vila-Baleira\/Columbus-Museum\/i-Jdhbq5Q\/0\/C46h7vjFhsNWMSDmDfjJLRWqtTsb9v8QgPTvRCzFN\/L\/footbridge%20columbus%20house%20museum%20porto%20santo-L.jpg\" alt=\"gateway\"\/><figcaption class=\"wp-element-caption\">Gateway<\/figcaption><\/figure>\n\n<h2 class=\"wp-block-heading\">Tilltr\u00e4de: Christopher Columbus Museum, Vila Baleira (Porto Santo)<\/h2>\n\n<h3 class=\"wp-block-heading\">Var ligger museet?<\/h3>\n\n<ul class=\"wp-block-list\">\n<li>P\u00e5 \u00f6n Porto Santo,<\/li>\n\n\n\n<li>I huvudorten Vila Baleira,<\/li>\n\n\n\n<li>Bredvid kyrkan Nossa Senhora da Piedade.<\/li>\n<\/ul>\n\n<div style=\"margin-top:8%;margin-bottom:8%\" class=\"wp-block-genesis-blocks-gb-container box gb-block-container\"><div class=\"gb-container-inside\"><div class=\"gb-container-content\">\n<div class=\"wp-block-columns inverse box_planif is-layout-flex wp-container-core-columns-is-layout-9d6595d7 wp-block-columns-is-layout-flex\">\n<div class=\"wp-block-column texte_planif is-layout-flow wp-block-column-is-layout-flow\" style=\"flex-basis:58%\">\n<h5 class=\"titre_box\">V\u00c5RT R\u00c5D F\u00d6R ATT HYRA DIN BIL P\u00c5 <span class=\"titre_box_manuscrit\">\nPorto Santo<\/span><\/h5>\n\n\n\n<ul style=\"font-size:14px\" class=\"liste_voiture wp-block-list\">\n<li>J\u00e4mf\u00f6r priser p\u00e5 v\u00e5r f\u00f6redragna plattform: <a href=\"https:\/\/www.discovercars.com\/se\/portugal\/porto-santo?a_aid=zigzag&amp;chan=madeira\" target=\"_blank\" rel=\"noreferrer noopener sponsored nofollow\">DiscoverCars<\/a> &#8211; en av de b\u00e4st rankade webbplatserna.<\/li>\n\n\n\n<li>\u00d6n \u00e4r liten och mycket l\u00e4tt att k\u00f6ra runt<\/li>\n\n\n\n<li>En bil ger dig massor av frihet att utforska varje h\u00f6rn av Porto Santo<\/li>\n\n\n\n<li>Det \u00e4r stor efterfr\u00e5gan och f\u00e5 bilar, s\u00e5 <strong>boka tidigt<\/strong>.<\/li>\n<\/ul>\n<\/div>\n\n\n\n<div class=\"wp-block-column planif-radius-3 is-layout-flow wp-block-column-is-layout-flow\" style=\"flex-basis:42%\">\n<figure class=\"wp-block-image size-large is-resized\"><img decoding=\"async\" src=\"https:\/\/photos.smugmug.com\/Madeira-Lovers\/Porto-Santo\/7b-Porto-Santo-North-Coast\/i-fKQrFgQ\/2\/99628741\/S\/casa_da_serra_Porto_Santo-7183471-S.jpg\" alt=\"K&#xF6;rning i Porto Santo\" title=\"\"\/><\/figure>\n<\/div>\n<\/div>\n\n\n\n<div class=\"wp-block-columns planif_bouton is-layout-flex wp-container-core-columns-is-layout-9d6595d7 wp-block-columns-is-layout-flex\">\n<div class=\"wp-block-column is-layout-flow wp-block-column-is-layout-flow\" style=\"flex-basis:50%\">\n<div class=\"wp-block-buttons is-content-justification-center is-layout-flex wp-container-core-buttons-is-layout-16018d1d wp-block-buttons-is-layout-flex\">\n<div class=\"wp-block-button has-custom-font-size\" style=\"font-size:14px\"><a class=\"wp-block-button__link has-white-color has-text-color wp-element-button\" href=\"https:\/\/www.discovercars.com\/se\/portugal\/porto-santo?a_aid=zigzag&amp;amp;chan=madeira\" style=\"border-radius:4px\" target=\"_blank\" rel=\"noreferrer noopener\">Se bilarna &gt;&gt;<\/a><\/div>\n<\/div>\n<\/div>\n\n\n\n<div class=\"wp-block-column is-vertically-aligned-center is-layout-flow wp-block-column-is-layout-flow\" style=\"flex-basis:50%\">\n<p class=\"has-text-align-center\" style=\"font-size:14px\"><strong><a href=\"https:\/\/madeiralovers.com\/sv\/hur-hyr-bil-porto-santo-tips-erfarenhet\/\" target=\"_blank\" rel=\"noreferrer noopener\">Se v\u00e5ra r\u00e5d<\/a><\/strong><\/p>\n<\/div>\n<\/div>\n<\/div><\/div><\/div>\n\n<h3 class=\"wp-block-heading\">Hur kommer jag dit?<\/h3>\n\n<p>Om du kom till \u00f6n med f\u00e4rja fr\u00e5n Funchal finns det tre s\u00e4tt att ta sig till Vila Baleira. Ni g\u00e5r i land i hamnen, som ligger p\u00e5 \u00f6ns \u00f6stra sida. Det tar 30 minuter att promenera l\u00e4ngs Porto Santo-stranden. Promenaden, med f\u00f6tterna i sanden, \u00e4r ganska trevlig.<\/p>\n\n<p>Annars finns det ett taxin\u00e4tverk p\u00e5 \u00f6n, men det \u00e4r ganska begr\u00e4nsat. Vi rekommenderar att du hyr en bil f\u00f6r att kunna ta dig runt l\u00e4ttare och mer fritt. Om du beg\u00e4r det i f\u00f6rv\u00e4g kommer ett fordon att v\u00e4nta p\u00e5 dig direkt vid f\u00e4rjans fot. Du kommer inte att vilja missa staden. Du m\u00e5ste k\u00f6ra rakt fram fr\u00e5n landningsplatsen.<\/p>\n\n<p>Har du inte bokat din f\u00e4rjeresa \u00e4n?<strong><a href=\"https:\/\/www.directferries.com\/?dfpid=1915\" target=\"_blank\" rel=\"noreferrer noopener sponsored nofollow\">  &#8211; se priser och tillg\u00e4nglighet.<\/a><\/strong><\/p>\n\n<figure class=\"wp-block-image size-large\"><img decoding=\"async\" src=\"https:\/\/photos.smugmug.com\/Madeira-Lovers\/Porto-Santo\/Porto-Santo-Ferry\/i-7W4zsXc\/0\/FgLP65GJ8fmHfvwPBVdHzRsRg9KSB5rSR2z2nHcKb\/L\/cars%20ferry%20porto%20santo-L.jpg\" alt=\"f&#xE4;rjel&#xE4;ge\"\/><\/figure>\n\n<h3 class=\"wp-block-heading\">Parkeringsplats<\/h3>\n\n<p>N\u00e4r du kommer till Vila Baleira rekommenderar vi att du parkerar p\u00e5 en parkeringsplats p\u00e5 Avenida Henrique Vieira de Castro. Den \u00e4r relativt stor. Beroende p\u00e5 vilken s\u00e4song du bes\u00f6ker kan du beh\u00f6va betala en liten avgift. D\u00e4rifr\u00e5n \u00e4r det 7 minuters promenad till museet.<\/p>\n\n<div style=\"background-color:#fefefe;margin-top:6%;margin-bottom:6%\" class=\"wp-block-genesis-blocks-gb-container box gb-block-container\"><div class=\"gb-container-inside\"><div class=\"gb-container-content\" style=\"max-width:700px\">\n<div class=\"wp-block-columns inverse is-layout-flex wp-container-core-columns-is-layout-9d6595d7 wp-block-columns-is-layout-flex\">\n<div class=\"wp-block-column texte_planif is-layout-flow wp-block-column-is-layout-flow\" style=\"flex-basis:58%\">\n<h5 class=\"titre_box\">V\u00c5R GUIDE TILL ATT PLANERA EN <span class=\"titre_box_manuscrit\">Dr\u00f6mresa<\/span><\/h5>\n\n\n\n<ul class=\"wp-block-list\">\n<li>7 kartor som underl\u00e4ttar planeringen<\/li>\n\n\n\n<li>+ 120 utvalda m\u00f6tesplatser  <\/li>\n\n\n\n<li>Praktiska r\u00e5d  <\/li>\n\n\n\n<li>+ 260 foton som hj\u00e4lper dig att v\u00e4lja<\/li>\n<\/ul>\n\n\n\n<div class=\"wp-block-buttons is-layout-flex wp-block-buttons-is-layout-flex\">\n<div class=\"wp-block-button\"><a class=\"wp-block-button__link has-theme-primary-background-color has-background wp-element-button\" href=\"https:\/\/madeiralovers.com\/sv\/ebook-reseguide-madeira\/\">Ta reda p\u00e5 mer &gt;&gt;<\/a><\/div>\n<\/div>\n<\/div>\n\n\n\n<div class=\"wp-block-column is-layout-flow wp-block-column-is-layout-flow\" style=\"flex-basis:42%\">\n<div class=\"wp-block-genesis-blocks-gb-container ebook-radius-waitlist gb-block-container\"><div class=\"gb-container-inside\"><div class=\"gb-container-content\"><div class=\"wp-block-image ebook-image\">\n<figure class=\"aligncenter size-full\"><img decoding=\"async\" src=\"https:\/\/madeiralovers.com\/wp-content\/uploads\/2024\/06\/Med-Madeira-Travel-Guide-ebook-cover-6.jpg\" alt=\"guide-resa-Madere-bok-omslag-medium\" class=\"wp-image-2412\"\/><\/figure>\n<\/div><\/div><\/div><\/div>\n<\/div>\n<\/div>\n<\/div><\/div><\/div>\n\n<h2 class=\"wp-block-heading\">Anv\u00e4ndbara tips: varaktighet, tidtabeller, \u00e4ta&#8230;<\/h2>\n\n<h3 class=\"wp-block-heading\">B\u00e4sta tiden att bes\u00f6ka<\/h3>\n\n<p>Museet \u00e4r inte s\u00e4rskilt v\u00e4lbes\u00f6kt, eftersom turisterna i allm\u00e4nhet f\u00f6redrar Porto Santos strand och utomhusaktiviteter.  <\/p>\n\n<p>Under sommarm\u00e5naderna \u00e4r det b\u00e4st att bes\u00f6ka utst\u00e4llningen s\u00e5 snart den \u00f6ppnar, runt kl. 10.00, f\u00f6r att undvika tr\u00e4ngsel p\u00e5 sena morgonen eller sena eftermiddagen. Annars \u00e4r det fritt fram att utforska omr\u00e5det n\u00e4r du vill!<\/p>\n\n<figure class=\"wp-block-image size-large\"><img decoding=\"async\" src=\"https:\/\/photos.smugmug.com\/Madeira-Lovers\/Porto-Santo\/Vila-Baleira\/Columbus-Museum\/i-jB8BkKz\/0\/njvxdgSTjF8t3r5NZSP7cDjRKKX7S5sqL6WL8FR6\/L\/exposition%20columbus%20house%20museum%20porto%20santo-L.jpg\" alt=\"museisamling\"\/><\/figure>\n\n<div style=\"margin-top:8%;margin-bottom:8%\" class=\"wp-block-genesis-blocks-gb-container box gb-block-container\"><div class=\"gb-container-inside\"><div class=\"gb-container-content\">\n<div class=\"wp-block-columns inverse is-layout-flex wp-container-core-columns-is-layout-9d6595d7 wp-block-columns-is-layout-flex\">\n<div class=\"wp-block-column texte_planif is-layout-flow wp-block-column-is-layout-flow\" style=\"flex-basis:58%\">\n<h5 class=\"titre_box\">V\u00c5R FAVORITAKTIVITET I <span class=\"titre_box_manuscrit\">Porto Santo<\/span><\/h5>\n\n\n\n<p style=\"font-size:14px\">Fr\u00e5n Ponta Calheta kan du utforska kusten och grottorna med kajak.<br\/>En of\u00f6rgl\u00f6mlig upplevelse n\u00e4ra de vulkaniska klipporna.<\/p>\n\n\n\n<p style=\"font-size:14px\"><a href=\"https:\/\/www.getyourguide.se\/madere-l67\/porto-santo-excursion-en-kayak-depuis-ponta-calheta-t389503\/?partner_id=R3GYW4V&amp;cmp=madeira\" target=\"_blank\" rel=\"noreferrer noopener sponsored nofollow\">Se program och tillg\u00e4nglighet &#8211; och boka!<\/a><\/p>\n<\/div>\n\n\n\n<div class=\"wp-block-column ville-radius is-layout-flow wp-block-column-is-layout-flow\" style=\"flex-basis:42%\">\n<figure class=\"wp-block-image size-large is-resized img-portrait\"><img decoding=\"async\" src=\"https:\/\/photos.smugmug.com\/Madeira-Lovers\/Porto-Santo\/7f-Porto-Santo-Beach\/i-Cv8M4HR\/2\/02e4b81c\/S\/beach_Praia_Porto_Santo-7183847-S.jpg\" alt=\"\" style=\"width:319px;height:303px\" title=\"\"\/><\/figure>\n<\/div>\n<\/div>\n<\/div><\/div><\/div>\n\n<h3 class=\"wp-block-heading\">Bes\u00f6ksl\u00e4ngd och huvudsakliga sv\u00e5righeter<\/h3>\n\n<p>R\u00e4kna med 30 minuter till 1 timme f\u00f6r att bes\u00f6ka museet.<\/p>\n\n<p>Det gamla huset \u00e4r inte riktigt l\u00e4mpligt f\u00f6r personer med nedsatt r\u00f6rlighet. S\u00e5 fort vi kom in var vi tvungna att g\u00e5 uppf\u00f6r en trappa f\u00f6r att komma till den f\u00f6rsta utst\u00e4llningen. Marken \u00e4r kullerstensbelagd och oj\u00e4mn p\u00e5 vissa st\u00e4llen. Vi s\u00e5g dock n\u00e5gra b\u00e4nkar utanf\u00f6r.<\/p>\n\n<figure class=\"wp-block-image size-large\"><img decoding=\"async\" src=\"https:\/\/photos.smugmug.com\/Madeira-Lovers\/Porto-Santo\/Vila-Baleira\/Columbus-Museum\/i-9PDwv7s\/0\/C9sx3GXM9Nhc2t2N6NXs8GnpVJ4J2xRMv9p9B6WNG\/L\/stairs%20house%20museum%20casa%20colombo%20porto%20santo-L.jpg\" alt=\"Trappor\"\/><\/figure>\n\n<h3 class=\"wp-block-heading\">Bes\u00f6ksriktning<\/h3>\n\n<p>F\u00f6rst gick vi upp till f\u00f6rsta v\u00e5ningen i huvudbyggnaden, d\u00e4r vi uppt\u00e4ckte n\u00e5gra religi\u00f6sa verk. Vi tittade sedan p\u00e5 utst\u00e4llningen om Portugals maritima expansion, som f\u00f6rde oss till Japan och Kina i synnerhet. Efter att ha l\u00e4mnat auditoriet gick vi \u00f6ver en upph\u00f6jd terrass med utsikt \u00f6ver en fresco som f\u00f6rest\u00e4llde Christofer Columbus. Den ledde till en g\u00e5ngbro som gav tillg\u00e5ng till de andra byggnaderna i museet.<\/p>\n\n<p>Efter det \u00e4r riktningen f\u00f6r bes\u00f6ket inte s\u00e4rskilt entydig. Du kan vandra runt i de olika utst\u00e4llningsomr\u00e5dena som du vill. P\u00e5 programmet st\u00e5r bland annat modellfartyg, en kortfilm och massor av informationstavlor om \u00f6ns och Christopher Columbus historia. Avsluta ditt bes\u00f6k p\u00e5 museet med ett bes\u00f6k i kyrkan Nossa Senhora da Piedade, som ligger precis intill!<\/p>\n\n<figure class=\"wp-block-image size-large\"><img decoding=\"async\" src=\"https:\/\/photos.smugmug.com\/Madeira-Lovers\/Porto-Santo\/Vila-Baleira\/Columbus-Museum\/i-69N7VMM\/0\/LWdMgwxKRHzrTS2DQmLsDqGNgPF5GttsgcsPPRff\/L\/terrace%20house%20museum%20casa%20colombo%20porto%20santo-L.jpg\" alt=\"terrass\"\/><\/figure>\n\n<div style=\"background-color:#fefefe;margin-top:6%;margin-bottom:6%\" class=\"wp-block-genesis-blocks-gb-container box gb-block-container\"><div class=\"gb-container-inside\"><div class=\"gb-container-content\" style=\"max-width:700px\">\n<div class=\"wp-block-columns inverse is-layout-flex wp-container-core-columns-is-layout-9d6595d7 wp-block-columns-is-layout-flex\">\n<div class=\"wp-block-column texte_planif is-layout-flow wp-block-column-is-layout-flow\" style=\"flex-basis:58%\">\n<h5 class=\"titre_box\">V\u00c5R GUIDE TILL ATT PLANERA EN <span class=\"titre_box_manuscrit\">Dr\u00f6mresa<\/span><\/h5>\n\n\n\n<ul class=\"wp-block-list\">\n<li>7 kartor som underl\u00e4ttar planeringen<\/li>\n\n\n\n<li>+ 120 utvalda m\u00f6tesplatser  <\/li>\n\n\n\n<li>Praktiska r\u00e5d  <\/li>\n\n\n\n<li>+ 260 foton som hj\u00e4lper dig att v\u00e4lja<\/li>\n<\/ul>\n\n\n\n<div class=\"wp-block-buttons is-layout-flex wp-block-buttons-is-layout-flex\">\n<div class=\"wp-block-button\"><a class=\"wp-block-button__link has-theme-primary-background-color has-background wp-element-button\" href=\"https:\/\/madeiralovers.com\/sv\/ebook-reseguide-madeira\/\">Ta reda p\u00e5 mer &gt;&gt;<\/a><\/div>\n<\/div>\n<\/div>\n\n\n\n<div class=\"wp-block-column is-layout-flow wp-block-column-is-layout-flow\" style=\"flex-basis:42%\">\n<div class=\"wp-block-genesis-blocks-gb-container ebook-radius-waitlist gb-block-container\"><div class=\"gb-container-inside\"><div class=\"gb-container-content\"><div class=\"wp-block-image ebook-image\">\n<figure class=\"aligncenter size-full\"><img decoding=\"async\" src=\"https:\/\/madeiralovers.com\/wp-content\/uploads\/2024\/06\/Med-Madeira-Travel-Guide-ebook-cover-6.jpg\" alt=\"guide-resa-Madere-bok-omslag-medium\" class=\"wp-image-2412\"\/><\/figure>\n<\/div><\/div><\/div><\/div>\n<\/div>\n<\/div>\n<\/div><\/div><\/div>\n\n<h3 class=\"wp-block-heading\">Bes\u00f6k med barn<\/h3>\n\n<p>Vi observerade inte n\u00e5gra s\u00e4rskilda resv\u00e4gar f\u00f6r barn. Det finns dock n\u00e5gra modellb\u00e5tar och f\u00f6rem\u00e5l som kan intressera dem.<\/p>\n\n<figure class=\"wp-block-image size-large\"><img decoding=\"async\" src=\"https:\/\/photos.smugmug.com\/Madeira-Lovers\/Porto-Santo\/Vila-Baleira\/Columbus-Museum\/i-vDgRgLR\/0\/CLNRsdr34HvSrHfWs8WdSHj8Vs4fHSGHZvfXJdxPw\/L\/reconstitution%20columbus%20house%20museum%20porto%20santo-L.jpg\" alt=\"modellb&#xE5;tar\"\/><\/figure>\n\n<h3 class=\"wp-block-heading\">\u00d6ppettider och priser<\/h3>\n\n<p><strong>\u00d6ppettider f\u00f6r hotell:<\/strong><\/p>\n\n<ul class=\"wp-block-list\">\n<li>\u00f6ppet kl. 10.00-12.30 och kl. 14.00-17.30 p\u00e5 vardagar,<\/li>\n\n\n\n<li>\u00f6ppet kl. 10.00-13.00 p\u00e5 l\u00f6rdagar och s\u00f6ndagar<\/li>\n\n\n\n<li>st\u00e4ngt p\u00e5 tisdagar fr\u00e5n oktober till juni.<\/li>\n<\/ul>\n\n<p><strong>Prislista:<\/strong><\/p>\n\n<ul class=\"wp-block-list\">\n<li>Biljett f\u00f6r vuxna: 2 \u20ac, endast kontant,<\/li>\n\n\n\n<li>Barn under 12 \u00e5r gratis.<\/li>\n<\/ul>\n\n<h3 class=\"wp-block-heading\">Catering<\/h3>\n\n<p>Enligt v\u00e5r mening finns <a href=\"https:\/\/madeiralovers.com\/sv\/basta-restaurang-porto-santo-ata-omdomen\/\" target=\"_blank\" rel=\"noreferrer noopener\">de b\u00e4sta restaurangerna i Porto Santo<\/a> inte i Vila Baleira. Vi f\u00f6resl\u00e5r att du tar v\u00e4gen f\u00f6r att komma till Restaurant Teodorico. Inb\u00e4ddat i en gr\u00f6n milj\u00f6 i Serra de Fora blev vi \u00f6vertygade om denna bra adress som rekommenderades av en lokal.<\/p>\n\n<figure class=\"wp-block-image\"><img decoding=\"async\" src=\"https:\/\/photos.smugmug.com\/Madeira-Lovers\/Porto-Santo\/Restos\/i-tFTxvk7\/0\/DgNSG4nV2TvvGLsSF9FpPVQk5DbXcVvjsv8RSnf9k\/L\/meal%20restaurant%20teodorico%20porto%20santo-L.jpg\" alt=\"Restaurang Teodorico - matr&#xE4;tt\"\/><figcaption class=\"wp-element-caption\">Restaurang Teodorico<\/figcaption><\/figure>\n\n<h2 class=\"wp-block-heading\">B\u00f6rja turen: Religion och portugisisk sj\u00f6fartsexpansion<\/h2>\n\n<p>Innan du f\u00f6rdjupar dig i Portugals maritima expansion, museets huvud\u00e4mne, kommer du att uppt\u00e4cka ett antal verk med anknytning till religion.<\/p>\n\n<h3 class=\"wp-block-heading\">Religi\u00f6sa verk<\/h3>\n\n<p>Religionen \u00e4r fortfarande mycket n\u00e4rvarande i Portugal och \u00f6gruppen Madeira, och spelar en viktig roll \u00e4ven i Porto Santo. S\u00e5 det \u00e4r bara logiskt att museet st\u00e4ller ut ett antal heliga verk. Vi s\u00e5g statyetter och oljem\u00e5lningar. Det mest sl\u00e5ende inslaget i denna del av det gamla huset \u00e4r processionskorset i f\u00f6rgylld koppar. Den har sitt ursprung i Spanien under andra h\u00e4lften av 1400-talet.<\/p>\n\n<figure class=\"wp-block-image size-large\"><img decoding=\"async\" src=\"https:\/\/photos.smugmug.com\/Madeira-Lovers\/Porto-Santo\/Vila-Baleira\/Columbus-Museum\/i-xhPGQT9\/0\/z3X7PWb874m5mfSqQjsp6FT95s2R98SqtzjdQVSP\/L\/processional%20cross%20house%20museum%20casa%20colombo%20porto%20santo-L.jpg\" alt=\"processionskors\"\/><\/figure>\n\n<h3 class=\"wp-block-heading\">Portugisisk maritim expansion<\/h3>\n\n<p>I samma omr\u00e5de kan du l\u00e4ra dig mer om Portugals maritima expansion genom informativa paneler, f\u00f6rem\u00e5l, statyer och porslin. Detta utst\u00e4llningsrum tog oss med p\u00e5 en resa fr\u00e5n Japan till Indien, via Kina!<\/p>\n\n<figure class=\"wp-block-image size-large\"><img decoding=\"async\" src=\"https:\/\/photos.smugmug.com\/Madeira-Lovers\/Porto-Santo\/Vila-Baleira\/Columbus-Museum\/i-5BnMgrW\/0\/HgWDcG3fctgJG4bszqkf3FznBKrVkFfPvnHcHmWv\/L\/exposition%20columbus%20museum%20porto%20santo-L.jpg\" alt=\"utst&#xE4;llningslokal\"\/><\/figure>\n\n<p>K\u00e4nner du till f\u00f6rdraget i <a href=\"https:\/\/www.tordesillas.net\/fr\/descubre-tordesillas\/historia\/el-tratado-de-tordesillas\" target=\"_blank\" rel=\"noreferrer noopener nofollow\">Tordesillas<\/a> som undertecknades 1494? Det v\u00e4ckte verkligen v\u00e5r nyfikenhet och v\u00e5rt intresse! Detta historiska avtal syftade till att dela de nya l\u00e4nder som uppt\u00e4cktes under de stora maritima utforskningarna mellan de 2 iberiska kolonialmakterna p\u00e5 den tiden: Spanien och Portugal. Den f\u00f6ljde p\u00e5 Christofer Columbus uppt\u00e4ckt av Amerika 1492 p\u00e5 uppdrag av Spanien.<\/p>\n\n<figure class=\"wp-block-image size-large\"><img decoding=\"async\" src=\"https:\/\/photos.smugmug.com\/Madeira-Lovers\/Porto-Santo\/Vila-Baleira\/Columbus-Museum\/i-DsZksf4\/0\/DRB8MvFXjV73st2Zwmbr6XMjGGBwf5QhXHQmzwxmg\/L\/japan%20columbus%20museum%20porto%20santo-L.jpg\" alt=\"informationspanel\"\/><\/figure>\n\n<p>Er\u00f6vringen av Atlanten ledde till att portugiserna uppt\u00e4ckte nya territorier. Sp\u00e5r av deras passage identifieras i Japan genom spr\u00e5k: till exempel <em>iesu<\/em> (Jesus) eller <em>Kirisut<\/em> (Kristus). <a href=\"https:\/\/www.universalis.fr\/encyclopedie\/manuel-ier\/\" target=\"_blank\" rel=\"noreferrer noopener nofollow\">Kung<\/a> Manuel I av Portugal hade en enkel ambition: att utveckla handelsv\u00e4garna. Under hans regeringstid uppt\u00e4ckte Vasco da Gama den indiska <a href=\"https:\/\/www.geo.fr\/histoire\/decouverte-de-linde-retour-sur-le-voyage-de-vasco-de-gama-en-1498-214772\" target=\"_blank\" rel=\"noreferrer noopener nofollow\">rutten<\/a> 1498. Senare n\u00e5dde portugiserna Kina. Denna djupdykning i historien intresserade oss verkligen!<\/p>\n\n<figure class=\"wp-block-image size-large\"><img decoding=\"async\" src=\"https:\/\/photos.smugmug.com\/Madeira-Lovers\/Porto-Santo\/Vila-Baleira\/Columbus-Museum\/i-hrfJ95t\/0\/FnSjp5dscJGCjRxL9n8f7jc5RwjNrMrxRZm6mDGp\/L\/terrine%20columbus%20museum%20porto%20santo-L.jpg\" alt=\"terrin\"\/><\/figure>\n\n<p>De verk som visas i detta rum \u00e4r resultatet av handeln mellan dessa l\u00e4nder och Portugal. N\u00e5gra av f\u00f6rem\u00e5len f\u00e5ngade verkligen v\u00e5r uppm\u00e4rksamhet, som den h\u00e4r porslinsterrinen i form av ett vildsvinshuvud, inspirerad av kinesiska modeller.<\/p>\n\n<p>Rundturen forts\u00e4tter ute p\u00e5 museets terrass, framf\u00f6r en enorm v\u00e4ggm\u00e5lning!<\/p>\n\n<figure class=\"wp-block-image size-large\"><img decoding=\"async\" src=\"https:\/\/photos.smugmug.com\/Madeira-Lovers\/Porto-Santo\/Vila-Baleira\/Columbus-Museum\/i-HXxV7SX\/0\/FTF9VRRRHsDWqZGmkPxVtB6pgrTbx8BMf2wvRkZc8\/L\/mural%20columbus%20house%20museum%20porto%20santo-L.jpg\" alt=\"christophe colomb freskom&#xE5;lning\"\/><\/figure>\n\n<h2 class=\"wp-block-heading\">Forts\u00e4tt ditt bes\u00f6k: Christofer Columbus och Porto Santo<\/h2>\n\n<p>P\u00e5 utomhusterrassen finns en stor fresco som f\u00f6rest\u00e4ller Christofer Columbus. Ta sedan g\u00e5ngbron till de andra utst\u00e4llningsomr\u00e5dena f\u00f6r att forts\u00e4tta ditt bes\u00f6k.<\/p>\n\n<h3 class=\"wp-block-heading\">\u00d6ns historia<\/h3>\n\n<p>Porto Santos historia \u00e4r ouppl\u00f6sligt f\u00f6rknippad med Portugals maritima expansion och kan sammanfattas med n\u00e5gra f\u00e5 viktiga datum p\u00e5 en tidslinje. N\u00e4r vi tittade p\u00e5 den blev vi medvetna om de portugisiska navigat\u00f6rernas inflytande \u00f6ver hela v\u00e4rlden. \u00d6n ligger utanf\u00f6r Marockos kust och var en strategisk mellanlandning p\u00e5 sj\u00f6v\u00e4gen till Indien.<\/p>\n\n<figure class=\"wp-block-image size-large\"><img decoding=\"async\" src=\"https:\/\/photos.smugmug.com\/Madeira-Lovers\/Porto-Santo\/Vila-Baleira\/Columbus-Museum\/i-NwPFcFn\/0\/CXm6nSXdmzRCJWVsG9jjKXCmV4mB4QVFLJn37m68M\/L\/chronological%20timeline%20columbus%20museum%20porto%20santo--L.jpg\" alt=\"Tidslinje\"\/><\/figure>\n\n<p>Porto Santo attackerades ocks\u00e5 av pirater och kapare! Den breda, \u00f6ppna stranden gjorde den till en idealisk landningszon f\u00f6r alla typer av fartyg. Dessutom hade \u00f6n inga milit\u00e4ra f\u00f6rsvarsstrukturer f\u00f6rr\u00e4n 1620. Vi f\u00f6rest\u00e4llde oss b\u00e5tarna som kom i horisonten och skr\u00e4mde de stackars, helt hj\u00e4lpl\u00f6sa inv\u00e5narna.<\/p>\n\n<p>\u00c4r du sugen p\u00e5 en guidad tur i piraternas fotsp\u00e5r f\u00f6r att uppt\u00e4cka \u00f6n i ett nytt ljus? N\u00e4r du utforskar Porto Santos vackraste platser kommer du att l\u00e4ra dig mer om dess rika f\u00f6rflutna. <a href=\"https:\/\/www.getyourguide.se\/madere-l67\/porto-santo-visite-guidee-de-l-ile-des-pirates-et-des-corsaires-t389511?partner_id=R3GYW4V&amp;cmp=madeira\" target=\"_blank\" rel=\"noreferrer noopener sponsored nofollow\">\n  <strong>&#8211; Se priser, bilder och tillg\u00e4nglighet.<\/strong>\n<\/a><\/p>\n\n<figure class=\"wp-block-image size-large\"><img decoding=\"async\" src=\"https:\/\/photos.smugmug.com\/Madeira-Lovers\/Porto-Santo\/Vila-Baleira\/Columbus-Museum\/i-qZVtcz2\/0\/FDr9tNxctpqW6R5bvMfwSWhmKGWNBJkvVLvG2mN98\/L\/map%20porto%20santo%20columbus%20museum%20porto%20santo-L.jpg\" alt=\"Karta &#xF6;ver Porto Santo\"\/><figcaption class=\"wp-element-caption\">Karta \u00f6ver Porto Santo<\/figcaption><\/figure>\n\n<h3 class=\"wp-block-heading\">Fokus p\u00e5 Christofer Columbus<\/h3>\n\n<p>Uppt\u00e4cktsresanden Christofer Columbus landsteg p\u00e5 Madeira 1478 p\u00e5 sin jakt efter den Indiska rutten. I hela museet kan du se gravyrer p\u00e5 papper med den ber\u00f6mda navigat\u00f6rens avbild. Han gifte sig med Filipa de Moniz, dotter till Bartolomeu Perestrelo, \u00e5r 1479 eller 1480. Kapten guvern\u00f6r i Porto Santo, han var ocks\u00e5 en uppt\u00e4cktsresande.<\/p>\n\n<figure class=\"wp-block-image size-large\"><img decoding=\"async\" src=\"https:\/\/photos.smugmug.com\/Madeira-Lovers\/Porto-Santo\/Vila-Baleira\/Columbus-Museum\/i-TQt73FJ\/0\/Fdpkjt2kvJ8twWqsqbQHLbnfmLws77sfpkQ7v6ncf\/L\/portraits%20columbus%20house%20museum%20porto%20santo-L.jpg\" alt=\"Portr&#xE4;tt av Christofer Columbus\"\/><figcaption class=\"wp-element-caption\">Portr\u00e4tt av Christofer Columbus<\/figcaption><\/figure>\n\n<p>Christofer Columbus tros ha anl\u00e4nt till Porto Santo vid flera tillf\u00e4llen. Han skulle till och med ha bott i museet, som fungerade som hans hem p\u00e5 den tiden, d\u00e4r han skulle ha f\u00f6rberett sig f\u00f6r sina framtida sj\u00f6expeditioner till Amerika. Vi tittade p\u00e5 m\u00e5lningar, kartor och andra f\u00f6rem\u00e5l med anknytning till hans tid p\u00e5 \u00f6n.<\/p>\n\n<figure class=\"wp-block-image size-large\"><img decoding=\"async\" src=\"https:\/\/photos.smugmug.com\/Madeira-Lovers\/Porto-Santo\/Vila-Baleira\/Columbus-Museum\/i-6K7Mnj2\/0\/CpvtVp3hDxfsxLVJtXvprM6cqvJp6Hvwc9jRJMJJb\/L\/painting%20columbus%20museum%20porto%20santo-L.jpg\" alt=\"f&#xE4;rg\"\/><\/figure>\n\n<h2 class=\"wp-block-heading\">Avsluta bes\u00f6ket: mellan en kortfilm och Jesusbarnet<\/h2>\n\n<p>Innan du l\u00e4mnar byggnaden b\u00f6r du ta dig tid att titta p\u00e5 den korta film som avslutar utst\u00e4llningen om navigering och Porto Santo.<\/p>\n\n<h3 class=\"wp-block-heading\">Odyssey of the Seas<\/h3>\n\n<p>Med den poetiska titeln <em>The Odyssey of the Seas<\/em> avslutas museets permanenta samling med en filmprojektion. Efter att upprepade g\u00e5nger ha diskuterat \u00e4mnet navigering, l\u00e5t dig vaggas av v\u00e5gornas r\u00f6relse genom lugnande bilder. Det turkosa vattnet i Porto Santo kommer att bl\u00e5sa bort dig!<\/p>\n\n<figure class=\"wp-block-image size-large\"><img decoding=\"async\" src=\"https:\/\/photos.smugmug.com\/Madeira-Lovers\/Porto-Santo\/Vila-Baleira\/Columbus-Museum\/i-pLGc6Fq\/0\/XkkkZxr4xptVKXbn7BxDBCDLcGPqMM4pW4TsW5Jq\/L\/short%20film%20columbus%20museum%20porto%20santo-L.jpg\" alt=\"Kortfilm\"\/><\/figure>\n\n<h3 class=\"wp-block-heading\">Jesusbarnet<\/h3>\n\n<p>Vi gick sedan ner f\u00f6r en liten g\u00e5ng som ledde oss till ett sista utst\u00e4llningsrum i en stenbyggnad. I ett mycket m\u00f6rkt rum uppt\u00e4ckte vi en liten upplyst staty av det gudomliga barnet. Kineserna \u00e4r mycket duktiga p\u00e5 att sk\u00e4ra i elfenben, som du kan se p\u00e5 v\u00e5rt foto.<\/p>\n\n<figure class=\"wp-block-image size-large\"><img decoding=\"async\" src=\"https:\/\/photos.smugmug.com\/Madeira-Lovers\/Porto-Santo\/Vila-Baleira\/Columbus-Museum\/i-sVsPgrK\/0\/CkDtBRHvxHBk8v4NmpgcSRctQMxjmNDsLjmfKwGSz\/L\/baby%20jesus%20columbus%20museum%20porto%20santo-L.jpg\" alt=\"Gudomligt barn\"\/><\/figure>\n\n<p>Efter att Vasco da Gama uppt\u00e4ckte sj\u00f6v\u00e4gen till Indien blev detta den viktigaste art\u00e4ren som f\u00f6rband Europa med den asiatiska kontinenten. Den anv\u00e4ndes f\u00f6r att transportera dyrbara varor fr\u00e5n Asien. Detta verk \u00e4r utl\u00e5nat fr\u00e5n Quinta das Cruzes Museum i Funchal.<\/p>\n\n<p>Museipersonalen uppmuntrade oss att uppt\u00e4cka kyrkan Vila Baleira f\u00f6r att avrunda v\u00e5rt bes\u00f6k med stil. Den gr\u00e4nsar till Christopher Columbus hus. Det \u00e4r v\u00e4l v\u00e4rt avledningsman\u00f6vern!<\/p>\n\n<figure class=\"wp-block-image size-large\"><img decoding=\"async\" src=\"https:\/\/photos.smugmug.com\/Madeira-Lovers\/Porto-Santo\/Vila-Baleira\/Church\/i-PTN4nWP\/0\/FK2TTvWMNJBShhnJHtd9qqHjctvDZV5CH5g9VdpgG\/L\/church%20vila%20baleira%20porto%20santo-L.jpg\" alt=\"Kyrkan i Vila Baleira\"\/><figcaption class=\"wp-element-caption\">Kyrkan i Vila Baleira<\/figcaption><\/figure>\n\n<div style=\"margin-top:8%;margin-bottom:8%\" class=\"wp-block-genesis-blocks-gb-container box gb-block-container\"><div class=\"gb-container-inside\"><div class=\"gb-container-content\" style=\"max-width:700px\">\n<div class=\"wp-block-genesis-blocks-gb-container box_titre gb-block-container\"><div class=\"gb-container-inside\"><div class=\"gb-container-content\">\n<h5 class=\"titre_box\">PLANERA DIN VISTELSE I <span class=\"titre_box_manuscrit\">Porto Santo<\/span><\/h5>\n<\/div><\/div><\/div>\n\n\n\n<hr class=\"wp-block-separator has-text-color has-alpha-channel-opacity has-background is-style-wide hr-box-planif\" style=\"background-color:#ccd3dd;color:#ccd3dd\"\/>\n\n\n\n<div class=\"wp-block-columns box_sans_border is-layout-flex wp-container-core-columns-is-layout-9d6595d7 wp-block-columns-is-layout-flex\">\n<div class=\"wp-block-column texte_planif is-layout-flow wp-block-column-is-layout-flow\" style=\"font-size:14px;flex-basis:60%\">\n<p class=\"option_titre2\"><strong>B\u00e4st av<\/strong><\/p>\n\n\n\n<p style=\"font-size:16px\"><a href=\"https:\/\/madeiralovers.com\/sv\/sevardheter-porto-santo-att-gora\/\" target=\"_blank\" rel=\"noreferrer noopener\">Sev\u00e4rdheter i Porto Santo<\/a><br\/><a href=\"https:\/\/madeiralovers.com\/sv\/landskap-porto-santo-foton\/\" target=\"_blank\" rel=\"noreferrer noopener\">De vackraste landskapen i bilder<\/a><br\/><a href=\"https:\/\/madeiralovers.com\/sv\/basta-stranderna-porto-santo-madeira\/\" target=\"_blank\" rel=\"noreferrer noopener\"><\/a><a href=\"https:\/\/madeiralovers.com\/sv\/basta-stranderna-porto-santo-madeira\/\">Porto Santos vackraste str\u00e4nder<\/a><br\/><a href=\"https:\/\/madeiralovers.com\/sv\/besok-dunas-porto-santo\/\" target=\"_blank\" rel=\"noreferrer noopener\">Sanddynerna<\/a><br\/><a href=\"https:\/\/madeiralovers.com\/sv\/naturliga-bassanger-salemas-porto-santo\/\" target=\"_blank\" rel=\"noreferrer noopener\">De naturliga bass\u00e4ngerna i Salemas<\/a><br\/><a href=\"https:\/\/madeiralovers.com\/sv\/basta-restaurang-porto-santo-ata-omdomen\/\" target=\"_blank\" rel=\"noreferrer noopener\">B\u00e4sta restaurangerna<\/a><br\/><a href=\"https:\/\/madeiralovers.com\/sv\/vandring-pico-branco-terra-cha-porto-santo\/\" target=\"_blank\" rel=\"noreferrer noopener\">Terra Cha promenad<\/a><br\/><a href=\"https:\/\/madeiralovers.com\/sv\/pico-ana-ferreira-basaltorgel-grotta\/\" target=\"_blank\" rel=\"noreferrer noopener\">Pico Ana Feireira<\/a><\/p>\n<\/div>\n\n\n\n<div class=\"wp-block-column is-vertically-aligned-top planif-radius is-layout-flow wp-block-column-is-layout-flow\" style=\"flex-basis:40%\">\n<figure class=\"wp-block-image size-large img-portrait\"><img decoding=\"async\" src=\"https:\/\/photos.smugmug.com\/Madeira-Lovers\/Porto-Santo\/7f-Porto-Santo-Beach\/i-3fRcNdk\/2\/fed19118\/S\/beach_Praia_Porto_Santo-7183839-S.jpg\" alt=\"Porto Santo strand\" title=\"\"\/><\/figure>\n<\/div>\n<\/div>\n\n\n\n<hr class=\"wp-block-separator has-text-color has-alpha-channel-opacity has-background is-style-wide hr-box-planif\" style=\"background-color:#ccd3dd;color:#ccd3dd\"\/>\n\n\n\n<div class=\"wp-block-columns box_sans_border is-layout-flex wp-container-core-columns-is-layout-9d6595d7 wp-block-columns-is-layout-flex\">\n<div class=\"wp-block-column texte_planif is-layout-flow wp-block-column-is-layout-flow\" style=\"font-size:14px;flex-basis:60%\">\n<p class=\"option_titre\"><strong>Praktiska r\u00e5d<\/strong><\/p>\n\n\n\n<p style=\"font-size:16px\"><a href=\"https:\/\/madeiralovers.com\/sv\/hur-man-tar-sig-till-porto-santo\/\" target=\"_blank\" rel=\"noreferrer noopener\">Hur man tar sig till Porto Santo<\/a><br\/><a href=\"https:\/\/madeiralovers.com\/sv\/resa-runt-porto-santo\/\" target=\"_blank\" rel=\"noreferrer noopener\">Att ta sig runt Porto Santo<\/a><br\/><a href=\"https:\/\/madeiralovers.com\/sv\/hur-hyr-bil-porto-santo-tips-erfarenhet\/\" target=\"_blank\" rel=\"noreferrer noopener\">Hyr en bil i Porto Santo<\/a><br\/><a href=\"https:\/\/madeiralovers.com\/sv\/var-kan-bo-porto-santo-basta-hotellen-stadsdelarna\/\" target=\"_blank\" rel=\"noreferrer noopener\">Var man ska bo i Porto Santo &#8211; de b\u00e4sta hotellen<\/a><\/p>\n<\/div>\n\n\n\n<div class=\"wp-block-column is-vertically-aligned-top planif-radius is-layout-flow wp-block-column-is-layout-flow\" style=\"flex-basis:40%\">\n<figure class=\"wp-block-image size-large img-portrait\"><img decoding=\"async\" src=\"https:\/\/photos.smugmug.com\/Madeira-Lovers\/Porto-Santo\/7f-Porto-Santo-Beach\/i-WgTC8gn\/2\/445a60bf\/S\/beach_Praia_Porto_Santo-7183835-S.jpg\" alt=\"Taxi i Porto Santo\" title=\"\"\/><\/figure>\n<\/div>\n<\/div>\n\n\n\n<hr class=\"wp-block-separator has-text-color has-alpha-channel-opacity has-background is-style-wide hr-box-planif\" style=\"background-color:#ccd3dd;color:#ccd3dd\"\/>\n\n\n\n<div class=\"wp-block-columns box_sans_border is-layout-flex wp-container-core-columns-is-layout-9d6595d7 wp-block-columns-is-layout-flex\">\n<div class=\"wp-block-column texte_planif is-layout-flow wp-block-column-is-layout-flow\" style=\"font-size:14px;flex-basis:60%\">\n<p class=\"option_titre\"><strong>Grann\u00f6n Madeira<\/strong><\/p>\n\n\n\n<p style=\"font-size:16px\"><a href=\"https:\/\/madeiralovers.com\/sv\/sevardheter-madeira-att-gora\/\" target=\"_blank\" rel=\"noreferrer noopener\">Sev\u00e4rdheter p\u00e5 Madeira<\/a><br\/><a href=\"https:\/\/madeiralovers.com\/sv\/basta-vandringarna-madeira\/\" target=\"_blank\" rel=\"noreferrer noopener\"><\/a><a href=\"https:\/\/madeiralovers.com\/sv\/basta-vandringarna-madeira\/\">B\u00e4sta vandringarna p\u00e5 Madeira<\/a><br\/><a href=\"https:\/\/madeiralovers.com\/sv\/var-ska-bo-madeira-basta-omradena\/\" target=\"_blank\" rel=\"noreferrer noopener\"><\/a><a href=\"https:\/\/madeiralovers.com\/sv\/var-ska-bo-madeira-basta-omradena\/\">Var man kan bo p\u00e5 Madeira<\/a><br\/><a href=\"https:\/\/madeiralovers.com\/sv\/hur-hyr-bil-madeira-tips-erfarenhet\/\">Hyr en bil p\u00e5 Madeira<\/a><br\/><a href=\"https:\/\/madeiralovers.com\/sv\/basta-stranderna-madeira\/\">De vackraste str\u00e4nderna<\/a><br\/><a href=\"https:\/\/madeiralovers.com\/sv\/basta-tradgardar-madeira\/\" target=\"_blank\" rel=\"noreferrer noopener\">De vackraste tr\u00e4dg\u00e5rdarna<\/a><br\/><a href=\"https:\/\/madeiralovers.com\/sv\/naturliga-pooler-madeira\/\" target=\"_blank\" rel=\"noreferrer noopener\">Naturliga bass\u00e4nger<\/a><\/p>\n<\/div>\n\n\n\n<div class=\"wp-block-column is-vertically-aligned-top planif-radius is-layout-flow wp-block-column-is-layout-flow\" style=\"flex-basis:40%\">\n<figure class=\"wp-block-image size-large img-portrait\"><img decoding=\"async\" src=\"https:\/\/photos.smugmug.com\/Travel\/Madeira\/2j-Miradouro-de-Sao-Cristovao-Boaventura\/i-FMstLwd\/1\/d0368ad5\/L\/miradouro_Sao_Cristovao_Boaventura_Madeira-8577-L.jpg\" alt=\"Madeira\" title=\"\"\/><\/figure>\n<\/div>\n<\/div>\n<\/div><\/div><\/div>\n\n<p><\/p>\n\n<div class=\"wp-block-genesis-blocks-gb-container box_auteur_voyage gb-block-container\"><div class=\"gb-container-inside\"><div class=\"gb-container-content\">\n<figure class=\"wp-block-image size-large img_auteur_voyage img_provisoire\"><a href=\"https:\/\/madeiralovers.com\/sv\/a-propos-delisa-grosset\/\" target=\"_blank\" rel=\"noreferrer noopener\"><img decoding=\"async\" src=\"https:\/\/photos.smugmug.com\/Region-Lovers\/Equipe\/i-QnrB7DM\/0\/CtpLjLrrwWXx6CCL4hJmRTCvZDXmHZ2Q4F5hGBmsq\/L\/Elisa-L.jpg\" alt=\"\"\/><\/a><\/figure>\n\n\n\n<h5 class=\"titre_auteur_voyage\"><span>HON GJORDE RESAN OCH SKREV ARTIKELN \n <\/span><span class=\"titre_box_manuscrit\">Elisa<\/span><\/h5>\n<\/div><\/div><\/div>\n","protected":false},"excerpt":{"rendered":"<p>Under din vistelse p\u00e5 \u00f6n Porto Santo ska du se till att f\u00f6rdjupa dig i \u00f6ns historia! Vi rekommenderar ett bes\u00f6k p\u00e5 Christopher Columbus Museum, som ligger i den ber\u00f6mda navigat\u00f6rens f\u00f6rmodade hem i Vila Baleira. Detta lilla museum ber\u00e4ttar om Portugals maritima expansion och \u00f6ns historia. I den h\u00e4r artikeln kan du l\u00e4sa om [&hellip;]<\/p>\n","protected":false},"author":8,"featured_media":2948,"comment_status":"closed","ping_status":"closed","sticky":false,"template":"","format":"standard","meta":{"_genesis_hide_title":false,"_genesis_hide_breadcrumbs":false,"_genesis_hide_singular_image":false,"_genesis_hide_footer_widgets":false,"_genesis_custom_body_class":"","_genesis_custom_post_class":"","_genesis_layout":"","footnotes":""},"categories":[27,45],"tags":[],"class_list":{"0":"post-3014","1":"post","2":"type-post","3":"status-publish","4":"format-standard","5":"has-post-thumbnail","7":"category-okategoriserad","8":"category-porto-santo-sv","9":"entry"},"yoast_head":"<!-- This site is optimized with the Yoast SEO plugin v27.2 - https:\/\/yoast.com\/product\/yoast-seo-wordpress\/ -->\n<title>Museum Christopher Columbus (Porto Santo): bes\u00f6k + foton<\/title>\n<meta name=\"description\" content=\"V\u00e5ra tips och foton f\u00f6r att bes\u00f6ka Christopher Columbus Museum (hus) i Porto Santo: hur man kommer dit, intressanta platser, praktisk information.\" \/>\n<meta name=\"robots\" content=\"index, follow, max-snippet:-1, max-image-preview:large, max-video-preview:-1\" \/>\n<link rel=\"canonical\" href=\"https:\/\/madeiralovers.com\/sv\/besok-museum-christopher-colombus-porto-santo\/\" \/>\n<meta property=\"og:locale\" content=\"sv_SE\" \/>\n<meta property=\"og:type\" content=\"article\" \/>\n<meta property=\"og:title\" content=\"Museum Christopher Columbus (Porto Santo): bes\u00f6k + foton\" \/>\n<meta property=\"og:description\" content=\"V\u00e5ra tips och foton f\u00f6r att bes\u00f6ka Christopher Columbus Museum (hus) i Porto Santo: hur man kommer dit, intressanta platser, praktisk information.\" \/>\n<meta property=\"og:url\" content=\"https:\/\/madeiralovers.com\/sv\/besok-museum-christopher-colombus-porto-santo\/\" \/>\n<meta property=\"og:site_name\" content=\"Madeira Lovers\" \/>\n<meta property=\"article:published_time\" content=\"2024-06-19T15:40:06+00:00\" \/>\n<meta property=\"article:modified_time\" content=\"2026-02-20T13:00:05+00:00\" \/>\n<meta property=\"og:image\" content=\"https:\/\/madeiralovers.com\/wp-content\/uploads\/2024\/06\/besok-museum-christoffer-columbus-porto-santo-se.jpg\" \/>\n\t<meta property=\"og:image:width\" content=\"800\" \/>\n\t<meta property=\"og:image:height\" content=\"600\" \/>\n\t<meta property=\"og:image:type\" content=\"image\/jpeg\" \/>\n<meta name=\"author\" content=\"Elisa\" \/>\n<meta name=\"twitter:card\" content=\"summary_large_image\" \/>\n<meta name=\"twitter:label1\" content=\"Skriven av\" \/>\n\t<meta name=\"twitter:data1\" content=\"Elisa\" \/>\n\t<meta name=\"twitter:label2\" content=\"Ber\u00e4knad l\u00e4stid\" \/>\n\t<meta name=\"twitter:data2\" content=\"10 minuter\" \/>\n<script type=\"application\/ld+json\" class=\"yoast-schema-graph\">{\"@context\":\"https:\/\/schema.org\",\"@graph\":[{\"@type\":\"Article\",\"@id\":\"https:\/\/madeiralovers.com\/sv\/besok-museum-christopher-colombus-porto-santo\/#article\",\"isPartOf\":{\"@id\":\"https:\/\/madeiralovers.com\/sv\/besok-museum-christopher-colombus-porto-santo\/\"},\"author\":{\"name\":\"Elisa\",\"@id\":\"https:\/\/madeiralovers.com\/sv\/#\/schema\/person\/d625cd95d3b219fb95267c26155d749b\"},\"headline\":\"Museum Christopher Columbus (Porto Santo): bes\u00f6k + foton\",\"datePublished\":\"2024-06-19T15:40:06+00:00\",\"dateModified\":\"2026-02-20T13:00:05+00:00\",\"mainEntityOfPage\":{\"@id\":\"https:\/\/madeiralovers.com\/sv\/besok-museum-christopher-colombus-porto-santo\/\"},\"wordCount\":1974,\"publisher\":{\"@id\":\"https:\/\/madeiralovers.com\/sv\/#organization\"},\"image\":{\"@id\":\"https:\/\/madeiralovers.com\/sv\/besok-museum-christopher-colombus-porto-santo\/#primaryimage\"},\"thumbnailUrl\":\"https:\/\/madeiralovers.com\/wp-content\/uploads\/2024\/06\/besok-museum-christoffer-columbus-porto-santo-se.jpg\",\"articleSection\":[\"Okategoriserad\",\"Porto Santo\"],\"inLanguage\":\"sv-SE\"},{\"@type\":\"WebPage\",\"@id\":\"https:\/\/madeiralovers.com\/sv\/besok-museum-christopher-colombus-porto-santo\/\",\"url\":\"https:\/\/madeiralovers.com\/sv\/besok-museum-christopher-colombus-porto-santo\/\",\"name\":\"Museum Christopher Columbus (Porto Santo): bes\u00f6k + foton\",\"isPartOf\":{\"@id\":\"https:\/\/madeiralovers.com\/sv\/#website\"},\"primaryImageOfPage\":{\"@id\":\"https:\/\/madeiralovers.com\/sv\/besok-museum-christopher-colombus-porto-santo\/#primaryimage\"},\"image\":{\"@id\":\"https:\/\/madeiralovers.com\/sv\/besok-museum-christopher-colombus-porto-santo\/#primaryimage\"},\"thumbnailUrl\":\"https:\/\/madeiralovers.com\/wp-content\/uploads\/2024\/06\/besok-museum-christoffer-columbus-porto-santo-se.jpg\",\"datePublished\":\"2024-06-19T15:40:06+00:00\",\"dateModified\":\"2026-02-20T13:00:05+00:00\",\"description\":\"V\u00e5ra tips och foton f\u00f6r att bes\u00f6ka Christopher Columbus Museum (hus) i Porto Santo: hur man kommer dit, intressanta platser, praktisk information.\",\"breadcrumb\":{\"@id\":\"https:\/\/madeiralovers.com\/sv\/besok-museum-christopher-colombus-porto-santo\/#breadcrumb\"},\"inLanguage\":\"sv-SE\",\"potentialAction\":[{\"@type\":\"ReadAction\",\"target\":[\"https:\/\/madeiralovers.com\/sv\/besok-museum-christopher-colombus-porto-santo\/\"]}]},{\"@type\":\"ImageObject\",\"inLanguage\":\"sv-SE\",\"@id\":\"https:\/\/madeiralovers.com\/sv\/besok-museum-christopher-colombus-porto-santo\/#primaryimage\",\"url\":\"https:\/\/madeiralovers.com\/wp-content\/uploads\/2024\/06\/besok-museum-christoffer-columbus-porto-santo-se.jpg\",\"contentUrl\":\"https:\/\/madeiralovers.com\/wp-content\/uploads\/2024\/06\/besok-museum-christoffer-columbus-porto-santo-se.jpg\",\"width\":800,\"height\":600,\"caption\":\"besok museum christoffer columbus porto santo\"},{\"@type\":\"BreadcrumbList\",\"@id\":\"https:\/\/madeiralovers.com\/sv\/besok-museum-christopher-colombus-porto-santo\/#breadcrumb\",\"itemListElement\":[{\"@type\":\"ListItem\",\"position\":1,\"name\":\"Accueil\",\"item\":\"https:\/\/madeiralovers.com\/sv\/\"},{\"@type\":\"ListItem\",\"position\":2,\"name\":\"Porto Santo\",\"item\":\"https:\/\/madeiralovers.com\/sv\/porto-santo-sv\/\"},{\"@type\":\"ListItem\",\"position\":3,\"name\":\"Museum Christopher Columbus (Porto Santo): bes\u00f6k + foton\"}]},{\"@type\":\"WebSite\",\"@id\":\"https:\/\/madeiralovers.com\/sv\/#website\",\"url\":\"https:\/\/madeiralovers.com\/sv\/\",\"name\":\"Madeira Lovers\",\"description\":\"Pour r\u00e9veiller vos sens \u00e0 Mad\u00e8re\",\"publisher\":{\"@id\":\"https:\/\/madeiralovers.com\/sv\/#organization\"},\"potentialAction\":[{\"@type\":\"SearchAction\",\"target\":{\"@type\":\"EntryPoint\",\"urlTemplate\":\"https:\/\/madeiralovers.com\/sv\/?s={search_term_string}\"},\"query-input\":{\"@type\":\"PropertyValueSpecification\",\"valueRequired\":true,\"valueName\":\"search_term_string\"}}],\"inLanguage\":\"sv-SE\"},{\"@type\":\"Organization\",\"@id\":\"https:\/\/madeiralovers.com\/sv\/#organization\",\"name\":\"Madeira Lovers\",\"url\":\"https:\/\/madeiralovers.com\/sv\/\",\"logo\":{\"@type\":\"ImageObject\",\"inLanguage\":\"sv-SE\",\"@id\":\"https:\/\/madeiralovers.com\/sv\/#\/schema\/logo\/image\/\",\"url\":\"https:\/\/madeiralovers.com\/wp-content\/uploads\/2024\/05\/cropped-Madeira-Lovers-Logos.png\",\"contentUrl\":\"https:\/\/madeiralovers.com\/wp-content\/uploads\/2024\/05\/cropped-Madeira-Lovers-Logos.png\",\"width\":2500,\"height\":554,\"caption\":\"Madeira Lovers\"},\"image\":{\"@id\":\"https:\/\/madeiralovers.com\/sv\/#\/schema\/logo\/image\/\"}},{\"@type\":\"Person\",\"@id\":\"https:\/\/madeiralovers.com\/sv\/#\/schema\/person\/d625cd95d3b219fb95267c26155d749b\",\"name\":\"Elisa\",\"image\":{\"@type\":\"ImageObject\",\"inLanguage\":\"sv-SE\",\"@id\":\"https:\/\/secure.gravatar.com\/avatar\/58989acaa759ff1170519ec054359cd64759fd26df84b894bd3239c233fd396c?s=96&d=mm&r=g\",\"url\":\"https:\/\/secure.gravatar.com\/avatar\/58989acaa759ff1170519ec054359cd64759fd26df84b894bd3239c233fd396c?s=96&d=mm&r=g\",\"contentUrl\":\"https:\/\/secure.gravatar.com\/avatar\/58989acaa759ff1170519ec054359cd64759fd26df84b894bd3239c233fd396c?s=96&d=mm&r=g\",\"caption\":\"Elisa\"},\"sameAs\":[\"https:\/\/madeiralovers.com\/a-propos-delisa-grosset\/\"],\"url\":\"https:\/\/madeiralovers.com\/sv\/author\/elisa\/\"}]}<\/script>\n<!-- \/ Yoast SEO plugin. -->","yoast_head_json":{"title":"Museum Christopher Columbus (Porto Santo): bes\u00f6k + foton","description":"V\u00e5ra tips och foton f\u00f6r att bes\u00f6ka Christopher Columbus Museum (hus) i Porto Santo: hur man kommer dit, intressanta platser, praktisk information.","robots":{"index":"index","follow":"follow","max-snippet":"max-snippet:-1","max-image-preview":"max-image-preview:large","max-video-preview":"max-video-preview:-1"},"canonical":"https:\/\/madeiralovers.com\/sv\/besok-museum-christopher-colombus-porto-santo\/","og_locale":"sv_SE","og_type":"article","og_title":"Museum Christopher Columbus (Porto Santo): bes\u00f6k + foton","og_description":"V\u00e5ra tips och foton f\u00f6r att bes\u00f6ka Christopher Columbus Museum (hus) i Porto Santo: hur man kommer dit, intressanta platser, praktisk information.","og_url":"https:\/\/madeiralovers.com\/sv\/besok-museum-christopher-colombus-porto-santo\/","og_site_name":"Madeira Lovers","article_published_time":"2024-06-19T15:40:06+00:00","article_modified_time":"2026-02-20T13:00:05+00:00","og_image":[{"width":800,"height":600,"url":"https:\/\/madeiralovers.com\/wp-content\/uploads\/2024\/06\/besok-museum-christoffer-columbus-porto-santo-se.jpg","type":"image\/jpeg"}],"author":"Elisa","twitter_card":"summary_large_image","twitter_misc":{"Skriven av":"Elisa","Ber\u00e4knad l\u00e4stid":"10 minuter"},"schema":{"@context":"https:\/\/schema.org","@graph":[{"@type":"Article","@id":"https:\/\/madeiralovers.com\/sv\/besok-museum-christopher-colombus-porto-santo\/#article","isPartOf":{"@id":"https:\/\/madeiralovers.com\/sv\/besok-museum-christopher-colombus-porto-santo\/"},"author":{"name":"Elisa","@id":"https:\/\/madeiralovers.com\/sv\/#\/schema\/person\/d625cd95d3b219fb95267c26155d749b"},"headline":"Museum Christopher Columbus (Porto Santo): bes\u00f6k + foton","datePublished":"2024-06-19T15:40:06+00:00","dateModified":"2026-02-20T13:00:05+00:00","mainEntityOfPage":{"@id":"https:\/\/madeiralovers.com\/sv\/besok-museum-christopher-colombus-porto-santo\/"},"wordCount":1974,"publisher":{"@id":"https:\/\/madeiralovers.com\/sv\/#organization"},"image":{"@id":"https:\/\/madeiralovers.com\/sv\/besok-museum-christopher-colombus-porto-santo\/#primaryimage"},"thumbnailUrl":"https:\/\/madeiralovers.com\/wp-content\/uploads\/2024\/06\/besok-museum-christoffer-columbus-porto-santo-se.jpg","articleSection":["Okategoriserad","Porto Santo"],"inLanguage":"sv-SE"},{"@type":"WebPage","@id":"https:\/\/madeiralovers.com\/sv\/besok-museum-christopher-colombus-porto-santo\/","url":"https:\/\/madeiralovers.com\/sv\/besok-museum-christopher-colombus-porto-santo\/","name":"Museum Christopher Columbus (Porto Santo): bes\u00f6k + foton","isPartOf":{"@id":"https:\/\/madeiralovers.com\/sv\/#website"},"primaryImageOfPage":{"@id":"https:\/\/madeiralovers.com\/sv\/besok-museum-christopher-colombus-porto-santo\/#primaryimage"},"image":{"@id":"https:\/\/madeiralovers.com\/sv\/besok-museum-christopher-colombus-porto-santo\/#primaryimage"},"thumbnailUrl":"https:\/\/madeiralovers.com\/wp-content\/uploads\/2024\/06\/besok-museum-christoffer-columbus-porto-santo-se.jpg","datePublished":"2024-06-19T15:40:06+00:00","dateModified":"2026-02-20T13:00:05+00:00","description":"V\u00e5ra tips och foton f\u00f6r att bes\u00f6ka Christopher Columbus Museum (hus) i Porto Santo: hur man kommer dit, intressanta platser, praktisk information.","breadcrumb":{"@id":"https:\/\/madeiralovers.com\/sv\/besok-museum-christopher-colombus-porto-santo\/#breadcrumb"},"inLanguage":"sv-SE","potentialAction":[{"@type":"ReadAction","target":["https:\/\/madeiralovers.com\/sv\/besok-museum-christopher-colombus-porto-santo\/"]}]},{"@type":"ImageObject","inLanguage":"sv-SE","@id":"https:\/\/madeiralovers.com\/sv\/besok-museum-christopher-colombus-porto-santo\/#primaryimage","url":"https:\/\/madeiralovers.com\/wp-content\/uploads\/2024\/06\/besok-museum-christoffer-columbus-porto-santo-se.jpg","contentUrl":"https:\/\/madeiralovers.com\/wp-content\/uploads\/2024\/06\/besok-museum-christoffer-columbus-porto-santo-se.jpg","width":800,"height":600,"caption":"besok museum christoffer columbus porto santo"},{"@type":"BreadcrumbList","@id":"https:\/\/madeiralovers.com\/sv\/besok-museum-christopher-colombus-porto-santo\/#breadcrumb","itemListElement":[{"@type":"ListItem","position":1,"name":"Accueil","item":"https:\/\/madeiralovers.com\/sv\/"},{"@type":"ListItem","position":2,"name":"Porto Santo","item":"https:\/\/madeiralovers.com\/sv\/porto-santo-sv\/"},{"@type":"ListItem","position":3,"name":"Museum Christopher Columbus (Porto Santo): bes\u00f6k + foton"}]},{"@type":"WebSite","@id":"https:\/\/madeiralovers.com\/sv\/#website","url":"https:\/\/madeiralovers.com\/sv\/","name":"Madeira Lovers","description":"Pour r\u00e9veiller vos sens \u00e0 Mad\u00e8re","publisher":{"@id":"https:\/\/madeiralovers.com\/sv\/#organization"},"potentialAction":[{"@type":"SearchAction","target":{"@type":"EntryPoint","urlTemplate":"https:\/\/madeiralovers.com\/sv\/?s={search_term_string}"},"query-input":{"@type":"PropertyValueSpecification","valueRequired":true,"valueName":"search_term_string"}}],"inLanguage":"sv-SE"},{"@type":"Organization","@id":"https:\/\/madeiralovers.com\/sv\/#organization","name":"Madeira Lovers","url":"https:\/\/madeiralovers.com\/sv\/","logo":{"@type":"ImageObject","inLanguage":"sv-SE","@id":"https:\/\/madeiralovers.com\/sv\/#\/schema\/logo\/image\/","url":"https:\/\/madeiralovers.com\/wp-content\/uploads\/2024\/05\/cropped-Madeira-Lovers-Logos.png","contentUrl":"https:\/\/madeiralovers.com\/wp-content\/uploads\/2024\/05\/cropped-Madeira-Lovers-Logos.png","width":2500,"height":554,"caption":"Madeira Lovers"},"image":{"@id":"https:\/\/madeiralovers.com\/sv\/#\/schema\/logo\/image\/"}},{"@type":"Person","@id":"https:\/\/madeiralovers.com\/sv\/#\/schema\/person\/d625cd95d3b219fb95267c26155d749b","name":"Elisa","image":{"@type":"ImageObject","inLanguage":"sv-SE","@id":"https:\/\/secure.gravatar.com\/avatar\/58989acaa759ff1170519ec054359cd64759fd26df84b894bd3239c233fd396c?s=96&d=mm&r=g","url":"https:\/\/secure.gravatar.com\/avatar\/58989acaa759ff1170519ec054359cd64759fd26df84b894bd3239c233fd396c?s=96&d=mm&r=g","contentUrl":"https:\/\/secure.gravatar.com\/avatar\/58989acaa759ff1170519ec054359cd64759fd26df84b894bd3239c233fd396c?s=96&d=mm&r=g","caption":"Elisa"},"sameAs":["https:\/\/madeiralovers.com\/a-propos-delisa-grosset\/"],"url":"https:\/\/madeiralovers.com\/sv\/author\/elisa\/"}]}},"featured_image_src":"https:\/\/madeiralovers.com\/wp-content\/uploads\/2024\/06\/besok-museum-christoffer-columbus-porto-santo-se-600x400.jpg","featured_image_src_square":"https:\/\/madeiralovers.com\/wp-content\/uploads\/2024\/06\/besok-museum-christoffer-columbus-porto-santo-se-600x600.jpg","author_info":{"display_name":"Elisa","author_link":"https:\/\/madeiralovers.com\/sv\/author\/elisa\/"},"_links":{"self":[{"href":"https:\/\/madeiralovers.com\/sv\/wp-json\/wp\/v2\/posts\/3014","targetHints":{"allow":["GET"]}}],"collection":[{"href":"https:\/\/madeiralovers.com\/sv\/wp-json\/wp\/v2\/posts"}],"about":[{"href":"https:\/\/madeiralovers.com\/sv\/wp-json\/wp\/v2\/types\/post"}],"author":[{"embeddable":true,"href":"https:\/\/madeiralovers.com\/sv\/wp-json\/wp\/v2\/users\/8"}],"replies":[{"embeddable":true,"href":"https:\/\/madeiralovers.com\/sv\/wp-json\/wp\/v2\/comments?post=3014"}],"version-history":[{"count":0,"href":"https:\/\/madeiralovers.com\/sv\/wp-json\/wp\/v2\/posts\/3014\/revisions"}],"wp:featuredmedia":[{"embeddable":true,"href":"https:\/\/madeiralovers.com\/sv\/wp-json\/wp\/v2\/media\/2948"}],"wp:attachment":[{"href":"https:\/\/madeiralovers.com\/sv\/wp-json\/wp\/v2\/media?parent=3014"}],"wp:term":[{"taxonomy":"category","embeddable":true,"href":"https:\/\/madeiralovers.com\/sv\/wp-json\/wp\/v2\/categories?post=3014"},{"taxonomy":"post_tag","embeddable":true,"href":"https:\/\/madeiralovers.com\/sv\/wp-json\/wp\/v2\/tags?post=3014"}],"curies":[{"name":"wp","href":"https:\/\/api.w.org\/{rel}","templated":true}]}}