{"id":5855,"date":"2025-03-26T16:55:30","date_gmt":"2025-03-26T15:55:30","guid":{"rendered":"https:\/\/madeiralovers.com\/praia-calheta-plage-madere\/"},"modified":"2026-03-26T16:36:07","modified_gmt":"2026-03-26T15:36:07","slug":"praia-calheta-madeira","status":"publish","type":"post","link":"https:\/\/madeiralovers.com\/pt-pt\/praia-calheta-madeira\/","title":{"rendered":"Praia da Calheta (Madeira): dicas + fotos"},"content":{"rendered":"\n<p><strong>A Praia da Calheta<\/strong> \u00e9 uma das poucas praias <strong>de<\/strong> areia <strong>da Madeira<\/strong>. Situado numa est\u00e2ncia balnear, est\u00e1 rodeado de diques para um banho mais seguro. Gost\u00e1mos particularmente das suas 2 enseadas artificiais, que proporcionam um ambiente ideal para relaxar.<\/p>\n\n<p>Neste artigo, descobre mais sobre as <strong>nossas fotografias e as nossas dicas <\/strong>para aproveitares ao m\u00e1ximo o teu tempo na \u00e1gua!<\/p>\n\n<figure class=\"wp-block-image size-full\"><img decoding=\"async\" src=\"https:\/\/madeiralovers.com\/wp-content\/uploads\/2025\/03\/praia-calheta-madeira.jpg\" alt=\"praia calheta praia madera\" class=\"wp-image-5844\"\/><\/figure>\n\n<p>Esta \u00e9 uma opini\u00e3o completamente <strong>independente<\/strong>, baseada na nossa pr\u00f3pria experi\u00eancia. Fizemos as nossas pr\u00f3prias escolhas, visit\u00e1mos a regi\u00e3o de forma an\u00f3nima e pag\u00e1mos as nossas contas na totalidade.<\/p>\n\n<h2 class=\"wp-block-heading\">A Praia da Calheta vale a pena?<\/h2>\n\n<p>Vale a pena visitar a Praia da Calheta. De facto, est\u00e1 no <a href=\"https:\/\/madeiralovers.com\/pt-pt\/melhores-praias-madeira\/\" target=\"_blank\" rel=\"noreferrer noopener\">nosso artigo sobre as praias mais bonitas da Madeira!<\/a> Esta praia de areia fina \u00e9 uma raridade na ilha, tornando-a um destino popular tanto para os visitantes como para os habitantes locais. Ador\u00e1mos a ba\u00eda calma e protegida, ideal para nadar em seguran\u00e7a. Inaugurada em 2004, esta \u00e9 a primeira praia artificial da Madeira.<\/p>\n\n<figure class=\"wp-block-image size-large\"><img decoding=\"async\" src=\"https:\/\/photos.smugmug.com\/Madeira-Lovers\/Calheta\/Praia-da-Calheta\/i-BtKbXTv\/1\/KwdR4tnJgPThD2g5dRjQph3qQKdq8fS7XmnMC9SWT\/L\/Praia_da_Calheta_Madeira-7152141-L.jpg\" alt=\"Praia da Calheta - vista geral\"\/><\/figure>\n\n<div style=\"background-color:#f4fae2;margin-top:8%;margin-bottom:8%\" class=\"wp-block-genesis-blocks-gb-container box gb-block-container\"><div class=\"gb-container-inside\"><div class=\"gb-container-content\" style=\"max-width:700px\">\n<div class=\"wp-block-genesis-blocks-gb-container box_titre gb-block-container\"><div class=\"gb-container-inside\"><div class=\"gb-container-content\">\n<h5 class=\"titre_box\" style=\"padding-top:10px;\">ONDE FICAR NA <span class=\"titre_box_manuscrit\">Madeira<\/span><\/h5>\n<\/div><\/div><\/div>\n\n\n\n<div class=\"wp-block-columns box_sans_border is-layout-flex wp-container-core-columns-is-layout-9d6595d7 wp-block-columns-is-layout-flex\">\n<div class=\"wp-block-column texte_planif is-layout-flow wp-block-column-is-layout-flow\" style=\"font-size:14px;flex-basis:60%\">\n<p class=\"option_titre2\">As nossas selec\u00e7\u00f5es independentes para te ajudar a encontrar <strong>o alojamento dos teus sonhos<\/strong>:<\/p>\n\n\n\n<ul class=\"wp-block-list\">\n<li><a href=\"https:\/\/madeiralovers.com\/pt-pt\/onde-ficar-madeira-melhores-destinos\/\" target=\"_blank\" rel=\"noreferrer noopener\">Onde ficar na Madeira<\/a><\/li>\n<\/ul>\n\n\n\n<ul class=\"wp-block-list\">\n<li><a href=\"https:\/\/madeiralovers.com\/pt-pt\/melhores-hoteis-5-estrelas-funchal-madeira-luxo-opinioes\/\" target=\"_blank\" rel=\"noreferrer noopener\">Os melhores hot\u00e9is de 5 estrelas<\/a><\/li>\n\n\n\n<li><a href=\"https:\/\/madeiralovers.com\/pt-pt\/melhores-hoteis-boutique-funchal-madeira-charme\/\">Os melhores hot\u00e9is boutique<\/a><\/li>\n\n\n\n<li><a href=\"https:\/\/madeiralovers.com\/pt-pt\/melhores-hoteis-velha-cidade-funchal-opinioes\/\" target=\"_blank\" rel=\"noreferrer noopener\">Os melhores hot\u00e9is na zona velha do Funchal<\/a><\/li>\n\n\n\n<li><a href=\"https:\/\/madeiralovers.com\/pt-pt\/melhores-hoteis-so-para-adultos-funchal-madeira\/\" target=\"_blank\" rel=\"noreferrer noopener\">Os melhores hot\u00e9is s\u00f3 para adultos<\/a><\/li>\n\n\n\n<li><a href=\"https:\/\/madeiralovers.com\/pt-pt\/melhores-hoteis-familias-madeira-criancas-opinioes\/\" target=\"_blank\" rel=\"noreferrer noopener\">Os melhores hot\u00e9is para fam\u00edlias<\/a><\/li>\n\n\n\n<li><a href=\"https:\/\/madeiralovers.com\/pt-pt\/melhores-hoteis-tudo-incluido-madeira\/\" target=\"_blank\" rel=\"noreferrer noopener\">Os melhores hot\u00e9is com tudo inclu\u00eddo<\/a><\/li>\n\n\n\n<li><a href=\"https:\/\/madeiralovers.com\/pt-pt\/melhores-hoteis-romanticos-funchal-madeira-amantes\/\" target=\"_blank\" rel=\"noreferrer noopener\">Os melhores hot\u00e9is rom\u00e2nticos<\/a><\/li>\n<\/ul>\n<\/div>\n\n\n\n<div class=\"wp-block-column is-vertically-aligned-top planif-radius is-layout-flow wp-block-column-is-layout-flow\" style=\"flex-basis:40%\">\n<figure class=\"wp-block-image size-large img-portrait\"><img decoding=\"async\" src=\"https:\/\/photos.smugmug.com\/Travel\/Madeira\/Accommodation\/i-TtZHSRZ\/1\/7f80cf7d\/L\/Arco_da_Calheta_hotel_Madeira-8896-L.jpg\" alt=\"Hotel Engenho Velho\" title=\"\"\/><\/figure>\n<\/div>\n<\/div>\n<\/div><\/div><\/div>\n\n<h2 class=\"wp-block-heading\">Tipo de praia<\/h2>\n\n<h3 class=\"wp-block-heading\">Com ou sem areia?<\/h3>\n\n<p>O fundo da praia \u00e9 constitu\u00eddo por areia fina e amarela importada de Maroc. Esta carater\u00edstica torna-a \u00fanica na Madeira, uma vez que a ilha \u00e9 maioritariamente constitu\u00edda por praias de calhau. Descobrimos que alguns pequenos seixos tamb\u00e9m podem ser misturados com a areia, sem perturbar o conforto dos banhistas.<\/p>\n\n<figure class=\"wp-block-image size-large\"><img decoding=\"async\" src=\"https:\/\/photos.smugmug.com\/Madeira-Lovers\/Calheta\/Praia-da-Calheta\/i-mTtV7R2\/0\/LNkhjVsmGxcCc9fdm8JxtCqSjckRR85PFw72fHB9r\/L\/sand%20praia%20calheta%20madeira-L.jpg\" alt=\"Praia da Calheta - Com ou sem areia?\"\/><\/figure>\n\n<h3 class=\"wp-block-heading\">Condi\u00e7\u00f5es de nata\u00e7\u00e3o e controlo<\/h3>\n\n<p>As condi\u00e7\u00f5es de nata\u00e7\u00e3o na Praia da Calheta s\u00e3o muito boas. A \u00e1gua \u00e9 calma e protegida por barreiras artificiais, criando um ambiente seguro ideal para todos os nadadores. Gost\u00e1mos particularmente da inclina\u00e7\u00e3o gradual e suave \u00e0 medida que entras na \u00e1gua, permitindo que at\u00e9 as crian\u00e7as mais pequenas se aventurem com confian\u00e7a.<\/p>\n\n<p>A praia \u00e9 vigiada por nadadores-salvadores, o que proporciona uma seguran\u00e7a adicional aos banhistas. A temperatura da \u00e1gua \u00e9 muito agrad\u00e1vel, o que torna a experi\u00eancia do banho ainda mais agrad\u00e1vel, mesmo fora da \u00e9poca de ver\u00e3o.<\/p>\n\n<figure class=\"wp-block-image size-large\"><img decoding=\"async\" src=\"https:\/\/photos.smugmug.com\/Madeira-Lovers\/Calheta\/Praia-da-Calheta\/i-bh5cB5q\/0\/MVX9Qvs5PrzvXFL4Nbtv8RCdBV5cqddGxh9HwvPCf\/L\/water%20praia%20calheta%20madeira-L.jpg\" alt=\"Praia da Calheta - Condi&#xE7;&#xF5;es de nata&#xE7;&#xE3;o e vigil&#xE2;ncia\"\/><\/figure>\n\n<h3 class=\"wp-block-heading\">Instala\u00e7\u00f5es<\/h3>\n\n<p>A Praia da Calheta est\u00e1 bem equipada para o conforto dos h\u00f3spedes. Existem chuveiros e casas de banho p\u00fablicas junto \u00e0 praia. Tamb\u00e9m regist\u00e1mos a disponibilidade de espregui\u00e7adeiras e guarda-s\u00f3is para alugar, para que te possas sentar e aproveitar o sol da ilha. Tamb\u00e9m est\u00e3o dispon\u00edveis campos de voleibol de praia.<\/p>\n\n<figure class=\"wp-block-image size-large\"><img decoding=\"async\" src=\"https:\/\/photos.smugmug.com\/Madeira-Lovers\/Calheta\/Praia-da-Calheta\/i-hFGbsWT\/0\/Ltt5KT94wh4WhTZWkNx935KtPWNHZ7hfcr4qPwd6M\/L\/sunbeds%20praia%20calheta%20madeira-L.jpg\" alt=\"Praia da Calheta - Instala&#xE7;&#xF5;es\"\/><\/figure>\n\n<h2 class=\"wp-block-heading\">Acesso: Praia da Calheta, Madeira<\/h2>\n\n<h3 class=\"wp-block-heading\">Onde \u00e9 que fica a praia?<\/h3>\n\n<ul class=\"wp-block-list\">\n<li>Situado na costa sudoeste da Ilha da Madeira<\/li>\n\n\n\n<li>No concelho da Calheta, um dos maiores da ilha<\/li>\n\n\n\n<li>10 minutos de carro da <a href=\"https:\/\/madeiralovers.com\/pt-pt\/o-que-fazer-ponta-do-sol-visitar\/\" target=\"_blank\" rel=\"noreferrer noopener\">Ponta do Sol<\/a><\/li>\n\n\n\n<li>12 minutos de carro do <a href=\"https:\/\/madeiralovers.com\/pt-pt\/visitar-aldeia-paul-do-mar-o-que-fazer\/\" target=\"_blank\" rel=\"noreferrer noopener\">Paul do Mar<\/a><\/li>\n\n\n\n<li>A 35 minutos de carro da capital, <a href=\"https:\/\/madeiralovers.com\/pt-pt\/o-que-fazer-funchal-visitar\/\" target=\"_blank\" rel=\"noreferrer noopener\">Funchal<\/a><\/li>\n<\/ul>\n\n<h3 class=\"wp-block-heading\">Acesso de autom\u00f3vel e estacionamento<\/h3>\n\n<p>A Praia da Calheta pode ser alcan\u00e7ada de carro em cerca de 35 minutos a partir do Funchal, ao longo da estrada costeira ER101. Passa por v\u00e1rios t\u00faneis pelo caminho. Descobrimos que os visitantes t\u00eam 2 op\u00e7\u00f5es de estacionamento \u00e0 chegada: um longo parque de estacionamento pago junto \u00e0 praia, que est\u00e1 frequentemente sobrelotado na \u00e9poca alta, e um parque de estacionamento subterr\u00e2neo pago debaixo da praia, com mais lugares.<\/p>\n\n<figure class=\"wp-block-image size-large\"><img decoding=\"async\" src=\"https:\/\/photos.smugmug.com\/Madeira-Lovers\/Calheta\/Praia-da-Calheta\/i-Jhqz6x4\/0\/Mpx73W383M2wztD7LpXHnrKhcdGCqgG34fnxpPFGs\/L\/parking%20praia%20calheta%20madeira-L.jpg\" alt=\"Praia da Calheta - Acesso de carro e estacionamento\"\/><\/figure>\n\n<div style=\"margin-top:8%;margin-bottom:8%\" class=\"wp-block-genesis-blocks-gb-container box gb-block-container\"><div class=\"gb-container-inside\"><div class=\"gb-container-content\">\n<div class=\"wp-block-columns inverse box_planif is-layout-flex wp-container-core-columns-is-layout-9d6595d7 wp-block-columns-is-layout-flex\">\n<div class=\"wp-block-column texte_planif is-layout-flow wp-block-column-is-layout-flow\" style=\"flex-basis:58%\">\n<h5 class=\"titre_box\">O NOSSO CONSELHO PARA ALUGAR O SEU CARRO EM <span class=\"titre_box_manuscrit\">\nMadeira<\/span><\/h5>\n\n\n\n<ul style=\"font-size:14px\" class=\"liste_voiture wp-block-list\">\n<li>Compare os pre\u00e7os na nossa plataforma preferida: <a href=\"https:\/\/www.discovercars.com\/pt\/portugal\/madeira?a_aid=zigzag&amp;chan=madeira\" target=\"_blank\" rel=\"noreferrer noopener sponsored nofollow\">DiscoverCars<\/a> &#8211; um dos s\u00edtios mais bem classificados.<\/li>\n\n\n\n<li>Leve um carro com um bom motor para estradas inclinadas, mas n\u00e3o demasiado grande para manobrar.<\/li>\n\n\n\n<li>H\u00e1 muita procura e poucos carros, por isso, <strong>reserve com<\/strong> anteced\u00eancia.<\/li>\n<\/ul>\n<\/div>\n\n\n\n<div class=\"wp-block-column planif-radius-3 is-layout-flow wp-block-column-is-layout-flow\" style=\"flex-basis:42%\">\n<figure class=\"wp-block-image size-large is-resized\"><img decoding=\"async\" src=\"https:\/\/photos.smugmug.com\/Travel\/Madeira\/2i-Miadouro\/i-j86nfB5\/2\/DRCCwrZmGLt2TxcQqRkkLrm3JR55K3NLchGxDNsx6\/S\/driving_Madeira-7130748-S.jpg\" alt=\"Aluguer de autom&#xF3;veis em Madeira\" title=\"\"\/><\/figure>\n<\/div>\n<\/div>\n\n\n\n<div class=\"wp-block-columns planif_bouton is-layout-flex wp-container-core-columns-is-layout-9d6595d7 wp-block-columns-is-layout-flex\">\n<div class=\"wp-block-column is-layout-flow wp-block-column-is-layout-flow\" style=\"flex-basis:50%\">\n<div class=\"wp-block-buttons is-content-justification-center is-layout-flex wp-container-core-buttons-is-layout-16018d1d wp-block-buttons-is-layout-flex\">\n<div class=\"wp-block-button has-custom-font-size\" style=\"font-size:14px\"><a class=\"wp-block-button__link has-white-color has-text-color wp-element-button\" href=\"https:\/\/www.discovercars.com\/pt\/portugal\/madeira?a_aid=zigzag&amp;amp;chan=madeira\" style=\"border-radius:4px\" target=\"_blank\" rel=\"noreferrer noopener\">Ver os carros &gt;&gt;<\/a><\/div>\n<\/div>\n<\/div>\n\n\n\n<div class=\"wp-block-column is-vertically-aligned-center is-layout-flow wp-block-column-is-layout-flow\" style=\"flex-basis:50%\">\n<p class=\"has-text-align-center\" style=\"font-size:14px\"><strong><a href=\"https:\/\/madeiralovers.com\/pt-pt\/como-alugar-carro-madeira-dicas-experiencia\/\" target=\"_blank\" rel=\"noreferrer noopener\">Ver os nossos conselhos<\/a><\/strong><\/p>\n<\/div>\n<\/div>\n<\/div><\/div><\/div>\n\n<h3 class=\"wp-block-heading\">Acesso por transportes p\u00fablicos<\/h3>\n\n<p>As op\u00e7\u00f5es de transportes p\u00fablicos para chegar \u00e0 Praia da Calheta n\u00e3o s\u00e3o as ideais. O autocarro Funchal &#8211; Porto Moniz via Calheta (linha 80) pode ser uma alternativa, mas reserva cerca de uma hora e meia para a viagem. Aconselhamos-te a verificar os hor\u00e1rios e os itiner\u00e1rios antes de partires. Visita o s\u00edtio Web oficial para mais informa\u00e7\u00f5es <a href=\"https:\/\/www.rodoeste.com.pt\/\" target=\"_blank\" rel=\"noreferrer noopener nofollow\">.<\/a><\/p>\n\n<figure class=\"wp-block-image size-large\"><img decoding=\"async\" src=\"https:\/\/photos.smugmug.com\/Madeira-Lovers\/Calheta\/Praia-da-Calheta\/i-xthXjLv\/1\/Ksr6PHLRgMSqpx8VxVHV6XV2cL7NJHZGTwVRSZ7zc\/L\/Praia_da_Calheta_Madeira-7152138-L.jpg\" alt=\"\"\/><\/figure>\n\n<div style=\"margin-top:8%;margin-bottom:8%\" class=\"wp-block-genesis-blocks-gb-container box gb-block-container\"><div class=\"gb-container-inside\"><div class=\"gb-container-content\">\n<div class=\"wp-block-columns inverse is-layout-flex wp-container-core-columns-is-layout-9d6595d7 wp-block-columns-is-layout-flex\">\n<div class=\"wp-block-column texte_planif is-layout-flow wp-block-column-is-layout-flow\" style=\"flex-basis:58%\">\n<h5 class=\"titre_box\">A NOSSA ACTIVIDADE FAVORITA NA <span class=\"titre_box_manuscrit\">Madeira<\/span><\/h5>\n\n\n\n<p style=\"font-size:14px\">Passeio de catamar\u00e3 para ver os golfinhos e as fal\u00e9sias gigantes da Madeira.<\/p>\n\n\n\n<p style=\"font-size:14px\"><a href=\"https:\/\/www.getyourguide.pt\/s?q=Funchal+dauphins+catamaran&amp;searchSource=8&amp;partner_id=R3GYW4V&amp;cmp=madeira\" target=\"_blank\" rel=\"noreferrer noopener sponsored nofollow\">Ver programa e disponibilidade &#8211; e reservar!<\/a><\/p>\n<\/div>\n\n\n\n<div class=\"wp-block-column ville-radius is-layout-flow wp-block-column-is-layout-flow\" style=\"flex-basis:42%\">\n<figure class=\"wp-block-image size-large is-resized img-portrait\"><img decoding=\"async\" src=\"https:\/\/photos.smugmug.com\/Travel\/Madeira\/9c-Dolphins\/i-whpFzdc\/1\/2fa5ccf1\/L\/dolphin_cruise_boat_Tour_Madeira-7204502-L.jpg\" alt=\"\" style=\"width:319px;height:303px\" title=\"\"\/><\/figure>\n<\/div>\n<\/div>\n<\/div><\/div><\/div>\n\n<h2 class=\"wp-block-heading\">Caracter\u00edsticas especiais<\/h2>\n\n<h3 class=\"wp-block-heading\">C\u00e3o<\/h3>\n\n<p>N\u00e3o s\u00e3o permitidos c\u00e3es na praia, com exce\u00e7\u00e3o dos c\u00e3es-guia para deficientes visuais.<\/p>\n\n<figure class=\"wp-block-image size-large\"><img decoding=\"async\" src=\"https:\/\/photos.smugmug.com\/Madeira-Lovers\/Calheta\/Praia-da-Calheta\/i-Vg8sk8t\/0\/MKBWwgXGpv6x893pttvtD8FKVMGCWT2mQnnrDrJwR\/L\/dog%20warning%20praia%20calheta%20madeira-L.jpg\" alt=\"Praia da Calheta - C&#xE3;o\"\/><\/figure>\n\n<div style=\"background-color:#fefefe;margin-top:6%;margin-bottom:6%\" class=\"wp-block-genesis-blocks-gb-container box gb-block-container\"><div class=\"gb-container-inside\"><div class=\"gb-container-content\" style=\"max-width:700px\">\n<div class=\"wp-block-columns inverse is-layout-flex wp-container-core-columns-is-layout-9d6595d7 wp-block-columns-is-layout-flex\">\n<div class=\"wp-block-column texte_planif is-layout-flow wp-block-column-is-layout-flow\" style=\"flex-basis:58%\">\n<h5 class=\"titre_box\">Receber a nossa <span class=\"titre_box_manuscrit\">newsletter<\/span><\/h5>\n\n\n\n<ul class=\"wp-block-list\">\n<li>Uma lufada de ar fresco na sua vida quotidiana nos belos destinos da Region Lovers!<\/li>\n\n\n\n<li>Uma vez por m\u00eas.<\/li>\n\n\n\n<li>Sem publicidade<\/li>\n<\/ul>\n\n\n<script>\nvar gform;gform||(document.addEventListener(\"gform_main_scripts_loaded\",function(){gform.scriptsLoaded=!0}),document.addEventListener(\"gform\/theme\/scripts_loaded\",function(){gform.themeScriptsLoaded=!0}),window.addEventListener(\"DOMContentLoaded\",function(){gform.domLoaded=!0}),gform={domLoaded:!1,scriptsLoaded:!1,themeScriptsLoaded:!1,isFormEditor:()=>\"function\"==typeof InitializeEditor,callIfLoaded:function(o){return!(!gform.domLoaded||!gform.scriptsLoaded||!gform.themeScriptsLoaded&&!gform.isFormEditor()||(gform.isFormEditor()&&console.warn(\"The use of gform.initializeOnLoaded() is deprecated in the form editor context and will be removed in Gravity Forms 3.1.\"),o(),0))},initializeOnLoaded:function(o){gform.callIfLoaded(o)||(document.addEventListener(\"gform_main_scripts_loaded\",()=>{gform.scriptsLoaded=!0,gform.callIfLoaded(o)}),document.addEventListener(\"gform\/theme\/scripts_loaded\",()=>{gform.themeScriptsLoaded=!0,gform.callIfLoaded(o)}),window.addEventListener(\"DOMContentLoaded\",()=>{gform.domLoaded=!0,gform.callIfLoaded(o)}))},hooks:{action:{},filter:{}},addAction:function(o,r,e,t){gform.addHook(\"action\",o,r,e,t)},addFilter:function(o,r,e,t){gform.addHook(\"filter\",o,r,e,t)},doAction:function(o){gform.doHook(\"action\",o,arguments)},applyFilters:function(o){return gform.doHook(\"filter\",o,arguments)},removeAction:function(o,r){gform.removeHook(\"action\",o,r)},removeFilter:function(o,r,e){gform.removeHook(\"filter\",o,r,e)},addHook:function(o,r,e,t,n){null==gform.hooks[o][r]&&(gform.hooks[o][r]=[]);var d=gform.hooks[o][r];null==n&&(n=r+\"_\"+d.length),gform.hooks[o][r].push({tag:n,callable:e,priority:t=null==t?10:t})},doHook:function(r,o,e){var t;if(e=Array.prototype.slice.call(e,1),null!=gform.hooks[r][o]&&((o=gform.hooks[r][o]).sort(function(o,r){return o.priority-r.priority}),o.forEach(function(o){\"function\"!=typeof(t=o.callable)&&(t=window[t]),\"action\"==r?t.apply(null,e):e[0]=t.apply(null,e)})),\"filter\"==r)return e[0]},removeHook:function(o,r,t,n){var e;null!=gform.hooks[o][r]&&(e=(e=gform.hooks[o][r]).filter(function(o,r,e){return!!(null!=n&&n!=o.tag||null!=t&&t!=o.priority)}),gform.hooks[o][r]=e)}});\n<\/script>\n\n                <div class='gf_browser_gecko gform_wrapper gravity-theme gform-theme--no-framework waitlist_wrapper' data-form-theme='gravity-theme' data-form-index='0' id='gform_wrapper_2' >\n                        <div class='gform_heading'>\n                            <p class='gform_description'><\/p>\n                        <\/div><form method='post' enctype='multipart\/form-data'  id='gform_2' class='waitlist' action='\/pt-pt\/wp-json\/wp\/v2\/posts\/5855' data-formid='2' novalidate> \r\n <input type='hidden' class='gforms-pum' value='{\"closepopup\":false,\"closedelay\":0,\"openpopup\":false,\"openpopup_id\":0}' \/>\n                        <div class='gform-body gform_body'><div id='gform_fields_2' class='gform_fields top_label form_sublabel_below description_below validation_below'><div id=\"field_2_5\" class=\"gfield gfield--type-honeypot gform_validation_container field_sublabel_below gfield--has-description field_description_below field_validation_below gfield_visibility_visible\"  ><label class='gfield_label gform-field-label' for='input_2_5'>Phone<\/label><div class='ginput_container'><input name='input_5' id='input_2_5' type='text' value='' autocomplete='new-password'\/><\/div><div class='gfield_description' id='gfield_description_2_5'>Este campo \u00e9 para efeitos de valida\u00e7\u00e3o e deve ser mantido inalterado.<\/div><\/div><div id=\"field_2_1\" class=\"gfield gfield--type-email gfield--input-type-email gfield_contains_required field_sublabel_below gfield--no-description field_description_below hidden_label field_validation_below gfield_visibility_visible\"  ><label class='gfield_label gform-field-label' for='input_2_1'>Correio eletr\u00f3nico<span class=\"gfield_required\"><span class=\"gfield_required gfield_required_text\">(Obrigat\u00f3rio)<\/span><\/span><\/label><div class='ginput_container ginput_container_email'>\n                            <input name='input_1' id='input_2_1' type='email' value='' class='large'    aria-required=\"true\" aria-invalid=\"false\"  \/>\n                        <\/div><\/div><fieldset id=\"field_2_3\" class=\"gfield gfield--type-consent gfield--type-choice gfield--input-type-consent gfield_contains_required field_sublabel_below gfield--no-description field_description_below hidden_label field_validation_below gfield_visibility_visible\"  ><legend class='gfield_label gform-field-label gfield_label_before_complex' >RGPD<span class=\"gfield_required\"><span class=\"gfield_required gfield_required_text\">(Obrigat\u00f3rio)<\/span><\/span><\/legend><div class='ginput_container ginput_container_consent'><input name='input_3.1' id='input_2_3_1' type='checkbox' value='1'   aria-required=\"true\" aria-invalid=\"false\"   \/> <label class=\"gform-field-label gform-field-label--type-inline gfield_consent_label\" for='input_2_3_1' >Sim, quero subscrever a newsletter mensal<span class=\"gfield_required gfield_required_text\">(Obrigat\u00f3rio)<\/span><\/label><input type='hidden' name='input_3.2' value='Sim, quero subscrever a newsletter mensal' class='gform_hidden' \/><input type='hidden' name='input_3.3' value='1' class='gform_hidden' \/><\/div><\/fieldset><div id=\"field_2_4\" class=\"gfield gfield--type-website gfield--input-type-website field_sublabel_below gfield--no-description field_description_below field_validation_below gfield_visibility_hidden\"  ><div class=\"admin-hidden-markup\"><i class=\"gform-icon gform-icon--hidden\" aria-hidden=\"true\" title=\"Este campo est\u00e1 escondido ao visualizar o formul\u00e1rio\"><\/i><span>Este campo est\u00e1 escondido ao visualizar o formul\u00e1rio<\/span><\/div><label class='gfield_label gform-field-label' for='input_2_4'>S\u00edtio Web<\/label><div class='ginput_container ginput_container_website'>\n                    <input name='input_4' id='input_2_4' type='url' value='https:\/\/madeiralovers.com\/pt-pt\/wp-json\/wp\/v2\/posts\/5855' class='large'    placeholder='https:\/\/'  aria-invalid=\"false\" \/>\n                <\/div><\/div><\/div><\/div>\n        <div class='gform-footer gform_footer top_label'> <input type='submit' id='gform_submit_button_2' class='gform_button button' onclick='gform.submission.handleButtonClick(this);' data-submission-type='submit' value='Inscreva-se'  \/> \n            <input type='hidden' class='gform_hidden' name='gform_submission_method' data-js='gform_submission_method_2' value='postback' \/>\n            <input type='hidden' class='gform_hidden' name='gform_theme' data-js='gform_theme_2' id='gform_theme_2' value='gravity-theme' \/>\n            <input type='hidden' class='gform_hidden' name='gform_style_settings' data-js='gform_style_settings_2' id='gform_style_settings_2' value='{&quot;theme&quot;:&quot;gravity-theme&quot;,&quot;inputPrimaryColor&quot;:&quot;#72bb20&quot;,&quot;buttonPrimaryBackgroundColor&quot;:&quot;#72bb20&quot;}' \/>\n            <input type='hidden' class='gform_hidden' name='is_submit_2' value='1' \/>\n            <input type='hidden' class='gform_hidden' name='gform_submit' value='2' \/>\n            \n            <input type='hidden' class='gform_hidden' name='gform_currency' data-currency='EUR' value='ey8B76MRTl6Ysn+t2PX9FKsvZnRbNfBDPIKjUBZK2Phk3CBxGSPwnR5S3jtbPjZMoBZcU6oqvslqWKbLhzotexs\/OuwniRwU4vxypmdJZ1bk+sw=' \/>\n            <input type='hidden' class='gform_hidden' name='gform_unique_id' value='' \/>\n            <input type='hidden' class='gform_hidden' name='state_2' value='WyJ7XCIzLjFcIjpcImMzMjZlZjU3NGQwMWFmNjhhYTg1YTk2ODk5ZTAyYmU1XCIsXCIzLjJcIjpcIjNlYzk2ZmUxZmJlNGJkZGZhMjk5MmU1OTAyNGU3Y2FmXCIsXCIzLjNcIjpcImMzMjZlZjU3NGQwMWFmNjhhYTg1YTk2ODk5ZTAyYmU1XCJ9IiwiYTdiZjQ2YTRmODliZjg5YmYzMTVjN2UwMWJkNzYyYjMiXQ==' \/>\n            <input type='hidden' autocomplete='off' class='gform_hidden' name='gform_target_page_number_2' id='gform_target_page_number_2' value='0' \/>\n            <input type='hidden' autocomplete='off' class='gform_hidden' name='gform_source_page_number_2' id='gform_source_page_number_2' value='1' \/>\n            <input type='hidden' name='gform_field_values' value='' \/>\n            \n        <\/div>\n                        <\/form>\n                        <\/div><script>\ngform.initializeOnLoaded( function() {gformInitSpinner( 2, 'https:\/\/madeiralovers.com\/wp-content\/plugins\/gravityforms\/images\/spinner.svg', true );jQuery('#gform_ajax_frame_2').on('load',function(){var contents = jQuery(this).contents().find('*').html();var is_postback = contents.indexOf('GF_AJAX_POSTBACK') >= 0;if(!is_postback){return;}var form_content = jQuery(this).contents().find('#gform_wrapper_2');var is_confirmation = jQuery(this).contents().find('#gform_confirmation_wrapper_2').length > 0;var is_redirect = contents.indexOf('gformRedirect(){') >= 0;var is_form = form_content.length > 0 && ! is_redirect && ! is_confirmation;var mt = parseInt(jQuery('html').css('margin-top'), 10) + parseInt(jQuery('body').css('margin-top'), 10) + 100;if(is_form){jQuery('#gform_wrapper_2').html(form_content.html());if(form_content.hasClass('gform_validation_error')){jQuery('#gform_wrapper_2').addClass('gform_validation_error');} else {jQuery('#gform_wrapper_2').removeClass('gform_validation_error');}setTimeout( function() { \/* delay the scroll by 50 milliseconds to fix a bug in chrome *\/  }, 50 );if(window['gformInitDatepicker']) {gformInitDatepicker();}if(window['gformInitPriceFields']) {gformInitPriceFields();}var current_page = jQuery('#gform_source_page_number_2').val();gformInitSpinner( 2, 'https:\/\/madeiralovers.com\/wp-content\/plugins\/gravityforms\/images\/spinner.svg', true );jQuery(document).trigger('gform_page_loaded', [2, current_page]);window['gf_submitting_2'] = false;}else if(!is_redirect){var confirmation_content = jQuery(this).contents().find('.GF_AJAX_POSTBACK').html();if(!confirmation_content){confirmation_content = contents;}jQuery('#gform_wrapper_2').replaceWith(confirmation_content);jQuery(document).trigger('gform_confirmation_loaded', [2]);window['gf_submitting_2'] = false;wp.a11y.speak(jQuery('#gform_confirmation_message_2').text());}else{jQuery('#gform_2').append(contents);if(window['gformRedirect']) {gformRedirect();}}jQuery(document).trigger(\"gform_pre_post_render\", [{ formId: \"2\", currentPage: \"current_page\", abort: function() { this.preventDefault(); } }]);        if (event && event.defaultPrevented) {                return;        }        const gformWrapperDiv = document.getElementById( \"gform_wrapper_2\" );        if ( gformWrapperDiv ) {            const visibilitySpan = document.createElement( \"span\" );            visibilitySpan.id = \"gform_visibility_test_2\";            gformWrapperDiv.insertAdjacentElement( \"afterend\", visibilitySpan );        }        const visibilityTestDiv = document.getElementById( \"gform_visibility_test_2\" );        let postRenderFired = false;        function triggerPostRender() {            if ( postRenderFired ) {                return;            }            postRenderFired = true;            gform.core.triggerPostRenderEvents( 2, current_page );            if ( visibilityTestDiv ) {                visibilityTestDiv.parentNode.removeChild( visibilityTestDiv );            }        }        function debounce( func, wait, immediate ) {            var timeout;            return function() {                var context = this, args = arguments;                var later = function() {                    timeout = null;                    if ( !immediate ) func.apply( context, args );                };                var callNow = immediate && !timeout;                clearTimeout( timeout );                timeout = setTimeout( later, wait );                if ( callNow ) func.apply( context, args );            };        }        const debouncedTriggerPostRender = debounce( function() {            triggerPostRender();        }, 200 );        if ( visibilityTestDiv && visibilityTestDiv.offsetParent === null ) {            const observer = new MutationObserver( ( mutations ) => {                mutations.forEach( ( mutation ) => {                    if ( mutation.type === 'attributes' && visibilityTestDiv.offsetParent !== null ) {                        debouncedTriggerPostRender();                        observer.disconnect();                    }                });            });            observer.observe( document.body, {                attributes: true,                childList: false,                subtree: true,                attributeFilter: [ 'style', 'class' ],            });        } else {            triggerPostRender();        }    } );} );\n<\/script>\n<\/div>\n\n\n\n<div class=\"wp-block-column is-layout-flow wp-block-column-is-layout-flow\" style=\"flex-basis:42%\">\n<div class=\"wp-block-genesis-blocks-gb-container aligncenter newsletter-radius gb-block-container\"><div class=\"gb-container-inside\"><div class=\"gb-container-content\"><div class=\"wp-block-image newsletter-image\">\n<figure class=\"aligncenter size-full\"><img loading=\"lazy\" decoding=\"async\" width=\"729\" height=\"792\" src=\"https:\/\/madeiralovers.com\/wp-content\/uploads\/2024\/01\/newsletter_FR_2.webp\" alt=\"\" class=\"wp-image-222\" srcset=\"https:\/\/madeiralovers.com\/wp-content\/uploads\/2024\/01\/newsletter_FR_2.webp 729w, https:\/\/madeiralovers.com\/wp-content\/uploads\/2024\/01\/newsletter_FR_2-276x300.webp 276w\" sizes=\"auto, (max-width: 729px) 100vw, 729px\" \/><\/figure>\n<\/div><\/div><\/div><\/div>\n<\/div>\n<\/div>\n<\/div><\/div><\/div>\n\n<h3 class=\"wp-block-heading\">Acesso com mobilidade reduzida<\/h3>\n\n<p>A Praia da Calheta \u00e9 acess\u00edvel a pessoas com mobilidade reduzida. Disp\u00f5e de casas de banho e vesti\u00e1rios adaptados, bem como de lugares de estacionamento reservados. As rampas de bet\u00e3o que descem at\u00e9 \u00e0 areia permitem que todos desfrutem ao m\u00e1ximo da praia.<\/p>\n\n<figure class=\"wp-block-image size-large\"><img decoding=\"async\" src=\"https:\/\/photos.smugmug.com\/Madeira-Lovers\/Calheta\/Praia-da-Calheta\/i-Wp32L6x\/0\/NWPqsGPztkMqPttSWnppfSpjBK4tdSCr2zS2dRdJD\/L\/information%20praia%20calheta%20madeira-L.jpg\" alt=\"Praia da Calheta - Acesso para deficientes\"\/><\/figure>\n\n<h3 class=\"wp-block-heading\">Com crian\u00e7as<\/h3>\n\n<p>A Praia da Calheta \u00e9 ideal para fam\u00edlias com crian\u00e7as. Uma \u00e1rea de jogos com vista para a praia proporciona entretenimento adicional para os h\u00f3spedes mais novos. Descobrimos que o ambiente seguro desta praia, com as suas \u00e1guas calmas e supervis\u00e3o, faz dela um local ideal para crian\u00e7as de todas as idades. Para al\u00e9m da nata\u00e7\u00e3o, h\u00e1 uma grande variedade de desportos aqu\u00e1ticos. Em particular, avist\u00e1mos uma escola de mergulho.<\/p>\n\n<figure class=\"wp-block-image size-large\"><img decoding=\"async\" src=\"https:\/\/photos.smugmug.com\/Madeira-Lovers\/Calheta\/Praia-da-Calheta\/i-L7KBmgs\/0\/Ms6BcMxgPQtsKwCkJvW4Sn8vdfgXhCxxLqVqgV9MG\/L\/kids%20playground%20praia%20calheta%20madeira-L.jpg\" alt=\"Praia da Calheta - Com crian&#xE7;as\"\/><\/figure>\n\n<h3 class=\"wp-block-heading\">Naturismo<\/h3>\n\n<p>N\u00e3o \u00e9 poss\u00edvel praticar naturismo nesta praia.<\/p>\n\n<h3 class=\"wp-block-heading\">Comer fora<\/h3>\n\n<p>As op\u00e7\u00f5es de restaura\u00e7\u00e3o \u00e0 volta da praia s\u00e3o muitas e variadas. Gost\u00e1mos particularmente do restaurante Marina Azul, com vista para a marina, onde prov\u00e1mos pratos de marisco de grande qualidade. Os sabores locais est\u00e3o no centro das aten\u00e7\u00f5es!<\/p>\n\n<figure class=\"wp-block-image size-large\"><img decoding=\"async\" src=\"https:\/\/photos.smugmug.com\/Madeira-Lovers\/Calheta\/Praia-da-Calheta\/i-ks98vCs\/0\/Kw53g8zRwGmHhSLGZZJ6wjq33x5sJvH47bSN4W3WQ\/L\/restaurant%20praia%20calheta%20madeira-L.jpg\" alt=\"Praia da Calheta - Comer fora\"\/><figcaption class=\"wp-element-caption\">Restaurante Marina Azul<\/figcaption><\/figure>\n\n<h3 class=\"wp-block-heading\">Hot\u00e9is<\/h3>\n\n<p>Existem 2 excelentes hot\u00e9is nas imedia\u00e7\u00f5es da Praia da Calheta. Eis as nossas recomenda\u00e7\u00f5es:<\/p>\n\n<ul class=\"wp-block-list\">\n<li>Hotel Saccharum &#8211; Savoy Signature (5 estrelas)<strong><a href=\"https:\/\/www.booking.com\/hotel\/pt\/saccharum.html?aid=2410700\" target=\"_blank\" rel=\"noreferrer noopener sponsored nofollow\"> &#8211; v\u00ea fotos, pre\u00e7os e disponibilidade!<\/a><\/strong><\/li>\n\n\n\n<li>Hotel Calheta Beach &#8211; Savoy Signature (4 estrelas) <strong><a href=\"https:\/\/www.booking.com\/hotel\/pt\/calheta-beach.html?aid=2410700\" target=\"_blank\" rel=\"noreferrer noopener sponsored nofollow\">&#8211; v\u00ea fotos, pre\u00e7os e disponibilidade!<\/a><\/strong><\/li>\n<\/ul>\n\n<figure class=\"wp-block-image size-large\"><img decoding=\"async\" src=\"https:\/\/photos.smugmug.com\/Madeira-Lovers\/Calheta\/H&#xF4;tel-Calheta-Beach\/i-hL4C3LT\/0\/MS6LCh8cpH939nLzzcqsbWtx8CCgjJsG2gQ5zn9gb\/L\/view%20pool%20hotel%20calheta%20beach%20madeira-L.jpg\" alt=\"Praia da Calheta - Hot&#xE9;is\"\/><figcaption class=\"wp-element-caption\">Hotel Calheta Beach, diretamente na praia<\/figcaption><\/figure>\n\n<div style=\"margin-top:8%;margin-bottom:8%\" class=\"wp-block-genesis-blocks-gb-container box gb-block-container\"><div class=\"gb-container-inside\"><div class=\"gb-container-content\" style=\"max-width:700px\">\n<div class=\"wp-block-genesis-blocks-gb-container box_titre gb-block-container\"><div class=\"gb-container-inside\"><div class=\"gb-container-content\">\n<h5 class=\"titre_box\">PLANEJE A SUA ESTADIA NA <span class=\"titre_box_manuscrit\">madeira<\/span><\/h5>\n<\/div><\/div><\/div>\n\n\n\n<hr class=\"wp-block-separator has-text-color has-alpha-channel-opacity has-background is-style-wide hr-box-planif\" style=\"background-color:#ccd3dd;color:#ccd3dd\"\/>\n\n\n\n<div class=\"wp-block-columns box_sans_border is-layout-flex wp-container-core-columns-is-layout-9d6595d7 wp-block-columns-is-layout-flex\">\n<div class=\"wp-block-column texte_planif is-layout-flow wp-block-column-is-layout-flow\" style=\"font-size:14px;flex-basis:60%\">\n<p class=\"option_titre2\"><strong>O melhor de<\/strong><\/p>\n\n\n\n<p style=\"font-size:16px\"><a href=\"https:\/\/madeiralovers.com\/pt-pt\/o-que-fazer-madeira-atracoes\/\">O que fazer na Madeira<\/a><br\/><a href=\"https:\/\/madeiralovers.com\/pt-pt\/melhores-miradouros-madeira\/\" target=\"_blank\" rel=\"noreferrer noopener\">Os mais belos miradouros<\/a><br\/><a href=\"https:\/\/madeiralovers.com\/pt-pt\/melhores-praias-madeira\/\" target=\"_blank\" rel=\"noreferrer noopener\">As praias mais bonitas da Madeira<\/a><br\/><a href=\"https:\/\/madeiralovers.com\/pt-pt\/melhores-jardins-madeira\/\" target=\"_blank\" rel=\"noreferrer noopener\">Os mais belos jardins<\/a><br\/><a href=\"https:\/\/madeiralovers.com\/pt-pt\/piscinas-naturais-madeira\/\" target=\"_blank\" rel=\"noreferrer noopener\">Piscinas naturais<\/a><br\/><a href=\"https:\/\/madeiralovers.com\/pt-pt\/melhores-caminhadas-madeira\/\" target=\"_blank\" rel=\"noreferrer noopener\">Os melhores passeios<\/a><br\/><a href=\"https:\/\/madeiralovers.com\/pt-pt\/estradas-mas-bonitas-madeira\/\" target=\"_blank\" rel=\"noreferrer noopener\">As estradas mais bonitas<\/a><br\/><a href=\"https:\/\/madeiralovers.com\/pt-pt\/locais-secretos-madeira\/\" target=\"_blank\" rel=\"noreferrer noopener\">Lugares secretos<\/a><\/p>\n<\/div>\n\n\n\n<div class=\"wp-block-column is-vertically-aligned-top planif-radius is-layout-flow wp-block-column-is-layout-flow\" style=\"flex-basis:40%\">\n<figure class=\"wp-block-image size-large img-portrait\"><img decoding=\"async\" src=\"https:\/\/photos.smugmug.com\/Travel\/Madeira\/13d-Rocha-do-Navio\/i-T3f6J48\/2\/d3DHMbHtwPMz7Tj9qDPmRxGpbxx5RBRCr4LrPp2c\/S\/Roacha_do_Navio_cable_car_Madeira-7241164-S.jpg\" alt=\"Rocha Navia\" title=\"\"\/><\/figure>\n<\/div>\n<\/div>\n\n\n\n<hr class=\"wp-block-separator has-text-color has-alpha-channel-opacity has-background is-style-wide hr-box-planif\" style=\"background-color:#ccd3dd;color:#ccd3dd\"\/>\n\n\n\n<div class=\"wp-block-columns box_sans_border is-layout-flex wp-container-core-columns-is-layout-9d6595d7 wp-block-columns-is-layout-flex\">\n<div class=\"wp-block-column texte_planif is-layout-flow wp-block-column-is-layout-flow\" style=\"font-size:14px;flex-basis:60%\">\n<p class=\"option_titre\"><strong>Conselhos pr\u00e1ticos<\/strong><\/p>\n\n\n\n<p style=\"font-size:16px\"><a href=\"https:\/\/madeiralovers.com\/pt-pt\/deslocar-madeira-transportes\/\" target=\"_blank\" rel=\"noreferrer noopener\">Getting around Madeira<\/a><br\/><a href=\"https:\/\/madeiralovers.com\/pt-pt\/como-alugar-carro-madeira-dicas-experiencia\/\" target=\"_blank\" rel=\"noreferrer noopener\">Alugar um carro na Madeira<\/a><br\/><a href=\"https:\/\/madeiralovers.com\/pt-pt\/conduzir-madeira-conselhos\/\" target=\"_blank\" rel=\"noreferrer noopener\">Conduzir na Madeira<\/a><\/p>\n\n\n\n<p style=\"font-size:16px\"><a href=\"https:\/\/madeiralovers.com\/pt-pt\/onde-ficar-madeira-melhores-destinos\/\" target=\"_blank\" rel=\"noreferrer noopener\">Onde ficar na Madeira<\/a><\/p>\n\n\n\n<p style=\"font-size:16px\">Itiner\u00e1rios: 3 dias &#8211; 4 dias &#8211; <a href=\"https:\/\/madeiralovers.com\/pt-pt\/visitar-madeira-5-dias-itinerario\/\" target=\"_blank\" rel=\"noreferrer noopener\">5 dias<\/a> &#8211; <a href=\"https:\/\/madeiralovers.com\/pt-pt\/visitar-madeira-6-dias-itinerario\/\" target=\"_blank\" rel=\"noreferrer noopener\">6 dias<\/a> &#8211; <a href=\"https:\/\/madeiralovers.com\/pt-pt\/visitar-madeira-uma-semana-itinerario\/\" target=\"_blank\" rel=\"noreferrer noopener\">7 dias<\/a> &#8211; <a href=\"https:\/\/madeiralovers.com\/pt-pt\/visitar-madeira-10-dias-itinerario\/\" target=\"_blank\" rel=\"noreferrer noopener\">10 dias<\/a><\/p>\n<\/div>\n\n\n\n<div class=\"wp-block-column is-vertically-aligned-top planif-radius is-layout-flow wp-block-column-is-layout-flow\" style=\"flex-basis:40%\">\n<figure class=\"wp-block-image size-large img-portrait\"><img decoding=\"async\" src=\"https:\/\/photos.smugmug.com\/Travel\/Madeira\/Driving\/i-xNmkb72\/2\/DF578h2B7Q6RbR84FZXN5v8D7vg6nLZ9dzBdrJ2rZ\/S\/driving_Madeira-7241434-S.jpg\" alt=\"Conduzir na Madeira\" title=\"\"\/><\/figure>\n<\/div>\n<\/div>\n\n\n\n<hr class=\"wp-block-separator has-text-color has-alpha-channel-opacity has-background is-style-wide hr-box-planif\" style=\"background-color:#ccd3dd;color:#ccd3dd\"\/>\n\n\n\n<div class=\"wp-block-columns box_sans_border is-layout-flex wp-container-core-columns-is-layout-9d6595d7 wp-block-columns-is-layout-flex\">\n<div class=\"wp-block-column texte_planif is-layout-flow wp-block-column-is-layout-flow\" style=\"font-size:14px;flex-basis:60%\">\n<p class=\"option_titre\"><strong>Locais a n\u00e3o perder<\/strong><\/p>\n\n\n\n<p style=\"font-size:16px\"><a href=\"https:\/\/madeiralovers.com\/pt-pt\/excursao-dolfins-madeira-baleias\/\" target=\"_blank\" rel=\"noreferrer noopener\">Observa\u00e7\u00e3o de golfinhos<\/a><br\/><a href=\"https:\/\/madeiralovers.com\/pt-pt\/o-que-fazer-funchal-visitar\/\" target=\"_blank\" rel=\"noreferrer noopener\">O que fazer no Funchal<\/a><br\/><a href=\"https:\/\/madeiralovers.com\/pt-pt\/o-que-fazer-camera-de-lobos-madeira-visitar\/\" target=\"_blank\" rel=\"noreferrer noopener\">C\u00e2mara de Lobos<\/a><br\/><a href=\"https:\/\/madeiralovers.com\/pt-pt\/o-que-fazer-ponta-do-sol-visitar\/\" target=\"_blank\" rel=\"noreferrer noopener\">Ponta do Sol<\/a><br\/><a href=\"https:\/\/madeiralovers.com\/pt-pt\/o-que-fazer-santana-madeira-visitar\/\">Santana<\/a><br\/><a href=\"https:\/\/madeiralovers.com\/pt-pt\/o-que-fazer-pico-do-arieiro-madeira\/\" target=\"_blank\" rel=\"noreferrer noopener\">Pico do Arieiro<\/a><br\/><a href=\"https:\/\/madeiralovers.com\/pt-pt\/o-que-fazer-porto-santo-visitar\/\" target=\"_blank\" rel=\"noreferrer noopener\">O que fazer em Porto Santo<\/a><\/p>\n<\/div>\n\n\n\n<div class=\"wp-block-column is-vertically-aligned-top planif-radius is-layout-flow wp-block-column-is-layout-flow\" style=\"flex-basis:40%\">\n<figure class=\"wp-block-image size-large img-portrait\"><img decoding=\"async\" src=\"https:\/\/photos.smugmug.com\/Travel\/Madeira\/6c-Camara-dos-Lobos\/i-zH7D8Tv\/2\/DpttrQSghWXj2DKMm3VHbFkhFMLsTFhS37sRFTxNz\/S\/camara_dos_Lobos_Madeira-7173015-S.jpg\" alt=\"C&#xE2;mara de Lobos\" title=\"\"\/><\/figure>\n<\/div>\n<\/div>\n<\/div><\/div><\/div>\n\n<div class=\"wp-block-genesis-blocks-gb-container box_auteur_voyage gb-block-container\"><div class=\"gb-container-inside\"><div class=\"gb-container-content\">\n<figure class=\"wp-block-image size-large img_auteur_voyage img_provisoire\"><a href=\"https:\/\/madeiralovers.com\/pt-pt\/a-propos-delisa-grosset\/\" target=\"_blank\" rel=\"noreferrer noopener\"><img decoding=\"async\" src=\"https:\/\/photos.smugmug.com\/Region-Lovers\/Equipe\/i-QnrB7DM\/0\/CtpLjLrrwWXx6CCL4hJmRTCvZDXmHZ2Q4F5hGBmsq\/L\/Elisa-L.jpg\" alt=\"\"\/><\/a><\/figure>\n\n\n\n<h5 class=\"titre_auteur_voyage\"><span>FEZ A VIAGEM \n <\/span><span class=\"titre_box_manuscrit\">Elisa<\/span><\/h5>\n<\/div><\/div><\/div>\n","protected":false},"excerpt":{"rendered":"<p>A Praia da Calheta \u00e9 uma das poucas praias de areia da Madeira. Situado numa est\u00e2ncia balnear, est\u00e1 rodeado de diques para um banho mais seguro. Gost\u00e1mos particularmente das suas 2 enseadas artificiais, que proporcionam um ambiente ideal para relaxar. Neste artigo, descobre mais sobre as nossas fotografias e as nossas dicas para aproveitares ao [&hellip;]<\/p>\n","protected":false},"author":8,"featured_media":5850,"comment_status":"closed","ping_status":"closed","sticky":false,"template":"","format":"standard","meta":{"_genesis_hide_title":false,"_genesis_hide_breadcrumbs":false,"_genesis_hide_singular_image":false,"_genesis_hide_footer_widgets":false,"_genesis_custom_body_class":"","_genesis_custom_post_class":"","_genesis_layout":"","footnotes":""},"categories":[117],"tags":[],"class_list":{"0":"post-5855","1":"post","2":"type-post","3":"status-publish","4":"format-standard","5":"has-post-thumbnail","7":"category-costa-sul","8":"entry"},"yoast_head":"<!-- This site is optimized with the Yoast SEO plugin v27.2 - https:\/\/yoast.com\/product\/yoast-seo-wordpress\/ -->\n<title>Praia da Calheta (Madeira): dicas + fotos<\/title>\n<meta name=\"description\" content=\"Descobre as nossas dicas e fotografias para visitar a Praia da Calheta (Madeira): acesso, estacionamento, instala\u00e7\u00f5es, paisagem.\" \/>\n<meta name=\"robots\" content=\"index, follow, max-snippet:-1, max-image-preview:large, max-video-preview:-1\" \/>\n<link rel=\"canonical\" href=\"https:\/\/madeiralovers.com\/pt-pt\/praia-calheta-madeira\/\" \/>\n<meta property=\"og:locale\" content=\"pt_PT\" \/>\n<meta property=\"og:type\" content=\"article\" \/>\n<meta property=\"og:title\" content=\"Praia da Calheta (Madeira): dicas + fotos\" \/>\n<meta property=\"og:description\" content=\"Descobre as nossas dicas e fotografias para visitar a Praia da Calheta (Madeira): acesso, estacionamento, instala\u00e7\u00f5es, paisagem.\" \/>\n<meta property=\"og:url\" content=\"https:\/\/madeiralovers.com\/pt-pt\/praia-calheta-madeira\/\" \/>\n<meta property=\"og:site_name\" content=\"Madeira Lovers\" \/>\n<meta property=\"article:published_time\" content=\"2025-03-26T15:55:30+00:00\" \/>\n<meta property=\"article:modified_time\" content=\"2026-03-26T15:36:07+00:00\" \/>\n<meta property=\"og:image\" content=\"https:\/\/madeiralovers.com\/wp-content\/uploads\/2025\/03\/praia-calheta-madeira.jpg\" \/>\n\t<meta property=\"og:image:width\" content=\"800\" \/>\n\t<meta property=\"og:image:height\" content=\"600\" \/>\n\t<meta property=\"og:image:type\" content=\"image\/jpeg\" \/>\n<meta name=\"author\" content=\"Elisa\" \/>\n<meta name=\"twitter:card\" content=\"summary_large_image\" \/>\n<meta name=\"twitter:label1\" content=\"Escrito por\" \/>\n\t<meta name=\"twitter:data1\" content=\"Elisa\" \/>\n\t<meta name=\"twitter:label2\" content=\"Tempo estimado de leitura\" \/>\n\t<meta name=\"twitter:data2\" content=\"4 minutos\" \/>\n<script type=\"application\/ld+json\" class=\"yoast-schema-graph\">{\"@context\":\"https:\/\/schema.org\",\"@graph\":[{\"@type\":\"Article\",\"@id\":\"https:\/\/madeiralovers.com\/pt-pt\/praia-calheta-madeira\/#article\",\"isPartOf\":{\"@id\":\"https:\/\/madeiralovers.com\/pt-pt\/praia-calheta-madeira\/\"},\"author\":{\"name\":\"Elisa\",\"@id\":\"https:\/\/madeiralovers.com\/pt-pt\/#\/schema\/person\/d625cd95d3b219fb95267c26155d749b\"},\"headline\":\"Praia da Calheta (Madeira): dicas + fotos\",\"datePublished\":\"2025-03-26T15:55:30+00:00\",\"dateModified\":\"2026-03-26T15:36:07+00:00\",\"mainEntityOfPage\":{\"@id\":\"https:\/\/madeiralovers.com\/pt-pt\/praia-calheta-madeira\/\"},\"wordCount\":826,\"publisher\":{\"@id\":\"https:\/\/madeiralovers.com\/pt-pt\/#organization\"},\"image\":{\"@id\":\"https:\/\/madeiralovers.com\/pt-pt\/praia-calheta-madeira\/#primaryimage\"},\"thumbnailUrl\":\"https:\/\/madeiralovers.com\/wp-content\/uploads\/2025\/03\/praia-calheta-madeira.jpg\",\"articleSection\":[\"Costa sul\"],\"inLanguage\":\"pt-PT\"},{\"@type\":\"WebPage\",\"@id\":\"https:\/\/madeiralovers.com\/pt-pt\/praia-calheta-madeira\/\",\"url\":\"https:\/\/madeiralovers.com\/pt-pt\/praia-calheta-madeira\/\",\"name\":\"Praia da Calheta (Madeira): dicas + fotos\",\"isPartOf\":{\"@id\":\"https:\/\/madeiralovers.com\/pt-pt\/#website\"},\"primaryImageOfPage\":{\"@id\":\"https:\/\/madeiralovers.com\/pt-pt\/praia-calheta-madeira\/#primaryimage\"},\"image\":{\"@id\":\"https:\/\/madeiralovers.com\/pt-pt\/praia-calheta-madeira\/#primaryimage\"},\"thumbnailUrl\":\"https:\/\/madeiralovers.com\/wp-content\/uploads\/2025\/03\/praia-calheta-madeira.jpg\",\"datePublished\":\"2025-03-26T15:55:30+00:00\",\"dateModified\":\"2026-03-26T15:36:07+00:00\",\"description\":\"Descobre as nossas dicas e fotografias para visitar a Praia da Calheta (Madeira): acesso, estacionamento, instala\u00e7\u00f5es, paisagem.\",\"breadcrumb\":{\"@id\":\"https:\/\/madeiralovers.com\/pt-pt\/praia-calheta-madeira\/#breadcrumb\"},\"inLanguage\":\"pt-PT\",\"potentialAction\":[{\"@type\":\"ReadAction\",\"target\":[\"https:\/\/madeiralovers.com\/pt-pt\/praia-calheta-madeira\/\"]}]},{\"@type\":\"ImageObject\",\"inLanguage\":\"pt-PT\",\"@id\":\"https:\/\/madeiralovers.com\/pt-pt\/praia-calheta-madeira\/#primaryimage\",\"url\":\"https:\/\/madeiralovers.com\/wp-content\/uploads\/2025\/03\/praia-calheta-madeira.jpg\",\"contentUrl\":\"https:\/\/madeiralovers.com\/wp-content\/uploads\/2025\/03\/praia-calheta-madeira.jpg\",\"width\":800,\"height\":600,\"caption\":\"praia calheta madeira\"},{\"@type\":\"BreadcrumbList\",\"@id\":\"https:\/\/madeiralovers.com\/pt-pt\/praia-calheta-madeira\/#breadcrumb\",\"itemListElement\":[{\"@type\":\"ListItem\",\"position\":1,\"name\":\"Accueil\",\"item\":\"https:\/\/madeiralovers.com\/pt-pt\/\"},{\"@type\":\"ListItem\",\"position\":2,\"name\":\"Costa sul\",\"item\":\"https:\/\/madeiralovers.com\/pt-pt\/costa-sul\/\"},{\"@type\":\"ListItem\",\"position\":3,\"name\":\"Praia da Calheta (Madeira): dicas + fotos\"}]},{\"@type\":\"WebSite\",\"@id\":\"https:\/\/madeiralovers.com\/pt-pt\/#website\",\"url\":\"https:\/\/madeiralovers.com\/pt-pt\/\",\"name\":\"Madeira Lovers\",\"description\":\"Pour r\u00e9veiller vos sens \u00e0 Mad\u00e8re\",\"publisher\":{\"@id\":\"https:\/\/madeiralovers.com\/pt-pt\/#organization\"},\"potentialAction\":[{\"@type\":\"SearchAction\",\"target\":{\"@type\":\"EntryPoint\",\"urlTemplate\":\"https:\/\/madeiralovers.com\/pt-pt\/?s={search_term_string}\"},\"query-input\":{\"@type\":\"PropertyValueSpecification\",\"valueRequired\":true,\"valueName\":\"search_term_string\"}}],\"inLanguage\":\"pt-PT\"},{\"@type\":\"Organization\",\"@id\":\"https:\/\/madeiralovers.com\/pt-pt\/#organization\",\"name\":\"Madeira Lovers\",\"url\":\"https:\/\/madeiralovers.com\/pt-pt\/\",\"logo\":{\"@type\":\"ImageObject\",\"inLanguage\":\"pt-PT\",\"@id\":\"https:\/\/madeiralovers.com\/pt-pt\/#\/schema\/logo\/image\/\",\"url\":\"https:\/\/madeiralovers.com\/wp-content\/uploads\/2024\/05\/cropped-Madeira-Lovers-Logos.png\",\"contentUrl\":\"https:\/\/madeiralovers.com\/wp-content\/uploads\/2024\/05\/cropped-Madeira-Lovers-Logos.png\",\"width\":2500,\"height\":554,\"caption\":\"Madeira Lovers\"},\"image\":{\"@id\":\"https:\/\/madeiralovers.com\/pt-pt\/#\/schema\/logo\/image\/\"}},{\"@type\":\"Person\",\"@id\":\"https:\/\/madeiralovers.com\/pt-pt\/#\/schema\/person\/d625cd95d3b219fb95267c26155d749b\",\"name\":\"Elisa\",\"image\":{\"@type\":\"ImageObject\",\"inLanguage\":\"pt-PT\",\"@id\":\"https:\/\/secure.gravatar.com\/avatar\/58989acaa759ff1170519ec054359cd64759fd26df84b894bd3239c233fd396c?s=96&d=mm&r=g\",\"url\":\"https:\/\/secure.gravatar.com\/avatar\/58989acaa759ff1170519ec054359cd64759fd26df84b894bd3239c233fd396c?s=96&d=mm&r=g\",\"contentUrl\":\"https:\/\/secure.gravatar.com\/avatar\/58989acaa759ff1170519ec054359cd64759fd26df84b894bd3239c233fd396c?s=96&d=mm&r=g\",\"caption\":\"Elisa\"},\"sameAs\":[\"https:\/\/madeiralovers.com\/a-propos-delisa-grosset\/\"],\"url\":\"https:\/\/madeiralovers.com\/pt-pt\/author\/elisa\/\"}]}<\/script>\n<!-- \/ Yoast SEO plugin. -->","yoast_head_json":{"title":"Praia da Calheta (Madeira): dicas + fotos","description":"Descobre as nossas dicas e fotografias para visitar a Praia da Calheta (Madeira): acesso, estacionamento, instala\u00e7\u00f5es, paisagem.","robots":{"index":"index","follow":"follow","max-snippet":"max-snippet:-1","max-image-preview":"max-image-preview:large","max-video-preview":"max-video-preview:-1"},"canonical":"https:\/\/madeiralovers.com\/pt-pt\/praia-calheta-madeira\/","og_locale":"pt_PT","og_type":"article","og_title":"Praia da Calheta (Madeira): dicas + fotos","og_description":"Descobre as nossas dicas e fotografias para visitar a Praia da Calheta (Madeira): acesso, estacionamento, instala\u00e7\u00f5es, paisagem.","og_url":"https:\/\/madeiralovers.com\/pt-pt\/praia-calheta-madeira\/","og_site_name":"Madeira Lovers","article_published_time":"2025-03-26T15:55:30+00:00","article_modified_time":"2026-03-26T15:36:07+00:00","og_image":[{"width":800,"height":600,"url":"https:\/\/madeiralovers.com\/wp-content\/uploads\/2025\/03\/praia-calheta-madeira.jpg","type":"image\/jpeg"}],"author":"Elisa","twitter_card":"summary_large_image","twitter_misc":{"Escrito por":"Elisa","Tempo estimado de leitura":"4 minutos"},"schema":{"@context":"https:\/\/schema.org","@graph":[{"@type":"Article","@id":"https:\/\/madeiralovers.com\/pt-pt\/praia-calheta-madeira\/#article","isPartOf":{"@id":"https:\/\/madeiralovers.com\/pt-pt\/praia-calheta-madeira\/"},"author":{"name":"Elisa","@id":"https:\/\/madeiralovers.com\/pt-pt\/#\/schema\/person\/d625cd95d3b219fb95267c26155d749b"},"headline":"Praia da Calheta (Madeira): dicas + fotos","datePublished":"2025-03-26T15:55:30+00:00","dateModified":"2026-03-26T15:36:07+00:00","mainEntityOfPage":{"@id":"https:\/\/madeiralovers.com\/pt-pt\/praia-calheta-madeira\/"},"wordCount":826,"publisher":{"@id":"https:\/\/madeiralovers.com\/pt-pt\/#organization"},"image":{"@id":"https:\/\/madeiralovers.com\/pt-pt\/praia-calheta-madeira\/#primaryimage"},"thumbnailUrl":"https:\/\/madeiralovers.com\/wp-content\/uploads\/2025\/03\/praia-calheta-madeira.jpg","articleSection":["Costa sul"],"inLanguage":"pt-PT"},{"@type":"WebPage","@id":"https:\/\/madeiralovers.com\/pt-pt\/praia-calheta-madeira\/","url":"https:\/\/madeiralovers.com\/pt-pt\/praia-calheta-madeira\/","name":"Praia da Calheta (Madeira): dicas + fotos","isPartOf":{"@id":"https:\/\/madeiralovers.com\/pt-pt\/#website"},"primaryImageOfPage":{"@id":"https:\/\/madeiralovers.com\/pt-pt\/praia-calheta-madeira\/#primaryimage"},"image":{"@id":"https:\/\/madeiralovers.com\/pt-pt\/praia-calheta-madeira\/#primaryimage"},"thumbnailUrl":"https:\/\/madeiralovers.com\/wp-content\/uploads\/2025\/03\/praia-calheta-madeira.jpg","datePublished":"2025-03-26T15:55:30+00:00","dateModified":"2026-03-26T15:36:07+00:00","description":"Descobre as nossas dicas e fotografias para visitar a Praia da Calheta (Madeira): acesso, estacionamento, instala\u00e7\u00f5es, paisagem.","breadcrumb":{"@id":"https:\/\/madeiralovers.com\/pt-pt\/praia-calheta-madeira\/#breadcrumb"},"inLanguage":"pt-PT","potentialAction":[{"@type":"ReadAction","target":["https:\/\/madeiralovers.com\/pt-pt\/praia-calheta-madeira\/"]}]},{"@type":"ImageObject","inLanguage":"pt-PT","@id":"https:\/\/madeiralovers.com\/pt-pt\/praia-calheta-madeira\/#primaryimage","url":"https:\/\/madeiralovers.com\/wp-content\/uploads\/2025\/03\/praia-calheta-madeira.jpg","contentUrl":"https:\/\/madeiralovers.com\/wp-content\/uploads\/2025\/03\/praia-calheta-madeira.jpg","width":800,"height":600,"caption":"praia calheta madeira"},{"@type":"BreadcrumbList","@id":"https:\/\/madeiralovers.com\/pt-pt\/praia-calheta-madeira\/#breadcrumb","itemListElement":[{"@type":"ListItem","position":1,"name":"Accueil","item":"https:\/\/madeiralovers.com\/pt-pt\/"},{"@type":"ListItem","position":2,"name":"Costa sul","item":"https:\/\/madeiralovers.com\/pt-pt\/costa-sul\/"},{"@type":"ListItem","position":3,"name":"Praia da Calheta (Madeira): dicas + fotos"}]},{"@type":"WebSite","@id":"https:\/\/madeiralovers.com\/pt-pt\/#website","url":"https:\/\/madeiralovers.com\/pt-pt\/","name":"Madeira Lovers","description":"Pour r\u00e9veiller vos sens \u00e0 Mad\u00e8re","publisher":{"@id":"https:\/\/madeiralovers.com\/pt-pt\/#organization"},"potentialAction":[{"@type":"SearchAction","target":{"@type":"EntryPoint","urlTemplate":"https:\/\/madeiralovers.com\/pt-pt\/?s={search_term_string}"},"query-input":{"@type":"PropertyValueSpecification","valueRequired":true,"valueName":"search_term_string"}}],"inLanguage":"pt-PT"},{"@type":"Organization","@id":"https:\/\/madeiralovers.com\/pt-pt\/#organization","name":"Madeira Lovers","url":"https:\/\/madeiralovers.com\/pt-pt\/","logo":{"@type":"ImageObject","inLanguage":"pt-PT","@id":"https:\/\/madeiralovers.com\/pt-pt\/#\/schema\/logo\/image\/","url":"https:\/\/madeiralovers.com\/wp-content\/uploads\/2024\/05\/cropped-Madeira-Lovers-Logos.png","contentUrl":"https:\/\/madeiralovers.com\/wp-content\/uploads\/2024\/05\/cropped-Madeira-Lovers-Logos.png","width":2500,"height":554,"caption":"Madeira Lovers"},"image":{"@id":"https:\/\/madeiralovers.com\/pt-pt\/#\/schema\/logo\/image\/"}},{"@type":"Person","@id":"https:\/\/madeiralovers.com\/pt-pt\/#\/schema\/person\/d625cd95d3b219fb95267c26155d749b","name":"Elisa","image":{"@type":"ImageObject","inLanguage":"pt-PT","@id":"https:\/\/secure.gravatar.com\/avatar\/58989acaa759ff1170519ec054359cd64759fd26df84b894bd3239c233fd396c?s=96&d=mm&r=g","url":"https:\/\/secure.gravatar.com\/avatar\/58989acaa759ff1170519ec054359cd64759fd26df84b894bd3239c233fd396c?s=96&d=mm&r=g","contentUrl":"https:\/\/secure.gravatar.com\/avatar\/58989acaa759ff1170519ec054359cd64759fd26df84b894bd3239c233fd396c?s=96&d=mm&r=g","caption":"Elisa"},"sameAs":["https:\/\/madeiralovers.com\/a-propos-delisa-grosset\/"],"url":"https:\/\/madeiralovers.com\/pt-pt\/author\/elisa\/"}]}},"featured_image_src":"https:\/\/madeiralovers.com\/wp-content\/uploads\/2025\/03\/praia-calheta-madeira-600x400.jpg","featured_image_src_square":"https:\/\/madeiralovers.com\/wp-content\/uploads\/2025\/03\/praia-calheta-madeira-600x600.jpg","author_info":{"display_name":"Elisa","author_link":"https:\/\/madeiralovers.com\/pt-pt\/author\/elisa\/"},"_links":{"self":[{"href":"https:\/\/madeiralovers.com\/pt-pt\/wp-json\/wp\/v2\/posts\/5855","targetHints":{"allow":["GET"]}}],"collection":[{"href":"https:\/\/madeiralovers.com\/pt-pt\/wp-json\/wp\/v2\/posts"}],"about":[{"href":"https:\/\/madeiralovers.com\/pt-pt\/wp-json\/wp\/v2\/types\/post"}],"author":[{"embeddable":true,"href":"https:\/\/madeiralovers.com\/pt-pt\/wp-json\/wp\/v2\/users\/8"}],"replies":[{"embeddable":true,"href":"https:\/\/madeiralovers.com\/pt-pt\/wp-json\/wp\/v2\/comments?post=5855"}],"version-history":[{"count":0,"href":"https:\/\/madeiralovers.com\/pt-pt\/wp-json\/wp\/v2\/posts\/5855\/revisions"}],"wp:featuredmedia":[{"embeddable":true,"href":"https:\/\/madeiralovers.com\/pt-pt\/wp-json\/wp\/v2\/media\/5850"}],"wp:attachment":[{"href":"https:\/\/madeiralovers.com\/pt-pt\/wp-json\/wp\/v2\/media?parent=5855"}],"wp:term":[{"taxonomy":"category","embeddable":true,"href":"https:\/\/madeiralovers.com\/pt-pt\/wp-json\/wp\/v2\/categories?post=5855"},{"taxonomy":"post_tag","embeddable":true,"href":"https:\/\/madeiralovers.com\/pt-pt\/wp-json\/wp\/v2\/tags?post=5855"}],"curies":[{"name":"wp","href":"https:\/\/api.w.org\/{rel}","templated":true}]}}