{"id":3251,"date":"2024-06-27T18:16:52","date_gmt":"2024-06-27T17:16:52","guid":{"rendered":"https:\/\/madeiralovers.com\/melhores-viagens-madere\/"},"modified":"2026-03-19T13:55:16","modified_gmt":"2026-03-19T12:55:16","slug":"melhores-caminhadas-madeira","status":"publish","type":"post","link":"https:\/\/madeiralovers.com\/pt-pt\/melhores-caminhadas-madeira\/","title":{"rendered":"12 melhores caminhadas na Madeira (fotos + dicas)"},"content":{"rendered":"\n<p>A Madeira \u00e9 um para\u00edso para os caminhantes! Descobrimos paisagens de cortar a respira\u00e7\u00e3o. Esta ilha portuguesa oferece uma diversidade de trilhos excepcionais, desde levadas pitorescas a picos de cortar a respira\u00e7\u00e3o, costas selvagens e florestas exuberantes. Para n\u00e3o falar das suas paisagens vulc\u00e2nicas fascinantes. Quer sejas um caminhante experiente ou um caminhante ocasional, descobrimos que a Madeira tem itiner\u00e1rios para todos os n\u00edveis.<\/p>\n\n<p>Aqui tens a nossa sele\u00e7\u00e3o dos melhores passeios da Madeira, com dicas \u00fateis em imagens!<\/p>\n\n<figure class=\"wp-block-image size-large\"><img decoding=\"async\" src=\"https:\/\/madeiralovers.com\/wp-content\/uploads\/2024\/06\/melhores-caminhadas-madeira-PT-1024x768.jpg\" alt=\"melhores-caminhadas-madeira\" class=\"wp-image-3127\"\/><\/figure>\n\n<p>Esta \u00e9 uma opini\u00e3o completamente <strong>independente<\/strong>, baseada na nossa pr\u00f3pria experi\u00eancia. Fizemos as nossas pr\u00f3prias escolhas, visit\u00e1mos a regi\u00e3o de forma an\u00f3nima e pag\u00e1mos as nossas contas na totalidade.<\/p>\n\n<h2 class=\"wp-block-heading\">Os melhores caminhadas na Madeira: mapa<\/h2>\n\n<p>Na Madeira, ador\u00e1mos percorrer os trilhos por entre a vegeta\u00e7\u00e3o luxuriante, admirando as paisagens deslumbrantes, o terreno montanhoso e as <a href=\"https:\/\/madeiralovers.com\/pt-pt\/melhores-levadas-madeira\/\" target=\"_blank\" rel=\"noreferrer noopener\">famosas Levadas<\/a>! Quer sejas um caminhante experiente ou um principiante, a ilha oferece uma infinidade de trilhos para todos os n\u00edveis. Durante a nossa estadia, explor\u00e1mos <a href=\"https:\/\/madeiralovers.com\/pt-pt\/o-que-fazer-madeira-atracoes\/\" target=\"_blank\" rel=\"noreferrer noopener\">a Madeira e as suas muitas atrac\u00e7\u00f5es<\/a>. Mas n\u00e3o nos esquecemos de aproveitar os muitos passeios para descobrir a extraordin\u00e1ria beleza natural da ilha.<\/p>\n\n<p>Aqui tens um mapa para te ajudares a encontrar o caminho:<\/p>\n\n<figure class=\"wp-block-image size-large is-resized\"><img decoding=\"async\" src=\"https:\/\/madeiralovers.com\/wp-content\/uploads\/2024\/06\/mapa-melhores-caminhadas-madeira-PT-1024x602.png\" alt=\"carte-meilleures-randonnees-madere\" class=\"wp-image-3118\" style=\"width:702px;height:auto\"\/><figcaption class=\"wp-element-caption\">Mapa com a localiza\u00e7\u00e3o das 10 melhores caminhadas na Madeira<\/figcaption><\/figure>\n\n<p>Se s\u00f3 precisares de fazer 3, recomendamos que o fa\u00e7as:<\/p>\n\n<ul class=\"wp-block-list\">\n<li>A caminhada do <a href=\"https:\/\/madeiralovers.com\/pt-pt\/caminhada-pico-arieiro-madere\/\" type=\"post\" id=\"2654\" target=\"_blank\" rel=\"noreferrer noopener\">Pico do Arieiro<\/a> ao Pico Ruivo, para explorar os picos da Madeira<\/li>\n\n\n\n<li>Um passeio pela <a href=\"https:\/\/madeiralovers.com\/pt-pt\/caminhada-levada-25-fontes-madeira\/\" type=\"post\" id=\"3305\" target=\"_blank\" rel=\"noreferrer noopener\">Levada das 25 Fontes<\/a>, para descobrir os lend\u00e1rios canais de irriga\u00e7\u00e3o da ilha<\/li>\n\n\n\n<li>A bela caminhada <a href=\"https:\/\/madeiralovers.com\/pt-pt\/caminhada-ponta-sao-lourenco-pr8-madeira\/\" type=\"post\" id=\"5081\" target=\"_blank\" rel=\"noreferrer noopener\">da Ponta de S\u00e3o Louran\u00e7o<\/a> at\u00e9 \u00e0 pen\u00ednsula vulc\u00e2nica da Madeira<\/li>\n<\/ul>\n\n<p>Desde 2026 :<\/p>\n\n<ul class=\"wp-block-list\">\n<li>A partir de agora, ter\u00e1 de <strong>reservar online a sua vaga de caminhada<\/strong> e <strong>pagar antecipadamente o acesso<\/strong> aos percursos atrav\u00e9s da plataforma <a href=\"https:\/\/simplifica.madeira.gov.pt\/services\/78-82-259\" target=\"_blank\" rel=\"noreferrer noopener nofollow\">SIMplifica<\/a>.  <\/li>\n\n\n\n<li>Aconselhamo-lo a reservar as suas vagas logo que as datas estejam definidas, uma vez que alguns trilhos se enchem rapidamente na \u00e9poca alta. Estabele\u00e7a prioridades para as suas caminhadas e organize o resto da sua estadia em fun\u00e7\u00e3o delas.  <\/li>\n\n\n\n<li>No dia, certifique-se de que <strong>chega dentro do hor\u00e1rio de 30 minutos<\/strong> que lhe foi atribu\u00eddo e guarde a confirma\u00e7\u00e3o da reserva no seu telem\u00f3vel.<\/li>\n<\/ul>\n\n<h2 class=\"wp-block-heading\">1. Do Pico do Arieiro ao Pico Ruivo &#8211; PR1 (acima das nuvens)<\/h2>\n\n<figure class=\"wp-block-image size-large\"><img decoding=\"async\" src=\"https:\/\/photos.smugmug.com\/Madeira-Lovers\/Pico-do-Arieiro\/Pico-Areiro-hike-return\/i-vx2PX6m\/1\/C5rbLKHLKnVwjV4d3Sq9pZHgS2wDTv59W3VpvtZ9b\/L\/Pico_areiro_hike_Madeira-7225013-L.jpg\" alt=\"Do Pico do Arieiro para o Pico Ruivo - PR1\"\/><\/figure>\n\n<h3 class=\"wp-block-heading\">Porqu\u00ea ir l\u00e1? A nossa opini\u00e3o<\/h3>\n\n<p>Este \u00e9 um dos passeios obrigat\u00f3rios na Madeira! Descobrir\u00e1s os 3 picos mais altos da ilha, come\u00e7ando pelo Pico do Arieiro a 1818m. Ador\u00e1mos tudo o que vimos pelo caminho: o vale verdejante e o oceano, os picos escarpados envoltos em neblina. Tamb\u00e9m a vida selvagem e o nascer do sol sobre o mar de nuvens. Prometemos-te que n\u00e3o h\u00e1 nada de mon\u00f3tono nesta excurs\u00e3o!<\/p>\n\n<hr class=\"wp-block-separator has-text-color has-alpha-channel-opacity has-background is-style-wide\" style=\"background-color:#000000;color:#000000\"\/>\n\n<p class=\"has-text-align-center\"><strong>Explora os picos da Madeira ao nascer do sol com um transfer de ida e volta do teu hotel.  <a href=\"https:\/\/www.getyourguide.pt\/madere-l67\/depuis-funchal-randonnee-du-pico-do-areeiro-a-achada-do-teixeira-t413782\/?partner_id=R3GYW4V&amp;cmp=madeira\" target=\"_blank\" rel=\"noreferrer noopener sponsored nofollow\">Ver pre\u00e7os e reservar<\/a><\/strong><\/p>\n\n<hr class=\"wp-block-separator has-text-color has-alpha-channel-opacity has-background is-style-wide\" style=\"background-color:#000000;color:#000000\"\/>\n\n<figure class=\"wp-block-image size-large\"><img decoding=\"async\" src=\"https:\/\/photos.smugmug.com\/Madeira-Lovers\/Pico-do-Arieiro\/Pico-Areiro-sunrise\/i-mqZRKP9\/1\/XSZwnJ8n458Gdj39VRp6ctHMGZ3t9w7w2jjsFKLX\/L\/Pico_areiro_Pico_ruivo_hike_Madeira-7224781-L.jpg\" alt=\"Do Pico do Arieiro para o Pico Ruivo - PR1\"\/><\/figure>\n\n<h3 class=\"wp-block-heading\">Dicas \u00fateis<\/h3>\n\n<ul class=\"wp-block-list\">\n<li><strong>Localiza\u00e7\u00e3o<\/strong>: no centro-leste da ilha.<br\/>Do <a href=\"https:\/\/madeiralovers.com\/pt-pt\/o-que-fazer-funchal-visitar\/\" target=\"_blank\" rel=\"noreferrer noopener\">Funchal<\/a>, <a href=\"https:\/\/madeiralovers.com\/pt-pt\/o-que-fazer-porto-da-cruz-madeira-visitar\/\" type=\"post\" id=\"2765\" target=\"_blank\" rel=\"noreferrer noopener\">Porto da Cruz<\/a> ou <a href=\"https:\/\/madeiralovers.com\/pt-pt\/o-que-fazer-machico-madeira-visitar\/\" target=\"_blank\" rel=\"noreferrer noopener\">Machico<\/a>, s\u00e3o cerca de 40 minutos de carro at\u00e9 ao Pico do Arieiro. N\u00e3o \u00e9 poss\u00edvel chegar l\u00e1 atrav\u00e9s de transportes p\u00fablicos.<\/li>\n\n\n\n<li><strong>Acesso<\/strong>: O caminho para o in\u00edcio da caminhada \u00e9 de f\u00e1cil acesso. Existe um grande parque de estacionamento ao p\u00e9 do caminho.<\/li>\n\n\n\n<li><strong>Abertura do trilho:<\/strong> verifique a acessibilidade do percurso antes de vir <a href=\"https:\/\/visitmadeira.com\/en\/what-to-do\/nature-seekers\/activities\/hiking\/pr-1-vereda-do-areeiro\/\" target=\"_blank\" rel=\"noreferrer noopener nofollow\">aqui<\/a>.<\/li>\n\n\n\n<li><strong>Taxa de acesso:<\/strong> n\u00e3o se esque\u00e7a de pagar a taxa de entrada para aceder ao percurso <a href=\"https:\/\/simplifica.madeira.gov.pt\/services\/78-82-259\" target=\"_blank\" rel=\"noreferrer noopener nofollow\">aqui<\/a>.<\/li>\n\n\n\n<li><strong>Tipo de percurso<\/strong>: ida e volta<\/li>\n\n\n\n<li><strong>Dura\u00e7\u00e3o<\/strong>: 12 km ida e volta entre o Pico do Arieiro e o Pico Ruivo. Planeia entre as 7h e as 9h<\/li>\n\n\n\n<li><strong>Dificuldade<\/strong>: dif\u00edcil<\/li>\n\n\n\n<li><strong>Melhor altura<\/strong>: este trilho \u00e9 acess\u00edvel durante todo o ano. Recomendamos-te que comeces a caminhar de manh\u00e3 cedo, pois o percurso n\u00e3o tem sombra.<\/li>\n\n\n\n<li><strong>Instala\u00e7\u00f5es<\/strong>: No parque de estacionamento, encontrar\u00e1s um edif\u00edcio com um snack-bar, casas de banho (mediante pagamento), um centro de informa\u00e7\u00f5es e uma loja de recorda\u00e7\u00f5es.<\/li>\n<\/ul>\n\n<p>Para saberes mais, l\u00ea o <a href=\"https:\/\/madeiralovers.com\/pt-pt\/caminhada-pico-arieiro-madere\/\" target=\"_blank\" rel=\"noreferrer noopener\">nosso artigo dedicado a esta incr\u00edvel caminhada<\/a>!<\/p>\n\n<div style=\"background-color:#f4fae2;margin-top:8%;margin-bottom:8%\" class=\"wp-block-genesis-blocks-gb-container box gb-block-container\"><div class=\"gb-container-inside\"><div class=\"gb-container-content\" style=\"max-width:700px\">\n<div class=\"wp-block-genesis-blocks-gb-container box_titre gb-block-container\"><div class=\"gb-container-inside\"><div class=\"gb-container-content\">\n<h5 class=\"titre_box\" style=\"padding-top:10px;\">ONDE FICAR NA <span class=\"titre_box_manuscrit\">Madeira<\/span><\/h5>\n<\/div><\/div><\/div>\n\n\n\n<div class=\"wp-block-columns box_sans_border is-layout-flex wp-container-core-columns-is-layout-9d6595d7 wp-block-columns-is-layout-flex\">\n<div class=\"wp-block-column texte_planif is-layout-flow wp-block-column-is-layout-flow\" style=\"font-size:14px;flex-basis:60%\">\n<p class=\"option_titre2\">As nossas selec\u00e7\u00f5es independentes para te ajudar a encontrar <strong>o alojamento dos teus sonhos<\/strong>:<\/p>\n\n\n\n<ul class=\"wp-block-list\">\n<li><a href=\"https:\/\/madeiralovers.com\/pt-pt\/onde-ficar-madeira-melhores-destinos\/\" target=\"_blank\" rel=\"noreferrer noopener\">Onde ficar na Madeira<\/a><\/li>\n<\/ul>\n\n\n\n<ul class=\"wp-block-list\">\n<li><a href=\"https:\/\/madeiralovers.com\/pt-pt\/melhores-hoteis-5-estrelas-funchal-madeira-luxo-opinioes\/\" target=\"_blank\" rel=\"noreferrer noopener\">Os melhores hot\u00e9is de 5 estrelas<\/a><\/li>\n\n\n\n<li><a href=\"https:\/\/madeiralovers.com\/pt-pt\/melhores-hoteis-boutique-funchal-madeira-charme\/\">Os melhores hot\u00e9is boutique<\/a><\/li>\n\n\n\n<li><a href=\"https:\/\/madeiralovers.com\/pt-pt\/melhores-hoteis-velha-cidade-funchal-opinioes\/\" target=\"_blank\" rel=\"noreferrer noopener\">Os melhores hot\u00e9is na zona velha do Funchal<\/a><\/li>\n\n\n\n<li><a href=\"https:\/\/madeiralovers.com\/pt-pt\/melhores-hoteis-so-para-adultos-funchal-madeira\/\" target=\"_blank\" rel=\"noreferrer noopener\">Os melhores hot\u00e9is s\u00f3 para adultos<\/a><\/li>\n\n\n\n<li><a href=\"https:\/\/madeiralovers.com\/pt-pt\/melhores-hoteis-familias-madeira-criancas-opinioes\/\" target=\"_blank\" rel=\"noreferrer noopener\">Os melhores hot\u00e9is para fam\u00edlias<\/a><\/li>\n\n\n\n<li><a href=\"https:\/\/madeiralovers.com\/pt-pt\/melhores-hoteis-tudo-incluido-madeira\/\" target=\"_blank\" rel=\"noreferrer noopener\">Os melhores hot\u00e9is com tudo inclu\u00eddo<\/a><\/li>\n\n\n\n<li><a href=\"https:\/\/madeiralovers.com\/pt-pt\/melhores-hoteis-romanticos-funchal-madeira-amantes\/\" target=\"_blank\" rel=\"noreferrer noopener\">Os melhores hot\u00e9is rom\u00e2nticos<\/a><\/li>\n<\/ul>\n<\/div>\n\n\n\n<div class=\"wp-block-column is-vertically-aligned-top planif-radius is-layout-flow wp-block-column-is-layout-flow\" style=\"flex-basis:40%\">\n<figure class=\"wp-block-image size-large img-portrait\"><img decoding=\"async\" src=\"https:\/\/photos.smugmug.com\/Travel\/Madeira\/Accommodation\/i-TtZHSRZ\/1\/7f80cf7d\/L\/Arco_da_Calheta_hotel_Madeira-8896-L.jpg\" alt=\"Hotel Engenho Velho\" title=\"\"\/><\/figure>\n<\/div>\n<\/div>\n<\/div><\/div><\/div>\n\n<h2 class=\"wp-block-heading\">2. Ponta de S\u00e3o Louran\u00e7o &#8211; PR8 (rocha vulc\u00e2nica e vista para o mar)<\/h2>\n\n<figure class=\"wp-block-image size-large\"><img decoding=\"async\" src=\"https:\/\/photos.smugmug.com\/Madeira-Lovers\/Ponta-Sao-Louranco\/Hike\/i-dQTR8F6\/0\/DrnJnMN3GZtjDWxhNQ5W3NxzGqZrDmwsZwGvxnW8L\/L\/Ponta_de_Sao_Louranco_Madeira-7130340-L.jpg\" alt=\"Ponta de S&#xE3;o Louran&#xE7;o - PR8\"\/><\/figure>\n\n<h3 class=\"wp-block-heading\">Porqu\u00ea visitar? A nossa opini\u00e3o<\/h3>\n\n<p>Ador\u00e1mos o passeio pela Ponta de S\u00e3o Louren\u00e7o! Esta excurs\u00e3o imperd\u00edvel \u00e0 ponta vulc\u00e2nica da Madeira, a famosa &#8220;cauda do drag\u00e3o&#8221;, leva-te a percorrer a pen\u00ednsula vulc\u00e2nica da ilha. Gost\u00e1mos de passear por esta paisagem semides\u00e9rtica moldada pelo vento e pelo oceano.<a href=\"https:\/\/www.lesdecouvertesdemagalie.com\/post\/ponta-de-sao-louren%C3%A7o-%C3%A0-mad%C3%A8re\" target=\"_blank\" rel=\"noreferrer noopener\"><\/a><a href=\"https:\/\/www.madere-leguide.com\/pointe-sao-lourenco\" target=\"_blank\" rel=\"noreferrer noopener\"><\/a>. Este caminho, banhado pelo Oceano Atl\u00e2ntico, oferece vistas panor\u00e2micas espectaculares, em contraste com a parte verde da Madeira.<a href=\"https:\/\/www.lesdecouvertesdemagalie.com\/post\/ponta-de-sao-louren%C3%A7o-%C3%A0-mad%C3%A8re\" target=\"_blank\" rel=\"noreferrer noopener\"><\/a><a href=\"https:\/\/www.madere-leguide.com\/pointe-sao-lourenco\" target=\"_blank\" rel=\"noreferrer noopener\"><\/a>.<br\/>Outra raz\u00e3o para descobrires esta parte da ilha \u00e9 a Reserva Natural da Ponta de S\u00e3o Louren\u00e7o. Abriga uma flora e uma fauna \u00fanicas. Aqui podes ver plantas raras e end\u00e9micas, bem como numerosos lagartos e aves marinhas.<a href=\"https:\/\/www.madere-leguide.com\/pointe-sao-lourenco\" target=\"_blank\" rel=\"noreferrer noopener\"><\/a><a href=\"https:\/\/visitmadeira.com\/fr\/que-faire\/explorateurs-de-la-nature\/activites\/randonnees\/pr-8-vereda-da-ponta-de-sao-lourenco\/\" target=\"_blank\" rel=\"noreferrer noopener\"><\/a>. Se tiveres sorte, podes at\u00e9 ver uma foca-monge do Mediterr\u00e2neo!<\/p>\n\n<hr class=\"wp-block-separator has-text-color has-alpha-channel-opacity has-background is-style-wide\" style=\"background-color:#000000;color:#000000\"\/>\n\n<p class=\"has-text-align-center\"><strong>Explora a Ponta de S\u00e3o Louran\u00e7o numa excurs\u00e3o guiada com partida do Funchal, Cani\u00e7o ou Machico &#8211; <a href=\"https:\/\/www.getyourguide.pt\/madere-l67\/journee-complete-dans-la-reserve-naturelle-de-ponta-de-sao-lourenco-t70025\/?partner_id=R3GYW4V&amp;cmp=madeira\" target=\"_blank\" rel=\"noreferrer noopener sponsored nofollow\">sabe mais e reserva<\/a><\/strong><\/p>\n\n<hr class=\"wp-block-separator has-text-color has-alpha-channel-opacity has-background is-style-wide\" style=\"background-color:#000000;color:#000000\"\/>\n\n<figure class=\"wp-block-image size-large\"><img decoding=\"async\" src=\"https:\/\/photos.smugmug.com\/Madeira-Lovers\/Ponta-Sao-Louranco\/Hike\/i-MtV5RCw\/0\/C2kXGsDF7q7WhdXbdJ3dPVhNZrvWrRx4cgWk8xbR7\/L\/Ponta_de_Sao_Louranco_Madeira-7130325-L.jpghttps:\/\/photos.smugmug.com\/Madeira-Lovers\/Ponta-Sao-Louranco\/Hike\/i-Mg3b7p6\/0\/DbLCH59qSJ5hRRnm5BhgwkKMp5TR2RVr4G5xHCdjN\/L\/Ponta_de_Sao_Louranco_Madeira-7130303-L.jpg\" alt=\"Ponta de S&#xE3;o Louran&#xE7;o - PR8\"\/><\/figure>\n\n<h3 class=\"wp-block-heading\">Dicas \u00fateis<\/h3>\n\n<ul class=\"wp-block-list\">\n<li><strong>Localiza\u00e7\u00e3o<\/strong>: no extremo oriental da ilha, perto do <a href=\"https:\/\/madeiralovers.com\/pt-pt\/visitar-aldeia-canical-o-que-fazer\/\" target=\"_blank\" rel=\"noreferrer noopener\">Cani\u00e7al<\/a>.<br\/>Do Funchal: 40min de carro  <br\/>Do Porto da Cruz: 25min<\/li>\n\n\n\n<li><strong>Acesso<\/strong>: O acesso ao in\u00edcio do percurso \u00e9 f\u00e1cil atrav\u00e9s de uma estrada asfaltada.<\/li>\n\n\n\n<li><strong>Abertura do trilho:<\/strong> verifique a acessibilidade do percurso antes de vir <a href=\"https:\/\/visitmadeira.com\/en\/what-to-do\/nature-seekers\/activities\/hiking\/pr-8-vereda-da-ponta-de-sao-lourenco\/\" target=\"_blank\" rel=\"noreferrer noopener nofollow\">aqui<\/a>.<\/li>\n\n\n\n<li><strong>Taxa de acesso:<\/strong> n\u00e3o se esque\u00e7a de pagar a taxa de entrada para aceder ao percurso <a href=\"https:\/\/simplifica.madeira.gov.pt\/services\/78-82-259\" target=\"_blank\" rel=\"noreferrer noopener nofollow\">aqui<\/a>.<\/li>\n\n\n\n<li><strong>Tipo de percurso<\/strong>: ida e volta<\/li>\n\n\n\n<li><strong>Dura\u00e7\u00e3o<\/strong>: 6 km ida e volta, entre 3 e 4 horas de caminhada<\/li>\n\n\n\n<li><strong>Dificuldade<\/strong>: moderada. O caminho est\u00e1 bem sinalizado e \u00e9 seguro. O percurso \u00e9 pontuado por uma s\u00e9rie de subidas e descidas, que podem ser ventosas e sem sombra.<\/li>\n\n\n\n<li><strong>Melhor altura<\/strong>: recomendamos que partas de manh\u00e3 cedo para aproveitares a bela luz matinal e evitares o calor.<\/li>\n\n\n\n<li><strong>Infra-estruturas<\/strong>: Existe um grande parque de estacionamento no final da estrada que conduz \u00e0 caminhada. Em certas alturas do ano, um cami\u00e3o de comida instala-se no local e fornece casas de banho (mediante pagamento). No fim da pen\u00ednsula, h\u00e1 um restaurante chamado Sardinha.<\/li>\n<\/ul>\n\n<h2 class=\"wp-block-heading\">3. Levada das 25 Fontes &#8211; PR6 (a n\u00e3o perder)<\/h2>\n\n<figure class=\"wp-block-image size-large\"><img decoding=\"async\" src=\"https:\/\/photos.smugmug.com\/Madeira-Lovers\/Levada-25-Fontes\/PR6-Levada-25-fontes-levada-hike\/i-PvGjbQW\/1\/tGB8fNSVkXs6KS3SccBZ6WGD5HwptXwPDGzBMBGt\/L\/Rabacal_25_Fontes_walk_waterfall_Madeira-7162341-L.jpg\" alt=\"Levada das 25 Fontes - PR6\"\/><\/figure>\n\n<h3 class=\"wp-block-heading\">Porqu\u00ea ir l\u00e1? A nossa opini\u00e3o<\/h3>\n\n<p>O trilho PR6, tamb\u00e9m conhecido como a caminhada da Levada das 25 Fontes, \u00e9 um dos pontos de visita obrigat\u00f3ria na Madeira! Ach\u00e1mos esta caminhada de cortar a respira\u00e7\u00e3o. De facto, \u00e9 um dos passeios mais bonitos da ilha! Eis o que podes esperar:<\/p>\n\n<ul class=\"wp-block-list\">\n<li>Entrar\u00e1s num vale luxuriante<\/li>\n\n\n\n<li>Viajar\u00e1s ao longo de uma levada, os famosos canais de irriga\u00e7\u00e3o tradicionais.<\/li>\n\n\n\n<li>Ficar\u00e1s maravilhado com as \u00e1rvores espl\u00eandidas e a vegeta\u00e7\u00e3o luxuriante.<\/li>\n\n\n\n<li>Aconselhamos-te a fazer uma pausa em frente \u00e0 cascata das 25 Fontes, onde a \u00e1gua jorra das rochas.<\/li>\n\n\n\n<li>Os mais aventureiros podem continuar at\u00e9 \u00e0 majestosa cascata do Risco.<\/li>\n<\/ul>\n\n<p>Ador\u00e1mos esta caminhada, que oferece uma imers\u00e3o total na beleza natural da ilha. Para saberes mais, l\u00ea o nosso artigo sobre a <a href=\"https:\/\/madeiralovers.com\/pt-pt\/caminhada-levada-25-fontes-madeira\/\" target=\"_blank\" rel=\"noreferrer noopener\">caminhada da Levada das 25 Fontes<\/a>.<\/p>\n\n<figure class=\"wp-block-image size-large\"><img decoding=\"async\" src=\"https:\/\/photos.smugmug.com\/Madeira-Lovers\/Levada-25-Fontes\/PR6-Levada-25-fontes-levada-hike\/i-dShjgVz\/1\/FFf5vbgkDR95dfRmN77JdxV5xMZptFVFR757nGwv5\/L\/Rabacal_25_Fontes_walk_waterfall_Madeira-7162266-L.jpg\" alt=\"Levada das 25 Fontes - PR6\"\/><\/figure>\n\n<h3 class=\"wp-block-heading\">Dicas \u00fateis<\/h3>\n\n<ul class=\"wp-block-list\">\n<li><strong>Localiza\u00e7\u00e3o<\/strong>: a oeste da ilha, no planalto do Paul da Serra.<br\/>Do Funchal: 50min de carro.  <br\/>Da praia da Calheta: 20min de carro  <br\/>Da Ribeira Brava: 40min<\/li>\n\n\n\n<li><strong>Acesso<\/strong>: A partida oficial \u00e9 dada na <strong>Maison Raba\u00e7al,<\/strong> no fundo do vale. Ter\u00e1s de estacionar no parque <strong>de estacionamento do Raba\u00e7al<\/strong>. Est\u00e1 dispon\u00edvel um autocarro (mediante pagamento) para te levar nos 2 km entre o parque de estacionamento e a partida. N\u00e3o \u00e9 poss\u00edvel chegar l\u00e1 atrav\u00e9s de transportes p\u00fablicos.<\/li>\n\n\n\n<li><strong>Abertura do trilho:<\/strong> verifique a acessibilidade do percurso antes de vir <a href=\"https:\/\/visitmadeira.com\/en\/what-to-do\/nature-seekers\/activities\/hiking\/pr-6-levada-das-25-fontes\/\" target=\"_blank\" rel=\"noreferrer noopener nofollow\">aqui<\/a>.<\/li>\n\n\n\n<li><strong>Taxa de acesso:<\/strong> n\u00e3o se esque\u00e7a de pagar a taxa de entrada para aceder ao percurso <a href=\"https:\/\/simplifica.madeira.gov.pt\/services\/78-82-259\" target=\"_blank\" rel=\"noreferrer noopener nofollow\">aqui<\/a>.<\/li>\n\n\n\n<li><strong>Tipo de percurso<\/strong>: ida e volta.<\/li>\n\n\n\n<li><strong>Dura\u00e7\u00e3o<\/strong>: Entre 5 e 11 km e entre 3 e 5 horas, consoante o teu ponto de partida (parque de estacionamento ou partida oficial). + 1,5 km ida e volta se continuar at\u00e9 \u00e0 <a href=\"https:\/\/madeiralovers.com\/pt-pt\/caminhada-levada-risco-madeira\/\" type=\"post\" id=\"6492\" target=\"_blank\" rel=\"noreferrer noopener\">Cascata do Risco<\/a>.<\/li>\n\n\n\n<li><strong>Dificuldade<\/strong>: este percurso \u00e9 de dificuldade <strong>moderada<\/strong>. N\u00e3o h\u00e1 obst\u00e1culos especiais ao longo do caminho, para al\u00e9m de alguns degraus.<\/li>\n\n\n\n<li><strong>Melhor altura<\/strong>: Como este passeio \u00e9 muito popular na ilha, recomendamos que v\u00e1s de manh\u00e3 cedo ou ao fim da tarde para o nascer ou p\u00f4r do sol.<\/li>\n\n\n\n<li><strong>Infra-estruturas<\/strong>: Existe um snack-bar e casas de banho no ponto de partida, mas nada mais ao longo do percurso.<\/li>\n<\/ul>\n\n<hr class=\"wp-block-separator has-text-color has-alpha-channel-opacity has-background is-style-wide\" style=\"background-color:#000000;color:#000000\"\/>\n\n<p class=\"has-text-align-center\"><strong>Deixa-te guiar pelo trilho da Levada das 25 Fontes numa excurs\u00e3o para pequenos grupos &#8211; <a href=\"https:\/\/www.getyourguide.pt\/madere-l67\/rabacal-25-fontes-randonnee-en-petit-groupe-t200377\/?partner_id=R3GYW4V&amp;cmp=madeira\" target=\"_blank\" rel=\"noreferrer noopener\">Mais informa\u00e7\u00f5es e reserva<\/a><\/strong><\/p>\n\n<hr class=\"wp-block-separator has-text-color has-alpha-channel-opacity has-background is-style-wide\" style=\"background-color:#000000;color:#000000\"\/>\n\n<div style=\"margin-top:8%;margin-bottom:8%\" class=\"wp-block-genesis-blocks-gb-container box gb-block-container\"><div class=\"gb-container-inside\"><div class=\"gb-container-content\">\n<div class=\"wp-block-columns inverse box_planif is-layout-flex wp-container-core-columns-is-layout-9d6595d7 wp-block-columns-is-layout-flex\">\n<div class=\"wp-block-column texte_planif is-layout-flow wp-block-column-is-layout-flow\" style=\"flex-basis:58%\">\n<h5 class=\"titre_box\">O NOSSO CONSELHO PARA ALUGAR O SEU CARRO EM <span class=\"titre_box_manuscrit\">\nMadeira<\/span><\/h5>\n\n\n\n<ul style=\"font-size:14px\" class=\"liste_voiture wp-block-list\">\n<li>Compare os pre\u00e7os na nossa plataforma preferida: <a href=\"https:\/\/www.discovercars.com\/pt\/portugal\/madeira?a_aid=zigzag&amp;chan=madeira\" target=\"_blank\" rel=\"noreferrer noopener sponsored nofollow\">DiscoverCars<\/a> &#8211; um dos s\u00edtios mais bem classificados.<\/li>\n\n\n\n<li>Leve um carro com um bom motor para estradas inclinadas, mas n\u00e3o demasiado grande para manobrar.<\/li>\n\n\n\n<li>H\u00e1 muita procura e poucos carros, por isso, <strong>reserve com<\/strong> anteced\u00eancia.<\/li>\n<\/ul>\n<\/div>\n\n\n\n<div class=\"wp-block-column planif-radius-3 is-layout-flow wp-block-column-is-layout-flow\" style=\"flex-basis:42%\">\n<figure class=\"wp-block-image size-large is-resized\"><img decoding=\"async\" src=\"https:\/\/photos.smugmug.com\/Travel\/Madeira\/2i-Miadouro\/i-j86nfB5\/2\/DRCCwrZmGLt2TxcQqRkkLrm3JR55K3NLchGxDNsx6\/S\/driving_Madeira-7130748-S.jpg\" alt=\"Aluguer de autom&#xF3;veis em Madeira\" title=\"\"\/><\/figure>\n<\/div>\n<\/div>\n\n\n\n<div class=\"wp-block-columns planif_bouton is-layout-flex wp-container-core-columns-is-layout-9d6595d7 wp-block-columns-is-layout-flex\">\n<div class=\"wp-block-column is-layout-flow wp-block-column-is-layout-flow\" style=\"flex-basis:50%\">\n<div class=\"wp-block-buttons is-content-justification-center is-layout-flex wp-container-core-buttons-is-layout-16018d1d wp-block-buttons-is-layout-flex\">\n<div class=\"wp-block-button has-custom-font-size\" style=\"font-size:14px\"><a class=\"wp-block-button__link has-white-color has-text-color wp-element-button\" href=\"https:\/\/www.discovercars.com\/pt\/portugal\/madeira?a_aid=zigzag&amp;amp;chan=madeira\" style=\"border-radius:4px\" target=\"_blank\" rel=\"noreferrer noopener\">Ver os carros &gt;&gt;<\/a><\/div>\n<\/div>\n<\/div>\n\n\n\n<div class=\"wp-block-column is-vertically-aligned-center is-layout-flow wp-block-column-is-layout-flow\" style=\"flex-basis:50%\">\n<p class=\"has-text-align-center\" style=\"font-size:14px\"><strong><a href=\"https:\/\/madeiralovers.com\/pt-pt\/como-alugar-carro-madeira-dicas-experiencia\/\" target=\"_blank\" rel=\"noreferrer noopener\">Ver os nossos conselhos<\/a><\/strong><\/p>\n<\/div>\n<\/div>\n<\/div><\/div><\/div>\n\n<h2 class=\"wp-block-heading\">4. Verada dos Balcoes &#8211; PR11 (curto, f\u00e1cil e verde)<\/h2>\n\n<figure class=\"wp-block-image size-large\"><img decoding=\"async\" src=\"https:\/\/photos.smugmug.com\/Madeira-Lovers\/Ribeiro-Frio\/Verada-dos-Balcoes\/i-krTpqWb\/1\/FWh5SJ3TBjjv4pMMhtnRCfMXp4fJsFWwPnTwstKhW\/L\/Verada_dos_Balcoes_Madeira-9563-L.jpg\" alt=\"Verada dos Balcoes - PR11\"\/><\/figure>\n\n<h3 class=\"wp-block-heading\">Porqu\u00ea ir l\u00e1? A nossa opini\u00e3o<\/h3>\n\n<p>Este passeio, ao contr\u00e1rio dos outros mencionados no artigo, \u00e9 apenas parcialmente ao longo de uma levada. N\u00e3o tem nada a invejar-lhes e \u00e9 mesmo um dos nossos passeios preferidos na Madeira! Recomendamos vivamente este passeio tranquilo, sobretudo no in\u00edcio da tua estadia! De facto, ach\u00e1mos que era uma introdu\u00e7\u00e3o perfeita \u00e0 Ilha da Madeira e aos seus tesouros. Descobrir\u00e1s<\/p>\n\n<ul class=\"wp-block-list\">\n<li>A fauna e a flora exuberantes da Madeira<\/li>\n\n\n\n<li>vistas deslumbrantes sobre o vale verdejante, o mar e os picos das montanhas<\/li>\n\n\n\n<li>a Levada, o canal de irriga\u00e7\u00e3o t\u00edpico da ilha, constru\u00eddo no s\u00e9culo XVI<\/li>\n<\/ul>\n\n<p>Para saber mais, leia <a href=\"https:\/\/madeiralovers.com\/pt-pt\/caminhada-pr11-verada-balcoes-madeira\/\" type=\"post\" id=\"5929\" target=\"_blank\" rel=\"noreferrer noopener\">o nosso artigo sobre o passeio da Verada dos Balc\u00f5es<\/a>.<\/p>\n\n<figure class=\"wp-block-image size-large\"><img decoding=\"async\" src=\"https:\/\/photos.smugmug.com\/Madeira-Lovers\/Ribeiro-Frio\/Verada-dos-Balcoes\/i-bfRdPNv\/1\/CqKftdZZrL7Fk8r8zHp3FMKW4TPTnVnt5xrKh2j5H\/L\/Verada_dos_Balcoes_Madeira-7225224-L.jpg\" alt=\"Verada dos Balcoes - PR11\"\/><\/figure>\n\n<h3 class=\"wp-block-heading\">Dicas \u00fateis<\/h3>\n\n<ul class=\"wp-block-list\">\n<li><strong>Localiza\u00e7\u00e3o<\/strong>: centro-leste da ilha, perto do Ribeiro Frio.<br\/>Do Funchal: 40min de carro  <br\/>Do Porto da Cruz: 25min<\/li>\n\n\n\n<li><strong>Acesso<\/strong>: O ponto de partida situa-se ao longo da estrada de montanha ER103. N\u00e3o existe um parque de estacionamento espec\u00edfico. O Ribeiro Frio pode ser alcan\u00e7ado atrav\u00e9s de transportes p\u00fablicos.<\/li>\n\n\n\n<li><strong>Abertura do trilho:<\/strong> verifique a acessibilidade do percurso antes de vir <a href=\"https:\/\/visitmadeira.com\/en\/what-to-do\/nature-seekers\/activities\/hiking\/pr-11-vereda-dos-balcoes\/\" target=\"_blank\" rel=\"noreferrer noopener nofollow\">aqui<\/a>.<\/li>\n\n\n\n<li><strong>Taxa de acesso:<\/strong> n\u00e3o se esque\u00e7a de pagar a taxa de entrada para aceder ao percurso <a href=\"https:\/\/simplifica.madeira.gov.pt\/services\/78-82-259\" target=\"_blank\" rel=\"noreferrer noopener nofollow\">aqui<\/a>.<\/li>\n\n\n\n<li><strong>Tipo de percurso<\/strong>: ida e volta.<\/li>\n\n\n\n<li><strong>Dura\u00e7\u00e3o<\/strong>: 3 km e cerca de 1 hora de ida e volta.<\/li>\n\n\n\n<li><strong>Dificuldade<\/strong>: este percurso \u00e9 <strong>f\u00e1cil<\/strong>. \u00c9 simplesmente plano.<\/li>\n\n\n\n<li><strong>Melhor momento<\/strong>: N\u00e3o importa. No entanto, dado que n\u00e3o existe um parque de estacionamento espec\u00edfico e, por conseguinte, h\u00e1 poucos lugares de estacionamento, chegar cedo ou ao fim do dia facilitar-te-\u00e1 a vida.<\/li>\n\n\n\n<li><strong>Infra-estruturas<\/strong>: No Ribeiro Frio h\u00e1 restaurantes e outras lojas e um caf\u00e9 com casas de banho e um belo miradouro a meio do percurso.<\/li>\n<\/ul>\n\n<h2 class=\"wp-block-heading\">5. Levada do Caldeir\u00e3o Verde &#8211; PR9 (magn\u00edfica e refrescante)<\/h2>\n\n<figure class=\"wp-block-image size-large\"><img decoding=\"async\" src=\"https:\/\/photos.smugmug.com\/Madeira-Lovers\/Levada-Caldeira-Verde\/PR9-hike-Levada-Caldeirao-Verde-waterfall\/i-KpPT6Xs\/1\/D3ZFZVTStV8wgrN3zNtDqPVj5TWdxWqhF9V2gz5GJ\/L\/Levada_Caldeirao_verde_hike_Madeira-7240637-L.jpg\" alt=\"Levada do Caldeirao Verde - PR9\"\/><\/figure>\n\n<h3 class=\"wp-block-heading\">Porqu\u00ea visitar? A nossa opini\u00e3o<\/h3>\n\n<p>A Levada do Caldeir\u00e3o Verde (PR9) \u00e9 outro dos melhores passeios da Madeira. Ador\u00e1mos o seu cen\u00e1rio verdejante, onde podes observar a exuberante flora end\u00e9mica que reveste o caminho. O caminho leva-te at\u00e9 \u00e0 cascata do Caldeir\u00e3o Verde. Esta caminhada est\u00e1 longe de ser aborrecida; o percurso \u00e9 pontuado por 5 t\u00faneis escondidos entre as rochas h\u00famidas e a vegeta\u00e7\u00e3o. Se quiseres, podes ainda completar esta explora\u00e7\u00e3o com uma volta \u00e0 bela cascata do Caldeir\u00e3o do Inferno. Para saberes mais, l\u00ea o nosso artigo sobre a Levada do Caldeir\u00e3o Verde.<br\/><br\/>Em suma, recomendamos este passeio, que te levar\u00e1 a outro mundo durante algumas horas. <strong>Se n\u00e3o tiveres carro ou quiseres caminhar em grupo, opta por uma <a href=\"https:\/\/www.getyourguide.pt\/madere-l67\/caldeirao-verde-promenade-levada-t31699\/?partner_id=R3GYW4V&amp;cmp=madeira\" target=\"_blank\" rel=\"noreferrer noopener sponsored nofollow\">visita guiada de meio dia<\/a>!<\/strong><\/p>\n\n<figure class=\"wp-block-image size-large\"><img decoding=\"async\" src=\"https:\/\/photos.smugmug.com\/Madeira-Lovers\/Levada-Caldeira-Verde\/PR9-hike-Levada-Caldeirao-Verde-waterfall\/i-t8TRSct\/1\/FVzMzHJz6PpCbMnxTPRT6TDZB3VhczwtQBjrPjq9f\/L\/Levada_Caldeirao_verde_hike_Madeira-7240734-L.jpg\" alt=\"Levada do Caldeirao Verde - PR9\"\/><\/figure>\n\n<h3 class=\"wp-block-heading\">Dicas \u00fateis<\/h3>\n\n<ul class=\"wp-block-list\">\n<li><strong>Localiza\u00e7\u00e3o<\/strong>: Norte da ilha, perto de Santana, no Parque Florestal de Quiemadas.<br\/>Do Funchal ou de S\u00e3o Vicente, cerca de 40 minutos de carro.  <br\/>Do Porto da Cruz: 20min<\/li>\n\n\n\n<li><strong>Acesso<\/strong>: O percurso come\u00e7a no parque de estacionamento. N\u00e3o \u00e9 poss\u00edvel chegar l\u00e1 atrav\u00e9s de transportes p\u00fablicos.<\/li>\n\n\n\n<li><strong>Abertura do trilho:<\/strong> verifique a acessibilidade do percurso antes de vir <a href=\"https:\/\/visitmadeira.com\/en\/what-to-do\/nature-seekers\/activities\/hiking\/pr-9-levada-do-caldeirao-verde\/\" target=\"_blank\" rel=\"noreferrer noopener nofollow\">aqui<\/a>.<\/li>\n\n\n\n<li><strong>Taxa de acesso:<\/strong> n\u00e3o se esque\u00e7a de pagar a taxa de entrada para aceder ao percurso <a href=\"https:\/\/simplifica.madeira.gov.pt\/services\/78-82-259\" target=\"_blank\" rel=\"noreferrer noopener nofollow\">aqui<\/a>.<\/li>\n\n\n\n<li><strong>Tipo de percurso<\/strong>: ida e volta.<\/li>\n\n\n\n<li><strong>Dura\u00e7\u00e3o<\/strong>: 13 km e cerca de 5h30 de ida e volta. Acrescenta mais 4,5 km e cerca de 2 horas de viagem de ida e volta se quiseres continuar at\u00e9 \u00e0 cascata do Caldeir\u00e3o do Inferno.<\/li>\n\n\n\n<li><strong>Dificuldade<\/strong>: este percurso \u00e9 <strong>f\u00e1cil<\/strong>. O percurso \u00e9 plano e por vezes estreito, com alguns degraus e escadas, e os t\u00faneis podem ser escuros.<\/li>\n\n\n\n<li><strong>Melhor altura<\/strong>: este passeio \u00e9 muito popular na ilha, por isso recomendamos que v\u00e1s de manh\u00e3 cedo ou ao fim da tarde.<\/li>\n\n\n\n<li><strong>Equipamento e instala\u00e7\u00f5es<\/strong>: traz um mackintosh e uma lanterna. H\u00e1 um caf\u00e9 e casas de banho no ponto de partida, mas depois disso n\u00e3o encontrar\u00e1s nada ao longo do caminho.<\/li>\n<\/ul>\n\n<p>Descobre mais no <a href=\"https:\/\/madeiralovers.com\/pt-pt\/caminhada-levada-caldeira-verde-madeira\/\" target=\"_blank\" rel=\"noreferrer noopener\">nosso artigo dedicado<\/a>!<\/p>\n\n<div style=\"background-color:#fefefe;margin-top:6%;margin-bottom:6%\" class=\"wp-block-genesis-blocks-gb-container box gb-block-container\"><div class=\"gb-container-inside\"><div class=\"gb-container-content\" style=\"max-width:700px\">\n<div class=\"wp-block-columns inverse is-layout-flex wp-container-core-columns-is-layout-9d6595d7 wp-block-columns-is-layout-flex\">\n<div class=\"wp-block-column texte_planif is-layout-flow wp-block-column-is-layout-flow\" style=\"flex-basis:58%\">\n<h5 class=\"titre_box\">O NOSSO GUIA PARA PLANEAR UMA VIAGEM DE <span class=\"titre_box_manuscrit\">Sonho<\/span><\/h5>\n\n\n\n<ul class=\"wp-block-list\">\n<li>7 mapas para facilitar o planeamento<\/li>\n\n\n\n<li>+ 120 locais pr\u00e9-seleccionados  <\/li>\n\n\n\n<li>Conselhos pr\u00e1ticos  <\/li>\n\n\n\n<li>+ 260 fotografias para o ajudar a escolher<\/li>\n<\/ul>\n\n\n\n<div class=\"wp-block-buttons is-layout-flex wp-block-buttons-is-layout-flex\">\n<div class=\"wp-block-button\"><a class=\"wp-block-button__link has-theme-primary-background-color has-background wp-element-button\" href=\"https:\/\/madeiralovers.com\/pt-pt\/ebook-guia-viagem-madeira\/\">Descobre mais &gt;&gt;<\/a><\/div>\n<\/div>\n<\/div>\n\n\n\n<div class=\"wp-block-column is-layout-flow wp-block-column-is-layout-flow\" style=\"flex-basis:42%\">\n<div class=\"wp-block-genesis-blocks-gb-container ebook-radius-waitlist gb-block-container\"><div class=\"gb-container-inside\"><div class=\"gb-container-content\"><div class=\"wp-block-image ebook-image\">\n<figure class=\"aligncenter size-full\"><img decoding=\"async\" src=\"https:\/\/madeiralovers.com\/wp-content\/uploads\/2024\/06\/Med-Madeira-Travel-Guide-ebook-cover-5.jpg\" alt=\"guia-viagem-Madere-livro-capa-m&#xE9;dia\" class=\"wp-image-2412\"\/><\/figure>\n<\/div><\/div><\/div><\/div>\n<\/div>\n<\/div>\n<\/div><\/div><\/div>\n\n<h2 class=\"wp-block-heading\">6. Verada do Pico Ruivo &#8211; PR1.2 (vista deslumbrante)<\/h2>\n\n<figure class=\"wp-block-image size-large\"><img decoding=\"async\" src=\"https:\/\/photos.smugmug.com\/Madeira-Lovers\/Pico-Ruivo\/Pico-Ruivo-views\/i-DjRpRFD\/1\/CTtNTwXcQgTJfwLfBz2R9bXVfvsgJmFXjfwPmvthQ\/L\/Pico_Ruivo_viewpoint_Madeira-7235842-L.jpg\" alt=\"Verada do Pico Ruivo - PR1.2\"\/><\/figure>\n\n<h3 class=\"wp-block-heading\">Porqu\u00ea ir l\u00e1? A nossa opini\u00e3o<\/h3>\n\n<p>A caminhada da Vereda do Pico Ruivo (PR1.2) \u00e9 um dos percursos mais emblem\u00e1ticos da Madeira! Conduz a um dos pontos mais altos da ilha: o Pico Ruivo, que culmina a 1862m. Recomendamos vivamente este passeio, que te vai encher os olhos de admira\u00e7\u00e3o. Fic\u00e1mos maravilhados com as vistas deslumbrantes sobre as montanhas e os vales. Dependendo do tempo, podes admirar as nuvens que lambem os cumes das montanhas e se estendem at\u00e9 onde a vista alcan\u00e7a. Um espet\u00e1culo extraordin\u00e1rio que teve um impacto real na nossa viagem.<\/p>\n\n<p class=\"has-text-align-center\"><strong>Porque n\u00e3o opta por uma caminhada guiada ao nascer do sol no Pico Ruivo,<\/strong> <strong>com recolha no hotel? <a href=\"https:\/\/www.getyourguide.pt\/madere-l67\/madere-randonnee-guidee-au-lever-du-soleil-au-pico-ruivo-avec-ramassage-a-l-hotel-t434059\/?partner_id=R3GYW4V&amp;cmp=madeira\" target=\"_blank\" rel=\"noreferrer noopener sponsored nofollow\">Para mais informa\u00e7\u00f5es<\/a><\/strong><\/p>\n\n<figure class=\"wp-block-image size-large\"><img decoding=\"async\" src=\"https:\/\/photos.smugmug.com\/Madeira-Lovers\/Pico-Ruivo\/Pico-Ruivo-views\/i-bv4Hg6X\/1\/D3HQPCHKpKWV5XBK6S5ZBFWWnDNDZP22GtP3fLSZj\/L\/Pico_Ruivo_viewpoint_Madeira-7235821-L.jpg\" alt=\"Verada do Pico Ruivo - PR1.2\"\/><\/figure>\n\n<h3 class=\"wp-block-heading\">Dicas \u00fateis<\/h3>\n\n<ul class=\"wp-block-list\">\n<li><strong>Localiza\u00e7\u00e3o<\/strong>: no nordeste da ilha, perto de Santana.<br\/>Do <a href=\"https:\/\/madeiralovers.com\/pt-pt\/o-que-fazer-funchal-visitar\/\" target=\"_blank\" rel=\"noreferrer noopener\">Funchal<\/a> ou <a href=\"https:\/\/madeiralovers.com\/pt-pt\/o-que-fazer-porto-moniz-visitar\/\" type=\"post\" id=\"1574\" target=\"_blank\" rel=\"noreferrer noopener\">Porto Moniz<\/a>: 1 hora de carro<\/li>\n\n\n\n<li><strong>Acesso<\/strong>: O in\u00edcio \u00e9 de f\u00e1cil acesso. O percurso \u00e9 feito <em>por<\/em> uma estrada asfaltada a partir de Santana, que \u00e9 f\u00e1cil de conduzir. No final da estrada, encontra o grande parque de estacionamento da Achada do Teixeira.<\/li>\n\n\n\n<li><strong>Abertura do trilho:<\/strong> verifique a acessibilidade do percurso antes de vir <a href=\"https:\/\/visitmadeira.com\/en\/what-to-do\/nature-seekers\/activities\/hiking\/pr-12-vereda-do-pico-ruivo\/\" target=\"_blank\" rel=\"noreferrer noopener nofollow\">aqui<\/a>.<\/li>\n\n\n\n<li><strong>Taxa de acesso:<\/strong> n\u00e3o se esque\u00e7a de pagar a taxa de entrada para aceder ao percurso <a href=\"https:\/\/simplifica.madeira.gov.pt\/services\/78-82-259\" target=\"_blank\" rel=\"noreferrer noopener nofollow\">aqui<\/a>.<\/li>\n\n\n\n<li><strong>Tipo de percurso<\/strong>: ida e volta<\/li>\n\n\n\n<li><strong>Dura\u00e7\u00e3o<\/strong>: 6 km ida e volta, cerca de 3 horas de caminhada.<\/li>\n\n\n\n<li><strong>Dificuldade<\/strong>: Ach\u00e1mos todo o trilho f\u00e1cil, mas dependendo do teu n\u00edvel de aptid\u00e3o f\u00edsica, a subida final para o cume pode ser menos f\u00e1cil. Recomendamos simplesmente que dediques algum tempo a explor\u00e1-lo. Nota que n\u00e3o h\u00e1 sombra no caminho.<\/li>\n\n\n\n<li><strong>Melhor altura<\/strong>: pensamos que a melhor altura \u00e9 ao amanhecer. Assim, podes admirar o nascer do sol e os picos rochosos acima das nuvens.<\/li>\n\n\n\n<li><strong>Servi\u00e7os<\/strong>: Encontra um restaurante no parque de estacionamento com WC pago no sop\u00e9 do Pico Ruivo, antes da subida final.<\/li>\n<\/ul>\n\n<h2 class=\"wp-block-heading\">7. Verada do Fanal &#8211; PR13 (pouco habitual)<\/h2>\n\n<figure class=\"wp-block-image size-large\"><img decoding=\"async\" src=\"https:\/\/photos.smugmug.com\/Madeira-Lovers\/Bica-da-Cana-Fanal\/Fanal-Forest\/i-wz7fS5V\/1\/C6rHQWr9bX3trM3rbxgnFrB7HSqZ9MbZwhN6tV9wG\/L\/Fanal_Forest_Madeira-7151832-L.jpg\" alt=\"Verada do Fanal - PR13\"\/><\/figure>\n\n<h3 class=\"wp-block-heading\">Porqu\u00ea visitar? A nossa opini\u00e3o<\/h3>\n\n<p>Este passeio pelo cora\u00e7\u00e3o da Floresta Laurissilva da Madeira (que inclui a Floresta do Fanal), Patrim\u00f3nio Mundial da UNESCO, \u00e9 verdadeiramente encantador! Situado a 1437 m de altitude, descobrir\u00e1s \u00e1rvores centen\u00e1rias com formas retorcidas. Por uma vez, se puderes, recomendamos-te que visites este s\u00edtio num dia de nevoeiro. A experi\u00eancia ser\u00e1 ainda mais m\u00edstica! Fic\u00e1mos a saber que esta floresta ind\u00edgena era muito comum no sul da Europa e numa grande parte da ilha. Atualmente, uma das maiores \u00e1reas remanescentes \u00e9 o planalto do Paul da Serra, na Madeira.<\/p>\n\n<p class=\"has-text-align-center\"><strong>Se n\u00e3o tiveres carro, opta por um transfer de ida e volta para explorares o For\u00eat de Fanal em grande estilo!  <a href=\"https:\/\/www.getyourguide.pt\/madere-l67\/funchal-transfert-aller-retour-dans-la-foret-de-fanal-t557573\/?partner_id=R3GYW4V&amp;cmp=madeira\" target=\"_blank\" rel=\"noreferrer noopener sponsored nofollow\">Ver pre\u00e7os e reservar<\/a><\/strong><\/p>\n\n<figure class=\"wp-block-image size-large\"><img decoding=\"async\" src=\"https:\/\/photos.smugmug.com\/Madeira-Lovers\/Bica-da-Cana-Fanal\/Fanal-Forest\/i-pmRQ9sq\/1\/9dhKgfZ2R6g6V85ScxkFCpvwG4W3rNd9WmmLkkPK\/L\/Fanal_Forest_Madeira-8788-L.jpg\" alt=\"Verada do Fanal - PR13\"\/><\/figure>\n\n<h3 class=\"wp-block-heading\">Dicas \u00fateis<\/h3>\n\n<ul class=\"wp-block-list\">\n<li><strong>Localiza\u00e7\u00e3o<\/strong>: no centro da ilha, perto do Arco da Calheta.<br\/>Do Funchal: 1 hora de carro  <br\/>De <a href=\"https:\/\/madeiralovers.com\/pt-pt\/o-que-fazer-porto-moniz-visitar\/\" target=\"_blank\" rel=\"noreferrer noopener\">Porto Moniz<\/a>: 30min<\/li>\n\n\n\n<li><strong>Acesso<\/strong>: para chegar \u00e0 Foret de Fanal, segue a estrada 209, no fim da qual se encontra um grande parque de estacionamento e o in\u00edcio do percurso.<\/li>\n\n\n\n<li><strong>Abertura do trilho:<\/strong> verifique a acessibilidade do percurso antes de vir <a href=\"https:\/\/visitmadeira.com\/en\/what-to-do\/nature-seekers\/activities\/hiking\/pr-13-vereda-do-fanal\/\" target=\"_blank\" rel=\"noreferrer noopener nofollow\">aqui<\/a>.<\/li>\n\n\n\n<li><strong>Taxa de acesso:<\/strong> n\u00e3o se esque\u00e7a de pagar a taxa de entrada para aceder ao percurso <a href=\"https:\/\/simplifica.madeira.gov.pt\/services\/78-82-259\" target=\"_blank\" rel=\"noreferrer noopener nofollow\">aqui<\/a>.<\/li>\n\n\n\n<li><strong>Tipo de percurso<\/strong>: ida e volta. No entanto, se quiseres, podes apanhar um t\u00e1xi apenas para a viagem de ida.<\/li>\n\n\n\n<li><strong>Dura\u00e7\u00e3o<\/strong>: 20km e 5h ida e volta entre o Planalto Paulo da Serra e o Fanal.<\/li>\n\n\n\n<li><strong>Dificuldades<\/strong>: nada a assinalar para al\u00e9m de alguns passos. Este \u00e9 um passeio de n\u00edvel f\u00e1cil a moderado.<\/li>\n\n\n\n<li><strong>Melhor momento<\/strong>: Depende de ti! Se o tempo estiver bom, poder\u00e1s desfrutar de belas vistas sobre o planalto. Se a atmosfera estiver enevoada, a experi\u00eancia ser\u00e1 m\u00edstica.<\/li>\n\n\n\n<li><strong>Equipamento e instala\u00e7\u00f5es<\/strong>: Se estiveres a caminhar com nevoeiro, certifica-te de que segues o trilho usando o GPS do teu telem\u00f3vel, com a aplica\u00e7\u00e3o AllTrails, por exemplo. Com uma visibilidade reduzida, o risco de te perderes \u00e9 maior. Vimos algumas casas de banho no parque de estacionamento de For\u00eat de Fanal.<\/li>\n<\/ul>\n\n<div style=\"margin-top:8%;margin-bottom:8%\" class=\"wp-block-genesis-blocks-gb-container box gb-block-container\"><div class=\"gb-container-inside\"><div class=\"gb-container-content\">\n<div class=\"wp-block-columns inverse is-layout-flex wp-container-core-columns-is-layout-9d6595d7 wp-block-columns-is-layout-flex\">\n<div class=\"wp-block-column texte_planif is-layout-flow wp-block-column-is-layout-flow\" style=\"flex-basis:58%\">\n<h5 class=\"titre_box\">A NOSSA ACTIVIDADE FAVORITA NA <span class=\"titre_box_manuscrit\">Madeira<\/span><\/h5>\n\n\n\n<p style=\"font-size:14px\">Passeio de catamar\u00e3 para ver os golfinhos e as fal\u00e9sias gigantes da Madeira.<\/p>\n\n\n\n<p style=\"font-size:14px\"><a href=\"https:\/\/www.getyourguide.pt\/s?q=Funchal+dauphins+catamaran&amp;searchSource=8&amp;partner_id=R3GYW4V&amp;cmp=madeira\" target=\"_blank\" rel=\"noreferrer noopener sponsored nofollow\">Ver programa e disponibilidade &#8211; e reservar!<\/a><\/p>\n<\/div>\n\n\n\n<div class=\"wp-block-column ville-radius is-layout-flow wp-block-column-is-layout-flow\" style=\"flex-basis:42%\">\n<figure class=\"wp-block-image size-large is-resized img-portrait\"><img decoding=\"async\" src=\"https:\/\/photos.smugmug.com\/Travel\/Madeira\/9c-Dolphins\/i-whpFzdc\/1\/2fa5ccf1\/L\/dolphin_cruise_boat_Tour_Madeira-7204502-L.jpg\" alt=\"\" style=\"width:319px;height:303px\" title=\"\"\/><\/figure>\n<\/div>\n<\/div>\n<\/div><\/div><\/div>\n\n<h2 class=\"wp-block-heading\">8. Vereda da Ladeira &#8211; RB1 (Rota da Banana)<\/h2>\n\n<figure class=\"wp-block-image size-large\"><img decoding=\"async\" src=\"https:\/\/photos.smugmug.com\/Madeira-Lovers\/Madalena-do-Mar\/i-3dRGfHB\/1\/Dqnwnv4R99tmTKBr5JGtbjrkx6SqgFrq5bGLS7sx\/L\/Madalena_do_Mar_Madeira-9026-L.jpg\" alt=\"Rota da Banana - RB1\"\/><\/figure>\n\n<h3 class=\"wp-block-heading\">Porqu\u00ea ir l\u00e1? A nossa opini\u00e3o<\/h3>\n\n<p>Este pequeno passeio divertido d\u00e1-te a oportunidade de passar algum tempo debaixo das bananeiras. Descobrir\u00e1s como \u00e9 utilizada a famosa Levada, no sop\u00e9 das montanhas. Ador\u00e1mos o tempo que pass\u00e1mos nas planta\u00e7\u00f5es das famosas bananas doces da Madeira.<\/p>\n\n<figure class=\"wp-block-image size-large\"><img decoding=\"async\" src=\"https:\/\/photos.smugmug.com\/Madeira-Lovers\/Madalena-do-Mar\/i-X8ZbXSw\/1\/FHj7DgbPFQDKKMc3FLQ3NcM7f54pVVwMF2hmTLgVN\/L\/Madalena_do_Mar_Madeira-7162772-L.jpg\" alt=\"Rota da Banana - RB1\"\/><\/figure>\n\n<h3 class=\"wp-block-heading\">Dicas \u00fateis<\/h3>\n\n<ul class=\"wp-block-list\">\n<li><strong>Localiza\u00e7\u00e3o<\/strong>: Madalena do Mar, no sudoeste da ilha.<br\/>Da <a href=\"https:\/\/madeiralovers.com\/pt-pt\/o-que-fazer-ponta-do-sol-visitar\/\" target=\"_blank\" rel=\"noreferrer noopener\">Ponta do Sol<\/a>: menos de 10 minutos de carro<br\/>Do Funchal = 30min de carro<\/li>\n\n\n\n<li><strong>Acesso<\/strong>: O ponto de partida \u00e9 na <em>Rua do IV Centen\u00e1rio<\/em>. N\u00e3o existe um parque de estacionamento pr\u00f3prio, mas podes estacionar na aldeia. A aldeia pode ser alcan\u00e7ada atrav\u00e9s de transportes p\u00fablicos.<\/li>\n\n\n\n<li><strong>Hor\u00e1rios e custos:<\/strong> atualmente, a maioria dos percursos tem uma taxa, verifique as condi\u00e7\u00f5es junto do posto de turismo <a href=\"https:\/\/visitmadeira.com\/en\/what-to-do\/nature-seekers\/activities\/hiking\/\" target=\"_blank\" rel=\"noreferrer noopener nofollow\">aqui<\/a>.<\/li>\n\n\n\n<li><strong>Tipo de rota<\/strong>: loop.<\/li>\n\n\n\n<li><strong>Dura\u00e7\u00e3o<\/strong>: 1,9 km e entre 10 e 30 minutos, consoante as tuas prefer\u00eancias.<\/li>\n\n\n\n<li><strong>Dificuldade<\/strong>: este percurso \u00e9 <strong>muito<\/strong> <strong>f\u00e1cil<\/strong>. \u00c9 tudo plano e o caminho est\u00e1 bem sinalizado.<\/li>\n\n\n\n<li><strong>Melhor momento<\/strong>: N\u00e3o importa.<\/li>\n\n\n\n<li><strong>Infra-estruturas<\/strong>: existem caf\u00e9s e restaurantes na Madalena do Mar<\/li>\n<\/ul>\n\n<h2 class=\"wp-block-heading\">9. Verada do Larano (fal\u00e9sia, vistas fant\u00e1sticas)<\/h2>\n\n<figure class=\"wp-block-image size-large is-resized\"><img decoding=\"async\" src=\"https:\/\/photos.smugmug.com\/Madeira-Lovers\/Miradouros\/Miradouro-da-Portela\/i-qdtG2b7\/1\/FKshtrT8ftJStgZhf2MJHd8MkHxS5PNfSZfshhCKK\/L\/Miradouro_da_Portela_Madeira-7225501-L.jpg\" alt=\"Verado do Larano  \" style=\"width:701px;height:auto\"\/><figcaption class=\"wp-element-caption\">Vista da Penha de \u00c1guia Porto da Cruz a partir do Miradouro da Portela<\/figcaption><\/figure>\n\n<h3 class=\"wp-block-heading\">Porqu\u00ea ir l\u00e1? A nossa opini\u00e3o<\/h3>\n\n<p>A Vereda do Larano \u00e9 um passeio espetacular na costa leste da Madeira. Ador\u00e1mos este caminho impressionante ao longo das fal\u00e9sias \u00edngremes. Oferece vistas panor\u00e2micas deslumbrantes sobre o Oceano Atl\u00e2ntico e as paisagens costeiras da ilha. Em particular na famosa Penha de \u00c1guia. Para al\u00e9m disso, o passeio come\u00e7a ao longo de uma das famosas <a href=\"https:\/\/madeiralovers.com\/pt-pt\/melhores-levadas-madeira\/\" target=\"_blank\" rel=\"noreferrer noopener\">Levadas da Madeira<\/a>! Uma oportunidade para conheceres as vern\u00e1culas levadas da ilha.<\/p>\n\n<figure class=\"wp-block-image size-large\"><img decoding=\"async\" src=\"https:\/\/photos.smugmug.com\/Madeira-Lovers\/Miradouros\/Miradouro-da-Portela\/i-ggcwS2G\/1\/CPgFnJLjjN9FJM2PLpSXM74Jtzm4DM63JjCXWRxfn\/L\/Miradouro_da_Portela_Madeira-7225523-L.jpg\" alt=\"Verado do Larano  \"\/><figcaption class=\"wp-element-caption\">Vista da Penha de \u00c1guia Porto da Cruz a partir do Miradouro da Portela<\/figcaption><\/figure>\n\n<h3 class=\"wp-block-heading\">Dicas \u00fateis<\/h3>\n\n<ul class=\"wp-block-list\">\n<li><strong>Localiza\u00e7\u00e3o<\/strong>: no nordeste da ilha, perto do Porto da Cruz.<br\/>Do Funchal: 50min de carro e de <a href=\"https:\/\/madeiralovers.com\/pt-pt\/o-que-fazer-sao-vicente-madeira-visitar\/\" target=\"_blank\" rel=\"noreferrer noopener\">S\u00e3o Vicente<\/a>: 1h<\/li>\n\n\n\n<li><strong>Acesso<\/strong>: o percurso inicia-se perto de Machico, junto ao antigo t\u00fanel que liga Machico ao Cani\u00e7al.<a href=\"https:\/\/www.visitmachico.com\/pt\/sentir\/natureza-terra\/veredas-e-levadas\/veredas-da-boca-do-risco-e-do-larano\" target=\"_blank\" rel=\"noreferrer noopener\"><\/a><a href=\"https:\/\/walkmeguide.com\/fr\/madeira\/trail\/45\/vereda-do-larano\/\" target=\"_blank\" rel=\"noreferrer noopener\"><\/a>. Este \u00e9 o ponto de partida mais utilizado. <a href=\"https:\/\/www.journeyera.com\/vereda-do-larano-hike\/\" target=\"_blank\" rel=\"noreferrer noopener\"><\/a>Tamb\u00e9m podes come\u00e7ar a caminhada a partir do Porto da Cruz e terminar em Machico.<\/li>\n\n\n\n<li><strong>Hor\u00e1rios e custos:<\/strong> atualmente, a maioria dos percursos tem uma taxa, verifique as condi\u00e7\u00f5es junto do posto de turismo <a href=\"https:\/\/visitmadeira.com\/en\/what-to-do\/nature-seekers\/activities\/hiking\/\" target=\"_blank\" rel=\"noreferrer noopener nofollow\">aqui<\/a>.<\/li>\n\n\n\n<li><strong>Tipo de percurso<\/strong>: s\u00f3 ida do Porto da Cruz para Machico.<\/li>\n\n\n\n<li><strong>Dura\u00e7\u00e3o<\/strong>: 13 km e cerca de 4 horas.<\/li>\n\n\n\n<li><strong>Dificuldade<\/strong>: \u00e9 uma caminhada de n\u00edvel m\u00e9dio. N\u00e3o h\u00e1 dificuldades especiais para al\u00e9m de algumas subidas e descidas \u00edngremes num caminho \u00e0 beira da fal\u00e9sia.<\/li>\n\n\n\n<li><strong>Melhor altura<\/strong>: Recomendamos que caminhes no in\u00edcio ou no fim do dia para evitar o calor.<\/li>\n<\/ul>\n\n<div style=\"background-color:#fefefe;margin-top:6%;margin-bottom:6%\" class=\"wp-block-genesis-blocks-gb-container box gb-block-container\"><div class=\"gb-container-inside\"><div class=\"gb-container-content\" style=\"max-width:700px\">\n<div class=\"wp-block-columns inverse is-layout-flex wp-container-core-columns-is-layout-9d6595d7 wp-block-columns-is-layout-flex\">\n<div class=\"wp-block-column texte_planif is-layout-flow wp-block-column-is-layout-flow\" style=\"flex-basis:58%\">\n<h5 class=\"titre_box\">Receber a nossa <span class=\"titre_box_manuscrit\">newsletter<\/span><\/h5>\n\n\n\n<ul class=\"wp-block-list\">\n<li>Uma lufada de ar fresco na sua vida quotidiana nos belos destinos da Region Lovers!<\/li>\n\n\n\n<li>Uma vez por m\u00eas.<\/li>\n\n\n\n<li>Sem publicidade<\/li>\n<\/ul>\n\n\n<script>\nvar gform;gform||(document.addEventListener(\"gform_main_scripts_loaded\",function(){gform.scriptsLoaded=!0}),document.addEventListener(\"gform\/theme\/scripts_loaded\",function(){gform.themeScriptsLoaded=!0}),window.addEventListener(\"DOMContentLoaded\",function(){gform.domLoaded=!0}),gform={domLoaded:!1,scriptsLoaded:!1,themeScriptsLoaded:!1,isFormEditor:()=>\"function\"==typeof InitializeEditor,callIfLoaded:function(o){return!(!gform.domLoaded||!gform.scriptsLoaded||!gform.themeScriptsLoaded&&!gform.isFormEditor()||(gform.isFormEditor()&&console.warn(\"The use of gform.initializeOnLoaded() is deprecated in the form editor context and will be removed in Gravity Forms 3.1.\"),o(),0))},initializeOnLoaded:function(o){gform.callIfLoaded(o)||(document.addEventListener(\"gform_main_scripts_loaded\",()=>{gform.scriptsLoaded=!0,gform.callIfLoaded(o)}),document.addEventListener(\"gform\/theme\/scripts_loaded\",()=>{gform.themeScriptsLoaded=!0,gform.callIfLoaded(o)}),window.addEventListener(\"DOMContentLoaded\",()=>{gform.domLoaded=!0,gform.callIfLoaded(o)}))},hooks:{action:{},filter:{}},addAction:function(o,r,e,t){gform.addHook(\"action\",o,r,e,t)},addFilter:function(o,r,e,t){gform.addHook(\"filter\",o,r,e,t)},doAction:function(o){gform.doHook(\"action\",o,arguments)},applyFilters:function(o){return gform.doHook(\"filter\",o,arguments)},removeAction:function(o,r){gform.removeHook(\"action\",o,r)},removeFilter:function(o,r,e){gform.removeHook(\"filter\",o,r,e)},addHook:function(o,r,e,t,n){null==gform.hooks[o][r]&&(gform.hooks[o][r]=[]);var d=gform.hooks[o][r];null==n&&(n=r+\"_\"+d.length),gform.hooks[o][r].push({tag:n,callable:e,priority:t=null==t?10:t})},doHook:function(r,o,e){var t;if(e=Array.prototype.slice.call(e,1),null!=gform.hooks[r][o]&&((o=gform.hooks[r][o]).sort(function(o,r){return o.priority-r.priority}),o.forEach(function(o){\"function\"!=typeof(t=o.callable)&&(t=window[t]),\"action\"==r?t.apply(null,e):e[0]=t.apply(null,e)})),\"filter\"==r)return e[0]},removeHook:function(o,r,t,n){var e;null!=gform.hooks[o][r]&&(e=(e=gform.hooks[o][r]).filter(function(o,r,e){return!!(null!=n&&n!=o.tag||null!=t&&t!=o.priority)}),gform.hooks[o][r]=e)}});\n<\/script>\n\n                <div class='gf_browser_gecko gform_wrapper gravity-theme gform-theme--no-framework waitlist_wrapper' data-form-theme='gravity-theme' data-form-index='0' id='gform_wrapper_2' >\n                        <div class='gform_heading'>\n                            <p class='gform_description'><\/p>\n                        <\/div><form method='post' enctype='multipart\/form-data'  id='gform_2' class='waitlist' action='\/pt-pt\/wp-json\/wp\/v2\/posts\/3251' data-formid='2' novalidate> \r\n <input type='hidden' class='gforms-pum' value='{\"closepopup\":false,\"closedelay\":0,\"openpopup\":false,\"openpopup_id\":0}' \/>\n                        <div class='gform-body gform_body'><div id='gform_fields_2' class='gform_fields top_label form_sublabel_below description_below validation_below'><div id=\"field_2_5\" class=\"gfield gfield--type-honeypot gform_validation_container field_sublabel_below gfield--has-description field_description_below field_validation_below gfield_visibility_visible\"  ><label class='gfield_label gform-field-label' for='input_2_5'>X\/Twitter<\/label><div class='ginput_container'><input name='input_5' id='input_2_5' type='text' value='' autocomplete='new-password'\/><\/div><div class='gfield_description' id='gfield_description_2_5'>Este campo \u00e9 para efeitos de valida\u00e7\u00e3o e deve ser mantido inalterado.<\/div><\/div><div id=\"field_2_1\" class=\"gfield gfield--type-email gfield--input-type-email gfield_contains_required field_sublabel_below gfield--no-description field_description_below hidden_label field_validation_below gfield_visibility_visible\"  ><label class='gfield_label gform-field-label' for='input_2_1'>Correio eletr\u00f3nico<span class=\"gfield_required\"><span class=\"gfield_required gfield_required_text\">(Obrigat\u00f3rio)<\/span><\/span><\/label><div class='ginput_container ginput_container_email'>\n                            <input name='input_1' id='input_2_1' type='email' value='' class='large'    aria-required=\"true\" aria-invalid=\"false\"  \/>\n                        <\/div><\/div><fieldset id=\"field_2_3\" class=\"gfield gfield--type-consent gfield--type-choice gfield--input-type-consent gfield_contains_required field_sublabel_below gfield--no-description field_description_below hidden_label field_validation_below gfield_visibility_visible\"  ><legend class='gfield_label gform-field-label gfield_label_before_complex' >RGPD<span class=\"gfield_required\"><span class=\"gfield_required gfield_required_text\">(Obrigat\u00f3rio)<\/span><\/span><\/legend><div class='ginput_container ginput_container_consent'><input name='input_3.1' id='input_2_3_1' type='checkbox' value='1'   aria-required=\"true\" aria-invalid=\"false\"   \/> <label class=\"gform-field-label gform-field-label--type-inline gfield_consent_label\" for='input_2_3_1' >Sim, quero subscrever a newsletter mensal<span class=\"gfield_required gfield_required_text\">(Obrigat\u00f3rio)<\/span><\/label><input type='hidden' name='input_3.2' value='Sim, quero subscrever a newsletter mensal' class='gform_hidden' \/><input type='hidden' name='input_3.3' value='1' class='gform_hidden' \/><\/div><\/fieldset><div id=\"field_2_4\" class=\"gfield gfield--type-website gfield--input-type-website field_sublabel_below gfield--no-description field_description_below field_validation_below gfield_visibility_hidden\"  ><div class=\"admin-hidden-markup\"><i class=\"gform-icon gform-icon--hidden\" aria-hidden=\"true\" title=\"Este campo est\u00e1 escondido ao visualizar o formul\u00e1rio\"><\/i><span>Este campo est\u00e1 escondido ao visualizar o formul\u00e1rio<\/span><\/div><label class='gfield_label gform-field-label' for='input_2_4'>S\u00edtio Web<\/label><div class='ginput_container ginput_container_website'>\n                    <input name='input_4' id='input_2_4' type='url' value='https:\/\/madeiralovers.com\/pt-pt\/wp-json\/wp\/v2\/posts\/3251' class='large'    placeholder='https:\/\/'  aria-invalid=\"false\" \/>\n                <\/div><\/div><\/div><\/div>\n        <div class='gform-footer gform_footer top_label'> <input type='submit' id='gform_submit_button_2' class='gform_button button' onclick='gform.submission.handleButtonClick(this);' data-submission-type='submit' value='Inscreva-se'  \/> \n            <input type='hidden' class='gform_hidden' name='gform_submission_method' data-js='gform_submission_method_2' value='postback' \/>\n            <input type='hidden' class='gform_hidden' name='gform_theme' data-js='gform_theme_2' id='gform_theme_2' value='gravity-theme' \/>\n            <input type='hidden' class='gform_hidden' name='gform_style_settings' data-js='gform_style_settings_2' id='gform_style_settings_2' value='{&quot;theme&quot;:&quot;gravity-theme&quot;,&quot;inputPrimaryColor&quot;:&quot;#72bb20&quot;,&quot;buttonPrimaryBackgroundColor&quot;:&quot;#72bb20&quot;}' \/>\n            <input type='hidden' class='gform_hidden' name='is_submit_2' value='1' \/>\n            <input type='hidden' class='gform_hidden' name='gform_submit' value='2' \/>\n            \n            <input type='hidden' class='gform_hidden' name='gform_currency' data-currency='EUR' value='bdngxKaF08ykFjuh3ARSfVUYNCmycAuJ2ufI08nQmYjq2Bv3tIGFyuWtMZ0EOGzAMLaRYebu379wpVfqZHu3e8aoohry0\/asbgCKkT8kKQbfYhY=' \/>\n            <input type='hidden' class='gform_hidden' name='gform_unique_id' value='' \/>\n            <input type='hidden' class='gform_hidden' name='state_2' value='WyJ7XCIzLjFcIjpcImMzMjZlZjU3NGQwMWFmNjhhYTg1YTk2ODk5ZTAyYmU1XCIsXCIzLjJcIjpcIjNlYzk2ZmUxZmJlNGJkZGZhMjk5MmU1OTAyNGU3Y2FmXCIsXCIzLjNcIjpcImMzMjZlZjU3NGQwMWFmNjhhYTg1YTk2ODk5ZTAyYmU1XCJ9IiwiYTdiZjQ2YTRmODliZjg5YmYzMTVjN2UwMWJkNzYyYjMiXQ==' \/>\n            <input type='hidden' autocomplete='off' class='gform_hidden' name='gform_target_page_number_2' id='gform_target_page_number_2' value='0' \/>\n            <input type='hidden' autocomplete='off' class='gform_hidden' name='gform_source_page_number_2' id='gform_source_page_number_2' value='1' \/>\n            <input type='hidden' name='gform_field_values' value='' \/>\n            \n        <\/div>\n                        <\/form>\n                        <\/div><script>\ngform.initializeOnLoaded( function() {gformInitSpinner( 2, 'https:\/\/madeiralovers.com\/wp-content\/plugins\/gravityforms\/images\/spinner.svg', true );jQuery('#gform_ajax_frame_2').on('load',function(){var contents = jQuery(this).contents().find('*').html();var is_postback = contents.indexOf('GF_AJAX_POSTBACK') >= 0;if(!is_postback){return;}var form_content = jQuery(this).contents().find('#gform_wrapper_2');var is_confirmation = jQuery(this).contents().find('#gform_confirmation_wrapper_2').length > 0;var is_redirect = contents.indexOf('gformRedirect(){') >= 0;var is_form = form_content.length > 0 && ! is_redirect && ! is_confirmation;var mt = parseInt(jQuery('html').css('margin-top'), 10) + parseInt(jQuery('body').css('margin-top'), 10) + 100;if(is_form){jQuery('#gform_wrapper_2').html(form_content.html());if(form_content.hasClass('gform_validation_error')){jQuery('#gform_wrapper_2').addClass('gform_validation_error');} else {jQuery('#gform_wrapper_2').removeClass('gform_validation_error');}setTimeout( function() { \/* delay the scroll by 50 milliseconds to fix a bug in chrome *\/  }, 50 );if(window['gformInitDatepicker']) {gformInitDatepicker();}if(window['gformInitPriceFields']) {gformInitPriceFields();}var current_page = jQuery('#gform_source_page_number_2').val();gformInitSpinner( 2, 'https:\/\/madeiralovers.com\/wp-content\/plugins\/gravityforms\/images\/spinner.svg', true );jQuery(document).trigger('gform_page_loaded', [2, current_page]);window['gf_submitting_2'] = false;}else if(!is_redirect){var confirmation_content = jQuery(this).contents().find('.GF_AJAX_POSTBACK').html();if(!confirmation_content){confirmation_content = contents;}jQuery('#gform_wrapper_2').replaceWith(confirmation_content);jQuery(document).trigger('gform_confirmation_loaded', [2]);window['gf_submitting_2'] = false;wp.a11y.speak(jQuery('#gform_confirmation_message_2').text());}else{jQuery('#gform_2').append(contents);if(window['gformRedirect']) {gformRedirect();}}jQuery(document).trigger(\"gform_pre_post_render\", [{ formId: \"2\", currentPage: \"current_page\", abort: function() { this.preventDefault(); } }]);        if (event && event.defaultPrevented) {                return;        }        const gformWrapperDiv = document.getElementById( \"gform_wrapper_2\" );        if ( gformWrapperDiv ) {            const visibilitySpan = document.createElement( \"span\" );            visibilitySpan.id = \"gform_visibility_test_2\";            gformWrapperDiv.insertAdjacentElement( \"afterend\", visibilitySpan );        }        const visibilityTestDiv = document.getElementById( \"gform_visibility_test_2\" );        let postRenderFired = false;        function triggerPostRender() {            if ( postRenderFired ) {                return;            }            postRenderFired = true;            gform.core.triggerPostRenderEvents( 2, current_page );            if ( visibilityTestDiv ) {                visibilityTestDiv.parentNode.removeChild( visibilityTestDiv );            }        }        function debounce( func, wait, immediate ) {            var timeout;            return function() {                var context = this, args = arguments;                var later = function() {                    timeout = null;                    if ( !immediate ) func.apply( context, args );                };                var callNow = immediate && !timeout;                clearTimeout( timeout );                timeout = setTimeout( later, wait );                if ( callNow ) func.apply( context, args );            };        }        const debouncedTriggerPostRender = debounce( function() {            triggerPostRender();        }, 200 );        if ( visibilityTestDiv && visibilityTestDiv.offsetParent === null ) {            const observer = new MutationObserver( ( mutations ) => {                mutations.forEach( ( mutation ) => {                    if ( mutation.type === 'attributes' && visibilityTestDiv.offsetParent !== null ) {                        debouncedTriggerPostRender();                        observer.disconnect();                    }                });            });            observer.observe( document.body, {                attributes: true,                childList: false,                subtree: true,                attributeFilter: [ 'style', 'class' ],            });        } else {            triggerPostRender();        }    } );} );\n<\/script>\n<\/div>\n\n\n\n<div class=\"wp-block-column is-layout-flow wp-block-column-is-layout-flow\" style=\"flex-basis:42%\">\n<div class=\"wp-block-genesis-blocks-gb-container aligncenter newsletter-radius gb-block-container\"><div class=\"gb-container-inside\"><div class=\"gb-container-content\"><div class=\"wp-block-image newsletter-image\">\n<figure class=\"aligncenter size-full\"><img loading=\"lazy\" decoding=\"async\" width=\"729\" height=\"792\" src=\"https:\/\/madeiralovers.com\/wp-content\/uploads\/2024\/01\/newsletter_FR_2.webp\" alt=\"\" class=\"wp-image-222\" srcset=\"https:\/\/madeiralovers.com\/wp-content\/uploads\/2024\/01\/newsletter_FR_2.webp 729w, https:\/\/madeiralovers.com\/wp-content\/uploads\/2024\/01\/newsletter_FR_2-276x300.webp 276w\" sizes=\"auto, (max-width: 729px) 100vw, 729px\" \/><\/figure>\n<\/div><\/div><\/div><\/div>\n<\/div>\n<\/div>\n<\/div><\/div><\/div>\n\n<h2 class=\"wp-block-heading\">10. Pico Grande &#8211; PR12 (dif\u00edcil, vista de 360\u00b0)<\/h2>\n\n<figure class=\"wp-block-image size-large\"><img decoding=\"async\" src=\"https:\/\/photos.smugmug.com\/Madeira-Lovers\/Miradouros\/Miradouro-da-Encumeada\/i-rNFRPMG\/1\/J9Fqr5Tv6F63zwCwRtrTN2TQzdc2Q8wq7Hsrw74m\/L\/miradouro_da_Encumeada_Madeira-7130818-L.jpg\" alt=\"Miradouro da Encumeada\"\/><figcaption class=\"wp-element-caption\">Miradouro da Encumeada<\/figcaption><\/figure>\n\n<h3 class=\"wp-block-heading\">Porqu\u00ea visitar? A nossa opini\u00e3o<\/h3>\n\n<p>Recomendamos este percurso para descobrir o centro da ilha, depois do qual poder\u00e1s subir ao Pico Grande! Do seu cume, podes desfrutar de uma vista de 360\u00ba sobre a paisagem da Madeira.<\/p>\n\n<figure class=\"wp-block-image size-large\"><img decoding=\"async\" src=\"https:\/\/photos.smugmug.com\/Madeira-Lovers\/Miradouros\/Miradouro-da-Encumeada\/i-hbGW6sD\/1\/Dk54NjPBd58gfwW7dzFbJ5F4V32kG5xX2pKgVGs4Z\/L\/miradouro_da_Encumeada_Madeira-7130810-L.jpg\" alt=\"Miradouro da Encumeada\"\/><figcaption class=\"wp-element-caption\">Miradouro da Encumeada<\/figcaption><\/figure>\n\n<h3 class=\"wp-block-heading\">Dicas \u00fateis<\/h3>\n\n<ul class=\"wp-block-list\">\n<li><strong>Localiza\u00e7\u00e3o<\/strong>: no centro da ilha, perto de Vargem.<br\/>Do <a href=\"https:\/\/madeiralovers.com\/pt-pt\/o-que-fazer-funchal-visitar\/\" target=\"_blank\" rel=\"noreferrer noopener\">Funchal<\/a> ou <a href=\"https:\/\/madeiralovers.com\/pt-pt\/o-que-fazer-porto-moniz-visitar\/\" target=\"_blank\" rel=\"noreferrer noopener\">Porto Moniz<\/a>: aprox. 35min de carro<\/li>\n\n\n\n<li><strong>Acesso<\/strong>: o in\u00edcio \u00e9 na estrada do Pico Ruivo, no Miradouro da Encumeada. O caminho para o in\u00edcio da caminhada \u00e9 de f\u00e1cil acesso. Existe um pequeno parque de estacionamento no local.<\/li>\n\n\n\n<li><strong>Hor\u00e1rios e custos:<\/strong> atualmente, a maioria dos percursos tem uma taxa, verifique as condi\u00e7\u00f5es junto do posto de turismo <a href=\"https:\/\/visitmadeira.com\/en\/what-to-do\/nature-seekers\/activities\/hiking\/\" target=\"_blank\" rel=\"noreferrer noopener nofollow\">aqui<\/a>.<\/li>\n\n\n\n<li><strong>Tipo de percurso<\/strong>: ida e volta<\/li>\n\n\n\n<li><strong>Dura\u00e7\u00e3o<\/strong>: 15 km e cerca de 7 horas<\/li>\n\n\n\n<li><strong>Dificuldade<\/strong>: este percurso \u00e9 bastante \u00edngreme, com uma subida de cerca de 1500m.<\/li>\n\n\n\n<li><strong>Melhor altura<\/strong>: dada a dura\u00e7\u00e3o deste passeio, recomendamos que partas de manh\u00e3 cedo.<\/li>\n\n\n\n<li><strong>Infra-estruturas<\/strong>: existe um caf\u00e9\/bar junto ao Miradouro da Encumeada.<\/li>\n<\/ul>\n\n<h2 class=\"wp-block-heading\">11- Levada do Moinho &#8211; PR7 (exuberante)<\/h2>\n\n<p>Na nossa opini\u00e3o, esta caminhada pela serra \u00e9 obrigat\u00f3ria em qualquer viagem \u00e0 Madeira:<\/p>\n\n<ul class=\"wp-block-list\">\n<li>Entrar\u00e1s no cora\u00e7\u00e3o da Floresta Prim\u00e1ria Laurissilva, um ecossistema \u00fanico classificado como Patrim\u00f3nio Mundial da UNESCO.<\/li>\n\n\n\n<li>Encontrar\u00e1s as ru\u00ednas de hist\u00f3ricos moinhos de \u00e1gua ligados ao engenhoso sistema de irriga\u00e7\u00e3o ancestral das Levadas.<\/li>\n\n\n\n<li>Naturalmente, fic\u00e1mos maravilhados com a beleza da paisagem e gost\u00e1mos de observar a agricultura em socalcos.<\/li>\n\n\n\n<li>Tamb\u00e9m desfrut\u00e1mos da frescura de uma travessia em t\u00fanel.<\/li>\n\n\n\n<li>Finalmente, a Levada do Moinho n\u00e3o \u00e9 exce\u00e7\u00e3o, onde encontrar\u00e1s a cascata Nova.<\/li>\n<\/ul>\n\n<p>Para saberes mais sobre as Levadas, l\u00ea o <a href=\"https:\/\/madeiralovers.com\/pt-pt\/melhores-levadas-madeira\/\" target=\"_blank\" rel=\"noreferrer noopener\">nosso artigo dedicado \u00e0s melhores Levadas da Madeira<\/a>!<\/p>\n\n<figure class=\"wp-block-image size-large\"><img decoding=\"async\" src=\"https:\/\/photos.smugmug.com\/Madeira-Lovers\/Extra\/i-6Znw8RP\/0\/FJ3RdgqR5Wg4ZBts2GfWT9VP6sr82VcFSTdb8Csvd\/L\/Levada%20do%20Moinho%20canva-L.jpg\" alt=\"Levada do Moinho - PR7\"\/><\/figure>\n\n<ul class=\"wp-block-list\">\n<li><strong>Localiza\u00e7\u00e3o<\/strong>: no sul da ilha, perto da <a href=\"https:\/\/madeiralovers.com\/pt-pt\/o-que-fazer-ponta-do-sol-visitar\/\" target=\"_blank\" rel=\"noreferrer noopener\">Ponta do Sol<\/a>.<br\/>Do Funchal: 34min de carro e do Porto Moniz: 50min.<\/li>\n\n\n\n<li><strong>Acesso<\/strong>: O ponto de partida \u00e9 na Lombada da Ponta do Sol, junto \u00e0 igreja. N\u00e3o \u00e9 poss\u00edvel chegar l\u00e1 atrav\u00e9s de transportes p\u00fablicos.<\/li>\n\n\n\n<li><strong>Abertura do trilho:<\/strong> verifique a acessibilidade do percurso antes de vir <a href=\"https:\/\/visitmadeira.com\/en\/what-to-do\/nature-seekers\/activities\/hiking\/pr-7-levada-do-moinho\/\" target=\"_blank\" rel=\"noreferrer noopener nofollow\">aqui<\/a>.<\/li>\n\n\n\n<li><strong>Taxa de acesso:<\/strong> n\u00e3o se esque\u00e7a de pagar a taxa de entrada para aceder ao percurso <a href=\"https:\/\/simplifica.madeira.gov.pt\/services\/78-82-259\" target=\"_blank\" rel=\"noreferrer noopener nofollow\">aqui<\/a>.<\/li>\n\n\n\n<li><strong>Tipo de percurso<\/strong>: ida e volta.<\/li>\n\n\n\n<li><strong>Dura\u00e7\u00e3o<\/strong>: 8 a 10 km e cerca de 4h30 de ida e volta.<\/li>\n\n\n\n<li><strong>Dificuldade<\/strong>: este percurso \u00e9 de dificuldade <strong>moderada<\/strong>.<br\/>N\u00e3o h\u00e1 obst\u00e1culos especiais para al\u00e9m de alguns passos ao longo do caminho.<\/li>\n\n\n\n<li><strong>Melhor altura<\/strong>: este passeio \u00e9 muito popular na ilha, sobretudo entre os praticantes de trail running. Recomendamos-te que chegues de manh\u00e3 cedo ou ao fim da tarde para teres mais tranquilidade.<\/li>\n\n\n\n<li><strong>Infra-estruturas<\/strong>: existem alguns caf\u00e9s\/restaurantes na aldeia de partida, mas nada ao longo do percurso.<\/li>\n<\/ul>\n\n<hr class=\"wp-block-separator has-text-color has-alpha-channel-opacity has-background is-style-wide\" style=\"background-color:#000000;color:#000000\"\/>\n\n<p class=\"has-text-align-center\"><strong>Desfruta de tranquilidade com um transfer de ida e volta para a Levada do Moinho a partir do Funchal, Ribeira Brava ou C\u00e2mara de Lobos.  <\/strong><a href=\"https:\/\/www.getyourguide.pt\/madere-l67\/moinhos-levada-transfert-aller-retour-et-randonnee-t652041\/?partner_id=R3GYW4V&amp;cmp=madeira\" target=\"_blank\" rel=\"noreferrer noopener sponsored nofollow\">Saiba mais<\/a><\/p>\n\n<hr class=\"wp-block-separator has-text-color has-alpha-channel-opacity has-background is-style-wide\" style=\"background-color:#000000;color:#000000\"\/>\n\n<h2 class=\"wp-block-heading\">12 &#8211; Levada do Rei &#8211; PR18 (no cora\u00e7\u00e3o de uma floresta classificada pela UNESCO)<\/h2>\n\n<p>Recomendamos-te este passeio para uma viagem encantadora pela Levada do Rei! Aqui, poder\u00e1s descobrir uma floresta de loureiros classificada como Patrim\u00f3nio Mundial da UNESCO, montanhas verdejantes e uma bela cascata onde te poder\u00e1s refrescar. Podes tamb\u00e9m observar a flora e a fauna end\u00e9micas da ilha, como o Pombo Trocaz, uma esp\u00e9cie rara e protegida. Os famosos t\u00faneis das Levadas, cobertos por uma vegeta\u00e7\u00e3o luxuriante, tamb\u00e9m pontuam o teu percurso. Todos estes elementos fazem deste um dos passeios mais bonitos da ilha!<\/p>\n\n<figure class=\"wp-block-image size-large\"><img decoding=\"async\" src=\"https:\/\/photos.smugmug.com\/Madeira-Lovers\/Extra\/i-knfj4kW\/0\/CF9ppRdgmRxtVgsBJkXvNm6W6rzJ2p8Q6kMBxQqGt\/L\/Levada%20do%20Rei-L.jpg\" alt=\"Levada do Rei - PR18\"\/><\/figure>\n\n<ul class=\"wp-block-list\">\n<li><strong>Localiza\u00e7\u00e3o<\/strong>: no norte da ilha, em S\u00e3o Jorge.<br\/>Do Funchal: 55min de carro e do <a href=\"https:\/\/madeiralovers.com\/pt-pt\/o-que-fazer-porto-moniz-visitar\/\" target=\"_blank\" rel=\"noreferrer noopener\">Porto da Cruz<\/a>: 25min.<\/li>\n\n\n\n<li><strong>Acesso<\/strong>: o ponto de partida \u00e9 junto \u00e0 esta\u00e7\u00e3o de tratamento de \u00e1guas das Quebradas, em S\u00e3o Jorge. Podes l\u00e1 chegar de transportes p\u00fablicos.<\/li>\n\n\n\n<li><strong>Abertura do trilho:<\/strong> verifique a acessibilidade do percurso antes de vir <a href=\"https:\/\/visitmadeira.com\/en\/what-to-do\/nature-seekers\/activities\/hiking\/pr-18-levada-do-rei\/\" target=\"_blank\" rel=\"noreferrer noopener nofollow\">aqui<\/a>.<\/li>\n\n\n\n<li><strong>Taxa de acesso:<\/strong> n\u00e3o se esque\u00e7a de pagar a taxa de entrada para aceder ao percurso <a href=\"https:\/\/simplifica.madeira.gov.pt\/services\/78-82-259\" target=\"_blank\" rel=\"noreferrer noopener nofollow\">aqui<\/a>.<\/li>\n\n\n\n<li><strong>Tipo de percurso<\/strong>: ida e volta.<\/li>\n\n\n\n<li><strong>Dura\u00e7\u00e3o<\/strong>: 10 km e cerca de 4 horas de viagem de ida e volta.<\/li>\n\n\n\n<li><strong>Dificuldade<\/strong>: este percurso \u00e9 de dificuldade <strong>moderada<\/strong>.<\/li>\n\n\n\n<li><strong>Melhor altura<\/strong>: este passeio \u00e9 muito popular na ilha, por isso recomendamos que v\u00e1s de manh\u00e3 cedo ou ao fim da tarde.<\/li>\n\n\n\n<li><strong>Infra-estruturas<\/strong>: existem alguns caf\u00e9s\/restaurantes na aldeia de partida, mas nada ao longo do percurso.<\/li>\n<\/ul>\n\n<hr class=\"wp-block-separator has-text-color has-alpha-channel-opacity has-background is-style-wide\" style=\"background-color:#010101;color:#010101\"\/>\n\n<p class=\"has-text-align-center\"><strong>Faz uma excurs\u00e3o guiada de meio dia para descobrir a Levada do Rei!<\/strong><br\/><strong><a href=\"https:\/\/www.getyourguide.pt\/madere-l67\/madere-aventure-a-levada-do-rei-t30682\/?partner_id=R3GYW4V&amp;cmp=madeira\" target=\"_blank\" rel=\"noreferrer noopener sponsored nofollow\">Consulta o programa e a disponibilidade.<\/a><\/strong><\/p>\n\n<hr class=\"wp-block-separator has-text-color has-alpha-channel-opacity has-background is-style-wide\" style=\"background-color:#010101;color:#010101\"\/>\n\n<div style=\"background-color:#ffffff;margin-top:8%;margin-bottom:8%\" class=\"wp-block-genesis-blocks-gb-container box gb-block-container\"><div class=\"gb-container-inside\"><div class=\"gb-container-content\" style=\"max-width:700px\">\n<div class=\"wp-block-columns is-not-stacked-on-mobile texte_planif has-background is-layout-flex wp-container-core-columns-is-layout-9d6595d7 wp-block-columns-is-layout-flex\" style=\"background-color:#72ba2038\">\n<div class=\"wp-block-column img_icone is-layout-flow wp-block-column-is-layout-flow\" style=\"flex-basis:25%\"><div class=\"wp-block-image image_icone\">\n<figure class=\"aligncenter size-full is-resized\"><img loading=\"lazy\" decoding=\"async\" width=\"400\" height=\"400\" src=\"https:\/\/madeiralovers.com\/wp-content\/uploads\/2026\/01\/madeira-plane.png\" alt=\"avi&#xE3;o da madeira\" class=\"wp-image-6342\" style=\"object-fit:cover;width:100px;height:100px\" srcset=\"https:\/\/madeiralovers.com\/wp-content\/uploads\/2026\/01\/madeira-plane.png 400w, https:\/\/madeiralovers.com\/wp-content\/uploads\/2026\/01\/madeira-plane-300x300.png 300w, https:\/\/madeiralovers.com\/wp-content\/uploads\/2026\/01\/madeira-plane-150x150.png 150w, https:\/\/madeiralovers.com\/wp-content\/uploads\/2026\/01\/madeira-plane-75x75.png 75w\" sizes=\"auto, (max-width: 400px) 100vw, 400px\" \/><\/figure>\n<\/div><\/div>\n\n\n\n<div class=\"wp-block-column is-vertically-aligned-center paragraphe_une is-layout-flow wp-block-column-is-layout-flow\" style=\"flex-basis:90%\">\n<p style=\"font-size:16px\">Est\u00e1 na altura de reservar!<br\/><a href=\"https:\/\/skyscanner.pxf.io\/dONaXy\" target=\"_blank\" rel=\"noreferrer noopener sponsored nofollow\"><strong>Compare tudo:<\/strong> companhias, pre\u00e7os, hor\u00e1rios e disponibilidade.<\/a><\/p>\n<\/div>\n<\/div>\n<\/div><\/div><\/div>\n\n<h2 class=\"wp-block-heading\">Caminhadas na Madeira: as nossas dicas<\/h2>\n\n<h3 class=\"wp-block-heading\">A melhor altura para fazeres caminhadas na Madeira<\/h3>\n\n<p>Na nossa opini\u00e3o, a Madeira \u00e9 o destino perfeito para todas as esta\u00e7\u00f5es! O clima \u00e9 ameno e est\u00e1vel durante todo o ano. No inverno, as temperaturas descem ligeiramente e a precipita\u00e7\u00e3o aumenta, mas mant\u00e9m-se moderada. junho \u00e9 o m\u00eas mais seco, e o per\u00edodo de mar\u00e7o a setembro \u00e9 considerado a esta\u00e7\u00e3o seca. Os melhores meses para fazer caminhadas s\u00e3o de mar\u00e7o a junho e setembro. O inverno \u00e9 ideal para admirar as cascatas, que s\u00e3o mais abundantes em \u00e1gua. julho e agosto tamb\u00e9m s\u00e3o agrad\u00e1veis, embora os dias sejam mais quentes e os trilhos mais movimentados.<\/p>\n\n<figure class=\"wp-block-image size-large\"><img decoding=\"async\" src=\"https:\/\/photos.smugmug.com\/Madeira-Lovers\/Pico-Ruivo\/PR12-Pico-Ruivo-hike\/i-ZTHLFms\/1\/vSgqT7CLzDgcsp4JT7sp5s3CMJRfdMP2nnxw55rF\/L\/P7235551-L.jpg\" alt=\"Sol entre as nuvens na Madeira\"\/><figcaption class=\"wp-element-caption\">Sol entre as nuvens na Madeira<\/figcaption><\/figure>\n\n<h3 class=\"wp-block-heading\">Lista de verifica\u00e7\u00e3o antes de ires para os trilhos<\/h3>\n\n<p>Eis os nossos conselhos antes de partires para a tua viagem \u00e0 Madeira:<\/p>\n\n<ul class=\"wp-block-list\">\n<li>Verifica a previs\u00e3o do tempo para o teu destino. Na altitude, as condi\u00e7\u00f5es podem ser diferentes das do vale e podem mudar rapidamente.<\/li>\n\n\n\n<li>Verifica o estado dos trilhos para caminhadas. Verific\u00e1mos que certos percursos est\u00e3o por vezes encerrados devido a deslizamentos de terras, riscos de inc\u00eandio ou outros perigos. Clica <a href=\"https:\/\/ifcn.madeira.gov.pt\/atividades-de-natureza\/percursos-pedestres-recomendados\/percursos-pedestres-recomendados.html\" target=\"_blank\" rel=\"noreferrer noopener nofollow\">aqui<\/a> para te informares sobre o estado dos trilhos.<\/li>\n\n\n\n<li>Guarda o n\u00famero de um t\u00e1xi que te possa levar de volta ao teu ve\u00edculo para viagens s\u00f3 de ida.<\/li>\n<\/ul>\n\n<figure class=\"wp-block-image size-large\"><img decoding=\"async\" src=\"https:\/\/photos.smugmug.com\/Madeira-Lovers\/Pico-Ruivo\/PR12-Pico-Ruivo-hike\/i-hVhBnsQ\/1\/C8pcbk6Nr3X4jkp6FpV6hmLhjmfvv6fTQmjCXFKq2\/L\/P7235580-L.jpg\" alt=\"Percurso pedestre do Pico Ruivo - PR1\"\/><figcaption class=\"wp-element-caption\">Percurso pedestre do Pico Ruivo &#8211; PR1<\/figcaption><\/figure>\n\n<h3 class=\"wp-block-heading\">Que equipamento precisas para fazer caminhadas na Madeira?<\/h3>\n\n<p>Aqui est\u00e1 o que recomendamos que leves na mala se planeias fazer caminhadas durante a tua estadia na Madeira:<\/p>\n\n<ul class=\"wp-block-list\">\n<li>Botas de caminhada confort\u00e1veis e adaptadas ao terreno<a href=\"https:\/\/voyagista.fr\/tout-savoir-pour-randonner-a-madere\/\" target=\"_blank\" rel=\"noreferrer noopener\"><\/a><a href=\"https:\/\/walkmeguide.com\/fr\/recommended-equipment\/\" target=\"_blank\" rel=\"noreferrer noopener\"><\/a><a href=\"https:\/\/www.madere-portugal.com\/preparer-sa-valise-pour-madere\/\" target=\"_blank\" rel=\"noreferrer noopener\"><\/a>. O ch\u00e3o pode ser escorregadio em alguns s\u00edtios, por isso \u00e9 importante que te agarres bem.<\/li>\n\n\n\n<li>Vestu\u00e1rio adequado, incluindo camadas quentes, prote\u00e7\u00e3o solar e um mackintosh<a href=\"https:\/\/voyagista.fr\/tout-savoir-pour-randonner-a-madere\/\" target=\"_blank\" rel=\"noreferrer noopener\"><\/a><a href=\"https:\/\/walkmeguide.com\/fr\/recommended-equipment\/\" target=\"_blank\" rel=\"noreferrer noopener\"><\/a><a href=\"https:\/\/www.madere-portugal.com\/preparer-sa-valise-pour-madere\/\" target=\"_blank\" rel=\"noreferrer noopener\"><\/a>. O tempo na Madeira pode mudar rapidamente, por isso \u00e9 melhor estares preparado para as diferentes condi\u00e7\u00f5es meteorol\u00f3gicas.<\/li>\n\n\n\n<li>Uma lanterna de cabe\u00e7a ou uma lanterna para os t\u00faneis das levadas.<\/li>\n\n\n\n<li>O spray contra mosquitos tamb\u00e9m pode ser \u00fatil ao longo das levadas.<\/li>\n\n\n\n<li>Uma aplica\u00e7\u00e3o de caminhadas do tipo AllTrails para te manteres a par dos trilhos e evitares perder-te. Mesmo que, podes ter a certeza, todos os caminhos mencionados neste artigo estejam bem sinalizados!<\/li>\n\n\n\n<li>Um cobertor de sobreviv\u00eancia para colocares na tua mala. Trata-se de um pequeno objeto que pode ser muito \u00fatil em caso de ferimento, por exemplo.<\/li>\n<\/ul>\n\n<figure class=\"wp-block-image size-large\"><img decoding=\"async\" src=\"https:\/\/photos.smugmug.com\/Madeira-Lovers\/Levada-Caldeira-Verde\/Caldeirao-do-Inferno\/i-fB3z92Q\/1\/CZbHjn28XbDrGLNQCPwJ4ZbSxnQWZw3Gv7pTKT4rg\/L\/Caldeirao_do_Inferno_Madeira-7240956-L.jpg\" alt=\"Cascata no trilho da Levada do Caldeir&#xE3;o Verde - PR9\"\/><figcaption class=\"wp-element-caption\">Cascata no trilho <strong>da Levada do Caldeir\u00e3o Verde<\/strong> <strong>&#8211; PR9<\/strong><\/figcaption><\/figure>\n\n<div style=\"margin-top:8%;margin-bottom:8%\" class=\"wp-block-genesis-blocks-gb-container box gb-block-container\"><div class=\"gb-container-inside\"><div class=\"gb-container-content\" style=\"max-width:700px\">\n<div class=\"wp-block-genesis-blocks-gb-container box_titre gb-block-container\"><div class=\"gb-container-inside\"><div class=\"gb-container-content\">\n<h5 class=\"titre_box\">PLANEJE A SUA ESTADIA NA <span class=\"titre_box_manuscrit\">madeira<\/span><\/h5>\n<\/div><\/div><\/div>\n\n\n\n<hr class=\"wp-block-separator has-text-color has-alpha-channel-opacity has-background is-style-wide hr-box-planif\" style=\"background-color:#ccd3dd;color:#ccd3dd\"\/>\n\n\n\n<div class=\"wp-block-columns box_sans_border is-layout-flex wp-container-core-columns-is-layout-9d6595d7 wp-block-columns-is-layout-flex\">\n<div class=\"wp-block-column texte_planif is-layout-flow wp-block-column-is-layout-flow\" style=\"font-size:14px;flex-basis:60%\">\n<p class=\"option_titre2\"><strong>O melhor de<\/strong><\/p>\n\n\n\n<p style=\"font-size:16px\"><a href=\"https:\/\/madeiralovers.com\/pt-pt\/o-que-fazer-madeira-atracoes\/\">O que fazer na Madeira<\/a><br\/><a href=\"https:\/\/madeiralovers.com\/pt-pt\/melhores-miradouros-madeira\/\" target=\"_blank\" rel=\"noreferrer noopener\">Os mais belos miradouros<\/a><br\/><a href=\"https:\/\/madeiralovers.com\/pt-pt\/melhores-praias-madeira\/\" target=\"_blank\" rel=\"noreferrer noopener\">As praias mais bonitas da Madeira<\/a><br\/><a href=\"https:\/\/madeiralovers.com\/pt-pt\/melhores-jardins-madeira\/\" target=\"_blank\" rel=\"noreferrer noopener\">Os mais belos jardins<\/a><br\/><a href=\"https:\/\/madeiralovers.com\/pt-pt\/piscinas-naturais-madeira\/\" target=\"_blank\" rel=\"noreferrer noopener\">Piscinas naturais<\/a><br\/><a href=\"https:\/\/madeiralovers.com\/pt-pt\/melhores-caminhadas-madeira\/\" target=\"_blank\" rel=\"noreferrer noopener\">Os melhores passeios<\/a><br\/><a href=\"https:\/\/madeiralovers.com\/pt-pt\/estradas-mas-bonitas-madeira\/\" target=\"_blank\" rel=\"noreferrer noopener\">As estradas mais bonitas<\/a><br\/><a href=\"https:\/\/madeiralovers.com\/pt-pt\/locais-secretos-madeira\/\" target=\"_blank\" rel=\"noreferrer noopener\">Lugares secretos<\/a><\/p>\n<\/div>\n\n\n\n<div class=\"wp-block-column is-vertically-aligned-top planif-radius is-layout-flow wp-block-column-is-layout-flow\" style=\"flex-basis:40%\">\n<figure class=\"wp-block-image size-large img-portrait\"><img decoding=\"async\" src=\"https:\/\/photos.smugmug.com\/Travel\/Madeira\/13d-Rocha-do-Navio\/i-T3f6J48\/2\/d3DHMbHtwPMz7Tj9qDPmRxGpbxx5RBRCr4LrPp2c\/S\/Roacha_do_Navio_cable_car_Madeira-7241164-S.jpg\" alt=\"Rocha Navia\" title=\"\"\/><\/figure>\n<\/div>\n<\/div>\n\n\n\n<hr class=\"wp-block-separator has-text-color has-alpha-channel-opacity has-background is-style-wide hr-box-planif\" style=\"background-color:#ccd3dd;color:#ccd3dd\"\/>\n\n\n\n<div class=\"wp-block-columns box_sans_border is-layout-flex wp-container-core-columns-is-layout-9d6595d7 wp-block-columns-is-layout-flex\">\n<div class=\"wp-block-column texte_planif is-layout-flow wp-block-column-is-layout-flow\" style=\"font-size:14px;flex-basis:60%\">\n<p class=\"option_titre\"><strong>Conselhos pr\u00e1ticos<\/strong><\/p>\n\n\n\n<p style=\"font-size:16px\"><a href=\"https:\/\/madeiralovers.com\/pt-pt\/deslocar-madeira-transportes\/\" target=\"_blank\" rel=\"noreferrer noopener\">Getting around Madeira<\/a><br\/><a href=\"https:\/\/madeiralovers.com\/pt-pt\/como-alugar-carro-madeira-dicas-experiencia\/\" target=\"_blank\" rel=\"noreferrer noopener\">Alugar um carro na Madeira<\/a><br\/><a href=\"https:\/\/madeiralovers.com\/pt-pt\/conduzir-madeira-conselhos\/\" target=\"_blank\" rel=\"noreferrer noopener\">Conduzir na Madeira<\/a><\/p>\n\n\n\n<p style=\"font-size:16px\"><a href=\"https:\/\/madeiralovers.com\/pt-pt\/onde-ficar-madeira-melhores-destinos\/\" target=\"_blank\" rel=\"noreferrer noopener\">Onde ficar na Madeira<\/a><\/p>\n\n\n\n<p style=\"font-size:16px\">Itiner\u00e1rios: 3 dias &#8211; 4 dias &#8211; <a href=\"https:\/\/madeiralovers.com\/pt-pt\/visitar-madeira-5-dias-itinerario\/\" target=\"_blank\" rel=\"noreferrer noopener\">5 dias<\/a> &#8211; <a href=\"https:\/\/madeiralovers.com\/pt-pt\/visitar-madeira-6-dias-itinerario\/\" target=\"_blank\" rel=\"noreferrer noopener\">6 dias<\/a> &#8211; <a href=\"https:\/\/madeiralovers.com\/pt-pt\/visitar-madeira-uma-semana-itinerario\/\" target=\"_blank\" rel=\"noreferrer noopener\">7 dias<\/a> &#8211; <a href=\"https:\/\/madeiralovers.com\/pt-pt\/visitar-madeira-10-dias-itinerario\/\" target=\"_blank\" rel=\"noreferrer noopener\">10 dias<\/a><\/p>\n<\/div>\n\n\n\n<div class=\"wp-block-column is-vertically-aligned-top planif-radius is-layout-flow wp-block-column-is-layout-flow\" style=\"flex-basis:40%\">\n<figure class=\"wp-block-image size-large img-portrait\"><img decoding=\"async\" src=\"https:\/\/photos.smugmug.com\/Travel\/Madeira\/Driving\/i-xNmkb72\/2\/DF578h2B7Q6RbR84FZXN5v8D7vg6nLZ9dzBdrJ2rZ\/S\/driving_Madeira-7241434-S.jpg\" alt=\"Conduzir na Madeira\" title=\"\"\/><\/figure>\n<\/div>\n<\/div>\n\n\n\n<hr class=\"wp-block-separator has-text-color has-alpha-channel-opacity has-background is-style-wide hr-box-planif\" style=\"background-color:#ccd3dd;color:#ccd3dd\"\/>\n\n\n\n<div class=\"wp-block-columns box_sans_border is-layout-flex wp-container-core-columns-is-layout-9d6595d7 wp-block-columns-is-layout-flex\">\n<div class=\"wp-block-column texte_planif is-layout-flow wp-block-column-is-layout-flow\" style=\"font-size:14px;flex-basis:60%\">\n<p class=\"option_titre\"><strong>Locais a n\u00e3o perder<\/strong><\/p>\n\n\n\n<p style=\"font-size:16px\"><a href=\"https:\/\/madeiralovers.com\/pt-pt\/excursao-dolfins-madeira-baleias\/\" target=\"_blank\" rel=\"noreferrer noopener\">Observa\u00e7\u00e3o de golfinhos<\/a><br\/><a href=\"https:\/\/madeiralovers.com\/pt-pt\/o-que-fazer-funchal-visitar\/\" target=\"_blank\" rel=\"noreferrer noopener\">O que fazer no Funchal<\/a><br\/><a href=\"https:\/\/madeiralovers.com\/pt-pt\/o-que-fazer-camera-de-lobos-madeira-visitar\/\" target=\"_blank\" rel=\"noreferrer noopener\">C\u00e2mara de Lobos<\/a><br\/><a href=\"https:\/\/madeiralovers.com\/pt-pt\/o-que-fazer-ponta-do-sol-visitar\/\" target=\"_blank\" rel=\"noreferrer noopener\">Ponta do Sol<\/a><br\/><a href=\"https:\/\/madeiralovers.com\/pt-pt\/o-que-fazer-santana-madeira-visitar\/\">Santana<\/a><br\/><a href=\"https:\/\/madeiralovers.com\/pt-pt\/o-que-fazer-pico-do-arieiro-madeira\/\" target=\"_blank\" rel=\"noreferrer noopener\">Pico do Arieiro<\/a><br\/><a href=\"https:\/\/madeiralovers.com\/pt-pt\/o-que-fazer-porto-santo-visitar\/\" target=\"_blank\" rel=\"noreferrer noopener\">O que fazer em Porto Santo<\/a><\/p>\n<\/div>\n\n\n\n<div class=\"wp-block-column is-vertically-aligned-top planif-radius is-layout-flow wp-block-column-is-layout-flow\" style=\"flex-basis:40%\">\n<figure class=\"wp-block-image size-large img-portrait\"><img decoding=\"async\" src=\"https:\/\/photos.smugmug.com\/Travel\/Madeira\/6c-Camara-dos-Lobos\/i-zH7D8Tv\/2\/DpttrQSghWXj2DKMm3VHbFkhFMLsTFhS37sRFTxNz\/S\/camara_dos_Lobos_Madeira-7173015-S.jpg\" alt=\"C&#xE2;mara de Lobos\" title=\"\"\/><\/figure>\n<\/div>\n<\/div>\n<\/div><\/div><\/div>\n\n<div class=\"wp-block-genesis-blocks-gb-container box_auteur_voyage gb-block-container\"><div class=\"gb-container-inside\"><div class=\"gb-container-content\">\n<figure class=\"wp-block-image size-large img_auteur_voyage\"><a href=\"https:\/\/madeiralovers.com\/pt-pt\/claire-robinson\/\" target=\"_blank\" rel=\"noreferrer noopener\"><img decoding=\"async\" src=\"https:\/\/photos.smugmug.com\/Madeira-Lovers\/Portraits-equipe\/i-kDdMx9Z\/0\/1da5136c\/L\/regionlovers-2-bis-L.png\" alt=\"\"\/><\/a><\/figure>\n\n\n\n<h5 class=\"titre_auteur_voyage\"><span>ELA FEZ A VIAGEM \n <\/span><span class=\"titre_box_manuscrit\">Claire<\/span><\/h5>\n<\/div><\/div><\/div>\n\n<div class=\"wp-block-genesis-blocks-gb-container box_auteur_voyage gb-block-container\"><div class=\"gb-container-inside\"><div class=\"gb-container-content\">\n<figure class=\"wp-block-image size-large img_auteur_voyage img_provisoire\"><a href=\"https:\/\/madeiralovers.com\/pt-pt\/a-propos-de-morgane-mazelier\/\" target=\"_blank\" rel=\"noreferrer noopener\"><img decoding=\"async\" src=\"https:\/\/photos.smugmug.com\/Region-Lovers\/Equipe\/i-kx84ZJX\/0\/FgG3Lb9Xx2HBStC6R3PNXZZNj2Vvkx9vZBxQFL7NJ\/L\/morgane-L.jpg\" alt=\"\"\/><\/a><\/figure>\n\n\n\n<h5 class=\"titre_auteur_voyage\"><span>ESCREVEU O ARTIGO \n <\/span><span class=\"titre_box_manuscrit\">Morgane<\/span><\/h5>\n<\/div><\/div><\/div>\n","protected":false},"excerpt":{"rendered":"<p>A Madeira \u00e9 um para\u00edso para os caminhantes! Descobrimos paisagens de cortar a respira\u00e7\u00e3o. Esta ilha portuguesa oferece uma diversidade de trilhos excepcionais, desde levadas pitorescas a picos de cortar a respira\u00e7\u00e3o, costas selvagens e florestas exuberantes. Para n\u00e3o falar das suas paisagens vulc\u00e2nicas fascinantes. Quer sejas um caminhante experiente ou um caminhante ocasional, descobrimos [&hellip;]<\/p>\n","protected":false},"author":10,"featured_media":3133,"comment_status":"closed","ping_status":"closed","sticky":false,"template":"","format":"standard","meta":{"_genesis_hide_title":false,"_genesis_hide_breadcrumbs":false,"_genesis_hide_singular_image":false,"_genesis_hide_footer_widgets":false,"_genesis_custom_body_class":"","_genesis_custom_post_class":"","_genesis_layout":"","footnotes":""},"categories":[54],"tags":[],"class_list":{"0":"post-3251","1":"post","2":"type-post","3":"status-publish","4":"format-standard","5":"has-post-thumbnail","7":"category-os-locais-mais-bonitos-da-madeira","8":"entry"},"yoast_head":"<!-- This site is optimized with the Yoast SEO plugin v27.2 - https:\/\/yoast.com\/product\/yoast-seo-wordpress\/ -->\n<title>12 melhores caminhadas na Madeira (fotos + dicas)<\/title>\n<meta name=\"description\" content=\"Descobre a nossa sele\u00e7\u00e3o das melhores caminhadas na Madeira (com fotos e conselhos): Levada 25 Fontes, Pico do Arieiro...\" \/>\n<meta name=\"robots\" content=\"index, follow, max-snippet:-1, max-image-preview:large, max-video-preview:-1\" \/>\n<link rel=\"canonical\" href=\"https:\/\/madeiralovers.com\/pt-pt\/melhores-caminhadas-madeira\/\" \/>\n<meta property=\"og:locale\" content=\"pt_PT\" \/>\n<meta property=\"og:type\" content=\"article\" \/>\n<meta property=\"og:title\" content=\"12 melhores caminhadas na Madeira (fotos + dicas)\" \/>\n<meta property=\"og:description\" content=\"Descobre a nossa sele\u00e7\u00e3o das melhores caminhadas na Madeira (com fotos e conselhos): Levada 25 Fontes, Pico do Arieiro...\" \/>\n<meta property=\"og:url\" content=\"https:\/\/madeiralovers.com\/pt-pt\/melhores-caminhadas-madeira\/\" \/>\n<meta property=\"og:site_name\" content=\"Madeira Lovers\" \/>\n<meta property=\"article:published_time\" content=\"2024-06-27T17:16:52+00:00\" \/>\n<meta property=\"article:modified_time\" content=\"2026-03-19T12:55:16+00:00\" \/>\n<meta property=\"og:image\" content=\"https:\/\/madeiralovers.com\/wp-content\/uploads\/2024\/06\/melhores-caminhadas-madeira-PT.jpg\" \/>\n\t<meta property=\"og:image:width\" content=\"1067\" \/>\n\t<meta property=\"og:image:height\" content=\"800\" \/>\n\t<meta property=\"og:image:type\" content=\"image\/jpeg\" \/>\n<meta name=\"author\" content=\"Morgane\" \/>\n<meta name=\"twitter:card\" content=\"summary_large_image\" \/>\n<meta name=\"twitter:label1\" content=\"Escrito por\" \/>\n\t<meta name=\"twitter:data1\" content=\"Morgane\" \/>\n\t<meta name=\"twitter:label2\" content=\"Tempo estimado de leitura\" \/>\n\t<meta name=\"twitter:data2\" content=\"22 minutos\" \/>\n<script type=\"application\/ld+json\" class=\"yoast-schema-graph\">{\"@context\":\"https:\/\/schema.org\",\"@graph\":[{\"@type\":\"Article\",\"@id\":\"https:\/\/madeiralovers.com\/pt-pt\/melhores-caminhadas-madeira\/#article\",\"isPartOf\":{\"@id\":\"https:\/\/madeiralovers.com\/pt-pt\/melhores-caminhadas-madeira\/\"},\"author\":{\"name\":\"Morgane\",\"@id\":\"https:\/\/madeiralovers.com\/pt-pt\/#\/schema\/person\/edb87870e054656013e63fc377ad387c\"},\"headline\":\"12 melhores caminhadas na Madeira (fotos + dicas)\",\"datePublished\":\"2024-06-27T17:16:52+00:00\",\"dateModified\":\"2026-03-19T12:55:16+00:00\",\"mainEntityOfPage\":{\"@id\":\"https:\/\/madeiralovers.com\/pt-pt\/melhores-caminhadas-madeira\/\"},\"wordCount\":4369,\"publisher\":{\"@id\":\"https:\/\/madeiralovers.com\/pt-pt\/#organization\"},\"image\":{\"@id\":\"https:\/\/madeiralovers.com\/pt-pt\/melhores-caminhadas-madeira\/#primaryimage\"},\"thumbnailUrl\":\"https:\/\/madeiralovers.com\/wp-content\/uploads\/2024\/06\/melhores-caminhadas-madeira-PT.jpg\",\"articleSection\":[\"Os locais mais bonitos da Madeira\"],\"inLanguage\":\"pt-PT\"},{\"@type\":\"WebPage\",\"@id\":\"https:\/\/madeiralovers.com\/pt-pt\/melhores-caminhadas-madeira\/\",\"url\":\"https:\/\/madeiralovers.com\/pt-pt\/melhores-caminhadas-madeira\/\",\"name\":\"12 melhores caminhadas na Madeira (fotos + dicas)\",\"isPartOf\":{\"@id\":\"https:\/\/madeiralovers.com\/pt-pt\/#website\"},\"primaryImageOfPage\":{\"@id\":\"https:\/\/madeiralovers.com\/pt-pt\/melhores-caminhadas-madeira\/#primaryimage\"},\"image\":{\"@id\":\"https:\/\/madeiralovers.com\/pt-pt\/melhores-caminhadas-madeira\/#primaryimage\"},\"thumbnailUrl\":\"https:\/\/madeiralovers.com\/wp-content\/uploads\/2024\/06\/melhores-caminhadas-madeira-PT.jpg\",\"datePublished\":\"2024-06-27T17:16:52+00:00\",\"dateModified\":\"2026-03-19T12:55:16+00:00\",\"description\":\"Descobre a nossa sele\u00e7\u00e3o das melhores caminhadas na Madeira (com fotos e conselhos): Levada 25 Fontes, Pico do Arieiro...\",\"breadcrumb\":{\"@id\":\"https:\/\/madeiralovers.com\/pt-pt\/melhores-caminhadas-madeira\/#breadcrumb\"},\"inLanguage\":\"pt-PT\",\"potentialAction\":[{\"@type\":\"ReadAction\",\"target\":[\"https:\/\/madeiralovers.com\/pt-pt\/melhores-caminhadas-madeira\/\"]}]},{\"@type\":\"ImageObject\",\"inLanguage\":\"pt-PT\",\"@id\":\"https:\/\/madeiralovers.com\/pt-pt\/melhores-caminhadas-madeira\/#primaryimage\",\"url\":\"https:\/\/madeiralovers.com\/wp-content\/uploads\/2024\/06\/melhores-caminhadas-madeira-PT.jpg\",\"contentUrl\":\"https:\/\/madeiralovers.com\/wp-content\/uploads\/2024\/06\/melhores-caminhadas-madeira-PT.jpg\",\"width\":1067,\"height\":800,\"caption\":\"melhores-caminhadas-madeira\"},{\"@type\":\"BreadcrumbList\",\"@id\":\"https:\/\/madeiralovers.com\/pt-pt\/melhores-caminhadas-madeira\/#breadcrumb\",\"itemListElement\":[{\"@type\":\"ListItem\",\"position\":1,\"name\":\"Accueil\",\"item\":\"https:\/\/madeiralovers.com\/pt-pt\/\"},{\"@type\":\"ListItem\",\"position\":2,\"name\":\"Os locais mais bonitos da Madeira\",\"item\":\"https:\/\/madeiralovers.com\/pt-pt\/os-locais-mais-bonitos-da-madeira\/\"},{\"@type\":\"ListItem\",\"position\":3,\"name\":\"12 melhores caminhadas na Madeira (fotos + dicas)\"}]},{\"@type\":\"WebSite\",\"@id\":\"https:\/\/madeiralovers.com\/pt-pt\/#website\",\"url\":\"https:\/\/madeiralovers.com\/pt-pt\/\",\"name\":\"Madeira Lovers\",\"description\":\"Pour r\u00e9veiller vos sens \u00e0 Mad\u00e8re\",\"publisher\":{\"@id\":\"https:\/\/madeiralovers.com\/pt-pt\/#organization\"},\"potentialAction\":[{\"@type\":\"SearchAction\",\"target\":{\"@type\":\"EntryPoint\",\"urlTemplate\":\"https:\/\/madeiralovers.com\/pt-pt\/?s={search_term_string}\"},\"query-input\":{\"@type\":\"PropertyValueSpecification\",\"valueRequired\":true,\"valueName\":\"search_term_string\"}}],\"inLanguage\":\"pt-PT\"},{\"@type\":\"Organization\",\"@id\":\"https:\/\/madeiralovers.com\/pt-pt\/#organization\",\"name\":\"Madeira Lovers\",\"url\":\"https:\/\/madeiralovers.com\/pt-pt\/\",\"logo\":{\"@type\":\"ImageObject\",\"inLanguage\":\"pt-PT\",\"@id\":\"https:\/\/madeiralovers.com\/pt-pt\/#\/schema\/logo\/image\/\",\"url\":\"https:\/\/madeiralovers.com\/wp-content\/uploads\/2024\/05\/cropped-Madeira-Lovers-Logos.png\",\"contentUrl\":\"https:\/\/madeiralovers.com\/wp-content\/uploads\/2024\/05\/cropped-Madeira-Lovers-Logos.png\",\"width\":2500,\"height\":554,\"caption\":\"Madeira Lovers\"},\"image\":{\"@id\":\"https:\/\/madeiralovers.com\/pt-pt\/#\/schema\/logo\/image\/\"}},{\"@type\":\"Person\",\"@id\":\"https:\/\/madeiralovers.com\/pt-pt\/#\/schema\/person\/edb87870e054656013e63fc377ad387c\",\"name\":\"Morgane\",\"image\":{\"@type\":\"ImageObject\",\"inLanguage\":\"pt-PT\",\"@id\":\"https:\/\/secure.gravatar.com\/avatar\/afa26912805402e3ea29288b7478a6a37b47e98385c004daed7d76f04733a512?s=96&d=mm&r=g\",\"url\":\"https:\/\/secure.gravatar.com\/avatar\/afa26912805402e3ea29288b7478a6a37b47e98385c004daed7d76f04733a512?s=96&d=mm&r=g\",\"contentUrl\":\"https:\/\/secure.gravatar.com\/avatar\/afa26912805402e3ea29288b7478a6a37b47e98385c004daed7d76f04733a512?s=96&d=mm&r=g\",\"caption\":\"Morgane\"},\"sameAs\":[\"https:\/\/madeiralovers.com\/a-propos-de-morgane-mazelier\/\"],\"url\":\"https:\/\/madeiralovers.com\/pt-pt\/author\/morgane\/\"}]}<\/script>\n<!-- \/ Yoast SEO plugin. -->","yoast_head_json":{"title":"12 melhores caminhadas na Madeira (fotos + dicas)","description":"Descobre a nossa sele\u00e7\u00e3o das melhores caminhadas na Madeira (com fotos e conselhos): Levada 25 Fontes, Pico do Arieiro...","robots":{"index":"index","follow":"follow","max-snippet":"max-snippet:-1","max-image-preview":"max-image-preview:large","max-video-preview":"max-video-preview:-1"},"canonical":"https:\/\/madeiralovers.com\/pt-pt\/melhores-caminhadas-madeira\/","og_locale":"pt_PT","og_type":"article","og_title":"12 melhores caminhadas na Madeira (fotos + dicas)","og_description":"Descobre a nossa sele\u00e7\u00e3o das melhores caminhadas na Madeira (com fotos e conselhos): Levada 25 Fontes, Pico do Arieiro...","og_url":"https:\/\/madeiralovers.com\/pt-pt\/melhores-caminhadas-madeira\/","og_site_name":"Madeira Lovers","article_published_time":"2024-06-27T17:16:52+00:00","article_modified_time":"2026-03-19T12:55:16+00:00","og_image":[{"width":1067,"height":800,"url":"https:\/\/madeiralovers.com\/wp-content\/uploads\/2024\/06\/melhores-caminhadas-madeira-PT.jpg","type":"image\/jpeg"}],"author":"Morgane","twitter_card":"summary_large_image","twitter_misc":{"Escrito por":"Morgane","Tempo estimado de leitura":"22 minutos"},"schema":{"@context":"https:\/\/schema.org","@graph":[{"@type":"Article","@id":"https:\/\/madeiralovers.com\/pt-pt\/melhores-caminhadas-madeira\/#article","isPartOf":{"@id":"https:\/\/madeiralovers.com\/pt-pt\/melhores-caminhadas-madeira\/"},"author":{"name":"Morgane","@id":"https:\/\/madeiralovers.com\/pt-pt\/#\/schema\/person\/edb87870e054656013e63fc377ad387c"},"headline":"12 melhores caminhadas na Madeira (fotos + dicas)","datePublished":"2024-06-27T17:16:52+00:00","dateModified":"2026-03-19T12:55:16+00:00","mainEntityOfPage":{"@id":"https:\/\/madeiralovers.com\/pt-pt\/melhores-caminhadas-madeira\/"},"wordCount":4369,"publisher":{"@id":"https:\/\/madeiralovers.com\/pt-pt\/#organization"},"image":{"@id":"https:\/\/madeiralovers.com\/pt-pt\/melhores-caminhadas-madeira\/#primaryimage"},"thumbnailUrl":"https:\/\/madeiralovers.com\/wp-content\/uploads\/2024\/06\/melhores-caminhadas-madeira-PT.jpg","articleSection":["Os locais mais bonitos da Madeira"],"inLanguage":"pt-PT"},{"@type":"WebPage","@id":"https:\/\/madeiralovers.com\/pt-pt\/melhores-caminhadas-madeira\/","url":"https:\/\/madeiralovers.com\/pt-pt\/melhores-caminhadas-madeira\/","name":"12 melhores caminhadas na Madeira (fotos + dicas)","isPartOf":{"@id":"https:\/\/madeiralovers.com\/pt-pt\/#website"},"primaryImageOfPage":{"@id":"https:\/\/madeiralovers.com\/pt-pt\/melhores-caminhadas-madeira\/#primaryimage"},"image":{"@id":"https:\/\/madeiralovers.com\/pt-pt\/melhores-caminhadas-madeira\/#primaryimage"},"thumbnailUrl":"https:\/\/madeiralovers.com\/wp-content\/uploads\/2024\/06\/melhores-caminhadas-madeira-PT.jpg","datePublished":"2024-06-27T17:16:52+00:00","dateModified":"2026-03-19T12:55:16+00:00","description":"Descobre a nossa sele\u00e7\u00e3o das melhores caminhadas na Madeira (com fotos e conselhos): Levada 25 Fontes, Pico do Arieiro...","breadcrumb":{"@id":"https:\/\/madeiralovers.com\/pt-pt\/melhores-caminhadas-madeira\/#breadcrumb"},"inLanguage":"pt-PT","potentialAction":[{"@type":"ReadAction","target":["https:\/\/madeiralovers.com\/pt-pt\/melhores-caminhadas-madeira\/"]}]},{"@type":"ImageObject","inLanguage":"pt-PT","@id":"https:\/\/madeiralovers.com\/pt-pt\/melhores-caminhadas-madeira\/#primaryimage","url":"https:\/\/madeiralovers.com\/wp-content\/uploads\/2024\/06\/melhores-caminhadas-madeira-PT.jpg","contentUrl":"https:\/\/madeiralovers.com\/wp-content\/uploads\/2024\/06\/melhores-caminhadas-madeira-PT.jpg","width":1067,"height":800,"caption":"melhores-caminhadas-madeira"},{"@type":"BreadcrumbList","@id":"https:\/\/madeiralovers.com\/pt-pt\/melhores-caminhadas-madeira\/#breadcrumb","itemListElement":[{"@type":"ListItem","position":1,"name":"Accueil","item":"https:\/\/madeiralovers.com\/pt-pt\/"},{"@type":"ListItem","position":2,"name":"Os locais mais bonitos da Madeira","item":"https:\/\/madeiralovers.com\/pt-pt\/os-locais-mais-bonitos-da-madeira\/"},{"@type":"ListItem","position":3,"name":"12 melhores caminhadas na Madeira (fotos + dicas)"}]},{"@type":"WebSite","@id":"https:\/\/madeiralovers.com\/pt-pt\/#website","url":"https:\/\/madeiralovers.com\/pt-pt\/","name":"Madeira Lovers","description":"Pour r\u00e9veiller vos sens \u00e0 Mad\u00e8re","publisher":{"@id":"https:\/\/madeiralovers.com\/pt-pt\/#organization"},"potentialAction":[{"@type":"SearchAction","target":{"@type":"EntryPoint","urlTemplate":"https:\/\/madeiralovers.com\/pt-pt\/?s={search_term_string}"},"query-input":{"@type":"PropertyValueSpecification","valueRequired":true,"valueName":"search_term_string"}}],"inLanguage":"pt-PT"},{"@type":"Organization","@id":"https:\/\/madeiralovers.com\/pt-pt\/#organization","name":"Madeira Lovers","url":"https:\/\/madeiralovers.com\/pt-pt\/","logo":{"@type":"ImageObject","inLanguage":"pt-PT","@id":"https:\/\/madeiralovers.com\/pt-pt\/#\/schema\/logo\/image\/","url":"https:\/\/madeiralovers.com\/wp-content\/uploads\/2024\/05\/cropped-Madeira-Lovers-Logos.png","contentUrl":"https:\/\/madeiralovers.com\/wp-content\/uploads\/2024\/05\/cropped-Madeira-Lovers-Logos.png","width":2500,"height":554,"caption":"Madeira Lovers"},"image":{"@id":"https:\/\/madeiralovers.com\/pt-pt\/#\/schema\/logo\/image\/"}},{"@type":"Person","@id":"https:\/\/madeiralovers.com\/pt-pt\/#\/schema\/person\/edb87870e054656013e63fc377ad387c","name":"Morgane","image":{"@type":"ImageObject","inLanguage":"pt-PT","@id":"https:\/\/secure.gravatar.com\/avatar\/afa26912805402e3ea29288b7478a6a37b47e98385c004daed7d76f04733a512?s=96&d=mm&r=g","url":"https:\/\/secure.gravatar.com\/avatar\/afa26912805402e3ea29288b7478a6a37b47e98385c004daed7d76f04733a512?s=96&d=mm&r=g","contentUrl":"https:\/\/secure.gravatar.com\/avatar\/afa26912805402e3ea29288b7478a6a37b47e98385c004daed7d76f04733a512?s=96&d=mm&r=g","caption":"Morgane"},"sameAs":["https:\/\/madeiralovers.com\/a-propos-de-morgane-mazelier\/"],"url":"https:\/\/madeiralovers.com\/pt-pt\/author\/morgane\/"}]}},"featured_image_src":"https:\/\/madeiralovers.com\/wp-content\/uploads\/2024\/06\/melhores-caminhadas-madeira-PT-600x400.jpg","featured_image_src_square":"https:\/\/madeiralovers.com\/wp-content\/uploads\/2024\/06\/melhores-caminhadas-madeira-PT-600x600.jpg","author_info":{"display_name":"Morgane","author_link":"https:\/\/madeiralovers.com\/pt-pt\/author\/morgane\/"},"_links":{"self":[{"href":"https:\/\/madeiralovers.com\/pt-pt\/wp-json\/wp\/v2\/posts\/3251","targetHints":{"allow":["GET"]}}],"collection":[{"href":"https:\/\/madeiralovers.com\/pt-pt\/wp-json\/wp\/v2\/posts"}],"about":[{"href":"https:\/\/madeiralovers.com\/pt-pt\/wp-json\/wp\/v2\/types\/post"}],"author":[{"embeddable":true,"href":"https:\/\/madeiralovers.com\/pt-pt\/wp-json\/wp\/v2\/users\/10"}],"replies":[{"embeddable":true,"href":"https:\/\/madeiralovers.com\/pt-pt\/wp-json\/wp\/v2\/comments?post=3251"}],"version-history":[{"count":0,"href":"https:\/\/madeiralovers.com\/pt-pt\/wp-json\/wp\/v2\/posts\/3251\/revisions"}],"wp:featuredmedia":[{"embeddable":true,"href":"https:\/\/madeiralovers.com\/pt-pt\/wp-json\/wp\/v2\/media\/3133"}],"wp:attachment":[{"href":"https:\/\/madeiralovers.com\/pt-pt\/wp-json\/wp\/v2\/media?parent=3251"}],"wp:term":[{"taxonomy":"category","embeddable":true,"href":"https:\/\/madeiralovers.com\/pt-pt\/wp-json\/wp\/v2\/categories?post=3251"},{"taxonomy":"post_tag","embeddable":true,"href":"https:\/\/madeiralovers.com\/pt-pt\/wp-json\/wp\/v2\/tags?post=3251"}],"curies":[{"name":"wp","href":"https:\/\/api.w.org\/{rel}","templated":true}]}}