{"id":1873,"date":"2024-05-07T16:50:16","date_gmt":"2024-05-07T15:50:16","guid":{"rendered":"https:\/\/madeiralovers.com\/plus-belles-plages-madere\/"},"modified":"2024-05-12T09:22:49","modified_gmt":"2024-05-12T08:22:49","slug":"melhores-praias-madeira","status":"publish","type":"post","link":"https:\/\/madeiralovers.com\/pt-pt\/melhores-praias-madeira\/","title":{"rendered":"12 melhores praias da Madeira (fotos + conselhos)"},"content":{"rendered":"\n<p>A Madeira n\u00e3o \u00e9 o destino ideal para quem sonha com areia fina, mas ainda assim podes desfrutar de algumas praias agrad\u00e1veis onde podes relaxar e apanhar sol.<br\/>Aqui tens <strong>a nossa sele\u00e7\u00e3o das praias mais bonitas da Madeira<\/strong>, com um mapa e as nossas dicas \u00fateis em imagens!<\/p>\n\n<figure class=\"wp-block-image size-full\"><img decoding=\"async\" src=\"https:\/\/madeiralovers.com\/wp-content\/uploads\/2024\/05\/melhores-praias-Madeira.jpeg\" alt=\"As praias mais bonitas da Madeira\" class=\"wp-image-1852\"\/><\/figure>\n\n<p>Esta \u00e9 uma opini\u00e3o completamente <strong>independente<\/strong>, baseada na nossa pr\u00f3pria experi\u00eancia. Fizemos as nossas pr\u00f3prias escolhas, visit\u00e1mos a regi\u00e3o de forma an\u00f3nima e pag\u00e1mos as nossas contas na totalidade.<\/p>\n\n<h2 class=\"wp-block-heading\">As praias mais bonitas da Madeira &#8211; mapa<\/h2>\n\n<p>Aqui est\u00e1 um mapa das praias listadas neste artigo, para o ajudar a orientar-se:<\/p>\n\n<figure class=\"wp-block-image size-large\"><img decoding=\"async\" src=\"https:\/\/madeiralovers.com\/wp-content\/uploads\/2024\/05\/mapa-melhores-Praias-na-Madeira-1024x683.png\" alt=\"Mapas das melhores praias da Madeira\" class=\"wp-image-1862\"\/><figcaption class=\"wp-element-caption\">Mapa: As melhores praias da Madeira<\/figcaption><\/figure>\n\n<p>A Madeira n\u00e3o \u00e9 um destino de praia por excel\u00eancia. Vamos l\u00e1 sobretudo pelas suas paisagens impressionantes, jardins luxuriantes e passeios \u00fanicos.<br\/>Mas se ainda quiseres passar algum tempo a relaxar numa praia e a dar um mergulho, existem algumas praias de areia e algumas praias de calhau.<\/p>\n\n<h2 class=\"wp-block-heading\">1. Praia do Porto do Seixal (areia preta)<\/h2>\n\n<figure class=\"wp-block-image size-large\"><img decoding=\"async\" src=\"https:\/\/photos.smugmug.com\/Madeira-Lovers\/Seixal\/Seixal-beach\/i-C9vBxCd\/1\/zLhq6Rw75gvxD5CV8hqvBWQbDFHrNsgBQn2cJz7j\/L\/Seixal_beach_black_sand_Madeira-7141204-L.jpg\" alt=\"Praia do Porto do Seixal e as suas vistas\"\/><\/figure>\n\n<h3 class=\"wp-block-heading\">Porque gostamos dele<\/h3>\n\n<p>O Seixal \u00e9, sem d\u00favida, a praia mais bonita da Madeira.<br\/>\u00c9 uma praia natural com areia preta e vistas de fal\u00e9sias exuberantes.<br\/>N\u00e3o \u00e9 muito grande, mas tem uma bela areia preta, pedras pretas e at\u00e9 uma pequena cascata!<br\/>E para aqueles que procuram \u00e1guas mais calmas, h\u00e1 uma piscina de \u00e1gua do mar mesmo ao lado.<\/p>\n\n<figure class=\"wp-block-image size-large\"><img decoding=\"async\" src=\"https:\/\/photos.smugmug.com\/Madeira-Lovers\/Seixal\/Seixal-beach\/i-XqqT4dL\/1\/DGK7KJLJcD54ptwpwL7nhq6TX5DMZ7WBXQ2LTtRxF\/L\/Seixal_beach_black_sand_Madeira-7141177-L.jpg\" alt=\"A praia de areia preta da Madeira\"\/><\/figure>\n\n<h3 class=\"wp-block-heading\">Acesso<\/h3>\n\n<ul class=\"wp-block-list\">\n<li>Costa Norte da Madeira<\/li>\n\n\n\n<li>Cidade do Seixal<\/li>\n\n\n\n<li>Do Funchal = 45 minutos de carro<\/li>\n\n\n\n<li>De Porto Monis = 15 minutos de carro<\/li>\n\n\n\n<li>Parque de estacionamento do porto nas proximidades<\/li>\n\n\n\n<li>Acesso f\u00e1cil<\/li>\n<\/ul>\n\n<h3 class=\"wp-block-heading\">Informa\u00e7\u00f5es \u00fateis<\/h3>\n\n<ul class=\"wp-block-list\">\n<li>Sem vigil\u00e2ncia<\/li>\n\n\n\n<li>Casas de banho e duches<\/li>\n\n\n\n<li>Restaurante na \u00e9poca com piscina p\u00fablica ao lado<\/li>\n<\/ul>\n\n<div style=\"margin-top:8%;margin-bottom:8%\" class=\"wp-block-genesis-blocks-gb-container box gb-block-container\"><div class=\"gb-container-inside\"><div class=\"gb-container-content\">\n<div class=\"wp-block-columns inverse box_planif is-layout-flex wp-container-core-columns-is-layout-9d6595d7 wp-block-columns-is-layout-flex\">\n<div class=\"wp-block-column texte_planif is-layout-flow wp-block-column-is-layout-flow\" style=\"flex-basis:58%\">\n<h5 class=\"titre_box\">O NOSSO CONSELHO PARA ALUGAR O SEU CARRO EM <span class=\"titre_box_manuscrit\">\nMadeira<\/span><\/h5>\n\n\n\n<ul style=\"font-size:14px\" class=\"liste_voiture wp-block-list\">\n<li>Compare os pre\u00e7os na nossa plataforma preferida: <a href=\"https:\/\/www.discovercars.com\/pt\/portugal\/madeira?a_aid=zigzag&amp;chan=madeira\" target=\"_blank\" rel=\"noreferrer noopener sponsored nofollow\">DiscoverCars<\/a> &#8211; um dos s\u00edtios mais bem classificados.<\/li>\n\n\n\n<li>Leve um carro com um bom motor para estradas inclinadas, mas n\u00e3o demasiado grande para manobrar.<\/li>\n\n\n\n<li>H\u00e1 muita procura e poucos carros, por isso, <strong>reserve com<\/strong> anteced\u00eancia.<\/li>\n<\/ul>\n<\/div>\n\n\n\n<div class=\"wp-block-column planif-radius-3 is-layout-flow wp-block-column-is-layout-flow\" style=\"flex-basis:42%\">\n<figure class=\"wp-block-image size-large is-resized\"><img decoding=\"async\" src=\"https:\/\/photos.smugmug.com\/Travel\/Madeira\/2i-Miadouro\/i-j86nfB5\/2\/DRCCwrZmGLt2TxcQqRkkLrm3JR55K3NLchGxDNsx6\/S\/driving_Madeira-7130748-S.jpg\" alt=\"Aluguer de autom&#xF3;veis em Madeira\" title=\"\"\/><\/figure>\n<\/div>\n<\/div>\n\n\n\n<div class=\"wp-block-columns planif_bouton is-layout-flex wp-container-core-columns-is-layout-9d6595d7 wp-block-columns-is-layout-flex\">\n<div class=\"wp-block-column is-layout-flow wp-block-column-is-layout-flow\" style=\"flex-basis:50%\">\n<div class=\"wp-block-buttons is-content-justification-center is-layout-flex wp-container-core-buttons-is-layout-16018d1d wp-block-buttons-is-layout-flex\">\n<div class=\"wp-block-button has-custom-font-size\" style=\"font-size:14px\"><a class=\"wp-block-button__link has-white-color has-text-color wp-element-button\" href=\"https:\/\/www.discovercars.com\/pt\/portugal\/madeira?a_aid=zigzag&amp;amp;chan=madeira\" style=\"border-radius:4px\" target=\"_blank\" rel=\"noreferrer noopener\">Ver os carros &gt;&gt;<\/a><\/div>\n<\/div>\n<\/div>\n\n\n\n<div class=\"wp-block-column is-vertically-aligned-center is-layout-flow wp-block-column-is-layout-flow\" style=\"flex-basis:50%\">\n<p class=\"has-text-align-center\" style=\"font-size:14px\"><strong><a href=\"https:\/\/madeiralovers.com\/pt-pt\/como-alugar-carro-madeira-dicas-experiencia\/\" target=\"_blank\" rel=\"noreferrer noopener\">Ver os nossos conselhos<\/a><\/strong><\/p>\n<\/div>\n<\/div>\n<\/div><\/div><\/div>\n\n<h2 class=\"wp-block-heading\">2. Praia do Machico (areia dourada)<\/h2>\n\n<figure class=\"wp-block-image size-large\"><img decoding=\"async\" src=\"https:\/\/photos.smugmug.com\/Madeira-Lovers\/Machico\/Beach\/i-jWdfn3L\/1\/sHZbJ8vpsxs5LHRNDzJMSPvzRFbX46BDPvL97t9p\/L\/beach_Machico_Madeira-7230282-L.jpg\" alt=\"Praia de Machico com areia dourada\"\/><\/figure>\n\n<h3 class=\"wp-block-heading\">Porque gostamos dele<\/h3>\n\n<p>Se procuras uma praia de areia dourada, Machico \u00e9 uma das duas op\u00e7\u00f5es da Madeira, e a maior.<br\/>\u00c9 uma bela enseada em forma de lua crescente. Mas a areia n\u00e3o \u00e9 natural da ilha, foi importada para criar a praia.<br\/>Foi constru\u00eddo um quebra-mar para quebrar as ondas, permitindo a toda a fam\u00edlia nadar em \u00e1guas calmas.<\/p>\n\n<figure class=\"wp-block-image size-large\"><img decoding=\"async\" src=\"https:\/\/photos.smugmug.com\/Madeira-Lovers\/Machico\/Beach\/i-hgLk6G7\/1\/FNrrX4xz9mDdXrMtV9tBQWqSwRmb3TWNk4kc9pV6J\/L\/beach_Machico_Madeira-7230278-L.jpg\" alt=\"Praia de Machico perto da marina\"\/><\/figure>\n\n<h3 class=\"wp-block-heading\">Acesso<\/h3>\n\n<ul class=\"wp-block-list\">\n<li>Costa leste da Madeira<\/li>\n\n\n\n<li>Cidade de Machico<\/li>\n\n\n\n<li>Do Funchal = 30 minutos de carro<\/li>\n\n\n\n<li>De Porto Moniz = 1h10 de carro<\/li>\n\n\n\n<li>Grande parque de estacionamento pago, mas enche-se rapidamente. Aconselhamos-te a vir de manh\u00e3<\/li>\n\n\n\n<li>F\u00e1cil acesso por via r\u00e1pida ou autocarro<\/li>\n<\/ul>\n\n<h3 class=\"wp-block-heading\">Informa\u00e7\u00f5es \u00fateis<\/h3>\n\n<ul class=\"wp-block-list\">\n<li>Praia vigiada<\/li>\n\n\n\n<li>Casas de banho, duches<\/li>\n\n\n\n<li>Campo de voleibol, aluguer de gaivotas<\/li>\n\n\n\n<li>Restaurantes ao longo do passeio mar\u00edtimo<\/li>\n\n\n\n<li>H\u00e1 muito poucos hot\u00e9is em Machico, e encontrar\u00e1s principalmente apartamentos e casas para alugar.<\/li>\n<\/ul>\n\n<div style=\"background-color:#f4fae2;margin-top:8%;margin-bottom:8%\" class=\"wp-block-genesis-blocks-gb-container box gb-block-container\"><div class=\"gb-container-inside\"><div class=\"gb-container-content\" style=\"max-width:700px\">\n<div class=\"wp-block-genesis-blocks-gb-container box_titre gb-block-container\"><div class=\"gb-container-inside\"><div class=\"gb-container-content\">\n<h5 class=\"titre_box\" style=\"padding-top:10px;\">ONDE FICAR NA <span class=\"titre_box_manuscrit\">Madeira<\/span><\/h5>\n<\/div><\/div><\/div>\n\n\n\n<div class=\"wp-block-columns box_sans_border is-layout-flex wp-container-core-columns-is-layout-9d6595d7 wp-block-columns-is-layout-flex\">\n<div class=\"wp-block-column texte_planif is-layout-flow wp-block-column-is-layout-flow\" style=\"font-size:14px;flex-basis:60%\">\n<p class=\"option_titre2\">As nossas selec\u00e7\u00f5es independentes para te ajudar a encontrar <strong>o alojamento dos teus sonhos<\/strong>:<\/p>\n\n\n\n<ul class=\"wp-block-list\">\n<li><a href=\"https:\/\/madeiralovers.com\/pt-pt\/onde-ficar-madeira-melhores-destinos\/\" target=\"_blank\" rel=\"noreferrer noopener\">Onde ficar na Madeira<\/a><\/li>\n<\/ul>\n\n\n\n<ul class=\"wp-block-list\">\n<li><a href=\"https:\/\/madeiralovers.com\/pt-pt\/melhores-hoteis-5-estrelas-funchal-madeira-luxo-opinioes\/\" target=\"_blank\" rel=\"noreferrer noopener\">Os melhores hot\u00e9is de 5 estrelas<\/a><\/li>\n\n\n\n<li><a href=\"https:\/\/madeiralovers.com\/pt-pt\/melhores-hoteis-boutique-funchal-madeira-charme\/\">Os melhores hot\u00e9is boutique<\/a><\/li>\n\n\n\n<li><a href=\"https:\/\/madeiralovers.com\/pt-pt\/melhores-hoteis-velha-cidade-funchal-opinioes\/\" target=\"_blank\" rel=\"noreferrer noopener\">Os melhores hot\u00e9is na zona velha do Funchal<\/a><\/li>\n\n\n\n<li><a href=\"https:\/\/madeiralovers.com\/pt-pt\/melhores-hoteis-so-para-adultos-funchal-madeira\/\" target=\"_blank\" rel=\"noreferrer noopener\">Os melhores hot\u00e9is s\u00f3 para adultos<\/a><\/li>\n\n\n\n<li><a href=\"https:\/\/madeiralovers.com\/pt-pt\/melhores-hoteis-familias-madeira-criancas-opinioes\/\" target=\"_blank\" rel=\"noreferrer noopener\">Os melhores hot\u00e9is para fam\u00edlias<\/a><\/li>\n\n\n\n<li><a href=\"https:\/\/madeiralovers.com\/pt-pt\/melhores-hoteis-tudo-incluido-madeira\/\" target=\"_blank\" rel=\"noreferrer noopener\">Os melhores hot\u00e9is com tudo inclu\u00eddo<\/a><\/li>\n\n\n\n<li><a href=\"https:\/\/madeiralovers.com\/pt-pt\/melhores-hoteis-romanticos-funchal-madeira-amantes\/\" target=\"_blank\" rel=\"noreferrer noopener\">Os melhores hot\u00e9is rom\u00e2nticos<\/a><\/li>\n<\/ul>\n<\/div>\n\n\n\n<div class=\"wp-block-column is-vertically-aligned-top planif-radius is-layout-flow wp-block-column-is-layout-flow\" style=\"flex-basis:40%\">\n<figure class=\"wp-block-image size-large img-portrait\"><img decoding=\"async\" src=\"https:\/\/photos.smugmug.com\/Travel\/Madeira\/Accommodation\/i-TtZHSRZ\/1\/7f80cf7d\/L\/Arco_da_Calheta_hotel_Madeira-8896-L.jpg\" alt=\"Hotel Engenho Velho\" title=\"\"\/><\/figure>\n<\/div>\n<\/div>\n<\/div><\/div><\/div>\n\n<h2 class=\"wp-block-heading\">3. Praia da Calheta (areia dourada)<\/h2>\n\n<figure class=\"wp-block-image size-large\"><img decoding=\"async\" src=\"https:\/\/photos.smugmug.com\/Madeira-Lovers\/Calheta\/Praia-da-Calheta\/i-WPkfRft\/1\/CQgHTBsd922JSXSVspzGmFVhhnNqPNjks4twFftwK\/L\/Praia_da_Calheta_Madeira-7152140-L.jpg\" alt=\"Praia da Calheta - praia do leste\"\/><\/figure>\n\n<h3 class=\"wp-block-heading\">Porque gostamos dele<\/h3>\n\n<p>A Praia da Calheta \u00e9 a praia mais famosa da Madeira. Foi inteiramente criado pelo homem. O local forma uma oval com uma praia de areia em cada extremidade. A areia foi importada.<br\/>Isto permite-te nadar em \u00e1guas muito calmas e desfrutar de uma das partes mais ensolaradas da ilha.<\/p>\n\n<figure class=\"wp-block-image size-large\"><img decoding=\"async\" src=\"https:\/\/photos.smugmug.com\/Madeira-Lovers\/Calheta\/Praia-da-Calheta\/i-LcdfvfC\/1\/md3ZxTVgxfNvCkDkCDv8JF2pFPNRvqxcVc7rnmG6\/L\/Praia_da_Calheta_Madeira-7152139-L.jpg\" alt=\"Praia da Calheta - Praia do Oeste\"\/><\/figure>\n\n<h3 class=\"wp-block-heading\">Acesso<\/h3>\n\n<ul class=\"wp-block-list\">\n<li>Na costa sul<\/li>\n\n\n\n<li>Arco da Calheta<\/li>\n\n\n\n<li>Do Funchal = 40 minutos de carro<\/li>\n\n\n\n<li>De Porto Moniz = 40 min<\/li>\n\n\n\n<li>Acesso f\u00e1cil<\/li>\n\n\n\n<li>Estacionamento pago ao longo da praia, mas enche-se rapidamente. Aconselhamos-te a vir de manh\u00e3<\/li>\n<\/ul>\n\n<h3 class=\"wp-block-heading\">Informa\u00e7\u00f5es \u00fateis<\/h3>\n\n<ul class=\"wp-block-list\">\n<li>Praia vigiada<\/li>\n\n\n\n<li>Aluguer de espregui\u00e7adeiras<\/li>\n\n\n\n<li>Actividades de desportos aqu\u00e1ticos com aluguer de equipamento<\/li>\n\n\n\n<li>Casas de banho, duches<\/li>\n\n\n\n<li>Restaurantes<\/li>\n\n\n\n<li>Existe um hotel de luxo mesmo junto \u00e0 praia &#8211; o Saccharum Resort &amp; Spa &#8211; <a href=\"https:\/\/www.booking.com\/hotel\/pt\/saccharum.html?aid=2410700\" target=\"_blank\" rel=\"noreferrer noopener sponsored nofollow\">V\u00ea fotos e disponibilidade<\/a>.<\/li>\n<\/ul>\n\n<div style=\"background-color:#fefefe;margin-top:6%;margin-bottom:6%\" class=\"wp-block-genesis-blocks-gb-container box gb-block-container\"><div class=\"gb-container-inside\"><div class=\"gb-container-content\" style=\"max-width:700px\">\n<div class=\"wp-block-columns inverse is-layout-flex wp-container-core-columns-is-layout-9d6595d7 wp-block-columns-is-layout-flex\">\n<div class=\"wp-block-column texte_planif is-layout-flow wp-block-column-is-layout-flow\" style=\"flex-basis:58%\">\n<h5 class=\"titre_box\">O NOSSO GUIA PARA PLANEAR UMA VIAGEM DE <span class=\"titre_box_manuscrit\">Sonho<\/span><\/h5>\n\n\n\n<ul class=\"wp-block-list\">\n<li>7 mapas para facilitar o planeamento<\/li>\n\n\n\n<li>+ 120 locais pr\u00e9-seleccionados  <\/li>\n\n\n\n<li>Conselhos pr\u00e1ticos  <\/li>\n\n\n\n<li>+ 260 fotografias para o ajudar a escolher<\/li>\n<\/ul>\n\n\n\n<div class=\"wp-block-buttons is-layout-flex wp-block-buttons-is-layout-flex\">\n<div class=\"wp-block-button\"><a class=\"wp-block-button__link has-theme-primary-background-color has-background wp-element-button\" href=\"https:\/\/madeiralovers.com\/pt-pt\/ebook-guia-viagem-madeira\/\">Descobre mais &gt;&gt;<\/a><\/div>\n<\/div>\n<\/div>\n\n\n\n<div class=\"wp-block-column is-layout-flow wp-block-column-is-layout-flow\" style=\"flex-basis:42%\">\n<div class=\"wp-block-genesis-blocks-gb-container ebook-radius-waitlist gb-block-container\"><div class=\"gb-container-inside\"><div class=\"gb-container-content\"><div class=\"wp-block-image ebook-image\">\n<figure class=\"aligncenter size-full\"><img decoding=\"async\" src=\"https:\/\/madeiralovers.com\/wp-content\/uploads\/2024\/06\/Med-Madeira-Travel-Guide-ebook-cover-5.jpg\" alt=\"guia-viagem-Madere-livro-capa-m&#xE9;dia\" class=\"wp-image-2412\"\/><\/figure>\n<\/div><\/div><\/div><\/div>\n<\/div>\n<\/div>\n<\/div><\/div><\/div>\n\n<h2 class=\"wp-block-heading\">4. Praia do Faial (calhau rolado)<\/h2>\n\n<figure class=\"wp-block-image size-large\"><img decoding=\"async\" src=\"https:\/\/photos.smugmug.com\/Madeira-Lovers\/Faial\/Praia-Faial\/i-6qRBsPL\/1\/CPvCbwVh7JfJT6K5fh4VL52fwLTVPZQ4kxVpFF63k\/L\/Faial_beach_Madeira-0040-L.jpg\" alt=\"Praia do Faial\"\/><\/figure>\n\n<h3 class=\"wp-block-heading\">Porque gostamos dele<\/h3>\n\n<p>A praia do Faial \u00e9 uma das praias menos conhecidas da Madeira, mas uma das nossas favoritas.<br\/>Gost\u00e1mos muito da disposi\u00e7\u00e3o e do acesso \u00e0 \u00e1gua.<br\/>E, acima de tudo, as vistas das fal\u00e9sias s\u00e3o magn\u00edficas.<br\/>Na semi-piscina criada pelo pared\u00e3o, podes desfrutar da \u00e1gua calma, mas sobe ao pared\u00e3o e podes admirar as ondas a baterem contra as fal\u00e9sias!<br\/>Por outro lado, \u00e9 uma praia de calhau. N\u00e3o tens um \u00fanico vest\u00edgio de areia aqui&#8230;<\/p>\n\n<figure class=\"wp-block-image size-large\"><img decoding=\"async\" src=\"https:\/\/photos.smugmug.com\/Madeira-Lovers\/Faial\/Praia-Faial\/i-2C66gp9\/1\/Cndx32w73ccsS92ZQvFxHGDs4M66JWCV352rH2QS7\/L\/Faial_Madeira-7241384-L.jpg\" alt=\"Vista da praia do Faial\"\/><\/figure>\n\n<h3 class=\"wp-block-heading\">Acesso<\/h3>\n\n<ul class=\"wp-block-list\">\n<li>Costa Norte da Madeira<\/li>\n\n\n\n<li>A pequena cidade do Faial<\/li>\n\n\n\n<li>Do Funchal = 35 min de carro<\/li>\n\n\n\n<li>De Porto Moniz = 55 min de carro<\/li>\n\n\n\n<li>Acesso f\u00e1cil<\/li>\n\n\n\n<li>Grande parque de estacionamento junto ao complexo desportivo<\/li>\n<\/ul>\n\n<h3 class=\"wp-block-heading\">Informa\u00e7\u00f5es \u00fateis<\/h3>\n\n<ul class=\"wp-block-list\">\n<li>Vigil\u00e2ncia sazonal<\/li>\n\n\n\n<li>Mas tem cuidado, porque as escadas de acesso podem ser escorregadias!<\/li>\n\n\n\n<li>Jogos para crian\u00e7as<\/li>\n\n\n\n<li>Restaurante e bar<\/li>\n\n\n\n<li>Casas de banho<\/li>\n<\/ul>\n\n<div style=\"margin-top:8%;margin-bottom:8%\" class=\"wp-block-genesis-blocks-gb-container box gb-block-container\"><div class=\"gb-container-inside\"><div class=\"gb-container-content\">\n<div class=\"wp-block-columns inverse is-layout-flex wp-container-core-columns-is-layout-9d6595d7 wp-block-columns-is-layout-flex\">\n<div class=\"wp-block-column texte_planif is-layout-flow wp-block-column-is-layout-flow\" style=\"flex-basis:58%\">\n<h5 class=\"titre_box\">A NOSSA ACTIVIDADE FAVORITA NA <span class=\"titre_box_manuscrit\">Madeira<\/span><\/h5>\n\n\n\n<p style=\"font-size:14px\">Passeio de catamar\u00e3 para ver os golfinhos e as fal\u00e9sias gigantes da Madeira.<\/p>\n\n\n\n<p style=\"font-size:14px\"><a href=\"https:\/\/www.getyourguide.pt\/s?q=Funchal+dauphins+catamaran&amp;searchSource=8&amp;partner_id=R3GYW4V&amp;cmp=madeira\" target=\"_blank\" rel=\"noreferrer noopener sponsored nofollow\">Ver programa e disponibilidade &#8211; e reservar!<\/a><\/p>\n<\/div>\n\n\n\n<div class=\"wp-block-column ville-radius is-layout-flow wp-block-column-is-layout-flow\" style=\"flex-basis:42%\">\n<figure class=\"wp-block-image size-large is-resized img-portrait\"><img decoding=\"async\" src=\"https:\/\/photos.smugmug.com\/Travel\/Madeira\/9c-Dolphins\/i-whpFzdc\/1\/2fa5ccf1\/L\/dolphin_cruise_boat_Tour_Madeira-7204502-L.jpg\" alt=\"\" style=\"width:319px;height:303px\" title=\"\"\/><\/figure>\n<\/div>\n<\/div>\n<\/div><\/div><\/div>\n\n<h2 class=\"wp-block-heading\">5. Praia de Vig\u00e1rio (C\u00e2mara de Lobos)<\/h2>\n\n<figure class=\"wp-block-image size-large\"><img decoding=\"async\" src=\"https:\/\/photos.smugmug.com\/Madeira-Lovers\/Camara-de-Lobos\/Praia-de-Vigario\/i-PJ9BdWj\/0\/FBbndtrXzTBTRzMz2x9mg9RtKSjPHBBkPj5KbZWM3\/L\/camara_dos_Lobos_Madeira-7173027-L.jpg\" alt=\"Praia de Vig&#xE1;rio\"\/><\/figure>\n\n<h3 class=\"wp-block-heading\">Porque gostamos dele<\/h3>\n\n<p>C\u00e2mara de Lobos \u00e9 uma das cidades mais famosas da Madeira<a href=\"https:\/\/madeiralovers.com\/pt-pt\/melhores-cidades-madeira-aldeias\/\" target=\"_blank\" rel=\"noreferrer noopener\">(v\u00ea a nossa lista<\/a>). O centro tem ruas estreitas e encantadoras e um pequeno porto com barcos coloridos.<br\/>Mas a oeste da cidade, tamb\u00e9m podes desfrutar de uma longa praia de calhau cinzento protegida pelas fal\u00e9sias.<br\/>Ador\u00e1mos o ambiente<\/p>\n\n<figure class=\"wp-block-image size-large\"><img decoding=\"async\" src=\"https:\/\/photos.smugmug.com\/Madeira-Lovers\/Camara-de-Lobos\/Praia-de-Vigario\/i-3NVgtdL\/0\/DWFR2kb3NJmdcDVJNmDTxQh3QSFqwPWLPFmxDwL5b\/L\/camara_dos_Lobos_Madeira-7173029-L.jpg\" alt=\"Praia de calhau de C&#xE2;mara de Lobos\"\/><\/figure>\n\n<h3 class=\"wp-block-heading\">Acesso<\/h3>\n\n<ul class=\"wp-block-list\">\n<li>Costa sul da Madeira<\/li>\n\n\n\n<li>Cidade de C\u00e2mara de Lobos<\/li>\n\n\n\n<li>Do Funchal: 15 minutos de carro<\/li>\n\n\n\n<li>O autocarro hop-on hop-off tamb\u00e9m facilita o acesso a partir do Funchal &#8211; <a href=\"https:\/\/www.getyourguide.pt\/madeira-l67\/funchal-3-in-1-48-hour-hop-on-hop-off-bus-tour-t49954\/?partner_id=R3GYW4V&amp;cmp=madeira\" target=\"_blank\" rel=\"noreferrer noopener sponsored nofollow\">compra<\/a> j\u00e1 <a href=\"https:\/\/www.getyourguide.pt\/madeira-l67\/funchal-3-in-1-48-hour-hop-on-hop-off-bus-tour-t49954\/?partner_id=R3GYW4V&amp;cmp=madeira\" target=\"_blank\" rel=\"noreferrer noopener sponsored nofollow\">os teus bilhetes<\/a>!<\/li>\n\n\n\n<li>De Porto Moniz = 45 min de carro<\/li>\n\n\n\n<li>Acesso f\u00e1cil<\/li>\n\n\n\n<li>V\u00e1rios parques de estacionamento pagos na cidade, mas pode ser dif\u00edcil encontrar estacionamento durante a tarde<\/li>\n<\/ul>\n\n<h3 class=\"wp-block-heading\">Informa\u00e7\u00f5es \u00fateis<\/h3>\n\n<ul class=\"wp-block-list\">\n<li>Praia n\u00e3o vigiada<\/li>\n\n\n\n<li>Bar de praia<\/li>\n\n\n\n<li>Algumas pessoas queixam-se da falta de limpeza<\/li>\n<\/ul>\n\n<h2 class=\"wp-block-heading\">6. Praia de Ponta do Sol<\/h2>\n\n<figure class=\"wp-block-image size-large\"><img decoding=\"async\" src=\"https:\/\/photos.smugmug.com\/Madeira-Lovers\/Ponta-do-Sol\/Beach\/i-Bw29hGs\/1\/DKbCNzzV7DZd8CTRXwxDjND9LbWdt3bKq7GJ9gkwd\/L\/Ponta_do_Sol_Madeira-7162713-L.jpg\" alt=\"Vista da praia da Ponta do Sol\"\/><\/figure>\n\n<h3 class=\"wp-block-heading\">Porque gostamos dele<\/h3>\n\n<p>A zona tur\u00edstica da cidade concentra-se em torno da praia e da orla mar\u00edtima.<br\/>Como a Ponta do Sol \u00e9 uma das vilas mais soalheiras da ilha, a sua praia \u00e9 muito popular.<br\/>Trata-se de uma praia de calhau rolado que se estende entre as fal\u00e9sias na foz do vale.<br\/>Tem pouco mais de 150 m de comprimento.<br\/>Aqui, os seixos n\u00e3o s\u00e3o muito grandes e ainda podes deitar-te, sobretudo se trouxeres um pequeno colch\u00e3o.<br\/><a href=\"https:\/\/madeiralovers.com\/pt-pt\/o-que-fazer-ponta-do-sol-visitar\/\" target=\"_blank\" rel=\"noreferrer noopener\">Descobre mais sobre a Ponta do Sol<\/a>.<\/p>\n\n<figure class=\"wp-block-image size-large\"><img decoding=\"async\" src=\"https:\/\/photos.smugmug.com\/Madeira-Lovers\/Ponta-do-Sol\/Beach\/i-NSFzjVM\/1\/D439p7WCMxCBz99vMvXSTBRPz3dgLxWmxxwcGz3B9\/L\/Ponta_do_Sol_Madeira-7162710-L.jpg\" alt=\"Praia de Ponta do Sol\"\/><\/figure>\n\n<h3 class=\"wp-block-heading\">Acesso<\/h3>\n\n<ul class=\"wp-block-list\">\n<li>Costa sul da Madeira<\/li>\n\n\n\n<li>Cidade de Ponta do Sol<\/li>\n\n\n\n<li>Do Funchal = 30 minutos de carro<\/li>\n\n\n\n<li>De Porto Moniz = 45 min<\/li>\n\n\n\n<li>Estaciona perto da orla mar\u00edtima e nas alturas da cidade. Estacionar a meio do dia pode ser muito complicado.<\/li>\n\n\n\n<li>Acesso f\u00e1cil<\/li>\n<\/ul>\n\n<h3 class=\"wp-block-heading\">Informa\u00e7\u00f5es \u00fateis<\/h3>\n\n<ul class=\"wp-block-list\">\n<li>Vesti\u00e1rios<\/li>\n\n\n\n<li>Casas de banho<\/li>\n\n\n\n<li>Restaurantes e bares na praia e na rua que sobe da praia.<\/li>\n\n\n\n<li>Praia vigiada no ver\u00e3o<\/li>\n\n\n\n<li>Foi constru\u00eddo um quebra-mar para quebrar as ondas, permitindo um banho seguro e calmo.<\/li>\n<\/ul>\n\n<div style=\"background-color:#fefefe;margin-top:6%;margin-bottom:6%\" class=\"wp-block-genesis-blocks-gb-container box gb-block-container\"><div class=\"gb-container-inside\"><div class=\"gb-container-content\" style=\"max-width:700px\">\n<div class=\"wp-block-columns inverse is-layout-flex wp-container-core-columns-is-layout-9d6595d7 wp-block-columns-is-layout-flex\">\n<div class=\"wp-block-column texte_planif is-layout-flow wp-block-column-is-layout-flow\" style=\"flex-basis:58%\">\n<h5 class=\"titre_box\">Receber a nossa <span class=\"titre_box_manuscrit\">newsletter<\/span><\/h5>\n\n\n\n<ul class=\"wp-block-list\">\n<li>Uma lufada de ar fresco na sua vida quotidiana nos belos destinos da Region Lovers!<\/li>\n\n\n\n<li>Uma vez por m\u00eas.<\/li>\n\n\n\n<li>Sem publicidade<\/li>\n<\/ul>\n\n\n<script>\nvar gform;gform||(document.addEventListener(\"gform_main_scripts_loaded\",function(){gform.scriptsLoaded=!0}),document.addEventListener(\"gform\/theme\/scripts_loaded\",function(){gform.themeScriptsLoaded=!0}),window.addEventListener(\"DOMContentLoaded\",function(){gform.domLoaded=!0}),gform={domLoaded:!1,scriptsLoaded:!1,themeScriptsLoaded:!1,isFormEditor:()=>\"function\"==typeof InitializeEditor,callIfLoaded:function(o){return!(!gform.domLoaded||!gform.scriptsLoaded||!gform.themeScriptsLoaded&&!gform.isFormEditor()||(gform.isFormEditor()&&console.warn(\"The use of gform.initializeOnLoaded() is deprecated in the form editor context and will be removed in Gravity Forms 3.1.\"),o(),0))},initializeOnLoaded:function(o){gform.callIfLoaded(o)||(document.addEventListener(\"gform_main_scripts_loaded\",()=>{gform.scriptsLoaded=!0,gform.callIfLoaded(o)}),document.addEventListener(\"gform\/theme\/scripts_loaded\",()=>{gform.themeScriptsLoaded=!0,gform.callIfLoaded(o)}),window.addEventListener(\"DOMContentLoaded\",()=>{gform.domLoaded=!0,gform.callIfLoaded(o)}))},hooks:{action:{},filter:{}},addAction:function(o,r,e,t){gform.addHook(\"action\",o,r,e,t)},addFilter:function(o,r,e,t){gform.addHook(\"filter\",o,r,e,t)},doAction:function(o){gform.doHook(\"action\",o,arguments)},applyFilters:function(o){return gform.doHook(\"filter\",o,arguments)},removeAction:function(o,r){gform.removeHook(\"action\",o,r)},removeFilter:function(o,r,e){gform.removeHook(\"filter\",o,r,e)},addHook:function(o,r,e,t,n){null==gform.hooks[o][r]&&(gform.hooks[o][r]=[]);var d=gform.hooks[o][r];null==n&&(n=r+\"_\"+d.length),gform.hooks[o][r].push({tag:n,callable:e,priority:t=null==t?10:t})},doHook:function(r,o,e){var t;if(e=Array.prototype.slice.call(e,1),null!=gform.hooks[r][o]&&((o=gform.hooks[r][o]).sort(function(o,r){return o.priority-r.priority}),o.forEach(function(o){\"function\"!=typeof(t=o.callable)&&(t=window[t]),\"action\"==r?t.apply(null,e):e[0]=t.apply(null,e)})),\"filter\"==r)return e[0]},removeHook:function(o,r,t,n){var e;null!=gform.hooks[o][r]&&(e=(e=gform.hooks[o][r]).filter(function(o,r,e){return!!(null!=n&&n!=o.tag||null!=t&&t!=o.priority)}),gform.hooks[o][r]=e)}});\n<\/script>\n\n                <div class='gf_browser_gecko gform_wrapper gravity-theme gform-theme--no-framework waitlist_wrapper' data-form-theme='gravity-theme' data-form-index='0' id='gform_wrapper_2' >\n                        <div class='gform_heading'>\n                            <p class='gform_description'><\/p>\n                        <\/div><form method='post' enctype='multipart\/form-data'  id='gform_2' class='waitlist' action='\/pt-pt\/wp-json\/wp\/v2\/posts\/1873' data-formid='2' novalidate> \r\n <input type='hidden' class='gforms-pum' value='{\"closepopup\":false,\"closedelay\":0,\"openpopup\":false,\"openpopup_id\":0}' \/>\n                        <div class='gform-body gform_body'><div id='gform_fields_2' class='gform_fields top_label form_sublabel_below description_below validation_below'><div id=\"field_2_5\" class=\"gfield gfield--type-honeypot gform_validation_container field_sublabel_below gfield--has-description field_description_below field_validation_below gfield_visibility_visible\"  ><label class='gfield_label gform-field-label' for='input_2_5'>X\/Twitter<\/label><div class='ginput_container'><input name='input_5' id='input_2_5' type='text' value='' autocomplete='new-password'\/><\/div><div class='gfield_description' id='gfield_description_2_5'>Este campo \u00e9 para efeitos de valida\u00e7\u00e3o e deve ser mantido inalterado.<\/div><\/div><div id=\"field_2_1\" class=\"gfield gfield--type-email gfield--input-type-email gfield_contains_required field_sublabel_below gfield--no-description field_description_below hidden_label field_validation_below gfield_visibility_visible\"  ><label class='gfield_label gform-field-label' for='input_2_1'>Correio eletr\u00f3nico<span class=\"gfield_required\"><span class=\"gfield_required gfield_required_text\">(Obrigat\u00f3rio)<\/span><\/span><\/label><div class='ginput_container ginput_container_email'>\n                            <input name='input_1' id='input_2_1' type='email' value='' class='large'    aria-required=\"true\" aria-invalid=\"false\"  \/>\n                        <\/div><\/div><fieldset id=\"field_2_3\" class=\"gfield gfield--type-consent gfield--type-choice gfield--input-type-consent gfield_contains_required field_sublabel_below gfield--no-description field_description_below hidden_label field_validation_below gfield_visibility_visible\"  ><legend class='gfield_label gform-field-label gfield_label_before_complex' >RGPD<span class=\"gfield_required\"><span class=\"gfield_required gfield_required_text\">(Obrigat\u00f3rio)<\/span><\/span><\/legend><div class='ginput_container ginput_container_consent'><input name='input_3.1' id='input_2_3_1' type='checkbox' value='1'   aria-required=\"true\" aria-invalid=\"false\"   \/> <label class=\"gform-field-label gform-field-label--type-inline gfield_consent_label\" for='input_2_3_1' >Sim, quero subscrever a newsletter mensal<span class=\"gfield_required gfield_required_text\">(Obrigat\u00f3rio)<\/span><\/label><input type='hidden' name='input_3.2' value='Sim, quero subscrever a newsletter mensal' class='gform_hidden' \/><input type='hidden' name='input_3.3' value='1' class='gform_hidden' \/><\/div><\/fieldset><div id=\"field_2_4\" class=\"gfield gfield--type-website gfield--input-type-website field_sublabel_below gfield--no-description field_description_below field_validation_below gfield_visibility_hidden\"  ><div class=\"admin-hidden-markup\"><i class=\"gform-icon gform-icon--hidden\" aria-hidden=\"true\" title=\"Este campo est\u00e1 escondido ao visualizar o formul\u00e1rio\"><\/i><span>Este campo est\u00e1 escondido ao visualizar o formul\u00e1rio<\/span><\/div><label class='gfield_label gform-field-label' for='input_2_4'>S\u00edtio Web<\/label><div class='ginput_container ginput_container_website'>\n                    <input name='input_4' id='input_2_4' type='url' value='https:\/\/madeiralovers.com\/pt-pt\/wp-json\/wp\/v2\/posts\/1873' class='large'    placeholder='https:\/\/'  aria-invalid=\"false\" \/>\n                <\/div><\/div><\/div><\/div>\n        <div class='gform-footer gform_footer top_label'> <input type='submit' id='gform_submit_button_2' class='gform_button button' onclick='gform.submission.handleButtonClick(this);' data-submission-type='submit' value='Inscreva-se'  \/> \n            <input type='hidden' class='gform_hidden' name='gform_submission_method' data-js='gform_submission_method_2' value='postback' \/>\n            <input type='hidden' class='gform_hidden' name='gform_theme' data-js='gform_theme_2' id='gform_theme_2' value='gravity-theme' \/>\n            <input type='hidden' class='gform_hidden' name='gform_style_settings' data-js='gform_style_settings_2' id='gform_style_settings_2' value='{&quot;theme&quot;:&quot;gravity-theme&quot;,&quot;inputPrimaryColor&quot;:&quot;#72bb20&quot;,&quot;buttonPrimaryBackgroundColor&quot;:&quot;#72bb20&quot;}' \/>\n            <input type='hidden' class='gform_hidden' name='is_submit_2' value='1' \/>\n            <input type='hidden' class='gform_hidden' name='gform_submit' value='2' \/>\n            \n            <input type='hidden' class='gform_hidden' name='gform_currency' data-currency='EUR' value='igG\/7oPSo+0m95rt2pbA8S7HTSReBCiM7Wgd6hUvAKeewpjLlenFIs06dNjUP3b0XiqmwCOHMyi+G1xjvxiazo4LRBDlUwO+Jg1AEuzGj6F++kM=' \/>\n            <input type='hidden' class='gform_hidden' name='gform_unique_id' value='' \/>\n            <input type='hidden' class='gform_hidden' name='state_2' value='WyJ7XCIzLjFcIjpcImMzMjZlZjU3NGQwMWFmNjhhYTg1YTk2ODk5ZTAyYmU1XCIsXCIzLjJcIjpcIjNlYzk2ZmUxZmJlNGJkZGZhMjk5MmU1OTAyNGU3Y2FmXCIsXCIzLjNcIjpcImMzMjZlZjU3NGQwMWFmNjhhYTg1YTk2ODk5ZTAyYmU1XCJ9IiwiYTdiZjQ2YTRmODliZjg5YmYzMTVjN2UwMWJkNzYyYjMiXQ==' \/>\n            <input type='hidden' autocomplete='off' class='gform_hidden' name='gform_target_page_number_2' id='gform_target_page_number_2' value='0' \/>\n            <input type='hidden' autocomplete='off' class='gform_hidden' name='gform_source_page_number_2' id='gform_source_page_number_2' value='1' \/>\n            <input type='hidden' name='gform_field_values' value='' \/>\n            \n        <\/div>\n                        <\/form>\n                        <\/div><script>\ngform.initializeOnLoaded( function() {gformInitSpinner( 2, 'https:\/\/madeiralovers.com\/wp-content\/plugins\/gravityforms\/images\/spinner.svg', true );jQuery('#gform_ajax_frame_2').on('load',function(){var contents = jQuery(this).contents().find('*').html();var is_postback = contents.indexOf('GF_AJAX_POSTBACK') >= 0;if(!is_postback){return;}var form_content = jQuery(this).contents().find('#gform_wrapper_2');var is_confirmation = jQuery(this).contents().find('#gform_confirmation_wrapper_2').length > 0;var is_redirect = contents.indexOf('gformRedirect(){') >= 0;var is_form = form_content.length > 0 && ! is_redirect && ! is_confirmation;var mt = parseInt(jQuery('html').css('margin-top'), 10) + parseInt(jQuery('body').css('margin-top'), 10) + 100;if(is_form){jQuery('#gform_wrapper_2').html(form_content.html());if(form_content.hasClass('gform_validation_error')){jQuery('#gform_wrapper_2').addClass('gform_validation_error');} else {jQuery('#gform_wrapper_2').removeClass('gform_validation_error');}setTimeout( function() { \/* delay the scroll by 50 milliseconds to fix a bug in chrome *\/  }, 50 );if(window['gformInitDatepicker']) {gformInitDatepicker();}if(window['gformInitPriceFields']) {gformInitPriceFields();}var current_page = jQuery('#gform_source_page_number_2').val();gformInitSpinner( 2, 'https:\/\/madeiralovers.com\/wp-content\/plugins\/gravityforms\/images\/spinner.svg', true );jQuery(document).trigger('gform_page_loaded', [2, current_page]);window['gf_submitting_2'] = false;}else if(!is_redirect){var confirmation_content = jQuery(this).contents().find('.GF_AJAX_POSTBACK').html();if(!confirmation_content){confirmation_content = contents;}jQuery('#gform_wrapper_2').replaceWith(confirmation_content);jQuery(document).trigger('gform_confirmation_loaded', [2]);window['gf_submitting_2'] = false;wp.a11y.speak(jQuery('#gform_confirmation_message_2').text());}else{jQuery('#gform_2').append(contents);if(window['gformRedirect']) {gformRedirect();}}jQuery(document).trigger(\"gform_pre_post_render\", [{ formId: \"2\", currentPage: \"current_page\", abort: function() { this.preventDefault(); } }]);        if (event && event.defaultPrevented) {                return;        }        const gformWrapperDiv = document.getElementById( \"gform_wrapper_2\" );        if ( gformWrapperDiv ) {            const visibilitySpan = document.createElement( \"span\" );            visibilitySpan.id = \"gform_visibility_test_2\";            gformWrapperDiv.insertAdjacentElement( \"afterend\", visibilitySpan );        }        const visibilityTestDiv = document.getElementById( \"gform_visibility_test_2\" );        let postRenderFired = false;        function triggerPostRender() {            if ( postRenderFired ) {                return;            }            postRenderFired = true;            gform.core.triggerPostRenderEvents( 2, current_page );            if ( visibilityTestDiv ) {                visibilityTestDiv.parentNode.removeChild( visibilityTestDiv );            }        }        function debounce( func, wait, immediate ) {            var timeout;            return function() {                var context = this, args = arguments;                var later = function() {                    timeout = null;                    if ( !immediate ) func.apply( context, args );                };                var callNow = immediate && !timeout;                clearTimeout( timeout );                timeout = setTimeout( later, wait );                if ( callNow ) func.apply( context, args );            };        }        const debouncedTriggerPostRender = debounce( function() {            triggerPostRender();        }, 200 );        if ( visibilityTestDiv && visibilityTestDiv.offsetParent === null ) {            const observer = new MutationObserver( ( mutations ) => {                mutations.forEach( ( mutation ) => {                    if ( mutation.type === 'attributes' && visibilityTestDiv.offsetParent !== null ) {                        debouncedTriggerPostRender();                        observer.disconnect();                    }                });            });            observer.observe( document.body, {                attributes: true,                childList: false,                subtree: true,                attributeFilter: [ 'style', 'class' ],            });        } else {            triggerPostRender();        }    } );} );\n<\/script>\n<\/div>\n\n\n\n<div class=\"wp-block-column is-layout-flow wp-block-column-is-layout-flow\" style=\"flex-basis:42%\">\n<div class=\"wp-block-genesis-blocks-gb-container aligncenter newsletter-radius gb-block-container\"><div class=\"gb-container-inside\"><div class=\"gb-container-content\"><div class=\"wp-block-image newsletter-image\">\n<figure class=\"aligncenter size-full\"><img loading=\"lazy\" decoding=\"async\" width=\"729\" height=\"792\" src=\"https:\/\/madeiralovers.com\/wp-content\/uploads\/2024\/01\/newsletter_FR_2.webp\" alt=\"\" class=\"wp-image-222\" srcset=\"https:\/\/madeiralovers.com\/wp-content\/uploads\/2024\/01\/newsletter_FR_2.webp 729w, https:\/\/madeiralovers.com\/wp-content\/uploads\/2024\/01\/newsletter_FR_2-276x300.webp 276w\" sizes=\"auto, (max-width: 729px) 100vw, 729px\" \/><\/figure>\n<\/div><\/div><\/div><\/div>\n<\/div>\n<\/div>\n<\/div><\/div><\/div>\n\n<h2 class=\"wp-block-heading\">7. Praia da Ribeira de Natal<\/h2>\n\n<figure class=\"wp-block-image size-large\"><img decoding=\"async\" src=\"https:\/\/photos.smugmug.com\/Madeira-Lovers\/Canical\/i-qLnWpJn\/1\/CprFG5fjhvRLq9685v94n8pM6F3q8V9tFMwH6ctZt\/L\/Canical_Madeira-9812-L.jpg\" alt=\"plataforma de mergulho\"\/><\/figure>\n\n<h3 class=\"wp-block-heading\">Porque gostamos dele<\/h3>\n\n<p>Existem v\u00e1rias praias na vila do Cani\u00e7al (mas aten\u00e7\u00e3o, a Praia do Cani\u00e7al fica fora da vila, ver #9).<br\/>Apaixon\u00e1mo-nos pela zona da Ribeira de Natal.<br\/>Primeiro, chegas a uma plataforma de bet\u00e3o sobre as rochas de lava, que te d\u00e1 acesso f\u00e1cil \u00e0 \u00e1gua e tamb\u00e9m te permite dar alguns saltos fant\u00e1sticos. E a vista \u00e9 soberba!<br\/>E se continuares, encontrar\u00e1s uma longa praia de calhau.<br\/>N\u00e3o \u00e9 muito grande, mas \u00e9 um local ideal para fazeres snorkeling!<br\/><a href=\"https:\/\/madeiralovers.com\/pt-pt\/visitar-aldeia-canical-o-que-fazer\/\" target=\"_blank\" rel=\"noreferrer noopener\">Descobre mais sobre o Cani\u00e7al<\/a>.<\/p>\n\n<figure class=\"wp-block-image size-large\"><img decoding=\"async\" src=\"https:\/\/photos.smugmug.com\/Madeira-Lovers\/Canical\/i-NR3cJK9\/1\/NxBbhVbWWBp7bzWfWhmB5ng62mb3HcWMXVpMKjkn\/L\/Canical_Madeira-9807-L.jpg\" alt=\"vista da Praia da Ribeira de Natal\"\/><\/figure>\n\n<h3 class=\"wp-block-heading\">Acesso<\/h3>\n\n<ul class=\"wp-block-list\">\n<li>Cidade do Cani\u00e7al<\/li>\n\n\n\n<li>No extremo nordeste da Madeira<\/li>\n\n\n\n<li>Do Funchal = 35 min de carro<\/li>\n\n\n\n<li>De Porto Moniz = 1h10 de carro<\/li>\n\n\n\n<li>Acesso muito f\u00e1cil<\/li>\n\n\n\n<li>Estacionamento gratuito na cidade e perto do Museu da Baleia<\/li>\n<\/ul>\n\n<h3 class=\"wp-block-heading\">Informa\u00e7\u00f5es \u00fateis<\/h3>\n\n<ul class=\"wp-block-list\">\n<li>Praia n\u00e3o vigiada<\/li>\n\n\n\n<li>Sem instala\u00e7\u00f5es<\/li>\n\n\n\n<li>Snack-bar junto \u00e0 plataforma<\/li>\n\n\n\n<li>Escola de mergulho<\/li>\n<\/ul>\n\n<h2 class=\"wp-block-heading\">8. Praia dos Reis Magos<\/h2>\n\n<figure class=\"wp-block-image size-large\"><img decoding=\"async\" src=\"https:\/\/photos.smugmug.com\/Madeira-Lovers\/Praia-dos-Reis-Magos\/i-s9FXZvS\/1\/CQhgb7KzvctrSRdsdpFVzSp6jkSfqg8PdbthCxG9v\/L\/Praia_dos_Reis_Magos_Madeira-7230192-L.jpg\" alt=\"Praia dos Reis Magos\"\/><\/figure>\n\n<h3 class=\"wp-block-heading\">Porque gostamos dele<\/h3>\n\n<p>A Praia dos Reis Magos \u00e9 uma praia pequena, mas onde n\u00e3o te vais aborrecer.<br\/>A praia de calhau cinzento, as fal\u00e9sias de lava ideais para a pr\u00e1tica de snorkeling, a piscina de \u00e1gua do mar e a escola de mergulho&#8230;<br\/>Aqui, a paix\u00e3o pelos desportos aqu\u00e1ticos \u00e9 partilhada.<\/p>\n\n<figure class=\"wp-block-image size-large\"><img decoding=\"async\" src=\"https:\/\/photos.smugmug.com\/Madeira-Lovers\/Praia-dos-Reis-Magos\/i-3WkrJWs\/1\/FGcjLGpRBSNsDPbX3WbCH6dNxK68GprQ7zb7JXswq\/L\/Praia_dos_Reis_Magos_Madeira-7230206-L.jpg\" alt=\"Snorkeling\"\/><\/figure>\n\n<h3 class=\"wp-block-heading\">Acesso<\/h3>\n\n<ul class=\"wp-block-list\">\n<li>Na costa leste da Madeira<\/li>\n\n\n\n<li>Cidade do Cani\u00e7o<\/li>\n\n\n\n<li>Do Funchal = 15 minutos de carro<\/li>\n\n\n\n<li>De Porto Moniz = 1h10 de carro<\/li>\n\n\n\n<li>Acesso f\u00e1cil ao parque de estacionamento<\/li>\n\n\n\n<li>Grande parque de estacionamento<\/li>\n\n\n\n<li>Depois, tens de descer uma encosta ou uma escada para chegar \u00e0 praia.<\/li>\n<\/ul>\n\n<h3 class=\"wp-block-heading\">Informa\u00e7\u00f5es \u00fateis<\/h3>\n\n<ul class=\"wp-block-list\">\n<li>Vigil\u00e2ncia sazonal<\/li>\n\n\n\n<li>Bar<\/li>\n\n\n\n<li>Casas de banho<\/li>\n<\/ul>\n\n<h2 class=\"wp-block-heading\">9. Prainha do Cani\u00e7al (areia preta)<\/h2>\n\n<figure class=\"wp-block-image size-large\"><img decoding=\"async\" src=\"https:\/\/photos.smugmug.com\/Madeira-Lovers\/Ponta-Sao-Louranco\/Prainha-Canical\/i-zhmmFBh\/0\/C5PBHH45WmLdkp8XB6rcbZf6CKwddQKFLDMsGHGL2\/L\/Prainha-Canical-L.jpg\" alt=\"Prainha do Cani&#xE7;al\"\/><\/figure>\n\n<h3 class=\"wp-block-heading\">Porque gostamos dele<\/h3>\n\n<p>Se vais descobrir as magn\u00edficas fal\u00e9sias da Ponta de S\u00e3o Louran\u00e7o, podes tamb\u00e9m combinar com uma visita \u00e0 praia de areia preta no sop\u00e9 das fal\u00e9sias.<br\/>Esta \u00e9 uma das poucas praias de areia natural da Madeira.<br\/>\u00c9 tamb\u00e9m ideal para os amantes da geologia e do mergulho.<\/p>\n\n<figure class=\"wp-block-image size-large\"><img decoding=\"async\" src=\"https:\/\/photos.smugmug.com\/Madeira-Lovers\/Ponta-Sao-Louranco\/Prainha-Canical\/i-pXz9kSk\/0\/CfnbH8TDnnKKsKJTh4xfZBWNCtkjvMzhgB8WqLPzF\/L\/Prainha-Canical-1-L.jpghttps:\/\/photos.smugmug.com\/Madeira-Lovers\/Ponta-Sao-Louranco\/Prainha-Canical\/i-pXz9kSk\/0\/CfnbH8TDnnKKsKJTh4xfZBWNCtkjvMzhgB8WqLPzF\/L\/Prainha-Canical-1-L.jpg\" alt=\"Praia de areia preta da Prainha do Cani&#xE7;al\"\/><\/figure>\n\n<h3 class=\"wp-block-heading\">Acesso<\/h3>\n\n<ul class=\"wp-block-list\">\n<li>Ponto nordeste da Madeira<\/li>\n\n\n\n<li>Do Funchal = 40 minutos de carro<\/li>\n\n\n\n<li>De Porto Moniz = 1h10 de carro<\/li>\n\n\n\n<li>Parque de estacionamento no cimo das fal\u00e9sias (cerca de 55 lugares) &#8211; enche durante a tarde<\/li>\n\n\n\n<li>Acesso f\u00e1cil ao parque de estacionamento<\/li>\n\n\n\n<li>O caminho que desce at\u00e9 \u00e0 praia \u00e9 bastante \u00edngreme (e a subida de volta \u00e9 no regresso!).<\/li>\n<\/ul>\n\n<h3 class=\"wp-block-heading\">Informa\u00e7\u00f5es \u00fateis<\/h3>\n\n<ul class=\"wp-block-list\">\n<li>Praia n\u00e3o vigiada<\/li>\n\n\n\n<li>Snack-bar na \u00e9poca<\/li>\n\n\n\n<li>Casas de banho, duches<\/li>\n<\/ul>\n\n<h2 class=\"wp-block-heading\">10. Praia de Garajau<\/h2>\n\n<figure class=\"wp-block-image size-large\"><img decoding=\"async\" src=\"https:\/\/photos.smugmug.com\/Madeira-Lovers\/Garajau\/Beach\/i-Sv86nxp\/1\/JcJKkbtTbw5QVgJmc8xWXPNt8v6HqctMcFpnhRJx\/L\/Ponta_do_Garajau_Madeira-7230133-L.jpg\" alt=\"Praia de Garajau\"\/><\/figure>\n\n<h3 class=\"wp-block-heading\">Porque gostamos dele<\/h3>\n\n<p>Garajau \u00e9 uma bonita praia de calhau cinzento onde podes apanhar um dos <a href=\"https:\/\/madeiralovers.com\/pt-pt\/telefericos-madeira\/\" target=\"_blank\" rel=\"noreferrer noopener\">7 telef\u00e9ricos da ilha<\/a> para o mar.  <br\/>Tem um ambiente agrad\u00e1vel e \u00e9 popular para a pr\u00e1tica de snorkelling, com as suas interessantes fal\u00e9sias.<\/p>\n\n<figure class=\"wp-block-image size-large\"><img decoding=\"async\" src=\"https:\/\/photos.smugmug.com\/Madeira-Lovers\/Garajau\/Beach\/i-RgBsVW3\/1\/FMTQRNTM7q2ttSHLBf9bfm6ZBktm2b4Wf3vFv32R9\/L\/Ponta_do_Garajau_Madeira-7230151-L.jpg\" alt=\"praia de calhau do Garajau\"\/><\/figure>\n\n<h3 class=\"wp-block-heading\">Acesso<\/h3>\n\n<ul class=\"wp-block-list\">\n<li>A leste da costa sul<\/li>\n\n\n\n<li>Cidade de Garajau, perto da est\u00e1tua de Cristo<\/li>\n\n\n\n<li>Do Funchal = 20 minutos de carro<\/li>\n\n\n\n<li>De Porto Moniz = 1 hora de carro<\/li>\n\n\n\n<li>Grande parque de estacionamento mas localiza\u00e7\u00e3o muito popular<\/li>\n\n\n\n<li>Descida para a praia de telef\u00e9rico ou a p\u00e9<\/li>\n<\/ul>\n\n<h3 class=\"wp-block-heading\">Informa\u00e7\u00f5es \u00fateis<\/h3>\n\n<ul class=\"wp-block-list\">\n<li>Praia vigiada na \u00e9poca alta<\/li>\n\n\n\n<li>Casas de banho<\/li>\n\n\n\n<li>Chuveiros<\/li>\n\n\n\n<li>Restaurante<\/li>\n<\/ul>\n\n<div style=\"margin-top:8%;margin-bottom:8%\" class=\"wp-block-genesis-blocks-gb-container box gb-block-container\"><div class=\"gb-container-inside\"><div class=\"gb-container-content\">\n<div class=\"wp-block-columns inverse box_planif is-layout-flex wp-container-core-columns-is-layout-9d6595d7 wp-block-columns-is-layout-flex\">\n<div class=\"wp-block-column texte_planif is-layout-flow wp-block-column-is-layout-flow\" style=\"flex-basis:58%\">\n<h5 class=\"titre_box\">O NOSSO CONSELHO PARA ALUGAR O SEU CARRO EM <span class=\"titre_box_manuscrit\">\nMadeira<\/span><\/h5>\n\n\n\n<ul style=\"font-size:14px\" class=\"liste_voiture wp-block-list\">\n<li>Compare os pre\u00e7os na nossa plataforma preferida: <a href=\"https:\/\/www.discovercars.com\/pt\/portugal\/madeira?a_aid=zigzag&amp;chan=madeira\" target=\"_blank\" rel=\"noreferrer noopener sponsored nofollow\">DiscoverCars<\/a> &#8211; um dos s\u00edtios mais bem classificados.<\/li>\n\n\n\n<li>Leve um carro com um bom motor para estradas inclinadas, mas n\u00e3o demasiado grande para manobrar.<\/li>\n\n\n\n<li>H\u00e1 muita procura e poucos carros, por isso, <strong>reserve com<\/strong> anteced\u00eancia.<\/li>\n<\/ul>\n<\/div>\n\n\n\n<div class=\"wp-block-column planif-radius-3 is-layout-flow wp-block-column-is-layout-flow\" style=\"flex-basis:42%\">\n<figure class=\"wp-block-image size-large is-resized\"><img decoding=\"async\" src=\"https:\/\/photos.smugmug.com\/Travel\/Madeira\/2i-Miadouro\/i-j86nfB5\/2\/DRCCwrZmGLt2TxcQqRkkLrm3JR55K3NLchGxDNsx6\/S\/driving_Madeira-7130748-S.jpg\" alt=\"Aluguer de autom&#xF3;veis em Madeira\" title=\"\"\/><\/figure>\n<\/div>\n<\/div>\n\n\n\n<div class=\"wp-block-columns planif_bouton is-layout-flex wp-container-core-columns-is-layout-9d6595d7 wp-block-columns-is-layout-flex\">\n<div class=\"wp-block-column is-layout-flow wp-block-column-is-layout-flow\" style=\"flex-basis:50%\">\n<div class=\"wp-block-buttons is-content-justification-center is-layout-flex wp-container-core-buttons-is-layout-16018d1d wp-block-buttons-is-layout-flex\">\n<div class=\"wp-block-button has-custom-font-size\" style=\"font-size:14px\"><a class=\"wp-block-button__link has-white-color has-text-color wp-element-button\" href=\"https:\/\/www.discovercars.com\/pt\/portugal\/madeira?a_aid=zigzag&amp;amp;chan=madeira\" style=\"border-radius:4px\" target=\"_blank\" rel=\"noreferrer noopener\">Ver os carros &gt;&gt;<\/a><\/div>\n<\/div>\n<\/div>\n\n\n\n<div class=\"wp-block-column is-vertically-aligned-center is-layout-flow wp-block-column-is-layout-flow\" style=\"flex-basis:50%\">\n<p class=\"has-text-align-center\" style=\"font-size:14px\"><strong><a href=\"https:\/\/madeiralovers.com\/pt-pt\/como-alugar-carro-madeira-dicas-experiencia\/\" target=\"_blank\" rel=\"noreferrer noopener\">Ver os nossos conselhos<\/a><\/strong><\/p>\n<\/div>\n<\/div>\n<\/div><\/div><\/div>\n\n<h2 class=\"wp-block-heading\">10. Praia do Almirante Reis (Praia do Funchal)<\/h2>\n\n<figure class=\"wp-block-image size-large\"><img decoding=\"async\" src=\"https:\/\/photos.smugmug.com\/Madeira-Lovers\/Funchal\/Praia-do-Almirante-Reis\/i-hFDszMw\/0\/FMPLKswgN57hDzTPQSBdcrbWs97K7Kc6H7rVdnZQL\/L\/beach_Funchal_Madeira-9130-L.jpg\" alt=\"Praia do Almirante Reis: a praia do Funchal\"\/><\/figure>\n\n<h3 class=\"wp-block-heading\">Porque gostamos dele<\/h3>\n\n<p>N\u00e3o \u00e9 a mais bonita nem a mais agrad\u00e1vel, mas \u00e9 a mais f\u00e1cil de chegar se estiveres alojado no centro do Funchal.<br\/>\u00c9 uma pequena enseada com grandes seixos.<\/p>\n\n<h3 class=\"wp-block-heading\">Acesso e informa\u00e7\u00f5es \u00fateis<\/h3>\n\n<ul class=\"wp-block-list\">\n<li>No Funchal<\/li>\n\n\n\n<li>Perto da esta\u00e7\u00e3o inferior do Monte<\/li>\n\n\n\n<li>N\u00e3o supervisionado<\/li>\n<\/ul>\n\n<h2 class=\"wp-block-heading\">12. Praia Formosa (a oeste do Funchal)<\/h2>\n\n<figure class=\"wp-block-image size-large\"><img decoding=\"async\" src=\"https:\/\/photos.smugmug.com\/Madeira-Lovers\/Funchal\/Praia-Formosa\/i-8bQWk53\/1\/DbJGQjKJ2NbFZmSQLJPVcSwKGR696F22FF2WRD4gK\/L\/Praia_Formosa_Madeira-7173115-L.jpg\" alt=\"Praia Formosa\"\/><\/figure>\n\n<h3 class=\"wp-block-heading\">Porque gostamos dele<\/h3>\n\n<p>Esta \u00e9 a maior praia perto do Funchal e uma das maiores da ilha.<br\/>A enseada est\u00e1 coberta de grandes seixos cinzentos e de areia preta (para facilitar a entrada na \u00e1gua).<br\/>N\u00e3o h\u00e1 quebra-mares para bloquear as ondas, por isso n\u00e3o \u00e9 uma praia ideal para crian\u00e7as.<\/p>\n\n<figure class=\"wp-block-image size-large\"><img decoding=\"async\" src=\"https:\/\/photos.smugmug.com\/Madeira-Lovers\/Funchal\/Praia-Formosa\/i-BJXNBkB\/1\/DR5JZSQTtzG8q9fLnVKNTnx2hZCWFQGxcJLqVGGZb\/L\/Praia_Formosa_Madeira-7173118-L.jpg\" alt=\"A Praia de Formosa e os seus calhaus rolados\"\/><\/figure>\n\n<h3 class=\"wp-block-heading\">Acesso e informa\u00e7\u00f5es \u00fateis<\/h3>\n\n<ul class=\"wp-block-list\">\n<li>Oeste do Funchal<\/li>\n\n\n\n<li>1 hora a p\u00e9 ou menos de 10 minutos de carro ou autocarro n\u00famero 1<\/li>\n\n\n\n<li>N\u00e3o supervisionado<\/li>\n\n\n\n<li>Snack-bares<\/li>\n<\/ul>\n\n<h2 class=\"wp-block-heading\">Praia de Porto Santo (ilha vizinha)<\/h2>\n\n<figure class=\"wp-block-image size-large\"><img decoding=\"async\" src=\"https:\/\/photos.smugmug.com\/Madeira-Lovers\/Porto-Santo\/Porto-Santo-Beach\/i-7PGDxWj\/1\/FHShj6ZQPZ7RdfwtgtFVDcQM24DdHJtSHmBjJhzqK\/L\/beach_Praia_Porto_Santo-9250-L.jpg\" alt=\"A longa praia de areia do Porto Santo\"\/><\/figure>\n\n<h3 class=\"wp-block-heading\">Porque gostamos dele<\/h3>\n\n<p>Se sonhas com uma longa praia de areia, n\u00e3o precisas de ir \u00e0 Madeira, mas sim ao <a href=\"https:\/\/madeiralovers.com\/pt-pt\/o-que-fazer-porto-santo-visitar\/\">Porto <\/a><a href=\"https:\/\/madeiralovers.com\/pt-pt\/o-que-fazer-porto-santo-visitar\/\" target=\"_blank\" rel=\"noreferrer noopener\">Santo<\/a>, a pequena ilha vizinha.<br\/>Quando chegares a Porto Santo de ferry, ficar\u00e1s deslumbrado com a sua longa praia de areia dourada.<br\/>Estende-se majestosamente ao longo de 9 quil\u00f3metros!<br\/>A sua areia fina e macia \u00e9 ideal para relaxar, brincar e dar longos passeios com os p\u00e9s na \u00e1gua.<br\/>Achamo-la particularmente bonita no seu extremo sul, do lado da Ponta da Calheta, com a sua vista sobre a ilha do Ilh\u00e9u da Cal.<\/p>\n\n<figure class=\"wp-block-image size-large\"><img decoding=\"async\" src=\"https:\/\/photos.smugmug.com\/Madeira-Lovers\/Porto-Santo\/Porto-Santo-Beach\/i-SL4Cmnv\/1\/KrC8pbgQVPrHvdVrbct7MMD3Rz9GQNmWZVdBX9bL\/L\/beach_Praia_Porto_Santo-7183846-L.jpg\" alt=\"Fim da praia do Porto Santo com a ilha\"\/><\/figure>\n\n<h3 class=\"wp-block-heading\">Acesso e informa\u00e7\u00f5es \u00fateis<\/h3>\n\n<ul class=\"wp-block-list\">\n<li>2h30 de ferry <span style=\"font-family: Inter; font-size: 16px; white-space-collapse: collapse;\">&#8211; <\/span><a style=\"box-sizing: inherit; transition: color 0.2s ease-in-out 0s, background-color 0.2s ease-in-out 0s; font-family: Inter; font-size: 16px; white-space-collapse: collapse;\" href=\"https:\/\/www.directferries.com\/?dfpid=1915\" target=\"_blank\" rel=\"noreferrer noopener sponsored nofollow\">Reserva o teu ferry<\/a><\/li>\n\n\n\n<li>Acesso f\u00e1cil \u00e0 praia<\/li>\n\n\n\n<li>Casas de banho, duches e restaurantes nas imedia\u00e7\u00f5es<\/li>\n\n\n\n<li>Caiaque, mergulho com snorkel e mergulho, especialmente no extremo sul.<\/li>\n<\/ul>\n\n<h2 class=\"wp-block-heading\">Outras praias de topo para paisagens e surf<\/h2>\n\n<h3 class=\"wp-block-heading\"><strong>Calhau da Lapa<\/strong><\/h3>\n\n<figure class=\"wp-block-image size-large\"><img decoding=\"async\" src=\"https:\/\/photos.smugmug.com\/Madeira-Lovers\/Calhau-da-Lapa\/i-KXDSFbW\/1\/DvQsZQw9Jvg83S6d4HgwWj23FVdkm2ZsQRMNNtxGV\/L\/Calhau_da_Lapa_beach_Madeira-7172873-L.jpg\" alt=\"Calhau da Lapa\"\/><\/figure>\n\n<p>Uma praia rochosa fora dos circuitos habituais, acess\u00edvel a p\u00e9 (700 degraus) ou de barco.<br\/>A zona \u00e9 soberba, com as suas fal\u00e9sias coloridas e as suas casas de pescadores trogloditas.<br\/>Do Funchal: 20 min de carro + caminhada<\/p>\n\n<h3 class=\"wp-block-heading\"><strong>Praia de Ilh\u00e9us da Ribeira da Janela<\/strong><\/h3>\n\n<figure class=\"wp-block-image size-large\"><img decoding=\"async\" src=\"https:\/\/photos.smugmug.com\/Madeira-Lovers\/Praia-Ilheus-da-Ribeira-da-Janela\/i-KMCsP3w\/1\/FSTjqhzjJdTmsKv63xdb47cCcx3Sjdzjvg4xrvG9s\/L\/Praia_Iheus_Ribeira_Janela_Madeira-7141386-L.jpg\" alt=\"Praia de Ilh&#xE9;us da Ribeira da Janela\"\/><\/figure>\n\n<p>Praias com rochas muito grandes e ilhotas rochosas perto da costa.<br\/>E mesmo que n\u00e3o queiras trepar as enormes rochas (correndo o risco de torcer o tornozelo), podes subir ao interior de uma fal\u00e9sia at\u00e9 um miradouro.<br\/>Do Funchal = 1 hora de carro (perto do Porto Moniz)<\/p>\n\n<h3 class=\"wp-block-heading\">Praia do Porto da Cruz<\/h3>\n\n<figure class=\"wp-block-image size-large\"><img decoding=\"async\" src=\"https:\/\/photos.smugmug.com\/Madeira-Lovers\/Porto-da-Cruz\/Town\/i-BwzQSZH\/0\/Ddftv4Q7Pxnmg6fc4B8hnSvbGPRzGTtdrKnGhHdD7\/L\/Porto_da_Cruz_Madeira-8399-L.jpg\" alt=\"Praia do Porto da Cruz\"\/><\/figure>\n\n<p>Uma pequena praia de calhau preto no sop\u00e9 da imponente montanha da Penha de \u00c1guia, com mais de 550 metros de altura. As vistas do passeio mar\u00edtimo s\u00e3o soberbas!<br\/>Do Funchal = 35 min de carro<\/p>\n\n<h3 class=\"wp-block-heading\">Praia do Jardim do Mar (ideal para a pr\u00e1tica de surf)<\/h3>\n\n<figure class=\"wp-block-image size-large\"><img decoding=\"async\" src=\"https:\/\/photos.smugmug.com\/Travel\/Madeira\/4j-Jardim-do-Mar\/i-BtvNccs\/2\/jgHWFwsKkkVp49wQcRMgC29mrmfsNB2w4XRX4G6D\/L\/Jardim_do_Mar_Madeira-7152113-L.jpg\" alt=\"Passeio mar&#xED;timo do Jardim do Mar\"\/><\/figure>\n\n<p>No Jardim do Mar, ador\u00e1mos as vistas do passeio mar\u00edtimo.<br\/>N\u00e3o h\u00e1 uma praia propriamente dita, mas uma plataforma alcatroada que d\u00e1 acesso ao mar. No entanto, a zona \u00e9 conhecida como um dos melhores spots de surf da Madeira.<br\/>Do Funchal = 1 hora de carro<br\/><a href=\"https:\/\/madeiralovers.com\/pt-pt\/visitar-aldeia-jardim-do-mar-o-que-fazer\/\" target=\"_blank\" rel=\"noreferrer noopener\">Descobre mais sobre o Jardim do Mar<\/a>.<\/p>\n\n<h3 class=\"wp-block-heading\">E ainda mais praias<\/h3>\n\n<p>E se quiseres mais ideias de praias, porque queres saber tudo, h\u00e1 outras praias de calhau:<\/p>\n\n<ul class=\"wp-block-list\">\n<li>Praia da Ribeira Brava<\/li>\n\n\n\n<li>Praia <a href=\"https:\/\/madeiralovers.com\/pt-pt\/visitar-aldeia-madalena-do-mar-o-que-fazer\/\" target=\"_blank\" rel=\"noreferrer noopener\">da Madalena do<\/a> Mar<\/li>\n\n\n\n<li>Praia <a href=\"https:\/\/madeiralovers.com\/pt-pt\/visitar-aldeia-paul-do-mar-o-que-fazer\/\" target=\"_blank\" rel=\"noreferrer noopener\">do Paul do Mar<\/a> (surf)<\/li>\n\n\n\n<li>Praia de Santa Cruz<\/li>\n<\/ul>\n\n<h2 class=\"wp-block-heading\">Outros s\u00edtios para nadar: piscinas naturais (Porto Moniz, Seixal&#8230;)<\/h2>\n\n<figure class=\"wp-block-image size-large\"><img decoding=\"async\" src=\"https:\/\/photos.smugmug.com\/Madeira-Lovers\/Porto-Moniz\/Natural-pools\/i-pJD88Td\/1\/kgQTHJ9v8Gc6xTsKrwDXCHMRJwpLpNWdg3k27sWS\/L\/natural_pools_Porto_Moniz_Madeira-8756-L.jpg\" alt=\"Piscinas naturais do Porto Moniz\"\/><figcaption class=\"wp-element-caption\">Piscinas naturais do Porto Moniz<\/figcaption><\/figure>\n\n<p>Claro que a Madeira n\u00e3o \u00e9 um para\u00edso de praia. Mas ainda podes desfrutar de experi\u00eancias de nata\u00e7\u00e3o excepcionais, gra\u00e7as \u00e0s piscinas naturais formadas por rochas de lava arrefecidas pelo mar.<br\/>Os mais conhecidos encontram-se em Porto Moniz. S\u00e3o de f\u00e1cil acesso, com v\u00e1rios bra\u00e7os para uma boa nata\u00e7\u00e3o. As vistas das piscinas s\u00e3o deslumbrantes: uma ilha, montanhas verdes e o mar!<br\/>A outra op\u00e7\u00e3o excecional \u00e9 no Seixal com o arco de lava! Mas tens de fazer um esfor\u00e7o para descer at\u00e9 ao sop\u00e9 das fal\u00e9sias e apreci\u00e1-las.<\/p>\n\n<p>Se n\u00e3o quiseres ir de carro, h\u00e1 excurs\u00f5es organizadas que te levam a ver estas piscinas, no meio de um passeio pela ilha &#8211; <a href=\"https:\/\/www.getyourguide.pt\/madere-l67\/depuis-funchal-terrasses-enchantees-et-porto-do-moniz-t59626\/?partner_id=R3GYW4V&amp;cmp=madeira\" target=\"_blank\" rel=\"noreferrer noopener sponsored nofollow\">ver programa e disponibilidade<\/a>.<\/p>\n\n<p>Cuidado: evita as piscinas entre as 11 e as 15 horas, quando a maioria dos turistas as visita. Ter\u00e1s uma melhor experi\u00eancia fora deste hor\u00e1rio.<\/p>\n\n<p>V\u00ea o nosso artigo sobre as piscinas naturais da Madeira (em breve).<\/p>\n\n<h2 class=\"wp-block-heading\">Quando nadar na Madeira<\/h2>\n\n<p>O ver\u00e3o \u00e9 o per\u00edodo com as temperaturas mais elevadas (mas tamb\u00e9m com as maiores multid\u00f5es).<br\/>No entanto, deves ter em aten\u00e7\u00e3o que o mar da Madeira \u00e9 bastante profundo, pelo que n\u00e3o \u00e9 aqui que encontrar\u00e1s as temperaturas mais elevadas. Podes esperar:  <\/p>\n\n<ul class=\"wp-block-list\">\n<li>17 a 19\u00b0C na primavera<\/li>\n\n\n\n<li>21 a 23\u00b0C no ver\u00e3o<\/li>\n\n\n\n<li>20 a 22\u00b0C no outono<\/li>\n\n\n\n<li>17 a 19\u00b0C no inverno<\/li>\n<\/ul>\n\n<div style=\"margin-top:8%;margin-bottom:8%\" class=\"wp-block-genesis-blocks-gb-container box gb-block-container\"><div class=\"gb-container-inside\"><div class=\"gb-container-content\" style=\"max-width:700px\">\n<div class=\"wp-block-genesis-blocks-gb-container box_titre gb-block-container\"><div class=\"gb-container-inside\"><div class=\"gb-container-content\">\n<h5 class=\"titre_box\">PLANEJE A SUA ESTADIA NA <span class=\"titre_box_manuscrit\">madeira<\/span><\/h5>\n<\/div><\/div><\/div>\n\n\n\n<hr class=\"wp-block-separator has-text-color has-alpha-channel-opacity has-background is-style-wide hr-box-planif\" style=\"background-color:#ccd3dd;color:#ccd3dd\"\/>\n\n\n\n<div class=\"wp-block-columns box_sans_border is-layout-flex wp-container-core-columns-is-layout-9d6595d7 wp-block-columns-is-layout-flex\">\n<div class=\"wp-block-column texte_planif is-layout-flow wp-block-column-is-layout-flow\" style=\"font-size:14px;flex-basis:60%\">\n<p class=\"option_titre2\"><strong>O melhor de<\/strong><\/p>\n\n\n\n<p style=\"font-size:16px\"><a href=\"https:\/\/madeiralovers.com\/pt-pt\/o-que-fazer-madeira-atracoes\/\">O que fazer na Madeira<\/a><br\/><a href=\"https:\/\/madeiralovers.com\/pt-pt\/melhores-miradouros-madeira\/\" target=\"_blank\" rel=\"noreferrer noopener\">Os mais belos miradouros<\/a><br\/><a href=\"https:\/\/madeiralovers.com\/pt-pt\/melhores-praias-madeira\/\" target=\"_blank\" rel=\"noreferrer noopener\">As praias mais bonitas da Madeira<\/a><br\/><a href=\"https:\/\/madeiralovers.com\/pt-pt\/melhores-jardins-madeira\/\" target=\"_blank\" rel=\"noreferrer noopener\">Os mais belos jardins<\/a><br\/><a href=\"https:\/\/madeiralovers.com\/pt-pt\/piscinas-naturais-madeira\/\" target=\"_blank\" rel=\"noreferrer noopener\">Piscinas naturais<\/a><br\/><a href=\"https:\/\/madeiralovers.com\/pt-pt\/melhores-caminhadas-madeira\/\" target=\"_blank\" rel=\"noreferrer noopener\">Os melhores passeios<\/a><br\/><a href=\"https:\/\/madeiralovers.com\/pt-pt\/estradas-mas-bonitas-madeira\/\" target=\"_blank\" rel=\"noreferrer noopener\">As estradas mais bonitas<\/a><br\/><a href=\"https:\/\/madeiralovers.com\/pt-pt\/locais-secretos-madeira\/\" target=\"_blank\" rel=\"noreferrer noopener\">Lugares secretos<\/a><\/p>\n<\/div>\n\n\n\n<div class=\"wp-block-column is-vertically-aligned-top planif-radius is-layout-flow wp-block-column-is-layout-flow\" style=\"flex-basis:40%\">\n<figure class=\"wp-block-image size-large img-portrait\"><img decoding=\"async\" src=\"https:\/\/photos.smugmug.com\/Travel\/Madeira\/13d-Rocha-do-Navio\/i-T3f6J48\/2\/d3DHMbHtwPMz7Tj9qDPmRxGpbxx5RBRCr4LrPp2c\/S\/Roacha_do_Navio_cable_car_Madeira-7241164-S.jpg\" alt=\"Rocha Navia\" title=\"\"\/><\/figure>\n<\/div>\n<\/div>\n\n\n\n<hr class=\"wp-block-separator has-text-color has-alpha-channel-opacity has-background is-style-wide hr-box-planif\" style=\"background-color:#ccd3dd;color:#ccd3dd\"\/>\n\n\n\n<div class=\"wp-block-columns box_sans_border is-layout-flex wp-container-core-columns-is-layout-9d6595d7 wp-block-columns-is-layout-flex\">\n<div class=\"wp-block-column texte_planif is-layout-flow wp-block-column-is-layout-flow\" style=\"font-size:14px;flex-basis:60%\">\n<p class=\"option_titre\"><strong>Conselhos pr\u00e1ticos<\/strong><\/p>\n\n\n\n<p style=\"font-size:16px\"><a href=\"https:\/\/madeiralovers.com\/pt-pt\/deslocar-madeira-transportes\/\" target=\"_blank\" rel=\"noreferrer noopener\">Getting around Madeira<\/a><br\/><a href=\"https:\/\/madeiralovers.com\/pt-pt\/como-alugar-carro-madeira-dicas-experiencia\/\" target=\"_blank\" rel=\"noreferrer noopener\">Alugar um carro na Madeira<\/a><br\/><a href=\"https:\/\/madeiralovers.com\/pt-pt\/conduzir-madeira-conselhos\/\" target=\"_blank\" rel=\"noreferrer noopener\">Conduzir na Madeira<\/a><\/p>\n\n\n\n<p style=\"font-size:16px\"><a href=\"https:\/\/madeiralovers.com\/pt-pt\/onde-ficar-madeira-melhores-destinos\/\" target=\"_blank\" rel=\"noreferrer noopener\">Onde ficar na Madeira<\/a><\/p>\n\n\n\n<p style=\"font-size:16px\">Itiner\u00e1rios: 3 dias &#8211; 4 dias &#8211; <a href=\"https:\/\/madeiralovers.com\/pt-pt\/visitar-madeira-5-dias-itinerario\/\" target=\"_blank\" rel=\"noreferrer noopener\">5 dias<\/a> &#8211; <a href=\"https:\/\/madeiralovers.com\/pt-pt\/visitar-madeira-6-dias-itinerario\/\" target=\"_blank\" rel=\"noreferrer noopener\">6 dias<\/a> &#8211; <a href=\"https:\/\/madeiralovers.com\/pt-pt\/visitar-madeira-uma-semana-itinerario\/\" target=\"_blank\" rel=\"noreferrer noopener\">7 dias<\/a> &#8211; <a href=\"https:\/\/madeiralovers.com\/pt-pt\/visitar-madeira-10-dias-itinerario\/\" target=\"_blank\" rel=\"noreferrer noopener\">10 dias<\/a><\/p>\n<\/div>\n\n\n\n<div class=\"wp-block-column is-vertically-aligned-top planif-radius is-layout-flow wp-block-column-is-layout-flow\" style=\"flex-basis:40%\">\n<figure class=\"wp-block-image size-large img-portrait\"><img decoding=\"async\" src=\"https:\/\/photos.smugmug.com\/Travel\/Madeira\/Driving\/i-xNmkb72\/2\/DF578h2B7Q6RbR84FZXN5v8D7vg6nLZ9dzBdrJ2rZ\/S\/driving_Madeira-7241434-S.jpg\" alt=\"Conduzir na Madeira\" title=\"\"\/><\/figure>\n<\/div>\n<\/div>\n\n\n\n<hr class=\"wp-block-separator has-text-color has-alpha-channel-opacity has-background is-style-wide hr-box-planif\" style=\"background-color:#ccd3dd;color:#ccd3dd\"\/>\n\n\n\n<div class=\"wp-block-columns box_sans_border is-layout-flex wp-container-core-columns-is-layout-9d6595d7 wp-block-columns-is-layout-flex\">\n<div class=\"wp-block-column texte_planif is-layout-flow wp-block-column-is-layout-flow\" style=\"font-size:14px;flex-basis:60%\">\n<p class=\"option_titre\"><strong>Locais a n\u00e3o perder<\/strong><\/p>\n\n\n\n<p style=\"font-size:16px\"><a href=\"https:\/\/madeiralovers.com\/pt-pt\/excursao-dolfins-madeira-baleias\/\" target=\"_blank\" rel=\"noreferrer noopener\">Observa\u00e7\u00e3o de golfinhos<\/a><br\/><a href=\"https:\/\/madeiralovers.com\/pt-pt\/o-que-fazer-funchal-visitar\/\" target=\"_blank\" rel=\"noreferrer noopener\">O que fazer no Funchal<\/a><br\/><a href=\"https:\/\/madeiralovers.com\/pt-pt\/o-que-fazer-camera-de-lobos-madeira-visitar\/\" target=\"_blank\" rel=\"noreferrer noopener\">C\u00e2mara de Lobos<\/a><br\/><a href=\"https:\/\/madeiralovers.com\/pt-pt\/o-que-fazer-ponta-do-sol-visitar\/\" target=\"_blank\" rel=\"noreferrer noopener\">Ponta do Sol<\/a><br\/><a href=\"https:\/\/madeiralovers.com\/pt-pt\/o-que-fazer-santana-madeira-visitar\/\">Santana<\/a><br\/><a href=\"https:\/\/madeiralovers.com\/pt-pt\/o-que-fazer-pico-do-arieiro-madeira\/\" target=\"_blank\" rel=\"noreferrer noopener\">Pico do Arieiro<\/a><br\/><a href=\"https:\/\/madeiralovers.com\/pt-pt\/o-que-fazer-porto-santo-visitar\/\" target=\"_blank\" rel=\"noreferrer noopener\">O que fazer em Porto Santo<\/a><\/p>\n<\/div>\n\n\n\n<div class=\"wp-block-column is-vertically-aligned-top planif-radius is-layout-flow wp-block-column-is-layout-flow\" style=\"flex-basis:40%\">\n<figure class=\"wp-block-image size-large img-portrait\"><img decoding=\"async\" src=\"https:\/\/photos.smugmug.com\/Travel\/Madeira\/6c-Camara-dos-Lobos\/i-zH7D8Tv\/2\/DpttrQSghWXj2DKMm3VHbFkhFMLsTFhS37sRFTxNz\/S\/camara_dos_Lobos_Madeira-7173015-S.jpg\" alt=\"C&#xE2;mara de Lobos\" title=\"\"\/><\/figure>\n<\/div>\n<\/div>\n<\/div><\/div><\/div>\n\n<div class=\"wp-block-genesis-blocks-gb-container box_auteur_voyage gb-block-container\"><div class=\"gb-container-inside\"><div class=\"gb-container-content\">\n<figure class=\"wp-block-image size-large img_auteur_voyage\"><a href=\"https:\/\/madeiralovers.com\/pt-pt\/claire-robinson\/\" target=\"_blank\" rel=\"noreferrer noopener\"><img decoding=\"async\" src=\"https:\/\/photos.smugmug.com\/Madeira-Lovers\/Portraits-equipe\/i-WCb99j5\/0\/2d0b98a0\/L\/regionlovers-3-L.jpg\" alt=\"\"\/><\/a><\/figure>\n\n\n\n<h5 class=\"titre_auteur_voyage\"><span>FEZ A VIAGEM E ESCREVEU O ARTIGO \n <\/span><span class=\"titre_box_manuscrit\">Claire<\/span><\/h5>\n<\/div><\/div><\/div>\n\n<p><\/p>\n\n<p><\/p>\n","protected":false},"excerpt":{"rendered":"<p>A Madeira n\u00e3o \u00e9 o destino ideal para quem sonha com areia fina, mas ainda assim podes desfrutar de algumas praias agrad\u00e1veis onde podes relaxar e apanhar sol.Aqui tens a nossa sele\u00e7\u00e3o das praias mais bonitas da Madeira, com um mapa e as nossas dicas \u00fateis em imagens! As praias mais bonitas da Madeira &#8211; [&hellip;]<\/p>\n","protected":false},"author":2,"featured_media":1858,"comment_status":"closed","ping_status":"closed","sticky":false,"template":"","format":"standard","meta":{"_genesis_hide_title":false,"_genesis_hide_breadcrumbs":false,"_genesis_hide_singular_image":false,"_genesis_hide_footer_widgets":false,"_genesis_custom_body_class":"","_genesis_custom_post_class":"","_genesis_layout":"","footnotes":""},"categories":[54],"tags":[],"class_list":{"0":"post-1873","1":"post","2":"type-post","3":"status-publish","4":"format-standard","5":"has-post-thumbnail","7":"category-os-locais-mais-bonitos-da-madeira","8":"entry"},"yoast_head":"<!-- This site is optimized with the Yoast SEO plugin v27.2 - https:\/\/yoast.com\/product\/yoast-seo-wordpress\/ -->\n<title>12 melhores praias da Madeira (fotos + conselhos)<\/title>\n<meta name=\"description\" content=\"Descobre a nossa sele\u00e7\u00e3o das melhores praias da Madeira, com as nossas fotos e conselhos: acesso, vigil\u00e2ncia, qualidade...\" \/>\n<meta name=\"robots\" content=\"index, follow, max-snippet:-1, max-image-preview:large, max-video-preview:-1\" \/>\n<link rel=\"canonical\" href=\"https:\/\/madeiralovers.com\/pt-pt\/melhores-praias-madeira\/\" \/>\n<meta property=\"og:locale\" content=\"pt_PT\" \/>\n<meta property=\"og:type\" content=\"article\" \/>\n<meta property=\"og:title\" content=\"12 melhores praias da Madeira (fotos + conselhos)\" \/>\n<meta property=\"og:description\" content=\"Descobre a nossa sele\u00e7\u00e3o das melhores praias da Madeira, com as nossas fotos e conselhos: acesso, vigil\u00e2ncia, qualidade...\" \/>\n<meta property=\"og:url\" content=\"https:\/\/madeiralovers.com\/pt-pt\/melhores-praias-madeira\/\" \/>\n<meta property=\"og:site_name\" content=\"Madeira Lovers\" \/>\n<meta property=\"article:published_time\" content=\"2024-05-07T15:50:16+00:00\" \/>\n<meta property=\"article:modified_time\" content=\"2024-05-12T08:22:49+00:00\" \/>\n<meta property=\"og:image\" content=\"https:\/\/madeiralovers.com\/wp-content\/uploads\/2024\/05\/melhores-praias-Madeira.jpeg\" \/>\n\t<meta property=\"og:image:width\" content=\"800\" \/>\n\t<meta property=\"og:image:height\" content=\"600\" \/>\n\t<meta property=\"og:image:type\" content=\"image\/jpeg\" \/>\n<meta name=\"author\" content=\"Claire ROBINSON\" \/>\n<meta name=\"twitter:card\" content=\"summary_large_image\" \/>\n<meta name=\"twitter:label1\" content=\"Escrito por\" \/>\n\t<meta name=\"twitter:data1\" content=\"Claire ROBINSON\" \/>\n\t<meta name=\"twitter:label2\" content=\"Tempo estimado de leitura\" \/>\n\t<meta name=\"twitter:data2\" content=\"11 minutos\" \/>\n<script type=\"application\/ld+json\" class=\"yoast-schema-graph\">{\"@context\":\"https:\/\/schema.org\",\"@graph\":[{\"@type\":\"Article\",\"@id\":\"https:\/\/madeiralovers.com\/pt-pt\/melhores-praias-madeira\/#article\",\"isPartOf\":{\"@id\":\"https:\/\/madeiralovers.com\/pt-pt\/melhores-praias-madeira\/\"},\"author\":{\"name\":\"Claire ROBINSON\",\"@id\":\"https:\/\/madeiralovers.com\/pt-pt\/#\/schema\/person\/714bf48f891f34f544b1808122c3dd35\"},\"headline\":\"12 melhores praias da Madeira (fotos + conselhos)\",\"datePublished\":\"2024-05-07T15:50:16+00:00\",\"dateModified\":\"2024-05-12T08:22:49+00:00\",\"mainEntityOfPage\":{\"@id\":\"https:\/\/madeiralovers.com\/pt-pt\/melhores-praias-madeira\/\"},\"wordCount\":2271,\"publisher\":{\"@id\":\"https:\/\/madeiralovers.com\/pt-pt\/#organization\"},\"image\":{\"@id\":\"https:\/\/madeiralovers.com\/pt-pt\/melhores-praias-madeira\/#primaryimage\"},\"thumbnailUrl\":\"https:\/\/madeiralovers.com\/wp-content\/uploads\/2024\/05\/melhores-praias-Madeira.jpeg\",\"articleSection\":[\"Os locais mais bonitos da Madeira\"],\"inLanguage\":\"pt-PT\"},{\"@type\":\"WebPage\",\"@id\":\"https:\/\/madeiralovers.com\/pt-pt\/melhores-praias-madeira\/\",\"url\":\"https:\/\/madeiralovers.com\/pt-pt\/melhores-praias-madeira\/\",\"name\":\"12 melhores praias da Madeira (fotos + conselhos)\",\"isPartOf\":{\"@id\":\"https:\/\/madeiralovers.com\/pt-pt\/#website\"},\"primaryImageOfPage\":{\"@id\":\"https:\/\/madeiralovers.com\/pt-pt\/melhores-praias-madeira\/#primaryimage\"},\"image\":{\"@id\":\"https:\/\/madeiralovers.com\/pt-pt\/melhores-praias-madeira\/#primaryimage\"},\"thumbnailUrl\":\"https:\/\/madeiralovers.com\/wp-content\/uploads\/2024\/05\/melhores-praias-Madeira.jpeg\",\"datePublished\":\"2024-05-07T15:50:16+00:00\",\"dateModified\":\"2024-05-12T08:22:49+00:00\",\"description\":\"Descobre a nossa sele\u00e7\u00e3o das melhores praias da Madeira, com as nossas fotos e conselhos: acesso, vigil\u00e2ncia, qualidade...\",\"breadcrumb\":{\"@id\":\"https:\/\/madeiralovers.com\/pt-pt\/melhores-praias-madeira\/#breadcrumb\"},\"inLanguage\":\"pt-PT\",\"potentialAction\":[{\"@type\":\"ReadAction\",\"target\":[\"https:\/\/madeiralovers.com\/pt-pt\/melhores-praias-madeira\/\"]}]},{\"@type\":\"ImageObject\",\"inLanguage\":\"pt-PT\",\"@id\":\"https:\/\/madeiralovers.com\/pt-pt\/melhores-praias-madeira\/#primaryimage\",\"url\":\"https:\/\/madeiralovers.com\/wp-content\/uploads\/2024\/05\/melhores-praias-Madeira.jpeg\",\"contentUrl\":\"https:\/\/madeiralovers.com\/wp-content\/uploads\/2024\/05\/melhores-praias-Madeira.jpeg\",\"width\":800,\"height\":600,\"caption\":\"melhores praias Madeira\"},{\"@type\":\"BreadcrumbList\",\"@id\":\"https:\/\/madeiralovers.com\/pt-pt\/melhores-praias-madeira\/#breadcrumb\",\"itemListElement\":[{\"@type\":\"ListItem\",\"position\":1,\"name\":\"Accueil\",\"item\":\"https:\/\/madeiralovers.com\/pt-pt\/\"},{\"@type\":\"ListItem\",\"position\":2,\"name\":\"Os locais mais bonitos da Madeira\",\"item\":\"https:\/\/madeiralovers.com\/pt-pt\/os-locais-mais-bonitos-da-madeira\/\"},{\"@type\":\"ListItem\",\"position\":3,\"name\":\"12 melhores praias da Madeira (fotos + conselhos)\"}]},{\"@type\":\"WebSite\",\"@id\":\"https:\/\/madeiralovers.com\/pt-pt\/#website\",\"url\":\"https:\/\/madeiralovers.com\/pt-pt\/\",\"name\":\"Madeira Lovers\",\"description\":\"Pour r\u00e9veiller vos sens \u00e0 Mad\u00e8re\",\"publisher\":{\"@id\":\"https:\/\/madeiralovers.com\/pt-pt\/#organization\"},\"potentialAction\":[{\"@type\":\"SearchAction\",\"target\":{\"@type\":\"EntryPoint\",\"urlTemplate\":\"https:\/\/madeiralovers.com\/pt-pt\/?s={search_term_string}\"},\"query-input\":{\"@type\":\"PropertyValueSpecification\",\"valueRequired\":true,\"valueName\":\"search_term_string\"}}],\"inLanguage\":\"pt-PT\"},{\"@type\":\"Organization\",\"@id\":\"https:\/\/madeiralovers.com\/pt-pt\/#organization\",\"name\":\"Madeira Lovers\",\"url\":\"https:\/\/madeiralovers.com\/pt-pt\/\",\"logo\":{\"@type\":\"ImageObject\",\"inLanguage\":\"pt-PT\",\"@id\":\"https:\/\/madeiralovers.com\/pt-pt\/#\/schema\/logo\/image\/\",\"url\":\"https:\/\/madeiralovers.com\/wp-content\/uploads\/2024\/05\/cropped-Madeira-Lovers-Logos.png\",\"contentUrl\":\"https:\/\/madeiralovers.com\/wp-content\/uploads\/2024\/05\/cropped-Madeira-Lovers-Logos.png\",\"width\":2500,\"height\":554,\"caption\":\"Madeira Lovers\"},\"image\":{\"@id\":\"https:\/\/madeiralovers.com\/pt-pt\/#\/schema\/logo\/image\/\"}},{\"@type\":\"Person\",\"@id\":\"https:\/\/madeiralovers.com\/pt-pt\/#\/schema\/person\/714bf48f891f34f544b1808122c3dd35\",\"name\":\"Claire ROBINSON\",\"image\":{\"@type\":\"ImageObject\",\"inLanguage\":\"pt-PT\",\"@id\":\"https:\/\/secure.gravatar.com\/avatar\/e3566233826c32de8d7c9ef726a1087654b12cadb092acc17ee1d357687192ff?s=96&d=mm&r=g\",\"url\":\"https:\/\/secure.gravatar.com\/avatar\/e3566233826c32de8d7c9ef726a1087654b12cadb092acc17ee1d357687192ff?s=96&d=mm&r=g\",\"contentUrl\":\"https:\/\/secure.gravatar.com\/avatar\/e3566233826c32de8d7c9ef726a1087654b12cadb092acc17ee1d357687192ff?s=96&d=mm&r=g\",\"caption\":\"Claire ROBINSON\"},\"sameAs\":[\"https:\/\/madeiralovers.com\/claire-robinson\/\"],\"url\":\"https:\/\/madeiralovers.com\/pt-pt\/author\/claire-robinson\/\"}]}<\/script>\n<!-- \/ Yoast SEO plugin. -->","yoast_head_json":{"title":"12 melhores praias da Madeira (fotos + conselhos)","description":"Descobre a nossa sele\u00e7\u00e3o das melhores praias da Madeira, com as nossas fotos e conselhos: acesso, vigil\u00e2ncia, qualidade...","robots":{"index":"index","follow":"follow","max-snippet":"max-snippet:-1","max-image-preview":"max-image-preview:large","max-video-preview":"max-video-preview:-1"},"canonical":"https:\/\/madeiralovers.com\/pt-pt\/melhores-praias-madeira\/","og_locale":"pt_PT","og_type":"article","og_title":"12 melhores praias da Madeira (fotos + conselhos)","og_description":"Descobre a nossa sele\u00e7\u00e3o das melhores praias da Madeira, com as nossas fotos e conselhos: acesso, vigil\u00e2ncia, qualidade...","og_url":"https:\/\/madeiralovers.com\/pt-pt\/melhores-praias-madeira\/","og_site_name":"Madeira Lovers","article_published_time":"2024-05-07T15:50:16+00:00","article_modified_time":"2024-05-12T08:22:49+00:00","og_image":[{"width":800,"height":600,"url":"https:\/\/madeiralovers.com\/wp-content\/uploads\/2024\/05\/melhores-praias-Madeira.jpeg","type":"image\/jpeg"}],"author":"Claire ROBINSON","twitter_card":"summary_large_image","twitter_misc":{"Escrito por":"Claire ROBINSON","Tempo estimado de leitura":"11 minutos"},"schema":{"@context":"https:\/\/schema.org","@graph":[{"@type":"Article","@id":"https:\/\/madeiralovers.com\/pt-pt\/melhores-praias-madeira\/#article","isPartOf":{"@id":"https:\/\/madeiralovers.com\/pt-pt\/melhores-praias-madeira\/"},"author":{"name":"Claire ROBINSON","@id":"https:\/\/madeiralovers.com\/pt-pt\/#\/schema\/person\/714bf48f891f34f544b1808122c3dd35"},"headline":"12 melhores praias da Madeira (fotos + conselhos)","datePublished":"2024-05-07T15:50:16+00:00","dateModified":"2024-05-12T08:22:49+00:00","mainEntityOfPage":{"@id":"https:\/\/madeiralovers.com\/pt-pt\/melhores-praias-madeira\/"},"wordCount":2271,"publisher":{"@id":"https:\/\/madeiralovers.com\/pt-pt\/#organization"},"image":{"@id":"https:\/\/madeiralovers.com\/pt-pt\/melhores-praias-madeira\/#primaryimage"},"thumbnailUrl":"https:\/\/madeiralovers.com\/wp-content\/uploads\/2024\/05\/melhores-praias-Madeira.jpeg","articleSection":["Os locais mais bonitos da Madeira"],"inLanguage":"pt-PT"},{"@type":"WebPage","@id":"https:\/\/madeiralovers.com\/pt-pt\/melhores-praias-madeira\/","url":"https:\/\/madeiralovers.com\/pt-pt\/melhores-praias-madeira\/","name":"12 melhores praias da Madeira (fotos + conselhos)","isPartOf":{"@id":"https:\/\/madeiralovers.com\/pt-pt\/#website"},"primaryImageOfPage":{"@id":"https:\/\/madeiralovers.com\/pt-pt\/melhores-praias-madeira\/#primaryimage"},"image":{"@id":"https:\/\/madeiralovers.com\/pt-pt\/melhores-praias-madeira\/#primaryimage"},"thumbnailUrl":"https:\/\/madeiralovers.com\/wp-content\/uploads\/2024\/05\/melhores-praias-Madeira.jpeg","datePublished":"2024-05-07T15:50:16+00:00","dateModified":"2024-05-12T08:22:49+00:00","description":"Descobre a nossa sele\u00e7\u00e3o das melhores praias da Madeira, com as nossas fotos e conselhos: acesso, vigil\u00e2ncia, qualidade...","breadcrumb":{"@id":"https:\/\/madeiralovers.com\/pt-pt\/melhores-praias-madeira\/#breadcrumb"},"inLanguage":"pt-PT","potentialAction":[{"@type":"ReadAction","target":["https:\/\/madeiralovers.com\/pt-pt\/melhores-praias-madeira\/"]}]},{"@type":"ImageObject","inLanguage":"pt-PT","@id":"https:\/\/madeiralovers.com\/pt-pt\/melhores-praias-madeira\/#primaryimage","url":"https:\/\/madeiralovers.com\/wp-content\/uploads\/2024\/05\/melhores-praias-Madeira.jpeg","contentUrl":"https:\/\/madeiralovers.com\/wp-content\/uploads\/2024\/05\/melhores-praias-Madeira.jpeg","width":800,"height":600,"caption":"melhores praias Madeira"},{"@type":"BreadcrumbList","@id":"https:\/\/madeiralovers.com\/pt-pt\/melhores-praias-madeira\/#breadcrumb","itemListElement":[{"@type":"ListItem","position":1,"name":"Accueil","item":"https:\/\/madeiralovers.com\/pt-pt\/"},{"@type":"ListItem","position":2,"name":"Os locais mais bonitos da Madeira","item":"https:\/\/madeiralovers.com\/pt-pt\/os-locais-mais-bonitos-da-madeira\/"},{"@type":"ListItem","position":3,"name":"12 melhores praias da Madeira (fotos + conselhos)"}]},{"@type":"WebSite","@id":"https:\/\/madeiralovers.com\/pt-pt\/#website","url":"https:\/\/madeiralovers.com\/pt-pt\/","name":"Madeira Lovers","description":"Pour r\u00e9veiller vos sens \u00e0 Mad\u00e8re","publisher":{"@id":"https:\/\/madeiralovers.com\/pt-pt\/#organization"},"potentialAction":[{"@type":"SearchAction","target":{"@type":"EntryPoint","urlTemplate":"https:\/\/madeiralovers.com\/pt-pt\/?s={search_term_string}"},"query-input":{"@type":"PropertyValueSpecification","valueRequired":true,"valueName":"search_term_string"}}],"inLanguage":"pt-PT"},{"@type":"Organization","@id":"https:\/\/madeiralovers.com\/pt-pt\/#organization","name":"Madeira Lovers","url":"https:\/\/madeiralovers.com\/pt-pt\/","logo":{"@type":"ImageObject","inLanguage":"pt-PT","@id":"https:\/\/madeiralovers.com\/pt-pt\/#\/schema\/logo\/image\/","url":"https:\/\/madeiralovers.com\/wp-content\/uploads\/2024\/05\/cropped-Madeira-Lovers-Logos.png","contentUrl":"https:\/\/madeiralovers.com\/wp-content\/uploads\/2024\/05\/cropped-Madeira-Lovers-Logos.png","width":2500,"height":554,"caption":"Madeira Lovers"},"image":{"@id":"https:\/\/madeiralovers.com\/pt-pt\/#\/schema\/logo\/image\/"}},{"@type":"Person","@id":"https:\/\/madeiralovers.com\/pt-pt\/#\/schema\/person\/714bf48f891f34f544b1808122c3dd35","name":"Claire ROBINSON","image":{"@type":"ImageObject","inLanguage":"pt-PT","@id":"https:\/\/secure.gravatar.com\/avatar\/e3566233826c32de8d7c9ef726a1087654b12cadb092acc17ee1d357687192ff?s=96&d=mm&r=g","url":"https:\/\/secure.gravatar.com\/avatar\/e3566233826c32de8d7c9ef726a1087654b12cadb092acc17ee1d357687192ff?s=96&d=mm&r=g","contentUrl":"https:\/\/secure.gravatar.com\/avatar\/e3566233826c32de8d7c9ef726a1087654b12cadb092acc17ee1d357687192ff?s=96&d=mm&r=g","caption":"Claire ROBINSON"},"sameAs":["https:\/\/madeiralovers.com\/claire-robinson\/"],"url":"https:\/\/madeiralovers.com\/pt-pt\/author\/claire-robinson\/"}]}},"featured_image_src":"https:\/\/madeiralovers.com\/wp-content\/uploads\/2024\/05\/melhores-praias-Madeira-600x400.jpeg","featured_image_src_square":"https:\/\/madeiralovers.com\/wp-content\/uploads\/2024\/05\/melhores-praias-Madeira-600x600.jpeg","author_info":{"display_name":"Claire ROBINSON","author_link":"https:\/\/madeiralovers.com\/pt-pt\/author\/claire-robinson\/"},"_links":{"self":[{"href":"https:\/\/madeiralovers.com\/pt-pt\/wp-json\/wp\/v2\/posts\/1873","targetHints":{"allow":["GET"]}}],"collection":[{"href":"https:\/\/madeiralovers.com\/pt-pt\/wp-json\/wp\/v2\/posts"}],"about":[{"href":"https:\/\/madeiralovers.com\/pt-pt\/wp-json\/wp\/v2\/types\/post"}],"author":[{"embeddable":true,"href":"https:\/\/madeiralovers.com\/pt-pt\/wp-json\/wp\/v2\/users\/2"}],"replies":[{"embeddable":true,"href":"https:\/\/madeiralovers.com\/pt-pt\/wp-json\/wp\/v2\/comments?post=1873"}],"version-history":[{"count":0,"href":"https:\/\/madeiralovers.com\/pt-pt\/wp-json\/wp\/v2\/posts\/1873\/revisions"}],"wp:featuredmedia":[{"embeddable":true,"href":"https:\/\/madeiralovers.com\/pt-pt\/wp-json\/wp\/v2\/media\/1858"}],"wp:attachment":[{"href":"https:\/\/madeiralovers.com\/pt-pt\/wp-json\/wp\/v2\/media?parent=1873"}],"wp:term":[{"taxonomy":"category","embeddable":true,"href":"https:\/\/madeiralovers.com\/pt-pt\/wp-json\/wp\/v2\/categories?post=1873"},{"taxonomy":"post_tag","embeddable":true,"href":"https:\/\/madeiralovers.com\/pt-pt\/wp-json\/wp\/v2\/tags?post=1873"}],"curies":[{"name":"wp","href":"https:\/\/api.w.org\/{rel}","templated":true}]}}