{"id":1705,"date":"2024-04-30T09:00:54","date_gmt":"2024-04-30T08:00:54","guid":{"rendered":"https:\/\/madeiralovers.com\/telepheriques-madere\/"},"modified":"2025-02-22T18:08:45","modified_gmt":"2025-02-22T17:08:45","slug":"telefericos-madeira","status":"publish","type":"post","link":"https:\/\/madeiralovers.com\/pt-pt\/telefericos-madeira\/","title":{"rendered":"Telef\u00e9ricos da Madeira: 7 op\u00e7\u00f5es (+ dicas)"},"content":{"rendered":"\n<p>Se n\u00e3o tiveres muito medo das alturas, n\u00e3o percas a oportunidade de descer num dos telef\u00e9ricos da Madeira at\u00e9 \u00e0 Faj\u00e3 (um pequeno peda\u00e7o de terreno agr\u00edcola no sop\u00e9 das fal\u00e9sias).<br\/>\u00c9 uma aventura t\u00edpica da Madeira com vistas espectaculares.<br\/>Aqui tens <strong>uma lista dos telef\u00e9ricos da Madeira<\/strong>, com as nossas recomenda\u00e7\u00f5es.<\/p>\n\n<figure class=\"wp-block-image size-full\"><img decoding=\"async\" src=\"https:\/\/madeiralovers.com\/wp-content\/uploads\/2024\/04\/Telefericos-da-Madeira.jpeg\" alt=\"Telef&#xE9;ricos da Madeira\" class=\"wp-image-1694\"\/><\/figure>\n\n<p>Esta \u00e9 uma opini\u00e3o completamente <strong>independente<\/strong>, baseada na nossa pr\u00f3pria experi\u00eancia. Fizemos as nossas pr\u00f3prias escolhas, visit\u00e1mos a regi\u00e3o de forma an\u00f3nima e pag\u00e1mos as nossas contas na totalidade.<\/p>\n\n<h2 class=\"wp-block-heading\">Mapa dos telef\u00e9ricos da Madeira<\/h2>\n\n<p>Vamos mostrar-te as diferentes op\u00e7\u00f5es de Telefericos, mas aqui tens algo para come\u00e7ar: um mapa dos 7 principais telef\u00e9ricos da Madeira (embora o telef\u00e9rico da Rocha do Navio j\u00e1 n\u00e3o esteja, infelizmente, aberto aos turistas).<\/p>\n\n<figure class=\"wp-block-image size-large\"><img decoding=\"async\" src=\"https:\/\/madeiralovers.com\/wp-content\/uploads\/2024\/04\/Mapa-telefericos-Madeira-1024x683.png\" alt=\"Mapa de telefericos da Madeira\" class=\"wp-image-1685\"\/><figcaption class=\"wp-element-caption\">Mapa: Telef\u00e9ricos na Madeira<\/figcaption><\/figure>\n\n<p>Tem em aten\u00e7\u00e3o que n\u00e3o podemos garantir os hor\u00e1rios de abertura.<br\/>E os pagamentos fora do Funchal s\u00e3o muitas vezes em dinheiro.<\/p>\n\n<p><strong>Hist\u00f3ria<\/strong><\/p>\n\n<p>Como as montanhas descem abruptamente at\u00e9 ao mar, cada pequeno peda\u00e7o de terra plana \u00e9 utilizado para a agricultura: s\u00e3o as Fajas. Costumavam chegar l\u00e1 de barco (perigoso com as rochas) ou caminhar com tudo \u00e0s costas (dif\u00edcil).<br\/>E no s\u00e9culo XX, para facilitar o acesso dos agricultores, foram constru\u00eddos telef\u00e9ricos.  <br\/>Atualmente, algumas delas est\u00e3o abertas aos turistas e as descidas s\u00e3o impressionantes.<\/p>\n\n<h2 class=\"wp-block-heading\">1. Teleferico Rocha do Navio  <\/h2>\n\n<figure class=\"wp-block-image size-large\"><img decoding=\"async\" src=\"https:\/\/photos.smugmug.com\/Madeira-Lovers\/Rocha-do-Navio\/i-7VB4j2Q\/1\/CqZDrfT9bWpRdf7R5fwQNwrVd3KFznH6PrGx2HPrb\/L\/Roacha_do_Navio_cable_car_Madeira-7241165-L.jpg\" alt=\"Teleferico Rocha do Navio\"\/><\/figure>\n\n<h3 class=\"wp-block-heading\">Porqu\u00ea apanhar o telef\u00e9rico?<\/h3>\n\n<p>Na nossa opini\u00e3o, este \u00e9 um dos telef\u00e9ricos mais bonitos da Madeira, descendo de lado com belas vistas para o mar e para as fal\u00e9sias (incluindo uma cascata!).<br\/>Infelizmente, est\u00e1 agora fechada aos turistas e s\u00f3 est\u00e1 aberta aos agricultores. Permite-te descer 330 m em 5 minutos.<br\/>De qualquer forma, deixamo-lo nesta lista porque:<\/p>\n\n<ul class=\"wp-block-list\">\n<li>Ainda assim, recomendamos que v\u00e1s ver o miradouro, um dos mais bonitos da Madeira, na nossa opini\u00e3o.<\/li>\n\n\n\n<li>podes descer a p\u00e9 at\u00e9 \u00e0 faj\u00e3<\/li>\n\n\n\n<li>talvez um dia volte a funcionar para os turistas!<\/li>\n<\/ul>\n\n<figure class=\"wp-block-image size-large\"><img decoding=\"async\" src=\"https:\/\/photos.smugmug.com\/Madeira-Lovers\/Rocha-do-Navio\/i-bvqJTKW\/1\/FcL34XtRWZXgf8mMQWZCLRXgVffcVWwnFGSk6Rzr5\/L\/Roacha_do_Navio_cable_car_Madeira-7241192-L.jpg\" alt=\"faja Rocha do Navio\"\/><\/figure>\n\n<h3 class=\"wp-block-heading\">Acesso e dicas \u00fateis<\/h3>\n\n<ul class=\"wp-block-list\">\n<li>Lado norte<\/li>\n\n\n\n<li>Perto da cidade de Santana<\/li>\n\n\n\n<li>Estacionamento limitado<\/li>\n\n\n\n<li>Caminhada s\u00f3 de ida: 1,5 km com 330 m de subida  <\/li>\n<\/ul>\n\n<h2 class=\"wp-block-heading\">2. Teleferico das Achadas da Cruz<\/h2>\n\n<figure class=\"wp-block-image size-large\"><img decoding=\"async\" src=\"https:\/\/photos.smugmug.com\/Madeira-Lovers\/Porto-Moniz\/Teleferico-das-Achadas-da-Cruz\/i-8gNrqst\/1\/FcQm9jDxBd8gL6BsrdDPLDkvZWmcd6XsDtF57XQXS\/L\/Teleferico_das_Achadas_da_Cruz_Madeira-7141499-L.jpg\" alt=\"Teleferico das Achadas da Cruz\"\/><\/figure>\n\n<h3 class=\"wp-block-heading\">Porqu\u00ea apanhar o telef\u00e9rico?<\/h3>\n\n<p>Este telef\u00e9rico \u00e9 um dos mais impressionantes da ilha. Mas n\u00e3o \u00e9 para pessoas que sofrem de vertigens.<br\/>Tem 451 m de altura e 600 m de comprimento. Na zona de partida, assinalam que a partida tem uma inclina\u00e7\u00e3o de 98%, o que a torna a mais \u00edngreme da Europa.<\/p>\n\n<p>A descida demora apenas 5 minutos, mas n\u00e3o te vais esquecer!<br\/>Uma vez l\u00e1 em baixo, reserva entre 30 minutos e 1 hora para percorrer a pequena extens\u00e3o de terra, ver os campos agr\u00edcolas e desfrutar da paz e do sossego com vista para o mar.<\/p>\n\n<p>Se n\u00e3o quiseres lev\u00e1-lo, podes simplesmente apreciar a vista e ir embora.<br\/>Ou podes descer pelo Calhau das Achadas da Cruz, como fizeram os primeiros agricultores: 4,5 km e 2 horas.<\/p>\n\n<figure class=\"wp-block-image size-large\"><img decoding=\"async\" src=\"https:\/\/photos.smugmug.com\/Madeira-Lovers\/Porto-Moniz\/Teleferico-das-Achadas-da-Cruz\/i-CqLWKRw\/1\/Dcqqjw4KQd8Zvnwq7LxDDGhWJcFHZsLPt4Lkf256X\/L\/Teleferico_das_Achadas_da_Cruz_Madeira-7141554-L.jpg\" alt=\"Faja Achacas da Cruz\"\/><\/figure>\n\n<h3 class=\"wp-block-heading\">Acesso e dicas \u00fateis<\/h3>\n\n<ul class=\"wp-block-list\">\n<li>Norte da costa oeste<\/li>\n\n\n\n<li>Cidade mais pr\u00f3xima: Porto Moniz<\/li>\n\n\n\n<li>Do Funchal = 1h10 de carro<\/li>\n\n\n\n<li>Parque de estacionamento de tamanho m\u00e9dio, mas cada vez mais cheio<\/li>\n\n\n\n<li>Pre\u00e7o: 3 euros ida e volta<\/li>\n\n\n\n<li>Hor\u00e1rios: das 8h00 \u00e0s 12h00 e das 13h00 \u00e0s 16h00 (\u00faltima corrida) &#8211; todos os dias<\/li>\n\n\n\n<li>Tem cuidado, \u00e9 muito popular a meio do dia e a cabina \u00e9 pequena. Podes esperar uma hora. Escolhe a manh\u00e3<\/li>\n\n\n\n<li>E n\u00e3o h\u00e1 sombra para as filas<\/li>\n\n\n\n<li>O telef\u00e9rico fecha se estiver muito vento<\/li>\n\n\n\n<li>Caf\u00e9 e casas de banho no cume<\/li>\n\n\n\n<li>N\u00e3o instala no andar de baixo<\/li>\n<\/ul>\n\n<div style=\"margin-top:8%;margin-bottom:8%\" class=\"wp-block-genesis-blocks-gb-container box gb-block-container\"><div class=\"gb-container-inside\"><div class=\"gb-container-content\">\n<div class=\"wp-block-columns inverse box_planif is-layout-flex wp-container-core-columns-is-layout-9d6595d7 wp-block-columns-is-layout-flex\">\n<div class=\"wp-block-column texte_planif is-layout-flow wp-block-column-is-layout-flow\" style=\"flex-basis:58%\">\n<h5 class=\"titre_box\">O NOSSO CONSELHO PARA ALUGAR O SEU CARRO EM <span class=\"titre_box_manuscrit\">\nMadeira<\/span><\/h5>\n\n\n\n<ul style=\"font-size:14px\" class=\"liste_voiture wp-block-list\">\n<li>Compare os pre\u00e7os na nossa plataforma preferida: <a href=\"https:\/\/www.discovercars.com\/pt\/portugal\/madeira?a_aid=zigzag&amp;chan=madeira\" target=\"_blank\" rel=\"noreferrer noopener sponsored nofollow\">DiscoverCars<\/a> &#8211; um dos s\u00edtios mais bem classificados.<\/li>\n\n\n\n<li>Leve um carro com um bom motor para estradas inclinadas, mas n\u00e3o demasiado grande para manobrar.<\/li>\n\n\n\n<li>H\u00e1 muita procura e poucos carros, por isso, <strong>reserve com<\/strong> anteced\u00eancia.<\/li>\n<\/ul>\n<\/div>\n\n\n\n<div class=\"wp-block-column planif-radius-3 is-layout-flow wp-block-column-is-layout-flow\" style=\"flex-basis:42%\">\n<figure class=\"wp-block-image size-large is-resized\"><img decoding=\"async\" src=\"https:\/\/photos.smugmug.com\/Travel\/Madeira\/2i-Miadouro\/i-j86nfB5\/2\/DRCCwrZmGLt2TxcQqRkkLrm3JR55K3NLchGxDNsx6\/S\/driving_Madeira-7130748-S.jpg\" alt=\"Aluguer de autom&#xF3;veis em Madeira\" title=\"\"\/><\/figure>\n<\/div>\n<\/div>\n\n\n\n<div class=\"wp-block-columns planif_bouton is-layout-flex wp-container-core-columns-is-layout-9d6595d7 wp-block-columns-is-layout-flex\">\n<div class=\"wp-block-column is-layout-flow wp-block-column-is-layout-flow\" style=\"flex-basis:50%\">\n<div class=\"wp-block-buttons is-content-justification-center is-layout-flex wp-container-core-buttons-is-layout-16018d1d wp-block-buttons-is-layout-flex\">\n<div class=\"wp-block-button has-custom-font-size\" style=\"font-size:14px\"><a class=\"wp-block-button__link has-white-color has-text-color wp-element-button\" href=\"https:\/\/www.discovercars.com\/pt\/portugal\/madeira?a_aid=zigzag&amp;amp;chan=madeira\" style=\"border-radius:4px\" target=\"_blank\" rel=\"noreferrer noopener\">Ver os carros &gt;&gt;<\/a><\/div>\n<\/div>\n<\/div>\n\n\n\n<div class=\"wp-block-column is-vertically-aligned-center is-layout-flow wp-block-column-is-layout-flow\" style=\"flex-basis:50%\">\n<p class=\"has-text-align-center\" style=\"font-size:14px\"><strong><a href=\"https:\/\/madeiralovers.com\/pt-pt\/como-alugar-carro-madeira-dicas-experiencia\/\" target=\"_blank\" rel=\"noreferrer noopener\">Ver os nossos conselhos<\/a><\/strong><\/p>\n<\/div>\n<\/div>\n<\/div><\/div><\/div>\n\n<h2 class=\"wp-block-heading\">3. Teleferico do Rancho (Cabo Girao)<\/h2>\n\n<figure class=\"wp-block-image size-large\"><img decoding=\"async\" src=\"https:\/\/photos.smugmug.com\/Madeira-Lovers\/Cabo-Girao\/Cable-car-teleferico-rancho\/i-7ZGJbGt\/1\/CxZHpNhpVzPh6dm4QsLvNVQSP8DXN5bC4qgWQCGX2\/L\/Cabo_Girao_cable_car_Madeira-7172967-L.jpg\" alt=\"Teleferico do Rancho\"\/><\/figure>\n\n<h3 class=\"wp-block-heading\">Porqu\u00ea apanhar o telef\u00e9rico?<\/h3>\n\n<p>Todos v\u00e3o para o Skywalk, a plataforma semi-transparente por cima das fal\u00e9sias. Mas preferimos muito mais o telef\u00e9rico que desce ao longo destas fal\u00e9sias gigantes.<br\/>Come\u00e7a de um ponto mais baixo, mas n\u00e3o deixa de ser impressionante, com um declive muito acentuado.<\/p>\n\n<p>A descida demora apenas 3 minutos.<\/p>\n\n<p>Uma vez no fundo, podes desfrutar de um caminho ao longo da orla mar\u00edtima e de belas vistas das fal\u00e9sias vulc\u00e2nicas. Este \u00e9 um dos melhores locais da ilha para veres diferentes camadas e forma\u00e7\u00f5es geol\u00f3gicas.<\/p>\n\n<figure class=\"wp-block-image size-large\"><img decoding=\"async\" src=\"https:\/\/photos.smugmug.com\/Madeira-Lovers\/Cabo-Girao\/Cable-car-teleferico-rancho\/i-6TVDqcz\/1\/CjtGrjhdQtFwwBP3KGv2MCxJw87mW7Hkb9rHQkRmn\/L\/Cabo_Girao_cable_car_Madeira-7172957-L.jpg\" alt=\"Vista das fal&#xE9;sias vulc&#xE2;nicas\"\/><\/figure>\n\n<h3 class=\"wp-block-heading\">Acesso e dicas \u00fateis<\/h3>\n\n<ul class=\"wp-block-list\">\n<li>Costa sul<\/li>\n\n\n\n<li>Cabo Girao, a 3 km de Skywalk<\/li>\n\n\n\n<li>Do Funchal = 20 minutos de carro<\/li>\n\n\n\n<li>Pre\u00e7o: 5 euros ida e volta<\/li>\n\n\n\n<li>Estaciona logo abaixo do telef\u00e9rico, alguns lugares.<\/li>\n\n\n\n<li>Hor\u00e1rio de abertura: pelo menos das 9h \u00e0s 12h30 e das 14h \u00e0s 19h30<\/li>\n\n\n\n<li>Se queres poder estacionar, evita o meio do dia.<\/li>\n\n\n\n<li>Restaurante e casas de banho no cume<\/li>\n<\/ul>\n\n<div style=\"background-color:#fefefe;margin-top:6%;margin-bottom:6%\" class=\"wp-block-genesis-blocks-gb-container box gb-block-container\"><div class=\"gb-container-inside\"><div class=\"gb-container-content\" style=\"max-width:700px\">\n<div class=\"wp-block-columns inverse is-layout-flex wp-container-core-columns-is-layout-9d6595d7 wp-block-columns-is-layout-flex\">\n<div class=\"wp-block-column texte_planif is-layout-flow wp-block-column-is-layout-flow\" style=\"flex-basis:58%\">\n<h5 class=\"titre_box\">O NOSSO GUIA PARA PLANEAR UMA VIAGEM DE <span class=\"titre_box_manuscrit\">Sonho<\/span><\/h5>\n\n\n\n<ul class=\"wp-block-list\">\n<li>7 mapas para facilitar o planeamento<\/li>\n\n\n\n<li>+ 120 locais pr\u00e9-seleccionados  <\/li>\n\n\n\n<li>Conselhos pr\u00e1ticos  <\/li>\n\n\n\n<li>+ 260 fotografias para o ajudar a escolher<\/li>\n<\/ul>\n\n\n\n<div class=\"wp-block-buttons is-layout-flex wp-block-buttons-is-layout-flex\">\n<div class=\"wp-block-button\"><a class=\"wp-block-button__link has-theme-primary-background-color has-background wp-element-button\" href=\"https:\/\/madeiralovers.com\/pt-pt\/ebook-guia-viagem-madeira\/\">Descobre mais &gt;&gt;<\/a><\/div>\n<\/div>\n<\/div>\n\n\n\n<div class=\"wp-block-column is-layout-flow wp-block-column-is-layout-flow\" style=\"flex-basis:42%\">\n<div class=\"wp-block-genesis-blocks-gb-container ebook-radius-waitlist gb-block-container\"><div class=\"gb-container-inside\"><div class=\"gb-container-content\"><div class=\"wp-block-image ebook-image\">\n<figure class=\"aligncenter size-full\"><img decoding=\"async\" src=\"https:\/\/madeiralovers.com\/wp-content\/uploads\/2024\/06\/Med-Madeira-Travel-Guide-ebook-cover-5.jpg\" alt=\"guia-viagem-Madere-livro-capa-m&#xE9;dia\" class=\"wp-image-2412\"\/><\/figure>\n<\/div><\/div><\/div><\/div>\n<\/div>\n<\/div>\n<\/div><\/div><\/div>\n\n<h2 class=\"wp-block-heading\">4. Teleferico do Garajau (Cristo Rei)<\/h2>\n\n<figure class=\"wp-block-image size-large\"><img decoding=\"async\" src=\"https:\/\/photos.smugmug.com\/Madeira-Lovers\/Garajau\/Cable-Car\/i-QmQ72jf\/1\/DD4K7fMZzL47t77Q63dbzqThPV2tV5zdK2wLvNHW2\/L\/Ponta_do_Garajau_Madeira-7230128-L.jpg\" alt=\"Teleferico do Cristo Rei\"\/><\/figure>\n\n<h3 class=\"wp-block-heading\">Porqu\u00ea apanhar o telef\u00e9rico?<\/h3>\n\n<p>Este telef\u00e9rico \u00e9 menos impressionante, mas tem a vantagem de te levar a uma bonita praia de calhau, famosa pela pr\u00e1tica de snorkelling e mergulho.<br\/>A descida tem apenas 150 m de altura, pelo que \u00e9 mais aceit\u00e1vel para quem tem medo de alturas. E na descida, podes admirar o detalhe das camadas rochosas da fal\u00e9sia.<\/p>\n\n<p>Para as pessoas com mobilidade reduzida, tamb\u00e9m podes optar por subir e\/ou voltar a subir por estrada.<\/p>\n\n<p>A partir do parque de estacionamento, n\u00e3o percas o caminho (com degraus) que te leva \u00e0 famosa est\u00e1tua do Cristo e a um miradouro de onde, por vezes, se avistam baleias.<\/p>\n\n<figure class=\"wp-block-image size-large\"><img decoding=\"async\" src=\"https:\/\/photos.smugmug.com\/Madeira-Lovers\/Garajau\/Cable-Car\/i-QJntHvJ\/1\/fPnZb3fzCZqdshnstZw4WPPd7XmKTf4wjdtRtZRv\/L\/Ponta_do_Garajau_Madeira-7230168-L.jpg\" alt=\"Praia de Garajau\"\/><\/figure>\n\n<h3 class=\"wp-block-heading\">Acesso e dicas \u00fateis<\/h3>\n\n<ul class=\"wp-block-list\">\n<li>A leste da costa sul<\/li>\n\n\n\n<li>Cidade de Garajau, perto da est\u00e1tua de Cristo<\/li>\n\n\n\n<li>Do Funchal = 20 minutos de carro<\/li>\n\n\n\n<li>Grande parque de estacionamento mas localiza\u00e7\u00e3o muito popular<\/li>\n\n\n\n<li>Pre\u00e7o: 4 euros ida e volta, ou 3 euros ida e volta<\/li>\n\n\n\n<li>Hor\u00e1rio de abertura: todos os dias, das 10h00 \u00e0s 18h00<\/li>\n\n\n\n<li>Casas de banho e restaurante no andar de cima<\/li>\n\n\n\n<li>Casas de banho e restaurante no piso inferior da praia. Desfrut\u00e1mos da nossa pausa no restaurante do piso inferior.<\/li>\n<\/ul>\n\n<div style=\"background-color:#f4fae2;margin-top:8%;margin-bottom:8%\" class=\"wp-block-genesis-blocks-gb-container box gb-block-container\"><div class=\"gb-container-inside\"><div class=\"gb-container-content\" style=\"max-width:700px\">\n<div class=\"wp-block-genesis-blocks-gb-container box_titre gb-block-container\"><div class=\"gb-container-inside\"><div class=\"gb-container-content\">\n<h5 class=\"titre_box\" style=\"padding-top:10px;\">ONDE FICAR NA <span class=\"titre_box_manuscrit\">Madeira<\/span><\/h5>\n<\/div><\/div><\/div>\n\n\n\n<div class=\"wp-block-columns box_sans_border is-layout-flex wp-container-core-columns-is-layout-9d6595d7 wp-block-columns-is-layout-flex\">\n<div class=\"wp-block-column texte_planif is-layout-flow wp-block-column-is-layout-flow\" style=\"font-size:14px;flex-basis:60%\">\n<p class=\"option_titre2\">As nossas selec\u00e7\u00f5es independentes para te ajudar a encontrar <strong>o alojamento dos teus sonhos<\/strong>:<\/p>\n\n\n\n<ul class=\"wp-block-list\">\n<li><a href=\"https:\/\/madeiralovers.com\/pt-pt\/onde-ficar-madeira-melhores-destinos\/\" target=\"_blank\" rel=\"noreferrer noopener\">Onde ficar na Madeira<\/a><\/li>\n<\/ul>\n\n\n\n<ul class=\"wp-block-list\">\n<li><a href=\"https:\/\/madeiralovers.com\/pt-pt\/melhores-hoteis-5-estrelas-funchal-madeira-luxo-opinioes\/\" target=\"_blank\" rel=\"noreferrer noopener\">Os melhores hot\u00e9is de 5 estrelas<\/a><\/li>\n\n\n\n<li><a href=\"https:\/\/madeiralovers.com\/pt-pt\/melhores-hoteis-boutique-funchal-madeira-charme\/\">Os melhores hot\u00e9is boutique<\/a><\/li>\n\n\n\n<li><a href=\"https:\/\/madeiralovers.com\/pt-pt\/melhores-hoteis-velha-cidade-funchal-opinioes\/\" target=\"_blank\" rel=\"noreferrer noopener\">Os melhores hot\u00e9is na zona velha do Funchal<\/a><\/li>\n\n\n\n<li><a href=\"https:\/\/madeiralovers.com\/pt-pt\/melhores-hoteis-so-para-adultos-funchal-madeira\/\" target=\"_blank\" rel=\"noreferrer noopener\">Os melhores hot\u00e9is s\u00f3 para adultos<\/a><\/li>\n\n\n\n<li><a href=\"https:\/\/madeiralovers.com\/pt-pt\/melhores-hoteis-familias-madeira-criancas-opinioes\/\" target=\"_blank\" rel=\"noreferrer noopener\">Os melhores hot\u00e9is para fam\u00edlias<\/a><\/li>\n\n\n\n<li><a href=\"https:\/\/madeiralovers.com\/pt-pt\/melhores-hoteis-tudo-incluido-madeira\/\" target=\"_blank\" rel=\"noreferrer noopener\">Os melhores hot\u00e9is com tudo inclu\u00eddo<\/a><\/li>\n\n\n\n<li><a href=\"https:\/\/madeiralovers.com\/pt-pt\/melhores-hoteis-romanticos-funchal-madeira-amantes\/\" target=\"_blank\" rel=\"noreferrer noopener\">Os melhores hot\u00e9is rom\u00e2nticos<\/a><\/li>\n<\/ul>\n<\/div>\n\n\n\n<div class=\"wp-block-column is-vertically-aligned-top planif-radius is-layout-flow wp-block-column-is-layout-flow\" style=\"flex-basis:40%\">\n<figure class=\"wp-block-image size-large img-portrait\"><img decoding=\"async\" src=\"https:\/\/photos.smugmug.com\/Travel\/Madeira\/Accommodation\/i-TtZHSRZ\/1\/7f80cf7d\/L\/Arco_da_Calheta_hotel_Madeira-8896-L.jpg\" alt=\"Hotel Engenho Velho\" title=\"\"\/><\/figure>\n<\/div>\n<\/div>\n<\/div><\/div><\/div>\n\n<h2 class=\"wp-block-heading\">5. Telef\u00e9rico de Faja dos Padres<\/h2>\n\n<figure class=\"wp-block-image size-large\"><img decoding=\"async\" src=\"https:\/\/photos.smugmug.com\/Madeira-Lovers\/Faja-dos-Padres\/i-2cczKL3\/0\/CJjLTwLCmbZqWtTqPqtBvP4LnqMcD7vRPmVd2FCBR\/L\/Faja_dos_Padres_Madeira-7162631-L.jpg\" alt=\"Telef&#xE9;rico de Faja dos Padres\"\/><\/figure>\n\n<h3 class=\"wp-block-heading\">Porqu\u00ea apanhar o telef\u00e9rico?<\/h3>\n\n<p>Para este telef\u00e9rico, n\u00e3o s\u00e3o v\u00e1rios habitantes locais que possuem um terreno na faj\u00e3, mas uma quinta de turismo rural.<br\/>Um telef\u00e9rico leva-te por um penhasco de 300 metros. A descida demora 2min 30.<br\/>Uma vez l\u00e1 em baixo, podes descobrir as planta\u00e7\u00f5es, a praia e o restaurante que serve a aut\u00eantica cozinha madeirense.<\/p>\n\n<figure class=\"wp-block-image size-large\"><img decoding=\"async\" src=\"https:\/\/photos.smugmug.com\/Madeira-Lovers\/Faja-dos-Padres\/i-wcV2Jvt\/0\/C4h4vN4d8ncXHjzgmBfTjvJxSPTBVVqkwCrmzw9mD\/L\/Faja_dos_Padres_Madeira-7162628-L.jpg\" alt=\"Campos de Faja\"\/><\/figure>\n\n<h3 class=\"wp-block-heading\">Acesso e dicas \u00fateis<\/h3>\n\n<ul class=\"wp-block-list\">\n<li>Na costa sul, a oeste do Funchal<\/li>\n\n\n\n<li>Entre o Funchal e a Ribeira Brava<\/li>\n\n\n\n<li>Do Funchal = 20 minutos de carro<\/li>\n\n\n\n<li>O estacionamento \u00e9 muito dif\u00edcil, h\u00e1 apenas alguns lugares ao longo de uma rua estreita, por isso aconselhamos-te a apanhar um t\u00e1xi do Funchal.<\/li>\n\n\n\n<li>Pre\u00e7o: 12 euros ida e volta (22 euros com visita guiada, 30 euros com visita guiada e prova de fruta)<\/li>\n\n\n\n<li>Hor\u00e1rio de abertura: das 10h00 \u00e0s 19h00 (at\u00e9 \u00e0s 18h00 no inverno)<\/li>\n\n\n\n<li>\u00daltimas not\u00edcias no s\u00edtio Web oficial <a href=\"https:\/\/www.fajadospadres.com\/\" target=\"_blank\" rel=\"noreferrer noopener nofollow\">aqui<\/a><\/li>\n<\/ul>\n\n<h2 class=\"wp-block-heading\">6. Telef\u00e9rico do Monte (Funchal)<\/h2>\n\n<figure class=\"wp-block-image size-large\"><img decoding=\"async\" src=\"https:\/\/photos.smugmug.com\/Madeira-Lovers\/Funchal\/Teleferico-Monte\/i-D2B5Qc7\/2\/CpKN8GFHSFD3tBcvJ636StHCs7rzgn2V5PTn5Bffw\/L\/Monte_cable_car_Madeira-7194193-L.jpg\" alt=\"Telef&#xE9;rico do Monte\"\/><\/figure>\n\n<h3 class=\"wp-block-heading\">Porqu\u00ea apanhar o telef\u00e9rico?<\/h3>\n\n<p>Este \u00e9 o telef\u00e9rico mais conhecido da Madeira, pois podes v\u00ea-lo em cima enquanto passeias pela capital.<br\/>A vila tem um declive acentuado, sendo esta a forma mais pr\u00e1tica e agrad\u00e1vel de chegar \u00e0 zona do Monte nas alturas. Ao longo do percurso, podes desfrutar de vistas sobre a cidade do Funchal e o mar.<\/p>\n\n<p>Este \u00e9 o telef\u00e9rico mais comprido. Dura 15 a 20 minutos numa dist\u00e2ncia de 3,2 km.<br\/>O declive n\u00e3o \u00e9 acentuado, mas varia consoante o tro\u00e7o.<br\/>Uma vez no topo, podes visitar a igreja do Monte e dar um passeio de 5 minutos at\u00e9 \u00e0 entrada do Jardim Tropical, ou voltar a descer com os tobog\u00e3s.<\/p>\n\n<p>Tamb\u00e9m conhecido como telef\u00e9rico do Funchal.<\/p>\n\n<figure class=\"wp-block-image size-large\"><img decoding=\"async\" src=\"https:\/\/photos.smugmug.com\/Madeira-Lovers\/Funchal\/Teleferico-Monte\/i-SDKrvHz\/0\/CJzFX8GTJdKcPhm42NqzHjxnNqNKJQSQjp3nxXB3Q\/L\/cable_car_Funchal_Madeira-7173241-L.jpg\" alt=\"vista dos telef&#xE9;ricos a partir das ruas do Funchal\"\/><\/figure>\n\n<h3 class=\"wp-block-heading\">Acesso e dicas \u00fateis<\/h3>\n\n<ul class=\"wp-block-list\">\n<li>Na cidade do Funchal<\/li>\n\n\n\n<li>Partida da orla mar\u00edtima<\/li>\n\n\n\n<li>Chegada perto da igreja do Monte<\/li>\n\n\n\n<li>Pre\u00e7o: 12,50 euros ida (podes descer com o passeio de tobog\u00e3) &#8211; 18 euros ida e volta<\/li>\n\n\n\n<li>Tamb\u00e9m podes comprar bilhetes combinados para o telef\u00e9rico do Jardim Bot\u00e2nico.<\/li>\n\n\n\n<li>Hor\u00e1rio de funcionamento: das 9h \u00e0s 17h.<\/li>\n\n\n\n<li>V\u00ea as \u00faltimas not\u00edcias no s\u00edtio Web oficial <a href=\"https:\/\/madeiracablecar.com\/en\/\" target=\"_blank\" rel=\"noreferrer noopener sponsored nofollow\">aqui<\/a><\/li>\n\n\n\n<li>Parque de estacionamento subterr\u00e2neo pago perto da esta\u00e7\u00e3o inferior<\/li>\n\n\n\n<li>\u00c9 um telef\u00e9rico com v\u00e1rias cabines, por isso n\u00e3o tens de esperar muito.<br\/><\/li>\n<\/ul>\n\n<h2 class=\"wp-block-heading\">7. Telef\u00e9rico do Jardim Bot\u00e2nico do Funchal<\/h2>\n\n<figure class=\"wp-block-image size-large\"><img decoding=\"async\" src=\"https:\/\/photos.smugmug.com\/Madeira-Lovers\/Funchal\/Botanical-Garden-cable-car\/i-b8TkBNb\/1\/CLTR7j77gGr8FrgVrDtVB5qRf9pp7X3tnkHqD2nFP\/L\/Botanical_garden_cable_car_Madeira-7194220-L.jpg\" alt=\"Telef&#xE9;rico do Jardim Bot&#xE2;nico do Funchal\"\/><\/figure>\n\n<h3 class=\"wp-block-heading\">Porqu\u00ea apanhar o telef\u00e9rico?<\/h3>\n\n<p>O Jardim Bot\u00e2nico do Funchal est\u00e1 situado nas colinas acima do Funchal.<br\/>Depois de apanhares o telef\u00e9rico do Monte, tens de caminhar um pouco para apanhar outro telef\u00e9rico que chega ao topo do jardim bot\u00e2nico.<br\/>\u00c9 uma bela travessia de 9 minutos sobre um vale.<\/p>\n\n<figure class=\"wp-block-image size-large\"><img decoding=\"async\" src=\"https:\/\/photos.smugmug.com\/Madeira-Lovers\/Funchal\/Botanical-Garden-cable-car\/i-WpgfB6S\/1\/CVNLZ2SwRC6jnj8dP2qwwpCgHkFQwJWgxnT6DwP4f\/L\/Botanical_garden_cable_car_Madeira-7194227-L.jpg\" alt=\"Vista da cidade do Funchal\"\/><\/figure>\n\n<h3 class=\"wp-block-heading\">Acesso e dicas \u00fateis<\/h3>\n\n<ul class=\"wp-block-list\">\n<li>Sobre as alturas do Funcal<\/li>\n\n\n\n<li>Entre a zona do Monte e o jardim bot\u00e2nico<\/li>\n\n\n\n<li>Pre\u00e7o: 9,25 euros ida (15,50 euros com bilhete de entrada no jardim) &#8211; 14 euros ida e volta (18,90 euros com bilhete de entrada no jardim)<\/li>\n\n\n\n<li>Hor\u00e1rio de funcionamento: das 9h30 \u00e0s 17h30<\/li>\n\n\n\n<li>V\u00ea as \u00faltimas not\u00edcias no s\u00edtio Web oficial <a href=\"http:\/\/telefericojardimbotanico.com\/\" target=\"_blank\" rel=\"noreferrer noopener nofollow\">aqui<\/a><\/li>\n\n\n\n<li>Casas de banho em cima e em baixo do telef\u00e9rico<\/li>\n<\/ul>\n\n<div style=\"margin-top:8%;margin-bottom:8%\" class=\"wp-block-genesis-blocks-gb-container box gb-block-container\"><div class=\"gb-container-inside\"><div class=\"gb-container-content\" style=\"max-width:700px\">\n<div class=\"wp-block-genesis-blocks-gb-container box_titre gb-block-container\"><div class=\"gb-container-inside\"><div class=\"gb-container-content\">\n<h5 class=\"titre_box\">PLANEJE A SUA ESTADIA NA <span class=\"titre_box_manuscrit\">madeira<\/span><\/h5>\n<\/div><\/div><\/div>\n\n\n\n<hr class=\"wp-block-separator has-text-color has-alpha-channel-opacity has-background is-style-wide hr-box-planif\" style=\"background-color:#ccd3dd;color:#ccd3dd\"\/>\n\n\n\n<div class=\"wp-block-columns box_sans_border is-layout-flex wp-container-core-columns-is-layout-9d6595d7 wp-block-columns-is-layout-flex\">\n<div class=\"wp-block-column texte_planif is-layout-flow wp-block-column-is-layout-flow\" style=\"font-size:14px;flex-basis:60%\">\n<p class=\"option_titre2\"><strong>O melhor de<\/strong><\/p>\n\n\n\n<p style=\"font-size:16px\"><a href=\"https:\/\/madeiralovers.com\/pt-pt\/o-que-fazer-madeira-atracoes\/\">O que fazer na Madeira<\/a><br\/><a href=\"https:\/\/madeiralovers.com\/pt-pt\/melhores-miradouros-madeira\/\" target=\"_blank\" rel=\"noreferrer noopener\">Os mais belos miradouros<\/a><br\/><a href=\"https:\/\/madeiralovers.com\/pt-pt\/melhores-praias-madeira\/\" target=\"_blank\" rel=\"noreferrer noopener\">As praias mais bonitas da Madeira<\/a><br\/><a href=\"https:\/\/madeiralovers.com\/pt-pt\/melhores-jardins-madeira\/\" target=\"_blank\" rel=\"noreferrer noopener\">Os mais belos jardins<\/a><br\/><a href=\"https:\/\/madeiralovers.com\/pt-pt\/piscinas-naturais-madeira\/\" target=\"_blank\" rel=\"noreferrer noopener\">Piscinas naturais<\/a><br\/><a href=\"https:\/\/madeiralovers.com\/pt-pt\/melhores-caminhadas-madeira\/\" target=\"_blank\" rel=\"noreferrer noopener\">Os melhores passeios<\/a><br\/><a href=\"https:\/\/madeiralovers.com\/pt-pt\/estradas-mas-bonitas-madeira\/\" target=\"_blank\" rel=\"noreferrer noopener\">As estradas mais bonitas<\/a><br\/><a href=\"https:\/\/madeiralovers.com\/pt-pt\/locais-secretos-madeira\/\" target=\"_blank\" rel=\"noreferrer noopener\">Lugares secretos<\/a><\/p>\n<\/div>\n\n\n\n<div class=\"wp-block-column is-vertically-aligned-top planif-radius is-layout-flow wp-block-column-is-layout-flow\" style=\"flex-basis:40%\">\n<figure class=\"wp-block-image size-large img-portrait\"><img decoding=\"async\" src=\"https:\/\/photos.smugmug.com\/Travel\/Madeira\/13d-Rocha-do-Navio\/i-T3f6J48\/2\/d3DHMbHtwPMz7Tj9qDPmRxGpbxx5RBRCr4LrPp2c\/S\/Roacha_do_Navio_cable_car_Madeira-7241164-S.jpg\" alt=\"Rocha Navia\" title=\"\"\/><\/figure>\n<\/div>\n<\/div>\n\n\n\n<hr class=\"wp-block-separator has-text-color has-alpha-channel-opacity has-background is-style-wide hr-box-planif\" style=\"background-color:#ccd3dd;color:#ccd3dd\"\/>\n\n\n\n<div class=\"wp-block-columns box_sans_border is-layout-flex wp-container-core-columns-is-layout-9d6595d7 wp-block-columns-is-layout-flex\">\n<div class=\"wp-block-column texte_planif is-layout-flow wp-block-column-is-layout-flow\" style=\"font-size:14px;flex-basis:60%\">\n<p class=\"option_titre\"><strong>Conselhos pr\u00e1ticos<\/strong><\/p>\n\n\n\n<p style=\"font-size:16px\"><a href=\"https:\/\/madeiralovers.com\/pt-pt\/deslocar-madeira-transportes\/\" target=\"_blank\" rel=\"noreferrer noopener\">Getting around Madeira<\/a><br\/><a href=\"https:\/\/madeiralovers.com\/pt-pt\/como-alugar-carro-madeira-dicas-experiencia\/\" target=\"_blank\" rel=\"noreferrer noopener\">Alugar um carro na Madeira<\/a><br\/><a href=\"https:\/\/madeiralovers.com\/pt-pt\/conduzir-madeira-conselhos\/\" target=\"_blank\" rel=\"noreferrer noopener\">Conduzir na Madeira<\/a><\/p>\n\n\n\n<p style=\"font-size:16px\"><a href=\"https:\/\/madeiralovers.com\/pt-pt\/onde-ficar-madeira-melhores-destinos\/\" target=\"_blank\" rel=\"noreferrer noopener\">Onde ficar na Madeira<\/a><\/p>\n\n\n\n<p style=\"font-size:16px\">Itiner\u00e1rios: 3 dias &#8211; 4 dias &#8211; <a href=\"https:\/\/madeiralovers.com\/pt-pt\/visitar-madeira-5-dias-itinerario\/\" target=\"_blank\" rel=\"noreferrer noopener\">5 dias<\/a> &#8211; <a href=\"https:\/\/madeiralovers.com\/pt-pt\/visitar-madeira-6-dias-itinerario\/\" target=\"_blank\" rel=\"noreferrer noopener\">6 dias<\/a> &#8211; <a href=\"https:\/\/madeiralovers.com\/pt-pt\/visitar-madeira-uma-semana-itinerario\/\" target=\"_blank\" rel=\"noreferrer noopener\">7 dias<\/a> &#8211; <a href=\"https:\/\/madeiralovers.com\/pt-pt\/visitar-madeira-10-dias-itinerario\/\" target=\"_blank\" rel=\"noreferrer noopener\">10 dias<\/a><\/p>\n<\/div>\n\n\n\n<div class=\"wp-block-column is-vertically-aligned-top planif-radius is-layout-flow wp-block-column-is-layout-flow\" style=\"flex-basis:40%\">\n<figure class=\"wp-block-image size-large img-portrait\"><img decoding=\"async\" src=\"https:\/\/photos.smugmug.com\/Travel\/Madeira\/Driving\/i-xNmkb72\/2\/DF578h2B7Q6RbR84FZXN5v8D7vg6nLZ9dzBdrJ2rZ\/S\/driving_Madeira-7241434-S.jpg\" alt=\"Conduzir na Madeira\" title=\"\"\/><\/figure>\n<\/div>\n<\/div>\n\n\n\n<hr class=\"wp-block-separator has-text-color has-alpha-channel-opacity has-background is-style-wide hr-box-planif\" style=\"background-color:#ccd3dd;color:#ccd3dd\"\/>\n\n\n\n<div class=\"wp-block-columns box_sans_border is-layout-flex wp-container-core-columns-is-layout-9d6595d7 wp-block-columns-is-layout-flex\">\n<div class=\"wp-block-column texte_planif is-layout-flow wp-block-column-is-layout-flow\" style=\"font-size:14px;flex-basis:60%\">\n<p class=\"option_titre\"><strong>Locais a n\u00e3o perder<\/strong><\/p>\n\n\n\n<p style=\"font-size:16px\"><a href=\"https:\/\/madeiralovers.com\/pt-pt\/excursao-dolfins-madeira-baleias\/\" target=\"_blank\" rel=\"noreferrer noopener\">Observa\u00e7\u00e3o de golfinhos<\/a><br\/><a href=\"https:\/\/madeiralovers.com\/pt-pt\/o-que-fazer-funchal-visitar\/\" target=\"_blank\" rel=\"noreferrer noopener\">O que fazer no Funchal<\/a><br\/><a href=\"https:\/\/madeiralovers.com\/pt-pt\/o-que-fazer-camera-de-lobos-madeira-visitar\/\" target=\"_blank\" rel=\"noreferrer noopener\">C\u00e2mara de Lobos<\/a><br\/><a href=\"https:\/\/madeiralovers.com\/pt-pt\/o-que-fazer-ponta-do-sol-visitar\/\" target=\"_blank\" rel=\"noreferrer noopener\">Ponta do Sol<\/a><br\/><a href=\"https:\/\/madeiralovers.com\/pt-pt\/o-que-fazer-santana-madeira-visitar\/\">Santana<\/a><br\/><a href=\"https:\/\/madeiralovers.com\/pt-pt\/o-que-fazer-pico-do-arieiro-madeira\/\" target=\"_blank\" rel=\"noreferrer noopener\">Pico do Arieiro<\/a><br\/><a href=\"https:\/\/madeiralovers.com\/pt-pt\/o-que-fazer-porto-santo-visitar\/\" target=\"_blank\" rel=\"noreferrer noopener\">O que fazer em Porto Santo<\/a><\/p>\n<\/div>\n\n\n\n<div class=\"wp-block-column is-vertically-aligned-top planif-radius is-layout-flow wp-block-column-is-layout-flow\" style=\"flex-basis:40%\">\n<figure class=\"wp-block-image size-large img-portrait\"><img decoding=\"async\" src=\"https:\/\/photos.smugmug.com\/Travel\/Madeira\/6c-Camara-dos-Lobos\/i-zH7D8Tv\/2\/DpttrQSghWXj2DKMm3VHbFkhFMLsTFhS37sRFTxNz\/S\/camara_dos_Lobos_Madeira-7173015-S.jpg\" alt=\"C&#xE2;mara de Lobos\" title=\"\"\/><\/figure>\n<\/div>\n<\/div>\n<\/div><\/div><\/div>\n\n<div class=\"wp-block-genesis-blocks-gb-container box_auteur_voyage gb-block-container\"><div class=\"gb-container-inside\"><div class=\"gb-container-content\">\n<figure class=\"wp-block-image size-large img_auteur_voyage\"><a href=\"https:\/\/madeiralovers.com\/pt-pt\/claire-robinson\/\" target=\"_blank\" rel=\"noreferrer noopener\"><img decoding=\"async\" src=\"https:\/\/photos.smugmug.com\/Madeira-Lovers\/Portraits-equipe\/i-WCb99j5\/0\/2d0b98a0\/L\/regionlovers-3-L.jpg\" alt=\"\"\/><\/a><\/figure>\n\n\n\n<h5 class=\"titre_auteur_voyage\"><span>FEZ A VIAGEM E ESCREVEU O ARTIGO \n <\/span><span class=\"titre_box_manuscrit\">Claire<\/span><\/h5>\n<\/div><\/div><\/div>\n","protected":false},"excerpt":{"rendered":"<p>Se n\u00e3o tiveres muito medo das alturas, n\u00e3o percas a oportunidade de descer num dos telef\u00e9ricos da Madeira at\u00e9 \u00e0 Faj\u00e3 (um pequeno peda\u00e7o de terreno agr\u00edcola no sop\u00e9 das fal\u00e9sias).\u00c9 uma aventura t\u00edpica da Madeira com vistas espectaculares.Aqui tens uma lista dos telef\u00e9ricos da Madeira, com as nossas recomenda\u00e7\u00f5es. Mapa dos telef\u00e9ricos da Madeira [&hellip;]<\/p>\n","protected":false},"author":2,"featured_media":1700,"comment_status":"closed","ping_status":"closed","sticky":false,"template":"","format":"standard","meta":{"_genesis_hide_title":false,"_genesis_hide_breadcrumbs":false,"_genesis_hide_singular_image":false,"_genesis_hide_footer_widgets":false,"_genesis_custom_body_class":"","_genesis_custom_post_class":"","_genesis_layout":"","footnotes":""},"categories":[54],"tags":[],"class_list":{"0":"post-1705","1":"post","2":"type-post","3":"status-publish","4":"format-standard","5":"has-post-thumbnail","7":"category-os-locais-mais-bonitos-da-madeira","8":"entry"},"yoast_head":"<!-- This site is optimized with the Yoast SEO plugin v27.2 - https:\/\/yoast.com\/product\/yoast-seo-wordpress\/ -->\n<title>Telef\u00e9ricos da Madeira: 7 op\u00e7\u00f5es (+ dicas)<\/title>\n<meta name=\"description\" content=\"Todas as nossas dicas para conheceres os telef\u00e9ricos da Madeira: mapa, acesso, vistas, interesse... no Funchal e na ilha\" \/>\n<meta name=\"robots\" content=\"index, follow, max-snippet:-1, max-image-preview:large, max-video-preview:-1\" \/>\n<link rel=\"canonical\" href=\"https:\/\/madeiralovers.com\/pt-pt\/telefericos-madeira\/\" \/>\n<meta property=\"og:locale\" content=\"pt_PT\" \/>\n<meta property=\"og:type\" content=\"article\" \/>\n<meta property=\"og:title\" content=\"Telef\u00e9ricos da Madeira: 7 op\u00e7\u00f5es (+ dicas)\" \/>\n<meta property=\"og:description\" content=\"Todas as nossas dicas para conheceres os telef\u00e9ricos da Madeira: mapa, acesso, vistas, interesse... no Funchal e na ilha\" \/>\n<meta property=\"og:url\" content=\"https:\/\/madeiralovers.com\/pt-pt\/telefericos-madeira\/\" \/>\n<meta property=\"og:site_name\" content=\"Madeira Lovers\" \/>\n<meta property=\"article:published_time\" content=\"2024-04-30T08:00:54+00:00\" \/>\n<meta property=\"article:modified_time\" content=\"2025-02-22T17:08:45+00:00\" \/>\n<meta property=\"og:image\" content=\"https:\/\/madeiralovers.com\/wp-content\/uploads\/2024\/04\/Telefericos-da-Madeira.jpeg\" \/>\n\t<meta property=\"og:image:width\" content=\"800\" \/>\n\t<meta property=\"og:image:height\" content=\"600\" \/>\n\t<meta property=\"og:image:type\" content=\"image\/jpeg\" \/>\n<meta name=\"author\" content=\"Claire ROBINSON\" \/>\n<meta name=\"twitter:card\" content=\"summary_large_image\" \/>\n<meta name=\"twitter:label1\" content=\"Escrito por\" \/>\n\t<meta name=\"twitter:data1\" content=\"Claire ROBINSON\" \/>\n\t<meta name=\"twitter:label2\" content=\"Tempo estimado de leitura\" \/>\n\t<meta name=\"twitter:data2\" content=\"7 minutos\" \/>\n<script type=\"application\/ld+json\" class=\"yoast-schema-graph\">{\"@context\":\"https:\/\/schema.org\",\"@graph\":[{\"@type\":\"Article\",\"@id\":\"https:\/\/madeiralovers.com\/pt-pt\/telefericos-madeira\/#article\",\"isPartOf\":{\"@id\":\"https:\/\/madeiralovers.com\/pt-pt\/telefericos-madeira\/\"},\"author\":{\"name\":\"Claire ROBINSON\",\"@id\":\"https:\/\/madeiralovers.com\/pt-pt\/#\/schema\/person\/714bf48f891f34f544b1808122c3dd35\"},\"headline\":\"Telef\u00e9ricos da Madeira: 7 op\u00e7\u00f5es (+ dicas)\",\"datePublished\":\"2024-04-30T08:00:54+00:00\",\"dateModified\":\"2025-02-22T17:08:45+00:00\",\"mainEntityOfPage\":{\"@id\":\"https:\/\/madeiralovers.com\/pt-pt\/telefericos-madeira\/\"},\"wordCount\":1450,\"publisher\":{\"@id\":\"https:\/\/madeiralovers.com\/pt-pt\/#organization\"},\"image\":{\"@id\":\"https:\/\/madeiralovers.com\/pt-pt\/telefericos-madeira\/#primaryimage\"},\"thumbnailUrl\":\"https:\/\/madeiralovers.com\/wp-content\/uploads\/2024\/04\/Telefericos-da-Madeira.jpeg\",\"articleSection\":[\"Os locais mais bonitos da Madeira\"],\"inLanguage\":\"pt-PT\"},{\"@type\":\"WebPage\",\"@id\":\"https:\/\/madeiralovers.com\/pt-pt\/telefericos-madeira\/\",\"url\":\"https:\/\/madeiralovers.com\/pt-pt\/telefericos-madeira\/\",\"name\":\"Telef\u00e9ricos da Madeira: 7 op\u00e7\u00f5es (+ dicas)\",\"isPartOf\":{\"@id\":\"https:\/\/madeiralovers.com\/pt-pt\/#website\"},\"primaryImageOfPage\":{\"@id\":\"https:\/\/madeiralovers.com\/pt-pt\/telefericos-madeira\/#primaryimage\"},\"image\":{\"@id\":\"https:\/\/madeiralovers.com\/pt-pt\/telefericos-madeira\/#primaryimage\"},\"thumbnailUrl\":\"https:\/\/madeiralovers.com\/wp-content\/uploads\/2024\/04\/Telefericos-da-Madeira.jpeg\",\"datePublished\":\"2024-04-30T08:00:54+00:00\",\"dateModified\":\"2025-02-22T17:08:45+00:00\",\"description\":\"Todas as nossas dicas para conheceres os telef\u00e9ricos da Madeira: mapa, acesso, vistas, interesse... no Funchal e na ilha\",\"breadcrumb\":{\"@id\":\"https:\/\/madeiralovers.com\/pt-pt\/telefericos-madeira\/#breadcrumb\"},\"inLanguage\":\"pt-PT\",\"potentialAction\":[{\"@type\":\"ReadAction\",\"target\":[\"https:\/\/madeiralovers.com\/pt-pt\/telefericos-madeira\/\"]}]},{\"@type\":\"ImageObject\",\"inLanguage\":\"pt-PT\",\"@id\":\"https:\/\/madeiralovers.com\/pt-pt\/telefericos-madeira\/#primaryimage\",\"url\":\"https:\/\/madeiralovers.com\/wp-content\/uploads\/2024\/04\/Telefericos-da-Madeira.jpeg\",\"contentUrl\":\"https:\/\/madeiralovers.com\/wp-content\/uploads\/2024\/04\/Telefericos-da-Madeira.jpeg\",\"width\":800,\"height\":600,\"caption\":\"Telef\u00e9ricos da Madeira\"},{\"@type\":\"BreadcrumbList\",\"@id\":\"https:\/\/madeiralovers.com\/pt-pt\/telefericos-madeira\/#breadcrumb\",\"itemListElement\":[{\"@type\":\"ListItem\",\"position\":1,\"name\":\"Accueil\",\"item\":\"https:\/\/madeiralovers.com\/pt-pt\/\"},{\"@type\":\"ListItem\",\"position\":2,\"name\":\"Os locais mais bonitos da Madeira\",\"item\":\"https:\/\/madeiralovers.com\/pt-pt\/os-locais-mais-bonitos-da-madeira\/\"},{\"@type\":\"ListItem\",\"position\":3,\"name\":\"Telef\u00e9ricos da Madeira: 7 op\u00e7\u00f5es (+ dicas)\"}]},{\"@type\":\"WebSite\",\"@id\":\"https:\/\/madeiralovers.com\/pt-pt\/#website\",\"url\":\"https:\/\/madeiralovers.com\/pt-pt\/\",\"name\":\"Madeira Lovers\",\"description\":\"Pour r\u00e9veiller vos sens \u00e0 Mad\u00e8re\",\"publisher\":{\"@id\":\"https:\/\/madeiralovers.com\/pt-pt\/#organization\"},\"potentialAction\":[{\"@type\":\"SearchAction\",\"target\":{\"@type\":\"EntryPoint\",\"urlTemplate\":\"https:\/\/madeiralovers.com\/pt-pt\/?s={search_term_string}\"},\"query-input\":{\"@type\":\"PropertyValueSpecification\",\"valueRequired\":true,\"valueName\":\"search_term_string\"}}],\"inLanguage\":\"pt-PT\"},{\"@type\":\"Organization\",\"@id\":\"https:\/\/madeiralovers.com\/pt-pt\/#organization\",\"name\":\"Madeira Lovers\",\"url\":\"https:\/\/madeiralovers.com\/pt-pt\/\",\"logo\":{\"@type\":\"ImageObject\",\"inLanguage\":\"pt-PT\",\"@id\":\"https:\/\/madeiralovers.com\/pt-pt\/#\/schema\/logo\/image\/\",\"url\":\"https:\/\/madeiralovers.com\/wp-content\/uploads\/2024\/05\/cropped-Madeira-Lovers-Logos.png\",\"contentUrl\":\"https:\/\/madeiralovers.com\/wp-content\/uploads\/2024\/05\/cropped-Madeira-Lovers-Logos.png\",\"width\":2500,\"height\":554,\"caption\":\"Madeira Lovers\"},\"image\":{\"@id\":\"https:\/\/madeiralovers.com\/pt-pt\/#\/schema\/logo\/image\/\"}},{\"@type\":\"Person\",\"@id\":\"https:\/\/madeiralovers.com\/pt-pt\/#\/schema\/person\/714bf48f891f34f544b1808122c3dd35\",\"name\":\"Claire ROBINSON\",\"image\":{\"@type\":\"ImageObject\",\"inLanguage\":\"pt-PT\",\"@id\":\"https:\/\/secure.gravatar.com\/avatar\/e3566233826c32de8d7c9ef726a1087654b12cadb092acc17ee1d357687192ff?s=96&d=mm&r=g\",\"url\":\"https:\/\/secure.gravatar.com\/avatar\/e3566233826c32de8d7c9ef726a1087654b12cadb092acc17ee1d357687192ff?s=96&d=mm&r=g\",\"contentUrl\":\"https:\/\/secure.gravatar.com\/avatar\/e3566233826c32de8d7c9ef726a1087654b12cadb092acc17ee1d357687192ff?s=96&d=mm&r=g\",\"caption\":\"Claire ROBINSON\"},\"sameAs\":[\"https:\/\/madeiralovers.com\/claire-robinson\/\"],\"url\":\"https:\/\/madeiralovers.com\/pt-pt\/author\/claire-robinson\/\"}]}<\/script>\n<!-- \/ Yoast SEO plugin. -->","yoast_head_json":{"title":"Telef\u00e9ricos da Madeira: 7 op\u00e7\u00f5es (+ dicas)","description":"Todas as nossas dicas para conheceres os telef\u00e9ricos da Madeira: mapa, acesso, vistas, interesse... no Funchal e na ilha","robots":{"index":"index","follow":"follow","max-snippet":"max-snippet:-1","max-image-preview":"max-image-preview:large","max-video-preview":"max-video-preview:-1"},"canonical":"https:\/\/madeiralovers.com\/pt-pt\/telefericos-madeira\/","og_locale":"pt_PT","og_type":"article","og_title":"Telef\u00e9ricos da Madeira: 7 op\u00e7\u00f5es (+ dicas)","og_description":"Todas as nossas dicas para conheceres os telef\u00e9ricos da Madeira: mapa, acesso, vistas, interesse... no Funchal e na ilha","og_url":"https:\/\/madeiralovers.com\/pt-pt\/telefericos-madeira\/","og_site_name":"Madeira Lovers","article_published_time":"2024-04-30T08:00:54+00:00","article_modified_time":"2025-02-22T17:08:45+00:00","og_image":[{"width":800,"height":600,"url":"https:\/\/madeiralovers.com\/wp-content\/uploads\/2024\/04\/Telefericos-da-Madeira.jpeg","type":"image\/jpeg"}],"author":"Claire ROBINSON","twitter_card":"summary_large_image","twitter_misc":{"Escrito por":"Claire ROBINSON","Tempo estimado de leitura":"7 minutos"},"schema":{"@context":"https:\/\/schema.org","@graph":[{"@type":"Article","@id":"https:\/\/madeiralovers.com\/pt-pt\/telefericos-madeira\/#article","isPartOf":{"@id":"https:\/\/madeiralovers.com\/pt-pt\/telefericos-madeira\/"},"author":{"name":"Claire ROBINSON","@id":"https:\/\/madeiralovers.com\/pt-pt\/#\/schema\/person\/714bf48f891f34f544b1808122c3dd35"},"headline":"Telef\u00e9ricos da Madeira: 7 op\u00e7\u00f5es (+ dicas)","datePublished":"2024-04-30T08:00:54+00:00","dateModified":"2025-02-22T17:08:45+00:00","mainEntityOfPage":{"@id":"https:\/\/madeiralovers.com\/pt-pt\/telefericos-madeira\/"},"wordCount":1450,"publisher":{"@id":"https:\/\/madeiralovers.com\/pt-pt\/#organization"},"image":{"@id":"https:\/\/madeiralovers.com\/pt-pt\/telefericos-madeira\/#primaryimage"},"thumbnailUrl":"https:\/\/madeiralovers.com\/wp-content\/uploads\/2024\/04\/Telefericos-da-Madeira.jpeg","articleSection":["Os locais mais bonitos da Madeira"],"inLanguage":"pt-PT"},{"@type":"WebPage","@id":"https:\/\/madeiralovers.com\/pt-pt\/telefericos-madeira\/","url":"https:\/\/madeiralovers.com\/pt-pt\/telefericos-madeira\/","name":"Telef\u00e9ricos da Madeira: 7 op\u00e7\u00f5es (+ dicas)","isPartOf":{"@id":"https:\/\/madeiralovers.com\/pt-pt\/#website"},"primaryImageOfPage":{"@id":"https:\/\/madeiralovers.com\/pt-pt\/telefericos-madeira\/#primaryimage"},"image":{"@id":"https:\/\/madeiralovers.com\/pt-pt\/telefericos-madeira\/#primaryimage"},"thumbnailUrl":"https:\/\/madeiralovers.com\/wp-content\/uploads\/2024\/04\/Telefericos-da-Madeira.jpeg","datePublished":"2024-04-30T08:00:54+00:00","dateModified":"2025-02-22T17:08:45+00:00","description":"Todas as nossas dicas para conheceres os telef\u00e9ricos da Madeira: mapa, acesso, vistas, interesse... no Funchal e na ilha","breadcrumb":{"@id":"https:\/\/madeiralovers.com\/pt-pt\/telefericos-madeira\/#breadcrumb"},"inLanguage":"pt-PT","potentialAction":[{"@type":"ReadAction","target":["https:\/\/madeiralovers.com\/pt-pt\/telefericos-madeira\/"]}]},{"@type":"ImageObject","inLanguage":"pt-PT","@id":"https:\/\/madeiralovers.com\/pt-pt\/telefericos-madeira\/#primaryimage","url":"https:\/\/madeiralovers.com\/wp-content\/uploads\/2024\/04\/Telefericos-da-Madeira.jpeg","contentUrl":"https:\/\/madeiralovers.com\/wp-content\/uploads\/2024\/04\/Telefericos-da-Madeira.jpeg","width":800,"height":600,"caption":"Telef\u00e9ricos da Madeira"},{"@type":"BreadcrumbList","@id":"https:\/\/madeiralovers.com\/pt-pt\/telefericos-madeira\/#breadcrumb","itemListElement":[{"@type":"ListItem","position":1,"name":"Accueil","item":"https:\/\/madeiralovers.com\/pt-pt\/"},{"@type":"ListItem","position":2,"name":"Os locais mais bonitos da Madeira","item":"https:\/\/madeiralovers.com\/pt-pt\/os-locais-mais-bonitos-da-madeira\/"},{"@type":"ListItem","position":3,"name":"Telef\u00e9ricos da Madeira: 7 op\u00e7\u00f5es (+ dicas)"}]},{"@type":"WebSite","@id":"https:\/\/madeiralovers.com\/pt-pt\/#website","url":"https:\/\/madeiralovers.com\/pt-pt\/","name":"Madeira Lovers","description":"Pour r\u00e9veiller vos sens \u00e0 Mad\u00e8re","publisher":{"@id":"https:\/\/madeiralovers.com\/pt-pt\/#organization"},"potentialAction":[{"@type":"SearchAction","target":{"@type":"EntryPoint","urlTemplate":"https:\/\/madeiralovers.com\/pt-pt\/?s={search_term_string}"},"query-input":{"@type":"PropertyValueSpecification","valueRequired":true,"valueName":"search_term_string"}}],"inLanguage":"pt-PT"},{"@type":"Organization","@id":"https:\/\/madeiralovers.com\/pt-pt\/#organization","name":"Madeira Lovers","url":"https:\/\/madeiralovers.com\/pt-pt\/","logo":{"@type":"ImageObject","inLanguage":"pt-PT","@id":"https:\/\/madeiralovers.com\/pt-pt\/#\/schema\/logo\/image\/","url":"https:\/\/madeiralovers.com\/wp-content\/uploads\/2024\/05\/cropped-Madeira-Lovers-Logos.png","contentUrl":"https:\/\/madeiralovers.com\/wp-content\/uploads\/2024\/05\/cropped-Madeira-Lovers-Logos.png","width":2500,"height":554,"caption":"Madeira Lovers"},"image":{"@id":"https:\/\/madeiralovers.com\/pt-pt\/#\/schema\/logo\/image\/"}},{"@type":"Person","@id":"https:\/\/madeiralovers.com\/pt-pt\/#\/schema\/person\/714bf48f891f34f544b1808122c3dd35","name":"Claire ROBINSON","image":{"@type":"ImageObject","inLanguage":"pt-PT","@id":"https:\/\/secure.gravatar.com\/avatar\/e3566233826c32de8d7c9ef726a1087654b12cadb092acc17ee1d357687192ff?s=96&d=mm&r=g","url":"https:\/\/secure.gravatar.com\/avatar\/e3566233826c32de8d7c9ef726a1087654b12cadb092acc17ee1d357687192ff?s=96&d=mm&r=g","contentUrl":"https:\/\/secure.gravatar.com\/avatar\/e3566233826c32de8d7c9ef726a1087654b12cadb092acc17ee1d357687192ff?s=96&d=mm&r=g","caption":"Claire ROBINSON"},"sameAs":["https:\/\/madeiralovers.com\/claire-robinson\/"],"url":"https:\/\/madeiralovers.com\/pt-pt\/author\/claire-robinson\/"}]}},"featured_image_src":"https:\/\/madeiralovers.com\/wp-content\/uploads\/2024\/04\/Telefericos-da-Madeira-600x400.jpeg","featured_image_src_square":"https:\/\/madeiralovers.com\/wp-content\/uploads\/2024\/04\/Telefericos-da-Madeira-600x600.jpeg","author_info":{"display_name":"Claire ROBINSON","author_link":"https:\/\/madeiralovers.com\/pt-pt\/author\/claire-robinson\/"},"_links":{"self":[{"href":"https:\/\/madeiralovers.com\/pt-pt\/wp-json\/wp\/v2\/posts\/1705","targetHints":{"allow":["GET"]}}],"collection":[{"href":"https:\/\/madeiralovers.com\/pt-pt\/wp-json\/wp\/v2\/posts"}],"about":[{"href":"https:\/\/madeiralovers.com\/pt-pt\/wp-json\/wp\/v2\/types\/post"}],"author":[{"embeddable":true,"href":"https:\/\/madeiralovers.com\/pt-pt\/wp-json\/wp\/v2\/users\/2"}],"replies":[{"embeddable":true,"href":"https:\/\/madeiralovers.com\/pt-pt\/wp-json\/wp\/v2\/comments?post=1705"}],"version-history":[{"count":0,"href":"https:\/\/madeiralovers.com\/pt-pt\/wp-json\/wp\/v2\/posts\/1705\/revisions"}],"wp:featuredmedia":[{"embeddable":true,"href":"https:\/\/madeiralovers.com\/pt-pt\/wp-json\/wp\/v2\/media\/1700"}],"wp:attachment":[{"href":"https:\/\/madeiralovers.com\/pt-pt\/wp-json\/wp\/v2\/media?parent=1705"}],"wp:term":[{"taxonomy":"category","embeddable":true,"href":"https:\/\/madeiralovers.com\/pt-pt\/wp-json\/wp\/v2\/categories?post=1705"},{"taxonomy":"post_tag","embeddable":true,"href":"https:\/\/madeiralovers.com\/pt-pt\/wp-json\/wp\/v2\/tags?post=1705"}],"curies":[{"name":"wp","href":"https:\/\/api.w.org\/{rel}","templated":true}]}}