{"id":1650,"date":"2024-04-29T14:15:33","date_gmt":"2024-04-29T13:15:33","guid":{"rendered":"https:\/\/madeiralovers.com\/o-que-fazer-village-canical-visit\/"},"modified":"2026-04-14T15:11:59","modified_gmt":"2026-04-14T14:11:59","slug":"visitar-aldeia-canical-o-que-fazer","status":"publish","type":"post","link":"https:\/\/madeiralovers.com\/pt-pt\/visitar-aldeia-canical-o-que-fazer\/","title":{"rendered":"Aldeia de Cani\u00e7al: o que fazer (+ dicas de visita)"},"content":{"rendered":"\n<p>O Cani\u00e7al \u00e9 muitas vezes esquecido pelos turistas que se aglomeram para ver as magn\u00edficas fal\u00e9sias da Ponta de S\u00e3o Louran\u00e7o, ali ao lado. No entanto, \u00e9 uma pequena cidade com uma encantadora orla mar\u00edtima e um museu interessante.<br\/>Aqui est\u00e1 o nosso guia para os <strong>lugares imperd\u00edveis<\/strong> na vila madeirense do Cani\u00e7al e algumas dicas \u00fateis para planeares a tua visita.<\/p>\n\n<figure class=\"wp-block-image size-full\"><img decoding=\"async\" src=\"https:\/\/madeiralovers.com\/wp-content\/uploads\/2024\/04\/o-que-fazer-Canical-Madeira-visitar.jpeg\" alt=\"o que fazer Canical Madeira visita\" class=\"wp-image-1579\"\/><\/figure>\n\n<p>Esta \u00e9 uma opini\u00e3o completamente <strong>independente<\/strong>, baseada na nossa pr\u00f3pria experi\u00eancia. Fizemos as nossas pr\u00f3prias escolhas, visit\u00e1mos a regi\u00e3o de forma an\u00f3nima e pag\u00e1mos as nossas contas na totalidade.<\/p>\n\n<h2 class=\"wp-block-heading\">Vale a pena visitar a aldeia do Cani\u00e7al?<\/h2>\n\n<p>Sim, a vila do Cani\u00e7al merece uma visita, principalmente pelo seu museu da baleia com modelos em tamanho real, mas tamb\u00e9m pela sua bonita orla mar\u00edtima.<\/p>\n\n<p>N\u00e3o entrou na nossa lista das <a href=\"https:\/\/madeiralovers.com\/pt-pt\/melhores-cidades-madeira-aldeias\/\" target=\"_blank\" rel=\"noreferrer noopener\">vilas mais bonitas da Madeira<\/a>, mas mesmo assim recomendamos uma visita se quiseres saber mais sobre as baleias, talvez para complementar a tua viagem de barco do Funchal para as observar! <a href=\"https:\/\/www.getyourguide.pt\/s?q=Funchal+dauphins&amp;searchSource=8&amp;partner_id=R3GYW4V&amp;cmp=madeira\" target=\"_blank\" rel=\"noreferrer noopener sponsored nofollow\">Ver op\u00e7\u00f5es<\/a><\/p>\n\n<div style=\"background-color:#f4fae2;margin-top:8%;margin-bottom:8%\" class=\"wp-block-genesis-blocks-gb-container box gb-block-container\"><div class=\"gb-container-inside\"><div class=\"gb-container-content\" style=\"max-width:700px\">\n<div class=\"wp-block-genesis-blocks-gb-container box_titre gb-block-container\"><div class=\"gb-container-inside\"><div class=\"gb-container-content\">\n<h5 class=\"titre_box\" style=\"padding-top:10px;\">ONDE FICAR NA <span class=\"titre_box_manuscrit\">Madeira<\/span><\/h5>\n<\/div><\/div><\/div>\n\n\n\n<div class=\"wp-block-columns box_sans_border is-layout-flex wp-container-core-columns-is-layout-9d6595d7 wp-block-columns-is-layout-flex\">\n<div class=\"wp-block-column texte_planif is-layout-flow wp-block-column-is-layout-flow\" style=\"font-size:14px;flex-basis:60%\">\n<p class=\"option_titre2\">As nossas selec\u00e7\u00f5es independentes para te ajudar a encontrar <strong>o alojamento dos teus sonhos<\/strong>:<\/p>\n\n\n\n<ul class=\"wp-block-list\">\n<li><a href=\"https:\/\/madeiralovers.com\/pt-pt\/onde-ficar-madeira-melhores-destinos\/\" target=\"_blank\" rel=\"noreferrer noopener\">Onde ficar na Madeira<\/a><\/li>\n<\/ul>\n\n\n\n<ul class=\"wp-block-list\">\n<li><a href=\"https:\/\/madeiralovers.com\/pt-pt\/melhores-hoteis-5-estrelas-funchal-madeira-luxo-opinioes\/\" target=\"_blank\" rel=\"noreferrer noopener\">Os melhores hot\u00e9is de 5 estrelas<\/a><\/li>\n\n\n\n<li><a href=\"https:\/\/madeiralovers.com\/pt-pt\/melhores-hoteis-boutique-funchal-madeira-charme\/\">Os melhores hot\u00e9is boutique<\/a><\/li>\n\n\n\n<li><a href=\"https:\/\/madeiralovers.com\/pt-pt\/melhores-hoteis-velha-cidade-funchal-opinioes\/\" target=\"_blank\" rel=\"noreferrer noopener\">Os melhores hot\u00e9is na zona velha do Funchal<\/a><\/li>\n\n\n\n<li><a href=\"https:\/\/madeiralovers.com\/pt-pt\/melhores-hoteis-so-para-adultos-funchal-madeira\/\" target=\"_blank\" rel=\"noreferrer noopener\">Os melhores hot\u00e9is s\u00f3 para adultos<\/a><\/li>\n\n\n\n<li><a href=\"https:\/\/madeiralovers.com\/pt-pt\/melhores-hoteis-familias-madeira-criancas-opinioes\/\" target=\"_blank\" rel=\"noreferrer noopener\">Os melhores hot\u00e9is para fam\u00edlias<\/a><\/li>\n\n\n\n<li><a href=\"https:\/\/madeiralovers.com\/pt-pt\/melhores-hoteis-tudo-incluido-madeira\/\" target=\"_blank\" rel=\"noreferrer noopener\">Os melhores hot\u00e9is com tudo inclu\u00eddo<\/a><\/li>\n\n\n\n<li><a href=\"https:\/\/madeiralovers.com\/pt-pt\/melhores-hoteis-romanticos-funchal-madeira-amantes\/\" target=\"_blank\" rel=\"noreferrer noopener\">Os melhores hot\u00e9is rom\u00e2nticos<\/a><\/li>\n<\/ul>\n<\/div>\n\n\n\n<div class=\"wp-block-column is-vertically-aligned-top planif-radius is-layout-flow wp-block-column-is-layout-flow\" style=\"flex-basis:40%\">\n<figure class=\"wp-block-image size-large img-portrait\"><img decoding=\"async\" src=\"https:\/\/photos.smugmug.com\/Travel\/Madeira\/Accommodation\/i-TtZHSRZ\/1\/7f80cf7d\/L\/Arco_da_Calheta_hotel_Madeira-8896-L.jpg\" alt=\"Hotel Engenho Velho\" title=\"\"\/><\/figure>\n<\/div>\n<\/div>\n<\/div><\/div><\/div>\n\n<h2 class=\"wp-block-heading\">1. Museu da Baleia da Madeira<\/h2>\n\n<figure class=\"wp-block-image size-large\"><img decoding=\"async\" src=\"https:\/\/photos.smugmug.com\/Travel\/Madeira\/12i-Canical\/i-9Zm7ppm\/2\/CLs3km42nwSgGwWCpw9cBNChpVB95Q9DMNGjpbCLZ\/L\/whale_museum_Canical_Madeira-9815-L.jpg\" alt=\"Museu da Baleia da Madeira com modelo de baleia gigante\"\/><\/figure>\n\n<p>A principal atra\u00e7\u00e3o do Cani\u00e7al \u00e9 o Museu da Baleia.<br\/>Neste espa\u00e7o amplo e moderno, podes desfrutar de uma vasta gama de exposi\u00e7\u00f5es interactivas sobre baleias.<br\/>Os temas abordados s\u00e3o:<\/p>\n\n<ul class=\"wp-block-list\">\n<li>as esp\u00e9cies de baleias que se encontram no arquip\u00e9lago da Madeira<\/li>\n\n\n\n<li>a hist\u00f3ria da ca\u00e7a \u00e0 baleia, para preservar o patrim\u00f3nio da ilha (a proibi\u00e7\u00e3o da ca\u00e7a \u00e0 baleia foi introduzida em 1981)<\/li>\n\n\n\n<li>os barcos utilizados e as ferramentas a bordo<\/li>\n<\/ul>\n\n<p>Gost\u00e1mos particularmente dos modelos em tamanho real fixados nos tectos. Nem sempre consegues imaginar o qu\u00e3o gigantescos s\u00e3o estes animais!<\/p>\n\n<ul class=\"wp-block-list\">\n<li>Hor\u00e1rio de funcionamento: das 10h00 \u00e0s 18h00 &#8211; encerra \u00e0 segunda-feira<\/li>\n\n\n\n<li>Pre\u00e7o: 10 euros com audioguia<\/li>\n\n\n\n<li>V\u00ea as \u00faltimas not\u00edcias no s\u00edtio Web oficial <a href=\"https:\/\/museudabaleia.org\/en\/\" target=\"_blank\" rel=\"noreferrer noopener nofollow\">aqui<\/a><\/li>\n\n\n\n<li><a href=\"https:\/\/madeiralovers.com\/pt-pt\/visitar-museu-baleia-canical\/\" type=\"post\" id=\"6653\" target=\"_blank\" rel=\"noreferrer noopener\">Leia o nosso artigo sobre o museu aqui<\/a><\/li>\n<\/ul>\n\n<div style=\"margin-top:8%;margin-bottom:8%\" class=\"wp-block-genesis-blocks-gb-container box gb-block-container\"><div class=\"gb-container-inside\"><div class=\"gb-container-content\">\n<div class=\"wp-block-columns inverse box_planif is-layout-flex wp-container-core-columns-is-layout-9d6595d7 wp-block-columns-is-layout-flex\">\n<div class=\"wp-block-column texte_planif is-layout-flow wp-block-column-is-layout-flow\" style=\"flex-basis:58%\">\n<h5 class=\"titre_box\">O NOSSO CONSELHO PARA ALUGAR O SEU CARRO EM <span class=\"titre_box_manuscrit\">\nMadeira<\/span><\/h5>\n\n\n\n<ul style=\"font-size:14px\" class=\"liste_voiture wp-block-list\">\n<li>Compare os pre\u00e7os na nossa plataforma preferida: <a href=\"https:\/\/www.discovercars.com\/pt\/portugal\/madeira?a_aid=zigzag&amp;chan=madeira\" target=\"_blank\" rel=\"noreferrer noopener sponsored nofollow\">DiscoverCars<\/a> &#8211; um dos s\u00edtios mais bem classificados.<\/li>\n\n\n\n<li>Leve um carro com um bom motor para estradas inclinadas, mas n\u00e3o demasiado grande para manobrar.<\/li>\n\n\n\n<li>H\u00e1 muita procura e poucos carros, por isso, <strong>reserve com<\/strong> anteced\u00eancia.<\/li>\n<\/ul>\n<\/div>\n\n\n\n<div class=\"wp-block-column planif-radius-3 is-layout-flow wp-block-column-is-layout-flow\" style=\"flex-basis:42%\">\n<figure class=\"wp-block-image size-large is-resized\"><img decoding=\"async\" src=\"https:\/\/photos.smugmug.com\/Travel\/Madeira\/2i-Miadouro\/i-j86nfB5\/2\/DRCCwrZmGLt2TxcQqRkkLrm3JR55K3NLchGxDNsx6\/S\/driving_Madeira-7130748-S.jpg\" alt=\"Aluguer de autom&#xF3;veis em Madeira\" title=\"\"\/><\/figure>\n<\/div>\n<\/div>\n\n\n\n<div class=\"wp-block-columns planif_bouton is-layout-flex wp-container-core-columns-is-layout-9d6595d7 wp-block-columns-is-layout-flex\">\n<div class=\"wp-block-column is-layout-flow wp-block-column-is-layout-flow\" style=\"flex-basis:50%\">\n<div class=\"wp-block-buttons is-content-justification-center is-layout-flex wp-container-core-buttons-is-layout-16018d1d wp-block-buttons-is-layout-flex\">\n<div class=\"wp-block-button has-custom-font-size\" style=\"font-size:14px\"><a class=\"wp-block-button__link has-white-color has-text-color wp-element-button\" href=\"https:\/\/www.discovercars.com\/pt\/portugal\/madeira?a_aid=zigzag&amp;amp;chan=madeira\" style=\"border-radius:4px\" target=\"_blank\" rel=\"noreferrer noopener\">Ver os carros &gt;&gt;<\/a><\/div>\n<\/div>\n<\/div>\n\n\n\n<div class=\"wp-block-column is-vertically-aligned-center is-layout-flow wp-block-column-is-layout-flow\" style=\"flex-basis:50%\">\n<p class=\"has-text-align-center\" style=\"font-size:14px\"><strong><a href=\"https:\/\/madeiralovers.com\/pt-pt\/como-alugar-carro-madeira-dicas-experiencia\/\" target=\"_blank\" rel=\"noreferrer noopener\">Ver os nossos conselhos<\/a><\/strong><\/p>\n<\/div>\n<\/div>\n<\/div><\/div><\/div>\n\n<h2 class=\"wp-block-heading\">2. O sol\u00e1rio: Praia Petra d&#8217;Eira<\/h2>\n\n<figure class=\"wp-block-image size-large\"><img decoding=\"async\" src=\"https:\/\/photos.smugmug.com\/Travel\/Madeira\/12i-Canical\/i-ggbXN7t\/2\/ChZQ6ZsXL7GxQcWSB6LVfCqbpXV6vJbvt5S9PhpNC\/L\/Canical_Madeira-9812-L.jpg\" alt=\"Praia Petra d'Eira\"\/><\/figure>\n\n<p>No Cani\u00e7al, n\u00e3o s\u00e3o as praias de calhau que s\u00e3o mais populares, mas uma plataforma de bet\u00e3o sobre as rochas de lava que permite um acesso f\u00e1cil \u00e0 \u00e1gua, bem como alguns saltos divertidos.<\/p>\n\n<p>Mesmo que n\u00e3o queiras nadar, vai at\u00e9 \u00e0 extremidade do pont\u00e3o para ver as magn\u00edficas vistas da encosta a mergulhar na \u00e1gua e para observar as pessoas a divertirem-se.<\/p>\n\n<ul class=\"wp-block-list\">\n<li>Acesso gratuito<\/li>\n\n\n\n<li>H\u00e1 um pequeno snack-bar mesmo ao lado<\/li>\n<\/ul>\n\n<h2 class=\"wp-block-heading\">3. Largo Manuel Alves<\/h2>\n\n<figure class=\"wp-block-image size-large\"><img decoding=\"async\" src=\"https:\/\/photos.smugmug.com\/Travel\/Madeira\/12i-Canical\/i-ks9bpPK\/2\/fJMmGdGR3cmTT3F233PnCwZjrPpLR92f5hCwHbmg\/L\/Canical_Madeira-7230337-L.jpg\" alt=\"Largo Manuel Alves e a escultura de dois pescadores num barco\"\/><\/figure>\n\n<p>O centro da cidade n\u00e3o \u00e9 t\u00e3o encantador como o de outras cidades e aldeias, mas ainda assim existem alguns monumentos dignos de nota.<br\/>Na entrada do porto, por exemplo, h\u00e1 est\u00e1tuas de dois homens num barco a pescar.<br\/>Repara no tamanho do barco e nas roupas usadas.<\/p>\n\n<div style=\"background-color:#fefefe;margin-top:6%;margin-bottom:6%\" class=\"wp-block-genesis-blocks-gb-container box gb-block-container\"><div class=\"gb-container-inside\"><div class=\"gb-container-content\" style=\"max-width:700px\">\n<div class=\"wp-block-columns inverse is-layout-flex wp-container-core-columns-is-layout-9d6595d7 wp-block-columns-is-layout-flex\">\n<div class=\"wp-block-column texte_planif is-layout-flow wp-block-column-is-layout-flow\" style=\"flex-basis:58%\">\n<h5 class=\"titre_box\">O NOSSO GUIA PARA PLANEAR UMA VIAGEM DE <span class=\"titre_box_manuscrit\">Sonho<\/span><\/h5>\n\n\n\n<ul class=\"wp-block-list\">\n<li>7 mapas para facilitar o planeamento<\/li>\n\n\n\n<li>+ 120 locais pr\u00e9-seleccionados  <\/li>\n\n\n\n<li>Conselhos pr\u00e1ticos  <\/li>\n\n\n\n<li>+ 260 fotografias para o ajudar a escolher<\/li>\n<\/ul>\n\n\n\n<div class=\"wp-block-buttons is-layout-flex wp-block-buttons-is-layout-flex\">\n<div class=\"wp-block-button\"><a class=\"wp-block-button__link has-theme-primary-background-color has-background wp-element-button\" href=\"https:\/\/madeiralovers.com\/pt-pt\/ebook-guia-viagem-madeira\/\">Descobre mais &gt;&gt;<\/a><\/div>\n<\/div>\n<\/div>\n\n\n\n<div class=\"wp-block-column is-layout-flow wp-block-column-is-layout-flow\" style=\"flex-basis:42%\">\n<div class=\"wp-block-genesis-blocks-gb-container ebook-radius-waitlist gb-block-container\"><div class=\"gb-container-inside\"><div class=\"gb-container-content\"><div class=\"wp-block-image ebook-image\">\n<figure class=\"aligncenter size-full\"><img decoding=\"async\" src=\"https:\/\/madeiralovers.com\/wp-content\/uploads\/2024\/06\/Med-Madeira-Travel-Guide-ebook-cover-5.jpg\" alt=\"guia-viagem-Madere-livro-capa-m&#xE9;dia\" class=\"wp-image-2412\"\/><\/figure>\n<\/div><\/div><\/div><\/div>\n<\/div>\n<\/div>\n<\/div><\/div><\/div>\n\n<h2 class=\"wp-block-heading\">4. Igreja de S\u00e3o Sebasti\u00e3o<\/h2>\n\n<figure class=\"wp-block-image size-large\"><img decoding=\"async\" src=\"https:\/\/photos.smugmug.com\/Travel\/Madeira\/12i-Canical\/i-VkFhs84\/2\/DZ3gskBhXWh7SNDJRtjr4gjZKP73zkF24gcRX2LCw\/L\/Canical_Madeira-9818-L.jpg\" alt=\"Igreja de S&#xE3;o Sebasti&#xE3;o\"\/><\/figure>\n\n<p>Mais uma vez, n\u00e3o \u00e9 a igreja mais bonita da ilha, mas se est\u00e1s aqui, mais vale dar uma vista de olhos.<br\/>O estilo \u00e9 t\u00edpico da ilha, com paredes brancas que contrastam com as bordas. Mas as bordas s\u00e3o pintadas, n\u00e3o s\u00e3o feitas de pedra de lava.  <br\/>Data do s\u00e9culo XVIII, de acordo com as pedras da cal\u00e7ada em frente (1750).<br\/>Repara no ch\u00e3o da pia batismal e nas decora\u00e7\u00f5es bastante simples.<\/p>\n\n<h2 class=\"wp-block-heading\">6. O porto do Cani\u00e7al, o molhe e a vista<\/h2>\n\n<figure class=\"wp-block-image size-large\"><img decoding=\"async\" src=\"https:\/\/photos.smugmug.com\/Travel\/Madeira\/12i-Canical\/i-tHSMF3g\/2\/HHGXtc4G8Cf6zvzNJ5r6jVxHTQjFJtvfj5JGcs8S\/L\/Canical_Madeira-9817-L.jpg\" alt=\"vista do quebra-mar do Cani&#xE7;al\"\/><\/figure>\n\n<p>Recomendamos tamb\u00e9m que caminhes ao longo do pequeno quebra-mar interior do porto.<br\/>Por um lado, tens um dos portos mais importantes da Madeira. Poder\u00e1s ver barcos especializados na pesca do atum.<br\/>Do outro, podes observar a aldeia e as montanhas verdes ao fundo. Um belo panorama!<\/p>\n\n<div style=\"background-color:#ffffff;margin-top:8%;margin-bottom:8%\" class=\"wp-block-genesis-blocks-gb-container box gb-block-container\"><div class=\"gb-container-inside\"><div class=\"gb-container-content\" style=\"max-width:700px\">\n<div class=\"wp-block-columns is-not-stacked-on-mobile texte_planif has-background is-layout-flex wp-container-core-columns-is-layout-9d6595d7 wp-block-columns-is-layout-flex\" style=\"background-color:#72ba2038\">\n<div class=\"wp-block-column img_icone is-layout-flow wp-block-column-is-layout-flow\" style=\"flex-basis:25%\"><div class=\"wp-block-image image_icone\">\n<figure class=\"aligncenter size-full is-resized\"><img loading=\"lazy\" decoding=\"async\" width=\"400\" height=\"400\" src=\"https:\/\/madeiralovers.com\/wp-content\/uploads\/2026\/01\/madeira-plane.png\" alt=\"avi&#xE3;o da madeira\" class=\"wp-image-6342\" style=\"object-fit:cover;width:100px;height:100px\" srcset=\"https:\/\/madeiralovers.com\/wp-content\/uploads\/2026\/01\/madeira-plane.png 400w, https:\/\/madeiralovers.com\/wp-content\/uploads\/2026\/01\/madeira-plane-300x300.png 300w, https:\/\/madeiralovers.com\/wp-content\/uploads\/2026\/01\/madeira-plane-150x150.png 150w, https:\/\/madeiralovers.com\/wp-content\/uploads\/2026\/01\/madeira-plane-75x75.png 75w\" sizes=\"auto, (max-width: 400px) 100vw, 400px\" \/><\/figure>\n<\/div><\/div>\n\n\n\n<div class=\"wp-block-column is-vertically-aligned-center paragraphe_une is-layout-flow wp-block-column-is-layout-flow\" style=\"flex-basis:90%\">\n<p style=\"font-size:16px\">Est\u00e1 na altura de reservar!<br\/><a href=\"https:\/\/skyscanner.pxf.io\/dONaXy\" target=\"_blank\" rel=\"noreferrer noopener sponsored nofollow\"><strong>Compare tudo:<\/strong> companhias, pre\u00e7os, hor\u00e1rios e disponibilidade.<\/a><\/p>\n<\/div>\n<\/div>\n<\/div><\/div><\/div>\n\n<h2 class=\"wp-block-heading\">7. Praia do Calhau e complexo balnear<\/h2>\n\n<figure class=\"wp-block-image size-large\"><img decoding=\"async\" src=\"https:\/\/photos.smugmug.com\/Travel\/Madeira\/12i-Canical\/i-xzm8mfQ\/2\/FMfpsmkFbvDTLN9cTR7tdmckHXmKgksHrSSJCBCR8\/L\/beach_Canical_Madeira-9806-L.jpg\" alt=\"Praia do Calhau\"\/><\/figure>\n\n<p>A praia principal fica mesmo em frente ao mar.<br\/>\u00c9 uma praia de calhau com guarda-s\u00f3is.<br\/>Esta n\u00e3o \u00e9 a mais popular das praias do Cani\u00e7al, devido \u00e0 sua localiza\u00e7\u00e3o junto ao porto.<br\/>Mas se quiseres dar um mergulho, h\u00e1 uma pequena piscina p\u00fablica (\u00e1gua salgada) no final da praia: Complexo Balnear do Cani\u00e7al.<\/p>\n\n<h2 class=\"wp-block-heading\">8. Praia da Ribeira de Natal<\/h2>\n\n<figure class=\"wp-block-image size-large\"><img decoding=\"async\" src=\"https:\/\/photos.smugmug.com\/Travel\/Madeira\/12i-Canical\/i-wPpx6Jj\/2\/CzndKxShJW7GVrqPn6GXJjF6JgBzVSQfxx89m5CnJ\/L\/Canical_Madeira-9807-L.jpg\" alt=\"Praia da Ribeira de Natal\"\/><\/figure>\n\n<p>A Praia da Ribeira de Natal \u00e9 uma longa praia de calhau rolado situada na extremidade da cidade. Tens de caminhar 5 minutos para l\u00e1 chegar.<br\/>A \u00e1gua \u00e9 transparente e ideal para a pr\u00e1tica de snorkeling. Existe tamb\u00e9m um centro de mergulho.<br\/>Nos fins-de-semana, encontras sobretudo os habitantes locais.<\/p>\n\n<h2 class=\"wp-block-heading\">9. Prainha do Cani\u00e7al<\/h2>\n\n<figure class=\"wp-block-image size-large\"><img decoding=\"async\" src=\"https:\/\/photos.smugmug.com\/Travel\/Madeira\/2d-Prainha\/i-4Mwj4Dg\/2\/FVgDJVsHPJWtB72pkh8xZzbDT237w25bbT6CcgpZN\/L\/Prainha_Beach_Madeira-7130597-L.jpg\" alt=\"Vista superior da Prainha do Cani&#xE7;al\"\/><\/figure>\n\n<p>A praia chamada Prainha do Cani\u00e7al, estranhamente, n\u00e3o fica na cidade.  <br\/>Situa-se entre o centro do Cani\u00e7al e as fal\u00e9sias de Punta de S\u00e3o Louran\u00e7o.<\/p>\n\n<p>Esta \u00e9 uma das poucas praias de areia natural da ilha. A areia \u00e9 bastante preta. Tens de descer um caminho de terra batida para chegar \u00e0 praia. Mas h\u00e1 instala\u00e7\u00f5es.<\/p>\n\n<ul class=\"wp-block-list\">\n<li>A 5 minutos de carro da aldeia do Cani\u00e7al<\/li>\n\n\n\n<li>Estaciona no topo das fal\u00e9sias, mas tem cuidado, est\u00e1 escondido, por isso n\u00e3o o consegues ver quando est\u00e1s a conduzir!<\/li>\n\n\n\n<li>Casas de banho e duches<\/li>\n\n\n\n<li>Restaurante na \u00e9poca<\/li>\n<\/ul>\n\n<div style=\"margin-top:8%;margin-bottom:8%\" class=\"wp-block-genesis-blocks-gb-container box gb-block-container\"><div class=\"gb-container-inside\"><div class=\"gb-container-content\">\n<div class=\"wp-block-columns inverse is-layout-flex wp-container-core-columns-is-layout-9d6595d7 wp-block-columns-is-layout-flex\">\n<div class=\"wp-block-column texte_planif is-layout-flow wp-block-column-is-layout-flow\" style=\"flex-basis:58%\">\n<h5 class=\"titre_box\">A NOSSA ACTIVIDADE FAVORITA NA <span class=\"titre_box_manuscrit\">Madeira<\/span><\/h5>\n\n\n\n<p style=\"font-size:14px\">Passeio de catamar\u00e3 para ver os golfinhos e as fal\u00e9sias gigantes da Madeira.<\/p>\n\n\n\n<p style=\"font-size:14px\"><a href=\"https:\/\/www.getyourguide.pt\/s?q=Funchal+dauphins+catamaran&amp;searchSource=8&amp;partner_id=R3GYW4V&amp;cmp=madeira\" target=\"_blank\" rel=\"noreferrer noopener sponsored nofollow\">Ver programa e disponibilidade &#8211; e reservar!<\/a><\/p>\n<\/div>\n\n\n\n<div class=\"wp-block-column ville-radius is-layout-flow wp-block-column-is-layout-flow\" style=\"flex-basis:42%\">\n<figure class=\"wp-block-image size-large is-resized img-portrait\"><img decoding=\"async\" src=\"https:\/\/photos.smugmug.com\/Travel\/Madeira\/9c-Dolphins\/i-whpFzdc\/1\/2fa5ccf1\/L\/dolphin_cruise_boat_Tour_Madeira-7204502-L.jpg\" alt=\"\" style=\"width:319px;height:303px\" title=\"\"\/><\/figure>\n<\/div>\n<\/div>\n<\/div><\/div><\/div>\n\n<h2 class=\"wp-block-heading\">10. Ponta de S\u00e3o Louran\u00e7o<\/h2>\n\n<figure class=\"wp-block-image size-large\"><img decoding=\"async\" src=\"https:\/\/photos.smugmug.com\/Travel\/Madeira\/2b-Ponta-do-Rosto\/i-r74VZz4\/2\/CHdcmfWr5txLz6JbJTDDZRMV7cj2czhJFMZ8JHKkF\/L\/Ponta_do_rosto_Madeira-8500-L.jpg\" alt=\"Vista das fal&#xE9;sias do vulc&#xE3;o\"\/><figcaption class=\"wp-element-caption\">Ponta do Rosto<\/figcaption><\/figure>\n\n<p>A pequena vila do Cani\u00e7al est\u00e1 mais associada \u00e0 Ponta de S\u00e3o Louran\u00e7o. \u00c9 a porta de entrada para a pen\u00ednsula. Este \u00e9 um dos locais mais bonitos da Madeira.<br\/>Pode faz\u00ea-lo:<\/p>\n\n<ul class=\"wp-block-list\">\n<li>admira a vista do <a href=\"https:\/\/madeiralovers.com\/pt-pt\/miradouro-ponta-do-rosto-madeira\/\">Ponto do Rosto<\/a><\/li>\n\n\n\n<li>admira a vista do parque de estacionamento no fim da estrada<\/li>\n\n\n\n<li>desfrute do <a href=\"https:\/\/madeiralovers.com\/pt-pt\/caminhada-ponta-sao-lourenco-pr8-madeira\/\" type=\"post\" id=\"5081\" target=\"_blank\" rel=\"noreferrer noopener\">magn\u00edfico passeio PR8<\/a> que o leva ao cora\u00e7\u00e3o destas arribas: 6,4 km ida e volta at\u00e9 ao Caf\u00e9 Sardinha<\/li>\n<\/ul>\n\n<h2 class=\"wp-block-heading\">Outras atrac\u00e7\u00f5es em redor do Cani\u00e7al<\/h2>\n\n<p>Podes combinar a tua visita ao Cani\u00e7al com<\/p>\n\n<ul class=\"wp-block-list\">\n<li>A marinha da Quinta de Lorde, n\u00e3o hist\u00f3rica mas muito fotog\u00e9nica<\/li>\n\n\n\n<li>A cidade de <a href=\"https:\/\/madeiralovers.com\/pt-pt\/o-que-fazer-machico-madeira-visitar\/\" type=\"post\" id=\"1944\" target=\"_blank\" rel=\"noreferrer noopener\">Machico<\/a> e a sua praia de areia dourada<\/li>\n\n\n\n<li>Caminhada da Lavada do Cani\u00e7al (\u00e0 volta de Machico): 3 a 4 horas ida e volta<\/li>\n<\/ul>\n\n<div style=\"background-color:#fefefe;margin-top:6%;margin-bottom:6%\" class=\"wp-block-genesis-blocks-gb-container box gb-block-container\"><div class=\"gb-container-inside\"><div class=\"gb-container-content\" style=\"max-width:700px\">\n<div class=\"wp-block-columns inverse is-layout-flex wp-container-core-columns-is-layout-9d6595d7 wp-block-columns-is-layout-flex\">\n<div class=\"wp-block-column texte_planif is-layout-flow wp-block-column-is-layout-flow\" style=\"flex-basis:58%\">\n<h5 class=\"titre_box\">Receber a nossa <span class=\"titre_box_manuscrit\">newsletter<\/span><\/h5>\n\n\n\n<ul class=\"wp-block-list\">\n<li>Uma lufada de ar fresco na sua vida quotidiana nos belos destinos da Region Lovers!<\/li>\n\n\n\n<li>Uma vez por m\u00eas.<\/li>\n\n\n\n<li>Sem publicidade<\/li>\n<\/ul>\n\n\n<script>\nvar gform;gform||(document.addEventListener(\"gform_main_scripts_loaded\",function(){gform.scriptsLoaded=!0}),document.addEventListener(\"gform\/theme\/scripts_loaded\",function(){gform.themeScriptsLoaded=!0}),window.addEventListener(\"DOMContentLoaded\",function(){gform.domLoaded=!0}),gform={domLoaded:!1,scriptsLoaded:!1,themeScriptsLoaded:!1,isFormEditor:()=>\"function\"==typeof InitializeEditor,callIfLoaded:function(o){return!(!gform.domLoaded||!gform.scriptsLoaded||!gform.themeScriptsLoaded&&!gform.isFormEditor()||(gform.isFormEditor()&&console.warn(\"The use of gform.initializeOnLoaded() is deprecated in the form editor context and will be removed in Gravity Forms 3.1.\"),o(),0))},initializeOnLoaded:function(o){gform.callIfLoaded(o)||(document.addEventListener(\"gform_main_scripts_loaded\",()=>{gform.scriptsLoaded=!0,gform.callIfLoaded(o)}),document.addEventListener(\"gform\/theme\/scripts_loaded\",()=>{gform.themeScriptsLoaded=!0,gform.callIfLoaded(o)}),window.addEventListener(\"DOMContentLoaded\",()=>{gform.domLoaded=!0,gform.callIfLoaded(o)}))},hooks:{action:{},filter:{}},addAction:function(o,r,e,t){gform.addHook(\"action\",o,r,e,t)},addFilter:function(o,r,e,t){gform.addHook(\"filter\",o,r,e,t)},doAction:function(o){gform.doHook(\"action\",o,arguments)},applyFilters:function(o){return gform.doHook(\"filter\",o,arguments)},removeAction:function(o,r){gform.removeHook(\"action\",o,r)},removeFilter:function(o,r,e){gform.removeHook(\"filter\",o,r,e)},addHook:function(o,r,e,t,n){null==gform.hooks[o][r]&&(gform.hooks[o][r]=[]);var d=gform.hooks[o][r];null==n&&(n=r+\"_\"+d.length),gform.hooks[o][r].push({tag:n,callable:e,priority:t=null==t?10:t})},doHook:function(r,o,e){var t;if(e=Array.prototype.slice.call(e,1),null!=gform.hooks[r][o]&&((o=gform.hooks[r][o]).sort(function(o,r){return o.priority-r.priority}),o.forEach(function(o){\"function\"!=typeof(t=o.callable)&&(t=window[t]),\"action\"==r?t.apply(null,e):e[0]=t.apply(null,e)})),\"filter\"==r)return e[0]},removeHook:function(o,r,t,n){var e;null!=gform.hooks[o][r]&&(e=(e=gform.hooks[o][r]).filter(function(o,r,e){return!!(null!=n&&n!=o.tag||null!=t&&t!=o.priority)}),gform.hooks[o][r]=e)}});\n<\/script>\n\n                <div class='gf_browser_gecko gform_wrapper gravity-theme gform-theme--no-framework waitlist_wrapper' data-form-theme='gravity-theme' data-form-index='0' id='gform_wrapper_2' >\n                        <div class='gform_heading'>\n                            <p class='gform_description'><\/p>\n                        <\/div><form method='post' enctype='multipart\/form-data'  id='gform_2' class='waitlist' action='\/pt-pt\/wp-json\/wp\/v2\/posts\/1650' data-formid='2' novalidate> \r\n <input type='hidden' class='gforms-pum' value='{\"closepopup\":false,\"closedelay\":0,\"openpopup\":false,\"openpopup_id\":0}' \/>\n                        <div class='gform-body gform_body'><div id='gform_fields_2' class='gform_fields top_label form_sublabel_below description_below validation_below'><div id=\"field_2_5\" class=\"gfield gfield--type-honeypot gform_validation_container field_sublabel_below gfield--has-description field_description_below field_validation_below gfield_visibility_visible\"  ><label class='gfield_label gform-field-label' for='input_2_5'>URL<\/label><div class='ginput_container'><input name='input_5' id='input_2_5' type='text' value='' autocomplete='new-password'\/><\/div><div class='gfield_description' id='gfield_description_2_5'>Este campo \u00e9 para efeitos de valida\u00e7\u00e3o e deve ser mantido inalterado.<\/div><\/div><div id=\"field_2_1\" class=\"gfield gfield--type-email gfield--input-type-email gfield_contains_required field_sublabel_below gfield--no-description field_description_below hidden_label field_validation_below gfield_visibility_visible\"  ><label class='gfield_label gform-field-label' for='input_2_1'>Correio eletr\u00f3nico<span class=\"gfield_required\"><span class=\"gfield_required gfield_required_text\">(Obrigat\u00f3rio)<\/span><\/span><\/label><div class='ginput_container ginput_container_email'>\n                            <input name='input_1' id='input_2_1' type='email' value='' class='large'    aria-required=\"true\" aria-invalid=\"false\"  \/>\n                        <\/div><\/div><fieldset id=\"field_2_3\" class=\"gfield gfield--type-consent gfield--type-choice gfield--input-type-consent gfield_contains_required field_sublabel_below gfield--no-description field_description_below hidden_label field_validation_below gfield_visibility_visible\"  ><legend class='gfield_label gform-field-label gfield_label_before_complex' >RGPD<span class=\"gfield_required\"><span class=\"gfield_required gfield_required_text\">(Obrigat\u00f3rio)<\/span><\/span><\/legend><div class='ginput_container ginput_container_consent'><input name='input_3.1' id='input_2_3_1' type='checkbox' value='1'   aria-required=\"true\" aria-invalid=\"false\"   \/> <label class=\"gform-field-label gform-field-label--type-inline gfield_consent_label\" for='input_2_3_1' >Sim, quero subscrever a newsletter mensal<span class=\"gfield_required gfield_required_text\">(Obrigat\u00f3rio)<\/span><\/label><input type='hidden' name='input_3.2' value='Sim, quero subscrever a newsletter mensal' class='gform_hidden' \/><input type='hidden' name='input_3.3' value='1' class='gform_hidden' \/><\/div><\/fieldset><div id=\"field_2_4\" class=\"gfield gfield--type-website gfield--input-type-website field_sublabel_below gfield--no-description field_description_below field_validation_below gfield_visibility_hidden\"  ><div class=\"admin-hidden-markup\"><i class=\"gform-icon gform-icon--hidden\" aria-hidden=\"true\" title=\"Este campo est\u00e1 escondido ao visualizar o formul\u00e1rio\"><\/i><span>Este campo est\u00e1 escondido ao visualizar o formul\u00e1rio<\/span><\/div><label class='gfield_label gform-field-label' for='input_2_4'>S\u00edtio Web<\/label><div class='ginput_container ginput_container_website'>\n                    <input name='input_4' id='input_2_4' type='url' value='https:\/\/madeiralovers.com\/pt-pt\/wp-json\/wp\/v2\/posts\/1650' class='large'    placeholder='https:\/\/'  aria-invalid=\"false\" \/>\n                <\/div><\/div><\/div><\/div>\n        <div class='gform-footer gform_footer top_label'> <input type='submit' id='gform_submit_button_2' class='gform_button button' onclick='gform.submission.handleButtonClick(this);' data-submission-type='submit' value='Inscreva-se'  \/> \n            <input type='hidden' class='gform_hidden' name='gform_submission_method' data-js='gform_submission_method_2' value='postback' \/>\n            <input type='hidden' class='gform_hidden' name='gform_theme' data-js='gform_theme_2' id='gform_theme_2' value='gravity-theme' \/>\n            <input type='hidden' class='gform_hidden' name='gform_style_settings' data-js='gform_style_settings_2' id='gform_style_settings_2' value='{&quot;theme&quot;:&quot;gravity-theme&quot;,&quot;inputPrimaryColor&quot;:&quot;#72bb20&quot;,&quot;buttonPrimaryBackgroundColor&quot;:&quot;#72bb20&quot;}' \/>\n            <input type='hidden' class='gform_hidden' name='is_submit_2' value='1' \/>\n            <input type='hidden' class='gform_hidden' name='gform_submit' value='2' \/>\n            \n            <input type='hidden' class='gform_hidden' name='gform_currency' data-currency='EUR' value='7HR4c2b4+yQy8\/S5UEoT4J9hea29F56pXCafVkIoQPsWbKrRvXhMa2VgNi8e3aIMK7oTqNUgiZEGLq8FZQxEif9\/wj6Tkg\/nYDaeYDMcse69GTk=' \/>\n            <input type='hidden' class='gform_hidden' name='gform_unique_id' value='' \/>\n            <input type='hidden' class='gform_hidden' name='state_2' value='WyJ7XCIzLjFcIjpcImMzMjZlZjU3NGQwMWFmNjhhYTg1YTk2ODk5ZTAyYmU1XCIsXCIzLjJcIjpcIjNlYzk2ZmUxZmJlNGJkZGZhMjk5MmU1OTAyNGU3Y2FmXCIsXCIzLjNcIjpcImMzMjZlZjU3NGQwMWFmNjhhYTg1YTk2ODk5ZTAyYmU1XCJ9IiwiYTdiZjQ2YTRmODliZjg5YmYzMTVjN2UwMWJkNzYyYjMiXQ==' \/>\n            <input type='hidden' autocomplete='off' class='gform_hidden' name='gform_target_page_number_2' id='gform_target_page_number_2' value='0' \/>\n            <input type='hidden' autocomplete='off' class='gform_hidden' name='gform_source_page_number_2' id='gform_source_page_number_2' value='1' \/>\n            <input type='hidden' name='gform_field_values' value='' \/>\n            \n        <\/div>\n                        <\/form>\n                        <\/div><script>\ngform.initializeOnLoaded( function() {gformInitSpinner( 2, 'https:\/\/madeiralovers.com\/wp-content\/plugins\/gravityforms\/images\/spinner.svg', true );jQuery('#gform_ajax_frame_2').on('load',function(){var contents = jQuery(this).contents().find('*').html();var is_postback = contents.indexOf('GF_AJAX_POSTBACK') >= 0;if(!is_postback){return;}var form_content = jQuery(this).contents().find('#gform_wrapper_2');var is_confirmation = jQuery(this).contents().find('#gform_confirmation_wrapper_2').length > 0;var is_redirect = contents.indexOf('gformRedirect(){') >= 0;var is_form = form_content.length > 0 && ! is_redirect && ! is_confirmation;var mt = parseInt(jQuery('html').css('margin-top'), 10) + parseInt(jQuery('body').css('margin-top'), 10) + 100;if(is_form){jQuery('#gform_wrapper_2').html(form_content.html());if(form_content.hasClass('gform_validation_error')){jQuery('#gform_wrapper_2').addClass('gform_validation_error');} else {jQuery('#gform_wrapper_2').removeClass('gform_validation_error');}setTimeout( function() { \/* delay the scroll by 50 milliseconds to fix a bug in chrome *\/  }, 50 );if(window['gformInitDatepicker']) {gformInitDatepicker();}if(window['gformInitPriceFields']) {gformInitPriceFields();}var current_page = jQuery('#gform_source_page_number_2').val();gformInitSpinner( 2, 'https:\/\/madeiralovers.com\/wp-content\/plugins\/gravityforms\/images\/spinner.svg', true );jQuery(document).trigger('gform_page_loaded', [2, current_page]);window['gf_submitting_2'] = false;}else if(!is_redirect){var confirmation_content = jQuery(this).contents().find('.GF_AJAX_POSTBACK').html();if(!confirmation_content){confirmation_content = contents;}jQuery('#gform_wrapper_2').replaceWith(confirmation_content);jQuery(document).trigger('gform_confirmation_loaded', [2]);window['gf_submitting_2'] = false;wp.a11y.speak(jQuery('#gform_confirmation_message_2').text());}else{jQuery('#gform_2').append(contents);if(window['gformRedirect']) {gformRedirect();}}jQuery(document).trigger(\"gform_pre_post_render\", [{ formId: \"2\", currentPage: \"current_page\", abort: function() { this.preventDefault(); } }]);        if (event && event.defaultPrevented) {                return;        }        const gformWrapperDiv = document.getElementById( \"gform_wrapper_2\" );        if ( gformWrapperDiv ) {            const visibilitySpan = document.createElement( \"span\" );            visibilitySpan.id = \"gform_visibility_test_2\";            gformWrapperDiv.insertAdjacentElement( \"afterend\", visibilitySpan );        }        const visibilityTestDiv = document.getElementById( \"gform_visibility_test_2\" );        let postRenderFired = false;        function triggerPostRender() {            if ( postRenderFired ) {                return;            }            postRenderFired = true;            gform.core.triggerPostRenderEvents( 2, current_page );            if ( visibilityTestDiv ) {                visibilityTestDiv.parentNode.removeChild( visibilityTestDiv );            }        }        function debounce( func, wait, immediate ) {            var timeout;            return function() {                var context = this, args = arguments;                var later = function() {                    timeout = null;                    if ( !immediate ) func.apply( context, args );                };                var callNow = immediate && !timeout;                clearTimeout( timeout );                timeout = setTimeout( later, wait );                if ( callNow ) func.apply( context, args );            };        }        const debouncedTriggerPostRender = debounce( function() {            triggerPostRender();        }, 200 );        if ( visibilityTestDiv && visibilityTestDiv.offsetParent === null ) {            const observer = new MutationObserver( ( mutations ) => {                mutations.forEach( ( mutation ) => {                    if ( mutation.type === 'attributes' && visibilityTestDiv.offsetParent !== null ) {                        debouncedTriggerPostRender();                        observer.disconnect();                    }                });            });            observer.observe( document.body, {                attributes: true,                childList: false,                subtree: true,                attributeFilter: [ 'style', 'class' ],            });        } else {            triggerPostRender();        }    } );} );\n<\/script>\n<\/div>\n\n\n\n<div class=\"wp-block-column is-layout-flow wp-block-column-is-layout-flow\" style=\"flex-basis:42%\">\n<div class=\"wp-block-genesis-blocks-gb-container aligncenter newsletter-radius gb-block-container\"><div class=\"gb-container-inside\"><div class=\"gb-container-content\"><div class=\"wp-block-image newsletter-image\">\n<figure class=\"aligncenter size-full\"><img loading=\"lazy\" decoding=\"async\" width=\"729\" height=\"792\" src=\"https:\/\/madeiralovers.com\/wp-content\/uploads\/2024\/01\/newsletter_FR_2.webp\" alt=\"\" class=\"wp-image-222\" srcset=\"https:\/\/madeiralovers.com\/wp-content\/uploads\/2024\/01\/newsletter_FR_2.webp 729w, https:\/\/madeiralovers.com\/wp-content\/uploads\/2024\/01\/newsletter_FR_2-276x300.webp 276w\" sizes=\"auto, (max-width: 729px) 100vw, 729px\" \/><\/figure>\n<\/div><\/div><\/div><\/div>\n<\/div>\n<\/div>\n<\/div><\/div><\/div>\n\n<h2 class=\"wp-block-heading\">Como chegar ao Cani\u00e7al + parque de estacionamento<\/h2>\n\n<h3 class=\"wp-block-heading\">Onde fica o Cani\u00e7al<\/h3>\n\n<ul class=\"wp-block-list\">\n<li>No extremo nordeste da Madeira<\/li>\n\n\n\n<li>Do <a href=\"https:\/\/madeiralovers.com\/pt-pt\/o-que-fazer-funchal-visitar\/\" type=\"post\" id=\"2152\" target=\"_blank\" rel=\"noreferrer noopener\">Funchal<\/a> = 35 min de carro<\/li>\n\n\n\n<li>De <a href=\"https:\/\/madeiralovers.com\/pt-pt\/o-que-fazer-machico-madeira-visitar\/\" type=\"post\" id=\"1944\" target=\"_blank\" rel=\"noreferrer noopener\">Machico<\/a> = 15 min de carro<\/li>\n\n\n\n<li>Do <a href=\"https:\/\/madeiralovers.com\/pt-pt\/o-que-fazer-porto-moniz-visitar\/\" type=\"post\" id=\"1574\" target=\"_blank\" rel=\"noreferrer noopener\">Porto Moniz<\/a> = 1h10 de carro<\/li>\n\n\n\n<li>Aqui tem um mapa para o ajudar a encontrar o seu caminho:<\/li>\n<\/ul>\n\n<figure class=\"wp-block-image size-large\"><img decoding=\"async\" src=\"https:\/\/madeiralovers.com\/wp-content\/uploads\/2024\/04\/mapa-Canical-Madeira-1024x683.png\" alt=\"Cani&#xE7;al Madeira mapa\" class=\"wp-image-1615\"\/><figcaption class=\"wp-element-caption\">Mapa: Cani\u00e7al na Madeira<\/figcaption><\/figure>\n\n<h3 class=\"wp-block-heading\">Como l\u00e1 chegar<\/h3>\n\n<p>O Cani\u00e7al n\u00e3o \u00e9 um destino tur\u00edstico, por isso \u00e9 melhor alugar um carro para l\u00e1 chegar.<br\/>Mas h\u00e1 um autocarro local entre o Cani\u00e7al e o Funchal (n.\u00ba 113).<\/p>\n\n<h3 class=\"wp-block-heading\">Estacionamento no Cani\u00e7al<\/h3>\n\n<p>Como a cidade n\u00e3o \u00e9 muito tur\u00edstica, estaciona facilmente.<br\/>Podes estacionar no parque de estacionamento do Museu da Baleia para a tua visita ou nas ruas da cidade.<\/p>\n\n<h2 class=\"wp-block-heading\">Dicas \u00fateis<\/h2>\n\n<h3 class=\"wp-block-heading\">Quanto tempo e qual a melhor altura para o fazer<\/h3>\n\n<p>A frente mar\u00edtima est\u00e1 virada para sul e leste. \u00c9 um bom s\u00edtio para ver o amante do sol em certas alturas do ano.<br\/>Reserva 1 a 2 horas para o museu e 30 minutos para passear \u00e0 beira-mar.<br\/>Mas tamb\u00e9m podes ficar mais tempo a nadar e a admirar os peixes.<\/p>\n\n<h3 class=\"wp-block-heading\">Restaurantes<\/h3>\n\n<p>H\u00e1 alguns restaurantes na cidade. Ainda n\u00e3o test\u00e1mos nenhum deles.<\/p>\n\n<div style=\"margin-top:8%;margin-bottom:8%\" class=\"wp-block-genesis-blocks-gb-container box gb-block-container\"><div class=\"gb-container-inside\"><div class=\"gb-container-content\" style=\"max-width:700px\">\n<div class=\"wp-block-genesis-blocks-gb-container box_titre gb-block-container\"><div class=\"gb-container-inside\"><div class=\"gb-container-content\">\n<h5 class=\"titre_box\">PLANEJE A SUA ESTADIA NA <span class=\"titre_box_manuscrit\">madeira<\/span><\/h5>\n<\/div><\/div><\/div>\n\n\n\n<hr class=\"wp-block-separator has-text-color has-alpha-channel-opacity has-background is-style-wide hr-box-planif\" style=\"background-color:#ccd3dd;color:#ccd3dd\"\/>\n\n\n\n<div class=\"wp-block-columns box_sans_border is-layout-flex wp-container-core-columns-is-layout-9d6595d7 wp-block-columns-is-layout-flex\">\n<div class=\"wp-block-column texte_planif is-layout-flow wp-block-column-is-layout-flow\" style=\"font-size:14px;flex-basis:60%\">\n<p class=\"option_titre2\"><strong>O melhor de<\/strong><\/p>\n\n\n\n<p style=\"font-size:16px\"><a href=\"https:\/\/madeiralovers.com\/pt-pt\/o-que-fazer-madeira-atracoes\/\">O que fazer na Madeira<\/a><br\/><a href=\"https:\/\/madeiralovers.com\/pt-pt\/melhores-miradouros-madeira\/\" target=\"_blank\" rel=\"noreferrer noopener\">Os mais belos miradouros<\/a><br\/><a href=\"https:\/\/madeiralovers.com\/pt-pt\/melhores-praias-madeira\/\" target=\"_blank\" rel=\"noreferrer noopener\">As praias mais bonitas da Madeira<\/a><br\/><a href=\"https:\/\/madeiralovers.com\/pt-pt\/melhores-jardins-madeira\/\" target=\"_blank\" rel=\"noreferrer noopener\">Os mais belos jardins<\/a><br\/><a href=\"https:\/\/madeiralovers.com\/pt-pt\/piscinas-naturais-madeira\/\" target=\"_blank\" rel=\"noreferrer noopener\">Piscinas naturais<\/a><br\/><a href=\"https:\/\/madeiralovers.com\/pt-pt\/melhores-caminhadas-madeira\/\" target=\"_blank\" rel=\"noreferrer noopener\">Os melhores passeios<\/a><br\/><a href=\"https:\/\/madeiralovers.com\/pt-pt\/estradas-mas-bonitas-madeira\/\" target=\"_blank\" rel=\"noreferrer noopener\">As estradas mais bonitas<\/a><br\/><a href=\"https:\/\/madeiralovers.com\/pt-pt\/locais-secretos-madeira\/\" target=\"_blank\" rel=\"noreferrer noopener\">Lugares secretos<\/a><\/p>\n<\/div>\n\n\n\n<div class=\"wp-block-column is-vertically-aligned-top planif-radius is-layout-flow wp-block-column-is-layout-flow\" style=\"flex-basis:40%\">\n<figure class=\"wp-block-image size-large img-portrait\"><img decoding=\"async\" src=\"https:\/\/photos.smugmug.com\/Travel\/Madeira\/13d-Rocha-do-Navio\/i-T3f6J48\/2\/d3DHMbHtwPMz7Tj9qDPmRxGpbxx5RBRCr4LrPp2c\/S\/Roacha_do_Navio_cable_car_Madeira-7241164-S.jpg\" alt=\"Rocha Navia\" title=\"\"\/><\/figure>\n<\/div>\n<\/div>\n\n\n\n<hr class=\"wp-block-separator has-text-color has-alpha-channel-opacity has-background is-style-wide hr-box-planif\" style=\"background-color:#ccd3dd;color:#ccd3dd\"\/>\n\n\n\n<div class=\"wp-block-columns box_sans_border is-layout-flex wp-container-core-columns-is-layout-9d6595d7 wp-block-columns-is-layout-flex\">\n<div class=\"wp-block-column texte_planif is-layout-flow wp-block-column-is-layout-flow\" style=\"font-size:14px;flex-basis:60%\">\n<p class=\"option_titre\"><strong>Conselhos pr\u00e1ticos<\/strong><\/p>\n\n\n\n<p style=\"font-size:16px\"><a href=\"https:\/\/madeiralovers.com\/pt-pt\/deslocar-madeira-transportes\/\" target=\"_blank\" rel=\"noreferrer noopener\">Getting around Madeira<\/a><br\/><a href=\"https:\/\/madeiralovers.com\/pt-pt\/como-alugar-carro-madeira-dicas-experiencia\/\" target=\"_blank\" rel=\"noreferrer noopener\">Alugar um carro na Madeira<\/a><br\/><a href=\"https:\/\/madeiralovers.com\/pt-pt\/conduzir-madeira-conselhos\/\" target=\"_blank\" rel=\"noreferrer noopener\">Conduzir na Madeira<\/a><\/p>\n\n\n\n<p style=\"font-size:16px\"><a href=\"https:\/\/madeiralovers.com\/pt-pt\/onde-ficar-madeira-melhores-destinos\/\" target=\"_blank\" rel=\"noreferrer noopener\">Onde ficar na Madeira<\/a><\/p>\n\n\n\n<p style=\"font-size:16px\">Itiner\u00e1rios: 3 dias &#8211; 4 dias &#8211; <a href=\"https:\/\/madeiralovers.com\/pt-pt\/visitar-madeira-5-dias-itinerario\/\" target=\"_blank\" rel=\"noreferrer noopener\">5 dias<\/a> &#8211; <a href=\"https:\/\/madeiralovers.com\/pt-pt\/visitar-madeira-6-dias-itinerario\/\" target=\"_blank\" rel=\"noreferrer noopener\">6 dias<\/a> &#8211; <a href=\"https:\/\/madeiralovers.com\/pt-pt\/visitar-madeira-uma-semana-itinerario\/\" target=\"_blank\" rel=\"noreferrer noopener\">7 dias<\/a> &#8211; <a href=\"https:\/\/madeiralovers.com\/pt-pt\/visitar-madeira-10-dias-itinerario\/\" target=\"_blank\" rel=\"noreferrer noopener\">10 dias<\/a><\/p>\n<\/div>\n\n\n\n<div class=\"wp-block-column is-vertically-aligned-top planif-radius is-layout-flow wp-block-column-is-layout-flow\" style=\"flex-basis:40%\">\n<figure class=\"wp-block-image size-large img-portrait\"><img decoding=\"async\" src=\"https:\/\/photos.smugmug.com\/Travel\/Madeira\/Driving\/i-xNmkb72\/2\/DF578h2B7Q6RbR84FZXN5v8D7vg6nLZ9dzBdrJ2rZ\/S\/driving_Madeira-7241434-S.jpg\" alt=\"Conduzir na Madeira\" title=\"\"\/><\/figure>\n<\/div>\n<\/div>\n\n\n\n<hr class=\"wp-block-separator has-text-color has-alpha-channel-opacity has-background is-style-wide hr-box-planif\" style=\"background-color:#ccd3dd;color:#ccd3dd\"\/>\n\n\n\n<div class=\"wp-block-columns box_sans_border is-layout-flex wp-container-core-columns-is-layout-9d6595d7 wp-block-columns-is-layout-flex\">\n<div class=\"wp-block-column texte_planif is-layout-flow wp-block-column-is-layout-flow\" style=\"font-size:14px;flex-basis:60%\">\n<p class=\"option_titre\"><strong>Locais a n\u00e3o perder<\/strong><\/p>\n\n\n\n<p style=\"font-size:16px\"><a href=\"https:\/\/madeiralovers.com\/pt-pt\/excursao-dolfins-madeira-baleias\/\" target=\"_blank\" rel=\"noreferrer noopener\">Observa\u00e7\u00e3o de golfinhos<\/a><br\/><a href=\"https:\/\/madeiralovers.com\/pt-pt\/o-que-fazer-funchal-visitar\/\" target=\"_blank\" rel=\"noreferrer noopener\">O que fazer no Funchal<\/a><br\/><a href=\"https:\/\/madeiralovers.com\/pt-pt\/o-que-fazer-camera-de-lobos-madeira-visitar\/\" target=\"_blank\" rel=\"noreferrer noopener\">C\u00e2mara de Lobos<\/a><br\/><a href=\"https:\/\/madeiralovers.com\/pt-pt\/o-que-fazer-ponta-do-sol-visitar\/\" target=\"_blank\" rel=\"noreferrer noopener\">Ponta do Sol<\/a><br\/><a href=\"https:\/\/madeiralovers.com\/pt-pt\/o-que-fazer-santana-madeira-visitar\/\">Santana<\/a><br\/><a href=\"https:\/\/madeiralovers.com\/pt-pt\/o-que-fazer-pico-do-arieiro-madeira\/\" target=\"_blank\" rel=\"noreferrer noopener\">Pico do Arieiro<\/a><br\/><a href=\"https:\/\/madeiralovers.com\/pt-pt\/o-que-fazer-porto-santo-visitar\/\" target=\"_blank\" rel=\"noreferrer noopener\">O que fazer em Porto Santo<\/a><\/p>\n<\/div>\n\n\n\n<div class=\"wp-block-column is-vertically-aligned-top planif-radius is-layout-flow wp-block-column-is-layout-flow\" style=\"flex-basis:40%\">\n<figure class=\"wp-block-image size-large img-portrait\"><img decoding=\"async\" src=\"https:\/\/photos.smugmug.com\/Travel\/Madeira\/6c-Camara-dos-Lobos\/i-zH7D8Tv\/2\/DpttrQSghWXj2DKMm3VHbFkhFMLsTFhS37sRFTxNz\/S\/camara_dos_Lobos_Madeira-7173015-S.jpg\" alt=\"C&#xE2;mara de Lobos\" title=\"\"\/><\/figure>\n<\/div>\n<\/div>\n<\/div><\/div><\/div>\n\n<div class=\"wp-block-genesis-blocks-gb-container box_auteur_voyage gb-block-container\"><div class=\"gb-container-inside\"><div class=\"gb-container-content\">\n<figure class=\"wp-block-image size-large img_auteur_voyage\"><a href=\"https:\/\/madeiralovers.com\/pt-pt\/claire-robinson\/\" target=\"_blank\" rel=\"noreferrer noopener\"><img decoding=\"async\" src=\"https:\/\/photos.smugmug.com\/Madeira-Lovers\/Portraits-equipe\/i-kDdMx9Z\/0\/1da5136c\/L\/regionlovers-2-bis-L.png\" alt=\"\"\/><\/a><\/figure>\n\n\n\n<h5 class=\"titre_auteur_voyage\"><span>ELA FEZ A VIAGEM \n <\/span><span class=\"titre_box_manuscrit\">Claire<\/span><\/h5>\n<\/div><\/div><\/div>\n","protected":false},"excerpt":{"rendered":"<p>O Cani\u00e7al \u00e9 muitas vezes esquecido pelos turistas que se aglomeram para ver as magn\u00edficas fal\u00e9sias da Ponta de S\u00e3o Louran\u00e7o, ali ao lado. No entanto, \u00e9 uma pequena cidade com uma encantadora orla mar\u00edtima e um museu interessante.Aqui est\u00e1 o nosso guia para os lugares imperd\u00edveis na vila madeirense do Cani\u00e7al e algumas dicas [&hellip;]<\/p>\n","protected":false},"author":2,"featured_media":1585,"comment_status":"closed","ping_status":"closed","sticky":false,"template":"","format":"standard","meta":{"_genesis_hide_title":false,"_genesis_hide_breadcrumbs":false,"_genesis_hide_singular_image":false,"_genesis_hide_footer_widgets":false,"_genesis_custom_body_class":"","_genesis_custom_post_class":"","_genesis_layout":"","footnotes":""},"categories":[126],"tags":[],"class_list":{"0":"post-1650","1":"post","2":"type-post","3":"status-publish","4":"format-standard","5":"has-post-thumbnail","7":"category-costa-norte","8":"entry"},"yoast_head":"<!-- This site is optimized with the Yoast SEO plugin v27.2 - https:\/\/yoast.com\/product\/yoast-seo-wordpress\/ -->\n<title>Aldeia de Cani\u00e7al: o que fazer (+ dicas de visita)<\/title>\n<meta name=\"description\" content=\"O nosso guia para planear a tua visita \u00e0 vila do Cani\u00e7al (Madeira): acessos, atrac\u00e7\u00f5es e conselhos pr\u00e1ticos\" \/>\n<meta name=\"robots\" content=\"index, follow, max-snippet:-1, max-image-preview:large, max-video-preview:-1\" \/>\n<link rel=\"canonical\" href=\"https:\/\/madeiralovers.com\/pt-pt\/visitar-aldeia-canical-o-que-fazer\/\" \/>\n<meta property=\"og:locale\" content=\"pt_PT\" \/>\n<meta property=\"og:type\" content=\"article\" \/>\n<meta property=\"og:title\" content=\"Aldeia de Cani\u00e7al: o que fazer (+ dicas de visita)\" \/>\n<meta property=\"og:description\" content=\"O nosso guia para planear a tua visita \u00e0 vila do Cani\u00e7al (Madeira): acessos, atrac\u00e7\u00f5es e conselhos pr\u00e1ticos\" \/>\n<meta property=\"og:url\" content=\"https:\/\/madeiralovers.com\/pt-pt\/visitar-aldeia-canical-o-que-fazer\/\" \/>\n<meta property=\"og:site_name\" content=\"Madeira Lovers\" \/>\n<meta property=\"article:published_time\" content=\"2024-04-29T13:15:33+00:00\" \/>\n<meta property=\"article:modified_time\" content=\"2026-04-14T14:11:59+00:00\" \/>\n<meta property=\"og:image\" content=\"https:\/\/madeiralovers.com\/wp-content\/uploads\/2024\/04\/o-que-fazer-Canical-Madeira-visitar.jpeg\" \/>\n\t<meta property=\"og:image:width\" content=\"800\" \/>\n\t<meta property=\"og:image:height\" content=\"600\" \/>\n\t<meta property=\"og:image:type\" content=\"image\/jpeg\" \/>\n<meta name=\"author\" content=\"Claire ROBINSON\" \/>\n<meta name=\"twitter:card\" content=\"summary_large_image\" \/>\n<meta name=\"twitter:label1\" content=\"Escrito por\" \/>\n\t<meta name=\"twitter:data1\" content=\"Claire ROBINSON\" \/>\n\t<meta name=\"twitter:label2\" content=\"Tempo estimado de leitura\" \/>\n\t<meta name=\"twitter:data2\" content=\"6 minutos\" \/>\n<script type=\"application\/ld+json\" class=\"yoast-schema-graph\">{\"@context\":\"https:\/\/schema.org\",\"@graph\":[{\"@type\":\"Article\",\"@id\":\"https:\/\/madeiralovers.com\/pt-pt\/visitar-aldeia-canical-o-que-fazer\/#article\",\"isPartOf\":{\"@id\":\"https:\/\/madeiralovers.com\/pt-pt\/visitar-aldeia-canical-o-que-fazer\/\"},\"author\":{\"name\":\"Claire ROBINSON\",\"@id\":\"https:\/\/madeiralovers.com\/pt-pt\/#\/schema\/person\/714bf48f891f34f544b1808122c3dd35\"},\"headline\":\"Aldeia de Cani\u00e7al: o que fazer (+ dicas de visita)\",\"datePublished\":\"2024-04-29T13:15:33+00:00\",\"dateModified\":\"2026-04-14T14:11:59+00:00\",\"mainEntityOfPage\":{\"@id\":\"https:\/\/madeiralovers.com\/pt-pt\/visitar-aldeia-canical-o-que-fazer\/\"},\"wordCount\":1135,\"publisher\":{\"@id\":\"https:\/\/madeiralovers.com\/pt-pt\/#organization\"},\"image\":{\"@id\":\"https:\/\/madeiralovers.com\/pt-pt\/visitar-aldeia-canical-o-que-fazer\/#primaryimage\"},\"thumbnailUrl\":\"https:\/\/madeiralovers.com\/wp-content\/uploads\/2024\/04\/o-que-fazer-Canical-Madeira-visitar.jpeg\",\"articleSection\":[\"Costa norte\"],\"inLanguage\":\"pt-PT\"},{\"@type\":\"WebPage\",\"@id\":\"https:\/\/madeiralovers.com\/pt-pt\/visitar-aldeia-canical-o-que-fazer\/\",\"url\":\"https:\/\/madeiralovers.com\/pt-pt\/visitar-aldeia-canical-o-que-fazer\/\",\"name\":\"Aldeia de Cani\u00e7al: o que fazer (+ dicas de visita)\",\"isPartOf\":{\"@id\":\"https:\/\/madeiralovers.com\/pt-pt\/#website\"},\"primaryImageOfPage\":{\"@id\":\"https:\/\/madeiralovers.com\/pt-pt\/visitar-aldeia-canical-o-que-fazer\/#primaryimage\"},\"image\":{\"@id\":\"https:\/\/madeiralovers.com\/pt-pt\/visitar-aldeia-canical-o-que-fazer\/#primaryimage\"},\"thumbnailUrl\":\"https:\/\/madeiralovers.com\/wp-content\/uploads\/2024\/04\/o-que-fazer-Canical-Madeira-visitar.jpeg\",\"datePublished\":\"2024-04-29T13:15:33+00:00\",\"dateModified\":\"2026-04-14T14:11:59+00:00\",\"description\":\"O nosso guia para planear a tua visita \u00e0 vila do Cani\u00e7al (Madeira): acessos, atrac\u00e7\u00f5es e conselhos pr\u00e1ticos\",\"breadcrumb\":{\"@id\":\"https:\/\/madeiralovers.com\/pt-pt\/visitar-aldeia-canical-o-que-fazer\/#breadcrumb\"},\"inLanguage\":\"pt-PT\",\"potentialAction\":[{\"@type\":\"ReadAction\",\"target\":[\"https:\/\/madeiralovers.com\/pt-pt\/visitar-aldeia-canical-o-que-fazer\/\"]}]},{\"@type\":\"ImageObject\",\"inLanguage\":\"pt-PT\",\"@id\":\"https:\/\/madeiralovers.com\/pt-pt\/visitar-aldeia-canical-o-que-fazer\/#primaryimage\",\"url\":\"https:\/\/madeiralovers.com\/wp-content\/uploads\/2024\/04\/o-que-fazer-Canical-Madeira-visitar.jpeg\",\"contentUrl\":\"https:\/\/madeiralovers.com\/wp-content\/uploads\/2024\/04\/o-que-fazer-Canical-Madeira-visitar.jpeg\",\"width\":800,\"height\":600,\"caption\":\"o que fazer Canical Madeira visitar\"},{\"@type\":\"BreadcrumbList\",\"@id\":\"https:\/\/madeiralovers.com\/pt-pt\/visitar-aldeia-canical-o-que-fazer\/#breadcrumb\",\"itemListElement\":[{\"@type\":\"ListItem\",\"position\":1,\"name\":\"Accueil\",\"item\":\"https:\/\/madeiralovers.com\/pt-pt\/\"},{\"@type\":\"ListItem\",\"position\":2,\"name\":\"Costa norte\",\"item\":\"https:\/\/madeiralovers.com\/pt-pt\/costa-norte\/\"},{\"@type\":\"ListItem\",\"position\":3,\"name\":\"Aldeia de Cani\u00e7al: o que fazer (+ dicas de visita)\"}]},{\"@type\":\"WebSite\",\"@id\":\"https:\/\/madeiralovers.com\/pt-pt\/#website\",\"url\":\"https:\/\/madeiralovers.com\/pt-pt\/\",\"name\":\"Madeira Lovers\",\"description\":\"Pour r\u00e9veiller vos sens \u00e0 Mad\u00e8re\",\"publisher\":{\"@id\":\"https:\/\/madeiralovers.com\/pt-pt\/#organization\"},\"potentialAction\":[{\"@type\":\"SearchAction\",\"target\":{\"@type\":\"EntryPoint\",\"urlTemplate\":\"https:\/\/madeiralovers.com\/pt-pt\/?s={search_term_string}\"},\"query-input\":{\"@type\":\"PropertyValueSpecification\",\"valueRequired\":true,\"valueName\":\"search_term_string\"}}],\"inLanguage\":\"pt-PT\"},{\"@type\":\"Organization\",\"@id\":\"https:\/\/madeiralovers.com\/pt-pt\/#organization\",\"name\":\"Madeira Lovers\",\"url\":\"https:\/\/madeiralovers.com\/pt-pt\/\",\"logo\":{\"@type\":\"ImageObject\",\"inLanguage\":\"pt-PT\",\"@id\":\"https:\/\/madeiralovers.com\/pt-pt\/#\/schema\/logo\/image\/\",\"url\":\"https:\/\/madeiralovers.com\/wp-content\/uploads\/2024\/05\/cropped-Madeira-Lovers-Logos.png\",\"contentUrl\":\"https:\/\/madeiralovers.com\/wp-content\/uploads\/2024\/05\/cropped-Madeira-Lovers-Logos.png\",\"width\":2500,\"height\":554,\"caption\":\"Madeira Lovers\"},\"image\":{\"@id\":\"https:\/\/madeiralovers.com\/pt-pt\/#\/schema\/logo\/image\/\"}},{\"@type\":\"Person\",\"@id\":\"https:\/\/madeiralovers.com\/pt-pt\/#\/schema\/person\/714bf48f891f34f544b1808122c3dd35\",\"name\":\"Claire ROBINSON\",\"image\":{\"@type\":\"ImageObject\",\"inLanguage\":\"pt-PT\",\"@id\":\"https:\/\/secure.gravatar.com\/avatar\/e3566233826c32de8d7c9ef726a1087654b12cadb092acc17ee1d357687192ff?s=96&d=mm&r=g\",\"url\":\"https:\/\/secure.gravatar.com\/avatar\/e3566233826c32de8d7c9ef726a1087654b12cadb092acc17ee1d357687192ff?s=96&d=mm&r=g\",\"contentUrl\":\"https:\/\/secure.gravatar.com\/avatar\/e3566233826c32de8d7c9ef726a1087654b12cadb092acc17ee1d357687192ff?s=96&d=mm&r=g\",\"caption\":\"Claire ROBINSON\"},\"sameAs\":[\"https:\/\/madeiralovers.com\/claire-robinson\/\"],\"url\":\"https:\/\/madeiralovers.com\/pt-pt\/author\/claire-robinson\/\"}]}<\/script>\n<!-- \/ Yoast SEO plugin. -->","yoast_head_json":{"title":"Aldeia de Cani\u00e7al: o que fazer (+ dicas de visita)","description":"O nosso guia para planear a tua visita \u00e0 vila do Cani\u00e7al (Madeira): acessos, atrac\u00e7\u00f5es e conselhos pr\u00e1ticos","robots":{"index":"index","follow":"follow","max-snippet":"max-snippet:-1","max-image-preview":"max-image-preview:large","max-video-preview":"max-video-preview:-1"},"canonical":"https:\/\/madeiralovers.com\/pt-pt\/visitar-aldeia-canical-o-que-fazer\/","og_locale":"pt_PT","og_type":"article","og_title":"Aldeia de Cani\u00e7al: o que fazer (+ dicas de visita)","og_description":"O nosso guia para planear a tua visita \u00e0 vila do Cani\u00e7al (Madeira): acessos, atrac\u00e7\u00f5es e conselhos pr\u00e1ticos","og_url":"https:\/\/madeiralovers.com\/pt-pt\/visitar-aldeia-canical-o-que-fazer\/","og_site_name":"Madeira Lovers","article_published_time":"2024-04-29T13:15:33+00:00","article_modified_time":"2026-04-14T14:11:59+00:00","og_image":[{"width":800,"height":600,"url":"https:\/\/madeiralovers.com\/wp-content\/uploads\/2024\/04\/o-que-fazer-Canical-Madeira-visitar.jpeg","type":"image\/jpeg"}],"author":"Claire ROBINSON","twitter_card":"summary_large_image","twitter_misc":{"Escrito por":"Claire ROBINSON","Tempo estimado de leitura":"6 minutos"},"schema":{"@context":"https:\/\/schema.org","@graph":[{"@type":"Article","@id":"https:\/\/madeiralovers.com\/pt-pt\/visitar-aldeia-canical-o-que-fazer\/#article","isPartOf":{"@id":"https:\/\/madeiralovers.com\/pt-pt\/visitar-aldeia-canical-o-que-fazer\/"},"author":{"name":"Claire ROBINSON","@id":"https:\/\/madeiralovers.com\/pt-pt\/#\/schema\/person\/714bf48f891f34f544b1808122c3dd35"},"headline":"Aldeia de Cani\u00e7al: o que fazer (+ dicas de visita)","datePublished":"2024-04-29T13:15:33+00:00","dateModified":"2026-04-14T14:11:59+00:00","mainEntityOfPage":{"@id":"https:\/\/madeiralovers.com\/pt-pt\/visitar-aldeia-canical-o-que-fazer\/"},"wordCount":1135,"publisher":{"@id":"https:\/\/madeiralovers.com\/pt-pt\/#organization"},"image":{"@id":"https:\/\/madeiralovers.com\/pt-pt\/visitar-aldeia-canical-o-que-fazer\/#primaryimage"},"thumbnailUrl":"https:\/\/madeiralovers.com\/wp-content\/uploads\/2024\/04\/o-que-fazer-Canical-Madeira-visitar.jpeg","articleSection":["Costa norte"],"inLanguage":"pt-PT"},{"@type":"WebPage","@id":"https:\/\/madeiralovers.com\/pt-pt\/visitar-aldeia-canical-o-que-fazer\/","url":"https:\/\/madeiralovers.com\/pt-pt\/visitar-aldeia-canical-o-que-fazer\/","name":"Aldeia de Cani\u00e7al: o que fazer (+ dicas de visita)","isPartOf":{"@id":"https:\/\/madeiralovers.com\/pt-pt\/#website"},"primaryImageOfPage":{"@id":"https:\/\/madeiralovers.com\/pt-pt\/visitar-aldeia-canical-o-que-fazer\/#primaryimage"},"image":{"@id":"https:\/\/madeiralovers.com\/pt-pt\/visitar-aldeia-canical-o-que-fazer\/#primaryimage"},"thumbnailUrl":"https:\/\/madeiralovers.com\/wp-content\/uploads\/2024\/04\/o-que-fazer-Canical-Madeira-visitar.jpeg","datePublished":"2024-04-29T13:15:33+00:00","dateModified":"2026-04-14T14:11:59+00:00","description":"O nosso guia para planear a tua visita \u00e0 vila do Cani\u00e7al (Madeira): acessos, atrac\u00e7\u00f5es e conselhos pr\u00e1ticos","breadcrumb":{"@id":"https:\/\/madeiralovers.com\/pt-pt\/visitar-aldeia-canical-o-que-fazer\/#breadcrumb"},"inLanguage":"pt-PT","potentialAction":[{"@type":"ReadAction","target":["https:\/\/madeiralovers.com\/pt-pt\/visitar-aldeia-canical-o-que-fazer\/"]}]},{"@type":"ImageObject","inLanguage":"pt-PT","@id":"https:\/\/madeiralovers.com\/pt-pt\/visitar-aldeia-canical-o-que-fazer\/#primaryimage","url":"https:\/\/madeiralovers.com\/wp-content\/uploads\/2024\/04\/o-que-fazer-Canical-Madeira-visitar.jpeg","contentUrl":"https:\/\/madeiralovers.com\/wp-content\/uploads\/2024\/04\/o-que-fazer-Canical-Madeira-visitar.jpeg","width":800,"height":600,"caption":"o que fazer Canical Madeira visitar"},{"@type":"BreadcrumbList","@id":"https:\/\/madeiralovers.com\/pt-pt\/visitar-aldeia-canical-o-que-fazer\/#breadcrumb","itemListElement":[{"@type":"ListItem","position":1,"name":"Accueil","item":"https:\/\/madeiralovers.com\/pt-pt\/"},{"@type":"ListItem","position":2,"name":"Costa norte","item":"https:\/\/madeiralovers.com\/pt-pt\/costa-norte\/"},{"@type":"ListItem","position":3,"name":"Aldeia de Cani\u00e7al: o que fazer (+ dicas de visita)"}]},{"@type":"WebSite","@id":"https:\/\/madeiralovers.com\/pt-pt\/#website","url":"https:\/\/madeiralovers.com\/pt-pt\/","name":"Madeira Lovers","description":"Pour r\u00e9veiller vos sens \u00e0 Mad\u00e8re","publisher":{"@id":"https:\/\/madeiralovers.com\/pt-pt\/#organization"},"potentialAction":[{"@type":"SearchAction","target":{"@type":"EntryPoint","urlTemplate":"https:\/\/madeiralovers.com\/pt-pt\/?s={search_term_string}"},"query-input":{"@type":"PropertyValueSpecification","valueRequired":true,"valueName":"search_term_string"}}],"inLanguage":"pt-PT"},{"@type":"Organization","@id":"https:\/\/madeiralovers.com\/pt-pt\/#organization","name":"Madeira Lovers","url":"https:\/\/madeiralovers.com\/pt-pt\/","logo":{"@type":"ImageObject","inLanguage":"pt-PT","@id":"https:\/\/madeiralovers.com\/pt-pt\/#\/schema\/logo\/image\/","url":"https:\/\/madeiralovers.com\/wp-content\/uploads\/2024\/05\/cropped-Madeira-Lovers-Logos.png","contentUrl":"https:\/\/madeiralovers.com\/wp-content\/uploads\/2024\/05\/cropped-Madeira-Lovers-Logos.png","width":2500,"height":554,"caption":"Madeira Lovers"},"image":{"@id":"https:\/\/madeiralovers.com\/pt-pt\/#\/schema\/logo\/image\/"}},{"@type":"Person","@id":"https:\/\/madeiralovers.com\/pt-pt\/#\/schema\/person\/714bf48f891f34f544b1808122c3dd35","name":"Claire ROBINSON","image":{"@type":"ImageObject","inLanguage":"pt-PT","@id":"https:\/\/secure.gravatar.com\/avatar\/e3566233826c32de8d7c9ef726a1087654b12cadb092acc17ee1d357687192ff?s=96&d=mm&r=g","url":"https:\/\/secure.gravatar.com\/avatar\/e3566233826c32de8d7c9ef726a1087654b12cadb092acc17ee1d357687192ff?s=96&d=mm&r=g","contentUrl":"https:\/\/secure.gravatar.com\/avatar\/e3566233826c32de8d7c9ef726a1087654b12cadb092acc17ee1d357687192ff?s=96&d=mm&r=g","caption":"Claire ROBINSON"},"sameAs":["https:\/\/madeiralovers.com\/claire-robinson\/"],"url":"https:\/\/madeiralovers.com\/pt-pt\/author\/claire-robinson\/"}]}},"featured_image_src":"https:\/\/madeiralovers.com\/wp-content\/uploads\/2024\/04\/o-que-fazer-Canical-Madeira-visitar-600x400.jpeg","featured_image_src_square":"https:\/\/madeiralovers.com\/wp-content\/uploads\/2024\/04\/o-que-fazer-Canical-Madeira-visitar-600x600.jpeg","author_info":{"display_name":"Claire ROBINSON","author_link":"https:\/\/madeiralovers.com\/pt-pt\/author\/claire-robinson\/"},"_links":{"self":[{"href":"https:\/\/madeiralovers.com\/pt-pt\/wp-json\/wp\/v2\/posts\/1650","targetHints":{"allow":["GET"]}}],"collection":[{"href":"https:\/\/madeiralovers.com\/pt-pt\/wp-json\/wp\/v2\/posts"}],"about":[{"href":"https:\/\/madeiralovers.com\/pt-pt\/wp-json\/wp\/v2\/types\/post"}],"author":[{"embeddable":true,"href":"https:\/\/madeiralovers.com\/pt-pt\/wp-json\/wp\/v2\/users\/2"}],"replies":[{"embeddable":true,"href":"https:\/\/madeiralovers.com\/pt-pt\/wp-json\/wp\/v2\/comments?post=1650"}],"version-history":[{"count":0,"href":"https:\/\/madeiralovers.com\/pt-pt\/wp-json\/wp\/v2\/posts\/1650\/revisions"}],"wp:featuredmedia":[{"embeddable":true,"href":"https:\/\/madeiralovers.com\/pt-pt\/wp-json\/wp\/v2\/media\/1585"}],"wp:attachment":[{"href":"https:\/\/madeiralovers.com\/pt-pt\/wp-json\/wp\/v2\/media?parent=1650"}],"wp:term":[{"taxonomy":"category","embeddable":true,"href":"https:\/\/madeiralovers.com\/pt-pt\/wp-json\/wp\/v2\/categories?post=1650"},{"taxonomy":"post_tag","embeddable":true,"href":"https:\/\/madeiralovers.com\/pt-pt\/wp-json\/wp\/v2\/tags?post=1650"}],"curies":[{"name":"wp","href":"https:\/\/api.w.org\/{rel}","templated":true}]}}