{"id":6211,"date":"2025-12-23T21:50:53","date_gmt":"2025-12-23T20:50:53","guid":{"rendered":"https:\/\/madeiralovers.com\/miradouro-do-cabouco-madere\/"},"modified":"2026-02-12T12:38:24","modified_gmt":"2026-02-12T11:38:24","slug":"miradouro-do-cabouco-madeira","status":"publish","type":"post","link":"https:\/\/madeiralovers.com\/nl\/miradouro-do-cabouco-madeira\/","title":{"rendered":"Miradouro do Cabouco (Madeira): toegang + foto&#8217;s"},"content":{"rendered":"\n<p class=\"wp-block-paragraph\">Al onze tips voor een bezoek aan de Miradouro do Cabouco op Madeira: toegang, parkeren, uitzicht, praktische informatie.<\/p>\n\n<figure class=\"wp-block-image size-full\"><img loading=\"lazy\" decoding=\"async\" width=\"800\" height=\"600\" src=\"https:\/\/madeiralovers.com\/wp-content\/uploads\/2024\/04\/Miradouro-do-Cabouco-Madeira.jpeg\" alt=\"Miradouro do Cabouco Madeira\" class=\"wp-image-1295\" srcset=\"https:\/\/madeiralovers.com\/wp-content\/uploads\/2024\/04\/Miradouro-do-Cabouco-Madeira.jpeg 800w, https:\/\/madeiralovers.com\/wp-content\/uploads\/2024\/04\/Miradouro-do-Cabouco-Madeira-300x225.jpeg 300w, https:\/\/madeiralovers.com\/wp-content\/uploads\/2024\/04\/Miradouro-do-Cabouco-Madeira-768x576.jpeg 768w, https:\/\/madeiralovers.com\/wp-content\/uploads\/2024\/04\/Miradouro-do-Cabouco-Madeira-702x526.jpeg 702w\" sizes=\"auto, (max-width: 800px) 100vw, 800px\" \/><\/figure>\n\n<h2 class=\"wp-block-heading\">Is een stop bij de Miradouro de Cabouco de moeite waard?<\/h2>\n\n<p class=\"wp-block-paragraph\">Een prachtig uitkijkpunt rond een haarspeldbocht met de groene vallei van Faial en de bergtoppen van het midden van het eiland. Het is een van de groenste landschappen die we op Madeira hebben gezien, en dat wil wat zeggen.<\/p>\n\n<p class=\"wp-block-paragraph\">Als je de magie van Pico do Arieiro hebt gezien en terugkeert naar de noordkust, neem dan de tijd om de vallei en de scherpe pieken op de achtergrond te bewonderen. Dit zijn de toppen rond Pico do Ariero!<\/p>\n\n<p class=\"wp-block-paragraph\">Naar onze mening is dit een van <a href=\"https:\/\/madeiralovers.com\/nl\/mooiste-uitzichtpunten-madeira-miradouros\/\" target=\"_blank\" rel=\"noreferrer noopener\">de mooiste uitzichtpunten van Madeira<\/a>.<\/p>\n\n<h2 class=\"wp-block-heading\">Waar is het gezichtspunt? Toegang<\/h2>\n\n<p class=\"wp-block-paragraph\">Let op: verschillende kaarten op het internet geven meerdere uitzichtpunten met dezelfde naam aan, dus verwijzen we naar deze:<\/p>\n\n<ul class=\"wp-block-list\">\n<li>Weg: ER103, een van <a href=\"https:\/\/madeiralovers.com\/nl\/mooiste-wegen-madeira\/\" target=\"_blank\" rel=\"noreferrer noopener\">de mooiste wegen van Madeira<\/a><\/li>\n\n\n\n<li>Tussen Pico do Arieio en de noordkust<\/li>\n\n\n\n<li>Vanaf Faial = 15 min<\/li>\n\n\n\n<li>Vanaf Funchal = 50 min<\/li>\n\n\n\n<li>Mogelijkheid om hier in beide richtingen te stoppen<\/li>\n<\/ul>\n\n<p class=\"wp-block-paragraph\">Hier is een kaart om u te helpen het te vinden:<\/p>\n\n<figure class=\"wp-block-image size-large\"><img decoding=\"async\" src=\"https:\/\/madeiralovers.com\/wp-content\/uploads\/2024\/04\/kaart-Miradouro-do-Cabouco-Madeira-1024x683.png\" alt=\"Miradouro do Cabouco kaart Madeira\" class=\"wp-image-1304\"\/><figcaption class=\"wp-element-caption\">Kaart: Miradouro do Cabouco in Madeira<\/figcaption><\/figure>\n\n<div style=\"background-color:#edf8cc;margin-top:8%;margin-bottom:8%\" class=\"wp-block-genesis-blocks-gb-container box gb-block-container\"><div class=\"gb-container-inside\"><div class=\"gb-container-content\">\n<div class=\"wp-block-columns inverse box_planif is-layout-flex wp-container-core-columns-is-layout-8f761849 wp-block-columns-is-layout-flex\">\n<div class=\"wp-block-column texte_planif is-layout-flow wp-block-column-is-layout-flow\" style=\"flex-basis:58%\">\n<h5 class=\"titre_box\">ONZE ADVIEZEN VOOR HET HUREN VAN UW AUTO OP <span class=\"titre_box_manuscrit\">\nMadeira<\/span><\/h5>\n\n\n\n<ul style=\"font-size:14px\" class=\"wp-block-list liste_voiture\">\n<li>Vergelijk prijzen op ons favoriete platform: <a href=\"https:\/\/www.discovercars.com\/nl\/portugal\/madeira?a_aid=zigzag&amp;chan=madeira\" target=\"_blank\" rel=\"noreferrer noopener sponsored nofollow\">DiscoverCars<\/a> &#8211; een van de best beoordeelde sites.<\/li>\n\n\n\n<li>Neem een auto met een goede motor voor hellende wegen, maar niet te groot om te manoeuvreren.<\/li>\n\n\n\n<li>Er is veel vraag en weinig auto&#8217;s, dus <strong>reserveer vroeg<\/strong>.<\/li>\n<\/ul>\n<\/div>\n\n\n\n<div class=\"wp-block-column planif-radius-3 is-layout-flow wp-block-column-is-layout-flow\" style=\"flex-basis:42%\">\n<figure class=\"wp-block-image size-large is-resized\"><img decoding=\"async\" src=\"https:\/\/photos.smugmug.com\/Travel\/Madeira\/2i-Miadouro\/i-j86nfB5\/2\/DRCCwrZmGLt2TxcQqRkkLrm3JR55K3NLchGxDNsx6\/S\/driving_Madeira-7130748-S.jpg\" alt=\"Autohuur in Madeira\" title=\"\"\/><\/figure>\n<\/div>\n<\/div>\n\n\n\n<div class=\"wp-block-columns planif_bouton is-layout-flex wp-container-core-columns-is-layout-8f761849 wp-block-columns-is-layout-flex\">\n<div class=\"wp-block-column is-layout-flow wp-block-column-is-layout-flow\" style=\"flex-basis:50%\">\n<div class=\"wp-block-buttons is-content-justification-center is-layout-flex wp-container-core-buttons-is-layout-fe48e5de wp-block-buttons-is-layout-flex\">\n<div class=\"wp-block-button\"><a class=\"wp-block-button__link has-white-color has-text-color has-custom-font-size wp-element-button\" href=\"https:\/\/www.discovercars.com\/fr\/portugal\/madeira?a_aid=zigzag&amp;chan=madeira\" style=\"border-radius:4px;font-size:14px\" target=\"_blank\" rel=\"noreferrer noopener\">Bekijk de auto&#8217;s &gt;&gt;<\/a><\/div>\n<\/div>\n<\/div>\n\n\n\n<div class=\"wp-block-column is-vertically-aligned-center is-layout-flow wp-block-column-is-layout-flow\" style=\"flex-basis:50%\">\n<p class=\"has-text-align-center wp-block-paragraph\" style=\"font-size:14px\"><strong><a href=\"https:\/\/madeiralovers.com\/nl\/hoe-een-auto-huren-madeira-tips-ervaringen\/\" target=\"_blank\" rel=\"noreferrer noopener\">Bekijk onze tips<\/a><\/strong><\/p>\n<\/div>\n<\/div>\n<\/div><\/div><\/div>\n\n<h2 class=\"wp-block-heading\">Parkeerplaats<\/h2>\n\n<p class=\"wp-block-paragraph\">Gemakkelijk parkeren.<br\/>Verschillende parkeerplaatsen langs de weg voor minstens 3 auto&#8217;s.<\/p>\n\n<p class=\"wp-block-paragraph\">Het is echter een vrij populaire route.<br\/>U vindt het gemakkelijker om &#8217;s ochtends of buiten het seizoen te stoppen.<\/p>\n\n<figure class=\"wp-block-image size-large\"><img decoding=\"async\" src=\"https:\/\/photos.smugmug.com\/Travel\/Madeira\/12k-Miradouro-do-Cabouco\/i-J6RL5Mk\/2\/56n2HXRHzv7PB9qLVzKnvwSSQHvJpgbswqQQJJwK\/L\/Miradouro_do_Cabouco_Madeira-7230377-L.jpg\" alt=\"parkeerplaatsen bij het uitkijkpunt Cabouco\"\/><\/figure>\n\n<div style=\"background-color:#f4fae2;margin-top:8%;margin-bottom:8%\" class=\"wp-block-genesis-blocks-gb-container box gb-block-container\"><div class=\"gb-container-inside\"><div class=\"gb-container-content\" style=\"max-width:700px\">\n<div class=\"wp-block-genesis-blocks-gb-container box_titre gb-block-container\"><div class=\"gb-container-inside\"><div class=\"gb-container-content\">\n<h5 class=\"titre_box\" style=\"padding-top:10px;\">WAAR VERBLIJVEN OP <span class=\"titre_box_manuscrit\">madeira<\/span><\/h5>\n<\/div><\/div><\/div>\n\n\n\n<div class=\"wp-block-columns box_sans_border is-layout-flex wp-container-core-columns-is-layout-8f761849 wp-block-columns-is-layout-flex\">\n<div class=\"wp-block-column texte_planif is-layout-flow wp-block-column-is-layout-flow\" style=\"font-size:14px;flex-basis:60%\">\n<p class=\"option_titre2 wp-block-paragraph\">Onze onafhankelijke selecties om u te helpen <strong>de accommodatie van uw dromen<\/strong> te vinden:<\/p>\n\n\n\n<ul class=\"wp-block-list\">\n<li><a href=\"https:\/\/madeiralovers.com\/nl\/waar-verblijven-madeira-beste-plaatsen\/\" target=\"_blank\" rel=\"noreferrer noopener\">Waar overnachten op Madeira<\/a><\/li>\n<\/ul>\n\n\n\n<ul class=\"wp-block-list\">\n<li><a href=\"https:\/\/madeiralovers.com\/nl\/beste-5-sterren-hotels-funchal-madeira-luxe-beoordelingen\/\" target=\"_blank\" rel=\"noreferrer noopener\">Beste 5-sterrenhotels<\/a><\/li>\n\n\n\n<li><a href=\"https:\/\/madeiralovers.com\/nl\/beste-boutique-hotels-funchal-madeira-charm\/\">Beste boutique hotels<\/a><\/li>\n\n\n\n<li><a href=\"https:\/\/madeiralovers.com\/nl\/beste-hotels-oude-stad-funchal-beoordelingen\/\" target=\"_blank\" rel=\"noreferrer noopener\">Beste hotels in de oude binnenstad van Funchal<\/a><\/li>\n\n\n\n<li><a href=\"https:\/\/madeiralovers.com\/nl\/beste-hotels-adults-only-funchal-madeira\/\" target=\"_blank\" rel=\"noreferrer noopener\">Beste adults-only hotels<\/a><\/li>\n\n\n\n<li><a href=\"https:\/\/madeiralovers.com\/nl\/beste-hotels-gezinnen-madeira-kinderen-beoordelingen\/\" target=\"_blank\" rel=\"noreferrer noopener\">Beste hotels voor gezinnen<\/a><\/li>\n\n\n\n<li><a href=\"https:\/\/madeiralovers.com\/nl\/beste-all-inclusive-hotels-madeira\/\" target=\"_blank\" rel=\"noreferrer noopener\">Beste all-inclusive hotels<\/a><\/li>\n\n\n\n<li><a href=\"https:\/\/madeiralovers.com\/nl\/beste-romantische-hotels-funchal-madeira-geliefden\/\" target=\"_blank\" rel=\"noreferrer noopener\">Beste romantische hotels<\/a><\/li>\n<\/ul>\n<\/div>\n\n\n\n<div class=\"wp-block-column is-vertically-aligned-top planif-radius is-layout-flow wp-block-column-is-layout-flow\" style=\"flex-basis:40%\">\n<figure class=\"wp-block-image size-large img-portrait\"><img decoding=\"async\" src=\"https:\/\/photos.smugmug.com\/Travel\/Madeira\/Accommodation\/i-TtZHSRZ\/1\/7f80cf7d\/L\/Arco_da_Calheta_hotel_Madeira-8896-L.jpg\" alt=\"Welkom Hotel\" title=\"\"\/><\/figure>\n<\/div>\n<\/div>\n<\/div><\/div><\/div>\n\n<h2 class=\"wp-block-heading\">Beste moment<\/h2>\n\n<p class=\"wp-block-paragraph\">Het biedt een panoramisch uitzicht op het zuiden, oosten en noorden.<br\/>De zon kan de hele ochtend vervelend zijn.<br\/>Hier vindt u picknicktafels &#8211; een heerlijke plek om even te pauzeren en te lunchen!<\/p>\n\n<figure class=\"wp-block-image size-large\"><img decoding=\"async\" src=\"https:\/\/photos.smugmug.com\/Travel\/Madeira\/12k-Miradouro-do-Cabouco\/i-RBsZGhS\/2\/FJG3L6Q4Fq8PxM4sggs74XvbQrcm2hdw7ppK77HZX\/L\/Miradouro_do_Cabouco_Madeira-7230370-L.jpg\" alt=\"picknicktafels met uitzicht\"\/><\/figure>\n\n<h2 class=\"wp-block-heading\">Beschrijving bekijken<\/h2>\n\n<p class=\"wp-block-paragraph\">Het panorama ligt op een hoogte van ongeveer 900 meter op de noordelijke hellingen van de centrale bergketen van Madeira en biedt een opvallend contrast tussen steile vulkaantoppen en diepe, weelderige valleien.<\/p>\n\n<p class=\"wp-block-paragraph\"><strong>De toppen<\/strong><\/p>\n\n<p class=\"wp-block-paragraph\">Als u op een heldere dag naar het zuiden kijkt, hebt u een adembenemend uitzicht op de hoogste bergen van het eiland: <strong>Pico do Arieiro<\/strong>, <strong>Pico das Torres<\/strong> en de naaldachtige <strong>Pico do Gato<\/strong>. Ze vormen een ruige achtergrond die het ochtendlicht vangt of gedrapeerd is in een sfeervolle mist.<\/p>\n\n<figure class=\"wp-block-image size-large\"><img decoding=\"async\" src=\"https:\/\/photos.smugmug.com\/Travel\/Madeira\/12k-Miradouro-do-Cabouco\/i-kjBtQTL\/2\/JxsmSSch2QtpsLdWf77k5CsBFpsMkcq3v8k5BLBW\/L\/Miradouro_do_Cabouco_Madeira-7230393-L.jpg\" alt=\"uitzicht op de bergen van Pico do Arieiro\"\/><\/figure>\n\n<div class=\"wp-block-genesis-blocks-gb-container box gb-block-container\" style=\"background-color:#edf8cc;margin-top:6%;margin-bottom:6%\"><div class=\"gb-container-inside\"><div class=\"gb-container-content\" style=\"max-width:700px\">\n<figure class=\"wp-block-image size-full\"><a href=\"https:\/\/madeiralovers.com\/nl\/e-boek-gids-reis-madere\/\" target=\"_blank\" rel=\" noreferrer noopener\"><img decoding=\"async\" src=\"https:\/\/madeiralovers.com\/wp-content\/uploads\/2026\/07\/inpost-Madeira-Lovers-NL.jpg\" alt=\"inpost Madeira Lovers FR\" class=\"wp-image-7160\"\/><\/a><\/figure>\n<\/div><\/div><\/div>\n\n<p class=\"wp-block-paragraph\"><strong>Groene valleien<\/strong><\/p>\n\n<p class=\"wp-block-paragraph\">Als u naar beneden kijkt, ziet u de diepe valleien die naar Faial leiden. Het landschap is bedekt met bossen, wat betekent dat het intens groen is en bezaaid met terrasvormige landbouwvelden die in de heuvels zijn uitgehouwen.<\/p>\n\n<figure class=\"wp-block-image size-large\"><img decoding=\"async\" src=\"https:\/\/photos.smugmug.com\/Travel\/Madeira\/12k-Miradouro-do-Cabouco\/i-hxMZRGK\/2\/RkXsVtqkvVnXmLxZFdKTGNW3c6x4BZpSxg4vDxGB\/L\/Miradouro_do_Cabouco_Madeira-9826-L.jpg\" alt=\"Uitzicht op de vallei\"\/><\/figure>\n\n<p class=\"wp-block-paragraph\"><strong>Uitzicht op de kust<\/strong><\/p>\n\n<p class=\"wp-block-paragraph\">In het noorden kunt u de zee zien. Maar de begroeiing blokkeert het uitzicht.<br\/>Onderweg kunt u de emblematische <strong>Penha d&#8217;\u00c1guia<\/strong> (Adelaarsrots) zien, die oprijst in de buurt van <a href=\"https:\/\/madeiralovers.com\/nl\/bezienswaardigheden-porto-da-cruz-madeira-bezoeken\/\" type=\"post\" id=\"2765\" target=\"_blank\" rel=\"noreferrer noopener\">Porto da Cruz<\/a>.<\/p>\n\n<div class=\"wp-block-genesis-blocks-gb-container box gb-block-container\" style=\"background-color:#f4fae2;margin-top:8%;margin-bottom:8%\"><div class=\"gb-container-inside\"><div class=\"gb-container-content\">\n<div class=\"wp-block-columns inverse is-layout-flex wp-container-core-columns-is-layout-8f761849 wp-block-columns-is-layout-flex\">\n<div class=\"wp-block-column texte_planif is-layout-flow wp-block-column-is-layout-flow\" style=\"flex-basis:58%\">\n<h5 class=\"titre_box\">ONZE FAVORIETE ACTIVITEITEN OP <span class=\"titre_box_manuscrit\">Madeira<\/span><\/h5>\n\n\n\n<p class=\"wp-block-paragraph\" style=\"font-size:16px\">Catamarantocht om dolfijnen en de gigantische kliffen van Madeira te zien. &#8211; <a href=\"https:\/\/www.getyourguide.nl\/s?q=Funchal+dauphins+catamaran&amp;searchSource=8&amp;partner_id=R3GYW4V&amp;cmp=madeira\" target=\"_blank\" rel=\"noreferrer noopener sponsored nofollow\">Bekijk het programma en de beschikbaarheid \u2013 en reserveer!<\/a><\/p>\n\n\n\n<p class=\"wp-block-paragraph\" style=\"font-size:16px\">Canyoning tussen de rotsen! &#8211; <a href=\"https:\/\/www.getyourguide.com\/madere-l67\/canyoning-tc65\/?partner_id=R3GYW4V&amp;cmp=madeira\" target=\"_blank\" rel=\"noreferrer noopener nofollow\">Bekijk de opties en beschikbaarheid<\/a><\/p>\n\n\n\n<p class=\"wp-block-paragraph\" style=\"font-size:16px\">Gastronomische rondleiding om de specialiteiten te ontdekken &#8211; <a href=\"https:\/\/www.getyourguide.com\/madere-l67\/visites-gastronomiques-locales-tc532\/?partner_id=R3GYW4V&amp;cmp=madeira\" target=\"_blank\" rel=\"noreferrer noopener nofollow\">Bekijk de opties en beschikbaarheid<\/a><\/p>\n<\/div>\n\n\n\n<div class=\"wp-block-column ville-radius is-layout-flow wp-block-column-is-layout-flow\" style=\"flex-basis:42%\">\n<figure class=\"wp-block-image size-large is-resized img-portrait\"><img decoding=\"async\" src=\"https:\/\/photos.smugmug.com\/Travel\/Madeira\/9c-Dolphins\/i-whpFzdc\/1\/2fa5ccf1\/L\/dolphin_cruise_boat_Tour_Madeira-7204502-L.jpg\" alt=\"\" style=\"width:319px;height:303px\" title=\"\"\/><\/figure>\n<\/div>\n<\/div>\n<\/div><\/div><\/div>\n\n<h2 class=\"wp-block-heading\">Dichtstbijzijnde attracties  <\/h2>\n\n<p class=\"wp-block-paragraph\">Plan je dag door een attractie met dit uitzicht te combineren. Bijvoorbeeld:<\/p>\n\n<ul class=\"wp-block-list\">\n<li>de beroemde <a href=\"https:\/\/madeiralovers.com\/wp-content\/uploads\/2024\/08\/Bezienswaardigheden-Pico-do-Arieiro-Madeira.jpeg\" target=\"_blank\" rel=\"noreferrer noopener\">Pico do Arieiro<\/a> en zijn prachtige uitzichten (of wandeling)<\/li>\n\n\n\n<li>de korte wandeling <a href=\"https:\/\/madeiralovers.com\/nl\/wandeling-pr11-verada-balcoes-madeira\/\" target=\"_blank\" rel=\"noreferrer noopener\">Verada dos Balcoes<\/a> met prachtig uitzicht vanaf het platform<\/li>\n\n\n\n<li>het kustplaatsje <a href=\"https:\/\/madeiralovers.com\/wp-content\/uploads\/2024\/06\/bezienswaardigheden-porto-da-cruz-bezoeken-NL.jpg\" target=\"_blank\" rel=\"noreferrer noopener\">Porto da Cruz <\/a> <\/li>\n\n\n\n<li>Typische huizen in Santana  <\/li>\n<\/ul>\n\n<div style=\"margin-top:8%;margin-bottom:8%\" class=\"wp-block-genesis-blocks-gb-container box gb-block-container\"><div class=\"gb-container-inside\"><div class=\"gb-container-content\" style=\"max-width:700px\">\n<div class=\"wp-block-genesis-blocks-gb-container box_titre gb-block-container\"><div class=\"gb-container-inside\"><div class=\"gb-container-content\">\n<h5 class=\"titre_box\">PLAN UW VERBLIJF OP <span class=\"titre_box_manuscrit\">madera<\/span><\/h5>\n<\/div><\/div><\/div>\n\n\n\n<hr class=\"wp-block-separator has-text-color has-alpha-channel-opacity has-background is-style-wide hr-box-planif\" style=\"background-color:#ccd3dd;color:#ccd3dd\"\/>\n\n\n\n<div class=\"wp-block-columns box_sans_border is-layout-flex wp-container-core-columns-is-layout-8f761849 wp-block-columns-is-layout-flex\">\n<div class=\"wp-block-column texte_planif is-layout-flow wp-block-column-is-layout-flow\" style=\"font-size:14px;flex-basis:60%\">\n<p class=\"option_titre2 wp-block-paragraph\"><strong>Het beste van<\/strong><\/p>\n\n\n\n<p class=\"wp-block-paragraph\" style=\"font-size:16px\"><a href=\"https:\/\/madeiralovers.com\/nl\/bezienswaardigheden-madeira\/\">Bezienswaardigheden in Madeira<\/a><br\/><a href=\"https:\/\/madeiralovers.com\/nl\/mooiste-uitzichtpunten-madeira-miradouros\/\" target=\"_blank\" rel=\"noreferrer noopener\">De mooiste uitzichtpunten<\/a><br\/><a href=\"https:\/\/madeiralovers.com\/nl\/mooiste-stranden-madeira\/\" target=\"_blank\" rel=\"noreferrer noopener\">De mooiste stranden van Madeira<\/a><br\/><a href=\"https:\/\/madeiralovers.com\/nl\/beste-tuinen-madeira\/\" target=\"_blank\" rel=\"noreferrer noopener\">De mooiste tuinen<\/a><br\/><a href=\"https:\/\/madeiralovers.com\/nl\/natuurlijke-zwembaden-madeira\/\" target=\"_blank\" rel=\"noreferrer noopener\">Natuurlijke zwembaden<\/a><br\/><a href=\"https:\/\/madeiralovers.com\/nl\/beste-wandelingen-madeira\/\" target=\"_blank\" rel=\"noreferrer noopener\">De beste wandelingen<\/a><br\/><a href=\"https:\/\/madeiralovers.com\/nl\/mooiste-wegen-madeira\/\" target=\"_blank\" rel=\"noreferrer noopener\">De mooiste wegen<\/a><br\/><a href=\"https:\/\/madeiralovers.com\/nl\/onbekende-plekjes-madeira-verborgen-geheim\/\" target=\"_blank\" rel=\"noreferrer noopener\">Geheime plaatsen<\/a><\/p>\n<\/div>\n\n\n\n<div class=\"wp-block-column is-vertically-aligned-top planif-radius is-layout-flow wp-block-column-is-layout-flow\" style=\"flex-basis:40%\">\n<figure class=\"wp-block-image size-large img-portrait\"><img decoding=\"async\" src=\"https:\/\/photos.smugmug.com\/Travel\/Madeira\/13d-Rocha-do-Navio\/i-T3f6J48\/2\/d3DHMbHtwPMz7Tj9qDPmRxGpbxx5RBRCr4LrPp2c\/S\/Roacha_do_Navio_cable_car_Madeira-7241164-S.jpg\" alt=\"Navia Rots\" title=\"\"\/><\/figure>\n<\/div>\n<\/div>\n\n\n\n<hr class=\"wp-block-separator has-text-color has-alpha-channel-opacity has-background is-style-wide hr-box-planif\" style=\"background-color:#ccd3dd;color:#ccd3dd\"\/>\n\n\n\n<div class=\"wp-block-columns box_sans_border is-layout-flex wp-container-core-columns-is-layout-8f761849 wp-block-columns-is-layout-flex\">\n<div class=\"wp-block-column texte_planif is-layout-flow wp-block-column-is-layout-flow\" style=\"font-size:14px;flex-basis:60%\">\n<p class=\"option_titre wp-block-paragraph\"><strong>Praktisch advies<\/strong><\/p>\n\n\n\n<p class=\"wp-block-paragraph\" style=\"font-size:16px\"><a href=\"https:\/\/madeiralovers.com\/nl\/madeira-vervoer\/\" target=\"_blank\" rel=\"noreferrer noopener\">Reizen op Madeira<\/a><br\/><a href=\"https:\/\/madeiralovers.com\/nl\/hoe-een-auto-huren-madeira-tips-ervaringen\/\" target=\"_blank\" rel=\"noreferrer noopener\">Huur een auto in Madeira<\/a><br\/><a href=\"https:\/\/madeiralovers.com\/nl\/ridjen-madeira-tips\/\" target=\"_blank\" rel=\"noreferrer noopener\">Rijden op Madeira<\/a><\/p>\n\n\n\n<p class=\"wp-block-paragraph\" style=\"font-size:16px\"><a href=\"https:\/\/madeiralovers.com\/nl\/waar-verblijven-madeira-beste-plaatsen\/\" target=\"_blank\" rel=\"noreferrer noopener\">Waar overnachten op Madeira<\/a><\/p>\n\n\n\n<p class=\"wp-block-paragraph\" style=\"font-size:16px\">Routes: 3 dagen &#8211; 4 dagen &#8211; <a href=\"https:\/\/madeiralovers.com\/nl\/bezoeken-5-dagen-madeira-reisroute\/\" target=\"_blank\" rel=\"noreferrer noopener\">5 dagen<\/a> &#8211; <a href=\"https:\/\/madeiralovers.com\/nl\/bezoeken-6-dagen-madeira-reisroute\/\" target=\"_blank\" rel=\"noreferrer noopener\">6 dagen<\/a> &#8211; <a href=\"https:\/\/madeiralovers.com\/nl\/bezoeken-madeira-een-week-reisroute\/\" target=\"_blank\" rel=\"noreferrer noopener\">7 dagen<\/a> &#8211; <a href=\"https:\/\/madeiralovers.com\/nl\/bezoeken-10-dagen-madeira-reisroute\/\" target=\"_blank\" rel=\"noreferrer noopener\">10 dagen<\/a><\/p>\n<\/div>\n\n\n\n<div class=\"wp-block-column is-vertically-aligned-top planif-radius is-layout-flow wp-block-column-is-layout-flow\" style=\"flex-basis:40%\">\n<figure class=\"wp-block-image size-large img-portrait\"><img decoding=\"async\" src=\"https:\/\/photos.smugmug.com\/Travel\/Madeira\/Driving\/i-xNmkb72\/2\/DF578h2B7Q6RbR84FZXN5v8D7vg6nLZ9dzBdrJ2rZ\/S\/driving_Madeira-7241434-S.jpg\" alt=\"Rijden op Madeira\" title=\"\"\/><\/figure>\n<\/div>\n<\/div>\n\n\n\n<hr class=\"wp-block-separator has-text-color has-alpha-channel-opacity has-background is-style-wide hr-box-planif\" style=\"background-color:#ccd3dd;color:#ccd3dd\"\/>\n\n\n\n<div class=\"wp-block-columns box_sans_border is-layout-flex wp-container-core-columns-is-layout-8f761849 wp-block-columns-is-layout-flex\">\n<div class=\"wp-block-column texte_planif is-layout-flow wp-block-column-is-layout-flow\" style=\"font-size:14px;flex-basis:60%\">\n<p class=\"option_titre wp-block-paragraph\"><strong>Plaatsen die u niet mag missen<\/strong><\/p>\n\n\n\n<p class=\"wp-block-paragraph\" style=\"font-size:16px\"><a href=\"https:\/\/madeiralovers.com\/nl\/spotten-dolfijnen-madeira-walvissen\/\" target=\"_blank\" rel=\"noreferrer noopener\">Dolfijnen kijken<\/a><br\/><a href=\"https:\/\/madeiralovers.com\/nl\/bezienswaardigheden-funchal-bezoeken\/\" target=\"_blank\" rel=\"noreferrer noopener\">Bezienswaardigheden in Funchal<\/a><br\/><a href=\"https:\/\/madeiralovers.com\/nl\/bezienswaardigheden-camara-de-lobos-madeira-bezoeken\/\" target=\"_blank\" rel=\"noreferrer noopener\">Camara de Lobos<\/a><br\/><a href=\"https:\/\/madeiralovers.com\/nl\/bezienswaardigheden-ponta-do-sol-bezoeken\/\" target=\"_blank\" rel=\"noreferrer noopener\">Ponta do Sol<\/a><br\/><a href=\"https:\/\/madeiralovers.com\/nl\/bezienswaardigheden-santana-madeira-bezoeken\/\">Santana<\/a><br\/><a href=\"https:\/\/madeiralovers.com\/nl\/bezienswaardigheden-pico-do-arieiro-madeira\/\" target=\"_blank\" rel=\"noreferrer noopener\">Pico do Arieiro<\/a><br\/><a href=\"https:\/\/madeiralovers.com\/nl\/bezienswaardigheden-porto-santo-bezoeken\/\" target=\"_blank\" rel=\"noreferrer noopener\">Porto Santo Bezienswaardigheden<\/a><\/p>\n<\/div>\n\n\n\n<div class=\"wp-block-column is-vertically-aligned-top planif-radius is-layout-flow wp-block-column-is-layout-flow\" style=\"flex-basis:40%\">\n<figure class=\"wp-block-image size-large img-portrait\"><img decoding=\"async\" src=\"https:\/\/photos.smugmug.com\/Travel\/Madeira\/6c-Camara-dos-Lobos\/i-zH7D8Tv\/2\/DpttrQSghWXj2DKMm3VHbFkhFMLsTFhS37sRFTxNz\/S\/camara_dos_Lobos_Madeira-7173015-S.jpg\" alt=\"Camara de Lobos\" title=\"\"\/><\/figure>\n<\/div>\n<\/div>\n<\/div><\/div><\/div>\n\n<div class=\"wp-block-genesis-blocks-gb-container box_auteur_voyage gb-block-container\"><div class=\"gb-container-inside\"><div class=\"gb-container-content\">\n<figure class=\"wp-block-image size-large img_auteur_voyage\"><a href=\"https:\/\/madeiralovers.com\/nl\/claire-robinson\/\" target=\"_blank\" rel=\"noreferrer noopener\"><img decoding=\"async\" src=\"https:\/\/photos.smugmug.com\/Madeira-Lovers\/Portraits-equipe\/i-WCb99j5\/0\/2d0b98a0\/L\/regionlovers-3-L.jpg\" alt=\"\"\/><\/a><\/figure>\n\n\n\n<h5 class=\"titre_auteur_voyage\"><span>ZE MAAKTE DE REIS EN SCHREEF HET ARTIKEL \n <\/span><span class=\"titre_box_manuscrit\">Claire<\/span><\/h5>\n<\/div><\/div><\/div>\n","protected":false},"excerpt":{"rendered":"<p>Al onze tips voor een bezoek aan de Miradouro do Cabouco op Madeira: toegang, parkeren, uitzicht, praktische informatie. Is een stop bij de Miradouro de Cabouco de moeite waard? Een prachtig uitkijkpunt rond een haarspeldbocht met de groene vallei van Faial en de bergtoppen van het midden van het eiland. Het is een van de [&hellip;]<\/p>\n","protected":false},"author":2,"featured_media":1297,"comment_status":"closed","ping_status":"closed","sticky":false,"template":"","format":"standard","meta":{"_genesis_hide_title":false,"_genesis_hide_breadcrumbs":false,"_genesis_hide_singular_image":false,"_genesis_hide_footer_widgets":false,"_genesis_custom_body_class":"","_genesis_custom_post_class":"","_genesis_layout":"","footnotes":""},"categories":[129],"tags":[],"class_list":["post-6211","post","type-post","status-publish","format-standard","has-post-thumbnail","category-noordkust","entry"],"yoast_head":"<!-- This site is optimized with the Yoast SEO plugin v28.3 - https:\/\/yoast.com\/product\/yoast-seo-wordpress\/ -->\n<title>Miradouro do Cabouco (Madeira): toegang + foto&#039;s<\/title>\n<meta name=\"description\" content=\"Advies en tips voor het bewonderen van het uitzicht bij Miradouro do Cabouco (Madeira): toegang, parkeren, panoramisch uitzicht, bezienswaardigheden in de buurt\" \/>\n<meta name=\"robots\" content=\"index, follow, max-snippet:-1, max-image-preview:large, max-video-preview:-1\" \/>\n<link rel=\"canonical\" href=\"https:\/\/madeiralovers.com\/nl\/miradouro-do-cabouco-madeira\/\" \/>\n<meta property=\"og:locale\" content=\"nl_NL\" \/>\n<meta property=\"og:type\" content=\"article\" \/>\n<meta property=\"og:title\" content=\"Miradouro do Cabouco (Madeira): toegang + foto&#039;s\" \/>\n<meta property=\"og:description\" content=\"Advies en tips voor het bewonderen van het uitzicht bij Miradouro do Cabouco (Madeira): toegang, parkeren, panoramisch uitzicht, bezienswaardigheden in de buurt\" \/>\n<meta property=\"og:url\" content=\"https:\/\/madeiralovers.com\/nl\/miradouro-do-cabouco-madeira\/\" \/>\n<meta property=\"og:site_name\" content=\"Madeira Lovers\" \/>\n<meta property=\"article:published_time\" content=\"2025-12-23T20:50:53+00:00\" \/>\n<meta property=\"article:modified_time\" content=\"2026-02-12T11:38:24+00:00\" \/>\n<meta property=\"og:image\" content=\"https:\/\/madeiralovers.com\/wp-content\/uploads\/2024\/04\/Miradouro-do-Cabouco-Madeira.jpeg\" \/>\n\t<meta property=\"og:image:width\" content=\"800\" \/>\n\t<meta property=\"og:image:height\" content=\"600\" \/>\n\t<meta property=\"og:image:type\" content=\"image\/jpeg\" \/>\n<meta name=\"author\" content=\"Claire ROBINSON\" \/>\n<meta name=\"twitter:card\" content=\"summary_large_image\" \/>\n<meta name=\"twitter:label1\" content=\"Geschreven door\" \/>\n\t<meta name=\"twitter:data1\" content=\"Claire ROBINSON\" \/>\n\t<meta name=\"twitter:label2\" content=\"Geschatte leestijd\" \/>\n\t<meta name=\"twitter:data2\" content=\"2 minuten\" \/>\n<script type=\"application\/ld+json\" class=\"yoast-schema-graph\">{\"@context\":\"https:\\\/\\\/schema.org\",\"@graph\":[{\"@type\":\"Article\",\"@id\":\"https:\\\/\\\/madeiralovers.com\\\/nl\\\/miradouro-do-cabouco-madeira\\\/#article\",\"isPartOf\":{\"@id\":\"https:\\\/\\\/madeiralovers.com\\\/nl\\\/miradouro-do-cabouco-madeira\\\/\"},\"author\":{\"name\":\"Claire ROBINSON\",\"@id\":\"https:\\\/\\\/madeiralovers.com\\\/nl\\\/#\\\/schema\\\/person\\\/714bf48f891f34f544b1808122c3dd35\"},\"headline\":\"Miradouro do Cabouco (Madeira): toegang + foto&#8217;s\",\"datePublished\":\"2025-12-23T20:50:53+00:00\",\"dateModified\":\"2026-02-12T11:38:24+00:00\",\"mainEntityOfPage\":{\"@id\":\"https:\\\/\\\/madeiralovers.com\\\/nl\\\/miradouro-do-cabouco-madeira\\\/\"},\"wordCount\":473,\"publisher\":{\"@id\":\"https:\\\/\\\/madeiralovers.com\\\/nl\\\/#organization\"},\"image\":{\"@id\":\"https:\\\/\\\/madeiralovers.com\\\/nl\\\/miradouro-do-cabouco-madeira\\\/#primaryimage\"},\"thumbnailUrl\":\"https:\\\/\\\/madeiralovers.com\\\/wp-content\\\/uploads\\\/2024\\\/04\\\/Miradouro-do-Cabouco-Madeira.jpeg\",\"articleSection\":[\"Noordkust\"],\"inLanguage\":\"nl-NL\"},{\"@type\":\"WebPage\",\"@id\":\"https:\\\/\\\/madeiralovers.com\\\/nl\\\/miradouro-do-cabouco-madeira\\\/\",\"url\":\"https:\\\/\\\/madeiralovers.com\\\/nl\\\/miradouro-do-cabouco-madeira\\\/\",\"name\":\"Miradouro do Cabouco (Madeira): toegang + foto's\",\"isPartOf\":{\"@id\":\"https:\\\/\\\/madeiralovers.com\\\/nl\\\/#website\"},\"primaryImageOfPage\":{\"@id\":\"https:\\\/\\\/madeiralovers.com\\\/nl\\\/miradouro-do-cabouco-madeira\\\/#primaryimage\"},\"image\":{\"@id\":\"https:\\\/\\\/madeiralovers.com\\\/nl\\\/miradouro-do-cabouco-madeira\\\/#primaryimage\"},\"thumbnailUrl\":\"https:\\\/\\\/madeiralovers.com\\\/wp-content\\\/uploads\\\/2024\\\/04\\\/Miradouro-do-Cabouco-Madeira.jpeg\",\"datePublished\":\"2025-12-23T20:50:53+00:00\",\"dateModified\":\"2026-02-12T11:38:24+00:00\",\"description\":\"Advies en tips voor het bewonderen van het uitzicht bij Miradouro do Cabouco (Madeira): toegang, parkeren, panoramisch uitzicht, bezienswaardigheden in de buurt\",\"breadcrumb\":{\"@id\":\"https:\\\/\\\/madeiralovers.com\\\/nl\\\/miradouro-do-cabouco-madeira\\\/#breadcrumb\"},\"inLanguage\":\"nl-NL\",\"potentialAction\":[{\"@type\":\"ReadAction\",\"target\":[\"https:\\\/\\\/madeiralovers.com\\\/nl\\\/miradouro-do-cabouco-madeira\\\/\"]}]},{\"@type\":\"ImageObject\",\"inLanguage\":\"nl-NL\",\"@id\":\"https:\\\/\\\/madeiralovers.com\\\/nl\\\/miradouro-do-cabouco-madeira\\\/#primaryimage\",\"url\":\"https:\\\/\\\/madeiralovers.com\\\/wp-content\\\/uploads\\\/2024\\\/04\\\/Miradouro-do-Cabouco-Madeira.jpeg\",\"contentUrl\":\"https:\\\/\\\/madeiralovers.com\\\/wp-content\\\/uploads\\\/2024\\\/04\\\/Miradouro-do-Cabouco-Madeira.jpeg\",\"width\":800,\"height\":600,\"caption\":\"Miradouro do Cabouco Madeira\"},{\"@type\":\"BreadcrumbList\",\"@id\":\"https:\\\/\\\/madeiralovers.com\\\/nl\\\/miradouro-do-cabouco-madeira\\\/#breadcrumb\",\"itemListElement\":[{\"@type\":\"ListItem\",\"position\":1,\"name\":\"Home\",\"item\":\"https:\\\/\\\/madeiralovers.com\\\/nl\\\/\"},{\"@type\":\"ListItem\",\"position\":2,\"name\":\"Noordkust\",\"item\":\"https:\\\/\\\/madeiralovers.com\\\/nl\\\/noordkust\\\/\"},{\"@type\":\"ListItem\",\"position\":3,\"name\":\"Miradouro do Cabouco (Madeira): toegang + foto&rsquo;s\"}]},{\"@type\":\"WebSite\",\"@id\":\"https:\\\/\\\/madeiralovers.com\\\/nl\\\/#website\",\"url\":\"https:\\\/\\\/madeiralovers.com\\\/nl\\\/\",\"name\":\"Madeira Lovers\",\"description\":\"Pour r\u00e9veiller vos sens \u00e0 Mad\u00e8re\",\"publisher\":{\"@id\":\"https:\\\/\\\/madeiralovers.com\\\/nl\\\/#organization\"},\"potentialAction\":[{\"@type\":\"SearchAction\",\"target\":{\"@type\":\"EntryPoint\",\"urlTemplate\":\"https:\\\/\\\/madeiralovers.com\\\/nl\\\/?s={search_term_string}\"},\"query-input\":{\"@type\":\"PropertyValueSpecification\",\"valueRequired\":true,\"valueName\":\"search_term_string\"}}],\"inLanguage\":\"nl-NL\"},{\"@type\":\"Organization\",\"@id\":\"https:\\\/\\\/madeiralovers.com\\\/nl\\\/#organization\",\"name\":\"Madeira Lovers\",\"url\":\"https:\\\/\\\/madeiralovers.com\\\/nl\\\/\",\"logo\":{\"@type\":\"ImageObject\",\"inLanguage\":\"nl-NL\",\"@id\":\"https:\\\/\\\/madeiralovers.com\\\/nl\\\/#\\\/schema\\\/logo\\\/image\\\/\",\"url\":\"https:\\\/\\\/madeiralovers.com\\\/wp-content\\\/uploads\\\/2024\\\/05\\\/cropped-Madeira-Lovers-Logos.png\",\"contentUrl\":\"https:\\\/\\\/madeiralovers.com\\\/wp-content\\\/uploads\\\/2024\\\/05\\\/cropped-Madeira-Lovers-Logos.png\",\"width\":2500,\"height\":554,\"caption\":\"Madeira Lovers\"},\"image\":{\"@id\":\"https:\\\/\\\/madeiralovers.com\\\/nl\\\/#\\\/schema\\\/logo\\\/image\\\/\"}},{\"@type\":\"Person\",\"@id\":\"https:\\\/\\\/madeiralovers.com\\\/nl\\\/#\\\/schema\\\/person\\\/714bf48f891f34f544b1808122c3dd35\",\"name\":\"Claire ROBINSON\",\"image\":{\"@type\":\"ImageObject\",\"inLanguage\":\"nl-NL\",\"@id\":\"https:\\\/\\\/secure.gravatar.com\\\/avatar\\\/e3566233826c32de8d7c9ef726a1087654b12cadb092acc17ee1d357687192ff?s=96&d=mm&r=g\",\"url\":\"https:\\\/\\\/secure.gravatar.com\\\/avatar\\\/e3566233826c32de8d7c9ef726a1087654b12cadb092acc17ee1d357687192ff?s=96&d=mm&r=g\",\"contentUrl\":\"https:\\\/\\\/secure.gravatar.com\\\/avatar\\\/e3566233826c32de8d7c9ef726a1087654b12cadb092acc17ee1d357687192ff?s=96&d=mm&r=g\",\"caption\":\"Claire ROBINSON\"},\"sameAs\":[\"https:\\\/\\\/madeiralovers.com\\\/claire-robinson\\\/\"],\"url\":\"https:\\\/\\\/madeiralovers.com\\\/nl\\\/author\\\/claire-robinson\\\/\"}]}<\/script>\n<!-- \/ Yoast SEO plugin. -->","yoast_head_json":{"title":"Miradouro do Cabouco (Madeira): toegang + foto's","description":"Advies en tips voor het bewonderen van het uitzicht bij Miradouro do Cabouco (Madeira): toegang, parkeren, panoramisch uitzicht, bezienswaardigheden in de buurt","robots":{"index":"index","follow":"follow","max-snippet":"max-snippet:-1","max-image-preview":"max-image-preview:large","max-video-preview":"max-video-preview:-1"},"canonical":"https:\/\/madeiralovers.com\/nl\/miradouro-do-cabouco-madeira\/","og_locale":"nl_NL","og_type":"article","og_title":"Miradouro do Cabouco (Madeira): toegang + foto's","og_description":"Advies en tips voor het bewonderen van het uitzicht bij Miradouro do Cabouco (Madeira): toegang, parkeren, panoramisch uitzicht, bezienswaardigheden in de buurt","og_url":"https:\/\/madeiralovers.com\/nl\/miradouro-do-cabouco-madeira\/","og_site_name":"Madeira Lovers","article_published_time":"2025-12-23T20:50:53+00:00","article_modified_time":"2026-02-12T11:38:24+00:00","og_image":[{"width":800,"height":600,"url":"https:\/\/madeiralovers.com\/wp-content\/uploads\/2024\/04\/Miradouro-do-Cabouco-Madeira.jpeg","type":"image\/jpeg"}],"author":"Claire ROBINSON","twitter_card":"summary_large_image","twitter_misc":{"Geschreven door":"Claire ROBINSON","Geschatte leestijd":"2 minuten"},"schema":{"@context":"https:\/\/schema.org","@graph":[{"@type":"Article","@id":"https:\/\/madeiralovers.com\/nl\/miradouro-do-cabouco-madeira\/#article","isPartOf":{"@id":"https:\/\/madeiralovers.com\/nl\/miradouro-do-cabouco-madeira\/"},"author":{"name":"Claire ROBINSON","@id":"https:\/\/madeiralovers.com\/nl\/#\/schema\/person\/714bf48f891f34f544b1808122c3dd35"},"headline":"Miradouro do Cabouco (Madeira): toegang + foto&#8217;s","datePublished":"2025-12-23T20:50:53+00:00","dateModified":"2026-02-12T11:38:24+00:00","mainEntityOfPage":{"@id":"https:\/\/madeiralovers.com\/nl\/miradouro-do-cabouco-madeira\/"},"wordCount":473,"publisher":{"@id":"https:\/\/madeiralovers.com\/nl\/#organization"},"image":{"@id":"https:\/\/madeiralovers.com\/nl\/miradouro-do-cabouco-madeira\/#primaryimage"},"thumbnailUrl":"https:\/\/madeiralovers.com\/wp-content\/uploads\/2024\/04\/Miradouro-do-Cabouco-Madeira.jpeg","articleSection":["Noordkust"],"inLanguage":"nl-NL"},{"@type":"WebPage","@id":"https:\/\/madeiralovers.com\/nl\/miradouro-do-cabouco-madeira\/","url":"https:\/\/madeiralovers.com\/nl\/miradouro-do-cabouco-madeira\/","name":"Miradouro do Cabouco (Madeira): toegang + foto's","isPartOf":{"@id":"https:\/\/madeiralovers.com\/nl\/#website"},"primaryImageOfPage":{"@id":"https:\/\/madeiralovers.com\/nl\/miradouro-do-cabouco-madeira\/#primaryimage"},"image":{"@id":"https:\/\/madeiralovers.com\/nl\/miradouro-do-cabouco-madeira\/#primaryimage"},"thumbnailUrl":"https:\/\/madeiralovers.com\/wp-content\/uploads\/2024\/04\/Miradouro-do-Cabouco-Madeira.jpeg","datePublished":"2025-12-23T20:50:53+00:00","dateModified":"2026-02-12T11:38:24+00:00","description":"Advies en tips voor het bewonderen van het uitzicht bij Miradouro do Cabouco (Madeira): toegang, parkeren, panoramisch uitzicht, bezienswaardigheden in de buurt","breadcrumb":{"@id":"https:\/\/madeiralovers.com\/nl\/miradouro-do-cabouco-madeira\/#breadcrumb"},"inLanguage":"nl-NL","potentialAction":[{"@type":"ReadAction","target":["https:\/\/madeiralovers.com\/nl\/miradouro-do-cabouco-madeira\/"]}]},{"@type":"ImageObject","inLanguage":"nl-NL","@id":"https:\/\/madeiralovers.com\/nl\/miradouro-do-cabouco-madeira\/#primaryimage","url":"https:\/\/madeiralovers.com\/wp-content\/uploads\/2024\/04\/Miradouro-do-Cabouco-Madeira.jpeg","contentUrl":"https:\/\/madeiralovers.com\/wp-content\/uploads\/2024\/04\/Miradouro-do-Cabouco-Madeira.jpeg","width":800,"height":600,"caption":"Miradouro do Cabouco Madeira"},{"@type":"BreadcrumbList","@id":"https:\/\/madeiralovers.com\/nl\/miradouro-do-cabouco-madeira\/#breadcrumb","itemListElement":[{"@type":"ListItem","position":1,"name":"Home","item":"https:\/\/madeiralovers.com\/nl\/"},{"@type":"ListItem","position":2,"name":"Noordkust","item":"https:\/\/madeiralovers.com\/nl\/noordkust\/"},{"@type":"ListItem","position":3,"name":"Miradouro do Cabouco (Madeira): toegang + foto&rsquo;s"}]},{"@type":"WebSite","@id":"https:\/\/madeiralovers.com\/nl\/#website","url":"https:\/\/madeiralovers.com\/nl\/","name":"Madeira Lovers","description":"Pour r\u00e9veiller vos sens \u00e0 Mad\u00e8re","publisher":{"@id":"https:\/\/madeiralovers.com\/nl\/#organization"},"potentialAction":[{"@type":"SearchAction","target":{"@type":"EntryPoint","urlTemplate":"https:\/\/madeiralovers.com\/nl\/?s={search_term_string}"},"query-input":{"@type":"PropertyValueSpecification","valueRequired":true,"valueName":"search_term_string"}}],"inLanguage":"nl-NL"},{"@type":"Organization","@id":"https:\/\/madeiralovers.com\/nl\/#organization","name":"Madeira Lovers","url":"https:\/\/madeiralovers.com\/nl\/","logo":{"@type":"ImageObject","inLanguage":"nl-NL","@id":"https:\/\/madeiralovers.com\/nl\/#\/schema\/logo\/image\/","url":"https:\/\/madeiralovers.com\/wp-content\/uploads\/2024\/05\/cropped-Madeira-Lovers-Logos.png","contentUrl":"https:\/\/madeiralovers.com\/wp-content\/uploads\/2024\/05\/cropped-Madeira-Lovers-Logos.png","width":2500,"height":554,"caption":"Madeira Lovers"},"image":{"@id":"https:\/\/madeiralovers.com\/nl\/#\/schema\/logo\/image\/"}},{"@type":"Person","@id":"https:\/\/madeiralovers.com\/nl\/#\/schema\/person\/714bf48f891f34f544b1808122c3dd35","name":"Claire ROBINSON","image":{"@type":"ImageObject","inLanguage":"nl-NL","@id":"https:\/\/secure.gravatar.com\/avatar\/e3566233826c32de8d7c9ef726a1087654b12cadb092acc17ee1d357687192ff?s=96&d=mm&r=g","url":"https:\/\/secure.gravatar.com\/avatar\/e3566233826c32de8d7c9ef726a1087654b12cadb092acc17ee1d357687192ff?s=96&d=mm&r=g","contentUrl":"https:\/\/secure.gravatar.com\/avatar\/e3566233826c32de8d7c9ef726a1087654b12cadb092acc17ee1d357687192ff?s=96&d=mm&r=g","caption":"Claire ROBINSON"},"sameAs":["https:\/\/madeiralovers.com\/claire-robinson\/"],"url":"https:\/\/madeiralovers.com\/nl\/author\/claire-robinson\/"}]}},"featured_image_src":"https:\/\/madeiralovers.com\/wp-content\/uploads\/2024\/04\/Miradouro-do-Cabouco-Madeira-600x400.jpeg","featured_image_src_square":"https:\/\/madeiralovers.com\/wp-content\/uploads\/2024\/04\/Miradouro-do-Cabouco-Madeira-600x600.jpeg","author_info":{"display_name":"Claire ROBINSON","author_link":"https:\/\/madeiralovers.com\/nl\/author\/claire-robinson\/"},"_links":{"self":[{"href":"https:\/\/madeiralovers.com\/nl\/wp-json\/wp\/v2\/posts\/6211","targetHints":{"allow":["GET"]}}],"collection":[{"href":"https:\/\/madeiralovers.com\/nl\/wp-json\/wp\/v2\/posts"}],"about":[{"href":"https:\/\/madeiralovers.com\/nl\/wp-json\/wp\/v2\/types\/post"}],"author":[{"embeddable":true,"href":"https:\/\/madeiralovers.com\/nl\/wp-json\/wp\/v2\/users\/2"}],"replies":[{"embeddable":true,"href":"https:\/\/madeiralovers.com\/nl\/wp-json\/wp\/v2\/comments?post=6211"}],"version-history":[{"count":0,"href":"https:\/\/madeiralovers.com\/nl\/wp-json\/wp\/v2\/posts\/6211\/revisions"}],"wp:featuredmedia":[{"embeddable":true,"href":"https:\/\/madeiralovers.com\/nl\/wp-json\/wp\/v2\/media\/1297"}],"wp:attachment":[{"href":"https:\/\/madeiralovers.com\/nl\/wp-json\/wp\/v2\/media?parent=6211"}],"wp:term":[{"taxonomy":"category","embeddable":true,"href":"https:\/\/madeiralovers.com\/nl\/wp-json\/wp\/v2\/categories?post=6211"},{"taxonomy":"post_tag","embeddable":true,"href":"https:\/\/madeiralovers.com\/nl\/wp-json\/wp\/v2\/tags?post=6211"}],"curies":[{"name":"wp","href":"https:\/\/api.w.org\/{rel}","templated":true}]}}