{"id":3104,"date":"2024-06-25T10:56:53","date_gmt":"2024-06-25T09:56:53","guid":{"rendered":"https:\/\/madeiralovers.com\/bezoek-museum-henrique-francisco-franco-funchal\/"},"modified":"2024-06-26T07:23:36","modified_gmt":"2024-06-26T06:23:36","slug":"bezoeken-museum-henrique-francisco-franco-funchal","status":"publish","type":"post","link":"https:\/\/madeiralovers.com\/nl\/bezoeken-museum-henrique-francisco-franco-funchal\/","title":{"rendered":"Museum Henrique en Francisco Franco (Funchal): bezoek + foto&#8217;s"},"content":{"rendered":"\n<p>Wij raden u aan om <strong>het Henrique en Francisco Franco Museum te bezoeken<\/strong> tijdens uw verblijf in <strong>Funchal<\/strong>, de hoofdstad van Madeira. Het is gevestigd in een traditioneel gebouw en huisvest een collectie die is opgedragen aan 2 lokale kunstenaarsbroers. Dit bezoek dompelde ons onder in de <strong>Portugese modernistische beweging<\/strong>.<\/p>\n\n<p>Vind al onze <strong>nuttige tips en foto&#8217;s<\/strong> om u te helpen een geweldige tijd te hebben.<\/p>\n\n<figure class=\"wp-block-image size-full\"><img decoding=\"async\" src=\"https:\/\/madeiralovers.com\/wp-content\/uploads\/2024\/06\/bezoeken-museum-henrique-francisco-franco-funchal-nl.jpg\" alt=\"bezoek het henrique francisco franco funchal museum\" class=\"wp-image-3073\"\/><\/figure>\n\n<p>Dit is een volledig <strong>onafhankelijke<\/strong> mening op basis van onze ervaringen. We maakten onze eigen keuzes, bezochten de regio anoniem en betaalden onze rekeningen volledig.<\/p>\n\n<h2 class=\"wp-block-heading\">Is een bezoek aan het Henrique en Francisco Franco Museum de moeite waard?<\/h2>\n\n<p>Absoluut! Het komt voor in <a href=\"https:\/\/madeiralovers.com\/nl\/beste-musea-funchal\/\" target=\"_blank\" rel=\"noreferrer noopener\">onze selectie van de beste musea van de stad<\/a> en in <a href=\"https:\/\/madeiralovers.com\/nl\/bezienswaardigheden-funchal-bezoeken\/\" target=\"_blank\" rel=\"noreferrer noopener\">ons artikel over activiteiten die u zeker moet doen in Funchal<\/a>. Het werd in 1987 geopend en stelt het werk van de broers en kunstenaars Henrique en Francisco Franco tentoon. Pioniers van het Portugese modernisme, ze zijn allebei inboorlingen van het eiland. We dompelden ons onder in hun creatieve wereld en werden ons bewust van hun belangrijke bijdrage aan de 20e-eeuwse kunst in Portugal. Terwijl we door de collectie dwaalden, ontdekten we schilderijen, beeldhouwwerken en gravures, allemaal verfraaid door de kleurrijke muren.<\/p>\n\n<figure class=\"wp-block-image size-large\"><img decoding=\"async\" src=\"https:\/\/photos.smugmug.com\/Madeira-Lovers\/Funchal\/Museums\/Mus&#xE9;e-Henrique-et-Francisco-Franco\/i-X3QDHRN\/0\/FgMrGBfDBC8Bd5ZMk8cbRwFfBPr24FWDGNtvH8Hz7\/L\/exposition%20museum%20henrique%20francisco%20franco%20funchal-L.jpg\" alt=\"showroom\"\/><\/figure>\n\n<h2 class=\"wp-block-heading\">Wat u kunt zien<\/h2>\n\n<h3 class=\"wp-block-heading\">Het museummodel<\/h3>\n\n<figure class=\"wp-block-image size-large\"><img decoding=\"async\" src=\"https:\/\/photos.smugmug.com\/Madeira-Lovers\/Funchal\/Museums\/Mus&#xE9;e-Henrique-et-Francisco-Franco\/i-LjZN6S2\/0\/66LhqxGXJxx27SGnVRvLsSXZ23qShFqGwtPjCZFK\/L\/scale%20model%20museum%20henrique%20francisco%20franco%20funchal-L.jpg\" alt=\"model van het museum\"\/><\/figure>\n\n<p>Toen we het museum binnengingen, ontdekten we een verkleinde maquette van het gebouw. Dit gebouw, met zijn traditionele architectuur, huisvestte vroeger de gezondheidszorg voor moeder en kind. Sinds 2021 maakt het museum deel uit van een programma om de toegankelijkheid van toerisme en cultuur te bevorderen.<\/p>\n\n<h3 class=\"wp-block-heading\">Modernistische portretten door Henrique Franco<\/h3>\n\n<figure class=\"wp-block-image\"><img decoding=\"async\" src=\"https:\/\/photos.smugmug.com\/Madeira-Lovers\/Funchal\/Museums\/Mus%C3%A9e-Henrique-et-Francisco-Franco\/i-cQgQh26\/0\/FKznJPR7LmL2HsJFKbxxQmj2WVrX6h5j2GcvNbzXZ\/L\/paintings%20henrique%20francisco%20franco%20museum-L.jpg\" alt=\"Modernistische portretten door Henrique Franco\"\/><\/figure>\n\n<p>De eerste tentoonstellingszaal van het museum barst van de kleur! De muren zijn rood en groen geverfd. Onze aandacht werd getrokken door de portretten van Henrique Franco, die heel netjes ten opzichte van elkaar waren gerangschikt. De lichteffecten benadrukten deze modernistische werken. Kunt u de 2 zelfportretten van de kunstenaar in deze veelzijdige compositie herkennen?<\/p>\n\n<h3 class=\"wp-block-heading\">Het werk van Francisco Franco, van tekening tot beeldhouwwerk<\/h3>\n\n<figure class=\"wp-block-image size-large\"><img decoding=\"async\" src=\"https:\/\/photos.smugmug.com\/Madeira-Lovers\/Funchal\/Museums\/Mus&#xE9;e-Henrique-et-Francisco-Franco\/i-G9MNkzS\/0\/Cqmv9KvjFJnmVzsFwDQK4tWhZ8QrsjZ2jHmn8RMBJ\/L\/museum%20henrique%20francisco%20franco%20funchal-L.jpg\" alt=\"Tekeningen en standbeeld\"\/><\/figure>\n\n<p>Tijdens ons bezoek aan het museum vonden we het vooral leuk om het evoluerende werk van Francisco Franco te ontdekken. Hij begon vaak met een serie tekeningen die dan tot een beeldhouwwerk zouden uitgroeien. We konden de creatieve reis van de kunstenaar volgen vanaf de eerste schets tot het uiteindelijke werk. Terwijl zijn schetsen aan de muren hingen, nam het uiteindelijke werk, het standbeeld, een prominente plaats in het midden van de kamer in.<\/p>\n\n<div style=\"margin-top:8%;margin-bottom:8%\" class=\"wp-block-genesis-blocks-gb-container box gb-block-container\"><div class=\"gb-container-inside\"><div class=\"gb-container-content\">\n<div class=\"wp-block-columns inverse box_planif is-layout-flex wp-container-core-columns-is-layout-9d6595d7 wp-block-columns-is-layout-flex\">\n<div class=\"wp-block-column texte_planif is-layout-flow wp-block-column-is-layout-flow\" style=\"flex-basis:58%\">\n<h5 class=\"titre_box\">ONZE TIPS VOOR HET HUREN VAN EEN AUTO OP <span class=\"titre_box_manuscrit\">\nMadeira<\/span><\/h5>\n\n\n\n<ul style=\"font-size:14px\" class=\"liste_voiture wp-block-list\">\n<li>Vergelijk prijzen op ons favoriete platform: <a href=\"https:\/\/www.discovercars.com\/nl\/portugal\/madeira?a_aid=zigzag&amp;chan=madeira\" target=\"_blank\" rel=\"noreferrer noopener sponsored nofollow\">DiscoverCars<\/a> &#8211; een van de best beoordeelde sites.<\/li>\n\n\n\n<li>Neem een auto met een goede motor voor hellende wegen, maar niet te groot om te manoeuvreren.<\/li>\n\n\n\n<li>Er is veel vraag en weinig auto&#8217;s, dus <strong>reserveer vroeg<\/strong>.<\/li>\n<\/ul>\n<\/div>\n\n\n\n<div class=\"wp-block-column planif-radius-3 is-layout-flow wp-block-column-is-layout-flow\" style=\"flex-basis:42%\">\n<figure class=\"wp-block-image size-large is-resized\"><img decoding=\"async\" src=\"https:\/\/photos.smugmug.com\/Travel\/Madeira\/2i-Miadouro\/i-j86nfB5\/2\/DRCCwrZmGLt2TxcQqRkkLrm3JR55K3NLchGxDNsx6\/S\/driving_Madeira-7130748-S.jpg\" alt=\"Autohuur in Madeira\" title=\"\"\/><\/figure>\n<\/div>\n<\/div>\n\n\n\n<div class=\"wp-block-columns planif_bouton is-layout-flex wp-container-core-columns-is-layout-9d6595d7 wp-block-columns-is-layout-flex\">\n<div class=\"wp-block-column is-layout-flow wp-block-column-is-layout-flow\" style=\"flex-basis:50%\">\n<div class=\"wp-block-buttons is-content-justification-center is-layout-flex wp-container-core-buttons-is-layout-16018d1d wp-block-buttons-is-layout-flex\">\n<div class=\"wp-block-button has-custom-font-size\" style=\"font-size:14px\"><a class=\"wp-block-button__link has-white-color has-text-color wp-element-button\" href=\"https:\/\/www.discovercars.com\/nl\/portugal\/madeira?a_aid=zigzag&amp;amp;chan=madeira\" style=\"border-radius:4px\" target=\"_blank\" rel=\"noreferrer noopener\">Bekijk de auto&#8217;s &gt;&gt;<\/a><\/div>\n<\/div>\n<\/div>\n\n\n\n<div class=\"wp-block-column is-vertically-aligned-center is-layout-flow wp-block-column-is-layout-flow\" style=\"flex-basis:50%\">\n<p class=\"has-text-align-center\" style=\"font-size:14px\"><strong><a href=\"https:\/\/madeiralovers.com\/nl\/hoe-een-auto-huren-madeira-tips-ervaringen\/\" target=\"_blank\" rel=\"noreferrer noopener\">Bekijk onze tips<\/a><\/strong><\/p>\n<\/div>\n<\/div>\n<\/div><\/div><\/div>\n\n<h3 class=\"wp-block-heading\">Het schilderij <em>De zwarte kip<\/em> van Henrique Franco<\/h3>\n\n<figure class=\"wp-block-image size-large\"><img decoding=\"async\" src=\"https:\/\/photos.smugmug.com\/Madeira-Lovers\/Funchal\/Museums\/Mus&#xE9;e-Henrique-et-Francisco-Franco\/i-3qB2c2P\/0\/CGWw2jtJQSrNBBmsBhsQc2csZczLppmw3sJBPpGjf\/L\/painting%20poule%20noire%20museum%20henrique%20francisco%20franco%20funchal-L.jpg\" alt=\"Schilderij getiteld De zwarte kip door Henrique Franco\"\/><\/figure>\n\n<p>We werden getroffen door een olieverf op doek getiteld <em>La Poule Noire (De Zwarte Kip<\/em>). Het werd in 1922 gebouwd door Henrique Franco en draagt een Franse naam. Deze bijzonderheid deed ons afvragen wat de invloeden van de kunstenaar waren. Er staat een jongetje op afgebeeld met een roze gezicht en een muts op. Hij is gekleed in traditionele klederdracht en draagt een zwarte kip onder zijn arm.<\/p>\n\n<h3 class=\"wp-block-heading\"><em>Adam en Eva<\/em> gravure en beeldhouwwerk<\/h3>\n\n<figure class=\"wp-block-image size-large\"><img decoding=\"async\" src=\"https:\/\/photos.smugmug.com\/Madeira-Lovers\/Funchal\/Museums\/Mus&#xE9;e-Henrique-et-Francisco-Franco\/i-nbBnx6k\/0\/ChsGVrDW7RDswZhCV7NHNpxvT5F64vdKKg52z9R7G\/L\/engraving%20adam%20eve%20poule%20noire%20museum%20henrique%20francisco%20franco%20funchal-L.jpg\" alt=\"Adam en Eva gravure\"\/><\/figure>\n\n<p>Om een beter idee te krijgen van het creatieve proces van Francisco Franco, kunt u een ander voorbeeld van onderling verbonden werken bekijken. De gravure en het gebakken kleisculptuur op onze foto&#8217;s heten allebei <em>Adam en<\/em> Eva en werden in 1923 in Parijs gemaakt. We waardeerden het werk van de kunstenares als beeldend kunstenaar, die haar veelzijdige talenten liet zien.<\/p>\n\n<figure class=\"wp-block-image size-large\"><img decoding=\"async\" src=\"https:\/\/photos.smugmug.com\/Madeira-Lovers\/Funchal\/Museums\/Mus&#xE9;e-Henrique-et-Francisco-Franco\/i-CC9MjPK\/0\/qzvfrqCPpdSPsD3kggHPh5TbRw9CTwMpN9zdq9pM\/L\/sculpture%20adam%20eve%20poule%20noire%20museum%20henrique%20francisco%20franco%20funchal-L.jpg\" alt=\"beeld Adam en Eva\"\/><\/figure>\n\n<h3 class=\"wp-block-heading\">De fries van het apostolaat<\/h3>\n\n<figure class=\"wp-block-image size-large\"><img decoding=\"async\" src=\"https:\/\/photos.smugmug.com\/Madeira-Lovers\/Funchal\/Museums\/Mus&#xE9;e-Henrique-et-Francisco-Franco\/i-rt7rxzN\/0\/CsMWhdTVQP9xLPQmWhsv6Vwm7dk5mJGqTvnp2hvb\/L\/art%20museum%20henrique%20francisco%20franco%20funchal-L.jpg\" alt=\"Studie voor de fries van het apostolaat\"\/><figcaption class=\"wp-element-caption\">Studie voor de fries van het apostolaat<\/figcaption><\/figure>\n\n<p>Francisco Franco wordt erkend als een van de belangrijkste Portugese beeldhouwers van de jaren 1920. In dit museum ontdekt u een overzicht van zijn vaardigheden als kunstenaar. Op onze foto ziet u een fries waarop de apostelen staan afgebeeld. Dit werk, dat hij maakte om de gevel van de Basiliek van Onze-Lieve-Vrouw van de Rozenkrans in Fatima, Lissabon, te versieren, getuigt van zijn nationale bekendheid.<\/p>\n\n<h3 class=\"wp-block-heading\">De mysterieuze tekening <em>Lezen<\/em><\/h3>\n\n<figure class=\"wp-block-image size-large\"><img decoding=\"async\" src=\"https:\/\/photos.smugmug.com\/Madeira-Lovers\/Funchal\/Museums\/Mus&#xE9;e-Henrique-et-Francisco-Franco\/i-SWXmgkV\/0\/Ck2H9KdQQLMw6KbPgWfmzvQbXJqPnK9pLnpxNnQZZ\/L\/drawing%20museum%20henrique%20francisco%20franco%20funchal-L.jpg\" alt=\"tekenen\/lezen\"\/><\/figure>\n\n<p>Getekend Francisco Franco, wij vonden deze houtskooltekening op papier erg mooi. Het toont een jonge vrouw wiens gezicht gedeeltelijk verborgen wordt door een boek. Ze lijkt helemaal op te gaan in haar lezen. Haar halfgesloten oogleden suggereren dat ze de laatste paar regels onderaan de pagina leest. De kunstenaar is erin geslaagd om een moment van intimiteit en reflectie vast te leggen.<\/p>\n\n<div style=\"margin-top:8%;margin-bottom:8%\" class=\"wp-block-genesis-blocks-gb-container box gb-block-container\"><div class=\"gb-container-inside\"><div class=\"gb-container-content\" style=\"max-width:700px\">\n<div class=\"wp-block-genesis-blocks-gb-container box_titre gb-block-container\"><div class=\"gb-container-inside\"><div class=\"gb-container-content\">\n<h5 class=\"titre_box\" style=\"padding-top:10px; margin-bottom:0px;\"><span>BEZOEK <\/span> <span class=\"titre_box_manuscrit\">Funchal<\/span><\/h5>\n<\/div><\/div><\/div>\n\n\n\n<div class=\"wp-block-genesis-blocks-gb-container box_texte_0 gb-block-container\"><div class=\"gb-container-inside\"><div class=\"gb-container-content\">\n<div class=\"wp-block-columns Element_box is-layout-flex wp-container-core-columns-is-layout-9d6595d7 wp-block-columns-is-layout-flex\">\n<div class=\"wp-block-column texte_planif is-layout-flow wp-block-column-is-layout-flow\">\n<ul class=\"wp-block-list\">\n<li style=\"font-size:14px\"><a href=\"https:\/\/madeiralovers.com\/nl\/bezienswaardigheden-funchal-bezoeken\/\" target=\"_blank\" rel=\"noreferrer noopener\">Bezienswaardigheden in Funchal<\/a><\/li>\n\n\n\n<li style=\"font-size:14px\"><a href=\"https:\/\/madeiralovers.com\/nl\/beste-restaurant-funchal-eten-beoorderlingen\/\" target=\"_blank\" rel=\"noreferrer noopener\">Beste restaurants<\/a><\/li>\n\n\n\n<li style=\"font-size:14px\"><a href=\"https:\/\/madeiralovers.com\/nl\/beste-musea-funchal\/\" target=\"_blank\" rel=\"noreferrer noopener\">Beste musea<\/a><\/li>\n\n\n\n<li style=\"font-size:14px\"><a href=\"https:\/\/madeiralovers.com\/nl\/bezoeken-kathedraal-se-nossa-senhora-assuncao-funchal\/\">Bezoek de kathedraal<\/a><\/li>\n\n\n\n<li style=\"font-size:14px\">Excursies vanuit Funchal (binnenkort)<\/li>\n<\/ul>\n<\/div>\n<\/div>\n<\/div><\/div><\/div>\n\n\n\n<div class=\"wp-block-genesis-blocks-gb-container box-texte gb-block-container\"><div class=\"gb-container-inside\"><div class=\"gb-container-content\"><\/div><\/div><\/div>\n<\/div><\/div><\/div>\n\n<h2 class=\"wp-block-heading\">Henrique en Francisco Franco Museum in Funchal (Madeira): toegang<\/h2>\n\n<h3 class=\"wp-block-heading\">Waar is het museum?<\/h3>\n\n<ul class=\"wp-block-list\">\n<li>Op het eiland Madeira,<\/li>\n\n\n\n<li>In de hoofdstad Funchal,<\/li>\n\n\n\n<li>Ten noordoosten van het stadscentrum,<\/li>\n\n\n\n<li>Op 13 Rua S\u00e3o Jo\u00e3o de Deus.<\/li>\n<\/ul>\n\n<h3 class=\"wp-block-heading\">Toegang met de auto en parkeren<\/h3>\n\n<p>Het museum ligt slechts \u00e9\u00e9n straat van het historische centrum. We raden af om door de oude stad te rijden. De straten zijn smal en geplaveid. Sommige zijn zelfs eenrichtingsverkeer. Kies in plaats daarvan een parkeerplaats buiten Oud Funchal, zoals Parking Santa Luzia. Het is op werkdagen geopend van 6.00 tot 22.00 uur. Het museum ligt op slechts 10 minuten lopen van deze parkeerplaats.<\/p>\n\n<p>In de straat tegenover het museum vindt u een paar parkeerplaatsen op een rij, maar die zijn uitsluitend voor bewoners gereserveerd.<\/p>\n\n<figure class=\"wp-block-image size-large\"><img decoding=\"async\" src=\"https:\/\/photos.smugmug.com\/Madeira-Lovers\/Funchal\/Museums\/Mus&#xE9;e-Henrique-et-Francisco-Franco\/i-4PGfNwv\/0\/FX872TWWKhLgrsjfZH8mwCxC4tk6zVwKch3CsGmMM\/L\/street%20museum%20henrique%20francisco%20franco%20funchal-L.jpg\" alt=\"straat tegenover het museum\"\/><\/figure>\n\n<h3 class=\"wp-block-heading\">Toegang met openbaar vervoer<\/h3>\n\n<p>Er zijn verschillende bushaltes in Rua Do Visconde de Anadia dicht bij het museum, waaronder lijn 19, 22, 34, 36, 111, 112, etc. Lees <a href=\"http:\/\/www.horariosdofunchal.pt\/mobile\/?lang=en\" target=\"_blank\" rel=\"noreferrer noopener nofollow\">hier<\/a> meer.<\/p>\n\n<h3 class=\"wp-block-heading\">Bezoekmoeilijkheden<\/h3>\n\n<p>Het museum is toegankelijk voor mensen met beperkte mobiliteit, maar u moet het personeel hiervan van tevoren op de hoogte stellen, zodat zij u passende oplossingen kunnen bieden. Bel voor meer informatie naar +351 291 211 090.<\/p>\n\n<figure class=\"wp-block-image size-large\"><img decoding=\"async\" src=\"https:\/\/photos.smugmug.com\/Madeira-Lovers\/Funchal\/Museums\/Mus&#xE9;e-Henrique-et-Francisco-Franco\/i-3DGj9xD\/0\/FH9pxGbKL2rx8Pf2ZRBcQgFwgpsFR9RqbZBLxB7Z2\/L\/entrance%20museum%20henrique%20francisco%20franco%20funchal-L.jpg\" alt=\"ingang museum\"\/><\/figure>\n\n<div style=\"margin-top:8%;margin-bottom:8%\" class=\"wp-block-genesis-blocks-gb-container box gb-block-container\"><div class=\"gb-container-inside\"><div class=\"gb-container-content\">\n<div class=\"wp-block-columns inverse is-layout-flex wp-container-core-columns-is-layout-9d6595d7 wp-block-columns-is-layout-flex\">\n<div class=\"wp-block-column texte_planif is-layout-flow wp-block-column-is-layout-flow\" style=\"flex-basis:58%\">\n<h5 class=\"titre_box\">ONZE FAVORIETE ACTIVITEITEN Op <span class=\"titre_box_manuscrit\">Madeira<\/span><\/h5>\n\n\n\n<p style=\"font-size:14px\">Catamarantocht om dolfijnen en de gigantische kliffen van Madeira te zien.<\/p>\n\n\n\n<p style=\"font-size:14px\"><a href=\"https:\/\/www.getyourguide.nl\/s?q=Funchal+dauphins+catamaran&amp;searchSource=8&amp;partner_id=R3GYW4V&amp;cmp=madeira\" target=\"_blank\" rel=\"noreferrer noopener sponsored nofollow\">Bekijk het programma en de beschikbaarheid &#8211; en boek!<\/a><\/p>\n<\/div>\n\n\n\n<div class=\"wp-block-column ville-radius is-layout-flow wp-block-column-is-layout-flow\" style=\"flex-basis:42%\">\n<figure class=\"wp-block-image size-large is-resized img-portrait\"><img decoding=\"async\" src=\"https:\/\/photos.smugmug.com\/Travel\/Madeira\/9c-Dolphins\/i-whpFzdc\/1\/2fa5ccf1\/L\/dolphin_cruise_boat_Tour_Madeira-7204502-L.jpg\" alt=\"\" style=\"width:319px;height:303px\" title=\"\"\/><\/figure>\n<\/div>\n<\/div>\n<\/div><\/div><\/div>\n\n<h2 class=\"wp-block-heading\">Handige tips voor een bezoek aan het Henrique en Francisco Franco Museum<\/h2>\n\n<h3 class=\"wp-block-heading\">Dienstregeling en prijzen<\/h3>\n\n<p>Het museum is van maandag tot vrijdag geopend van 9.00 tot 17.30 uur. Het is op zaterdag en zondag gesloten.<\/p>\n\n<p>De toegang is gratis.<\/p>\n\n<ul class=\"wp-block-list\"><\/ul>\n\n<h3 class=\"wp-block-heading\">Voor hoe lang?<\/h3>\n\n<p>Trek voor een bezoek aan het museum 30 minuten tot 1 uur uit.<\/p>\n\n<h3 class=\"wp-block-heading\">Beste moment<\/h3>\n\n<p>Het Henrique en Francisco Franco Museum wordt zelden bezocht, maar het kan wel gebruikt worden voor evenementen en workshops. We moesten een paar minuten wachten tot een conferentie was afgelopen voordat we naar binnen konden.<\/p>\n\n<p>U kunt het beste een bezoek brengen zodra het &#8217;s ochtends open gaat, of aan het eind van de dag. Het museum is ook &#8217;s middags geopend. Over het algemeen kunt u het beste een bezoek brengen buiten de zomermaanden (juli en augustus) en schoolvakanties.<\/p>\n\n<figure class=\"wp-block-image size-large\"><img decoding=\"async\" src=\"https:\/\/photos.smugmug.com\/Madeira-Lovers\/Funchal\/Museums\/Mus&#xE9;e-Henrique-et-Francisco-Franco\/i-6sS7QMB\/0\/FM4fPd4QRTXzfWTsc8dSzxD7JjRzVShJkCbGNHcBx\/L\/statues%20museum%20henrique%20francisco%20franco%20funchal-L.jpg\" alt=\"museumzaal\"\/><\/figure>\n\n<h3 class=\"wp-block-heading\">Richting van het bezoek<\/h3>\n\n<p>Er is geen vaste richting voor uw bezoek, maar we raden u aan om u te laten leiden door uw verlangens. Het museum is relatief klein. Bekijk de werken die uw nieuwsgierigheid en interesse wekken!<\/p>\n\n<h3 class=\"wp-block-heading\">Bezoek met kinderen<\/h3>\n\n<p>Het museum organiseert rondleidingen en workshops voor kinderen. Lees <a href=\"https:\/\/www.facebook.com\/museuhenriquefranciscofranco\/\" target=\"_blank\" rel=\"noreferrer noopener nofollow\">hier<\/a> meer.<\/p>\n\n<h3 class=\"wp-block-heading\">Uit eten<\/h3>\n\n<p>De locatie ligt midden in het centrum, dicht bij een aantal goede restaurants. Bekijk <a href=\"https:\/\/madeiralovers.com\/nl\/beste-restaurant-funchal-eten-beoorderlingen\/\" target=\"_blank\" rel=\"noreferrer noopener\">onze selectie van de beste restaurants in Funchal<\/a> om de lokale gastronomie te ontdekken!<\/p>\n\n<figure class=\"wp-block-image\"><img decoding=\"async\" src=\"https:\/\/photos.smugmug.com\/Madeira-Lovers\/Funchal\/Restaurants\/Peixaria-no-Mercado\/i-mxK6Bvh\/0\/DCqgcTNbCWXqzC6CQJnkqRvqdjvWJ7Nsg8k7qNVdd\/L\/meal%20restaurant%20peixe%20mercado%20funchal-L.jpg\" alt=\"Restaurant Peixaria no Mercado - gerechten\"\/><figcaption class=\"wp-element-caption\">Restaurant Peixaria no Mercado<\/figcaption><\/figure>\n\n<h3 class=\"wp-block-heading\">Hotels<\/h3>\n\n<p>U bevindt zich midden in het centrum van de hoofdstad van Madeira. Ontdek onze favoriete hotels in Funchal en op het eiland:<\/p>\n\n<div style=\"background-color:#f4fae2;margin-top:8%;margin-bottom:8%\" class=\"wp-block-genesis-blocks-gb-container box gb-block-container\"><div class=\"gb-container-inside\"><div class=\"gb-container-content\" style=\"max-width:700px\">\n<div class=\"wp-block-genesis-blocks-gb-container box_titre gb-block-container\"><div class=\"gb-container-inside\"><div class=\"gb-container-content\">\n<h5 class=\"titre_box\" style=\"padding-top:10px;\">WAAR VERBLIJVEN OP <span class=\"titre_box_manuscrit\">madeira<\/span><\/h5>\n<\/div><\/div><\/div>\n\n\n\n<div class=\"wp-block-columns box_sans_border is-layout-flex wp-container-core-columns-is-layout-9d6595d7 wp-block-columns-is-layout-flex\">\n<div class=\"wp-block-column texte_planif is-layout-flow wp-block-column-is-layout-flow\" style=\"font-size:14px;flex-basis:60%\">\n<p class=\"option_titre2\">Onze onafhankelijke selecties om u te helpen <strong>de accommodatie van uw dromen<\/strong> te vinden:<\/p>\n\n\n\n<ul class=\"wp-block-list\">\n<li><a href=\"https:\/\/madeiralovers.com\/nl\/waar-verblijven-madeira-beste-plaatsen\/\" target=\"_blank\" rel=\"noreferrer noopener\">Waar overnachten op Madeira<\/a><\/li>\n<\/ul>\n\n\n\n<ul class=\"wp-block-list\">\n<li><a href=\"https:\/\/madeiralovers.com\/nl\/beste-5-sterren-hotels-funchal-madeira-luxe-beoordelingen\/\" target=\"_blank\" rel=\"noreferrer noopener\">Beste 5-sterrenhotels<\/a><\/li>\n\n\n\n<li><a href=\"https:\/\/madeiralovers.com\/nl\/beste-boutique-hotels-funchal-madeira-charm\/\">Beste boutique hotels<\/a><\/li>\n\n\n\n<li><a href=\"https:\/\/madeiralovers.com\/nl\/beste-hotels-oude-stad-funchal-beoordelingen\/\" target=\"_blank\" rel=\"noreferrer noopener\">Beste hotels in de oude binnenstad van Funchal<\/a><\/li>\n\n\n\n<li><a href=\"https:\/\/madeiralovers.com\/nl\/beste-hotels-adults-only-funchal-madeira\/\" target=\"_blank\" rel=\"noreferrer noopener\">Beste adults-only hotels<\/a><\/li>\n\n\n\n<li><a href=\"https:\/\/madeiralovers.com\/nl\/beste-hotels-gezinnen-madeira-kinderen-beoordelingen\/\" target=\"_blank\" rel=\"noreferrer noopener\">Beste hotels voor gezinnen<\/a><\/li>\n\n\n\n<li><a href=\"https:\/\/madeiralovers.com\/nl\/beste-all-inclusive-hotels-madeira\/\" target=\"_blank\" rel=\"noreferrer noopener\">Beste all-inclusive hotels<\/a><\/li>\n\n\n\n<li><a href=\"https:\/\/madeiralovers.com\/nl\/beste-romantische-hotels-funchal-madeira-geliefden\/\" target=\"_blank\" rel=\"noreferrer noopener\">Beste romantische hotels<\/a><\/li>\n<\/ul>\n<\/div>\n\n\n\n<div class=\"wp-block-column is-vertically-aligned-top planif-radius is-layout-flow wp-block-column-is-layout-flow\" style=\"flex-basis:40%\">\n<figure class=\"wp-block-image size-large img-portrait\"><img decoding=\"async\" src=\"https:\/\/photos.smugmug.com\/Travel\/Madeira\/Accommodation\/i-TtZHSRZ\/1\/7f80cf7d\/L\/Arco_da_Calheta_hotel_Madeira-8896-L.jpg\" alt=\"Welkom Hotel\" title=\"\"\/><\/figure>\n<\/div>\n<\/div>\n<\/div><\/div><\/div>\n\n<div class=\"wp-block-genesis-blocks-gb-container box_auteur_voyage gb-block-container\"><div class=\"gb-container-inside\"><div class=\"gb-container-content\">\n<figure class=\"wp-block-image size-large img_auteur_voyage img_provisoire\"><a href=\"https:\/\/madeiralovers.com\/nl\/a-propos-delisa-grosset\/\" target=\"_blank\" rel=\"noreferrer noopener\"><img decoding=\"async\" src=\"https:\/\/photos.smugmug.com\/Region-Lovers\/Equipe\/i-QnrB7DM\/0\/CtpLjLrrwWXx6CCL4hJmRTCvZDXmHZ2Q4F5hGBmsq\/L\/Elisa-L.jpg\" alt=\"\"\/><\/a><\/figure>\n\n\n\n<h5 class=\"titre_auteur_voyage\"><span>ZE MAAKTE DE REIS EN SCHREEF HET ARTIKEL \n <\/span><span class=\"titre_box_manuscrit\">Elisa<\/span><\/h5>\n<\/div><\/div><\/div>\n","protected":false},"excerpt":{"rendered":"<p>Wij raden u aan om het Henrique en Francisco Franco Museum te bezoeken tijdens uw verblijf in Funchal, de hoofdstad van Madeira. Het is gevestigd in een traditioneel gebouw en huisvest een collectie die is opgedragen aan 2 lokale kunstenaarsbroers. Dit bezoek dompelde ons onder in de Portugese modernistische beweging. Vind al onze nuttige tips [&hellip;]<\/p>\n","protected":false},"author":8,"featured_media":3075,"comment_status":"closed","ping_status":"closed","sticky":false,"template":"","format":"standard","meta":{"_genesis_hide_title":false,"_genesis_hide_breadcrumbs":false,"_genesis_hide_singular_image":false,"_genesis_hide_footer_widgets":false,"_genesis_custom_body_class":"","_genesis_custom_post_class":"","_genesis_layout":"","footnotes":""},"categories":[76,5],"tags":[],"class_list":{"0":"post-3104","1":"post","2":"type-post","3":"status-publish","4":"format-standard","5":"has-post-thumbnail","7":"category-funchal-nl","8":"category-geen-onderdeel-van-een-categorie","9":"entry"},"yoast_head":"<!-- This site is optimized with the Yoast SEO plugin v27.2 - https:\/\/yoast.com\/product\/yoast-seo-wordpress\/ -->\n<title>Museum Henrique en Francisco Franco (Funchal): bezoek + foto&#039;s<\/title>\n<meta name=\"description\" content=\"Onze tips en foto&#039;s voor een bezoek aan het Henrique en Francisco Franco Museum in Funchal (Madeira): hoe er te komen, bezienswaardigheden, praktische informatie.\" \/>\n<meta name=\"robots\" content=\"index, follow, max-snippet:-1, max-image-preview:large, max-video-preview:-1\" \/>\n<link rel=\"canonical\" href=\"https:\/\/madeiralovers.com\/nl\/bezoeken-museum-henrique-francisco-franco-funchal\/\" \/>\n<meta property=\"og:locale\" content=\"nl_NL\" \/>\n<meta property=\"og:type\" content=\"article\" \/>\n<meta property=\"og:title\" content=\"Museum Henrique en Francisco Franco (Funchal): bezoek + foto&#039;s\" \/>\n<meta property=\"og:description\" content=\"Onze tips en foto&#039;s voor een bezoek aan het Henrique en Francisco Franco Museum in Funchal (Madeira): hoe er te komen, bezienswaardigheden, praktische informatie.\" \/>\n<meta property=\"og:url\" content=\"https:\/\/madeiralovers.com\/nl\/bezoeken-museum-henrique-francisco-franco-funchal\/\" \/>\n<meta property=\"og:site_name\" content=\"Madeira Lovers\" \/>\n<meta property=\"article:published_time\" content=\"2024-06-25T09:56:53+00:00\" \/>\n<meta property=\"article:modified_time\" content=\"2024-06-26T06:23:36+00:00\" \/>\n<meta property=\"og:image\" content=\"https:\/\/madeiralovers.com\/wp-content\/uploads\/2024\/06\/bezoeken-museum-henrique-francisco-franco-funchal-nl.jpg\" \/>\n\t<meta property=\"og:image:width\" content=\"800\" \/>\n\t<meta property=\"og:image:height\" content=\"600\" \/>\n\t<meta property=\"og:image:type\" content=\"image\/jpeg\" \/>\n<meta name=\"author\" content=\"Elisa\" \/>\n<meta name=\"twitter:card\" content=\"summary_large_image\" \/>\n<meta name=\"twitter:label1\" content=\"Geschreven door\" \/>\n\t<meta name=\"twitter:data1\" content=\"Elisa\" \/>\n\t<meta name=\"twitter:label2\" content=\"Geschatte leestijd\" \/>\n\t<meta name=\"twitter:data2\" content=\"5 minuten\" \/>\n<script type=\"application\/ld+json\" class=\"yoast-schema-graph\">{\"@context\":\"https:\/\/schema.org\",\"@graph\":[{\"@type\":\"Article\",\"@id\":\"https:\/\/madeiralovers.com\/nl\/bezoeken-museum-henrique-francisco-franco-funchal\/#article\",\"isPartOf\":{\"@id\":\"https:\/\/madeiralovers.com\/nl\/bezoeken-museum-henrique-francisco-franco-funchal\/\"},\"author\":{\"name\":\"Elisa\",\"@id\":\"https:\/\/madeiralovers.com\/nl\/#\/schema\/person\/d625cd95d3b219fb95267c26155d749b\"},\"headline\":\"Museum Henrique en Francisco Franco (Funchal): bezoek + foto&#8217;s\",\"datePublished\":\"2024-06-25T09:56:53+00:00\",\"dateModified\":\"2024-06-26T06:23:36+00:00\",\"mainEntityOfPage\":{\"@id\":\"https:\/\/madeiralovers.com\/nl\/bezoeken-museum-henrique-francisco-franco-funchal\/\"},\"wordCount\":1084,\"publisher\":{\"@id\":\"https:\/\/madeiralovers.com\/nl\/#organization\"},\"image\":{\"@id\":\"https:\/\/madeiralovers.com\/nl\/bezoeken-museum-henrique-francisco-franco-funchal\/#primaryimage\"},\"thumbnailUrl\":\"https:\/\/madeiralovers.com\/wp-content\/uploads\/2024\/06\/bezoeken-museum-henrique-francisco-franco-funchal-nl.jpg\",\"articleSection\":[\"Funchal\",\"Geen onderdeel van een categorie\"],\"inLanguage\":\"nl-NL\"},{\"@type\":\"WebPage\",\"@id\":\"https:\/\/madeiralovers.com\/nl\/bezoeken-museum-henrique-francisco-franco-funchal\/\",\"url\":\"https:\/\/madeiralovers.com\/nl\/bezoeken-museum-henrique-francisco-franco-funchal\/\",\"name\":\"Museum Henrique en Francisco Franco (Funchal): bezoek + foto's\",\"isPartOf\":{\"@id\":\"https:\/\/madeiralovers.com\/nl\/#website\"},\"primaryImageOfPage\":{\"@id\":\"https:\/\/madeiralovers.com\/nl\/bezoeken-museum-henrique-francisco-franco-funchal\/#primaryimage\"},\"image\":{\"@id\":\"https:\/\/madeiralovers.com\/nl\/bezoeken-museum-henrique-francisco-franco-funchal\/#primaryimage\"},\"thumbnailUrl\":\"https:\/\/madeiralovers.com\/wp-content\/uploads\/2024\/06\/bezoeken-museum-henrique-francisco-franco-funchal-nl.jpg\",\"datePublished\":\"2024-06-25T09:56:53+00:00\",\"dateModified\":\"2024-06-26T06:23:36+00:00\",\"description\":\"Onze tips en foto's voor een bezoek aan het Henrique en Francisco Franco Museum in Funchal (Madeira): hoe er te komen, bezienswaardigheden, praktische informatie.\",\"breadcrumb\":{\"@id\":\"https:\/\/madeiralovers.com\/nl\/bezoeken-museum-henrique-francisco-franco-funchal\/#breadcrumb\"},\"inLanguage\":\"nl-NL\",\"potentialAction\":[{\"@type\":\"ReadAction\",\"target\":[\"https:\/\/madeiralovers.com\/nl\/bezoeken-museum-henrique-francisco-franco-funchal\/\"]}]},{\"@type\":\"ImageObject\",\"inLanguage\":\"nl-NL\",\"@id\":\"https:\/\/madeiralovers.com\/nl\/bezoeken-museum-henrique-francisco-franco-funchal\/#primaryimage\",\"url\":\"https:\/\/madeiralovers.com\/wp-content\/uploads\/2024\/06\/bezoeken-museum-henrique-francisco-franco-funchal-nl.jpg\",\"contentUrl\":\"https:\/\/madeiralovers.com\/wp-content\/uploads\/2024\/06\/bezoeken-museum-henrique-francisco-franco-funchal-nl.jpg\",\"width\":800,\"height\":600,\"caption\":\"bezoeken museum henrique francisco franco funchal\"},{\"@type\":\"BreadcrumbList\",\"@id\":\"https:\/\/madeiralovers.com\/nl\/bezoeken-museum-henrique-francisco-franco-funchal\/#breadcrumb\",\"itemListElement\":[{\"@type\":\"ListItem\",\"position\":1,\"name\":\"Accueil\",\"item\":\"https:\/\/madeiralovers.com\/nl\/\"},{\"@type\":\"ListItem\",\"position\":2,\"name\":\"Funchal\",\"item\":\"https:\/\/madeiralovers.com\/nl\/funchal-nl\/\"},{\"@type\":\"ListItem\",\"position\":3,\"name\":\"Museum Henrique en Francisco Franco (Funchal): bezoek + foto&#8217;s\"}]},{\"@type\":\"WebSite\",\"@id\":\"https:\/\/madeiralovers.com\/nl\/#website\",\"url\":\"https:\/\/madeiralovers.com\/nl\/\",\"name\":\"Madeira Lovers\",\"description\":\"Pour r\u00e9veiller vos sens \u00e0 Mad\u00e8re\",\"publisher\":{\"@id\":\"https:\/\/madeiralovers.com\/nl\/#organization\"},\"potentialAction\":[{\"@type\":\"SearchAction\",\"target\":{\"@type\":\"EntryPoint\",\"urlTemplate\":\"https:\/\/madeiralovers.com\/nl\/?s={search_term_string}\"},\"query-input\":{\"@type\":\"PropertyValueSpecification\",\"valueRequired\":true,\"valueName\":\"search_term_string\"}}],\"inLanguage\":\"nl-NL\"},{\"@type\":\"Organization\",\"@id\":\"https:\/\/madeiralovers.com\/nl\/#organization\",\"name\":\"Madeira Lovers\",\"url\":\"https:\/\/madeiralovers.com\/nl\/\",\"logo\":{\"@type\":\"ImageObject\",\"inLanguage\":\"nl-NL\",\"@id\":\"https:\/\/madeiralovers.com\/nl\/#\/schema\/logo\/image\/\",\"url\":\"https:\/\/madeiralovers.com\/wp-content\/uploads\/2024\/05\/cropped-Madeira-Lovers-Logos.png\",\"contentUrl\":\"https:\/\/madeiralovers.com\/wp-content\/uploads\/2024\/05\/cropped-Madeira-Lovers-Logos.png\",\"width\":2500,\"height\":554,\"caption\":\"Madeira Lovers\"},\"image\":{\"@id\":\"https:\/\/madeiralovers.com\/nl\/#\/schema\/logo\/image\/\"}},{\"@type\":\"Person\",\"@id\":\"https:\/\/madeiralovers.com\/nl\/#\/schema\/person\/d625cd95d3b219fb95267c26155d749b\",\"name\":\"Elisa\",\"image\":{\"@type\":\"ImageObject\",\"inLanguage\":\"nl-NL\",\"@id\":\"https:\/\/secure.gravatar.com\/avatar\/58989acaa759ff1170519ec054359cd64759fd26df84b894bd3239c233fd396c?s=96&d=mm&r=g\",\"url\":\"https:\/\/secure.gravatar.com\/avatar\/58989acaa759ff1170519ec054359cd64759fd26df84b894bd3239c233fd396c?s=96&d=mm&r=g\",\"contentUrl\":\"https:\/\/secure.gravatar.com\/avatar\/58989acaa759ff1170519ec054359cd64759fd26df84b894bd3239c233fd396c?s=96&d=mm&r=g\",\"caption\":\"Elisa\"},\"sameAs\":[\"https:\/\/madeiralovers.com\/a-propos-delisa-grosset\/\"],\"url\":\"https:\/\/madeiralovers.com\/nl\/author\/elisa\/\"}]}<\/script>\n<!-- \/ Yoast SEO plugin. -->","yoast_head_json":{"title":"Museum Henrique en Francisco Franco (Funchal): bezoek + foto's","description":"Onze tips en foto's voor een bezoek aan het Henrique en Francisco Franco Museum in Funchal (Madeira): hoe er te komen, bezienswaardigheden, praktische informatie.","robots":{"index":"index","follow":"follow","max-snippet":"max-snippet:-1","max-image-preview":"max-image-preview:large","max-video-preview":"max-video-preview:-1"},"canonical":"https:\/\/madeiralovers.com\/nl\/bezoeken-museum-henrique-francisco-franco-funchal\/","og_locale":"nl_NL","og_type":"article","og_title":"Museum Henrique en Francisco Franco (Funchal): bezoek + foto's","og_description":"Onze tips en foto's voor een bezoek aan het Henrique en Francisco Franco Museum in Funchal (Madeira): hoe er te komen, bezienswaardigheden, praktische informatie.","og_url":"https:\/\/madeiralovers.com\/nl\/bezoeken-museum-henrique-francisco-franco-funchal\/","og_site_name":"Madeira Lovers","article_published_time":"2024-06-25T09:56:53+00:00","article_modified_time":"2024-06-26T06:23:36+00:00","og_image":[{"width":800,"height":600,"url":"https:\/\/madeiralovers.com\/wp-content\/uploads\/2024\/06\/bezoeken-museum-henrique-francisco-franco-funchal-nl.jpg","type":"image\/jpeg"}],"author":"Elisa","twitter_card":"summary_large_image","twitter_misc":{"Geschreven door":"Elisa","Geschatte leestijd":"5 minuten"},"schema":{"@context":"https:\/\/schema.org","@graph":[{"@type":"Article","@id":"https:\/\/madeiralovers.com\/nl\/bezoeken-museum-henrique-francisco-franco-funchal\/#article","isPartOf":{"@id":"https:\/\/madeiralovers.com\/nl\/bezoeken-museum-henrique-francisco-franco-funchal\/"},"author":{"name":"Elisa","@id":"https:\/\/madeiralovers.com\/nl\/#\/schema\/person\/d625cd95d3b219fb95267c26155d749b"},"headline":"Museum Henrique en Francisco Franco (Funchal): bezoek + foto&#8217;s","datePublished":"2024-06-25T09:56:53+00:00","dateModified":"2024-06-26T06:23:36+00:00","mainEntityOfPage":{"@id":"https:\/\/madeiralovers.com\/nl\/bezoeken-museum-henrique-francisco-franco-funchal\/"},"wordCount":1084,"publisher":{"@id":"https:\/\/madeiralovers.com\/nl\/#organization"},"image":{"@id":"https:\/\/madeiralovers.com\/nl\/bezoeken-museum-henrique-francisco-franco-funchal\/#primaryimage"},"thumbnailUrl":"https:\/\/madeiralovers.com\/wp-content\/uploads\/2024\/06\/bezoeken-museum-henrique-francisco-franco-funchal-nl.jpg","articleSection":["Funchal","Geen onderdeel van een categorie"],"inLanguage":"nl-NL"},{"@type":"WebPage","@id":"https:\/\/madeiralovers.com\/nl\/bezoeken-museum-henrique-francisco-franco-funchal\/","url":"https:\/\/madeiralovers.com\/nl\/bezoeken-museum-henrique-francisco-franco-funchal\/","name":"Museum Henrique en Francisco Franco (Funchal): bezoek + foto's","isPartOf":{"@id":"https:\/\/madeiralovers.com\/nl\/#website"},"primaryImageOfPage":{"@id":"https:\/\/madeiralovers.com\/nl\/bezoeken-museum-henrique-francisco-franco-funchal\/#primaryimage"},"image":{"@id":"https:\/\/madeiralovers.com\/nl\/bezoeken-museum-henrique-francisco-franco-funchal\/#primaryimage"},"thumbnailUrl":"https:\/\/madeiralovers.com\/wp-content\/uploads\/2024\/06\/bezoeken-museum-henrique-francisco-franco-funchal-nl.jpg","datePublished":"2024-06-25T09:56:53+00:00","dateModified":"2024-06-26T06:23:36+00:00","description":"Onze tips en foto's voor een bezoek aan het Henrique en Francisco Franco Museum in Funchal (Madeira): hoe er te komen, bezienswaardigheden, praktische informatie.","breadcrumb":{"@id":"https:\/\/madeiralovers.com\/nl\/bezoeken-museum-henrique-francisco-franco-funchal\/#breadcrumb"},"inLanguage":"nl-NL","potentialAction":[{"@type":"ReadAction","target":["https:\/\/madeiralovers.com\/nl\/bezoeken-museum-henrique-francisco-franco-funchal\/"]}]},{"@type":"ImageObject","inLanguage":"nl-NL","@id":"https:\/\/madeiralovers.com\/nl\/bezoeken-museum-henrique-francisco-franco-funchal\/#primaryimage","url":"https:\/\/madeiralovers.com\/wp-content\/uploads\/2024\/06\/bezoeken-museum-henrique-francisco-franco-funchal-nl.jpg","contentUrl":"https:\/\/madeiralovers.com\/wp-content\/uploads\/2024\/06\/bezoeken-museum-henrique-francisco-franco-funchal-nl.jpg","width":800,"height":600,"caption":"bezoeken museum henrique francisco franco funchal"},{"@type":"BreadcrumbList","@id":"https:\/\/madeiralovers.com\/nl\/bezoeken-museum-henrique-francisco-franco-funchal\/#breadcrumb","itemListElement":[{"@type":"ListItem","position":1,"name":"Accueil","item":"https:\/\/madeiralovers.com\/nl\/"},{"@type":"ListItem","position":2,"name":"Funchal","item":"https:\/\/madeiralovers.com\/nl\/funchal-nl\/"},{"@type":"ListItem","position":3,"name":"Museum Henrique en Francisco Franco (Funchal): bezoek + foto&#8217;s"}]},{"@type":"WebSite","@id":"https:\/\/madeiralovers.com\/nl\/#website","url":"https:\/\/madeiralovers.com\/nl\/","name":"Madeira Lovers","description":"Pour r\u00e9veiller vos sens \u00e0 Mad\u00e8re","publisher":{"@id":"https:\/\/madeiralovers.com\/nl\/#organization"},"potentialAction":[{"@type":"SearchAction","target":{"@type":"EntryPoint","urlTemplate":"https:\/\/madeiralovers.com\/nl\/?s={search_term_string}"},"query-input":{"@type":"PropertyValueSpecification","valueRequired":true,"valueName":"search_term_string"}}],"inLanguage":"nl-NL"},{"@type":"Organization","@id":"https:\/\/madeiralovers.com\/nl\/#organization","name":"Madeira Lovers","url":"https:\/\/madeiralovers.com\/nl\/","logo":{"@type":"ImageObject","inLanguage":"nl-NL","@id":"https:\/\/madeiralovers.com\/nl\/#\/schema\/logo\/image\/","url":"https:\/\/madeiralovers.com\/wp-content\/uploads\/2024\/05\/cropped-Madeira-Lovers-Logos.png","contentUrl":"https:\/\/madeiralovers.com\/wp-content\/uploads\/2024\/05\/cropped-Madeira-Lovers-Logos.png","width":2500,"height":554,"caption":"Madeira Lovers"},"image":{"@id":"https:\/\/madeiralovers.com\/nl\/#\/schema\/logo\/image\/"}},{"@type":"Person","@id":"https:\/\/madeiralovers.com\/nl\/#\/schema\/person\/d625cd95d3b219fb95267c26155d749b","name":"Elisa","image":{"@type":"ImageObject","inLanguage":"nl-NL","@id":"https:\/\/secure.gravatar.com\/avatar\/58989acaa759ff1170519ec054359cd64759fd26df84b894bd3239c233fd396c?s=96&d=mm&r=g","url":"https:\/\/secure.gravatar.com\/avatar\/58989acaa759ff1170519ec054359cd64759fd26df84b894bd3239c233fd396c?s=96&d=mm&r=g","contentUrl":"https:\/\/secure.gravatar.com\/avatar\/58989acaa759ff1170519ec054359cd64759fd26df84b894bd3239c233fd396c?s=96&d=mm&r=g","caption":"Elisa"},"sameAs":["https:\/\/madeiralovers.com\/a-propos-delisa-grosset\/"],"url":"https:\/\/madeiralovers.com\/nl\/author\/elisa\/"}]}},"featured_image_src":"https:\/\/madeiralovers.com\/wp-content\/uploads\/2024\/06\/bezoeken-museum-henrique-francisco-franco-funchal-nl-600x400.jpg","featured_image_src_square":"https:\/\/madeiralovers.com\/wp-content\/uploads\/2024\/06\/bezoeken-museum-henrique-francisco-franco-funchal-nl-600x600.jpg","author_info":{"display_name":"Elisa","author_link":"https:\/\/madeiralovers.com\/nl\/author\/elisa\/"},"_links":{"self":[{"href":"https:\/\/madeiralovers.com\/nl\/wp-json\/wp\/v2\/posts\/3104","targetHints":{"allow":["GET"]}}],"collection":[{"href":"https:\/\/madeiralovers.com\/nl\/wp-json\/wp\/v2\/posts"}],"about":[{"href":"https:\/\/madeiralovers.com\/nl\/wp-json\/wp\/v2\/types\/post"}],"author":[{"embeddable":true,"href":"https:\/\/madeiralovers.com\/nl\/wp-json\/wp\/v2\/users\/8"}],"replies":[{"embeddable":true,"href":"https:\/\/madeiralovers.com\/nl\/wp-json\/wp\/v2\/comments?post=3104"}],"version-history":[{"count":0,"href":"https:\/\/madeiralovers.com\/nl\/wp-json\/wp\/v2\/posts\/3104\/revisions"}],"wp:featuredmedia":[{"embeddable":true,"href":"https:\/\/madeiralovers.com\/nl\/wp-json\/wp\/v2\/media\/3075"}],"wp:attachment":[{"href":"https:\/\/madeiralovers.com\/nl\/wp-json\/wp\/v2\/media?parent=3104"}],"wp:term":[{"taxonomy":"category","embeddable":true,"href":"https:\/\/madeiralovers.com\/nl\/wp-json\/wp\/v2\/categories?post=3104"},{"taxonomy":"post_tag","embeddable":true,"href":"https:\/\/madeiralovers.com\/nl\/wp-json\/wp\/v2\/tags?post=3104"}],"curies":[{"name":"wp","href":"https:\/\/api.w.org\/{rel}","templated":true}]}}