{"id":1739,"date":"2024-04-30T15:41:47","date_gmt":"2024-04-30T14:41:47","guid":{"rendered":"https:\/\/madeiralovers.com\/pico-ana-ferreira-basalt-orgue-cave\/"},"modified":"2024-05-08T12:45:56","modified_gmt":"2024-05-08T11:45:56","slug":"pico-ana-ferreira-basaltorgel-grot","status":"publish","type":"post","link":"https:\/\/madeiralovers.com\/nl\/pico-ana-ferreira-basaltorgel-grot\/","title":{"rendered":"Pico Ana Ferreira: basaltorgel + grot"},"content":{"rendered":"\n<p>Pico De Ana Ferreira is een rotsformatie in Porto Santo die velen in verrukking zal brengen, dankzij het basaltorgel en de grot met uitzicht over bijna het hele eiland.<br\/>De plek is de moeite waard!<br\/>Hier volgen enkele <strong>nuttige tips<\/strong> om u te helpen bij het plannen van uw bezoek.<\/p>\n\n<figure class=\"wp-block-image size-full\"><img decoding=\"async\" src=\"https:\/\/madeiralovers.com\/wp-content\/uploads\/2024\/04\/Pico-Ana-Ferreira-grot-Porto-Santo-basaltorgel-1.jpeg\" alt=\"Pico Ana Ferreira grot en basaltorgel in Porto Santo\" class=\"wp-image-1712\"\/><\/figure>\n\n<p>Dit is een volledig <strong>onafhankelijke<\/strong> mening op basis van onze ervaringen. We maakten onze eigen keuzes, bezochten de regio anoniem en betaalden onze rekeningen volledig.<\/p>\n\n<h2 class=\"wp-block-heading\">Is Pico Ana Ferreira een bezoekje waard?<\/h2>\n\n<p>Ja, absoluut. De rotsformatie Pico Ana Ferreira is het hoogste punt in het westen van Porto Santo. De top is 288 m hoog. Er zijn 3 interessante punten, afhankelijk van uw wandelvaardigheden: het basaltorgel, de grot met een prachtig uitzicht en de top met 360\u00b0 uitzicht.<\/p>\n\n<p>Dit is een van <a href=\"https:\/\/madeiralovers.com\/nl\/bezienswaardigheden-porto-santo-bezoeken\/\" target=\"_blank\" rel=\"noreferrer noopener\">de bezienswaardigheden van Porto Santo die u gezien moet hebben<\/a>.<\/p>\n\n<figure class=\"wp-block-image size-large\"><img decoding=\"async\" src=\"https:\/\/photos.smugmug.com\/Madeira-Lovers\/Porto-Santo\/7g-Porto-Santo-Organ-pipes\/i-RX2ZZN9\/2\/Cq4Dj7JHv8Wnb8zjdH4zJ7CvNJfZHw4Rr42p2HCDj\/L\/organ_pipes_Pico_Ana_Ferreira_Porto_Santo-7183687-L.jpg\" alt=\"\"\/><\/figure>\n\n<p>De rotsformatie is een 1100 m lange richel, een lange vulkaanuitbarsting die door de elementen is ge\u00ebrodeerd.<\/p>\n\n<p>In dit artikel presenteren we de verschillende structuren en eindigen we met ons praktische advies over hoe u er toegang toe kunt krijgen.<\/p>\n\n<div style=\"margin-top:8%;margin-bottom:8%\" class=\"wp-block-genesis-blocks-gb-container box gb-block-container\"><div class=\"gb-container-inside\"><div class=\"gb-container-content\">\n<div class=\"wp-block-columns inverse box_planif is-layout-flex wp-container-core-columns-is-layout-9d6595d7 wp-block-columns-is-layout-flex\">\n<div class=\"wp-block-column texte_planif is-layout-flow wp-block-column-is-layout-flow\" style=\"flex-basis:58%\">\n<h5 class=\"titre_box\">ONS ADVIES VOOR HET HUREN VAN EEN AUTO OP <span class=\"titre_box_manuscrit\">\nPorto Santo<\/span><\/h5>\n\n\n\n<ul style=\"font-size:14px\" class=\"liste_voiture wp-block-list\">\n<li>Vergelijk prijzen op ons favoriete platform: <a href=\"https:\/\/www.discovercars.com\/nl\/portugal\/porto-santo?a_aid=zigzag&amp;chan=madeira\" target=\"_blank\" rel=\"noreferrer noopener sponsored nofollow\">DiscoverCars<\/a> &#8211; een van de best beoordeelde sites.<\/li>\n\n\n\n<li>Het eiland is klein en heel gemakkelijk om rond te rijden<\/li>\n\n\n\n<li>Een auto geeft u alle vrijheid om elke hoek van Porto Santo te verkennen<\/li>\n\n\n\n<li>Er is veel vraag en weinig auto&#8217;s, dus <strong>reserveer vroeg<\/strong>.<\/li>\n<\/ul>\n<\/div>\n\n\n\n<div class=\"wp-block-column planif-radius-3 is-layout-flow wp-block-column-is-layout-flow\" style=\"flex-basis:42%\">\n<figure class=\"wp-block-image size-large is-resized\"><img decoding=\"async\" src=\"https:\/\/photos.smugmug.com\/Madeira-Lovers\/Porto-Santo\/7b-Porto-Santo-North-Coast\/i-fKQrFgQ\/2\/99628741\/S\/casa_da_serra_Porto_Santo-7183471-S.jpg\" alt=\"rijden in Porto Santo\" title=\"\"\/><\/figure>\n<\/div>\n<\/div>\n\n\n\n<div class=\"wp-block-columns planif_bouton is-layout-flex wp-container-core-columns-is-layout-9d6595d7 wp-block-columns-is-layout-flex\">\n<div class=\"wp-block-column is-layout-flow wp-block-column-is-layout-flow\" style=\"flex-basis:50%\">\n<div class=\"wp-block-buttons is-content-justification-center is-layout-flex wp-container-core-buttons-is-layout-16018d1d wp-block-buttons-is-layout-flex\">\n<div class=\"wp-block-button has-custom-font-size\" style=\"font-size:14px\"><a class=\"wp-block-button__link has-white-color has-text-color wp-element-button\" href=\"https:\/\/www.discovercars.com\/nl\/portugal\/porto-santo?a_aid=zigzag&amp;amp;chan=madeira\" style=\"border-radius:4px\" target=\"_blank\" rel=\"noreferrer noopener\">Bekijk de auto&#8217;s &gt;&gt;<\/a><\/div>\n<\/div>\n<\/div>\n\n\n\n<div class=\"wp-block-column is-vertically-aligned-center is-layout-flow wp-block-column-is-layout-flow\" style=\"flex-basis:50%\">\n<p class=\"has-text-align-center\" style=\"font-size:14px\"><strong><a href=\"https:\/\/madeiralovers.com\/nl\/hoe-een-auto-huren-porto-santo-tips-ervaringen\/\" target=\"_blank\" rel=\"noreferrer noopener\">Bekijk onze tips<\/a><\/strong><\/p>\n<\/div>\n<\/div>\n<\/div><\/div><\/div>\n\n<h2 class=\"wp-block-heading\">Het basaltorgel van Porto Santo<\/h2>\n\n<figure class=\"wp-block-image size-large\"><img decoding=\"async\" src=\"https:\/\/photos.smugmug.com\/Madeira-Lovers\/Porto-Santo\/7g-Porto-Santo-Organ-pipes\/i-63z9kQP\/2\/PKB8CD2t2dbnqbVwPXJQCnwS8Q68Kkb3gDGgkX4X\/L\/organ_pipes_Pico_Ana_Ferreira_Porto_Santo-9199-L.jpg\" alt=\"Panorama van het basaltorgel\"\/><\/figure>\n\n<p>Uw eerste stop op weg naar boven, en de makkelijkst te bereiken (te voet of met een 4WD), is het basaltorgel. Het ligt 118m boven de zeespiegel<br\/>Het is een geologische site van nationaal belang.<\/p>\n\n<p>Deze duidelijk uitgesneden basaltzuilen zijn indrukwekkend.<br\/>Als je tegen die muur staat, voel je je heel klein! Hier staat Claire aan de voet van een geologische formatie die miljoenen jaren geleden is gevormd!  <br\/>De vergelijking met orgelpijpen is begrijpelijk!<\/p>\n\n<figure class=\"wp-block-image size-large\"><img decoding=\"async\" src=\"https:\/\/photos.smugmug.com\/Madeira-Lovers\/Porto-Santo\/7g-Porto-Santo-Organ-pipes\/i-9Cs4gf3\/2\/Rc6FmH7GHxKTNm7LVPrJ8x9gDTcgJgqPnfNVbNXc\/L\/organ_pipes_Pico_Ana_Ferreira_Porto_Santo-9202-L.jpg\" alt=\"Grootte van een persoon voor de trainingsmuur\"\/><\/figure>\n\n<p>De prisma&#8217;s zijn duidelijk in de rots uitgehouwen.<br\/>Dit is lava die snel afkoelde en barstte, waarbij rechte zeshoekige kolommen werden gevormd.<br\/>Toen zorgden de bewegingen van de aarde en de tektonische platen ervoor dat sommige platen verbuigden.<br\/>Zo ontstond een prachtig beeld van de natuur.<\/p>\n\n<p>We hebben ze onder andere al op Corsica en IJsland gezien, maar toch vonden we deze plek bijzonder indrukwekkend.<\/p>\n\n<figure class=\"wp-block-image size-large\"><img decoding=\"async\" src=\"https:\/\/photos.smugmug.com\/Madeira-Lovers\/Porto-Santo\/7g-Porto-Santo-Organ-pipes\/i-gMPrdjT\/2\/Dnqs6jv4j56kdGcHpptX9sDdDSHwXqsc7hWzgs6xq\/L\/organ_pipes_Pico_Ana_Ferreira_Porto_Santo-7183682-L.jpg\" alt=\"Gedraaide kolommen\"\/><\/figure>\n\n<p>Ontdek meer over dit geologische fenomeen:<\/p>\n\n<p>Als de lava afkoelt, wordt hij harder en krimpt hij, waardoor er scheuren in het oppervlak ontstaan.<br\/>Onder bepaalde omstandigheden (spanning t.o.v. de sterkte van het gesteente) breiden deze scheuren zich naar beneden uit, waardoor kolommen ontstaan die loodrecht op de basaltstroom staan (over de hoogte van de stroom).<\/p>\n\n<p>Hoe breder de kolom, hoe langzamer de koeling.<\/p>\n\n<figure class=\"wp-block-image size-large\"><img decoding=\"async\" src=\"https:\/\/photos.smugmug.com\/Madeira-Lovers\/Porto-Santo\/7g-Porto-Santo-Organ-pipes\/i-5vnnm5T\/2\/Ct9Nx3WdVFVNH4z6SjkJ8Nvzwb7N9qtmRWzcWfZpf\/L\/organ_pipes_Pico_Ana_Ferreira_Porto_Santo-7183684-L.jpg\" alt=\"Close-up van de kolommen\"\/><\/figure>\n\n<div style=\"background-color:#fefefe;margin-top:6%;margin-bottom:6%\" class=\"wp-block-genesis-blocks-gb-container box gb-block-container\"><div class=\"gb-container-inside\"><div class=\"gb-container-content\" style=\"max-width:700px\">\n<div class=\"wp-block-columns inverse is-layout-flex wp-container-core-columns-is-layout-9d6595d7 wp-block-columns-is-layout-flex\">\n<div class=\"wp-block-column texte_planif is-layout-flow wp-block-column-is-layout-flow\" style=\"flex-basis:58%\">\n<h5 class=\"titre_box\">ONZE GIDS VOOR HET PLANNEN VAN EEN <span class=\"titre_box_manuscrit\">Droomreis<\/span><\/h5>\n\n\n\n<ul class=\"wp-block-list\">\n<li>7 kaarten die de planning vergemakkelijken<\/li>\n\n\n\n<li>+ 120 voorgeselecteerde locaties  <\/li>\n\n\n\n<li>Praktisch advies  <\/li>\n\n\n\n<li>+ 260 foto&#8217;s om je te helpen kiezen<\/li>\n<\/ul>\n\n\n\n<div class=\"wp-block-buttons is-layout-flex wp-block-buttons-is-layout-flex\">\n<div class=\"wp-block-button\"><a class=\"wp-block-button__link has-theme-primary-background-color has-background wp-element-button\" href=\"https:\/\/madeiralovers.com\/nl\/ebook-gids-reis-madeira\/\">Lees meer &gt;&gt;<\/a><\/div>\n<\/div>\n<\/div>\n\n\n\n<div class=\"wp-block-column is-layout-flow wp-block-column-is-layout-flow\" style=\"flex-basis:42%\">\n<div class=\"wp-block-genesis-blocks-gb-container ebook-radius-waitlist gb-block-container\"><div class=\"gb-container-inside\"><div class=\"gb-container-content\"><div class=\"wp-block-image ebook-image\">\n<figure class=\"aligncenter size-full\"><img decoding=\"async\" src=\"https:\/\/madeiralovers.com\/wp-content\/uploads\/2024\/06\/Med-Madeira-Travel-Guide-ebook-cover-3.jpg\" alt=\"gids-reis-Madere-boek-omslag-medium\" class=\"wp-image-2412\"\/><\/figure>\n<\/div><\/div><\/div><\/div>\n<\/div>\n<\/div>\n<\/div><\/div><\/div>\n\n<h2 class=\"wp-block-heading\">De Pico de Ana Ferreira grot (zonsopganggrot)<\/h2>\n\n<figure class=\"wp-block-image size-large\"><img decoding=\"async\" src=\"https:\/\/photos.smugmug.com\/Madeira-Lovers\/Porto-Santo\/7e-Cave\/i-QcT4d4x\/2\/FFfQZ8Pwd35Ns7dMsLKrHh6SH7zmghR6NrcqDVWgC\/L\/Cave_Porto_Santo-7183771-L.jpg\" alt=\"\"\/><\/figure>\n\n<p>U kunt dan verder gaan boven het orgel. Eerst over een pad, maar daarna moet u rotswanden beklimmen.<br\/>Het is essentieel om goede schoenen te dragen die grip hebben op de rotsen en wees u ervan bewust dat de helling vrij steil is. Mensen die last hebben van duizeligheid zullen hier moeite mee hebben.<\/p>\n\n<figure class=\"wp-block-image size-large\"><img decoding=\"async\" src=\"https:\/\/photos.smugmug.com\/Madeira-Lovers\/Porto-Santo\/7e-Cave\/i-sn3RM5j\/2\/FPpjTfSzrn3LhSPStkddrQsJb2RKjV2R2qCCVdGdX\/L\/Cave_Porto_Santo-7183776-L.jpg\" alt=\"\"\/><\/figure>\n\n<p>Er zijn geen borden die u vertellen wanneer u het pad moet verlaten en de rotsen moet verkennen. Houd uw ogen open voor de grot in de verte.<\/p>\n\n<p>Maar de plek is de moeite waard. Het is al leuk om het van de buitenkant te zien, deze kleine opening onder een koepel van rotsen. De opwinding neemt toe naarmate we dichterbij komen.<\/p>\n\n<figure class=\"wp-block-image size-large\"><img decoding=\"async\" src=\"https:\/\/photos.smugmug.com\/Madeira-Lovers\/Porto-Santo\/7e-Cave\/i-XfKQxbJ\/2\/MnKhD8qPZm5JRpPPxxRrXkntbtGbxtCJcj3dNPPz\/L\/Cave_Porto_Santo-7183777-L.jpg\" alt=\"\"\/><\/figure>\n\n<p>En eenmaal binnen ontdekt u een van de bekendste uitzichten van Porto Santo.<br\/>U kunt het hele midden van het eiland zien en de bergen in het oosten.<br\/>De kleuren zijn prachtig, met een vleugje groen voor de golfbaan op de voorgrond en variaties van blauw in de zee.<br\/>Het uitzicht van buiten is hetzelfde, maar het feit dat er rondom een rotsachtige omgeving is, maakt het panorama nog spectaculairder.<\/p>\n\n<p>Het is perfect uitgelijnd, zodat u de zonsopgang door het raam kunt zien. Maar we waren er midden op de dag.<\/p>\n\n<figure class=\"wp-block-image size-large\"><img decoding=\"async\" src=\"https:\/\/photos.smugmug.com\/Madeira-Lovers\/Porto-Santo\/7e-Cave\/i-MLMkVKC\/2\/TSRTq9mm3PmMw7jzXC8Dv949hZfGMdV66mrHjNPb\/L\/Cave_Porto_Santo-9222-L.jpg\" alt=\"uitzicht vanaf de grot Pico Ana Ferreira\"\/><\/figure>\n\n<div style=\"margin-top:8%;margin-bottom:8%\" class=\"wp-block-genesis-blocks-gb-container box gb-block-container\"><div class=\"gb-container-inside\"><div class=\"gb-container-content\" style=\"max-width:700px\">\n<div class=\"wp-block-genesis-blocks-gb-container box_titre gb-block-container\"><div class=\"gb-container-inside\"><div class=\"gb-container-content\">\n<h5 class=\"titre_box\" style=\"padding-top:10px;\">WAAR TE VERBLIJVEN IN <span class=\"titre_box_manuscrit\">Porto Santo<\/span><\/h5>\n<\/div><\/div><\/div>\n\n\n\n<hr class=\"wp-block-separator has-text-color has-alpha-channel-opacity has-background is-style-wide hr-box-planif\" style=\"background-color:#ccd3dd;color:#ccd3dd\"\/>\n\n\n\n<div class=\"wp-block-columns box_sans_border is-layout-flex wp-container-core-columns-is-layout-9d6595d7 wp-block-columns-is-layout-flex\">\n<div class=\"wp-block-column texte_planif is-layout-flow wp-block-column-is-layout-flow\" style=\"font-size:14px;flex-basis:60%\">\n<p class=\"option_titre2\"><strong>Optie 1 <\/strong>: Vila Baleira (noordelijk strand)<\/p>\n\n\n\n<p style=\"font-size:14px\">Voor toegang tot een kleine stad en het strand<\/p>\n\n\n\n<ul class=\"ul_box wp-block-list\">\n<li style=\"font-size:14px\"><strong>Hotel Torre Praia<\/strong> &#8211; <a href=\"https:\/\/www.booking.com\/hotel\/pt\/torre-praia.html?aid=2410700\" target=\"_blank\" rel=\"noreferrer noopener sponsored nofollow\">prijzen, foto&#8217;s en beschikbaarheid bekijken<\/a><\/li>\n\n\n\n<li style=\"font-size:14px\">Flat Vista Dourada: <a href=\"https:\/\/www.booking.com\/hotel\/pt\/golden-view.html?aid=2410700\" target=\"_blank\" rel=\"noreferrer noopener sponsored nofollow\">prijzen, foto&#8217;s en beschikbaarheid bekijken<\/a><\/li>\n<\/ul>\n<\/div>\n\n\n\n<div class=\"wp-block-column is-vertically-aligned-top planif-radius is-layout-flow wp-block-column-is-layout-flow\" style=\"flex-basis:40%\">\n<figure class=\"wp-block-image size-large img-portrait\"><img decoding=\"async\" src=\"https:\/\/photos.smugmug.com\/Madeira-Lovers\/Porto-Santo\/7d-South-Porto-Santo\/i-4KFPNZj\/2\/29c5727f\/S\/town_Porto_Santo-7183860-S.jpg\" alt=\"Vila Baleira\" title=\"\"\/><\/figure>\n<\/div>\n<\/div>\n\n\n\n<hr class=\"wp-block-separator has-text-color has-alpha-channel-opacity has-background is-style-wide hr-box-planif\" style=\"background-color:#ccd3dd;color:#ccd3dd\"\/>\n\n\n\n<div class=\"wp-block-columns box_sans_border is-layout-flex wp-container-core-columns-is-layout-9d6595d7 wp-block-columns-is-layout-flex\">\n<div class=\"wp-block-column texte_planif is-layout-flow wp-block-column-is-layout-flow\" style=\"font-size:14px;flex-basis:60%\">\n<p class=\"option_titre\"><strong>Optie 2: <\/strong>Midden- of zuidstrand<\/p>\n\n\n\n<p style=\"font-size:14px\">Toeristische gebieden bij het strand<\/p>\n\n\n\n<ul class=\"ul_box wp-block-list\">\n<li style=\"font-size:14px\">Pestana Porto Santo, 5 sterren &#8211; <a href=\"https:\/\/www.booking.com\/hotel\/pt\/pestana-porto-santo.html?aid=2410700\" target=\"_blank\" rel=\"noreferrer noopener sponsored nofollow\">Bekijk prijzen, foto&#8217;s en beschikbaarheid<\/a><\/li>\n\n\n\n<li style=\"font-size:14px\">Hotel Porto Santo &amp; Spa, 4 sterren &#8211; <a href=\"https:\/\/www.booking.com\/hotel\/pt\/hotelportosanto.html?aid=2410700\" target=\"_blank\" rel=\"noreferrer noopener sponsored nofollow\">prijzen, foto&#8217;s en beschikbaarheid bekijken<\/a><\/li>\n<\/ul>\n<\/div>\n\n\n\n<div class=\"wp-block-column is-vertically-aligned-top planif-radius is-layout-flow wp-block-column-is-layout-flow\" style=\"flex-basis:40%\">\n<figure class=\"wp-block-image size-large img-portrait\"><img decoding=\"async\" src=\"https:\/\/photos.smugmug.com\/Madeira-Lovers\/Porto-Santo\/7f-Porto-Santo-Beach\/i-mhvg7f4\/2\/f024bb53\/S\/beach_Praia_Porto_Santo-7183893-S.jpg\" alt=\"Porto Santo strand\" title=\"\"\/><\/figure>\n<\/div>\n<\/div>\n\n\n\n<hr class=\"wp-block-separator has-text-color has-alpha-channel-opacity has-background is-style-wide hr-box-planif\" style=\"background-color:#ccd3dd;color:#ccd3dd\"\/>\n\n\n\n<p class=\"has-text-align-center\" style=\"font-size:17px\"><\/p>\n\n\n\n<div class=\"wp-block-buttons planif_bouton is-content-justification-center is-layout-flex wp-container-core-buttons-is-layout-16018d1d wp-block-buttons-is-layout-flex\">\n<div class=\"wp-block-button has-custom-font-size\" style=\"font-size:14px\"><a class=\"wp-block-button__link has-white-color has-text-color wp-element-button\" href=\"https:\/\/madeiralovers.com\/nl\/waar-verblijven-porto-santo-beste-hotels-wijken\/\" style=\"border-radius:4px\" target=\"_blank\" rel=\"noreferrer noopener\">Bekijk onze beoordelingen van de beste hotels in Porto Santo  <img decoding=\"async\" class=\"wp-image-2851\" style=\"width: 16px;\" src=\"https:\/\/provencelovers.fr\/wp-content\/uploads\/2023\/08\/ArrowRight.webp\" alt=\"\"\/><\/a><\/div>\n<\/div>\n<\/div><\/div><\/div>\n\n<h2 class=\"wp-block-heading\">Wandelen naar de top<\/h2>\n\n<p>Als u het niet erg vindt om de rotsen half te beklimmen en geen hoogtevrees hebt, kunt u ook verder naar de top van de berg gaan.<br\/>Nogmaals, er is geen wegwijzer die u de weg wijst. U klimt boven de grot en gaat verder naar het hoogste punt.  <br\/>Pas op, u bevindt zich op een bergkam met gladde rotsen, dus dit is alleen voor ervaren wandelaars.<br\/>Op de top kunt u de top van deze rotsformatie wat duidelijker zien en genieten van extra uitzichten richting het westen van het eiland.<br\/>Er zijn ook andere grotten aan de zuidkant van de bergkam.<\/p>\n\n<p>Het spijt ons, maar we hebben geen foto&#8217;s omdat ik hoogtevrees heb (Claire, de reiziger).<\/p>\n\n<h2 class=\"wp-block-heading\">Pico Ana Ferreira: toegang<\/h2>\n\n<h3 class=\"wp-block-heading\">Waar is Pico Ana Ferreira?<\/h3>\n\n<ul class=\"wp-block-list\">\n<li>Westelijke helft van Porto Santo<\/li>\n\n\n\n<li>Toegang over de laatste paar honderd meter over een hobbelig pad vanaf de weg.<\/li>\n\n\n\n<li>Vanaf de haven = 10 min rijden<\/li>\n\n\n\n<li>Vanaf Ponta da Calheta = 10 minuten rijden<\/li>\n\n\n\n<li>Hier is een kaart om u op weg te helpen:<\/li>\n<\/ul>\n\n<figure class=\"wp-block-image size-large\"><img decoding=\"async\" src=\"https:\/\/madeiralovers.com\/wp-content\/uploads\/2024\/04\/kaart-Pico-Ana-Ferreira-Porto-Santo-1024x683.png\" alt=\"Pico Ana Ferreira Porto Santo kaart\" class=\"wp-image-1726\"\/><figcaption class=\"wp-element-caption\">Kaart: Pico Ana Ferreira in Porto Santo<\/figcaption><\/figure>\n\n<h3 class=\"wp-block-heading\">Toegang en parkeren<\/h3>\n\n<p>De baan is erg lang. U bereikt het orgel en de grot via de noordpunt van Kreta, aan de golfkant.<\/p>\n\n<p>Aan het einde van de weg is een pad dat naar de parkeerplaats leidt. Maar het duurt niet lang. Het heeft alleen een paar grote hobbels. Afhankelijk van de omstandigheden kunt u er wel of niet komen met een normale auto. Anders moet u rond het begin van de baan parkeren.<\/p>\n\n<figure class=\"wp-block-image size-large\"><img decoding=\"async\" src=\"https:\/\/photos.smugmug.com\/Madeira-Lovers\/Porto-Santo\/7g-Porto-Santo-Organ-pipes\/i-VHQxZ2c\/2\/S3PKPZdjdBRr5NQShTtqcjQsCC2xVfBCqWQFvMJf\/L\/organ_pipes_Pico_Ana_Ferreira_Porto_Santo-7183670-L.jpg\" alt=\"toegangsspoor\"\/><figcaption class=\"wp-element-caption\">toegangsspoor<\/figcaption><\/figure>\n\n<h3 class=\"wp-block-heading\">Bezoekmoeilijkheden<\/h3>\n\n<p>Toegang tot het orgel is via een onverharde weg die in lengte varieert, afhankelijk van waar u parkeert. Geen technische problemen.<\/p>\n\n<p>Om de grot te voet te bereiken, moet u goede wandelschoenen dragen en van plan zijn om een beetje te klimmen op de enigszins gladde rotswanden.<\/p>\n\n<figure class=\"wp-block-image size-large\"><img decoding=\"async\" src=\"https:\/\/photos.smugmug.com\/Madeira-Lovers\/Porto-Santo\/7e-Cave\/i-3FbVhPH\/2\/g9bzcWvX5Z4QBFP5stWXTCkXF8H3FSkLrWFTcpJD\/L\/Cave_Porto_Santo-7183798-L.jpg\" alt=\"afdaling naar de avoiture\"\/><\/figure>\n\n<div style=\"margin-top:8%;margin-bottom:8%\" class=\"wp-block-genesis-blocks-gb-container box gb-block-container\"><div class=\"gb-container-inside\"><div class=\"gb-container-content\">\n<div class=\"wp-block-columns inverse is-layout-flex wp-container-core-columns-is-layout-9d6595d7 wp-block-columns-is-layout-flex\">\n<div class=\"wp-block-column texte_planif is-layout-flow wp-block-column-is-layout-flow\" style=\"flex-basis:58%\">\n<h5 class=\"titre_box\">ONZE FAVORIETE ACTIVITEITEN IN <span class=\"titre_box_manuscrit\">Porto Santo<\/span><\/h5>\n\n\n\n<p style=\"font-size:14px\">Ontdek vanuit Ponta Calheta de kust en de grotten per kajak.<br\/>Een onvergetelijke ervaring dicht bij de vulkanische kliffen.<\/p>\n\n\n\n<p style=\"font-size:14px\"><a href=\"https:\/\/www.getyourguide.nl\/madere-l67\/porto-santo-excursion-en-kayak-depuis-ponta-calheta-t389503\/?partner_id=R3GYW4V&amp;cmp=madeira\" target=\"_blank\" rel=\"noreferrer noopener sponsored nofollow\">Bekijk het programma en de beschikbaarheid &#8211; en boek!<\/a><\/p>\n<\/div>\n\n\n\n<div class=\"wp-block-column ville-radius is-layout-flow wp-block-column-is-layout-flow\" style=\"flex-basis:42%\">\n<figure class=\"wp-block-image size-large is-resized img-portrait\"><img decoding=\"async\" src=\"https:\/\/photos.smugmug.com\/Madeira-Lovers\/Porto-Santo\/7f-Porto-Santo-Beach\/i-Cv8M4HR\/2\/02e4b81c\/S\/beach_Praia_Porto_Santo-7183847-S.jpg\" alt=\"\" style=\"width:319px;height:303px\" title=\"\"\/><\/figure>\n<\/div>\n<\/div>\n<\/div><\/div><\/div>\n\n<h2 class=\"wp-block-heading\">Handige tips<\/h2>\n\n<h3 class=\"wp-block-heading\">Tijden en prijzen, hoe lang<\/h3>\n\n<p>Gratis toegang.<\/p>\n\n<p>Reken 30 tot 45 minuten voor het orgel, afhankelijk van waar u parkeert.<br\/>Voeg 30 tot 45 minuten toe voor de grot.<\/p>\n\n<h3 class=\"wp-block-heading\">Beste moment<\/h3>\n\n<p>De muur en de grot kijken uit op het oosten.<br\/>Het licht is dus het beste in de ochtend.<\/p>\n\n<p>U kunt de zonsopgang vanuit de grot bewonderen, waarna de zachte stralen van de ochtendzon de hoeken van het basaltorgel naar voren brengen.<\/p>\n\n<div style=\"margin-top:8%;margin-bottom:8%\" class=\"wp-block-genesis-blocks-gb-container box gb-block-container\"><div class=\"gb-container-inside\"><div class=\"gb-container-content\" style=\"max-width:700px\">\n<div class=\"wp-block-genesis-blocks-gb-container box_titre gb-block-container\"><div class=\"gb-container-inside\"><div class=\"gb-container-content\">\n<h5 class=\"titre_box\">PLAN UW VERBLIJF IN <span class=\"titre_box_manuscrit\">Porto Santo<\/span><\/h5>\n<\/div><\/div><\/div>\n\n\n\n<hr class=\"wp-block-separator has-text-color has-alpha-channel-opacity has-background is-style-wide hr-box-planif\" style=\"background-color:#ccd3dd;color:#ccd3dd\"\/>\n\n\n\n<div class=\"wp-block-columns box_sans_border is-layout-flex wp-container-core-columns-is-layout-9d6595d7 wp-block-columns-is-layout-flex\">\n<div class=\"wp-block-column texte_planif is-layout-flow wp-block-column-is-layout-flow\" style=\"font-size:14px;flex-basis:60%\">\n<p class=\"option_titre2\"><strong>Het beste van<\/strong><\/p>\n\n\n\n<p style=\"font-size:16px\"><a href=\"https:\/\/madeiralovers.com\/nl\/bezienswaardigheden-porto-santo-bezoeken\/\" target=\"_blank\" rel=\"noreferrer noopener\">Porto Santo Bezienswaardigheden<\/a><br\/><a href=\"https:\/\/madeiralovers.com\/nl\/mooiste-landschappen-porto-santo-fotos\/\" target=\"_blank\" rel=\"noreferrer noopener\">De mooiste landschappen op foto&#8217;s<\/a><br\/><a href=\"https:\/\/madeiralovers.com\/nl\/mooiste-stranden-porto-santo-madeira\/\" target=\"_blank\" rel=\"noreferrer noopener\"><\/a><a href=\"https:\/\/madeiralovers.com\/nl\/mooiste-stranden-porto-santo-madeira\/\">De mooiste stranden van Porto Santo<\/a><br\/><a href=\"https:\/\/madeiralovers.com\/nl\/bezoeken-dunas-porto-santo\/\" target=\"_blank\" rel=\"noreferrer noopener\">De duinen<\/a><br\/><a href=\"https:\/\/madeiralovers.com\/nl\/natuurlijke-zwembaden-salemas-porto-santo\/\" target=\"_blank\" rel=\"noreferrer noopener\">De natuurlijke zwembaden van Salemas<\/a><br\/><a href=\"https:\/\/madeiralovers.com\/nl\/beste-restaurant-porto-santo-eten-beoorderlingen\/\" target=\"_blank\" rel=\"noreferrer noopener\">Beste restaurants<\/a><br\/><a href=\"https:\/\/madeiralovers.com\/nl\/wandeling-pico-branco-terra-cha-porto-santo\/\" target=\"_blank\" rel=\"noreferrer noopener\">Terra Cha wandeling<\/a><br\/><a href=\"https:\/\/madeiralovers.com\/nl\/pico-ana-ferreira-basaltorgel-grot\/\" target=\"_blank\" rel=\"noreferrer noopener\">Pico Ana Feireira<\/a><\/p>\n<\/div>\n\n\n\n<div class=\"wp-block-column is-vertically-aligned-top planif-radius is-layout-flow wp-block-column-is-layout-flow\" style=\"flex-basis:40%\">\n<figure class=\"wp-block-image size-large img-portrait\"><img decoding=\"async\" src=\"https:\/\/photos.smugmug.com\/Madeira-Lovers\/Porto-Santo\/7f-Porto-Santo-Beach\/i-3fRcNdk\/2\/fed19118\/S\/beach_Praia_Porto_Santo-7183839-S.jpg\" alt=\"Porto Santo strand\" title=\"\"\/><\/figure>\n<\/div>\n<\/div>\n\n\n\n<hr class=\"wp-block-separator has-text-color has-alpha-channel-opacity has-background is-style-wide hr-box-planif\" style=\"background-color:#ccd3dd;color:#ccd3dd\"\/>\n\n\n\n<div class=\"wp-block-columns box_sans_border is-layout-flex wp-container-core-columns-is-layout-9d6595d7 wp-block-columns-is-layout-flex\">\n<div class=\"wp-block-column texte_planif is-layout-flow wp-block-column-is-layout-flow\" style=\"font-size:14px;flex-basis:60%\">\n<p class=\"option_titre\"><strong>Praktisch advies<\/strong><\/p>\n\n\n\n<p style=\"font-size:16px\"><a href=\"https:\/\/madeiralovers.com\/nl\/hoe-kom-ik-in-porto-santo\/\" target=\"_blank\" rel=\"noreferrer noopener\">Hoe kom ik in Porto Santo?<\/a><br\/><a href=\"https:\/\/madeiralovers.com\/nl\/hoe-komt-u-rond-porto-santo\/\" target=\"_blank\" rel=\"noreferrer noopener\">Reizen door Porto Santo<\/a><br\/><a href=\"https:\/\/madeiralovers.com\/nl\/hoe-een-auto-huren-porto-santo-tips-ervaringen\/\" target=\"_blank\" rel=\"noreferrer noopener\">Huur een auto in Porto Santo<\/a><br\/><a href=\"https:\/\/madeiralovers.com\/nl\/waar-verblijven-porto-santo-beste-hotels-wijken\/\" target=\"_blank\" rel=\"noreferrer noopener\">Waar overnachten in Porto Santo &#8211; beste hotels<\/a><\/p>\n<\/div>\n\n\n\n<div class=\"wp-block-column is-vertically-aligned-top planif-radius is-layout-flow wp-block-column-is-layout-flow\" style=\"flex-basis:40%\">\n<figure class=\"wp-block-image size-large img-portrait\"><img decoding=\"async\" src=\"https:\/\/photos.smugmug.com\/Madeira-Lovers\/Porto-Santo\/7f-Porto-Santo-Beach\/i-WgTC8gn\/2\/445a60bf\/S\/beach_Praia_Porto_Santo-7183835-S.jpg\" alt=\"Taxi in Porto Santo\" title=\"\"\/><\/figure>\n<\/div>\n<\/div>\n\n\n\n<hr class=\"wp-block-separator has-text-color has-alpha-channel-opacity has-background is-style-wide hr-box-planif\" style=\"background-color:#ccd3dd;color:#ccd3dd\"\/>\n\n\n\n<div class=\"wp-block-columns box_sans_border is-layout-flex wp-container-core-columns-is-layout-9d6595d7 wp-block-columns-is-layout-flex\">\n<div class=\"wp-block-column texte_planif is-layout-flow wp-block-column-is-layout-flow\" style=\"font-size:14px;flex-basis:60%\">\n<p class=\"option_titre\"><strong>Buureiland Madeira<\/strong><\/p>\n\n\n\n<p style=\"font-size:16px\"><a href=\"https:\/\/madeiralovers.com\/nl\/bezienswaardigheden-madeira\/\" target=\"_blank\" rel=\"noreferrer noopener\">Bezienswaardigheden in Madeira<\/a><br\/><a href=\"https:\/\/madeiralovers.com\/nl\/beste-wandelingen-madeira\/\" target=\"_blank\" rel=\"noreferrer noopener\"><\/a><a href=\"https:\/\/madeiralovers.com\/nl\/beste-wandelingen-madeira\/\">Beste wandelingen op Madeira<\/a><br\/><a href=\"https:\/\/madeiralovers.com\/nl\/waar-verblijven-madeira-beste-plaatsen\/\" target=\"_blank\" rel=\"noreferrer noopener\"><\/a><a href=\"https:\/\/madeiralovers.com\/nl\/waar-verblijven-madeira-beste-plaatsen\/\">Waar overnachten op Madeira<\/a><br\/><a href=\"https:\/\/madeiralovers.com\/nl\/hoe-een-auto-huren-madeira-tips-ervaringen\/\">Huur een auto in Madeira<\/a><br\/><a href=\"https:\/\/madeiralovers.com\/nl\/mooiste-stranden-madeira\/\">Mooiste stranden<\/a><br\/><a href=\"https:\/\/madeiralovers.com\/nl\/beste-tuinen-madeira\/\" target=\"_blank\" rel=\"noreferrer noopener\">De mooiste tuinen<\/a><br\/><a href=\"https:\/\/madeiralovers.com\/nl\/natuurlijke-zwembaden-madeira\/\" target=\"_blank\" rel=\"noreferrer noopener\">Natuurlijke zwembaden<\/a><\/p>\n<\/div>\n\n\n\n<div class=\"wp-block-column is-vertically-aligned-top planif-radius is-layout-flow wp-block-column-is-layout-flow\" style=\"flex-basis:40%\">\n<figure class=\"wp-block-image size-large img-portrait\"><img decoding=\"async\" src=\"https:\/\/photos.smugmug.com\/Travel\/Madeira\/2j-Miradouro-de-Sao-Cristovao-Boaventura\/i-FMstLwd\/1\/d0368ad5\/L\/miradouro_Sao_Cristovao_Boaventura_Madeira-8577-L.jpg\" alt=\"Madeira\" title=\"\"\/><\/figure>\n<\/div>\n<\/div>\n<\/div><\/div><\/div>\n\n<p><\/p>\n\n<div class=\"wp-block-genesis-blocks-gb-container box_auteur_voyage gb-block-container\"><div class=\"gb-container-inside\"><div class=\"gb-container-content\">\n<figure class=\"wp-block-image size-large img_auteur_voyage\"><a href=\"https:\/\/madeiralovers.com\/nl\/claire-robinson\/\" target=\"_blank\" rel=\"noreferrer noopener\"><img decoding=\"async\" src=\"https:\/\/photos.smugmug.com\/Madeira-Lovers\/Portraits-equipe\/i-WCb99j5\/0\/2d0b98a0\/L\/regionlovers-3-L.jpg\" alt=\"\"\/><\/a><\/figure>\n\n\n\n<h5 class=\"titre_auteur_voyage\"><span>ZE MAAKTE DE REIS EN SCHREEF HET ARTIKEL \n <\/span><span class=\"titre_box_manuscrit\">Claire<\/span><\/h5>\n<\/div><\/div><\/div>\n","protected":false},"excerpt":{"rendered":"<p>Pico De Ana Ferreira is een rotsformatie in Porto Santo die velen in verrukking zal brengen, dankzij het basaltorgel en de grot met uitzicht over bijna het hele eiland.De plek is de moeite waard!Hier volgen enkele nuttige tips om u te helpen bij het plannen van uw bezoek. Is Pico Ana Ferreira een bezoekje waard? [&hellip;]<\/p>\n","protected":false},"author":2,"featured_media":1714,"comment_status":"closed","ping_status":"closed","sticky":false,"template":"","format":"standard","meta":{"_genesis_hide_title":false,"_genesis_hide_breadcrumbs":false,"_genesis_hide_singular_image":false,"_genesis_hide_footer_widgets":false,"_genesis_custom_body_class":"","_genesis_custom_post_class":"","_genesis_layout":"","footnotes":""},"categories":[39],"tags":[],"class_list":{"0":"post-1739","1":"post","2":"type-post","3":"status-publish","4":"format-standard","5":"has-post-thumbnail","7":"category-porto-santo-nl","8":"entry"},"yoast_head":"<!-- This site is optimized with the Yoast SEO plugin v27.2 - https:\/\/yoast.com\/product\/yoast-seo-wordpress\/ -->\n<title>Pico Ana Ferreira: basaltorgel + grot<\/title>\n<meta name=\"description\" content=\"Al onze tips voor een bezoek aan het basaltorgel van Porto Santo en de grot Pico Ana Ferreira met zijn prachtige uitzichten\" \/>\n<meta name=\"robots\" content=\"index, follow, max-snippet:-1, max-image-preview:large, max-video-preview:-1\" \/>\n<link rel=\"canonical\" href=\"https:\/\/madeiralovers.com\/nl\/pico-ana-ferreira-basaltorgel-grot\/\" \/>\n<meta property=\"og:locale\" content=\"nl_NL\" \/>\n<meta property=\"og:type\" content=\"article\" \/>\n<meta property=\"og:title\" content=\"Pico Ana Ferreira: basaltorgel + grot\" \/>\n<meta property=\"og:description\" content=\"Al onze tips voor een bezoek aan het basaltorgel van Porto Santo en de grot Pico Ana Ferreira met zijn prachtige uitzichten\" \/>\n<meta property=\"og:url\" content=\"https:\/\/madeiralovers.com\/nl\/pico-ana-ferreira-basaltorgel-grot\/\" \/>\n<meta property=\"og:site_name\" content=\"Madeira Lovers\" \/>\n<meta property=\"article:published_time\" content=\"2024-04-30T14:41:47+00:00\" \/>\n<meta property=\"article:modified_time\" content=\"2024-05-08T11:45:56+00:00\" \/>\n<meta property=\"og:image\" content=\"https:\/\/madeiralovers.com\/wp-content\/uploads\/2024\/04\/Pico-Ana-Ferreira-grot-Porto-Santo-basaltorgel-1.jpeg\" \/>\n\t<meta property=\"og:image:width\" content=\"800\" \/>\n\t<meta property=\"og:image:height\" content=\"600\" \/>\n\t<meta property=\"og:image:type\" content=\"image\/jpeg\" \/>\n<meta name=\"author\" content=\"Claire ROBINSON\" \/>\n<meta name=\"twitter:card\" content=\"summary_large_image\" \/>\n<meta name=\"twitter:label1\" content=\"Geschreven door\" \/>\n\t<meta name=\"twitter:data1\" content=\"Claire ROBINSON\" \/>\n\t<meta name=\"twitter:label2\" content=\"Geschatte leestijd\" \/>\n\t<meta name=\"twitter:data2\" content=\"5 minuten\" \/>\n<script type=\"application\/ld+json\" class=\"yoast-schema-graph\">{\"@context\":\"https:\/\/schema.org\",\"@graph\":[{\"@type\":\"Article\",\"@id\":\"https:\/\/madeiralovers.com\/nl\/pico-ana-ferreira-basaltorgel-grot\/#article\",\"isPartOf\":{\"@id\":\"https:\/\/madeiralovers.com\/nl\/pico-ana-ferreira-basaltorgel-grot\/\"},\"author\":{\"name\":\"Claire ROBINSON\",\"@id\":\"https:\/\/madeiralovers.com\/nl\/#\/schema\/person\/714bf48f891f34f544b1808122c3dd35\"},\"headline\":\"Pico Ana Ferreira: basaltorgel + grot\",\"datePublished\":\"2024-04-30T14:41:47+00:00\",\"dateModified\":\"2024-05-08T11:45:56+00:00\",\"mainEntityOfPage\":{\"@id\":\"https:\/\/madeiralovers.com\/nl\/pico-ana-ferreira-basaltorgel-grot\/\"},\"wordCount\":954,\"publisher\":{\"@id\":\"https:\/\/madeiralovers.com\/nl\/#organization\"},\"image\":{\"@id\":\"https:\/\/madeiralovers.com\/nl\/pico-ana-ferreira-basaltorgel-grot\/#primaryimage\"},\"thumbnailUrl\":\"https:\/\/madeiralovers.com\/wp-content\/uploads\/2024\/04\/Pico-Ana-Ferreira-grot-Porto-Santo-basaltorgel-1.jpeg\",\"articleSection\":[\"Porto Santo\"],\"inLanguage\":\"nl-NL\"},{\"@type\":\"WebPage\",\"@id\":\"https:\/\/madeiralovers.com\/nl\/pico-ana-ferreira-basaltorgel-grot\/\",\"url\":\"https:\/\/madeiralovers.com\/nl\/pico-ana-ferreira-basaltorgel-grot\/\",\"name\":\"Pico Ana Ferreira: basaltorgel + grot\",\"isPartOf\":{\"@id\":\"https:\/\/madeiralovers.com\/nl\/#website\"},\"primaryImageOfPage\":{\"@id\":\"https:\/\/madeiralovers.com\/nl\/pico-ana-ferreira-basaltorgel-grot\/#primaryimage\"},\"image\":{\"@id\":\"https:\/\/madeiralovers.com\/nl\/pico-ana-ferreira-basaltorgel-grot\/#primaryimage\"},\"thumbnailUrl\":\"https:\/\/madeiralovers.com\/wp-content\/uploads\/2024\/04\/Pico-Ana-Ferreira-grot-Porto-Santo-basaltorgel-1.jpeg\",\"datePublished\":\"2024-04-30T14:41:47+00:00\",\"dateModified\":\"2024-05-08T11:45:56+00:00\",\"description\":\"Al onze tips voor een bezoek aan het basaltorgel van Porto Santo en de grot Pico Ana Ferreira met zijn prachtige uitzichten\",\"breadcrumb\":{\"@id\":\"https:\/\/madeiralovers.com\/nl\/pico-ana-ferreira-basaltorgel-grot\/#breadcrumb\"},\"inLanguage\":\"nl-NL\",\"potentialAction\":[{\"@type\":\"ReadAction\",\"target\":[\"https:\/\/madeiralovers.com\/nl\/pico-ana-ferreira-basaltorgel-grot\/\"]}]},{\"@type\":\"ImageObject\",\"inLanguage\":\"nl-NL\",\"@id\":\"https:\/\/madeiralovers.com\/nl\/pico-ana-ferreira-basaltorgel-grot\/#primaryimage\",\"url\":\"https:\/\/madeiralovers.com\/wp-content\/uploads\/2024\/04\/Pico-Ana-Ferreira-grot-Porto-Santo-basaltorgel-1.jpeg\",\"contentUrl\":\"https:\/\/madeiralovers.com\/wp-content\/uploads\/2024\/04\/Pico-Ana-Ferreira-grot-Porto-Santo-basaltorgel-1.jpeg\",\"width\":800,\"height\":600,\"caption\":\"Pico Ana Ferreira grot Porto Santo basaltorgel\"},{\"@type\":\"BreadcrumbList\",\"@id\":\"https:\/\/madeiralovers.com\/nl\/pico-ana-ferreira-basaltorgel-grot\/#breadcrumb\",\"itemListElement\":[{\"@type\":\"ListItem\",\"position\":1,\"name\":\"Accueil\",\"item\":\"https:\/\/madeiralovers.com\/nl\/\"},{\"@type\":\"ListItem\",\"position\":2,\"name\":\"Porto Santo\",\"item\":\"https:\/\/madeiralovers.com\/nl\/porto-santo-nl\/\"},{\"@type\":\"ListItem\",\"position\":3,\"name\":\"Pico Ana Ferreira: basaltorgel + grot\"}]},{\"@type\":\"WebSite\",\"@id\":\"https:\/\/madeiralovers.com\/nl\/#website\",\"url\":\"https:\/\/madeiralovers.com\/nl\/\",\"name\":\"Madeira Lovers\",\"description\":\"Pour r\u00e9veiller vos sens \u00e0 Mad\u00e8re\",\"publisher\":{\"@id\":\"https:\/\/madeiralovers.com\/nl\/#organization\"},\"potentialAction\":[{\"@type\":\"SearchAction\",\"target\":{\"@type\":\"EntryPoint\",\"urlTemplate\":\"https:\/\/madeiralovers.com\/nl\/?s={search_term_string}\"},\"query-input\":{\"@type\":\"PropertyValueSpecification\",\"valueRequired\":true,\"valueName\":\"search_term_string\"}}],\"inLanguage\":\"nl-NL\"},{\"@type\":\"Organization\",\"@id\":\"https:\/\/madeiralovers.com\/nl\/#organization\",\"name\":\"Madeira Lovers\",\"url\":\"https:\/\/madeiralovers.com\/nl\/\",\"logo\":{\"@type\":\"ImageObject\",\"inLanguage\":\"nl-NL\",\"@id\":\"https:\/\/madeiralovers.com\/nl\/#\/schema\/logo\/image\/\",\"url\":\"https:\/\/madeiralovers.com\/wp-content\/uploads\/2024\/05\/cropped-Madeira-Lovers-Logos.png\",\"contentUrl\":\"https:\/\/madeiralovers.com\/wp-content\/uploads\/2024\/05\/cropped-Madeira-Lovers-Logos.png\",\"width\":2500,\"height\":554,\"caption\":\"Madeira Lovers\"},\"image\":{\"@id\":\"https:\/\/madeiralovers.com\/nl\/#\/schema\/logo\/image\/\"}},{\"@type\":\"Person\",\"@id\":\"https:\/\/madeiralovers.com\/nl\/#\/schema\/person\/714bf48f891f34f544b1808122c3dd35\",\"name\":\"Claire ROBINSON\",\"image\":{\"@type\":\"ImageObject\",\"inLanguage\":\"nl-NL\",\"@id\":\"https:\/\/secure.gravatar.com\/avatar\/e3566233826c32de8d7c9ef726a1087654b12cadb092acc17ee1d357687192ff?s=96&d=mm&r=g\",\"url\":\"https:\/\/secure.gravatar.com\/avatar\/e3566233826c32de8d7c9ef726a1087654b12cadb092acc17ee1d357687192ff?s=96&d=mm&r=g\",\"contentUrl\":\"https:\/\/secure.gravatar.com\/avatar\/e3566233826c32de8d7c9ef726a1087654b12cadb092acc17ee1d357687192ff?s=96&d=mm&r=g\",\"caption\":\"Claire ROBINSON\"},\"sameAs\":[\"https:\/\/madeiralovers.com\/claire-robinson\/\"],\"url\":\"https:\/\/madeiralovers.com\/nl\/author\/claire-robinson\/\"}]}<\/script>\n<!-- \/ Yoast SEO plugin. -->","yoast_head_json":{"title":"Pico Ana Ferreira: basaltorgel + grot","description":"Al onze tips voor een bezoek aan het basaltorgel van Porto Santo en de grot Pico Ana Ferreira met zijn prachtige uitzichten","robots":{"index":"index","follow":"follow","max-snippet":"max-snippet:-1","max-image-preview":"max-image-preview:large","max-video-preview":"max-video-preview:-1"},"canonical":"https:\/\/madeiralovers.com\/nl\/pico-ana-ferreira-basaltorgel-grot\/","og_locale":"nl_NL","og_type":"article","og_title":"Pico Ana Ferreira: basaltorgel + grot","og_description":"Al onze tips voor een bezoek aan het basaltorgel van Porto Santo en de grot Pico Ana Ferreira met zijn prachtige uitzichten","og_url":"https:\/\/madeiralovers.com\/nl\/pico-ana-ferreira-basaltorgel-grot\/","og_site_name":"Madeira Lovers","article_published_time":"2024-04-30T14:41:47+00:00","article_modified_time":"2024-05-08T11:45:56+00:00","og_image":[{"width":800,"height":600,"url":"https:\/\/madeiralovers.com\/wp-content\/uploads\/2024\/04\/Pico-Ana-Ferreira-grot-Porto-Santo-basaltorgel-1.jpeg","type":"image\/jpeg"}],"author":"Claire ROBINSON","twitter_card":"summary_large_image","twitter_misc":{"Geschreven door":"Claire ROBINSON","Geschatte leestijd":"5 minuten"},"schema":{"@context":"https:\/\/schema.org","@graph":[{"@type":"Article","@id":"https:\/\/madeiralovers.com\/nl\/pico-ana-ferreira-basaltorgel-grot\/#article","isPartOf":{"@id":"https:\/\/madeiralovers.com\/nl\/pico-ana-ferreira-basaltorgel-grot\/"},"author":{"name":"Claire ROBINSON","@id":"https:\/\/madeiralovers.com\/nl\/#\/schema\/person\/714bf48f891f34f544b1808122c3dd35"},"headline":"Pico Ana Ferreira: basaltorgel + grot","datePublished":"2024-04-30T14:41:47+00:00","dateModified":"2024-05-08T11:45:56+00:00","mainEntityOfPage":{"@id":"https:\/\/madeiralovers.com\/nl\/pico-ana-ferreira-basaltorgel-grot\/"},"wordCount":954,"publisher":{"@id":"https:\/\/madeiralovers.com\/nl\/#organization"},"image":{"@id":"https:\/\/madeiralovers.com\/nl\/pico-ana-ferreira-basaltorgel-grot\/#primaryimage"},"thumbnailUrl":"https:\/\/madeiralovers.com\/wp-content\/uploads\/2024\/04\/Pico-Ana-Ferreira-grot-Porto-Santo-basaltorgel-1.jpeg","articleSection":["Porto Santo"],"inLanguage":"nl-NL"},{"@type":"WebPage","@id":"https:\/\/madeiralovers.com\/nl\/pico-ana-ferreira-basaltorgel-grot\/","url":"https:\/\/madeiralovers.com\/nl\/pico-ana-ferreira-basaltorgel-grot\/","name":"Pico Ana Ferreira: basaltorgel + grot","isPartOf":{"@id":"https:\/\/madeiralovers.com\/nl\/#website"},"primaryImageOfPage":{"@id":"https:\/\/madeiralovers.com\/nl\/pico-ana-ferreira-basaltorgel-grot\/#primaryimage"},"image":{"@id":"https:\/\/madeiralovers.com\/nl\/pico-ana-ferreira-basaltorgel-grot\/#primaryimage"},"thumbnailUrl":"https:\/\/madeiralovers.com\/wp-content\/uploads\/2024\/04\/Pico-Ana-Ferreira-grot-Porto-Santo-basaltorgel-1.jpeg","datePublished":"2024-04-30T14:41:47+00:00","dateModified":"2024-05-08T11:45:56+00:00","description":"Al onze tips voor een bezoek aan het basaltorgel van Porto Santo en de grot Pico Ana Ferreira met zijn prachtige uitzichten","breadcrumb":{"@id":"https:\/\/madeiralovers.com\/nl\/pico-ana-ferreira-basaltorgel-grot\/#breadcrumb"},"inLanguage":"nl-NL","potentialAction":[{"@type":"ReadAction","target":["https:\/\/madeiralovers.com\/nl\/pico-ana-ferreira-basaltorgel-grot\/"]}]},{"@type":"ImageObject","inLanguage":"nl-NL","@id":"https:\/\/madeiralovers.com\/nl\/pico-ana-ferreira-basaltorgel-grot\/#primaryimage","url":"https:\/\/madeiralovers.com\/wp-content\/uploads\/2024\/04\/Pico-Ana-Ferreira-grot-Porto-Santo-basaltorgel-1.jpeg","contentUrl":"https:\/\/madeiralovers.com\/wp-content\/uploads\/2024\/04\/Pico-Ana-Ferreira-grot-Porto-Santo-basaltorgel-1.jpeg","width":800,"height":600,"caption":"Pico Ana Ferreira grot Porto Santo basaltorgel"},{"@type":"BreadcrumbList","@id":"https:\/\/madeiralovers.com\/nl\/pico-ana-ferreira-basaltorgel-grot\/#breadcrumb","itemListElement":[{"@type":"ListItem","position":1,"name":"Accueil","item":"https:\/\/madeiralovers.com\/nl\/"},{"@type":"ListItem","position":2,"name":"Porto Santo","item":"https:\/\/madeiralovers.com\/nl\/porto-santo-nl\/"},{"@type":"ListItem","position":3,"name":"Pico Ana Ferreira: basaltorgel + grot"}]},{"@type":"WebSite","@id":"https:\/\/madeiralovers.com\/nl\/#website","url":"https:\/\/madeiralovers.com\/nl\/","name":"Madeira Lovers","description":"Pour r\u00e9veiller vos sens \u00e0 Mad\u00e8re","publisher":{"@id":"https:\/\/madeiralovers.com\/nl\/#organization"},"potentialAction":[{"@type":"SearchAction","target":{"@type":"EntryPoint","urlTemplate":"https:\/\/madeiralovers.com\/nl\/?s={search_term_string}"},"query-input":{"@type":"PropertyValueSpecification","valueRequired":true,"valueName":"search_term_string"}}],"inLanguage":"nl-NL"},{"@type":"Organization","@id":"https:\/\/madeiralovers.com\/nl\/#organization","name":"Madeira Lovers","url":"https:\/\/madeiralovers.com\/nl\/","logo":{"@type":"ImageObject","inLanguage":"nl-NL","@id":"https:\/\/madeiralovers.com\/nl\/#\/schema\/logo\/image\/","url":"https:\/\/madeiralovers.com\/wp-content\/uploads\/2024\/05\/cropped-Madeira-Lovers-Logos.png","contentUrl":"https:\/\/madeiralovers.com\/wp-content\/uploads\/2024\/05\/cropped-Madeira-Lovers-Logos.png","width":2500,"height":554,"caption":"Madeira Lovers"},"image":{"@id":"https:\/\/madeiralovers.com\/nl\/#\/schema\/logo\/image\/"}},{"@type":"Person","@id":"https:\/\/madeiralovers.com\/nl\/#\/schema\/person\/714bf48f891f34f544b1808122c3dd35","name":"Claire ROBINSON","image":{"@type":"ImageObject","inLanguage":"nl-NL","@id":"https:\/\/secure.gravatar.com\/avatar\/e3566233826c32de8d7c9ef726a1087654b12cadb092acc17ee1d357687192ff?s=96&d=mm&r=g","url":"https:\/\/secure.gravatar.com\/avatar\/e3566233826c32de8d7c9ef726a1087654b12cadb092acc17ee1d357687192ff?s=96&d=mm&r=g","contentUrl":"https:\/\/secure.gravatar.com\/avatar\/e3566233826c32de8d7c9ef726a1087654b12cadb092acc17ee1d357687192ff?s=96&d=mm&r=g","caption":"Claire ROBINSON"},"sameAs":["https:\/\/madeiralovers.com\/claire-robinson\/"],"url":"https:\/\/madeiralovers.com\/nl\/author\/claire-robinson\/"}]}},"featured_image_src":"https:\/\/madeiralovers.com\/wp-content\/uploads\/2024\/04\/Pico-Ana-Ferreira-grot-Porto-Santo-basaltorgel-1-600x400.jpeg","featured_image_src_square":"https:\/\/madeiralovers.com\/wp-content\/uploads\/2024\/04\/Pico-Ana-Ferreira-grot-Porto-Santo-basaltorgel-1-600x600.jpeg","author_info":{"display_name":"Claire ROBINSON","author_link":"https:\/\/madeiralovers.com\/nl\/author\/claire-robinson\/"},"_links":{"self":[{"href":"https:\/\/madeiralovers.com\/nl\/wp-json\/wp\/v2\/posts\/1739","targetHints":{"allow":["GET"]}}],"collection":[{"href":"https:\/\/madeiralovers.com\/nl\/wp-json\/wp\/v2\/posts"}],"about":[{"href":"https:\/\/madeiralovers.com\/nl\/wp-json\/wp\/v2\/types\/post"}],"author":[{"embeddable":true,"href":"https:\/\/madeiralovers.com\/nl\/wp-json\/wp\/v2\/users\/2"}],"replies":[{"embeddable":true,"href":"https:\/\/madeiralovers.com\/nl\/wp-json\/wp\/v2\/comments?post=1739"}],"version-history":[{"count":0,"href":"https:\/\/madeiralovers.com\/nl\/wp-json\/wp\/v2\/posts\/1739\/revisions"}],"wp:featuredmedia":[{"embeddable":true,"href":"https:\/\/madeiralovers.com\/nl\/wp-json\/wp\/v2\/media\/1714"}],"wp:attachment":[{"href":"https:\/\/madeiralovers.com\/nl\/wp-json\/wp\/v2\/media?parent=1739"}],"wp:term":[{"taxonomy":"category","embeddable":true,"href":"https:\/\/madeiralovers.com\/nl\/wp-json\/wp\/v2\/categories?post=1739"},{"taxonomy":"post_tag","embeddable":true,"href":"https:\/\/madeiralovers.com\/nl\/wp-json\/wp\/v2\/tags?post=1739"}],"curies":[{"name":"wp","href":"https:\/\/api.w.org\/{rel}","templated":true}]}}