{"id":6217,"date":"2025-12-23T21:50:53","date_gmt":"2025-12-23T20:50:53","guid":{"rendered":"https:\/\/madeiralovers.com\/miradouro-do-cabouco-madere\/"},"modified":"2026-02-12T12:39:39","modified_gmt":"2026-02-12T11:39:39","slug":"miradouro-do-cabouco-madeira","status":"publish","type":"post","link":"https:\/\/madeiralovers.com\/it\/miradouro-do-cabouco-madeira\/","title":{"rendered":"Miradouro do Cabouco (Madeira): accesso + foto"},"content":{"rendered":"\n<p>Tutti i nostri consigli per visitare il Miradouro do Cabouco a Madeira: accesso, parcheggio, vista, informazioni pratiche.<\/p>\n\n<figure class=\"wp-block-image size-full\"><img loading=\"lazy\" decoding=\"async\" width=\"800\" height=\"600\" src=\"https:\/\/madeiralovers.com\/wp-content\/uploads\/2024\/04\/Miradouro-do-Cabouco-Madeira.jpeg\" alt=\"Miradouro do Cabouco Madeira\" class=\"wp-image-1295\" srcset=\"https:\/\/madeiralovers.com\/wp-content\/uploads\/2024\/04\/Miradouro-do-Cabouco-Madeira.jpeg 800w, https:\/\/madeiralovers.com\/wp-content\/uploads\/2024\/04\/Miradouro-do-Cabouco-Madeira-300x225.jpeg 300w, https:\/\/madeiralovers.com\/wp-content\/uploads\/2024\/04\/Miradouro-do-Cabouco-Madeira-768x576.jpeg 768w, https:\/\/madeiralovers.com\/wp-content\/uploads\/2024\/04\/Miradouro-do-Cabouco-Madeira-702x526.jpeg 702w\" sizes=\"auto, (max-width: 800px) 100vw, 800px\" \/><\/figure>\n\n<h2 class=\"wp-block-heading\">Vale la pena fermarsi al Miradouro de Cabouco?<\/h2>\n\n<p>Un punto di vista superbo intorno a un tornante con la verde valle di Faial e le cime del centro dell&#8217;isola. \u00c8 uno dei paesaggi pi\u00f9 verdi che abbiamo visto a Madeira, e questo la dice lunga.<\/p>\n\n<p>Se sei stato a vedere la magia del Pico do Arieiro e stai tornando verso la costa nord, prenditi del tempo per ammirare la valle e le cime aguzze sullo sfondo. Queste sono le cime intorno a Pico do Ariero!<\/p>\n\n<p>A nostro avviso, questo \u00e8 uno dei <a href=\"https:\/\/madeiralovers.com\/it\/migliori-punti-panoramici-madeira-miradouros\/\" target=\"_blank\" rel=\"noreferrer noopener\">punti panoramici pi\u00f9 belli di Madeira<\/a>.<\/p>\n\n<h2 class=\"wp-block-heading\">Dov&#8217;\u00e8 il punto di vista? Accesso<\/h2>\n\n<p>La preghiamo di notare che diverse mappe su Internet indicano diversi punti panoramici con lo stesso nome, quindi facciamo riferimento a questo:<\/p>\n\n<ul class=\"wp-block-list\">\n<li>Strada: ER103, una delle <a href=\"https:\/\/madeiralovers.com\/it\/piu-belle-strade-madeira\/\" target=\"_blank\" rel=\"noreferrer noopener\">strade pi\u00f9 belle di Madeira<\/a><\/li>\n\n\n\n<li>Tra Pico do Arieio e la costa settentrionale<\/li>\n\n\n\n<li>Da Faial = 15 min<\/li>\n\n\n\n<li>Da Funchal = 50 min<\/li>\n\n\n\n<li>Possibilit\u00e0 di fermarsi qui in entrambe le direzioni<\/li>\n<\/ul>\n\n<p>Ecco una mappa per aiutarla a trovarla:<\/p>\n\n<figure class=\"wp-block-image size-large\"><img decoding=\"async\" src=\"https:\/\/madeiralovers.com\/wp-content\/uploads\/2024\/04\/mappa-Miradouro-do-Cabouco-Madeira-1024x683.png\" alt=\"Miradouro do Cabouco Madeira mappa\" class=\"wp-image-1304\"\/><figcaption class=\"wp-element-caption\">Mappa: Miradouro do Cabouco a Madeira<\/figcaption><\/figure>\n\n<div style=\"margin-top:8%;margin-bottom:8%\" class=\"wp-block-genesis-blocks-gb-container box gb-block-container\"><div class=\"gb-container-inside\"><div class=\"gb-container-content\">\n<div class=\"wp-block-columns inverse box_planif is-layout-flex wp-container-core-columns-is-layout-9d6595d7 wp-block-columns-is-layout-flex\">\n<div class=\"wp-block-column texte_planif is-layout-flow wp-block-column-is-layout-flow\" style=\"flex-basis:58%\">\n<h5 class=\"titre_box\">I NOSTRI CONSIGLI PER NOLEGGIARE UN&#8217;AUTO A <span class=\"titre_box_manuscrit\">\nMadeira<\/span><\/h5>\n\n\n\n<ul style=\"font-size:14px\" class=\"liste_voiture wp-block-list\">\n<li>Confronti i prezzi sulla nostra piattaforma preferita: <a href=\"https:\/\/www.discovercars.com\/it\/portugal\/madeira?a_aid=zigzag&amp;chan=madeira\" target=\"_blank\" rel=\"noreferrer noopener sponsored nofollow\">DiscoverCars<\/a> &#8211; uno dei siti meglio valutati.<\/li>\n\n\n\n<li>Prendete un&#8217;auto con un buon motore per le strade in pendenza, ma non troppo grande per le manovre.<\/li>\n\n\n\n<li>C&#8217;\u00e8 molta richiesta e poche auto, quindi <strong>prenotate per tempo<\/strong>.<\/li>\n<\/ul>\n<\/div>\n\n\n\n<div class=\"wp-block-column planif-radius-3 is-layout-flow wp-block-column-is-layout-flow\" style=\"flex-basis:42%\">\n<figure class=\"wp-block-image size-large is-resized\"><img decoding=\"async\" src=\"https:\/\/photos.smugmug.com\/Travel\/Madeira\/2i-Miadouro\/i-j86nfB5\/2\/DRCCwrZmGLt2TxcQqRkkLrm3JR55K3NLchGxDNsx6\/S\/driving_Madeira-7130748-S.jpg\" alt=\"Noleggio auto a Madeira\" title=\"\"\/><\/figure>\n<\/div>\n<\/div>\n\n\n\n<div class=\"wp-block-columns planif_bouton is-layout-flex wp-container-core-columns-is-layout-9d6595d7 wp-block-columns-is-layout-flex\">\n<div class=\"wp-block-column is-layout-flow wp-block-column-is-layout-flow\" style=\"flex-basis:50%\">\n<div class=\"wp-block-buttons is-content-justification-center is-layout-flex wp-container-core-buttons-is-layout-16018d1d wp-block-buttons-is-layout-flex\">\n<div class=\"wp-block-button has-custom-font-size\" style=\"font-size:14px\"><a class=\"wp-block-button__link has-white-color has-text-color wp-element-button\" href=\"https:\/\/www.discovercars.com\/it\/portugal\/madeira?a_aid=zigzag&amp;amp;chan=madeira\" style=\"border-radius:4px\" target=\"_blank\" rel=\"noreferrer noopener\">Vedere le auto &gt;&gt;<\/a><\/div>\n<\/div>\n<\/div>\n\n\n\n<div class=\"wp-block-column is-vertically-aligned-center is-layout-flow wp-block-column-is-layout-flow\" style=\"flex-basis:50%\">\n<p class=\"has-text-align-center\" style=\"font-size:14px\"><strong><a href=\"https:\/\/madeiralovers.com\/it\/come-noleggiare-auto-madeira-consigli-esperienze\/\" target=\"_blank\" rel=\"noreferrer noopener\">Guardi i nostri consigli<\/a><\/strong><\/p>\n<\/div>\n<\/div>\n<\/div><\/div><\/div>\n\n<h2 class=\"wp-block-heading\">Parcheggio<\/h2>\n\n<p>Facile da parcheggiare.<br\/>Diversi posti auto lungo la strada per almeno 3 auto.<\/p>\n\n<p>Tuttavia, \u00e8 un percorso piuttosto popolare.<br\/>Sar\u00e0 pi\u00f9 facile fermarsi al mattino o in bassa stagione.<\/p>\n\n<figure class=\"wp-block-image size-large\"><img decoding=\"async\" src=\"https:\/\/photos.smugmug.com\/Travel\/Madeira\/12k-Miradouro-do-Cabouco\/i-J6RL5Mk\/2\/56n2HXRHzv7PB9qLVzKnvwSSQHvJpgbswqQQJJwK\/L\/Miradouro_do_Cabouco_Madeira-7230377-L.jpg\" alt=\"posti auto presso il punto panoramico Cabouco\"\/><\/figure>\n\n<div style=\"background-color:#f4fae2;margin-top:8%;margin-bottom:8%\" class=\"wp-block-genesis-blocks-gb-container box gb-block-container\"><div class=\"gb-container-inside\"><div class=\"gb-container-content\" style=\"max-width:700px\">\n<div class=\"wp-block-genesis-blocks-gb-container box_titre gb-block-container\"><div class=\"gb-container-inside\"><div class=\"gb-container-content\">\n<h5 class=\"titre_box\" style=\"padding-top:10px;\">DOVE ALLOGGIARE A <span class=\"titre_box_manuscrit\">Madeira<\/span><\/h5>\n<\/div><\/div><\/div>\n\n\n\n<div class=\"wp-block-columns box_sans_border is-layout-flex wp-container-core-columns-is-layout-9d6595d7 wp-block-columns-is-layout-flex\">\n<div class=\"wp-block-column texte_planif is-layout-flow wp-block-column-is-layout-flow\" style=\"font-size:14px;flex-basis:60%\">\n<p class=\"option_titre2\">Le nostre selezioni indipendenti per aiutarti a trovare <strong>l&#8217;alloggio dei tuoi sogni<\/strong>:<\/p>\n\n\n\n<ul class=\"wp-block-list\">\n<li><a href=\"https:\/\/madeiralovers.com\/it\/dove-alloggiare-madeira-migliori-destinazioni\/\" target=\"_blank\" rel=\"noreferrer noopener\">Dove dormire a Madeira<\/a><\/li>\n<\/ul>\n\n\n\n<ul class=\"wp-block-list\">\n<li><a href=\"https:\/\/madeiralovers.com\/it\/migliori-hotel-5-stelle-funchal-madeira-lusso-recensioni\/\" target=\"_blank\" rel=\"noreferrer noopener\">I migliori hotel a 5 stelle<\/a><\/li>\n\n\n\n<li><a href=\"https:\/\/madeiralovers.com\/it\/migliori-hotel-boutique-funchal-madeira-charme\/\">I migliori hotel boutique<\/a><\/li>\n\n\n\n<li><a href=\"https:\/\/madeiralovers.com\/it\/migliori-hotel-centro-storico-funchal-recensioni\/\" target=\"_blank\" rel=\"noreferrer noopener\">I migliori hotel del centro storico di Funchal<\/a><\/li>\n\n\n\n<li><a href=\"https:\/\/madeiralovers.com\/it\/migliori-hotel-adults-only-funchal-madeira\/\" target=\"_blank\" rel=\"noreferrer noopener\">I migliori hotel per soli adulti<\/a><\/li>\n\n\n\n<li><a href=\"https:\/\/madeiralovers.com\/it\/migliori-hotel-famiglie-bambini-madeira-recensioni\/\" target=\"_blank\" rel=\"noreferrer noopener\">I migliori hotel per famiglie<\/a><\/li>\n\n\n\n<li><a href=\"https:\/\/madeiralovers.com\/it\/migliori-hotel-all-inclusive-madeira\/\" target=\"_blank\" rel=\"noreferrer noopener\">I migliori hotel all-inclusive<\/a><\/li>\n\n\n\n<li><a href=\"https:\/\/madeiralovers.com\/it\/migliori-hotel-romantici-funchal-madeira-amanti\/\" target=\"_blank\" rel=\"noreferrer noopener\">I migliori hotel romantici<\/a><\/li>\n<\/ul>\n<\/div>\n\n\n\n<div class=\"wp-block-column is-vertically-aligned-top planif-radius is-layout-flow wp-block-column-is-layout-flow\" style=\"flex-basis:40%\">\n<figure class=\"wp-block-image size-large img-portrait\"><img decoding=\"async\" src=\"https:\/\/photos.smugmug.com\/Travel\/Madeira\/Accommodation\/i-TtZHSRZ\/1\/7f80cf7d\/L\/Arco_da_Calheta_hotel_Madeira-8896-L.jpg\" alt=\"Albergo Engenho Velho\" title=\"\"\/><\/figure>\n<\/div>\n<\/div>\n<\/div><\/div><\/div>\n\n<h2 class=\"wp-block-heading\">Il momento migliore<\/h2>\n\n<p>Offre viste panoramiche a sud, est e nord.<br\/>Il sole pu\u00f2 essere una seccatura per tutta la mattina.<br\/>Qui trover\u00e0 dei tavoli da picnic: \u00e8 un posto meraviglioso per fare una pausa e pranzare!<\/p>\n\n<figure class=\"wp-block-image size-large\"><img decoding=\"async\" src=\"https:\/\/photos.smugmug.com\/Travel\/Madeira\/12k-Miradouro-do-Cabouco\/i-RBsZGhS\/2\/FJG3L6Q4Fq8PxM4sggs74XvbQrcm2hdw7ppK77HZX\/L\/Miradouro_do_Cabouco_Madeira-7230370-L.jpg\" alt=\"tavoli da picnic con vista\"\/><\/figure>\n\n<h2 class=\"wp-block-heading\">Visualizza la descrizione<\/h2>\n\n<p>Situato ad un&#8217;altitudine di circa 900 metri sulle pendici settentrionali della catena montuosa centrale di Madeira, il panorama offre un sorprendente contrasto tra le scoscese cime vulcaniche e le profonde valli lussureggianti.<\/p>\n\n<p><strong>I vertici<\/strong><\/p>\n\n<p>Se guarda verso sud in una giornata limpida, avr\u00e0 una vista mozzafiato delle montagne pi\u00f9 alte dell&#8217;isola: <strong>Pico do Arieiro<\/strong>, <strong>Pico das Torres<\/strong> e il <strong>Pico do Gato<\/strong>, simile a un ago. Formano uno sfondo robusto che cattura la luce del mattino o \u00e8 avvolto da una nebbia atmosferica.<\/p>\n\n<figure class=\"wp-block-image size-large\"><img decoding=\"async\" src=\"https:\/\/photos.smugmug.com\/Travel\/Madeira\/12k-Miradouro-do-Cabouco\/i-kjBtQTL\/2\/JxsmSSch2QtpsLdWf77k5CsBFpsMkcq3v8k5BLBW\/L\/Miradouro_do_Cabouco_Madeira-7230393-L.jpg\" alt=\"vista sulle montagne del Pico do Arieiro\"\/><\/figure>\n\n<div style=\"background-color:#fefefe;margin-top:6%;margin-bottom:6%\" class=\"wp-block-genesis-blocks-gb-container box gb-block-container\"><div class=\"gb-container-inside\"><div class=\"gb-container-content\" style=\"max-width:700px\">\n<div class=\"wp-block-columns inverse is-layout-flex wp-container-core-columns-is-layout-9d6595d7 wp-block-columns-is-layout-flex\">\n<div class=\"wp-block-column texte_planif is-layout-flow wp-block-column-is-layout-flow\" style=\"flex-basis:58%\">\n<h5 class=\"titre_box\">LA NOSTRA GUIDA PER ORGANIZZARE UN VIAGGIO DA <span class=\"titre_box_manuscrit\">sogno<\/span><\/h5>\n\n\n\n<ul class=\"wp-block-list\">\n<li>7 mappe che facilitano la pianificazione<\/li>\n\n\n\n<li>+ 120 sedi preselezionate  <\/li>\n\n\n\n<li>Consigli pratici  <\/li>\n\n\n\n<li>+ 260 foto per aiutarvi a scegliere<\/li>\n<\/ul>\n\n\n\n<div class=\"wp-block-buttons is-layout-flex wp-block-buttons-is-layout-flex\">\n<div class=\"wp-block-button\"><a class=\"wp-block-button__link has-theme-primary-background-color has-background wp-element-button\" href=\"https:\/\/madeiralovers.com\/it\/ebook-guida-viaggio-madeira\/\">Scopri di pi\u00f9 &gt;&gt;<\/a><\/div>\n<\/div>\n<\/div>\n\n\n\n<div class=\"wp-block-column is-layout-flow wp-block-column-is-layout-flow\" style=\"flex-basis:42%\">\n<div class=\"wp-block-genesis-blocks-gb-container ebook-radius-waitlist gb-block-container\"><div class=\"gb-container-inside\"><div class=\"gb-container-content\"><div class=\"wp-block-image ebook-image\">\n<figure class=\"aligncenter size-full\"><img decoding=\"async\" src=\"https:\/\/madeiralovers.com\/wp-content\/uploads\/2024\/06\/Med-Madeira-Travel-Guide-ebook-cover-7.jpg\" alt=\"guida-viaggio-Madere-libro-copertina-media\" class=\"wp-image-2412\"\/><\/figure>\n<\/div><\/div><\/div><\/div>\n<\/div>\n<\/div>\n<\/div><\/div><\/div>\n\n<p><strong>Valli verdi<\/strong><\/p>\n\n<p>Guardando in basso, vedr\u00e0 le profonde valli che portano a Faial. Il paesaggio \u00e8 coperto da foreste, il che significa che \u00e8 intensamente verde e punteggiato da campi agricoli terrazzati scavati nella collina.<\/p>\n\n<figure class=\"wp-block-image size-large\"><img decoding=\"async\" src=\"https:\/\/photos.smugmug.com\/Travel\/Madeira\/12k-Miradouro-do-Cabouco\/i-hxMZRGK\/2\/RkXsVtqkvVnXmLxZFdKTGNW3c6x4BZpSxg4vDxGB\/L\/Miradouro_do_Cabouco_Madeira-9826-L.jpg\" alt=\"Vista sulla valle\"\/><\/figure>\n\n<p><strong>Vista sulla costa<\/strong><\/p>\n\n<p>A nord, si vede il mare. Ma la vegetazione blocca la vista.<br\/>Lungo il percorso, potr\u00e0 scorgere l&#8217;emblematica <strong>Penha d&#8217;\u00c1guia<\/strong> (Roccia dell&#8217;Aquila), che sorge vicino a <a href=\"https:\/\/madeiralovers.com\/it\/cosa-vedere-porto-da-cruz-madeira-visitare\/\" type=\"post\" id=\"2765\" target=\"_blank\" rel=\"noreferrer noopener\">Porto da Cruz<\/a>.<\/p>\n\n<div style=\"margin-top:8%;margin-bottom:8%\" class=\"wp-block-genesis-blocks-gb-container box gb-block-container\"><div class=\"gb-container-inside\"><div class=\"gb-container-content\">\n<div class=\"wp-block-columns inverse is-layout-flex wp-container-core-columns-is-layout-9d6595d7 wp-block-columns-is-layout-flex\">\n<div class=\"wp-block-column texte_planif is-layout-flow wp-block-column-is-layout-flow\" style=\"flex-basis:58%\">\n<h5 class=\"titre_box\">LE NOSTRE ATTIVIT\u00c0 PREFERITE A <span class=\"titre_box_manuscrit\">Madeira<\/span><\/h5>\n\n\n\n<p style=\"font-size:14px\">Gita in catamarano per vedere i delfini e le gigantesche scogliere di Madeira.<\/p>\n\n\n\n<p style=\"font-size:14px\"><a href=\"https:\/\/www.getyourguide.it\/s?q=Funchal+dauphins+catamaran&amp;searchSource=8&amp;partner_id=R3GYW4V&amp;cmp=madeira\" target=\"_blank\" rel=\"noreferrer noopener sponsored nofollow\">Scopri il programma e la disponibilit\u00e0 &#8211; e prenota!<\/a><\/p>\n<\/div>\n\n\n\n<div class=\"wp-block-column ville-radius is-layout-flow wp-block-column-is-layout-flow\" style=\"flex-basis:42%\">\n<figure class=\"wp-block-image size-large is-resized img-portrait\"><img decoding=\"async\" src=\"https:\/\/photos.smugmug.com\/Travel\/Madeira\/9c-Dolphins\/i-whpFzdc\/1\/2fa5ccf1\/L\/dolphin_cruise_boat_Tour_Madeira-7204502-L.jpg\" alt=\"\" style=\"width:319px;height:303px\" title=\"\"\/><\/figure>\n<\/div>\n<\/div>\n<\/div><\/div><\/div>\n\n<h2 class=\"wp-block-heading\">Attrazioni pi\u00f9 vicine  <\/h2>\n\n<p>Programmate la vostra giornata abbinando un&#8217;attrazione a questa vista. Per esempio:<\/p>\n\n<ul class=\"wp-block-list\">\n<li>il famoso <a href=\"https:\/\/madeiralovers.com\/wp-content\/uploads\/2024\/08\/cosa-vedere-Pico-do-Arieiro-Madeira.jpeg\" target=\"_blank\" rel=\"noreferrer noopener\">Pico do Arieiro<\/a> e le sue magnifiche viste (o escursione)<\/li>\n\n\n\n<li>la breve passeggiata <a href=\"https:\/\/madeiralovers.com\/it\/escursione-pr11-verada-balcoes-madeira\/\" target=\"_blank\" rel=\"noreferrer noopener\">Verada dos Balcoes<\/a> con splendide viste dalla piattaforma<\/li>\n\n\n\n<li>il villaggio costiero di <a href=\"https:\/\/madeiralovers.com\/wp-content\/uploads\/2024\/06\/cosa-vedere-porto-da-cruz-fare-visitare.jpg\" target=\"_blank\" rel=\"noreferrer noopener\">Porto da Cruz <\/a> <\/li>\n\n\n\n<li>Case tipiche a Santana  <\/li>\n<\/ul>\n\n<div style=\"margin-top:8%;margin-bottom:8%\" class=\"wp-block-genesis-blocks-gb-container box gb-block-container\"><div class=\"gb-container-inside\"><div class=\"gb-container-content\" style=\"max-width:700px\">\n<div class=\"wp-block-genesis-blocks-gb-container box_titre gb-block-container\"><div class=\"gb-container-inside\"><div class=\"gb-container-content\">\n<h5 class=\"titre_box\">ORGANIZZA IL TUO SOGGIORNO A <span class=\"titre_box_manuscrit\">Madeira<\/span><\/h5>\n<\/div><\/div><\/div>\n\n\n\n<hr class=\"wp-block-separator has-text-color has-alpha-channel-opacity has-background is-style-wide hr-box-planif\" style=\"background-color:#ccd3dd;color:#ccd3dd\"\/>\n\n\n\n<div class=\"wp-block-columns box_sans_border is-layout-flex wp-container-core-columns-is-layout-9d6595d7 wp-block-columns-is-layout-flex\">\n<div class=\"wp-block-column texte_planif is-layout-flow wp-block-column-is-layout-flow\" style=\"font-size:14px;flex-basis:60%\">\n<p class=\"option_titre2\"><strong>Il meglio di<\/strong><\/p>\n\n\n\n<p style=\"font-size:16px\"><a href=\"https:\/\/madeiralovers.com\/it\/cosa-vedere-madeira-attrazioni\/\">Cosa vedere a Madeira<\/a><br\/><a href=\"https:\/\/madeiralovers.com\/it\/migliori-punti-panoramici-madeira-miradouros\/\" target=\"_blank\" rel=\"noreferrer noopener\">I punti panoramici pi\u00f9 belli<\/a><br\/><a href=\"https:\/\/madeiralovers.com\/it\/migliori-spiagge-madeira\/\" target=\"_blank\" rel=\"noreferrer noopener\">Le spiagge pi\u00f9 belle di Madeira<\/a><br\/><a href=\"https:\/\/madeiralovers.com\/it\/migliori-giardini-madeira\/\" target=\"_blank\" rel=\"noreferrer noopener\">I giardini pi\u00f9 belli<\/a><br\/><a href=\"https:\/\/madeiralovers.com\/it\/piscine-naturali-madeira\/\" target=\"_blank\" rel=\"noreferrer noopener\">Piscine naturali<\/a><br\/><a href=\"https:\/\/madeiralovers.com\/it\/migliori-escursioni-madeira-trekking\/\" target=\"_blank\" rel=\"noreferrer noopener\">Le migliori passeggiate<\/a><br\/><a href=\"https:\/\/madeiralovers.com\/it\/piu-belle-strade-madeira\/\" target=\"_blank\" rel=\"noreferrer noopener\">Le strade pi\u00f9 belle<\/a><br\/><a href=\"https:\/\/madeiralovers.com\/it\/posti-segreti-madeira-nascoti\/\" target=\"_blank\" rel=\"noreferrer noopener\">Luoghi segreti<\/a><\/p>\n<\/div>\n\n\n\n<div class=\"wp-block-column is-vertically-aligned-top planif-radius is-layout-flow wp-block-column-is-layout-flow\" style=\"flex-basis:40%\">\n<figure class=\"wp-block-image size-large img-portrait\"><img decoding=\"async\" src=\"https:\/\/photos.smugmug.com\/Travel\/Madeira\/13d-Rocha-do-Navio\/i-T3f6J48\/2\/d3DHMbHtwPMz7Tj9qDPmRxGpbxx5RBRCr4LrPp2c\/S\/Roacha_do_Navio_cable_car_Madeira-7241164-S.jpg\" alt=\"Roccia Navia\" title=\"\"\/><\/figure>\n<\/div>\n<\/div>\n\n\n\n<hr class=\"wp-block-separator has-text-color has-alpha-channel-opacity has-background is-style-wide hr-box-planif\" style=\"background-color:#ccd3dd;color:#ccd3dd\"\/>\n\n\n\n<div class=\"wp-block-columns box_sans_border is-layout-flex wp-container-core-columns-is-layout-9d6595d7 wp-block-columns-is-layout-flex\">\n<div class=\"wp-block-column texte_planif is-layout-flow wp-block-column-is-layout-flow\" style=\"font-size:14px;flex-basis:60%\">\n<p class=\"option_titre\"><strong>Consigli pratici<\/strong><\/p>\n\n\n\n<p style=\"font-size:16px\"><a href=\"https:\/\/madeiralovers.com\/it\/come-muoversi-madeira-trasporto\/\" target=\"_blank\" rel=\"noreferrer noopener\">Come muoversi a Madeira<\/a><br\/><a href=\"https:\/\/madeiralovers.com\/it\/come-noleggiare-auto-madeira-consigli-esperienze\/\" target=\"_blank\" rel=\"noreferrer noopener\">Noleggia un&#8217;auto a Madeira<\/a><br\/><a href=\"https:\/\/madeiralovers.com\/it\/guidare-madeira-consigli\/\" target=\"_blank\" rel=\"noreferrer noopener\">Guidare a Madeira<\/a><\/p>\n\n\n\n<p style=\"font-size:16px\"><a href=\"https:\/\/madeiralovers.com\/it\/dove-alloggiare-madeira-migliori-destinazioni\/\" target=\"_blank\" rel=\"noreferrer noopener\">Dove dormire a Madeira<\/a><\/p>\n\n\n\n<p style=\"font-size:16px\">Itinerari: 3 giorni &#8211; 4 giorni &#8211; <a href=\"https:\/\/madeiralovers.com\/it\/visitare-madeira-5-giorni-itinerario\/\" target=\"_blank\" rel=\"noreferrer noopener\">5 giorni<\/a> &#8211; <a href=\"https:\/\/madeiralovers.com\/it\/visitare-madeira-6-giorni-itinerario\/\" target=\"_blank\" rel=\"noreferrer noopener\">6 giorni<\/a> &#8211; <a href=\"https:\/\/madeiralovers.com\/it\/visitare-madeira-una-settimana-itinerario\/\" target=\"_blank\" rel=\"noreferrer noopener\">7 giorni<\/a> &#8211; <a href=\"https:\/\/madeiralovers.com\/it\/visitare-madeira-10-giorni-itinerario\/\" target=\"_blank\" rel=\"noreferrer noopener\">10 giorni<\/a><\/p>\n<\/div>\n\n\n\n<div class=\"wp-block-column is-vertically-aligned-top planif-radius is-layout-flow wp-block-column-is-layout-flow\" style=\"flex-basis:40%\">\n<figure class=\"wp-block-image size-large img-portrait\"><img decoding=\"async\" src=\"https:\/\/photos.smugmug.com\/Travel\/Madeira\/Driving\/i-xNmkb72\/2\/DF578h2B7Q6RbR84FZXN5v8D7vg6nLZ9dzBdrJ2rZ\/S\/driving_Madeira-7241434-S.jpg\" alt=\"Guidare a Madeira\" title=\"\"\/><\/figure>\n<\/div>\n<\/div>\n\n\n\n<hr class=\"wp-block-separator has-text-color has-alpha-channel-opacity has-background is-style-wide hr-box-planif\" style=\"background-color:#ccd3dd;color:#ccd3dd\"\/>\n\n\n\n<div class=\"wp-block-columns box_sans_border is-layout-flex wp-container-core-columns-is-layout-9d6595d7 wp-block-columns-is-layout-flex\">\n<div class=\"wp-block-column texte_planif is-layout-flow wp-block-column-is-layout-flow\" style=\"font-size:14px;flex-basis:60%\">\n<p class=\"option_titre\"><strong>Luoghi da non perdere<\/strong><\/p>\n\n\n\n<p style=\"font-size:16px\"><a href=\"https:\/\/madeiralovers.com\/it\/escursione-delfini-madeira-balene\/\" target=\"_blank\" rel=\"noreferrer noopener\">Osservazione dei delfini<\/a><br\/><a href=\"https:\/\/madeiralovers.com\/it\/cosa-vedere-funchal-visitare\/\" target=\"_blank\" rel=\"noreferrer noopener\">Cosa fare a Funchal<\/a><br\/><a href=\"https:\/\/madeiralovers.com\/it\/cosa-vedere-camera-di-lobos-madeira-visitare\/\" target=\"_blank\" rel=\"noreferrer noopener\">Camara de Lobos<\/a><br\/><a href=\"https:\/\/madeiralovers.com\/it\/cosa-vedere-ponta-do-sol-visitare\/\" target=\"_blank\" rel=\"noreferrer noopener\">Ponta do Sol<\/a><br\/><a href=\"https:\/\/madeiralovers.com\/it\/cosa-vedere-santana-madeira-visitare\/\">Santana<\/a><br\/><a href=\"https:\/\/madeiralovers.com\/it\/cosa-vedere-pico-do-arieiro-madeira\/\" target=\"_blank\" rel=\"noreferrer noopener\">Pico do Arieiro<\/a><br\/><a href=\"https:\/\/madeiralovers.com\/it\/cosa-vedere-porto-santo-visitare\/\" target=\"_blank\" rel=\"noreferrer noopener\">Cosa vedere a Porto Santo<\/a><\/p>\n<\/div>\n\n\n\n<div class=\"wp-block-column is-vertically-aligned-top planif-radius is-layout-flow wp-block-column-is-layout-flow\" style=\"flex-basis:40%\">\n<figure class=\"wp-block-image size-large img-portrait\"><img decoding=\"async\" src=\"https:\/\/photos.smugmug.com\/Travel\/Madeira\/6c-Camara-dos-Lobos\/i-zH7D8Tv\/2\/DpttrQSghWXj2DKMm3VHbFkhFMLsTFhS37sRFTxNz\/S\/camara_dos_Lobos_Madeira-7173015-S.jpg\" alt=\"Camara de Lobos\" title=\"\"\/><\/figure>\n<\/div>\n<\/div>\n<\/div><\/div><\/div>\n\n<div class=\"wp-block-genesis-blocks-gb-container box_auteur_voyage gb-block-container\"><div class=\"gb-container-inside\"><div class=\"gb-container-content\">\n<figure class=\"wp-block-image size-large img_auteur_voyage\"><a href=\"https:\/\/madeiralovers.com\/it\/claire-robinson\/\" target=\"_blank\" rel=\"noreferrer noopener\"><img decoding=\"async\" src=\"https:\/\/photos.smugmug.com\/Madeira-Lovers\/Portraits-equipe\/i-WCb99j5\/0\/2d0b98a0\/L\/regionlovers-3-L.jpg\" alt=\"\"\/><\/a><\/figure>\n\n\n\n<h5 class=\"titre_auteur_voyage\"><span>HA FATTO IL VIAGGIO E HA SCRITTO L&#8217;ARTICOLO \n <\/span><span class=\"titre_box_manuscrit\">Claire<\/span><\/h5>\n<\/div><\/div><\/div>\n","protected":false},"excerpt":{"rendered":"<p>Tutti i nostri consigli per visitare il Miradouro do Cabouco a Madeira: accesso, parcheggio, vista, informazioni pratiche. Vale la pena fermarsi al Miradouro de Cabouco? Un punto di vista superbo intorno a un tornante con la verde valle di Faial e le cime del centro dell&#8217;isola. \u00c8 uno dei paesaggi pi\u00f9 verdi che abbiamo visto [&hellip;]<\/p>\n","protected":false},"author":2,"featured_media":1300,"comment_status":"closed","ping_status":"closed","sticky":false,"template":"","format":"standard","meta":{"_genesis_hide_title":false,"_genesis_hide_breadcrumbs":false,"_genesis_hide_singular_image":false,"_genesis_hide_footer_widgets":false,"_genesis_custom_body_class":"","_genesis_custom_post_class":"","_genesis_layout":"","footnotes":""},"categories":[132],"tags":[],"class_list":{"0":"post-6217","1":"post","2":"type-post","3":"status-publish","4":"format-standard","5":"has-post-thumbnail","7":"category-costa-nord","8":"entry"},"yoast_head":"<!-- This site is optimized with the Yoast SEO plugin v27.2 - https:\/\/yoast.com\/product\/yoast-seo-wordpress\/ -->\n<title>Miradouro do Cabouco (Madeira): accesso + foto<\/title>\n<meta name=\"description\" content=\"Consigli e suggerimenti per ammirare il panorama del Miradouro do Cabouco (Madeira): accesso, parcheggio, vista panoramica, attrazioni vicine\" \/>\n<meta name=\"robots\" content=\"index, follow, max-snippet:-1, max-image-preview:large, max-video-preview:-1\" \/>\n<link rel=\"canonical\" href=\"https:\/\/madeiralovers.com\/it\/miradouro-do-cabouco-madeira\/\" \/>\n<meta property=\"og:locale\" content=\"it_IT\" \/>\n<meta property=\"og:type\" content=\"article\" \/>\n<meta property=\"og:title\" content=\"Miradouro do Cabouco (Madeira): accesso + foto\" \/>\n<meta property=\"og:description\" content=\"Consigli e suggerimenti per ammirare il panorama del Miradouro do Cabouco (Madeira): accesso, parcheggio, vista panoramica, attrazioni vicine\" \/>\n<meta property=\"og:url\" content=\"https:\/\/madeiralovers.com\/it\/miradouro-do-cabouco-madeira\/\" \/>\n<meta property=\"og:site_name\" content=\"Madeira Lovers\" \/>\n<meta property=\"article:published_time\" content=\"2025-12-23T20:50:53+00:00\" \/>\n<meta property=\"article:modified_time\" content=\"2026-02-12T11:39:39+00:00\" \/>\n<meta property=\"og:image\" content=\"https:\/\/madeiralovers.com\/wp-content\/uploads\/2024\/04\/Miradouro-do-Cabouco-Madeira.jpeg\" \/>\n\t<meta property=\"og:image:width\" content=\"800\" \/>\n\t<meta property=\"og:image:height\" content=\"600\" \/>\n\t<meta property=\"og:image:type\" content=\"image\/jpeg\" \/>\n<meta name=\"author\" content=\"Claire ROBINSON\" \/>\n<meta name=\"twitter:card\" content=\"summary_large_image\" \/>\n<meta name=\"twitter:label1\" content=\"Scritto da\" \/>\n\t<meta name=\"twitter:data1\" content=\"Claire ROBINSON\" \/>\n\t<meta name=\"twitter:label2\" content=\"Tempo di lettura stimato\" \/>\n\t<meta name=\"twitter:data2\" content=\"2 minuti\" \/>\n<script type=\"application\/ld+json\" class=\"yoast-schema-graph\">{\"@context\":\"https:\/\/schema.org\",\"@graph\":[{\"@type\":\"Article\",\"@id\":\"https:\/\/madeiralovers.com\/it\/miradouro-do-cabouco-madeira\/#article\",\"isPartOf\":{\"@id\":\"https:\/\/madeiralovers.com\/it\/miradouro-do-cabouco-madeira\/\"},\"author\":{\"name\":\"Claire ROBINSON\",\"@id\":\"https:\/\/madeiralovers.com\/it\/#\/schema\/person\/714bf48f891f34f544b1808122c3dd35\"},\"headline\":\"Miradouro do Cabouco (Madeira): accesso + foto\",\"datePublished\":\"2025-12-23T20:50:53+00:00\",\"dateModified\":\"2026-02-12T11:39:39+00:00\",\"mainEntityOfPage\":{\"@id\":\"https:\/\/madeiralovers.com\/it\/miradouro-do-cabouco-madeira\/\"},\"wordCount\":459,\"publisher\":{\"@id\":\"https:\/\/madeiralovers.com\/it\/#organization\"},\"image\":{\"@id\":\"https:\/\/madeiralovers.com\/it\/miradouro-do-cabouco-madeira\/#primaryimage\"},\"thumbnailUrl\":\"https:\/\/madeiralovers.com\/wp-content\/uploads\/2024\/04\/Miradouro-do-Cabouco-Madeira.jpeg\",\"articleSection\":[\"Costa nord\"],\"inLanguage\":\"it-IT\"},{\"@type\":\"WebPage\",\"@id\":\"https:\/\/madeiralovers.com\/it\/miradouro-do-cabouco-madeira\/\",\"url\":\"https:\/\/madeiralovers.com\/it\/miradouro-do-cabouco-madeira\/\",\"name\":\"Miradouro do Cabouco (Madeira): accesso + foto\",\"isPartOf\":{\"@id\":\"https:\/\/madeiralovers.com\/it\/#website\"},\"primaryImageOfPage\":{\"@id\":\"https:\/\/madeiralovers.com\/it\/miradouro-do-cabouco-madeira\/#primaryimage\"},\"image\":{\"@id\":\"https:\/\/madeiralovers.com\/it\/miradouro-do-cabouco-madeira\/#primaryimage\"},\"thumbnailUrl\":\"https:\/\/madeiralovers.com\/wp-content\/uploads\/2024\/04\/Miradouro-do-Cabouco-Madeira.jpeg\",\"datePublished\":\"2025-12-23T20:50:53+00:00\",\"dateModified\":\"2026-02-12T11:39:39+00:00\",\"description\":\"Consigli e suggerimenti per ammirare il panorama del Miradouro do Cabouco (Madeira): accesso, parcheggio, vista panoramica, attrazioni vicine\",\"breadcrumb\":{\"@id\":\"https:\/\/madeiralovers.com\/it\/miradouro-do-cabouco-madeira\/#breadcrumb\"},\"inLanguage\":\"it-IT\",\"potentialAction\":[{\"@type\":\"ReadAction\",\"target\":[\"https:\/\/madeiralovers.com\/it\/miradouro-do-cabouco-madeira\/\"]}]},{\"@type\":\"ImageObject\",\"inLanguage\":\"it-IT\",\"@id\":\"https:\/\/madeiralovers.com\/it\/miradouro-do-cabouco-madeira\/#primaryimage\",\"url\":\"https:\/\/madeiralovers.com\/wp-content\/uploads\/2024\/04\/Miradouro-do-Cabouco-Madeira.jpeg\",\"contentUrl\":\"https:\/\/madeiralovers.com\/wp-content\/uploads\/2024\/04\/Miradouro-do-Cabouco-Madeira.jpeg\",\"width\":800,\"height\":600,\"caption\":\"Miradouro do Cabouco Madeira\"},{\"@type\":\"BreadcrumbList\",\"@id\":\"https:\/\/madeiralovers.com\/it\/miradouro-do-cabouco-madeira\/#breadcrumb\",\"itemListElement\":[{\"@type\":\"ListItem\",\"position\":1,\"name\":\"Accueil\",\"item\":\"https:\/\/madeiralovers.com\/it\/\"},{\"@type\":\"ListItem\",\"position\":2,\"name\":\"Costa nord\",\"item\":\"https:\/\/madeiralovers.com\/it\/costa-nord\/\"},{\"@type\":\"ListItem\",\"position\":3,\"name\":\"Miradouro do Cabouco (Madeira): accesso + foto\"}]},{\"@type\":\"WebSite\",\"@id\":\"https:\/\/madeiralovers.com\/it\/#website\",\"url\":\"https:\/\/madeiralovers.com\/it\/\",\"name\":\"Madeira Lovers\",\"description\":\"Pour r\u00e9veiller vos sens \u00e0 Mad\u00e8re\",\"publisher\":{\"@id\":\"https:\/\/madeiralovers.com\/it\/#organization\"},\"potentialAction\":[{\"@type\":\"SearchAction\",\"target\":{\"@type\":\"EntryPoint\",\"urlTemplate\":\"https:\/\/madeiralovers.com\/it\/?s={search_term_string}\"},\"query-input\":{\"@type\":\"PropertyValueSpecification\",\"valueRequired\":true,\"valueName\":\"search_term_string\"}}],\"inLanguage\":\"it-IT\"},{\"@type\":\"Organization\",\"@id\":\"https:\/\/madeiralovers.com\/it\/#organization\",\"name\":\"Madeira Lovers\",\"url\":\"https:\/\/madeiralovers.com\/it\/\",\"logo\":{\"@type\":\"ImageObject\",\"inLanguage\":\"it-IT\",\"@id\":\"https:\/\/madeiralovers.com\/it\/#\/schema\/logo\/image\/\",\"url\":\"https:\/\/madeiralovers.com\/wp-content\/uploads\/2024\/05\/cropped-Madeira-Lovers-Logos.png\",\"contentUrl\":\"https:\/\/madeiralovers.com\/wp-content\/uploads\/2024\/05\/cropped-Madeira-Lovers-Logos.png\",\"width\":2500,\"height\":554,\"caption\":\"Madeira Lovers\"},\"image\":{\"@id\":\"https:\/\/madeiralovers.com\/it\/#\/schema\/logo\/image\/\"}},{\"@type\":\"Person\",\"@id\":\"https:\/\/madeiralovers.com\/it\/#\/schema\/person\/714bf48f891f34f544b1808122c3dd35\",\"name\":\"Claire ROBINSON\",\"image\":{\"@type\":\"ImageObject\",\"inLanguage\":\"it-IT\",\"@id\":\"https:\/\/secure.gravatar.com\/avatar\/e3566233826c32de8d7c9ef726a1087654b12cadb092acc17ee1d357687192ff?s=96&d=mm&r=g\",\"url\":\"https:\/\/secure.gravatar.com\/avatar\/e3566233826c32de8d7c9ef726a1087654b12cadb092acc17ee1d357687192ff?s=96&d=mm&r=g\",\"contentUrl\":\"https:\/\/secure.gravatar.com\/avatar\/e3566233826c32de8d7c9ef726a1087654b12cadb092acc17ee1d357687192ff?s=96&d=mm&r=g\",\"caption\":\"Claire ROBINSON\"},\"sameAs\":[\"https:\/\/madeiralovers.com\/claire-robinson\/\"],\"url\":\"https:\/\/madeiralovers.com\/it\/author\/claire-robinson\/\"}]}<\/script>\n<!-- \/ Yoast SEO plugin. -->","yoast_head_json":{"title":"Miradouro do Cabouco (Madeira): accesso + foto","description":"Consigli e suggerimenti per ammirare il panorama del Miradouro do Cabouco (Madeira): accesso, parcheggio, vista panoramica, attrazioni vicine","robots":{"index":"index","follow":"follow","max-snippet":"max-snippet:-1","max-image-preview":"max-image-preview:large","max-video-preview":"max-video-preview:-1"},"canonical":"https:\/\/madeiralovers.com\/it\/miradouro-do-cabouco-madeira\/","og_locale":"it_IT","og_type":"article","og_title":"Miradouro do Cabouco (Madeira): accesso + foto","og_description":"Consigli e suggerimenti per ammirare il panorama del Miradouro do Cabouco (Madeira): accesso, parcheggio, vista panoramica, attrazioni vicine","og_url":"https:\/\/madeiralovers.com\/it\/miradouro-do-cabouco-madeira\/","og_site_name":"Madeira Lovers","article_published_time":"2025-12-23T20:50:53+00:00","article_modified_time":"2026-02-12T11:39:39+00:00","og_image":[{"width":800,"height":600,"url":"https:\/\/madeiralovers.com\/wp-content\/uploads\/2024\/04\/Miradouro-do-Cabouco-Madeira.jpeg","type":"image\/jpeg"}],"author":"Claire ROBINSON","twitter_card":"summary_large_image","twitter_misc":{"Scritto da":"Claire ROBINSON","Tempo di lettura stimato":"2 minuti"},"schema":{"@context":"https:\/\/schema.org","@graph":[{"@type":"Article","@id":"https:\/\/madeiralovers.com\/it\/miradouro-do-cabouco-madeira\/#article","isPartOf":{"@id":"https:\/\/madeiralovers.com\/it\/miradouro-do-cabouco-madeira\/"},"author":{"name":"Claire ROBINSON","@id":"https:\/\/madeiralovers.com\/it\/#\/schema\/person\/714bf48f891f34f544b1808122c3dd35"},"headline":"Miradouro do Cabouco (Madeira): accesso + foto","datePublished":"2025-12-23T20:50:53+00:00","dateModified":"2026-02-12T11:39:39+00:00","mainEntityOfPage":{"@id":"https:\/\/madeiralovers.com\/it\/miradouro-do-cabouco-madeira\/"},"wordCount":459,"publisher":{"@id":"https:\/\/madeiralovers.com\/it\/#organization"},"image":{"@id":"https:\/\/madeiralovers.com\/it\/miradouro-do-cabouco-madeira\/#primaryimage"},"thumbnailUrl":"https:\/\/madeiralovers.com\/wp-content\/uploads\/2024\/04\/Miradouro-do-Cabouco-Madeira.jpeg","articleSection":["Costa nord"],"inLanguage":"it-IT"},{"@type":"WebPage","@id":"https:\/\/madeiralovers.com\/it\/miradouro-do-cabouco-madeira\/","url":"https:\/\/madeiralovers.com\/it\/miradouro-do-cabouco-madeira\/","name":"Miradouro do Cabouco (Madeira): accesso + foto","isPartOf":{"@id":"https:\/\/madeiralovers.com\/it\/#website"},"primaryImageOfPage":{"@id":"https:\/\/madeiralovers.com\/it\/miradouro-do-cabouco-madeira\/#primaryimage"},"image":{"@id":"https:\/\/madeiralovers.com\/it\/miradouro-do-cabouco-madeira\/#primaryimage"},"thumbnailUrl":"https:\/\/madeiralovers.com\/wp-content\/uploads\/2024\/04\/Miradouro-do-Cabouco-Madeira.jpeg","datePublished":"2025-12-23T20:50:53+00:00","dateModified":"2026-02-12T11:39:39+00:00","description":"Consigli e suggerimenti per ammirare il panorama del Miradouro do Cabouco (Madeira): accesso, parcheggio, vista panoramica, attrazioni vicine","breadcrumb":{"@id":"https:\/\/madeiralovers.com\/it\/miradouro-do-cabouco-madeira\/#breadcrumb"},"inLanguage":"it-IT","potentialAction":[{"@type":"ReadAction","target":["https:\/\/madeiralovers.com\/it\/miradouro-do-cabouco-madeira\/"]}]},{"@type":"ImageObject","inLanguage":"it-IT","@id":"https:\/\/madeiralovers.com\/it\/miradouro-do-cabouco-madeira\/#primaryimage","url":"https:\/\/madeiralovers.com\/wp-content\/uploads\/2024\/04\/Miradouro-do-Cabouco-Madeira.jpeg","contentUrl":"https:\/\/madeiralovers.com\/wp-content\/uploads\/2024\/04\/Miradouro-do-Cabouco-Madeira.jpeg","width":800,"height":600,"caption":"Miradouro do Cabouco Madeira"},{"@type":"BreadcrumbList","@id":"https:\/\/madeiralovers.com\/it\/miradouro-do-cabouco-madeira\/#breadcrumb","itemListElement":[{"@type":"ListItem","position":1,"name":"Accueil","item":"https:\/\/madeiralovers.com\/it\/"},{"@type":"ListItem","position":2,"name":"Costa nord","item":"https:\/\/madeiralovers.com\/it\/costa-nord\/"},{"@type":"ListItem","position":3,"name":"Miradouro do Cabouco (Madeira): accesso + foto"}]},{"@type":"WebSite","@id":"https:\/\/madeiralovers.com\/it\/#website","url":"https:\/\/madeiralovers.com\/it\/","name":"Madeira Lovers","description":"Pour r\u00e9veiller vos sens \u00e0 Mad\u00e8re","publisher":{"@id":"https:\/\/madeiralovers.com\/it\/#organization"},"potentialAction":[{"@type":"SearchAction","target":{"@type":"EntryPoint","urlTemplate":"https:\/\/madeiralovers.com\/it\/?s={search_term_string}"},"query-input":{"@type":"PropertyValueSpecification","valueRequired":true,"valueName":"search_term_string"}}],"inLanguage":"it-IT"},{"@type":"Organization","@id":"https:\/\/madeiralovers.com\/it\/#organization","name":"Madeira Lovers","url":"https:\/\/madeiralovers.com\/it\/","logo":{"@type":"ImageObject","inLanguage":"it-IT","@id":"https:\/\/madeiralovers.com\/it\/#\/schema\/logo\/image\/","url":"https:\/\/madeiralovers.com\/wp-content\/uploads\/2024\/05\/cropped-Madeira-Lovers-Logos.png","contentUrl":"https:\/\/madeiralovers.com\/wp-content\/uploads\/2024\/05\/cropped-Madeira-Lovers-Logos.png","width":2500,"height":554,"caption":"Madeira Lovers"},"image":{"@id":"https:\/\/madeiralovers.com\/it\/#\/schema\/logo\/image\/"}},{"@type":"Person","@id":"https:\/\/madeiralovers.com\/it\/#\/schema\/person\/714bf48f891f34f544b1808122c3dd35","name":"Claire ROBINSON","image":{"@type":"ImageObject","inLanguage":"it-IT","@id":"https:\/\/secure.gravatar.com\/avatar\/e3566233826c32de8d7c9ef726a1087654b12cadb092acc17ee1d357687192ff?s=96&d=mm&r=g","url":"https:\/\/secure.gravatar.com\/avatar\/e3566233826c32de8d7c9ef726a1087654b12cadb092acc17ee1d357687192ff?s=96&d=mm&r=g","contentUrl":"https:\/\/secure.gravatar.com\/avatar\/e3566233826c32de8d7c9ef726a1087654b12cadb092acc17ee1d357687192ff?s=96&d=mm&r=g","caption":"Claire ROBINSON"},"sameAs":["https:\/\/madeiralovers.com\/claire-robinson\/"],"url":"https:\/\/madeiralovers.com\/it\/author\/claire-robinson\/"}]}},"featured_image_src":"https:\/\/madeiralovers.com\/wp-content\/uploads\/2024\/04\/Miradouro-do-Cabouco-Madeira-600x400.jpeg","featured_image_src_square":"https:\/\/madeiralovers.com\/wp-content\/uploads\/2024\/04\/Miradouro-do-Cabouco-Madeira-600x600.jpeg","author_info":{"display_name":"Claire ROBINSON","author_link":"https:\/\/madeiralovers.com\/it\/author\/claire-robinson\/"},"_links":{"self":[{"href":"https:\/\/madeiralovers.com\/it\/wp-json\/wp\/v2\/posts\/6217","targetHints":{"allow":["GET"]}}],"collection":[{"href":"https:\/\/madeiralovers.com\/it\/wp-json\/wp\/v2\/posts"}],"about":[{"href":"https:\/\/madeiralovers.com\/it\/wp-json\/wp\/v2\/types\/post"}],"author":[{"embeddable":true,"href":"https:\/\/madeiralovers.com\/it\/wp-json\/wp\/v2\/users\/2"}],"replies":[{"embeddable":true,"href":"https:\/\/madeiralovers.com\/it\/wp-json\/wp\/v2\/comments?post=6217"}],"version-history":[{"count":0,"href":"https:\/\/madeiralovers.com\/it\/wp-json\/wp\/v2\/posts\/6217\/revisions"}],"wp:featuredmedia":[{"embeddable":true,"href":"https:\/\/madeiralovers.com\/it\/wp-json\/wp\/v2\/media\/1300"}],"wp:attachment":[{"href":"https:\/\/madeiralovers.com\/it\/wp-json\/wp\/v2\/media?parent=6217"}],"wp:term":[{"taxonomy":"category","embeddable":true,"href":"https:\/\/madeiralovers.com\/it\/wp-json\/wp\/v2\/categories?post=6217"},{"taxonomy":"post_tag","embeddable":true,"href":"https:\/\/madeiralovers.com\/it\/wp-json\/wp\/v2\/tags?post=6217"}],"curies":[{"name":"wp","href":"https:\/\/api.w.org\/{rel}","templated":true}]}}