{"id":3871,"date":"2024-08-15T10:12:03","date_gmt":"2024-08-15T09:12:03","guid":{"rendered":"https:\/\/madeiralovers.com\/visita-un-itinerario-settimana\/"},"modified":"2024-08-15T10:53:33","modified_gmt":"2024-08-15T09:53:33","slug":"visitare-madeira-una-settimana-itinerario","status":"publish","type":"post","link":"https:\/\/madeiralovers.com\/it\/visitare-madeira-una-settimana-itinerario\/","title":{"rendered":"Una settimana a Madeira: il nostro itinerario ideale!"},"content":{"rendered":"\n<p>Se hai una settimana di tempo a Madeira, ti aspetta una bella sorpresa! Scogliere, montagne imponenti, giardini magnifici&#8230;<br\/>Ti porteremo a scoprire i luoghi e le esperienze migliori dell&#8217;isola con i <strong>nostri itinerari ideali per visitare Madeira in 7 giorni<\/strong>, con alloggio a sud o a nord.<br\/>Abbiamo incluso anche delle <strong>alternative<\/strong> se <strong>non<\/strong> vuoi <strong>guidare<\/strong> o se hai degli interessi particolari.<\/p>\n\n<figure class=\"wp-block-image size-full\"><img decoding=\"async\" src=\"https:\/\/madeiralovers.com\/wp-content\/uploads\/2024\/08\/visitare-Madeira-una-settimana-itinerario-7-giorni.jpeg\" alt=\"visita madeira 7 giorni itinerario una settimana\" class=\"wp-image-3721\"\/><\/figure>\n\n<p>Si tratta di un&#8217;opinione completamente <strong>indipendente<\/strong>, basata sulle nostre esperienze. Abbiamo fatto le nostre scelte, visitato la regione in modo anonimo e pagato le bollette per intero.<\/p>\n\n<h2 class=\"wp-block-heading\">Visitare Madeira in 7 giorni: cosa c&#8217;\u00e8 da sapere<\/h2>\n\n<h3 class=\"wp-block-heading\">Consigli generali<\/h3>\n\n<ul class=\"wp-block-list\">\n<li>Pianifica il tuo itinerario a met\u00e0 giornata, se possibile. Controlla le previsioni del tempo e alternati in base alle condizioni (con le alte montagne al centro, le condizioni possono variare da un capo all&#8217;altro dell&#8217;isola).<\/li>\n\n\n\n<li>Ci sono alcune strade di montagna, anche se l&#8217;isola non \u00e8 grande, quindi non pianificare troppo per ogni giorno.<\/li>\n\n\n\n<li>Le passeggiate lungo le levadas sono strette. Inizia all&#8217;alba per evitare la folla<\/li>\n<\/ul>\n\n<p>Ecco i tempi di percorrenza, per darti un&#8217;idea pi\u00f9 precisa di come pianificare il tuo itinerario:<\/p>\n\n<figure class=\"wp-block-image size-large\"><img decoding=\"async\" src=\"https:\/\/madeiralovers.com\/wp-content\/uploads\/2024\/04\/mappa-Tempo-di-guida-Madeira-1024x683.png\" alt=\"Mappa degli orari di viaggio di Madeira\" class=\"wp-image-1207\"\/><\/figure>\n\n<h3 class=\"wp-block-heading\">Ha bisogno di un&#8217;auto?<\/h3>\n\n<p>Con 7 giorni a disposizione, ti consigliamo vivamente di noleggiare un&#8217;auto:<\/p>\n\n<ul class=\"wp-block-list\">\n<li>adattarsi al clima<\/li>\n\n\n\n<li>fermati in tutti i Miradouros (punti panoramici)  <\/li>\n\n\n\n<li>visita luoghi affascinanti fuori dai sentieri battuti<\/li>\n\n\n\n<li>guardare l&#8217;alba o il tramonto<\/li>\n\n\n\n<li>pi\u00f9 libert\u00e0 di esplorare i tuoi luoghi preferiti<\/li>\n<\/ul>\n\n<p>Non preoccuparti, <a href=\"https:\/\/madeiralovers.com\/it\/guidare-madeira-consigli\/\" target=\"_blank\" rel=\"noreferrer noopener\">guidare<\/a> non \u00e8 cos\u00ec difficile come alcuni fanno credere. I milioni di persone che non hanno avuto problemi non si prendono il tempo di scrivere che tutto \u00e8 andato bene.<\/p>\n\n<p>Tuttavia, se non vuoi guidare, ti suggeriamo alcune alternative pi\u00f9 avanti nell&#8217;articolo.<\/p>\n\n<div style=\"margin-top:8%;margin-bottom:8%\" class=\"wp-block-genesis-blocks-gb-container box gb-block-container\"><div class=\"gb-container-inside\"><div class=\"gb-container-content\">\n<div class=\"wp-block-columns inverse box_planif is-layout-flex wp-container-core-columns-is-layout-9d6595d7 wp-block-columns-is-layout-flex\">\n<div class=\"wp-block-column texte_planif is-layout-flow wp-block-column-is-layout-flow\" style=\"flex-basis:58%\">\n<h5 class=\"titre_box\">I NOSTRI CONSIGLI PER NOLEGGIARE UN&#8217;AUTO A <span class=\"titre_box_manuscrit\">\nMadeira<\/span><\/h5>\n\n\n\n<ul style=\"font-size:14px\" class=\"liste_voiture wp-block-list\">\n<li>Confronti i prezzi sulla nostra piattaforma preferita: <a href=\"https:\/\/www.discovercars.com\/it\/portugal\/madeira?a_aid=zigzag&amp;chan=madeira\" target=\"_blank\" rel=\"noreferrer noopener sponsored nofollow\">DiscoverCars<\/a> &#8211; uno dei siti meglio valutati.<\/li>\n\n\n\n<li>Prendete un&#8217;auto con un buon motore per le strade in pendenza, ma non troppo grande per le manovre.<\/li>\n\n\n\n<li>C&#8217;\u00e8 molta richiesta e poche auto, quindi <strong>prenotate per tempo<\/strong>.<\/li>\n<\/ul>\n<\/div>\n\n\n\n<div class=\"wp-block-column planif-radius-3 is-layout-flow wp-block-column-is-layout-flow\" style=\"flex-basis:42%\">\n<figure class=\"wp-block-image size-large is-resized\"><img decoding=\"async\" src=\"https:\/\/photos.smugmug.com\/Travel\/Madeira\/2i-Miadouro\/i-j86nfB5\/2\/DRCCwrZmGLt2TxcQqRkkLrm3JR55K3NLchGxDNsx6\/S\/driving_Madeira-7130748-S.jpg\" alt=\"Noleggio auto a Madeira\" title=\"\"\/><\/figure>\n<\/div>\n<\/div>\n\n\n\n<div class=\"wp-block-columns planif_bouton is-layout-flex wp-container-core-columns-is-layout-9d6595d7 wp-block-columns-is-layout-flex\">\n<div class=\"wp-block-column is-layout-flow wp-block-column-is-layout-flow\" style=\"flex-basis:50%\">\n<div class=\"wp-block-buttons is-content-justification-center is-layout-flex wp-container-core-buttons-is-layout-16018d1d wp-block-buttons-is-layout-flex\">\n<div class=\"wp-block-button has-custom-font-size\" style=\"font-size:14px\"><a class=\"wp-block-button__link has-white-color has-text-color wp-element-button\" href=\"https:\/\/www.discovercars.com\/it\/portugal\/madeira?a_aid=zigzag&amp;amp;chan=madeira\" style=\"border-radius:4px\" target=\"_blank\" rel=\"noreferrer noopener\">Vedere le auto &gt;&gt;<\/a><\/div>\n<\/div>\n<\/div>\n\n\n\n<div class=\"wp-block-column is-vertically-aligned-center is-layout-flow wp-block-column-is-layout-flow\" style=\"flex-basis:50%\">\n<p class=\"has-text-align-center\" style=\"font-size:14px\"><strong><a href=\"https:\/\/madeiralovers.com\/it\/come-noleggiare-auto-madeira-consigli-esperienze\/\" target=\"_blank\" rel=\"noreferrer noopener\">Guardi i nostri consigli<\/a><\/strong><\/p>\n<\/div>\n<\/div>\n<\/div><\/div><\/div>\n\n<h2 class=\"wp-block-heading\">Una settimana a Madeira: dove alloggiare<\/h2>\n\n<p>Madeira non \u00e8 molto grande, quindi puoi scoprire l&#8217;intera isola da un&#8217;unica posizione.<br\/>Se ti fermi per pi\u00f9 di 5 giorni, potresti ridurre i tempi di percorrenza (soprattutto se fai escursioni la mattina presto) e sperimentare due luoghi diversi.<br\/>In questo caso, ti consigliamo di scegliere un alloggio a Funchal e un alloggio nella parte occidentale dell&#8217;isola.<\/p>\n\n<p>Ecco tutti i nostri articoli per aiutarti a scegliere. Abbiamo visitato tutti gli hotel in modo indipendente e questi sono i nostri preferiti:<\/p>\n\n<ul class=\"wp-block-list\">\n<li><a href=\"https:\/\/madeiralovers.com\/it\/dove-alloggiare-madeira-migliori-destinazioni\/\" target=\"_blank\" rel=\"noreferrer noopener\">Dove dormire a Madeira: le migliori citt\u00e0<\/a><\/li>\n\n\n\n<li><a href=\"https:\/\/madeiralovers.com\/it\/migliori-hotel-5-stelle-funchal-madeira-lusso-recensioni\/\" target=\"_blank\" rel=\"noreferrer noopener\">I migliori hotel a 5 stelle<\/a><\/li>\n\n\n\n<li><a href=\"https:\/\/madeiralovers.com\/it\/migliori-hotel-boutique-funchal-madeira-charme\/\" target=\"_blank\" rel=\"noreferrer noopener\">I migliori hotel boutique<\/a><\/li>\n\n\n\n<li><a href=\"https:\/\/madeiralovers.com\/it\/migliori-hotel-centro-storico-funchal-recensioni\/\" target=\"_blank\" rel=\"noreferrer noopener\">I migliori hotel del centro storico di Funchal<\/a><\/li>\n\n\n\n<li><a href=\"https:\/\/madeiralovers.com\/it\/migliori-hotel-adults-only-funchal-madeira\/\" target=\"_blank\" rel=\"noreferrer noopener\">I migliori hotel per soli adulti<\/a><\/li>\n\n\n\n<li><a href=\"https:\/\/madeiralovers.com\/it\/migliori-hotel-famiglie-bambini-madeira-recensioni\/\">I migliori hotel per famiglie<\/a><\/li>\n<\/ul>\n\n<figure class=\"wp-block-image size-large\"><img decoding=\"async\" src=\"https:\/\/photos.smugmug.com\/Madeira-Lovers\/Funchal\/H%C3%B4tels\/Three-House-Hotel\/i-BBBXWfX\/0\/CFQkhTSXL7wxf68TpfFBhvjm5Z6Z4VDb6dBcCgbwS\/L\/pool%20three%20house%20hotel%20funchal-L.jpg\" alt=\"Piscina sul tetto Hotel a Funchal\"\/><figcaption class=\"wp-element-caption\">Appartamento hotel Three House<\/figcaption><\/figure>\n\n<p>Se non vuoi guardare, ecco due dei nostri preferiti:<\/p>\n\n<ul class=\"wp-block-list\">\n<li>Appartamento hotel Three House (Funchal centro)  <br\/>&#8211; <a href=\"https:\/\/www.booking.com\/hotel\/pt\/oudinot.html?aid=2410700\" target=\"_blank\" rel=\"noreferrer noopener sponsored nofollow\">Vedere le foto e la disponibilit\u00e0<\/a><\/li>\n\n\n\n<li>Hotel Quinta Jardins do Lago, 5 stelle (sulle colline sopra Funchal)  <br\/>&#8211; <a href=\"https:\/\/www.booking.com\/hotel\/pt\/estalagemjardindolago.html?aid=2410700\" target=\"_blank\" rel=\"noreferrer noopener sponsored nofollow\">vedi prezzi, foto e disponibilit\u00e0<\/a><\/li>\n<\/ul>\n\n<h2 class=\"wp-block-heading\">Itinerario ideale di 7 giorni a Madeira: mappa<\/h2>\n\n<p>Non \u00e8 facile fare delle scelte, ma abbiamo messo insieme il nostro itinerario ideale per Madeira.<br\/>Ti permette di vedere un po&#8217; di ogni tipo di paesaggio e di visitare tutti i luoghi pi\u00f9 famosi.<br\/>Le giornate sono bilanciate il pi\u00f9 possibile, in modo da non essere troppo lunghe e da non avere troppo tempo in viaggio.<br\/>Ecco una mappa del nostro itinerario ideale:<\/p>\n\n<figure class=\"wp-block-image size-large\"><img decoding=\"async\" src=\"https:\/\/madeiralovers.com\/wp-content\/uploads\/2024\/08\/Mappa-itinerario-di-1-settimana-a-Madeira-1-1024x768.jpg\" alt=\"Mappa dell'itinerario di 1 settimana a Madeira\" class=\"wp-image-3853\"\/><figcaption class=\"wp-element-caption\">Mappa: itinerario di una settimana a Madeira<\/figcaption><\/figure>\n\n<p>Se risiedi a Funchal, ecco i tempi di guida che devi prevedere per ogni giorno:<\/p>\n\n<ul class=\"wp-block-list\">\n<li>Giorno 1= 0<\/li>\n\n\n\n<li>Giorno 2 = 2h30 in auto<\/li>\n\n\n\n<li>Giorno 3 = da 1h a 1h40 in auto<\/li>\n\n\n\n<li>Giorno 4 = 2h30 in auto<\/li>\n\n\n\n<li>Giorno 5 = 0<\/li>\n\n\n\n<li>Giorno 6 = 1h45 in auto<\/li>\n\n\n\n<li>Giorno 7 = 1h30 in auto<\/li>\n<\/ul>\n\n<div style=\"background-color:#fefefe;margin-top:6%;margin-bottom:6%\" class=\"wp-block-genesis-blocks-gb-container box gb-block-container\"><div class=\"gb-container-inside\"><div class=\"gb-container-content\" style=\"max-width:700px\">\n<div class=\"wp-block-columns inverse is-layout-flex wp-container-core-columns-is-layout-9d6595d7 wp-block-columns-is-layout-flex\">\n<div class=\"wp-block-column texte_planif is-layout-flow wp-block-column-is-layout-flow\" style=\"flex-basis:58%\">\n<h5 class=\"titre_box\">LA NOSTRA GUIDA PER ORGANIZZARE UN VIAGGIO DA <span class=\"titre_box_manuscrit\">sogno<\/span><\/h5>\n\n\n\n<ul class=\"wp-block-list\">\n<li>7 mappe che facilitano la pianificazione<\/li>\n\n\n\n<li>+ 120 sedi preselezionate  <\/li>\n\n\n\n<li>Consigli pratici  <\/li>\n\n\n\n<li>+ 260 foto per aiutarvi a scegliere<\/li>\n<\/ul>\n\n\n\n<div class=\"wp-block-buttons is-layout-flex wp-block-buttons-is-layout-flex\">\n<div class=\"wp-block-button\"><a class=\"wp-block-button__link has-theme-primary-background-color has-background wp-element-button\" href=\"https:\/\/madeiralovers.com\/it\/ebook-guida-viaggio-madeira\/\">Scopri di pi\u00f9 &gt;&gt;<\/a><\/div>\n<\/div>\n<\/div>\n\n\n\n<div class=\"wp-block-column is-layout-flow wp-block-column-is-layout-flow\" style=\"flex-basis:42%\">\n<div class=\"wp-block-genesis-blocks-gb-container ebook-radius-waitlist gb-block-container\"><div class=\"gb-container-inside\"><div class=\"gb-container-content\"><div class=\"wp-block-image ebook-image\">\n<figure class=\"aligncenter size-full\"><img decoding=\"async\" src=\"https:\/\/madeiralovers.com\/wp-content\/uploads\/2024\/06\/Med-Madeira-Travel-Guide-ebook-cover-7.jpg\" alt=\"guida-viaggio-Madere-libro-copertina-media\" class=\"wp-image-2412\"\/><\/figure>\n<\/div><\/div><\/div><\/div>\n<\/div>\n<\/div>\n<\/div><\/div><\/div>\n\n<h2 class=\"wp-block-heading\">Giorno 1: Funchal e i delfini<\/h2>\n\n<p>Oggi ci stiamo riprendendo dal nostro viaggio e stiamo lentamente entrando nel ritmo delle vacanze.<\/p>\n\n<h3 class=\"wp-block-heading\">Fermata 1 &#8211; Crociera con i delfini<\/h3>\n\n<p>Inizia dolcemente, ma con entusiasmo: una gita in barca per osservare i delfini e le balene e ammirare l&#8217;isola dal mare.<br\/>Ogni anno un gran numero di balene passa da Madeira e puoi vederle tutto l&#8217;anno (anche se le specie cambiano).<br\/>Se prenoti il primo giorno, puoi sempre cambiare in un altro giorno della settimana se le condizioni non sono buone.<\/p>\n\n<p>Per aiutarti a scegliere il tuo tour:<\/p>\n\n<ul class=\"wp-block-list\">\n<li>leggi il nostro articolo sull&#8217;<a href=\"https:\/\/madeiralovers.com\/it\/escursione-delfini-madeira-balene\/\" target=\"_blank\" rel=\"noreferrer noopener\">osservazione dei delfini a Madeira<\/a><\/li>\n\n\n\n<li>il nostro tour preferito in catamarano con bagno sotto Cabo Girao &#8211; <a href=\"https:\/\/www.getyourguide.it\/s\/?q=Funchal+catamaran+dolphin&amp;searchSource=7&amp;partner_id=R3GYW4V&amp;cmp=madeira\" target=\"_blank\" rel=\"noreferrer noopener sponsored nofollow\">Vedi opzioni e disponibilit\u00e0<\/a><\/li>\n<\/ul>\n\n<figure class=\"wp-block-image size-large\"><img decoding=\"async\" src=\"https:\/\/photos.smugmug.com\/Madeira-Lovers\/Boat-tour\/Dolphins-whales\/i-q66q6fG\/1\/Kp9tmWwBPBqQpkkvb9h5zHh6JTGXqtq7MBz9q24Gq\/L\/dolphin_cruise_boat_Tour_Madeira-7204488-L.jpg\" alt=\"Delfini a Madeira\"\/><\/figure>\n\n<h3 class=\"wp-block-heading\">Fermata 2 &#8211; Centro storico di Funchal<\/h3>\n\n<p>Esplora il centro di Funchal, che ha un grande fascino grazie ai numerosi alberi che costeggiano le strade.<br\/>Prenditi il tempo necessario per passeggiare, apprezzare gli edifici e goderti l&#8217;atmosfera.<br\/>Puoi visitare:<\/p>\n\n<ul class=\"wp-block-list\">\n<li>la Cattedrale del XVI secolo<\/li>\n\n\n\n<li>Rua Santa Maria e il Mercado dos Lavradores  <\/li>\n\n\n\n<li>Museo della Fotografia di Madeira<\/li>\n\n\n\n<li>Museo d&#8217;Arte Sacra e vista su Funchal<\/li>\n\n\n\n<li>La carriera di Cristiano Ronaldo al Museo CR7<\/li>\n\n\n\n<li>Chiesa del Collegio dei Gesuiti<\/li>\n\n\n\n<li>&#8230;<\/li>\n<\/ul>\n\n<p>Per altre idee, consulta il nostro articolo sulle <a href=\"https:\/\/madeiralovers.com\/it\/cosa-vedere-funchal-visitare\/\" target=\"_blank\" rel=\"noreferrer noopener\">migliori attrazioni di Funchal<\/a> o la nostra lista di <a href=\"https:\/\/madeiralovers.com\/it\/migliori-musei-funchal\/\" target=\"_blank\" rel=\"noreferrer noopener\">musei di Funchal<\/a>.<\/p>\n\n<figure class=\"wp-block-image size-large\"><img decoding=\"async\" src=\"https:\/\/photos.smugmug.com\/Madeira-Lovers\/Funchal\/Vieille-ville\/i-LRzSH8v\/0\/CxJrZ7DVQKhTVhSvZVtLRrXQdZW4Z3SjM4Q4fQrbh\/L\/view%20old%20town%20funchal-L.jpg\" alt=\"Centro storico di Funchal\"\/><\/figure>\n\n<h2 class=\"wp-block-heading\">Giorno 2: Pico do Ariero e Santana<\/h2>\n\n<h3 class=\"wp-block-heading\">Fermata 1 &#8211; Pico do Arieiro all&#8217;alba<\/h3>\n\n<p>Sali al Pico do Areiro prima dell&#8217;alba per avere il privilegio di vedere il sole emergere dal mare e illuminare le montagne.<br\/>Pianifica di arrivare almeno 30 minuti prima per vedere i colori cambiare e, con un po&#8217; di fortuna, vedere il sole sorgere sopra le nuvole.<\/p>\n\n<figure class=\"wp-block-image size-large\"><img decoding=\"async\" src=\"https:\/\/photos.smugmug.com\/Madeira-Lovers\/Pico-do-Arieiro\/Pico-Areiro-sunrise\/i-H6pxrVj\/1\/KZNMsjGCfwH8Vp24Z76Mq4sp2nHH2fwQdnDMN2S79\/L\/Pico_areiro_Pico_ruivo_hike_Madeira-7224766-L.jpg\" alt=\"Alba a PIco do Arieiro\"\/><\/figure>\n\n<h3 class=\"wp-block-heading\">Tappa 2 &#8211; Escursione al Pico do Arieiro<\/h3>\n\n<p>A seconda del tuo umore e delle tue condizioni fisiche, puoi decidere di fare o meno l&#8217;escursione al Pico do Arieiro.<br\/>Fai attenzione, \u00e8 un percorso molto lungo con molte salite e discese.<br\/>Puoi anche scegliere di farne solo una parte. Cammina per 1 ora in una direzione e torna indietro.<br\/>In questo modo potrai ammirare le magnifiche creste delle montagne di Madeira.<br\/><a href=\"https:\/\/madeiralovers.com\/it\/escursione-pico-arieiro-madere\/\" target=\"_blank\" rel=\"noreferrer noopener\">Scopri di pi\u00f9 sulle escursioni<\/a>.<\/p>\n\n<p>Se hai intenzione di fare l&#8217;intera escursione, non potrai fare il resto della giornata su questo percorso&#8230;<\/p>\n\n<figure class=\"wp-block-image size-large\"><img decoding=\"async\" src=\"https:\/\/photos.smugmug.com\/Madeira-Lovers\/Pico-do-Arieiro\/Pico-Areiro-hike-return\/i-BwGtd4k\/1\/FXHTZPjQJrWcFTdr2NLLxBGLLZRjB3PFR7jqbBCLZ\/L\/Pico_areiro_hike_Madeira-9512-L.jpg\" alt=\"Passeggiata Pico do Arieiro\"\/><\/figure>\n\n<h3 class=\"wp-block-heading\">Alternativa &#8211; Passeggiata Verada dos Balcones<\/h3>\n\n<p>Se preferisci una passeggiata pi\u00f9 semplice. Poco pi\u00f9 avanti, sulla strada che scende verso nord, puoi fare una breve passeggiata in piano che ti porta a un punto panoramico sotto le montagne.<\/p>\n\n<ul class=\"wp-block-list\">\n<li>PR11<\/li>\n\n\n\n<li>Il punto di partenza \u00e8 lungo la strada di montagna ER103. Non c&#8217;\u00e8 un parcheggio dedicato.<\/li>\n\n\n\n<li>3 km e circa 1 ora di viaggio andata e ritorno.<\/li>\n<\/ul>\n\n<h3 class=\"wp-block-heading\">Fermata 3 &#8211; Case tradizionali a Santana<\/h3>\n\n<p>Poi scendi verso la costa nord.<br\/>La nostra prossima tappa \u00e8 Santana per vedere le tradizionali case di Santana. Si tratta di emblematici cottage triangolari con tetti di paglia, che riflettono il ricco patrimonio culturale dell&#8217;isola. Queste case risalgono ai primi tempi della colonizzazione di Madeira e illustrano l&#8217;architettura agricola tradizionale.<br\/>Puoi esplorare queste affascinanti strutture, spesso dipinte con colori vivaci.<\/p>\n\n<figure class=\"wp-block-image size-large\"><img decoding=\"async\" src=\"https:\/\/photos.smugmug.com\/Travel\/Madeira\/13e-Santana-Houses-park\/i-RT8wMSm\/2\/87852138\/L\/Traditional_Santana_houses_Madeira-7241293-L.jpg\" alt=\"Case tradizionali a Santana\"\/><\/figure>\n\n<h3 class=\"wp-block-heading\">Fermata 4 &#8211; Vista dalla Rocha do Navio<\/h3>\n\n<p>Concludete la giornata con una delle nostre viste panoramiche preferite.<br\/>Goditi la vista dall&#8217;alto della funivia: montagne verdi che cadono nel blu profondo del mare.<br\/>Purtroppo la funivia \u00e8 attualmente inaccessibile ai turisti, ma speriamo che venga riaperta. In tal caso, prenditi il tempo per scendere a vedere le cascate e le fattorie ai piedi delle scogliere.<\/p>\n\n<figure class=\"wp-block-image size-large\"><img decoding=\"async\" src=\"https:\/\/photos.smugmug.com\/Madeira-Lovers\/Rocha-do-Navio\/i-7VB4j2Q\/1\/CqZDrfT9bWpRdf7R5fwQNwrVd3KFznH6PrGx2HPrb\/L\/Roacha_do_Navio_cable_car_Madeira-7241165-L.jpg\" alt=\"Rocha do Navio\"\/><\/figure>\n\n<h2 class=\"wp-block-heading\">Giorno 3: Cabo Girao e Camara de Lobos<\/h2>\n\n<h3 class=\"wp-block-heading\">Fermata 1 &#8211; Cabo Girao<\/h3>\n\n<p>Recati a Cabo Girao all&#8217;orario di apertura per evitare la maggior folla.<br\/>Qui salirai su una piattaforma per provare la vertigine della cima di queste scogliere, che raggiungono i 589 metri. Sono tra i pi\u00f9 alti d&#8217;Europa.<br\/>\u00c8 piuttosto impressionante vedere l&#8217;altezza, ma devi sapere che rispetto ad altri luoghi, la vista \u00e8 molto limitata.<br\/>Scopri di pi\u00f9 nel <a href=\"https:\/\/madeiralovers.com\/it\/cabo-girao-madeira\/\" target=\"_blank\" rel=\"noreferrer noopener\">nostro articolo su Cabo Girao.<\/a><\/p>\n\n<figure class=\"wp-block-image size-large\"><img decoding=\"async\" src=\"https:\/\/photos.smugmug.com\/Madeira-Lovers\/Cabo-Girao\/Skywalk\/i-ksRW926\/1\/KwRmCNPMkqHPXJRp4zvkrbN88z3dpqfx9RGNMbGWd\/L\/Cabo_Girao_platform_Madeira-7172985-L.jpg\" alt=\"Cabo girao\"\/><\/figure>\n\n<h3 class=\"wp-block-heading\">Fermata 2 &#8211; Circonvallazione di Cabo Girao<\/h3>\n\n<p>Poi, per una prospettiva diversa su queste scogliere, ti consigliamo di prendere la funivia di Cabo Girao, chiamata Teleferico do Rancho. Ti porter\u00e0 dolcemente gi\u00f9 per la scogliera fino all&#8217;oceano. Durante la discesa, che dura circa 3 minuti, avrai tutto il tempo per ammirare il paesaggio circostante. Ci \u00e8 piaciuto osservare la costa basaltica dalla cabina.<br\/>Scopri di pi\u00f9 nel <a href=\"https:\/\/madeiralovers.com\/it\/cabo-girao-madeira\/\" target=\"_blank\" rel=\"noreferrer noopener\">nostro articolo su Cabo Girao.<\/a><\/p>\n\n<figure class=\"wp-block-image size-large\"><img decoding=\"async\" src=\"https:\/\/photos.smugmug.com\/Madeira-Lovers\/Cabo-Girao\/Cable-car-teleferico-rancho\/i-S3pWVBS\/1\/L8DLfXBCSVTmFqKV3c3J7gNjvWfR5BN2SqC6wbdbb\/L\/Cabo_Girao_cable_car_Madeira-7172968-L.jpg\" alt=\"Funivia di Cabo Girao\"\/><\/figure>\n\n<h3 class=\"wp-block-heading\">Fermata 3 &#8211; Camara dos Lobos<\/h3>\n\n<p>Passeggia nel vecchio villaggio e nel porto: Camara de Lobos. La pi\u00f9 famosa di Madeira.<br\/>\u00c8 considerato il pi\u00f9 affascinante e sono d&#8217;accordo. Passeggiate che offrono diversi punti di vista circondano il piccolo porto di pescatori con le sue barche colorate. Vale la pena trascorrere qui mezza giornata, immergendosi nell&#8217;atmosfera e magari gustando un delizioso pranzo a base di pesce fresco.<br\/>Scopri di pi\u00f9 nel <a href=\"https:\/\/madeiralovers.com\/it\/cosa-vedere-camera-di-lobos-madeira-visitare\/\" target=\"_blank\" rel=\"noreferrer noopener\">nostro articolo su Camara<\/a>.<\/p>\n\n<figure class=\"wp-block-image size-large\"><img decoding=\"async\" src=\"https:\/\/photos.smugmug.com\/Madeira-Lovers\/Camara-de-Lobos\/Town\/i-V7vhL8x\/0\/FP83CtxgHnGHsc4nkxVwBSsNfJkkPRS8RHVPJWzKS\/L\/camara_dos_Lobos_Madeira-7173018-L.jpg\" alt=\"Camara de Lobos\"\/><\/figure>\n\n<h3 class=\"wp-block-heading\">Tappa 4 &#8211; Approfitta della fine della giornata per rilassarti un po&#8217;.<\/h3>\n\n<p>Se invece preferisci una giornata pi\u00f9 intensa, visita la Valle delle Monache (Curral das Frieiras), con il suo punto panoramico Eira do Serrado che domina la valle.<\/p>\n\n<h2 class=\"wp-block-heading\">Giorno 4: Costa nord-occidentale e piscine naturali<\/h2>\n\n<h3 class=\"wp-block-heading\">Fermata 1 &#8211; Foresta di Fanal<\/h3>\n\n<p>Durante il tragitto verso la costa nord-occidentale, ti consigliamo di fare una deviazione attraverso l&#8217;altopiano di Paul da Serra per scoprire la foresta di Fanal. Puoi fare una passeggiata o semplicemente ammirare gli alberi vicino al parcheggio.<br\/>Si tratta del patrimonio naturale dell&#8217;Unesco della foresta di Laurissilva. Scoprirai prati ondulati e alberi tortuosi. \u00c8 assolutamente incantevole. E ancora di pi\u00f9 se la foresta \u00e8 avvolta dalla nebbia!<br\/>L&#8217;isola e gran parte dell&#8217;Europa meridionale erano un tempo ricoperte da questa foresta indigena. Madeira ospita uno dei pi\u00f9 grandi appezzamenti rimasti.<\/p>\n\n<figure class=\"wp-block-image size-large\"><img decoding=\"async\" src=\"https:\/\/photos.smugmug.com\/Madeira-Lovers\/Bica-da-Cana-Fanal\/Fanal-Forest\/i-wz7fS5V\/1\/C6rHQWr9bX3trM3rbxgnFrB7HSqZ9MbZwhN6tV9wG\/L\/Fanal_Forest_Madeira-7151832-L.jpg\" alt=\"Foresta di Fanal\"\/><\/figure>\n\n<h3 class=\"wp-block-heading\">Fermata 2 &#8211; Porto Moniz<\/h3>\n\n<p>Porta con te il costume da bagno per la giornata, perch\u00e9 le piscine naturali di Porto Moniz sono un&#8217;occasione imperdibile per nuotare circondati dalla lava indurita.<br\/>Ci sono due aree balneabili: quelle che sono state addolcite per l&#8217;uso pubblico (a pagamento) e le aree pi\u00f9 naturali vicino al forte.<br\/>Anche se non nuoti, il paesaggio vale la pena di essere distratto: lunghe strisce di lava, sfumature di blu e verde, l&#8217;isolotto sullo sfondo.<br\/><a href=\"https:\/\/madeiralovers.com\/it\/cosa-vedere-porto-moniz-visitare\/\" target=\"_blank\" rel=\"noreferrer noopener\">Consulta la mia guida completa di Porto Moniz.<\/a><\/p>\n\n<figure class=\"wp-block-image size-large\"><img decoding=\"async\" src=\"https:\/\/photos.smugmug.com\/Madeira-Lovers\/Porto-Moniz\/Natural-pools\/i-f3rTSpP\/1\/DvH3XRpqT3L4tL693vBXbbrmLFnZPxz7tGvkxZhHz\/L\/natural_pools_Porto_Moniz_Madeira-8760-L.jpg\" alt=\"Piscine naturali di Porto Moniz\"\/><\/figure>\n\n<h3 class=\"wp-block-heading\">Fermata 3 &#8211; Ribeira da Janela<\/h3>\n\n<p>Stiamo tornando verso est, lungo la costa. E ti consigliamo di fare una sosta a Ribeira da Janela. Una scala ti porta attraverso la roccia fino a una piattaforma di osservazione dove puoi ammirare i pilastri di roccia nel mare.<br\/>Puoi anche camminare sulla spiaggia per avere una vista migliore, ma indossa scarpe da trekking adeguate, perch\u00e9 ci sono grandi rocce&#8230; e non c&#8217;\u00e8 sabbia in vista!<br\/><a href=\"https:\/\/madeiralovers.com\/it\/ilheus-ribeira-janela-madeira\/\" target=\"_blank\" rel=\"noreferrer noopener\">Per saperne di pi\u00f9.<\/a><\/p>\n\n<figure class=\"wp-block-image size-large\"><img decoding=\"async\" src=\"https:\/\/photos.smugmug.com\/Madeira-Lovers\/Praia-Ilheus-da-Ribeira-da-Janela\/i-wRxRN2B\/1\/DqZsFBRVNqCB2M5XqJPM7t43zq7KDLzF4DFmcS78J\/L\/Praia_Iheus_Ribeira_Janela_Madeira-7141406-L.jpg\" alt=\"Ribeira da Janela\"\/><\/figure>\n\n<h3 class=\"wp-block-heading\">Fermata 4 &#8211; Piscine naturali di Seixal<\/h3>\n\n<p>Prosegui verso est e, se ti senti in forma, fai una sosta nel centro di Seixal. Le piscine di lava, con il loro enorme arco, meritano una visita. Ma la discesa verso le piscine \u00e8 piuttosto ripida.<br\/><a href=\"https:\/\/madeiralovers.com\/it\/cosa-vedere-seixal-visitare\/\" target=\"_blank\" rel=\"noreferrer noopener\">Scopri di pi\u00f9 su Seixal.<\/a><\/p>\n\n<figure class=\"wp-block-image size-large\"><img decoding=\"async\" src=\"https:\/\/photos.smugmug.com\/Madeira-Lovers\/Seixal\/Seixal-pools\/i-rZ7WG6X\/0\/bqQrBBH3rHqd2Gq9TssJSGLvKrMbSLmfpZ5kTv7C\/L\/Seixal-natural-pools-L.jpg\" alt=\"Le piscine naturali di Seixal\"\/><\/figure>\n\n<h3 class=\"wp-block-heading\">Fermata 5 &#8211; Spiaggia di sabbia nera di Seixal<\/h3>\n\n<p>Poi torna in macchina per qualche minuto per scoprire la spiaggia di sabbia nera di Seixal, vicino al porto. Si tratta di una delle poche spiagge sabbiose naturali dell&#8217;isola. Il paesaggio \u00e8 davvero vulcanico, con sabbia nera e scogliere verdi.  <br\/>Questa spiaggia ha anche una piccola cascata!<br\/><a href=\"https:\/\/madeiralovers.com\/it\/spiaggia-sabbia-nera-seixal-madere-praia-do-cais\/\" target=\"_blank\" rel=\"noreferrer noopener\">Scopri di pi\u00f9 sulla spiaggia nera di Seixal.<\/a><\/p>\n\n<figure class=\"wp-block-image size-large\"><img decoding=\"async\" src=\"https:\/\/photos.smugmug.com\/Madeira-Lovers\/Seixal\/Seixal-beach\/i-BG4JhhW\/1\/KbBPj99sCSDH7bg5HFdQNgzwKQDhCPHqmVGKDzMS\/L\/Seixal_beach_black_sand_Madeira-8679-L.jpg\" alt=\"Spiaggia di sabbia nera di Seixal\"\/><\/figure>\n\n<h3 class=\"wp-block-heading\">Fermata 6 &#8211; Miradouro Veu da Noiva<\/h3>\n\n<p>Infine, prima di prendere la corsia preferenziale per tornare al tuo alloggio, fai una sosta al <a href=\"https:\/\/madeiralovers.com\/it\/miradouro-veu-da-noiva-madeira\/\" target=\"_blank\" rel=\"noreferrer noopener\">Miradouro Veu da Noiva<\/a>. Si tratta di uno dei punti panoramici pi\u00f9 noti dell&#8217;isola di Madeira, grazie alla cascata che sgorga dalla ripida parete rocciosa.<\/p>\n\n<figure class=\"wp-block-image size-large\"><img decoding=\"async\" src=\"https:\/\/photos.smugmug.com\/Travel\/Madeira\/3e-Miradouro-Veu-da-Noiva\/i-RZ7dBmT\/2\/CWvfS5RbpPcN9j2gQSTWLHbgFHJ4h4jMPLTP2zWTX\/L\/Miradouro_Veu-Da_Noiva_Madeira-7141324-L.jpghttps:\/\/photos.smugmug.com\/Madeira-Lovers\/Seixal\/Miradouro-Veu-da-Noiva\/i-ZsjJmcJ\/1\/DmrpTx27HJngnFL3tjSVXbtPjH7jFbSfLkC6qNFpW\/L\/Miradouro_Veu-Da_Noiva_Madeira-7141307-L.jpg\" alt=\"Miradouro Veu da Noiva\"\/><\/figure>\n\n<div style=\"background-color:#fefefe;margin-top:6%;margin-bottom:6%\" class=\"wp-block-genesis-blocks-gb-container box gb-block-container\"><div class=\"gb-container-inside\"><div class=\"gb-container-content\" style=\"max-width:700px\">\n<div class=\"wp-block-columns inverse is-layout-flex wp-container-core-columns-is-layout-9d6595d7 wp-block-columns-is-layout-flex\">\n<div class=\"wp-block-column texte_planif is-layout-flow wp-block-column-is-layout-flow\" style=\"flex-basis:58%\">\n<h5 class=\"titre_box\">LA NOSTRA GUIDA PER ORGANIZZARE UN VIAGGIO DA <span class=\"titre_box_manuscrit\">sogno<\/span><\/h5>\n\n\n\n<ul class=\"wp-block-list\">\n<li>7 mappe che facilitano la pianificazione<\/li>\n\n\n\n<li>+ 120 sedi preselezionate  <\/li>\n\n\n\n<li>Consigli pratici  <\/li>\n\n\n\n<li>+ 260 foto per aiutarvi a scegliere<\/li>\n<\/ul>\n\n\n\n<div class=\"wp-block-buttons is-layout-flex wp-block-buttons-is-layout-flex\">\n<div class=\"wp-block-button\"><a class=\"wp-block-button__link has-theme-primary-background-color has-background wp-element-button\" href=\"https:\/\/madeiralovers.com\/it\/ebook-guida-viaggio-madeira\/\">Scopri di pi\u00f9 &gt;&gt;<\/a><\/div>\n<\/div>\n<\/div>\n\n\n\n<div class=\"wp-block-column is-layout-flow wp-block-column-is-layout-flow\" style=\"flex-basis:42%\">\n<div class=\"wp-block-genesis-blocks-gb-container ebook-radius-waitlist gb-block-container\"><div class=\"gb-container-inside\"><div class=\"gb-container-content\"><div class=\"wp-block-image ebook-image\">\n<figure class=\"aligncenter size-full\"><img decoding=\"async\" src=\"https:\/\/madeiralovers.com\/wp-content\/uploads\/2024\/06\/Med-Madeira-Travel-Guide-ebook-cover-7.jpg\" alt=\"guida-viaggio-Madere-libro-copertina-media\" class=\"wp-image-2412\"\/><\/figure>\n<\/div><\/div><\/div><\/div>\n<\/div>\n<\/div>\n<\/div><\/div><\/div>\n\n<h2 class=\"wp-block-heading\">Giorno 5: Giardini tropicali<\/h2>\n\n<h3 class=\"wp-block-heading\">Fermata 1 &#8211; Prendi la funivia per Monte<\/h3>\n\n<p>Dal lungomare di Funchal, prendi la funivia per raggiungere le alture della citt\u00e0. C&#8217;\u00e8 una funivia che collega il lungomare di Funchal e la zona del Monte.<br\/>Sorvola la citt\u00e0 e offre una vista a 360\u00b0 della citt\u00e0.<\/p>\n\n<figure class=\"wp-block-image size-large\"><img decoding=\"async\" src=\"https:\/\/photos.smugmug.com\/Madeira-Lovers\/Funchal\/Teleferico-Monte\/i-D2B5Qc7\/2\/CpKN8GFHSFD3tBcvJ636StHCs7rzgn2V5PTn5Bffw\/L\/Monte_cable_car_Madeira-7194193-L.jpg\" alt=\"\"\/><\/figure>\n\n<h3 class=\"wp-block-heading\">Fermata 2 &#8211; Ammira la chiesa e il piccolo giardino municipale<\/h3>\n\n<p>Una volta sceso dalla funivia, non dirigerti subito verso il famoso giardino del Monte Palace. Prenditi del tempo per scoprire i gioielli del quartiere Monte: la chiesa di Notre-Dame de Monte e la sua imponente scalinata. Sorprendentemente, \u00e8 anche il luogo di sepoltura dell&#8217;imperatore austriaco in esilio Carlo I.<br\/>Poi, sotto la chiesa, non perdere il piccolo ma affascinante giardino comunale di Monte. Ad un&#8217;altitudine di 550 m, ospita alberi secolari e specie autoctone. L&#8217;accesso \u00e8 gratuito.<\/p>\n\n<figure class=\"wp-block-image size-large\"><img decoding=\"async\" src=\"https:\/\/photos.smugmug.com\/Madeira-Lovers\/Funchal\/Gardens\/Monte-garden-church\/i-xqw2MDq\/1\/KQ9XGR4NWL3rSM4B3CP2TnXSGnD8cbrtHNdcp9zf3\/L\/IMG_9270-L.jpg\" alt=\"Chiesa di Notre-Dame de Monte\"\/><\/figure>\n\n<h3 class=\"wp-block-heading\">Fermata 3 &#8211; Giardino tropicale del Monte Palace<\/h3>\n\n<p>Poi, in 5 minuti a piedi, si raggiunge l&#8217;ingresso del Giardino Tropicale del Monte Palace, una delle attrazioni pi\u00f9 conosciute di Madeira.<br\/>\u00c8 un giardino magnifico, con una vegetazione lussureggiante, sculture, elementi architettonici e giochi d&#8217;acqua. C&#8217;\u00e8 anche un museo.<br\/>La visita \u00e8 ricca e i sentieri sono in pendenza. Gli appassionati potrebbero trascorrervi un&#8217;intera giornata!<br\/><a href=\"https:\/\/madeiralovers.com\/it\/visitare-giardino-monte-palace-tropical-garden-funchal\/\" target=\"_blank\" rel=\"noreferrer noopener\">Scopri tutti i nostri consigli per visitare il giardino.<\/a><\/p>\n\n<figure class=\"wp-block-image size-large\"><img decoding=\"async\" src=\"https:\/\/photos.smugmug.com\/Travel\/Madeira\/7c-Monte-Palace-Tropical-Garden\/i-nxrWJRZ\/1\/19123a9b\/L\/Monte_Palace_Tropical_garden_Madeira-7194061-L.jpg\" alt=\"Giardino tropicale del Monte Palace\"\/><\/figure>\n\n<h3 class=\"wp-block-heading\">Fermata 4 &#8211; Scivolo di Funchal<\/h3>\n\n<p>Ci sono diverse opzioni per tornare nel cuore di Funchal, con la funivia, il taxi o un&#8217;esperienza unica tipica di Madeira: lo slittino a cesto.<br\/>Vieni fatto sedere in un cesto e trasportato attraverso le ripide strade fino al centro di Funchal. 2 uomini in costume tradizionale che usano i piedi per guidare il cesto e frenare. Ci chiediamo quante paia di scarpe debbano comprare all&#8217;anno!<\/p>\n\n<figure class=\"wp-block-image size-large\"><img decoding=\"async\" src=\"https:\/\/photos.smugmug.com\/Madeira-Lovers\/Funchal\/Funchal-Basket-ride\/i-8vFQHZc\/1\/KmBtQVr9gt4GGkH3RfnZhFtC9fSk9JmLmBRHP45Cs\/L\/funchal_sled_ride_Madeira-7194120-L.jpg\" alt=\"Scivolo di Funchal\"\/><\/figure>\n\n<h3 class=\"wp-block-heading\">Fermata 4 &#8211; alternativa: pi\u00f9 giardino<\/h3>\n\n<p>Gli appassionati di giardinaggio possono camminare e prendere una seconda funivia per visitare i giardini botanici di Madeira. Ha uno stile molto diverso. Ci \u00e8 piaciuta molto la sua collezione di cactus.<\/p>\n\n<figure class=\"wp-block-image size-large\"><img decoding=\"async\" src=\"https:\/\/photos.smugmug.com\/Travel\/Madeira\/7e-Funchal-botanical-garden\/i-NFLvtgS\/1\/924fa229\/L\/funchal_botanical_garden_Madeira-7194309-L.jpg\" alt=\"Giardino Botanico di Funchal\"\/><\/figure>\n\n<h2 class=\"wp-block-heading\">Giorno 6: Levada e Ponta do Sol<\/h2>\n\n<h3 class=\"wp-block-heading\">Fermata 1 &#8211; 25 Fontes Levada<\/h3>\n\n<p>Le levadas sono i tradizionali canali di irrigazione che scendono dalle montagne di Madeira. Ci sono sentieri lungo il percorso. Ti consigliamo di fare almeno una di queste escursioni: le 25 Fontes.<br\/>Tuttavia, il nostro consiglio principale \u00e8 di arrivare prima dell&#8217;alba per godersi il posto prima della folla (i sentieri sono stretti).<br\/>Il sentiero conduce a una piccola laguna e a un muro piangente, coperto di rivoli d&#8217;acqua, da cui il nome 25 fontes.<br\/><a href=\"https:\/\/madeiralovers.com\/it\/escursione-levada-25-fontes-madeira\/\" target=\"_blank\" rel=\"noreferrer noopener\">Consulta la nostra guida completa alle escursioni<\/a>.<\/p>\n\n<figure class=\"wp-block-image size-large\"><img decoding=\"async\" src=\"https:\/\/photos.smugmug.com\/Madeira-Lovers\/Levada-25-Fontes\/PR6-Levada-25-fontes-levada-hike\/i-9V8JNqb\/1\/Mr5kxCF54d5KL6FFPmfCpCdhKgN6hBJqsRGNfPRBQ\/L\/Rabacal_25_Fontes_walk_waterfall_Madeira-7162407-L.jpg\" alt=\"25 Fontes\"\/><\/figure>\n\n<h3 class=\"wp-block-heading\">Fermata 2 &#8211; Ponta do Sol<\/h3>\n\n<p>Poi scendi verso la costa meridionale e rilassati sul lungomare di Ponta do Sol. Questo \u00e8 il villaggio pi\u00f9 soleggiato di Madeira.<br\/>Qui troverai una spiaggia di ciottoli, edifici colorati, i resti della strada reale che circondava l&#8217;intera isola e il ponte che collegava l&#8217;isola al molo.  <br\/>Tieni presente, per\u00f2, che i parcheggi possono essere difficili da trovare.<br\/><a href=\"https:\/\/madeiralovers.com\/it\/cosa-vedere-ponta-do-sol-visitare\/\" target=\"_blank\" rel=\"noreferrer noopener\">Scopri di pi\u00f9 su Ponta do Sol<\/a>.<\/p>\n\n<figure class=\"wp-block-image size-large\"><img decoding=\"async\" src=\"https:\/\/photos.smugmug.com\/Madeira-Lovers\/Ponta-do-Sol\/Beach\/i-CNVDLS2\/1\/TgBZWgvFxj82G6TXjdSTdtTxp7jp3K5VSSfnhBFm\/L\/Ponta_do_Sol_Madeira-7162716-L.jpg\" alt=\"Ponta do Sol\"\/><\/figure>\n\n<h3 class=\"wp-block-heading\">Alternativa se non fai escursioni<\/h3>\n\n<p>Se non puoi fare l&#8217;escursione mattutina, puoi sostituirla esplorando la costa sud-occidentale di Madeira.<br\/>Qui troverai villaggi incantevoli come <a href=\"https:\/\/madeiralovers.com\/it\/cosa-vedere-borgo-jardim-do-mar-visitare\/\" target=\"_blank\" rel=\"noreferrer noopener\">Jardim do Ma<\/a>, <a href=\"https:\/\/madeiralovers.com\/it\/cosa-vedere-borgo-paul-do-mar-visitare\/\" target=\"_blank\" rel=\"noreferrer noopener\">Paul do Mar<\/a> e <a href=\"https:\/\/madeiralovers.com\/it\/cosa-vedere-borgo-madalena-do-mar-visitare\/\" target=\"_blank\" rel=\"noreferrer noopener\">Madalena do Mar<\/a>.<br\/>In quest&#8217;ultima, puoi fare una brevissima passeggiata attraverso le piantagioni di banane (Rota da Banana a Madalena do Mar RB1).<\/p>\n\n<figure class=\"wp-block-image size-large\"><img decoding=\"async\" src=\"https:\/\/photos.smugmug.com\/Travel\/Madeira\/5h-Madalena-do-Mar\/i-LZJSpzW\/2\/DhwQX66K85VMJ3dG337J5Bmgq9Q3CsfKfTd2x7NVg\/L\/Madalena_do_Mar_Madeira-9026-L.jpg\" alt=\"Rota da Banana a Madalena do Mar\"\/><\/figure>\n\n<h2 class=\"wp-block-heading\">Giorno 7: Promontorio vulcanico, Ponta de Sao Louren\u00e7o<\/h2>\n\n<h3 class=\"wp-block-heading\">Fermata 1 &#8211; Ponta de Sao Louren\u00e7o<\/h3>\n\n<p>E per concludere la settimana in bellezza, dirigiti verso la punta nord-orientale, per scoprire paesaggi perfetti per ammirare le origini vulcaniche di Madeira.<br\/>La passeggiata ti porta lungo la famosa &#8220;coda del drago&#8221; di Madeira, circondata da paesaggi brulli e rocce colorate.<br\/>Puoi camminare quanto vuoi e poi tornare indietro. \u00c8 impressionante e colorato!<br\/>L&#8217;intera camminata \u00e8 di 6,4 km\/4 miglia, il che significa dalle 3 alle 4 ore fino al Sardinha Caf\u00e9 e ritorno.<br\/>Scopri di pi\u00f9 sulla passeggiata (articolo a seguire).<\/p>\n\n<figure class=\"wp-block-image size-large\"><img decoding=\"async\" src=\"https:\/\/photos.smugmug.com\/Madeira-Lovers\/Ponta-Sao-Louranco\/Hike\/i-dQTR8F6\/0\/DrnJnMN3GZtjDWxhNQ5W3NxzGqZrDmwsZwGvxnW8L\/L\/Ponta_de_Sao_Louranco_Madeira-7130340-L.jpg\" alt=\"Ponta de Sao Louren&#xE7;o\"\/><\/figure>\n\n<h3 class=\"wp-block-heading\">Fermata 2 &#8211; Ponta do Rosto<\/h3>\n\n<p>Prima di ripartire, ti consigliamo di fare una breve deviazione per ammirare da <a href=\"https:\/\/madeiralovers.com\/it\/miradouro-ponta-do-rosto-madeira\/\" target=\"_blank\" rel=\"noreferrer noopener\">Ponta do Rosto<\/a> il panorama delle scogliere vulcaniche della coda di Madeira. Che contrasto con il resto dell&#8217;isola!<\/p>\n\n<figure class=\"wp-block-image size-large\"><img decoding=\"async\" src=\"https:\/\/photos.smugmug.com\/Travel\/Madeira\/2b-Ponta-do-Rosto\/i-r74VZz4\/2\/CHdcmfWr5txLz6JbJTDDZRMV7cj2czhJFMZ8JHKkF\/L\/Ponta_do_rosto_Madeira-8500-L.jpg\" alt=\"Ponta do Rosto\"\/><\/figure>\n\n<h3 class=\"wp-block-heading\">Fermata 3 &#8211; Cani\u00e7al e il Museo della Balena<\/h3>\n\n<p>Il villaggio di Cani\u00e7al merita una visita, soprattutto per il suo museo delle balene con modelli a grandezza naturale, ma anche per il suo grazioso lungomare. In questo spazio spazioso e moderno, potrai ammirare un&#8217;ampia gamma di mostre interattive sulle balene.<br\/><a href=\"https:\/\/madeiralovers.com\/it\/cosa-vedere-borgo-canical-visitare\/\" target=\"_blank\" rel=\"noreferrer noopener\">Scopri di pi\u00f9 su Cani\u00e7al<\/a>.<\/p>\n\n<figure class=\"wp-block-image size-large\"><img decoding=\"async\" src=\"https:\/\/photos.smugmug.com\/Travel\/Madeira\/12i-Canical\/i-9Zm7ppm\/2\/CLs3km42nwSgGwWCpw9cBNChpVB95Q9DMNGjpbCLZ\/L\/whale_museum_Canical_Madeira-9815-L.jpg\" alt=\"museo delle balene\"\/><\/figure>\n\n<h3 class=\"wp-block-heading\">Fermata 4 &#8211; <strong>Ponta do Garajau<\/strong><\/h3>\n\n<p>E termina la settimana ammirando il panorama da Ponta Do Garajau. Qui puoi trovare maggiori informazioni:<\/p>\n\n<ul class=\"wp-block-list\">\n<li><strong> <\/strong>La statua del Cristo Rei, maestosamente affacciata sull&#8217;Oceano Atlantico.<\/li>\n\n\n\n<li>L&#8217;impressionante scalinata che porta alla Pointe de Garajau con la sua magnifica vista sulle scogliere, sull&#8217;oceano, sulla baia di Funchal e sulle isole Desertas.<\/li>\n\n\n\n<li>La funivia del Cristo Rei ti porta gi\u00f9 per la scogliera fino a una delle <a href=\"https:\/\/madeiralovers.com\/it\/migliori-spiagge-madeira\/\" target=\"_blank\" rel=\"noreferrer noopener\">spiagge pi\u00f9 belle di Madeira<\/a>.  <\/li>\n<\/ul>\n\n<p><a href=\"https:\/\/madeiralovers.com\/it\/ponta-garajau-madeira\/\" target=\"_blank\" rel=\"noreferrer noopener\">Leggi di pi\u00f9<\/a><\/p>\n\n<figure class=\"wp-block-image size-large\"><img decoding=\"async\" src=\"https:\/\/photos.smugmug.com\/Madeira-Lovers\/Garajau\/Cristo-Rei\/i-hVNdDpb\/0\/LdL4WcNqzthK8LDC98vc5qBXbM8D77PXgSfzcLZ2Z\/L\/Ponta_do_Garajau_Madeira-9759-L.jpg\" alt=\"Cristo di Ponta do garajau\"\/><\/figure>\n\n<div style=\"background-color:#fefefe;margin-top:6%;margin-bottom:6%\" class=\"wp-block-genesis-blocks-gb-container box gb-block-container\"><div class=\"gb-container-inside\"><div class=\"gb-container-content\" style=\"max-width:700px\">\n<div class=\"wp-block-columns inverse is-layout-flex wp-container-core-columns-is-layout-9d6595d7 wp-block-columns-is-layout-flex\">\n<div class=\"wp-block-column texte_planif is-layout-flow wp-block-column-is-layout-flow\" style=\"flex-basis:58%\">\n<h5 class=\"titre_box\">Riceva la nostra <span class=\"titre_box_manuscrit\">Newsletter<\/span><\/h5>\n\n\n\n<ul class=\"wp-block-list\">\n<li>Una boccata d&#8217;aria fresca nella sua vita quotidiana nelle bellissime destinazioni di Region Lovers!<\/li>\n\n\n\n<li>Una volta al mese<\/li>\n\n\n\n<li>Senza pubblicit\u00e0<\/li>\n<\/ul>\n\n\n<script>\nvar gform;gform||(document.addEventListener(\"gform_main_scripts_loaded\",function(){gform.scriptsLoaded=!0}),document.addEventListener(\"gform\/theme\/scripts_loaded\",function(){gform.themeScriptsLoaded=!0}),window.addEventListener(\"DOMContentLoaded\",function(){gform.domLoaded=!0}),gform={domLoaded:!1,scriptsLoaded:!1,themeScriptsLoaded:!1,isFormEditor:()=>\"function\"==typeof InitializeEditor,callIfLoaded:function(o){return!(!gform.domLoaded||!gform.scriptsLoaded||!gform.themeScriptsLoaded&&!gform.isFormEditor()||(gform.isFormEditor()&&console.warn(\"The use of gform.initializeOnLoaded() is deprecated in the form editor context and will be removed in Gravity Forms 3.1.\"),o(),0))},initializeOnLoaded:function(o){gform.callIfLoaded(o)||(document.addEventListener(\"gform_main_scripts_loaded\",()=>{gform.scriptsLoaded=!0,gform.callIfLoaded(o)}),document.addEventListener(\"gform\/theme\/scripts_loaded\",()=>{gform.themeScriptsLoaded=!0,gform.callIfLoaded(o)}),window.addEventListener(\"DOMContentLoaded\",()=>{gform.domLoaded=!0,gform.callIfLoaded(o)}))},hooks:{action:{},filter:{}},addAction:function(o,r,e,t){gform.addHook(\"action\",o,r,e,t)},addFilter:function(o,r,e,t){gform.addHook(\"filter\",o,r,e,t)},doAction:function(o){gform.doHook(\"action\",o,arguments)},applyFilters:function(o){return gform.doHook(\"filter\",o,arguments)},removeAction:function(o,r){gform.removeHook(\"action\",o,r)},removeFilter:function(o,r,e){gform.removeHook(\"filter\",o,r,e)},addHook:function(o,r,e,t,n){null==gform.hooks[o][r]&&(gform.hooks[o][r]=[]);var d=gform.hooks[o][r];null==n&&(n=r+\"_\"+d.length),gform.hooks[o][r].push({tag:n,callable:e,priority:t=null==t?10:t})},doHook:function(r,o,e){var t;if(e=Array.prototype.slice.call(e,1),null!=gform.hooks[r][o]&&((o=gform.hooks[r][o]).sort(function(o,r){return o.priority-r.priority}),o.forEach(function(o){\"function\"!=typeof(t=o.callable)&&(t=window[t]),\"action\"==r?t.apply(null,e):e[0]=t.apply(null,e)})),\"filter\"==r)return e[0]},removeHook:function(o,r,t,n){var e;null!=gform.hooks[o][r]&&(e=(e=gform.hooks[o][r]).filter(function(o,r,e){return!!(null!=n&&n!=o.tag||null!=t&&t!=o.priority)}),gform.hooks[o][r]=e)}});\n<\/script>\n\n                <div class='gf_browser_gecko gform_wrapper gravity-theme gform-theme--no-framework waitlist_wrapper' data-form-theme='gravity-theme' data-form-index='0' id='gform_wrapper_2' >\n                        <div class='gform_heading'>\n                            <p class='gform_description'><\/p>\n                        <\/div><form method='post' enctype='multipart\/form-data'  id='gform_2' class='waitlist' action='\/it\/wp-json\/wp\/v2\/posts\/3871' data-formid='2' novalidate> \r\n <input type='hidden' class='gforms-pum' value='{\"closepopup\":false,\"closedelay\":0,\"openpopup\":false,\"openpopup_id\":0}' \/>\n                        <div class='gform-body gform_body'><div id='gform_fields_2' class='gform_fields top_label form_sublabel_below description_below validation_below'><div id=\"field_2_5\" class=\"gfield gfield--type-honeypot gform_validation_container field_sublabel_below gfield--has-description field_description_below field_validation_below gfield_visibility_visible\"  ><label class='gfield_label gform-field-label' for='input_2_5'>Instagram<\/label><div class='ginput_container'><input name='input_5' id='input_2_5' type='text' value='' autocomplete='new-password'\/><\/div><div class='gfield_description' id='gfield_description_2_5'>Questo campo serve per la convalida e dovrebbe essere lasciato inalterato.<\/div><\/div><div id=\"field_2_1\" class=\"gfield gfield--type-email gfield--input-type-email gfield_contains_required field_sublabel_below gfield--no-description field_description_below hidden_label field_validation_below gfield_visibility_visible\"  ><label class='gfield_label gform-field-label' for='input_2_1'>E-mail<span class=\"gfield_required\"><span class=\"gfield_required gfield_required_text\">(Obbligatorio)<\/span><\/span><\/label><div class='ginput_container ginput_container_email'>\n                            <input name='input_1' id='input_2_1' type='email' value='' class='large'    aria-required=\"true\" aria-invalid=\"false\"  \/>\n                        <\/div><\/div><fieldset id=\"field_2_3\" class=\"gfield gfield--type-consent gfield--type-choice gfield--input-type-consent gfield_contains_required field_sublabel_below gfield--no-description field_description_below hidden_label field_validation_below gfield_visibility_visible\"  ><legend class='gfield_label gform-field-label gfield_label_before_complex' >RGPD<span class=\"gfield_required\"><span class=\"gfield_required gfield_required_text\">(Obbligatorio)<\/span><\/span><\/legend><div class='ginput_container ginput_container_consent'><input name='input_3.1' id='input_2_3_1' type='checkbox' value='1'   aria-required=\"true\" aria-invalid=\"false\"   \/> <label class=\"gform-field-label gform-field-label--type-inline gfield_consent_label\" for='input_2_3_1' >S\u00ec, desidero iscrivermi alla newsletter mensile<span class=\"gfield_required gfield_required_text\">(Obbligatorio)<\/span><\/label><input type='hidden' name='input_3.2' value='S\u00ec, desidero iscrivermi alla newsletter mensile' class='gform_hidden' \/><input type='hidden' name='input_3.3' value='1' class='gform_hidden' \/><\/div><\/fieldset><div id=\"field_2_4\" class=\"gfield gfield--type-website gfield--input-type-website field_sublabel_below gfield--no-description field_description_below field_validation_below gfield_visibility_hidden\"  ><div class=\"admin-hidden-markup\"><i class=\"gform-icon gform-icon--hidden\" aria-hidden=\"true\" title=\"Questo campo \u00e8 nascosto quando si visualizza il modulo\"><\/i><span>Questo campo \u00e8 nascosto quando si visualizza il modulo<\/span><\/div><label class='gfield_label gform-field-label' for='input_2_4'>Sito web<\/label><div class='ginput_container ginput_container_website'>\n                    <input name='input_4' id='input_2_4' type='url' value='https:\/\/madeiralovers.com\/it\/wp-json\/wp\/v2\/posts\/3871' class='large'    placeholder='https:\/\/'  aria-invalid=\"false\" \/>\n                <\/div><\/div><\/div><\/div>\n        <div class='gform-footer gform_footer top_label'> <input type='submit' id='gform_submit_button_2' class='gform_button button' onclick='gform.submission.handleButtonClick(this);' data-submission-type='submit' value='Iscriviti'  \/> \n            <input type='hidden' class='gform_hidden' name='gform_submission_method' data-js='gform_submission_method_2' value='postback' \/>\n            <input type='hidden' class='gform_hidden' name='gform_theme' data-js='gform_theme_2' id='gform_theme_2' value='gravity-theme' \/>\n            <input type='hidden' class='gform_hidden' name='gform_style_settings' data-js='gform_style_settings_2' id='gform_style_settings_2' value='{&quot;theme&quot;:&quot;gravity-theme&quot;,&quot;inputPrimaryColor&quot;:&quot;#72bb20&quot;,&quot;buttonPrimaryBackgroundColor&quot;:&quot;#72bb20&quot;}' \/>\n            <input type='hidden' class='gform_hidden' name='is_submit_2' value='1' \/>\n            <input type='hidden' class='gform_hidden' name='gform_submit' value='2' \/>\n            \n            <input type='hidden' class='gform_hidden' name='gform_currency' data-currency='EUR' value='2+UN34prSEg4MOhuSuVuP7SeCNceUkoRdK7ueO2w35n0m+vhlAyZ86tzP\/IfvBU2qfru2Vh8HaN3XpcyrsF9c+MIQJolyg89rqj3QKlqV7ceqMU=' \/>\n            <input type='hidden' class='gform_hidden' name='gform_unique_id' value='' \/>\n            <input type='hidden' class='gform_hidden' name='state_2' value='WyJ7XCIzLjFcIjpcImMzMjZlZjU3NGQwMWFmNjhhYTg1YTk2ODk5ZTAyYmU1XCIsXCIzLjJcIjpcIjRmYTQwM2QzNTEzMzUzYTU0ZWUwOTNhNmZkNDRiOGFlXCIsXCIzLjNcIjpcImMzMjZlZjU3NGQwMWFmNjhhYTg1YTk2ODk5ZTAyYmU1XCJ9IiwiYWIyN2MwNjY5ODZlNDMzODVkZWVlOGJlMmUxZGNiYTMiXQ==' \/>\n            <input type='hidden' autocomplete='off' class='gform_hidden' name='gform_target_page_number_2' id='gform_target_page_number_2' value='0' \/>\n            <input type='hidden' autocomplete='off' class='gform_hidden' name='gform_source_page_number_2' id='gform_source_page_number_2' value='1' \/>\n            <input type='hidden' name='gform_field_values' value='' \/>\n            \n        <\/div>\n                        <\/form>\n                        <\/div><script>\ngform.initializeOnLoaded( function() {gformInitSpinner( 2, 'https:\/\/madeiralovers.com\/wp-content\/plugins\/gravityforms\/images\/spinner.svg', true );jQuery('#gform_ajax_frame_2').on('load',function(){var contents = jQuery(this).contents().find('*').html();var is_postback = contents.indexOf('GF_AJAX_POSTBACK') >= 0;if(!is_postback){return;}var form_content = jQuery(this).contents().find('#gform_wrapper_2');var is_confirmation = jQuery(this).contents().find('#gform_confirmation_wrapper_2').length > 0;var is_redirect = contents.indexOf('gformRedirect(){') >= 0;var is_form = form_content.length > 0 && ! is_redirect && ! is_confirmation;var mt = parseInt(jQuery('html').css('margin-top'), 10) + parseInt(jQuery('body').css('margin-top'), 10) + 100;if(is_form){jQuery('#gform_wrapper_2').html(form_content.html());if(form_content.hasClass('gform_validation_error')){jQuery('#gform_wrapper_2').addClass('gform_validation_error');} else {jQuery('#gform_wrapper_2').removeClass('gform_validation_error');}setTimeout( function() { \/* delay the scroll by 50 milliseconds to fix a bug in chrome *\/  }, 50 );if(window['gformInitDatepicker']) {gformInitDatepicker();}if(window['gformInitPriceFields']) {gformInitPriceFields();}var current_page = jQuery('#gform_source_page_number_2').val();gformInitSpinner( 2, 'https:\/\/madeiralovers.com\/wp-content\/plugins\/gravityforms\/images\/spinner.svg', true );jQuery(document).trigger('gform_page_loaded', [2, current_page]);window['gf_submitting_2'] = false;}else if(!is_redirect){var confirmation_content = jQuery(this).contents().find('.GF_AJAX_POSTBACK').html();if(!confirmation_content){confirmation_content = contents;}jQuery('#gform_wrapper_2').replaceWith(confirmation_content);jQuery(document).trigger('gform_confirmation_loaded', [2]);window['gf_submitting_2'] = false;wp.a11y.speak(jQuery('#gform_confirmation_message_2').text());}else{jQuery('#gform_2').append(contents);if(window['gformRedirect']) {gformRedirect();}}jQuery(document).trigger(\"gform_pre_post_render\", [{ formId: \"2\", currentPage: \"current_page\", abort: function() { this.preventDefault(); } }]);        if (event && event.defaultPrevented) {                return;        }        const gformWrapperDiv = document.getElementById( \"gform_wrapper_2\" );        if ( gformWrapperDiv ) {            const visibilitySpan = document.createElement( \"span\" );            visibilitySpan.id = \"gform_visibility_test_2\";            gformWrapperDiv.insertAdjacentElement( \"afterend\", visibilitySpan );        }        const visibilityTestDiv = document.getElementById( \"gform_visibility_test_2\" );        let postRenderFired = false;        function triggerPostRender() {            if ( postRenderFired ) {                return;            }            postRenderFired = true;            gform.core.triggerPostRenderEvents( 2, current_page );            if ( visibilityTestDiv ) {                visibilityTestDiv.parentNode.removeChild( visibilityTestDiv );            }        }        function debounce( func, wait, immediate ) {            var timeout;            return function() {                var context = this, args = arguments;                var later = function() {                    timeout = null;                    if ( !immediate ) func.apply( context, args );                };                var callNow = immediate && !timeout;                clearTimeout( timeout );                timeout = setTimeout( later, wait );                if ( callNow ) func.apply( context, args );            };        }        const debouncedTriggerPostRender = debounce( function() {            triggerPostRender();        }, 200 );        if ( visibilityTestDiv && visibilityTestDiv.offsetParent === null ) {            const observer = new MutationObserver( ( mutations ) => {                mutations.forEach( ( mutation ) => {                    if ( mutation.type === 'attributes' && visibilityTestDiv.offsetParent !== null ) {                        debouncedTriggerPostRender();                        observer.disconnect();                    }                });            });            observer.observe( document.body, {                attributes: true,                childList: false,                subtree: true,                attributeFilter: [ 'style', 'class' ],            });        } else {            triggerPostRender();        }    } );} );\n<\/script>\n<\/div>\n\n\n\n<div class=\"wp-block-column is-layout-flow wp-block-column-is-layout-flow\" style=\"flex-basis:42%\">\n<div class=\"wp-block-genesis-blocks-gb-container aligncenter newsletter-radius gb-block-container\"><div class=\"gb-container-inside\"><div class=\"gb-container-content\"><div class=\"wp-block-image newsletter-image\">\n<figure class=\"aligncenter size-full\"><img loading=\"lazy\" decoding=\"async\" width=\"729\" height=\"792\" src=\"https:\/\/madeiralovers.com\/wp-content\/uploads\/2024\/01\/newsletter_FR_2.webp\" alt=\"\" class=\"wp-image-222\" srcset=\"https:\/\/madeiralovers.com\/wp-content\/uploads\/2024\/01\/newsletter_FR_2.webp 729w, https:\/\/madeiralovers.com\/wp-content\/uploads\/2024\/01\/newsletter_FR_2-276x300.webp 276w\" sizes=\"auto, (max-width: 729px) 100vw, 729px\" \/><\/figure>\n<\/div><\/div><\/div><\/div>\n<\/div>\n<\/div>\n<\/div><\/div><\/div>\n\n<h2 class=\"wp-block-heading\">7 giorni a Madeira senza auto<\/h2>\n\n<p>Se preferisci non noleggiare un&#8217;auto e guidare, ti consigliamo di rimanere a Funchal. Da qui partono la maggior parte dei tour organizzati.<\/p>\n\n<h3 class=\"wp-block-heading\">Giorno 1 senza auto: Funchal<\/h3>\n\n<p>Scopri la citt\u00e0 di Funchal e i suoi musei<\/p>\n\n<h3 class=\"wp-block-heading\">Giorno 2 senza auto: Camara de Lobos<\/h3>\n\n<p>Dirigiti verso l&#8217;incantevole villaggio di <a href=\"https:\/\/madeiralovers.com\/it\/cosa-vedere-camera-di-lobos-madeira-visitare\/\" target=\"_blank\" rel=\"noreferrer noopener\">Camara de Lobos<\/a>. Prendi un taxi o l&#8217;autobus Hop-on-hop-off.<br\/><a href=\"https:\/\/www.getyourguide.it\/camara-de-lobos-l9352\/funchal-tour-and-camara-de-lobos-tour-t91644\/?partner_id=R3GYW4V&amp;cmp=madeira\" target=\"_blank\" rel=\"noreferrer noopener sponsored nofollow\">Vedi i biglietti hop-on hop-off<\/a><\/p>\n\n<figure class=\"wp-block-image size-large\"><img decoding=\"async\" src=\"https:\/\/photos.smugmug.com\/Travel\/Madeira\/6c-Camara-dos-Lobos\/i-dVKjSfF\/1\/b6d56fb7\/L\/camara_dos_Lobos_Madeira-7173110-L.jpg\" alt=\"Bus Hop-on-hop-off\"\/><\/figure>\n\n<h3 class=\"wp-block-heading\">Giorno 3 senza auto: Porto Moniz e la Costa Nord<\/h3>\n\n<p>Scopri la citt\u00e0 di Porto Moniz con le sue piscine naturali di lava, la spiaggia di sabbia nera di Seixal e la foresta di Fanal con i suoi intriganti alberi.<br\/>Per farlo, devi partecipare a un tour organizzato.  <a href=\"https:\/\/www.getyourguide.it\/funchal-l1026\/enchanted-terraces-porto-moniz-from-funchal-t59626\/?partner_id=R3GYW4V&amp;cmp=madeira\" target=\"_blank\" rel=\"noreferrer noopener sponsored nofollow\">Vedere il programma e la disponibilit\u00e0<\/a><\/p>\n\n<h3 class=\"wp-block-heading\">Giorno 4 senza auto: Giardino tropicale<\/h3>\n\n<p>Copia il giorno 5 del nostro itinerario con auto: prendi la funivia e visita il Giardino Tropicale del Monte Palace.<br\/>Scendi con la tradizionale slitta o con la funivia.<\/p>\n\n<figure class=\"wp-block-image size-large\"><img decoding=\"async\" src=\"https:\/\/photos.smugmug.com\/Madeira-Lovers\/Funchal\/Gardens\/Monte-Palace-Tropical-Garden\/i-v6NrXDK\/1\/KNWz56tBjhZxvgGTq6W4d3k6X7h35BPdV6rgrXHRd\/L\/monte_palace_tropical_garden_Madeira-7194154-L.jpg\" alt=\"Giardino tropicale del Monte Palace\"\/><\/figure>\n\n<h3 class=\"wp-block-heading\">5\u00b0 giorno senza auto: Pico do Arieiro e Madeira orientale<\/h3>\n\n<p>Scopri alcuni dei luoghi pi\u00f9 belli della parte orientale di Madeira con:<\/p>\n\n<ul class=\"wp-block-list\">\n<li>Il Pico do Arieio e le sue viste panoramiche sulle aspre montagne<\/li>\n\n\n\n<li>Santana e le sue case tradizionali<\/li>\n\n\n\n<li>La vista delle scogliere vulcaniche da Ponta de S\u00e3o Louren\u00e7o.<\/li>\n<\/ul>\n\n<p>Per farlo, devi partecipare a un tour organizzato.  <a href=\"https:\/\/www.getyourguide.it\/madere-l67\/depuis-funchal-le-meilleur-de-l-est-de-madere-t65983\/?partner_id=R3GYW4V&amp;cmp=madeira\" target=\"_blank\" rel=\"noreferrer noopener sponsored nofollow\">Vedere il programma e la disponibilit\u00e0<\/a><\/p>\n\n<h3 class=\"wp-block-heading\">Giorno 6 senza auto: Funchal e Dauphin<\/h3>\n\n<p>Oggi continua la tua visita ai <a href=\"https:\/\/madeiralovers.com\/it\/migliori-musei-funchal\/\" target=\"_blank\" rel=\"noreferrer noopener\">musei di<\/a> Funchal e goditi l&#8217;atmosfera.<br\/>Organizza una gita in barca per vedere i delfini. Per aiutarti a scegliere il tuo tour:<\/p>\n\n<ul class=\"wp-block-list\">\n<li>leggi il nostro articolo sull&#8217;<a href=\"https:\/\/madeiralovers.com\/it\/escursione-delfini-madeira-balene\/\" target=\"_blank\" rel=\"noreferrer noopener\">osservazione dei delfini a Madeira<\/a><\/li>\n\n\n\n<li>il nostro tour preferito in catamarano con bagno sotto Cabo Girao &#8211; <a href=\"https:\/\/www.getyourguide.it\/s\/?q=Funchal+catamaran+dolphin&amp;searchSource=7&amp;partner_id=R3GYW4V&amp;cmp=madeira\" target=\"_blank\" rel=\"noreferrer noopener sponsored nofollow\">Vedi opzioni e disponibilit\u00e0<\/a><\/li>\n<\/ul>\n\n<figure class=\"wp-block-image size-large\"><img decoding=\"async\" src=\"https:\/\/photos.smugmug.com\/Madeira-Lovers\/Boat-tour\/Dolphins-whales\/i-tzJMCTh\/1\/K3f5pXcvQGP6jVfP2zP6hWv9ddnhq3D6GGKf59LBX\/L\/dolphin_cruise_boat_Tour_Madeira-7204487-L.jpg\" alt=\"delfini a Madeira\"\/><\/figure>\n\n<h3 class=\"wp-block-heading\">Giorno 7 senza auto: a scelta<\/h3>\n\n<p>Puoi scegliere se trasferirti o meno:<\/p>\n\n<ul class=\"wp-block-list\">\n<li>una passeggiata guidata lungo una levada &#8211; <a href=\"https:\/\/www.getyourguide.it\/s\/?q=mad%C3%A8re+levada&amp;searchSource=3&amp;partner_id=R3GYW4V&amp;cmp=madeira\" target=\"_blank\" rel=\"noreferrer noopener sponsored nofollow\">vedi opzioni<\/a><\/li>\n\n\n\n<li>Mezza giornata nella Valle delle Monache: Curral das Frieiras, con le sue montagne mozzafiato &#8211; <a href=\"https:\/\/www.getyourguide.it\/funchal-l1026\/nuns-valley-madeira-tour-t65985\/?partner_id=R3GYW4V&amp;cmp=madeira\" target=\"_blank\" rel=\"noreferrer noopener sponsored nofollow\">vedi programma e disponibilit\u00e0<\/a><\/li>\n\n\n\n<li>Una giornata di relax in hotel<\/li>\n<\/ul>\n\n<h2 class=\"wp-block-heading\">Alternative per i camminatori<\/h2>\n\n<p>Abbiamo incluso 3 o 4 escursioni nel programma di cui sopra.<br\/>Ma se sei un dilettante, puoi ritagliare i tuoi giorni a Funchal per fare di pi\u00f9.<br\/>Per esempio:<\/p>\n\n<ul class=\"wp-block-list\">\n<li>Levada do Caldeirao Verde (PR9)<\/li>\n\n\n\n<li>Verada do Pico Ruivo (PR1.2)<\/li>\n\n\n\n<li>Verado do Larano<\/li>\n\n\n\n<li>Pico Grande (PR12)<\/li>\n\n\n\n<li>Levada do Moinho (PR7)<\/li>\n<\/ul>\n\n<p>Consulta la nostra selezione delle <a href=\"https:\/\/madeiralovers.com\/it\/migliori-escursioni-madeira-trekking\/\" target=\"_blank\" rel=\"noreferrer noopener\">migliori passeggiate a Madeira<\/a>.<\/p>\n\n<figure class=\"wp-block-image size-large\"><img decoding=\"async\" src=\"https:\/\/photos.smugmug.com\/Madeira-Lovers\/Levada-Caldeira-Verde\/PR9-hike-Levada-Caldeirao-Verde-waterfall\/i-t8TRSct\/1\/FVzMzHJz6PpCbMnxTPRT6TDZB3VhczwtQBjrPjq9f\/L\/Levada_Caldeirao_verde_hike_Madeira-7240734-L.jpg\" alt=\"Levada do Caldeirao Verde\"\/><\/figure>\n\n<h2 class=\"wp-block-heading\">Alternative per gli amanti dello sport<\/h2>\n\n<p>Se ti piace sfidare te stesso, Madeira offre anche una vasta gamma di attivit\u00e0 sportive in mare o in montagna.<br\/>Ecco alcuni dei nostri preferiti:<\/p>\n\n<ul class=\"wp-block-list\">\n<li>Canyoning per principianti &#8211; <a href=\"https:\/\/www.getyourguide.it\/s\/?q=madere+canyoning&amp;searchSource=3&amp;partner_id=R3GYW4V&amp;cmp=madeira\" target=\"_blank\" rel=\"noreferrer noopener sponsored nofollow\">vedi opzioni<\/a><\/li>\n\n\n\n<li>Canyoning intermedio &#8211; <a href=\"https:\/\/www.getyourguide.it\/madere-l67\/depuis-funchal-aventure-canyoning-intermediaire-avec-transfert-t421109\/?partner_id=R3GYW4V&amp;cmp=madeira\" target=\"_blank\" rel=\"noreferrer noopener sponsored nofollow\">vedi programma e disponibilit\u00e0<\/a><\/li>\n\n\n\n<li>Kayak &#8211; <a href=\"https:\/\/www.getyourguide.it\/s\/?q=kayak+madeira&amp;searchSource=3&amp;partner_id=R3GYW4V&amp;cmp=madeira\" target=\"_blank\" rel=\"noreferrer noopener sponsored nofollow\">vedi opzioni<\/a><\/li>\n\n\n\n<li>Coasteering (saltare in mare!) &#8211; <a href=\"https:\/\/www.getyourguide.it\/madere-l67\/madere-excursion-d-une-demi-journee-en-cabotage-t352126\/?partner_id=R3GYW4V&amp;cmp=madeira\" target=\"_blank\" rel=\"noreferrer noopener sponsored nofollow\">vedi programma e disponibilit\u00e0<\/a><\/li>\n\n\n\n<li>Immersioni, mountain bike&#8230;<\/li>\n\n\n\n<li>&#8230;<\/li>\n<\/ul>\n\n<figure class=\"wp-block-image size-large\"><img decoding=\"async\" src=\"https:\/\/photos.smugmug.com\/Madeira-Lovers\/Canyoning\/i-jNZ8X2x\/0\/PSmwx4sMn5LW5TSwLdMZDbQ5zs8BKPKhxQ6bFvrG\/L\/canyoning-madeira-1-L.jpg\" alt=\"Canyoning a Madeira\"\/><\/figure>\n\n<h2 class=\"wp-block-heading\">Domande e consigli frequenti<\/h2>\n\n<h3 class=\"wp-block-heading\">Qual \u00e8 il periodo migliore per visitare Madeira in 7 giorni?<\/h3>\n\n<p>Madeira \u00e8 una destinazione ideale per tutto l&#8217;anno, con temperature miti.<br\/>Se vuoi il tempo migliore, visitalo tra maggio e ottobre, quando il clima \u00e8 caldo e soleggiato. Ma l&#8217;isola \u00e8 molto piacevole anche in inverno, quando si pu\u00f2 godere di un po&#8217; di sole.<\/p>\n\n<h3 class=\"wp-block-heading\">Cosa portare per una settimana a Madeira<\/h3>\n\n<p>Ti consigliamo di prendere:<\/p>\n\n<ul class=\"wp-block-list\">\n<li>scarpe comode per camminare,  <\/li>\n\n\n\n<li>crema solare,  <\/li>\n\n\n\n<li>un costume da bagno,<\/li>\n\n\n\n<li>strati di abbigliamento per adattarsi al clima e ai cambiamenti di altitudine.<\/li>\n<\/ul>\n\n<h3 class=\"wp-block-heading\">Una settimana \u00e8 troppo lunga a Madeira? E questo \u00e8 sufficiente?<\/h3>\n\n<p>Una settimana a Madeira \u00e8 generalmente considerata la durata ideale per una visita. In soli 7 giorni potrai esplorare i diversi paesaggi dell&#8217;isola, partecipare a una serie di attivit\u00e0 e fare escursioni. Ma non sar\u00e0 in grado di vedere tutto.<br\/>Chi desidera un ritmo pi\u00f9 tranquillo, pi\u00f9 escursioni e pi\u00f9 tempo a Porto Santo preferir\u00e0 un periodo compreso tra i 10 e i 14 giorni.<\/p>\n\n<div class=\"wp-block-genesis-blocks-gb-container box_auteur_voyage gb-block-container\"><div class=\"gb-container-inside\"><div class=\"gb-container-content\">\n<figure class=\"wp-block-image size-large img_auteur_voyage\"><a href=\"https:\/\/madeiralovers.com\/it\/claire-robinson\/\" target=\"_blank\" rel=\"noreferrer noopener\"><img decoding=\"async\" src=\"https:\/\/photos.smugmug.com\/Madeira-Lovers\/Portraits-equipe\/i-WCb99j5\/0\/2d0b98a0\/L\/regionlovers-3-L.jpg\" alt=\"\"\/><\/a><\/figure>\n\n\n\n<h5 class=\"titre_auteur_voyage\"><span>HA FATTO IL VIAGGIO E HA SCRITTO L&#8217;ARTICOLO \n <\/span><span class=\"titre_box_manuscrit\">Claire<\/span><\/h5>\n<\/div><\/div><\/div>\n","protected":false},"excerpt":{"rendered":"<p>Se hai una settimana di tempo a Madeira, ti aspetta una bella sorpresa! Scogliere, montagne imponenti, giardini magnifici&#8230;Ti porteremo a scoprire i luoghi e le esperienze migliori dell&#8217;isola con i nostri itinerari ideali per visitare Madeira in 7 giorni, con alloggio a sud o a nord.Abbiamo incluso anche delle alternative se non vuoi guidare o [&hellip;]<\/p>\n","protected":false},"author":2,"featured_media":3726,"comment_status":"closed","ping_status":"closed","sticky":false,"template":"","format":"standard","meta":{"_genesis_hide_title":false,"_genesis_hide_breadcrumbs":false,"_genesis_hide_singular_image":false,"_genesis_hide_footer_widgets":false,"_genesis_custom_body_class":"","_genesis_custom_post_class":"","_genesis_layout":"","footnotes":""},"categories":[63],"tags":[],"class_list":{"0":"post-3871","1":"post","2":"type-post","3":"status-publish","4":"format-standard","5":"has-post-thumbnail","7":"category-consigli-pratici","8":"entry"},"yoast_head":"<!-- This site is optimized with the Yoast SEO plugin v27.2 - https:\/\/yoast.com\/product\/yoast-seo-wordpress\/ -->\n<title>Una settimana a Madeira: il nostro itinerario ideale!<\/title>\n<meta name=\"description\" content=\"Tutti i nostri consigli per visitare Madeira in una settimana: itinerari giorno per giorno, consigli pratici, attivit\u00e0...\" \/>\n<meta name=\"robots\" content=\"index, follow, max-snippet:-1, max-image-preview:large, max-video-preview:-1\" \/>\n<link rel=\"canonical\" href=\"https:\/\/madeiralovers.com\/it\/visitare-madeira-una-settimana-itinerario\/\" \/>\n<meta property=\"og:locale\" content=\"it_IT\" \/>\n<meta property=\"og:type\" content=\"article\" \/>\n<meta property=\"og:title\" content=\"Una settimana a Madeira: il nostro itinerario ideale!\" \/>\n<meta property=\"og:description\" content=\"Tutti i nostri consigli per visitare Madeira in una settimana: itinerari giorno per giorno, consigli pratici, attivit\u00e0...\" \/>\n<meta property=\"og:url\" content=\"https:\/\/madeiralovers.com\/it\/visitare-madeira-una-settimana-itinerario\/\" \/>\n<meta property=\"og:site_name\" content=\"Madeira Lovers\" \/>\n<meta property=\"article:published_time\" content=\"2024-08-15T09:12:03+00:00\" \/>\n<meta property=\"article:modified_time\" content=\"2024-08-15T09:53:33+00:00\" \/>\n<meta property=\"og:image\" content=\"https:\/\/madeiralovers.com\/wp-content\/uploads\/2024\/08\/visitare-Madeira-una-settimana-itinerario-7-giorni.jpeg\" \/>\n\t<meta property=\"og:image:width\" content=\"800\" \/>\n\t<meta property=\"og:image:height\" content=\"600\" \/>\n\t<meta property=\"og:image:type\" content=\"image\/jpeg\" \/>\n<meta name=\"author\" content=\"Claire ROBINSON\" \/>\n<meta name=\"twitter:card\" content=\"summary_large_image\" \/>\n<meta name=\"twitter:label1\" content=\"Scritto da\" \/>\n\t<meta name=\"twitter:data1\" content=\"Claire ROBINSON\" \/>\n\t<meta name=\"twitter:label2\" content=\"Tempo di lettura stimato\" \/>\n\t<meta name=\"twitter:data2\" content=\"16 minuti\" \/>\n<script type=\"application\/ld+json\" class=\"yoast-schema-graph\">{\"@context\":\"https:\/\/schema.org\",\"@graph\":[{\"@type\":\"Article\",\"@id\":\"https:\/\/madeiralovers.com\/it\/visitare-madeira-una-settimana-itinerario\/#article\",\"isPartOf\":{\"@id\":\"https:\/\/madeiralovers.com\/it\/visitare-madeira-una-settimana-itinerario\/\"},\"author\":{\"name\":\"Claire ROBINSON\",\"@id\":\"https:\/\/madeiralovers.com\/it\/#\/schema\/person\/714bf48f891f34f544b1808122c3dd35\"},\"headline\":\"Una settimana a Madeira: il nostro itinerario ideale!\",\"datePublished\":\"2024-08-15T09:12:03+00:00\",\"dateModified\":\"2024-08-15T09:53:33+00:00\",\"mainEntityOfPage\":{\"@id\":\"https:\/\/madeiralovers.com\/it\/visitare-madeira-una-settimana-itinerario\/\"},\"wordCount\":3194,\"publisher\":{\"@id\":\"https:\/\/madeiralovers.com\/it\/#organization\"},\"image\":{\"@id\":\"https:\/\/madeiralovers.com\/it\/visitare-madeira-una-settimana-itinerario\/#primaryimage\"},\"thumbnailUrl\":\"https:\/\/madeiralovers.com\/wp-content\/uploads\/2024\/08\/visitare-Madeira-una-settimana-itinerario-7-giorni.jpeg\",\"articleSection\":[\"Consigli pratici\"],\"inLanguage\":\"it-IT\"},{\"@type\":\"WebPage\",\"@id\":\"https:\/\/madeiralovers.com\/it\/visitare-madeira-una-settimana-itinerario\/\",\"url\":\"https:\/\/madeiralovers.com\/it\/visitare-madeira-una-settimana-itinerario\/\",\"name\":\"Una settimana a Madeira: il nostro itinerario ideale!\",\"isPartOf\":{\"@id\":\"https:\/\/madeiralovers.com\/it\/#website\"},\"primaryImageOfPage\":{\"@id\":\"https:\/\/madeiralovers.com\/it\/visitare-madeira-una-settimana-itinerario\/#primaryimage\"},\"image\":{\"@id\":\"https:\/\/madeiralovers.com\/it\/visitare-madeira-una-settimana-itinerario\/#primaryimage\"},\"thumbnailUrl\":\"https:\/\/madeiralovers.com\/wp-content\/uploads\/2024\/08\/visitare-Madeira-una-settimana-itinerario-7-giorni.jpeg\",\"datePublished\":\"2024-08-15T09:12:03+00:00\",\"dateModified\":\"2024-08-15T09:53:33+00:00\",\"description\":\"Tutti i nostri consigli per visitare Madeira in una settimana: itinerari giorno per giorno, consigli pratici, attivit\u00e0...\",\"breadcrumb\":{\"@id\":\"https:\/\/madeiralovers.com\/it\/visitare-madeira-una-settimana-itinerario\/#breadcrumb\"},\"inLanguage\":\"it-IT\",\"potentialAction\":[{\"@type\":\"ReadAction\",\"target\":[\"https:\/\/madeiralovers.com\/it\/visitare-madeira-una-settimana-itinerario\/\"]}]},{\"@type\":\"ImageObject\",\"inLanguage\":\"it-IT\",\"@id\":\"https:\/\/madeiralovers.com\/it\/visitare-madeira-una-settimana-itinerario\/#primaryimage\",\"url\":\"https:\/\/madeiralovers.com\/wp-content\/uploads\/2024\/08\/visitare-Madeira-una-settimana-itinerario-7-giorni.jpeg\",\"contentUrl\":\"https:\/\/madeiralovers.com\/wp-content\/uploads\/2024\/08\/visitare-Madeira-una-settimana-itinerario-7-giorni.jpeg\",\"width\":800,\"height\":600,\"caption\":\"visitare Madeira una settimana itinerario 7 giorni\"},{\"@type\":\"BreadcrumbList\",\"@id\":\"https:\/\/madeiralovers.com\/it\/visitare-madeira-una-settimana-itinerario\/#breadcrumb\",\"itemListElement\":[{\"@type\":\"ListItem\",\"position\":1,\"name\":\"Accueil\",\"item\":\"https:\/\/madeiralovers.com\/it\/\"},{\"@type\":\"ListItem\",\"position\":2,\"name\":\"Consigli pratici\",\"item\":\"https:\/\/madeiralovers.com\/it\/consigli-pratici\/\"},{\"@type\":\"ListItem\",\"position\":3,\"name\":\"Una settimana a Madeira: il nostro itinerario ideale!\"}]},{\"@type\":\"WebSite\",\"@id\":\"https:\/\/madeiralovers.com\/it\/#website\",\"url\":\"https:\/\/madeiralovers.com\/it\/\",\"name\":\"Madeira Lovers\",\"description\":\"Pour r\u00e9veiller vos sens \u00e0 Mad\u00e8re\",\"publisher\":{\"@id\":\"https:\/\/madeiralovers.com\/it\/#organization\"},\"potentialAction\":[{\"@type\":\"SearchAction\",\"target\":{\"@type\":\"EntryPoint\",\"urlTemplate\":\"https:\/\/madeiralovers.com\/it\/?s={search_term_string}\"},\"query-input\":{\"@type\":\"PropertyValueSpecification\",\"valueRequired\":true,\"valueName\":\"search_term_string\"}}],\"inLanguage\":\"it-IT\"},{\"@type\":\"Organization\",\"@id\":\"https:\/\/madeiralovers.com\/it\/#organization\",\"name\":\"Madeira Lovers\",\"url\":\"https:\/\/madeiralovers.com\/it\/\",\"logo\":{\"@type\":\"ImageObject\",\"inLanguage\":\"it-IT\",\"@id\":\"https:\/\/madeiralovers.com\/it\/#\/schema\/logo\/image\/\",\"url\":\"https:\/\/madeiralovers.com\/wp-content\/uploads\/2024\/05\/cropped-Madeira-Lovers-Logos.png\",\"contentUrl\":\"https:\/\/madeiralovers.com\/wp-content\/uploads\/2024\/05\/cropped-Madeira-Lovers-Logos.png\",\"width\":2500,\"height\":554,\"caption\":\"Madeira Lovers\"},\"image\":{\"@id\":\"https:\/\/madeiralovers.com\/it\/#\/schema\/logo\/image\/\"}},{\"@type\":\"Person\",\"@id\":\"https:\/\/madeiralovers.com\/it\/#\/schema\/person\/714bf48f891f34f544b1808122c3dd35\",\"name\":\"Claire ROBINSON\",\"image\":{\"@type\":\"ImageObject\",\"inLanguage\":\"it-IT\",\"@id\":\"https:\/\/secure.gravatar.com\/avatar\/e3566233826c32de8d7c9ef726a1087654b12cadb092acc17ee1d357687192ff?s=96&d=mm&r=g\",\"url\":\"https:\/\/secure.gravatar.com\/avatar\/e3566233826c32de8d7c9ef726a1087654b12cadb092acc17ee1d357687192ff?s=96&d=mm&r=g\",\"contentUrl\":\"https:\/\/secure.gravatar.com\/avatar\/e3566233826c32de8d7c9ef726a1087654b12cadb092acc17ee1d357687192ff?s=96&d=mm&r=g\",\"caption\":\"Claire ROBINSON\"},\"sameAs\":[\"https:\/\/madeiralovers.com\/claire-robinson\/\"],\"url\":\"https:\/\/madeiralovers.com\/it\/author\/claire-robinson\/\"}]}<\/script>\n<!-- \/ Yoast SEO plugin. -->","yoast_head_json":{"title":"Una settimana a Madeira: il nostro itinerario ideale!","description":"Tutti i nostri consigli per visitare Madeira in una settimana: itinerari giorno per giorno, consigli pratici, attivit\u00e0...","robots":{"index":"index","follow":"follow","max-snippet":"max-snippet:-1","max-image-preview":"max-image-preview:large","max-video-preview":"max-video-preview:-1"},"canonical":"https:\/\/madeiralovers.com\/it\/visitare-madeira-una-settimana-itinerario\/","og_locale":"it_IT","og_type":"article","og_title":"Una settimana a Madeira: il nostro itinerario ideale!","og_description":"Tutti i nostri consigli per visitare Madeira in una settimana: itinerari giorno per giorno, consigli pratici, attivit\u00e0...","og_url":"https:\/\/madeiralovers.com\/it\/visitare-madeira-una-settimana-itinerario\/","og_site_name":"Madeira Lovers","article_published_time":"2024-08-15T09:12:03+00:00","article_modified_time":"2024-08-15T09:53:33+00:00","og_image":[{"width":800,"height":600,"url":"https:\/\/madeiralovers.com\/wp-content\/uploads\/2024\/08\/visitare-Madeira-una-settimana-itinerario-7-giorni.jpeg","type":"image\/jpeg"}],"author":"Claire ROBINSON","twitter_card":"summary_large_image","twitter_misc":{"Scritto da":"Claire ROBINSON","Tempo di lettura stimato":"16 minuti"},"schema":{"@context":"https:\/\/schema.org","@graph":[{"@type":"Article","@id":"https:\/\/madeiralovers.com\/it\/visitare-madeira-una-settimana-itinerario\/#article","isPartOf":{"@id":"https:\/\/madeiralovers.com\/it\/visitare-madeira-una-settimana-itinerario\/"},"author":{"name":"Claire ROBINSON","@id":"https:\/\/madeiralovers.com\/it\/#\/schema\/person\/714bf48f891f34f544b1808122c3dd35"},"headline":"Una settimana a Madeira: il nostro itinerario ideale!","datePublished":"2024-08-15T09:12:03+00:00","dateModified":"2024-08-15T09:53:33+00:00","mainEntityOfPage":{"@id":"https:\/\/madeiralovers.com\/it\/visitare-madeira-una-settimana-itinerario\/"},"wordCount":3194,"publisher":{"@id":"https:\/\/madeiralovers.com\/it\/#organization"},"image":{"@id":"https:\/\/madeiralovers.com\/it\/visitare-madeira-una-settimana-itinerario\/#primaryimage"},"thumbnailUrl":"https:\/\/madeiralovers.com\/wp-content\/uploads\/2024\/08\/visitare-Madeira-una-settimana-itinerario-7-giorni.jpeg","articleSection":["Consigli pratici"],"inLanguage":"it-IT"},{"@type":"WebPage","@id":"https:\/\/madeiralovers.com\/it\/visitare-madeira-una-settimana-itinerario\/","url":"https:\/\/madeiralovers.com\/it\/visitare-madeira-una-settimana-itinerario\/","name":"Una settimana a Madeira: il nostro itinerario ideale!","isPartOf":{"@id":"https:\/\/madeiralovers.com\/it\/#website"},"primaryImageOfPage":{"@id":"https:\/\/madeiralovers.com\/it\/visitare-madeira-una-settimana-itinerario\/#primaryimage"},"image":{"@id":"https:\/\/madeiralovers.com\/it\/visitare-madeira-una-settimana-itinerario\/#primaryimage"},"thumbnailUrl":"https:\/\/madeiralovers.com\/wp-content\/uploads\/2024\/08\/visitare-Madeira-una-settimana-itinerario-7-giorni.jpeg","datePublished":"2024-08-15T09:12:03+00:00","dateModified":"2024-08-15T09:53:33+00:00","description":"Tutti i nostri consigli per visitare Madeira in una settimana: itinerari giorno per giorno, consigli pratici, attivit\u00e0...","breadcrumb":{"@id":"https:\/\/madeiralovers.com\/it\/visitare-madeira-una-settimana-itinerario\/#breadcrumb"},"inLanguage":"it-IT","potentialAction":[{"@type":"ReadAction","target":["https:\/\/madeiralovers.com\/it\/visitare-madeira-una-settimana-itinerario\/"]}]},{"@type":"ImageObject","inLanguage":"it-IT","@id":"https:\/\/madeiralovers.com\/it\/visitare-madeira-una-settimana-itinerario\/#primaryimage","url":"https:\/\/madeiralovers.com\/wp-content\/uploads\/2024\/08\/visitare-Madeira-una-settimana-itinerario-7-giorni.jpeg","contentUrl":"https:\/\/madeiralovers.com\/wp-content\/uploads\/2024\/08\/visitare-Madeira-una-settimana-itinerario-7-giorni.jpeg","width":800,"height":600,"caption":"visitare Madeira una settimana itinerario 7 giorni"},{"@type":"BreadcrumbList","@id":"https:\/\/madeiralovers.com\/it\/visitare-madeira-una-settimana-itinerario\/#breadcrumb","itemListElement":[{"@type":"ListItem","position":1,"name":"Accueil","item":"https:\/\/madeiralovers.com\/it\/"},{"@type":"ListItem","position":2,"name":"Consigli pratici","item":"https:\/\/madeiralovers.com\/it\/consigli-pratici\/"},{"@type":"ListItem","position":3,"name":"Una settimana a Madeira: il nostro itinerario ideale!"}]},{"@type":"WebSite","@id":"https:\/\/madeiralovers.com\/it\/#website","url":"https:\/\/madeiralovers.com\/it\/","name":"Madeira Lovers","description":"Pour r\u00e9veiller vos sens \u00e0 Mad\u00e8re","publisher":{"@id":"https:\/\/madeiralovers.com\/it\/#organization"},"potentialAction":[{"@type":"SearchAction","target":{"@type":"EntryPoint","urlTemplate":"https:\/\/madeiralovers.com\/it\/?s={search_term_string}"},"query-input":{"@type":"PropertyValueSpecification","valueRequired":true,"valueName":"search_term_string"}}],"inLanguage":"it-IT"},{"@type":"Organization","@id":"https:\/\/madeiralovers.com\/it\/#organization","name":"Madeira Lovers","url":"https:\/\/madeiralovers.com\/it\/","logo":{"@type":"ImageObject","inLanguage":"it-IT","@id":"https:\/\/madeiralovers.com\/it\/#\/schema\/logo\/image\/","url":"https:\/\/madeiralovers.com\/wp-content\/uploads\/2024\/05\/cropped-Madeira-Lovers-Logos.png","contentUrl":"https:\/\/madeiralovers.com\/wp-content\/uploads\/2024\/05\/cropped-Madeira-Lovers-Logos.png","width":2500,"height":554,"caption":"Madeira Lovers"},"image":{"@id":"https:\/\/madeiralovers.com\/it\/#\/schema\/logo\/image\/"}},{"@type":"Person","@id":"https:\/\/madeiralovers.com\/it\/#\/schema\/person\/714bf48f891f34f544b1808122c3dd35","name":"Claire ROBINSON","image":{"@type":"ImageObject","inLanguage":"it-IT","@id":"https:\/\/secure.gravatar.com\/avatar\/e3566233826c32de8d7c9ef726a1087654b12cadb092acc17ee1d357687192ff?s=96&d=mm&r=g","url":"https:\/\/secure.gravatar.com\/avatar\/e3566233826c32de8d7c9ef726a1087654b12cadb092acc17ee1d357687192ff?s=96&d=mm&r=g","contentUrl":"https:\/\/secure.gravatar.com\/avatar\/e3566233826c32de8d7c9ef726a1087654b12cadb092acc17ee1d357687192ff?s=96&d=mm&r=g","caption":"Claire ROBINSON"},"sameAs":["https:\/\/madeiralovers.com\/claire-robinson\/"],"url":"https:\/\/madeiralovers.com\/it\/author\/claire-robinson\/"}]}},"featured_image_src":"https:\/\/madeiralovers.com\/wp-content\/uploads\/2024\/08\/visitare-Madeira-una-settimana-itinerario-7-giorni-600x400.jpeg","featured_image_src_square":"https:\/\/madeiralovers.com\/wp-content\/uploads\/2024\/08\/visitare-Madeira-una-settimana-itinerario-7-giorni-600x600.jpeg","author_info":{"display_name":"Claire ROBINSON","author_link":"https:\/\/madeiralovers.com\/it\/author\/claire-robinson\/"},"_links":{"self":[{"href":"https:\/\/madeiralovers.com\/it\/wp-json\/wp\/v2\/posts\/3871","targetHints":{"allow":["GET"]}}],"collection":[{"href":"https:\/\/madeiralovers.com\/it\/wp-json\/wp\/v2\/posts"}],"about":[{"href":"https:\/\/madeiralovers.com\/it\/wp-json\/wp\/v2\/types\/post"}],"author":[{"embeddable":true,"href":"https:\/\/madeiralovers.com\/it\/wp-json\/wp\/v2\/users\/2"}],"replies":[{"embeddable":true,"href":"https:\/\/madeiralovers.com\/it\/wp-json\/wp\/v2\/comments?post=3871"}],"version-history":[{"count":0,"href":"https:\/\/madeiralovers.com\/it\/wp-json\/wp\/v2\/posts\/3871\/revisions"}],"wp:featuredmedia":[{"embeddable":true,"href":"https:\/\/madeiralovers.com\/it\/wp-json\/wp\/v2\/media\/3726"}],"wp:attachment":[{"href":"https:\/\/madeiralovers.com\/it\/wp-json\/wp\/v2\/media?parent=3871"}],"wp:term":[{"taxonomy":"category","embeddable":true,"href":"https:\/\/madeiralovers.com\/it\/wp-json\/wp\/v2\/categories?post=3871"},{"taxonomy":"post_tag","embeddable":true,"href":"https:\/\/madeiralovers.com\/it\/wp-json\/wp\/v2\/tags?post=3871"}],"curies":[{"name":"wp","href":"https:\/\/api.w.org\/{rel}","templated":true}]}}