{"id":2607,"date":"2024-06-06T16:51:37","date_gmt":"2024-06-06T15:51:37","guid":{"rendered":"https:\/\/madeiralovers.com\/i-migliori-musei-di-funchal\/"},"modified":"2024-06-06T19:22:56","modified_gmt":"2024-06-06T18:22:56","slug":"migliori-musei-funchal","status":"publish","type":"post","link":"https:\/\/madeiralovers.com\/it\/migliori-musei-funchal\/","title":{"rendered":"9 migliori musei di Funchal (consigli + foto)"},"content":{"rendered":"\n<p>Dai un&#8217;occhiata alla nostra selezione dei <strong>9 migliori musei di Funchal<\/strong> per scoprire il ricco patrimonio culturale e storico di <strong>Madeira<\/strong>. Se ami l&#8217;arte, la storia o la tradizione, qui ce n&#8217;\u00e8 per tutti i gusti. Tra ammirare i tesori dell&#8217;<strong>Arte Sacra<\/strong>, rivivere la scoperta dell&#8217;isola e visitare le antiche residenze nobiliari, abbiamo fatto delle scoperte meravigliose che hanno reso il nostro viaggio pi\u00f9 autentico e significativo!<\/p>\n\n<p>Sfrutta al meglio le tue visite con i <strong>nostri consigli e le nostre foto<\/strong> e goditi il tempo con la famiglia, gli amici o anche da solo.<\/p>\n\n<figure class=\"wp-block-image size-full\"><img decoding=\"async\" src=\"https:\/\/madeiralovers.com\/wp-content\/uploads\/2024\/06\/migliori-musei-funchal.jpg\" alt=\"i migliori musei di funchal\" class=\"wp-image-2515\"\/><\/figure>\n\n<p>Si tratta di un&#8217;opinione completamente <strong>indipendente<\/strong>, basata sulle nostre esperienze. Abbiamo fatto le nostre scelte, visitato la regione in modo anonimo e pagato le bollette per intero.<\/p>\n\n<h2 class=\"wp-block-heading\">I migliori musei di Funchal: consigli<\/h2>\n\n<p>Scopri i nostri 9 musei preferiti di Funchal: un viaggio attraverso l&#8217;arte, la religione, la storia e la cultura locale. Che tu preferisca il divertimento e i giochi o i tour pi\u00f9 culturali e storici, ce n&#8217;\u00e8 per tutti i gusti!<\/p>\n\n<p>Per ulteriori ispirazioni, consulti il <a href=\"https:\/\/madeiralovers.com\/it\/cosa-vedere-funchal-visitare\/\" target=\"_blank\" rel=\"noreferrer noopener\">nostro articolo sulle attivit\u00e0 da non perdere in citt\u00e0!<\/a><\/p>\n\n<figure class=\"wp-block-image size-large\"><img decoding=\"async\" src=\"https:\/\/photos.smugmug.com\/Madeira-Lovers\/Funchal\/Museums\/Museu-Arte-Sacra\/i-h9XzJ5n\/0\/XngV8nm4d4wchZTfT2hRfzR5mQB9PSrTsWFkkHKV\/L\/azulejos%20sacred%20art%20museum%20funchal-L.jpg\" alt=\"Terrazza del Mus&#xE9;e d'Art Sacr&#xE9;\"\/><figcaption class=\"wp-element-caption\">Terrazza del Mus\u00e9e d&#8217;Art Sacr\u00e9<\/figcaption><\/figure>\n\n<p>Se deve visitare solo 3 musei, le consigliamo di farlo:<\/p>\n\n<ul class=\"wp-block-list\">\n<li><strong>Museo di Arte Sacra:<\/strong> oltre alla sua ricca collezione di opere religiose, questo museo dispone di una terrazza all&#8217;aperto con vista mozzafiato su Funchal. \u00c8 stata una visita molto piacevole.<\/li>\n\n\n\n<li><strong>Mus\u00e9e de la Photographie (Museo della Fotografia<\/strong> ): ci \u00e8 piaciuto molto questo ex laboratorio fotografico trasformato in museo. Qui abbiamo potuto ammirare alcuni scatti superbi dell&#8217;isola e dei suoi abitanti e scoprire antiche tecniche fotografiche.<\/li>\n\n\n\n<li><strong>Museo Frederico de Freitas<\/strong>: di propriet\u00e0 dei Conti di Cal\u00e7ada nel XVII secolo e successivamente del collezionista Frederico de Freitas, questo museo presenta mobili d&#8217;epoca e oggetti decorativi della nobilt\u00e0 locale. Ci \u00e8 piaciuto molto esplorare questa vecchia casa!<\/li>\n<\/ul>\n\n<p>La nostra mappa dei migliori musei di Funchal ti aiuter\u00e0 a orientarti in citt\u00e0:<\/p>\n\n<figure class=\"wp-block-image size-large\"><img decoding=\"async\" src=\"https:\/\/madeiralovers.com\/wp-content\/uploads\/2024\/06\/mappa-migliori-musei-funchal-it-1024x748.png\" alt=\"mappa dei migliori musei di funchal\" class=\"wp-image-2589\"\/><figcaption class=\"wp-element-caption\">Mappa dei migliori musei di Funchal<\/figcaption><\/figure>\n\n<h2 class=\"wp-block-heading\">1. Museo di Arte Sacra (punto di vista)<\/h2>\n\n<h3 class=\"wp-block-heading\">Perch\u00e9 visitarla? La nostra recensione<\/h3>\n\n<p>A nostro avviso, il <a href=\"https:\/\/masf.pt\/\" target=\"_blank\" rel=\"noreferrer noopener nofollow\">Museo<\/a> di Arte Sacra merita una visita durante il tuo soggiorno a Funchal. Ospitato nell&#8217;ex palazzo episcopale sulla <em>Pra\u00e7a do Munic\u00edpio<\/em>, vanta una variegata collezione di opere legate alla religione. Qui abbiamo visto dipinti sacri, sculture e argenteria che testimoniano la storia religiosa dell&#8217;arcipelago. Il percorso ti permette di conoscere meglio l&#8217;importanza della religione nella cultura locale. Ci \u00e8 piaciuta molto la terrazza esterna, decorata con azulejos, che offre una vista unica sui tetti della citt\u00e0.<\/p>\n\n<figure class=\"wp-block-image size-large\"><img decoding=\"async\" src=\"https:\/\/photos.smugmug.com\/Madeira-Lovers\/Funchal\/Mus&#xE9;e-dArt-Sacr&#xE9;\/i-Nv9Rv7R\/0\/dkvkzsKmzggQkTNmD4tBcLdbg9cRR9HSQWWL3F6z\/L\/goldsmithing%20sacred%20art%20museum-L.jpg\" alt=\"Sala espositiva del museo\"\/><\/figure>\n\n<h3 class=\"wp-block-heading\">I nostri 3 momenti preferiti<\/h3>\n\n<p>Durante la nostra visita, siamo stati particolarmente colpiti da 3 momenti:<\/p>\n\n<ul class=\"wp-block-list\">\n<li>Le barchette di incenso, opere religiose finemente lavorate.<\/li>\n\n\n\n<li>I bassorilievi in legno dorato e policromo ci trasportano in un&#8217;altra epoca.<\/li>\n\n\n\n<li>La terrazza esterna, con le sue pareti ricoperte di magnifiche piastrelle azulejo, offre una vista mozzafiato sui tetti di Funchal. Allora, cosa ne pensa?<\/li>\n<\/ul>\n\n<figure class=\"wp-block-image size-large\"><img decoding=\"async\" src=\"https:\/\/photos.smugmug.com\/Madeira-Lovers\/Funchal\/Mus&#xE9;e-dArt-Sacr&#xE9;\/i-VXvgXfZ\/0\/DmTXcxmD9jcNJJm8V328GgQtdMPBfLXdtfsrppCv8\/L\/view%20sacred%20arts%20museum%20funchal-L.jpg\" alt=\"Vista dal museo\"\/><\/figure>\n\n<h3 class=\"wp-block-heading\">Consigli utili<\/h3>\n\n<ul class=\"wp-block-list\">\n<li>Concediti da 30 minuti a 1 ora per visitare il museo e contemplare le sue magnifiche viste.<\/li>\n\n\n\n<li>Per raggiungere l&#8217;ingresso dello stabilimento, prendi Rua do Bispo nel centro storico.<\/li>\n\n\n\n<li>Il museo non \u00e8 facilmente accessibile alle persone con mobilit\u00e0 ridotta. Per raggiungere i piani superiori, usa le scale. Tuttavia, sono presenti rampe di accesso e piccole sedie pieghevoli portatili.<\/li>\n\n\n\n<li>Questo tour non \u00e8 particolarmente adatto ai bambini.<\/li>\n\n\n\n<li>Prezzo: \u20ac10 intero, gratis per i bambini sotto i 12 anni.<\/li>\n\n\n\n<li>Orari di apertura: dalle 10 alle 17.30 dal luned\u00ec al venerd\u00ec, dalle 10 alle 13.30 il sabato, chiuso la domenica.<\/li>\n\n\n\n<li><strong><a href=\"https:\/\/www.getyourguide.it\/funchal-l1026\/funchal-billet-d-entree-au-musee-d-art-sacre-de-funchal-t702592\/?partner_id=R3GYW4V&amp;cmp=madeira\" target=\"_blank\" rel=\"noreferrer noopener sponsored nofollow\">Prenota subito il tuo biglietto per il museo!<\/a><\/strong><\/li>\n<\/ul>\n\n<div style=\"background-color:#f4fae2;margin-top:8%;margin-bottom:8%\" class=\"wp-block-genesis-blocks-gb-container box gb-block-container\"><div class=\"gb-container-inside\"><div class=\"gb-container-content\" style=\"max-width:700px\">\n<div class=\"wp-block-genesis-blocks-gb-container box_titre gb-block-container\"><div class=\"gb-container-inside\"><div class=\"gb-container-content\">\n<h5 class=\"titre_box\" style=\"padding-top:10px;\">DOVE ALLOGGIARE A <span class=\"titre_box_manuscrit\">Madeira<\/span><\/h5>\n<\/div><\/div><\/div>\n\n\n\n<div class=\"wp-block-columns box_sans_border is-layout-flex wp-container-core-columns-is-layout-9d6595d7 wp-block-columns-is-layout-flex\">\n<div class=\"wp-block-column texte_planif is-layout-flow wp-block-column-is-layout-flow\" style=\"font-size:14px;flex-basis:60%\">\n<p class=\"option_titre2\">Le nostre selezioni indipendenti per aiutarti a trovare <strong>l&#8217;alloggio dei tuoi sogni<\/strong>:<\/p>\n\n\n\n<ul class=\"wp-block-list\">\n<li><a href=\"https:\/\/madeiralovers.com\/it\/dove-alloggiare-madeira-migliori-destinazioni\/\" target=\"_blank\" rel=\"noreferrer noopener\">Dove dormire a Madeira<\/a><\/li>\n<\/ul>\n\n\n\n<ul class=\"wp-block-list\">\n<li><a href=\"https:\/\/madeiralovers.com\/it\/migliori-hotel-5-stelle-funchal-madeira-lusso-recensioni\/\" target=\"_blank\" rel=\"noreferrer noopener\">I migliori hotel a 5 stelle<\/a><\/li>\n\n\n\n<li><a href=\"https:\/\/madeiralovers.com\/it\/migliori-hotel-boutique-funchal-madeira-charme\/\">I migliori hotel boutique<\/a><\/li>\n\n\n\n<li><a href=\"https:\/\/madeiralovers.com\/it\/migliori-hotel-centro-storico-funchal-recensioni\/\" target=\"_blank\" rel=\"noreferrer noopener\">I migliori hotel del centro storico di Funchal<\/a><\/li>\n\n\n\n<li><a href=\"https:\/\/madeiralovers.com\/it\/migliori-hotel-adults-only-funchal-madeira\/\" target=\"_blank\" rel=\"noreferrer noopener\">I migliori hotel per soli adulti<\/a><\/li>\n\n\n\n<li><a href=\"https:\/\/madeiralovers.com\/it\/migliori-hotel-famiglie-bambini-madeira-recensioni\/\" target=\"_blank\" rel=\"noreferrer noopener\">I migliori hotel per famiglie<\/a><\/li>\n\n\n\n<li><a href=\"https:\/\/madeiralovers.com\/it\/migliori-hotel-all-inclusive-madeira\/\" target=\"_blank\" rel=\"noreferrer noopener\">I migliori hotel all-inclusive<\/a><\/li>\n\n\n\n<li><a href=\"https:\/\/madeiralovers.com\/it\/migliori-hotel-romantici-funchal-madeira-amanti\/\" target=\"_blank\" rel=\"noreferrer noopener\">I migliori hotel romantici<\/a><\/li>\n<\/ul>\n<\/div>\n\n\n\n<div class=\"wp-block-column is-vertically-aligned-top planif-radius is-layout-flow wp-block-column-is-layout-flow\" style=\"flex-basis:40%\">\n<figure class=\"wp-block-image size-large img-portrait\"><img decoding=\"async\" src=\"https:\/\/photos.smugmug.com\/Travel\/Madeira\/Accommodation\/i-TtZHSRZ\/1\/7f80cf7d\/L\/Arco_da_Calheta_hotel_Madeira-8896-L.jpg\" alt=\"Albergo Engenho Velho\" title=\"\"\/><\/figure>\n<\/div>\n<\/div>\n<\/div><\/div><\/div>\n\n<h2 class=\"wp-block-heading\">2. Museo della Fotografia (Atelier Vincente)<\/h2>\n\n<h3 class=\"wp-block-heading\">Perch\u00e9 visitarla? La nostra recensione<\/h3>\n\n<p>Se sei un amante delle belle fotografie o semplicemente curioso, ti consigliamo di visitare il Museo della Fotografia di Madeira. Con sede in uno dei due studi fotografici pi\u00f9 antichi del Portogallo, abbiamo riscoperto l&#8217;isola attraverso gli occhi dei suoi artisti. Originariamente di propriet\u00e0 di Vicente Gomes da Silva nel 1865, un incisore che lo utilizzava come studio, \u00e8 stato convertito in museo nel 1982.<\/p>\n\n<p>L&#8217;Atelier Vincente espone fotografie che rendono omaggio alla bellezza di Madeira e della sua gente. Inoltre, ripercorrono la storia della fotografia sull&#8217;isola, cos\u00ec come la ricca collezione di vecchie macchine fotografiche, utensili e accessori. Abbiamo imparato di pi\u00f9 sulle tecniche fotografiche dell&#8217;epoca grazie alle stanze ricostruite.<\/p>\n\n<figure class=\"wp-block-image size-large\"><img decoding=\"async\" src=\"https:\/\/photos.smugmug.com\/Madeira-Lovers\/Funchal\/Museums\/Photography-Museum\/i-tr7DpMn\/0\/Cnf8Z7PWdJvPJFxdbV6F6ftvQCQSfZt3pwzBCFZ5R\/L\/photography_Museum_Funchal_Madeira-7204658-L.jpg\" alt=\"Ingresso al museo\"\/><\/figure>\n\n<h3 class=\"wp-block-heading\">I nostri 3 momenti preferiti<\/h3>\n\n<p>Durante la nostra esplorazione, 3 momenti hanno attirato particolarmente la nostra attenzione:<\/p>\n\n<ul class=\"wp-block-list\">\n<li>I misteriosi dagherrotipi.<\/li>\n\n\n\n<li>I ritratti di cani d&#8217;epoca sono sia divertenti che seri.<\/li>\n\n\n\n<li>Fotografie di Madeira che immortalano la potenza degli elementi naturali.<\/li>\n<\/ul>\n\n<figure class=\"wp-block-image size-large\"><img decoding=\"async\" src=\"https:\/\/photos.smugmug.com\/Madeira-Lovers\/Funchal\/Museums\/Photography-Museum\/i-x2RBnPG\/0\/FL9BMwWht2vbkfPChHgwRcw6GDdRp522hwZTP6SLw\/L\/daguerreotype%20photography%20museum%20funchal-L.jpg\" alt=\"Museo della Fotografia\"\/><\/figure>\n\n<h3 class=\"wp-block-heading\">Consigli utili<\/h3>\n\n<ul class=\"wp-block-list\">\n<li>Concediti da 30 minuti a 1 ora per visitare l&#8217;antico laboratorio.<\/li>\n\n\n\n<li>Il museo si trova proprio nel cuore della citt\u00e0 vecchia.<\/li>\n\n\n\n<li>Sul sito ufficiale si legge che il museo \u00e8 accessibile alle persone con mobilit\u00e0 ridotta. Scopra di pi\u00f9 <a href=\"https:\/\/cultura.madeira.gov.pt\/en\/madeira-photography-museum-atelier-vicente-s\" target=\"_blank\" rel=\"noreferrer noopener nofollow\">qui<\/a>.<\/li>\n\n\n\n<li>\u00c8 un tour divertente da condividere con tutta la famiglia. I tuoi figli potranno dare un&#8217;occhiata dietro un obiettivo d&#8217;epoca o scoprire le ricostruzioni di un laboratorio fotografico!<\/li>\n\n\n\n<li>Prezzo: \u20ac3 intero (solo contanti).<\/li>\n\n\n\n<li>Orari di apertura: dalle 10:00 alle 13:00 e dalle 14:00 alle 17:00 dal marted\u00ec al sabato, chiuso il luned\u00ec e la domenica.<\/li>\n<\/ul>\n\n<h2 class=\"wp-block-heading\">3. Museo Frederico de Freitas (casa antica)<\/h2>\n\n<h3 class=\"wp-block-heading\">Perch\u00e9 visitarla? La nostra recensione<\/h3>\n\n<p>Ospitato in una magnifica propriet\u00e0 del XVII secolo, il museo era originariamente la residenza dei Conti di Cal\u00e7ada. Questa casa storica fu acquistata negli anni &#8217;40 da Frederico de Freitas, avvocato e collezionista d&#8217;arte. Ci sarebbe piaciuto incontrare questo appassionato per scoprire i segreti della sua favolosa collezione!<\/p>\n\n<p>Il <a href=\"https:\/\/cultura.madeira.gov.pt\/en\/house-museum-frederico-de-freitas\" target=\"_blank\" rel=\"noreferrer noopener nofollow\">Museo<\/a> Frederico de Freitas espone oggi opere d&#8217;arte, mobili antichi, porcellane, azulejos e oggetti decorativi raccolti dal suo antico proprietario. \u00c8 divisa in tre aree espositive: la Casa de Entrada, la Casa de Cal\u00e7ada e la Casa dos Azulejos. Ci \u00e8 piaciuta particolarmente la Casa de Cal\u00e7ada, arredata e decorata con gusto, che ti permette di proiettarti in un&#8217;altra epoca. Anche il tetto in vetro e la terrazza con vista su Funchal della Casa dos Azulejos ci hanno conquistato! Questo museo offre un&#8217;affascinante visione dello stile di vita della nobilt\u00e0 locale nel periodo barocco.<\/p>\n\n<figure class=\"wp-block-image size-large\"><img decoding=\"async\" src=\"https:\/\/photos.smugmug.com\/Madeira-Lovers\/Funchal\/Museums\/Museum-Frederico-de-Freitas\/i-hrPpLNC\/0\/4ZmrvDr5qxqFbngBPzCZ2dwwzWRnPcQXczH7fmdh\/L\/exterior%20house%20museum%20frederico%20freitas%20funchal-L.jpg\" alt=\"casa antica - Museo Frederico de Freitas\"\/><\/figure>\n\n<h3 class=\"wp-block-heading\">I nostri 3 momenti preferiti<\/h3>\n\n<p>Durante la nostra visita, abbiamo notato 3 momenti chiave:<\/p>\n\n<ul class=\"wp-block-list\">\n<li>La Casa de Cal\u00e7ada ospita una superba collezione di mobili d&#8217;epoca.<\/li>\n\n\n\n<li>La Casa dos Azulejos vanta un grande tetto in vetro e una terrazza con vista sui tetti della citt\u00e0.<\/li>\n\n\n\n<li>Il piccolo giardino da cui si vede il campanile della Chiesa di San Pietro.<\/li>\n<\/ul>\n\n<figure class=\"wp-block-image\"><img decoding=\"async\" src=\"https:\/\/photos.smugmug.com\/Madeira-Lovers\/Funchal\/Museums\/Museum-Frederico-de-Freitas\/i-dzB68th\/0\/FZXdDqtzHDCgmdkJFMwXMrrRswdBvJNN4MtPtx346\/L\/view%20casa%20museum%20frederico%20freitas%20funchal-L.jpg\" alt=\"tetto in vetro - Museo Frederico de Freitas\"\/><figcaption class=\"wp-element-caption\">Il tetto di vetro della Casa dos Azulejos<\/figcaption><\/figure>\n\n<h3 class=\"wp-block-heading\">Consigli utili<\/h3>\n\n<ul class=\"wp-block-list\">\n<li>Per visitare il museo, lascia passare da 30 minuti a 1 ora.<\/li>\n\n\n\n<li>Si trova a pochi minuti a piedi dal centro della citt\u00e0, ma il sentiero \u00e8 in leggera pendenza.<\/li>\n\n\n\n<li>Il museo \u00e8 parzialmente accessibile alle persone con mobilit\u00e0 ridotta. \u00c8 divisa in diverse case, con passaggi stretti e stanze molto piccole. Nella Casa dos Azulejos \u00e8 presente un ascensore e sono disponibili piccole sedie pieghevoli portatili.<\/li>\n\n\n\n<li>Purtroppo le foto non sono consentite all&#8217;interno del museo.<\/li>\n\n\n\n<li>Si tratta di una visita piacevole per tutta la famiglia. D&#8217;altra parte, le guardie del museo sono molto attente. Dovrai assicurarti che i tuoi figli non tocchino i mobili o le opere d&#8217;arte.<\/li>\n\n\n\n<li>Prezzo: \u20ac3 intero (in contanti), gratis per i bambini sotto i 12 anni.<\/li>\n\n\n\n<li>Orari di apertura: dalle 10:00 alle 17:30 dal marted\u00ec al sabato, chiuso il luned\u00ec e la domenica.<\/li>\n<\/ul>\n\n<div style=\"margin-top:8%;margin-bottom:8%\" class=\"wp-block-genesis-blocks-gb-container box gb-block-container\"><div class=\"gb-container-inside\"><div class=\"gb-container-content\">\n<div class=\"wp-block-columns inverse box_planif is-layout-flex wp-container-core-columns-is-layout-9d6595d7 wp-block-columns-is-layout-flex\">\n<div class=\"wp-block-column texte_planif is-layout-flow wp-block-column-is-layout-flow\" style=\"flex-basis:58%\">\n<h5 class=\"titre_box\">I NOSTRI CONSIGLI PER NOLEGGIARE UN&#8217;AUTO A <span class=\"titre_box_manuscrit\">\nMadeira<\/span><\/h5>\n\n\n\n<ul style=\"font-size:14px\" class=\"liste_voiture wp-block-list\">\n<li>Confronti i prezzi sulla nostra piattaforma preferita: <a href=\"https:\/\/www.discovercars.com\/it\/portugal\/madeira?a_aid=zigzag&amp;chan=madeira\" target=\"_blank\" rel=\"noreferrer noopener sponsored nofollow\">DiscoverCars<\/a> &#8211; uno dei siti meglio valutati.<\/li>\n\n\n\n<li>Prendete un&#8217;auto con un buon motore per le strade in pendenza, ma non troppo grande per le manovre.<\/li>\n\n\n\n<li>C&#8217;\u00e8 molta richiesta e poche auto, quindi <strong>prenotate per tempo<\/strong>.<\/li>\n<\/ul>\n<\/div>\n\n\n\n<div class=\"wp-block-column planif-radius-3 is-layout-flow wp-block-column-is-layout-flow\" style=\"flex-basis:42%\">\n<figure class=\"wp-block-image size-large is-resized\"><img decoding=\"async\" src=\"https:\/\/photos.smugmug.com\/Travel\/Madeira\/2i-Miadouro\/i-j86nfB5\/2\/DRCCwrZmGLt2TxcQqRkkLrm3JR55K3NLchGxDNsx6\/S\/driving_Madeira-7130748-S.jpg\" alt=\"Noleggio auto a Madeira\" title=\"\"\/><\/figure>\n<\/div>\n<\/div>\n\n\n\n<div class=\"wp-block-columns planif_bouton is-layout-flex wp-container-core-columns-is-layout-9d6595d7 wp-block-columns-is-layout-flex\">\n<div class=\"wp-block-column is-layout-flow wp-block-column-is-layout-flow\" style=\"flex-basis:50%\">\n<div class=\"wp-block-buttons is-content-justification-center is-layout-flex wp-container-core-buttons-is-layout-16018d1d wp-block-buttons-is-layout-flex\">\n<div class=\"wp-block-button has-custom-font-size\" style=\"font-size:14px\"><a class=\"wp-block-button__link has-white-color has-text-color wp-element-button\" href=\"https:\/\/www.discovercars.com\/it\/portugal\/madeira?a_aid=zigzag&amp;amp;chan=madeira\" style=\"border-radius:4px\" target=\"_blank\" rel=\"noreferrer noopener\">Vedere le auto &gt;&gt;<\/a><\/div>\n<\/div>\n<\/div>\n\n\n\n<div class=\"wp-block-column is-vertically-aligned-center is-layout-flow wp-block-column-is-layout-flow\" style=\"flex-basis:50%\">\n<p class=\"has-text-align-center\" style=\"font-size:14px\"><strong><a href=\"https:\/\/madeiralovers.com\/it\/come-noleggiare-auto-madeira-consigli-esperienze\/\" target=\"_blank\" rel=\"noreferrer noopener\">Guardi i nostri consigli<\/a><\/strong><\/p>\n<\/div>\n<\/div>\n<\/div><\/div><\/div>\n\n<h2 class=\"wp-block-heading\">4. Museo Quinta das Cruzes (giardino &#8211; punto panoramico)<\/h2>\n\n<h3 class=\"wp-block-heading\">Perch\u00e9 visitarla? La nostra recensione<\/h3>\n\n<p>Situato in prossimit\u00e0 del centro storico e a soli 15 minuti a piedi dal centro della citt\u00e0, il Museo Quinta das Cruzes \u00e8 stato ufficialmente aperto al pubblico nel 1953. Precedentemente noto come Museo C\u00e9sar Gomes, ospita un&#8217;ampia collezione di arti decorative. Tra gli oggetti esposti c&#8217;erano oro e argenteria, mobili portoghesi e inglesi, dipinti, porcellane europee e orientali e sculture in terracotta.<\/p>\n\n<p>C\u00e9sar Filipe Gomes non \u00e8 l&#8217;unico mecenate che ha dato un contributo importante alla collezione del museo. Anche l&#8217;austriaco Hans Wetzler, che si rifugi\u00f2 a Madeira intorno al 1939 per sfuggire alla Seconda Guerra Mondiale, diede un contributo importante. Dopo aver visitato il museo, puoi goderti il giardino che offre una vista sui tetti di Funchal. Il sito ospita anche una zona archeologica, una piccola cappella, una fontana e una caffetteria panoramica.<\/p>\n\n<figure class=\"wp-block-image size-large\"><img decoding=\"async\" src=\"https:\/\/photos.smugmug.com\/Madeira-Lovers\/Funchal\/Museums\/Quinta-das-Cruzes\/i-tVchssZ\/0\/RdvZSqmMKS7CXgqDNmPnRQhcXr6W25hmk56fkbbm\/L\/stairs%20quinta%20cruzes%20museum-L.jpg\" alt=\"Ingresso al museo\"\/><\/figure>\n\n<h3 class=\"wp-block-heading\">I nostri 3 momenti preferiti<\/h3>\n\n<p>Quando abbiamo visitato il museo, abbiamo apprezzato tre cose in particolare:<\/p>\n\n<ul class=\"wp-block-list\">\n<li>La sala da pranzo con il suo lungo tavolo in legno dominato da un magnifico lampadario.<\/li>\n\n\n\n<li>La camera da letto ha un&#8217;atmosfera intima e un grande letto a baldacchino.<\/li>\n\n\n\n<li>Scopri il giardino con la zona archeologica, la piccola cappella, la fontana e la caffetteria panoramica.<\/li>\n<\/ul>\n\n<figure class=\"wp-block-image\"><img decoding=\"async\" src=\"https:\/\/photos.smugmug.com\/Madeira-Lovers\/Funchal\/Museums\/Museu-da-Quinta-das-Cruz\/i-gSjX8Xr\/0\/CPvbCLKkpxfqCkxgHXkzwRhX9HVqVxJkWGXdwzw8h\/L\/museum%20quinta%20cruzes%20funchal-L.jpg\" alt=\"Museo Quinta das Cruzes\"\/><\/figure>\n\n<h3 class=\"wp-block-heading\">Consigli utili<\/h3>\n\n<ul class=\"wp-block-list\">\n<li>Per visitare il museo e il giardino, lascia passare da 30 minuti a un&#8217;ora.<\/li>\n\n\n\n<li>Si trova a pochi minuti a piedi dal centro della citt\u00e0, ma il sentiero \u00e8 in leggera pendenza.<\/li>\n\n\n\n<li>Il museo \u00e8 accessibile alle persone con mobilit\u00e0 ridotta. Ha un ingresso accessibile alle sedie a rotelle.<\/li>\n\n\n\n<li>Si tratta di una visita piacevole per tutta la famiglia. Probabilmente i tuoi figli saranno pi\u00f9 interessati al giardino che al museo.<\/li>\n\n\n\n<li>Prezzo: \u20ac3 intero (in contanti), bambini gratis.<\/li>\n\n\n\n<li>Orari di apertura: dalle 10 alle 12.30 e dalle 13.30 alle 17.30 dal marted\u00ec al sabato, chiuso il luned\u00ec e la domenica.<\/li>\n<\/ul>\n\n<div style=\"background-color:#fefefe;margin-top:6%;margin-bottom:6%\" class=\"wp-block-genesis-blocks-gb-container box gb-block-container\"><div class=\"gb-container-inside\"><div class=\"gb-container-content\" style=\"max-width:700px\">\n<div class=\"wp-block-columns inverse is-layout-flex wp-container-core-columns-is-layout-9d6595d7 wp-block-columns-is-layout-flex\">\n<div class=\"wp-block-column texte_planif is-layout-flow wp-block-column-is-layout-flow\" style=\"flex-basis:58%\">\n<h5 class=\"titre_box\">LA NOSTRA GUIDA PER ORGANIZZARE UN VIAGGIO DA <span class=\"titre_box_manuscrit\">sogno<\/span><\/h5>\n\n\n\n<ul class=\"wp-block-list\">\n<li>7 mappe che facilitano la pianificazione<\/li>\n\n\n\n<li>+ 120 sedi preselezionate  <\/li>\n\n\n\n<li>Consigli pratici  <\/li>\n\n\n\n<li>+ 260 foto per aiutarvi a scegliere<\/li>\n<\/ul>\n\n\n\n<div class=\"wp-block-buttons is-layout-flex wp-block-buttons-is-layout-flex\">\n<div class=\"wp-block-button\"><a class=\"wp-block-button__link has-theme-primary-background-color has-background wp-element-button\" href=\"https:\/\/madeiralovers.com\/it\/ebook-guida-viaggio-madeira\/\">Scopri di pi\u00f9 &gt;&gt;<\/a><\/div>\n<\/div>\n<\/div>\n\n\n\n<div class=\"wp-block-column is-layout-flow wp-block-column-is-layout-flow\" style=\"flex-basis:42%\">\n<div class=\"wp-block-genesis-blocks-gb-container ebook-radius-waitlist gb-block-container\"><div class=\"gb-container-inside\"><div class=\"gb-container-content\"><div class=\"wp-block-image ebook-image\">\n<figure class=\"aligncenter size-full\"><img decoding=\"async\" src=\"https:\/\/madeiralovers.com\/wp-content\/uploads\/2024\/06\/Med-Madeira-Travel-Guide-ebook-cover-7.jpg\" alt=\"guida-viaggio-Madere-libro-copertina-media\" class=\"wp-image-2412\"\/><\/figure>\n<\/div><\/div><\/div><\/div>\n<\/div>\n<\/div>\n<\/div><\/div><\/div>\n\n<h2 class=\"wp-block-heading\">5. Museo Monte Palace Madeira (giardino tropicale)<\/h2>\n\n<h3 class=\"wp-block-heading\">Perch\u00e9 visitarla? La nostra recensione<\/h3>\n\n<p>Immerso nel Monte Palace Madeira, <a href=\"https:\/\/madeiralovers.com\/it\/migliori-giardini-madeira\/\" target=\"_blank\" rel=\"noreferrer noopener\">uno dei giardini pi\u00f9 belli di Madeira<\/a>, il museo gode di un ambiente naturale eccezionale. Suddiviso in 3 livelli, ospita sculture su 2 piani, mentre l&#8217;ultimo piano ospita una collezione unica di minerali. Intitolata <em>Mother Nature&#8217;s Secrets<\/em>, presenta oltre 300 pietre semi-preziose e preziose. Mostra i diamanti sia nella loro forma grezza che in quella tagliata. Ci \u00e8 piaciuto molto scoprire questi esemplari provenienti dai 4 angoli del mondo! La mostra <em>Passion Africaine<\/em> presenta un gruppo di sculture contemporanee realizzate in Zimbabwe tra il 1966 e il 1969.<\/p>\n\n<figure class=\"wp-block-image size-large\"><img decoding=\"async\" src=\"https:\/\/photos.smugmug.com\/Madeira-Lovers\/Funchal\/Gardens\/Monte-Palace-Tropical-Garden\/i-PqpCbfg\/1\/FJq7DLBnhM6jfBHvPtkRhH7Cfg5kqHFTJ4gzQs4P8\/L\/Monte_Palace_Tropical_garden_Madeira-7193993-L.jpg\" alt=\"Museo Monte Palace Madeira\"\/><\/figure>\n\n<h3 class=\"wp-block-heading\">I nostri 3 momenti preferiti<\/h3>\n\n<p>Ecco le 3 cose che hanno attirato la nostra attenzione durante la nostra visita:<\/p>\n\n<ul class=\"wp-block-list\">\n<li>Sculture africane.<\/li>\n\n\n\n<li>La ricca collezione di minerali.<\/li>\n\n\n\n<li>Un&#8217;ambientazione straordinaria. Avremmo pensato di esserci persi nel bel mezzo della giungla!<\/li>\n<\/ul>\n\n<figure class=\"wp-block-image size-large\"><img decoding=\"async\" src=\"https:\/\/photos.smugmug.com\/Madeira-Lovers\/Funchal\/Gardens\/Monte-Palace-Tropical-Garden\/i-XVNGgdP\/1\/3RvNsRg8P8k8fJ7Wf6q8kWDjsgJZFqf4t2tV2pv5\/L\/Monte_Palace_Tropical_garden_Madeira-7194000-L.jpg\" alt=\"collezione di minerali\"\/><\/figure>\n\n<h3 class=\"wp-block-heading\">Consigli utili<\/h3>\n\n<ul class=\"wp-block-list\">\n<li>Per visitare il museo devi dedicare dai 30 minuti a un&#8217;ora, ma devi prevedere altre 2 o 3 ore per esplorare anche il giardino tropicale.<\/li>\n\n\n\n<li>Situato nel parco del Monte Palace Madeira, sulle colline sopra Funchal, ti consigliamo di prendere la funivia per raggiungere il museo.<\/li>\n\n\n\n<li>Parti dalla funivia sul lungomare di Funchal, arriva vicino alla Chiesa del Monte e segui il sentiero ben segnalato fino al giardino. La salita dura tra i 15 e i 20 minuti.<\/li>\n\n\n\n<li>Il giardino tropicale potrebbe essere di difficile accesso per le persone con mobilit\u00e0 ridotta. Ci sono alcuni pendii ripidi, ma puoi pagare un buggy per raggiungere alcune aree.<\/li>\n\n\n\n<li>Costo della funivia: 12,50 \u20ac per la sola andata o 18 \u20ac per l&#8217;andata e ritorno (con la possibilit\u00e0 di scendere con la <a href=\"https:\/\/madeiralovers.com\/it\/cosa-vedere-funchal-visitare\/#4_Descendre_en_luge_traditionnelle_depuis_Monte_Carreiros_do_Monte\" target=\"_blank\" rel=\"noreferrer noopener\">tradizionale slitta<\/a>).<\/li>\n\n\n\n<li>Orari di apertura della funivia: dalle 9:00 alle 17:00.<\/li>\n\n\n\n<li>Biglietto d&#8217;ingresso al giardino: \u20ac15.<\/li>\n\n\n\n<li>Orari di apertura del giardino: dalle 9.30 alle 18.00 (il <a href=\"https:\/\/montepalacemadeira.com\/desktop\/?sid=29&amp;lang=en\" target=\"_blank\" rel=\"noreferrer noopener nofollow\">museo<\/a> chiude prima).<\/li>\n\n\n\n<li>Se non te la senti di prendere la funivia, opta per un tour guidato in tuktuk del Monte Palace Madeira e di altri luoghi di interesse di Funchal. <strong>\n  <a href=\"https:\/\/www.getyourguide.it\/madere-l67\/funchal-visite-en-tuk-tuk-du-jardin-tropical-de-monte-t408794\/?partner_id=R3GYW4V&amp;cmp=madeira\" target=\"_blank\" rel=\"noreferrer noopener sponsored nofollow\">&#8211; Vedi prezzi, foto e disponibilit\u00e0.<\/a>\n<\/strong><\/li>\n<\/ul>\n\n<h2 class=\"wp-block-heading\">6. 3D Fun Art Museum (illusioni ottiche)<\/h2>\n\n<h3 class=\"wp-block-heading\">Perch\u00e9 visitarla? La nostra recensione<\/h3>\n\n<p>Non sai cosa fare con i tuoi bambini a Funchal? Dirigiti verso il 3D Fun Art <a href=\"https:\/\/3dfunartfunchal.com\/\" target=\"_blank\" rel=\"noreferrer noopener nofollow\">Museum<\/a>, che consigliamo vivamente alle famiglie in cerca di divertimento e svago. Offre un&#8217;esperienza museale originale grazie alle sue decorazioni trompe-l&#8217;\u0153il e alle illusioni ottiche. Le sue ambientazioni variegate, che vanno da scene di vita quotidiana a mondi fantastici, permettono ai visitatori di entrare letteralmente nei dipinti.<\/p>\n\n<p>Abbiamo realizzato alcuni scatti davvero divertenti e stravaganti! Grandi e piccini si divertiranno a scattare foto straordinarie. Questo museo creativo \u00e8 una tappa obbligata per tutti. Promette di essere un&#8217;esperienza divertente e spiritosa.<\/p>\n\n<figure class=\"wp-block-image size-large\"><img decoding=\"async\" src=\"https:\/\/photos.smugmug.com\/Madeira-Lovers\/Funchal\/3D-fun-art-museum\/i-z8c6XXH\/0\/CQJnZWHc835nsJdw7XpFWR4HnNxs4z6BX2tjsvnBZ\/L\/optical%20illusion%203d%20fun%20art%20museum-L.jpg\" alt=\"illusione ottica\"\/><\/figure>\n\n<h3 class=\"wp-block-heading\">I nostri 3 momenti preferiti<\/h3>\n\n<p>Ecco i nostri 3 momenti preferiti del museo:<\/p>\n\n<ul class=\"wp-block-list\">\n<li>Le illusioni ottiche che ci hanno totalmente ipnotizzato!<\/li>\n\n\n\n<li>Lo specchio che divide e moltiplica i riflessi.<\/li>\n\n\n\n<li>La parte invertita \u00e8 visibile nella foto qui sotto.<\/li>\n<\/ul>\n\n<figure class=\"wp-block-image size-large\"><img decoding=\"async\" src=\"https:\/\/photos.smugmug.com\/Madeira-Lovers\/Funchal\/3D-fun-art-museum\/i-mXk7H5M\/0\/DSg5LWmzWh2GF9JsdDpKQnvzNcvs63tnjhfXn7shV\/L\/3D-fun-art-museum-L.jpg\" alt=\"Museo d'arte del divertimento 3D - sala invertita\"\/><\/figure>\n\n<h3 class=\"wp-block-heading\">Consigli utili<\/h3>\n\n<ul class=\"wp-block-list\">\n<li>Per visitare il museo, lascia passare da 30 minuti a 1 ora.<\/li>\n\n\n\n<li>Si trova proprio nel centro della citt\u00e0.<\/li>\n\n\n\n<li>Il museo \u00e8 parzialmente accessibile alle persone con mobilit\u00e0 ridotta. Ha un divano per sedersi, ma non abbiamo visto un ascensore e ci sono delle scale.<\/li>\n\n\n\n<li>Se vuoi visitarlo da solo, puoi noleggiare un treppiede alla reception per scattare foto dalla giusta prospettiva.<\/li>\n\n\n\n<li>Questo tour \u00e8 ideale per tutta la famiglia. I tuoi bambini poseranno e diventeranno gli eroi di scene fantastiche!<\/li>\n\n\n\n<li>Prezzo: \u20ac11 intero per gli adulti, \u20ac8 per i bambini.<\/li>\n\n\n\n<li>Orari di apertura: dalle 10 alle 19 tutti i giorni.<\/li>\n\n\n\n<li><strong><a href=\"https:\/\/www.getyourguide.it\/madere-l67\/funchal-musee-d-art-amusant-en-3d-t354051\/?partner_id=R3GYW4V&amp;cmp=madeira\" target=\"_blank\" rel=\"noreferrer noopener sponsored nofollow\">Prenota subito i tuoi biglietti!<\/a><\/strong><\/li>\n<\/ul>\n\n<h2 class=\"wp-block-heading\">7. Madeira Story Center (punto di vista)<\/h2>\n\n<h3 class=\"wp-block-heading\">Perch\u00e9 visitarla? La nostra recensione<\/h3>\n\n<p>Il Madeira Story Centre \u00e8 un modo divertente per ripercorrere la storia dell&#8217;arcipelago, dalla sua formazione vulcanica al suo sviluppo attuale.<a href=\"https:\/\/www.tripadvisor.fr\/Attraction_Review-g189167-d582129-Reviews-Madeira_Story_Centre-Funchal_Madeira_Madeira_Islands.html\" target=\"_blank\" rel=\"noreferrer noopener\"><\/a><a href=\"https:\/\/visitmadeira.com\/fr\/que-faire\/passionnes-de-culture\/patrimoine\/musees\/madeira-story-centre\/\" target=\"_blank\" rel=\"noreferrer noopener\"><\/a><a href=\"https:\/\/www.madeirastorycentre.com\/fr\/\" target=\"_blank\" rel=\"noreferrer noopener\"><\/a>. Sebbene il museo non abbia un&#8217;impronta moderna, ci ha permesso di conoscere l&#8217;evoluzione dell&#8217;isola nel corso dei secoli.<\/p>\n\n<p><a href=\"https:\/\/visitmadeira.com\/fr\/que-faire\/passionnes-de-culture\/patrimoine\/musees\/madeira-story-centre\/\" target=\"_blank\" rel=\"noreferrer noopener\"><\/a>Toccando temi come la scoperta di Madeira, la navigazione, il commercio marittimo, le leggende, gli attacchi dei pirati e le usanze secolari, il percorso esplora in profondit\u00e0 l&#8217;identit\u00e0 e il patrimonio dell&#8217;arcipelago. Terminerai la tua visita al primo piano, dove troverai un ristorante panoramico. Ci \u00e8 piaciuta molto la vista sui tetti arancioni di Funchal!<\/p>\n\n<figure class=\"wp-block-image size-large\"><img decoding=\"async\" src=\"https:\/\/photos.smugmug.com\/Madeira-Lovers\/Funchal\/Museums\/Madeira-Story-Center\/i-PZ949vb\/0\/D7kXLvrhXHtqcS9T2P8DVdN5KP9LNrsv5rdnQdwRk\/L\/madeira%20discovery%20madeira%20story%20center-L.jpg\" alt=\"L'interno del Madeira Story Center\"\/><\/figure>\n\n<h3 class=\"wp-block-heading\">I nostri 3 momenti preferiti<\/h3>\n\n<p>Durante la nostra visita, abbiamo notato 3 momenti chiave:<\/p>\n\n<ul class=\"wp-block-list\">\n<li>Scoprire l&#8217;isola grazie ai progressi della navigazione.<\/li>\n\n\n\n<li>La storia del vino Madeira.<\/li>\n\n\n\n<li>La vista su Funchal e la funivia.<\/li>\n<\/ul>\n\n<figure class=\"wp-block-image size-large\"><img decoding=\"async\" src=\"https:\/\/photos.smugmug.com\/Madeira-Lovers\/Funchal\/Museums\/Madeira-Story-Center\/i-VbsDrPm\/0\/DBR7mMGtnmGmvT7MT9H7jdnzNRrNtkHjQkpK77BWG\/L\/view%20madeira%20story%20center-L.jpg\" alt=\"Vista dal tetto del museo\"\/><\/figure>\n\n<h3 class=\"wp-block-heading\">Consigli utili<\/h3>\n\n<ul class=\"wp-block-list\">\n<li>Per visitare il museo, lascia passare da 30 minuti a 1 ora.<\/li>\n\n\n\n<li>Si trova nel cuore del centro storico, di fronte alla <a href=\"https:\/\/madeiralovers.com\/it\/funivie-madeira\/#5_Telepherique_de_Monte_Funchal\" target=\"_blank\" rel=\"noreferrer noopener\">funivia del Monte<\/a>.<\/li>\n\n\n\n<li>Il museo \u00e8 accessibile alle persone con mobilit\u00e0 ridotta. C&#8217;\u00e8 un ascensore.<\/li>\n\n\n\n<li>\u00c8 una visita ideale per tutta la famiglia. Ci sono anche brevi quiz per i bambini.<\/li>\n\n\n\n<li>Il museo ospita un ristorante arroccato e un negozio dove puoi acquistare prodotti locali.<\/li>\n\n\n\n<li>Prezzo: \u20ac5 intero (in contanti), \u20ac3 per i bambini.<\/li>\n\n\n\n<li>Orari di apertura: dalle 9 alle 19 tutti i giorni.<\/li>\n<\/ul>\n\n<div style=\"margin-top:8%;margin-bottom:8%\" class=\"wp-block-genesis-blocks-gb-container box gb-block-container\"><div class=\"gb-container-inside\"><div class=\"gb-container-content\">\n<div class=\"wp-block-columns inverse is-layout-flex wp-container-core-columns-is-layout-9d6595d7 wp-block-columns-is-layout-flex\">\n<div class=\"wp-block-column texte_planif is-layout-flow wp-block-column-is-layout-flow\" style=\"flex-basis:58%\">\n<h5 class=\"titre_box\">LE NOSTRE ATTIVIT\u00c0 PREFERITE A <span class=\"titre_box_manuscrit\">Madeira<\/span><\/h5>\n\n\n\n<p style=\"font-size:14px\">Gita in catamarano per vedere i delfini e le gigantesche scogliere di Madeira.<\/p>\n\n\n\n<p style=\"font-size:14px\"><a href=\"https:\/\/www.getyourguide.it\/s?q=Funchal+dauphins+catamaran&amp;searchSource=8&amp;partner_id=R3GYW4V&amp;cmp=madeira\" target=\"_blank\" rel=\"noreferrer noopener sponsored nofollow\">Scopri il programma e la disponibilit\u00e0 &#8211; e prenota!<\/a><\/p>\n<\/div>\n\n\n\n<div class=\"wp-block-column ville-radius is-layout-flow wp-block-column-is-layout-flow\" style=\"flex-basis:42%\">\n<figure class=\"wp-block-image size-large is-resized img-portrait\"><img decoding=\"async\" src=\"https:\/\/photos.smugmug.com\/Travel\/Madeira\/9c-Dolphins\/i-whpFzdc\/1\/2fa5ccf1\/L\/dolphin_cruise_boat_Tour_Madeira-7204502-L.jpg\" alt=\"\" style=\"width:319px;height:303px\" title=\"\"\/><\/figure>\n<\/div>\n<\/div>\n<\/div><\/div><\/div>\n\n<h2 class=\"wp-block-heading\">8. Museo CR7 (Cristiano Ronaldo)<\/h2>\n\n<h3 class=\"wp-block-heading\">Perch\u00e9 visitarla? La nostra recensione<\/h3>\n\n<p>Il Museo CR7 ripercorre la straordinaria carriera di Cristiano Ronaldo attraverso i numerosi trofei che ha collezionato nel corso della sua carriera. Sebbene questo tour non sia adatto a chi \u00e8 alle prime armi come noi, piacer\u00e0 agli appassionati di calcio. Ti immergerai nel mondo di questo idolo del calcio mondiale, nato sull&#8217;isola di Madeira. Scoprirai la storia di questo fenomeno, dalle origini ai risultati da record.<\/p>\n\n<p>Una serie di oggetti tra cui stivali d&#8217;oro, trofei del Pallone d&#8217;Oro, maglie, medaglie e altri cimeli sono esposti in una collezione unica al mondo. Questo museo rende omaggio a uno dei pi\u00f9 grandi giocatori della storia, diventato un&#8217;icona sportiva in tutto il mondo! CR7 \u00e8 l&#8217;acronimo delle iniziali di Cristiano Ronaldo e del suo numero di maglia.<\/p>\n\n<figure class=\"wp-block-image size-large\"><img decoding=\"async\" src=\"https:\/\/photos.smugmug.com\/Madeira-Lovers\/Funchal\/Museums\/CR7\/i-CzJJx9h\/0\/Dd6hCd653SSbH88px4gVcXCC4dw3T4LHkkHs95pCC\/L\/ballon%20or%20cr7%20museum%20funchal-L.jpg\" alt=\"Pallone d'oro\"\/><figcaption class=\"wp-element-caption\">Pallone d&#8217;oro<\/figcaption><\/figure>\n\n<h3 class=\"wp-block-heading\">I nostri 3 momenti preferiti<\/h3>\n\n<p>Se sei un appassionato di calcio, amerai questi trofei:<\/p>\n\n<ul class=\"wp-block-list\">\n<li>Palloni d&#8217;Oro.<\/li>\n\n\n\n<li>Stivali d&#8217;oro.<\/li>\n\n\n\n<li>Uomo della partita &#8211; Euro 2016.<\/li>\n<\/ul>\n\n<figure class=\"wp-block-image size-large\"><img decoding=\"async\" src=\"https:\/\/photos.smugmug.com\/Madeira-Lovers\/Funchal\/Museums\/CR7\/i-7D973K9\/0\/CRjH6JJzPPf5f2dgcjzQqjWH2MGZrCx4hs5jhRm37\/L\/golden%20boot%20cr7%20museum%20funchal-L.jpg\" alt=\"Stivali d'oro\"\/><figcaption class=\"wp-element-caption\">Stivali d&#8217;oro<\/figcaption><\/figure>\n\n<h3 class=\"wp-block-heading\">Consigli utili<\/h3>\n\n<ul class=\"wp-block-list\">\n<li>Per visitare il museo, lascia passare da 30 minuti a 1 ora.<\/li>\n\n\n\n<li>Per raggiungere l&#8217;hotel, dirigiti verso ovest sul lungomare dal centro della citt\u00e0.<\/li>\n\n\n\n<li>Il Museo CR7 \u00e8 accessibile alle persone con mobilit\u00e0 ridotta. Lo showroom \u00e8 servito da un ascensore.<\/li>\n\n\n\n<li>La visita interesser\u00e0 i bambini appassionati di calcio o di Cristiano Ronaldo.<\/li>\n\n\n\n<li>Prezzo: \u20ac5 prezzo pieno.<\/li>\n\n\n\n<li>Orari di apertura: dalle 10:00 alle 17:00 dal luned\u00ec al venerd\u00ec.<\/li>\n\n\n\n<li>Sei in soggezione per i successi di Cristiano Ronaldo? Partecipa a un tour guidato sulle orme del famoso calciatore attraverso la citt\u00e0 fino al museo.<strong> <a href=\"https:\/\/www.getyourguide.it\/madere-l67\/madere-visite-privee-de-cristiano-ronaldo-avec-le-musee-cr7-t385489\/?partner_id=R3GYW4V&amp;cmp=madeira\" target=\"_blank\" rel=\"noreferrer noopener sponsored nofollow\">&#8211; Vedi prezzi, foto e disponibilit\u00e0.<\/a><\/strong><\/li>\n<\/ul>\n\n<h2 class=\"wp-block-heading\">9. Museo Henrique e Francisco Franco (gratuito)<\/h2>\n\n<h3 class=\"wp-block-heading\">Perch\u00e9 visitarla? La nostra recensione<\/h3>\n\n<p>Inaugurato nel 1987, questo museo ospita le opere dei fratelli e artisti Henrique e Francisco Franco. Pionieri del modernismo portoghese, sono entrambi nativi dell&#8217;isola. Ci siamo immersi nel loro mondo creativo e ci siamo resi conto del loro importante contributo all&#8217;arte del XX secolo. Passeggiando per la collezione, abbiamo scoperto dipinti, sculture e incisioni, il tutto impreziosito dalle pareti colorate.<\/p>\n\n<p>Durante la nostra visita al museo, ci \u00e8 piaciuto particolarmente scoprire l&#8217;evoluzione del lavoro di Francisco Franco. Spesso iniziava con una serie di disegni che poi davano vita a una scultura. Abbiamo potuto seguire il percorso creativo dell&#8217;artista dallo schizzo iniziale all&#8217;opera finale.<\/p>\n\n<figure class=\"wp-block-image size-large\"><img decoding=\"async\" src=\"https:\/\/photos.smugmug.com\/Madeira-Lovers\/Funchal\/Museums\/Mus&#xE9;e-Henrique-et-Francisco-Franco\/i-cQgQh26\/0\/FKznJPR7LmL2HsJFKbxxQmj2WVrX6h5j2GcvNbzXZ\/L\/paintings%20henrique%20francisco%20franco%20museum-L.jpg\" alt=\"Ritratti modernisti di Henrique Franco\"\/><\/figure>\n\n<h3 class=\"wp-block-heading\">I nostri 3 momenti preferiti<\/h3>\n\n<p>Durante la nostra visita, siamo stati colpiti da..:<\/p>\n\n<ul class=\"wp-block-list\">\n<li>I ritratti modernisti di Henrique Franco.<\/li>\n\n\n\n<li>Le opere di Francisco Franco, dal disegno alla scultura.<\/li>\n\n\n\n<li>Il dipinto intitolato <em>La gallina nera<\/em> di Henrique Franco.<\/li>\n<\/ul>\n\n<figure class=\"wp-block-image size-large is-resized\"><img decoding=\"async\" src=\"https:\/\/photos.smugmug.com\/Madeira-Lovers\/Funchal\/Museums\/Mus&#xE9;e-Henrique-et-Francisco-Franco\/i-G9MNkzS\/0\/Cqmv9KvjFJnmVzsFwDQK4tWhZ8QrsjZ2jHmn8RMBJ\/L\/museum%20henrique%20francisco%20franco%20funchal-L.jpg\" alt=\"Schizzo e scultura del torso di una donna\" style=\"width:702px;height:auto\"\/><figcaption class=\"wp-element-caption\">Schizzo e scultura del torso di una donna<\/figcaption><\/figure>\n\n<h3 class=\"wp-block-heading\">Consigli utili<\/h3>\n\n<ul class=\"wp-block-list\">\n<li>Per visitare il museo, lascia passare da 30 minuti a 1 ora.<\/li>\n\n\n\n<li>Si trova a pochi minuti a piedi dal centro della citt\u00e0, ma il sentiero \u00e8 in leggera pendenza.<\/li>\n\n\n\n<li>Il museo \u00e8 accessibile alle persone con mobilit\u00e0 ridotta, ma \u00e8 necessario informare il personale in anticipo in modo che possa offrirti soluzioni adeguate.<\/li>\n\n\n\n<li>Il museo organizza eventi e laboratori per bambini. Scopra di pi\u00f9 <a href=\"https:\/\/www.facebook.com\/museuhenriquefranciscofranco\/\" target=\"_blank\" rel=\"noreferrer noopener nofollow\">qui<\/a>.<\/li>\n\n\n\n<li>Ingresso libero.<\/li>\n\n\n\n<li>Orari di apertura: dalle 9:00 alle 17:30 dal luned\u00ec al venerd\u00ec, chiuso il sabato e la domenica.<\/li>\n<\/ul>\n\n<h2 class=\"wp-block-heading\">Altri musei e luoghi di cultura a Funchal<\/h2>\n\n<p>In tutta la citt\u00e0 potrai scoprire altri musei e luoghi culturali, tra cui:<\/p>\n\n<h3 class=\"wp-block-heading\">Altri musei<\/h3>\n\n<ul class=\"wp-block-list\">\n<li><strong>Museo Militare di Madeira:<\/strong> ospitato nel Palacio de S\u00e3o Louren\u00e7o di Funchal, un&#8217;antica fortezza, questo museo immerge i visitatori nella storia e nel patrimonio militare dell&#8217;arcipelago.<\/li>\n\n\n\n<li><strong>Museo dell&#8217;Ottica di Madeira:<\/strong> diverso dal Museo della Fotografia, presenta un&#8217;impressionante collezione privata di oltre 2.000 dispositivi ottici antichi che vanno dal XVIII al XX secolo. <a href=\"https:\/\/visitmadeira.com\/fr\/que-faire\/passionnes-de-culture\/patrimoine\/musees\/\" target=\"_blank\" rel=\"noreferrer noopener\"><\/a>Purtroppo era chiuso durante il nostro viaggio.<\/li>\n\n\n\n<li><strong><a href=\"https:\/\/cultura.madeira.gov.pt\/en\/funchal-s-natural-history-museum.html\" target=\"_blank\" rel=\"noreferrer noopener nofollow\">Museo<\/a> di Storia Naturale<\/strong>: il pi\u00f9 antico museo funzionante di Madeira! Situato nell&#8217;antico Palazzo di S\u00e3o Pedro, potrai scoprire la ricca biodiversit\u00e0 dell&#8217;isola.<\/li>\n<\/ul>\n\n<figure class=\"wp-block-image size-large is-resized\"><img decoding=\"async\" src=\"https:\/\/photos.smugmug.com\/Madeira-Lovers\/Funchal\/Museums\/Museu-Militar-da-Madeira\/i-sDskHTh\/0\/CFFMdX5PHgHkP8M29pkgkSb5Cppbt7c628jdBFgJv\/L\/fort_funchal_Madeira-7173201-L.jpg\" alt=\"Museo Militare di Madeira\" style=\"width:702px;height:auto\"\/><figcaption class=\"wp-element-caption\"><strong>Museo Militare di Madeira<\/strong><\/figcaption><\/figure>\n\n<h3 class=\"wp-block-heading\">Altri luoghi di cultura<\/h3>\n\n<ul class=\"wp-block-list\">\n<li><strong><a href=\"https:\/\/madeiralovers.com\/it\/cosa-vedere-funchal-visitare\/#5_Decouvrir_la_Rua_Santa_Maria_et_le_Mercado_dos_Lavradores_marche_traditionnel\" target=\"_blank\" rel=\"noreferrer noopener\">Rua Santa Maria<\/a>:<\/strong> come un museo a cielo aperto, questa emblematica strada di Funchal \u00e8 decorata da artisti locali. Vedrai arte di strada, trompe-l&#8217;\u0153il e anche i tradizionali azulejos!<\/li>\n\n\n\n<li><strong>Blandy&#8217;s Wine Lodge: <\/strong>conosciuto anche come Museo del Vino, abbiamo imparato a conoscere le caratteristiche specifiche dei vigneti dell&#8217;arcipelago durante una visita guidata. Il cortile \u00e8 liberamente accessibile, ma per entrare nell&#8217;edificio e vedere le botti piene di vino Madeira devi essere accompagnato da una guida.<\/li>\n\n\n\n<li><strong><a href=\"https:\/\/www.artcaravel.com\/\" target=\"_blank\" rel=\"noreferrer noopener nofollow\">Caravel<\/a> &#8211; Centre d&#8217;Art:<\/strong> questa galleria d&#8217;arte espone artisti portoghesi e di Madeira, oltre a creativi internazionali! \u00c8 anche collegato a un piccolo e accogliente caff\u00e8.<\/li>\n\n\n\n<li><strong><strong>Madeira Film Experience<\/strong> <\/strong>: proiezione di film sulla storia dell&#8217;isola. Purtroppo questa attivit\u00e0 \u00e8 stata ristrutturata durante il nostro viaggio.<\/li>\n<\/ul>\n\n<figure class=\"wp-block-image size-large\"><img decoding=\"async\" src=\"https:\/\/photos.smugmug.com\/Madeira-Lovers\/Funchal\/3D-fun-art-museum\/i-RX36cJ7\/0\/FLWJ9FLv8PXCcG2bwDNkzGRg6X6n5fJFzrjXLc4gn\/L\/street%20art%20rua%20santa%20maria%20funchal-L.jpg\" alt=\"Rua Santa Maria\"\/><figcaption class=\"wp-element-caption\">Rua Santa Maria<\/figcaption><\/figure>\n\n<div style=\"margin-top:8%;margin-bottom:8%\" class=\"wp-block-genesis-blocks-gb-container box gb-block-container\"><div class=\"gb-container-inside\"><div class=\"gb-container-content\" style=\"max-width:700px\">\n<div class=\"wp-block-genesis-blocks-gb-container box_titre gb-block-container\"><div class=\"gb-container-inside\"><div class=\"gb-container-content\">\n<h5 class=\"titre_box\">ORGANIZZA IL TUO SOGGIORNO A <span class=\"titre_box_manuscrit\">Madeira<\/span><\/h5>\n<\/div><\/div><\/div>\n\n\n\n<hr class=\"wp-block-separator has-text-color has-alpha-channel-opacity has-background is-style-wide hr-box-planif\" style=\"background-color:#ccd3dd;color:#ccd3dd\"\/>\n\n\n\n<div class=\"wp-block-columns box_sans_border is-layout-flex wp-container-core-columns-is-layout-9d6595d7 wp-block-columns-is-layout-flex\">\n<div class=\"wp-block-column texte_planif is-layout-flow wp-block-column-is-layout-flow\" style=\"font-size:14px;flex-basis:60%\">\n<p class=\"option_titre2\"><strong>Il meglio di<\/strong><\/p>\n\n\n\n<p style=\"font-size:16px\"><a href=\"https:\/\/madeiralovers.com\/it\/cosa-vedere-madeira-attrazioni\/\">Cosa vedere a Madeira<\/a><br\/><a href=\"https:\/\/madeiralovers.com\/it\/migliori-punti-panoramici-madeira-miradouros\/\" target=\"_blank\" rel=\"noreferrer noopener\">I punti panoramici pi\u00f9 belli<\/a><br\/><a href=\"https:\/\/madeiralovers.com\/it\/migliori-spiagge-madeira\/\" target=\"_blank\" rel=\"noreferrer noopener\">Le spiagge pi\u00f9 belle di Madeira<\/a><br\/><a href=\"https:\/\/madeiralovers.com\/it\/migliori-giardini-madeira\/\" target=\"_blank\" rel=\"noreferrer noopener\">I giardini pi\u00f9 belli<\/a><br\/><a href=\"https:\/\/madeiralovers.com\/it\/piscine-naturali-madeira\/\" target=\"_blank\" rel=\"noreferrer noopener\">Piscine naturali<\/a><br\/><a href=\"https:\/\/madeiralovers.com\/it\/migliori-escursioni-madeira-trekking\/\" target=\"_blank\" rel=\"noreferrer noopener\">Le migliori passeggiate<\/a><br\/><a href=\"https:\/\/madeiralovers.com\/it\/piu-belle-strade-madeira\/\" target=\"_blank\" rel=\"noreferrer noopener\">Le strade pi\u00f9 belle<\/a><br\/><a href=\"https:\/\/madeiralovers.com\/it\/posti-segreti-madeira-nascoti\/\" target=\"_blank\" rel=\"noreferrer noopener\">Luoghi segreti<\/a><\/p>\n<\/div>\n\n\n\n<div class=\"wp-block-column is-vertically-aligned-top planif-radius is-layout-flow wp-block-column-is-layout-flow\" style=\"flex-basis:40%\">\n<figure class=\"wp-block-image size-large img-portrait\"><img decoding=\"async\" src=\"https:\/\/photos.smugmug.com\/Travel\/Madeira\/13d-Rocha-do-Navio\/i-T3f6J48\/2\/d3DHMbHtwPMz7Tj9qDPmRxGpbxx5RBRCr4LrPp2c\/S\/Roacha_do_Navio_cable_car_Madeira-7241164-S.jpg\" alt=\"Roccia Navia\" title=\"\"\/><\/figure>\n<\/div>\n<\/div>\n\n\n\n<hr class=\"wp-block-separator has-text-color has-alpha-channel-opacity has-background is-style-wide hr-box-planif\" style=\"background-color:#ccd3dd;color:#ccd3dd\"\/>\n\n\n\n<div class=\"wp-block-columns box_sans_border is-layout-flex wp-container-core-columns-is-layout-9d6595d7 wp-block-columns-is-layout-flex\">\n<div class=\"wp-block-column texte_planif is-layout-flow wp-block-column-is-layout-flow\" style=\"font-size:14px;flex-basis:60%\">\n<p class=\"option_titre\"><strong>Consigli pratici<\/strong><\/p>\n\n\n\n<p style=\"font-size:16px\"><a href=\"https:\/\/madeiralovers.com\/it\/come-muoversi-madeira-trasporto\/\" target=\"_blank\" rel=\"noreferrer noopener\">Come muoversi a Madeira<\/a><br\/><a href=\"https:\/\/madeiralovers.com\/it\/come-noleggiare-auto-madeira-consigli-esperienze\/\" target=\"_blank\" rel=\"noreferrer noopener\">Noleggia un&#8217;auto a Madeira<\/a><br\/><a href=\"https:\/\/madeiralovers.com\/it\/guidare-madeira-consigli\/\" target=\"_blank\" rel=\"noreferrer noopener\">Guidare a Madeira<\/a><\/p>\n\n\n\n<p style=\"font-size:16px\"><a href=\"https:\/\/madeiralovers.com\/it\/dove-alloggiare-madeira-migliori-destinazioni\/\" target=\"_blank\" rel=\"noreferrer noopener\">Dove dormire a Madeira<\/a><\/p>\n\n\n\n<p style=\"font-size:16px\">Itinerari: 3 giorni &#8211; 4 giorni &#8211; <a href=\"https:\/\/madeiralovers.com\/it\/visitare-madeira-5-giorni-itinerario\/\" target=\"_blank\" rel=\"noreferrer noopener\">5 giorni<\/a> &#8211; <a href=\"https:\/\/madeiralovers.com\/it\/visitare-madeira-6-giorni-itinerario\/\" target=\"_blank\" rel=\"noreferrer noopener\">6 giorni<\/a> &#8211; <a href=\"https:\/\/madeiralovers.com\/it\/visitare-madeira-una-settimana-itinerario\/\" target=\"_blank\" rel=\"noreferrer noopener\">7 giorni<\/a> &#8211; <a href=\"https:\/\/madeiralovers.com\/it\/visitare-madeira-10-giorni-itinerario\/\" target=\"_blank\" rel=\"noreferrer noopener\">10 giorni<\/a><\/p>\n<\/div>\n\n\n\n<div class=\"wp-block-column is-vertically-aligned-top planif-radius is-layout-flow wp-block-column-is-layout-flow\" style=\"flex-basis:40%\">\n<figure class=\"wp-block-image size-large img-portrait\"><img decoding=\"async\" src=\"https:\/\/photos.smugmug.com\/Travel\/Madeira\/Driving\/i-xNmkb72\/2\/DF578h2B7Q6RbR84FZXN5v8D7vg6nLZ9dzBdrJ2rZ\/S\/driving_Madeira-7241434-S.jpg\" alt=\"Guidare a Madeira\" title=\"\"\/><\/figure>\n<\/div>\n<\/div>\n\n\n\n<hr class=\"wp-block-separator has-text-color has-alpha-channel-opacity has-background is-style-wide hr-box-planif\" style=\"background-color:#ccd3dd;color:#ccd3dd\"\/>\n\n\n\n<div class=\"wp-block-columns box_sans_border is-layout-flex wp-container-core-columns-is-layout-9d6595d7 wp-block-columns-is-layout-flex\">\n<div class=\"wp-block-column texte_planif is-layout-flow wp-block-column-is-layout-flow\" style=\"font-size:14px;flex-basis:60%\">\n<p class=\"option_titre\"><strong>Luoghi da non perdere<\/strong><\/p>\n\n\n\n<p style=\"font-size:16px\"><a href=\"https:\/\/madeiralovers.com\/it\/escursione-delfini-madeira-balene\/\" target=\"_blank\" rel=\"noreferrer noopener\">Osservazione dei delfini<\/a><br\/><a href=\"https:\/\/madeiralovers.com\/it\/cosa-vedere-funchal-visitare\/\" target=\"_blank\" rel=\"noreferrer noopener\">Cosa fare a Funchal<\/a><br\/><a href=\"https:\/\/madeiralovers.com\/it\/cosa-vedere-camera-di-lobos-madeira-visitare\/\" target=\"_blank\" rel=\"noreferrer noopener\">Camara de Lobos<\/a><br\/><a href=\"https:\/\/madeiralovers.com\/it\/cosa-vedere-ponta-do-sol-visitare\/\" target=\"_blank\" rel=\"noreferrer noopener\">Ponta do Sol<\/a><br\/><a href=\"https:\/\/madeiralovers.com\/it\/cosa-vedere-santana-madeira-visitare\/\">Santana<\/a><br\/><a href=\"https:\/\/madeiralovers.com\/it\/cosa-vedere-pico-do-arieiro-madeira\/\" target=\"_blank\" rel=\"noreferrer noopener\">Pico do Arieiro<\/a><br\/><a href=\"https:\/\/madeiralovers.com\/it\/cosa-vedere-porto-santo-visitare\/\" target=\"_blank\" rel=\"noreferrer noopener\">Cosa vedere a Porto Santo<\/a><\/p>\n<\/div>\n\n\n\n<div class=\"wp-block-column is-vertically-aligned-top planif-radius is-layout-flow wp-block-column-is-layout-flow\" style=\"flex-basis:40%\">\n<figure class=\"wp-block-image size-large img-portrait\"><img decoding=\"async\" src=\"https:\/\/photos.smugmug.com\/Travel\/Madeira\/6c-Camara-dos-Lobos\/i-zH7D8Tv\/2\/DpttrQSghWXj2DKMm3VHbFkhFMLsTFhS37sRFTxNz\/S\/camara_dos_Lobos_Madeira-7173015-S.jpg\" alt=\"Camara de Lobos\" title=\"\"\/><\/figure>\n<\/div>\n<\/div>\n<\/div><\/div><\/div>\n\n<div class=\"wp-block-genesis-blocks-gb-container box_auteur_voyage gb-block-container\"><div class=\"gb-container-inside\"><div class=\"gb-container-content\">\n<figure class=\"wp-block-image size-large img_auteur_voyage img_provisoire\"><a href=\"https:\/\/madeiralovers.com\/it\/a-proposito-delisa-grosset\/\" target=\"_blank\" rel=\"noreferrer noopener\"><img decoding=\"async\" src=\"https:\/\/photos.smugmug.com\/Region-Lovers\/Equipe\/i-QnrB7DM\/0\/CtpLjLrrwWXx6CCL4hJmRTCvZDXmHZ2Q4F5hGBmsq\/L\/Elisa-L.jpg\" alt=\"\"\/><\/a><\/figure>\n\n\n\n<h5 class=\"titre_auteur_voyage\"><span>HA FATTO IL VIAGGIO E HA SCRITTO L&#8217;ARTICOLO \n<\/span><span class=\"titre_box_manuscrit\">Elisa<\/span><\/h5>\n<\/div><\/div><\/div>\n","protected":false},"excerpt":{"rendered":"<p>Dai un&#8217;occhiata alla nostra selezione dei 9 migliori musei di Funchal per scoprire il ricco patrimonio culturale e storico di Madeira. Se ami l&#8217;arte, la storia o la tradizione, qui ce n&#8217;\u00e8 per tutti i gusti. Tra ammirare i tesori dell&#8217;Arte Sacra, rivivere la scoperta dell&#8217;isola e visitare le antiche residenze nobiliari, abbiamo fatto delle [&hellip;]<\/p>\n","protected":false},"author":8,"featured_media":2520,"comment_status":"closed","ping_status":"closed","sticky":false,"template":"","format":"standard","meta":{"_genesis_hide_title":false,"_genesis_hide_breadcrumbs":false,"_genesis_hide_singular_image":false,"_genesis_hide_footer_widgets":false,"_genesis_custom_body_class":"","_genesis_custom_post_class":"","_genesis_layout":"","footnotes":""},"categories":[79],"tags":[],"class_list":{"0":"post-2607","1":"post","2":"type-post","3":"status-publish","4":"format-standard","5":"has-post-thumbnail","7":"category-funchal-it","8":"entry"},"yoast_head":"<!-- This site is optimized with the Yoast SEO plugin v27.2 - https:\/\/yoast.com\/product\/yoast-seo-wordpress\/ -->\n<title>9 migliori musei di Funchal (consigli + foto)<\/title>\n<meta name=\"description\" content=\"Scopri la nostra selezione dei migliori musei di Funchal (con le nostre foto e i nostri consigli): Museo di Arte Sacra, Museo CR7...\" \/>\n<meta name=\"robots\" content=\"index, follow, max-snippet:-1, max-image-preview:large, max-video-preview:-1\" \/>\n<link rel=\"canonical\" href=\"https:\/\/madeiralovers.com\/it\/migliori-musei-funchal\/\" \/>\n<meta property=\"og:locale\" content=\"it_IT\" \/>\n<meta property=\"og:type\" content=\"article\" \/>\n<meta property=\"og:title\" content=\"9 migliori musei di Funchal (consigli + foto)\" \/>\n<meta property=\"og:description\" content=\"Scopri la nostra selezione dei migliori musei di Funchal (con le nostre foto e i nostri consigli): Museo di Arte Sacra, Museo CR7...\" \/>\n<meta property=\"og:url\" content=\"https:\/\/madeiralovers.com\/it\/migliori-musei-funchal\/\" \/>\n<meta property=\"og:site_name\" content=\"Madeira Lovers\" \/>\n<meta property=\"article:published_time\" content=\"2024-06-06T15:51:37+00:00\" \/>\n<meta property=\"article:modified_time\" content=\"2024-06-06T18:22:56+00:00\" \/>\n<meta property=\"og:image\" content=\"https:\/\/madeiralovers.com\/wp-content\/uploads\/2024\/06\/migliori-musei-funchal.jpg\" \/>\n\t<meta property=\"og:image:width\" content=\"800\" \/>\n\t<meta property=\"og:image:height\" content=\"600\" \/>\n\t<meta property=\"og:image:type\" content=\"image\/jpeg\" \/>\n<meta name=\"author\" content=\"Elisa\" \/>\n<meta name=\"twitter:card\" content=\"summary_large_image\" \/>\n<meta name=\"twitter:label1\" content=\"Scritto da\" \/>\n\t<meta name=\"twitter:data1\" content=\"Elisa\" \/>\n\t<meta name=\"twitter:label2\" content=\"Tempo di lettura stimato\" \/>\n\t<meta name=\"twitter:data2\" content=\"15 minuti\" \/>\n<script type=\"application\/ld+json\" class=\"yoast-schema-graph\">{\"@context\":\"https:\/\/schema.org\",\"@graph\":[{\"@type\":\"Article\",\"@id\":\"https:\/\/madeiralovers.com\/it\/migliori-musei-funchal\/#article\",\"isPartOf\":{\"@id\":\"https:\/\/madeiralovers.com\/it\/migliori-musei-funchal\/\"},\"author\":{\"name\":\"Elisa\",\"@id\":\"https:\/\/madeiralovers.com\/it\/#\/schema\/person\/d625cd95d3b219fb95267c26155d749b\"},\"headline\":\"9 migliori musei di Funchal (consigli + foto)\",\"datePublished\":\"2024-06-06T15:51:37+00:00\",\"dateModified\":\"2024-06-06T18:22:56+00:00\",\"mainEntityOfPage\":{\"@id\":\"https:\/\/madeiralovers.com\/it\/migliori-musei-funchal\/\"},\"wordCount\":3009,\"publisher\":{\"@id\":\"https:\/\/madeiralovers.com\/it\/#organization\"},\"image\":{\"@id\":\"https:\/\/madeiralovers.com\/it\/migliori-musei-funchal\/#primaryimage\"},\"thumbnailUrl\":\"https:\/\/madeiralovers.com\/wp-content\/uploads\/2024\/06\/migliori-musei-funchal.jpg\",\"articleSection\":[\"Funchal\"],\"inLanguage\":\"it-IT\"},{\"@type\":\"WebPage\",\"@id\":\"https:\/\/madeiralovers.com\/it\/migliori-musei-funchal\/\",\"url\":\"https:\/\/madeiralovers.com\/it\/migliori-musei-funchal\/\",\"name\":\"9 migliori musei di Funchal (consigli + foto)\",\"isPartOf\":{\"@id\":\"https:\/\/madeiralovers.com\/it\/#website\"},\"primaryImageOfPage\":{\"@id\":\"https:\/\/madeiralovers.com\/it\/migliori-musei-funchal\/#primaryimage\"},\"image\":{\"@id\":\"https:\/\/madeiralovers.com\/it\/migliori-musei-funchal\/#primaryimage\"},\"thumbnailUrl\":\"https:\/\/madeiralovers.com\/wp-content\/uploads\/2024\/06\/migliori-musei-funchal.jpg\",\"datePublished\":\"2024-06-06T15:51:37+00:00\",\"dateModified\":\"2024-06-06T18:22:56+00:00\",\"description\":\"Scopri la nostra selezione dei migliori musei di Funchal (con le nostre foto e i nostri consigli): Museo di Arte Sacra, Museo CR7...\",\"breadcrumb\":{\"@id\":\"https:\/\/madeiralovers.com\/it\/migliori-musei-funchal\/#breadcrumb\"},\"inLanguage\":\"it-IT\",\"potentialAction\":[{\"@type\":\"ReadAction\",\"target\":[\"https:\/\/madeiralovers.com\/it\/migliori-musei-funchal\/\"]}]},{\"@type\":\"ImageObject\",\"inLanguage\":\"it-IT\",\"@id\":\"https:\/\/madeiralovers.com\/it\/migliori-musei-funchal\/#primaryimage\",\"url\":\"https:\/\/madeiralovers.com\/wp-content\/uploads\/2024\/06\/migliori-musei-funchal.jpg\",\"contentUrl\":\"https:\/\/madeiralovers.com\/wp-content\/uploads\/2024\/06\/migliori-musei-funchal.jpg\",\"width\":800,\"height\":600,\"caption\":\"migliori musei funchal\"},{\"@type\":\"BreadcrumbList\",\"@id\":\"https:\/\/madeiralovers.com\/it\/migliori-musei-funchal\/#breadcrumb\",\"itemListElement\":[{\"@type\":\"ListItem\",\"position\":1,\"name\":\"Accueil\",\"item\":\"https:\/\/madeiralovers.com\/it\/\"},{\"@type\":\"ListItem\",\"position\":2,\"name\":\"Funchal\",\"item\":\"https:\/\/madeiralovers.com\/it\/funchal-it\/\"},{\"@type\":\"ListItem\",\"position\":3,\"name\":\"9 migliori musei di Funchal (consigli + foto)\"}]},{\"@type\":\"WebSite\",\"@id\":\"https:\/\/madeiralovers.com\/it\/#website\",\"url\":\"https:\/\/madeiralovers.com\/it\/\",\"name\":\"Madeira Lovers\",\"description\":\"Pour r\u00e9veiller vos sens \u00e0 Mad\u00e8re\",\"publisher\":{\"@id\":\"https:\/\/madeiralovers.com\/it\/#organization\"},\"potentialAction\":[{\"@type\":\"SearchAction\",\"target\":{\"@type\":\"EntryPoint\",\"urlTemplate\":\"https:\/\/madeiralovers.com\/it\/?s={search_term_string}\"},\"query-input\":{\"@type\":\"PropertyValueSpecification\",\"valueRequired\":true,\"valueName\":\"search_term_string\"}}],\"inLanguage\":\"it-IT\"},{\"@type\":\"Organization\",\"@id\":\"https:\/\/madeiralovers.com\/it\/#organization\",\"name\":\"Madeira Lovers\",\"url\":\"https:\/\/madeiralovers.com\/it\/\",\"logo\":{\"@type\":\"ImageObject\",\"inLanguage\":\"it-IT\",\"@id\":\"https:\/\/madeiralovers.com\/it\/#\/schema\/logo\/image\/\",\"url\":\"https:\/\/madeiralovers.com\/wp-content\/uploads\/2024\/05\/cropped-Madeira-Lovers-Logos.png\",\"contentUrl\":\"https:\/\/madeiralovers.com\/wp-content\/uploads\/2024\/05\/cropped-Madeira-Lovers-Logos.png\",\"width\":2500,\"height\":554,\"caption\":\"Madeira Lovers\"},\"image\":{\"@id\":\"https:\/\/madeiralovers.com\/it\/#\/schema\/logo\/image\/\"}},{\"@type\":\"Person\",\"@id\":\"https:\/\/madeiralovers.com\/it\/#\/schema\/person\/d625cd95d3b219fb95267c26155d749b\",\"name\":\"Elisa\",\"image\":{\"@type\":\"ImageObject\",\"inLanguage\":\"it-IT\",\"@id\":\"https:\/\/secure.gravatar.com\/avatar\/58989acaa759ff1170519ec054359cd64759fd26df84b894bd3239c233fd396c?s=96&d=mm&r=g\",\"url\":\"https:\/\/secure.gravatar.com\/avatar\/58989acaa759ff1170519ec054359cd64759fd26df84b894bd3239c233fd396c?s=96&d=mm&r=g\",\"contentUrl\":\"https:\/\/secure.gravatar.com\/avatar\/58989acaa759ff1170519ec054359cd64759fd26df84b894bd3239c233fd396c?s=96&d=mm&r=g\",\"caption\":\"Elisa\"},\"sameAs\":[\"https:\/\/madeiralovers.com\/a-propos-delisa-grosset\/\"],\"url\":\"https:\/\/madeiralovers.com\/it\/author\/elisa\/\"}]}<\/script>\n<!-- \/ Yoast SEO plugin. -->","yoast_head_json":{"title":"9 migliori musei di Funchal (consigli + foto)","description":"Scopri la nostra selezione dei migliori musei di Funchal (con le nostre foto e i nostri consigli): Museo di Arte Sacra, Museo CR7...","robots":{"index":"index","follow":"follow","max-snippet":"max-snippet:-1","max-image-preview":"max-image-preview:large","max-video-preview":"max-video-preview:-1"},"canonical":"https:\/\/madeiralovers.com\/it\/migliori-musei-funchal\/","og_locale":"it_IT","og_type":"article","og_title":"9 migliori musei di Funchal (consigli + foto)","og_description":"Scopri la nostra selezione dei migliori musei di Funchal (con le nostre foto e i nostri consigli): Museo di Arte Sacra, Museo CR7...","og_url":"https:\/\/madeiralovers.com\/it\/migliori-musei-funchal\/","og_site_name":"Madeira Lovers","article_published_time":"2024-06-06T15:51:37+00:00","article_modified_time":"2024-06-06T18:22:56+00:00","og_image":[{"width":800,"height":600,"url":"https:\/\/madeiralovers.com\/wp-content\/uploads\/2024\/06\/migliori-musei-funchal.jpg","type":"image\/jpeg"}],"author":"Elisa","twitter_card":"summary_large_image","twitter_misc":{"Scritto da":"Elisa","Tempo di lettura stimato":"15 minuti"},"schema":{"@context":"https:\/\/schema.org","@graph":[{"@type":"Article","@id":"https:\/\/madeiralovers.com\/it\/migliori-musei-funchal\/#article","isPartOf":{"@id":"https:\/\/madeiralovers.com\/it\/migliori-musei-funchal\/"},"author":{"name":"Elisa","@id":"https:\/\/madeiralovers.com\/it\/#\/schema\/person\/d625cd95d3b219fb95267c26155d749b"},"headline":"9 migliori musei di Funchal (consigli + foto)","datePublished":"2024-06-06T15:51:37+00:00","dateModified":"2024-06-06T18:22:56+00:00","mainEntityOfPage":{"@id":"https:\/\/madeiralovers.com\/it\/migliori-musei-funchal\/"},"wordCount":3009,"publisher":{"@id":"https:\/\/madeiralovers.com\/it\/#organization"},"image":{"@id":"https:\/\/madeiralovers.com\/it\/migliori-musei-funchal\/#primaryimage"},"thumbnailUrl":"https:\/\/madeiralovers.com\/wp-content\/uploads\/2024\/06\/migliori-musei-funchal.jpg","articleSection":["Funchal"],"inLanguage":"it-IT"},{"@type":"WebPage","@id":"https:\/\/madeiralovers.com\/it\/migliori-musei-funchal\/","url":"https:\/\/madeiralovers.com\/it\/migliori-musei-funchal\/","name":"9 migliori musei di Funchal (consigli + foto)","isPartOf":{"@id":"https:\/\/madeiralovers.com\/it\/#website"},"primaryImageOfPage":{"@id":"https:\/\/madeiralovers.com\/it\/migliori-musei-funchal\/#primaryimage"},"image":{"@id":"https:\/\/madeiralovers.com\/it\/migliori-musei-funchal\/#primaryimage"},"thumbnailUrl":"https:\/\/madeiralovers.com\/wp-content\/uploads\/2024\/06\/migliori-musei-funchal.jpg","datePublished":"2024-06-06T15:51:37+00:00","dateModified":"2024-06-06T18:22:56+00:00","description":"Scopri la nostra selezione dei migliori musei di Funchal (con le nostre foto e i nostri consigli): Museo di Arte Sacra, Museo CR7...","breadcrumb":{"@id":"https:\/\/madeiralovers.com\/it\/migliori-musei-funchal\/#breadcrumb"},"inLanguage":"it-IT","potentialAction":[{"@type":"ReadAction","target":["https:\/\/madeiralovers.com\/it\/migliori-musei-funchal\/"]}]},{"@type":"ImageObject","inLanguage":"it-IT","@id":"https:\/\/madeiralovers.com\/it\/migliori-musei-funchal\/#primaryimage","url":"https:\/\/madeiralovers.com\/wp-content\/uploads\/2024\/06\/migliori-musei-funchal.jpg","contentUrl":"https:\/\/madeiralovers.com\/wp-content\/uploads\/2024\/06\/migliori-musei-funchal.jpg","width":800,"height":600,"caption":"migliori musei funchal"},{"@type":"BreadcrumbList","@id":"https:\/\/madeiralovers.com\/it\/migliori-musei-funchal\/#breadcrumb","itemListElement":[{"@type":"ListItem","position":1,"name":"Accueil","item":"https:\/\/madeiralovers.com\/it\/"},{"@type":"ListItem","position":2,"name":"Funchal","item":"https:\/\/madeiralovers.com\/it\/funchal-it\/"},{"@type":"ListItem","position":3,"name":"9 migliori musei di Funchal (consigli + foto)"}]},{"@type":"WebSite","@id":"https:\/\/madeiralovers.com\/it\/#website","url":"https:\/\/madeiralovers.com\/it\/","name":"Madeira Lovers","description":"Pour r\u00e9veiller vos sens \u00e0 Mad\u00e8re","publisher":{"@id":"https:\/\/madeiralovers.com\/it\/#organization"},"potentialAction":[{"@type":"SearchAction","target":{"@type":"EntryPoint","urlTemplate":"https:\/\/madeiralovers.com\/it\/?s={search_term_string}"},"query-input":{"@type":"PropertyValueSpecification","valueRequired":true,"valueName":"search_term_string"}}],"inLanguage":"it-IT"},{"@type":"Organization","@id":"https:\/\/madeiralovers.com\/it\/#organization","name":"Madeira Lovers","url":"https:\/\/madeiralovers.com\/it\/","logo":{"@type":"ImageObject","inLanguage":"it-IT","@id":"https:\/\/madeiralovers.com\/it\/#\/schema\/logo\/image\/","url":"https:\/\/madeiralovers.com\/wp-content\/uploads\/2024\/05\/cropped-Madeira-Lovers-Logos.png","contentUrl":"https:\/\/madeiralovers.com\/wp-content\/uploads\/2024\/05\/cropped-Madeira-Lovers-Logos.png","width":2500,"height":554,"caption":"Madeira Lovers"},"image":{"@id":"https:\/\/madeiralovers.com\/it\/#\/schema\/logo\/image\/"}},{"@type":"Person","@id":"https:\/\/madeiralovers.com\/it\/#\/schema\/person\/d625cd95d3b219fb95267c26155d749b","name":"Elisa","image":{"@type":"ImageObject","inLanguage":"it-IT","@id":"https:\/\/secure.gravatar.com\/avatar\/58989acaa759ff1170519ec054359cd64759fd26df84b894bd3239c233fd396c?s=96&d=mm&r=g","url":"https:\/\/secure.gravatar.com\/avatar\/58989acaa759ff1170519ec054359cd64759fd26df84b894bd3239c233fd396c?s=96&d=mm&r=g","contentUrl":"https:\/\/secure.gravatar.com\/avatar\/58989acaa759ff1170519ec054359cd64759fd26df84b894bd3239c233fd396c?s=96&d=mm&r=g","caption":"Elisa"},"sameAs":["https:\/\/madeiralovers.com\/a-propos-delisa-grosset\/"],"url":"https:\/\/madeiralovers.com\/it\/author\/elisa\/"}]}},"featured_image_src":"https:\/\/madeiralovers.com\/wp-content\/uploads\/2024\/06\/migliori-musei-funchal-600x400.jpg","featured_image_src_square":"https:\/\/madeiralovers.com\/wp-content\/uploads\/2024\/06\/migliori-musei-funchal-600x600.jpg","author_info":{"display_name":"Elisa","author_link":"https:\/\/madeiralovers.com\/it\/author\/elisa\/"},"_links":{"self":[{"href":"https:\/\/madeiralovers.com\/it\/wp-json\/wp\/v2\/posts\/2607","targetHints":{"allow":["GET"]}}],"collection":[{"href":"https:\/\/madeiralovers.com\/it\/wp-json\/wp\/v2\/posts"}],"about":[{"href":"https:\/\/madeiralovers.com\/it\/wp-json\/wp\/v2\/types\/post"}],"author":[{"embeddable":true,"href":"https:\/\/madeiralovers.com\/it\/wp-json\/wp\/v2\/users\/8"}],"replies":[{"embeddable":true,"href":"https:\/\/madeiralovers.com\/it\/wp-json\/wp\/v2\/comments?post=2607"}],"version-history":[{"count":0,"href":"https:\/\/madeiralovers.com\/it\/wp-json\/wp\/v2\/posts\/2607\/revisions"}],"wp:featuredmedia":[{"embeddable":true,"href":"https:\/\/madeiralovers.com\/it\/wp-json\/wp\/v2\/media\/2520"}],"wp:attachment":[{"href":"https:\/\/madeiralovers.com\/it\/wp-json\/wp\/v2\/media?parent=2607"}],"wp:term":[{"taxonomy":"category","embeddable":true,"href":"https:\/\/madeiralovers.com\/it\/wp-json\/wp\/v2\/categories?post=2607"},{"taxonomy":"post_tag","embeddable":true,"href":"https:\/\/madeiralovers.com\/it\/wp-json\/wp\/v2\/tags?post=2607"}],"curies":[{"name":"wp","href":"https:\/\/api.w.org\/{rel}","templated":true}]}}