{"id":3634,"date":"2024-07-24T09:10:43","date_gmt":"2024-07-24T08:10:43","guid":{"rendered":"https:\/\/madeiralovers.com\/visit-museum-photography-workshop-vincente-funchal-madere\/"},"modified":"2026-04-17T10:34:13","modified_gmt":"2026-04-17T09:34:13","slug":"visit-museum-photography-atelier-vincente-funchal-madeira","status":"publish","type":"post","link":"https:\/\/madeiralovers.com\/en\/visit-museum-photography-atelier-vincente-funchal-madeira\/","title":{"rendered":"Museum of Photography of Madeira (Funchal): visit + photos"},"content":{"rendered":"\n<p>We recommend a<strong> visit to the Madeira Museum of Photography &#8211; Atelier Vincente&#8217;s in Funchal. <\/strong>Located in the <strong>old town<\/strong>, we were initially attracted by its traditional, colorful architecture. Thanks to the many photographs on display, we were able to rediscover the island through the eyes of its artists.<\/p>\n\n<p>Check out our <strong>useful tips and photos<\/strong> to help you plan your visit and have a great time!<\/p>\n\n<figure class=\"wp-block-image size-full\"><img decoding=\"async\" src=\"https:\/\/madeiralovers.com\/wp-content\/uploads\/2024\/07\/visit-photography-museum-atelier-vincente-funchal-madeira.jpg\" alt=\"visit museum photography workshop vincente funchal madera\" class=\"wp-image-3590\"\/><\/figure>\n\n<p>This opinion is completely <strong>independent<\/strong>, based on our experiences. We made our own choices, visited the area anonymously, and paid our bills in full.<\/p>\n\n<h2 class=\"wp-block-heading\">Is a visit to the Museum of Photography &#8211; Atelier Vincente&#8217;s worthwhile?<\/h2>\n\n<p>Totally! It features in <a href=\"https:\/\/madeiralovers.com\/en\/best-museums-funchal\/\" target=\"_blank\" rel=\"noreferrer noopener\">our article on the best museums in Funchal<\/a> and is one of <a href=\"https:\/\/madeiralovers.com\/en\/best-things-to-do-funchal-visit\/\" target=\"_blank\" rel=\"noreferrer noopener\">the must-do activities in Madeira&#8217;s capital<\/a>. Originally owned by Vicente Gomes da Silva in 1865, an engraver who made it his studio, it was transformed into a museum in 1982. His photographs pay tribute to the wild beauty of the island and its inhabitants. We have traced the history of photography through a rich collection of antique cameras, utensils and accessories.<\/p>\n\n<figure class=\"wp-block-image size-large\"><img decoding=\"async\" src=\"https:\/\/photos.smugmug.com\/Madeira-Lovers\/Funchal\/Museums\/Photography-Museum\/i-CWZqj6t\/0\/L6w3rg6GTmKdxKmLPPxDt44pgHTZqRFRLFNx2fWFV\/L\/ocean%20landscape%20madeira%20photography%20museum%20funchal-L.jpg\" alt=\"Cyanotype - Jos&#xE9; Raphael Basto Machado (1900-1966)\"\/><figcaption class=\"wp-element-caption\">Cyanotype &#8211; Jos\u00e9 Raphael Basto Machado (1900-1966)<\/figcaption><\/figure>\n\n<div style=\"background-color:#f4fae2;margin-top:8%;margin-bottom:8%\" class=\"wp-block-genesis-blocks-gb-container box gb-block-container\"><div class=\"gb-container-inside\"><div class=\"gb-container-content\" style=\"max-width:700px\">\n<div class=\"wp-block-genesis-blocks-gb-container box_titre gb-block-container\"><div class=\"gb-container-inside\"><div class=\"gb-container-content\">\n<h5 class=\"titre_box\" style=\"padding-top:10px;\">WHERE TO STAY IN <span class=\"titre_box_manuscrit\">Madeira<\/span><\/h5>\n<\/div><\/div><\/div>\n\n\n\n<div class=\"wp-block-columns box_sans_border is-layout-flex wp-container-core-columns-is-layout-9d6595d7 wp-block-columns-is-layout-flex\">\n<div class=\"wp-block-column texte_planif is-layout-flow wp-block-column-is-layout-flow\" style=\"font-size:14px;flex-basis:60%\">\n<p class=\"option_titre2\">Our independent picks for <strong>the accommodation of your dreams<\/strong>:<\/p>\n\n\n\n<ul class=\"wp-block-list\">\n<li><a href=\"https:\/\/madeiralovers.com\/en\/where-to-stay-madeira-best-areas\/\" target=\"_blank\" rel=\"noreferrer noopener\">Where to stay in Madeira<\/a><\/li>\n<\/ul>\n\n\n\n<ul class=\"wp-block-list\">\n<li><a href=\"https:\/\/madeiralovers.com\/en\/best-luxury-hotel-funchal-madeira-5-star-reviews\/\" target=\"_blank\" rel=\"noreferrer noopener\">Best 5-star hotels<\/a><\/li>\n\n\n\n<li><a href=\"https:\/\/madeiralovers.com\/en\/best-boutique-hotels-funchal-madeira-charm\/\">Best boutique-hotels<\/a><\/li>\n\n\n\n<li><a href=\"https:\/\/madeiralovers.com\/en\/best-hotels-old-town-funchal-avis\/\" target=\"_blank\" rel=\"noreferrer noopener\">Best hotels in Funchal Old Town<\/a><\/li>\n\n\n\n<li><a href=\"https:\/\/madeiralovers.com\/en\/best-adults-only-hotels-funchal-madeira\/\" target=\"_blank\" rel=\"noreferrer noopener\">Best adults-only hotels<\/a><\/li>\n\n\n\n<li><a href=\"https:\/\/madeiralovers.com\/en\/best-family-hotels-madeira-kids-reviews\/\" target=\"_blank\" rel=\"noreferrer noopener\">Best hotels for families<\/a><\/li>\n\n\n\n<li><a href=\"https:\/\/madeiralovers.com\/en\/best-hotels-all-inclusive-madeira\/\" target=\"_blank\" rel=\"noreferrer noopener\">Best all-inclusive hotels<\/a><\/li>\n\n\n\n<li><a href=\"https:\/\/madeiralovers.com\/en\/beste-romantic-hotels-funchal-madeira-lovers\/\" target=\"_blank\" rel=\"noreferrer noopener\">Best romantic hotels<\/a><\/li>\n<\/ul>\n<\/div>\n\n\n\n<div class=\"wp-block-column is-vertically-aligned-top planif-radius is-layout-flow wp-block-column-is-layout-flow\" style=\"flex-basis:40%\">\n<figure class=\"wp-block-image size-large img-portrait\"><img decoding=\"async\" src=\"https:\/\/photos.smugmug.com\/Travel\/Madeira\/Accommodation\/i-TtZHSRZ\/1\/7f80cf7d\/L\/Arco_da_Calheta_hotel_Madeira-8896-L.jpg\" alt=\"Engenho Velho Hotel\" title=\"\"\/><\/figure>\n<\/div>\n<\/div>\n<\/div><\/div><\/div>\n\n<h2 class=\"wp-block-heading\">What you can see<\/h2>\n\n<h3 class=\"wp-block-heading\">Traditional, colorful architecture<\/h3>\n\n<figure class=\"wp-block-image size-large\"><img decoding=\"async\" src=\"https:\/\/photos.smugmug.com\/Madeira-Lovers\/Funchal\/Museums\/Photography-Museum\/i-4QGwxBV\/0\/MzzjG79ZknQ2MR5JL9kRTcJj23bj5ZXT3dkkcgSsR\/L\/photography_Museum_Funchal_Madeira-9402-L.jpg\" alt=\"museum fa&#xE7;ade\"\/><\/figure>\n\n<p>Before you even enter the museum grounds, position yourself on the opposite sidewalk to observe the building&#8217;s colorful facade. With its ashlar columns, the opening onto the street is in the 17th-century Mannerist architectural style typical of Madeira. This traditional building is home to Portugal&#8217;s oldest photography studio, which opened in 1865.<\/p>\n\n<h3 class=\"wp-block-heading\">The staircase topped by a plaque in memory of Vicente Gomes da Silva<\/h3>\n\n<figure class=\"wp-block-image size-large\"><img decoding=\"async\" src=\"https:\/\/photos.smugmug.com\/Madeira-Lovers\/Funchal\/Museums\/Photography-Museum\/i-WTGD6JM\/0\/NLs8f5BnVbF7NnKhhQ7CTfBwbWFxgBQB492njCTn5\/L\/stairs%20madeira%20photography%20museum%20funchal-L.jpg\" alt=\"museum staircase\"\/><\/figure>\n\n<p>Once you&#8217;ve entered the inner courtyard, take time to admire the impressive staircase in front of you. After the first landing, it splits into 2 and climbs to the right and left. You can&#8217;t miss the large commemorative plaque in honor of Vicente Gomes da Silva that sits proudly at the intersection. We learned that he had first worked as a photographer for the royal houses of Austria, Brazil and Portugal, before opening his own photo studio, <em>Photographia Vicentes<\/em>.<\/p>\n\n<div style=\"margin-top:8%;margin-bottom:8%\" class=\"wp-block-genesis-blocks-gb-container box gb-block-container\"><div class=\"gb-container-inside\"><div class=\"gb-container-content\">\n<div class=\"wp-block-columns inverse box_planif is-layout-flex wp-container-core-columns-is-layout-9d6595d7 wp-block-columns-is-layout-flex\">\n<div class=\"wp-block-column texte_planif is-layout-flow wp-block-column-is-layout-flow\" style=\"flex-basis:58%\">\n<h5 class=\"titre_box\">OUR TIPS FOR RENTING YOUR CAR AT <span class=\"titre_box_manuscrit\">\nMadeira<\/span><\/h5>\n\n\n\n<ul style=\"font-size:14px\" class=\"liste_voiture wp-block-list\">\n<li>Compare prices on our preferred platform: <a href=\"https:\/\/www.discovercars.com\/en\/portugal\/madeira?a_aid=zigzag&amp;chan=madeira\" target=\"_blank\" rel=\"noreferrer noopener sponsored nofollow\">DiscoverCars<\/a> &#8211; one of the best rated sites.<\/li>\n\n\n\n<li>Take a car with a good engine for hilly roads, but not too big for manoeuvring.<\/li>\n\n\n\n<li>There&#8217;s plenty of demand and few cars, so <strong>book early<\/strong>.<\/li>\n<\/ul>\n<\/div>\n\n\n\n<div class=\"wp-block-column planif-radius-3 is-layout-flow wp-block-column-is-layout-flow\" style=\"flex-basis:42%\">\n<figure class=\"wp-block-image size-large is-resized\"><img decoding=\"async\" src=\"https:\/\/photos.smugmug.com\/Travel\/Madeira\/2i-Miadouro\/i-j86nfB5\/2\/DRCCwrZmGLt2TxcQqRkkLrm3JR55K3NLchGxDNsx6\/S\/driving_Madeira-7130748-S.jpg\" alt=\"Car rental in Madeira\" title=\"\"\/><\/figure>\n<\/div>\n<\/div>\n\n\n\n<div class=\"wp-block-columns planif_bouton is-layout-flex wp-container-core-columns-is-layout-9d6595d7 wp-block-columns-is-layout-flex\">\n<div class=\"wp-block-column is-layout-flow wp-block-column-is-layout-flow\" style=\"flex-basis:50%\">\n<div class=\"wp-block-buttons is-content-justification-center is-layout-flex wp-container-core-buttons-is-layout-16018d1d wp-block-buttons-is-layout-flex\">\n<div class=\"wp-block-button has-custom-font-size\" style=\"font-size:14px\"><a class=\"wp-block-button__link has-white-color has-text-color wp-element-button\" href=\"https:\/\/www.discovercars.com\/en\/portugal\/madeira?a_aid=zigzag&amp;amp;chan=madeira\" style=\"border-radius:4px\" target=\"_blank\" rel=\"noreferrer noopener\">View cars &gt;&gt;<\/a><\/div>\n<\/div>\n<\/div>\n\n\n\n<div class=\"wp-block-column is-vertically-aligned-center is-layout-flow wp-block-column-is-layout-flow\" style=\"flex-basis:50%\">\n<p class=\"has-text-align-center\" style=\"font-size:14px\"><strong><a href=\"https:\/\/madeiralovers.com\/en\/renting-car-madeira-tips-experiences\/\" target=\"_blank\" rel=\"noreferrer noopener\">See our tips<\/a><\/strong><\/p>\n<\/div>\n<\/div>\n<\/div><\/div><\/div>\n\n<h3 class=\"wp-block-heading\">The mysterious daguerreotypes<\/h3>\n\n<figure class=\"wp-block-image\"><img decoding=\"async\" src=\"https:\/\/photos.smugmug.com\/Madeira-Lovers\/Funchal\/Museums\/Photography-Museum\/i-x2RBnPG\/0\/FL9BMwWht2vbkfPChHgwRcw6GDdRp522hwZTP6SLw\/L\/daguerreotype%20photography%20museum%20funchal-L.jpg\" alt=\"daguerreotype\"\/><\/figure>\n\n<p>At the start of our visit, we were intrigued by some surprising images. The people photographed looked like ghosts! In fact, they were daguerreotypes. Invented by Louis Jacques Mand\u00e9 Daguerre, the daguerreotype was the first stable photographic technique. Don&#8217;t hesitate to read the information panels to find out more about the secrets of this photographic process, and much more besides!<\/p>\n\n<h3 class=\"wp-block-heading\">The former photography studio<\/h3>\n\n<figure class=\"wp-block-image size-large\"><img decoding=\"async\" src=\"https:\/\/photos.smugmug.com\/Madeira-Lovers\/Funchal\/Museums\/Photography-Museum\/i-8FQ53xK\/0\/K5nsdBnfktxxdG9WR9wrvK6bsCHhP9Vq8ckSC2z9Q\/L\/photo%20workshop%20madeira%20photography%20museum%20funchal-L.jpg\" alt=\"photo workshop reconstruction\"\/><\/figure>\n\n<p>The museum houses a reconstruction of a period photographic studio. In this space, you&#8217;ll learn more about early photographic techniques, which at the time were associated more with the work of a chemist or physicist. The practice used to require mastery of complex formulas, which were also highly toxic. Discovering this room, with its massive sink, test tubes and wooden press, we could really imagine ourselves in a laboratory of yesteryear!<\/p>\n\n<h3 class=\"wp-block-heading\">A wide range of cameras and accessories<\/h3>\n\n<figure class=\"wp-block-image size-large is-resized\"><img decoding=\"async\" src=\"https:\/\/photos.smugmug.com\/Madeira-Lovers\/Funchal\/Museums\/Photography-Museum\/i-JgMjcdD\/0\/LhXqLKGdPxxV8wSjRvPLRTJvPmH6DMpwnpxXMKnVT\/L\/old%20fashioned%20camera%20madeira%20photography%20museum%20funchal-L.jpg\" alt=\"Ihagee Tropen- Neugold 920 (1922 - 1939)\" style=\"width:702px;height:auto\"\/><figcaption class=\"wp-element-caption\"><em>Ihagee Tropen- Neugold 920<\/em> (1922-1939)<\/figcaption><\/figure>\n\n<p>Throughout the museum, you&#8217;ll discover numerous cameras from different eras, as well as photography-related accessories. From the earliest models to the most recent digital cameras, immerse yourself in a world that blends technology with aesthetic quest. In the age of instant photography, we couldn&#8217;t help but imagine how long photo shoots used to take!<\/p>\n\n<h3 class=\"wp-block-heading\">Vintage dog portraits<\/h3>\n\n<figure class=\"wp-block-image size-large\"><img decoding=\"async\" src=\"https:\/\/photos.smugmug.com\/Madeira-Lovers\/Funchal\/Museums\/Photography-Museum\/i-VH3NQCk\/0\/M4SZ8GJBNPZ9Rb9gMG6KVWtsqmtpm29nHq35SMrwf\/L\/dogs%20pics%20madeira%20photography%20museum%20funchal-L.jpg\" alt=\"dog pictures\"\/><\/figure>\n\n<p>Both amusing and serious, we were intrigued by the dog portraits on display in the museum. Some even posed in the company of their masters or mistresses, revealing an emotional bond between animal and human. These pictures showed the importance of 4-legged companions in the daily lives of their owners. As we love dogs, we were very impressed by this artistic approach!<\/p>\n\n<div style=\"background-color:#fefefe;margin-top:6%;margin-bottom:6%\" class=\"wp-block-genesis-blocks-gb-container box gb-block-container\"><div class=\"gb-container-inside\"><div class=\"gb-container-content\" style=\"max-width:700px\">\n<div class=\"wp-block-columns inverse is-layout-flex wp-container-core-columns-is-layout-9d6595d7 wp-block-columns-is-layout-flex\">\n<div class=\"wp-block-column texte_planif is-layout-flow wp-block-column-is-layout-flow\" style=\"flex-basis:58%\">\n<h5 class=\"titre_box\">OUR GUIDE TO PLANNING A <span class=\"titre_box_manuscrit\">Dream trip<\/span><\/h5>\n\n\n\n<ul class=\"wp-block-list\">\n<li>7 maps that make planning easier<\/li>\n\n\n\n<li>+ 120 pre-selected locations  <\/li>\n\n\n\n<li>Practical advice  <\/li>\n\n\n\n<li>+ 260 photos to help you choose<\/li>\n<\/ul>\n\n\n\n<div class=\"wp-block-buttons is-layout-flex wp-block-buttons-is-layout-flex\">\n<div class=\"wp-block-button\"><a class=\"wp-block-button__link has-theme-primary-background-color has-background wp-element-button\" href=\"https:\/\/madeiralovers.com\/en\/ebook-travel-guide-madeira\/\">Discover it &gt;&gt;<\/a><\/div>\n<\/div>\n<\/div>\n\n\n\n<div class=\"wp-block-column is-layout-flow wp-block-column-is-layout-flow\" style=\"flex-basis:42%\">\n<div class=\"wp-block-genesis-blocks-gb-container ebook-radius-waitlist gb-block-container\"><div class=\"gb-container-inside\"><div class=\"gb-container-content\"><div class=\"wp-block-image ebook-image\">\n<figure class=\"aligncenter size-full\"><img decoding=\"async\" src=\"https:\/\/madeiralovers.com\/wp-content\/uploads\/2024\/06\/Med-Madeira-Travel-Guide-ebook-cover-4.jpg\" alt=\"guide-voyage-Madere-ebook-cover-medium\" class=\"wp-image-2412\"\/><\/figure>\n<\/div><\/div><\/div><\/div>\n<\/div>\n<\/div>\n<\/div><\/div><\/div>\n\n<h3 class=\"wp-block-heading\">Madeira&#8217;s wild beauty in photographs<\/h3>\n\n<figure class=\"wp-block-image size-large\"><img decoding=\"async\" src=\"https:\/\/photos.smugmug.com\/Madeira-Lovers\/Funchal\/Museums\/Photography-Museum\/i-C7G5pzG\/0\/LNvbC39HWHnqPJZwBBxRZJhTqs9hnmFBXMjm5mPKk\/L\/landscapes%20pics%20madeira%20photography%20museum%20atelier%20vincente%20funchal-L.jpg\" alt=\"Madeira snapshots\"\/><\/figure>\n\n<p>The photo gallery houses a jumble of small-format shots in wooden frames. Many of the photos depict the archipelago&#8217;s magnificent wild landscapes in black and white. They capture the power of Madeira&#8217;s natural elements, the very essence of the island. We were captivated by the pictures taken by Jos\u00e9 Raphael Basto Machado (1900-1966) and <a href=\"https:\/\/cultura.madeira.gov.pt\/olhares-sobre-o-passado\/1828-joaquim-augusto-de-sousa-2.html\" target=\"_blank\" rel=\"noreferrer noopener nofollow\">Joaquim<\/a> Augusto de Sousa (1853-1905).<\/p>\n\n<h3 class=\"wp-block-heading\">Local snapshots  <\/h3>\n\n<figure class=\"wp-block-image size-large\"><img decoding=\"async\" src=\"https:\/\/photos.smugmug.com\/Madeira-Lovers\/Funchal\/Museums\/Photography-Museum\/i-mMbLGbQ\/0\/LMX4cWFX4cKPjjMxpcvJLcZMcC8Zhk92nHppd888f\/L\/augusto%20sousa%20pics%20madeira%20photography%20museum%20atelier%20vincente%20funchal-L.jpg\" alt=\"photograph by Joaquim Augusto de Sousa\"\/><figcaption class=\"wp-element-caption\">Joaquim Augusto de Sousa<\/figcaption><\/figure>\n\n<p>Whether through landscapes of the island or portraits of its inhabitants, you&#8217;ll discover photographs imbued with poetry and mystery. The one above seems to have been captured on the spot. The 2 women, accompanied by a black cat, are not even aware that they have become the muses of one of Portugal&#8217;s greatest photographers! What could they be thinking?<\/p>\n\n<h3 class=\"wp-block-heading\">The projection room<\/h3>\n\n<figure class=\"wp-block-image size-large\"><img decoding=\"async\" src=\"https:\/\/photos.smugmug.com\/Madeira-Lovers\/Funchal\/Museums\/Photography-Museum\/i-sZGhp5H\/0\/M8PLmD7HM8TsBBStMG6797Q6wkQpBpPHF8TNrHg87\/L\/video%20madeira%20photography%20museum%20atelier%20vincente%20funchal-L.jpg\" alt=\"projection room\"\/><\/figure>\n\n<p>Round off your visit with a film projection in a small room equipped with wooden chairs! Take advantage of this moment of respite to make a list of your favorite shots. And who knows, maybe it&#8217;ll be the impetus you&#8217;ve been lacking to take up photography yourself?<\/p>\n\n<div style=\"margin-top:8%;margin-bottom:8%\" class=\"wp-block-genesis-blocks-gb-container box gb-block-container\"><div class=\"gb-container-inside\"><div class=\"gb-container-content\" style=\"max-width:700px\">\n<div class=\"wp-block-genesis-blocks-gb-container box_titre gb-block-container\"><div class=\"gb-container-inside\"><div class=\"gb-container-content\">\n<h5 class=\"titre_box\" style=\"padding-top:10px; margin-bottom:0px;\"><span>VISIT <\/span> <span class=\"titre_box_manuscrit\">Funchal<\/span><\/h5>\n<\/div><\/div><\/div>\n\n\n\n<div class=\"wp-block-genesis-blocks-gb-container box_texte_0 gb-block-container\"><div class=\"gb-container-inside\"><div class=\"gb-container-content\">\n<div class=\"wp-block-columns Element_box is-layout-flex wp-container-core-columns-is-layout-9d6595d7 wp-block-columns-is-layout-flex\">\n<div class=\"wp-block-column texte_planif is-layout-flow wp-block-column-is-layout-flow\">\n<ul class=\"wp-block-list\">\n<li style=\"font-size:14px\"><a href=\"https:\/\/madeiralovers.com\/en\/best-things-to-do-funchal-visit\/\" target=\"_blank\" rel=\"noreferrer noopener\">Best things to do in Funchal<\/a><\/li>\n\n\n\n<li style=\"font-size:14px\"><a href=\"https:\/\/madeiralovers.com\/en\/best-restaurants-funchal-where-eat-reviews\/\" target=\"_blank\" rel=\"noreferrer noopener\">Best restaurants<\/a><\/li>\n\n\n\n<li style=\"font-size:14px\"><a href=\"https:\/\/madeiralovers.com\/en\/best-museums-funchal\/\" target=\"_blank\" rel=\"noreferrer noopener\">Best museums<\/a><\/li>\n\n\n\n<li style=\"font-size:14px\"><a href=\"https:\/\/madeiralovers.com\/en\/visit-cathedral-se-nossa-senhora-assuncao-funchal\/\">Visit the cathedral<\/a><\/li>\n\n\n\n<li style=\"font-size:14px\">Excursions from Funchal (coming soon)<\/li>\n<\/ul>\n<\/div>\n<\/div>\n<\/div><\/div><\/div>\n\n\n\n<div class=\"wp-block-genesis-blocks-gb-container box-texte gb-block-container\"><div class=\"gb-container-inside\"><div class=\"gb-container-content\"><\/div><\/div><\/div>\n<\/div><\/div><\/div>\n\n<h2 class=\"wp-block-heading\">Madeira Museum of Photography in Funchal: access<\/h2>\n\n<h3 class=\"wp-block-heading\">Where is the museum?<\/h3>\n\n<ul class=\"wp-block-list\">\n<li>On the island of Madeira,<\/li>\n\n\n\n<li>In the capital <a href=\"https:\/\/madeiralovers.com\/en\/best-things-to-do-funchal-visit\/\" type=\"post\" id=\"2152\" target=\"_blank\" rel=\"noreferrer noopener\">Funchal<\/a>,<\/li>\n\n\n\n<li>In the old town,<\/li>\n\n\n\n<li>Between the <a href=\"https:\/\/madeiralovers.com\/en\/best-gardens-madeira\/#4_Jardim_Municipal_do_Funchal\" target=\"_blank\" rel=\"noreferrer noopener\">Jardin Municipal<\/a> and<a href=\"https:\/\/madeiralovers.com\/en\/visit-church-sao-joao-evangelista-college-jesuits-funchal\/\" target=\"_blank\" rel=\"noreferrer noopener\">\u00c9glise Saint-Jean-l&#8217;\u00c9vang\u00e9liste<\/a>,<\/li>\n\n\n\n<li>At n\u00b043 Rua da Carreira.<\/li>\n<\/ul>\n\n<p>Our map of Madeira&#8217;s best museums will help you find your way around the city:<\/p>\n\n<figure class=\"wp-block-image size-large\"><img decoding=\"async\" src=\"https:\/\/madeiralovers.com\/wp-content\/uploads\/2024\/06\/map-best-museums-funchal-1024x748.png\" alt=\"carte meilleures musees funchal\" class=\"wp-image-2589\"\/><figcaption class=\"wp-element-caption\">Map of the best museums in Funchal (Madeira)<\/figcaption><\/figure>\n\n<h3 class=\"wp-block-heading\">Access by car and parking<\/h3>\n\n<p>We do not recommend driving in the old town. The narrow, cobbled streets are busy with pedestrians. Some are even one-way. Choose a parking lot outside the historic center, such as Parking Santa Luzia. It is open from 6am to 10pm on weekdays.<\/p>\n\n<p>Then simply walk down Rua 5 de Outubro to reach Old Funchal. The museum is just a 7-minute walk from this parking lot.<\/p>\n\n<figure class=\"wp-block-image size-large\"><img decoding=\"async\" src=\"https:\/\/photos.smugmug.com\/Madeira-Lovers\/Funchal\/Museums\/Photography-Museum\/i-Hdw89mt\/0\/LmXwzHm7FZhrpx5DjQQqbzNQMpfJVw4dG4s7kTbXX\/L\/street%20madeira%20photography%20museum%20funchal-L.jpg\" alt=\"cobblestone street in front of the museum\"\/><\/figure>\n\n<h3 class=\"wp-block-heading\">Public transport access<\/h3>\n\n<p>Several bus stops are located in Rua 5 de Outubro, close to the museum, including lines 12, 17, 20 and 21. Find out more <a href=\"http:\/\/www.horariosdofunchal.pt\/mobile\/?lang=en\" target=\"_blank\" rel=\"noreferrer noopener nofollow\">here<\/a>.<\/p>\n\n<h3 class=\"wp-block-heading\">Visiting difficulties<\/h3>\n\n<p>The official website states that the museum is accessible to people with reduced mobility <a href=\"https:\/\/cultura.madeira.gov.pt\/en\/madeira-photography-museum-atelier-vicente-s\" target=\"_blank\" rel=\"noreferrer noopener nofollow\">here<\/a>. Nevertheless, it&#8217;s a converted workshop with relatively narrow passageways and small steps.<\/p>\n\n<figure class=\"wp-block-image size-large\"><img decoding=\"async\" src=\"https:\/\/photos.smugmug.com\/Madeira-Lovers\/Funchal\/Museums\/Photography-Museum\/i-sXvz5g5\/0\/LB35TX6hq98Jr8nmXxGJ7TFPTGnBMrVSfmvpCc82L\/L\/foot%20step%20madeira%20photography%20museum%20funchal-L.jpg\" alt=\"museum floor\"\/><figcaption class=\"wp-element-caption\">Museum floor<\/figcaption><\/figure>\n\n<div style=\"margin-top:8%;margin-bottom:8%\" class=\"wp-block-genesis-blocks-gb-container box gb-block-container\"><div class=\"gb-container-inside\"><div class=\"gb-container-content\">\n<div class=\"wp-block-columns inverse is-layout-flex wp-container-core-columns-is-layout-9d6595d7 wp-block-columns-is-layout-flex\">\n<div class=\"wp-block-column texte_planif is-layout-flow wp-block-column-is-layout-flow\" style=\"flex-basis:58%\">\n<h5 class=\"titre_box\">OUR FAVORITE ACTIVITY IN <span class=\"titre_box_manuscrit\">Madeira<\/span><\/h5>\n\n\n\n<p style=\"font-size:14px\">Catamaran tour to see dolphins and Madeira&#8217;s giant cliffs.<\/p>\n\n\n\n<p style=\"font-size:14px\"><a href=\"https:\/\/www.getyourguide.com\/s?q=Funchal+dauphins+catamaran&amp;searchSource=8&amp;partner_id=R3GYW4V&amp;cmp=madeira\" target=\"_blank\" rel=\"noreferrer noopener sponsored nofollow\">See program and availability &#8211; and book!<\/a><\/p>\n<\/div>\n\n\n\n<div class=\"wp-block-column ville-radius is-layout-flow wp-block-column-is-layout-flow\" style=\"flex-basis:42%\">\n<figure class=\"wp-block-image size-large is-resized img-portrait\"><img decoding=\"async\" src=\"https:\/\/photos.smugmug.com\/Travel\/Madeira\/9c-Dolphins\/i-whpFzdc\/1\/2fa5ccf1\/L\/dolphin_cruise_boat_Tour_Madeira-7204502-L.jpg\" alt=\"\" style=\"width:319px;height:303px\" title=\"\"\/><\/figure>\n<\/div>\n<\/div>\n<\/div><\/div><\/div>\n\n<h2 class=\"wp-block-heading\">Useful tips for visiting the Museum of Photography<\/h2>\n\n<h3 class=\"wp-block-heading\">Schedules and prices<\/h3>\n\n<p>The museum is open from 10am to 1pm and 2pm to 5pm, Tuesday to Saturday. Closed Mondays and Sundays.<\/p>\n\n<p>Admission costs \u20ac3 in cash only. More info on the official website <a href=\"https:\/\/visitmadeira.com\/fr\/que-faire\/passionnes-de-culture\/patrimoine\/musees\/musee-de-la-photographie-de-madere-atelier-vicentes\/\" target=\"_blank\" rel=\"noreferrer noopener nofollow\">here<\/a>.<\/p>\n\n<h3 class=\"wp-block-heading\">For how long?<\/h3>\n\n<p>Allow 30min to 1h to visit the museum.<\/p>\n\n<h3 class=\"wp-block-heading\">Best moment<\/h3>\n\n<p>Preferably outside the summer months (July, August) and school vacations. This way, you can avoid busy periods, although tourists generally prefer outdoor activities in Madeira.<\/p>\n\n<p>Choose morning slots as soon as they open, or late in the day. Visitor numbers are generally lower during these periods. What a pleasure to discover the museum in peace! We wandered from room to room undisturbed.<\/p>\n\n<figure class=\"wp-block-image size-large\"><img decoding=\"async\" src=\"https:\/\/photos.smugmug.com\/Madeira-Lovers\/Funchal\/Museums\/Photography-Museum\/i-c8r9NtB\/0\/Nb932C7MfpSCfkkjTHSvg5xWPVgc2wcmw6Mk2Bw2D\/L\/cameras%20madeira%20photography%20museum%20funchal-L.jpg\" alt=\"cameras and photographic accessories\"\/><\/figure>\n\n<h3 class=\"wp-block-heading\">Direction of visit<\/h3>\n\n<p>Floor markings and staff signage will guide you on your tour of the former workshop. You&#8217;ll be free to retrace your steps at any time. We wandered from room to room without asking ourselves too many questions, just letting ourselves be guided by our desires!<\/p>\n\n<figure class=\"wp-block-image size-large\"><img decoding=\"async\" src=\"https:\/\/photos.smugmug.com\/Madeira-Lovers\/Funchal\/Museums\/Photography-Museum\/i-T2TRtWL\/0\/NSskp9tVBwhG6DwWwvNnfrkTkZFXbdhkFwhTpnHj7\/L\/path%20madeira%20photography%20museum%20funchal-L.jpg\" alt=\"directions for visiting the museum\"\/><\/figure>\n\n<h3 class=\"wp-block-heading\">Visiting with children<\/h3>\n\n<p>We didn&#8217;t find any dedicated tours for young visitors. However, we also recommend this museum to families. Your children can take a look behind a period lens, or discover a reconstructed photo workshop. They can strike a pose or become real little photographers themselves!<\/p>\n\n<figure class=\"wp-block-image size-large\"><img decoding=\"async\" src=\"https:\/\/photos.smugmug.com\/Madeira-Lovers\/Funchal\/Museums\/Photography-Museum\/i-GVrVkmS\/0\/NCZV9pNJtQ45njvkF4HV3k9Z7n7rRbMFzP5KcBpW7\/L\/games%20madeira%20photography%20museum%20funchal-L.jpg\" alt=\"staging to strike a pose\"\/><\/figure>\n\n<h3 class=\"wp-block-heading\">Eating out<\/h3>\n\n<p>Inside the museum is the pleasant Restaurant P\u00e1tio, with its outdoor terrace decorated with black-and-white photographs. In the immediate vicinity of the old workshop are many other fine restaurants. We particularly recommend the Tipografia restaurant, less than 1min walk away.<\/p>\n\n<p>Alternatively, take a look at <a href=\"https:\/\/madeiralovers.com\/en\/best-restaurants-funchal-where-eat-reviews\/\" target=\"_blank\" rel=\"noreferrer noopener\">our compilation of the best restaurants in Funchal<\/a> to discover local flavours and have a great time at the same time!<\/p>\n\n<figure class=\"wp-block-image size-large\"><img decoding=\"async\" src=\"https:\/\/photos.smugmug.com\/Madeira-Lovers\/Funchal\/Museums\/Photography-Museum\/i-VjS3SHh\/0\/LG5LHcQ94FGSvBzG64QpgZfRM6L65CV8hfr9xD5dg\/L\/restaurant%20patio%20madeira%20photography%20museum%20funchal-L.jpg\" alt=\"Restaurant P&#xE1;tio - Brunch &amp;amp; Bistro\"\/><figcaption class=\"wp-element-caption\">Restaurant P\u00e1tio &#8211; Brunch &amp; Bistro<\/figcaption><\/figure>\n\n<h3 class=\"wp-block-heading\">Hotels<\/h3>\n\n<p>You&#8217;re right in the heart of Funchal&#8217;s old town. Discover <a href=\"https:\/\/madeiralovers.com\/en\/best-hotels-old-town-funchal-avis\/\" target=\"_blank\" rel=\"noreferrer noopener\">our complete article on the best hotels in the historic center<\/a>. If not, find our 2 favorite establishments below:<\/p>\n\n<p>Le Castanheiro Boutique-Hotel (4 stars) <a href=\"https:\/\/www.booking.com\/hotel\/pt\/castanheiro-boutique-funchal2.html?aid=2410700\" target=\"_blank\" rel=\"noreferrer noopener sponsored nofollow\"><strong>&#8211; See prices, photos and availability.<\/strong><\/a><\/p>\n\n<p>L&#8217;Appart&#8217;h\u00f4tel Three House (4 stars) <strong><a href=\"https:\/\/www.booking.com\/hotel\/pt\/oudinot.html?aid=2410700\" target=\"_blank\" rel=\"noreferrer noopener sponsored nofollow\">&#8211; See prices, photos and availability.<\/a><\/strong><\/p>\n\n<div style=\"margin-top:8%;margin-bottom:8%\" class=\"wp-block-genesis-blocks-gb-container box gb-block-container\"><div class=\"gb-container-inside\"><div class=\"gb-container-content\" style=\"max-width:700px\">\n<div class=\"wp-block-genesis-blocks-gb-container box_titre gb-block-container\"><div class=\"gb-container-inside\"><div class=\"gb-container-content\">\n<h5 class=\"titre_box\">PLAN YOUR STAY IN <span class=\"titre_box_manuscrit\">Madeira<\/span><\/h5>\n<\/div><\/div><\/div>\n\n\n\n<hr class=\"wp-block-separator has-text-color has-alpha-channel-opacity has-background is-style-wide hr-box-planif\" style=\"background-color:#ccd3dd;color:#ccd3dd\"\/>\n\n\n\n<div class=\"wp-block-columns box_sans_border is-layout-flex wp-container-core-columns-is-layout-9d6595d7 wp-block-columns-is-layout-flex\">\n<div class=\"wp-block-column texte_planif is-layout-flow wp-block-column-is-layout-flow\" style=\"font-size:14px;flex-basis:60%\">\n<p class=\"option_titre2\"><strong>Best of<\/strong><\/p>\n\n\n\n<p style=\"font-size:16px\"><a href=\"https:\/\/madeiralovers.com\/en\/best-things-to-do-madeira-attractions\/\">Things to do in Madeira<\/a><br\/><a href=\"https:\/\/madeiralovers.com\/en\/best-viewpoints-madeira-miradouros\/\" target=\"_blank\" rel=\"noreferrer noopener\">Most beautiful viewpoints<\/a><br\/><a href=\"https:\/\/madeiralovers.com\/en\/best-beaches-madeira\/\" target=\"_blank\" rel=\"noreferrer noopener\">Madeira&#8217;s most beautiful beaches<\/a><br\/><a href=\"https:\/\/madeiralovers.com\/en\/best-gardens-madeira\/\" target=\"_blank\" rel=\"noreferrer noopener\">Most beautiful gardens<\/a><br\/><a href=\"https:\/\/madeiralovers.com\/en\/natural-pools-madeira\/\" target=\"_blank\" rel=\"noreferrer noopener\">Natural pools<\/a><br\/><a href=\"https:\/\/madeiralovers.com\/en\/best-hikes-madeira-walks\/\" target=\"_blank\" rel=\"noreferrer noopener\">Most beautiful hikes<\/a><br\/><a href=\"https:\/\/madeiralovers.com\/en\/most-beautiful-roads-madeira\/\" target=\"_blank\" rel=\"noreferrer noopener\">Most beautiful roads<\/a><br\/><a href=\"https:\/\/madeiralovers.com\/en\/hidden-gems-madeira-secret-places\/\" target=\"_blank\" rel=\"noreferrer noopener\">Secret places<\/a><\/p>\n<\/div>\n\n\n\n<div class=\"wp-block-column is-vertically-aligned-top planif-radius is-layout-flow wp-block-column-is-layout-flow\" style=\"flex-basis:40%\">\n<figure class=\"wp-block-image size-large img-portrait\"><img decoding=\"async\" src=\"https:\/\/photos.smugmug.com\/Travel\/Madeira\/13d-Rocha-do-Navio\/i-T3f6J48\/2\/d3DHMbHtwPMz7Tj9qDPmRxGpbxx5RBRCr4LrPp2c\/S\/Roacha_do_Navio_cable_car_Madeira-7241164-S.jpg\" alt=\"Navia Rock\" title=\"\"\/><\/figure>\n<\/div>\n<\/div>\n\n\n\n<hr class=\"wp-block-separator has-text-color has-alpha-channel-opacity has-background is-style-wide hr-box-planif\" style=\"background-color:#ccd3dd;color:#ccd3dd\"\/>\n\n\n\n<div class=\"wp-block-columns box_sans_border is-layout-flex wp-container-core-columns-is-layout-9d6595d7 wp-block-columns-is-layout-flex\">\n<div class=\"wp-block-column texte_planif is-layout-flow wp-block-column-is-layout-flow\" style=\"font-size:14px;flex-basis:60%\">\n<p class=\"option_titre\"><strong>Practical advice<\/strong><\/p>\n\n\n\n<p style=\"font-size:16px\"><a href=\"https:\/\/madeiralovers.com\/en\/how-to-get-around-madeira-transport\/\" target=\"_blank\" rel=\"noreferrer noopener\">Getting around Madeira<\/a><br\/><a href=\"https:\/\/madeiralovers.com\/en\/renting-car-madeira-tips-experiences\/\" target=\"_blank\" rel=\"noreferrer noopener\">Rent a car in Madeira<\/a><br\/><a href=\"https:\/\/madeiralovers.com\/en\/driving-madeira-tips\/\" target=\"_blank\" rel=\"noreferrer noopener\">Driving in Madeira<\/a><\/p>\n\n\n\n<p style=\"font-size:16px\"><a href=\"https:\/\/madeiralovers.com\/en\/where-to-stay-madeira-best-areas\/\" target=\"_blank\" rel=\"noreferrer noopener\">Where to stay in Madeira<\/a><\/p>\n\n\n\n<p style=\"font-size:16px\">Itineraries: 3 days &#8211; 4 days &#8211; <a href=\"https:\/\/madeiralovers.com\/en\/visit-madeira-5-days-itinerary\/\" target=\"_blank\" rel=\"noreferrer noopener\">5 days<\/a> &#8211; <a href=\"https:\/\/madeiralovers.com\/en\/visit-madeira-6-days-itinerary\/\" target=\"_blank\" rel=\"noreferrer noopener\">6 days<\/a> &#8211; <a href=\"https:\/\/madeiralovers.com\/en\/visit-madeira-one-week-itinerary\/\" target=\"_blank\" rel=\"noreferrer noopener\">7 days<\/a> &#8211; <a href=\"https:\/\/madeiralovers.com\/en\/visit-madeira-10-days-itinerary\/\" target=\"_blank\" rel=\"noreferrer noopener\">10 days<\/a><\/p>\n<\/div>\n\n\n\n<div class=\"wp-block-column is-vertically-aligned-top planif-radius is-layout-flow wp-block-column-is-layout-flow\" style=\"flex-basis:40%\">\n<figure class=\"wp-block-image size-large img-portrait\"><img decoding=\"async\" src=\"https:\/\/photos.smugmug.com\/Travel\/Madeira\/Driving\/i-xNmkb72\/2\/DF578h2B7Q6RbR84FZXN5v8D7vg6nLZ9dzBdrJ2rZ\/S\/driving_Madeira-7241434-S.jpg\" alt=\"Driving in Madeira\" title=\"\"\/><\/figure>\n<\/div>\n<\/div>\n\n\n\n<hr class=\"wp-block-separator has-text-color has-alpha-channel-opacity has-background is-style-wide hr-box-planif\" style=\"background-color:#ccd3dd;color:#ccd3dd\"\/>\n\n\n\n<div class=\"wp-block-columns box_sans_border is-layout-flex wp-container-core-columns-is-layout-9d6595d7 wp-block-columns-is-layout-flex\">\n<div class=\"wp-block-column texte_planif is-layout-flow wp-block-column-is-layout-flow\" style=\"font-size:14px;flex-basis:60%\">\n<p class=\"option_titre\"><strong>Places not to be missed<\/strong><\/p>\n\n\n\n<p style=\"font-size:16px\"><a href=\"https:\/\/madeiralovers.com\/en\/dolphin-watching-madeira-whales\/\" target=\"_blank\" rel=\"noreferrer noopener\">Dolphin watching<\/a><br\/><a href=\"https:\/\/madeiralovers.com\/en\/best-things-to-do-funchal-visit\/\" target=\"_blank\" rel=\"noreferrer noopener\">Best things to do in Funchal<\/a><br\/><a href=\"https:\/\/madeiralovers.com\/en\/best-things-to-do-camara-lobos-madeira-visit\/\" target=\"_blank\" rel=\"noreferrer noopener\">Camara de Lobos<\/a><br\/><a href=\"https:\/\/madeiralovers.com\/en\/best-things-to-do-ponta-do-sol-visit\/\" target=\"_blank\" rel=\"noreferrer noopener\">Ponta do Sol<\/a><br\/><a href=\"https:\/\/madeiralovers.com\/en\/best-things-to-do-santana-madeira-visit\/\">Santana<\/a><br\/><a href=\"https:\/\/madeiralovers.com\/en\/things-to-do-pico-do-arieiro-madeira\/\" target=\"_blank\" rel=\"noreferrer noopener\">Pico do Arieiro<\/a><br\/><a href=\"https:\/\/madeiralovers.com\/en\/best-things-to-do-porto-santo-visit\/\" target=\"_blank\" rel=\"noreferrer noopener\">Best things to do in Porto Santo<\/a><\/p>\n<\/div>\n\n\n\n<div class=\"wp-block-column is-vertically-aligned-top planif-radius is-layout-flow wp-block-column-is-layout-flow\" style=\"flex-basis:40%\">\n<figure class=\"wp-block-image size-large img-portrait\"><img decoding=\"async\" src=\"https:\/\/photos.smugmug.com\/Travel\/Madeira\/6c-Camara-dos-Lobos\/i-zH7D8Tv\/2\/DpttrQSghWXj2DKMm3VHbFkhFMLsTFhS37sRFTxNz\/S\/camara_dos_Lobos_Madeira-7173015-S.jpg\" alt=\"Camara de Lobos\" title=\"\"\/><\/figure>\n<\/div>\n<\/div>\n<\/div><\/div><\/div>\n\n<div class=\"wp-block-genesis-blocks-gb-container box_auteur_voyage gb-block-container\"><div class=\"gb-container-inside\"><div class=\"gb-container-content\">\n<figure class=\"wp-block-image size-large img_auteur_voyage img_provisoire\"><a href=\"https:\/\/madeiralovers.com\/en\/a-propos-delisa-grosset\/\" target=\"_blank\" rel=\"noreferrer noopener\"><img decoding=\"async\" src=\"https:\/\/photos.smugmug.com\/Region-Lovers\/Equipe\/i-QnrB7DM\/0\/CtpLjLrrwWXx6CCL4hJmRTCvZDXmHZ2Q4F5hGBmsq\/L\/Elisa-L.jpg\" alt=\"\"\/><\/a><\/figure>\n\n\n\n<h5 class=\"titre_auteur_voyage\"><span>SHE MADE THE TRIP AND WROTE THE ARTICLE \n<\/span><span class=\"titre_box_manuscrit\">Elisa<\/span><\/h5>\n<\/div><\/div><\/div>\n","protected":false},"excerpt":{"rendered":"<p>We recommend a visit to the Madeira Museum of Photography &#8211; Atelier Vincente&#8217;s in Funchal. Located in the old town, we were initially attracted by its traditional, colorful architecture. Thanks to the many photographs on display, we were able to rediscover the island through the eyes of its artists. Check out our useful tips and [&hellip;]<\/p>\n","protected":false},"author":8,"featured_media":3593,"comment_status":"closed","ping_status":"closed","sticky":false,"template":"","format":"standard","meta":{"_genesis_hide_title":false,"_genesis_hide_breadcrumbs":false,"_genesis_hide_singular_image":false,"_genesis_hide_footer_widgets":false,"_genesis_custom_body_class":"","_genesis_custom_post_class":"","_genesis_layout":"","footnotes":""},"categories":[77],"tags":[],"class_list":{"0":"post-3634","1":"post","2":"type-post","3":"status-publish","4":"format-standard","5":"has-post-thumbnail","7":"category-funchal-en","8":"entry"},"yoast_head":"<!-- This site is optimized with the Yoast SEO plugin v27.2 - https:\/\/yoast.com\/product\/yoast-seo-wordpress\/ -->\n<title>Museum of Photography of Madeira (Funchal): visit + photos<\/title>\n<meta name=\"description\" content=\"Our tips and photos for visiting the Madeira Museum of Photography in Funchal: access, points of interest, practical information.\" \/>\n<meta name=\"robots\" content=\"index, follow, max-snippet:-1, max-image-preview:large, max-video-preview:-1\" \/>\n<link rel=\"canonical\" href=\"https:\/\/madeiralovers.com\/en\/visit-museum-photography-atelier-vincente-funchal-madeira\/\" \/>\n<meta property=\"og:locale\" content=\"en_US\" \/>\n<meta property=\"og:type\" content=\"article\" \/>\n<meta property=\"og:title\" content=\"Museum of Photography of Madeira (Funchal): visit + photos\" \/>\n<meta property=\"og:description\" content=\"Our tips and photos for visiting the Madeira Museum of Photography in Funchal: access, points of interest, practical information.\" \/>\n<meta property=\"og:url\" content=\"https:\/\/madeiralovers.com\/en\/visit-museum-photography-atelier-vincente-funchal-madeira\/\" \/>\n<meta property=\"og:site_name\" content=\"Madeira Lovers\" \/>\n<meta property=\"article:published_time\" content=\"2024-07-24T08:10:43+00:00\" \/>\n<meta property=\"article:modified_time\" content=\"2026-04-17T09:34:13+00:00\" \/>\n<meta property=\"og:image\" content=\"https:\/\/madeiralovers.com\/wp-content\/uploads\/2024\/07\/visit-photography-museum-atelier-vincente-funchal-madeira.jpg\" \/>\n\t<meta property=\"og:image:width\" content=\"800\" \/>\n\t<meta property=\"og:image:height\" content=\"600\" \/>\n\t<meta property=\"og:image:type\" content=\"image\/jpeg\" \/>\n<meta name=\"author\" content=\"Elisa\" \/>\n<meta name=\"twitter:card\" content=\"summary_large_image\" \/>\n<meta name=\"twitter:label1\" content=\"Written by\" \/>\n\t<meta name=\"twitter:data1\" content=\"Elisa\" \/>\n\t<meta name=\"twitter:label2\" content=\"Est. reading time\" \/>\n\t<meta name=\"twitter:data2\" content=\"6 minutes\" \/>\n<script type=\"application\/ld+json\" class=\"yoast-schema-graph\">{\"@context\":\"https:\/\/schema.org\",\"@graph\":[{\"@type\":\"Article\",\"@id\":\"https:\/\/madeiralovers.com\/en\/visit-museum-photography-atelier-vincente-funchal-madeira\/#article\",\"isPartOf\":{\"@id\":\"https:\/\/madeiralovers.com\/en\/visit-museum-photography-atelier-vincente-funchal-madeira\/\"},\"author\":{\"name\":\"Elisa\",\"@id\":\"https:\/\/madeiralovers.com\/en\/#\/schema\/person\/d625cd95d3b219fb95267c26155d749b\"},\"headline\":\"Museum of Photography of Madeira (Funchal): visit + photos\",\"datePublished\":\"2024-07-24T08:10:43+00:00\",\"dateModified\":\"2026-04-17T09:34:13+00:00\",\"mainEntityOfPage\":{\"@id\":\"https:\/\/madeiralovers.com\/en\/visit-museum-photography-atelier-vincente-funchal-madeira\/\"},\"wordCount\":1313,\"publisher\":{\"@id\":\"https:\/\/madeiralovers.com\/en\/#organization\"},\"image\":{\"@id\":\"https:\/\/madeiralovers.com\/en\/visit-museum-photography-atelier-vincente-funchal-madeira\/#primaryimage\"},\"thumbnailUrl\":\"https:\/\/madeiralovers.com\/wp-content\/uploads\/2024\/07\/visit-photography-museum-atelier-vincente-funchal-madeira.jpg\",\"articleSection\":[\"Funchal\"],\"inLanguage\":\"en-US\"},{\"@type\":\"WebPage\",\"@id\":\"https:\/\/madeiralovers.com\/en\/visit-museum-photography-atelier-vincente-funchal-madeira\/\",\"url\":\"https:\/\/madeiralovers.com\/en\/visit-museum-photography-atelier-vincente-funchal-madeira\/\",\"name\":\"Museum of Photography of Madeira (Funchal): visit + photos\",\"isPartOf\":{\"@id\":\"https:\/\/madeiralovers.com\/en\/#website\"},\"primaryImageOfPage\":{\"@id\":\"https:\/\/madeiralovers.com\/en\/visit-museum-photography-atelier-vincente-funchal-madeira\/#primaryimage\"},\"image\":{\"@id\":\"https:\/\/madeiralovers.com\/en\/visit-museum-photography-atelier-vincente-funchal-madeira\/#primaryimage\"},\"thumbnailUrl\":\"https:\/\/madeiralovers.com\/wp-content\/uploads\/2024\/07\/visit-photography-museum-atelier-vincente-funchal-madeira.jpg\",\"datePublished\":\"2024-07-24T08:10:43+00:00\",\"dateModified\":\"2026-04-17T09:34:13+00:00\",\"description\":\"Our tips and photos for visiting the Madeira Museum of Photography in Funchal: access, points of interest, practical information.\",\"breadcrumb\":{\"@id\":\"https:\/\/madeiralovers.com\/en\/visit-museum-photography-atelier-vincente-funchal-madeira\/#breadcrumb\"},\"inLanguage\":\"en-US\",\"potentialAction\":[{\"@type\":\"ReadAction\",\"target\":[\"https:\/\/madeiralovers.com\/en\/visit-museum-photography-atelier-vincente-funchal-madeira\/\"]}]},{\"@type\":\"ImageObject\",\"inLanguage\":\"en-US\",\"@id\":\"https:\/\/madeiralovers.com\/en\/visit-museum-photography-atelier-vincente-funchal-madeira\/#primaryimage\",\"url\":\"https:\/\/madeiralovers.com\/wp-content\/uploads\/2024\/07\/visit-photography-museum-atelier-vincente-funchal-madeira.jpg\",\"contentUrl\":\"https:\/\/madeiralovers.com\/wp-content\/uploads\/2024\/07\/visit-photography-museum-atelier-vincente-funchal-madeira.jpg\",\"width\":800,\"height\":600,\"caption\":\"visit photography museum atelier vincente funchal madeira\"},{\"@type\":\"BreadcrumbList\",\"@id\":\"https:\/\/madeiralovers.com\/en\/visit-museum-photography-atelier-vincente-funchal-madeira\/#breadcrumb\",\"itemListElement\":[{\"@type\":\"ListItem\",\"position\":1,\"name\":\"Accueil\",\"item\":\"https:\/\/madeiralovers.com\/en\/\"},{\"@type\":\"ListItem\",\"position\":2,\"name\":\"Funchal\",\"item\":\"https:\/\/madeiralovers.com\/en\/funchal-en\/\"},{\"@type\":\"ListItem\",\"position\":3,\"name\":\"Museum of Photography of Madeira (Funchal): visit + photos\"}]},{\"@type\":\"WebSite\",\"@id\":\"https:\/\/madeiralovers.com\/en\/#website\",\"url\":\"https:\/\/madeiralovers.com\/en\/\",\"name\":\"Madeira Lovers\",\"description\":\"Pour r\u00e9veiller vos sens \u00e0 Mad\u00e8re\",\"publisher\":{\"@id\":\"https:\/\/madeiralovers.com\/en\/#organization\"},\"potentialAction\":[{\"@type\":\"SearchAction\",\"target\":{\"@type\":\"EntryPoint\",\"urlTemplate\":\"https:\/\/madeiralovers.com\/en\/?s={search_term_string}\"},\"query-input\":{\"@type\":\"PropertyValueSpecification\",\"valueRequired\":true,\"valueName\":\"search_term_string\"}}],\"inLanguage\":\"en-US\"},{\"@type\":\"Organization\",\"@id\":\"https:\/\/madeiralovers.com\/en\/#organization\",\"name\":\"Madeira Lovers\",\"url\":\"https:\/\/madeiralovers.com\/en\/\",\"logo\":{\"@type\":\"ImageObject\",\"inLanguage\":\"en-US\",\"@id\":\"https:\/\/madeiralovers.com\/en\/#\/schema\/logo\/image\/\",\"url\":\"https:\/\/madeiralovers.com\/wp-content\/uploads\/2024\/05\/cropped-Madeira-Lovers-Logos.png\",\"contentUrl\":\"https:\/\/madeiralovers.com\/wp-content\/uploads\/2024\/05\/cropped-Madeira-Lovers-Logos.png\",\"width\":2500,\"height\":554,\"caption\":\"Madeira Lovers\"},\"image\":{\"@id\":\"https:\/\/madeiralovers.com\/en\/#\/schema\/logo\/image\/\"}},{\"@type\":\"Person\",\"@id\":\"https:\/\/madeiralovers.com\/en\/#\/schema\/person\/d625cd95d3b219fb95267c26155d749b\",\"name\":\"Elisa\",\"image\":{\"@type\":\"ImageObject\",\"inLanguage\":\"en-US\",\"@id\":\"https:\/\/secure.gravatar.com\/avatar\/58989acaa759ff1170519ec054359cd64759fd26df84b894bd3239c233fd396c?s=96&d=mm&r=g\",\"url\":\"https:\/\/secure.gravatar.com\/avatar\/58989acaa759ff1170519ec054359cd64759fd26df84b894bd3239c233fd396c?s=96&d=mm&r=g\",\"contentUrl\":\"https:\/\/secure.gravatar.com\/avatar\/58989acaa759ff1170519ec054359cd64759fd26df84b894bd3239c233fd396c?s=96&d=mm&r=g\",\"caption\":\"Elisa\"},\"sameAs\":[\"https:\/\/madeiralovers.com\/a-propos-delisa-grosset\/\"],\"url\":\"https:\/\/madeiralovers.com\/en\/author\/elisa\/\"}]}<\/script>\n<!-- \/ Yoast SEO plugin. -->","yoast_head_json":{"title":"Museum of Photography of Madeira (Funchal): visit + photos","description":"Our tips and photos for visiting the Madeira Museum of Photography in Funchal: access, points of interest, practical information.","robots":{"index":"index","follow":"follow","max-snippet":"max-snippet:-1","max-image-preview":"max-image-preview:large","max-video-preview":"max-video-preview:-1"},"canonical":"https:\/\/madeiralovers.com\/en\/visit-museum-photography-atelier-vincente-funchal-madeira\/","og_locale":"en_US","og_type":"article","og_title":"Museum of Photography of Madeira (Funchal): visit + photos","og_description":"Our tips and photos for visiting the Madeira Museum of Photography in Funchal: access, points of interest, practical information.","og_url":"https:\/\/madeiralovers.com\/en\/visit-museum-photography-atelier-vincente-funchal-madeira\/","og_site_name":"Madeira Lovers","article_published_time":"2024-07-24T08:10:43+00:00","article_modified_time":"2026-04-17T09:34:13+00:00","og_image":[{"width":800,"height":600,"url":"https:\/\/madeiralovers.com\/wp-content\/uploads\/2024\/07\/visit-photography-museum-atelier-vincente-funchal-madeira.jpg","type":"image\/jpeg"}],"author":"Elisa","twitter_card":"summary_large_image","twitter_misc":{"Written by":"Elisa","Est. reading time":"6 minutes"},"schema":{"@context":"https:\/\/schema.org","@graph":[{"@type":"Article","@id":"https:\/\/madeiralovers.com\/en\/visit-museum-photography-atelier-vincente-funchal-madeira\/#article","isPartOf":{"@id":"https:\/\/madeiralovers.com\/en\/visit-museum-photography-atelier-vincente-funchal-madeira\/"},"author":{"name":"Elisa","@id":"https:\/\/madeiralovers.com\/en\/#\/schema\/person\/d625cd95d3b219fb95267c26155d749b"},"headline":"Museum of Photography of Madeira (Funchal): visit + photos","datePublished":"2024-07-24T08:10:43+00:00","dateModified":"2026-04-17T09:34:13+00:00","mainEntityOfPage":{"@id":"https:\/\/madeiralovers.com\/en\/visit-museum-photography-atelier-vincente-funchal-madeira\/"},"wordCount":1313,"publisher":{"@id":"https:\/\/madeiralovers.com\/en\/#organization"},"image":{"@id":"https:\/\/madeiralovers.com\/en\/visit-museum-photography-atelier-vincente-funchal-madeira\/#primaryimage"},"thumbnailUrl":"https:\/\/madeiralovers.com\/wp-content\/uploads\/2024\/07\/visit-photography-museum-atelier-vincente-funchal-madeira.jpg","articleSection":["Funchal"],"inLanguage":"en-US"},{"@type":"WebPage","@id":"https:\/\/madeiralovers.com\/en\/visit-museum-photography-atelier-vincente-funchal-madeira\/","url":"https:\/\/madeiralovers.com\/en\/visit-museum-photography-atelier-vincente-funchal-madeira\/","name":"Museum of Photography of Madeira (Funchal): visit + photos","isPartOf":{"@id":"https:\/\/madeiralovers.com\/en\/#website"},"primaryImageOfPage":{"@id":"https:\/\/madeiralovers.com\/en\/visit-museum-photography-atelier-vincente-funchal-madeira\/#primaryimage"},"image":{"@id":"https:\/\/madeiralovers.com\/en\/visit-museum-photography-atelier-vincente-funchal-madeira\/#primaryimage"},"thumbnailUrl":"https:\/\/madeiralovers.com\/wp-content\/uploads\/2024\/07\/visit-photography-museum-atelier-vincente-funchal-madeira.jpg","datePublished":"2024-07-24T08:10:43+00:00","dateModified":"2026-04-17T09:34:13+00:00","description":"Our tips and photos for visiting the Madeira Museum of Photography in Funchal: access, points of interest, practical information.","breadcrumb":{"@id":"https:\/\/madeiralovers.com\/en\/visit-museum-photography-atelier-vincente-funchal-madeira\/#breadcrumb"},"inLanguage":"en-US","potentialAction":[{"@type":"ReadAction","target":["https:\/\/madeiralovers.com\/en\/visit-museum-photography-atelier-vincente-funchal-madeira\/"]}]},{"@type":"ImageObject","inLanguage":"en-US","@id":"https:\/\/madeiralovers.com\/en\/visit-museum-photography-atelier-vincente-funchal-madeira\/#primaryimage","url":"https:\/\/madeiralovers.com\/wp-content\/uploads\/2024\/07\/visit-photography-museum-atelier-vincente-funchal-madeira.jpg","contentUrl":"https:\/\/madeiralovers.com\/wp-content\/uploads\/2024\/07\/visit-photography-museum-atelier-vincente-funchal-madeira.jpg","width":800,"height":600,"caption":"visit photography museum atelier vincente funchal madeira"},{"@type":"BreadcrumbList","@id":"https:\/\/madeiralovers.com\/en\/visit-museum-photography-atelier-vincente-funchal-madeira\/#breadcrumb","itemListElement":[{"@type":"ListItem","position":1,"name":"Accueil","item":"https:\/\/madeiralovers.com\/en\/"},{"@type":"ListItem","position":2,"name":"Funchal","item":"https:\/\/madeiralovers.com\/en\/funchal-en\/"},{"@type":"ListItem","position":3,"name":"Museum of Photography of Madeira (Funchal): visit + photos"}]},{"@type":"WebSite","@id":"https:\/\/madeiralovers.com\/en\/#website","url":"https:\/\/madeiralovers.com\/en\/","name":"Madeira Lovers","description":"Pour r\u00e9veiller vos sens \u00e0 Mad\u00e8re","publisher":{"@id":"https:\/\/madeiralovers.com\/en\/#organization"},"potentialAction":[{"@type":"SearchAction","target":{"@type":"EntryPoint","urlTemplate":"https:\/\/madeiralovers.com\/en\/?s={search_term_string}"},"query-input":{"@type":"PropertyValueSpecification","valueRequired":true,"valueName":"search_term_string"}}],"inLanguage":"en-US"},{"@type":"Organization","@id":"https:\/\/madeiralovers.com\/en\/#organization","name":"Madeira Lovers","url":"https:\/\/madeiralovers.com\/en\/","logo":{"@type":"ImageObject","inLanguage":"en-US","@id":"https:\/\/madeiralovers.com\/en\/#\/schema\/logo\/image\/","url":"https:\/\/madeiralovers.com\/wp-content\/uploads\/2024\/05\/cropped-Madeira-Lovers-Logos.png","contentUrl":"https:\/\/madeiralovers.com\/wp-content\/uploads\/2024\/05\/cropped-Madeira-Lovers-Logos.png","width":2500,"height":554,"caption":"Madeira Lovers"},"image":{"@id":"https:\/\/madeiralovers.com\/en\/#\/schema\/logo\/image\/"}},{"@type":"Person","@id":"https:\/\/madeiralovers.com\/en\/#\/schema\/person\/d625cd95d3b219fb95267c26155d749b","name":"Elisa","image":{"@type":"ImageObject","inLanguage":"en-US","@id":"https:\/\/secure.gravatar.com\/avatar\/58989acaa759ff1170519ec054359cd64759fd26df84b894bd3239c233fd396c?s=96&d=mm&r=g","url":"https:\/\/secure.gravatar.com\/avatar\/58989acaa759ff1170519ec054359cd64759fd26df84b894bd3239c233fd396c?s=96&d=mm&r=g","contentUrl":"https:\/\/secure.gravatar.com\/avatar\/58989acaa759ff1170519ec054359cd64759fd26df84b894bd3239c233fd396c?s=96&d=mm&r=g","caption":"Elisa"},"sameAs":["https:\/\/madeiralovers.com\/a-propos-delisa-grosset\/"],"url":"https:\/\/madeiralovers.com\/en\/author\/elisa\/"}]}},"featured_image_src":"https:\/\/madeiralovers.com\/wp-content\/uploads\/2024\/07\/visit-photography-museum-atelier-vincente-funchal-madeira-600x400.jpg","featured_image_src_square":"https:\/\/madeiralovers.com\/wp-content\/uploads\/2024\/07\/visit-photography-museum-atelier-vincente-funchal-madeira-600x600.jpg","author_info":{"display_name":"Elisa","author_link":"https:\/\/madeiralovers.com\/en\/author\/elisa\/"},"_links":{"self":[{"href":"https:\/\/madeiralovers.com\/en\/wp-json\/wp\/v2\/posts\/3634","targetHints":{"allow":["GET"]}}],"collection":[{"href":"https:\/\/madeiralovers.com\/en\/wp-json\/wp\/v2\/posts"}],"about":[{"href":"https:\/\/madeiralovers.com\/en\/wp-json\/wp\/v2\/types\/post"}],"author":[{"embeddable":true,"href":"https:\/\/madeiralovers.com\/en\/wp-json\/wp\/v2\/users\/8"}],"replies":[{"embeddable":true,"href":"https:\/\/madeiralovers.com\/en\/wp-json\/wp\/v2\/comments?post=3634"}],"version-history":[{"count":0,"href":"https:\/\/madeiralovers.com\/en\/wp-json\/wp\/v2\/posts\/3634\/revisions"}],"wp:featuredmedia":[{"embeddable":true,"href":"https:\/\/madeiralovers.com\/en\/wp-json\/wp\/v2\/media\/3593"}],"wp:attachment":[{"href":"https:\/\/madeiralovers.com\/en\/wp-json\/wp\/v2\/media?parent=3634"}],"wp:term":[{"taxonomy":"category","embeddable":true,"href":"https:\/\/madeiralovers.com\/en\/wp-json\/wp\/v2\/categories?post=3634"},{"taxonomy":"post_tag","embeddable":true,"href":"https:\/\/madeiralovers.com\/en\/wp-json\/wp\/v2\/tags?post=3634"}],"curies":[{"name":"wp","href":"https:\/\/api.w.org\/{rel}","templated":true}]}}