{"id":5114,"date":"2024-12-31T09:50:25","date_gmt":"2024-12-31T08:50:25","guid":{"rendered":"https:\/\/madeiralovers.com\/miradouro-eira-da-achada-madere\/"},"modified":"2026-02-12T12:39:16","modified_gmt":"2026-02-12T11:39:16","slug":"miradouro-eira-da-achada-madeira","status":"publish","type":"post","link":"https:\/\/madeiralovers.com\/de\/miradouro-eira-da-achada-madeira\/","title":{"rendered":"Miradouro da Eira da Achada (Madeira): Fotos + Anfahrt"},"content":{"rendered":"\n<p>Unser Rat f\u00fcr den Besuch des Aussichtspunkts Miradouro da Eira da Achada auf Madeira: Anfahrt, Parkm\u00f6glichkeiten, Art der Aussicht, praktische Informationen.<\/p>\n\n<figure class=\"wp-block-image size-full\"><img loading=\"lazy\" decoding=\"async\" width=\"800\" height=\"600\" src=\"https:\/\/madeiralovers.com\/wp-content\/uploads\/2024\/01\/Miradouro-da-Eira-da-Achada-Madeira.jpeg\" alt=\"Miradouro da Eira da Achada Madeira\" class=\"wp-image-212\" srcset=\"https:\/\/madeiralovers.com\/wp-content\/uploads\/2024\/01\/Miradouro-da-Eira-da-Achada-Madeira.jpeg 800w, https:\/\/madeiralovers.com\/wp-content\/uploads\/2024\/01\/Miradouro-da-Eira-da-Achada-Madeira-300x225.jpeg 300w, https:\/\/madeiralovers.com\/wp-content\/uploads\/2024\/01\/Miradouro-da-Eira-da-Achada-Madeira-768x576.jpeg 768w, https:\/\/madeiralovers.com\/wp-content\/uploads\/2024\/01\/Miradouro-da-Eira-da-Achada-Madeira-702x526.jpeg 702w\" sizes=\"auto, (max-width: 800px) 100vw, 800px\" \/><\/figure>\n\n<p>Diese Bewertung ist v\u00f6llig <strong>unabh\u00e4ngig<\/strong> und basiert auf unseren Erfahrungen. Wir trafen unsere eigenen Entscheidungen, besuchten die Region anonym und bezahlten unsere Rechnungen vollst\u00e4ndig.<\/p>\n\n<h2 class=\"wp-block-heading\">Lohnt sich ein Halt am Aussichtspunkt Miradouro da Eira da Achada?<\/h2>\n\n<p>Dies ist ein weniger bekannter Aussichtspunkt, der abseits der ausgetretenen Pfade liegt, aber leicht zu erreichen ist.<br\/>Er bietet eine herrliche Aussicht auf die Klippen der Nordk\u00fcste. Das gesamte Gebiet zwischen Seixal und Ponta Delgada ist sehr gut zu sehen, da es wie eine Bucht geformt ist.<br\/>Und wie \u00fcberall ist die Vegetation \u00fcppig, was das Panorama noch versch\u00f6nert.<\/p>\n\n<p>Dies ist einer der <a href=\"https:\/\/madeiralovers.com\/de\/schonste-aussichtspunkte-madeira-miradouros\/\" target=\"_blank\" rel=\"noreferrer noopener\">sch\u00f6nsten Aussichtspunkte auf Madeira<\/a>.<\/p>\n\n<figure class=\"wp-block-image size-large\"><img decoding=\"async\" src=\"https:\/\/photos.smugmug.com\/Travel\/Madeira\/3f-Miradouro-da-Eira-da-Achada\/i-Q6JV8GC\/2\/d0e431c9\/L\/Miradouro_da_Eira_da_Achada_Madeira-7141350-L.jpg\" alt=\"Belvedere\"\/><\/figure>\n\n<div style=\"margin-top:8%;margin-bottom:8%\" class=\"wp-block-genesis-blocks-gb-container box gb-block-container\"><div class=\"gb-container-inside\"><div class=\"gb-container-content\">\n<div class=\"wp-block-columns inverse box_planif is-layout-flex wp-container-core-columns-is-layout-9d6595d7 wp-block-columns-is-layout-flex\">\n<div class=\"wp-block-column texte_planif is-layout-flow wp-block-column-is-layout-flow\" style=\"flex-basis:58%\">\n<h5 class=\"titre_box\">UNSERE TIPPS ZUM MIETEN IHRES AUTOS IN <span class=\"titre_box_manuscrit\">\nMadeira<\/span><\/h5>\n\n\n\n<ul style=\"font-size:14px\" class=\"liste_voiture wp-block-list\">\n<li>Vergleichen Sie die Preise auf unserer bevorzugten Plattform: <a href=\"https:\/\/www.discovercars.com\/de\/portugal\/madeira?a_aid=zigzag&amp;chan=madeira\" target=\"_blank\" rel=\"noreferrer noopener sponsored nofollow\">DiscoverCars<\/a> &#8211; eine der am besten bewerteten Websites.<\/li>\n\n\n\n<li>Nehmen Sie ein Auto mit einem guten Motor f\u00fcr absch\u00fcssige Stra\u00dfen, das aber nicht zu gro\u00df ist, um man\u00f6vrieren zu k\u00f6nnen.<\/li>\n\n\n\n<li>Es gibt eine gro\u00dfe Nachfrage und nur wenige Autos, <strong>buchen Sie fr\u00fchzeitig<\/strong>.<\/li>\n<\/ul>\n<\/div>\n\n\n\n<div class=\"wp-block-column planif-radius-3 is-layout-flow wp-block-column-is-layout-flow\" style=\"flex-basis:42%\">\n<figure class=\"wp-block-image size-large is-resized\"><img decoding=\"async\" src=\"https:\/\/photos.smugmug.com\/Travel\/Madeira\/2i-Miadouro\/i-j86nfB5\/2\/DRCCwrZmGLt2TxcQqRkkLrm3JR55K3NLchGxDNsx6\/S\/driving_Madeira-7130748-S.jpg\" alt=\"Mietwagen auf Madeira\" title=\"\"\/><\/figure>\n<\/div>\n<\/div>\n\n\n\n<div class=\"wp-block-columns planif_bouton is-layout-flex wp-container-core-columns-is-layout-9d6595d7 wp-block-columns-is-layout-flex\">\n<div class=\"wp-block-column is-layout-flow wp-block-column-is-layout-flow\" style=\"flex-basis:50%\">\n<div class=\"wp-block-buttons is-content-justification-center is-layout-flex wp-container-core-buttons-is-layout-16018d1d wp-block-buttons-is-layout-flex\">\n<div class=\"wp-block-button has-custom-font-size\" style=\"font-size:14px\"><a class=\"wp-block-button__link has-white-color has-text-color wp-element-button\" href=\"https:\/\/www.discovercars.com\/de\/portugal\/madeira?a_aid=zigzag&amp;amp;chan=madeira\" style=\"border-radius:4px\" target=\"_blank\" rel=\"noreferrer noopener\">Autos ansehen &gt;&gt;<\/a><\/div>\n<\/div>\n<\/div>\n\n\n\n<div class=\"wp-block-column is-vertically-aligned-center is-layout-flow wp-block-column-is-layout-flow\" style=\"flex-basis:50%\">\n<p class=\"has-text-align-center\" style=\"font-size:14px\"><strong><a href=\"https:\/\/madeiralovers.com\/de\/autovermietung-madeira-tipps-erfahrungen\/\" target=\"_blank\" rel=\"noreferrer noopener\">Siehe unsere Tipps<\/a><\/strong><\/p>\n<\/div>\n<\/div>\n<\/div><\/div><\/div>\n\n<h2 class=\"wp-block-heading\">Wo befindet sich der Aussichtspunkt? Zugang<\/h2>\n\n<ul class=\"wp-block-list\">\n<li>An der Nordwestk\u00fcste von Madeira gelegen.<\/li>\n\n\n\n<li>Zwischen <a href=\"https:\/\/madeiralovers.com\/de\/sehenswurdigkeiten-porto-moniz-besuchen\/\" type=\"post\" id=\"1574\" target=\"_blank\" rel=\"noreferrer noopener\">Porto Moniz<\/a> und Seixal<\/li>\n\n\n\n<li>Entlang der Stra\u00dfe ER209<\/li>\n\n\n\n<li>Von <a href=\"https:\/\/madeiralovers.com\/de\/sehenswurdigkeiten-funchal-besuchen\/\" type=\"post\" id=\"2152\" target=\"_blank\" rel=\"noreferrer noopener\">Funchal<\/a> = 1 Stunde Fahrt<\/li>\n\n\n\n<li>Von Santana = 15min<\/li>\n\n\n\n<li>In beiden Fahrtrichtungen zug\u00e4nglich<\/li>\n<\/ul>\n\n<h2 class=\"wp-block-heading\">Parkplatz<\/h2>\n\n<p>Der Parkplatz verf\u00fcgt \u00fcber etwa 10 Pl\u00e4tze und ist von der Hauptstra\u00dfe aus leicht zu erreichen. Wir sch\u00e4tzen besonders die Leichtigkeit, mit der man sich auf diesem gut ausgestatteten Platz aufhalten kann. Der Belag ist in gutem Zustand und erm\u00f6glicht ein sicheres Parken.<\/p>\n\n<figure class=\"wp-block-image size-large\"><img decoding=\"async\" src=\"https:\/\/photos.smugmug.com\/Travel\/Madeira\/3f-Miradouro-da-Eira-da-Achada\/i-zcfDnh9\/2\/48a4c4f4\/L\/Miradouro_da_Eira_da_Achada_Madeira-7141340-L.jpg\" alt=\"Parkplatz\"\/><\/figure>\n\n<div style=\"background-color:#f4fae2;margin-top:8%;margin-bottom:8%\" class=\"wp-block-genesis-blocks-gb-container box gb-block-container\"><div class=\"gb-container-inside\"><div class=\"gb-container-content\" style=\"max-width:700px\">\n<div class=\"wp-block-genesis-blocks-gb-container box_titre gb-block-container\"><div class=\"gb-container-inside\"><div class=\"gb-container-content\">\n<h5 class=\"titre_box\" style=\"padding-top:10px;\">UNTERK\u00dcNFTE AUF <span class=\"titre_box_manuscrit\">Madeira<\/span><\/h5>\n<\/div><\/div><\/div>\n\n\n\n<div class=\"wp-block-columns box_sans_border is-layout-flex wp-container-core-columns-is-layout-9d6595d7 wp-block-columns-is-layout-flex\">\n<div class=\"wp-block-column texte_planif is-layout-flow wp-block-column-is-layout-flow\" style=\"font-size:14px;flex-basis:60%\">\n<p class=\"option_titre2\">Unsere unabh\u00e4ngige Auswahl an <strong>Unterk\u00fcnften<\/strong>, um <strong>die Unterkunft Ihrer Tr\u00e4ume zu<\/strong> finden:<\/p>\n\n\n\n<ul class=\"wp-block-list\">\n<li><a href=\"https:\/\/madeiralovers.com\/de\/wo-ubernachten-madeira-beste-urlaubsorte\/\" target=\"_blank\" rel=\"noreferrer noopener\">Wo kann man auf Madeira \u00fcbernachten?<\/a><\/li>\n<\/ul>\n\n\n\n<ul class=\"wp-block-list\">\n<li><a href=\"https:\/\/madeiralovers.com\/de\/beste-5-sterne-hotels-funchal-madeira-luxus-bewertungen\/\" target=\"_blank\" rel=\"noreferrer noopener\">Beste 5-Sterne-Hotels<\/a><\/li>\n\n\n\n<li><a href=\"https:\/\/madeiralovers.com\/de\/beste-hotel-boutique-funchal-madeira-charme\/\">Beste Boutique-Hotels<\/a><\/li>\n\n\n\n<li><a href=\"https:\/\/madeiralovers.com\/de\/beste-hotels-altstadt-funchal-bewertungen\/\" target=\"_blank\" rel=\"noreferrer noopener\">Die besten Hotels in der Altstadt von Funchal<\/a><\/li>\n\n\n\n<li><a href=\"https:\/\/madeiralovers.com\/de\/beste-erwachsenenhotels-funchal-madeira\/\" target=\"_blank\" rel=\"noreferrer noopener\">Beste Erwachsenenhotels<\/a><\/li>\n\n\n\n<li><a href=\"https:\/\/madeiralovers.com\/de\/beste-familienhotels-madeira-kinder-bewertungen\/\" target=\"_blank\" rel=\"noreferrer noopener\">Beste Hotels f\u00fcr Familien<\/a><\/li>\n\n\n\n<li><a href=\"https:\/\/madeiralovers.com\/de\/beste-all-inclusive-hotels-madeira\/\" target=\"_blank\" rel=\"noreferrer noopener\">Beste All-Inclusive-Hotels<\/a><\/li>\n\n\n\n<li><a href=\"https:\/\/madeiralovers.com\/de\/beste-romantische-hotels-funchal-madeira-liebenden\/\" target=\"_blank\" rel=\"noreferrer noopener\">Beste romantische Hotels<\/a><\/li>\n<\/ul>\n<\/div>\n\n\n\n<div class=\"wp-block-column is-vertically-aligned-top planif-radius is-layout-flow wp-block-column-is-layout-flow\" style=\"flex-basis:40%\">\n<figure class=\"wp-block-image size-large img-portrait\"><img decoding=\"async\" src=\"https:\/\/photos.smugmug.com\/Travel\/Madeira\/Accommodation\/i-TtZHSRZ\/1\/7f80cf7d\/L\/Arco_da_Calheta_hotel_Madeira-8896-L.jpg\" alt=\"Engenho Velho Hotel\" title=\"\"\/><\/figure>\n<\/div>\n<\/div>\n<\/div><\/div><\/div>\n\n<h2 class=\"wp-block-heading\">Beste Zeit<\/h2>\n\n<p>Der Blick geht nach Osten, Nordosten. Die beste Zeit h\u00e4ngt davon ab, was Sie sehen m\u00f6chten: den Sonnenaufgang, die Vegetation am Ende des Tages&#8230;.  <\/p>\n\n<h2 class=\"wp-block-heading\">Beschreibung der Ansicht<\/h2>\n\n<p>Vom Aussichtspunkt aus haben Sie einen atemberaubenden Blick auf den Atlantischen Ozean und die steilen Klippen. Wir sind immer wieder beeindruckt von der Senkrechtigkeit der Felsw\u00e4nde, die direkt in das Meer abfallen. Die Aussicht erstreckt sich nach Osten und Westen entlang der K\u00fcste, so dass Sie die bergigen Ausl\u00e4ufer bewundern k\u00f6nnen, die den Norden der Insel charakterisieren.<\/p>\n\n<figure class=\"wp-block-image size-large\"><img decoding=\"async\" src=\"https:\/\/photos.smugmug.com\/Travel\/Madeira\/3f-Miradouro-da-Eira-da-Achada\/i-LcDnk2b\/2\/029c43f0\/L\/Miradouro_da_Eira_da_Achada_Madeira-7141347-L.jpg\" alt=\"Blick auf die Berge und das Meer\"\/><\/figure>\n\n<div style=\"background-color:#fefefe;margin-top:6%;margin-bottom:6%\" class=\"wp-block-genesis-blocks-gb-container box gb-block-container\"><div class=\"gb-container-inside\"><div class=\"gb-container-content\" style=\"max-width:700px\">\n<div class=\"wp-block-columns inverse is-layout-flex wp-container-core-columns-is-layout-9d6595d7 wp-block-columns-is-layout-flex\">\n<div class=\"wp-block-column texte_planif is-layout-flow wp-block-column-is-layout-flow\" style=\"flex-basis:58%\">\n<h5 class=\"titre_box\">UNSER LEITFADEN, F\u00dcR DIE PLANUNG EINER <span class=\"titre_box_manuscrit\">Traumreise<\/span><\/h5>\n\n\n\n<ul class=\"wp-block-list\">\n<li>7 Karten, die die Planung erleichtern<\/li>\n\n\n\n<li>+ 120 Orte in der Vorauswahl  <\/li>\n\n\n\n<li>Praktische Tipps  <\/li>\n\n\n\n<li>+ 260 Fotos, die Ihnen bei der Auswahl helfen<\/li>\n<\/ul>\n\n\n\n<div class=\"wp-block-buttons is-layout-flex wp-block-buttons-is-layout-flex\">\n<div class=\"wp-block-button\"><a class=\"wp-block-button__link has-theme-primary-background-color has-background wp-element-button\" href=\"https:\/\/madeiralovers.com\/de\/ebook-reisefuhrer-madeira\/\">Entdecken Sie es &gt;&gt;<\/a><\/div>\n<\/div>\n<\/div>\n\n\n\n<div class=\"wp-block-column is-layout-flow wp-block-column-is-layout-flow\" style=\"flex-basis:42%\">\n<div class=\"wp-block-genesis-blocks-gb-container ebook-radius-waitlist gb-block-container\"><div class=\"gb-container-inside\"><div class=\"gb-container-content\"><div class=\"wp-block-image ebook-image\">\n<figure class=\"aligncenter size-full\"><img decoding=\"async\" src=\"https:\/\/madeiralovers.com\/wp-content\/uploads\/2024\/06\/Reisefuhrer-Madeira-book-cover-M.jpg\" alt=\"Reisef&#xFC;hrer-Madere-ebook-cover-medium\" class=\"wp-image-2412\"\/><\/figure>\n<\/div><\/div><\/div><\/div>\n<\/div>\n<\/div>\n<\/div><\/div><\/div>\n\n<h2 class=\"wp-block-heading\">N\u00e4chstgelegene Sehensw\u00fcrdigkeiten  <\/h2>\n\n<p>Planen Sie Ihren Tag, indem Sie eine Attraktion mit dieser Aussicht kombinieren. Zum Beispiel:<\/p>\n\n<ul class=\"wp-block-list\">\n<li><a href=\"https:\/\/madeiralovers.com\/de\/sehenswurdigkeiten-porto-moniz-besuchen\/\" target=\"_blank\" rel=\"noreferrer noopener\">Porto Moniz<\/a> und seine nat\u00fcrlichen Pools<\/li>\n\n\n\n<li><a href=\"https:\/\/madeiralovers.com\/de\/ilheus-ribeira-janela-madeira\/\" target=\"_blank\" rel=\"noreferrer noopener\">Ribeira da Janela<\/a> und seine Felsformationen<\/li>\n\n\n\n<li>Die nat\u00fcrlichen Pools und der schwarze Sandstrand von <a href=\"https:\/\/madeiralovers.com\/de\/sehenswurdigkeiten-seixal-besuchen\/\" target=\"_blank\" rel=\"noreferrer noopener\">Seixal<\/a><\/li>\n<\/ul>\n\n<div style=\"margin-top:8%;margin-bottom:8%\" class=\"wp-block-genesis-blocks-gb-container box gb-block-container\"><div class=\"gb-container-inside\"><div class=\"gb-container-content\" style=\"max-width:700px\">\n<div class=\"wp-block-genesis-blocks-gb-container box_titre gb-block-container\"><div class=\"gb-container-inside\"><div class=\"gb-container-content\">\n<h5 class=\"titre_box\">PLANEN SIE IHREN AUFENTHALT auf <span class=\"titre_box_manuscrit\">Madeira<\/span><\/h5>\n<\/div><\/div><\/div>\n\n\n\n<hr class=\"wp-block-separator has-text-color has-alpha-channel-opacity has-background is-style-wide hr-box-planif\" style=\"background-color:#ccd3dd;color:#ccd3dd\"\/>\n\n\n\n<div class=\"wp-block-columns box_sans_border is-layout-flex wp-container-core-columns-is-layout-9d6595d7 wp-block-columns-is-layout-flex\">\n<div class=\"wp-block-column texte_planif is-layout-flow wp-block-column-is-layout-flow\" style=\"font-size:14px;flex-basis:60%\">\n<p class=\"option_titre2\"><strong>Best-of<\/strong><\/p>\n\n\n\n<p style=\"font-size:16px\"><a href=\"https:\/\/madeiralovers.com\/de\/sehenswurdigkeiten-madeira\/\">Sehensw\u00fcrdigkeiten auf Madeira<\/a><br\/><a href=\"https:\/\/madeiralovers.com\/de\/schonste-aussichtspunkte-madeira-miradouros\/\" target=\"_blank\" rel=\"noreferrer noopener\">Die sch\u00f6nsten Aussichtspunkte<\/a><br\/><a href=\"https:\/\/madeiralovers.com\/de\/schonste-strande-madeira\/\" target=\"_blank\" rel=\"noreferrer noopener\">Die sch\u00f6nsten Str\u00e4nde auf Madeira<\/a><br\/><a href=\"https:\/\/madeiralovers.com\/de\/beste-garten-madeira\/\" target=\"_blank\" rel=\"noreferrer noopener\">Die sch\u00f6nsten G\u00e4rten<\/a><br\/><a href=\"https:\/\/madeiralovers.com\/de\/naturpools-madeira\/\" target=\"_blank\" rel=\"noreferrer noopener\">Nat\u00fcrliche Pools<\/a><br\/><a href=\"https:\/\/madeiralovers.com\/de\/beste-wanderungen-madeira\/\" target=\"_blank\" rel=\"noreferrer noopener\">Die sch\u00f6nsten Wanderungen<\/a><br\/><a href=\"https:\/\/madeiralovers.com\/de\/schonste-strassen-madeira\/\" target=\"_blank\" rel=\"noreferrer noopener\">Sch\u00f6nste Stra\u00dfen<\/a><br\/><a href=\"https:\/\/madeiralovers.com\/de\/geheime-tipps-madeira-orte\/\" target=\"_blank\" rel=\"noreferrer noopener\">Geheime Orte<\/a><\/p>\n<\/div>\n\n\n\n<div class=\"wp-block-column is-vertically-aligned-top planif-radius is-layout-flow wp-block-column-is-layout-flow\" style=\"flex-basis:40%\">\n<figure class=\"wp-block-image size-large img-portrait\"><img decoding=\"async\" src=\"https:\/\/photos.smugmug.com\/Travel\/Madeira\/13d-Rocha-do-Navio\/i-T3f6J48\/2\/d3DHMbHtwPMz7Tj9qDPmRxGpbxx5RBRCr4LrPp2c\/S\/Roacha_do_Navio_cable_car_Madeira-7241164-S.jpg\" alt=\"Navia-Felsen\" title=\"\"\/><\/figure>\n<\/div>\n<\/div>\n\n\n\n<hr class=\"wp-block-separator has-text-color has-alpha-channel-opacity has-background is-style-wide hr-box-planif\" style=\"background-color:#ccd3dd;color:#ccd3dd\"\/>\n\n\n\n<div class=\"wp-block-columns box_sans_border is-layout-flex wp-container-core-columns-is-layout-9d6595d7 wp-block-columns-is-layout-flex\">\n<div class=\"wp-block-column texte_planif is-layout-flow wp-block-column-is-layout-flow\" style=\"font-size:14px;flex-basis:60%\">\n<p class=\"option_titre\"><strong>Praktische Ratschl\u00e4ge<\/strong><\/p>\n\n\n\n<p style=\"font-size:16px\"><a href=\"https:\/\/madeiralovers.com\/de\/fortbewegung-madeira-transportmittel\/\" target=\"_blank\" rel=\"noreferrer noopener\">Wie man sich auf Madeira fortbewegt<\/a><br\/><a href=\"https:\/\/madeiralovers.com\/de\/autovermietung-madeira-tipps-erfahrungen\/\" target=\"_blank\" rel=\"noreferrer noopener\">Ein Auto auf Madeira mieten<\/a><br\/><a href=\"https:\/\/madeiralovers.com\/de\/fahren-madeira-tipps\/\" target=\"_blank\" rel=\"noreferrer noopener\">Fahren auf Madeira<\/a><\/p>\n\n\n\n<p style=\"font-size:16px\"><a href=\"https:\/\/madeiralovers.com\/de\/wo-ubernachten-madeira-beste-urlaubsorte\/\" target=\"_blank\" rel=\"noreferrer noopener\">Wo kann man auf Madeira \u00fcbernachten?<\/a><\/p>\n\n\n\n<p style=\"font-size:16px\">Reiseverlauf: 3 Tage &#8211; 4 <a href=\"https:\/\/madeiralovers.com\/de\/besuchen-madeira-5-tage-reiseroute\/\" target=\"_blank\" rel=\"noreferrer noopener\">Tage<\/a> &#8211; <a href=\"https:\/\/madeiralovers.com\/de\/besuchen-madeira-5-tage-reiseroute\/\" target=\"_blank\" rel=\"noreferrer noopener\">5 Tage<\/a> &#8211; <a href=\"https:\/\/madeiralovers.com\/de\/besuchen-madeira-6-tage-reiseroute\/\" target=\"_blank\" rel=\"noreferrer noopener\">6<\/a> <a href=\"https:\/\/madeiralovers.com\/de\/besuchen-madeira-5-tage-reiseroute\/\" target=\"_blank\" rel=\"noreferrer noopener\">Tage<\/a> &#8211; <a href=\"https:\/\/madeiralovers.com\/de\/besuchen-madeira-eine-woche-reiseroute\/\" target=\"_blank\" rel=\"noreferrer noopener\">7<\/a> <a href=\"https:\/\/madeiralovers.com\/de\/besuchen-madeira-5-tage-reiseroute\/\" target=\"_blank\" rel=\"noreferrer noopener\">Tage<\/a> &#8211; <a href=\"https:\/\/madeiralovers.com\/de\/besuchen-madeira-10-tage-reiseroute\/\" target=\"_blank\" rel=\"noreferrer noopener\">10<\/a> <a href=\"https:\/\/madeiralovers.com\/de\/besuchen-madeira-6-tage-reiseroute\/\" target=\"_blank\" rel=\"noreferrer noopener\">Tage<\/a> <\/p>\n<\/div>\n\n\n\n<div class=\"wp-block-column is-vertically-aligned-top planif-radius is-layout-flow wp-block-column-is-layout-flow\" style=\"flex-basis:40%\">\n<figure class=\"wp-block-image size-large img-portrait\"><img decoding=\"async\" src=\"https:\/\/photos.smugmug.com\/Travel\/Madeira\/Driving\/i-xNmkb72\/2\/DF578h2B7Q6RbR84FZXN5v8D7vg6nLZ9dzBdrJ2rZ\/S\/driving_Madeira-7241434-S.jpg\" alt=\"Fahren auf Madeira\" title=\"\"\/><\/figure>\n<\/div>\n<\/div>\n\n\n\n<hr class=\"wp-block-separator has-text-color has-alpha-channel-opacity has-background is-style-wide hr-box-planif\" style=\"background-color:#ccd3dd;color:#ccd3dd\"\/>\n\n\n\n<div class=\"wp-block-columns box_sans_border is-layout-flex wp-container-core-columns-is-layout-9d6595d7 wp-block-columns-is-layout-flex\">\n<div class=\"wp-block-column texte_planif is-layout-flow wp-block-column-is-layout-flow\" style=\"font-size:14px;flex-basis:60%\">\n<p class=\"option_titre\"><strong>Unumg\u00e4ngliche Orte<\/strong><\/p>\n\n\n\n<p style=\"font-size:16px\"><a href=\"https:\/\/madeiralovers.com\/de\/tour-delphine-madeira-wale\/\" target=\"_blank\" rel=\"noreferrer noopener\">Delphine beobachten<\/a><br\/><a href=\"https:\/\/madeiralovers.com\/de\/sehenswurdigkeiten-funchal-besuchen\/\" target=\"_blank\" rel=\"noreferrer noopener\">Sehensw\u00fcrdigkeiten in Funchal<\/a><br\/><a href=\"https:\/\/madeiralovers.com\/de\/sehenswurdigkeiten-camara-lobos-madeira-besuchen\/\" target=\"_blank\" rel=\"noreferrer noopener\">Camara de Lobos<\/a><br\/><a href=\"https:\/\/madeiralovers.com\/de\/sehenswurdigkeiten-ponta-do-sol-besuchen\/\" target=\"_blank\" rel=\"noreferrer noopener\">Ponta do Sol<\/a><br\/><a href=\"https:\/\/madeiralovers.com\/de\/sehenswurdigkeiten-santana-madeira-besuchen\/\">Santana<\/a><br\/><a href=\"https:\/\/madeiralovers.com\/de\/sehenswurdigkeiten-pico-do-arieiro-madeira\/\" target=\"_blank\" rel=\"noreferrer noopener\">Pico do Arieiro<\/a><br\/><a href=\"https:\/\/madeiralovers.com\/de\/sehenswurdigkeiten-porto-santo-besuchen\/\" target=\"_blank\" rel=\"noreferrer noopener\">Porto Santo Sehensw\u00fcrdigkeiten<\/a><\/p>\n<\/div>\n\n\n\n<div class=\"wp-block-column is-vertically-aligned-top planif-radius is-layout-flow wp-block-column-is-layout-flow\" style=\"flex-basis:40%\">\n<figure class=\"wp-block-image size-large img-portrait\"><img decoding=\"async\" src=\"https:\/\/photos.smugmug.com\/Travel\/Madeira\/6c-Camara-dos-Lobos\/i-zH7D8Tv\/2\/DpttrQSghWXj2DKMm3VHbFkhFMLsTFhS37sRFTxNz\/S\/camara_dos_Lobos_Madeira-7173015-S.jpg\" alt=\"Camara de Lobos\" title=\"\"\/><\/figure>\n<\/div>\n<\/div>\n<\/div><\/div><\/div>\n\n<div class=\"wp-block-genesis-blocks-gb-container box_auteur_voyage gb-block-container\"><div class=\"gb-container-inside\"><div class=\"gb-container-content\">\n<figure class=\"wp-block-image size-large img_auteur_voyage\"><a href=\"https:\/\/madeiralovers.com\/de\/claire-robinson\/\" target=\"_blank\" rel=\"noreferrer noopener\"><img decoding=\"async\" src=\"https:\/\/photos.smugmug.com\/Madeira-Lovers\/Portraits-equipe\/i-WCb99j5\/0\/2d0b98a0\/L\/regionlovers-3-L.jpg\" alt=\"\"\/><\/a><\/figure>\n\n\n\n<h5 class=\"titre_auteur_voyage\"><span>SIE REISTE UND SCHRIEB DEN ARTIKEL \n<\/span><span class=\"titre_box_manuscrit\">Claire<\/span><\/h5>\n<\/div><\/div><\/div>\n","protected":false},"excerpt":{"rendered":"<p>Unser Rat f\u00fcr den Besuch des Aussichtspunkts Miradouro da Eira da Achada auf Madeira: Anfahrt, Parkm\u00f6glichkeiten, Art der Aussicht, praktische Informationen. Lohnt sich ein Halt am Aussichtspunkt Miradouro da Eira da Achada? Dies ist ein weniger bekannter Aussichtspunkt, der abseits der ausgetretenen Pfade liegt, aber leicht zu erreichen ist.Er bietet eine herrliche Aussicht auf die [&hellip;]<\/p>\n","protected":false},"author":2,"featured_media":215,"comment_status":"closed","ping_status":"closed","sticky":false,"template":"","format":"standard","meta":{"_genesis_hide_title":false,"_genesis_hide_breadcrumbs":false,"_genesis_hide_singular_image":false,"_genesis_hide_footer_widgets":false,"_genesis_custom_body_class":"","_genesis_custom_post_class":"","_genesis_layout":"","footnotes":""},"categories":[130,2],"tags":[],"class_list":{"0":"post-5114","1":"post","2":"type-post","3":"status-publish","4":"format-standard","5":"has-post-thumbnail","7":"category-nordkuste","8":"category-unkategorisiert","9":"entry"},"yoast_head":"<!-- This site is optimized with the Yoast SEO plugin v27.2 - https:\/\/yoast.com\/product\/yoast-seo-wordpress\/ -->\n<title>Miradouro da Eira da Achada (Madeira): Fotos + Anfahrt<\/title>\n<meta name=\"description\" content=\"Berichte und Tipps f\u00fcr die Aussicht in Miradouro da Eira da Achada (Madeira): Anfahrt, Parkplatz, Aussicht, nahe gelegene Sehensw\u00fcrdigkeiten\" \/>\n<meta name=\"robots\" content=\"index, follow, max-snippet:-1, max-image-preview:large, max-video-preview:-1\" \/>\n<link rel=\"canonical\" href=\"https:\/\/madeiralovers.com\/de\/miradouro-eira-da-achada-madeira\/\" \/>\n<meta property=\"og:locale\" content=\"de_DE\" \/>\n<meta property=\"og:type\" content=\"article\" \/>\n<meta property=\"og:title\" content=\"Miradouro da Eira da Achada (Madeira): Fotos + Anfahrt\" \/>\n<meta property=\"og:description\" content=\"Berichte und Tipps f\u00fcr die Aussicht in Miradouro da Eira da Achada (Madeira): Anfahrt, Parkplatz, Aussicht, nahe gelegene Sehensw\u00fcrdigkeiten\" \/>\n<meta property=\"og:url\" content=\"https:\/\/madeiralovers.com\/de\/miradouro-eira-da-achada-madeira\/\" \/>\n<meta property=\"og:site_name\" content=\"Madeira Lovers\" \/>\n<meta property=\"article:published_time\" content=\"2024-12-31T08:50:25+00:00\" \/>\n<meta property=\"article:modified_time\" content=\"2026-02-12T11:39:16+00:00\" \/>\n<meta property=\"og:image\" content=\"https:\/\/madeiralovers.com\/wp-content\/uploads\/2024\/01\/Miradouro-da-Eira-da-Achada-Madeira.jpeg\" \/>\n\t<meta property=\"og:image:width\" content=\"800\" \/>\n\t<meta property=\"og:image:height\" content=\"600\" \/>\n\t<meta property=\"og:image:type\" content=\"image\/jpeg\" \/>\n<meta name=\"author\" content=\"Claire ROBINSON\" \/>\n<meta name=\"twitter:card\" content=\"summary_large_image\" \/>\n<meta name=\"twitter:label1\" content=\"Verfasst von\" \/>\n\t<meta name=\"twitter:data1\" content=\"Claire ROBINSON\" \/>\n\t<meta name=\"twitter:label2\" content=\"Gesch\u00e4tzte Lesezeit\" \/>\n\t<meta name=\"twitter:data2\" content=\"2 Minuten\" \/>\n<script type=\"application\/ld+json\" class=\"yoast-schema-graph\">{\"@context\":\"https:\/\/schema.org\",\"@graph\":[{\"@type\":\"Article\",\"@id\":\"https:\/\/madeiralovers.com\/de\/miradouro-eira-da-achada-madeira\/#article\",\"isPartOf\":{\"@id\":\"https:\/\/madeiralovers.com\/de\/miradouro-eira-da-achada-madeira\/\"},\"author\":{\"name\":\"Claire ROBINSON\",\"@id\":\"https:\/\/madeiralovers.com\/de\/#\/schema\/person\/714bf48f891f34f544b1808122c3dd35\"},\"headline\":\"Miradouro da Eira da Achada (Madeira): Fotos + Anfahrt\",\"datePublished\":\"2024-12-31T08:50:25+00:00\",\"dateModified\":\"2026-02-12T11:39:16+00:00\",\"mainEntityOfPage\":{\"@id\":\"https:\/\/madeiralovers.com\/de\/miradouro-eira-da-achada-madeira\/\"},\"wordCount\":328,\"publisher\":{\"@id\":\"https:\/\/madeiralovers.com\/de\/#organization\"},\"image\":{\"@id\":\"https:\/\/madeiralovers.com\/de\/miradouro-eira-da-achada-madeira\/#primaryimage\"},\"thumbnailUrl\":\"https:\/\/madeiralovers.com\/wp-content\/uploads\/2024\/01\/Miradouro-da-Eira-da-Achada-Madeira.jpeg\",\"articleSection\":[\"Nordk\u00fcste\",\"Unkategorisiert\"],\"inLanguage\":\"de-DE\"},{\"@type\":\"WebPage\",\"@id\":\"https:\/\/madeiralovers.com\/de\/miradouro-eira-da-achada-madeira\/\",\"url\":\"https:\/\/madeiralovers.com\/de\/miradouro-eira-da-achada-madeira\/\",\"name\":\"Miradouro da Eira da Achada (Madeira): Fotos + Anfahrt\",\"isPartOf\":{\"@id\":\"https:\/\/madeiralovers.com\/de\/#website\"},\"primaryImageOfPage\":{\"@id\":\"https:\/\/madeiralovers.com\/de\/miradouro-eira-da-achada-madeira\/#primaryimage\"},\"image\":{\"@id\":\"https:\/\/madeiralovers.com\/de\/miradouro-eira-da-achada-madeira\/#primaryimage\"},\"thumbnailUrl\":\"https:\/\/madeiralovers.com\/wp-content\/uploads\/2024\/01\/Miradouro-da-Eira-da-Achada-Madeira.jpeg\",\"datePublished\":\"2024-12-31T08:50:25+00:00\",\"dateModified\":\"2026-02-12T11:39:16+00:00\",\"description\":\"Berichte und Tipps f\u00fcr die Aussicht in Miradouro da Eira da Achada (Madeira): Anfahrt, Parkplatz, Aussicht, nahe gelegene Sehensw\u00fcrdigkeiten\",\"breadcrumb\":{\"@id\":\"https:\/\/madeiralovers.com\/de\/miradouro-eira-da-achada-madeira\/#breadcrumb\"},\"inLanguage\":\"de-DE\",\"potentialAction\":[{\"@type\":\"ReadAction\",\"target\":[\"https:\/\/madeiralovers.com\/de\/miradouro-eira-da-achada-madeira\/\"]}]},{\"@type\":\"ImageObject\",\"inLanguage\":\"de-DE\",\"@id\":\"https:\/\/madeiralovers.com\/de\/miradouro-eira-da-achada-madeira\/#primaryimage\",\"url\":\"https:\/\/madeiralovers.com\/wp-content\/uploads\/2024\/01\/Miradouro-da-Eira-da-Achada-Madeira.jpeg\",\"contentUrl\":\"https:\/\/madeiralovers.com\/wp-content\/uploads\/2024\/01\/Miradouro-da-Eira-da-Achada-Madeira.jpeg\",\"width\":800,\"height\":600,\"caption\":\"ZigZagRoadTrips.com\"},{\"@type\":\"BreadcrumbList\",\"@id\":\"https:\/\/madeiralovers.com\/de\/miradouro-eira-da-achada-madeira\/#breadcrumb\",\"itemListElement\":[{\"@type\":\"ListItem\",\"position\":1,\"name\":\"Accueil\",\"item\":\"https:\/\/madeiralovers.com\/de\/\"},{\"@type\":\"ListItem\",\"position\":2,\"name\":\"Nordk\u00fcste\",\"item\":\"https:\/\/madeiralovers.com\/de\/nordkuste\/\"},{\"@type\":\"ListItem\",\"position\":3,\"name\":\"Miradouro da Eira da Achada (Madeira): Fotos + Anfahrt\"}]},{\"@type\":\"WebSite\",\"@id\":\"https:\/\/madeiralovers.com\/de\/#website\",\"url\":\"https:\/\/madeiralovers.com\/de\/\",\"name\":\"Madeira Lovers\",\"description\":\"Pour r\u00e9veiller vos sens \u00e0 Mad\u00e8re\",\"publisher\":{\"@id\":\"https:\/\/madeiralovers.com\/de\/#organization\"},\"potentialAction\":[{\"@type\":\"SearchAction\",\"target\":{\"@type\":\"EntryPoint\",\"urlTemplate\":\"https:\/\/madeiralovers.com\/de\/?s={search_term_string}\"},\"query-input\":{\"@type\":\"PropertyValueSpecification\",\"valueRequired\":true,\"valueName\":\"search_term_string\"}}],\"inLanguage\":\"de-DE\"},{\"@type\":\"Organization\",\"@id\":\"https:\/\/madeiralovers.com\/de\/#organization\",\"name\":\"Madeira Lovers\",\"url\":\"https:\/\/madeiralovers.com\/de\/\",\"logo\":{\"@type\":\"ImageObject\",\"inLanguage\":\"de-DE\",\"@id\":\"https:\/\/madeiralovers.com\/de\/#\/schema\/logo\/image\/\",\"url\":\"https:\/\/madeiralovers.com\/wp-content\/uploads\/2024\/05\/cropped-Madeira-Lovers-Logos.png\",\"contentUrl\":\"https:\/\/madeiralovers.com\/wp-content\/uploads\/2024\/05\/cropped-Madeira-Lovers-Logos.png\",\"width\":2500,\"height\":554,\"caption\":\"Madeira Lovers\"},\"image\":{\"@id\":\"https:\/\/madeiralovers.com\/de\/#\/schema\/logo\/image\/\"}},{\"@type\":\"Person\",\"@id\":\"https:\/\/madeiralovers.com\/de\/#\/schema\/person\/714bf48f891f34f544b1808122c3dd35\",\"name\":\"Claire ROBINSON\",\"image\":{\"@type\":\"ImageObject\",\"inLanguage\":\"de-DE\",\"@id\":\"https:\/\/secure.gravatar.com\/avatar\/e3566233826c32de8d7c9ef726a1087654b12cadb092acc17ee1d357687192ff?s=96&d=mm&r=g\",\"url\":\"https:\/\/secure.gravatar.com\/avatar\/e3566233826c32de8d7c9ef726a1087654b12cadb092acc17ee1d357687192ff?s=96&d=mm&r=g\",\"contentUrl\":\"https:\/\/secure.gravatar.com\/avatar\/e3566233826c32de8d7c9ef726a1087654b12cadb092acc17ee1d357687192ff?s=96&d=mm&r=g\",\"caption\":\"Claire ROBINSON\"},\"sameAs\":[\"https:\/\/madeiralovers.com\/claire-robinson\/\"],\"url\":\"https:\/\/madeiralovers.com\/de\/author\/claire-robinson\/\"}]}<\/script>\n<!-- \/ Yoast SEO plugin. -->","yoast_head_json":{"title":"Miradouro da Eira da Achada (Madeira): Fotos + Anfahrt","description":"Berichte und Tipps f\u00fcr die Aussicht in Miradouro da Eira da Achada (Madeira): Anfahrt, Parkplatz, Aussicht, nahe gelegene Sehensw\u00fcrdigkeiten","robots":{"index":"index","follow":"follow","max-snippet":"max-snippet:-1","max-image-preview":"max-image-preview:large","max-video-preview":"max-video-preview:-1"},"canonical":"https:\/\/madeiralovers.com\/de\/miradouro-eira-da-achada-madeira\/","og_locale":"de_DE","og_type":"article","og_title":"Miradouro da Eira da Achada (Madeira): Fotos + Anfahrt","og_description":"Berichte und Tipps f\u00fcr die Aussicht in Miradouro da Eira da Achada (Madeira): Anfahrt, Parkplatz, Aussicht, nahe gelegene Sehensw\u00fcrdigkeiten","og_url":"https:\/\/madeiralovers.com\/de\/miradouro-eira-da-achada-madeira\/","og_site_name":"Madeira Lovers","article_published_time":"2024-12-31T08:50:25+00:00","article_modified_time":"2026-02-12T11:39:16+00:00","og_image":[{"width":800,"height":600,"url":"https:\/\/madeiralovers.com\/wp-content\/uploads\/2024\/01\/Miradouro-da-Eira-da-Achada-Madeira.jpeg","type":"image\/jpeg"}],"author":"Claire ROBINSON","twitter_card":"summary_large_image","twitter_misc":{"Verfasst von":"Claire ROBINSON","Gesch\u00e4tzte Lesezeit":"2 Minuten"},"schema":{"@context":"https:\/\/schema.org","@graph":[{"@type":"Article","@id":"https:\/\/madeiralovers.com\/de\/miradouro-eira-da-achada-madeira\/#article","isPartOf":{"@id":"https:\/\/madeiralovers.com\/de\/miradouro-eira-da-achada-madeira\/"},"author":{"name":"Claire ROBINSON","@id":"https:\/\/madeiralovers.com\/de\/#\/schema\/person\/714bf48f891f34f544b1808122c3dd35"},"headline":"Miradouro da Eira da Achada (Madeira): Fotos + Anfahrt","datePublished":"2024-12-31T08:50:25+00:00","dateModified":"2026-02-12T11:39:16+00:00","mainEntityOfPage":{"@id":"https:\/\/madeiralovers.com\/de\/miradouro-eira-da-achada-madeira\/"},"wordCount":328,"publisher":{"@id":"https:\/\/madeiralovers.com\/de\/#organization"},"image":{"@id":"https:\/\/madeiralovers.com\/de\/miradouro-eira-da-achada-madeira\/#primaryimage"},"thumbnailUrl":"https:\/\/madeiralovers.com\/wp-content\/uploads\/2024\/01\/Miradouro-da-Eira-da-Achada-Madeira.jpeg","articleSection":["Nordk\u00fcste","Unkategorisiert"],"inLanguage":"de-DE"},{"@type":"WebPage","@id":"https:\/\/madeiralovers.com\/de\/miradouro-eira-da-achada-madeira\/","url":"https:\/\/madeiralovers.com\/de\/miradouro-eira-da-achada-madeira\/","name":"Miradouro da Eira da Achada (Madeira): Fotos + Anfahrt","isPartOf":{"@id":"https:\/\/madeiralovers.com\/de\/#website"},"primaryImageOfPage":{"@id":"https:\/\/madeiralovers.com\/de\/miradouro-eira-da-achada-madeira\/#primaryimage"},"image":{"@id":"https:\/\/madeiralovers.com\/de\/miradouro-eira-da-achada-madeira\/#primaryimage"},"thumbnailUrl":"https:\/\/madeiralovers.com\/wp-content\/uploads\/2024\/01\/Miradouro-da-Eira-da-Achada-Madeira.jpeg","datePublished":"2024-12-31T08:50:25+00:00","dateModified":"2026-02-12T11:39:16+00:00","description":"Berichte und Tipps f\u00fcr die Aussicht in Miradouro da Eira da Achada (Madeira): Anfahrt, Parkplatz, Aussicht, nahe gelegene Sehensw\u00fcrdigkeiten","breadcrumb":{"@id":"https:\/\/madeiralovers.com\/de\/miradouro-eira-da-achada-madeira\/#breadcrumb"},"inLanguage":"de-DE","potentialAction":[{"@type":"ReadAction","target":["https:\/\/madeiralovers.com\/de\/miradouro-eira-da-achada-madeira\/"]}]},{"@type":"ImageObject","inLanguage":"de-DE","@id":"https:\/\/madeiralovers.com\/de\/miradouro-eira-da-achada-madeira\/#primaryimage","url":"https:\/\/madeiralovers.com\/wp-content\/uploads\/2024\/01\/Miradouro-da-Eira-da-Achada-Madeira.jpeg","contentUrl":"https:\/\/madeiralovers.com\/wp-content\/uploads\/2024\/01\/Miradouro-da-Eira-da-Achada-Madeira.jpeg","width":800,"height":600,"caption":"ZigZagRoadTrips.com"},{"@type":"BreadcrumbList","@id":"https:\/\/madeiralovers.com\/de\/miradouro-eira-da-achada-madeira\/#breadcrumb","itemListElement":[{"@type":"ListItem","position":1,"name":"Accueil","item":"https:\/\/madeiralovers.com\/de\/"},{"@type":"ListItem","position":2,"name":"Nordk\u00fcste","item":"https:\/\/madeiralovers.com\/de\/nordkuste\/"},{"@type":"ListItem","position":3,"name":"Miradouro da Eira da Achada (Madeira): Fotos + Anfahrt"}]},{"@type":"WebSite","@id":"https:\/\/madeiralovers.com\/de\/#website","url":"https:\/\/madeiralovers.com\/de\/","name":"Madeira Lovers","description":"Pour r\u00e9veiller vos sens \u00e0 Mad\u00e8re","publisher":{"@id":"https:\/\/madeiralovers.com\/de\/#organization"},"potentialAction":[{"@type":"SearchAction","target":{"@type":"EntryPoint","urlTemplate":"https:\/\/madeiralovers.com\/de\/?s={search_term_string}"},"query-input":{"@type":"PropertyValueSpecification","valueRequired":true,"valueName":"search_term_string"}}],"inLanguage":"de-DE"},{"@type":"Organization","@id":"https:\/\/madeiralovers.com\/de\/#organization","name":"Madeira Lovers","url":"https:\/\/madeiralovers.com\/de\/","logo":{"@type":"ImageObject","inLanguage":"de-DE","@id":"https:\/\/madeiralovers.com\/de\/#\/schema\/logo\/image\/","url":"https:\/\/madeiralovers.com\/wp-content\/uploads\/2024\/05\/cropped-Madeira-Lovers-Logos.png","contentUrl":"https:\/\/madeiralovers.com\/wp-content\/uploads\/2024\/05\/cropped-Madeira-Lovers-Logos.png","width":2500,"height":554,"caption":"Madeira Lovers"},"image":{"@id":"https:\/\/madeiralovers.com\/de\/#\/schema\/logo\/image\/"}},{"@type":"Person","@id":"https:\/\/madeiralovers.com\/de\/#\/schema\/person\/714bf48f891f34f544b1808122c3dd35","name":"Claire ROBINSON","image":{"@type":"ImageObject","inLanguage":"de-DE","@id":"https:\/\/secure.gravatar.com\/avatar\/e3566233826c32de8d7c9ef726a1087654b12cadb092acc17ee1d357687192ff?s=96&d=mm&r=g","url":"https:\/\/secure.gravatar.com\/avatar\/e3566233826c32de8d7c9ef726a1087654b12cadb092acc17ee1d357687192ff?s=96&d=mm&r=g","contentUrl":"https:\/\/secure.gravatar.com\/avatar\/e3566233826c32de8d7c9ef726a1087654b12cadb092acc17ee1d357687192ff?s=96&d=mm&r=g","caption":"Claire ROBINSON"},"sameAs":["https:\/\/madeiralovers.com\/claire-robinson\/"],"url":"https:\/\/madeiralovers.com\/de\/author\/claire-robinson\/"}]}},"featured_image_src":"https:\/\/madeiralovers.com\/wp-content\/uploads\/2024\/01\/Miradouro-da-Eira-da-Achada-Madeira-600x400.jpeg","featured_image_src_square":"https:\/\/madeiralovers.com\/wp-content\/uploads\/2024\/01\/Miradouro-da-Eira-da-Achada-Madeira-600x600.jpeg","author_info":{"display_name":"Claire ROBINSON","author_link":"https:\/\/madeiralovers.com\/de\/author\/claire-robinson\/"},"_links":{"self":[{"href":"https:\/\/madeiralovers.com\/de\/wp-json\/wp\/v2\/posts\/5114","targetHints":{"allow":["GET"]}}],"collection":[{"href":"https:\/\/madeiralovers.com\/de\/wp-json\/wp\/v2\/posts"}],"about":[{"href":"https:\/\/madeiralovers.com\/de\/wp-json\/wp\/v2\/types\/post"}],"author":[{"embeddable":true,"href":"https:\/\/madeiralovers.com\/de\/wp-json\/wp\/v2\/users\/2"}],"replies":[{"embeddable":true,"href":"https:\/\/madeiralovers.com\/de\/wp-json\/wp\/v2\/comments?post=5114"}],"version-history":[{"count":0,"href":"https:\/\/madeiralovers.com\/de\/wp-json\/wp\/v2\/posts\/5114\/revisions"}],"wp:featuredmedia":[{"embeddable":true,"href":"https:\/\/madeiralovers.com\/de\/wp-json\/wp\/v2\/media\/215"}],"wp:attachment":[{"href":"https:\/\/madeiralovers.com\/de\/wp-json\/wp\/v2\/media?parent=5114"}],"wp:term":[{"taxonomy":"category","embeddable":true,"href":"https:\/\/madeiralovers.com\/de\/wp-json\/wp\/v2\/categories?post=5114"},{"taxonomy":"post_tag","embeddable":true,"href":"https:\/\/madeiralovers.com\/de\/wp-json\/wp\/v2\/tags?post=5114"}],"curies":[{"name":"wp","href":"https:\/\/api.w.org\/{rel}","templated":true}]}}