{"id":5110,"date":"2024-12-31T09:50:25","date_gmt":"2024-12-31T08:50:25","guid":{"rendered":"https:\/\/madeiralovers.com\/miradouro-eira-da-achada-madere\/"},"modified":"2026-02-12T12:39:16","modified_gmt":"2026-02-12T11:39:16","slug":"miradouro-eira-da-achada-madeira","status":"publish","type":"post","link":"https:\/\/madeiralovers.com\/da\/miradouro-eira-da-achada-madeira\/","title":{"rendered":"Miradouro da Eira da Achada (Madeira): fotos + adgang"},"content":{"rendered":"\n<p>Alle vores tips til at bes\u00f8ge Miradouro da Eira da Achada p\u00e5 Madeira: adgang, parkering, udsigt, praktiske oplysninger.<\/p>\n\n<figure class=\"wp-block-image size-full\"><img loading=\"lazy\" decoding=\"async\" width=\"800\" height=\"600\" src=\"https:\/\/madeiralovers.com\/wp-content\/uploads\/2024\/01\/Miradouro-da-Eira-da-Achada-Madeira.jpeg\" alt=\"Miradouro da Eira da Achada Madeira\" class=\"wp-image-212\" srcset=\"https:\/\/madeiralovers.com\/wp-content\/uploads\/2024\/01\/Miradouro-da-Eira-da-Achada-Madeira.jpeg 800w, https:\/\/madeiralovers.com\/wp-content\/uploads\/2024\/01\/Miradouro-da-Eira-da-Achada-Madeira-300x225.jpeg 300w, https:\/\/madeiralovers.com\/wp-content\/uploads\/2024\/01\/Miradouro-da-Eira-da-Achada-Madeira-768x576.jpeg 768w, https:\/\/madeiralovers.com\/wp-content\/uploads\/2024\/01\/Miradouro-da-Eira-da-Achada-Madeira-702x526.jpeg 702w\" sizes=\"auto, (max-width: 800px) 100vw, 800px\" \/><\/figure>\n\n<p>Dette er en helt <strong>uafh\u00e6ngig<\/strong> udtalelse, baseret p\u00e5 vores egen erfaring. Vi traf vores egne valg, bes\u00f8gte regionen anonymt og betalte vores regninger fuldt ud.<\/p>\n\n<h2 class=\"wp-block-heading\">Er det v\u00e6rd at stoppe ved Miradouro da Eira da Achada?<\/h2>\n\n<p>Det er et mindre kendt udsigtspunkt, v\u00e6k fra alfarvej, men det er nemt at stoppe ved.<br\/>Der er en storsl\u00e5et udsigt over klipperne p\u00e5 nordkysten. Hele det bugtformede omr\u00e5de mellem Seixal og Ponta Delgada er et bes\u00f8g v\u00e6rd.<br\/>Og som alle andre steder er vegetationen frodig, hvilket g\u00f8r panoramaet endnu smukkere.<\/p>\n\n<p>Dette er et af <a href=\"https:\/\/madeiralovers.com\/da\/smukkeste-udsigtspunkter-madeira-miradouros\/\" target=\"_blank\" rel=\"noreferrer noopener\">Madeiras smukkeste udsigtspunkter<\/a>.<\/p>\n\n<figure class=\"wp-block-image size-large\"><img decoding=\"async\" src=\"https:\/\/photos.smugmug.com\/Travel\/Madeira\/3f-Miradouro-da-Eira-da-Achada\/i-Q6JV8GC\/2\/d0e431c9\/L\/Miradouro_da_Eira_da_Achada_Madeira-7141350-L.jpg\" alt=\"Belvedere\"\/><\/figure>\n\n<div style=\"margin-top:8%;margin-bottom:8%\" class=\"wp-block-genesis-blocks-gb-container box gb-block-container\"><div class=\"gb-container-inside\"><div class=\"gb-container-content\">\n<div class=\"wp-block-columns inverse box_planif is-layout-flex wp-container-core-columns-is-layout-9d6595d7 wp-block-columns-is-layout-flex\">\n<div class=\"wp-block-column texte_planif is-layout-flow wp-block-column-is-layout-flow\" style=\"flex-basis:58%\">\n<h5 class=\"titre_box\">VORES R\u00c5D TIL LEJNING AF DIN BIL P\u00c5 <span class=\"titre_box_manuscrit\">\nMadeira<\/span><\/h5>\n\n\n\n<ul style=\"font-size:14px\" class=\"liste_voiture wp-block-list\">\n<li>Sammenlign priser p\u00e5 vores foretrukne platform: <a href=\"https:\/\/www.discovercars.com\/dk\/portugal\/madeira?a_aid=zigzag&amp;chan=madeira\" target=\"_blank\" rel=\"noreferrer noopener sponsored nofollow\">DiscoverCars<\/a> &#8211; en af de bedst bed\u00f8mte sider.<\/li>\n\n\n\n<li>Tag en bil med en god motor til skr\u00e5nende veje, men ikke for stor til at man\u00f8vrere.<\/li>\n\n\n\n<li>Der er stor eftersp\u00f8rgsel og f\u00e5 biler, s\u00e5 <strong>book i god tid<\/strong>.<\/li>\n<\/ul>\n<\/div>\n\n\n\n<div class=\"wp-block-column planif-radius-3 is-layout-flow wp-block-column-is-layout-flow\" style=\"flex-basis:42%\">\n<figure class=\"wp-block-image size-large is-resized\"><img decoding=\"async\" src=\"https:\/\/photos.smugmug.com\/Travel\/Madeira\/2i-Miadouro\/i-j86nfB5\/2\/DRCCwrZmGLt2TxcQqRkkLrm3JR55K3NLchGxDNsx6\/S\/driving_Madeira-7130748-S.jpg\" alt=\"Billeje p&#xE5; Madeira\" title=\"\"\/><\/figure>\n<\/div>\n<\/div>\n\n\n\n<div class=\"wp-block-columns planif_bouton is-layout-flex wp-container-core-columns-is-layout-9d6595d7 wp-block-columns-is-layout-flex\">\n<div class=\"wp-block-column is-layout-flow wp-block-column-is-layout-flow\" style=\"flex-basis:50%\">\n<div class=\"wp-block-buttons is-content-justification-center is-layout-flex wp-container-core-buttons-is-layout-16018d1d wp-block-buttons-is-layout-flex\">\n<div class=\"wp-block-button has-custom-font-size\" style=\"font-size:14px\"><a class=\"wp-block-button__link has-white-color has-text-color wp-element-button\" href=\"https:\/\/www.discovercars.com\/dk\/portugal\/madeira?a_aid=zigzag&amp;amp;chan=madeira\" style=\"border-radius:4px\" target=\"_blank\" rel=\"noreferrer noopener\">Se bilerne &gt;&gt;<\/a><\/div>\n<\/div>\n<\/div>\n\n\n\n<div class=\"wp-block-column is-vertically-aligned-center is-layout-flow wp-block-column-is-layout-flow\" style=\"flex-basis:50%\">\n<p class=\"has-text-align-center\" style=\"font-size:14px\"><strong><a href=\"https:\/\/madeiralovers.com\/da\/sadan-lejer-bil-madeira-tips-erfaring\/\" target=\"_blank\" rel=\"noreferrer noopener\">Se vores r\u00e5d<\/a><\/strong><\/p>\n<\/div>\n<\/div>\n<\/div><\/div><\/div>\n\n<h2 class=\"wp-block-heading\">Hvor er udsigtspunktet? Adgang<\/h2>\n\n<ul class=\"wp-block-list\">\n<li>Beliggende p\u00e5 Madeiras nordvestlige kyst<\/li>\n\n\n\n<li>Mellem <a href=\"https:\/\/madeiralovers.com\/da\/sevaerdigheder-porto-moniz-besog\/\" type=\"post\" id=\"1574\" target=\"_blank\" rel=\"noreferrer noopener\">Porto Moniz<\/a> og Seixal<\/li>\n\n\n\n<li>Langs vejen ER209<\/li>\n\n\n\n<li>Fra <a href=\"https:\/\/madeiralovers.com\/da\/sevaerdigheder-funchal-besog\/\" type=\"post\" id=\"2152\" target=\"_blank\" rel=\"noreferrer noopener\">Funchal<\/a> = 1 times k\u00f8rsel<\/li>\n\n\n\n<li>Fra Santana = 15 minutter<\/li>\n\n\n\n<li>Tilg\u00e6ngelig i begge retninger<\/li>\n<\/ul>\n\n<h2 class=\"wp-block-heading\">Parkeringsplads<\/h2>\n\n<p>Parkeringspladsen har omkring ti pladser og er let tilg\u00e6ngelig fra hovedvejen. Vi kan is\u00e6r godt lide, at det er nemt at stoppe i dette velindrettede omr\u00e5de. Bel\u00e6gningen er i god stand og giver sikker parkering.<\/p>\n\n<figure class=\"wp-block-image size-large\"><img decoding=\"async\" src=\"https:\/\/photos.smugmug.com\/Travel\/Madeira\/3f-Miradouro-da-Eira-da-Achada\/i-zcfDnh9\/2\/48a4c4f4\/L\/Miradouro_da_Eira_da_Achada_Madeira-7141340-L.jpg\" alt=\"parkeringsplads\"\/><\/figure>\n\n<div style=\"background-color:#f4fae2;margin-top:8%;margin-bottom:8%\" class=\"wp-block-genesis-blocks-gb-container box gb-block-container\"><div class=\"gb-container-inside\"><div class=\"gb-container-content\" style=\"max-width:700px\">\n<div class=\"wp-block-genesis-blocks-gb-container box_titre gb-block-container\"><div class=\"gb-container-inside\"><div class=\"gb-container-content\">\n<h5 class=\"titre_box\" style=\"padding-top:10px;\">HVOR SKAL MAN OVERNATTE P\u00c5 <span class=\"titre_box_manuscrit\">Madeira<\/span>?<\/h5>\n<\/div><\/div><\/div>\n\n\n\n<div class=\"wp-block-columns box_sans_border is-layout-flex wp-container-core-columns-is-layout-9d6595d7 wp-block-columns-is-layout-flex\">\n<div class=\"wp-block-column texte_planif is-layout-flow wp-block-column-is-layout-flow\" style=\"font-size:14px;flex-basis:60%\">\n<p class=\"option_titre2\">Vores uafh\u00e6ngige udvalg hj\u00e6lper dig med at finde <strong>din dr\u00f8mmebolig<\/strong>:<\/p>\n\n\n\n<ul class=\"wp-block-list\">\n<li><a href=\"https:\/\/madeiralovers.com\/da\/hvor-skal-bo-madeira-bedste-omrader\/\" target=\"_blank\" rel=\"noreferrer noopener\">Hvor skal man bo p\u00e5 Madeira?<\/a><\/li>\n<\/ul>\n\n\n\n<ul class=\"wp-block-list\">\n<li><a href=\"https:\/\/madeiralovers.com\/da\/bedste-5-stjernede-hoteller-funchal-madeira-luksus-anmeldelser\/\" target=\"_blank\" rel=\"noreferrer noopener\">De bedste 5-stjernede hoteller<\/a><\/li>\n\n\n\n<li><a href=\"https:\/\/madeiralovers.com\/da\/bedste-boutique-hoteller-funchal-madeira-charmerende\/\">De bedste boutique-hoteller<\/a><\/li>\n\n\n\n<li><a href=\"https:\/\/madeiralovers.com\/da\/bedste-hoteller-gamle-bydel-funchal-anmeldelser\/\" target=\"_blank\" rel=\"noreferrer noopener\">De bedste hoteller i den gamle bydel i Funchal<\/a><\/li>\n\n\n\n<li><a href=\"https:\/\/madeiralovers.com\/da\/bedste-hoteller-kun-for-voksne-funchal-madeira\/\" target=\"_blank\" rel=\"noreferrer noopener\">Bedste hoteller kun for voksne<\/a><\/li>\n\n\n\n<li><a href=\"https:\/\/madeiralovers.com\/da\/bedste-hoteller-familier-madeira-born-anmeldelser\/\" target=\"_blank\" rel=\"noreferrer noopener\">Bedste hoteller til familier<\/a><\/li>\n\n\n\n<li><a href=\"https:\/\/madeiralovers.com\/da\/bedste-all-inclusive-hoteller-madeira\/\" target=\"_blank\" rel=\"noreferrer noopener\">De bedste all inclusive-hoteller<\/a><\/li>\n\n\n\n<li><a href=\"https:\/\/madeiralovers.com\/da\/bedste-romantiske-hoteller-funchal-madeira-elskende\/\" target=\"_blank\" rel=\"noreferrer noopener\">De bedste romantiske hoteller<\/a><\/li>\n<\/ul>\n<\/div>\n\n\n\n<div class=\"wp-block-column is-vertically-aligned-top planif-radius is-layout-flow wp-block-column-is-layout-flow\" style=\"flex-basis:40%\">\n<figure class=\"wp-block-image size-large img-portrait\"><img decoding=\"async\" src=\"https:\/\/photos.smugmug.com\/Travel\/Madeira\/Accommodation\/i-TtZHSRZ\/1\/7f80cf7d\/L\/Arco_da_Calheta_hotel_Madeira-8896-L.jpg\" alt=\"Engenho Velho Hotel\" title=\"\"\/><\/figure>\n<\/div>\n<\/div>\n<\/div><\/div><\/div>\n\n<h2 class=\"wp-block-heading\">Bedste \u00f8jeblik<\/h2>\n\n<p>Udsigten er mod \u00f8st, nord\u00f8st. Det bedste tidspunkt afh\u00e6nger af, hvad du vil se: solopgangen, et bedre udsyn over vegetationen sidst p\u00e5 dagen &#8230;  <\/p>\n\n<h2 class=\"wp-block-heading\">Se beskrivelse<\/h2>\n\n<p>Fra udsigtspunktet kan du nyde et betagende panorama over Atlanterhavet og de stejle klipper. Vi er altid imponerede over de lodrette klippev\u00e6gge, som styrter lige ned i havet. Udsigten str\u00e6kker sig mod \u00f8st og vest langs kysten, s\u00e5 man kan beundre de bjergrige udl\u00f8bere, der kendetegner den nordlige del af \u00f8en.<\/p>\n\n<figure class=\"wp-block-image size-large\"><img decoding=\"async\" src=\"https:\/\/photos.smugmug.com\/Travel\/Madeira\/3f-Miradouro-da-Eira-da-Achada\/i-LcDnk2b\/2\/029c43f0\/L\/Miradouro_da_Eira_da_Achada_Madeira-7141347-L.jpg\" alt=\"Udsigt til bjerge og hav\"\/><\/figure>\n\n<div style=\"background-color:#fefefe;margin-top:6%;margin-bottom:6%\" class=\"wp-block-genesis-blocks-gb-container box gb-block-container\"><div class=\"gb-container-inside\"><div class=\"gb-container-content\" style=\"max-width:700px\">\n<div class=\"wp-block-columns inverse is-layout-flex wp-container-core-columns-is-layout-9d6595d7 wp-block-columns-is-layout-flex\">\n<div class=\"wp-block-column texte_planif is-layout-flow wp-block-column-is-layout-flow\" style=\"flex-basis:58%\">\n<h5 class=\"titre_box\">VORES GUIDE TIL PLANL\u00c6GNING AF EN <span class=\"titre_box_manuscrit\">Dr\u00f8mmerejse<\/span><\/h5>\n\n\n\n<ul class=\"wp-block-list\">\n<li>7 kort, der g\u00f8r planl\u00e6gningen lettere<\/li>\n\n\n\n<li>+ 120 forudvalgte spillesteder  <\/li>\n\n\n\n<li>Praktiske r\u00e5d  <\/li>\n\n\n\n<li>+ 260 fotos, der hj\u00e6lper dig med at v\u00e6lge<\/li>\n<\/ul>\n\n\n\n<div class=\"wp-block-buttons is-layout-flex wp-block-buttons-is-layout-flex\">\n<div class=\"wp-block-button\"><a class=\"wp-block-button__link has-theme-primary-background-color has-background wp-element-button\" href=\"https:\/\/madeiralovers.com\/da\/ebook-rejseguide-madeira\/\">Find ud af mere &gt;&gt;<\/a><\/div>\n<\/div>\n<\/div>\n\n\n\n<div class=\"wp-block-column is-layout-flow wp-block-column-is-layout-flow\" style=\"flex-basis:42%\">\n<div class=\"wp-block-genesis-blocks-gb-container ebook-radius-waitlist gb-block-container\"><div class=\"gb-container-inside\"><div class=\"gb-container-content\"><div class=\"wp-block-image ebook-image\">\n<figure class=\"aligncenter size-full\"><img decoding=\"async\" src=\"https:\/\/madeiralovers.com\/wp-content\/uploads\/2024\/06\/Med-Madeira-Travel-Guide-ebook-cover-2.jpg\" alt=\"guide-voyage-Madere-bog-cover-medium\" class=\"wp-image-2412\"\/><\/figure>\n<\/div><\/div><\/div><\/div>\n<\/div>\n<\/div>\n<\/div><\/div><\/div>\n\n<h2 class=\"wp-block-heading\">N\u00e6rmeste attraktioner  <\/h2>\n\n<p>Planl\u00e6g din dag ved at kombinere en attraktion med denne udsigt. For eksempel:<\/p>\n\n<ul class=\"wp-block-list\">\n<li><a href=\"https:\/\/madeiralovers.com\/da\/sevaerdigheder-porto-moniz-besog\/\" target=\"_blank\" rel=\"noreferrer noopener\">Porto Moniz<\/a> og dens naturlige pools<\/li>\n\n\n\n<li><a href=\"https:\/\/madeiralovers.com\/da\/ilheus-ribeira-janela-madeira\/\" target=\"_blank\" rel=\"noreferrer noopener\">Ribeira da Janela<\/a> og dens klippeformationer<\/li>\n\n\n\n<li><a href=\"https:\/\/madeiralovers.com\/da\/sevaerdigheder-seixal-besog\/\" target=\"_blank\" rel=\"noreferrer noopener\">Seixals<\/a> naturlige pools og sorte sandstrand<\/li>\n<\/ul>\n\n<div style=\"margin-top:8%;margin-bottom:8%\" class=\"wp-block-genesis-blocks-gb-container box gb-block-container\"><div class=\"gb-container-inside\"><div class=\"gb-container-content\" style=\"max-width:700px\">\n<div class=\"wp-block-genesis-blocks-gb-container box_titre gb-block-container\"><div class=\"gb-container-inside\"><div class=\"gb-container-content\">\n<h5 class=\"titre_box\">PLANL\u00c6G DIT OPHOLD P\u00c5 <span class=\"titre_box_manuscrit\">Madeira<\/span><\/h5>\n<\/div><\/div><\/div>\n\n\n\n<hr class=\"wp-block-separator has-text-color has-alpha-channel-opacity has-background is-style-wide hr-box-planif\" style=\"background-color:#ccd3dd;color:#ccd3dd\"\/>\n\n\n\n<div class=\"wp-block-columns box_sans_border is-layout-flex wp-container-core-columns-is-layout-9d6595d7 wp-block-columns-is-layout-flex\">\n<div class=\"wp-block-column texte_planif is-layout-flow wp-block-column-is-layout-flow\" style=\"font-size:14px;flex-basis:60%\">\n<p class=\"option_titre2\"><strong>Best-of<\/strong><\/p>\n\n\n\n<p style=\"font-size:16px\"><a href=\"https:\/\/madeiralovers.com\/da\/sevaerdigheder-madeira\/\">Sev\u00e6rdigheder p\u00e5 Madeira<\/a><br\/><a href=\"https:\/\/madeiralovers.com\/da\/smukkeste-udsigtspunkter-madeira-miradouros\/\" target=\"_blank\" rel=\"noreferrer noopener\">De smukkeste udsigtspunkter<\/a><br\/><a href=\"https:\/\/madeiralovers.com\/da\/bedste-strande-madeira\/\" target=\"_blank\" rel=\"noreferrer noopener\">Madeiras smukkeste strande<\/a><br\/><a href=\"https:\/\/madeiralovers.com\/da\/bedste-haver-madeira\/\" target=\"_blank\" rel=\"noreferrer noopener\">De smukkeste haver<\/a><br\/><a href=\"https:\/\/madeiralovers.com\/da\/naturlige-pools-madeira\/\" target=\"_blank\" rel=\"noreferrer noopener\">Naturlige bassiner<\/a><br\/><a href=\"https:\/\/madeiralovers.com\/da\/bedste-vandreture-madeira-gature\/\" target=\"_blank\" rel=\"noreferrer noopener\">De bedste g\u00e5ture<\/a><br\/><a href=\"https:\/\/madeiralovers.com\/da\/mukkeste-veje-madeira\/\" target=\"_blank\" rel=\"noreferrer noopener\">De smukkeste veje<\/a><br\/><a href=\"https:\/\/madeiralovers.com\/da\/hemmelige-steder-madeira-skjulte-perler\/\" target=\"_blank\" rel=\"noreferrer noopener\">Hemmelige steder<\/a><\/p>\n<\/div>\n\n\n\n<div class=\"wp-block-column is-vertically-aligned-top planif-radius is-layout-flow wp-block-column-is-layout-flow\" style=\"flex-basis:40%\">\n<figure class=\"wp-block-image size-large img-portrait\"><img decoding=\"async\" src=\"https:\/\/photos.smugmug.com\/Travel\/Madeira\/13d-Rocha-do-Navio\/i-T3f6J48\/2\/d3DHMbHtwPMz7Tj9qDPmRxGpbxx5RBRCr4LrPp2c\/S\/Roacha_do_Navio_cable_car_Madeira-7241164-S.jpg\" alt=\"Navia Rock\" title=\"\"\/><\/figure>\n<\/div>\n<\/div>\n\n\n\n<hr class=\"wp-block-separator has-text-color has-alpha-channel-opacity has-background is-style-wide hr-box-planif\" style=\"background-color:#ccd3dd;color:#ccd3dd\"\/>\n\n\n\n<div class=\"wp-block-columns box_sans_border is-layout-flex wp-container-core-columns-is-layout-9d6595d7 wp-block-columns-is-layout-flex\">\n<div class=\"wp-block-column texte_planif is-layout-flow wp-block-column-is-layout-flow\" style=\"font-size:14px;flex-basis:60%\">\n<p class=\"option_titre\"><strong>Praktiske r\u00e5d<\/strong><\/p>\n\n\n\n<p style=\"font-size:16px\"><a href=\"https:\/\/madeiralovers.com\/da\/at-komme-rundt-madeira-transport\/\" target=\"_blank\" rel=\"noreferrer noopener\">S\u00e5dan kommer du rundt p\u00e5 Madeira<\/a><br\/><a href=\"https:\/\/madeiralovers.com\/da\/sadan-lejer-bil-madeira-tips-erfaring\/\" target=\"_blank\" rel=\"noreferrer noopener\">Lej en bil p\u00e5 Madeira<\/a><br\/><a href=\"https:\/\/madeiralovers.com\/da\/korsel-madeira-tips\/\" target=\"_blank\" rel=\"noreferrer noopener\">K\u00f8rsel p\u00e5 Madeira<\/a><\/p>\n\n\n\n<p style=\"font-size:16px\"><a href=\"https:\/\/madeiralovers.com\/da\/hvor-skal-bo-madeira-bedste-omrader\/\" target=\"_blank\" rel=\"noreferrer noopener\">Hvor skal man bo p\u00e5 Madeira?<\/a><\/p>\n\n\n\n<p style=\"font-size:16px\">Rejseruter: 3 dage &#8211; 4 dage &#8211; <a href=\"https:\/\/madeiralovers.com\/da\/besog-madeira-5-dage-rejseplaner\/\" target=\"_blank\" rel=\"noreferrer noopener\">5 dage<\/a> &#8211; <a href=\"https:\/\/madeiralovers.com\/da\/besog-madeira-6-dage-rejseplaner\/\" target=\"_blank\" rel=\"noreferrer noopener\">6<\/a> <a href=\"https:\/\/madeiralovers.com\/da\/besog-madeira-5-dage-rejseplaner\/\" target=\"_blank\" rel=\"noreferrer noopener\">dage<\/a> &#8211; <a href=\"https:\/\/madeiralovers.com\/da\/besog-madeira-en-uge-rejseplan\/\" target=\"_blank\" rel=\"noreferrer noopener\">7 dage<\/a> &#8211; <a href=\"https:\/\/madeiralovers.com\/da\/besog-madeira-10-dage-rejseplaner\/\" target=\"_blank\" rel=\"noreferrer noopener\">10<\/a> <a href=\"https:\/\/madeiralovers.com\/da\/besog-madeira-en-uge-rejseplan\/\" target=\"_blank\" rel=\"noreferrer noopener\">dage<\/a> <\/p>\n<\/div>\n\n\n\n<div class=\"wp-block-column is-vertically-aligned-top planif-radius is-layout-flow wp-block-column-is-layout-flow\" style=\"flex-basis:40%\">\n<figure class=\"wp-block-image size-large img-portrait\"><img decoding=\"async\" src=\"https:\/\/photos.smugmug.com\/Travel\/Madeira\/Driving\/i-xNmkb72\/2\/DF578h2B7Q6RbR84FZXN5v8D7vg6nLZ9dzBdrJ2rZ\/S\/driving_Madeira-7241434-S.jpg\" alt=\"K&#xF8;rsel p&#xE5; Madeira\" title=\"\"\/><\/figure>\n<\/div>\n<\/div>\n\n\n\n<hr class=\"wp-block-separator has-text-color has-alpha-channel-opacity has-background is-style-wide hr-box-planif\" style=\"background-color:#ccd3dd;color:#ccd3dd\"\/>\n\n\n\n<div class=\"wp-block-columns box_sans_border is-layout-flex wp-container-core-columns-is-layout-9d6595d7 wp-block-columns-is-layout-flex\">\n<div class=\"wp-block-column texte_planif is-layout-flow wp-block-column-is-layout-flow\" style=\"font-size:14px;flex-basis:60%\">\n<p class=\"option_titre\"><strong>Steder, du ikke m\u00e5 g\u00e5 glip af<\/strong><\/p>\n\n\n\n<p style=\"font-size:16px\"><a href=\"https:\/\/madeiralovers.com\/da\/delfinspotting-madeira-baleiner-udflugter\/\" target=\"_blank\" rel=\"noreferrer noopener\">Delfin-safari<\/a><br\/><a href=\"https:\/\/madeiralovers.com\/da\/sevaerdigheder-funchal-besog\/\" target=\"_blank\" rel=\"noreferrer noopener\">Sev\u00e6rdigheder i Funchal?<\/a><br\/><a href=\"https:\/\/madeiralovers.com\/da\/bezienswaardigheden-camara-de-lobos-madeira-bezoeken\/\" target=\"_blank\" rel=\"noreferrer noopener\">Camara de Lobos<\/a><br\/><a href=\"https:\/\/madeiralovers.com\/da\/sevaerdigheder-ponta-do-sol-besog\/\" target=\"_blank\" rel=\"noreferrer noopener\">Ponta do Sol<\/a><br\/><a href=\"https:\/\/madeiralovers.com\/da\/sevaerdigheder-santana-madeira-besog\/\">Santana<\/a><br\/><a href=\"https:\/\/madeiralovers.com\/da\/sevaerdigheder-pico-do-arieiro-madeira\/\" target=\"_blank\" rel=\"noreferrer noopener\">Pico do Arieiro<\/a><br\/><a href=\"https:\/\/madeiralovers.com\/da\/sevaerdigheder-santo-porto-besog\/\" target=\"_blank\" rel=\"noreferrer noopener\">Porto Santo sev\u00e6rdigheder<\/a><\/p>\n<\/div>\n\n\n\n<div class=\"wp-block-column is-vertically-aligned-top planif-radius is-layout-flow wp-block-column-is-layout-flow\" style=\"flex-basis:40%\">\n<figure class=\"wp-block-image size-large img-portrait\"><img decoding=\"async\" src=\"https:\/\/photos.smugmug.com\/Travel\/Madeira\/6c-Camara-dos-Lobos\/i-zH7D8Tv\/2\/DpttrQSghWXj2DKMm3VHbFkhFMLsTFhS37sRFTxNz\/S\/camara_dos_Lobos_Madeira-7173015-S.jpg\" alt=\"Camara de Lobos\" title=\"\"\/><\/figure>\n<\/div>\n<\/div>\n<\/div><\/div><\/div>\n\n<div class=\"wp-block-genesis-blocks-gb-container box_auteur_voyage gb-block-container\"><div class=\"gb-container-inside\"><div class=\"gb-container-content\">\n<figure class=\"wp-block-image size-large img_auteur_voyage\"><a href=\"https:\/\/madeiralovers.com\/da\/claire-robinson\/\" target=\"_blank\" rel=\"noreferrer noopener\"><img decoding=\"async\" src=\"https:\/\/photos.smugmug.com\/Madeira-Lovers\/Portraits-equipe\/i-WCb99j5\/0\/2d0b98a0\/L\/regionlovers-3-L.jpg\" alt=\"\"\/><\/a><\/figure>\n\n\n\n<h5 class=\"titre_auteur_voyage\"><span>HUN TOG TUREN OG SKREV ARTIKLEN \n <\/span><span class=\"titre_box_manuscrit\">Claire<\/span><\/h5>\n<\/div><\/div><\/div>\n","protected":false},"excerpt":{"rendered":"<p>Alle vores tips til at bes\u00f8ge Miradouro da Eira da Achada p\u00e5 Madeira: adgang, parkering, udsigt, praktiske oplysninger. Er det v\u00e6rd at stoppe ved Miradouro da Eira da Achada? Det er et mindre kendt udsigtspunkt, v\u00e6k fra alfarvej, men det er nemt at stoppe ved.Der er en storsl\u00e5et udsigt over klipperne p\u00e5 nordkysten. Hele det [&hellip;]<\/p>\n","protected":false},"author":2,"featured_media":5111,"comment_status":"closed","ping_status":"closed","sticky":false,"template":"","format":"standard","meta":{"_genesis_hide_title":false,"_genesis_hide_breadcrumbs":false,"_genesis_hide_singular_image":false,"_genesis_hide_footer_widgets":false,"_genesis_custom_body_class":"","_genesis_custom_post_class":"","_genesis_layout":"","footnotes":""},"categories":[1,125],"tags":[],"class_list":{"0":"post-5110","1":"post","2":"type-post","3":"status-publish","4":"format-standard","5":"has-post-thumbnail","7":"category-non-classifiee","8":"category-nordkysten","9":"entry"},"yoast_head":"<!-- This site is optimized with the Yoast SEO plugin v27.2 - https:\/\/yoast.com\/product\/yoast-seo-wordpress\/ -->\n<title>Miradouro da Eira da Achada (Madeira): fotos + adgang<\/title>\n<meta name=\"description\" content=\"R\u00e5d og tips til at beundre udsigten ved Miradouro da Eira da Achada (Madeira): adgang, parkering, panoramaudsigt, sev\u00e6rdigheder i n\u00e6rheden\" \/>\n<meta name=\"robots\" content=\"index, follow, max-snippet:-1, max-image-preview:large, max-video-preview:-1\" \/>\n<link rel=\"canonical\" href=\"https:\/\/madeiralovers.com\/da\/miradouro-eira-da-achada-madeira\/\" \/>\n<meta property=\"og:locale\" content=\"da_DK\" \/>\n<meta property=\"og:type\" content=\"article\" \/>\n<meta property=\"og:title\" content=\"Miradouro da Eira da Achada (Madeira): fotos + adgang\" \/>\n<meta property=\"og:description\" content=\"R\u00e5d og tips til at beundre udsigten ved Miradouro da Eira da Achada (Madeira): adgang, parkering, panoramaudsigt, sev\u00e6rdigheder i n\u00e6rheden\" \/>\n<meta property=\"og:url\" content=\"https:\/\/madeiralovers.com\/da\/miradouro-eira-da-achada-madeira\/\" \/>\n<meta property=\"og:site_name\" content=\"Madeira Lovers\" \/>\n<meta property=\"article:published_time\" content=\"2024-12-31T08:50:25+00:00\" \/>\n<meta property=\"article:modified_time\" content=\"2026-02-12T11:39:16+00:00\" \/>\n<meta property=\"og:image\" content=\"https:\/\/madeiralovers.com\/wp-content\/uploads\/2024\/01\/Miradouro-da-Eira-da-Achada-Madeira.jpeg\" \/>\n\t<meta property=\"og:image:width\" content=\"800\" \/>\n\t<meta property=\"og:image:height\" content=\"600\" \/>\n\t<meta property=\"og:image:type\" content=\"image\/jpeg\" \/>\n<meta name=\"author\" content=\"Claire ROBINSON\" \/>\n<meta name=\"twitter:card\" content=\"summary_large_image\" \/>\n<meta name=\"twitter:label1\" content=\"Skrevet af\" \/>\n\t<meta name=\"twitter:data1\" content=\"Claire ROBINSON\" \/>\n\t<meta name=\"twitter:label2\" content=\"Estimeret l\u00e6setid\" \/>\n\t<meta name=\"twitter:data2\" content=\"1 minut\" \/>\n<script type=\"application\/ld+json\" class=\"yoast-schema-graph\">{\"@context\":\"https:\/\/schema.org\",\"@graph\":[{\"@type\":\"Article\",\"@id\":\"https:\/\/madeiralovers.com\/da\/miradouro-eira-da-achada-madeira\/#article\",\"isPartOf\":{\"@id\":\"https:\/\/madeiralovers.com\/da\/miradouro-eira-da-achada-madeira\/\"},\"author\":{\"name\":\"Claire ROBINSON\",\"@id\":\"https:\/\/madeiralovers.com\/da\/#\/schema\/person\/714bf48f891f34f544b1808122c3dd35\"},\"headline\":\"Miradouro da Eira da Achada (Madeira): fotos + adgang\",\"datePublished\":\"2024-12-31T08:50:25+00:00\",\"dateModified\":\"2026-02-12T11:39:16+00:00\",\"mainEntityOfPage\":{\"@id\":\"https:\/\/madeiralovers.com\/da\/miradouro-eira-da-achada-madeira\/\"},\"wordCount\":291,\"publisher\":{\"@id\":\"https:\/\/madeiralovers.com\/da\/#organization\"},\"image\":{\"@id\":\"https:\/\/madeiralovers.com\/da\/miradouro-eira-da-achada-madeira\/#primaryimage\"},\"thumbnailUrl\":\"https:\/\/madeiralovers.com\/wp-content\/uploads\/2024\/01\/Miradouro-da-Eira-da-Achada-Madeira.jpeg\",\"articleSection\":[\"Non classifi\u00e9(e)\",\"Nordkysten\"],\"inLanguage\":\"da-DK\"},{\"@type\":\"WebPage\",\"@id\":\"https:\/\/madeiralovers.com\/da\/miradouro-eira-da-achada-madeira\/\",\"url\":\"https:\/\/madeiralovers.com\/da\/miradouro-eira-da-achada-madeira\/\",\"name\":\"Miradouro da Eira da Achada (Madeira): fotos + adgang\",\"isPartOf\":{\"@id\":\"https:\/\/madeiralovers.com\/da\/#website\"},\"primaryImageOfPage\":{\"@id\":\"https:\/\/madeiralovers.com\/da\/miradouro-eira-da-achada-madeira\/#primaryimage\"},\"image\":{\"@id\":\"https:\/\/madeiralovers.com\/da\/miradouro-eira-da-achada-madeira\/#primaryimage\"},\"thumbnailUrl\":\"https:\/\/madeiralovers.com\/wp-content\/uploads\/2024\/01\/Miradouro-da-Eira-da-Achada-Madeira.jpeg\",\"datePublished\":\"2024-12-31T08:50:25+00:00\",\"dateModified\":\"2026-02-12T11:39:16+00:00\",\"description\":\"R\u00e5d og tips til at beundre udsigten ved Miradouro da Eira da Achada (Madeira): adgang, parkering, panoramaudsigt, sev\u00e6rdigheder i n\u00e6rheden\",\"breadcrumb\":{\"@id\":\"https:\/\/madeiralovers.com\/da\/miradouro-eira-da-achada-madeira\/#breadcrumb\"},\"inLanguage\":\"da-DK\",\"potentialAction\":[{\"@type\":\"ReadAction\",\"target\":[\"https:\/\/madeiralovers.com\/da\/miradouro-eira-da-achada-madeira\/\"]}]},{\"@type\":\"ImageObject\",\"inLanguage\":\"da-DK\",\"@id\":\"https:\/\/madeiralovers.com\/da\/miradouro-eira-da-achada-madeira\/#primaryimage\",\"url\":\"https:\/\/madeiralovers.com\/wp-content\/uploads\/2024\/01\/Miradouro-da-Eira-da-Achada-Madeira.jpeg\",\"contentUrl\":\"https:\/\/madeiralovers.com\/wp-content\/uploads\/2024\/01\/Miradouro-da-Eira-da-Achada-Madeira.jpeg\",\"width\":800,\"height\":600},{\"@type\":\"BreadcrumbList\",\"@id\":\"https:\/\/madeiralovers.com\/da\/miradouro-eira-da-achada-madeira\/#breadcrumb\",\"itemListElement\":[{\"@type\":\"ListItem\",\"position\":1,\"name\":\"Accueil\",\"item\":\"https:\/\/madeiralovers.com\/da\/\"},{\"@type\":\"ListItem\",\"position\":2,\"name\":\"Nordkysten\",\"item\":\"https:\/\/madeiralovers.com\/da\/nordkysten\/\"},{\"@type\":\"ListItem\",\"position\":3,\"name\":\"Miradouro da Eira da Achada (Madeira): fotos + adgang\"}]},{\"@type\":\"WebSite\",\"@id\":\"https:\/\/madeiralovers.com\/da\/#website\",\"url\":\"https:\/\/madeiralovers.com\/da\/\",\"name\":\"Madeira Lovers\",\"description\":\"Pour r\u00e9veiller vos sens \u00e0 Mad\u00e8re\",\"publisher\":{\"@id\":\"https:\/\/madeiralovers.com\/da\/#organization\"},\"potentialAction\":[{\"@type\":\"SearchAction\",\"target\":{\"@type\":\"EntryPoint\",\"urlTemplate\":\"https:\/\/madeiralovers.com\/da\/?s={search_term_string}\"},\"query-input\":{\"@type\":\"PropertyValueSpecification\",\"valueRequired\":true,\"valueName\":\"search_term_string\"}}],\"inLanguage\":\"da-DK\"},{\"@type\":\"Organization\",\"@id\":\"https:\/\/madeiralovers.com\/da\/#organization\",\"name\":\"Madeira Lovers\",\"url\":\"https:\/\/madeiralovers.com\/da\/\",\"logo\":{\"@type\":\"ImageObject\",\"inLanguage\":\"da-DK\",\"@id\":\"https:\/\/madeiralovers.com\/da\/#\/schema\/logo\/image\/\",\"url\":\"https:\/\/madeiralovers.com\/wp-content\/uploads\/2024\/05\/cropped-Madeira-Lovers-Logos.png\",\"contentUrl\":\"https:\/\/madeiralovers.com\/wp-content\/uploads\/2024\/05\/cropped-Madeira-Lovers-Logos.png\",\"width\":2500,\"height\":554,\"caption\":\"Madeira Lovers\"},\"image\":{\"@id\":\"https:\/\/madeiralovers.com\/da\/#\/schema\/logo\/image\/\"}},{\"@type\":\"Person\",\"@id\":\"https:\/\/madeiralovers.com\/da\/#\/schema\/person\/714bf48f891f34f544b1808122c3dd35\",\"name\":\"Claire ROBINSON\",\"image\":{\"@type\":\"ImageObject\",\"inLanguage\":\"da-DK\",\"@id\":\"https:\/\/secure.gravatar.com\/avatar\/e3566233826c32de8d7c9ef726a1087654b12cadb092acc17ee1d357687192ff?s=96&d=mm&r=g\",\"url\":\"https:\/\/secure.gravatar.com\/avatar\/e3566233826c32de8d7c9ef726a1087654b12cadb092acc17ee1d357687192ff?s=96&d=mm&r=g\",\"contentUrl\":\"https:\/\/secure.gravatar.com\/avatar\/e3566233826c32de8d7c9ef726a1087654b12cadb092acc17ee1d357687192ff?s=96&d=mm&r=g\",\"caption\":\"Claire ROBINSON\"},\"sameAs\":[\"https:\/\/madeiralovers.com\/claire-robinson\/\"],\"url\":\"https:\/\/madeiralovers.com\/da\/author\/claire-robinson\/\"}]}<\/script>\n<!-- \/ Yoast SEO plugin. -->","yoast_head_json":{"title":"Miradouro da Eira da Achada (Madeira): fotos + adgang","description":"R\u00e5d og tips til at beundre udsigten ved Miradouro da Eira da Achada (Madeira): adgang, parkering, panoramaudsigt, sev\u00e6rdigheder i n\u00e6rheden","robots":{"index":"index","follow":"follow","max-snippet":"max-snippet:-1","max-image-preview":"max-image-preview:large","max-video-preview":"max-video-preview:-1"},"canonical":"https:\/\/madeiralovers.com\/da\/miradouro-eira-da-achada-madeira\/","og_locale":"da_DK","og_type":"article","og_title":"Miradouro da Eira da Achada (Madeira): fotos + adgang","og_description":"R\u00e5d og tips til at beundre udsigten ved Miradouro da Eira da Achada (Madeira): adgang, parkering, panoramaudsigt, sev\u00e6rdigheder i n\u00e6rheden","og_url":"https:\/\/madeiralovers.com\/da\/miradouro-eira-da-achada-madeira\/","og_site_name":"Madeira Lovers","article_published_time":"2024-12-31T08:50:25+00:00","article_modified_time":"2026-02-12T11:39:16+00:00","og_image":[{"width":800,"height":600,"url":"https:\/\/madeiralovers.com\/wp-content\/uploads\/2024\/01\/Miradouro-da-Eira-da-Achada-Madeira.jpeg","type":"image\/jpeg"}],"author":"Claire ROBINSON","twitter_card":"summary_large_image","twitter_misc":{"Skrevet af":"Claire ROBINSON","Estimeret l\u00e6setid":"1 minut"},"schema":{"@context":"https:\/\/schema.org","@graph":[{"@type":"Article","@id":"https:\/\/madeiralovers.com\/da\/miradouro-eira-da-achada-madeira\/#article","isPartOf":{"@id":"https:\/\/madeiralovers.com\/da\/miradouro-eira-da-achada-madeira\/"},"author":{"name":"Claire ROBINSON","@id":"https:\/\/madeiralovers.com\/da\/#\/schema\/person\/714bf48f891f34f544b1808122c3dd35"},"headline":"Miradouro da Eira da Achada (Madeira): fotos + adgang","datePublished":"2024-12-31T08:50:25+00:00","dateModified":"2026-02-12T11:39:16+00:00","mainEntityOfPage":{"@id":"https:\/\/madeiralovers.com\/da\/miradouro-eira-da-achada-madeira\/"},"wordCount":291,"publisher":{"@id":"https:\/\/madeiralovers.com\/da\/#organization"},"image":{"@id":"https:\/\/madeiralovers.com\/da\/miradouro-eira-da-achada-madeira\/#primaryimage"},"thumbnailUrl":"https:\/\/madeiralovers.com\/wp-content\/uploads\/2024\/01\/Miradouro-da-Eira-da-Achada-Madeira.jpeg","articleSection":["Non classifi\u00e9(e)","Nordkysten"],"inLanguage":"da-DK"},{"@type":"WebPage","@id":"https:\/\/madeiralovers.com\/da\/miradouro-eira-da-achada-madeira\/","url":"https:\/\/madeiralovers.com\/da\/miradouro-eira-da-achada-madeira\/","name":"Miradouro da Eira da Achada (Madeira): fotos + adgang","isPartOf":{"@id":"https:\/\/madeiralovers.com\/da\/#website"},"primaryImageOfPage":{"@id":"https:\/\/madeiralovers.com\/da\/miradouro-eira-da-achada-madeira\/#primaryimage"},"image":{"@id":"https:\/\/madeiralovers.com\/da\/miradouro-eira-da-achada-madeira\/#primaryimage"},"thumbnailUrl":"https:\/\/madeiralovers.com\/wp-content\/uploads\/2024\/01\/Miradouro-da-Eira-da-Achada-Madeira.jpeg","datePublished":"2024-12-31T08:50:25+00:00","dateModified":"2026-02-12T11:39:16+00:00","description":"R\u00e5d og tips til at beundre udsigten ved Miradouro da Eira da Achada (Madeira): adgang, parkering, panoramaudsigt, sev\u00e6rdigheder i n\u00e6rheden","breadcrumb":{"@id":"https:\/\/madeiralovers.com\/da\/miradouro-eira-da-achada-madeira\/#breadcrumb"},"inLanguage":"da-DK","potentialAction":[{"@type":"ReadAction","target":["https:\/\/madeiralovers.com\/da\/miradouro-eira-da-achada-madeira\/"]}]},{"@type":"ImageObject","inLanguage":"da-DK","@id":"https:\/\/madeiralovers.com\/da\/miradouro-eira-da-achada-madeira\/#primaryimage","url":"https:\/\/madeiralovers.com\/wp-content\/uploads\/2024\/01\/Miradouro-da-Eira-da-Achada-Madeira.jpeg","contentUrl":"https:\/\/madeiralovers.com\/wp-content\/uploads\/2024\/01\/Miradouro-da-Eira-da-Achada-Madeira.jpeg","width":800,"height":600},{"@type":"BreadcrumbList","@id":"https:\/\/madeiralovers.com\/da\/miradouro-eira-da-achada-madeira\/#breadcrumb","itemListElement":[{"@type":"ListItem","position":1,"name":"Accueil","item":"https:\/\/madeiralovers.com\/da\/"},{"@type":"ListItem","position":2,"name":"Nordkysten","item":"https:\/\/madeiralovers.com\/da\/nordkysten\/"},{"@type":"ListItem","position":3,"name":"Miradouro da Eira da Achada (Madeira): fotos + adgang"}]},{"@type":"WebSite","@id":"https:\/\/madeiralovers.com\/da\/#website","url":"https:\/\/madeiralovers.com\/da\/","name":"Madeira Lovers","description":"Pour r\u00e9veiller vos sens \u00e0 Mad\u00e8re","publisher":{"@id":"https:\/\/madeiralovers.com\/da\/#organization"},"potentialAction":[{"@type":"SearchAction","target":{"@type":"EntryPoint","urlTemplate":"https:\/\/madeiralovers.com\/da\/?s={search_term_string}"},"query-input":{"@type":"PropertyValueSpecification","valueRequired":true,"valueName":"search_term_string"}}],"inLanguage":"da-DK"},{"@type":"Organization","@id":"https:\/\/madeiralovers.com\/da\/#organization","name":"Madeira Lovers","url":"https:\/\/madeiralovers.com\/da\/","logo":{"@type":"ImageObject","inLanguage":"da-DK","@id":"https:\/\/madeiralovers.com\/da\/#\/schema\/logo\/image\/","url":"https:\/\/madeiralovers.com\/wp-content\/uploads\/2024\/05\/cropped-Madeira-Lovers-Logos.png","contentUrl":"https:\/\/madeiralovers.com\/wp-content\/uploads\/2024\/05\/cropped-Madeira-Lovers-Logos.png","width":2500,"height":554,"caption":"Madeira Lovers"},"image":{"@id":"https:\/\/madeiralovers.com\/da\/#\/schema\/logo\/image\/"}},{"@type":"Person","@id":"https:\/\/madeiralovers.com\/da\/#\/schema\/person\/714bf48f891f34f544b1808122c3dd35","name":"Claire ROBINSON","image":{"@type":"ImageObject","inLanguage":"da-DK","@id":"https:\/\/secure.gravatar.com\/avatar\/e3566233826c32de8d7c9ef726a1087654b12cadb092acc17ee1d357687192ff?s=96&d=mm&r=g","url":"https:\/\/secure.gravatar.com\/avatar\/e3566233826c32de8d7c9ef726a1087654b12cadb092acc17ee1d357687192ff?s=96&d=mm&r=g","contentUrl":"https:\/\/secure.gravatar.com\/avatar\/e3566233826c32de8d7c9ef726a1087654b12cadb092acc17ee1d357687192ff?s=96&d=mm&r=g","caption":"Claire ROBINSON"},"sameAs":["https:\/\/madeiralovers.com\/claire-robinson\/"],"url":"https:\/\/madeiralovers.com\/da\/author\/claire-robinson\/"}]}},"featured_image_src":"https:\/\/madeiralovers.com\/wp-content\/uploads\/2024\/01\/Miradouro-da-Eira-da-Achada-Madeira-600x400.jpeg","featured_image_src_square":"https:\/\/madeiralovers.com\/wp-content\/uploads\/2024\/01\/Miradouro-da-Eira-da-Achada-Madeira-600x600.jpeg","author_info":{"display_name":"Claire ROBINSON","author_link":"https:\/\/madeiralovers.com\/da\/author\/claire-robinson\/"},"_links":{"self":[{"href":"https:\/\/madeiralovers.com\/da\/wp-json\/wp\/v2\/posts\/5110","targetHints":{"allow":["GET"]}}],"collection":[{"href":"https:\/\/madeiralovers.com\/da\/wp-json\/wp\/v2\/posts"}],"about":[{"href":"https:\/\/madeiralovers.com\/da\/wp-json\/wp\/v2\/types\/post"}],"author":[{"embeddable":true,"href":"https:\/\/madeiralovers.com\/da\/wp-json\/wp\/v2\/users\/2"}],"replies":[{"embeddable":true,"href":"https:\/\/madeiralovers.com\/da\/wp-json\/wp\/v2\/comments?post=5110"}],"version-history":[{"count":0,"href":"https:\/\/madeiralovers.com\/da\/wp-json\/wp\/v2\/posts\/5110\/revisions"}],"wp:featuredmedia":[{"embeddable":true,"href":"https:\/\/madeiralovers.com\/da\/wp-json\/wp\/v2\/media\/5111"}],"wp:attachment":[{"href":"https:\/\/madeiralovers.com\/da\/wp-json\/wp\/v2\/media?parent=5110"}],"wp:term":[{"taxonomy":"category","embeddable":true,"href":"https:\/\/madeiralovers.com\/da\/wp-json\/wp\/v2\/categories?post=5110"},{"taxonomy":"post_tag","embeddable":true,"href":"https:\/\/madeiralovers.com\/da\/wp-json\/wp\/v2\/tags?post=5110"}],"curies":[{"name":"wp","href":"https:\/\/api.w.org\/{rel}","templated":true}]}}