{"id":3691,"date":"2024-07-30T14:58:38","date_gmt":"2024-07-30T13:58:38","guid":{"rendered":"https:\/\/madeiralovers.com\/cabo-girao-madere\/"},"modified":"2026-03-30T15:56:24","modified_gmt":"2026-03-30T14:56:24","slug":"cabo-girao-madeira","status":"publish","type":"post","link":"https:\/\/madeiralovers.com\/da\/cabo-girao-madeira\/","title":{"rendered":"Cabo Girao (Madeira) &#8211; skywalk og sv\u00e6vebane: tips + fotos"},"content":{"rendered":"\n<p>Med udsigt over Atlanterhavet er Cabo Giraos klippe den h\u00f8jeste i Europa. Den byder p\u00e5 et imponerende naturskue fra toppen af sine 589 meter. Dette svimlende forbjerg byder p\u00e5 to unikke oplevelser: sp\u00e6ndingen ved Madeira Skywalk med sit glasgulv og nedstigningen med sv\u00e6vebane til bunden af klippen.<\/p>\n\n<p>Her er nogle <strong>nyttige tips<\/strong>, der kan hj\u00e6lpe dig med at forberede dit bes\u00f8g og f\u00e5 en vidunderlig tid!<\/p>\n\n<figure class=\"wp-block-image size-large\"><img decoding=\"async\" src=\"https:\/\/madeiralovers.com\/wp-content\/uploads\/2024\/07\/cabo-girao-madeira-1024x768.jpg\" alt=\"cabo girao madera\" class=\"wp-image-3663\"\/><\/figure>\n\n<p>Dette er en helt <strong>uafh\u00e6ngig<\/strong> udtalelse, baseret p\u00e5 vores egen erfaring. Vi traf vores egne valg, bes\u00f8gte regionen anonymt og betalte vores regninger fuldt ud.<\/p>\n\n<h2 class=\"wp-block-heading\">Hvorfor bes\u00f8ge Cabo Girao?<\/h2>\n\n<h3 class=\"wp-block-heading\">Er klipperne ved Cabo Girao et bes\u00f8g v\u00e6rd? Det er vores mening:<\/h3>\n\n<p>Det er helt sikkert! Kap Girao p\u00e5 Madeiras sydkyst er en af Europas mest imponerende havklipper! Faktisk er det et af <a href=\"https:\/\/madeiralovers.com\/da\/smukkeste-udsigtspunkter-madeira-miradouros\/\" target=\"_blank\" rel=\"noreferrer noopener\">Madeiras smukkeste udsigtspunkter<\/a>. Denne diamantformede geologiske formation h\u00e6ver sig n\u00e6sten 589 meter over Atlanterhavet. Vi blev overv\u00e6ldet af dens enorme st\u00f8rrelse.<\/p>\n\n<figure class=\"wp-block-image size-large\"><img decoding=\"async\" src=\"https:\/\/photos.smugmug.com\/Madeira-Lovers\/Cabo-Girao\/Cable-car-teleferico-rancho\/i-p5sZVXz\/1\/LZpdNsWd9bH4zsRDcg5LRbxhw5KwWVsH7HnxcvhjT\/L\/Cabo_Girao_cable_car_Madeira-9052-L.jpg\" alt=\"En del af klippen, set nedefra - cabo girao\"\/><figcaption class=\"wp-element-caption\">En del af klippen, set nedefra<\/figcaption><\/figure>\n\n<p>Stedets hovedattraktion er Madeira Skywalk, en glasplatform, der ligger p\u00e5 kanten af klippen. Selvom der er en fantastisk udsigt, er det et meget popul\u00e6rt sted, og menneskem\u00e6ngden kan nogle gange forringe oplevelsen.<br\/>Et mindre kendt, men lige s\u00e5 interessant alternativ er Rancho-sv\u00e6vebanen. Den giver dig mulighed for at g\u00e5 ned til foden af klipperne og beundre landskabet p\u00e5 vejen ned. Vi n\u00f8d den s\u00e6rlige udsigt til klippens lag, som vidner om \u00f8ens geologiske historie. Fra hytten kan man ogs\u00e5 se en traditionel <em>faja<\/em> og dens vinmarker i terrasser.<\/p>\n\n<p>At bes\u00f8ge Cabo Girao er en af <a href=\"https:\/\/madeiralovers.com\/da\/sevaerdigheder-madeira\/\" target=\"_blank\" rel=\"noreferrer noopener\">Madeiras bedste aktiviteter<\/a>!<\/p>\n\n<figure class=\"wp-block-image size-large\"><img decoding=\"async\" src=\"https:\/\/photos.smugmug.com\/Madeira-Lovers\/Cabo-Girao\/Cable-car-teleferico-rancho\/i-cFtsCH8\/1\/KTMcTtDpzR4f4wpdVpd2ZqDPG3ZBtHQdZvnFxghng\/L\/Cabo_Girao_cable_car_Madeira-7172930-L.jpg\" alt=\"Udsigt fra sv&#xE6;vebanens kabine - cabo girao\"\/><figcaption class=\"wp-element-caption\">Udsigt fra sv\u00e6vebanens kabine<\/figcaption><\/figure>\n\n<h3 class=\"wp-block-heading\">Vores yndlings\u00f8jeblikke<\/h3>\n\n<p>Vi elskede at udforske denne imponerende klippev\u00e6g, og her er nogle af h\u00f8jdepunkterne:<\/p>\n\n<ul class=\"wp-block-list\">\n<li>Oplev udsigten over havet, klipperne og <em>fajaen<\/em> fra observationspunktet n\u00e6r sv\u00e6vebanens \u00f8verste station.<\/li>\n\n\n\n<li>Det \u00f8jeblik, hvor vi l\u00e6rte om denne <em>fajas<\/em> historie og dens operat\u00f8rer.<\/li>\n\n\n\n<li>Vi beundrer Cabo Girao fra havet under en havudflugt, hvor vi s\u00e5 delfiner.<\/li>\n<\/ul>\n\n<hr class=\"wp-block-separator has-text-color has-alpha-channel-opacity has-background is-style-wide\" style=\"background-color:#000000;color:#000000\"\/>\n\n<p class=\"has-text-align-center\">G\u00e5 om bord p\u00e5 en milj\u00f8venlig katamaran og sv\u00f8m under Cabo Gir\u00e3o <strong><a href=\"https:\/\/www.getyourguide.dk\/madere-l67\/depuis-funchal-croisiere-en-catamaran-pour-observer-les-dauphins-et-les-baleines-t426409\/?partner_id=R3GYW4V&amp;cmp=madeira\" target=\"_blank\" rel=\"noreferrer noopener sponsored nofollow\">&#8211; Se fotos, priser og tilg\u00e6ngelighed.<\/a><\/strong><\/p>\n\n<hr class=\"wp-block-separator has-text-color has-alpha-channel-opacity has-background is-style-wide\" style=\"background-color:#000000;color:#000000\"\/>\n\n<figure class=\"wp-block-image size-large\"><img decoding=\"async\" src=\"https:\/\/photos.smugmug.com\/Travel\/Madeira\/9c-Dolphins\/i-p2BrsbN\/1\/1f5c961f\/L\/dolphin_cruise_boat_Tour_Madeira-7204488-L.jpg\" alt=\"Delfinspotting p&#xE5; en katamaran\"\/><figcaption class=\"wp-element-caption\"><strong>Delfinspotting p\u00e5 en katamaran<\/strong><\/figcaption><\/figure>\n\n<div style=\"background-color:#f4fae2;margin-top:8%;margin-bottom:8%\" class=\"wp-block-genesis-blocks-gb-container box gb-block-container\"><div class=\"gb-container-inside\"><div class=\"gb-container-content\" style=\"max-width:700px\">\n<div class=\"wp-block-genesis-blocks-gb-container box_titre gb-block-container\"><div class=\"gb-container-inside\"><div class=\"gb-container-content\">\n<h5 class=\"titre_box\" style=\"padding-top:10px;\">HVOR SKAL MAN OVERNATTE P\u00c5 <span class=\"titre_box_manuscrit\">Madeira<\/span>?<\/h5>\n<\/div><\/div><\/div>\n\n\n\n<div class=\"wp-block-columns box_sans_border is-layout-flex wp-container-core-columns-is-layout-9d6595d7 wp-block-columns-is-layout-flex\">\n<div class=\"wp-block-column texte_planif is-layout-flow wp-block-column-is-layout-flow\" style=\"font-size:14px;flex-basis:60%\">\n<p class=\"option_titre2\">Vores uafh\u00e6ngige udvalg hj\u00e6lper dig med at finde <strong>din dr\u00f8mmebolig<\/strong>:<\/p>\n\n\n\n<ul class=\"wp-block-list\">\n<li><a href=\"https:\/\/madeiralovers.com\/da\/hvor-skal-bo-madeira-bedste-omrader\/\" target=\"_blank\" rel=\"noreferrer noopener\">Hvor skal man bo p\u00e5 Madeira?<\/a><\/li>\n<\/ul>\n\n\n\n<ul class=\"wp-block-list\">\n<li><a href=\"https:\/\/madeiralovers.com\/da\/bedste-5-stjernede-hoteller-funchal-madeira-luksus-anmeldelser\/\" target=\"_blank\" rel=\"noreferrer noopener\">De bedste 5-stjernede hoteller<\/a><\/li>\n\n\n\n<li><a href=\"https:\/\/madeiralovers.com\/da\/bedste-boutique-hoteller-funchal-madeira-charmerende\/\">De bedste boutique-hoteller<\/a><\/li>\n\n\n\n<li><a href=\"https:\/\/madeiralovers.com\/da\/bedste-hoteller-gamle-bydel-funchal-anmeldelser\/\" target=\"_blank\" rel=\"noreferrer noopener\">De bedste hoteller i den gamle bydel i Funchal<\/a><\/li>\n\n\n\n<li><a href=\"https:\/\/madeiralovers.com\/da\/bedste-hoteller-kun-for-voksne-funchal-madeira\/\" target=\"_blank\" rel=\"noreferrer noopener\">Bedste hoteller kun for voksne<\/a><\/li>\n\n\n\n<li><a href=\"https:\/\/madeiralovers.com\/da\/bedste-hoteller-familier-madeira-born-anmeldelser\/\" target=\"_blank\" rel=\"noreferrer noopener\">Bedste hoteller til familier<\/a><\/li>\n\n\n\n<li><a href=\"https:\/\/madeiralovers.com\/da\/bedste-all-inclusive-hoteller-madeira\/\" target=\"_blank\" rel=\"noreferrer noopener\">De bedste all inclusive-hoteller<\/a><\/li>\n\n\n\n<li><a href=\"https:\/\/madeiralovers.com\/da\/bedste-romantiske-hoteller-funchal-madeira-elskende\/\" target=\"_blank\" rel=\"noreferrer noopener\">De bedste romantiske hoteller<\/a><\/li>\n<\/ul>\n<\/div>\n\n\n\n<div class=\"wp-block-column is-vertically-aligned-top planif-radius is-layout-flow wp-block-column-is-layout-flow\" style=\"flex-basis:40%\">\n<figure class=\"wp-block-image size-large img-portrait\"><img decoding=\"async\" src=\"https:\/\/photos.smugmug.com\/Travel\/Madeira\/Accommodation\/i-TtZHSRZ\/1\/7f80cf7d\/L\/Arco_da_Calheta_hotel_Madeira-8896-L.jpg\" alt=\"Engenho Velho Hotel\" title=\"\"\/><\/figure>\n<\/div>\n<\/div>\n<\/div><\/div><\/div>\n\n<h2 class=\"wp-block-heading\">S\u00e5dan kommer du til Cabo Girao: adgang og kort<\/h2>\n\n<h3 class=\"wp-block-heading\">Hvor ligger klipperne ved Cabo Girao?<\/h3>\n\n<ul class=\"wp-block-list\">\n<li>Vest for Funchal, n\u00e6r den charmerende landsby <a href=\"https:\/\/madeiralovers.com\/da\/bezienswaardigheden-camara-de-lobos-madeira-bezoeken\/\" target=\"_blank\" rel=\"noreferrer noopener\">Camara dos Lobos<\/a><\/li>\n\n\n\n<li>K\u00f8retid Camara dos Lobos: 10min<\/li>\n\n\n\n<li>K\u00f8retid fra <a href=\"https:\/\/madeiralovers.com\/da\/sevaerdigheder-funchal-besog\/\" target=\"_blank\" rel=\"noreferrer noopener\">Funchal<\/a>: 25 minutter<\/li>\n\n\n\n<li>K\u00f8retid fra <a href=\"https:\/\/madeiralovers.com\/da\/sevaerdigheder-ponta-do-sol-besog\/\" target=\"_blank\" rel=\"noreferrer noopener\">Ponta do Sol<\/a>: 20 minutter<\/li>\n<\/ul>\n\n<p>Her er et kort, der kan hj\u00e6lpe dig med at finde vej:<\/p>\n\n<figure class=\"wp-block-image size-large\"><img decoding=\"async\" src=\"https:\/\/madeiralovers.com\/wp-content\/uploads\/2024\/07\/kort-cabo-girao-madeira-DA-1024x683.png\" alt=\"carte-cabo-girao-madere&#10;`\" class=\"wp-image-3619\"\/><figcaption class=\"wp-element-caption\">Kort, der viser placeringen af Cabo Girao-klippen, Madeira<\/figcaption><\/figure>\n\n<div style=\"margin-top:8%;margin-bottom:8%\" class=\"wp-block-genesis-blocks-gb-container box gb-block-container\"><div class=\"gb-container-inside\"><div class=\"gb-container-content\">\n<div class=\"wp-block-columns inverse box_planif is-layout-flex wp-container-core-columns-is-layout-9d6595d7 wp-block-columns-is-layout-flex\">\n<div class=\"wp-block-column texte_planif is-layout-flow wp-block-column-is-layout-flow\" style=\"flex-basis:58%\">\n<h5 class=\"titre_box\">VORES R\u00c5D TIL LEJNING AF DIN BIL P\u00c5 <span class=\"titre_box_manuscrit\">\nMadeira<\/span><\/h5>\n\n\n\n<ul style=\"font-size:14px\" class=\"liste_voiture wp-block-list\">\n<li>Sammenlign priser p\u00e5 vores foretrukne platform: <a href=\"https:\/\/www.discovercars.com\/dk\/portugal\/madeira?a_aid=zigzag&amp;chan=madeira\" target=\"_blank\" rel=\"noreferrer noopener sponsored nofollow\">DiscoverCars<\/a> &#8211; en af de bedst bed\u00f8mte sider.<\/li>\n\n\n\n<li>Tag en bil med en god motor til skr\u00e5nende veje, men ikke for stor til at man\u00f8vrere.<\/li>\n\n\n\n<li>Der er stor eftersp\u00f8rgsel og f\u00e5 biler, s\u00e5 <strong>book i god tid<\/strong>.<\/li>\n<\/ul>\n<\/div>\n\n\n\n<div class=\"wp-block-column planif-radius-3 is-layout-flow wp-block-column-is-layout-flow\" style=\"flex-basis:42%\">\n<figure class=\"wp-block-image size-large is-resized\"><img decoding=\"async\" src=\"https:\/\/photos.smugmug.com\/Travel\/Madeira\/2i-Miadouro\/i-j86nfB5\/2\/DRCCwrZmGLt2TxcQqRkkLrm3JR55K3NLchGxDNsx6\/S\/driving_Madeira-7130748-S.jpg\" alt=\"Billeje p&#xE5; Madeira\" title=\"\"\/><\/figure>\n<\/div>\n<\/div>\n\n\n\n<div class=\"wp-block-columns planif_bouton is-layout-flex wp-container-core-columns-is-layout-9d6595d7 wp-block-columns-is-layout-flex\">\n<div class=\"wp-block-column is-layout-flow wp-block-column-is-layout-flow\" style=\"flex-basis:50%\">\n<div class=\"wp-block-buttons is-content-justification-center is-layout-flex wp-container-core-buttons-is-layout-16018d1d wp-block-buttons-is-layout-flex\">\n<div class=\"wp-block-button has-custom-font-size\" style=\"font-size:14px\"><a class=\"wp-block-button__link has-white-color has-text-color wp-element-button\" href=\"https:\/\/www.discovercars.com\/dk\/portugal\/madeira?a_aid=zigzag&amp;amp;chan=madeira\" style=\"border-radius:4px\" target=\"_blank\" rel=\"noreferrer noopener\">Se bilerne &gt;&gt;<\/a><\/div>\n<\/div>\n<\/div>\n\n\n\n<div class=\"wp-block-column is-vertically-aligned-center is-layout-flow wp-block-column-is-layout-flow\" style=\"flex-basis:50%\">\n<p class=\"has-text-align-center\" style=\"font-size:14px\"><strong><a href=\"https:\/\/madeiralovers.com\/da\/sadan-lejer-bil-madeira-tips-erfaring\/\" target=\"_blank\" rel=\"noreferrer noopener\">Se vores r\u00e5d<\/a><\/strong><\/p>\n<\/div>\n<\/div>\n<\/div><\/div><\/div>\n\n<h3 class=\"wp-block-heading\">Hvordan kommer jeg derhen? Adgangsvej<\/h3>\n\n<p>Den bedste m\u00e5de at komme til Cabo Girao p\u00e5 er i bil.<br\/>Du vil h\u00f8jst sandsynligt ankomme via den storsl\u00e5ede panoramavej ER101, der g\u00e5r rundt om \u00f8en. F\u00f8lg skiltene til <em>Camara dos Lobos<\/em>. Dette vil tage dig p\u00e5 vej til  <em>Estr. Padre Ant\u00f3nio Dinis Henrique<\/em>  som snor sig blidt ned til Cabo Girao. Skywalken er tydeligt skiltet &#8211; du kan ikke g\u00e5 glip af den!<\/p>\n\n<figure class=\"wp-block-image size-large\"><img decoding=\"async\" src=\"https:\/\/photos.smugmug.com\/Madeira-Lovers\/Cabo-Girao\/Skywalk\/i-v495Nr5\/1\/NRBMzGkwFP8Msw3hq3DJPnJDWhM2f82V3SSPZmGgP\/L\/Cabo_Girao_platform_Madeira-7172893-L.jpg\" alt=\"cabo girao adgangsvej\"\/><\/figure>\n\n<h3 class=\"wp-block-heading\">Parkeringsplads<\/h3>\n\n<p>Der er parkeringspladser n\u00e6r Cabo Girao Skywalk og l\u00e6ngere nede ved Rancho-sv\u00e6vebanen. Der er dog ikke mange pladser, s\u00e5 vi anbefaler, at du kommer tidligt, is\u00e6r hvis du vil bes\u00f8ge glasplatformen. Den bliver hurtigt overtaget &#8211; og det samme g\u00f8r parkeringspladsen &#8211; af de mange bes\u00f8gende, der str\u00f8mmer til.<\/p>\n\n<figure class=\"wp-block-image size-large\"><img decoding=\"async\" src=\"https:\/\/photos.smugmug.com\/Madeira-Lovers\/Cabo-Girao\/Skywalk\/i-GjQJsVr\/1\/KHnXRfcJL2JVfSTB9XM7h9VKQfpB4pnBcHWxZtkb2\/L\/Cabo_Girao_platform_Madeira-7172976-L.jpg\" alt=\"Parkering n&#xE6;r Madeira Skywalk - cabo girao\"\/><figcaption class=\"wp-element-caption\">Parkering n\u00e6r Madeira Skywalk<\/figcaption><\/figure>\n\n<div style=\"background-color:#fefefe;margin-top:6%;margin-bottom:6%\" class=\"wp-block-genesis-blocks-gb-container box gb-block-container\"><div class=\"gb-container-inside\"><div class=\"gb-container-content\" style=\"max-width:700px\">\n<div class=\"wp-block-columns inverse is-layout-flex wp-container-core-columns-is-layout-9d6595d7 wp-block-columns-is-layout-flex\">\n<div class=\"wp-block-column texte_planif is-layout-flow wp-block-column-is-layout-flow\" style=\"flex-basis:58%\">\n<h5 class=\"titre_box\">VORES GUIDE TIL PLANL\u00c6GNING AF EN <span class=\"titre_box_manuscrit\">Dr\u00f8mmerejse<\/span><\/h5>\n\n\n\n<ul class=\"wp-block-list\">\n<li>7 kort, der g\u00f8r planl\u00e6gningen lettere<\/li>\n\n\n\n<li>+ 120 forudvalgte spillesteder  <\/li>\n\n\n\n<li>Praktiske r\u00e5d  <\/li>\n\n\n\n<li>+ 260 fotos, der hj\u00e6lper dig med at v\u00e6lge<\/li>\n<\/ul>\n\n\n\n<div class=\"wp-block-buttons is-layout-flex wp-block-buttons-is-layout-flex\">\n<div class=\"wp-block-button\"><a class=\"wp-block-button__link has-theme-primary-background-color has-background wp-element-button\" href=\"https:\/\/madeiralovers.com\/da\/ebook-rejseguide-madeira\/\">Find ud af mere &gt;&gt;<\/a><\/div>\n<\/div>\n<\/div>\n\n\n\n<div class=\"wp-block-column is-layout-flow wp-block-column-is-layout-flow\" style=\"flex-basis:42%\">\n<div class=\"wp-block-genesis-blocks-gb-container ebook-radius-waitlist gb-block-container\"><div class=\"gb-container-inside\"><div class=\"gb-container-content\"><div class=\"wp-block-image ebook-image\">\n<figure class=\"aligncenter size-full\"><img decoding=\"async\" src=\"https:\/\/madeiralovers.com\/wp-content\/uploads\/2024\/06\/Med-Madeira-Travel-Guide-ebook-cover-2.jpg\" alt=\"guide-voyage-Madere-bog-cover-medium\" class=\"wp-image-2412\"\/><\/figure>\n<\/div><\/div><\/div><\/div>\n<\/div>\n<\/div>\n<\/div><\/div><\/div>\n\n<h2 class=\"wp-block-heading\">Nyttige tips: varighed, tidsplaner, vanskeligheder osv.<\/h2>\n\n<h3 class=\"wp-block-heading\">Bedste bes\u00f8gstidspunkt, \u00e5bningstider og priser<\/h3>\n\n<p>For at bes\u00f8ge Cabo Girao skal du betale et adgangsgebyr p\u00e5 turistkontorets Simplifica-hjemmeside <a href=\"https:\/\/visitmadeira.com\/fr\/ou-aller\/madere\/cote-sud\/camara-de-lobos\/cabo-girao\/\" target=\"_blank\" rel=\"noreferrer noopener nofollow\">her.<\/a><\/p>\n\n<p><strong>Madeira Skywalk<\/strong>:<\/p>\n\n<ul class=\"wp-block-list\">\n<li>\u00c5bningstider: 8.30 til 20.00 (19.00 om vinteren)<\/li>\n\n\n\n<li>Pris: Det meste af tiden er der gratis adgang, men der er et barrieresystem, som af og til kan koste penge (nogle bes\u00f8gende har m\u00e5ttet betale 50 cent).<\/li>\n<\/ul>\n\n<figure class=\"wp-block-image size-large\"><img decoding=\"async\" src=\"https:\/\/photos.smugmug.com\/Madeira-Lovers\/Cabo-Girao\/Skywalk\/i-NxSbWDh\/1\/KbkSX7nRvQggLt8Mc3FHMjrHGkfTSPz8TCQN63PWf\/L\/Cabo_Girao_platform_Madeira-7172903-L.jpg\" alt=\"Madeira Skywalk, i skyerne\"\/><figcaption class=\"wp-element-caption\">Madeira Skywalk, i skyerne<\/figcaption><\/figure>\n\n<p><strong>Rancho sv\u00e6vebane<\/strong>:<\/p>\n\n<ul class=\"wp-block-list\">\n<li>\u00c5bningstider: Tirsdag til l\u00f8rdag kl. 8.00 til 19.30 og s\u00f8ndag kl. 9.00 til 19.30.<br\/>P\u00e5 tirsdage og torsdage er stationen lukket mellem 12.30 og 14.00, og den kan ogs\u00e5 v\u00e6re lukket i forbindelse med vedligeholdelse.<\/li>\n\n\n\n<li>Pris: P\u00e5 tidspunktet for vores bes\u00f8g var prisen 2,50 euro for turen og 5 euro for turen frem og tilbage.<\/li>\n<\/ul>\n\n<p>Vi anbefaler, at du bes\u00f8ger stedet p\u00e5 en klar dag uden vind. P\u00e5 den m\u00e5de kan du beundre landskabet fuldt ud. Du undg\u00e5r ogs\u00e5 den turbulens, der kan opst\u00e5 p\u00e5 grund af brisen i sv\u00e6vebanen. Men det beh\u00f8ver du ikke! Du vil nyde overfarten og beh\u00f8ver ikke at risikere noget, hvis forholdene ikke er perfekte. Tjek vejrudsigten, f\u00f8r du tager <a href=\"https:\/\/fr.windfinder.com\/forecast\/cabo_girao\" target=\"_blank\" rel=\"noreferrer noopener nofollow\">hertil<\/a>.<\/p>\n\n<figure class=\"wp-block-image size-large\"><img decoding=\"async\" src=\"https:\/\/photos.smugmug.com\/Madeira-Lovers\/Cabo-Girao\/Cable-car-teleferico-rancho\/i-TwPGmCX\/1\/NjXntCw2Pj8hbNzxPnx2XDWCxBmdf3Hmj7rWbmsXz\/L\/Cabo_Girao_cable_car_Madeira-7172943-L.jpg\" alt=\"Cabo Girao sv&#xE6;vebane\"\/><figcaption class=\"wp-element-caption\">Cabo Girao sv\u00e6vebane<\/figcaption><\/figure>\n\n<h3 class=\"wp-block-heading\">Bes\u00f8gets l\u00e6ngde og de st\u00f8rste vanskeligheder<\/h3>\n\n<p>Vi anbefaler, at du afs\u00e6tter mellem 1 og 2 timer:<\/p>\n\n<ul class=\"wp-block-list\">\n<li>Oplev landskabet og sp\u00e6ndingen fra glasplatformen &#8211; Skywalk (20 min.)<\/li>\n\n\n\n<li>tag sv\u00e6vebanen retur (turen tager ca. 6 minutter)<\/li>\n\n\n\n<li>G\u00e5 en tur ned ad klippen og beundr havet, unders\u00f8g klippelagene, der vidner om \u00f8ens vulkanske historie, og g\u00e5 langs stien.<\/li>\n<\/ul>\n\n<p>Der er ingen s\u00e6rlige vanskeligheder at forvente, medmindre man lider af svimmelhed. Det kan faktisk v\u00e6re kompliceret for nogle mennesker at st\u00e5 p\u00e5 den gennemsigtige platform over tomrummet eller i sv\u00e6vebanen, der er oph\u00e6ngt langs klippen. Men vi vil gerne forsikre dig om, at du i begge tilf\u00e6lde ikke har noget at frygte!<br\/>N\u00e5r du n\u00e5r bunden af klippen, er stien velholdt og giver ingen problemer.<\/p>\n\n<figure class=\"wp-block-image size-large\"><img decoding=\"async\" src=\"https:\/\/photos.smugmug.com\/Madeira-Lovers\/Cabo-Girao\/Cable-car-teleferico-rancho\/i-KXQGkXw\/1\/MNPbghzCLtJZnwJWxXVxGLM37D8bwH6vsVSHCkjpx\/L\/Cabo_Girao_cable_car_Madeira-7172963-L.jpg\" alt=\"cabo girao - klippe og faja nedenfor\"\/><figcaption class=\"wp-element-caption\">Klippe og <em>faja<\/em> nedenfor<\/figcaption><\/figure>\n\n<h3 class=\"wp-block-heading\">Bes\u00f8gets retning<\/h3>\n\n<p>Der er ingen fast m\u00e5de at bes\u00f8ge siden p\u00e5, men her er et par tips:<\/p>\n\n<ul class=\"wp-block-list\">\n<li>Hvis du vil bes\u00f8ge Madeira Skywalk, skal du komme tidligt, s\u00e5 snart den \u00e5bner. P\u00e5 den m\u00e5de kan du undg\u00e5 menneskem\u00e6ngden.<\/li>\n\n\n\n<li>Hvis du vil opleve Cabo Girao p\u00e5 en mere autentisk m\u00e5de, skal du g\u00e5 direkte til Cabo Girao-sv\u00e6vebanen.<\/li>\n\n\n\n<li>Hvis du vil bes\u00f8ge begge attraktioner, anbefaler vi, at du bes\u00f8ger Skywalk f\u00f8rst og derefter tager sv\u00e6vebanen.<\/li>\n<\/ul>\n\n<p>For at hj\u00e6lpe dig med at finde rundt er her et kort over omr\u00e5det omkring det oph\u00e6ngte forbjerg:<\/p>\n\n<figure class=\"wp-block-image size-large\"><img decoding=\"async\" src=\"https:\/\/photos.smugmug.com\/Madeira-Lovers\/Cabo-Girao\/Skywalk\/i-FRW7n5K\/1\/LCr8vxQTZ3znV2LHwWWkGKSnLr8LwCbDndDk7vPw8\/L\/Cabo_Girao_platform_Madeira-7172898-L.jpg\" alt=\"Kort over omr&#xE5;det omkring Skywalk - cabo girao\"\/><figcaption class=\"wp-element-caption\">Kort over omr\u00e5det omkring Skywalk<\/figcaption><\/figure>\n\n<h3 class=\"wp-block-heading\">Catering, toiletter og faciliteter<\/h3>\n\n<p>Der er toiletter (mod betaling), souvenirbutikker og en restaurant p\u00e5 Skywalk- og sv\u00e6vebaneniveau.<\/p>\n\n<figure class=\"wp-block-image size-large\"><img decoding=\"async\" src=\"https:\/\/photos.smugmug.com\/Madeira-Lovers\/Cabo-Girao\/Cable-car-teleferico-rancho\/i-hqk7CkH\/1\/LGrFHhbjCr8ZjVQ52NW3tzbT5fbXvnq3f8vSM6X6N\/L\/Cabo_Girao_cable_car_Madeira-7172962-L.jpg\" alt=\"toiletter cabo girao\"\/><figcaption class=\"wp-element-caption\">Toiletter<\/figcaption><\/figure>\n\n<div style=\"margin-top:8%;margin-bottom:8%\" class=\"wp-block-genesis-blocks-gb-container box gb-block-container\"><div class=\"gb-container-inside\"><div class=\"gb-container-content\">\n<div class=\"wp-block-columns inverse is-layout-flex wp-container-core-columns-is-layout-9d6595d7 wp-block-columns-is-layout-flex\">\n<div class=\"wp-block-column texte_planif is-layout-flow wp-block-column-is-layout-flow\" style=\"flex-basis:58%\">\n<h5 class=\"titre_box\">VORES FAVORITAKTIVITET p\u00e5 <span class=\"titre_box_manuscrit\">Madeira<\/span><\/h5>\n\n\n\n<p style=\"font-size:14px\">Katamaran-tur for at se delfiner og Madeiras gigantiske klipper.<\/p>\n\n\n\n<p style=\"font-size:14px\"><a href=\"https:\/\/www.getyourguide.dk\/s?q=Funchal+dauphins+catamaran&amp;searchSource=8&amp;partner_id=R3GYW4V&amp;cmp=madeira\" target=\"_blank\" rel=\"noreferrer noopener sponsored nofollow\">Se program og tilg\u00e6ngelighed &#8211; og book!<\/a><\/p>\n<\/div>\n\n\n\n<div class=\"wp-block-column ville-radius is-layout-flow wp-block-column-is-layout-flow\" style=\"flex-basis:42%\">\n<figure class=\"wp-block-image size-large is-resized img-portrait\"><img decoding=\"async\" src=\"https:\/\/photos.smugmug.com\/Travel\/Madeira\/9c-Dolphins\/i-whpFzdc\/1\/2fa5ccf1\/L\/dolphin_cruise_boat_Tour_Madeira-7204502-L.jpg\" alt=\"\" style=\"width:319px;height:303px\" title=\"\"\/><\/figure>\n<\/div>\n<\/div>\n<\/div><\/div><\/div>\n\n<h2 class=\"wp-block-heading\">Cabo Girao Skywalk: panoramisk glasplatform<\/h2>\n\n<p>Cabo Girao er blandt andet kendt for Madeira Skywalk. Denne glasplatform, der h\u00e6nger 580 meter over Atlanterhavet, blev \u00e5bnet i 2012. Den er meget popul\u00e6r i regionen og tiltr\u00e6kker mange bes\u00f8gende.<\/p>\n\n<figure class=\"wp-block-image size-large is-resized\"><img decoding=\"async\" src=\"https:\/\/photos.smugmug.com\/Madeira-Lovers\/Cabo-Girao\/Skywalk\/i-qp27T5X\/1\/MxLqjSc5VPc4JnC7kp25mbHRTk3nQx6JpSJd6jncb\/L\/Cabo_Girao_platform_Madeira-7172988-L.jpg\" alt=\"Strand og klippe nedenfor Madeira Skywalk-platformen\" style=\"width:702px;height:auto\"\/><figcaption class=\"wp-element-caption\">Kystlinje og klipper nedenfor Madeira Skywalk-platformen<\/figcaption><\/figure>\n\n<p>Vi opdagede en smuk udsigt over Madeiras kystlinje og Fajas de Cabo Girao nedenfor.<a href=\"https:\/\/cabogirao.com\/fr\/skywalk.php\" target=\"_blank\" rel=\"noreferrer noopener\"><\/a><a href=\"https:\/\/zigzagvoyages.fr\/falaises-cabo-girao-madere\/\" target=\"_blank\" rel=\"noreferrer noopener\"><\/a>. Vidste du det? Det er et af de h\u00f8jeste udsigtspunkter i Europa! Vi vil dog gerne p\u00e5pege, at vi trods vores tendens til svimmelhed ikke blev skr\u00e6mt p\u00e5 det gennemsigtige forbjerg. Selv om denne attraktion er meget popul\u00e6r, var det ikke her, vi kunne beundre den bedste udsigt under vores ophold p\u00e5 Isle of Flowers. Vi synes, det er et interessant sted at bes\u00f8ge, men ikke et must-see.<\/p>\n\n<figure class=\"wp-block-image size-large\"><img decoding=\"async\" src=\"https:\/\/photos.smugmug.com\/Madeira-Lovers\/Cabo-Girao\/Skywalk\/i-ksRW926\/1\/KwRmCNPMkqHPXJRp4zvkrbN88z3dpqfx9RGNMbGWd\/L\/Cabo_Girao_platform_Madeira-7172985-L.jpg\" alt=\"Udsigt fra Madeira Skywalk-platformen\"\/><figcaption class=\"wp-element-caption\">Udsigt fra Madeira Skywalk-platformen<\/figcaption><\/figure>\n\n<h2 class=\"wp-block-heading\">Cabo Girao sv\u00e6vebane<\/h2>\n\n<p>Uanset om du har bes\u00f8gt Skywalk eller ej, anbefaler vi p\u00e5 det kraftigste, at du tager sv\u00e6vebanen ned. Fra hytten kan du nyde en storsl\u00e5et udsigt, langt fra menneskem\u00e6ngden p\u00e5 den gennemsigtige platform! Efter vores mening er det den mest autentiske m\u00e5de at bes\u00f8ge denne del af \u00f8en p\u00e5.<br\/>Teleferico do Rancho (ogs\u00e5 kendt som Cabo Girao-sv\u00e6vebanen) ligger 4 km nedstr\u00f8ms fra glasbjerget og f\u00f8rer dig forsigtigt ned ad klippev\u00e6ggen til havet.<\/p>\n\n<figure class=\"wp-block-image size-large is-resized\"><img decoding=\"async\" src=\"https:\/\/photos.smugmug.com\/Madeira-Lovers\/Cabo-Girao\/Cable-car-teleferico-rancho\/i-J3HfPqq\/1\/KsrkzhCjRh3rD6PT7h5bXXppQ2VfgnSv45kVd9NFW\/L\/Cabo_Girao_cable_car_Madeira-9057-L.jpg\" alt=\"En Teleferico do Rancho-kabine p&#xE5; vej ned ad klippen\" style=\"width:702px;height:auto\"\/><figcaption class=\"wp-element-caption\">En Teleferico do Rancho-kabine p\u00e5 vej ned ad klippen<\/figcaption><\/figure>\n\n<p>F\u00f8r du tager ruten, b\u00f8r du tage dig tid til at klatre op p\u00e5 toppen af det n\u00e6rliggende udsigtspunkt for at f\u00e5 det f\u00f8rste glimt af landskabet.<br\/>Vi elskede de knaldr\u00f8de hytter p\u00e5 sv\u00e6vebanen! Det er en af de <a href=\"https:\/\/madeiralovers.com\/da\/svaevebaner-madeira\/\" target=\"_blank\" rel=\"noreferrer noopener\">mange sv\u00e6vebaner p\u00e5 Isle of Flowers<\/a>, men vi synes ikke, det er den mest imponerende&#8230;<\/p>\n\n<figure class=\"wp-block-image size-large\"><img decoding=\"async\" src=\"https:\/\/photos.smugmug.com\/Madeira-Lovers\/Cabo-Girao\/Cable-car-teleferico-rancho\/i-HmLWZfj\/1\/MnHD5xffN6ZMHhxjv2QQKcn4rrMJwGfLMWQQRrv8z\/L\/Cabo_Girao_cable_car_Madeira-7172918-L.jpg\" alt=\"Udsigt fra observationsplatformen n&#xE6;r sv&#xE6;vebanen\"\/><figcaption class=\"wp-element-caption\">Udsigt fra observationsplatformen n\u00e6r sv\u00e6vebanen<\/figcaption><\/figure>\n\n<h2 class=\"wp-block-heading\">Betagende udsigt over klipperne og Atlanterhavet<\/h2>\n\n<p>Under nedstigningen, som tager ca. 3 minutter, har du masser af tid til at nyde det omkringliggende landskab. Vi n\u00f8d at se basaltkysten fra hytten. Med en h\u00f8jde p\u00e5 580 meter er Cap Gir\u00e3o en af de h\u00f8jeste klipper i Europa! Bem\u00e6rk de lag, der er dannet gennem \u00e5rene.<br\/>Afh\u00e6ngigt af vejret bidrager havgus og skyer til synet. Denne type landskab med sin r\u00e5, ut\u00e6mmede sk\u00f8nhed blev hos os under hele vores rejse til \u00f8en.<\/p>\n\n<figure class=\"wp-block-image size-large\"><img decoding=\"async\" src=\"https:\/\/photos.smugmug.com\/Madeira-Lovers\/Cabo-Girao\/Cable-car-teleferico-rancho\/i-rmH9vzf\/1\/KMTrtmqPgZdNMCj9zwDjcGbz5W8nfkLK4XBqZhDrR\/L\/Cabo_Girao_cable_car_Madeira-9049-L.jpg\" alt=\"Udsigt over klipperne fra sv&#xE6;vebanens kabine\"\/><figcaption class=\"wp-element-caption\">Udsigt over klipperne fra sv\u00e6vebanens kabine<\/figcaption><\/figure>\n\n<p>Fra sv\u00e6vebanen giver muren indtryk af at styrte n\u00e6sten lodret ned i havet. Et betagende syn med hav s\u00e5 langt \u00f8jet r\u00e6kker. Faktisk vil vi r\u00e5de dig til at holde \u00f8jnene \u00e5bne! Madeiras kystlinje er hjemsted for mange hvaler, og m\u00e5ske f\u00e5r du ligefrem et glimt af en! Hvis du er interesseret, kan du l\u00e6se <a href=\"https:\/\/madeiralovers.com\/da\/delfinspotting-madeira-baleiner-udflugter\/\" target=\"_blank\" rel=\"noreferrer noopener\">vores artikel om hvalsafari p\u00e5 Madeira<\/a>.<\/p>\n\n<figure class=\"wp-block-image size-large\"><img decoding=\"async\" src=\"https:\/\/photos.smugmug.com\/Madeira-Lovers\/Cabo-Girao\/Cable-car-teleferico-rancho\/i-P5CT7tP\/1\/MhFTWJbTPQQWv6f63DZGjpTZLbtL8GjLTPCbpWrJK\/L\/Cabo_Girao_cable_car_Madeira-7172931-L.jpg\" alt=\"Udsigt fra sv&#xE6;vebanens kabine\"\/><figcaption class=\"wp-element-caption\">Udsigt fra sv\u00e6vebanens kabine<\/figcaption><\/figure>\n\n<div style=\"background-color:#fefefe;margin-top:6%;margin-bottom:6%\" class=\"wp-block-genesis-blocks-gb-container box gb-block-container\"><div class=\"gb-container-inside\"><div class=\"gb-container-content\" style=\"max-width:700px\">\n<div class=\"wp-block-columns inverse is-layout-flex wp-container-core-columns-is-layout-9d6595d7 wp-block-columns-is-layout-flex\">\n<div class=\"wp-block-column texte_planif is-layout-flow wp-block-column-is-layout-flow\" style=\"flex-basis:58%\">\n<h5 class=\"titre_box\">Modtag vores <span class=\"titre_box_manuscrit\">nyhedsbrev<\/span><\/h5>\n\n\n\n<ul class=\"wp-block-list\">\n<li>Et frisk pust i din hverdag p\u00e5 de smukke destinationer i Region Lovers!<\/li>\n\n\n\n<li>En gang om m\u00e5neden.<\/li>\n\n\n\n<li>Reklamefri<\/li>\n<\/ul>\n\n\n<script>\nvar gform;gform||(document.addEventListener(\"gform_main_scripts_loaded\",function(){gform.scriptsLoaded=!0}),document.addEventListener(\"gform\/theme\/scripts_loaded\",function(){gform.themeScriptsLoaded=!0}),window.addEventListener(\"DOMContentLoaded\",function(){gform.domLoaded=!0}),gform={domLoaded:!1,scriptsLoaded:!1,themeScriptsLoaded:!1,isFormEditor:()=>\"function\"==typeof InitializeEditor,callIfLoaded:function(o){return!(!gform.domLoaded||!gform.scriptsLoaded||!gform.themeScriptsLoaded&&!gform.isFormEditor()||(gform.isFormEditor()&&console.warn(\"The use of gform.initializeOnLoaded() is deprecated in the form editor context and will be removed in Gravity Forms 3.1.\"),o(),0))},initializeOnLoaded:function(o){gform.callIfLoaded(o)||(document.addEventListener(\"gform_main_scripts_loaded\",()=>{gform.scriptsLoaded=!0,gform.callIfLoaded(o)}),document.addEventListener(\"gform\/theme\/scripts_loaded\",()=>{gform.themeScriptsLoaded=!0,gform.callIfLoaded(o)}),window.addEventListener(\"DOMContentLoaded\",()=>{gform.domLoaded=!0,gform.callIfLoaded(o)}))},hooks:{action:{},filter:{}},addAction:function(o,r,e,t){gform.addHook(\"action\",o,r,e,t)},addFilter:function(o,r,e,t){gform.addHook(\"filter\",o,r,e,t)},doAction:function(o){gform.doHook(\"action\",o,arguments)},applyFilters:function(o){return gform.doHook(\"filter\",o,arguments)},removeAction:function(o,r){gform.removeHook(\"action\",o,r)},removeFilter:function(o,r,e){gform.removeHook(\"filter\",o,r,e)},addHook:function(o,r,e,t,n){null==gform.hooks[o][r]&&(gform.hooks[o][r]=[]);var d=gform.hooks[o][r];null==n&&(n=r+\"_\"+d.length),gform.hooks[o][r].push({tag:n,callable:e,priority:t=null==t?10:t})},doHook:function(r,o,e){var t;if(e=Array.prototype.slice.call(e,1),null!=gform.hooks[r][o]&&((o=gform.hooks[r][o]).sort(function(o,r){return o.priority-r.priority}),o.forEach(function(o){\"function\"!=typeof(t=o.callable)&&(t=window[t]),\"action\"==r?t.apply(null,e):e[0]=t.apply(null,e)})),\"filter\"==r)return e[0]},removeHook:function(o,r,t,n){var e;null!=gform.hooks[o][r]&&(e=(e=gform.hooks[o][r]).filter(function(o,r,e){return!!(null!=n&&n!=o.tag||null!=t&&t!=o.priority)}),gform.hooks[o][r]=e)}});\n<\/script>\n\n                <div class='gf_browser_gecko gform_wrapper gravity-theme gform-theme--no-framework waitlist_wrapper' data-form-theme='gravity-theme' data-form-index='0' id='gform_wrapper_2' >\n                        <div class='gform_heading'>\n                            <p class='gform_description'><\/p>\n                        <\/div><form method='post' enctype='multipart\/form-data'  id='gform_2' class='waitlist' action='\/da\/wp-json\/wp\/v2\/posts\/3691' data-formid='2' novalidate> \r\n <input type='hidden' class='gforms-pum' value='{\"closepopup\":false,\"closedelay\":0,\"openpopup\":false,\"openpopup_id\":0}' \/>\n                        <div class='gform-body gform_body'><div id='gform_fields_2' class='gform_fields top_label form_sublabel_below description_below validation_below'><div id=\"field_2_5\" class=\"gfield gfield--type-honeypot gform_validation_container field_sublabel_below gfield--has-description field_description_below field_validation_below gfield_visibility_visible\"  ><label class='gfield_label gform-field-label' for='input_2_5'>Instagram<\/label><div class='ginput_container'><input name='input_5' id='input_2_5' type='text' value='' autocomplete='new-password'\/><\/div><div class='gfield_description' id='gfield_description_2_5'>Dette felt er til validering og b\u00f8r ikke \u00e6ndres.<\/div><\/div><div id=\"field_2_1\" class=\"gfield gfield--type-email gfield--input-type-email gfield_contains_required field_sublabel_below gfield--no-description field_description_below hidden_label field_validation_below gfield_visibility_visible\"  ><label class='gfield_label gform-field-label' for='input_2_1'>E-mail<span class=\"gfield_required\"><span class=\"gfield_required gfield_required_text\">(P\u00e5kr\u00e6vet)<\/span><\/span><\/label><div class='ginput_container ginput_container_email'>\n                            <input name='input_1' id='input_2_1' type='email' value='' class='large'    aria-required=\"true\" aria-invalid=\"false\"  \/>\n                        <\/div><\/div><fieldset id=\"field_2_3\" class=\"gfield gfield--type-consent gfield--type-choice gfield--input-type-consent gfield_contains_required field_sublabel_below gfield--no-description field_description_below hidden_label field_validation_below gfield_visibility_visible\"  ><legend class='gfield_label gform-field-label gfield_label_before_complex' >RGPD<span class=\"gfield_required\"><span class=\"gfield_required gfield_required_text\">(P\u00e5kr\u00e6vet)<\/span><\/span><\/legend><div class='ginput_container ginput_container_consent'><input name='input_3.1' id='input_2_3_1' type='checkbox' value='1'   aria-required=\"true\" aria-invalid=\"false\"   \/> <label class=\"gform-field-label gform-field-label--type-inline gfield_consent_label\" for='input_2_3_1' >Ja, jeg vil gerne abonnere p\u00e5 det m\u00e5nedlige nyhedsbrev<span class=\"gfield_required gfield_required_text\">(P\u00e5kr\u00e6vet)<\/span><\/label><input type='hidden' name='input_3.2' value='Ja, jeg vil gerne abonnere p\u00e5 det m\u00e5nedlige nyhedsbrev' class='gform_hidden' \/><input type='hidden' name='input_3.3' value='1' class='gform_hidden' \/><\/div><\/fieldset><div id=\"field_2_4\" class=\"gfield gfield--type-website gfield--input-type-website field_sublabel_below gfield--no-description field_description_below field_validation_below gfield_visibility_hidden\"  ><div class=\"admin-hidden-markup\"><i class=\"gform-icon gform-icon--hidden\" aria-hidden=\"true\" title=\"Dette felt er skjult, n\u00e5r du f\u00e5r vist formularen\"><\/i><span>Dette felt er skjult, n\u00e5r du f\u00e5r vist formularen<\/span><\/div><label class='gfield_label gform-field-label' for='input_2_4'>Hjemmeside<\/label><div class='ginput_container ginput_container_website'>\n                    <input name='input_4' id='input_2_4' type='url' value='https:\/\/madeiralovers.com\/da\/wp-json\/wp\/v2\/posts\/3691' class='large'    placeholder='https:\/\/'  aria-invalid=\"false\" \/>\n                <\/div><\/div><\/div><\/div>\n        <div class='gform-footer gform_footer top_label'> <input type='submit' id='gform_submit_button_2' class='gform_button button' onclick='gform.submission.handleButtonClick(this);' data-submission-type='submit' value='Skriv dig op'  \/> \n            <input type='hidden' class='gform_hidden' name='gform_submission_method' data-js='gform_submission_method_2' value='postback' \/>\n            <input type='hidden' class='gform_hidden' name='gform_theme' data-js='gform_theme_2' id='gform_theme_2' value='gravity-theme' \/>\n            <input type='hidden' class='gform_hidden' name='gform_style_settings' data-js='gform_style_settings_2' id='gform_style_settings_2' value='{&quot;theme&quot;:&quot;gravity-theme&quot;,&quot;inputPrimaryColor&quot;:&quot;#72bb20&quot;,&quot;buttonPrimaryBackgroundColor&quot;:&quot;#72bb20&quot;}' \/>\n            <input type='hidden' class='gform_hidden' name='is_submit_2' value='1' \/>\n            <input type='hidden' class='gform_hidden' name='gform_submit' value='2' \/>\n            \n            <input type='hidden' class='gform_hidden' name='gform_currency' data-currency='EUR' value='CaOOXtVnx6+CdVw7Q0dJj2vjwO0vy9Kev5moQy\/4o5kMJVxBkUPtlDsvFdU0Z1DGSPE4iY4L3gk2bfnOUjU9HRVFsAXP4CFMKUVqv8a4AtZli54=' \/>\n            <input type='hidden' class='gform_hidden' name='gform_unique_id' value='' \/>\n            <input type='hidden' class='gform_hidden' name='state_2' value='WyJ7XCIzLjFcIjpcImMzMjZlZjU3NGQwMWFmNjhhYTg1YTk2ODk5ZTAyYmU1XCIsXCIzLjJcIjpcIjIwMzdlZDc4MjA3YjI1ZDBlNDVmYzFmZWMzNDRmZmU3XCIsXCIzLjNcIjpcImMzMjZlZjU3NGQwMWFmNjhhYTg1YTk2ODk5ZTAyYmU1XCJ9IiwiODNkZDAwMWE4YWEyMTRjMDFlYzcyMjI5OTdmY2ExYWUiXQ==' \/>\n            <input type='hidden' autocomplete='off' class='gform_hidden' name='gform_target_page_number_2' id='gform_target_page_number_2' value='0' \/>\n            <input type='hidden' autocomplete='off' class='gform_hidden' name='gform_source_page_number_2' id='gform_source_page_number_2' value='1' \/>\n            <input type='hidden' name='gform_field_values' value='' \/>\n            \n        <\/div>\n                        <\/form>\n                        <\/div><script>\ngform.initializeOnLoaded( function() {gformInitSpinner( 2, 'https:\/\/madeiralovers.com\/wp-content\/plugins\/gravityforms\/images\/spinner.svg', true );jQuery('#gform_ajax_frame_2').on('load',function(){var contents = jQuery(this).contents().find('*').html();var is_postback = contents.indexOf('GF_AJAX_POSTBACK') >= 0;if(!is_postback){return;}var form_content = jQuery(this).contents().find('#gform_wrapper_2');var is_confirmation = jQuery(this).contents().find('#gform_confirmation_wrapper_2').length > 0;var is_redirect = contents.indexOf('gformRedirect(){') >= 0;var is_form = form_content.length > 0 && ! is_redirect && ! is_confirmation;var mt = parseInt(jQuery('html').css('margin-top'), 10) + parseInt(jQuery('body').css('margin-top'), 10) + 100;if(is_form){jQuery('#gform_wrapper_2').html(form_content.html());if(form_content.hasClass('gform_validation_error')){jQuery('#gform_wrapper_2').addClass('gform_validation_error');} else {jQuery('#gform_wrapper_2').removeClass('gform_validation_error');}setTimeout( function() { \/* delay the scroll by 50 milliseconds to fix a bug in chrome *\/  }, 50 );if(window['gformInitDatepicker']) {gformInitDatepicker();}if(window['gformInitPriceFields']) {gformInitPriceFields();}var current_page = jQuery('#gform_source_page_number_2').val();gformInitSpinner( 2, 'https:\/\/madeiralovers.com\/wp-content\/plugins\/gravityforms\/images\/spinner.svg', true );jQuery(document).trigger('gform_page_loaded', [2, current_page]);window['gf_submitting_2'] = false;}else if(!is_redirect){var confirmation_content = jQuery(this).contents().find('.GF_AJAX_POSTBACK').html();if(!confirmation_content){confirmation_content = contents;}jQuery('#gform_wrapper_2').replaceWith(confirmation_content);jQuery(document).trigger('gform_confirmation_loaded', [2]);window['gf_submitting_2'] = false;wp.a11y.speak(jQuery('#gform_confirmation_message_2').text());}else{jQuery('#gform_2').append(contents);if(window['gformRedirect']) {gformRedirect();}}jQuery(document).trigger(\"gform_pre_post_render\", [{ formId: \"2\", currentPage: \"current_page\", abort: function() { this.preventDefault(); } }]);        if (event && event.defaultPrevented) {                return;        }        const gformWrapperDiv = document.getElementById( \"gform_wrapper_2\" );        if ( gformWrapperDiv ) {            const visibilitySpan = document.createElement( \"span\" );            visibilitySpan.id = \"gform_visibility_test_2\";            gformWrapperDiv.insertAdjacentElement( \"afterend\", visibilitySpan );        }        const visibilityTestDiv = document.getElementById( \"gform_visibility_test_2\" );        let postRenderFired = false;        function triggerPostRender() {            if ( postRenderFired ) {                return;            }            postRenderFired = true;            gform.core.triggerPostRenderEvents( 2, current_page );            if ( visibilityTestDiv ) {                visibilityTestDiv.parentNode.removeChild( visibilityTestDiv );            }        }        function debounce( func, wait, immediate ) {            var timeout;            return function() {                var context = this, args = arguments;                var later = function() {                    timeout = null;                    if ( !immediate ) func.apply( context, args );                };                var callNow = immediate && !timeout;                clearTimeout( timeout );                timeout = setTimeout( later, wait );                if ( callNow ) func.apply( context, args );            };        }        const debouncedTriggerPostRender = debounce( function() {            triggerPostRender();        }, 200 );        if ( visibilityTestDiv && visibilityTestDiv.offsetParent === null ) {            const observer = new MutationObserver( ( mutations ) => {                mutations.forEach( ( mutation ) => {                    if ( mutation.type === 'attributes' && visibilityTestDiv.offsetParent !== null ) {                        debouncedTriggerPostRender();                        observer.disconnect();                    }                });            });            observer.observe( document.body, {                attributes: true,                childList: false,                subtree: true,                attributeFilter: [ 'style', 'class' ],            });        } else {            triggerPostRender();        }    } );} );\n<\/script>\n<\/div>\n\n\n\n<div class=\"wp-block-column is-layout-flow wp-block-column-is-layout-flow\" style=\"flex-basis:42%\">\n<div class=\"wp-block-genesis-blocks-gb-container aligncenter newsletter-radius gb-block-container\"><div class=\"gb-container-inside\"><div class=\"gb-container-content\"><div class=\"wp-block-image newsletter-image\">\n<figure class=\"aligncenter size-full\"><img loading=\"lazy\" decoding=\"async\" width=\"729\" height=\"792\" src=\"https:\/\/madeiralovers.com\/wp-content\/uploads\/2024\/01\/newsletter_FR_2.webp\" alt=\"\" class=\"wp-image-222\" srcset=\"https:\/\/madeiralovers.com\/wp-content\/uploads\/2024\/01\/newsletter_FR_2.webp 729w, https:\/\/madeiralovers.com\/wp-content\/uploads\/2024\/01\/newsletter_FR_2-276x300.webp 276w\" sizes=\"auto, (max-width: 729px) 100vw, 729px\" \/><\/figure>\n<\/div><\/div><\/div><\/div>\n<\/div>\n<\/div>\n<\/div><\/div><\/div>\n\n<h2 class=\"wp-block-heading\"><em>Faja<\/em> de Cabo Girao og strandpromenaden<\/h2>\n\n<p>P\u00e5 vej ned tog vi os tid til at beundre udsigten over <em>Faja<\/em> de Cabo Girao og de terrasserede vinmarker. <em>Faja<\/em> er navnet p\u00e5 landbrugsjorden, der danner en smal stribe dyrkbar jord ved foden af klipperne.<a href=\"https:\/\/www.portomoniz.pt\/fr\/visiteurs\/points-d-interet\/le-telepherique\" target=\"_blank\" rel=\"noreferrer noopener\"><\/a><a href=\"https:\/\/zigzagvoyages.fr\/telepherique-achadas-da-cruz-madere\/\" target=\"_blank\" rel=\"noreferrer noopener\"><\/a>. Sv\u00e6vebanen er et godt udsigtspunkt, hvorfra man kan se den lokale befolknings opfindsomhed, som har form\u00e5et at dyrke denne frugtbare jord under til tider komplicerede forhold. Vi fandt ud af, at f\u00f8r sv\u00e6vebanen blev bygget i 2003, var der kun adgang til plantagerne med b\u00e5d! Og n\u00e5r vejret ikke tillod det, var landm\u00e6ndene tvunget til at bestige en sti med 1.100 trin og b\u00e6re deres udstyr p\u00e5 ryggen.<\/p>\n\n<figure class=\"wp-block-image size-large\"><img decoding=\"async\" src=\"https:\/\/photos.smugmug.com\/Madeira-Lovers\/Cabo-Girao\/Cable-car-teleferico-rancho\/i-S3pWVBS\/1\/L8DLfXBCSVTmFqKV3c3J7gNjvWfR5BN2SqC6wbdbb\/L\/Cabo_Girao_cable_car_Madeira-7172968-L.jpg\" alt=\"faja cabo girao\"\/><\/figure>\n\n<p>Der er mange<em> fajaer<\/em> over hele \u00f8en, inklusive <a href=\"https:\/\/madeiralovers.com\/da\/svaevebane-achadas-da-cruz-madeira\/\" target=\"_blank\" rel=\"noreferrer noopener\">Achadas da<\/a> Cruz.  <br\/>Da vi n\u00e5ede bunden, n\u00f8d vi turen langs den smukke sti, der gr\u00e6nser op til havet. Der er ogs\u00e5 stenstrande. Brug et \u00f8jeblik p\u00e5 at kigge op og se sv\u00e6vebanen. Se, hvor stejl nedstigningen ser ud fra dette udsigtspunkt!<\/p>\n\n<figure class=\"wp-block-image size-large\"><img decoding=\"async\" src=\"https:\/\/photos.smugmug.com\/Madeira-Lovers\/Cabo-Girao\/Cable-car-teleferico-rancho\/i-B87Zg88\/1\/LNMcpcvKHH3xBXFgmdDgsDQQCfz2w6GLTfnsL7cpL\/L\/Cabo_Girao_cable_car_Madeira-9053-L.jpg\" alt=\"cabo girao oceanfront trail\"\/><\/figure>\n\n<h2 class=\"wp-block-heading\">Andre attraktioner i n\u00e6rheden<\/h2>\n\n<p>Du kan kombinere dit bes\u00f8g i Cabo Girao med disse attraktioner i n\u00e6rheden:<\/p>\n\n<ul class=\"wp-block-list\">\n<li><strong>Se Cabo Girao-klipperne fra havet <\/strong>p\u00e5 en af Madeiras bedste b\u00e5dture, hvor du ogs\u00e5 kan sv\u00f8mme med delfiner. <a href=\"https:\/\/www.getyourguide.dk\/madere-l67\/depuis-funchal-croisiere-en-catamaran-pour-observer-les-dauphins-et-les-baleines-t426409\/?partner_id=R3GYW4V&amp;cmp=madeira\" target=\"_blank\" rel=\"noreferrer noopener sponsored nofollow\">Find ud af mere og book<\/a>.<\/li>\n\n\n\n<li><strong>Flaner til <a href=\"https:\/\/madeiralovers.com\/da\/bezienswaardigheden-camara-de-lobos-madeira-bezoeken\/\" target=\"_blank\" rel=\"noreferrer noopener\">Camara de Lobos<\/a><\/strong>, en charmerende fiskerby, der ligger i en malerisk bugt (10 minutters k\u00f8rsel).<\/li>\n\n\n\n<li><strong>Bes\u00f8g <a href=\"https:\/\/madeiralovers.com\/da\/sevaerdigheder-funchal-besog\/\" target=\"_blank\" rel=\"noreferrer noopener\">Funchal<\/a><\/strong>, Madeiras hovedstad (25 minutters k\u00f8rsel).<br\/>Vi elskede den rige kulturarv, de frodige gr\u00f8nne landskaber og det traditionelle k\u00f8kken, som g\u00f8r det til et ideelt sted at komme v\u00e6k fra det hele. Du vil blive charmeret af lokalbefolkningens legendariske g\u00e6stfrihed i denne by fuld af overraskelser og kontraster.<\/li>\n\n\n\n<li><strong>Oplev <a href=\"https:\/\/madeiralovers.com\/da\/sevaerdigheder-ribeira-brava-besog\/\" target=\"_blank\" rel=\"noreferrer noopener\">Ribeira Brava<\/a><\/strong> og dens afslappede atmosf\u00e6re (20 minutters k\u00f8rsel v\u00e6k).<\/li>\n\n\n\n<li><strong>G\u00e5<\/strong> en tur gennem bananmarkerne for at opdage en af <a href=\"https:\/\/madeiralovers.com\/da\/best-levadas-madere\/\" target=\"_blank\" rel=\"noreferrer noopener\">Madeiras ber\u00f8mte levedas<\/a> i Madalena do Mar (30 minutters k\u00f8rsel).<\/li>\n<\/ul>\n\n<figure class=\"wp-block-image size-large is-resized\"><img decoding=\"async\" src=\"https:\/\/photos.smugmug.com\/Madeira-Lovers\/Camara-de-Lobos\/Town\/i-V7vhL8x\/0\/FP83CtxgHnGHsc4nkxVwBSsNfJkkPRS8RHVPJWzKS\/L\/camara_dos_Lobos_Madeira-7173018-L.jpg\" alt=\"Camara dos Lobos\" style=\"width:702px;height:auto\"\/><figcaption class=\"wp-element-caption\"><strong>Camara dos Lobos<\/strong><\/figcaption><\/figure>\n\n<h2 class=\"wp-block-heading\">Ofte stillede sp\u00f8rgsm\u00e5l<\/h2>\n\n<h3 class=\"wp-block-heading\">Hvad betyder &#8220;Cabo Girao&#8221;?<\/h3>\n\n<p>If\u00f8lge legenden stammer navnet &#8220;Cabo Gir\u00e3o&#8221; fra Jo\u00e3o Gon\u00e7alves Zarcos f\u00f8rste udforskning af Madeiras kyst i 1420. I sin logbog skal den opdagelsesrejsende have beskrevet et imponerende m\u00f8rkt forbjerg, som han forbandt med d\u00e6moners og onde \u00e5nders tilholdssted. Vi har l\u00e6rt, at denne mystiske og foruroligende beskrivelse gav anledning til navnet &#8220;Gir\u00e3o&#8221;. Dette ord kan tolkes som &#8220;stor b\u00f8jning&#8221; eller &#8220;stor drejning&#8221; med henvisning til den karakteristiske form p\u00e5 denne imponerende kappe.<\/p>\n\n<p>Vi mener, at denne fortolkning tilf\u00f8jer en fascinerende historisk og folkloristisk dimension til et sted, der allerede er bem\u00e6rkelsesv\u00e6rdigt p\u00e5 grund af sin geografi. Den illustrerer, hvordan de f\u00f8rste opdagelsesrejsende opfattede og navngav de steder, de opdagede, og ofte blandede reelle observationer med datidens overtroiske forestillinger.<\/p>\n\n<figure class=\"wp-block-image size-large\"><img decoding=\"async\" src=\"https:\/\/photos.smugmug.com\/Madeira-Lovers\/Cabo-Girao\/Cable-car-teleferico-rancho\/i-ZhKGz7C\/1\/NWBTWbKxrBgRVVpK8c43rM4VFpC74jQDzxhZ3245f\/L\/Cabo_Girao_cable_car_Madeira-7172955-L.jpg\" alt=\"cabo girao trail\"\/><\/figure>\n\n<h3 class=\"wp-block-heading\">Hvorfor er der s\u00e5 mange sv\u00e6vebaner p\u00e5 Madeira?<\/h3>\n\n<p><a href=\"https:\/\/zigzagvoyages.fr\/telepherique-achadas-da-cruz-madere\/\" target=\"_blank\" rel=\"noreferrer noopener\"><\/a>Madeira har s\u00e5 mange sv\u00e6vebaner, prim\u00e6rt p\u00e5 grund af den stejle, bjergrige topografi p\u00e5 denne vulkanske \u00f8. De g\u00f8r det muligt:<\/p>\n\n<ul class=\"wp-block-list\">\n<li><a href=\"https:\/\/zigzagvoyages.fr\/telepherique-achadas-da-cruz-madere\/\" target=\"_blank\" rel=\"noreferrer noopener\"><\/a><a href=\"https:\/\/visitmadeira.com\/fr\/ou-aller\/madere\/cote-nord\/porto-moniz\/telepherique-d-achadas-da-cruz\/\" target=\"_blank\" rel=\"noreferrer noopener\"><\/a><a href=\"https:\/\/www.portomoniz.pt\/fr\/visiteurs\/points-d-interet\/le-telepherique\" target=\"_blank\" rel=\"noreferrer noopener\"><\/a>At hj\u00e6lpe lokalbefolkningen med at f\u00e5 adgang til <em>fajas<\/em>, dyrkbar jord ved foden af utilg\u00e6ngelige klipper.<\/li>\n\n\n\n<li><a href=\"https:\/\/zigzagvoyages.fr\/telepherique-achadas-da-cruz-madere\/\" target=\"_blank\" rel=\"noreferrer noopener\"><\/a>At forbinde isolerede omr\u00e5der, der er vanskelige at komme til ad vejen p\u00e5 grund af det uj\u00e6vne terr\u00e6n.<\/li>\n\n\n\n<li><a href=\"https:\/\/zigzagvoyages.fr\/telepherique-achadas-da-cruz-madere\/\" target=\"_blank\" rel=\"noreferrer noopener\"><\/a>At promovere de spektakul\u00e6re vulkanske landskaber til turister.<\/li>\n<\/ul>\n\n<p><a href=\"https:\/\/zigzagvoyages.fr\/telepherique-achadas-da-cruz-madere\/\" target=\"_blank\" rel=\"noreferrer noopener\"><\/a>Brugen af dem er ogs\u00e5 forankret i Madeira-indbyggernes traditioner og levevis. Selvom de blev bygget for at g\u00f8re det lettere for landm\u00e6ndene at komme til deres jord, bruges de nu prim\u00e6rt til turisme. Se <a href=\"https:\/\/madeiralovers.com\/da\/svaevebaner-madeira\/\" target=\"_blank\" rel=\"noreferrer noopener\">vores artikel om Madeiras sv\u00e6vebaner<\/a>.<\/p>\n\n<figure class=\"wp-block-image size-large\"><img decoding=\"async\" src=\"https:\/\/photos.smugmug.com\/Madeira-Lovers\/Porto-Moniz\/Teleferico-das-Achadas-da-Cruz\/i-vCrQ79B\/1\/Dj49c29wQN7wTkgvWrnK9j3b3Rd4wvF8ZmD3Dtdhp\/L\/Teleferico_das_Achadas_da_Cruz_Madeira-7141575-L.jpg\" alt=\"Achadas da Cruz sv&#xE6;vebane\"\/><figcaption class=\"wp-element-caption\">Achadas da Cruz sv\u00e6vebane<\/figcaption><\/figure>\n\n<div style=\"margin-top:8%;margin-bottom:8%\" class=\"wp-block-genesis-blocks-gb-container box gb-block-container\"><div class=\"gb-container-inside\"><div class=\"gb-container-content\" style=\"max-width:700px\">\n<div class=\"wp-block-genesis-blocks-gb-container box_titre gb-block-container\"><div class=\"gb-container-inside\"><div class=\"gb-container-content\">\n<h5 class=\"titre_box\">PLANL\u00c6G DIT OPHOLD P\u00c5 <span class=\"titre_box_manuscrit\">Madeira<\/span><\/h5>\n<\/div><\/div><\/div>\n\n\n\n<hr class=\"wp-block-separator has-text-color has-alpha-channel-opacity has-background is-style-wide hr-box-planif\" style=\"background-color:#ccd3dd;color:#ccd3dd\"\/>\n\n\n\n<div class=\"wp-block-columns box_sans_border is-layout-flex wp-container-core-columns-is-layout-9d6595d7 wp-block-columns-is-layout-flex\">\n<div class=\"wp-block-column texte_planif is-layout-flow wp-block-column-is-layout-flow\" style=\"font-size:14px;flex-basis:60%\">\n<p class=\"option_titre2\"><strong>Best-of<\/strong><\/p>\n\n\n\n<p style=\"font-size:16px\"><a href=\"https:\/\/madeiralovers.com\/da\/sevaerdigheder-madeira\/\">Sev\u00e6rdigheder p\u00e5 Madeira<\/a><br\/><a href=\"https:\/\/madeiralovers.com\/da\/smukkeste-udsigtspunkter-madeira-miradouros\/\" target=\"_blank\" rel=\"noreferrer noopener\">De smukkeste udsigtspunkter<\/a><br\/><a href=\"https:\/\/madeiralovers.com\/da\/bedste-strande-madeira\/\" target=\"_blank\" rel=\"noreferrer noopener\">Madeiras smukkeste strande<\/a><br\/><a href=\"https:\/\/madeiralovers.com\/da\/bedste-haver-madeira\/\" target=\"_blank\" rel=\"noreferrer noopener\">De smukkeste haver<\/a><br\/><a href=\"https:\/\/madeiralovers.com\/da\/naturlige-pools-madeira\/\" target=\"_blank\" rel=\"noreferrer noopener\">Naturlige bassiner<\/a><br\/><a href=\"https:\/\/madeiralovers.com\/da\/bedste-vandreture-madeira-gature\/\" target=\"_blank\" rel=\"noreferrer noopener\">De bedste g\u00e5ture<\/a><br\/><a href=\"https:\/\/madeiralovers.com\/da\/mukkeste-veje-madeira\/\" target=\"_blank\" rel=\"noreferrer noopener\">De smukkeste veje<\/a><br\/><a href=\"https:\/\/madeiralovers.com\/da\/hemmelige-steder-madeira-skjulte-perler\/\" target=\"_blank\" rel=\"noreferrer noopener\">Hemmelige steder<\/a><\/p>\n<\/div>\n\n\n\n<div class=\"wp-block-column is-vertically-aligned-top planif-radius is-layout-flow wp-block-column-is-layout-flow\" style=\"flex-basis:40%\">\n<figure class=\"wp-block-image size-large img-portrait\"><img decoding=\"async\" src=\"https:\/\/photos.smugmug.com\/Travel\/Madeira\/13d-Rocha-do-Navio\/i-T3f6J48\/2\/d3DHMbHtwPMz7Tj9qDPmRxGpbxx5RBRCr4LrPp2c\/S\/Roacha_do_Navio_cable_car_Madeira-7241164-S.jpg\" alt=\"Navia Rock\" title=\"\"\/><\/figure>\n<\/div>\n<\/div>\n\n\n\n<hr class=\"wp-block-separator has-text-color has-alpha-channel-opacity has-background is-style-wide hr-box-planif\" style=\"background-color:#ccd3dd;color:#ccd3dd\"\/>\n\n\n\n<div class=\"wp-block-columns box_sans_border is-layout-flex wp-container-core-columns-is-layout-9d6595d7 wp-block-columns-is-layout-flex\">\n<div class=\"wp-block-column texte_planif is-layout-flow wp-block-column-is-layout-flow\" style=\"font-size:14px;flex-basis:60%\">\n<p class=\"option_titre\"><strong>Praktiske r\u00e5d<\/strong><\/p>\n\n\n\n<p style=\"font-size:16px\"><a href=\"https:\/\/madeiralovers.com\/da\/at-komme-rundt-madeira-transport\/\" target=\"_blank\" rel=\"noreferrer noopener\">S\u00e5dan kommer du rundt p\u00e5 Madeira<\/a><br\/><a href=\"https:\/\/madeiralovers.com\/da\/sadan-lejer-bil-madeira-tips-erfaring\/\" target=\"_blank\" rel=\"noreferrer noopener\">Lej en bil p\u00e5 Madeira<\/a><br\/><a href=\"https:\/\/madeiralovers.com\/da\/korsel-madeira-tips\/\" target=\"_blank\" rel=\"noreferrer noopener\">K\u00f8rsel p\u00e5 Madeira<\/a><\/p>\n\n\n\n<p style=\"font-size:16px\"><a href=\"https:\/\/madeiralovers.com\/da\/hvor-skal-bo-madeira-bedste-omrader\/\" target=\"_blank\" rel=\"noreferrer noopener\">Hvor skal man bo p\u00e5 Madeira?<\/a><\/p>\n\n\n\n<p style=\"font-size:16px\">Rejseruter: 3 dage &#8211; 4 dage &#8211; <a href=\"https:\/\/madeiralovers.com\/da\/besog-madeira-5-dage-rejseplaner\/\" target=\"_blank\" rel=\"noreferrer noopener\">5 dage<\/a> &#8211; <a href=\"https:\/\/madeiralovers.com\/da\/besog-madeira-6-dage-rejseplaner\/\" target=\"_blank\" rel=\"noreferrer noopener\">6<\/a> <a href=\"https:\/\/madeiralovers.com\/da\/besog-madeira-5-dage-rejseplaner\/\" target=\"_blank\" rel=\"noreferrer noopener\">dage<\/a> &#8211; <a href=\"https:\/\/madeiralovers.com\/da\/besog-madeira-en-uge-rejseplan\/\" target=\"_blank\" rel=\"noreferrer noopener\">7 dage<\/a> &#8211; <a href=\"https:\/\/madeiralovers.com\/da\/besog-madeira-10-dage-rejseplaner\/\" target=\"_blank\" rel=\"noreferrer noopener\">10<\/a> <a href=\"https:\/\/madeiralovers.com\/da\/besog-madeira-en-uge-rejseplan\/\" target=\"_blank\" rel=\"noreferrer noopener\">dage<\/a> <\/p>\n<\/div>\n\n\n\n<div class=\"wp-block-column is-vertically-aligned-top planif-radius is-layout-flow wp-block-column-is-layout-flow\" style=\"flex-basis:40%\">\n<figure class=\"wp-block-image size-large img-portrait\"><img decoding=\"async\" src=\"https:\/\/photos.smugmug.com\/Travel\/Madeira\/Driving\/i-xNmkb72\/2\/DF578h2B7Q6RbR84FZXN5v8D7vg6nLZ9dzBdrJ2rZ\/S\/driving_Madeira-7241434-S.jpg\" alt=\"K&#xF8;rsel p&#xE5; Madeira\" title=\"\"\/><\/figure>\n<\/div>\n<\/div>\n\n\n\n<hr class=\"wp-block-separator has-text-color has-alpha-channel-opacity has-background is-style-wide hr-box-planif\" style=\"background-color:#ccd3dd;color:#ccd3dd\"\/>\n\n\n\n<div class=\"wp-block-columns box_sans_border is-layout-flex wp-container-core-columns-is-layout-9d6595d7 wp-block-columns-is-layout-flex\">\n<div class=\"wp-block-column texte_planif is-layout-flow wp-block-column-is-layout-flow\" style=\"font-size:14px;flex-basis:60%\">\n<p class=\"option_titre\"><strong>Steder, du ikke m\u00e5 g\u00e5 glip af<\/strong><\/p>\n\n\n\n<p style=\"font-size:16px\"><a href=\"https:\/\/madeiralovers.com\/da\/delfinspotting-madeira-baleiner-udflugter\/\" target=\"_blank\" rel=\"noreferrer noopener\">Delfin-safari<\/a><br\/><a href=\"https:\/\/madeiralovers.com\/da\/sevaerdigheder-funchal-besog\/\" target=\"_blank\" rel=\"noreferrer noopener\">Sev\u00e6rdigheder i Funchal?<\/a><br\/><a href=\"https:\/\/madeiralovers.com\/da\/bezienswaardigheden-camara-de-lobos-madeira-bezoeken\/\" target=\"_blank\" rel=\"noreferrer noopener\">Camara de Lobos<\/a><br\/><a href=\"https:\/\/madeiralovers.com\/da\/sevaerdigheder-ponta-do-sol-besog\/\" target=\"_blank\" rel=\"noreferrer noopener\">Ponta do Sol<\/a><br\/><a href=\"https:\/\/madeiralovers.com\/da\/sevaerdigheder-santana-madeira-besog\/\">Santana<\/a><br\/><a href=\"https:\/\/madeiralovers.com\/da\/sevaerdigheder-pico-do-arieiro-madeira\/\" target=\"_blank\" rel=\"noreferrer noopener\">Pico do Arieiro<\/a><br\/><a href=\"https:\/\/madeiralovers.com\/da\/sevaerdigheder-santo-porto-besog\/\" target=\"_blank\" rel=\"noreferrer noopener\">Porto Santo sev\u00e6rdigheder<\/a><\/p>\n<\/div>\n\n\n\n<div class=\"wp-block-column is-vertically-aligned-top planif-radius is-layout-flow wp-block-column-is-layout-flow\" style=\"flex-basis:40%\">\n<figure class=\"wp-block-image size-large img-portrait\"><img decoding=\"async\" src=\"https:\/\/photos.smugmug.com\/Travel\/Madeira\/6c-Camara-dos-Lobos\/i-zH7D8Tv\/2\/DpttrQSghWXj2DKMm3VHbFkhFMLsTFhS37sRFTxNz\/S\/camara_dos_Lobos_Madeira-7173015-S.jpg\" alt=\"Camara de Lobos\" title=\"\"\/><\/figure>\n<\/div>\n<\/div>\n<\/div><\/div><\/div>\n\n<div class=\"wp-block-genesis-blocks-gb-container box_auteur_voyage gb-block-container\"><div class=\"gb-container-inside\"><div class=\"gb-container-content\">\n<figure class=\"wp-block-image size-large img_auteur_voyage\"><a href=\"https:\/\/madeiralovers.com\/da\/claire-robinson\/\" target=\"_blank\" rel=\"noreferrer noopener\"><img decoding=\"async\" src=\"https:\/\/photos.smugmug.com\/Madeira-Lovers\/Portraits-equipe\/i-kDdMx9Z\/0\/1da5136c\/L\/regionlovers-2-bis-L.png\" alt=\"\"\/><\/a><\/figure>\n\n\n\n<h5 class=\"titre_auteur_voyage\"><span>HUN KLAREDE TUREN \n <\/span><span class=\"titre_box_manuscrit\">Claire<\/span><\/h5>\n<\/div><\/div><\/div>\n\n<div class=\"wp-block-genesis-blocks-gb-container box_auteur_voyage gb-block-container\"><div class=\"gb-container-inside\"><div class=\"gb-container-content\">\n<figure class=\"wp-block-image size-large img_auteur_voyage img_provisoire\"><a href=\"https:\/\/madeiralovers.com\/da\/a-propos-de-morgane-mazelier\/\" target=\"_blank\" rel=\"noreferrer noopener\"><img decoding=\"async\" src=\"https:\/\/photos.smugmug.com\/Region-Lovers\/Equipe\/i-kx84ZJX\/0\/FgG3Lb9Xx2HBStC6R3PNXZZNj2Vvkx9vZBxQFL7NJ\/L\/morgane-L.jpg\" alt=\"\"\/><\/a><\/figure>\n\n\n\n<h5 class=\"titre_auteur_voyage\"><span>HUN SKREV ARTIKLEN \n <\/span><span class=\"titre_box_manuscrit\">Morgane<\/span><\/h5>\n<\/div><\/div><\/div>\n","protected":false},"excerpt":{"rendered":"<p>Med udsigt over Atlanterhavet er Cabo Giraos klippe den h\u00f8jeste i Europa. Den byder p\u00e5 et imponerende naturskue fra toppen af sine 589 meter. Dette svimlende forbjerg byder p\u00e5 to unikke oplevelser: sp\u00e6ndingen ved Madeira Skywalk med sit glasgulv og nedstigningen med sv\u00e6vebane til bunden af klippen. Her er nogle nyttige tips, der kan hj\u00e6lpe [&hellip;]<\/p>\n","protected":false},"author":10,"featured_media":3664,"comment_status":"closed","ping_status":"closed","sticky":false,"template":"","format":"standard","meta":{"_genesis_hide_title":false,"_genesis_hide_breadcrumbs":false,"_genesis_hide_singular_image":false,"_genesis_hide_footer_widgets":false,"_genesis_custom_body_class":"","_genesis_custom_post_class":"","_genesis_layout":"","footnotes":""},"categories":[116],"tags":[],"class_list":{"0":"post-3691","1":"post","2":"type-post","3":"status-publish","4":"format-standard","5":"has-post-thumbnail","7":"category-sydkysten","8":"entry"},"yoast_head":"<!-- This site is optimized with the Yoast SEO plugin v27.2 - https:\/\/yoast.com\/product\/yoast-seo-wordpress\/ -->\n<title>Cabo Girao (Madeira) - skywalk og sv\u00e6vebane: tips + fotos<\/title>\n<meta name=\"description\" content=\"Vores guide til et bes\u00f8g p\u00e5 Cabo Girao (Madeira): Skywalk, sv\u00e6vebane, adgang, udsigtspunkter, sev\u00e6rdigheder og praktiske r\u00e5d\" \/>\n<meta name=\"robots\" content=\"index, follow, max-snippet:-1, max-image-preview:large, max-video-preview:-1\" \/>\n<link rel=\"canonical\" href=\"https:\/\/madeiralovers.com\/da\/cabo-girao-madeira\/\" \/>\n<meta property=\"og:locale\" content=\"da_DK\" \/>\n<meta property=\"og:type\" content=\"article\" \/>\n<meta property=\"og:title\" content=\"Cabo Girao (Madeira) - skywalk og sv\u00e6vebane: tips + fotos\" \/>\n<meta property=\"og:description\" content=\"Vores guide til et bes\u00f8g p\u00e5 Cabo Girao (Madeira): Skywalk, sv\u00e6vebane, adgang, udsigtspunkter, sev\u00e6rdigheder og praktiske r\u00e5d\" \/>\n<meta property=\"og:url\" content=\"https:\/\/madeiralovers.com\/da\/cabo-girao-madeira\/\" \/>\n<meta property=\"og:site_name\" content=\"Madeira Lovers\" \/>\n<meta property=\"article:published_time\" content=\"2024-07-30T13:58:38+00:00\" \/>\n<meta property=\"article:modified_time\" content=\"2026-03-30T14:56:24+00:00\" \/>\n<meta property=\"og:image\" content=\"https:\/\/madeiralovers.com\/wp-content\/uploads\/2024\/07\/cabo-girao-madeira.jpg\" \/>\n\t<meta property=\"og:image:width\" content=\"1067\" \/>\n\t<meta property=\"og:image:height\" content=\"800\" \/>\n\t<meta property=\"og:image:type\" content=\"image\/jpeg\" \/>\n<meta name=\"author\" content=\"Morgane\" \/>\n<meta name=\"twitter:card\" content=\"summary_large_image\" \/>\n<meta name=\"twitter:label1\" content=\"Skrevet af\" \/>\n\t<meta name=\"twitter:data1\" content=\"Morgane\" \/>\n\t<meta name=\"twitter:label2\" content=\"Estimeret l\u00e6setid\" \/>\n\t<meta name=\"twitter:data2\" content=\"10 minutter\" \/>\n<script type=\"application\/ld+json\" class=\"yoast-schema-graph\">{\"@context\":\"https:\/\/schema.org\",\"@graph\":[{\"@type\":\"Article\",\"@id\":\"https:\/\/madeiralovers.com\/da\/cabo-girao-madeira\/#article\",\"isPartOf\":{\"@id\":\"https:\/\/madeiralovers.com\/da\/cabo-girao-madeira\/\"},\"author\":{\"name\":\"Morgane\",\"@id\":\"https:\/\/madeiralovers.com\/da\/#\/schema\/person\/edb87870e054656013e63fc377ad387c\"},\"headline\":\"Cabo Girao (Madeira) &#8211; skywalk og sv\u00e6vebane: tips + fotos\",\"datePublished\":\"2024-07-30T13:58:38+00:00\",\"dateModified\":\"2026-03-30T14:56:24+00:00\",\"mainEntityOfPage\":{\"@id\":\"https:\/\/madeiralovers.com\/da\/cabo-girao-madeira\/\"},\"wordCount\":2065,\"publisher\":{\"@id\":\"https:\/\/madeiralovers.com\/da\/#organization\"},\"image\":{\"@id\":\"https:\/\/madeiralovers.com\/da\/cabo-girao-madeira\/#primaryimage\"},\"thumbnailUrl\":\"https:\/\/madeiralovers.com\/wp-content\/uploads\/2024\/07\/cabo-girao-madeira.jpg\",\"articleSection\":[\"Sydkysten\"],\"inLanguage\":\"da-DK\"},{\"@type\":\"WebPage\",\"@id\":\"https:\/\/madeiralovers.com\/da\/cabo-girao-madeira\/\",\"url\":\"https:\/\/madeiralovers.com\/da\/cabo-girao-madeira\/\",\"name\":\"Cabo Girao (Madeira) - skywalk og sv\u00e6vebane: tips + fotos\",\"isPartOf\":{\"@id\":\"https:\/\/madeiralovers.com\/da\/#website\"},\"primaryImageOfPage\":{\"@id\":\"https:\/\/madeiralovers.com\/da\/cabo-girao-madeira\/#primaryimage\"},\"image\":{\"@id\":\"https:\/\/madeiralovers.com\/da\/cabo-girao-madeira\/#primaryimage\"},\"thumbnailUrl\":\"https:\/\/madeiralovers.com\/wp-content\/uploads\/2024\/07\/cabo-girao-madeira.jpg\",\"datePublished\":\"2024-07-30T13:58:38+00:00\",\"dateModified\":\"2026-03-30T14:56:24+00:00\",\"description\":\"Vores guide til et bes\u00f8g p\u00e5 Cabo Girao (Madeira): Skywalk, sv\u00e6vebane, adgang, udsigtspunkter, sev\u00e6rdigheder og praktiske r\u00e5d\",\"breadcrumb\":{\"@id\":\"https:\/\/madeiralovers.com\/da\/cabo-girao-madeira\/#breadcrumb\"},\"inLanguage\":\"da-DK\",\"potentialAction\":[{\"@type\":\"ReadAction\",\"target\":[\"https:\/\/madeiralovers.com\/da\/cabo-girao-madeira\/\"]}]},{\"@type\":\"ImageObject\",\"inLanguage\":\"da-DK\",\"@id\":\"https:\/\/madeiralovers.com\/da\/cabo-girao-madeira\/#primaryimage\",\"url\":\"https:\/\/madeiralovers.com\/wp-content\/uploads\/2024\/07\/cabo-girao-madeira.jpg\",\"contentUrl\":\"https:\/\/madeiralovers.com\/wp-content\/uploads\/2024\/07\/cabo-girao-madeira.jpg\",\"width\":1067,\"height\":800,\"caption\":\"cabo girao madeira\"},{\"@type\":\"BreadcrumbList\",\"@id\":\"https:\/\/madeiralovers.com\/da\/cabo-girao-madeira\/#breadcrumb\",\"itemListElement\":[{\"@type\":\"ListItem\",\"position\":1,\"name\":\"Accueil\",\"item\":\"https:\/\/madeiralovers.com\/da\/\"},{\"@type\":\"ListItem\",\"position\":2,\"name\":\"Sydkysten\",\"item\":\"https:\/\/madeiralovers.com\/da\/sydkysten\/\"},{\"@type\":\"ListItem\",\"position\":3,\"name\":\"Cabo Girao (Madeira) &#8211; skywalk og sv\u00e6vebane: tips + fotos\"}]},{\"@type\":\"WebSite\",\"@id\":\"https:\/\/madeiralovers.com\/da\/#website\",\"url\":\"https:\/\/madeiralovers.com\/da\/\",\"name\":\"Madeira Lovers\",\"description\":\"Pour r\u00e9veiller vos sens \u00e0 Mad\u00e8re\",\"publisher\":{\"@id\":\"https:\/\/madeiralovers.com\/da\/#organization\"},\"potentialAction\":[{\"@type\":\"SearchAction\",\"target\":{\"@type\":\"EntryPoint\",\"urlTemplate\":\"https:\/\/madeiralovers.com\/da\/?s={search_term_string}\"},\"query-input\":{\"@type\":\"PropertyValueSpecification\",\"valueRequired\":true,\"valueName\":\"search_term_string\"}}],\"inLanguage\":\"da-DK\"},{\"@type\":\"Organization\",\"@id\":\"https:\/\/madeiralovers.com\/da\/#organization\",\"name\":\"Madeira Lovers\",\"url\":\"https:\/\/madeiralovers.com\/da\/\",\"logo\":{\"@type\":\"ImageObject\",\"inLanguage\":\"da-DK\",\"@id\":\"https:\/\/madeiralovers.com\/da\/#\/schema\/logo\/image\/\",\"url\":\"https:\/\/madeiralovers.com\/wp-content\/uploads\/2024\/05\/cropped-Madeira-Lovers-Logos.png\",\"contentUrl\":\"https:\/\/madeiralovers.com\/wp-content\/uploads\/2024\/05\/cropped-Madeira-Lovers-Logos.png\",\"width\":2500,\"height\":554,\"caption\":\"Madeira Lovers\"},\"image\":{\"@id\":\"https:\/\/madeiralovers.com\/da\/#\/schema\/logo\/image\/\"}},{\"@type\":\"Person\",\"@id\":\"https:\/\/madeiralovers.com\/da\/#\/schema\/person\/edb87870e054656013e63fc377ad387c\",\"name\":\"Morgane\",\"image\":{\"@type\":\"ImageObject\",\"inLanguage\":\"da-DK\",\"@id\":\"https:\/\/secure.gravatar.com\/avatar\/afa26912805402e3ea29288b7478a6a37b47e98385c004daed7d76f04733a512?s=96&d=mm&r=g\",\"url\":\"https:\/\/secure.gravatar.com\/avatar\/afa26912805402e3ea29288b7478a6a37b47e98385c004daed7d76f04733a512?s=96&d=mm&r=g\",\"contentUrl\":\"https:\/\/secure.gravatar.com\/avatar\/afa26912805402e3ea29288b7478a6a37b47e98385c004daed7d76f04733a512?s=96&d=mm&r=g\",\"caption\":\"Morgane\"},\"sameAs\":[\"https:\/\/madeiralovers.com\/a-propos-de-morgane-mazelier\/\"],\"url\":\"https:\/\/madeiralovers.com\/da\/author\/morgane\/\"}]}<\/script>\n<!-- \/ Yoast SEO plugin. -->","yoast_head_json":{"title":"Cabo Girao (Madeira) - skywalk og sv\u00e6vebane: tips + fotos","description":"Vores guide til et bes\u00f8g p\u00e5 Cabo Girao (Madeira): Skywalk, sv\u00e6vebane, adgang, udsigtspunkter, sev\u00e6rdigheder og praktiske r\u00e5d","robots":{"index":"index","follow":"follow","max-snippet":"max-snippet:-1","max-image-preview":"max-image-preview:large","max-video-preview":"max-video-preview:-1"},"canonical":"https:\/\/madeiralovers.com\/da\/cabo-girao-madeira\/","og_locale":"da_DK","og_type":"article","og_title":"Cabo Girao (Madeira) - skywalk og sv\u00e6vebane: tips + fotos","og_description":"Vores guide til et bes\u00f8g p\u00e5 Cabo Girao (Madeira): Skywalk, sv\u00e6vebane, adgang, udsigtspunkter, sev\u00e6rdigheder og praktiske r\u00e5d","og_url":"https:\/\/madeiralovers.com\/da\/cabo-girao-madeira\/","og_site_name":"Madeira Lovers","article_published_time":"2024-07-30T13:58:38+00:00","article_modified_time":"2026-03-30T14:56:24+00:00","og_image":[{"width":1067,"height":800,"url":"https:\/\/madeiralovers.com\/wp-content\/uploads\/2024\/07\/cabo-girao-madeira.jpg","type":"image\/jpeg"}],"author":"Morgane","twitter_card":"summary_large_image","twitter_misc":{"Skrevet af":"Morgane","Estimeret l\u00e6setid":"10 minutter"},"schema":{"@context":"https:\/\/schema.org","@graph":[{"@type":"Article","@id":"https:\/\/madeiralovers.com\/da\/cabo-girao-madeira\/#article","isPartOf":{"@id":"https:\/\/madeiralovers.com\/da\/cabo-girao-madeira\/"},"author":{"name":"Morgane","@id":"https:\/\/madeiralovers.com\/da\/#\/schema\/person\/edb87870e054656013e63fc377ad387c"},"headline":"Cabo Girao (Madeira) &#8211; skywalk og sv\u00e6vebane: tips + fotos","datePublished":"2024-07-30T13:58:38+00:00","dateModified":"2026-03-30T14:56:24+00:00","mainEntityOfPage":{"@id":"https:\/\/madeiralovers.com\/da\/cabo-girao-madeira\/"},"wordCount":2065,"publisher":{"@id":"https:\/\/madeiralovers.com\/da\/#organization"},"image":{"@id":"https:\/\/madeiralovers.com\/da\/cabo-girao-madeira\/#primaryimage"},"thumbnailUrl":"https:\/\/madeiralovers.com\/wp-content\/uploads\/2024\/07\/cabo-girao-madeira.jpg","articleSection":["Sydkysten"],"inLanguage":"da-DK"},{"@type":"WebPage","@id":"https:\/\/madeiralovers.com\/da\/cabo-girao-madeira\/","url":"https:\/\/madeiralovers.com\/da\/cabo-girao-madeira\/","name":"Cabo Girao (Madeira) - skywalk og sv\u00e6vebane: tips + fotos","isPartOf":{"@id":"https:\/\/madeiralovers.com\/da\/#website"},"primaryImageOfPage":{"@id":"https:\/\/madeiralovers.com\/da\/cabo-girao-madeira\/#primaryimage"},"image":{"@id":"https:\/\/madeiralovers.com\/da\/cabo-girao-madeira\/#primaryimage"},"thumbnailUrl":"https:\/\/madeiralovers.com\/wp-content\/uploads\/2024\/07\/cabo-girao-madeira.jpg","datePublished":"2024-07-30T13:58:38+00:00","dateModified":"2026-03-30T14:56:24+00:00","description":"Vores guide til et bes\u00f8g p\u00e5 Cabo Girao (Madeira): Skywalk, sv\u00e6vebane, adgang, udsigtspunkter, sev\u00e6rdigheder og praktiske r\u00e5d","breadcrumb":{"@id":"https:\/\/madeiralovers.com\/da\/cabo-girao-madeira\/#breadcrumb"},"inLanguage":"da-DK","potentialAction":[{"@type":"ReadAction","target":["https:\/\/madeiralovers.com\/da\/cabo-girao-madeira\/"]}]},{"@type":"ImageObject","inLanguage":"da-DK","@id":"https:\/\/madeiralovers.com\/da\/cabo-girao-madeira\/#primaryimage","url":"https:\/\/madeiralovers.com\/wp-content\/uploads\/2024\/07\/cabo-girao-madeira.jpg","contentUrl":"https:\/\/madeiralovers.com\/wp-content\/uploads\/2024\/07\/cabo-girao-madeira.jpg","width":1067,"height":800,"caption":"cabo girao madeira"},{"@type":"BreadcrumbList","@id":"https:\/\/madeiralovers.com\/da\/cabo-girao-madeira\/#breadcrumb","itemListElement":[{"@type":"ListItem","position":1,"name":"Accueil","item":"https:\/\/madeiralovers.com\/da\/"},{"@type":"ListItem","position":2,"name":"Sydkysten","item":"https:\/\/madeiralovers.com\/da\/sydkysten\/"},{"@type":"ListItem","position":3,"name":"Cabo Girao (Madeira) &#8211; skywalk og sv\u00e6vebane: tips + fotos"}]},{"@type":"WebSite","@id":"https:\/\/madeiralovers.com\/da\/#website","url":"https:\/\/madeiralovers.com\/da\/","name":"Madeira Lovers","description":"Pour r\u00e9veiller vos sens \u00e0 Mad\u00e8re","publisher":{"@id":"https:\/\/madeiralovers.com\/da\/#organization"},"potentialAction":[{"@type":"SearchAction","target":{"@type":"EntryPoint","urlTemplate":"https:\/\/madeiralovers.com\/da\/?s={search_term_string}"},"query-input":{"@type":"PropertyValueSpecification","valueRequired":true,"valueName":"search_term_string"}}],"inLanguage":"da-DK"},{"@type":"Organization","@id":"https:\/\/madeiralovers.com\/da\/#organization","name":"Madeira Lovers","url":"https:\/\/madeiralovers.com\/da\/","logo":{"@type":"ImageObject","inLanguage":"da-DK","@id":"https:\/\/madeiralovers.com\/da\/#\/schema\/logo\/image\/","url":"https:\/\/madeiralovers.com\/wp-content\/uploads\/2024\/05\/cropped-Madeira-Lovers-Logos.png","contentUrl":"https:\/\/madeiralovers.com\/wp-content\/uploads\/2024\/05\/cropped-Madeira-Lovers-Logos.png","width":2500,"height":554,"caption":"Madeira Lovers"},"image":{"@id":"https:\/\/madeiralovers.com\/da\/#\/schema\/logo\/image\/"}},{"@type":"Person","@id":"https:\/\/madeiralovers.com\/da\/#\/schema\/person\/edb87870e054656013e63fc377ad387c","name":"Morgane","image":{"@type":"ImageObject","inLanguage":"da-DK","@id":"https:\/\/secure.gravatar.com\/avatar\/afa26912805402e3ea29288b7478a6a37b47e98385c004daed7d76f04733a512?s=96&d=mm&r=g","url":"https:\/\/secure.gravatar.com\/avatar\/afa26912805402e3ea29288b7478a6a37b47e98385c004daed7d76f04733a512?s=96&d=mm&r=g","contentUrl":"https:\/\/secure.gravatar.com\/avatar\/afa26912805402e3ea29288b7478a6a37b47e98385c004daed7d76f04733a512?s=96&d=mm&r=g","caption":"Morgane"},"sameAs":["https:\/\/madeiralovers.com\/a-propos-de-morgane-mazelier\/"],"url":"https:\/\/madeiralovers.com\/da\/author\/morgane\/"}]}},"featured_image_src":"https:\/\/madeiralovers.com\/wp-content\/uploads\/2024\/07\/cabo-girao-madeira-600x400.jpg","featured_image_src_square":"https:\/\/madeiralovers.com\/wp-content\/uploads\/2024\/07\/cabo-girao-madeira-600x600.jpg","author_info":{"display_name":"Morgane","author_link":"https:\/\/madeiralovers.com\/da\/author\/morgane\/"},"_links":{"self":[{"href":"https:\/\/madeiralovers.com\/da\/wp-json\/wp\/v2\/posts\/3691","targetHints":{"allow":["GET"]}}],"collection":[{"href":"https:\/\/madeiralovers.com\/da\/wp-json\/wp\/v2\/posts"}],"about":[{"href":"https:\/\/madeiralovers.com\/da\/wp-json\/wp\/v2\/types\/post"}],"author":[{"embeddable":true,"href":"https:\/\/madeiralovers.com\/da\/wp-json\/wp\/v2\/users\/10"}],"replies":[{"embeddable":true,"href":"https:\/\/madeiralovers.com\/da\/wp-json\/wp\/v2\/comments?post=3691"}],"version-history":[{"count":0,"href":"https:\/\/madeiralovers.com\/da\/wp-json\/wp\/v2\/posts\/3691\/revisions"}],"wp:featuredmedia":[{"embeddable":true,"href":"https:\/\/madeiralovers.com\/da\/wp-json\/wp\/v2\/media\/3664"}],"wp:attachment":[{"href":"https:\/\/madeiralovers.com\/da\/wp-json\/wp\/v2\/media?parent=3691"}],"wp:term":[{"taxonomy":"category","embeddable":true,"href":"https:\/\/madeiralovers.com\/da\/wp-json\/wp\/v2\/categories?post=3691"},{"taxonomy":"post_tag","embeddable":true,"href":"https:\/\/madeiralovers.com\/da\/wp-json\/wp\/v2\/tags?post=3691"}],"curies":[{"name":"wp","href":"https:\/\/api.w.org\/{rel}","templated":true}]}}