{"id":3249,"date":"2024-06-27T18:16:52","date_gmt":"2024-06-27T17:16:52","guid":{"rendered":"https:\/\/madeiralovers.com\/bedste-rides-madere\/"},"modified":"2026-03-19T13:55:34","modified_gmt":"2026-03-19T12:55:34","slug":"bedste-vandreture-madeira-gature","status":"publish","type":"post","link":"https:\/\/madeiralovers.com\/da\/bedste-vandreture-madeira-gature\/","title":{"rendered":"12 bedste vandreture og g\u00e5ture p\u00e5 Madeira (fotos + tips)"},"content":{"rendered":"\n<p>Madeira er et paradis for vandrere! Vi opdagede nogle betagende landskaber. Denne portugisiske \u00f8 byder p\u00e5 en mangfoldighed af enest\u00e5ende stier, fra maleriske levadaer til betagende bjergtoppe, vilde kyststr\u00e6kninger og frodige skove. For ikke at n\u00e6vne de fortryllende vulkanske landskaber. Uanset om du er en erfaren vandrer eller en lejlighedsvis vandrer, har vi fundet ud af, at Madeira har ruter, der passer til alle niveauer.<\/p>\n\n<p>Her er vores udvalg af Madeiras bedste vandreture med nyttige tips i billeder!<\/p>\n\n<figure class=\"wp-block-image size-large\"><img decoding=\"async\" src=\"https:\/\/madeiralovers.com\/wp-content\/uploads\/2024\/06\/bedste-vandreture-madeira-DA-1024x768.jpg\" alt=\"bedste-vandreture-madeira-gature\" class=\"wp-image-3127\"\/><\/figure>\n\n<p>Dette er en helt <strong>uafh\u00e6ngig<\/strong> udtalelse, baseret p\u00e5 vores egen erfaring. Vi traf vores egne valg, bes\u00f8gte regionen anonymt og betalte vores regninger fuldt ud.<\/p>\n\n<h2 class=\"wp-block-heading\">De bedste g\u00e5ture i Madeira: kort<\/h2>\n\n<p>P\u00e5 Madeira elskede vi at g\u00e5 p\u00e5 stierne gennem den frodige vegetation og beundre det betagende landskab, det bjergrige terr\u00e6n og de <a href=\"https:\/\/madeiralovers.com\/da\/best-levadas-madere\/\" target=\"_blank\" rel=\"noreferrer noopener\">ber\u00f8mte levadaer<\/a>! Uanset om du er en erfaren vandrer eller en nybegynder, byder \u00f8en p\u00e5 et v\u00e6ld af stier til alle niveauer. Under vores ophold udforskede vi <a href=\"https:\/\/madeiralovers.com\/da\/sevaerdigheder-madeira\/\" target=\"_blank\" rel=\"noreferrer noopener\">Madeira og dens mange attraktioner<\/a>. Men vi glemte ikke at benytte os af de mange vandreture for at udforske \u00f8ens ekstraordin\u00e6re natursk\u00f8nhed.<\/p>\n\n<p>Her er et kort, der kan hj\u00e6lpe dig med at finde rundt:<\/p>\n\n<figure class=\"wp-block-image size-large is-resized\"><img decoding=\"async\" src=\"https:\/\/madeiralovers.com\/wp-content\/uploads\/2024\/06\/kort-bedste-vandreture-madeira-DA-1024x602.png\" alt=\"carte-meilleures-randonnees-madere\" class=\"wp-image-3118\" style=\"width:702px;height:auto\"\/><figcaption class=\"wp-element-caption\">Kort, der viser placeringen af de 10 bedste vandreture i Madeira<\/figcaption><\/figure>\n\n<p>Hvis du kun har brug for 3, anbefaler vi, at du g\u00f8r det:<\/p>\n\n<ul class=\"wp-block-list\">\n<li>Turen fra <a href=\"https:\/\/madeiralovers.com\/da\/vandring-pico-arieiro-madere\/\" type=\"post\" id=\"2654\" target=\"_blank\" rel=\"noreferrer noopener\">Pico do Arieiro<\/a> til Pico Ruivo for at udforske Madeiras bjergtoppe<\/li>\n\n\n\n<li>En g\u00e5tur langs <a href=\"https:\/\/madeiralovers.com\/da\/vandring-lavada-25-fontes-madeira\/\" type=\"post\" id=\"3305\" target=\"_blank\" rel=\"noreferrer noopener\">Levada das 25 Fontes<\/a> for at opdage \u00f8ens legendariske vandingskanaler.<\/li>\n\n\n\n<li>Den smukke <a href=\"https:\/\/madeiralovers.com\/da\/vandring-ponta-sao-lourenco-pr8-madeira\/\" type=\"post\" id=\"5081\" target=\"_blank\" rel=\"noreferrer noopener\">Ponta de Sao Louran\u00e7o-vandring<\/a> til Madeiras vulkanske halv\u00f8<\/li>\n<\/ul>\n\n<p>Siden 2026 :<\/p>\n\n<ul class=\"wp-block-list\">\n<li>Fra nu af skal du <strong>booke din vandretid online<\/strong> og <strong>betale for adgang<\/strong> til stierne p\u00e5 forh\u00e5nd via <a href=\"https:\/\/simplifica.madeira.gov.pt\/services\/78-82-259\" target=\"_blank\" rel=\"noreferrer noopener nofollow\">SIMplifica-platformen<\/a>.  <\/li>\n\n\n\n<li>Vi r\u00e5der dig til at booke dine pladser, s\u00e5 snart dine datoer er fastlagt, da nogle stier hurtigt bliver fyldt op i h\u00f8js\u00e6sonen. Prioriter dine vandreture, og organiser s\u00e5 resten af dit ophold omkring dem.  <\/li>\n\n\n\n<li>P\u00e5 dagen skal du s\u00f8rge for at <strong>ankomme inden for det tidsrum p\u00e5 30 minutter<\/strong>, som du har f\u00e5et tildelt, og gemme reservationsbekr\u00e6ftelsen p\u00e5 din telefon.<\/li>\n<\/ul>\n\n<h2 class=\"wp-block-heading\">1. Fra Pico do Arieiro til Pico Ruivo &#8211; PR1 (over skyerne)<\/h2>\n\n<figure class=\"wp-block-image size-large\"><img decoding=\"async\" src=\"https:\/\/photos.smugmug.com\/Madeira-Lovers\/Pico-do-Arieiro\/Pico-Areiro-hike-return\/i-vx2PX6m\/1\/C5rbLKHLKnVwjV4d3Sq9pZHgS2wDTv59W3VpvtZ9b\/L\/Pico_areiro_hike_Madeira-7225013-L.jpg\" alt=\"Fra Pico do Arieiro til Pico Ruivo - PR1\"\/><\/figure>\n\n<h3 class=\"wp-block-heading\">Hvorfor tage derhen? Vores mening<\/h3>\n\n<p>Dette er en af Madeiras must-do vandreture! Du vil opdage \u00f8ens 3 h\u00f8jeste tinder, begyndende med Pico do Arieiro p\u00e5 1818 meter. Vi elskede den for alt det, vi s\u00e5 undervejs: den frodige dal og havet, de forrevne tinder indhyllet i t\u00e5ge. Ogs\u00e5 dyreliv og solopgang over skyhavet. Vi lover dig, at der ikke er noget ensformigt ved denne udflugt!<\/p>\n\n<hr class=\"wp-block-separator has-text-color has-alpha-channel-opacity has-background is-style-wide\" style=\"background-color:#000000;color:#000000\"\/>\n\n<p class=\"has-text-align-center\"><strong>Udforsk Madeiras bjergtoppe ved solopgang med transport tur\/retur fra dit hotel.  <a href=\"https:\/\/www.getyourguide.dk\/madere-l67\/depuis-funchal-randonnee-du-pico-do-areeiro-a-achada-do-teixeira-t413782\/?partner_id=R3GYW4V&amp;cmp=madeira\" target=\"_blank\" rel=\"noreferrer noopener sponsored nofollow\">Se priser og book<\/a><\/strong><\/p>\n\n<hr class=\"wp-block-separator has-text-color has-alpha-channel-opacity has-background is-style-wide\" style=\"background-color:#000000;color:#000000\"\/>\n\n<figure class=\"wp-block-image size-large\"><img decoding=\"async\" src=\"https:\/\/photos.smugmug.com\/Madeira-Lovers\/Pico-do-Arieiro\/Pico-Areiro-sunrise\/i-mqZRKP9\/1\/XSZwnJ8n458Gdj39VRp6ctHMGZ3t9w7w2jjsFKLX\/L\/Pico_areiro_Pico_ruivo_hike_Madeira-7224781-L.jpg\" alt=\"Fra Pico do Arieiro til Pico Ruivo - PR1\"\/><\/figure>\n\n<h3 class=\"wp-block-heading\">Nyttige tips<\/h3>\n\n<ul class=\"wp-block-list\">\n<li><strong>Beliggenhed<\/strong>: i den centrale \u00f8stlige del af \u00f8en.<br\/>Fra <a href=\"https:\/\/madeiralovers.com\/da\/sevaerdigheder-funchal-besog\/\" target=\"_blank\" rel=\"noreferrer noopener\">Funchal<\/a>, <a href=\"https:\/\/madeiralovers.com\/da\/sevaerdigheder-porto-da-cruz-madeira-bezoeken\/\" type=\"post\" id=\"2765\" target=\"_blank\" rel=\"noreferrer noopener\">Porto da Cruz<\/a> eller <a href=\"https:\/\/madeiralovers.com\/da\/sevaerdigheder-machico-madeira-besog\/\" target=\"_blank\" rel=\"noreferrer noopener\">Machico<\/a> tager det cirka 40 minutter at k\u00f8re til Pico do Arieiro. Det er ikke muligt at komme dertil med offentlig transport.<\/li>\n\n\n\n<li><strong>Adgang<\/strong>: Vejen til vandringens start er let tilg\u00e6ngelig. Der er en stor parkeringsplads ved foden af stien.<\/li>\n\n\n\n<li><strong>\u00c5bning af stien:<\/strong> Tjek tilg\u00e6ngeligheden af ruten, f\u00f8r du kommer <a href=\"https:\/\/visitmadeira.com\/en\/what-to-do\/nature-seekers\/activities\/hiking\/pr-1-vereda-do-areeiro\/\" target=\"_blank\" rel=\"noreferrer noopener nofollow\">hertil<\/a>.<\/li>\n\n\n\n<li><strong>Adgangsgebyr:<\/strong> Husk at betale indgangsgebyret for at f\u00e5 adgang til stien <a href=\"https:\/\/simplifica.madeira.gov.pt\/services\/78-82-259\" target=\"_blank\" rel=\"noreferrer noopener nofollow\">her.<\/a><\/li>\n\n\n\n<li><strong>Type af rute<\/strong>: rundtur<\/li>\n\n\n\n<li><strong>Varighed<\/strong>: 12 km tur\/retur mellem Pico do Arieiro og Pico Ruivo. Planl\u00e6g mellem kl. 7 og 9 om morgenen<\/li>\n\n\n\n<li><strong>Sv\u00e6rhedsgrad<\/strong>: sv\u00e6r<\/li>\n\n\n\n<li><strong>Bedste tidspunkt<\/strong>: Denne sti er tilg\u00e6ngelig hele \u00e5ret rundt. Vi anbefaler, at du begynder at g\u00e5 tidligt om morgenen, da ruten ikke er skyggefuld.<\/li>\n\n\n\n<li><strong>Faciliteter<\/strong>: P\u00e5 parkeringspladsen er der en bygning med en snackbar, toiletter (mod betaling), et informationscenter og en souvenirbutik.<\/li>\n<\/ul>\n\n<p>Hvis du vil vide mere, kan du l\u00e6se <a href=\"https:\/\/madeiralovers.com\/da\/vandring-pico-arieiro-madere\/\" target=\"_blank\" rel=\"noreferrer noopener\">vores artikel om dette utrolige trek<\/a>!<\/p>\n\n<div style=\"background-color:#f4fae2;margin-top:8%;margin-bottom:8%\" class=\"wp-block-genesis-blocks-gb-container box gb-block-container\"><div class=\"gb-container-inside\"><div class=\"gb-container-content\" style=\"max-width:700px\">\n<div class=\"wp-block-genesis-blocks-gb-container box_titre gb-block-container\"><div class=\"gb-container-inside\"><div class=\"gb-container-content\">\n<h5 class=\"titre_box\" style=\"padding-top:10px;\">HVOR SKAL MAN OVERNATTE P\u00c5 <span class=\"titre_box_manuscrit\">Madeira<\/span>?<\/h5>\n<\/div><\/div><\/div>\n\n\n\n<div class=\"wp-block-columns box_sans_border is-layout-flex wp-container-core-columns-is-layout-9d6595d7 wp-block-columns-is-layout-flex\">\n<div class=\"wp-block-column texte_planif is-layout-flow wp-block-column-is-layout-flow\" style=\"font-size:14px;flex-basis:60%\">\n<p class=\"option_titre2\">Vores uafh\u00e6ngige udvalg hj\u00e6lper dig med at finde <strong>din dr\u00f8mmebolig<\/strong>:<\/p>\n\n\n\n<ul class=\"wp-block-list\">\n<li><a href=\"https:\/\/madeiralovers.com\/da\/hvor-skal-bo-madeira-bedste-omrader\/\" target=\"_blank\" rel=\"noreferrer noopener\">Hvor skal man bo p\u00e5 Madeira?<\/a><\/li>\n<\/ul>\n\n\n\n<ul class=\"wp-block-list\">\n<li><a href=\"https:\/\/madeiralovers.com\/da\/bedste-5-stjernede-hoteller-funchal-madeira-luksus-anmeldelser\/\" target=\"_blank\" rel=\"noreferrer noopener\">De bedste 5-stjernede hoteller<\/a><\/li>\n\n\n\n<li><a href=\"https:\/\/madeiralovers.com\/da\/bedste-boutique-hoteller-funchal-madeira-charmerende\/\">De bedste boutique-hoteller<\/a><\/li>\n\n\n\n<li><a href=\"https:\/\/madeiralovers.com\/da\/bedste-hoteller-gamle-bydel-funchal-anmeldelser\/\" target=\"_blank\" rel=\"noreferrer noopener\">De bedste hoteller i den gamle bydel i Funchal<\/a><\/li>\n\n\n\n<li><a href=\"https:\/\/madeiralovers.com\/da\/bedste-hoteller-kun-for-voksne-funchal-madeira\/\" target=\"_blank\" rel=\"noreferrer noopener\">Bedste hoteller kun for voksne<\/a><\/li>\n\n\n\n<li><a href=\"https:\/\/madeiralovers.com\/da\/bedste-hoteller-familier-madeira-born-anmeldelser\/\" target=\"_blank\" rel=\"noreferrer noopener\">Bedste hoteller til familier<\/a><\/li>\n\n\n\n<li><a href=\"https:\/\/madeiralovers.com\/da\/bedste-all-inclusive-hoteller-madeira\/\" target=\"_blank\" rel=\"noreferrer noopener\">De bedste all inclusive-hoteller<\/a><\/li>\n\n\n\n<li><a href=\"https:\/\/madeiralovers.com\/da\/bedste-romantiske-hoteller-funchal-madeira-elskende\/\" target=\"_blank\" rel=\"noreferrer noopener\">De bedste romantiske hoteller<\/a><\/li>\n<\/ul>\n<\/div>\n\n\n\n<div class=\"wp-block-column is-vertically-aligned-top planif-radius is-layout-flow wp-block-column-is-layout-flow\" style=\"flex-basis:40%\">\n<figure class=\"wp-block-image size-large img-portrait\"><img decoding=\"async\" src=\"https:\/\/photos.smugmug.com\/Travel\/Madeira\/Accommodation\/i-TtZHSRZ\/1\/7f80cf7d\/L\/Arco_da_Calheta_hotel_Madeira-8896-L.jpg\" alt=\"Engenho Velho Hotel\" title=\"\"\/><\/figure>\n<\/div>\n<\/div>\n<\/div><\/div><\/div>\n\n<h2 class=\"wp-block-heading\">2. Ponta de Sao Louran\u00e7o &#8211; PR8 (vulkansk klippe og havudsigt)<\/h2>\n\n<figure class=\"wp-block-image size-large\"><img decoding=\"async\" src=\"https:\/\/photos.smugmug.com\/Madeira-Lovers\/Ponta-Sao-Louranco\/Hike\/i-dQTR8F6\/0\/DrnJnMN3GZtjDWxhNQ5W3NxzGqZrDmwsZwGvxnW8L\/L\/Ponta_de_Sao_Louranco_Madeira-7130340-L.jpg\" alt=\"Ponta de Sao Louran&#xE7;o - PR8\"\/><\/figure>\n\n<h3 class=\"wp-block-heading\">Hvorfor bes\u00f8ge os? Vores mening<\/h3>\n\n<p>Vi elskede turen til Ponta de S\u00e3o Louren\u00e7o! Denne udflugt til Madeiras vulkanske spids, den ber\u00f8mte &#8220;dragehale&#8221;, m\u00e5 du ikke g\u00e5 glip af. Den tager dig med p\u00e5 en rundtur p\u00e5 \u00f8ens vulkanske halv\u00f8. Vi n\u00f8d at g\u00e5 gennem dette halv\u00f8rkenagtige landskab, der er formet af vinden og havet.<a href=\"https:\/\/www.lesdecouvertesdemagalie.com\/post\/ponta-de-sao-louren%C3%A7o-%C3%A0-mad%C3%A8re\" target=\"_blank\" rel=\"noreferrer noopener\"><\/a><a href=\"https:\/\/www.madere-leguide.com\/pointe-sao-lourenco\" target=\"_blank\" rel=\"noreferrer noopener\"><\/a>. Denne sti, der gr\u00e6nser op til Atlanterhavet, byder p\u00e5 spektakul\u00e6re panoramaudsigter, der st\u00e5r i skarp kontrast til den gr\u00f8nne del af Madeira.<a href=\"https:\/\/www.lesdecouvertesdemagalie.com\/post\/ponta-de-sao-louren%C3%A7o-%C3%A0-mad%C3%A8re\" target=\"_blank\" rel=\"noreferrer noopener\"><\/a><a href=\"https:\/\/www.madere-leguide.com\/pointe-sao-lourenco\" target=\"_blank\" rel=\"noreferrer noopener\"><\/a>.<br\/>En anden grund til at udforske denne del af \u00f8en er naturreservatet Ponta de S\u00e3o Louren\u00e7o. Det er hjemsted for en unik flora og fauna. Her kan du se sj\u00e6ldne og endemiske planter samt mange firben og havfugle.<a href=\"https:\/\/www.madere-leguide.com\/pointe-sao-lourenco\" target=\"_blank\" rel=\"noreferrer noopener\"><\/a><a href=\"https:\/\/visitmadeira.com\/fr\/que-faire\/explorateurs-de-la-nature\/activites\/randonnees\/pr-8-vereda-da-ponta-de-sao-lourenco\/\" target=\"_blank\" rel=\"noreferrer noopener\"><\/a>. Hvis du er heldig, kan du endda f\u00e5 \u00f8je p\u00e5 en middelhavsmunkes\u00e6l!<\/p>\n\n<hr class=\"wp-block-separator has-text-color has-alpha-channel-opacity has-background is-style-wide\" style=\"background-color:#000000;color:#000000\"\/>\n\n<p class=\"has-text-align-center\"><strong>Udforsk Ponta de Sao Louran\u00e7o p\u00e5 en guidet udflugt med opsamling fra Funchal, Cani\u00e7o eller Machico &#8211; l\u00e6s <a href=\"https:\/\/www.getyourguide.dk\/madere-l67\/journee-complete-dans-la-reserve-naturelle-de-ponta-de-sao-lourenco-t70025\/?partner_id=R3GYW4V&amp;cmp=madeira\" target=\"_blank\" rel=\"noreferrer noopener sponsored nofollow\">mere og book<\/a><\/strong><\/p>\n\n<hr class=\"wp-block-separator has-text-color has-alpha-channel-opacity has-background is-style-wide\" style=\"background-color:#000000;color:#000000\"\/>\n\n<figure class=\"wp-block-image size-large\"><img decoding=\"async\" src=\"https:\/\/photos.smugmug.com\/Madeira-Lovers\/Ponta-Sao-Louranco\/Hike\/i-MtV5RCw\/0\/C2kXGsDF7q7WhdXbdJ3dPVhNZrvWrRx4cgWk8xbR7\/L\/Ponta_de_Sao_Louranco_Madeira-7130325-L.jpghttps:\/\/photos.smugmug.com\/Madeira-Lovers\/Ponta-Sao-Louranco\/Hike\/i-Mg3b7p6\/0\/DbLCH59qSJ5hRRnm5BhgwkKMp5TR2RVr4G5xHCdjN\/L\/Ponta_de_Sao_Louranco_Madeira-7130303-L.jpg\" alt=\"Ponta de Sao Louran&#xE7;o - PR8\"\/><\/figure>\n\n<h3 class=\"wp-block-heading\">Nyttige tips<\/h3>\n\n<ul class=\"wp-block-list\">\n<li><strong>Beliggenhed<\/strong>: i den \u00f8stlige ende af \u00f8en, n\u00e6r <a href=\"https:\/\/madeiralovers.com\/da\/sevaerdigheder-landsbyen-canical-besog\/\" target=\"_blank\" rel=\"noreferrer noopener\">Cani\u00e7al<\/a>.<br\/>Fra Funchal: 40 minutters k\u00f8rsel  <br\/>Fra Porto da Cruz: 25 minutter<\/li>\n\n\n\n<li><strong>Adgang<\/strong>: Der er nem adgang til starten af stien via en asfalteret vej.<\/li>\n\n\n\n<li><strong>\u00c5bning af stien:<\/strong> Tjek tilg\u00e6ngeligheden af ruten, f\u00f8r du kommer <a href=\"https:\/\/visitmadeira.com\/en\/what-to-do\/nature-seekers\/activities\/hiking\/pr-8-vereda-da-ponta-de-sao-lourenco\/\" target=\"_blank\" rel=\"noreferrer noopener nofollow\">hertil<\/a>.<\/li>\n\n\n\n<li><strong>Adgangsgebyr:<\/strong> Husk at betale indgangsgebyret for at f\u00e5 adgang til stien <a href=\"https:\/\/simplifica.madeira.gov.pt\/services\/78-82-259\" target=\"_blank\" rel=\"noreferrer noopener nofollow\">her.<\/a><\/li>\n\n\n\n<li><strong>Type af rute<\/strong>: rundtur<\/li>\n\n\n\n<li><strong>Varighed<\/strong>: 6 km tur\/retur, mellem 3 og 4 timers vandring<\/li>\n\n\n\n<li><strong>Sv\u00e6rhedsgrad<\/strong>: moderat. Stien er godt skiltet og sikker. Der er en r\u00e6kke trin at klatre op og ned ad undervejs, som kan v\u00e6re bl\u00e6sende, og hvor der ikke er skygge.<\/li>\n\n\n\n<li><strong>Bedste tidspunkt<\/strong>: Vi anbefaler at tage af sted tidligt om morgenen for at udnytte det smukke morgenlys og undg\u00e5 varmen.<\/li>\n\n\n\n<li><strong>Infrastruktur<\/strong>: Der er en stor parkeringsplads for enden af vejen, der f\u00f8rer til vandreturen. P\u00e5 visse tidspunkter af \u00e5ret stiller en madvogn sig op der og s\u00f8rger for toiletter (mod betaling). For enden af halv\u00f8en ligger der en restaurant: Sardinha.<\/li>\n<\/ul>\n\n<h2 class=\"wp-block-heading\">3. Levada das 25 Fontes &#8211; PR6 (m\u00e5 ikke g\u00e5 glip af)<\/h2>\n\n<figure class=\"wp-block-image size-large\"><img decoding=\"async\" src=\"https:\/\/photos.smugmug.com\/Madeira-Lovers\/Levada-25-Fontes\/PR6-Levada-25-fontes-levada-hike\/i-PvGjbQW\/1\/tGB8fNSVkXs6KS3SccBZ6WGD5HwptXwPDGzBMBGt\/L\/Rabacal_25_Fontes_walk_waterfall_Madeira-7162341-L.jpg\" alt=\"Levada das 25 Fontes - PR6\"\/><\/figure>\n\n<h3 class=\"wp-block-heading\">Hvorfor tage derhen? Vores mening<\/h3>\n\n<p>PR6-stien, ogs\u00e5 kendt som Levada das 25 Fontes-vandringen, er et af Madeiras must-sees! Vi syntes, at denne vandretur var virkelig betagende. Faktisk er det en af de smukkeste vandreture p\u00e5 \u00f8en! Her er, hvad du kan forvente:<\/p>\n\n<ul class=\"wp-block-list\">\n<li>Du kommer ind i en frodig dal<\/li>\n\n\n\n<li>Du rejser langs en levada, de ber\u00f8mte traditionelle vandingskanaler.<\/li>\n\n\n\n<li>Du vil beundre de flotte tr\u00e6er og det frodige gr\u00f8nne omr\u00e5de.<\/li>\n\n\n\n<li>Vi anbefaler, at du tager en pause foran 25 Fontes-vandfaldet, hvor vandet v\u00e6lter ud af klipperne.<\/li>\n\n\n\n<li>De mere eventyrlystne kan forts\u00e6tte til det majest\u00e6tiske Risco-vandfald.<\/li>\n<\/ul>\n\n<p>Vi elskede denne vandretur, som giver en total fordybelse i \u00f8ens naturlige sk\u00f8nhed. L\u00e6s vores artikel om <a href=\"https:\/\/madeiralovers.com\/da\/vandring-lavada-25-fontes-madeira\/\" target=\"_blank\" rel=\"noreferrer noopener\">vandreturen Levada das 25 Fontes<\/a> for at finde ud af mere.<\/p>\n\n<figure class=\"wp-block-image size-large\"><img decoding=\"async\" src=\"https:\/\/photos.smugmug.com\/Madeira-Lovers\/Levada-25-Fontes\/PR6-Levada-25-fontes-levada-hike\/i-dShjgVz\/1\/FFf5vbgkDR95dfRmN77JdxV5xMZptFVFR757nGwv5\/L\/Rabacal_25_Fontes_walk_waterfall_Madeira-7162266-L.jpg\" alt=\"Levada das 25 Fontes - PR6\"\/><\/figure>\n\n<h3 class=\"wp-block-heading\">Nyttige tips<\/h3>\n\n<ul class=\"wp-block-list\">\n<li><strong>Beliggenhed<\/strong>: vest for \u00f8en, p\u00e5 Paul da Serra-plateauet.<br\/>Fra Funchal: 50 minutters k\u00f8rsel.  <br\/>Fra Calheta-stranden: 20 minutters k\u00f8rsel  <br\/>Fra Ribeira Brava: 40 minutter<\/li>\n\n\n\n<li><strong>Adgang<\/strong>: Den officielle start er ved <strong>Maison Raba\u00e7al<\/strong> i bunden af dalen. Du skal parkere p\u00e5 <strong>parkeringspladsen i Raba\u00e7al<\/strong>. Der er en shuttlebus (mod betaling), som k\u00f8rer dig de 2 km fra parkeringspladsen til starten. Det er ikke muligt at komme dertil med offentlig transport.<\/li>\n\n\n\n<li><strong>\u00c5bning af stien:<\/strong> Tjek tilg\u00e6ngeligheden af ruten, f\u00f8r du kommer <a href=\"https:\/\/visitmadeira.com\/en\/what-to-do\/nature-seekers\/activities\/hiking\/pr-6-levada-das-25-fontes\/\" target=\"_blank\" rel=\"noreferrer noopener nofollow\">hertil<\/a>.<\/li>\n\n\n\n<li><strong>Adgangsgebyr:<\/strong> Husk at betale indgangsgebyret for at f\u00e5 adgang til stien <a href=\"https:\/\/simplifica.madeira.gov.pt\/services\/78-82-259\" target=\"_blank\" rel=\"noreferrer noopener nofollow\">her.<\/a><\/li>\n\n\n\n<li><strong>Type af rute<\/strong>: rundrejse.<\/li>\n\n\n\n<li><strong>Varighed<\/strong>: Mellem 5 og 11 km og mellem 3 og 5 timer afh\u00e6ngigt af dit startsted (parkeringsplads eller officiel start). + 1,5 km tur\/retur, hvis du forts\u00e6tter til <a href=\"https:\/\/madeiralovers.com\/da\/vandring-levada-risco-madeira\/\" type=\"post\" id=\"6492\" target=\"_blank\" rel=\"noreferrer noopener\">Cascade de Risco<\/a>.<\/li>\n\n\n\n<li><strong>Sv\u00e6rhedsgrad<\/strong>: Denne rute er af <strong>moderat<\/strong> sv\u00e6rhedsgrad. Der er ingen s\u00e6rlige forhindringer undervejs, bortset fra en r\u00e6kke trin.<\/li>\n\n\n\n<li><strong>Bedste tidspunkt<\/strong>: Da denne tur er meget popul\u00e6r p\u00e5 \u00f8en, anbefaler vi, at du g\u00e5r tidligt om morgenen eller sent p\u00e5 eftermiddagen for at se solopgangen eller solnedgangen.<\/li>\n\n\n\n<li><strong>Infrastruktur<\/strong>: Der er en snackbar og toiletter ved startstedet, men ikke andet undervejs.<\/li>\n<\/ul>\n\n<hr class=\"wp-block-separator has-text-color has-alpha-channel-opacity has-background is-style-wide\" style=\"background-color:#000000;color:#000000\"\/>\n\n<p class=\"has-text-align-center\"><strong>Lad dig guide langs Levada Das 25 Fontes-stien p\u00e5 en udflugt i en lille gruppe &#8211; L\u00e6s <a href=\"https:\/\/www.getyourguide.dk\/madere-l67\/rabacal-25-fontes-randonnee-en-petit-groupe-t200377\/?partner_id=R3GYW4V&amp;cmp=madeira\" target=\"_blank\" rel=\"noreferrer noopener\">mere og book<\/a><\/strong><\/p>\n\n<hr class=\"wp-block-separator has-text-color has-alpha-channel-opacity has-background is-style-wide\" style=\"background-color:#000000;color:#000000\"\/>\n\n<div style=\"margin-top:8%;margin-bottom:8%\" class=\"wp-block-genesis-blocks-gb-container box gb-block-container\"><div class=\"gb-container-inside\"><div class=\"gb-container-content\">\n<div class=\"wp-block-columns inverse box_planif is-layout-flex wp-container-core-columns-is-layout-9d6595d7 wp-block-columns-is-layout-flex\">\n<div class=\"wp-block-column texte_planif is-layout-flow wp-block-column-is-layout-flow\" style=\"flex-basis:58%\">\n<h5 class=\"titre_box\">VORES R\u00c5D TIL LEJNING AF DIN BIL P\u00c5 <span class=\"titre_box_manuscrit\">\nMadeira<\/span><\/h5>\n\n\n\n<ul style=\"font-size:14px\" class=\"liste_voiture wp-block-list\">\n<li>Sammenlign priser p\u00e5 vores foretrukne platform: <a href=\"https:\/\/www.discovercars.com\/dk\/portugal\/madeira?a_aid=zigzag&amp;chan=madeira\" target=\"_blank\" rel=\"noreferrer noopener sponsored nofollow\">DiscoverCars<\/a> &#8211; en af de bedst bed\u00f8mte sider.<\/li>\n\n\n\n<li>Tag en bil med en god motor til skr\u00e5nende veje, men ikke for stor til at man\u00f8vrere.<\/li>\n\n\n\n<li>Der er stor eftersp\u00f8rgsel og f\u00e5 biler, s\u00e5 <strong>book i god tid<\/strong>.<\/li>\n<\/ul>\n<\/div>\n\n\n\n<div class=\"wp-block-column planif-radius-3 is-layout-flow wp-block-column-is-layout-flow\" style=\"flex-basis:42%\">\n<figure class=\"wp-block-image size-large is-resized\"><img decoding=\"async\" src=\"https:\/\/photos.smugmug.com\/Travel\/Madeira\/2i-Miadouro\/i-j86nfB5\/2\/DRCCwrZmGLt2TxcQqRkkLrm3JR55K3NLchGxDNsx6\/S\/driving_Madeira-7130748-S.jpg\" alt=\"Billeje p&#xE5; Madeira\" title=\"\"\/><\/figure>\n<\/div>\n<\/div>\n\n\n\n<div class=\"wp-block-columns planif_bouton is-layout-flex wp-container-core-columns-is-layout-9d6595d7 wp-block-columns-is-layout-flex\">\n<div class=\"wp-block-column is-layout-flow wp-block-column-is-layout-flow\" style=\"flex-basis:50%\">\n<div class=\"wp-block-buttons is-content-justification-center is-layout-flex wp-container-core-buttons-is-layout-16018d1d wp-block-buttons-is-layout-flex\">\n<div class=\"wp-block-button has-custom-font-size\" style=\"font-size:14px\"><a class=\"wp-block-button__link has-white-color has-text-color wp-element-button\" href=\"https:\/\/www.discovercars.com\/dk\/portugal\/madeira?a_aid=zigzag&amp;amp;chan=madeira\" style=\"border-radius:4px\" target=\"_blank\" rel=\"noreferrer noopener\">Se bilerne &gt;&gt;<\/a><\/div>\n<\/div>\n<\/div>\n\n\n\n<div class=\"wp-block-column is-vertically-aligned-center is-layout-flow wp-block-column-is-layout-flow\" style=\"flex-basis:50%\">\n<p class=\"has-text-align-center\" style=\"font-size:14px\"><strong><a href=\"https:\/\/madeiralovers.com\/da\/sadan-lejer-bil-madeira-tips-erfaring\/\" target=\"_blank\" rel=\"noreferrer noopener\">Se vores r\u00e5d<\/a><\/strong><\/p>\n<\/div>\n<\/div>\n<\/div><\/div><\/div>\n\n<h2 class=\"wp-block-heading\">4. Verada dos Balcoes &#8211; PR11 (kort, let og gr\u00f8n)<\/h2>\n\n<figure class=\"wp-block-image size-large\"><img decoding=\"async\" src=\"https:\/\/photos.smugmug.com\/Madeira-Lovers\/Ribeiro-Frio\/Verada-dos-Balcoes\/i-krTpqWb\/1\/FWh5SJ3TBjjv4pMMhtnRCfMXp4fJsFWwPnTwstKhW\/L\/Verada_dos_Balcoes_Madeira-9563-L.jpg\" alt=\"Verada dos Balcoes - PR11\"\/><\/figure>\n\n<h3 class=\"wp-block-heading\">Hvorfor tage derhen? Vores mening<\/h3>\n\n<p>I mods\u00e6tning til de andre, der er n\u00e6vnt i artiklen, g\u00e5r denne tur kun delvist langs en Levada. Den har intet at misunde dem, og den er endda en af vores yndlingsvandringer p\u00e5 Madeira! Vi kan varmt anbefale denne fredelige g\u00e5tur, is\u00e6r i starten af dit ophold! Vi syntes faktisk, at det var en perfekt introduktion til Madeira og dens skatte. Du vil opdage<\/p>\n\n<ul class=\"wp-block-list\">\n<li>Madeiras frodige flora og fauna<\/li>\n\n\n\n<li>betagende udsigt over den frodige gr\u00f8nne dal, havet og bjergtoppene<\/li>\n\n\n\n<li>en Levada, \u00f8ens typiske vandingskanal, bygget i det 16. \u00e5rhundrede<\/li>\n<\/ul>\n\n<p>Hvis du vil vide mere, kan du l\u00e6se <a href=\"https:\/\/madeiralovers.com\/da\/vandring-pr11-verada-balcoes-madeira\/\" type=\"post\" id=\"5929\" target=\"_blank\" rel=\"noreferrer noopener\">vores artikel om Verada dos Balcoes-vandringen<\/a>.<\/p>\n\n<figure class=\"wp-block-image size-large\"><img decoding=\"async\" src=\"https:\/\/photos.smugmug.com\/Madeira-Lovers\/Ribeiro-Frio\/Verada-dos-Balcoes\/i-bfRdPNv\/1\/CqKftdZZrL7Fk8r8zHp3FMKW4TPTnVnt5xrKh2j5H\/L\/Verada_dos_Balcoes_Madeira-7225224-L.jpg\" alt=\"Verada dos Balcoes - PR11\"\/><\/figure>\n\n<h3 class=\"wp-block-heading\">Nyttige tips<\/h3>\n\n<ul class=\"wp-block-list\">\n<li><strong>Beliggenhed<\/strong>: den centrale \u00f8stlige del af \u00f8en, n\u00e6r Ribeiro Frio.<br\/>Fra Funchal: 40 minutters k\u00f8rsel  <br\/>Fra Porto da Cruz: 25 minutter<\/li>\n\n\n\n<li><strong>Adgang<\/strong>: Udgangspunktet er langs bjergvejen ER103. Der er ingen dedikeret parkeringsplads. Ribeiro Frio kan n\u00e5s med offentlig transport.<\/li>\n\n\n\n<li><strong>\u00c5bning af stien:<\/strong> Tjek tilg\u00e6ngeligheden af ruten, f\u00f8r du kommer <a href=\"https:\/\/visitmadeira.com\/en\/what-to-do\/nature-seekers\/activities\/hiking\/pr-11-vereda-dos-balcoes\/\" target=\"_blank\" rel=\"noreferrer noopener nofollow\">hertil<\/a>.<\/li>\n\n\n\n<li><strong>Adgangsgebyr:<\/strong> Husk at betale indgangsgebyret for at f\u00e5 adgang til stien <a href=\"https:\/\/simplifica.madeira.gov.pt\/services\/78-82-259\" target=\"_blank\" rel=\"noreferrer noopener nofollow\">her.<\/a><\/li>\n\n\n\n<li><strong>Type af rute<\/strong>: rundrejse.<\/li>\n\n\n\n<li><strong>Varighed<\/strong>: 3 km og ca. 1 time tur\/retur.<\/li>\n\n\n\n<li><strong>Sv\u00e6rhedsgrad<\/strong>: Denne rute er <strong>let<\/strong>. Den er bare flad.<\/li>\n\n\n\n<li><strong>Bedste \u00f8jeblik<\/strong>: Det er ligegyldigt. Men da der ikke er nogen dedikeret parkeringsplads og derfor kun f\u00e5 parkeringspladser, er det nemmere for dig at komme tidligt eller sidst p\u00e5 dagen.<\/li>\n\n\n\n<li><strong>Infrastruktur<\/strong>: Der er restauranter og andre butikker i Ribeiro Frio og en caf\u00e9 med toiletter og et dejligt udsigtspunkt halvvejs p\u00e5 ruten.<\/li>\n<\/ul>\n\n<h2 class=\"wp-block-heading\">5. Levada do Caldeirao Verde &#8211; PR9 (storsl\u00e5et og forfriskende)<\/h2>\n\n<figure class=\"wp-block-image size-large\"><img decoding=\"async\" src=\"https:\/\/photos.smugmug.com\/Madeira-Lovers\/Levada-Caldeira-Verde\/PR9-hike-Levada-Caldeirao-Verde-waterfall\/i-KpPT6Xs\/1\/D3ZFZVTStV8wgrN3zNtDqPVj5TWdxWqhF9V2gz5GJ\/L\/Levada_Caldeirao_verde_hike_Madeira-7240637-L.jpg\" alt=\"Levada do Caldeirao Verde - PR9\"\/><\/figure>\n\n<h3 class=\"wp-block-heading\">Hvorfor bes\u00f8ge os? Vores mening<\/h3>\n\n<p>Levada do Caldeirao Verde (PR9) er en anden af Madeiras fineste vandreture. Vi elskede de frodige gr\u00f8nne omgivelser, hvor man kan se den frodige endemiske flora undervejs. Stien f\u00f8rer til vandfaldet Caldeirao Verde. Denne vandretur er langt fra kedelig; ruten er afbrudt af 5 tunneler, der er skjult mellem de fugtige klippev\u00e6gge og vegetationen. Hvis du \u00f8nsker det, kan du endda afslutte denne udforskning med en tur til det smukke vandfald Caldeirao do Inferno. L\u00e6s vores artikel om Levada do Caldeirao Verde for at finde ud af mere.<br\/><br\/>Kort sagt anbefaler vi denne tur, som tager dig med ind i en anden verden i et par timer. <strong>Hvis du ikke har bil eller gerne vil vandre i en gruppe, kan du v\u00e6lge en <a href=\"https:\/\/www.getyourguide.dk\/madere-l67\/caldeirao-verde-promenade-levada-t31699\/?partner_id=R3GYW4V&amp;cmp=madeira\" target=\"_blank\" rel=\"noreferrer noopener sponsored nofollow\">halvdags guidet tur<\/a>!<\/strong><\/p>\n\n<figure class=\"wp-block-image size-large\"><img decoding=\"async\" src=\"https:\/\/photos.smugmug.com\/Madeira-Lovers\/Levada-Caldeira-Verde\/PR9-hike-Levada-Caldeirao-Verde-waterfall\/i-t8TRSct\/1\/FVzMzHJz6PpCbMnxTPRT6TDZB3VhczwtQBjrPjq9f\/L\/Levada_Caldeirao_verde_hike_Madeira-7240734-L.jpg\" alt=\"Levada do Caldeirao Verde - PR9\"\/><\/figure>\n\n<h3 class=\"wp-block-heading\">Nyttige tips<\/h3>\n\n<ul class=\"wp-block-list\">\n<li><strong>Beliggenhed<\/strong>: Nord for \u00f8en, n\u00e6r Santana, i Parque Florestal de Quiemadas.<br\/>Fra Funchal eller Sao Vincente er der ca. 40 minutters k\u00f8rsel.  <br\/>Fra Porto da Cruz: 20 minutter<\/li>\n\n\n\n<li><strong>Adgang<\/strong>: Ruten starter fra parkeringspladsen. Det er ikke muligt at komme dertil med offentlig transport.<\/li>\n\n\n\n<li><strong>\u00c5bning af stien:<\/strong> Tjek tilg\u00e6ngeligheden af ruten, f\u00f8r du kommer <a href=\"https:\/\/visitmadeira.com\/en\/what-to-do\/nature-seekers\/activities\/hiking\/pr-9-levada-do-caldeirao-verde\/\" target=\"_blank\" rel=\"noreferrer noopener nofollow\">hertil<\/a>.<\/li>\n\n\n\n<li><strong>Adgangsgebyr:<\/strong> Husk at betale indgangsgebyret for at f\u00e5 adgang til stien <a href=\"https:\/\/simplifica.madeira.gov.pt\/services\/78-82-259\" target=\"_blank\" rel=\"noreferrer noopener nofollow\">her.<\/a><\/li>\n\n\n\n<li><strong>Type af rute<\/strong>: rundrejse.<\/li>\n\n\n\n<li><strong>Varighed<\/strong>: 13 km og ca. 5.30 retur. L\u00e6g yderligere 4,5 km og ca. 2 timer til, hvis du vil forts\u00e6tte til vandfaldet Caldeirao do Inferno.<\/li>\n\n\n\n<li><strong>Sv\u00e6rhedsgrad<\/strong>: Denne rute er <strong>let<\/strong>. Ruten er flad og nogle gange smal, med nogle f\u00e5 trin og trapper, og tunnellerne kan v\u00e6re m\u00f8rke.<\/li>\n\n\n\n<li><strong>Bedste tidspunkt<\/strong>: Denne tur er meget popul\u00e6r p\u00e5 \u00f8en, s\u00e5 vi anbefaler, at du g\u00e5r tidligt om morgenen eller sent p\u00e5 eftermiddagen.<\/li>\n\n\n\n<li><strong>Udstyr og faciliteter<\/strong>: Medbring en mackintosh og en lommelygte. Der er en caf\u00e9 og toiletter ved startstedet, hvorefter du ikke finder noget undervejs.<\/li>\n<\/ul>\n\n<p>F\u00e5 mere at vide i <a href=\"https:\/\/madeiralovers.com\/da\/vandring-levada-caldeirao-verde-madeira\/\" target=\"_blank\" rel=\"noreferrer noopener\">vores dedikerede artikel<\/a>!<\/p>\n\n<div style=\"background-color:#fefefe;margin-top:6%;margin-bottom:6%\" class=\"wp-block-genesis-blocks-gb-container box gb-block-container\"><div class=\"gb-container-inside\"><div class=\"gb-container-content\" style=\"max-width:700px\">\n<div class=\"wp-block-columns inverse is-layout-flex wp-container-core-columns-is-layout-9d6595d7 wp-block-columns-is-layout-flex\">\n<div class=\"wp-block-column texte_planif is-layout-flow wp-block-column-is-layout-flow\" style=\"flex-basis:58%\">\n<h5 class=\"titre_box\">VORES GUIDE TIL PLANL\u00c6GNING AF EN <span class=\"titre_box_manuscrit\">Dr\u00f8mmerejse<\/span><\/h5>\n\n\n\n<ul class=\"wp-block-list\">\n<li>7 kort, der g\u00f8r planl\u00e6gningen lettere<\/li>\n\n\n\n<li>+ 120 forudvalgte spillesteder  <\/li>\n\n\n\n<li>Praktiske r\u00e5d  <\/li>\n\n\n\n<li>+ 260 fotos, der hj\u00e6lper dig med at v\u00e6lge<\/li>\n<\/ul>\n\n\n\n<div class=\"wp-block-buttons is-layout-flex wp-block-buttons-is-layout-flex\">\n<div class=\"wp-block-button\"><a class=\"wp-block-button__link has-theme-primary-background-color has-background wp-element-button\" href=\"https:\/\/madeiralovers.com\/da\/ebook-rejseguide-madeira\/\">Find ud af mere &gt;&gt;<\/a><\/div>\n<\/div>\n<\/div>\n\n\n\n<div class=\"wp-block-column is-layout-flow wp-block-column-is-layout-flow\" style=\"flex-basis:42%\">\n<div class=\"wp-block-genesis-blocks-gb-container ebook-radius-waitlist gb-block-container\"><div class=\"gb-container-inside\"><div class=\"gb-container-content\"><div class=\"wp-block-image ebook-image\">\n<figure class=\"aligncenter size-full\"><img decoding=\"async\" src=\"https:\/\/madeiralovers.com\/wp-content\/uploads\/2024\/06\/Med-Madeira-Travel-Guide-ebook-cover-2.jpg\" alt=\"guide-voyage-Madere-bog-cover-medium\" class=\"wp-image-2412\"\/><\/figure>\n<\/div><\/div><\/div><\/div>\n<\/div>\n<\/div>\n<\/div><\/div><\/div>\n\n<h2 class=\"wp-block-heading\">6. Verada do Pico Ruivo &#8211; PR1.2 (betagende udsigt)<\/h2>\n\n<figure class=\"wp-block-image size-large\"><img decoding=\"async\" src=\"https:\/\/photos.smugmug.com\/Madeira-Lovers\/Pico-Ruivo\/Pico-Ruivo-views\/i-DjRpRFD\/1\/CTtNTwXcQgTJfwLfBz2R9bXVfvsgJmFXjfwPmvthQ\/L\/Pico_Ruivo_viewpoint_Madeira-7235842-L.jpg\" alt=\"Verada do Pico Ruivo - PR1.2\"\/><\/figure>\n\n<h3 class=\"wp-block-heading\">Hvorfor tage derhen? Vores mening<\/h3>\n\n<p>Vandreturen Vereda do Pico Ruivo (PR1.2) er en af Madeiras mest symbolske stier! Den f\u00f8rer til et af \u00f8ens h\u00f8jeste punkter: Pico Ruivo, der kulminerer p\u00e5 1862 meter. Vi kan varmt anbefale denne tur, som vil fylde dine \u00f8jne med forundring. Vi var forbl\u00f8ffede over den betagende udsigt over bjergene og dalene. Afh\u00e6ngigt af vejret kan du beundre skyerne, der slikker bjergtoppene og str\u00e6kker sig, s\u00e5 langt \u00f8jet r\u00e6kker. Et ekstraordin\u00e6rt show, som virkelig gjorde indtryk p\u00e5 vores rejse.<\/p>\n\n<p class=\"has-text-align-center\"><strong>Hvorfor ikke v\u00e6lge en guidet solopgangsvandring p\u00e5 Pico Ruivo,<\/strong> <strong>med afhentning p\u00e5 hotellet? <a href=\"https:\/\/www.getyourguide.dk\/madere-l67\/madere-randonnee-guidee-au-lever-du-soleil-au-pico-ruivo-avec-ramassage-a-l-hotel-t434059\/?partner_id=R3GYW4V&amp;cmp=madeira\" target=\"_blank\" rel=\"noreferrer noopener sponsored nofollow\">For mere information<\/a><\/strong><\/p>\n\n<figure class=\"wp-block-image size-large\"><img decoding=\"async\" src=\"https:\/\/photos.smugmug.com\/Madeira-Lovers\/Pico-Ruivo\/Pico-Ruivo-views\/i-bv4Hg6X\/1\/D3HQPCHKpKWV5XBK6S5ZBFWWnDNDZP22GtP3fLSZj\/L\/Pico_Ruivo_viewpoint_Madeira-7235821-L.jpg\" alt=\"Verada do Pico Ruivo - PR1.2\"\/><\/figure>\n\n<h3 class=\"wp-block-heading\">Nyttige tips<\/h3>\n\n<ul class=\"wp-block-list\">\n<li><strong>Beliggenhed<\/strong>: i den nord\u00f8stlige del af \u00f8en, n\u00e6r Santana.<br\/>Fra <a href=\"https:\/\/madeiralovers.com\/da\/sevaerdigheder-funchal-besog\/\" target=\"_blank\" rel=\"noreferrer noopener\">Funchal<\/a> eller <a href=\"https:\/\/madeiralovers.com\/da\/sevaerdigheder-porto-moniz-besog\/\" type=\"post\" id=\"1574\" target=\"_blank\" rel=\"noreferrer noopener\">Porto Moniz<\/a>: 1 times k\u00f8rsel<\/li>\n\n\n\n<li><strong>Adgang<\/strong>: Det er nemt at komme til starten. Ruten g\u00e5r <em>via<\/em> en asfalteret vej fra Santana, som er nem at k\u00f8re. For enden af vejen ligger den store parkeringsplads Achada do Teixeira.<\/li>\n\n\n\n<li><strong>\u00c5bning af stien:<\/strong> Tjek tilg\u00e6ngeligheden af ruten, f\u00f8r du kommer <a href=\"https:\/\/visitmadeira.com\/en\/what-to-do\/nature-seekers\/activities\/hiking\/pr-12-vereda-do-pico-ruivo\/\" target=\"_blank\" rel=\"noreferrer noopener nofollow\">hertil<\/a>.<\/li>\n\n\n\n<li><strong>Adgangsgebyr:<\/strong> Husk at betale indgangsgebyret for at f\u00e5 adgang til stien <a href=\"https:\/\/simplifica.madeira.gov.pt\/services\/78-82-259\" target=\"_blank\" rel=\"noreferrer noopener nofollow\">her.<\/a><\/li>\n\n\n\n<li><strong>Type af rute<\/strong>: rundtur<\/li>\n\n\n\n<li><strong>Varighed<\/strong>: 6 km tur\/retur, ca. 3 timers vandring.<\/li>\n\n\n\n<li><strong>Sv\u00e6rhedsgrad<\/strong>: Vi fandt hele stien let, men afh\u00e6ngigt af din kondition kan den sidste stigning til toppen v\u00e6re mindre let. Vi anbefaler blot, at du tager dig tid til at udforske den. Bem\u00e6rk, at der ikke er skygge p\u00e5 stien.<\/li>\n\n\n\n<li><strong>Bedste tidspunkt<\/strong>: Vi synes, at det bedste tidspunkt er ved daggry. S\u00e5 du kan beundre solopgangen og klippetoppene over skyerne.<\/li>\n\n\n\n<li><strong>Faciliteter<\/strong>: Du finder en restaurant p\u00e5 parkeringspladsen med betalingstoilet ved foden af Pico Ruivo f\u00f8r den sidste stigning.<\/li>\n<\/ul>\n\n<h2 class=\"wp-block-heading\">7. Verada do Fanal &#8211; PR13 (us\u00e6dvanlig)<\/h2>\n\n<figure class=\"wp-block-image size-large\"><img decoding=\"async\" src=\"https:\/\/photos.smugmug.com\/Madeira-Lovers\/Bica-da-Cana-Fanal\/Fanal-Forest\/i-wz7fS5V\/1\/C6rHQWr9bX3trM3rbxgnFrB7HSqZ9MbZwhN6tV9wG\/L\/Fanal_Forest_Madeira-7151832-L.jpg\" alt=\"Verada do Fanal - PR13\"\/><\/figure>\n\n<h3 class=\"wp-block-heading\">Hvorfor bes\u00f8ge os? Vores mening<\/h3>\n\n<p>Denne vandring gennem hjertet af Madeiras Laurissilva-skov (som ogs\u00e5 omfatter Fanal-skoven), der er p\u00e5 UNESCO&#8217;s verdensarvsliste, er virkelig fortryllende! I 1437 meters h\u00f8jde finder du \u00e5rhundredgamle tr\u00e6er med snoede former. Hvis du kan, anbefaler vi for en gangs skyld, at du bes\u00f8ger denne side p\u00e5 en t\u00e5get dag. Oplevelsen bliver s\u00e5 meget desto mere mystisk! Vi l\u00e6rte, at denne oprindelige skov engang var meget almindelig i Sydeuropa og p\u00e5 en stor del af \u00f8en. I dag er et af de st\u00f8rste tilbagev\u00e6rende omr\u00e5der Plateau Paul da Serra p\u00e5 Madeira.<\/p>\n\n<p class=\"has-text-align-center\"><strong>Hvis du ikke har en bil, kan du v\u00e6lge at blive k\u00f8rt frem og tilbage og udforske For\u00eat de Fanal med stil!  <a href=\"https:\/\/www.getyourguide.dk\/madere-l67\/funchal-transfert-aller-retour-dans-la-foret-de-fanal-t557573\/?partner_id=R3GYW4V&amp;cmp=madeira\" target=\"_blank\" rel=\"noreferrer noopener sponsored nofollow\">Se priser og book<\/a><\/strong><\/p>\n\n<figure class=\"wp-block-image size-large\"><img decoding=\"async\" src=\"https:\/\/photos.smugmug.com\/Madeira-Lovers\/Bica-da-Cana-Fanal\/Fanal-Forest\/i-pmRQ9sq\/1\/9dhKgfZ2R6g6V85ScxkFCpvwG4W3rNd9WmmLkkPK\/L\/Fanal_Forest_Madeira-8788-L.jpg\" alt=\"Verada do Fanal - PR13\"\/><\/figure>\n\n<h3 class=\"wp-block-heading\">Nyttige tips<\/h3>\n\n<ul class=\"wp-block-list\">\n<li><strong>Beliggenhed<\/strong>: midt p\u00e5 \u00f8en, n\u00e6r Arco da Calheta.<br\/>Fra Funchal: 1 times k\u00f8rsel  <br\/>Fra <a href=\"https:\/\/madeiralovers.com\/da\/sevaerdigheder-porto-moniz-besog\/\" target=\"_blank\" rel=\"noreferrer noopener\">Porto Moniz<\/a>: 30 minutter<\/li>\n\n\n\n<li><strong>Adgang<\/strong>: For at komme til Foret de Fanal skal man tage rute 209, for enden af hvilken der er en stor parkeringsplads og starten p\u00e5 stien.<\/li>\n\n\n\n<li><strong>\u00c5bning af stien:<\/strong> Tjek tilg\u00e6ngeligheden af ruten, f\u00f8r du kommer <a href=\"https:\/\/visitmadeira.com\/en\/what-to-do\/nature-seekers\/activities\/hiking\/pr-13-vereda-do-fanal\/\" target=\"_blank\" rel=\"noreferrer noopener nofollow\">hertil<\/a>.<\/li>\n\n\n\n<li><strong>Adgangsgebyr:<\/strong> Husk at betale indgangsgebyret for at f\u00e5 adgang til stien <a href=\"https:\/\/simplifica.madeira.gov.pt\/services\/78-82-259\" target=\"_blank\" rel=\"noreferrer noopener nofollow\">her.<\/a><\/li>\n\n\n\n<li><strong>Type af rute<\/strong>: rundrejse. Men hvis du \u00f8nsker det, kan du tage en taxa kun til udrejsen.<\/li>\n\n\n\n<li><strong>Varighed<\/strong>: 20 km og 5 timer tur\/retur mellem Plateau Paul da Serra og Fanal.<\/li>\n\n\n\n<li><strong>Vanskeligheder<\/strong>: Intet at rapportere bortset fra et par trin. Dette er en let til moderat vandretur.<\/li>\n\n\n\n<li><strong>Bedste \u00f8jeblik<\/strong>: Det er op til dig! Hvis vejret er godt, kan du nyde den smukke udsigt over plateauet. Hvis atmosf\u00e6ren er t\u00e5get, bliver oplevelsen mystisk.<\/li>\n\n\n\n<li><strong>Udstyr og faciliteter<\/strong>: Hvis du g\u00e5r i t\u00e5ge, skal du s\u00f8rge for at f\u00f8lge sporet ved hj\u00e6lp af GPS&#8217;en p\u00e5 din telefon, f.eks. med AllTrails-appen. Med reduceret synlighed er risikoen for at fare vild st\u00f8rre. Vi s\u00e5 nogle toiletter p\u00e5 parkeringspladsen ved For\u00eat de Fanal.<\/li>\n<\/ul>\n\n<div style=\"margin-top:8%;margin-bottom:8%\" class=\"wp-block-genesis-blocks-gb-container box gb-block-container\"><div class=\"gb-container-inside\"><div class=\"gb-container-content\">\n<div class=\"wp-block-columns inverse is-layout-flex wp-container-core-columns-is-layout-9d6595d7 wp-block-columns-is-layout-flex\">\n<div class=\"wp-block-column texte_planif is-layout-flow wp-block-column-is-layout-flow\" style=\"flex-basis:58%\">\n<h5 class=\"titre_box\">VORES FAVORITAKTIVITET p\u00e5 <span class=\"titre_box_manuscrit\">Madeira<\/span><\/h5>\n\n\n\n<p style=\"font-size:14px\">Katamaran-tur for at se delfiner og Madeiras gigantiske klipper.<\/p>\n\n\n\n<p style=\"font-size:14px\"><a href=\"https:\/\/www.getyourguide.dk\/s?q=Funchal+dauphins+catamaran&amp;searchSource=8&amp;partner_id=R3GYW4V&amp;cmp=madeira\" target=\"_blank\" rel=\"noreferrer noopener sponsored nofollow\">Se program og tilg\u00e6ngelighed &#8211; og book!<\/a><\/p>\n<\/div>\n\n\n\n<div class=\"wp-block-column ville-radius is-layout-flow wp-block-column-is-layout-flow\" style=\"flex-basis:42%\">\n<figure class=\"wp-block-image size-large is-resized img-portrait\"><img decoding=\"async\" src=\"https:\/\/photos.smugmug.com\/Travel\/Madeira\/9c-Dolphins\/i-whpFzdc\/1\/2fa5ccf1\/L\/dolphin_cruise_boat_Tour_Madeira-7204502-L.jpg\" alt=\"\" style=\"width:319px;height:303px\" title=\"\"\/><\/figure>\n<\/div>\n<\/div>\n<\/div><\/div><\/div>\n\n<h2 class=\"wp-block-heading\">8. Vereda da Ladeira &#8211; RB1 (Rota da Banana)<\/h2>\n\n<figure class=\"wp-block-image size-large\"><img decoding=\"async\" src=\"https:\/\/photos.smugmug.com\/Madeira-Lovers\/Madalena-do-Mar\/i-3dRGfHB\/1\/Dqnwnv4R99tmTKBr5JGtbjrkx6SqgFrq5bGLS7sx\/L\/Madalena_do_Mar_Madeira-9026-L.jpg\" alt=\"Rota da Banana - RB1\"\/><\/figure>\n\n<h3 class=\"wp-block-heading\">Hvorfor tage derhen? Vores mening<\/h3>\n\n<p>Denne sjove lille g\u00e5tur giver dig mulighed for at tilbringe lidt tid under banantr\u00e6erne. Du vil opdage, hvordan den ber\u00f8mte Levada ved foden af bjergene faktisk bruges. Vi elskede den tid, vi tilbragte i plantagerne med Madeiras ber\u00f8mte s\u00f8de sm\u00e5 bananer.<\/p>\n\n<figure class=\"wp-block-image size-large\"><img decoding=\"async\" src=\"https:\/\/photos.smugmug.com\/Madeira-Lovers\/Madalena-do-Mar\/i-X8ZbXSw\/1\/FHj7DgbPFQDKKMc3FLQ3NcM7f54pVVwMF2hmTLgVN\/L\/Madalena_do_Mar_Madeira-7162772-L.jpg\" alt=\"Rota da Banana - RB1\"\/><\/figure>\n\n<h3 class=\"wp-block-heading\">Nyttige tips<\/h3>\n\n<ul class=\"wp-block-list\">\n<li><strong>Beliggenhed<\/strong>: Madalena do Mar, i den sydvestlige del af \u00f8en.<br\/>Fra <a href=\"https:\/\/madeiralovers.com\/da\/sevaerdigheder-ponta-do-sol-besog\/\" target=\"_blank\" rel=\"noreferrer noopener\">Ponta do Sol<\/a>: mindre end 10 minutters k\u00f8rsel<br\/>Fra Funchal = 30 minutters k\u00f8rsel<\/li>\n\n\n\n<li><strong>Adgang<\/strong>: Udgangspunktet er langs <em>Rua do IV Centenario<\/em>. Der er ingen s\u00e6rlig parkeringsplads, men man kan parkere i landsbyen. Landsbyen kan n\u00e5s med offentlig transport.<\/li>\n\n\n\n<li><strong>\u00c5bningstider og omkostninger:<\/strong> De fleste vandreture koster nu penge, tjek betingelserne med turistkontoret <a href=\"https:\/\/visitmadeira.com\/en\/what-to-do\/nature-seekers\/activities\/hiking\/\" target=\"_blank\" rel=\"noreferrer noopener nofollow\">her.<\/a><\/li>\n\n\n\n<li><strong>Type af rute<\/strong>: loop.<\/li>\n\n\n\n<li><strong>Varighed<\/strong>: 1,9 km og mellem 10 og 30 minutter afh\u00e6ngigt af dine pr\u00e6ferencer.<\/li>\n\n\n\n<li><strong>Sv\u00e6rhedsgrad<\/strong>: Denne rute er <strong>meget<\/strong> <strong>let<\/strong>. Det hele er fladt, og stien er godt skiltet.<\/li>\n\n\n\n<li><strong>Bedste \u00f8jeblik<\/strong>: Det er ligegyldigt.<\/li>\n\n\n\n<li><strong>Infrastruktur<\/strong>: Der er caf\u00e9er og restauranter i Madalena do Mar.<\/li>\n<\/ul>\n\n<h2 class=\"wp-block-heading\">9. Verada do Larano (klippeside, fantastisk udsigt)<\/h2>\n\n<figure class=\"wp-block-image size-large is-resized\"><img decoding=\"async\" src=\"https:\/\/photos.smugmug.com\/Madeira-Lovers\/Miradouros\/Miradouro-da-Portela\/i-qdtG2b7\/1\/FKshtrT8ftJStgZhf2MJHd8MkHxS5PNfSZfshhCKK\/L\/Miradouro_da_Portela_Madeira-7225501-L.jpg\" alt=\"Verado do Larano  \" style=\"width:701px;height:auto\"\/><figcaption class=\"wp-element-caption\">Udsigt over Penha de \u00c1guia Porto da Cruz fra Miradouro da Portela<\/figcaption><\/figure>\n\n<h3 class=\"wp-block-heading\">Hvorfor tage derhen? Vores mening<\/h3>\n\n<p>Vereda do Larano er en spektakul\u00e6r vandretur p\u00e5 Madeiras \u00f8stkyst. Vi elskede denne imponerende sti langs de stejle klipper. Den byder p\u00e5 en betagende panoramaudsigt over Atlanterhavet og \u00f8ens kystlandskaber. Is\u00e6r p\u00e5 den ber\u00f8mte Penha de Aguia. Og s\u00e5 starter turen langs en af <a href=\"https:\/\/madeiralovers.com\/da\/best-levadas-madere\/\" target=\"_blank\" rel=\"noreferrer noopener\">Madeiras ber\u00f8mte levadaer<\/a>! En mulighed for at opdage \u00f8ens folkelige vandveje.<\/p>\n\n<figure class=\"wp-block-image size-large\"><img decoding=\"async\" src=\"https:\/\/photos.smugmug.com\/Madeira-Lovers\/Miradouros\/Miradouro-da-Portela\/i-ggcwS2G\/1\/CPgFnJLjjN9FJM2PLpSXM74Jtzm4DM63JjCXWRxfn\/L\/Miradouro_da_Portela_Madeira-7225523-L.jpg\" alt=\"Verado do Larano  \"\/><figcaption class=\"wp-element-caption\">Udsigt over Penha de \u00c1guia Porto da Cruz fra Miradouro da Portela<\/figcaption><\/figure>\n\n<h3 class=\"wp-block-heading\">Nyttige tips<\/h3>\n\n<ul class=\"wp-block-list\">\n<li><strong>Beliggenhed<\/strong>: i den nord\u00f8stlige del af \u00f8en, n\u00e6r Porto da Cruz.<br\/>Fra Funchal: 50 minutters k\u00f8rsel og fra <a href=\"https:\/\/madeiralovers.com\/da\/sevaerdigheder-sao-vicente-madeira-besog\/\" target=\"_blank\" rel=\"noreferrer noopener\">Sao Vincente<\/a>: 1 time<\/li>\n\n\n\n<li><strong>Adgang<\/strong>: Stien starter n\u00e6r Machico, ved siden af den gamle tunnel, der forbinder Machico med Cani\u00e7al.<a href=\"https:\/\/www.visitmachico.com\/pt\/sentir\/natureza-terra\/veredas-e-levadas\/veredas-da-boca-do-risco-e-do-larano\" target=\"_blank\" rel=\"noreferrer noopener\"><\/a><a href=\"https:\/\/walkmeguide.com\/fr\/madeira\/trail\/45\/vereda-do-larano\/\" target=\"_blank\" rel=\"noreferrer noopener\"><\/a>. Det er det mest anvendte udgangspunkt. <a href=\"https:\/\/www.journeyera.com\/vereda-do-larano-hike\/\" target=\"_blank\" rel=\"noreferrer noopener\"><\/a>Du kan ogs\u00e5 starte turen fra Porto da Cruz og slutte i Machico.<\/li>\n\n\n\n<li><strong>\u00c5bningstider og omkostninger:<\/strong> De fleste vandreture koster nu penge, tjek betingelserne med turistkontoret <a href=\"https:\/\/visitmadeira.com\/en\/what-to-do\/nature-seekers\/activities\/hiking\/\" target=\"_blank\" rel=\"noreferrer noopener nofollow\">her.<\/a><\/li>\n\n\n\n<li><strong>Rutetype<\/strong>: envejs fra Porto da Cruz til Machico.<\/li>\n\n\n\n<li><strong>Varighed<\/strong>: 13 km og ca. 4 timer.<\/li>\n\n\n\n<li><strong>Sv\u00e6rhedsgrad<\/strong>: Dette er en vandretur p\u00e5 mellemniveau. Ingen s\u00e6rlige vanskeligheder bortset fra et par stejle op- og nedstigninger p\u00e5 en klippeside.<\/li>\n\n\n\n<li><strong>Bedste tidspunkt<\/strong>: Vi anbefaler at g\u00e5 f\u00f8rst eller sidst p\u00e5 dagen for at undg\u00e5 varmen.<\/li>\n<\/ul>\n\n<div style=\"background-color:#fefefe;margin-top:6%;margin-bottom:6%\" class=\"wp-block-genesis-blocks-gb-container box gb-block-container\"><div class=\"gb-container-inside\"><div class=\"gb-container-content\" style=\"max-width:700px\">\n<div class=\"wp-block-columns inverse is-layout-flex wp-container-core-columns-is-layout-9d6595d7 wp-block-columns-is-layout-flex\">\n<div class=\"wp-block-column texte_planif is-layout-flow wp-block-column-is-layout-flow\" style=\"flex-basis:58%\">\n<h5 class=\"titre_box\">Modtag vores <span class=\"titre_box_manuscrit\">nyhedsbrev<\/span><\/h5>\n\n\n\n<ul class=\"wp-block-list\">\n<li>Et frisk pust i din hverdag p\u00e5 de smukke destinationer i Region Lovers!<\/li>\n\n\n\n<li>En gang om m\u00e5neden.<\/li>\n\n\n\n<li>Reklamefri<\/li>\n<\/ul>\n\n\n<script>\nvar gform;gform||(document.addEventListener(\"gform_main_scripts_loaded\",function(){gform.scriptsLoaded=!0}),document.addEventListener(\"gform\/theme\/scripts_loaded\",function(){gform.themeScriptsLoaded=!0}),window.addEventListener(\"DOMContentLoaded\",function(){gform.domLoaded=!0}),gform={domLoaded:!1,scriptsLoaded:!1,themeScriptsLoaded:!1,isFormEditor:()=>\"function\"==typeof InitializeEditor,callIfLoaded:function(o){return!(!gform.domLoaded||!gform.scriptsLoaded||!gform.themeScriptsLoaded&&!gform.isFormEditor()||(gform.isFormEditor()&&console.warn(\"The use of gform.initializeOnLoaded() is deprecated in the form editor context and will be removed in Gravity Forms 3.1.\"),o(),0))},initializeOnLoaded:function(o){gform.callIfLoaded(o)||(document.addEventListener(\"gform_main_scripts_loaded\",()=>{gform.scriptsLoaded=!0,gform.callIfLoaded(o)}),document.addEventListener(\"gform\/theme\/scripts_loaded\",()=>{gform.themeScriptsLoaded=!0,gform.callIfLoaded(o)}),window.addEventListener(\"DOMContentLoaded\",()=>{gform.domLoaded=!0,gform.callIfLoaded(o)}))},hooks:{action:{},filter:{}},addAction:function(o,r,e,t){gform.addHook(\"action\",o,r,e,t)},addFilter:function(o,r,e,t){gform.addHook(\"filter\",o,r,e,t)},doAction:function(o){gform.doHook(\"action\",o,arguments)},applyFilters:function(o){return gform.doHook(\"filter\",o,arguments)},removeAction:function(o,r){gform.removeHook(\"action\",o,r)},removeFilter:function(o,r,e){gform.removeHook(\"filter\",o,r,e)},addHook:function(o,r,e,t,n){null==gform.hooks[o][r]&&(gform.hooks[o][r]=[]);var d=gform.hooks[o][r];null==n&&(n=r+\"_\"+d.length),gform.hooks[o][r].push({tag:n,callable:e,priority:t=null==t?10:t})},doHook:function(r,o,e){var t;if(e=Array.prototype.slice.call(e,1),null!=gform.hooks[r][o]&&((o=gform.hooks[r][o]).sort(function(o,r){return o.priority-r.priority}),o.forEach(function(o){\"function\"!=typeof(t=o.callable)&&(t=window[t]),\"action\"==r?t.apply(null,e):e[0]=t.apply(null,e)})),\"filter\"==r)return e[0]},removeHook:function(o,r,t,n){var e;null!=gform.hooks[o][r]&&(e=(e=gform.hooks[o][r]).filter(function(o,r,e){return!!(null!=n&&n!=o.tag||null!=t&&t!=o.priority)}),gform.hooks[o][r]=e)}});\n<\/script>\n\n                <div class='gf_browser_gecko gform_wrapper gravity-theme gform-theme--no-framework waitlist_wrapper' data-form-theme='gravity-theme' data-form-index='0' id='gform_wrapper_2' >\n                        <div class='gform_heading'>\n                            <p class='gform_description'><\/p>\n                        <\/div><form method='post' enctype='multipart\/form-data'  id='gform_2' class='waitlist' action='\/da\/wp-json\/wp\/v2\/posts\/3249' data-formid='2' novalidate> \r\n <input type='hidden' class='gforms-pum' value='{\"closepopup\":false,\"closedelay\":0,\"openpopup\":false,\"openpopup_id\":0}' \/>\n                        <div class='gform-body gform_body'><div id='gform_fields_2' class='gform_fields top_label form_sublabel_below description_below validation_below'><div id=\"field_2_5\" class=\"gfield gfield--type-honeypot gform_validation_container field_sublabel_below gfield--has-description field_description_below field_validation_below gfield_visibility_visible\"  ><label class='gfield_label gform-field-label' for='input_2_5'>Comments<\/label><div class='ginput_container'><input name='input_5' id='input_2_5' type='text' value='' autocomplete='new-password'\/><\/div><div class='gfield_description' id='gfield_description_2_5'>Dette felt er til validering og b\u00f8r ikke \u00e6ndres.<\/div><\/div><div id=\"field_2_1\" class=\"gfield gfield--type-email gfield--input-type-email gfield_contains_required field_sublabel_below gfield--no-description field_description_below hidden_label field_validation_below gfield_visibility_visible\"  ><label class='gfield_label gform-field-label' for='input_2_1'>E-mail<span class=\"gfield_required\"><span class=\"gfield_required gfield_required_text\">(P\u00e5kr\u00e6vet)<\/span><\/span><\/label><div class='ginput_container ginput_container_email'>\n                            <input name='input_1' id='input_2_1' type='email' value='' class='large'    aria-required=\"true\" aria-invalid=\"false\"  \/>\n                        <\/div><\/div><fieldset id=\"field_2_3\" class=\"gfield gfield--type-consent gfield--type-choice gfield--input-type-consent gfield_contains_required field_sublabel_below gfield--no-description field_description_below hidden_label field_validation_below gfield_visibility_visible\"  ><legend class='gfield_label gform-field-label gfield_label_before_complex' >RGPD<span class=\"gfield_required\"><span class=\"gfield_required gfield_required_text\">(P\u00e5kr\u00e6vet)<\/span><\/span><\/legend><div class='ginput_container ginput_container_consent'><input name='input_3.1' id='input_2_3_1' type='checkbox' value='1'   aria-required=\"true\" aria-invalid=\"false\"   \/> <label class=\"gform-field-label gform-field-label--type-inline gfield_consent_label\" for='input_2_3_1' >Ja, jeg vil gerne abonnere p\u00e5 det m\u00e5nedlige nyhedsbrev<span class=\"gfield_required gfield_required_text\">(P\u00e5kr\u00e6vet)<\/span><\/label><input type='hidden' name='input_3.2' value='Ja, jeg vil gerne abonnere p\u00e5 det m\u00e5nedlige nyhedsbrev' class='gform_hidden' \/><input type='hidden' name='input_3.3' value='1' class='gform_hidden' \/><\/div><\/fieldset><div id=\"field_2_4\" class=\"gfield gfield--type-website gfield--input-type-website field_sublabel_below gfield--no-description field_description_below field_validation_below gfield_visibility_hidden\"  ><div class=\"admin-hidden-markup\"><i class=\"gform-icon gform-icon--hidden\" aria-hidden=\"true\" title=\"Dette felt er skjult, n\u00e5r du f\u00e5r vist formularen\"><\/i><span>Dette felt er skjult, n\u00e5r du f\u00e5r vist formularen<\/span><\/div><label class='gfield_label gform-field-label' for='input_2_4'>Hjemmeside<\/label><div class='ginput_container ginput_container_website'>\n                    <input name='input_4' id='input_2_4' type='url' value='https:\/\/madeiralovers.com\/da\/wp-json\/wp\/v2\/posts\/3249' class='large'    placeholder='https:\/\/'  aria-invalid=\"false\" \/>\n                <\/div><\/div><\/div><\/div>\n        <div class='gform-footer gform_footer top_label'> <input type='submit' id='gform_submit_button_2' class='gform_button button' onclick='gform.submission.handleButtonClick(this);' data-submission-type='submit' value='Skriv dig op'  \/> \n            <input type='hidden' class='gform_hidden' name='gform_submission_method' data-js='gform_submission_method_2' value='postback' \/>\n            <input type='hidden' class='gform_hidden' name='gform_theme' data-js='gform_theme_2' id='gform_theme_2' value='gravity-theme' \/>\n            <input type='hidden' class='gform_hidden' name='gform_style_settings' data-js='gform_style_settings_2' id='gform_style_settings_2' value='{&quot;theme&quot;:&quot;gravity-theme&quot;,&quot;inputPrimaryColor&quot;:&quot;#72bb20&quot;,&quot;buttonPrimaryBackgroundColor&quot;:&quot;#72bb20&quot;}' \/>\n            <input type='hidden' class='gform_hidden' name='is_submit_2' value='1' \/>\n            <input type='hidden' class='gform_hidden' name='gform_submit' value='2' \/>\n            \n            <input type='hidden' class='gform_hidden' name='gform_currency' data-currency='EUR' value='dIYedAyvvNgOLLgrAAJc5NTyfOHDWqORvA7efMoH9Y0SuPn0Tjy2Bj9Gi7vHWQx0DSghPLDJZf1LOvgIQcCTy\/j61hMOGI1Lr4t\/KprpKO5ecZc=' \/>\n            <input type='hidden' class='gform_hidden' name='gform_unique_id' value='' \/>\n            <input type='hidden' class='gform_hidden' name='state_2' value='WyJ7XCIzLjFcIjpcImMzMjZlZjU3NGQwMWFmNjhhYTg1YTk2ODk5ZTAyYmU1XCIsXCIzLjJcIjpcIjIwMzdlZDc4MjA3YjI1ZDBlNDVmYzFmZWMzNDRmZmU3XCIsXCIzLjNcIjpcImMzMjZlZjU3NGQwMWFmNjhhYTg1YTk2ODk5ZTAyYmU1XCJ9IiwiODNkZDAwMWE4YWEyMTRjMDFlYzcyMjI5OTdmY2ExYWUiXQ==' \/>\n            <input type='hidden' autocomplete='off' class='gform_hidden' name='gform_target_page_number_2' id='gform_target_page_number_2' value='0' \/>\n            <input type='hidden' autocomplete='off' class='gform_hidden' name='gform_source_page_number_2' id='gform_source_page_number_2' value='1' \/>\n            <input type='hidden' name='gform_field_values' value='' \/>\n            \n        <\/div>\n                        <\/form>\n                        <\/div><script>\ngform.initializeOnLoaded( function() {gformInitSpinner( 2, 'https:\/\/madeiralovers.com\/wp-content\/plugins\/gravityforms\/images\/spinner.svg', true );jQuery('#gform_ajax_frame_2').on('load',function(){var contents = jQuery(this).contents().find('*').html();var is_postback = contents.indexOf('GF_AJAX_POSTBACK') >= 0;if(!is_postback){return;}var form_content = jQuery(this).contents().find('#gform_wrapper_2');var is_confirmation = jQuery(this).contents().find('#gform_confirmation_wrapper_2').length > 0;var is_redirect = contents.indexOf('gformRedirect(){') >= 0;var is_form = form_content.length > 0 && ! is_redirect && ! is_confirmation;var mt = parseInt(jQuery('html').css('margin-top'), 10) + parseInt(jQuery('body').css('margin-top'), 10) + 100;if(is_form){jQuery('#gform_wrapper_2').html(form_content.html());if(form_content.hasClass('gform_validation_error')){jQuery('#gform_wrapper_2').addClass('gform_validation_error');} else {jQuery('#gform_wrapper_2').removeClass('gform_validation_error');}setTimeout( function() { \/* delay the scroll by 50 milliseconds to fix a bug in chrome *\/  }, 50 );if(window['gformInitDatepicker']) {gformInitDatepicker();}if(window['gformInitPriceFields']) {gformInitPriceFields();}var current_page = jQuery('#gform_source_page_number_2').val();gformInitSpinner( 2, 'https:\/\/madeiralovers.com\/wp-content\/plugins\/gravityforms\/images\/spinner.svg', true );jQuery(document).trigger('gform_page_loaded', [2, current_page]);window['gf_submitting_2'] = false;}else if(!is_redirect){var confirmation_content = jQuery(this).contents().find('.GF_AJAX_POSTBACK').html();if(!confirmation_content){confirmation_content = contents;}jQuery('#gform_wrapper_2').replaceWith(confirmation_content);jQuery(document).trigger('gform_confirmation_loaded', [2]);window['gf_submitting_2'] = false;wp.a11y.speak(jQuery('#gform_confirmation_message_2').text());}else{jQuery('#gform_2').append(contents);if(window['gformRedirect']) {gformRedirect();}}jQuery(document).trigger(\"gform_pre_post_render\", [{ formId: \"2\", currentPage: \"current_page\", abort: function() { this.preventDefault(); } }]);        if (event && event.defaultPrevented) {                return;        }        const gformWrapperDiv = document.getElementById( \"gform_wrapper_2\" );        if ( gformWrapperDiv ) {            const visibilitySpan = document.createElement( \"span\" );            visibilitySpan.id = \"gform_visibility_test_2\";            gformWrapperDiv.insertAdjacentElement( \"afterend\", visibilitySpan );        }        const visibilityTestDiv = document.getElementById( \"gform_visibility_test_2\" );        let postRenderFired = false;        function triggerPostRender() {            if ( postRenderFired ) {                return;            }            postRenderFired = true;            gform.core.triggerPostRenderEvents( 2, current_page );            if ( visibilityTestDiv ) {                visibilityTestDiv.parentNode.removeChild( visibilityTestDiv );            }        }        function debounce( func, wait, immediate ) {            var timeout;            return function() {                var context = this, args = arguments;                var later = function() {                    timeout = null;                    if ( !immediate ) func.apply( context, args );                };                var callNow = immediate && !timeout;                clearTimeout( timeout );                timeout = setTimeout( later, wait );                if ( callNow ) func.apply( context, args );            };        }        const debouncedTriggerPostRender = debounce( function() {            triggerPostRender();        }, 200 );        if ( visibilityTestDiv && visibilityTestDiv.offsetParent === null ) {            const observer = new MutationObserver( ( mutations ) => {                mutations.forEach( ( mutation ) => {                    if ( mutation.type === 'attributes' && visibilityTestDiv.offsetParent !== null ) {                        debouncedTriggerPostRender();                        observer.disconnect();                    }                });            });            observer.observe( document.body, {                attributes: true,                childList: false,                subtree: true,                attributeFilter: [ 'style', 'class' ],            });        } else {            triggerPostRender();        }    } );} );\n<\/script>\n<\/div>\n\n\n\n<div class=\"wp-block-column is-layout-flow wp-block-column-is-layout-flow\" style=\"flex-basis:42%\">\n<div class=\"wp-block-genesis-blocks-gb-container aligncenter newsletter-radius gb-block-container\"><div class=\"gb-container-inside\"><div class=\"gb-container-content\"><div class=\"wp-block-image newsletter-image\">\n<figure class=\"aligncenter size-full\"><img loading=\"lazy\" decoding=\"async\" width=\"729\" height=\"792\" src=\"https:\/\/madeiralovers.com\/wp-content\/uploads\/2024\/01\/newsletter_FR_2.webp\" alt=\"\" class=\"wp-image-222\" srcset=\"https:\/\/madeiralovers.com\/wp-content\/uploads\/2024\/01\/newsletter_FR_2.webp 729w, https:\/\/madeiralovers.com\/wp-content\/uploads\/2024\/01\/newsletter_FR_2-276x300.webp 276w\" sizes=\"auto, (max-width: 729px) 100vw, 729px\" \/><\/figure>\n<\/div><\/div><\/div><\/div>\n<\/div>\n<\/div>\n<\/div><\/div><\/div>\n\n<h2 class=\"wp-block-heading\">10. Pico Grande &#8211; PR12 (vanskelig, 360\u00b0 udsigt)<\/h2>\n\n<figure class=\"wp-block-image size-large\"><img decoding=\"async\" src=\"https:\/\/photos.smugmug.com\/Madeira-Lovers\/Miradouros\/Miradouro-da-Encumeada\/i-rNFRPMG\/1\/J9Fqr5Tv6F63zwCwRtrTN2TQzdc2Q8wq7Hsrw74m\/L\/miradouro_da_Encumeada_Madeira-7130818-L.jpg\" alt=\"Miradouro da Encumeada\"\/><figcaption class=\"wp-element-caption\">Encumeada udsigtspunkt<\/figcaption><\/figure>\n\n<h3 class=\"wp-block-heading\">Hvorfor bes\u00f8ge os? Vores mening<\/h3>\n\n<p>Vi anbefaler denne rute til at udforske \u00f8ens centrum, hvorefter du kan bestige Pico Grande! Fra toppen kan man nyde en 360\u00b0 udsigt over Madeiras landskab.<\/p>\n\n<figure class=\"wp-block-image size-large\"><img decoding=\"async\" src=\"https:\/\/photos.smugmug.com\/Madeira-Lovers\/Miradouros\/Miradouro-da-Encumeada\/i-hbGW6sD\/1\/Dk54NjPBd58gfwW7dzFbJ5F4V32kG5xX2pKgVGs4Z\/L\/miradouro_da_Encumeada_Madeira-7130810-L.jpg\" alt=\"Miradouro da Encumeada\"\/><figcaption class=\"wp-element-caption\">Miradouro da Encumeada<\/figcaption><\/figure>\n\n<h3 class=\"wp-block-heading\">Nyttige tips<\/h3>\n\n<ul class=\"wp-block-list\">\n<li><strong>Beliggenhed<\/strong>: midt p\u00e5 \u00f8en, i n\u00e6rheden af Vargem.<br\/>Fra <a href=\"https:\/\/madeiralovers.com\/da\/sevaerdigheder-funchal-besog\/\" target=\"_blank\" rel=\"noreferrer noopener\">Funchal<\/a> eller <a href=\"https:\/\/madeiralovers.com\/da\/sevaerdigheder-porto-moniz-besog\/\" target=\"_blank\" rel=\"noreferrer noopener\">Porto Moniz<\/a>: ca. 35 minutters k\u00f8rsel<\/li>\n\n\n\n<li><strong>Adgang<\/strong>: Starten er p\u00e5 Pico Ruivo-vejen ved Miradouro da Encumeada. Vejen til vandringens start er let tilg\u00e6ngelig. Der er en lille parkeringsplads p\u00e5 stedet.<\/li>\n\n\n\n<li><strong>\u00c5bningstider og omkostninger:<\/strong> De fleste vandreture koster nu penge, tjek betingelserne med turistkontoret <a href=\"https:\/\/visitmadeira.com\/en\/what-to-do\/nature-seekers\/activities\/hiking\/\" target=\"_blank\" rel=\"noreferrer noopener nofollow\">her.<\/a><\/li>\n\n\n\n<li><strong>Type af rute<\/strong>: rundtur<\/li>\n\n\n\n<li><strong>Varighed<\/strong>: 15 km og ca. 7 timer<\/li>\n\n\n\n<li><strong>Sv\u00e6rhedsgrad<\/strong>: Denne rute er ret stejl med en stigning p\u00e5 omkring 1500 meter.<\/li>\n\n\n\n<li><strong>Bedste tidspunkt<\/strong>: P\u00e5 grund af turens varighed anbefaler vi, at du tager af sted tidligt om morgenen.<\/li>\n\n\n\n<li><strong>Infrastruktur<\/strong>: Der er en caf\u00e9\/bar t\u00e6t p\u00e5 Miradouro da Encumeada.<\/li>\n<\/ul>\n\n<h2 class=\"wp-block-heading\">11- Levada do Moinho &#8211; PR7 (frodig)<\/h2>\n\n<p>Efter vores mening er denne bjergvandring et must p\u00e5 enhver rejse til Madeira:<\/p>\n\n<ul class=\"wp-block-list\">\n<li>Du kommer ind i hjertet af Laurissilva Primary Forest, et unikt \u00f8kosystem, der er optaget p\u00e5 UNESCO&#8217;s verdensarvsliste.<\/li>\n\n\n\n<li>Du vil st\u00f8de p\u00e5 ruinerne af historiske vandm\u00f8ller, der er forbundet med Levadas&#8217; geniale, gamle vandingssystem.<\/li>\n\n\n\n<li>Vi var selvf\u00f8lgelig forbl\u00f8ffede over landskabets sk\u00f8nhed og n\u00f8d at se det terrasserede landbrug.<\/li>\n\n\n\n<li>Vi n\u00f8d ogs\u00e5 den k\u00f8lige fornemmelse af at krydse en tunnel.<\/li>\n\n\n\n<li>Endelig er Levada do Moinho ingen undtagelse, hvor du st\u00f8der p\u00e5 Nova-vandfaldet.<\/li>\n<\/ul>\n\n<p>Hvis du vil vide mere om levadaer, kan du l\u00e6se <a href=\"https:\/\/madeiralovers.com\/da\/best-levadas-madere\/\" target=\"_blank\" rel=\"noreferrer noopener\">vores artikel om de bedste levadaer p\u00e5 Madeira<\/a>!<\/p>\n\n<figure class=\"wp-block-image size-large\"><img decoding=\"async\" src=\"https:\/\/photos.smugmug.com\/Madeira-Lovers\/Extra\/i-6Znw8RP\/0\/FJ3RdgqR5Wg4ZBts2GfWT9VP6sr82VcFSTdb8Csvd\/L\/Levada%20do%20Moinho%20canva-L.jpg\" alt=\"Levada do Moinho - PR7\"\/><\/figure>\n\n<ul class=\"wp-block-list\">\n<li><strong>Beliggenhed<\/strong>: i den sydlige del af \u00f8en, n\u00e6r <a href=\"https:\/\/madeiralovers.com\/da\/sevaerdigheder-ponta-do-sol-besog\/\" target=\"_blank\" rel=\"noreferrer noopener\">Ponta do Sol<\/a>.<br\/>Fra Funchal: 34 minutters k\u00f8rsel og fra Porto Moniz: 50 minutter.<\/li>\n\n\n\n<li><strong>Adgang<\/strong>: Udgangspunktet er Lombada da Ponta do Sol ved siden af kirken. Det er ikke muligt at komme dertil med offentlig transport.<\/li>\n\n\n\n<li><strong>\u00c5bning af stien:<\/strong> Tjek tilg\u00e6ngeligheden af ruten, f\u00f8r du kommer <a href=\"https:\/\/visitmadeira.com\/en\/what-to-do\/nature-seekers\/activities\/hiking\/pr-7-levada-do-moinho\/\" target=\"_blank\" rel=\"noreferrer noopener nofollow\">hertil<\/a>.<\/li>\n\n\n\n<li><strong>Adgangsgebyr:<\/strong> Husk at betale indgangsgebyret for at f\u00e5 adgang til stien <a href=\"https:\/\/simplifica.madeira.gov.pt\/services\/78-82-259\" target=\"_blank\" rel=\"noreferrer noopener nofollow\">her.<\/a><\/li>\n\n\n\n<li><strong>Type af rute<\/strong>: rundrejse.<\/li>\n\n\n\n<li><strong>Varighed<\/strong>: 8 til 10 km og ca. 4.30 retur.<\/li>\n\n\n\n<li><strong>Sv\u00e6rhedsgrad<\/strong>: Denne rute er af <strong>moderat<\/strong> sv\u00e6rhedsgrad.<br\/>Der er ingen s\u00e6rlige forhindringer bortset fra et par trin undervejs.<\/li>\n\n\n\n<li><strong>Bedste tidspunkt<\/strong>: Denne tur er meget popul\u00e6r p\u00e5 \u00f8en, is\u00e6r blandt traill\u00f8bere. Vi anbefaler, at du kommer tidligt om morgenen eller sent p\u00e5 eftermiddagen for at f\u00e5 mere fred og ro.<\/li>\n\n\n\n<li><strong>Infrastruktur<\/strong>: Der er et par caf\u00e9er\/restauranter i startbyen, men intet langs ruten.<\/li>\n<\/ul>\n\n<hr class=\"wp-block-separator has-text-color has-alpha-channel-opacity has-background is-style-wide\" style=\"background-color:#000000;color:#000000\"\/>\n\n<p class=\"has-text-align-center\"><strong>F\u00e5 ro i sindet med en returtransport til Levada do Moinho fra Funchal, Ribeira Brava eller C\u00e2mara De Lobos.  <\/strong><a href=\"https:\/\/www.getyourguide.dk\/madere-l67\/moinhos-levada-transfert-aller-retour-et-randonnee-t652041\/?partner_id=R3GYW4V&amp;cmp=madeira\" target=\"_blank\" rel=\"noreferrer noopener sponsored nofollow\">Find ud af mere<\/a><\/p>\n\n<hr class=\"wp-block-separator has-text-color has-alpha-channel-opacity has-background is-style-wide\" style=\"background-color:#000000;color:#000000\"\/>\n\n<h2 class=\"wp-block-heading\">12 &#8211; Levada do Rei &#8211; PR18 (i hjertet af en UNESCO-listet skov)<\/h2>\n\n<p>Vi anbefaler denne g\u00e5tur til en fortryllende tur langs Levada do Rei! Her kan du opleve en laurb\u00e6rskov, der er optaget p\u00e5 UNESCO&#8217;s verdensarvsliste, frodige gr\u00f8nne bjerge og et smukt vandfald, som du kan k\u00f8le af under. Du kan ogs\u00e5 observere \u00f8ens endemiske flora og fauna, som f.eks. trocazduen, der er en sj\u00e6lden og beskyttet art. De ber\u00f8mte Levadas-tunneler, der er overgroet med frodig vegetation, vil ogs\u00e5 pr\u00e6ge din rute. Alle disse elementer g\u00f8r det til en af de smukkeste vandreture p\u00e5 \u00f8en!<\/p>\n\n<figure class=\"wp-block-image size-large\"><img decoding=\"async\" src=\"https:\/\/photos.smugmug.com\/Madeira-Lovers\/Extra\/i-knfj4kW\/0\/CF9ppRdgmRxtVgsBJkXvNm6W6rzJ2p8Q6kMBxQqGt\/L\/Levada%20do%20Rei-L.jpg\" alt=\"Levada do Rei - PR18\"\/><\/figure>\n\n<ul class=\"wp-block-list\">\n<li><strong>Beliggenhed<\/strong>: i den nordlige del af \u00f8en, i Sao Jorge.<br\/>Fra Funchal: 55 minutters k\u00f8rsel og fra <a href=\"https:\/\/madeiralovers.com\/da\/sevaerdigheder-porto-moniz-besog\/\" target=\"_blank\" rel=\"noreferrer noopener\">Porto da Cruz<\/a>: 25 minutter.<\/li>\n\n\n\n<li><strong>Adgang<\/strong>: Udgangspunktet er n\u00e6r Quebradas-vandbehandlingsanl\u00e6gget i Sao Jorge. Du kan komme dertil med offentlig transport.<\/li>\n\n\n\n<li><strong>\u00c5bning af stien:<\/strong> Tjek tilg\u00e6ngeligheden af ruten, f\u00f8r du kommer <a href=\"https:\/\/visitmadeira.com\/en\/what-to-do\/nature-seekers\/activities\/hiking\/pr-18-levada-do-rei\/\" target=\"_blank\" rel=\"noreferrer noopener nofollow\">hertil<\/a>.<\/li>\n\n\n\n<li><strong>Adgangsgebyr:<\/strong> Husk at betale indgangsgebyret for at f\u00e5 adgang til stien <a href=\"https:\/\/simplifica.madeira.gov.pt\/services\/78-82-259\" target=\"_blank\" rel=\"noreferrer noopener nofollow\">her.<\/a><\/li>\n\n\n\n<li><strong>Type af rute<\/strong>: rundrejse.<\/li>\n\n\n\n<li><strong>Varighed<\/strong>: 10 km og ca. 4 timer tur\/retur.<\/li>\n\n\n\n<li><strong>Sv\u00e6rhedsgrad<\/strong>: Denne rute er af <strong>moderat<\/strong> sv\u00e6rhedsgrad.<\/li>\n\n\n\n<li><strong>Bedste tidspunkt<\/strong>: Denne tur er meget popul\u00e6r p\u00e5 \u00f8en, s\u00e5 vi anbefaler, at du g\u00e5r tidligt om morgenen eller sent p\u00e5 eftermiddagen.<\/li>\n\n\n\n<li><strong>Infrastruktur<\/strong>: Der er et par caf\u00e9er\/restauranter i startbyen, men intet langs ruten.<\/li>\n<\/ul>\n\n<hr class=\"wp-block-separator has-text-color has-alpha-channel-opacity has-background is-style-wide\" style=\"background-color:#010101;color:#010101\"\/>\n\n<p class=\"has-text-align-center\"><strong>Tag p\u00e5 en halvdags guidet udflugt for at opdage Levada do Rei!<\/strong><br\/><strong><a href=\"https:\/\/www.getyourguide.dk\/madere-l67\/madere-aventure-a-levada-do-rei-t30682\/?partner_id=R3GYW4V&amp;cmp=madeira\" target=\"_blank\" rel=\"noreferrer noopener sponsored nofollow\">Se program og tilg\u00e6ngelighed.<\/a><\/strong><\/p>\n\n<hr class=\"wp-block-separator has-text-color has-alpha-channel-opacity has-background is-style-wide\" style=\"background-color:#010101;color:#010101\"\/>\n\n<div style=\"background-color:#ffffff;margin-top:8%;margin-bottom:8%\" class=\"wp-block-genesis-blocks-gb-container box gb-block-container\"><div class=\"gb-container-inside\"><div class=\"gb-container-content\" style=\"max-width:700px\">\n<div class=\"wp-block-columns is-not-stacked-on-mobile texte_planif has-background is-layout-flex wp-container-core-columns-is-layout-9d6595d7 wp-block-columns-is-layout-flex\" style=\"background-color:#72ba2038\">\n<div class=\"wp-block-column img_icone is-layout-flow wp-block-column-is-layout-flow\" style=\"flex-basis:25%\"><div class=\"wp-block-image image_icone\">\n<figure class=\"aligncenter size-full is-resized\"><img loading=\"lazy\" decoding=\"async\" width=\"400\" height=\"400\" src=\"https:\/\/madeiralovers.com\/wp-content\/uploads\/2026\/01\/madeira-plane.png\" alt=\"madeira fly\" class=\"wp-image-6342\" style=\"object-fit:cover;width:100px;height:100px\" srcset=\"https:\/\/madeiralovers.com\/wp-content\/uploads\/2026\/01\/madeira-plane.png 400w, https:\/\/madeiralovers.com\/wp-content\/uploads\/2026\/01\/madeira-plane-300x300.png 300w, https:\/\/madeiralovers.com\/wp-content\/uploads\/2026\/01\/madeira-plane-150x150.png 150w, https:\/\/madeiralovers.com\/wp-content\/uploads\/2026\/01\/madeira-plane-75x75.png 75w\" sizes=\"auto, (max-width: 400px) 100vw, 400px\" \/><\/figure>\n<\/div><\/div>\n\n\n\n<div class=\"wp-block-column is-vertically-aligned-center paragraphe_une is-layout-flow wp-block-column-is-layout-flow\" style=\"flex-basis:90%\">\n<p style=\"font-size:16px\">Det er tid til at booke!<br\/><a href=\"https:\/\/skyscanner.pxf.io\/dONaXy\" target=\"_blank\" rel=\"noreferrer noopener sponsored nofollow\"><strong>Sammenlign alt:<\/strong> selskaber, priser, k\u00f8replaner og tilg\u00e6ngelighed.<\/a><\/p>\n<\/div>\n<\/div>\n<\/div><\/div><\/div>\n\n<h2 class=\"wp-block-heading\">Vandring p\u00e5 Madeira: vores tips<\/h2>\n\n<h3 class=\"wp-block-heading\">Bedste tidspunkt at tage p\u00e5 vandretur p\u00e5 Madeira<\/h3>\n\n<p>Efter vores mening er Madeira den perfekte destination til alle \u00e5rstider! Klimaet er mildt og stabilt \u00e5ret rundt. Om vinteren falder temperaturen en smule, og nedb\u00f8ren stiger, men forbliver moderat. Juni er den t\u00f8rreste m\u00e5ned, og perioden fra marts til september betragtes som den t\u00f8rre s\u00e6son. De bedste m\u00e5neder for vandreture er marts til juni og september. Vinteren er ideel til at beundre vandfaldene, som er mere rige p\u00e5 vand. Juli og august er ogs\u00e5 behagelige, selv om dagene er varmere, og stierne er mere travle.<\/p>\n\n<figure class=\"wp-block-image size-large\"><img decoding=\"async\" src=\"https:\/\/photos.smugmug.com\/Madeira-Lovers\/Pico-Ruivo\/PR12-Pico-Ruivo-hike\/i-ZTHLFms\/1\/vSgqT7CLzDgcsp4JT7sp5s3CMJRfdMP2nnxw55rF\/L\/P7235551-L.jpg\" alt=\"Sol i skyerne p&#xE5; Madeira\"\/><figcaption class=\"wp-element-caption\">Sol i skyerne p\u00e5 Madeira<\/figcaption><\/figure>\n\n<h3 class=\"wp-block-heading\">Tjekliste f\u00f8r du tager p\u00e5 vandretur<\/h3>\n\n<p>Her er vores r\u00e5d, f\u00f8r du tager af sted p\u00e5 din Madeira-rejse:<\/p>\n\n<ul class=\"wp-block-list\">\n<li>Tjek vejrudsigten for din destination. I h\u00f8jden kan forholdene v\u00e6re anderledes end i dalen, og de kan \u00e6ndre sig hurtigt.<\/li>\n\n\n\n<li>Tjek status p\u00e5 vandrestier. Vi har bem\u00e6rket, at visse ruter nogle gange er lukket p\u00e5 grund af jordskred, brandfare eller andre farer. <a href=\"https:\/\/ifcn.madeira.gov.pt\/atividades-de-natureza\/percursos-pedestres-recomendados\/percursos-pedestres-recomendados.html\" target=\"_blank\" rel=\"noreferrer noopener nofollow\">Klik her<\/a> for at finde ud af, hvordan stierne ser ud.<\/li>\n\n\n\n<li>Husk nummeret p\u00e5 en taxa, der kan k\u00f8re dig tilbage til din bil, hvis du kun skal en enkelt vej.<\/li>\n<\/ul>\n\n<figure class=\"wp-block-image size-large\"><img decoding=\"async\" src=\"https:\/\/photos.smugmug.com\/Madeira-Lovers\/Pico-Ruivo\/PR12-Pico-Ruivo-hike\/i-hVhBnsQ\/1\/C8pcbk6Nr3X4jkp6FpV6hmLhjmfvv6fTQmjCXFKq2\/L\/P7235580-L.jpg\" alt=\"Vandrestien Pico Ruivo - PR1\"\/><figcaption class=\"wp-element-caption\">Vandrestien Pico Ruivo &#8211; PR1<\/figcaption><\/figure>\n\n<h3 class=\"wp-block-heading\">Hvilket udstyr har du brug for til vandreture p\u00e5 Madeira?<\/h3>\n\n<p>Her er, hvad vi anbefaler, at du pakker, hvis du planl\u00e6gger at vandre under dit ophold p\u00e5 Madeira:<\/p>\n\n<ul class=\"wp-block-list\">\n<li>Komfortable vandrest\u00f8vler, der passer til terr\u00e6net<a href=\"https:\/\/voyagista.fr\/tout-savoir-pour-randonner-a-madere\/\" target=\"_blank\" rel=\"noreferrer noopener\"><\/a><a href=\"https:\/\/walkmeguide.com\/fr\/recommended-equipment\/\" target=\"_blank\" rel=\"noreferrer noopener\"><\/a><a href=\"https:\/\/www.madere-portugal.com\/preparer-sa-valise-pour-madere\/\" target=\"_blank\" rel=\"noreferrer noopener\"><\/a>. Jorden kan v\u00e6re glat nogle steder, s\u00e5 det er vigtigt med et godt greb.<\/li>\n\n\n\n<li>Passende t\u00f8j, herunder varme lag, solbeskyttelse og en mackintosh<a href=\"https:\/\/voyagista.fr\/tout-savoir-pour-randonner-a-madere\/\" target=\"_blank\" rel=\"noreferrer noopener\"><\/a><a href=\"https:\/\/walkmeguide.com\/fr\/recommended-equipment\/\" target=\"_blank\" rel=\"noreferrer noopener\"><\/a><a href=\"https:\/\/www.madere-portugal.com\/preparer-sa-valise-pour-madere\/\" target=\"_blank\" rel=\"noreferrer noopener\"><\/a>. Vejret p\u00e5 Madeira kan skifte hurtigt, s\u00e5 det er bedst at v\u00e6re forberedt p\u00e5 forskellige vejrforhold.<\/li>\n\n\n\n<li>En pandelampe eller lommelygte til levadatunnellerne.<\/li>\n\n\n\n<li>Myggespray kan ogs\u00e5 v\u00e6re nyttig langs levadaerne.<\/li>\n\n\n\n<li>En vandreapp af typen AllTrails til at holde styr p\u00e5 stierne og undg\u00e5 at fare vild. Selv om du kan v\u00e6re sikker p\u00e5, at alle de veje, der er n\u00e6vnt i denne artikel, er godt skiltet!<\/li>\n\n\n\n<li>Et overlevelsest\u00e6ppe til at putte i tasken. Det er en lille genstand, som kan v\u00e6re meget nyttig i tilf\u00e6lde af f.eks. en skade.<\/li>\n<\/ul>\n\n<figure class=\"wp-block-image size-large\"><img decoding=\"async\" src=\"https:\/\/photos.smugmug.com\/Madeira-Lovers\/Levada-Caldeira-Verde\/Caldeirao-do-Inferno\/i-fB3z92Q\/1\/CZbHjn28XbDrGLNQCPwJ4ZbSxnQWZw3Gv7pTKT4rg\/L\/Caldeirao_do_Inferno_Madeira-7240956-L.jpg\" alt=\"Vandfald p&#xE5; Levada do Caldeirao Verde-stien - PR9\"\/><figcaption class=\"wp-element-caption\">Vandfald p\u00e5 <strong>Levada do Caldeirao Verde-stien<\/strong> &#8211; <strong>PR9<\/strong><\/figcaption><\/figure>\n\n<div style=\"margin-top:8%;margin-bottom:8%\" class=\"wp-block-genesis-blocks-gb-container box gb-block-container\"><div class=\"gb-container-inside\"><div class=\"gb-container-content\" style=\"max-width:700px\">\n<div class=\"wp-block-genesis-blocks-gb-container box_titre gb-block-container\"><div class=\"gb-container-inside\"><div class=\"gb-container-content\">\n<h5 class=\"titre_box\">PLANL\u00c6G DIT OPHOLD P\u00c5 <span class=\"titre_box_manuscrit\">Madeira<\/span><\/h5>\n<\/div><\/div><\/div>\n\n\n\n<hr class=\"wp-block-separator has-text-color has-alpha-channel-opacity has-background is-style-wide hr-box-planif\" style=\"background-color:#ccd3dd;color:#ccd3dd\"\/>\n\n\n\n<div class=\"wp-block-columns box_sans_border is-layout-flex wp-container-core-columns-is-layout-9d6595d7 wp-block-columns-is-layout-flex\">\n<div class=\"wp-block-column texte_planif is-layout-flow wp-block-column-is-layout-flow\" style=\"font-size:14px;flex-basis:60%\">\n<p class=\"option_titre2\"><strong>Best-of<\/strong><\/p>\n\n\n\n<p style=\"font-size:16px\"><a href=\"https:\/\/madeiralovers.com\/da\/sevaerdigheder-madeira\/\">Sev\u00e6rdigheder p\u00e5 Madeira<\/a><br\/><a href=\"https:\/\/madeiralovers.com\/da\/smukkeste-udsigtspunkter-madeira-miradouros\/\" target=\"_blank\" rel=\"noreferrer noopener\">De smukkeste udsigtspunkter<\/a><br\/><a href=\"https:\/\/madeiralovers.com\/da\/bedste-strande-madeira\/\" target=\"_blank\" rel=\"noreferrer noopener\">Madeiras smukkeste strande<\/a><br\/><a href=\"https:\/\/madeiralovers.com\/da\/bedste-haver-madeira\/\" target=\"_blank\" rel=\"noreferrer noopener\">De smukkeste haver<\/a><br\/><a href=\"https:\/\/madeiralovers.com\/da\/naturlige-pools-madeira\/\" target=\"_blank\" rel=\"noreferrer noopener\">Naturlige bassiner<\/a><br\/><a href=\"https:\/\/madeiralovers.com\/da\/bedste-vandreture-madeira-gature\/\" target=\"_blank\" rel=\"noreferrer noopener\">De bedste g\u00e5ture<\/a><br\/><a href=\"https:\/\/madeiralovers.com\/da\/mukkeste-veje-madeira\/\" target=\"_blank\" rel=\"noreferrer noopener\">De smukkeste veje<\/a><br\/><a href=\"https:\/\/madeiralovers.com\/da\/hemmelige-steder-madeira-skjulte-perler\/\" target=\"_blank\" rel=\"noreferrer noopener\">Hemmelige steder<\/a><\/p>\n<\/div>\n\n\n\n<div class=\"wp-block-column is-vertically-aligned-top planif-radius is-layout-flow wp-block-column-is-layout-flow\" style=\"flex-basis:40%\">\n<figure class=\"wp-block-image size-large img-portrait\"><img decoding=\"async\" src=\"https:\/\/photos.smugmug.com\/Travel\/Madeira\/13d-Rocha-do-Navio\/i-T3f6J48\/2\/d3DHMbHtwPMz7Tj9qDPmRxGpbxx5RBRCr4LrPp2c\/S\/Roacha_do_Navio_cable_car_Madeira-7241164-S.jpg\" alt=\"Navia Rock\" title=\"\"\/><\/figure>\n<\/div>\n<\/div>\n\n\n\n<hr class=\"wp-block-separator has-text-color has-alpha-channel-opacity has-background is-style-wide hr-box-planif\" style=\"background-color:#ccd3dd;color:#ccd3dd\"\/>\n\n\n\n<div class=\"wp-block-columns box_sans_border is-layout-flex wp-container-core-columns-is-layout-9d6595d7 wp-block-columns-is-layout-flex\">\n<div class=\"wp-block-column texte_planif is-layout-flow wp-block-column-is-layout-flow\" style=\"font-size:14px;flex-basis:60%\">\n<p class=\"option_titre\"><strong>Praktiske r\u00e5d<\/strong><\/p>\n\n\n\n<p style=\"font-size:16px\"><a href=\"https:\/\/madeiralovers.com\/da\/at-komme-rundt-madeira-transport\/\" target=\"_blank\" rel=\"noreferrer noopener\">S\u00e5dan kommer du rundt p\u00e5 Madeira<\/a><br\/><a href=\"https:\/\/madeiralovers.com\/da\/sadan-lejer-bil-madeira-tips-erfaring\/\" target=\"_blank\" rel=\"noreferrer noopener\">Lej en bil p\u00e5 Madeira<\/a><br\/><a href=\"https:\/\/madeiralovers.com\/da\/korsel-madeira-tips\/\" target=\"_blank\" rel=\"noreferrer noopener\">K\u00f8rsel p\u00e5 Madeira<\/a><\/p>\n\n\n\n<p style=\"font-size:16px\"><a href=\"https:\/\/madeiralovers.com\/da\/hvor-skal-bo-madeira-bedste-omrader\/\" target=\"_blank\" rel=\"noreferrer noopener\">Hvor skal man bo p\u00e5 Madeira?<\/a><\/p>\n\n\n\n<p style=\"font-size:16px\">Rejseruter: 3 dage &#8211; 4 dage &#8211; <a href=\"https:\/\/madeiralovers.com\/da\/besog-madeira-5-dage-rejseplaner\/\" target=\"_blank\" rel=\"noreferrer noopener\">5 dage<\/a> &#8211; <a href=\"https:\/\/madeiralovers.com\/da\/besog-madeira-6-dage-rejseplaner\/\" target=\"_blank\" rel=\"noreferrer noopener\">6<\/a> <a href=\"https:\/\/madeiralovers.com\/da\/besog-madeira-5-dage-rejseplaner\/\" target=\"_blank\" rel=\"noreferrer noopener\">dage<\/a> &#8211; <a href=\"https:\/\/madeiralovers.com\/da\/besog-madeira-en-uge-rejseplan\/\" target=\"_blank\" rel=\"noreferrer noopener\">7 dage<\/a> &#8211; <a href=\"https:\/\/madeiralovers.com\/da\/besog-madeira-10-dage-rejseplaner\/\" target=\"_blank\" rel=\"noreferrer noopener\">10<\/a> <a href=\"https:\/\/madeiralovers.com\/da\/besog-madeira-en-uge-rejseplan\/\" target=\"_blank\" rel=\"noreferrer noopener\">dage<\/a> <\/p>\n<\/div>\n\n\n\n<div class=\"wp-block-column is-vertically-aligned-top planif-radius is-layout-flow wp-block-column-is-layout-flow\" style=\"flex-basis:40%\">\n<figure class=\"wp-block-image size-large img-portrait\"><img decoding=\"async\" src=\"https:\/\/photos.smugmug.com\/Travel\/Madeira\/Driving\/i-xNmkb72\/2\/DF578h2B7Q6RbR84FZXN5v8D7vg6nLZ9dzBdrJ2rZ\/S\/driving_Madeira-7241434-S.jpg\" alt=\"K&#xF8;rsel p&#xE5; Madeira\" title=\"\"\/><\/figure>\n<\/div>\n<\/div>\n\n\n\n<hr class=\"wp-block-separator has-text-color has-alpha-channel-opacity has-background is-style-wide hr-box-planif\" style=\"background-color:#ccd3dd;color:#ccd3dd\"\/>\n\n\n\n<div class=\"wp-block-columns box_sans_border is-layout-flex wp-container-core-columns-is-layout-9d6595d7 wp-block-columns-is-layout-flex\">\n<div class=\"wp-block-column texte_planif is-layout-flow wp-block-column-is-layout-flow\" style=\"font-size:14px;flex-basis:60%\">\n<p class=\"option_titre\"><strong>Steder, du ikke m\u00e5 g\u00e5 glip af<\/strong><\/p>\n\n\n\n<p style=\"font-size:16px\"><a href=\"https:\/\/madeiralovers.com\/da\/delfinspotting-madeira-baleiner-udflugter\/\" target=\"_blank\" rel=\"noreferrer noopener\">Delfin-safari<\/a><br\/><a href=\"https:\/\/madeiralovers.com\/da\/sevaerdigheder-funchal-besog\/\" target=\"_blank\" rel=\"noreferrer noopener\">Sev\u00e6rdigheder i Funchal?<\/a><br\/><a href=\"https:\/\/madeiralovers.com\/da\/bezienswaardigheden-camara-de-lobos-madeira-bezoeken\/\" target=\"_blank\" rel=\"noreferrer noopener\">Camara de Lobos<\/a><br\/><a href=\"https:\/\/madeiralovers.com\/da\/sevaerdigheder-ponta-do-sol-besog\/\" target=\"_blank\" rel=\"noreferrer noopener\">Ponta do Sol<\/a><br\/><a href=\"https:\/\/madeiralovers.com\/da\/sevaerdigheder-santana-madeira-besog\/\">Santana<\/a><br\/><a href=\"https:\/\/madeiralovers.com\/da\/sevaerdigheder-pico-do-arieiro-madeira\/\" target=\"_blank\" rel=\"noreferrer noopener\">Pico do Arieiro<\/a><br\/><a href=\"https:\/\/madeiralovers.com\/da\/sevaerdigheder-santo-porto-besog\/\" target=\"_blank\" rel=\"noreferrer noopener\">Porto Santo sev\u00e6rdigheder<\/a><\/p>\n<\/div>\n\n\n\n<div class=\"wp-block-column is-vertically-aligned-top planif-radius is-layout-flow wp-block-column-is-layout-flow\" style=\"flex-basis:40%\">\n<figure class=\"wp-block-image size-large img-portrait\"><img decoding=\"async\" src=\"https:\/\/photos.smugmug.com\/Travel\/Madeira\/6c-Camara-dos-Lobos\/i-zH7D8Tv\/2\/DpttrQSghWXj2DKMm3VHbFkhFMLsTFhS37sRFTxNz\/S\/camara_dos_Lobos_Madeira-7173015-S.jpg\" alt=\"Camara de Lobos\" title=\"\"\/><\/figure>\n<\/div>\n<\/div>\n<\/div><\/div><\/div>\n\n<div class=\"wp-block-genesis-blocks-gb-container box_auteur_voyage gb-block-container\"><div class=\"gb-container-inside\"><div class=\"gb-container-content\">\n<figure class=\"wp-block-image size-large img_auteur_voyage\"><a href=\"https:\/\/madeiralovers.com\/da\/claire-robinson\/\" target=\"_blank\" rel=\"noreferrer noopener\"><img decoding=\"async\" src=\"https:\/\/photos.smugmug.com\/Madeira-Lovers\/Portraits-equipe\/i-kDdMx9Z\/0\/1da5136c\/L\/regionlovers-2-bis-L.png\" alt=\"\"\/><\/a><\/figure>\n\n\n\n<h5 class=\"titre_auteur_voyage\"><span>HUN KLAREDE TUREN \n <\/span><span class=\"titre_box_manuscrit\">Claire<\/span><\/h5>\n<\/div><\/div><\/div>\n\n<div class=\"wp-block-genesis-blocks-gb-container box_auteur_voyage gb-block-container\"><div class=\"gb-container-inside\"><div class=\"gb-container-content\">\n<figure class=\"wp-block-image size-large img_auteur_voyage img_provisoire\"><a href=\"https:\/\/madeiralovers.com\/da\/a-propos-de-morgane-mazelier\/\" target=\"_blank\" rel=\"noreferrer noopener\"><img decoding=\"async\" src=\"https:\/\/photos.smugmug.com\/Region-Lovers\/Equipe\/i-kx84ZJX\/0\/FgG3Lb9Xx2HBStC6R3PNXZZNj2Vvkx9vZBxQFL7NJ\/L\/morgane-L.jpg\" alt=\"\"\/><\/a><\/figure>\n\n\n\n<h5 class=\"titre_auteur_voyage\"><span>HUN SKREV ARTIKLEN \n <\/span><span class=\"titre_box_manuscrit\">Morgane<\/span><\/h5>\n<\/div><\/div><\/div>\n","protected":false},"excerpt":{"rendered":"<p>Madeira er et paradis for vandrere! Vi opdagede nogle betagende landskaber. Denne portugisiske \u00f8 byder p\u00e5 en mangfoldighed af enest\u00e5ende stier, fra maleriske levadaer til betagende bjergtoppe, vilde kyststr\u00e6kninger og frodige skove. For ikke at n\u00e6vne de fortryllende vulkanske landskaber. Uanset om du er en erfaren vandrer eller en lejlighedsvis vandrer, har vi fundet ud [&hellip;]<\/p>\n","protected":false},"author":10,"featured_media":3128,"comment_status":"closed","ping_status":"closed","sticky":false,"template":"","format":"standard","meta":{"_genesis_hide_title":false,"_genesis_hide_breadcrumbs":false,"_genesis_hide_singular_image":false,"_genesis_hide_footer_widgets":false,"_genesis_custom_body_class":"","_genesis_custom_post_class":"","_genesis_layout":"","footnotes":""},"categories":[51],"tags":[],"class_list":{"0":"post-3249","1":"post","2":"type-post","3":"status-publish","4":"format-standard","5":"has-post-thumbnail","7":"category-madeiras-smukkeste-steder","8":"entry"},"yoast_head":"<!-- This site is optimized with the Yoast SEO plugin v27.2 - https:\/\/yoast.com\/product\/yoast-seo-wordpress\/ -->\n<title>12 bedste vandreture og g\u00e5ture p\u00e5 Madeira (fotos + tips)<\/title>\n<meta name=\"description\" content=\"Se vores udvalg af de bedste vandreture p\u00e5 Madeira (med fotos og gode r\u00e5d): Levada 25 Fontes, Pico do Arieiro...\" \/>\n<meta name=\"robots\" content=\"index, follow, max-snippet:-1, max-image-preview:large, max-video-preview:-1\" \/>\n<link rel=\"canonical\" href=\"https:\/\/madeiralovers.com\/da\/bedste-vandreture-madeira-gature\/\" \/>\n<meta property=\"og:locale\" content=\"da_DK\" \/>\n<meta property=\"og:type\" content=\"article\" \/>\n<meta property=\"og:title\" content=\"12 bedste vandreture og g\u00e5ture p\u00e5 Madeira (fotos + tips)\" \/>\n<meta property=\"og:description\" content=\"Se vores udvalg af de bedste vandreture p\u00e5 Madeira (med fotos og gode r\u00e5d): Levada 25 Fontes, Pico do Arieiro...\" \/>\n<meta property=\"og:url\" content=\"https:\/\/madeiralovers.com\/da\/bedste-vandreture-madeira-gature\/\" \/>\n<meta property=\"og:site_name\" content=\"Madeira Lovers\" \/>\n<meta property=\"article:published_time\" content=\"2024-06-27T17:16:52+00:00\" \/>\n<meta property=\"article:modified_time\" content=\"2026-03-19T12:55:34+00:00\" \/>\n<meta property=\"og:image\" content=\"https:\/\/madeiralovers.com\/wp-content\/uploads\/2024\/06\/bedste-vandreture-madeira-DA.jpg\" \/>\n\t<meta property=\"og:image:width\" content=\"1067\" \/>\n\t<meta property=\"og:image:height\" content=\"800\" \/>\n\t<meta property=\"og:image:type\" content=\"image\/jpeg\" \/>\n<meta name=\"author\" content=\"Morgane\" \/>\n<meta name=\"twitter:card\" content=\"summary_large_image\" \/>\n<meta name=\"twitter:label1\" content=\"Skrevet af\" \/>\n\t<meta name=\"twitter:data1\" content=\"Morgane\" \/>\n\t<meta name=\"twitter:label2\" content=\"Estimeret l\u00e6setid\" \/>\n\t<meta name=\"twitter:data2\" content=\"20 minutter\" \/>\n<script type=\"application\/ld+json\" class=\"yoast-schema-graph\">{\"@context\":\"https:\/\/schema.org\",\"@graph\":[{\"@type\":\"Article\",\"@id\":\"https:\/\/madeiralovers.com\/da\/bedste-vandreture-madeira-gature\/#article\",\"isPartOf\":{\"@id\":\"https:\/\/madeiralovers.com\/da\/bedste-vandreture-madeira-gature\/\"},\"author\":{\"name\":\"Morgane\",\"@id\":\"https:\/\/madeiralovers.com\/da\/#\/schema\/person\/edb87870e054656013e63fc377ad387c\"},\"headline\":\"12 bedste vandreture og g\u00e5ture p\u00e5 Madeira (fotos + tips)\",\"datePublished\":\"2024-06-27T17:16:52+00:00\",\"dateModified\":\"2026-03-19T12:55:34+00:00\",\"mainEntityOfPage\":{\"@id\":\"https:\/\/madeiralovers.com\/da\/bedste-vandreture-madeira-gature\/\"},\"wordCount\":3961,\"publisher\":{\"@id\":\"https:\/\/madeiralovers.com\/da\/#organization\"},\"image\":{\"@id\":\"https:\/\/madeiralovers.com\/da\/bedste-vandreture-madeira-gature\/#primaryimage\"},\"thumbnailUrl\":\"https:\/\/madeiralovers.com\/wp-content\/uploads\/2024\/06\/bedste-vandreture-madeira-DA.jpg\",\"articleSection\":[\"Madeiras smukkeste steder\"],\"inLanguage\":\"da-DK\"},{\"@type\":\"WebPage\",\"@id\":\"https:\/\/madeiralovers.com\/da\/bedste-vandreture-madeira-gature\/\",\"url\":\"https:\/\/madeiralovers.com\/da\/bedste-vandreture-madeira-gature\/\",\"name\":\"12 bedste vandreture og g\u00e5ture p\u00e5 Madeira (fotos + tips)\",\"isPartOf\":{\"@id\":\"https:\/\/madeiralovers.com\/da\/#website\"},\"primaryImageOfPage\":{\"@id\":\"https:\/\/madeiralovers.com\/da\/bedste-vandreture-madeira-gature\/#primaryimage\"},\"image\":{\"@id\":\"https:\/\/madeiralovers.com\/da\/bedste-vandreture-madeira-gature\/#primaryimage\"},\"thumbnailUrl\":\"https:\/\/madeiralovers.com\/wp-content\/uploads\/2024\/06\/bedste-vandreture-madeira-DA.jpg\",\"datePublished\":\"2024-06-27T17:16:52+00:00\",\"dateModified\":\"2026-03-19T12:55:34+00:00\",\"description\":\"Se vores udvalg af de bedste vandreture p\u00e5 Madeira (med fotos og gode r\u00e5d): Levada 25 Fontes, Pico do Arieiro...\",\"breadcrumb\":{\"@id\":\"https:\/\/madeiralovers.com\/da\/bedste-vandreture-madeira-gature\/#breadcrumb\"},\"inLanguage\":\"da-DK\",\"potentialAction\":[{\"@type\":\"ReadAction\",\"target\":[\"https:\/\/madeiralovers.com\/da\/bedste-vandreture-madeira-gature\/\"]}]},{\"@type\":\"ImageObject\",\"inLanguage\":\"da-DK\",\"@id\":\"https:\/\/madeiralovers.com\/da\/bedste-vandreture-madeira-gature\/#primaryimage\",\"url\":\"https:\/\/madeiralovers.com\/wp-content\/uploads\/2024\/06\/bedste-vandreture-madeira-DA.jpg\",\"contentUrl\":\"https:\/\/madeiralovers.com\/wp-content\/uploads\/2024\/06\/bedste-vandreture-madeira-DA.jpg\",\"width\":1067,\"height\":800,\"caption\":\"bedste-vandreture-madeira\"},{\"@type\":\"BreadcrumbList\",\"@id\":\"https:\/\/madeiralovers.com\/da\/bedste-vandreture-madeira-gature\/#breadcrumb\",\"itemListElement\":[{\"@type\":\"ListItem\",\"position\":1,\"name\":\"Accueil\",\"item\":\"https:\/\/madeiralovers.com\/da\/\"},{\"@type\":\"ListItem\",\"position\":2,\"name\":\"Madeiras smukkeste steder\",\"item\":\"https:\/\/madeiralovers.com\/da\/madeiras-smukkeste-steder\/\"},{\"@type\":\"ListItem\",\"position\":3,\"name\":\"12 bedste vandreture og g\u00e5ture p\u00e5 Madeira (fotos + tips)\"}]},{\"@type\":\"WebSite\",\"@id\":\"https:\/\/madeiralovers.com\/da\/#website\",\"url\":\"https:\/\/madeiralovers.com\/da\/\",\"name\":\"Madeira Lovers\",\"description\":\"Pour r\u00e9veiller vos sens \u00e0 Mad\u00e8re\",\"publisher\":{\"@id\":\"https:\/\/madeiralovers.com\/da\/#organization\"},\"potentialAction\":[{\"@type\":\"SearchAction\",\"target\":{\"@type\":\"EntryPoint\",\"urlTemplate\":\"https:\/\/madeiralovers.com\/da\/?s={search_term_string}\"},\"query-input\":{\"@type\":\"PropertyValueSpecification\",\"valueRequired\":true,\"valueName\":\"search_term_string\"}}],\"inLanguage\":\"da-DK\"},{\"@type\":\"Organization\",\"@id\":\"https:\/\/madeiralovers.com\/da\/#organization\",\"name\":\"Madeira Lovers\",\"url\":\"https:\/\/madeiralovers.com\/da\/\",\"logo\":{\"@type\":\"ImageObject\",\"inLanguage\":\"da-DK\",\"@id\":\"https:\/\/madeiralovers.com\/da\/#\/schema\/logo\/image\/\",\"url\":\"https:\/\/madeiralovers.com\/wp-content\/uploads\/2024\/05\/cropped-Madeira-Lovers-Logos.png\",\"contentUrl\":\"https:\/\/madeiralovers.com\/wp-content\/uploads\/2024\/05\/cropped-Madeira-Lovers-Logos.png\",\"width\":2500,\"height\":554,\"caption\":\"Madeira Lovers\"},\"image\":{\"@id\":\"https:\/\/madeiralovers.com\/da\/#\/schema\/logo\/image\/\"}},{\"@type\":\"Person\",\"@id\":\"https:\/\/madeiralovers.com\/da\/#\/schema\/person\/edb87870e054656013e63fc377ad387c\",\"name\":\"Morgane\",\"image\":{\"@type\":\"ImageObject\",\"inLanguage\":\"da-DK\",\"@id\":\"https:\/\/secure.gravatar.com\/avatar\/afa26912805402e3ea29288b7478a6a37b47e98385c004daed7d76f04733a512?s=96&d=mm&r=g\",\"url\":\"https:\/\/secure.gravatar.com\/avatar\/afa26912805402e3ea29288b7478a6a37b47e98385c004daed7d76f04733a512?s=96&d=mm&r=g\",\"contentUrl\":\"https:\/\/secure.gravatar.com\/avatar\/afa26912805402e3ea29288b7478a6a37b47e98385c004daed7d76f04733a512?s=96&d=mm&r=g\",\"caption\":\"Morgane\"},\"sameAs\":[\"https:\/\/madeiralovers.com\/a-propos-de-morgane-mazelier\/\"],\"url\":\"https:\/\/madeiralovers.com\/da\/author\/morgane\/\"}]}<\/script>\n<!-- \/ Yoast SEO plugin. -->","yoast_head_json":{"title":"12 bedste vandreture og g\u00e5ture p\u00e5 Madeira (fotos + tips)","description":"Se vores udvalg af de bedste vandreture p\u00e5 Madeira (med fotos og gode r\u00e5d): Levada 25 Fontes, Pico do Arieiro...","robots":{"index":"index","follow":"follow","max-snippet":"max-snippet:-1","max-image-preview":"max-image-preview:large","max-video-preview":"max-video-preview:-1"},"canonical":"https:\/\/madeiralovers.com\/da\/bedste-vandreture-madeira-gature\/","og_locale":"da_DK","og_type":"article","og_title":"12 bedste vandreture og g\u00e5ture p\u00e5 Madeira (fotos + tips)","og_description":"Se vores udvalg af de bedste vandreture p\u00e5 Madeira (med fotos og gode r\u00e5d): Levada 25 Fontes, Pico do Arieiro...","og_url":"https:\/\/madeiralovers.com\/da\/bedste-vandreture-madeira-gature\/","og_site_name":"Madeira Lovers","article_published_time":"2024-06-27T17:16:52+00:00","article_modified_time":"2026-03-19T12:55:34+00:00","og_image":[{"width":1067,"height":800,"url":"https:\/\/madeiralovers.com\/wp-content\/uploads\/2024\/06\/bedste-vandreture-madeira-DA.jpg","type":"image\/jpeg"}],"author":"Morgane","twitter_card":"summary_large_image","twitter_misc":{"Skrevet af":"Morgane","Estimeret l\u00e6setid":"20 minutter"},"schema":{"@context":"https:\/\/schema.org","@graph":[{"@type":"Article","@id":"https:\/\/madeiralovers.com\/da\/bedste-vandreture-madeira-gature\/#article","isPartOf":{"@id":"https:\/\/madeiralovers.com\/da\/bedste-vandreture-madeira-gature\/"},"author":{"name":"Morgane","@id":"https:\/\/madeiralovers.com\/da\/#\/schema\/person\/edb87870e054656013e63fc377ad387c"},"headline":"12 bedste vandreture og g\u00e5ture p\u00e5 Madeira (fotos + tips)","datePublished":"2024-06-27T17:16:52+00:00","dateModified":"2026-03-19T12:55:34+00:00","mainEntityOfPage":{"@id":"https:\/\/madeiralovers.com\/da\/bedste-vandreture-madeira-gature\/"},"wordCount":3961,"publisher":{"@id":"https:\/\/madeiralovers.com\/da\/#organization"},"image":{"@id":"https:\/\/madeiralovers.com\/da\/bedste-vandreture-madeira-gature\/#primaryimage"},"thumbnailUrl":"https:\/\/madeiralovers.com\/wp-content\/uploads\/2024\/06\/bedste-vandreture-madeira-DA.jpg","articleSection":["Madeiras smukkeste steder"],"inLanguage":"da-DK"},{"@type":"WebPage","@id":"https:\/\/madeiralovers.com\/da\/bedste-vandreture-madeira-gature\/","url":"https:\/\/madeiralovers.com\/da\/bedste-vandreture-madeira-gature\/","name":"12 bedste vandreture og g\u00e5ture p\u00e5 Madeira (fotos + tips)","isPartOf":{"@id":"https:\/\/madeiralovers.com\/da\/#website"},"primaryImageOfPage":{"@id":"https:\/\/madeiralovers.com\/da\/bedste-vandreture-madeira-gature\/#primaryimage"},"image":{"@id":"https:\/\/madeiralovers.com\/da\/bedste-vandreture-madeira-gature\/#primaryimage"},"thumbnailUrl":"https:\/\/madeiralovers.com\/wp-content\/uploads\/2024\/06\/bedste-vandreture-madeira-DA.jpg","datePublished":"2024-06-27T17:16:52+00:00","dateModified":"2026-03-19T12:55:34+00:00","description":"Se vores udvalg af de bedste vandreture p\u00e5 Madeira (med fotos og gode r\u00e5d): Levada 25 Fontes, Pico do Arieiro...","breadcrumb":{"@id":"https:\/\/madeiralovers.com\/da\/bedste-vandreture-madeira-gature\/#breadcrumb"},"inLanguage":"da-DK","potentialAction":[{"@type":"ReadAction","target":["https:\/\/madeiralovers.com\/da\/bedste-vandreture-madeira-gature\/"]}]},{"@type":"ImageObject","inLanguage":"da-DK","@id":"https:\/\/madeiralovers.com\/da\/bedste-vandreture-madeira-gature\/#primaryimage","url":"https:\/\/madeiralovers.com\/wp-content\/uploads\/2024\/06\/bedste-vandreture-madeira-DA.jpg","contentUrl":"https:\/\/madeiralovers.com\/wp-content\/uploads\/2024\/06\/bedste-vandreture-madeira-DA.jpg","width":1067,"height":800,"caption":"bedste-vandreture-madeira"},{"@type":"BreadcrumbList","@id":"https:\/\/madeiralovers.com\/da\/bedste-vandreture-madeira-gature\/#breadcrumb","itemListElement":[{"@type":"ListItem","position":1,"name":"Accueil","item":"https:\/\/madeiralovers.com\/da\/"},{"@type":"ListItem","position":2,"name":"Madeiras smukkeste steder","item":"https:\/\/madeiralovers.com\/da\/madeiras-smukkeste-steder\/"},{"@type":"ListItem","position":3,"name":"12 bedste vandreture og g\u00e5ture p\u00e5 Madeira (fotos + tips)"}]},{"@type":"WebSite","@id":"https:\/\/madeiralovers.com\/da\/#website","url":"https:\/\/madeiralovers.com\/da\/","name":"Madeira Lovers","description":"Pour r\u00e9veiller vos sens \u00e0 Mad\u00e8re","publisher":{"@id":"https:\/\/madeiralovers.com\/da\/#organization"},"potentialAction":[{"@type":"SearchAction","target":{"@type":"EntryPoint","urlTemplate":"https:\/\/madeiralovers.com\/da\/?s={search_term_string}"},"query-input":{"@type":"PropertyValueSpecification","valueRequired":true,"valueName":"search_term_string"}}],"inLanguage":"da-DK"},{"@type":"Organization","@id":"https:\/\/madeiralovers.com\/da\/#organization","name":"Madeira Lovers","url":"https:\/\/madeiralovers.com\/da\/","logo":{"@type":"ImageObject","inLanguage":"da-DK","@id":"https:\/\/madeiralovers.com\/da\/#\/schema\/logo\/image\/","url":"https:\/\/madeiralovers.com\/wp-content\/uploads\/2024\/05\/cropped-Madeira-Lovers-Logos.png","contentUrl":"https:\/\/madeiralovers.com\/wp-content\/uploads\/2024\/05\/cropped-Madeira-Lovers-Logos.png","width":2500,"height":554,"caption":"Madeira Lovers"},"image":{"@id":"https:\/\/madeiralovers.com\/da\/#\/schema\/logo\/image\/"}},{"@type":"Person","@id":"https:\/\/madeiralovers.com\/da\/#\/schema\/person\/edb87870e054656013e63fc377ad387c","name":"Morgane","image":{"@type":"ImageObject","inLanguage":"da-DK","@id":"https:\/\/secure.gravatar.com\/avatar\/afa26912805402e3ea29288b7478a6a37b47e98385c004daed7d76f04733a512?s=96&d=mm&r=g","url":"https:\/\/secure.gravatar.com\/avatar\/afa26912805402e3ea29288b7478a6a37b47e98385c004daed7d76f04733a512?s=96&d=mm&r=g","contentUrl":"https:\/\/secure.gravatar.com\/avatar\/afa26912805402e3ea29288b7478a6a37b47e98385c004daed7d76f04733a512?s=96&d=mm&r=g","caption":"Morgane"},"sameAs":["https:\/\/madeiralovers.com\/a-propos-de-morgane-mazelier\/"],"url":"https:\/\/madeiralovers.com\/da\/author\/morgane\/"}]}},"featured_image_src":"https:\/\/madeiralovers.com\/wp-content\/uploads\/2024\/06\/bedste-vandreture-madeira-DA-600x400.jpg","featured_image_src_square":"https:\/\/madeiralovers.com\/wp-content\/uploads\/2024\/06\/bedste-vandreture-madeira-DA-600x600.jpg","author_info":{"display_name":"Morgane","author_link":"https:\/\/madeiralovers.com\/da\/author\/morgane\/"},"_links":{"self":[{"href":"https:\/\/madeiralovers.com\/da\/wp-json\/wp\/v2\/posts\/3249","targetHints":{"allow":["GET"]}}],"collection":[{"href":"https:\/\/madeiralovers.com\/da\/wp-json\/wp\/v2\/posts"}],"about":[{"href":"https:\/\/madeiralovers.com\/da\/wp-json\/wp\/v2\/types\/post"}],"author":[{"embeddable":true,"href":"https:\/\/madeiralovers.com\/da\/wp-json\/wp\/v2\/users\/10"}],"replies":[{"embeddable":true,"href":"https:\/\/madeiralovers.com\/da\/wp-json\/wp\/v2\/comments?post=3249"}],"version-history":[{"count":0,"href":"https:\/\/madeiralovers.com\/da\/wp-json\/wp\/v2\/posts\/3249\/revisions"}],"wp:featuredmedia":[{"embeddable":true,"href":"https:\/\/madeiralovers.com\/da\/wp-json\/wp\/v2\/media\/3128"}],"wp:attachment":[{"href":"https:\/\/madeiralovers.com\/da\/wp-json\/wp\/v2\/media?parent=3249"}],"wp:term":[{"taxonomy":"category","embeddable":true,"href":"https:\/\/madeiralovers.com\/da\/wp-json\/wp\/v2\/categories?post=3249"},{"taxonomy":"post_tag","embeddable":true,"href":"https:\/\/madeiralovers.com\/da\/wp-json\/wp\/v2\/tags?post=3249"}],"curies":[{"name":"wp","href":"https:\/\/api.w.org\/{rel}","templated":true}]}}