{"id":2709,"date":"2024-06-08T11:54:54","date_gmt":"2024-06-08T10:54:54","guid":{"rendered":"https:\/\/madeiralovers.com\/hvad-skal-man-gore-kamera-af-lobos-besog\/"},"modified":"2026-03-31T15:37:46","modified_gmt":"2026-03-31T14:37:46","slug":"bezienswaardigheden-camara-de-lobos-madeira-bezoeken","status":"publish","type":"post","link":"https:\/\/madeiralovers.com\/da\/bezienswaardigheden-camara-de-lobos-madeira-bezoeken\/","title":{"rendered":"12 sev\u00e6rdigheder i Camara de Lobos (Madeira): tips + fotos"},"content":{"rendered":"\n<p class=\"wp-block-paragraph\">Camara de Lobos ligger i en malerisk bugt og er en charmerende fiskerby p\u00e5 Madeira. De farverige huse, brostensbelagte gader og traditionelle b\u00e5de giver en autentisk stemning.<br\/>Her er vores guide til de <strong>steder, du skal se<\/strong> i Camara de Lobos, og nogle nyttige tips til at planl\u00e6gge dit bes\u00f8g.<\/p>\n\n<figure class=\"wp-block-image size-full\"><img decoding=\"async\" src=\"https:\/\/madeiralovers.com\/wp-content\/uploads\/2024\/05\/sevaerdigheder-Camara-de-lobos-Madeira-besog.jpeg\" alt=\"hvad man kan g&#xF8;re Camara de Lobos Madeira bes&#xF8;g\" class=\"wp-image-1955\"\/><\/figure>\n\n<p class=\"wp-block-paragraph\">Dette er en helt <strong>uafh\u00e6ngig<\/strong> udtalelse, baseret p\u00e5 vores egen erfaring. Vi traf vores egne valg, bes\u00f8gte regionen anonymt og betalte vores regninger fuldt ud.<\/p>\n\n<h2 class=\"wp-block-heading\">Er byen Camara de Lobos et bes\u00f8g v\u00e6rd?<\/h2>\n\n<p class=\"wp-block-paragraph\">Ja, C\u00e2mara de Lobos er et bes\u00f8g v\u00e6rd p\u00e5 grund af sin maleriske charme.<br\/>Den er bygget op omkring en traditionel fiskerihavn med farverige b\u00e5de, hvidkalkede bygninger og en malerisk udsigt over kysten. Winston Churchill elskede at male den, og vi elskede at udforske den.<\/p>\n\n<p class=\"wp-block-paragraph\">Dette er en af <a href=\"https:\/\/madeiralovers.com\/da\/smukkeste-byer-madeira-landsbyer\/\" target=\"_blank\" rel=\"noreferrer noopener\">Madeiras smukkeste byer<\/a>. N\u00e6rheden til Funchal og attraktioner som Cabo Gir\u00e3os klipper g\u00f8r det til en af Madeiras must-see destinationer.<\/p>\n\n<div style=\"background-color:#f4fae2;margin-top:8%;margin-bottom:8%\" class=\"wp-block-genesis-blocks-gb-container box gb-block-container\"><div class=\"gb-container-inside\"><div class=\"gb-container-content\" style=\"max-width:700px\">\n<div class=\"wp-block-genesis-blocks-gb-container box_titre gb-block-container\"><div class=\"gb-container-inside\"><div class=\"gb-container-content\">\n<h5 class=\"titre_box\" style=\"padding-top:10px;\">HVOR SKAL MAN OVERNATTE P\u00c5 <span class=\"titre_box_manuscrit\">Madeira<\/span>?<\/h5>\n<\/div><\/div><\/div>\n\n\n\n<div class=\"wp-block-columns box_sans_border is-layout-flex wp-container-core-columns-is-layout-8f761849 wp-block-columns-is-layout-flex\">\n<div class=\"wp-block-column texte_planif is-layout-flow wp-block-column-is-layout-flow\" style=\"font-size:14px;flex-basis:60%\">\n<p class=\"option_titre2 wp-block-paragraph\">Vores uafh\u00e6ngige udvalg hj\u00e6lper dig med at finde <strong>din dr\u00f8mmebolig<\/strong>:<\/p>\n\n\n\n<ul class=\"wp-block-list\">\n<li><a href=\"https:\/\/madeiralovers.com\/da\/hvor-skal-bo-madeira-bedste-omrader\/\" target=\"_blank\" rel=\"noreferrer noopener\">Hvor skal man bo p\u00e5 Madeira?<\/a><\/li>\n<\/ul>\n\n\n\n<ul class=\"wp-block-list\">\n<li><a href=\"https:\/\/madeiralovers.com\/da\/bedste-5-stjernede-hoteller-funchal-madeira-luksus-anmeldelser\/\" target=\"_blank\" rel=\"noreferrer noopener\">De bedste 5-stjernede hoteller<\/a><\/li>\n\n\n\n<li><a href=\"https:\/\/madeiralovers.com\/da\/bedste-boutique-hoteller-funchal-madeira-charmerende\/\">De bedste boutique-hoteller<\/a><\/li>\n\n\n\n<li><a href=\"https:\/\/madeiralovers.com\/da\/bedste-hoteller-gamle-bydel-funchal-anmeldelser\/\" target=\"_blank\" rel=\"noreferrer noopener\">De bedste hoteller i den gamle bydel i Funchal<\/a><\/li>\n\n\n\n<li><a href=\"https:\/\/madeiralovers.com\/da\/bedste-hoteller-kun-for-voksne-funchal-madeira\/\" target=\"_blank\" rel=\"noreferrer noopener\">Bedste hoteller kun for voksne<\/a><\/li>\n\n\n\n<li><a href=\"https:\/\/madeiralovers.com\/da\/bedste-hoteller-familier-madeira-born-anmeldelser\/\" target=\"_blank\" rel=\"noreferrer noopener\">Bedste hoteller til familier<\/a><\/li>\n\n\n\n<li><a href=\"https:\/\/madeiralovers.com\/da\/bedste-all-inclusive-hoteller-madeira\/\" target=\"_blank\" rel=\"noreferrer noopener\">De bedste all inclusive-hoteller<\/a><\/li>\n\n\n\n<li><a href=\"https:\/\/madeiralovers.com\/da\/bedste-romantiske-hoteller-funchal-madeira-elskende\/\" target=\"_blank\" rel=\"noreferrer noopener\">De bedste romantiske hoteller<\/a><\/li>\n<\/ul>\n<\/div>\n\n\n\n<div class=\"wp-block-column is-vertically-aligned-top planif-radius is-layout-flow wp-block-column-is-layout-flow\" style=\"flex-basis:40%\">\n<figure class=\"wp-block-image size-large img-portrait\"><img decoding=\"async\" src=\"https:\/\/photos.smugmug.com\/Travel\/Madeira\/Accommodation\/i-TtZHSRZ\/1\/7f80cf7d\/L\/Arco_da_Calheta_hotel_Madeira-8896-L.jpg\" alt=\"Engenho Velho Hotel\" title=\"\"\/><\/figure>\n<\/div>\n<\/div>\n<\/div><\/div><\/div>\n\n<h2 class=\"wp-block-heading\">1. Beundr fiskerihavnens charme<\/h2>\n\n<figure class=\"wp-block-image size-large\"><img decoding=\"async\" src=\"https:\/\/photos.smugmug.com\/Madeira-Lovers\/Camara-de-Lobos\/Town\/i-V7vhL8x\/0\/FP83CtxgHnGHsc4nkxVwBSsNfJkkPRS8RHVPJWzKS\/L\/camara_dos_Lobos_Madeira-7173018-L.jpg\" alt=\"Camara de Lobos fiskerihavn\"\/><\/figure>\n\n<p class=\"wp-block-paragraph\">Camara de Lobos er hjemsted for en malerisk havn, der ligger i en naturlig bugt. N\u00e5r du ankommer, vil du straks blive betaget af det krystalklare vand, de farverige b\u00e5de, der flyder fredeligt, de sorte basaltklipper, der er formet af havet, det lille hvide fyrt\u00e5rn, der v\u00e5ger over havnen, og et k\u00e6mpe v\u00e6gmaleri, der pryder klipperne. En lille stenstrand gr\u00e6nser op til havnen, men det er ikke hovedstranden.<\/p>\n\n<p class=\"wp-block-paragraph\">G\u00e5 en tur rundt i havnen for at nyde det fortryllende landskab og se de lokale fiskere, der myldrer rundt p\u00e5 deres karakteristiske b\u00e5de, &#8220;Xavelhas&#8221;, der stolt er malet i st\u00e6rke farver. Kig op p\u00e5 de bananplantage-d\u00e6kkede terrasser med udsigt over byen, et vidnesbyrd om Madeiras landbrugsarv.<\/p>\n\n<ul class=\"wp-block-list\">\n<li>Fri adgang<\/li>\n\n\n\n<li>Let at udforske<\/li>\n<\/ul>\n\n<hr class=\"wp-block-separator has-text-color has-theme-primary-color has-alpha-channel-opacity has-theme-primary-background-color has-background is-style-wide\"\/>\n\n<p class=\"wp-block-paragraph\">&gt;&gt;  Hvis du ikke vil k\u00f8re og skal finde et sted at parkere, har Hop-on Hop-off-bussen et loop, der f\u00f8rer dig til Camara de Lobos &#8211; <a href=\"https:\/\/www.getyourguide.dk\/madeira-l67\/funchal-3-in-1-48-hour-hop-on-hop-off-bus-tour-t49954\/?partner_id=R3GYW4V&amp;cmp=madeira\" target=\"_blank\" rel=\"noreferrer noopener sponsored nofollow\">bestil dine billetter<\/a> nu!<\/p>\n\n<hr class=\"wp-block-separator has-text-color has-theme-primary-color has-alpha-channel-opacity has-theme-primary-background-color has-background is-style-wide\"\/>\n\n<h2 class=\"wp-block-heading\">2. Beundre seglet<\/h2>\n\n<figure class=\"wp-block-image size-large\"><img decoding=\"async\" src=\"https:\/\/photos.smugmug.com\/Madeira-Lovers\/Camara-de-Lobos\/Town\/i-vqzxMpX\/0\/DhBrbtSgDDqhmTgRS36Xr7vFrq85chshf225btG7J\/L\/camara_dos_Lobos_Madeira-9065-L.jpg\" alt=\"v&#xE6;gkunst\"\/><\/figure>\n\n<p class=\"wp-block-paragraph\">Et af de mest fotograferede steder i Camara de Lobos er s\u00e6l\/s\u00f8l\u00f8ve-fresken (vi tror, det er en s\u00e6l p\u00e5 grund af anatomien). Den ligger lige ved siden af havnen, s\u00e5 du kan ikke g\u00e5 glip af den!<br\/>Byens navn betyder ulvehule, med henvisning til s\u00e6lerne, der s\u00e5 ud som ulve i havet.<br\/>Dette enorme kunstv\u00e6rk er lavet af genbrugsmaterialer. Den er skabt af den portugisiske kunstner <a href=\"https:\/\/www.bordaloii.com\/\" target=\"_blank\" rel=\"noreferrer noopener nofollow\">Bordallo II<\/a> som en del af et projekt i forbindelse med World Oceans Day. If\u00f8lge ham selv skaber han billeder af forureningens ofre ved at bruge det, der \u00f8del\u00e6gger dem.<\/p>\n\n<ul class=\"wp-block-list\">\n<li>Fri adgang<\/li>\n<\/ul>\n\n<div style=\"background-color:#edf8cc;margin-top:8%;margin-bottom:8%\" class=\"wp-block-genesis-blocks-gb-container box gb-block-container\"><div class=\"gb-container-inside\"><div class=\"gb-container-content\">\n<div class=\"wp-block-columns inverse box_planif is-layout-flex wp-container-core-columns-is-layout-8f761849 wp-block-columns-is-layout-flex\">\n<div class=\"wp-block-column texte_planif is-layout-flow wp-block-column-is-layout-flow\" style=\"flex-basis:58%\">\n<h5 class=\"titre_box\">VORES R\u00c5D TIL LEJNING AF BIL P\u00c5 <span class=\"titre_box_manuscrit\">\nMadeira<\/span><\/h5>\n\n\n\n<ul style=\"font-size:14px\" class=\"wp-block-list liste_voiture\">\n<li>Sammenlign priser p\u00e5 vores foretrukne platform: <a href=\"https:\/\/www.discovercars.com\/dk\/portugal\/madeira?a_aid=zigzag&amp;chan=madeira\" target=\"_blank\" rel=\"noreferrer noopener sponsored nofollow\">DiscoverCars<\/a> &#8211; en af de bedst bed\u00f8mte sider.<\/li>\n\n\n\n<li>Tag en bil med en god motor til skr\u00e5nende veje, men som ikke er for stor til at man\u00f8vrere.<\/li>\n\n\n\n<li>Der er stor eftersp\u00f8rgsel og f\u00e5 biler, s\u00e5 <strong>book i god tid<\/strong>.<\/li>\n<\/ul>\n<\/div>\n\n\n\n<div class=\"wp-block-column planif-radius-3 is-layout-flow wp-block-column-is-layout-flow\" style=\"flex-basis:42%\">\n<figure class=\"wp-block-image size-large is-resized\"><img decoding=\"async\" src=\"https:\/\/photos.smugmug.com\/Travel\/Madeira\/2i-Miadouro\/i-j86nfB5\/2\/DRCCwrZmGLt2TxcQqRkkLrm3JR55K3NLchGxDNsx6\/S\/driving_Madeira-7130748-S.jpg\" alt=\"Biludlejning i Madeira\" title=\"\"\/><\/figure>\n<\/div>\n<\/div>\n\n\n\n<div class=\"wp-block-columns planif_bouton is-layout-flex wp-container-core-columns-is-layout-8f761849 wp-block-columns-is-layout-flex\">\n<div class=\"wp-block-column is-layout-flow wp-block-column-is-layout-flow\" style=\"flex-basis:50%\">\n<div class=\"wp-block-buttons is-content-justification-center is-layout-flex wp-container-core-buttons-is-layout-fe48e5de wp-block-buttons-is-layout-flex\">\n<div class=\"wp-block-button\"><a class=\"wp-block-button__link has-white-color has-text-color has-custom-font-size wp-element-button\" href=\"https:\/\/www.discovercars.com\/fr\/portugal\/madeira?a_aid=zigzag&amp;chan=madeira\" style=\"border-radius:4px;font-size:14px\" target=\"_blank\" rel=\"noreferrer noopener\">Se bilerne &gt;&gt;<\/a><\/div>\n<\/div>\n<\/div>\n\n\n\n<div class=\"wp-block-column is-vertically-aligned-center is-layout-flow wp-block-column-is-layout-flow\" style=\"flex-basis:50%\">\n<p class=\"has-text-align-center wp-block-paragraph\" style=\"font-size:14px\"><strong><a href=\"https:\/\/madeiralovers.com\/da\/sadan-lejer-bil-madeira-tips-erfaring\/\" target=\"_blank\" rel=\"noreferrer noopener\">Se vores r\u00e5d<\/a><\/strong><\/p>\n<\/div>\n<\/div>\n<\/div><\/div><\/div>\n\n<h2 class=\"wp-block-heading\">3. Slentre gennem de historiske gader<\/h2>\n\n<figure class=\"wp-block-image size-large\"><img decoding=\"async\" src=\"https:\/\/photos.smugmug.com\/Madeira-Lovers\/Camara-de-Lobos\/Town\/i-RDVpzdv\/0\/CkqP8Z66GB7DgkGHh2WMGhdXGBNQgKRdZG5d98q2f\/L\/camara_dos_Lobos_Madeira-7173006-L.jpg\" alt=\"Camara de Lobos-banen\"\/><\/figure>\n\n<p class=\"wp-block-paragraph\">Efter at have beundret havnen kan du udforske de historiske gader i det gamle centrum. Den er blevet gennemgribende renoveret, men brostensbel\u00e6gningen og Madeiras arkitektur (hvid med m\u00f8rke sten omkring vinduer og d\u00f8re) er stadig meget tydelig. Disse smalle gader er fulde af charme, og de lokale passer godt p\u00e5 dem med planter og dekorationer.<\/p>\n\n<p class=\"wp-block-paragraph\">Camara de Lobos anses for at v\u00e6re det f\u00f8rste landingssted for den portugisiske opdagelsesrejsende Jo\u00e3o Gon\u00e7alves Zarco i 1419.<br\/>Og det var her, den f\u00f8rste koloni blev etableret. Det blev et sogn i 1430 med en \u00f8konomi baseret p\u00e5 fiskeri, landbrug og vinproduktion.<br\/>Kommunen blev oprettet i 1835, landsbyen voksede og blev til en by.<\/p>\n\n<ul class=\"wp-block-list\">\n<li>Fri adgang<\/li>\n<\/ul>\n\n<h2 class=\"wp-block-heading\">4. Capela de Nossa Senhora da Concei\u00e7\u00e3o<\/h2>\n\n<figure class=\"wp-block-image size-large\"><img decoding=\"async\" src=\"https:\/\/photos.smugmug.com\/Madeira-Lovers\/Camara-de-Lobos\/Town\/i-wb8MW4B\/0\/ksqKM4sszGSmczWnGcvpnm6pcdVvF8gF2J5hN6Nd\/L\/camara_dos_Lobos_Madeira-7173066-L.jpg\" alt=\"Nossa Senhora da Concei&#xE7;&#xE3;o\"\/><\/figure>\n\n<p class=\"wp-block-paragraph\">T\u00e6t p\u00e5 havnen i de historiske gader ligger Capela de Nossa Senhora da Concei\u00e7\u00e3o, et charmerende kapel, der blev grundlagt i det 15. \u00e5rhundrede og genopbygget i det 18. \u00e5rhundrede. Den er ret diskret, s\u00e5 pas p\u00e5 ikke at forveksle den med kirken.<br\/>Som mange andre bygninger p\u00e5 Madeira er facaden hvidkalket, og taget er d\u00e6kket med terrakottafliser.<br\/>Indenfor finder du et v\u00e6ld af udsmykninger, bl.a. 17 malerier p\u00e5 alle v\u00e6ggene, som forestiller scener fra Bibelen.<br\/>Alteret i barokstil er et s\u00e6rligt blikfang. Men vores favorit er at kigge op og beundre det malede loft.<\/p>\n\n<ul class=\"wp-block-list\">\n<li>Fri adgang<\/li>\n\n\n\n<li>Vi kan ikke garantere \u00e5bningstiderne.<\/li>\n<\/ul>\n\n<div class=\"wp-block-genesis-blocks-gb-container box gb-block-container\" style=\"background-color:#edf8cc;margin-top:6%;margin-bottom:6%\"><div class=\"gb-container-inside\"><div class=\"gb-container-content\" style=\"max-width:700px\">\n<figure class=\"wp-block-image size-full\"><a href=\"https:\/\/madeiralovers.com\/da\/ebook-guide-voyage-madere\/\" target=\"_blank\" rel=\" noreferrer noopener\"><img loading=\"lazy\" decoding=\"async\" width=\"900\" height=\"600\" src=\"https:\/\/madeiralovers.com\/wp-content\/uploads\/2026\/07\/inpost-Madeira-Lovers-DA.jpg\" alt=\"inpost Madeira Lovers FR\" class=\"wp-image-7160\" srcset=\"https:\/\/madeiralovers.com\/wp-content\/uploads\/2026\/07\/inpost-Madeira-Lovers-DA.jpg 900w, https:\/\/madeiralovers.com\/wp-content\/uploads\/2026\/07\/inpost-Madeira-Lovers-DA-300x200.jpg 300w, https:\/\/madeiralovers.com\/wp-content\/uploads\/2026\/07\/inpost-Madeira-Lovers-DA-768x512.jpg 768w, https:\/\/madeiralovers.com\/wp-content\/uploads\/2026\/07\/inpost-Madeira-Lovers-DA-600x400.jpg 600w\" sizes=\"auto, (max-width: 900px) 100vw, 900px\" \/><\/a><\/figure>\n<\/div><\/div><\/div>\n\n<h2 class=\"wp-block-heading\">5. Overnatning i Camara de Lobos<\/h2>\n\n<figure class=\"wp-block-image size-large\"><img decoding=\"async\" src=\"https:\/\/photos.smugmug.com\/Madeira-Lovers\/Camara-de-Lobos\/Town\/i-z7Fb6b9\/0\/Dd4S3KMBMhLCXgjN9nmLzx7JrGpH3NTgp7k4S4pDv\/L\/camara_dos_Lobos_Madeira-7173008-L.jpg\" alt=\"Hotel Pestana Churchill Bay\"\/><\/figure>\n\n<p class=\"wp-block-paragraph\">Denne by har virkelig en s\u00e6rlig charme, og i l\u00f8bet af dagen tiltr\u00e6kker den mange turister.<br\/>For at opleve den fra en anden vinkel og virkelig f\u00e5 gl\u00e6de af dens charme, kan du overveje at bo der hele din ferie eller bare en eller to n\u00e6tter for at opleve et andet aspekt af \u00f8en end Funchal.<\/p>\n\n<p class=\"wp-block-paragraph\">Vi anbefaler f\u00f8lgende hoteller:  <\/p>\n\n<ul class=\"wp-block-list\">\n<li>Hotel Pestana Churchill Bay, med panoramaudsigt over den lille havn og swimmingpool p\u00e5 taget &#8211; <a href=\"https:\/\/www.booking.com\/hotel\/pt\/pestana-churchill-bay.html?aid=2410700\" target=\"_blank\" rel=\"noreferrer noopener sponsored nofollow\">Se priser, billeder og tilg\u00e6ngelighed<\/a><\/li>\n\n\n\n<li>Hotel Pestana Fisherman village, med al Madeiras charme &#8211; <a href=\"https:\/\/www.booking.com\/hotel\/pt\/pestana-fisherman-village.html?aid=2410700\" target=\"_blank\" rel=\"noreferrer noopener sponsored nofollow\">Se priser, billeder og tilg\u00e6ngelighed<\/a><\/li>\n\n\n\n<li>Og masser af gode lejligheder til leje med fantastisk udsigt &#8211; <a href=\"https:\/\/www.booking.com\/searchresults.html?city=-2160921&amp;nflt=review_score%253D90%253Breview_score%253D80&amp;aid=2410700\" target=\"_blank\" rel=\"noreferrer noopener sponsored nofollow\">se de bedst bed\u00f8mte boliger<\/a><\/li>\n<\/ul>\n\n<h2 class=\"wp-block-heading\">6. Kirken i Camara de Lobos &#8211; Igreja Matriz de S\u00e3o Sebasti\u00e3o<\/h2>\n\n<figure class=\"wp-block-image size-large\"><img decoding=\"async\" src=\"https:\/\/photos.smugmug.com\/Madeira-Lovers\/Camara-de-Lobos\/Town\/i-fpHZZDK\/0\/DhXz2FHSdPg7hcjhvwrfGWJBk7RrfKfTzFrZq49Nh\/L\/camara_dos_Lobos_Madeira-7173042-L.jpg\" alt=\"Igreja Matriz de S&#xE3;o Sebasti&#xE3;o\"\/><\/figure>\n\n<p class=\"wp-block-paragraph\">Lidt oppe i landsbyen ligger Igreja Matriz de S\u00e3o Sebasti\u00e3o, en storsl\u00e5et, \u00e5rhundredgammel kirke, som udg\u00f8r hjertet i lokalsamfundet. Kapellet fra det 16. \u00e5rhundrede blev erstattet af kirken i det 17. og 18. \u00e5rhundrede.<br\/>Udefra er det ret neutralt med hvide v\u00e6gge. Men l\u00e6g m\u00e6rke til klokket\u00e5rnet med bl\u00e5 fliser!<\/p>\n\n<p class=\"wp-block-paragraph\">Indenfor finder du en indretning i barokstil med tre skibe.<br\/>Bem\u00e6rk den flisebelagte udsmykning (azulejos), de forgyldte lysekroner, det udsk\u00e5rne tr\u00e6loft og den forgyldte altertavle.<\/p>\n\n<ul class=\"wp-block-list\">\n<li>Fri adgang<\/li>\n\n\n\n<li>Vi kan ikke garantere \u00e5bningstiderne.<\/li>\n<\/ul>\n\n<h2 class=\"wp-block-heading\">7. Nyd udsigten fra Jardim do Ilheu<\/h2>\n\n<figure class=\"wp-block-image size-large\"><img decoding=\"async\" src=\"https:\/\/photos.smugmug.com\/Madeira-Lovers\/Camara-de-Lobos\/Jardim-do-Ilheu\/i-xMZSzJx\/1\/DgsD6nskXNz2hmR3cK7P9K6bmkcRfsg3R3Q3Q92cC\/L\/camara_dos_Lobos_Madeira-7173052-L.jpg\" alt=\"Udsigt fra Jardim do Ilheu\"\/><\/figure>\n\n<p class=\"wp-block-paragraph\">Jardim do Ilheu (\u00d8ens Have) ligger mellem den maleriske havn og stranden i Camara de Lobos og er en lille oase af gr\u00f8nt, der ligger p\u00e5 et klippefremspring.  <br\/>Denne klippekuppel er ikke en \u00f8 som s\u00e5dan, men dens \u00f8-lignende udseende giver den en unik charme. Snoede trapper f\u00f8rer op til toppen, hvor en omhyggeligt anlagt have byder p\u00e5 en betagende udsigt over de stejle klipper, stenstranden, den hvide by og den karakteristiske kirke med orange tag.  <br\/>Det er et idyllisk sted at slappe af og betragte Madeiras betagende havlandskaber. Et s\u00e6rligt syn venter de bes\u00f8gende i den anden ende af haven: &#8220;Coroa do Ilheu&#8221;, en mindeb\u00e5d, der blev installeret i 2019 for at fejre 600-\u00e5rsdagen for portugisernes opdagelse af \u00f8en.<a href=\"https:\/\/zigzagvoyages.fr\/camara-de-lobos-madere\/\" target=\"_blank\" rel=\"noreferrer noopener\"><\/a><\/p>\n\n<ul class=\"wp-block-list\">\n<li>Fri adgang<\/li>\n\n\n\n<li>Trapper til adgang<\/li>\n\n\n\n<li>Lille have, 10 minutter er nok<\/li>\n<\/ul>\n\n<h2 class=\"wp-block-heading\">8. Camara de Lobos-stranden: Praia de Vigaro<\/h2>\n\n<figure class=\"wp-block-image size-large\"><img decoding=\"async\" src=\"https:\/\/photos.smugmug.com\/Madeira-Lovers\/Camara-de-Lobos\/Praia-de-Vigario\/i-pMLR479\/0\/FBZgHrnRMWmrT9jrFxxk3xFZsSLTnwCGxRZWFzZZr\/L\/camara_dos_Lobos_Madeira-7173028-L.jpg\" alt=\"Praia de Vigaro\"\/><\/figure>\n\n<p class=\"wp-block-paragraph\">Praia do Vigario (pr\u00e6stens strand) er hovedstranden i Camara de Lobos og en af de <a href=\"https:\/\/madeiralovers.com\/da\/bedste-strande-madeira\/\" target=\"_blank\" rel=\"noreferrer noopener\">mest kendte p\u00e5 Madeira<\/a>.<br\/>Det er en smal stribe gyldent sand omgivet af stejle klipper. P\u00e5 trods af sin beskedne st\u00f8rrelse har denne strand en ubestridelig charme med sit krystalklare vand og en betagende udsigt over Atlanterhavet.  <br\/>I dag tiltr\u00e6kker den nogle f\u00e5 badeg\u00e6ster, som nyder de moderate b\u00f8lger. Men da det er en stenstrand, er der ret stille det meste af \u00e5ret.<\/p>\n\n<p class=\"wp-block-paragraph\">F\u00f8r i tiden blev den brugt af fiskere til at forberede deres udstyr til fiskeri med sort skede og til at t\u00f8rre deres t\u00f8j.<\/p>\n\n<ul class=\"wp-block-list\">\n<li>Strand uden opsyn<\/li>\n\n\n\n<li>Strandbar<\/li>\n\n\n\n<li>Nogle mennesker klager over manglende renlighed<\/li>\n<\/ul>\n\n<div style=\"background-color:#fefefe;margin-top:6%;margin-bottom:6%\" class=\"wp-block-genesis-blocks-gb-container box gb-block-container\"><div class=\"gb-container-inside\"><div class=\"gb-container-content\" style=\"max-width:700px\">\n<div class=\"wp-block-columns inverse is-layout-flex wp-container-core-columns-is-layout-8f761849 wp-block-columns-is-layout-flex\">\n<div class=\"wp-block-column texte_planif is-layout-flow wp-block-column-is-layout-flow\" style=\"flex-basis:58%\">\n<h5 class=\"titre_box\">Modtag vores <span class=\"titre_box_manuscrit\">nyhedsbrev<\/span><\/h5>\n\n\n\n<ul class=\"wp-block-list\">\n<li>Et frisk pust i din hverdag p\u00e5 de smukke destinationer i Region Lovers!<\/li>\n\n\n\n<li>En gang om m\u00e5neden.<\/li>\n\n\n\n<li>Reklamefri<\/li>\n<\/ul>\n\n\n<script>\nvar gform;gform||(document.addEventListener(\"gform_main_scripts_loaded\",function(){gform.scriptsLoaded=!0}),document.addEventListener(\"gform\/theme\/scripts_loaded\",function(){gform.themeScriptsLoaded=!0}),window.addEventListener(\"DOMContentLoaded\",function(){gform.domLoaded=!0}),gform={domLoaded:!1,scriptsLoaded:!1,themeScriptsLoaded:!1,isFormEditor:()=>\"function\"==typeof InitializeEditor,callIfLoaded:function(o){return!(!gform.domLoaded||!gform.scriptsLoaded||!gform.themeScriptsLoaded&&!gform.isFormEditor()||(gform.isFormEditor()&&console.warn(\"The use of gform.initializeOnLoaded() is deprecated in the form editor context and will be removed in Gravity Forms 3.1.\"),o(),0))},initializeOnLoaded:function(o){gform.callIfLoaded(o)||(document.addEventListener(\"gform_main_scripts_loaded\",()=>{gform.scriptsLoaded=!0,gform.callIfLoaded(o)}),document.addEventListener(\"gform\/theme\/scripts_loaded\",()=>{gform.themeScriptsLoaded=!0,gform.callIfLoaded(o)}),window.addEventListener(\"DOMContentLoaded\",()=>{gform.domLoaded=!0,gform.callIfLoaded(o)}))},hooks:{action:{},filter:{}},addAction:function(o,r,e,t){gform.addHook(\"action\",o,r,e,t)},addFilter:function(o,r,e,t){gform.addHook(\"filter\",o,r,e,t)},doAction:function(o){gform.doHook(\"action\",o,arguments)},applyFilters:function(o){return gform.doHook(\"filter\",o,arguments)},removeAction:function(o,r){gform.removeHook(\"action\",o,r)},removeFilter:function(o,r,e){gform.removeHook(\"filter\",o,r,e)},addHook:function(o,r,e,t,n){null==gform.hooks[o][r]&&(gform.hooks[o][r]=[]);var d=gform.hooks[o][r];null==n&&(n=r+\"_\"+d.length),gform.hooks[o][r].push({tag:n,callable:e,priority:t=null==t?10:t})},doHook:function(r,o,e){var t;if(e=Array.prototype.slice.call(e,1),null!=gform.hooks[r][o]&&((o=gform.hooks[r][o]).sort(function(o,r){return o.priority-r.priority}),o.forEach(function(o){\"function\"!=typeof(t=o.callable)&&(t=window[t]),\"action\"==r?t.apply(null,e):e[0]=t.apply(null,e)})),\"filter\"==r)return e[0]},removeHook:function(o,r,t,n){var e;null!=gform.hooks[o][r]&&(e=(e=gform.hooks[o][r]).filter(function(o,r,e){return!!(null!=n&&n!=o.tag||null!=t&&t!=o.priority)}),gform.hooks[o][r]=e)}});\n<\/script>\n\n                <div class='gf_browser_gecko gform_wrapper gravity-theme gform-theme--no-framework waitlist_wrapper' data-form-theme='gravity-theme' data-form-index='0' id='gform_wrapper_2' >\n                        <div class='gform_heading'>\n                            <p class='gform_description'><\/p>\n                        <\/div><form method='post' enctype='multipart\/form-data'  id='gform_2' class='waitlist' action='\/da\/wp-json\/wp\/v2\/posts\/2709' data-formid='2' novalidate>\n                        <div class='gform-body gform_body'><div id='gform_fields_2' class='gform_fields top_label form_sublabel_below description_below validation_below'><div id=\"field_2_5\" class=\"gfield gfield--type-honeypot gform_validation_container field_sublabel_below gfield--has-description field_description_below field_validation_below gfield_visibility_visible\"  ><label class='gfield_label gform-field-label' for='input_2_5'><span class='gform-field-label__text'>Name<\/span><\/label><div class='ginput_container'><input name='input_5' id='input_2_5' type='text' value='' autocomplete='new-password'\/><\/div><div class='gfield_description' id='gfield_description_2_5'>Dette felt er til validering og b\u00f8r ikke \u00e6ndres.<\/div><\/div><div id=\"field_2_1\" class=\"gfield gfield--type-email gfield--input-type-email gfield_contains_required field_sublabel_below gfield--no-description field_description_below hidden_label field_validation_below gfield_visibility_visible\"  ><label class='gfield_label gform-field-label' for='input_2_1'><span class='gform-field-label__text'>E-mail<\/span><span class=\"gfield_required\"><span class=\"gfield_required gfield_required_text\">(P\u00e5kr\u00e6vet)<\/span><\/span><\/label><div class='ginput_container ginput_container_email'>\n                            <input name='input_1' id='input_2_1' type='email' value='' class='large'    aria-required=\"true\" aria-invalid=\"false\"  \/>\n                        <\/div><\/div><fieldset id=\"field_2_3\" class=\"gfield gfield--type-consent gfield--type-choice gfield--input-type-consent gfield_contains_required field_sublabel_below gfield--no-description field_description_below hidden_label field_validation_below gfield_visibility_visible gfield--choice-align-vertical\"  ><legend class='gfield_label gform-field-label gfield_label_before_complex' ><span class='gform-field-label__text'>RGPD<\/span><span class=\"gfield_required\"><span class=\"gfield_required gfield_required_text\">(P\u00e5kr\u00e6vet)<\/span><\/span><\/legend><div class='ginput_container ginput_container_consent'><input name='input_3.1' id='input_2_3_1' type='checkbox' value='1'   aria-required=\"true\" aria-invalid=\"false\"   \/> <label class=\"gform-field-label gform-field-label--type-inline gfield_consent_label\" for='input_2_3_1' ><span class='gform-field-label__text'>Ja, jeg vil gerne abonnere p\u00e5 det m\u00e5nedlige nyhedsbrev<\/span><span class=\"gfield_required gfield_required_text\">(P\u00e5kr\u00e6vet)<\/span><\/label><input type='hidden' name='input_3.2' value='Ja, jeg vil gerne abonnere p\u00e5 det m\u00e5nedlige nyhedsbrev' class='gform_hidden' \/><input type='hidden' name='input_3.3' value='1' class='gform_hidden' \/><\/div><\/fieldset><div id=\"field_2_4\" class=\"gfield gfield--type-website gfield--input-type-website field_sublabel_below gfield--no-description field_description_below field_validation_below gfield_visibility_hidden\"  ><div class=\"admin-hidden-markup\"><i class=\"gform-icon gform-icon--hidden\" aria-hidden=\"true\" title=\"Dette felt er skjult, n\u00e5r du f\u00e5r vist formularen\"><\/i><span>Dette felt er skjult, n\u00e5r du f\u00e5r vist formularen<\/span><\/div><label class='gfield_label gform-field-label' for='input_2_4'><span class='gform-field-label__text'>Hjemmeside<\/span><\/label><div class='ginput_container ginput_container_website'>\n                    <input name='input_4' id='input_2_4' type='url' value='https:\/\/madeiralovers.com\/da\/wp-json\/wp\/v2\/posts\/2709' class='large'    placeholder='https:\/\/'  aria-invalid=\"false\" \/>\n                <\/div><\/div><\/div><\/div>\n        <div class='gform-footer gform_footer top_label'> <button type='submit' id='gform_submit_button_2' class='gform_button button' onclick='gform.submission.handleButtonClick(this);' data-submission-type='submit' >Skriv dig op<\/button> \n            <input type='hidden' class='gform_hidden' name='gform_submission_method' data-js='gform_submission_method_2' value='postback' \/>\n            <input type='hidden' class='gform_hidden' name='gform_theme' data-js='gform_theme_2' id='gform_theme_2' value='gravity-theme' \/>\n            <input type='hidden' class='gform_hidden' name='gform_style_settings' data-js='gform_style_settings_2' id='gform_style_settings_2' value='{&quot;theme&quot;:&quot;gravity-theme&quot;,&quot;inputPrimaryColor&quot;:&quot;#72bb20&quot;,&quot;buttonPrimaryBackgroundColor&quot;:&quot;#72bb20&quot;}' \/>\n            <input type='hidden' class='gform_hidden' name='is_submit_2' value='1' \/>\n            <input type='hidden' class='gform_hidden' name='gform_submit' value='2' \/>\n            \n            <input type='hidden' class='gform_hidden' name='gform_currency' data-currency='EUR' value='2BlXiikzH4tuvUR5luN89Ruyqn9ps8bZLXNHUYbFPwq9aIZS+gV4gWZstzPfRXCaJTV6y35IZzzaHLccp9JmT4M0r94s8lvu5TlqLUjJPEfkFXY=' \/>\n            <input type='hidden' class='gform_hidden' name='gform_unique_id' value='' \/>\n            <input type='hidden' class='gform_hidden' name='state_2' value='WyJ7XCIzLjFcIjpcImMzMjZlZjU3NGQwMWFmNjhhYTg1YTk2ODk5ZTAyYmU1XCIsXCIzLjJcIjpcIjIwMzdlZDc4MjA3YjI1ZDBlNDVmYzFmZWMzNDRmZmU3XCIsXCIzLjNcIjpcImMzMjZlZjU3NGQwMWFmNjhhYTg1YTk2ODk5ZTAyYmU1XCIsXCJnZm9ybV9zdWJtaXNzaW9uX21ldGhvZFwiOltcIjI3ZGYzODA0Y2VkYjM5NDM3ODQwMTI2NTc1N2VlZDE2XCIsXCI4MmM1NTNjZjJmMGVjODFlYzNlOWI0YzI3YzY3MzBiNlwiXSxcImdmb3JtX3RoZW1lXCI6XCJjZDg4M2U3ZDMxOTBhMmU3Zjk3Zjg1NTM4NWQ4ZTQ3MVwiLFwiZ2Zvcm1fc3R5bGVfc2V0dGluZ3NcIjpcImY2MGMzMmUxMmIyMTViZWVjYTAwMzZjYmU5ZTM4YWM2XCIsXCJmb3JtX2lkXCI6XCJmNTlkYWU5NTNhZGUxYTlmODc4ZDE5NWUxZWY4ZTliYlwiLFwidXJsXCI6XCI4YTA5NjE1Mjk2OGUzN2I5ZDBjMDE0MTkwYmI5MTJhYVwiLFwic3RhdGVfdGltZXN0YW1wXCI6XCIzY2I5NDFhOTQxM2MyMTNmMDk0YTc2ZDliMGUwOWE2MVwifSIsIjFlMWJlMWZiM2MxOTIzMWQ2NjM3NWM0NjZiMTQ4MDkwIiwxNzg4NDM2NzI2XQ==' \/>\n            <input type='hidden' autocomplete='off' class='gform_hidden' name='gform_target_page_number_2' id='gform_target_page_number_2' value='0' \/>\n            <input type='hidden' autocomplete='off' class='gform_hidden' name='gform_source_page_number_2' id='gform_source_page_number_2' value='1' \/>\n            <input type='hidden' name='gform_field_values' value='' \/>\n            \n        <\/div>\n                        <\/form>\n                        <\/div><\/div>\n\n\n\n<div class=\"wp-block-column is-layout-flow wp-block-column-is-layout-flow\" style=\"flex-basis:42%\">\n<div class=\"wp-block-genesis-blocks-gb-container aligncenter newsletter-radius gb-block-container\"><div class=\"gb-container-inside\"><div class=\"gb-container-content\"><div class=\"wp-block-image newsletter-image\">\n<figure class=\"aligncenter size-full\"><img loading=\"lazy\" decoding=\"async\" width=\"729\" height=\"792\" src=\"https:\/\/madeiralovers.com\/wp-content\/uploads\/2024\/01\/newsletter_FR_2.webp\" alt=\"\" class=\"wp-image-222\" srcset=\"https:\/\/madeiralovers.com\/wp-content\/uploads\/2024\/01\/newsletter_FR_2.webp 729w, https:\/\/madeiralovers.com\/wp-content\/uploads\/2024\/01\/newsletter_FR_2-276x300.webp 276w\" sizes=\"auto, (max-width: 729px) 100vw, 729px\" \/><\/figure>\n<\/div><\/div><\/div><\/div>\n<\/div>\n<\/div>\n<\/div><\/div><\/div>\n\n<h2 class=\"wp-block-heading\">9. Museu de Imprensa da Madeira<\/h2>\n\n<figure class=\"wp-block-image size-large\"><img decoding=\"async\" src=\"https:\/\/photos.smugmug.com\/Madeira-Lovers\/Camara-de-Lobos\/Town\/i-tvFbtFV\/0\/FbSnhPwzbP37sPRQnTQgKc5PFpCBwd7tChSznS2pm\/L\/camara_dos_Lobos_Madeira-7173036-L.jpg\" alt=\"Museu de Imprensa da Madeira\"\/><\/figure>\n\n<p class=\"wp-block-paragraph\">Lige over stranden ligger MIM, Museu de Imprensa da Madeira.<br\/>  Det er dedikeret til trykningens historie og bevarelsen af Madeiras grafiske industri og journalistiske arv.<\/p>\n\n<p class=\"wp-block-paragraph\">Indenfor, p\u00e5 den tekniske side, finder du trykpresser, typografisk og litografisk udstyr.<br\/>P\u00e5 pressesiden finder du arkiver og historiske dokumenter, som giver et indblik i mediernes betydning for \u00f8ens kulturelle og sociale udvikling.<\/p>\n\n<ul class=\"wp-block-list\">\n<li>\u00c5bningstider: Mandag til fredag, kl. 10.00-17.00<\/li>\n\n\n\n<li>Se de seneste nyheder p\u00e5 den officielle hjemmeside <a href=\"https:\/\/www.facebook.com\/museuimprensamadeira?fref=photo\" target=\"_blank\" rel=\"noreferrer noopener nofollow\">her<\/a><\/li>\n\n\n\n<li>1 til 2 timer afh\u00e6ngigt af dit niveau af interesse<\/li>\n<\/ul>\n\n<h2 class=\"wp-block-heading\">10. Caminho do Calhau: g\u00e5 med Forno da Cal<\/h2>\n\n<figure class=\"wp-block-image size-large\"><img decoding=\"async\" src=\"https:\/\/photos.smugmug.com\/Madeira-Lovers\/Camara-de-Lobos\/East-Promenade\/i-qMgPc4B\/0\/FJbXt9Rr6B92JTK5VNh9Cz28cXm9vm4zDLS9fRV26\/L\/camara_dos_Lobos_Madeira-7173087-L.jpg\" alt=\"Udsigt fra Caminho do Calhau\"\/><\/figure>\n\n<p class=\"wp-block-paragraph\">Kirken, haven, stranden og museet ligger vest for den historiske havn.<br\/>Men du kan ogs\u00e5 g\u00e5 en tur langs den \u00f8stlige del.<br\/>En trappe f\u00f8rer dig til en forh\u00f8jet promenade langs strandpromenaden.<br\/>Den hedder Caminho do Calhau.<br\/>Stien byder p\u00e5 en smuk udsigt over havnen, b\u00e5dene, byen, klipperne og bakkerne i baggrunden. Vi n\u00f8d virkelig denne lille afveksling<\/p>\n\n<ul class=\"wp-block-list\">\n<li>Et par skridt op til promenaden<\/li>\n\n\n\n<li>Derefter er det ret fladt og nemt<\/li>\n<\/ul>\n\n<figure class=\"wp-block-image size-large\"><img decoding=\"async\" src=\"https:\/\/photos.smugmug.com\/Madeira-Lovers\/Camara-de-Lobos\/East-Promenade\/i-gDkmhfd\/0\/CfLvnmr2rXQs7xkrCV83CP9QktThztjBTDWZNm96F\/L\/camara_dos_Lobos_Madeira-7173096-L.jpg\" alt=\"Forno da Cal\"\/><\/figure>\n\n<p class=\"wp-block-paragraph\">Denne g\u00e5tur f\u00f8rer dig til en m\u00e6rkelig gammel bygning. Dette er Forno da Cal.<br\/>Denne kalkovn blev bygget i 1874 for at producere kalk. Den blev restaureret flere gange i l\u00f8bet af det 20. \u00e5rhundrede.<br\/>Beboerne klagede dog over lugten og r\u00f8gen, og fabrikken oph\u00f8rte med at fungere i 1970&#8217;erne.<\/p>\n\n<h2 class=\"wp-block-heading\">11. Miradouro Winston Churchill<\/h2>\n\n<figure class=\"wp-block-image size-large\"><img decoding=\"async\" src=\"https:\/\/photos.smugmug.com\/Madeira-Lovers\/Camara-de-Lobos\/East-Promenade\/i-78TDK3c\/0\/ZHN7NXq9PdBNf9ppB8Mz3KsKnGxGktJhG5PsfBVG\/L\/camara_dos_Lobos_Madeira-7173103-L.jpg\" alt=\"Miradouro Winston Churchill\"\/><\/figure>\n\n<p class=\"wp-block-paragraph\">Winston Churchill, en ber\u00f8mt britisk personlighed, er meget synlig p\u00e5 Camara de Lobos.  <br\/>I 1950 blev han sammen med sin familie inviteret til Reid&#8217;s Palace Hotel p\u00e5 Madeira efter Anden Verdenskrig, og han blev fortryllet af denne charmerende fiskerby. P\u00e5 en udflugt fra Funchal opdagede han et idyllisk sted med udsigt over havnen, nu kendt som &#8220;Miradouro de Churchill&#8221;, hvor han begyndte at male.  <br\/>Hans billede bliver dog brugt meget i byen, men han har kun v\u00e6ret her \u00e9n gang!<br\/>Efter vores mening er det ikke den bedste udsigt over havnen, men anekdoten er morsom.<\/p>\n\n<h2 class=\"wp-block-heading\">12. Miradouro da Torre<\/h2>\n\n<figure class=\"wp-block-image size-large\"><img decoding=\"async\" src=\"https:\/\/photos.smugmug.com\/Madeira-Lovers\/Camara-de-Lobos\/Miradouro-da-Torre\/i-nzWfKXb\/1\/tX3kDd4jRFszHBjJbzfMbkKHRmZhn5M3nH7TmvRk\/L\/miradouro_da_Torre_Madeira-7172995-L.jpg\" alt=\"Miradouro da Torre\"\/><\/figure>\n\n<p class=\"wp-block-paragraph\">N\u00e5r du er f\u00e6rdig med at udforske landsbyen, kan du tage Vueutre tilbage op til Miradouro da Torre. Rejsen tager kun et par minutter.<br\/>Fra dette lille udsigtspunkt med nem adgang og masser af parkering kan du nyde en smuk udsigt over byens skyline.<br\/>L\u00e6g m\u00e6rke til den lille havn med de farverige b\u00e5de, det lille hvide fyrt\u00e5rn, kirkens tag og forbjerget med haven.<\/p>\n\n<h2 class=\"wp-block-heading\">Sev\u00e6rdigheder omkring Camara de Lobos<\/h2>\n\n<h3 class=\"wp-block-heading\">Cabo Girao<\/h3>\n\n<figure class=\"wp-block-image size-large\"><img decoding=\"async\" src=\"https:\/\/photos.smugmug.com\/Madeira-Lovers\/Cabo-Girao\/Skywalk\/i-fPzkXBr\/1\/CpG4Q5zQJLtVGHxdCZcfvMRcRPtMCkVr5zxKLV5k3\/L\/Cabo_Girao_platform_Madeira-7172981-L.jpg\" alt=\"Cabo Girao\"\/><\/figure>\n\n<p class=\"wp-block-paragraph\">Vest for Camara de Lobos, 10 minutter i bil.<\/p>\n\n<p class=\"wp-block-paragraph\">Cabo Girao Skywalk er Madeiras mest ber\u00f8mte udsigtspunkt. Her n\u00e5r klipperne op i 589 meters h\u00f8jde. De er de h\u00f8jeste i Europa.<br\/>Beboerne har bygget en gennemsigtig platform, s\u00e5 de kan nyde h\u00f8jden.<br\/>Det er ret imponerende at se h\u00f8jden, men udsigten er begr\u00e6nset.  <\/p>\n\n<p class=\"wp-block-paragraph\"><a href=\"https:\/\/www.getyourguide.com\/s\/?q=cabo+girao&amp;searchSource=3&amp;src=search_bar&amp;partner_id=R3GYW4V&amp;cmp=madeira\" target=\"_blank\" rel=\"noreferrer noopener sponsored nofollow\">Find ud af alt om aktiviteter og organiserede ture i Cabo Girao.<\/a><\/p>\n\n<h3 class=\"wp-block-heading\">Teleferico do Rancho og Faja Cabo Girao<\/h3>\n\n<figure class=\"wp-block-image size-large\"><img decoding=\"async\" src=\"https:\/\/photos.smugmug.com\/Madeira-Lovers\/Cabo-Girao\/Cable-car-teleferico-rancho\/i-7ZGJbGt\/1\/CxZHpNhpVzPh6dm4QsLvNVQSP8DXN5bC4qgWQCGX2\/L\/Cabo_Girao_cable_car_Madeira-7172967-L.jpg\" alt=\"Teleferico do Rancho og Faja Cabo Girao\"\/><\/figure>\n\n<p class=\"wp-block-paragraph\">Vest for Camara de Lobos, 10 minutter i bil.<\/p>\n\n<p class=\"wp-block-paragraph\">Alle g\u00e5r p\u00e5 Skywalk, men vi foretrak sv\u00e6vebanen ned ad de gigantiske klipper. Den starter fra et lavere punkt, men den er stadig imponerende med en meget stejl h\u00e6ldning. Nedstigningen tager kun 3 minutter. Fra fajaen er dette et af de bedste steder p\u00e5 \u00f8en at se forskellige geologiske lag og formationer.<\/p>\n\n<p class=\"wp-block-paragraph\">Dette er en af de <a href=\"https:\/\/madeiralovers.com\/da\/svaevebaner-madeira\/\" target=\"_blank\" rel=\"noreferrer noopener\">bedste sv\u00e6vebaner til at udforske Madeira<\/a>.<\/p>\n\n<h3 class=\"wp-block-heading\"><strong>Vandreture i n\u00e6rheden af Camara de Lobos &#8211; Levada do Norte<\/strong><\/h3>\n\n<p class=\"wp-block-paragraph\">Madeira er ber\u00f8mt for sine vandrestier og ture langs levadaer (traditionelle vandingssystemer).<br\/>Hovedstien n\u00e6r Camara de Lobos er Levada do Norte. Du kan g\u00e5 p\u00e5 forskellige str\u00e6kninger eller i hele l\u00e6ngden. Denne tur er dog ikke s\u00e5 godt identificeret og vedligeholdt som andre stier p\u00e5 \u00f8en.<\/p>\n\n<h3 class=\"wp-block-heading\">Faja do Padres<\/h3>\n\n<figure class=\"wp-block-image size-large\"><img decoding=\"async\" src=\"https:\/\/photos.smugmug.com\/Madeira-Lovers\/Faja-dos-Padres\/i-FWZCXKd\/0\/DR7BbzLWhLTbB8mZ58VJQsKc4wpcFbw8mQq4QDNvj\/L\/Faja_dos_Padres_Madeira-8993-L.jpg\" alt=\"Faja do Padres\"\/><\/figure>\n\n<p class=\"wp-block-paragraph\">Vest for Camara de Lobos, 15 minutter i bil.<\/p>\n\n<p class=\"wp-block-paragraph\">Til denne sv\u00e6vebane er det ikke forskellige lokale, der ejer et stykke jord p\u00e5 fajaen, men en landlig turistg\u00e5rd. En sv\u00e6vebane f\u00f8rer dig ned ad en 300 meter h\u00f8j klippe. Nedstigningen tager 2 minutter og 30 sekunder.<br\/>N\u00e5r du er nede, kan du g\u00e5 p\u00e5 opdagelse i plantagerne, p\u00e5 stranden og i restauranten, som serverer autentiske madeiranske retter. Flere detaljer p\u00e5 den officielle hjemmeside <a href=\"https:\/\/www.fajadospadres.com\/\" target=\"_blank\" rel=\"noreferrer noopener nofollow\">her<\/a>.  <\/p>\n\n<h3 class=\"wp-block-heading\"><strong>Doca do Cavacas<\/strong> (Piscinas de Gomes)<\/h3>\n\n<figure class=\"wp-block-image size-large\"><img decoding=\"async\" src=\"https:\/\/photos.smugmug.com\/Madeira-Lovers\/Funchal\/Pocas-do-Gomes\/i-8m8r4gq\/1\/SgZGxPcnf5t9mBPPpBHWvLp4pF3LJfnPvpkCJgNV\/L\/Pacas_do_Gomes_Madeira-9085-L.jpg\" alt=\"Doca do Cavacas\"\/><\/figure>\n\n<p class=\"wp-block-paragraph\">\u00d8st for Camara de Lobos, 10 minutter i bil.<\/p>\n\n<p class=\"wp-block-paragraph\">Ved siden af den store stenstrand ved Praia Formosa ligger et lille udspring af lavaklipper.<br\/>Poolerne er blevet redesignet for at give maksimal nydelse. Disse bassiner er meget sm\u00e5, men de har en masse charme og giver dig mulighed for at sv\u00f8mme lidt.<br\/>Oplev alle <a href=\"https:\/\/madeiralovers.com\/da\/naturlige-pools-madeira\/\" target=\"_blank\" rel=\"noreferrer noopener\">Madeiras naturlige pools<\/a>.<\/p>\n\n<h3 class=\"wp-block-heading\"><strong>Funchals gamle bydel, b\u00e5dture og mange museer.<\/strong><\/h3>\n\n<p class=\"wp-block-paragraph\">Og selvf\u00f8lgelig kan du bes\u00f8ge Funchal og opleve de charmerende gader, haver, historiske bygninger og meget mere.<br\/>\u00d8st for Camara de Lobos, 15 minutter i bil.<\/p>\n\n<p class=\"wp-block-paragraph\">&gt;&gt; Oplev vores udvalg af de <a href=\"https:\/\/madeiralovers.com\/da\/sevaerdigheder-funchal-besog\/\" target=\"_blank\" rel=\"noreferrer noopener\">bedste sev\u00e6rdigheder i Funchal<\/a>.<\/p>\n\n<h2 class=\"wp-block-heading\">S\u00e5dan kommer du til Camara de Lobos + parkeringsplads<\/h2>\n\n<h3 class=\"wp-block-heading\">Hvor ligger Camara de Lobos?<\/h3>\n\n<ul class=\"wp-block-list\">\n<li>Madeiras sydkyst<\/li>\n\n\n\n<li>Vest for Funchal<\/li>\n\n\n\n<li>Fra <a href=\"https:\/\/madeiralovers.com\/da\/sevaerdigheder-funchal-besog\/\" type=\"post\" id=\"2152\" target=\"_blank\" rel=\"noreferrer noopener\">Funchal<\/a> = 15 minutters k\u00f8rsel<\/li>\n\n\n\n<li>Fra <a href=\"https:\/\/madeiralovers.com\/da\/sevaerdigheder-porto-moniz-besog\/\" type=\"post\" id=\"1574\" target=\"_blank\" rel=\"noreferrer noopener\">Porto Moniz <\/a>= 45 minutters k\u00f8rsel<\/li>\n\n\n\n<li>Her er et kort, der hj\u00e6lper dig med at finde Camara og orientere dig:<\/li>\n<\/ul>\n\n<figure class=\"wp-block-image size-large\"><img decoding=\"async\" src=\"https:\/\/madeiralovers.com\/wp-content\/uploads\/2024\/04\/kort-Camara-de-Lobos-Madeira-1024x683.png\" alt=\"Camara de Lobos Madeira kort\" class=\"wp-image-1597\"\/><figcaption class=\"wp-element-caption\">Kort: Camara de Lobos p\u00e5 Madeira<\/figcaption><\/figure>\n\n<h3 class=\"wp-block-heading\">S\u00e5dan kommer du derhen<\/h3>\n\n<p class=\"wp-block-paragraph\">  Fra Funchal kan du komme dertil<\/p>\n\n<ul class=\"wp-block-list\">\n<li>I bil er vejen let<\/li>\n\n\n\n<li>med taxi<\/li>\n\n\n\n<li>med bus  <\/li>\n\n\n\n<li>eller via en af Hop-on Hop-off-busruterne, som er meget praktisk &#8211; <a href=\"https:\/\/www.getyourguide.dk\/madeira-l67\/funchal-3-in-1-48-hour-hop-on-hop-off-bus-tour-t49954\/?partner_id=R3GYW4V&amp;cmp=madeira\" target=\"_blank\" rel=\"noreferrer noopener sponsored nofollow\">bestil dine billetter<\/a> nu!<\/li>\n<\/ul>\n\n<figure class=\"wp-block-image size-large\"><img decoding=\"async\" src=\"https:\/\/photos.smugmug.com\/Madeira-Lovers\/Camara-de-Lobos\/Town\/i-PM2mP7s\/0\/CB5VcXpddXFjhXKZXTDJRqpPDXTBmJtSBr6F4xvmP\/L\/camara_dos_Lobos_Madeira-7173110-L.jpg\" alt=\"Turistbus\"\/><\/figure>\n\n<h3 class=\"wp-block-heading\">Parkering i Camara de Lobos<\/h3>\n\n<p class=\"wp-block-paragraph\">Stor parkeringsplads n\u00e6r havnen, mod betaling (afh\u00e6ngigt af s\u00e6sonen)<br\/>Hvis du kommer tidligt om morgenen, er det nemt at parkere, men hvis du kommer senere p\u00e5 dagen, kan det v\u00e6re sv\u00e6rt.<br\/>Der er ogs\u00e5 nogle f\u00e5 parkeringspladser p\u00e5 strandsiden og en overd\u00e6kket parkeringsplads, der er \u00e5ben 24 timer i d\u00f8gnet.<\/p>\n\n<figure class=\"wp-block-image size-large\"><img decoding=\"async\" src=\"https:\/\/photos.smugmug.com\/Madeira-Lovers\/Camara-de-Lobos\/East-Promenade\/i-FsmtGg6\/0\/DwfSD7JPqpZ8628PnxZXDkVhwWzhQgrNR77VvNT74\/L\/camara_dos_Lobos_Madeira-7173106-L.jpg\" alt=\"Udsigt over Camara de Lobos' parkeringsplads\"\/><\/figure>\n\n<div style=\"background-color:#f2fbe8;margin-top:8%;margin-bottom:8%\" class=\"wp-block-genesis-blocks-gb-container box gb-block-container\"><div class=\"gb-container-inside\"><div class=\"gb-container-content\" style=\"max-width:700px\">\n<div class=\"wp-block-columns is-not-stacked-on-mobile texte_planif is-layout-flex wp-container-core-columns-is-layout-8f761849 wp-block-columns-is-layout-flex\">\n<div class=\"wp-block-column img_icone is-layout-flow wp-block-column-is-layout-flow\" style=\"flex-basis:10%\">\n<figure class=\"wp-block-image size-full\"><img loading=\"lazy\" decoding=\"async\" width=\"506\" height=\"506\" src=\"https:\/\/madeiralovers.com\/wp-content\/uploads\/2024\/01\/voiture-madere.png\" alt=\"\" class=\"wp-image-228\" srcset=\"https:\/\/madeiralovers.com\/wp-content\/uploads\/2024\/01\/voiture-madere.png 506w, https:\/\/madeiralovers.com\/wp-content\/uploads\/2024\/01\/voiture-madere-300x300.png 300w, https:\/\/madeiralovers.com\/wp-content\/uploads\/2024\/01\/voiture-madere-150x150.png 150w, https:\/\/madeiralovers.com\/wp-content\/uploads\/2024\/01\/voiture-madere-75x75.png 75w\" sizes=\"auto, (max-width: 506px) 100vw, 506px\" \/><\/figure>\n<\/div>\n\n\n\n<div class=\"wp-block-column is-vertically-aligned-center is-layout-flow wp-block-column-is-layout-flow\" style=\"flex-basis:90%\">\n<p class=\"wp-block-paragraph\">Oplev gode tilbud p\u00e5 vores foretrukne biludlejningsplatform: <a href=\"https:\/\/www.discovercars.com\/dk\/portugal\/madeira?a_aid=zigzag&amp;chan=madeira\" target=\"_blank\" rel=\"noreferrer noopener sponsored nofollow\">DiscoverCars<\/a><\/p>\n<\/div>\n<\/div>\n<\/div><\/div><\/div>\n\n<h2 class=\"wp-block-heading\">Bes\u00f8g i Camara: nyttige tips<\/h2>\n\n<h3 class=\"wp-block-heading\">Hvor l\u00e6nge og hvorn\u00e5r er det bedste tidspunkt<\/h3>\n\n<p class=\"wp-block-paragraph\">Afs\u00e6t mindst en halv dag til at udforske landsbyen.<br\/>Vi anbefaler, at du kommer om morgenen for at undg\u00e5 menneskem\u00e6ngden og for at udnytte de mange restauranter til frokost, inden du tager p\u00e5 andre eventyr.<\/p>\n\n<h3 class=\"wp-block-heading\">Vanskeligheder<\/h3>\n\n<p class=\"wp-block-paragraph\">Havnen og de omkringliggende gader er nemme at udforske.<br\/>Men for at komme til kirken, haven eller stranden g\u00e5r gaderne op og ned, nogle gange ret stejlt. Den er ikke s\u00e6rlig stor, men den er ikke flad l\u00e6ngere.<\/p>\n\n<figure class=\"wp-block-image size-large\"><img decoding=\"async\" src=\"https:\/\/photos.smugmug.com\/Madeira-Lovers\/Camara-de-Lobos\/Town\/i-SrV2j6d\/0\/Cn5GnCqHkVSspCZmkTsxRpC6s8wSMVmXRwNmv7d3N\/L\/camara_dos_Lobos_Madeira-7173064-L.jpg\" alt=\"Skr&#xE5;nende gade i Camara de lobos\"\/><figcaption class=\"wp-element-caption\">Skr\u00e5nende gade<\/figcaption><\/figure>\n\n<h3 class=\"wp-block-heading\">Bes\u00f8g med b\u00f8rn<\/h3>\n\n<p class=\"wp-block-paragraph\">Hvis du bes\u00f8ger stedet med dine b\u00f8rn, vil de elske det:<\/p>\n\n<ul class=\"wp-block-list\">\n<li>Forsegling af maling<\/li>\n\n\n\n<li>farvede b\u00e5de<\/li>\n\n\n\n<li>Haven med sin b\u00e5d i gr\u00e6sset<\/li>\n\n\n\n<li>stranden (selv om det er sm\u00e5sten)<\/li>\n\n\n\n<li>og for st\u00f8rre b\u00f8rn, trykkerimuseet  <\/li>\n<\/ul>\n\n<h3 class=\"wp-block-heading\">Restauranter<\/h3>\n\n<p class=\"wp-block-paragraph\">Der er en r\u00e6kke restauranter i gyderne omkring havnen: grillbarer, tavernaer og fiskerestauranter.<br\/>I betragtning af stedets historie anbefaler vi kraftigt, at du pr\u00f8ver fiskeretterne, for eksempel: Vila do Peixe, p\u00e5 landsbyens h\u00f8jder med masser af udvalg af frisk fisk.<\/p>\n\n<div style=\"margin-top:8%;margin-bottom:8%\" class=\"wp-block-genesis-blocks-gb-container box gb-block-container\"><div class=\"gb-container-inside\"><div class=\"gb-container-content\" style=\"max-width:700px\">\n<div class=\"wp-block-genesis-blocks-gb-container box_titre gb-block-container\"><div class=\"gb-container-inside\"><div class=\"gb-container-content\">\n<h5 class=\"titre_box\">PLANL\u00c6G DIT OPHOLD P\u00c5 <span class=\"titre_box_manuscrit\">Madeira<\/span><\/h5>\n<\/div><\/div><\/div>\n\n\n\n<hr class=\"wp-block-separator has-text-color has-alpha-channel-opacity has-background is-style-wide hr-box-planif\" style=\"background-color:#ccd3dd;color:#ccd3dd\"\/>\n\n\n\n<div class=\"wp-block-columns box_sans_border is-layout-flex wp-container-core-columns-is-layout-8f761849 wp-block-columns-is-layout-flex\">\n<div class=\"wp-block-column texte_planif is-layout-flow wp-block-column-is-layout-flow\" style=\"font-size:14px;flex-basis:60%\">\n<p class=\"option_titre2 wp-block-paragraph\"><strong>Best-of<\/strong><\/p>\n\n\n\n<p class=\"wp-block-paragraph\" style=\"font-size:16px\"><a href=\"https:\/\/madeiralovers.com\/da\/sevaerdigheder-madeira\/\">Sev\u00e6rdigheder p\u00e5 Madeira<\/a><br\/><a href=\"https:\/\/madeiralovers.com\/da\/smukkeste-udsigtspunkter-madeira-miradouros\/\" target=\"_blank\" rel=\"noreferrer noopener\">De smukkeste udsigtspunkter<\/a><br\/><a href=\"https:\/\/madeiralovers.com\/da\/bedste-strande-madeira\/\" target=\"_blank\" rel=\"noreferrer noopener\">Madeiras smukkeste strande<\/a><br\/><a href=\"https:\/\/madeiralovers.com\/da\/bedste-haver-madeira\/\" target=\"_blank\" rel=\"noreferrer noopener\">De smukkeste haver<\/a><br\/><a href=\"https:\/\/madeiralovers.com\/da\/naturlige-pools-madeira\/\" target=\"_blank\" rel=\"noreferrer noopener\">Naturlige bassiner<\/a><br\/><a href=\"https:\/\/madeiralovers.com\/da\/bedste-vandreture-madeira-gature\/\" target=\"_blank\" rel=\"noreferrer noopener\">De bedste g\u00e5ture<\/a><br\/><a href=\"https:\/\/madeiralovers.com\/da\/mukkeste-veje-madeira\/\" target=\"_blank\" rel=\"noreferrer noopener\">De smukkeste veje<\/a><br\/><a href=\"https:\/\/madeiralovers.com\/da\/hemmelige-steder-madeira-skjulte-perler\/\" target=\"_blank\" rel=\"noreferrer noopener\">Hemmelige steder<\/a><\/p>\n<\/div>\n\n\n\n<div class=\"wp-block-column is-vertically-aligned-top planif-radius is-layout-flow wp-block-column-is-layout-flow\" style=\"flex-basis:40%\">\n<figure class=\"wp-block-image size-large img-portrait\"><img decoding=\"async\" src=\"https:\/\/photos.smugmug.com\/Travel\/Madeira\/13d-Rocha-do-Navio\/i-T3f6J48\/2\/d3DHMbHtwPMz7Tj9qDPmRxGpbxx5RBRCr4LrPp2c\/S\/Roacha_do_Navio_cable_car_Madeira-7241164-S.jpg\" alt=\"Navia Rock\" title=\"\"\/><\/figure>\n<\/div>\n<\/div>\n\n\n\n<hr class=\"wp-block-separator has-text-color has-alpha-channel-opacity has-background is-style-wide hr-box-planif\" style=\"background-color:#ccd3dd;color:#ccd3dd\"\/>\n\n\n\n<div class=\"wp-block-columns box_sans_border is-layout-flex wp-container-core-columns-is-layout-8f761849 wp-block-columns-is-layout-flex\">\n<div class=\"wp-block-column texte_planif is-layout-flow wp-block-column-is-layout-flow\" style=\"font-size:14px;flex-basis:60%\">\n<p class=\"option_titre wp-block-paragraph\"><strong>Praktiske r\u00e5d<\/strong><\/p>\n\n\n\n<p class=\"wp-block-paragraph\" style=\"font-size:16px\"><a href=\"https:\/\/madeiralovers.com\/da\/at-komme-rundt-madeira-transport\/\" target=\"_blank\" rel=\"noreferrer noopener\">S\u00e5dan kommer du rundt p\u00e5 Madeira<\/a><br\/><a href=\"https:\/\/madeiralovers.com\/da\/sadan-lejer-bil-madeira-tips-erfaring\/\" target=\"_blank\" rel=\"noreferrer noopener\">Lej en bil p\u00e5 Madeira<\/a><br\/><a href=\"https:\/\/madeiralovers.com\/da\/korsel-madeira-tips\/\" target=\"_blank\" rel=\"noreferrer noopener\">K\u00f8rsel p\u00e5 Madeira<\/a><\/p>\n\n\n\n<p class=\"wp-block-paragraph\" style=\"font-size:16px\"><a href=\"https:\/\/madeiralovers.com\/da\/hvor-skal-bo-madeira-bedste-omrader\/\" target=\"_blank\" rel=\"noreferrer noopener\">Hvor skal man bo p\u00e5 Madeira?<\/a><\/p>\n\n\n\n<p class=\"wp-block-paragraph\" style=\"font-size:16px\">Rejseruter: 3 dage &#8211; 4 dage &#8211; <a href=\"https:\/\/madeiralovers.com\/da\/besog-madeira-5-dage-rejseplaner\/\" target=\"_blank\" rel=\"noreferrer noopener\">5 dage<\/a> &#8211; <a href=\"https:\/\/madeiralovers.com\/da\/besog-madeira-6-dage-rejseplaner\/\" target=\"_blank\" rel=\"noreferrer noopener\">6<\/a> <a href=\"https:\/\/madeiralovers.com\/da\/besog-madeira-5-dage-rejseplaner\/\" target=\"_blank\" rel=\"noreferrer noopener\">dage<\/a> &#8211; <a href=\"https:\/\/madeiralovers.com\/da\/besog-madeira-en-uge-rejseplan\/\" target=\"_blank\" rel=\"noreferrer noopener\">7 dage<\/a> &#8211; <a href=\"https:\/\/madeiralovers.com\/da\/besog-madeira-10-dage-rejseplaner\/\" target=\"_blank\" rel=\"noreferrer noopener\">10<\/a> <a href=\"https:\/\/madeiralovers.com\/da\/besog-madeira-en-uge-rejseplan\/\" target=\"_blank\" rel=\"noreferrer noopener\">dage<\/a> <\/p>\n<\/div>\n\n\n\n<div class=\"wp-block-column is-vertically-aligned-top planif-radius is-layout-flow wp-block-column-is-layout-flow\" style=\"flex-basis:40%\">\n<figure class=\"wp-block-image size-large img-portrait\"><img decoding=\"async\" src=\"https:\/\/photos.smugmug.com\/Travel\/Madeira\/Driving\/i-xNmkb72\/2\/DF578h2B7Q6RbR84FZXN5v8D7vg6nLZ9dzBdrJ2rZ\/S\/driving_Madeira-7241434-S.jpg\" alt=\"K&#xF8;rsel p&#xE5; Madeira\" title=\"\"\/><\/figure>\n<\/div>\n<\/div>\n\n\n\n<hr class=\"wp-block-separator has-text-color has-alpha-channel-opacity has-background is-style-wide hr-box-planif\" style=\"background-color:#ccd3dd;color:#ccd3dd\"\/>\n\n\n\n<div class=\"wp-block-columns box_sans_border is-layout-flex wp-container-core-columns-is-layout-8f761849 wp-block-columns-is-layout-flex\">\n<div class=\"wp-block-column texte_planif is-layout-flow wp-block-column-is-layout-flow\" style=\"font-size:14px;flex-basis:60%\">\n<p class=\"option_titre wp-block-paragraph\"><strong>Steder, du ikke m\u00e5 g\u00e5 glip af<\/strong><\/p>\n\n\n\n<p class=\"wp-block-paragraph\" style=\"font-size:16px\"><a href=\"https:\/\/madeiralovers.com\/da\/delfinspotting-madeira-baleiner-udflugter\/\" target=\"_blank\" rel=\"noreferrer noopener\">Delfin-safari<\/a><br\/><a href=\"https:\/\/madeiralovers.com\/da\/sevaerdigheder-funchal-besog\/\" target=\"_blank\" rel=\"noreferrer noopener\">Sev\u00e6rdigheder i Funchal?<\/a><br\/><a href=\"https:\/\/madeiralovers.com\/da\/bezienswaardigheden-camara-de-lobos-madeira-bezoeken\/\" target=\"_blank\" rel=\"noreferrer noopener\">Camara de Lobos<\/a><br\/><a href=\"https:\/\/madeiralovers.com\/da\/sevaerdigheder-ponta-do-sol-besog\/\" target=\"_blank\" rel=\"noreferrer noopener\">Ponta do Sol<\/a><br\/><a href=\"https:\/\/madeiralovers.com\/da\/sevaerdigheder-santana-madeira-besog\/\">Santana<\/a><br\/><a href=\"https:\/\/madeiralovers.com\/da\/sevaerdigheder-pico-do-arieiro-madeira\/\" target=\"_blank\" rel=\"noreferrer noopener\">Pico do Arieiro<\/a><br\/><a href=\"https:\/\/madeiralovers.com\/da\/sevaerdigheder-santo-porto-besog\/\" target=\"_blank\" rel=\"noreferrer noopener\">Porto Santo sev\u00e6rdigheder<\/a><\/p>\n<\/div>\n\n\n\n<div class=\"wp-block-column is-vertically-aligned-top planif-radius is-layout-flow wp-block-column-is-layout-flow\" style=\"flex-basis:40%\">\n<figure class=\"wp-block-image size-large img-portrait\"><img decoding=\"async\" src=\"https:\/\/photos.smugmug.com\/Travel\/Madeira\/6c-Camara-dos-Lobos\/i-zH7D8Tv\/2\/DpttrQSghWXj2DKMm3VHbFkhFMLsTFhS37sRFTxNz\/S\/camara_dos_Lobos_Madeira-7173015-S.jpg\" alt=\"Camara de Lobos\" title=\"\"\/><\/figure>\n<\/div>\n<\/div>\n<\/div><\/div><\/div>\n\n<div class=\"wp-block-genesis-blocks-gb-container box_auteur_voyage gb-block-container\"><div class=\"gb-container-inside\"><div class=\"gb-container-content\">\n<figure class=\"wp-block-image size-large img_auteur_voyage\"><a href=\"https:\/\/madeiralovers.com\/da\/claire-robinson\/\" target=\"_blank\" rel=\"noreferrer noopener\"><img decoding=\"async\" src=\"https:\/\/photos.smugmug.com\/Madeira-Lovers\/Portraits-equipe\/i-WCb99j5\/0\/2d0b98a0\/L\/regionlovers-3-L.jpg\" alt=\"\"\/><\/a><\/figure>\n\n\n\n<h5 class=\"titre_auteur_voyage\"><span>HUN TOG TUREN OG SKREV ARTIKLEN \n <\/span><span class=\"titre_box_manuscrit\">Claire<\/span><\/h5>\n<\/div><\/div><\/div>\n","protected":false},"excerpt":{"rendered":"<p>Camara de Lobos ligger i en malerisk bugt og er en charmerende fiskerby p\u00e5 Madeira. De farverige huse, brostensbelagte gader og traditionelle b\u00e5de giver en autentisk stemning.Her er vores guide til de steder, du skal se i Camara de Lobos, og nogle nyttige tips til at planl\u00e6gge dit bes\u00f8g. Er byen Camara de Lobos et [&hellip;]<\/p>\n","protected":false},"author":2,"featured_media":1956,"comment_status":"closed","ping_status":"closed","sticky":false,"template":"","format":"standard","meta":{"_genesis_hide_title":false,"_genesis_hide_breadcrumbs":false,"_genesis_hide_singular_image":false,"_genesis_hide_footer_widgets":false,"_genesis_custom_body_class":"","_genesis_custom_post_class":"","_genesis_layout":"","footnotes":""},"categories":[116],"tags":[],"class_list":["post-2709","post","type-post","status-publish","format-standard","has-post-thumbnail","category-sydkysten","entry"],"yoast_head":"<!-- This site is optimized with the Yoast SEO plugin v28.3 - https:\/\/yoast.com\/product\/yoast-seo-wordpress\/ -->\n<title>12 sev\u00e6rdigheder i Camara de Lobos (Madeira): tips + fotos<\/title>\n<meta name=\"description\" content=\"Vores guide til at planl\u00e6gge dit bes\u00f8g i Camara de Lobos (Madeira): adgang, sev\u00e6rdigheder og praktiske r\u00e5d\" \/>\n<meta name=\"robots\" content=\"index, follow, max-snippet:-1, max-image-preview:large, max-video-preview:-1\" \/>\n<link rel=\"canonical\" href=\"https:\/\/madeiralovers.com\/da\/bezienswaardigheden-camara-de-lobos-madeira-bezoeken\/\" \/>\n<meta property=\"og:locale\" content=\"da_DK\" \/>\n<meta property=\"og:type\" content=\"article\" \/>\n<meta property=\"og:title\" content=\"12 sev\u00e6rdigheder i Camara de Lobos (Madeira): tips + fotos\" \/>\n<meta property=\"og:description\" content=\"Vores guide til at planl\u00e6gge dit bes\u00f8g i Camara de Lobos (Madeira): adgang, sev\u00e6rdigheder og praktiske r\u00e5d\" \/>\n<meta property=\"og:url\" content=\"https:\/\/madeiralovers.com\/da\/bezienswaardigheden-camara-de-lobos-madeira-bezoeken\/\" \/>\n<meta property=\"og:site_name\" content=\"Madeira Lovers\" \/>\n<meta property=\"article:published_time\" content=\"2024-06-08T10:54:54+00:00\" \/>\n<meta property=\"article:modified_time\" content=\"2026-03-31T14:37:46+00:00\" \/>\n<meta property=\"og:image\" content=\"https:\/\/madeiralovers.com\/wp-content\/uploads\/2024\/05\/sevaerdigheder-Camara-de-lobos-Madeira-besog.jpeg\" \/>\n\t<meta property=\"og:image:width\" content=\"800\" \/>\n\t<meta property=\"og:image:height\" content=\"600\" \/>\n\t<meta property=\"og:image:type\" content=\"image\/jpeg\" \/>\n<meta name=\"author\" content=\"Claire ROBINSON\" \/>\n<meta name=\"twitter:card\" content=\"summary_large_image\" \/>\n<meta name=\"twitter:label1\" content=\"Skrevet af\" \/>\n\t<meta name=\"twitter:data1\" content=\"Claire ROBINSON\" \/>\n\t<meta name=\"twitter:label2\" content=\"Estimeret l\u00e6setid\" \/>\n\t<meta name=\"twitter:data2\" content=\"11 minutter\" \/>\n<script type=\"application\/ld+json\" class=\"yoast-schema-graph\">{\"@context\":\"https:\\\/\\\/schema.org\",\"@graph\":[{\"@type\":\"Article\",\"@id\":\"https:\\\/\\\/madeiralovers.com\\\/da\\\/bezienswaardigheden-camara-de-lobos-madeira-bezoeken\\\/#article\",\"isPartOf\":{\"@id\":\"https:\\\/\\\/madeiralovers.com\\\/da\\\/bezienswaardigheden-camara-de-lobos-madeira-bezoeken\\\/\"},\"author\":{\"name\":\"Claire ROBINSON\",\"@id\":\"https:\\\/\\\/madeiralovers.com\\\/da\\\/#\\\/schema\\\/person\\\/714bf48f891f34f544b1808122c3dd35\"},\"headline\":\"12 sev\u00e6rdigheder i Camara de Lobos (Madeira): tips + fotos\",\"datePublished\":\"2024-06-08T10:54:54+00:00\",\"dateModified\":\"2026-03-31T14:37:46+00:00\",\"mainEntityOfPage\":{\"@id\":\"https:\\\/\\\/madeiralovers.com\\\/da\\\/bezienswaardigheden-camara-de-lobos-madeira-bezoeken\\\/\"},\"wordCount\":2294,\"publisher\":{\"@id\":\"https:\\\/\\\/madeiralovers.com\\\/da\\\/#organization\"},\"image\":{\"@id\":\"https:\\\/\\\/madeiralovers.com\\\/da\\\/bezienswaardigheden-camara-de-lobos-madeira-bezoeken\\\/#primaryimage\"},\"thumbnailUrl\":\"https:\\\/\\\/madeiralovers.com\\\/wp-content\\\/uploads\\\/2024\\\/05\\\/sevaerdigheder-Camara-de-lobos-Madeira-besog.jpeg\",\"articleSection\":[\"Sydkysten\"],\"inLanguage\":\"da-DK\"},{\"@type\":\"WebPage\",\"@id\":\"https:\\\/\\\/madeiralovers.com\\\/da\\\/bezienswaardigheden-camara-de-lobos-madeira-bezoeken\\\/\",\"url\":\"https:\\\/\\\/madeiralovers.com\\\/da\\\/bezienswaardigheden-camara-de-lobos-madeira-bezoeken\\\/\",\"name\":\"12 sev\u00e6rdigheder i Camara de Lobos (Madeira): tips + fotos\",\"isPartOf\":{\"@id\":\"https:\\\/\\\/madeiralovers.com\\\/da\\\/#website\"},\"primaryImageOfPage\":{\"@id\":\"https:\\\/\\\/madeiralovers.com\\\/da\\\/bezienswaardigheden-camara-de-lobos-madeira-bezoeken\\\/#primaryimage\"},\"image\":{\"@id\":\"https:\\\/\\\/madeiralovers.com\\\/da\\\/bezienswaardigheden-camara-de-lobos-madeira-bezoeken\\\/#primaryimage\"},\"thumbnailUrl\":\"https:\\\/\\\/madeiralovers.com\\\/wp-content\\\/uploads\\\/2024\\\/05\\\/sevaerdigheder-Camara-de-lobos-Madeira-besog.jpeg\",\"datePublished\":\"2024-06-08T10:54:54+00:00\",\"dateModified\":\"2026-03-31T14:37:46+00:00\",\"description\":\"Vores guide til at planl\u00e6gge dit bes\u00f8g i Camara de Lobos (Madeira): adgang, sev\u00e6rdigheder og praktiske r\u00e5d\",\"breadcrumb\":{\"@id\":\"https:\\\/\\\/madeiralovers.com\\\/da\\\/bezienswaardigheden-camara-de-lobos-madeira-bezoeken\\\/#breadcrumb\"},\"inLanguage\":\"da-DK\",\"potentialAction\":[{\"@type\":\"ReadAction\",\"target\":[\"https:\\\/\\\/madeiralovers.com\\\/da\\\/bezienswaardigheden-camara-de-lobos-madeira-bezoeken\\\/\"]}]},{\"@type\":\"ImageObject\",\"inLanguage\":\"da-DK\",\"@id\":\"https:\\\/\\\/madeiralovers.com\\\/da\\\/bezienswaardigheden-camara-de-lobos-madeira-bezoeken\\\/#primaryimage\",\"url\":\"https:\\\/\\\/madeiralovers.com\\\/wp-content\\\/uploads\\\/2024\\\/05\\\/sevaerdigheder-Camara-de-lobos-Madeira-besog.jpeg\",\"contentUrl\":\"https:\\\/\\\/madeiralovers.com\\\/wp-content\\\/uploads\\\/2024\\\/05\\\/sevaerdigheder-Camara-de-lobos-Madeira-besog.jpeg\",\"width\":800,\"height\":600,\"caption\":\"sevaerdigheder Camara de lobos Madeira besog\"},{\"@type\":\"BreadcrumbList\",\"@id\":\"https:\\\/\\\/madeiralovers.com\\\/da\\\/bezienswaardigheden-camara-de-lobos-madeira-bezoeken\\\/#breadcrumb\",\"itemListElement\":[{\"@type\":\"ListItem\",\"position\":1,\"name\":\"Hjem\",\"item\":\"https:\\\/\\\/madeiralovers.com\\\/da\\\/\"},{\"@type\":\"ListItem\",\"position\":2,\"name\":\"Sydkysten\",\"item\":\"https:\\\/\\\/madeiralovers.com\\\/da\\\/sydkysten\\\/\"},{\"@type\":\"ListItem\",\"position\":3,\"name\":\"12 sev\u00e6rdigheder i Camara de Lobos (Madeira): tips + fotos\"}]},{\"@type\":\"WebSite\",\"@id\":\"https:\\\/\\\/madeiralovers.com\\\/da\\\/#website\",\"url\":\"https:\\\/\\\/madeiralovers.com\\\/da\\\/\",\"name\":\"Madeira Lovers\",\"description\":\"Pour r\u00e9veiller vos sens \u00e0 Mad\u00e8re\",\"publisher\":{\"@id\":\"https:\\\/\\\/madeiralovers.com\\\/da\\\/#organization\"},\"potentialAction\":[{\"@type\":\"SearchAction\",\"target\":{\"@type\":\"EntryPoint\",\"urlTemplate\":\"https:\\\/\\\/madeiralovers.com\\\/da\\\/?s={search_term_string}\"},\"query-input\":{\"@type\":\"PropertyValueSpecification\",\"valueRequired\":true,\"valueName\":\"search_term_string\"}}],\"inLanguage\":\"da-DK\"},{\"@type\":\"Organization\",\"@id\":\"https:\\\/\\\/madeiralovers.com\\\/da\\\/#organization\",\"name\":\"Madeira Lovers\",\"url\":\"https:\\\/\\\/madeiralovers.com\\\/da\\\/\",\"logo\":{\"@type\":\"ImageObject\",\"inLanguage\":\"da-DK\",\"@id\":\"https:\\\/\\\/madeiralovers.com\\\/da\\\/#\\\/schema\\\/logo\\\/image\\\/\",\"url\":\"https:\\\/\\\/madeiralovers.com\\\/wp-content\\\/uploads\\\/2024\\\/05\\\/cropped-Madeira-Lovers-Logos.png\",\"contentUrl\":\"https:\\\/\\\/madeiralovers.com\\\/wp-content\\\/uploads\\\/2024\\\/05\\\/cropped-Madeira-Lovers-Logos.png\",\"width\":2500,\"height\":554,\"caption\":\"Madeira Lovers\"},\"image\":{\"@id\":\"https:\\\/\\\/madeiralovers.com\\\/da\\\/#\\\/schema\\\/logo\\\/image\\\/\"}},{\"@type\":\"Person\",\"@id\":\"https:\\\/\\\/madeiralovers.com\\\/da\\\/#\\\/schema\\\/person\\\/714bf48f891f34f544b1808122c3dd35\",\"name\":\"Claire ROBINSON\",\"image\":{\"@type\":\"ImageObject\",\"inLanguage\":\"da-DK\",\"@id\":\"https:\\\/\\\/secure.gravatar.com\\\/avatar\\\/e3566233826c32de8d7c9ef726a1087654b12cadb092acc17ee1d357687192ff?s=96&d=mm&r=g\",\"url\":\"https:\\\/\\\/secure.gravatar.com\\\/avatar\\\/e3566233826c32de8d7c9ef726a1087654b12cadb092acc17ee1d357687192ff?s=96&d=mm&r=g\",\"contentUrl\":\"https:\\\/\\\/secure.gravatar.com\\\/avatar\\\/e3566233826c32de8d7c9ef726a1087654b12cadb092acc17ee1d357687192ff?s=96&d=mm&r=g\",\"caption\":\"Claire ROBINSON\"},\"sameAs\":[\"https:\\\/\\\/madeiralovers.com\\\/claire-robinson\\\/\"],\"url\":\"https:\\\/\\\/madeiralovers.com\\\/da\\\/author\\\/claire-robinson\\\/\"}]}<\/script>\n<!-- \/ Yoast SEO plugin. -->","yoast_head_json":{"title":"12 sev\u00e6rdigheder i Camara de Lobos (Madeira): tips + fotos","description":"Vores guide til at planl\u00e6gge dit bes\u00f8g i Camara de Lobos (Madeira): adgang, sev\u00e6rdigheder og praktiske r\u00e5d","robots":{"index":"index","follow":"follow","max-snippet":"max-snippet:-1","max-image-preview":"max-image-preview:large","max-video-preview":"max-video-preview:-1"},"canonical":"https:\/\/madeiralovers.com\/da\/bezienswaardigheden-camara-de-lobos-madeira-bezoeken\/","og_locale":"da_DK","og_type":"article","og_title":"12 sev\u00e6rdigheder i Camara de Lobos (Madeira): tips + fotos","og_description":"Vores guide til at planl\u00e6gge dit bes\u00f8g i Camara de Lobos (Madeira): adgang, sev\u00e6rdigheder og praktiske r\u00e5d","og_url":"https:\/\/madeiralovers.com\/da\/bezienswaardigheden-camara-de-lobos-madeira-bezoeken\/","og_site_name":"Madeira Lovers","article_published_time":"2024-06-08T10:54:54+00:00","article_modified_time":"2026-03-31T14:37:46+00:00","og_image":[{"width":800,"height":600,"url":"https:\/\/madeiralovers.com\/wp-content\/uploads\/2024\/05\/sevaerdigheder-Camara-de-lobos-Madeira-besog.jpeg","type":"image\/jpeg"}],"author":"Claire ROBINSON","twitter_card":"summary_large_image","twitter_misc":{"Skrevet af":"Claire ROBINSON","Estimeret l\u00e6setid":"11 minutter"},"schema":{"@context":"https:\/\/schema.org","@graph":[{"@type":"Article","@id":"https:\/\/madeiralovers.com\/da\/bezienswaardigheden-camara-de-lobos-madeira-bezoeken\/#article","isPartOf":{"@id":"https:\/\/madeiralovers.com\/da\/bezienswaardigheden-camara-de-lobos-madeira-bezoeken\/"},"author":{"name":"Claire ROBINSON","@id":"https:\/\/madeiralovers.com\/da\/#\/schema\/person\/714bf48f891f34f544b1808122c3dd35"},"headline":"12 sev\u00e6rdigheder i Camara de Lobos (Madeira): tips + fotos","datePublished":"2024-06-08T10:54:54+00:00","dateModified":"2026-03-31T14:37:46+00:00","mainEntityOfPage":{"@id":"https:\/\/madeiralovers.com\/da\/bezienswaardigheden-camara-de-lobos-madeira-bezoeken\/"},"wordCount":2294,"publisher":{"@id":"https:\/\/madeiralovers.com\/da\/#organization"},"image":{"@id":"https:\/\/madeiralovers.com\/da\/bezienswaardigheden-camara-de-lobos-madeira-bezoeken\/#primaryimage"},"thumbnailUrl":"https:\/\/madeiralovers.com\/wp-content\/uploads\/2024\/05\/sevaerdigheder-Camara-de-lobos-Madeira-besog.jpeg","articleSection":["Sydkysten"],"inLanguage":"da-DK"},{"@type":"WebPage","@id":"https:\/\/madeiralovers.com\/da\/bezienswaardigheden-camara-de-lobos-madeira-bezoeken\/","url":"https:\/\/madeiralovers.com\/da\/bezienswaardigheden-camara-de-lobos-madeira-bezoeken\/","name":"12 sev\u00e6rdigheder i Camara de Lobos (Madeira): tips + fotos","isPartOf":{"@id":"https:\/\/madeiralovers.com\/da\/#website"},"primaryImageOfPage":{"@id":"https:\/\/madeiralovers.com\/da\/bezienswaardigheden-camara-de-lobos-madeira-bezoeken\/#primaryimage"},"image":{"@id":"https:\/\/madeiralovers.com\/da\/bezienswaardigheden-camara-de-lobos-madeira-bezoeken\/#primaryimage"},"thumbnailUrl":"https:\/\/madeiralovers.com\/wp-content\/uploads\/2024\/05\/sevaerdigheder-Camara-de-lobos-Madeira-besog.jpeg","datePublished":"2024-06-08T10:54:54+00:00","dateModified":"2026-03-31T14:37:46+00:00","description":"Vores guide til at planl\u00e6gge dit bes\u00f8g i Camara de Lobos (Madeira): adgang, sev\u00e6rdigheder og praktiske r\u00e5d","breadcrumb":{"@id":"https:\/\/madeiralovers.com\/da\/bezienswaardigheden-camara-de-lobos-madeira-bezoeken\/#breadcrumb"},"inLanguage":"da-DK","potentialAction":[{"@type":"ReadAction","target":["https:\/\/madeiralovers.com\/da\/bezienswaardigheden-camara-de-lobos-madeira-bezoeken\/"]}]},{"@type":"ImageObject","inLanguage":"da-DK","@id":"https:\/\/madeiralovers.com\/da\/bezienswaardigheden-camara-de-lobos-madeira-bezoeken\/#primaryimage","url":"https:\/\/madeiralovers.com\/wp-content\/uploads\/2024\/05\/sevaerdigheder-Camara-de-lobos-Madeira-besog.jpeg","contentUrl":"https:\/\/madeiralovers.com\/wp-content\/uploads\/2024\/05\/sevaerdigheder-Camara-de-lobos-Madeira-besog.jpeg","width":800,"height":600,"caption":"sevaerdigheder Camara de lobos Madeira besog"},{"@type":"BreadcrumbList","@id":"https:\/\/madeiralovers.com\/da\/bezienswaardigheden-camara-de-lobos-madeira-bezoeken\/#breadcrumb","itemListElement":[{"@type":"ListItem","position":1,"name":"Hjem","item":"https:\/\/madeiralovers.com\/da\/"},{"@type":"ListItem","position":2,"name":"Sydkysten","item":"https:\/\/madeiralovers.com\/da\/sydkysten\/"},{"@type":"ListItem","position":3,"name":"12 sev\u00e6rdigheder i Camara de Lobos (Madeira): tips + fotos"}]},{"@type":"WebSite","@id":"https:\/\/madeiralovers.com\/da\/#website","url":"https:\/\/madeiralovers.com\/da\/","name":"Madeira Lovers","description":"Pour r\u00e9veiller vos sens \u00e0 Mad\u00e8re","publisher":{"@id":"https:\/\/madeiralovers.com\/da\/#organization"},"potentialAction":[{"@type":"SearchAction","target":{"@type":"EntryPoint","urlTemplate":"https:\/\/madeiralovers.com\/da\/?s={search_term_string}"},"query-input":{"@type":"PropertyValueSpecification","valueRequired":true,"valueName":"search_term_string"}}],"inLanguage":"da-DK"},{"@type":"Organization","@id":"https:\/\/madeiralovers.com\/da\/#organization","name":"Madeira Lovers","url":"https:\/\/madeiralovers.com\/da\/","logo":{"@type":"ImageObject","inLanguage":"da-DK","@id":"https:\/\/madeiralovers.com\/da\/#\/schema\/logo\/image\/","url":"https:\/\/madeiralovers.com\/wp-content\/uploads\/2024\/05\/cropped-Madeira-Lovers-Logos.png","contentUrl":"https:\/\/madeiralovers.com\/wp-content\/uploads\/2024\/05\/cropped-Madeira-Lovers-Logos.png","width":2500,"height":554,"caption":"Madeira Lovers"},"image":{"@id":"https:\/\/madeiralovers.com\/da\/#\/schema\/logo\/image\/"}},{"@type":"Person","@id":"https:\/\/madeiralovers.com\/da\/#\/schema\/person\/714bf48f891f34f544b1808122c3dd35","name":"Claire ROBINSON","image":{"@type":"ImageObject","inLanguage":"da-DK","@id":"https:\/\/secure.gravatar.com\/avatar\/e3566233826c32de8d7c9ef726a1087654b12cadb092acc17ee1d357687192ff?s=96&d=mm&r=g","url":"https:\/\/secure.gravatar.com\/avatar\/e3566233826c32de8d7c9ef726a1087654b12cadb092acc17ee1d357687192ff?s=96&d=mm&r=g","contentUrl":"https:\/\/secure.gravatar.com\/avatar\/e3566233826c32de8d7c9ef726a1087654b12cadb092acc17ee1d357687192ff?s=96&d=mm&r=g","caption":"Claire ROBINSON"},"sameAs":["https:\/\/madeiralovers.com\/claire-robinson\/"],"url":"https:\/\/madeiralovers.com\/da\/author\/claire-robinson\/"}]}},"featured_image_src":"https:\/\/madeiralovers.com\/wp-content\/uploads\/2024\/05\/sevaerdigheder-Camara-de-lobos-Madeira-besog-600x400.jpeg","featured_image_src_square":"https:\/\/madeiralovers.com\/wp-content\/uploads\/2024\/05\/sevaerdigheder-Camara-de-lobos-Madeira-besog-600x600.jpeg","author_info":{"display_name":"Claire ROBINSON","author_link":"https:\/\/madeiralovers.com\/da\/author\/claire-robinson\/"},"_links":{"self":[{"href":"https:\/\/madeiralovers.com\/da\/wp-json\/wp\/v2\/posts\/2709","targetHints":{"allow":["GET"]}}],"collection":[{"href":"https:\/\/madeiralovers.com\/da\/wp-json\/wp\/v2\/posts"}],"about":[{"href":"https:\/\/madeiralovers.com\/da\/wp-json\/wp\/v2\/types\/post"}],"author":[{"embeddable":true,"href":"https:\/\/madeiralovers.com\/da\/wp-json\/wp\/v2\/users\/2"}],"replies":[{"embeddable":true,"href":"https:\/\/madeiralovers.com\/da\/wp-json\/wp\/v2\/comments?post=2709"}],"version-history":[{"count":0,"href":"https:\/\/madeiralovers.com\/da\/wp-json\/wp\/v2\/posts\/2709\/revisions"}],"wp:featuredmedia":[{"embeddable":true,"href":"https:\/\/madeiralovers.com\/da\/wp-json\/wp\/v2\/media\/1956"}],"wp:attachment":[{"href":"https:\/\/madeiralovers.com\/da\/wp-json\/wp\/v2\/media?parent=2709"}],"wp:term":[{"taxonomy":"category","embeddable":true,"href":"https:\/\/madeiralovers.com\/da\/wp-json\/wp\/v2\/categories?post=2709"},{"taxonomy":"post_tag","embeddable":true,"href":"https:\/\/madeiralovers.com\/da\/wp-json\/wp\/v2\/tags?post=2709"}],"curies":[{"name":"wp","href":"https:\/\/api.w.org\/{rel}","templated":true}]}}